{"id":1026255,"date":"2019-05-05T20:03:17","date_gmt":"2019-05-05T20:03:17","guid":{"rendered":"https:\/\/www.eldigitaldeasturias.com\/noticias\/?p=1026255"},"modified":"2019-05-05T20:03:17","modified_gmt":"2019-05-05T20:03:17","slug":"beckenbauer-estoy-mejor-de-salud-me-siento-muy-satisfecho","status":"publish","type":"post","link":"https:\/\/www.eldigitaldeasturias.com\/noticias\/beckenbauer-estoy-mejor-de-salud-me-siento-muy-satisfecho\/","title":{"rendered":"Beckenbauer: \u00abEstoy mejor de salud, me siento muy satisfecho\u00bb"},"content":{"rendered":"<p><img loading=\"lazy\" decoding=\"async\" class=\"alignleft size-medium wp-image-1026256\" src=\"https:\/\/www.eldigitaldeasturias.com\/noticias\/wp-content\/uploads\/2019\/05\/Beckenbauer-260x320.jpg\" alt=\"\" width=\"260\" height=\"320\" srcset=\"https:\/\/www.eldigitaldeasturias.com\/noticias\/wp-content\/uploads\/2019\/05\/Beckenbauer-260x320.jpg 260w, https:\/\/www.eldigitaldeasturias.com\/noticias\/wp-content\/uploads\/2019\/05\/Beckenbauer-389x480.jpg 389w, https:\/\/www.eldigitaldeasturias.com\/noticias\/wp-content\/uploads\/2019\/05\/Beckenbauer.jpg 464w\" sizes=\"auto, (max-width: 260px) 100vw, 260px\" \/>M\u00fanich, 5 may (dpa) &#8211; La legendaria estrella del f\u00fatbol alem\u00e1n Franz Beckenbauer, quien tuvo que lidiar con problemas de salud, se encuentra bien, seg\u00fan indic\u00f3 el \u00abKaiser\u00bb en declaraciones al dominical \u00abWelt am Sonntag\u00bb.<\/p>\n<p>El peri\u00f3dico public\u00f3 un cuestionario de diez preguntas formuladas a Beckenbauer por diez ex campeones mundiales alemanes.<\/p>\n<p>El ex futbolista de 73 a\u00f1os se\u00f1al\u00f3 que no est\u00e1 pasando una \u00e9poca \u00abcomo para arrancar \u00e1rboles de cuajo\u00bb. Sin embargo, \u00abestoy mejor, me siento muy satisfecho\u00bb, contest\u00f3 Beckenbauer.<\/p>\n<p>Beckenbauer aparece mucho menos en p\u00fablico en los \u00faltimos tiempos que hace algunos a\u00f1os.<\/p>\n<p>Mario G\u00f6tze, del Borussia Dortmund, pregunt\u00f3 a Beckenbauer c\u00f3mo organiz\u00f3 su vida luego del f\u00fatbol profesional y si tiene alg\u00fan consejo para \u00e9l.<\/p>\n<p>\u00abA un futbolista tan talentoso como t\u00fa s\u00f3lo puedo darle un s\u00f3lo consejo: Contin\u00faa en el f\u00fatbol. No hay nada mejor que el f\u00fatbol\u00bb, respondi\u00f3 el \u00abKaiser\u00bb.<\/p>\n<p>Ya sea como directivo, asesor o experto televisivo, eso es algo que G\u00f6tze tendr\u00e1 que buscar por s\u00ed mismo, continu\u00f3 Beckenbauer.<\/p>\n<p>\u00ab\u00bfO tal vez como entrenador? Pero es muy duro este trabajo, tal vez este sea el puesto m\u00e1s duro de todos. No es para descartarlo, pero hay que saberlo si se quiere seguir este camino\u00bb, agreg\u00f3.<\/p>\n<p>Beckenbauer fue campe\u00f3n mundial como jugador en 1974 y en 1990 como entrenador.<\/p>\n<p><strong><em>Foto: Sven Hoppe\/dpa<\/em><\/strong><\/p>\n","protected":false},"excerpt":{"rendered":"<p>M\u00fanich, 5 may (dpa) &#8211; La legendaria estrella del f\u00fatbol alem\u00e1n Franz Beckenbauer, quien tuvo que lidiar con problemas de salud, se encuentra bien, seg\u00fan indic\u00f3 el \u00abKaiser\u00bb en declaraciones al dominical \u00abWelt am Sonntag\u00bb. El peri\u00f3dico public\u00f3 un cuestionario de diez preguntas formuladas a Beckenbauer por diez ex campeones mundiales alemanes. El ex futbolista [&hellip;]<\/p>\n","protected":false},"author":1,"featured_media":1026256,"comment_status":"closed","ping_status":"closed","sticky":false,"template":"","format":"standard","meta":{"footnotes":""},"categories":[190],"tags":[],"class_list":["post-1026255","post","type-post","status-publish","format-standard","has-post-thumbnail","hentry","category-deportes"],"aioseo_notices":[],"aioseo_head":"\n\t\t<!-- All in One SEO Pro 4.9.6.2 - aioseo.com -->\n\t<meta name=\"description\" content=\"M\u00fanich, 5 may (dpa) - La legendaria estrella del f\u00fatbol alem\u00e1n Franz Beckenbauer, quien tuvo que lidiar con problemas de salud, se encuentra bien, seg\u00fan indic\u00f3 el &quot;Kaiser&quot; en declaraciones al dominical &quot;Welt am Sonntag&quot;. El peri\u00f3dico public\u00f3 un cuestionario de diez preguntas formuladas a Beckenbauer por diez ex campeones mundiales alemanes. El ex futbolista\" \/>\n\t<meta name=\"robots\" content=\"max-image-preview:large\" \/>\n\t<meta name=\"author\" content=\"El Digital de Asturias\"\/>\n\t<meta name=\"google-site-verification\" content=\"UA-38556648-1\" \/>\n\t<meta name=\"msvalidate.01\" content=\"7dfe9f3f1b24437ab69f4f2559babe99\" \/>\n\t<meta name=\"keywords\" content=\"deportes\" \/>\n\t<link rel=\"canonical\" href=\"https:\/\/www.eldigitaldeasturias.com\/noticias\/beckenbauer-estoy-mejor-de-salud-me-siento-muy-satisfecho\/\" \/>\n\t<meta name=\"generator\" content=\"All in One SEO Pro (AIOSEO) 4.9.6.2\" \/>\n\t\t<meta property=\"og:locale\" content=\"es_ES\" \/>\n\t\t<meta property=\"og:site_name\" content=\"El Digital de Asturias\" \/>\n\t\t<meta property=\"og:type\" content=\"article\" \/>\n\t\t<meta property=\"og:title\" content=\"Beckenbauer: \u00abEstoy mejor de salud, me siento muy satisfecho\u00bb - El Digital de Asturias\" \/>\n\t\t<meta property=\"og:description\" content=\"M\u00fanich, 5 may (dpa) - La legendaria estrella del f\u00fatbol alem\u00e1n Franz Beckenbauer, quien tuvo que lidiar con problemas de salud, se encuentra bien, seg\u00fan indic\u00f3 el &quot;Kaiser&quot; en declaraciones al dominical &quot;Welt am Sonntag&quot;. El peri\u00f3dico public\u00f3 un cuestionario de diez preguntas formuladas a Beckenbauer por diez ex campeones mundiales alemanes. El ex futbolista\" \/>\n\t\t<meta property=\"og:url\" content=\"https:\/\/www.eldigitaldeasturias.com\/noticias\/beckenbauer-estoy-mejor-de-salud-me-siento-muy-satisfecho\/\" \/>\n\t\t<meta property=\"og:image\" content=\"https:\/\/www.eldigitaldeasturias.com\/noticias\/wp-content\/uploads\/2019\/05\/Beckenbauer.jpg\" \/>\n\t\t<meta property=\"og:image:secure_url\" content=\"https:\/\/www.eldigitaldeasturias.com\/noticias\/wp-content\/uploads\/2019\/05\/Beckenbauer.jpg\" \/>\n\t\t<meta property=\"og:image:width\" content=\"464\" \/>\n\t\t<meta property=\"og:image:height\" content=\"572\" \/>\n\t\t<meta property=\"article:tag\" content=\"deportes\" \/>\n\t\t<meta property=\"article:published_time\" content=\"2019-05-05T20:03:17+00:00\" \/>\n\t\t<meta property=\"article:modified_time\" content=\"2019-05-05T20:03:17+00:00\" \/>\n\t\t<meta property=\"article:publisher\" content=\"https:\/\/facebook.com\/eldigitaldeasturias\" \/>\n\t\t<meta name=\"twitter:card\" content=\"summary_large_image\" \/>\n\t\t<meta name=\"twitter:title\" content=\"Beckenbauer: \u00abEstoy mejor de salud, me siento muy satisfecho\u00bb - El Digital de Asturias\" \/>\n\t\t<meta name=\"twitter:description\" content=\"M\u00fanich, 5 may (dpa) - La legendaria estrella del f\u00fatbol alem\u00e1n Franz Beckenbauer, quien tuvo que lidiar con problemas de salud, se encuentra bien, seg\u00fan indic\u00f3 el &quot;Kaiser&quot; en declaraciones al dominical &quot;Welt am Sonntag&quot;. El peri\u00f3dico public\u00f3 un cuestionario de diez preguntas formuladas a Beckenbauer por diez ex campeones mundiales alemanes. El ex futbolista\" \/>\n\t\t<meta name=\"twitter:image\" content=\"https:\/\/www.eldigitaldeasturias.com\/noticias\/wp-content\/uploads\/2019\/05\/Beckenbauer.jpg\" \/>\n\t\t<meta name=\"twitter:label1\" content=\"Escrito por\" \/>\n\t\t<meta name=\"twitter:data1\" content=\"El Digital de Asturias\" \/>\n\t\t<meta name=\"twitter:label2\" content=\"Tiempo de lectura estimado\" \/>\n\t\t<meta name=\"twitter:data2\" content=\"1 minuto\" \/>\n\t\t<script type=\"application\/ld+json\" class=\"aioseo-schema\">\n\t\t\t{\"@context\":\"https:\\\/\\\/schema.org\",\"@graph\":[{\"@type\":\"BlogPosting\",\"@id\":\"https:\\\/\\\/www.eldigitaldeasturias.com\\\/noticias\\\/beckenbauer-estoy-mejor-de-salud-me-siento-muy-satisfecho\\\/#blogposting\",\"name\":\"Beckenbauer: \\u00abEstoy mejor de salud, me siento muy satisfecho\\u00bb - El Digital de Asturias\",\"headline\":\"Beckenbauer: \\u00abEstoy mejor de salud, me siento muy satisfecho\\u00bb\",\"author\":{\"@id\":\"https:\\\/\\\/www.eldigitaldeasturias.com\\\/noticias\\\/author\\\/admin\\\/#author\"},\"publisher\":{\"@id\":\"https:\\\/\\\/www.eldigitaldeasturias.com\\\/noticias\\\/#organization\"},\"image\":{\"@type\":\"ImageObject\",\"url\":\"https:\\\/\\\/www.eldigitaldeasturias.com\\\/noticias\\\/wp-content\\\/uploads\\\/2019\\\/05\\\/Beckenbauer.jpg\",\"width\":464,\"height\":572},\"datePublished\":\"2019-05-05T20:03:17+02:00\",\"dateModified\":\"2019-05-05T20:03:17+02:00\",\"inLanguage\":\"es-ES\",\"mainEntityOfPage\":{\"@id\":\"https:\\\/\\\/www.eldigitaldeasturias.com\\\/noticias\\\/beckenbauer-estoy-mejor-de-salud-me-siento-muy-satisfecho\\\/#webpage\"},\"isPartOf\":{\"@id\":\"https:\\\/\\\/www.eldigitaldeasturias.com\\\/noticias\\\/beckenbauer-estoy-mejor-de-salud-me-siento-muy-satisfecho\\\/#webpage\"},\"articleSection\":\"Deportes\"},{\"@type\":\"BreadcrumbList\",\"@id\":\"https:\\\/\\\/www.eldigitaldeasturias.com\\\/noticias\\\/beckenbauer-estoy-mejor-de-salud-me-siento-muy-satisfecho\\\/#breadcrumblist\",\"itemListElement\":[{\"@type\":\"ListItem\",\"@id\":\"https:\\\/\\\/www.eldigitaldeasturias.com\\\/noticias#listItem\",\"position\":1,\"name\":\"Home\",\"item\":\"https:\\\/\\\/www.eldigitaldeasturias.com\\\/noticias\",\"nextItem\":{\"@type\":\"ListItem\",\"@id\":\"https:\\\/\\\/www.eldigitaldeasturias.com\\\/noticias\\\/category\\\/deportes\\\/#listItem\",\"name\":\"Deportes\"}},{\"@type\":\"ListItem\",\"@id\":\"https:\\\/\\\/www.eldigitaldeasturias.com\\\/noticias\\\/category\\\/deportes\\\/#listItem\",\"position\":2,\"name\":\"Deportes\",\"item\":\"https:\\\/\\\/www.eldigitaldeasturias.com\\\/noticias\\\/category\\\/deportes\\\/\",\"nextItem\":{\"@type\":\"ListItem\",\"@id\":\"https:\\\/\\\/www.eldigitaldeasturias.com\\\/noticias\\\/beckenbauer-estoy-mejor-de-salud-me-siento-muy-satisfecho\\\/#listItem\",\"name\":\"Beckenbauer: \\u00abEstoy mejor de salud, me siento muy satisfecho\\u00bb\"},\"previousItem\":{\"@type\":\"ListItem\",\"@id\":\"https:\\\/\\\/www.eldigitaldeasturias.com\\\/noticias#listItem\",\"name\":\"Home\"}},{\"@type\":\"ListItem\",\"@id\":\"https:\\\/\\\/www.eldigitaldeasturias.com\\\/noticias\\\/beckenbauer-estoy-mejor-de-salud-me-siento-muy-satisfecho\\\/#listItem\",\"position\":3,\"name\":\"Beckenbauer: \\u00abEstoy mejor de salud, me siento muy satisfecho\\u00bb\",\"previousItem\":{\"@type\":\"ListItem\",\"@id\":\"https:\\\/\\\/www.eldigitaldeasturias.com\\\/noticias\\\/category\\\/deportes\\\/#listItem\",\"name\":\"Deportes\"}}]},{\"@type\":\"Organization\",\"@id\":\"https:\\\/\\\/www.eldigitaldeasturias.com\\\/noticias\\\/#organization\",\"name\":\"El Digital de Asturias\",\"description\":\"Hemeroteca\",\"url\":\"https:\\\/\\\/www.eldigitaldeasturias.com\\\/noticias\\\/\",\"email\":\"info@eldigitaldeasturias.com\",\"telephone\":\"+34652131393\",\"logo\":{\"@type\":\"ImageObject\",\"url\":\"https:\\\/\\\/www.eldigitaldeasturias.com\\\/noticias\\\/wp-content\\\/uploads\\\/2020\\\/12\\\/EDA.jpg\",\"@id\":\"https:\\\/\\\/www.eldigitaldeasturias.com\\\/noticias\\\/beckenbauer-estoy-mejor-de-salud-me-siento-muy-satisfecho\\\/#organizationLogo\",\"width\":649,\"height\":297},\"image\":{\"@id\":\"https:\\\/\\\/www.eldigitaldeasturias.com\\\/noticias\\\/beckenbauer-estoy-mejor-de-salud-me-siento-muy-satisfecho\\\/#organizationLogo\"},\"sameAs\":[\"https:\\\/\\\/facebook.com\\\/eldigitaldeasturias\",\"https:\\\/\\\/www.youtube.com\\\/channel\\\/UCZP-2wLEB9Rv6erhFmqVnvg\"],\"address\":{\"@id\":\"https:\\\/\\\/www.eldigitaldeasturias.com\\\/noticias\\\/#postaladdress\",\"@type\":\"PostalAddress\",\"streetAddress\":\"san antonio 4,\",\"postalCode\":\"33430\",\"addressLocality\":\"Cand\\u00e1s\",\"addressRegion\":\"Asturias\",\"addressCountry\":\"ES\"}},{\"@type\":\"Person\",\"@id\":\"https:\\\/\\\/www.eldigitaldeasturias.com\\\/noticias\\\/author\\\/admin\\\/#author\",\"url\":\"https:\\\/\\\/www.eldigitaldeasturias.com\\\/noticias\\\/author\\\/admin\\\/\",\"name\":\"El Digital de Asturias\",\"image\":{\"@type\":\"ImageObject\",\"@id\":\"https:\\\/\\\/www.eldigitaldeasturias.com\\\/noticias\\\/beckenbauer-estoy-mejor-de-salud-me-siento-muy-satisfecho\\\/#authorImage\",\"url\":\"https:\\\/\\\/www.eldigitaldeasturias.com\\\/noticias\\\/wp-content\\\/litespeed\\\/avatar\\\/18677e78aa0546b92d9dbf31ec7d7668.jpg?ver=1777290358\",\"width\":96,\"height\":96,\"caption\":\"El Digital de Asturias\"}},{\"@type\":\"WebPage\",\"@id\":\"https:\\\/\\\/www.eldigitaldeasturias.com\\\/noticias\\\/beckenbauer-estoy-mejor-de-salud-me-siento-muy-satisfecho\\\/#webpage\",\"url\":\"https:\\\/\\\/www.eldigitaldeasturias.com\\\/noticias\\\/beckenbauer-estoy-mejor-de-salud-me-siento-muy-satisfecho\\\/\",\"name\":\"Beckenbauer: \\u00abEstoy mejor de salud, me siento muy satisfecho\\u00bb - El Digital de Asturias\",\"description\":\"M\\u00fanich, 5 may (dpa) - La legendaria estrella del f\\u00fatbol alem\\u00e1n Franz Beckenbauer, quien tuvo que lidiar con problemas de salud, se encuentra bien, seg\\u00fan indic\\u00f3 el \\\"Kaiser\\\" en declaraciones al dominical \\\"Welt am Sonntag\\\". El peri\\u00f3dico public\\u00f3 un cuestionario de diez preguntas formuladas a Beckenbauer por diez ex campeones mundiales alemanes. El ex futbolista\",\"inLanguage\":\"es-ES\",\"isPartOf\":{\"@id\":\"https:\\\/\\\/www.eldigitaldeasturias.com\\\/noticias\\\/#website\"},\"breadcrumb\":{\"@id\":\"https:\\\/\\\/www.eldigitaldeasturias.com\\\/noticias\\\/beckenbauer-estoy-mejor-de-salud-me-siento-muy-satisfecho\\\/#breadcrumblist\"},\"author\":{\"@id\":\"https:\\\/\\\/www.eldigitaldeasturias.com\\\/noticias\\\/author\\\/admin\\\/#author\"},\"creator\":{\"@id\":\"https:\\\/\\\/www.eldigitaldeasturias.com\\\/noticias\\\/author\\\/admin\\\/#author\"},\"image\":{\"@type\":\"ImageObject\",\"url\":\"https:\\\/\\\/www.eldigitaldeasturias.com\\\/noticias\\\/wp-content\\\/uploads\\\/2019\\\/05\\\/Beckenbauer.jpg\",\"@id\":\"https:\\\/\\\/www.eldigitaldeasturias.com\\\/noticias\\\/beckenbauer-estoy-mejor-de-salud-me-siento-muy-satisfecho\\\/#mainImage\",\"width\":464,\"height\":572},\"primaryImageOfPage\":{\"@id\":\"https:\\\/\\\/www.eldigitaldeasturias.com\\\/noticias\\\/beckenbauer-estoy-mejor-de-salud-me-siento-muy-satisfecho\\\/#mainImage\"},\"datePublished\":\"2019-05-05T20:03:17+02:00\",\"dateModified\":\"2019-05-05T20:03:17+02:00\"},{\"@type\":\"WebSite\",\"@id\":\"https:\\\/\\\/www.eldigitaldeasturias.com\\\/noticias\\\/#website\",\"url\":\"https:\\\/\\\/www.eldigitaldeasturias.com\\\/noticias\\\/\",\"name\":\"El Digital de Asturias - Diario de actualidad y noticias\",\"alternateName\":\"El Digital de Asturias - Diario de actualidad y noticias\",\"description\":\"Hemeroteca\",\"inLanguage\":\"es-ES\",\"publisher\":{\"@id\":\"https:\\\/\\\/www.eldigitaldeasturias.com\\\/noticias\\\/#organization\"}}]}\n\t\t<\/script>\n\t\t<!-- All in One SEO Pro -->\r\n\t\t<title>Beckenbauer: \u00abEstoy mejor de salud, me siento muy satisfecho\u00bb - El Digital de Asturias<\/title>\n\n","aioseo_head_json":{"title":"Beckenbauer: \u00abEstoy mejor de salud, me siento muy satisfecho\u00bb - El Digital de Asturias","description":"M\u00fanich, 5 may (dpa) - La legendaria estrella del f\u00fatbol alem\u00e1n Franz Beckenbauer, quien tuvo que lidiar con problemas de salud, se encuentra bien, seg\u00fan indic\u00f3 el \"Kaiser\" en declaraciones al dominical \"Welt am Sonntag\". El peri\u00f3dico public\u00f3 un cuestionario de diez preguntas formuladas a Beckenbauer por diez ex campeones mundiales alemanes. El ex futbolista","canonical_url":"https:\/\/www.eldigitaldeasturias.com\/noticias\/beckenbauer-estoy-mejor-de-salud-me-siento-muy-satisfecho\/","robots":"max-image-preview:large","keywords":"deportes","webmasterTools":{"google-site-verification":"UA-38556648-1","msvalidate.01":"7dfe9f3f1b24437ab69f4f2559babe99","miscellaneous":""},"schema":{"@context":"https:\/\/schema.org","@graph":[{"@type":"BlogPosting","@id":"https:\/\/www.eldigitaldeasturias.com\/noticias\/beckenbauer-estoy-mejor-de-salud-me-siento-muy-satisfecho\/#blogposting","name":"Beckenbauer: \u00abEstoy mejor de salud, me siento muy satisfecho\u00bb - El Digital de Asturias","headline":"Beckenbauer: \u00abEstoy mejor de salud, me siento muy satisfecho\u00bb","author":{"@id":"https:\/\/www.eldigitaldeasturias.com\/noticias\/author\/admin\/#author"},"publisher":{"@id":"https:\/\/www.eldigitaldeasturias.com\/noticias\/#organization"},"image":{"@type":"ImageObject","url":"https:\/\/www.eldigitaldeasturias.com\/noticias\/wp-content\/uploads\/2019\/05\/Beckenbauer.jpg","width":464,"height":572},"datePublished":"2019-05-05T20:03:17+02:00","dateModified":"2019-05-05T20:03:17+02:00","inLanguage":"es-ES","mainEntityOfPage":{"@id":"https:\/\/www.eldigitaldeasturias.com\/noticias\/beckenbauer-estoy-mejor-de-salud-me-siento-muy-satisfecho\/#webpage"},"isPartOf":{"@id":"https:\/\/www.eldigitaldeasturias.com\/noticias\/beckenbauer-estoy-mejor-de-salud-me-siento-muy-satisfecho\/#webpage"},"articleSection":"Deportes"},{"@type":"BreadcrumbList","@id":"https:\/\/www.eldigitaldeasturias.com\/noticias\/beckenbauer-estoy-mejor-de-salud-me-siento-muy-satisfecho\/#breadcrumblist","itemListElement":[{"@type":"ListItem","@id":"https:\/\/www.eldigitaldeasturias.com\/noticias#listItem","position":1,"name":"Home","item":"https:\/\/www.eldigitaldeasturias.com\/noticias","nextItem":{"@type":"ListItem","@id":"https:\/\/www.eldigitaldeasturias.com\/noticias\/category\/deportes\/#listItem","name":"Deportes"}},{"@type":"ListItem","@id":"https:\/\/www.eldigitaldeasturias.com\/noticias\/category\/deportes\/#listItem","position":2,"name":"Deportes","item":"https:\/\/www.eldigitaldeasturias.com\/noticias\/category\/deportes\/","nextItem":{"@type":"ListItem","@id":"https:\/\/www.eldigitaldeasturias.com\/noticias\/beckenbauer-estoy-mejor-de-salud-me-siento-muy-satisfecho\/#listItem","name":"Beckenbauer: \u00abEstoy mejor de salud, me siento muy satisfecho\u00bb"},"previousItem":{"@type":"ListItem","@id":"https:\/\/www.eldigitaldeasturias.com\/noticias#listItem","name":"Home"}},{"@type":"ListItem","@id":"https:\/\/www.eldigitaldeasturias.com\/noticias\/beckenbauer-estoy-mejor-de-salud-me-siento-muy-satisfecho\/#listItem","position":3,"name":"Beckenbauer: \u00abEstoy mejor de salud, me siento muy satisfecho\u00bb","previousItem":{"@type":"ListItem","@id":"https:\/\/www.eldigitaldeasturias.com\/noticias\/category\/deportes\/#listItem","name":"Deportes"}}]},{"@type":"Organization","@id":"https:\/\/www.eldigitaldeasturias.com\/noticias\/#organization","name":"El Digital de Asturias","description":"Hemeroteca","url":"https:\/\/www.eldigitaldeasturias.com\/noticias\/","email":"info@eldigitaldeasturias.com","telephone":"+34652131393","logo":{"@type":"ImageObject","url":"https:\/\/www.eldigitaldeasturias.com\/noticias\/wp-content\/uploads\/2020\/12\/EDA.jpg","@id":"https:\/\/www.eldigitaldeasturias.com\/noticias\/beckenbauer-estoy-mejor-de-salud-me-siento-muy-satisfecho\/#organizationLogo","width":649,"height":297},"image":{"@id":"https:\/\/www.eldigitaldeasturias.com\/noticias\/beckenbauer-estoy-mejor-de-salud-me-siento-muy-satisfecho\/#organizationLogo"},"sameAs":["https:\/\/facebook.com\/eldigitaldeasturias","https:\/\/www.youtube.com\/channel\/UCZP-2wLEB9Rv6erhFmqVnvg"],"address":{"@id":"https:\/\/www.eldigitaldeasturias.com\/noticias\/#postaladdress","@type":"PostalAddress","streetAddress":"san antonio 4,","postalCode":"33430","addressLocality":"Cand\u00e1s","addressRegion":"Asturias","addressCountry":"ES"}},{"@type":"Person","@id":"https:\/\/www.eldigitaldeasturias.com\/noticias\/author\/admin\/#author","url":"https:\/\/www.eldigitaldeasturias.com\/noticias\/author\/admin\/","name":"El Digital de Asturias","image":{"@type":"ImageObject","@id":"https:\/\/www.eldigitaldeasturias.com\/noticias\/beckenbauer-estoy-mejor-de-salud-me-siento-muy-satisfecho\/#authorImage","url":"https:\/\/www.eldigitaldeasturias.com\/noticias\/wp-content\/litespeed\/avatar\/18677e78aa0546b92d9dbf31ec7d7668.jpg?ver=1777290358","width":96,"height":96,"caption":"El Digital de Asturias"}},{"@type":"WebPage","@id":"https:\/\/www.eldigitaldeasturias.com\/noticias\/beckenbauer-estoy-mejor-de-salud-me-siento-muy-satisfecho\/#webpage","url":"https:\/\/www.eldigitaldeasturias.com\/noticias\/beckenbauer-estoy-mejor-de-salud-me-siento-muy-satisfecho\/","name":"Beckenbauer: \u00abEstoy mejor de salud, me siento muy satisfecho\u00bb - El Digital de Asturias","description":"M\u00fanich, 5 may (dpa) - La legendaria estrella del f\u00fatbol alem\u00e1n Franz Beckenbauer, quien tuvo que lidiar con problemas de salud, se encuentra bien, seg\u00fan indic\u00f3 el \"Kaiser\" en declaraciones al dominical \"Welt am Sonntag\". El peri\u00f3dico public\u00f3 un cuestionario de diez preguntas formuladas a Beckenbauer por diez ex campeones mundiales alemanes. El ex futbolista","inLanguage":"es-ES","isPartOf":{"@id":"https:\/\/www.eldigitaldeasturias.com\/noticias\/#website"},"breadcrumb":{"@id":"https:\/\/www.eldigitaldeasturias.com\/noticias\/beckenbauer-estoy-mejor-de-salud-me-siento-muy-satisfecho\/#breadcrumblist"},"author":{"@id":"https:\/\/www.eldigitaldeasturias.com\/noticias\/author\/admin\/#author"},"creator":{"@id":"https:\/\/www.eldigitaldeasturias.com\/noticias\/author\/admin\/#author"},"image":{"@type":"ImageObject","url":"https:\/\/www.eldigitaldeasturias.com\/noticias\/wp-content\/uploads\/2019\/05\/Beckenbauer.jpg","@id":"https:\/\/www.eldigitaldeasturias.com\/noticias\/beckenbauer-estoy-mejor-de-salud-me-siento-muy-satisfecho\/#mainImage","width":464,"height":572},"primaryImageOfPage":{"@id":"https:\/\/www.eldigitaldeasturias.com\/noticias\/beckenbauer-estoy-mejor-de-salud-me-siento-muy-satisfecho\/#mainImage"},"datePublished":"2019-05-05T20:03:17+02:00","dateModified":"2019-05-05T20:03:17+02:00"},{"@type":"WebSite","@id":"https:\/\/www.eldigitaldeasturias.com\/noticias\/#website","url":"https:\/\/www.eldigitaldeasturias.com\/noticias\/","name":"El Digital de Asturias - Diario de actualidad y noticias","alternateName":"El Digital de Asturias - Diario de actualidad y noticias","description":"Hemeroteca","inLanguage":"es-ES","publisher":{"@id":"https:\/\/www.eldigitaldeasturias.com\/noticias\/#organization"}}]},"og:locale":"es_ES","og:site_name":"El Digital de Asturias","og:type":"article","og:title":"Beckenbauer: \u00abEstoy mejor de salud, me siento muy satisfecho\u00bb - El Digital de Asturias","og:description":"M\u00fanich, 5 may (dpa) - La legendaria estrella del f\u00fatbol alem\u00e1n Franz Beckenbauer, quien tuvo que lidiar con problemas de salud, se encuentra bien, seg\u00fan indic\u00f3 el &quot;Kaiser&quot; en declaraciones al dominical &quot;Welt am Sonntag&quot;. El peri\u00f3dico public\u00f3 un cuestionario de diez preguntas formuladas a Beckenbauer por diez ex campeones mundiales alemanes. El ex futbolista","og:url":"https:\/\/www.eldigitaldeasturias.com\/noticias\/beckenbauer-estoy-mejor-de-salud-me-siento-muy-satisfecho\/","og:image":"https:\/\/www.eldigitaldeasturias.com\/noticias\/wp-content\/uploads\/2019\/05\/Beckenbauer.jpg","og:image:secure_url":"https:\/\/www.eldigitaldeasturias.com\/noticias\/wp-content\/uploads\/2019\/05\/Beckenbauer.jpg","og:image:width":464,"og:image:height":572,"article:tag":["deportes"],"article:published_time":"2019-05-05T20:03:17+00:00","article:modified_time":"2019-05-05T20:03:17+00:00","article:publisher":"https:\/\/facebook.com\/eldigitaldeasturias","twitter:card":"summary_large_image","twitter:title":"Beckenbauer: \u00abEstoy mejor de salud, me siento muy satisfecho\u00bb - El Digital de Asturias","twitter:description":"M\u00fanich, 5 may (dpa) - La legendaria estrella del f\u00fatbol alem\u00e1n Franz Beckenbauer, quien tuvo que lidiar con problemas de salud, se encuentra bien, seg\u00fan indic\u00f3 el &quot;Kaiser&quot; en declaraciones al dominical &quot;Welt am Sonntag&quot;. El peri\u00f3dico public\u00f3 un cuestionario de diez preguntas formuladas a Beckenbauer por diez ex campeones mundiales alemanes. El ex futbolista","twitter:image":"https:\/\/www.eldigitaldeasturias.com\/noticias\/wp-content\/uploads\/2019\/05\/Beckenbauer.jpg","twitter:label1":"Escrito por","twitter:data1":"El Digital de Asturias","twitter:label2":"Tiempo de lectura estimado","twitter:data2":"1 minuto"},"aioseo_meta_data":{"post_id":"1026255","title":null,"description":null,"keywords":null,"keyphrases":null,"primary_term":null,"canonical_url":null,"og_title":null,"og_description":null,"og_object_type":"default","og_image_type":"default","og_image_url":null,"og_image_width":null,"og_image_height":null,"og_image_custom_url":null,"og_image_custom_fields":null,"og_video":null,"og_custom_url":null,"og_article_section":null,"og_article_tags":null,"twitter_use_og":false,"twitter_card":"default","twitter_image_type":"default","twitter_image_url":null,"twitter_image_custom_url":null,"twitter_image_custom_fields":null,"twitter_title":null,"twitter_description":null,"schema":{"blockGraphs":[],"customGraphs":[],"default":{"data":{"Article":[],"Course":[],"Dataset":[],"FAQPage":[],"Movie":[],"Person":[],"Product":[],"ProductReview":[],"Car":[],"Recipe":[],"Service":[],"SoftwareApplication":[],"WebPage":[]},"graphName":"","isEnabled":true},"graphs":[],"defaultGraph":"","defaultPostTypeGraph":""},"schema_type":null,"schema_type_options":null,"pillar_content":false,"robots_default":true,"robots_noindex":false,"robots_noarchive":false,"robots_nosnippet":false,"robots_nofollow":false,"robots_noimageindex":false,"robots_noodp":false,"robots_notranslate":false,"robots_max_snippet":null,"robots_max_videopreview":null,"robots_max_imagepreview":"large","priority":null,"frequency":null,"local_seo":null,"seo_analyzer_scan_date":"2025-10-18 01:12:19","breadcrumb_settings":null,"limit_modified_date":false,"open_ai":null,"ai":null,"created":"2020-12-21 11:14:15","updated":"2025-10-18 01:12:19"},"aioseo_breadcrumb":"<div class=\"aioseo-breadcrumbs\"><span class=\"aioseo-breadcrumb\">\n\t<a href=\"https:\/\/www.eldigitaldeasturias.com\/noticias\" title=\"Home\">Home<\/a>\n<\/span><span class=\"aioseo-breadcrumb-separator\">\u2013<\/span><span class=\"aioseo-breadcrumb\">\n\t<a href=\"https:\/\/www.eldigitaldeasturias.com\/noticias\/category\/deportes\/\" title=\"Deportes\">Deportes<\/a>\n<\/span><span class=\"aioseo-breadcrumb-separator\">\u2013<\/span><span class=\"aioseo-breadcrumb\">\n\t<a href=\"https:\/\/www.eldigitaldeasturias.com\/noticias\/beckenbauer-estoy-mejor-de-salud-me-siento-muy-satisfecho\/\" title=\"Beckenbauer: \u00abEstoy mejor de salud, me siento muy satisfecho\u00bb\">Beckenbauer: \u00abEstoy mejor de salud, me siento muy satisfecho\u00bb<\/a>\n<\/span><\/div>","aioseo_breadcrumb_json":[{"label":"Home","link":"https:\/\/www.eldigitaldeasturias.com\/noticias"},{"label":"Deportes","link":"https:\/\/www.eldigitaldeasturias.com\/noticias\/category\/deportes\/"},{"label":"Beckenbauer: \u00abEstoy mejor de salud, me siento muy satisfecho\u00bb","link":"https:\/\/www.eldigitaldeasturias.com\/noticias\/beckenbauer-estoy-mejor-de-salud-me-siento-muy-satisfecho\/"}],"_links":{"self":[{"href":"https:\/\/www.eldigitaldeasturias.com\/noticias\/wp-json\/wp\/v2\/posts\/1026255","targetHints":{"allow":["GET"]}}],"collection":[{"href":"https:\/\/www.eldigitaldeasturias.com\/noticias\/wp-json\/wp\/v2\/posts"}],"about":[{"href":"https:\/\/www.eldigitaldeasturias.com\/noticias\/wp-json\/wp\/v2\/types\/post"}],"author":[{"embeddable":true,"href":"https:\/\/www.eldigitaldeasturias.com\/noticias\/wp-json\/wp\/v2\/users\/1"}],"replies":[{"embeddable":true,"href":"https:\/\/www.eldigitaldeasturias.com\/noticias\/wp-json\/wp\/v2\/comments?post=1026255"}],"version-history":[{"count":0,"href":"https:\/\/www.eldigitaldeasturias.com\/noticias\/wp-json\/wp\/v2\/posts\/1026255\/revisions"}],"wp:featuredmedia":[{"embeddable":true,"href":"https:\/\/www.eldigitaldeasturias.com\/noticias\/wp-json\/wp\/v2\/media\/1026256"}],"wp:attachment":[{"href":"https:\/\/www.eldigitaldeasturias.com\/noticias\/wp-json\/wp\/v2\/media?parent=1026255"}],"wp:term":[{"taxonomy":"category","embeddable":true,"href":"https:\/\/www.eldigitaldeasturias.com\/noticias\/wp-json\/wp\/v2\/categories?post=1026255"},{"taxonomy":"post_tag","embeddable":true,"href":"https:\/\/www.eldigitaldeasturias.com\/noticias\/wp-json\/wp\/v2\/tags?post=1026255"}],"curies":[{"name":"wp","href":"https:\/\/api.w.org\/{rel}","templated":true}]}}