{"id":1026246,"date":"2019-05-05T19:51:24","date_gmt":"2019-05-05T19:51:24","guid":{"rendered":"https:\/\/www.eldigitaldeasturias.com\/noticias\/?p=1026246"},"modified":"2019-05-05T19:51:24","modified_gmt":"2019-05-05T19:51:24","slug":"el-frankfurt-guarda-silencio-sobre-la-posible-salida-de-jovic-al-madrid","status":"publish","type":"post","link":"https:\/\/www.eldigitaldeasturias.com\/noticias\/el-frankfurt-guarda-silencio-sobre-la-posible-salida-de-jovic-al-madrid\/","title":{"rendered":"El Frankfurt guarda silencio sobre la posible salida de Jovic al Madrid"},"content":{"rendered":"<p><img loading=\"lazy\" decoding=\"async\" class=\"alignleft size-medium wp-image-1026247\" src=\"https:\/\/www.eldigitaldeasturias.com\/noticias\/wp-content\/uploads\/2019\/05\/Luka-Jovic-360x246.jpg\" alt=\"\" width=\"360\" height=\"246\" srcset=\"https:\/\/www.eldigitaldeasturias.com\/noticias\/wp-content\/uploads\/2019\/05\/Luka-Jovic-360x246.jpg 360w, https:\/\/www.eldigitaldeasturias.com\/noticias\/wp-content\/uploads\/2019\/05\/Luka-Jovic-768x525.jpg 768w, https:\/\/www.eldigitaldeasturias.com\/noticias\/wp-content\/uploads\/2019\/05\/Luka-Jovic-650x445.jpg 650w, https:\/\/www.eldigitaldeasturias.com\/noticias\/wp-content\/uploads\/2019\/05\/Luka-Jovic.jpg 972w\" sizes=\"auto, (max-width: 360px) 100vw, 360px\" \/>Fr\u00e1ncfort, 4 may (dpa) &#8211; El Eintracht Frankfurt declin\u00f3 hoy comentar versiones sobre un posible pase de su goleador Luka Jovic al Real Madrid.<\/p>\n<p>El actual cuarto del campeonato alem\u00e1n de f\u00fatbol \u00abno har\u00e1 ning\u00fan pronunciamiento a cualquier tipo de rumores\u00bb, indic\u00f3 Jan Strasheim, director de comunicaci\u00f3n del club de Fr\u00e1ncfort ante una consulta de dpa.<\/p>\n<p>El peri\u00f3dico deportivo espa\u00f1ol \u00abAs\u00bb inform\u00f3 que el delantero serbio cambiar\u00eda la camiseta en la pr\u00f3xima temporada por 60 millones de euros (67 millones de d\u00f3lares) y firmar\u00eda un contrato por seis a\u00f1os con el equipo blanco.<\/p>\n<p>De acuerdo con esta informaci\u00f3n, el actual campe\u00f3n de Copa Alemana recibir\u00eda unos 48 millones de euros por el traspaso. Los 12 millones restantes ir\u00edan para el Benfica Lisboa, el antiguo club del jugador de 21 a\u00f1os.<\/p>\n<p>Jovic lleva anotados en esta temporada 17 goles en la Bundesliga y nueve en la Liga Europa. El jueves pasado consigui\u00f3 el empate de 1-1 con el Chelsea en la ida de las semifinales de la Liga Europa.<\/p>\n<p>El Frankfurt hizo hace dos semanas efectiva una opci\u00f3n de compra del jugador cedido por el Benfica y firm\u00f3 un contrato hasta el 30 de junio de 2023.<\/p>\n<p>El club germano no brind\u00f3 detalles sobre la suma de transferencia, que los medios calculaban en unos siete millones de euros. Jovic fue prestado al Frankfurt a mediados de 2017.<\/p>\n<p>Foto: Uwe Anspach\/dpa<\/p>\n<p>&nbsp;<\/p>\n","protected":false},"excerpt":{"rendered":"<p>Fr\u00e1ncfort, 4 may (dpa) &#8211; El Eintracht Frankfurt declin\u00f3 hoy comentar versiones sobre un posible pase de su goleador Luka Jovic al Real Madrid. El actual cuarto del campeonato alem\u00e1n de f\u00fatbol \u00abno har\u00e1 ning\u00fan pronunciamiento a cualquier tipo de rumores\u00bb, indic\u00f3 Jan Strasheim, director de comunicaci\u00f3n del club de Fr\u00e1ncfort ante una consulta de [&hellip;]<\/p>\n","protected":false},"author":1,"featured_media":1026247,"comment_status":"closed","ping_status":"closed","sticky":false,"template":"","format":"standard","meta":{"footnotes":""},"categories":[190],"tags":[],"class_list":["post-1026246","post","type-post","status-publish","format-standard","has-post-thumbnail","hentry","category-deportes"],"aioseo_notices":[],"aioseo_head":"\n\t\t<!-- All in One SEO Pro 4.9.6.2 - aioseo.com -->\n\t<meta name=\"description\" content=\"Fr\u00e1ncfort, 4 may (dpa) - El Eintracht Frankfurt declin\u00f3 hoy comentar versiones sobre un posible pase de su goleador Luka Jovic al Real Madrid. El actual cuarto del campeonato alem\u00e1n de f\u00fatbol &quot;no har\u00e1 ning\u00fan pronunciamiento a cualquier tipo de rumores&quot;, indic\u00f3 Jan Strasheim, director de comunicaci\u00f3n del club de Fr\u00e1ncfort ante una consulta de\" \/>\n\t<meta name=\"robots\" content=\"max-image-preview:large\" \/>\n\t<meta name=\"author\" content=\"El Digital de Asturias\"\/>\n\t<meta name=\"google-site-verification\" content=\"UA-38556648-1\" \/>\n\t<meta name=\"msvalidate.01\" content=\"7dfe9f3f1b24437ab69f4f2559babe99\" \/>\n\t<meta name=\"keywords\" content=\"deportes\" \/>\n\t<link rel=\"canonical\" href=\"https:\/\/www.eldigitaldeasturias.com\/noticias\/el-frankfurt-guarda-silencio-sobre-la-posible-salida-de-jovic-al-madrid\/\" \/>\n\t<meta name=\"generator\" content=\"All in One SEO Pro (AIOSEO) 4.9.6.2\" \/>\n\t\t<meta property=\"og:locale\" content=\"es_ES\" \/>\n\t\t<meta property=\"og:site_name\" content=\"El Digital de Asturias\" \/>\n\t\t<meta property=\"og:type\" content=\"article\" \/>\n\t\t<meta property=\"og:title\" content=\"El Frankfurt guarda silencio sobre la posible salida de Jovic al Madrid - El Digital de Asturias\" \/>\n\t\t<meta property=\"og:description\" content=\"Fr\u00e1ncfort, 4 may (dpa) - El Eintracht Frankfurt declin\u00f3 hoy comentar versiones sobre un posible pase de su goleador Luka Jovic al Real Madrid. El actual cuarto del campeonato alem\u00e1n de f\u00fatbol &quot;no har\u00e1 ning\u00fan pronunciamiento a cualquier tipo de rumores&quot;, indic\u00f3 Jan Strasheim, director de comunicaci\u00f3n del club de Fr\u00e1ncfort ante una consulta de\" \/>\n\t\t<meta property=\"og:url\" content=\"https:\/\/www.eldigitaldeasturias.com\/noticias\/el-frankfurt-guarda-silencio-sobre-la-posible-salida-de-jovic-al-madrid\/\" \/>\n\t\t<meta property=\"og:image\" content=\"https:\/\/www.eldigitaldeasturias.com\/noticias\/wp-content\/uploads\/2019\/05\/Luka-Jovic.jpg\" \/>\n\t\t<meta property=\"og:image:secure_url\" content=\"https:\/\/www.eldigitaldeasturias.com\/noticias\/wp-content\/uploads\/2019\/05\/Luka-Jovic.jpg\" \/>\n\t\t<meta property=\"og:image:width\" content=\"972\" \/>\n\t\t<meta property=\"og:image:height\" content=\"665\" \/>\n\t\t<meta property=\"article:tag\" content=\"deportes\" \/>\n\t\t<meta property=\"article:published_time\" content=\"2019-05-05T19:51:24+00:00\" \/>\n\t\t<meta property=\"article:modified_time\" content=\"2019-05-05T19:51:24+00:00\" \/>\n\t\t<meta property=\"article:publisher\" content=\"https:\/\/facebook.com\/eldigitaldeasturias\" \/>\n\t\t<meta name=\"twitter:card\" content=\"summary_large_image\" \/>\n\t\t<meta name=\"twitter:title\" content=\"El Frankfurt guarda silencio sobre la posible salida de Jovic al Madrid - El Digital de Asturias\" \/>\n\t\t<meta name=\"twitter:description\" content=\"Fr\u00e1ncfort, 4 may (dpa) - El Eintracht Frankfurt declin\u00f3 hoy comentar versiones sobre un posible pase de su goleador Luka Jovic al Real Madrid. El actual cuarto del campeonato alem\u00e1n de f\u00fatbol &quot;no har\u00e1 ning\u00fan pronunciamiento a cualquier tipo de rumores&quot;, indic\u00f3 Jan Strasheim, director de comunicaci\u00f3n del club de Fr\u00e1ncfort ante una consulta de\" \/>\n\t\t<meta name=\"twitter:image\" content=\"https:\/\/www.eldigitaldeasturias.com\/noticias\/wp-content\/uploads\/2019\/05\/Luka-Jovic.jpg\" \/>\n\t\t<meta name=\"twitter:label1\" content=\"Escrito por\" \/>\n\t\t<meta name=\"twitter:data1\" content=\"El Digital de Asturias\" \/>\n\t\t<meta name=\"twitter:label2\" content=\"Tiempo de lectura estimado\" \/>\n\t\t<meta name=\"twitter:data2\" content=\"1 minuto\" \/>\n\t\t<script type=\"application\/ld+json\" class=\"aioseo-schema\">\n\t\t\t{\"@context\":\"https:\\\/\\\/schema.org\",\"@graph\":[{\"@type\":\"BlogPosting\",\"@id\":\"https:\\\/\\\/www.eldigitaldeasturias.com\\\/noticias\\\/el-frankfurt-guarda-silencio-sobre-la-posible-salida-de-jovic-al-madrid\\\/#blogposting\",\"name\":\"El Frankfurt guarda silencio sobre la posible salida de Jovic al Madrid - El Digital de Asturias\",\"headline\":\"El Frankfurt guarda silencio sobre la posible salida de Jovic al Madrid\",\"author\":{\"@id\":\"https:\\\/\\\/www.eldigitaldeasturias.com\\\/noticias\\\/author\\\/admin\\\/#author\"},\"publisher\":{\"@id\":\"https:\\\/\\\/www.eldigitaldeasturias.com\\\/noticias\\\/#organization\"},\"image\":{\"@type\":\"ImageObject\",\"url\":\"https:\\\/\\\/www.eldigitaldeasturias.com\\\/noticias\\\/wp-content\\\/uploads\\\/2019\\\/05\\\/Luka-Jovic.jpg\",\"width\":972,\"height\":665},\"datePublished\":\"2019-05-05T19:51:24+02:00\",\"dateModified\":\"2019-05-05T19:51:24+02:00\",\"inLanguage\":\"es-ES\",\"mainEntityOfPage\":{\"@id\":\"https:\\\/\\\/www.eldigitaldeasturias.com\\\/noticias\\\/el-frankfurt-guarda-silencio-sobre-la-posible-salida-de-jovic-al-madrid\\\/#webpage\"},\"isPartOf\":{\"@id\":\"https:\\\/\\\/www.eldigitaldeasturias.com\\\/noticias\\\/el-frankfurt-guarda-silencio-sobre-la-posible-salida-de-jovic-al-madrid\\\/#webpage\"},\"articleSection\":\"Deportes\"},{\"@type\":\"BreadcrumbList\",\"@id\":\"https:\\\/\\\/www.eldigitaldeasturias.com\\\/noticias\\\/el-frankfurt-guarda-silencio-sobre-la-posible-salida-de-jovic-al-madrid\\\/#breadcrumblist\",\"itemListElement\":[{\"@type\":\"ListItem\",\"@id\":\"https:\\\/\\\/www.eldigitaldeasturias.com\\\/noticias#listItem\",\"position\":1,\"name\":\"Home\",\"item\":\"https:\\\/\\\/www.eldigitaldeasturias.com\\\/noticias\",\"nextItem\":{\"@type\":\"ListItem\",\"@id\":\"https:\\\/\\\/www.eldigitaldeasturias.com\\\/noticias\\\/category\\\/deportes\\\/#listItem\",\"name\":\"Deportes\"}},{\"@type\":\"ListItem\",\"@id\":\"https:\\\/\\\/www.eldigitaldeasturias.com\\\/noticias\\\/category\\\/deportes\\\/#listItem\",\"position\":2,\"name\":\"Deportes\",\"item\":\"https:\\\/\\\/www.eldigitaldeasturias.com\\\/noticias\\\/category\\\/deportes\\\/\",\"nextItem\":{\"@type\":\"ListItem\",\"@id\":\"https:\\\/\\\/www.eldigitaldeasturias.com\\\/noticias\\\/el-frankfurt-guarda-silencio-sobre-la-posible-salida-de-jovic-al-madrid\\\/#listItem\",\"name\":\"El Frankfurt guarda silencio sobre la posible salida de Jovic al Madrid\"},\"previousItem\":{\"@type\":\"ListItem\",\"@id\":\"https:\\\/\\\/www.eldigitaldeasturias.com\\\/noticias#listItem\",\"name\":\"Home\"}},{\"@type\":\"ListItem\",\"@id\":\"https:\\\/\\\/www.eldigitaldeasturias.com\\\/noticias\\\/el-frankfurt-guarda-silencio-sobre-la-posible-salida-de-jovic-al-madrid\\\/#listItem\",\"position\":3,\"name\":\"El Frankfurt guarda silencio sobre la posible salida de Jovic al Madrid\",\"previousItem\":{\"@type\":\"ListItem\",\"@id\":\"https:\\\/\\\/www.eldigitaldeasturias.com\\\/noticias\\\/category\\\/deportes\\\/#listItem\",\"name\":\"Deportes\"}}]},{\"@type\":\"Organization\",\"@id\":\"https:\\\/\\\/www.eldigitaldeasturias.com\\\/noticias\\\/#organization\",\"name\":\"El Digital de Asturias\",\"description\":\"Hemeroteca\",\"url\":\"https:\\\/\\\/www.eldigitaldeasturias.com\\\/noticias\\\/\",\"email\":\"info@eldigitaldeasturias.com\",\"telephone\":\"+34652131393\",\"logo\":{\"@type\":\"ImageObject\",\"url\":\"https:\\\/\\\/www.eldigitaldeasturias.com\\\/noticias\\\/wp-content\\\/uploads\\\/2020\\\/12\\\/EDA.jpg\",\"@id\":\"https:\\\/\\\/www.eldigitaldeasturias.com\\\/noticias\\\/el-frankfurt-guarda-silencio-sobre-la-posible-salida-de-jovic-al-madrid\\\/#organizationLogo\",\"width\":649,\"height\":297},\"image\":{\"@id\":\"https:\\\/\\\/www.eldigitaldeasturias.com\\\/noticias\\\/el-frankfurt-guarda-silencio-sobre-la-posible-salida-de-jovic-al-madrid\\\/#organizationLogo\"},\"sameAs\":[\"https:\\\/\\\/facebook.com\\\/eldigitaldeasturias\",\"https:\\\/\\\/www.youtube.com\\\/channel\\\/UCZP-2wLEB9Rv6erhFmqVnvg\"],\"address\":{\"@id\":\"https:\\\/\\\/www.eldigitaldeasturias.com\\\/noticias\\\/#postaladdress\",\"@type\":\"PostalAddress\",\"streetAddress\":\"san antonio 4,\",\"postalCode\":\"33430\",\"addressLocality\":\"Cand\\u00e1s\",\"addressRegion\":\"Asturias\",\"addressCountry\":\"ES\"}},{\"@type\":\"Person\",\"@id\":\"https:\\\/\\\/www.eldigitaldeasturias.com\\\/noticias\\\/author\\\/admin\\\/#author\",\"url\":\"https:\\\/\\\/www.eldigitaldeasturias.com\\\/noticias\\\/author\\\/admin\\\/\",\"name\":\"El Digital de Asturias\",\"image\":{\"@type\":\"ImageObject\",\"@id\":\"https:\\\/\\\/www.eldigitaldeasturias.com\\\/noticias\\\/el-frankfurt-guarda-silencio-sobre-la-posible-salida-de-jovic-al-madrid\\\/#authorImage\",\"url\":\"https:\\\/\\\/www.eldigitaldeasturias.com\\\/noticias\\\/wp-content\\\/litespeed\\\/avatar\\\/18677e78aa0546b92d9dbf31ec7d7668.jpg?ver=1777290358\",\"width\":96,\"height\":96,\"caption\":\"El Digital de Asturias\"}},{\"@type\":\"WebPage\",\"@id\":\"https:\\\/\\\/www.eldigitaldeasturias.com\\\/noticias\\\/el-frankfurt-guarda-silencio-sobre-la-posible-salida-de-jovic-al-madrid\\\/#webpage\",\"url\":\"https:\\\/\\\/www.eldigitaldeasturias.com\\\/noticias\\\/el-frankfurt-guarda-silencio-sobre-la-posible-salida-de-jovic-al-madrid\\\/\",\"name\":\"El Frankfurt guarda silencio sobre la posible salida de Jovic al Madrid - El Digital de Asturias\",\"description\":\"Fr\\u00e1ncfort, 4 may (dpa) - El Eintracht Frankfurt declin\\u00f3 hoy comentar versiones sobre un posible pase de su goleador Luka Jovic al Real Madrid. El actual cuarto del campeonato alem\\u00e1n de f\\u00fatbol \\\"no har\\u00e1 ning\\u00fan pronunciamiento a cualquier tipo de rumores\\\", indic\\u00f3 Jan Strasheim, director de comunicaci\\u00f3n del club de Fr\\u00e1ncfort ante una consulta de\",\"inLanguage\":\"es-ES\",\"isPartOf\":{\"@id\":\"https:\\\/\\\/www.eldigitaldeasturias.com\\\/noticias\\\/#website\"},\"breadcrumb\":{\"@id\":\"https:\\\/\\\/www.eldigitaldeasturias.com\\\/noticias\\\/el-frankfurt-guarda-silencio-sobre-la-posible-salida-de-jovic-al-madrid\\\/#breadcrumblist\"},\"author\":{\"@id\":\"https:\\\/\\\/www.eldigitaldeasturias.com\\\/noticias\\\/author\\\/admin\\\/#author\"},\"creator\":{\"@id\":\"https:\\\/\\\/www.eldigitaldeasturias.com\\\/noticias\\\/author\\\/admin\\\/#author\"},\"image\":{\"@type\":\"ImageObject\",\"url\":\"https:\\\/\\\/www.eldigitaldeasturias.com\\\/noticias\\\/wp-content\\\/uploads\\\/2019\\\/05\\\/Luka-Jovic.jpg\",\"@id\":\"https:\\\/\\\/www.eldigitaldeasturias.com\\\/noticias\\\/el-frankfurt-guarda-silencio-sobre-la-posible-salida-de-jovic-al-madrid\\\/#mainImage\",\"width\":972,\"height\":665},\"primaryImageOfPage\":{\"@id\":\"https:\\\/\\\/www.eldigitaldeasturias.com\\\/noticias\\\/el-frankfurt-guarda-silencio-sobre-la-posible-salida-de-jovic-al-madrid\\\/#mainImage\"},\"datePublished\":\"2019-05-05T19:51:24+02:00\",\"dateModified\":\"2019-05-05T19:51:24+02:00\"},{\"@type\":\"WebSite\",\"@id\":\"https:\\\/\\\/www.eldigitaldeasturias.com\\\/noticias\\\/#website\",\"url\":\"https:\\\/\\\/www.eldigitaldeasturias.com\\\/noticias\\\/\",\"name\":\"El Digital de Asturias - Diario de actualidad y noticias\",\"alternateName\":\"El Digital de Asturias - Diario de actualidad y noticias\",\"description\":\"Hemeroteca\",\"inLanguage\":\"es-ES\",\"publisher\":{\"@id\":\"https:\\\/\\\/www.eldigitaldeasturias.com\\\/noticias\\\/#organization\"}}]}\n\t\t<\/script>\n\t\t<!-- All in One SEO Pro -->\r\n\t\t<title>El Frankfurt guarda silencio sobre la posible salida de Jovic al Madrid - El Digital de Asturias<\/title>\n\n","aioseo_head_json":{"title":"El Frankfurt guarda silencio sobre la posible salida de Jovic al Madrid - El Digital de Asturias","description":"Fr\u00e1ncfort, 4 may (dpa) - El Eintracht Frankfurt declin\u00f3 hoy comentar versiones sobre un posible pase de su goleador Luka Jovic al Real Madrid. El actual cuarto del campeonato alem\u00e1n de f\u00fatbol \"no har\u00e1 ning\u00fan pronunciamiento a cualquier tipo de rumores\", indic\u00f3 Jan Strasheim, director de comunicaci\u00f3n del club de Fr\u00e1ncfort ante una consulta de","canonical_url":"https:\/\/www.eldigitaldeasturias.com\/noticias\/el-frankfurt-guarda-silencio-sobre-la-posible-salida-de-jovic-al-madrid\/","robots":"max-image-preview:large","keywords":"deportes","webmasterTools":{"google-site-verification":"UA-38556648-1","msvalidate.01":"7dfe9f3f1b24437ab69f4f2559babe99","miscellaneous":""},"schema":{"@context":"https:\/\/schema.org","@graph":[{"@type":"BlogPosting","@id":"https:\/\/www.eldigitaldeasturias.com\/noticias\/el-frankfurt-guarda-silencio-sobre-la-posible-salida-de-jovic-al-madrid\/#blogposting","name":"El Frankfurt guarda silencio sobre la posible salida de Jovic al Madrid - El Digital de Asturias","headline":"El Frankfurt guarda silencio sobre la posible salida de Jovic al Madrid","author":{"@id":"https:\/\/www.eldigitaldeasturias.com\/noticias\/author\/admin\/#author"},"publisher":{"@id":"https:\/\/www.eldigitaldeasturias.com\/noticias\/#organization"},"image":{"@type":"ImageObject","url":"https:\/\/www.eldigitaldeasturias.com\/noticias\/wp-content\/uploads\/2019\/05\/Luka-Jovic.jpg","width":972,"height":665},"datePublished":"2019-05-05T19:51:24+02:00","dateModified":"2019-05-05T19:51:24+02:00","inLanguage":"es-ES","mainEntityOfPage":{"@id":"https:\/\/www.eldigitaldeasturias.com\/noticias\/el-frankfurt-guarda-silencio-sobre-la-posible-salida-de-jovic-al-madrid\/#webpage"},"isPartOf":{"@id":"https:\/\/www.eldigitaldeasturias.com\/noticias\/el-frankfurt-guarda-silencio-sobre-la-posible-salida-de-jovic-al-madrid\/#webpage"},"articleSection":"Deportes"},{"@type":"BreadcrumbList","@id":"https:\/\/www.eldigitaldeasturias.com\/noticias\/el-frankfurt-guarda-silencio-sobre-la-posible-salida-de-jovic-al-madrid\/#breadcrumblist","itemListElement":[{"@type":"ListItem","@id":"https:\/\/www.eldigitaldeasturias.com\/noticias#listItem","position":1,"name":"Home","item":"https:\/\/www.eldigitaldeasturias.com\/noticias","nextItem":{"@type":"ListItem","@id":"https:\/\/www.eldigitaldeasturias.com\/noticias\/category\/deportes\/#listItem","name":"Deportes"}},{"@type":"ListItem","@id":"https:\/\/www.eldigitaldeasturias.com\/noticias\/category\/deportes\/#listItem","position":2,"name":"Deportes","item":"https:\/\/www.eldigitaldeasturias.com\/noticias\/category\/deportes\/","nextItem":{"@type":"ListItem","@id":"https:\/\/www.eldigitaldeasturias.com\/noticias\/el-frankfurt-guarda-silencio-sobre-la-posible-salida-de-jovic-al-madrid\/#listItem","name":"El Frankfurt guarda silencio sobre la posible salida de Jovic al Madrid"},"previousItem":{"@type":"ListItem","@id":"https:\/\/www.eldigitaldeasturias.com\/noticias#listItem","name":"Home"}},{"@type":"ListItem","@id":"https:\/\/www.eldigitaldeasturias.com\/noticias\/el-frankfurt-guarda-silencio-sobre-la-posible-salida-de-jovic-al-madrid\/#listItem","position":3,"name":"El Frankfurt guarda silencio sobre la posible salida de Jovic al Madrid","previousItem":{"@type":"ListItem","@id":"https:\/\/www.eldigitaldeasturias.com\/noticias\/category\/deportes\/#listItem","name":"Deportes"}}]},{"@type":"Organization","@id":"https:\/\/www.eldigitaldeasturias.com\/noticias\/#organization","name":"El Digital de Asturias","description":"Hemeroteca","url":"https:\/\/www.eldigitaldeasturias.com\/noticias\/","email":"info@eldigitaldeasturias.com","telephone":"+34652131393","logo":{"@type":"ImageObject","url":"https:\/\/www.eldigitaldeasturias.com\/noticias\/wp-content\/uploads\/2020\/12\/EDA.jpg","@id":"https:\/\/www.eldigitaldeasturias.com\/noticias\/el-frankfurt-guarda-silencio-sobre-la-posible-salida-de-jovic-al-madrid\/#organizationLogo","width":649,"height":297},"image":{"@id":"https:\/\/www.eldigitaldeasturias.com\/noticias\/el-frankfurt-guarda-silencio-sobre-la-posible-salida-de-jovic-al-madrid\/#organizationLogo"},"sameAs":["https:\/\/facebook.com\/eldigitaldeasturias","https:\/\/www.youtube.com\/channel\/UCZP-2wLEB9Rv6erhFmqVnvg"],"address":{"@id":"https:\/\/www.eldigitaldeasturias.com\/noticias\/#postaladdress","@type":"PostalAddress","streetAddress":"san antonio 4,","postalCode":"33430","addressLocality":"Cand\u00e1s","addressRegion":"Asturias","addressCountry":"ES"}},{"@type":"Person","@id":"https:\/\/www.eldigitaldeasturias.com\/noticias\/author\/admin\/#author","url":"https:\/\/www.eldigitaldeasturias.com\/noticias\/author\/admin\/","name":"El Digital de Asturias","image":{"@type":"ImageObject","@id":"https:\/\/www.eldigitaldeasturias.com\/noticias\/el-frankfurt-guarda-silencio-sobre-la-posible-salida-de-jovic-al-madrid\/#authorImage","url":"https:\/\/www.eldigitaldeasturias.com\/noticias\/wp-content\/litespeed\/avatar\/18677e78aa0546b92d9dbf31ec7d7668.jpg?ver=1777290358","width":96,"height":96,"caption":"El Digital de Asturias"}},{"@type":"WebPage","@id":"https:\/\/www.eldigitaldeasturias.com\/noticias\/el-frankfurt-guarda-silencio-sobre-la-posible-salida-de-jovic-al-madrid\/#webpage","url":"https:\/\/www.eldigitaldeasturias.com\/noticias\/el-frankfurt-guarda-silencio-sobre-la-posible-salida-de-jovic-al-madrid\/","name":"El Frankfurt guarda silencio sobre la posible salida de Jovic al Madrid - El Digital de Asturias","description":"Fr\u00e1ncfort, 4 may (dpa) - El Eintracht Frankfurt declin\u00f3 hoy comentar versiones sobre un posible pase de su goleador Luka Jovic al Real Madrid. El actual cuarto del campeonato alem\u00e1n de f\u00fatbol \"no har\u00e1 ning\u00fan pronunciamiento a cualquier tipo de rumores\", indic\u00f3 Jan Strasheim, director de comunicaci\u00f3n del club de Fr\u00e1ncfort ante una consulta de","inLanguage":"es-ES","isPartOf":{"@id":"https:\/\/www.eldigitaldeasturias.com\/noticias\/#website"},"breadcrumb":{"@id":"https:\/\/www.eldigitaldeasturias.com\/noticias\/el-frankfurt-guarda-silencio-sobre-la-posible-salida-de-jovic-al-madrid\/#breadcrumblist"},"author":{"@id":"https:\/\/www.eldigitaldeasturias.com\/noticias\/author\/admin\/#author"},"creator":{"@id":"https:\/\/www.eldigitaldeasturias.com\/noticias\/author\/admin\/#author"},"image":{"@type":"ImageObject","url":"https:\/\/www.eldigitaldeasturias.com\/noticias\/wp-content\/uploads\/2019\/05\/Luka-Jovic.jpg","@id":"https:\/\/www.eldigitaldeasturias.com\/noticias\/el-frankfurt-guarda-silencio-sobre-la-posible-salida-de-jovic-al-madrid\/#mainImage","width":972,"height":665},"primaryImageOfPage":{"@id":"https:\/\/www.eldigitaldeasturias.com\/noticias\/el-frankfurt-guarda-silencio-sobre-la-posible-salida-de-jovic-al-madrid\/#mainImage"},"datePublished":"2019-05-05T19:51:24+02:00","dateModified":"2019-05-05T19:51:24+02:00"},{"@type":"WebSite","@id":"https:\/\/www.eldigitaldeasturias.com\/noticias\/#website","url":"https:\/\/www.eldigitaldeasturias.com\/noticias\/","name":"El Digital de Asturias - Diario de actualidad y noticias","alternateName":"El Digital de Asturias - Diario de actualidad y noticias","description":"Hemeroteca","inLanguage":"es-ES","publisher":{"@id":"https:\/\/www.eldigitaldeasturias.com\/noticias\/#organization"}}]},"og:locale":"es_ES","og:site_name":"El Digital de Asturias","og:type":"article","og:title":"El Frankfurt guarda silencio sobre la posible salida de Jovic al Madrid - El Digital de Asturias","og:description":"Fr\u00e1ncfort, 4 may (dpa) - El Eintracht Frankfurt declin\u00f3 hoy comentar versiones sobre un posible pase de su goleador Luka Jovic al Real Madrid. El actual cuarto del campeonato alem\u00e1n de f\u00fatbol &quot;no har\u00e1 ning\u00fan pronunciamiento a cualquier tipo de rumores&quot;, indic\u00f3 Jan Strasheim, director de comunicaci\u00f3n del club de Fr\u00e1ncfort ante una consulta de","og:url":"https:\/\/www.eldigitaldeasturias.com\/noticias\/el-frankfurt-guarda-silencio-sobre-la-posible-salida-de-jovic-al-madrid\/","og:image":"https:\/\/www.eldigitaldeasturias.com\/noticias\/wp-content\/uploads\/2019\/05\/Luka-Jovic.jpg","og:image:secure_url":"https:\/\/www.eldigitaldeasturias.com\/noticias\/wp-content\/uploads\/2019\/05\/Luka-Jovic.jpg","og:image:width":972,"og:image:height":665,"article:tag":["deportes"],"article:published_time":"2019-05-05T19:51:24+00:00","article:modified_time":"2019-05-05T19:51:24+00:00","article:publisher":"https:\/\/facebook.com\/eldigitaldeasturias","twitter:card":"summary_large_image","twitter:title":"El Frankfurt guarda silencio sobre la posible salida de Jovic al Madrid - El Digital de Asturias","twitter:description":"Fr\u00e1ncfort, 4 may (dpa) - El Eintracht Frankfurt declin\u00f3 hoy comentar versiones sobre un posible pase de su goleador Luka Jovic al Real Madrid. El actual cuarto del campeonato alem\u00e1n de f\u00fatbol &quot;no har\u00e1 ning\u00fan pronunciamiento a cualquier tipo de rumores&quot;, indic\u00f3 Jan Strasheim, director de comunicaci\u00f3n del club de Fr\u00e1ncfort ante una consulta de","twitter:image":"https:\/\/www.eldigitaldeasturias.com\/noticias\/wp-content\/uploads\/2019\/05\/Luka-Jovic.jpg","twitter:label1":"Escrito por","twitter:data1":"El Digital de Asturias","twitter:label2":"Tiempo de lectura estimado","twitter:data2":"1 minuto"},"aioseo_meta_data":{"post_id":"1026246","title":null,"description":null,"keywords":null,"keyphrases":null,"primary_term":null,"canonical_url":null,"og_title":null,"og_description":null,"og_object_type":"default","og_image_type":"default","og_image_url":null,"og_image_width":null,"og_image_height":null,"og_image_custom_url":null,"og_image_custom_fields":null,"og_video":null,"og_custom_url":null,"og_article_section":null,"og_article_tags":null,"twitter_use_og":false,"twitter_card":"default","twitter_image_type":"default","twitter_image_url":null,"twitter_image_custom_url":null,"twitter_image_custom_fields":null,"twitter_title":null,"twitter_description":null,"schema":{"blockGraphs":[],"customGraphs":[],"default":{"data":{"Article":[],"Course":[],"Dataset":[],"FAQPage":[],"Movie":[],"Person":[],"Product":[],"ProductReview":[],"Car":[],"Recipe":[],"Service":[],"SoftwareApplication":[],"WebPage":[]},"graphName":"","isEnabled":true},"graphs":[],"defaultGraph":"","defaultPostTypeGraph":""},"schema_type":null,"schema_type_options":null,"pillar_content":false,"robots_default":true,"robots_noindex":false,"robots_noarchive":false,"robots_nosnippet":false,"robots_nofollow":false,"robots_noimageindex":false,"robots_noodp":false,"robots_notranslate":false,"robots_max_snippet":null,"robots_max_videopreview":null,"robots_max_imagepreview":"large","priority":null,"frequency":null,"local_seo":null,"seo_analyzer_scan_date":"2025-10-18 01:10:07","breadcrumb_settings":null,"limit_modified_date":false,"open_ai":null,"ai":null,"created":"2020-12-21 11:14:15","updated":"2025-10-18 01:10:07"},"aioseo_breadcrumb":"<div class=\"aioseo-breadcrumbs\"><span class=\"aioseo-breadcrumb\">\n\t<a href=\"https:\/\/www.eldigitaldeasturias.com\/noticias\" title=\"Home\">Home<\/a>\n<\/span><span class=\"aioseo-breadcrumb-separator\">\u2013<\/span><span class=\"aioseo-breadcrumb\">\n\t<a href=\"https:\/\/www.eldigitaldeasturias.com\/noticias\/category\/deportes\/\" title=\"Deportes\">Deportes<\/a>\n<\/span><span class=\"aioseo-breadcrumb-separator\">\u2013<\/span><span class=\"aioseo-breadcrumb\">\n\t<a href=\"https:\/\/www.eldigitaldeasturias.com\/noticias\/el-frankfurt-guarda-silencio-sobre-la-posible-salida-de-jovic-al-madrid\/\" title=\"El Frankfurt guarda silencio sobre la posible salida de Jovic al Madrid\">El Frankfurt guarda silencio sobre la posible salida de Jovic al Madrid<\/a>\n<\/span><\/div>","aioseo_breadcrumb_json":[{"label":"Home","link":"https:\/\/www.eldigitaldeasturias.com\/noticias"},{"label":"Deportes","link":"https:\/\/www.eldigitaldeasturias.com\/noticias\/category\/deportes\/"},{"label":"El Frankfurt guarda silencio sobre la posible salida de Jovic al Madrid","link":"https:\/\/www.eldigitaldeasturias.com\/noticias\/el-frankfurt-guarda-silencio-sobre-la-posible-salida-de-jovic-al-madrid\/"}],"_links":{"self":[{"href":"https:\/\/www.eldigitaldeasturias.com\/noticias\/wp-json\/wp\/v2\/posts\/1026246","targetHints":{"allow":["GET"]}}],"collection":[{"href":"https:\/\/www.eldigitaldeasturias.com\/noticias\/wp-json\/wp\/v2\/posts"}],"about":[{"href":"https:\/\/www.eldigitaldeasturias.com\/noticias\/wp-json\/wp\/v2\/types\/post"}],"author":[{"embeddable":true,"href":"https:\/\/www.eldigitaldeasturias.com\/noticias\/wp-json\/wp\/v2\/users\/1"}],"replies":[{"embeddable":true,"href":"https:\/\/www.eldigitaldeasturias.com\/noticias\/wp-json\/wp\/v2\/comments?post=1026246"}],"version-history":[{"count":0,"href":"https:\/\/www.eldigitaldeasturias.com\/noticias\/wp-json\/wp\/v2\/posts\/1026246\/revisions"}],"wp:featuredmedia":[{"embeddable":true,"href":"https:\/\/www.eldigitaldeasturias.com\/noticias\/wp-json\/wp\/v2\/media\/1026247"}],"wp:attachment":[{"href":"https:\/\/www.eldigitaldeasturias.com\/noticias\/wp-json\/wp\/v2\/media?parent=1026246"}],"wp:term":[{"taxonomy":"category","embeddable":true,"href":"https:\/\/www.eldigitaldeasturias.com\/noticias\/wp-json\/wp\/v2\/categories?post=1026246"},{"taxonomy":"post_tag","embeddable":true,"href":"https:\/\/www.eldigitaldeasturias.com\/noticias\/wp-json\/wp\/v2\/tags?post=1026246"}],"curies":[{"name":"wp","href":"https:\/\/api.w.org\/{rel}","templated":true}]}}