{"id":1026171,"date":"2019-05-05T05:29:25","date_gmt":"2019-05-05T05:29:25","guid":{"rendered":"https:\/\/www.eldigitaldeasturias.com\/noticias\/?p=1026171"},"modified":"2019-05-05T05:29:25","modified_gmt":"2019-05-05T05:29:25","slug":"james-rodriguez-regresara-al-real-madrid-en-junio","status":"publish","type":"post","link":"https:\/\/www.eldigitaldeasturias.com\/noticias\/james-rodriguez-regresara-al-real-madrid-en-junio\/","title":{"rendered":"James Rodr\u00edguez regresar\u00e1 al Real Madrid en junio"},"content":{"rendered":"<p><img loading=\"lazy\" decoding=\"async\" class=\"alignleft size-medium wp-image-1026172\" src=\"https:\/\/www.eldigitaldeasturias.com\/noticias\/wp-content\/uploads\/2019\/05\/James-Rodriguez-360x237.jpg\" alt=\"\" width=\"360\" height=\"237\" srcset=\"https:\/\/www.eldigitaldeasturias.com\/noticias\/wp-content\/uploads\/2019\/05\/James-Rodriguez-360x237.jpg 360w, https:\/\/www.eldigitaldeasturias.com\/noticias\/wp-content\/uploads\/2019\/05\/James-Rodriguez-768x506.jpg 768w, https:\/\/www.eldigitaldeasturias.com\/noticias\/wp-content\/uploads\/2019\/05\/James-Rodriguez-650x428.jpg 650w, https:\/\/www.eldigitaldeasturias.com\/noticias\/wp-content\/uploads\/2019\/05\/James-Rodriguez.jpg 996w\" sizes=\"auto, (max-width: 360px) 100vw, 360px\" \/>Madrid, 3 may (dpa) &#8211; El futbolista colombiano James Rodr\u00edguez regresar\u00e1 al Real Madrid en junio despu\u00e9s de haber estado cedido dos temporadas en el Bayer M\u00fanich, inform\u00f3 hoy la prensa espa\u00f1ola.<\/p>\n<p>El Bayern no quiere ejercer la opci\u00f3n de compra por el jugador de 27 a\u00f1os, se\u00f1al\u00f3 este viernes el diario deportivo espa\u00f1ol \u00abMarca\u00bb. James volver\u00e1 a jugar con el club blanco a partir del 15 de junio, seg\u00fan el peri\u00f3dico.<\/p>\n<p>James fue cedido por el Real Madrid al equipo b\u00e1varo en 2017. En el Bayern, sus actuaciones fueron irregulares y tuvo algunas fases no tan f\u00e1ciles esta temporada con el entrenador Niko Kovac.<\/p>\n<p>El jugador sufre ahora problemas musculares y no podr\u00e1 jugar este s\u00e1bado contra el Hannover. El Bayern ten\u00eda una opci\u00f3n de compra por el futbolista valorada en 42 millones de euros.<\/p>\n<p>El contrato de James con el Real Madrid se extiende hasta finales de junio de 2021.<\/p>\n<p>Foto: Swen Pf\u00f6rtner\/dpa<\/p>\n","protected":false},"excerpt":{"rendered":"<p>Madrid, 3 may (dpa) &#8211; El futbolista colombiano James Rodr\u00edguez regresar\u00e1 al Real Madrid en junio despu\u00e9s de haber estado cedido dos temporadas en el Bayer M\u00fanich, inform\u00f3 hoy la prensa espa\u00f1ola. El Bayern no quiere ejercer la opci\u00f3n de compra por el jugador de 27 a\u00f1os, se\u00f1al\u00f3 este viernes el diario deportivo espa\u00f1ol \u00abMarca\u00bb. [&hellip;]<\/p>\n","protected":false},"author":1,"featured_media":1026172,"comment_status":"closed","ping_status":"closed","sticky":false,"template":"","format":"standard","meta":{"footnotes":""},"categories":[190],"tags":[],"class_list":["post-1026171","post","type-post","status-publish","format-standard","has-post-thumbnail","hentry","category-deportes"],"aioseo_notices":[],"aioseo_head":"\n\t\t<!-- All in One SEO Pro 4.9.6.2 - aioseo.com -->\n\t<meta name=\"description\" content=\"Madrid, 3 may (dpa) - El futbolista colombiano James Rodr\u00edguez regresar\u00e1 al Real Madrid en junio despu\u00e9s de haber estado cedido dos temporadas en el Bayer M\u00fanich, inform\u00f3 hoy la prensa espa\u00f1ola. El Bayern no quiere ejercer la opci\u00f3n de compra por el jugador de 27 a\u00f1os, se\u00f1al\u00f3 este viernes el diario deportivo espa\u00f1ol &quot;Marca&quot;.\" \/>\n\t<meta name=\"robots\" content=\"max-image-preview:large\" \/>\n\t<meta name=\"author\" content=\"El Digital de Asturias\"\/>\n\t<meta name=\"google-site-verification\" content=\"UA-38556648-1\" \/>\n\t<meta name=\"msvalidate.01\" content=\"7dfe9f3f1b24437ab69f4f2559babe99\" \/>\n\t<meta name=\"keywords\" content=\"deportes\" \/>\n\t<link rel=\"canonical\" href=\"https:\/\/www.eldigitaldeasturias.com\/noticias\/james-rodriguez-regresara-al-real-madrid-en-junio\/\" \/>\n\t<meta name=\"generator\" content=\"All in One SEO Pro (AIOSEO) 4.9.6.2\" \/>\n\t\t<meta property=\"og:locale\" content=\"es_ES\" \/>\n\t\t<meta property=\"og:site_name\" content=\"El Digital de Asturias\" \/>\n\t\t<meta property=\"og:type\" content=\"article\" \/>\n\t\t<meta property=\"og:title\" content=\"James Rodr\u00edguez regresar\u00e1 al Real Madrid en junio - El Digital de Asturias\" \/>\n\t\t<meta property=\"og:description\" content=\"Madrid, 3 may (dpa) - El futbolista colombiano James Rodr\u00edguez regresar\u00e1 al Real Madrid en junio despu\u00e9s de haber estado cedido dos temporadas en el Bayer M\u00fanich, inform\u00f3 hoy la prensa espa\u00f1ola. El Bayern no quiere ejercer la opci\u00f3n de compra por el jugador de 27 a\u00f1os, se\u00f1al\u00f3 este viernes el diario deportivo espa\u00f1ol &quot;Marca&quot;.\" \/>\n\t\t<meta property=\"og:url\" content=\"https:\/\/www.eldigitaldeasturias.com\/noticias\/james-rodriguez-regresara-al-real-madrid-en-junio\/\" \/>\n\t\t<meta property=\"og:image\" content=\"https:\/\/www.eldigitaldeasturias.com\/noticias\/wp-content\/uploads\/2019\/05\/James-Rodriguez.jpg\" \/>\n\t\t<meta property=\"og:image:secure_url\" content=\"https:\/\/www.eldigitaldeasturias.com\/noticias\/wp-content\/uploads\/2019\/05\/James-Rodriguez.jpg\" \/>\n\t\t<meta property=\"og:image:width\" content=\"996\" \/>\n\t\t<meta property=\"og:image:height\" content=\"656\" \/>\n\t\t<meta property=\"article:tag\" content=\"deportes\" \/>\n\t\t<meta property=\"article:published_time\" content=\"2019-05-05T05:29:25+00:00\" \/>\n\t\t<meta property=\"article:modified_time\" content=\"2019-05-05T05:29:25+00:00\" \/>\n\t\t<meta property=\"article:publisher\" content=\"https:\/\/facebook.com\/eldigitaldeasturias\" \/>\n\t\t<meta name=\"twitter:card\" content=\"summary_large_image\" \/>\n\t\t<meta name=\"twitter:title\" content=\"James Rodr\u00edguez regresar\u00e1 al Real Madrid en junio - El Digital de Asturias\" \/>\n\t\t<meta name=\"twitter:description\" content=\"Madrid, 3 may (dpa) - El futbolista colombiano James Rodr\u00edguez regresar\u00e1 al Real Madrid en junio despu\u00e9s de haber estado cedido dos temporadas en el Bayer M\u00fanich, inform\u00f3 hoy la prensa espa\u00f1ola. El Bayern no quiere ejercer la opci\u00f3n de compra por el jugador de 27 a\u00f1os, se\u00f1al\u00f3 este viernes el diario deportivo espa\u00f1ol &quot;Marca&quot;.\" \/>\n\t\t<meta name=\"twitter:image\" content=\"https:\/\/www.eldigitaldeasturias.com\/noticias\/wp-content\/uploads\/2019\/05\/James-Rodriguez.jpg\" \/>\n\t\t<meta name=\"twitter:label1\" content=\"Escrito por\" \/>\n\t\t<meta name=\"twitter:data1\" content=\"El Digital de Asturias\" \/>\n\t\t<meta name=\"twitter:label2\" content=\"Tiempo de lectura estimado\" \/>\n\t\t<meta name=\"twitter:data2\" content=\"1 minuto\" \/>\n\t\t<script type=\"application\/ld+json\" class=\"aioseo-schema\">\n\t\t\t{\"@context\":\"https:\\\/\\\/schema.org\",\"@graph\":[{\"@type\":\"BlogPosting\",\"@id\":\"https:\\\/\\\/www.eldigitaldeasturias.com\\\/noticias\\\/james-rodriguez-regresara-al-real-madrid-en-junio\\\/#blogposting\",\"name\":\"James Rodr\\u00edguez regresar\\u00e1 al Real Madrid en junio - El Digital de Asturias\",\"headline\":\"James Rodr\\u00edguez regresar\\u00e1 al Real Madrid en junio\",\"author\":{\"@id\":\"https:\\\/\\\/www.eldigitaldeasturias.com\\\/noticias\\\/author\\\/admin\\\/#author\"},\"publisher\":{\"@id\":\"https:\\\/\\\/www.eldigitaldeasturias.com\\\/noticias\\\/#organization\"},\"image\":{\"@type\":\"ImageObject\",\"url\":\"https:\\\/\\\/www.eldigitaldeasturias.com\\\/noticias\\\/wp-content\\\/uploads\\\/2019\\\/05\\\/James-Rodriguez.jpg\",\"width\":996,\"height\":656},\"datePublished\":\"2019-05-05T05:29:25+02:00\",\"dateModified\":\"2019-05-05T05:29:25+02:00\",\"inLanguage\":\"es-ES\",\"mainEntityOfPage\":{\"@id\":\"https:\\\/\\\/www.eldigitaldeasturias.com\\\/noticias\\\/james-rodriguez-regresara-al-real-madrid-en-junio\\\/#webpage\"},\"isPartOf\":{\"@id\":\"https:\\\/\\\/www.eldigitaldeasturias.com\\\/noticias\\\/james-rodriguez-regresara-al-real-madrid-en-junio\\\/#webpage\"},\"articleSection\":\"Deportes\"},{\"@type\":\"BreadcrumbList\",\"@id\":\"https:\\\/\\\/www.eldigitaldeasturias.com\\\/noticias\\\/james-rodriguez-regresara-al-real-madrid-en-junio\\\/#breadcrumblist\",\"itemListElement\":[{\"@type\":\"ListItem\",\"@id\":\"https:\\\/\\\/www.eldigitaldeasturias.com\\\/noticias#listItem\",\"position\":1,\"name\":\"Home\",\"item\":\"https:\\\/\\\/www.eldigitaldeasturias.com\\\/noticias\",\"nextItem\":{\"@type\":\"ListItem\",\"@id\":\"https:\\\/\\\/www.eldigitaldeasturias.com\\\/noticias\\\/category\\\/deportes\\\/#listItem\",\"name\":\"Deportes\"}},{\"@type\":\"ListItem\",\"@id\":\"https:\\\/\\\/www.eldigitaldeasturias.com\\\/noticias\\\/category\\\/deportes\\\/#listItem\",\"position\":2,\"name\":\"Deportes\",\"item\":\"https:\\\/\\\/www.eldigitaldeasturias.com\\\/noticias\\\/category\\\/deportes\\\/\",\"nextItem\":{\"@type\":\"ListItem\",\"@id\":\"https:\\\/\\\/www.eldigitaldeasturias.com\\\/noticias\\\/james-rodriguez-regresara-al-real-madrid-en-junio\\\/#listItem\",\"name\":\"James Rodr\\u00edguez regresar\\u00e1 al Real Madrid en junio\"},\"previousItem\":{\"@type\":\"ListItem\",\"@id\":\"https:\\\/\\\/www.eldigitaldeasturias.com\\\/noticias#listItem\",\"name\":\"Home\"}},{\"@type\":\"ListItem\",\"@id\":\"https:\\\/\\\/www.eldigitaldeasturias.com\\\/noticias\\\/james-rodriguez-regresara-al-real-madrid-en-junio\\\/#listItem\",\"position\":3,\"name\":\"James Rodr\\u00edguez regresar\\u00e1 al Real Madrid en junio\",\"previousItem\":{\"@type\":\"ListItem\",\"@id\":\"https:\\\/\\\/www.eldigitaldeasturias.com\\\/noticias\\\/category\\\/deportes\\\/#listItem\",\"name\":\"Deportes\"}}]},{\"@type\":\"Organization\",\"@id\":\"https:\\\/\\\/www.eldigitaldeasturias.com\\\/noticias\\\/#organization\",\"name\":\"El Digital de Asturias\",\"description\":\"Hemeroteca\",\"url\":\"https:\\\/\\\/www.eldigitaldeasturias.com\\\/noticias\\\/\",\"email\":\"info@eldigitaldeasturias.com\",\"telephone\":\"+34652131393\",\"logo\":{\"@type\":\"ImageObject\",\"url\":\"https:\\\/\\\/www.eldigitaldeasturias.com\\\/noticias\\\/wp-content\\\/uploads\\\/2020\\\/12\\\/EDA.jpg\",\"@id\":\"https:\\\/\\\/www.eldigitaldeasturias.com\\\/noticias\\\/james-rodriguez-regresara-al-real-madrid-en-junio\\\/#organizationLogo\",\"width\":649,\"height\":297},\"image\":{\"@id\":\"https:\\\/\\\/www.eldigitaldeasturias.com\\\/noticias\\\/james-rodriguez-regresara-al-real-madrid-en-junio\\\/#organizationLogo\"},\"sameAs\":[\"https:\\\/\\\/facebook.com\\\/eldigitaldeasturias\",\"https:\\\/\\\/www.youtube.com\\\/channel\\\/UCZP-2wLEB9Rv6erhFmqVnvg\"],\"address\":{\"@id\":\"https:\\\/\\\/www.eldigitaldeasturias.com\\\/noticias\\\/#postaladdress\",\"@type\":\"PostalAddress\",\"streetAddress\":\"san antonio 4,\",\"postalCode\":\"33430\",\"addressLocality\":\"Cand\\u00e1s\",\"addressRegion\":\"Asturias\",\"addressCountry\":\"ES\"}},{\"@type\":\"Person\",\"@id\":\"https:\\\/\\\/www.eldigitaldeasturias.com\\\/noticias\\\/author\\\/admin\\\/#author\",\"url\":\"https:\\\/\\\/www.eldigitaldeasturias.com\\\/noticias\\\/author\\\/admin\\\/\",\"name\":\"El Digital de Asturias\",\"image\":{\"@type\":\"ImageObject\",\"@id\":\"https:\\\/\\\/www.eldigitaldeasturias.com\\\/noticias\\\/james-rodriguez-regresara-al-real-madrid-en-junio\\\/#authorImage\",\"url\":\"https:\\\/\\\/www.eldigitaldeasturias.com\\\/noticias\\\/wp-content\\\/litespeed\\\/avatar\\\/18677e78aa0546b92d9dbf31ec7d7668.jpg?ver=1777290358\",\"width\":96,\"height\":96,\"caption\":\"El Digital de Asturias\"}},{\"@type\":\"WebPage\",\"@id\":\"https:\\\/\\\/www.eldigitaldeasturias.com\\\/noticias\\\/james-rodriguez-regresara-al-real-madrid-en-junio\\\/#webpage\",\"url\":\"https:\\\/\\\/www.eldigitaldeasturias.com\\\/noticias\\\/james-rodriguez-regresara-al-real-madrid-en-junio\\\/\",\"name\":\"James Rodr\\u00edguez regresar\\u00e1 al Real Madrid en junio - El Digital de Asturias\",\"description\":\"Madrid, 3 may (dpa) - El futbolista colombiano James Rodr\\u00edguez regresar\\u00e1 al Real Madrid en junio despu\\u00e9s de haber estado cedido dos temporadas en el Bayer M\\u00fanich, inform\\u00f3 hoy la prensa espa\\u00f1ola. El Bayern no quiere ejercer la opci\\u00f3n de compra por el jugador de 27 a\\u00f1os, se\\u00f1al\\u00f3 este viernes el diario deportivo espa\\u00f1ol \\\"Marca\\\".\",\"inLanguage\":\"es-ES\",\"isPartOf\":{\"@id\":\"https:\\\/\\\/www.eldigitaldeasturias.com\\\/noticias\\\/#website\"},\"breadcrumb\":{\"@id\":\"https:\\\/\\\/www.eldigitaldeasturias.com\\\/noticias\\\/james-rodriguez-regresara-al-real-madrid-en-junio\\\/#breadcrumblist\"},\"author\":{\"@id\":\"https:\\\/\\\/www.eldigitaldeasturias.com\\\/noticias\\\/author\\\/admin\\\/#author\"},\"creator\":{\"@id\":\"https:\\\/\\\/www.eldigitaldeasturias.com\\\/noticias\\\/author\\\/admin\\\/#author\"},\"image\":{\"@type\":\"ImageObject\",\"url\":\"https:\\\/\\\/www.eldigitaldeasturias.com\\\/noticias\\\/wp-content\\\/uploads\\\/2019\\\/05\\\/James-Rodriguez.jpg\",\"@id\":\"https:\\\/\\\/www.eldigitaldeasturias.com\\\/noticias\\\/james-rodriguez-regresara-al-real-madrid-en-junio\\\/#mainImage\",\"width\":996,\"height\":656},\"primaryImageOfPage\":{\"@id\":\"https:\\\/\\\/www.eldigitaldeasturias.com\\\/noticias\\\/james-rodriguez-regresara-al-real-madrid-en-junio\\\/#mainImage\"},\"datePublished\":\"2019-05-05T05:29:25+02:00\",\"dateModified\":\"2019-05-05T05:29:25+02:00\"},{\"@type\":\"WebSite\",\"@id\":\"https:\\\/\\\/www.eldigitaldeasturias.com\\\/noticias\\\/#website\",\"url\":\"https:\\\/\\\/www.eldigitaldeasturias.com\\\/noticias\\\/\",\"name\":\"El Digital de Asturias - Diario de actualidad y noticias\",\"alternateName\":\"El Digital de Asturias - Diario de actualidad y noticias\",\"description\":\"Hemeroteca\",\"inLanguage\":\"es-ES\",\"publisher\":{\"@id\":\"https:\\\/\\\/www.eldigitaldeasturias.com\\\/noticias\\\/#organization\"}}]}\n\t\t<\/script>\n\t\t<!-- All in One SEO Pro -->\r\n\t\t<title>James Rodr\u00edguez regresar\u00e1 al Real Madrid en junio - El Digital de Asturias<\/title>\n\n","aioseo_head_json":{"title":"James Rodr\u00edguez regresar\u00e1 al Real Madrid en junio - El Digital de Asturias","description":"Madrid, 3 may (dpa) - El futbolista colombiano James Rodr\u00edguez regresar\u00e1 al Real Madrid en junio despu\u00e9s de haber estado cedido dos temporadas en el Bayer M\u00fanich, inform\u00f3 hoy la prensa espa\u00f1ola. El Bayern no quiere ejercer la opci\u00f3n de compra por el jugador de 27 a\u00f1os, se\u00f1al\u00f3 este viernes el diario deportivo espa\u00f1ol \"Marca\".","canonical_url":"https:\/\/www.eldigitaldeasturias.com\/noticias\/james-rodriguez-regresara-al-real-madrid-en-junio\/","robots":"max-image-preview:large","keywords":"deportes","webmasterTools":{"google-site-verification":"UA-38556648-1","msvalidate.01":"7dfe9f3f1b24437ab69f4f2559babe99","miscellaneous":""},"schema":{"@context":"https:\/\/schema.org","@graph":[{"@type":"BlogPosting","@id":"https:\/\/www.eldigitaldeasturias.com\/noticias\/james-rodriguez-regresara-al-real-madrid-en-junio\/#blogposting","name":"James Rodr\u00edguez regresar\u00e1 al Real Madrid en junio - El Digital de Asturias","headline":"James Rodr\u00edguez regresar\u00e1 al Real Madrid en junio","author":{"@id":"https:\/\/www.eldigitaldeasturias.com\/noticias\/author\/admin\/#author"},"publisher":{"@id":"https:\/\/www.eldigitaldeasturias.com\/noticias\/#organization"},"image":{"@type":"ImageObject","url":"https:\/\/www.eldigitaldeasturias.com\/noticias\/wp-content\/uploads\/2019\/05\/James-Rodriguez.jpg","width":996,"height":656},"datePublished":"2019-05-05T05:29:25+02:00","dateModified":"2019-05-05T05:29:25+02:00","inLanguage":"es-ES","mainEntityOfPage":{"@id":"https:\/\/www.eldigitaldeasturias.com\/noticias\/james-rodriguez-regresara-al-real-madrid-en-junio\/#webpage"},"isPartOf":{"@id":"https:\/\/www.eldigitaldeasturias.com\/noticias\/james-rodriguez-regresara-al-real-madrid-en-junio\/#webpage"},"articleSection":"Deportes"},{"@type":"BreadcrumbList","@id":"https:\/\/www.eldigitaldeasturias.com\/noticias\/james-rodriguez-regresara-al-real-madrid-en-junio\/#breadcrumblist","itemListElement":[{"@type":"ListItem","@id":"https:\/\/www.eldigitaldeasturias.com\/noticias#listItem","position":1,"name":"Home","item":"https:\/\/www.eldigitaldeasturias.com\/noticias","nextItem":{"@type":"ListItem","@id":"https:\/\/www.eldigitaldeasturias.com\/noticias\/category\/deportes\/#listItem","name":"Deportes"}},{"@type":"ListItem","@id":"https:\/\/www.eldigitaldeasturias.com\/noticias\/category\/deportes\/#listItem","position":2,"name":"Deportes","item":"https:\/\/www.eldigitaldeasturias.com\/noticias\/category\/deportes\/","nextItem":{"@type":"ListItem","@id":"https:\/\/www.eldigitaldeasturias.com\/noticias\/james-rodriguez-regresara-al-real-madrid-en-junio\/#listItem","name":"James Rodr\u00edguez regresar\u00e1 al Real Madrid en junio"},"previousItem":{"@type":"ListItem","@id":"https:\/\/www.eldigitaldeasturias.com\/noticias#listItem","name":"Home"}},{"@type":"ListItem","@id":"https:\/\/www.eldigitaldeasturias.com\/noticias\/james-rodriguez-regresara-al-real-madrid-en-junio\/#listItem","position":3,"name":"James Rodr\u00edguez regresar\u00e1 al Real Madrid en junio","previousItem":{"@type":"ListItem","@id":"https:\/\/www.eldigitaldeasturias.com\/noticias\/category\/deportes\/#listItem","name":"Deportes"}}]},{"@type":"Organization","@id":"https:\/\/www.eldigitaldeasturias.com\/noticias\/#organization","name":"El Digital de Asturias","description":"Hemeroteca","url":"https:\/\/www.eldigitaldeasturias.com\/noticias\/","email":"info@eldigitaldeasturias.com","telephone":"+34652131393","logo":{"@type":"ImageObject","url":"https:\/\/www.eldigitaldeasturias.com\/noticias\/wp-content\/uploads\/2020\/12\/EDA.jpg","@id":"https:\/\/www.eldigitaldeasturias.com\/noticias\/james-rodriguez-regresara-al-real-madrid-en-junio\/#organizationLogo","width":649,"height":297},"image":{"@id":"https:\/\/www.eldigitaldeasturias.com\/noticias\/james-rodriguez-regresara-al-real-madrid-en-junio\/#organizationLogo"},"sameAs":["https:\/\/facebook.com\/eldigitaldeasturias","https:\/\/www.youtube.com\/channel\/UCZP-2wLEB9Rv6erhFmqVnvg"],"address":{"@id":"https:\/\/www.eldigitaldeasturias.com\/noticias\/#postaladdress","@type":"PostalAddress","streetAddress":"san antonio 4,","postalCode":"33430","addressLocality":"Cand\u00e1s","addressRegion":"Asturias","addressCountry":"ES"}},{"@type":"Person","@id":"https:\/\/www.eldigitaldeasturias.com\/noticias\/author\/admin\/#author","url":"https:\/\/www.eldigitaldeasturias.com\/noticias\/author\/admin\/","name":"El Digital de Asturias","image":{"@type":"ImageObject","@id":"https:\/\/www.eldigitaldeasturias.com\/noticias\/james-rodriguez-regresara-al-real-madrid-en-junio\/#authorImage","url":"https:\/\/www.eldigitaldeasturias.com\/noticias\/wp-content\/litespeed\/avatar\/18677e78aa0546b92d9dbf31ec7d7668.jpg?ver=1777290358","width":96,"height":96,"caption":"El Digital de Asturias"}},{"@type":"WebPage","@id":"https:\/\/www.eldigitaldeasturias.com\/noticias\/james-rodriguez-regresara-al-real-madrid-en-junio\/#webpage","url":"https:\/\/www.eldigitaldeasturias.com\/noticias\/james-rodriguez-regresara-al-real-madrid-en-junio\/","name":"James Rodr\u00edguez regresar\u00e1 al Real Madrid en junio - El Digital de Asturias","description":"Madrid, 3 may (dpa) - El futbolista colombiano James Rodr\u00edguez regresar\u00e1 al Real Madrid en junio despu\u00e9s de haber estado cedido dos temporadas en el Bayer M\u00fanich, inform\u00f3 hoy la prensa espa\u00f1ola. El Bayern no quiere ejercer la opci\u00f3n de compra por el jugador de 27 a\u00f1os, se\u00f1al\u00f3 este viernes el diario deportivo espa\u00f1ol \"Marca\".","inLanguage":"es-ES","isPartOf":{"@id":"https:\/\/www.eldigitaldeasturias.com\/noticias\/#website"},"breadcrumb":{"@id":"https:\/\/www.eldigitaldeasturias.com\/noticias\/james-rodriguez-regresara-al-real-madrid-en-junio\/#breadcrumblist"},"author":{"@id":"https:\/\/www.eldigitaldeasturias.com\/noticias\/author\/admin\/#author"},"creator":{"@id":"https:\/\/www.eldigitaldeasturias.com\/noticias\/author\/admin\/#author"},"image":{"@type":"ImageObject","url":"https:\/\/www.eldigitaldeasturias.com\/noticias\/wp-content\/uploads\/2019\/05\/James-Rodriguez.jpg","@id":"https:\/\/www.eldigitaldeasturias.com\/noticias\/james-rodriguez-regresara-al-real-madrid-en-junio\/#mainImage","width":996,"height":656},"primaryImageOfPage":{"@id":"https:\/\/www.eldigitaldeasturias.com\/noticias\/james-rodriguez-regresara-al-real-madrid-en-junio\/#mainImage"},"datePublished":"2019-05-05T05:29:25+02:00","dateModified":"2019-05-05T05:29:25+02:00"},{"@type":"WebSite","@id":"https:\/\/www.eldigitaldeasturias.com\/noticias\/#website","url":"https:\/\/www.eldigitaldeasturias.com\/noticias\/","name":"El Digital de Asturias - Diario de actualidad y noticias","alternateName":"El Digital de Asturias - Diario de actualidad y noticias","description":"Hemeroteca","inLanguage":"es-ES","publisher":{"@id":"https:\/\/www.eldigitaldeasturias.com\/noticias\/#organization"}}]},"og:locale":"es_ES","og:site_name":"El Digital de Asturias","og:type":"article","og:title":"James Rodr\u00edguez regresar\u00e1 al Real Madrid en junio - El Digital de Asturias","og:description":"Madrid, 3 may (dpa) - El futbolista colombiano James Rodr\u00edguez regresar\u00e1 al Real Madrid en junio despu\u00e9s de haber estado cedido dos temporadas en el Bayer M\u00fanich, inform\u00f3 hoy la prensa espa\u00f1ola. El Bayern no quiere ejercer la opci\u00f3n de compra por el jugador de 27 a\u00f1os, se\u00f1al\u00f3 este viernes el diario deportivo espa\u00f1ol &quot;Marca&quot;.","og:url":"https:\/\/www.eldigitaldeasturias.com\/noticias\/james-rodriguez-regresara-al-real-madrid-en-junio\/","og:image":"https:\/\/www.eldigitaldeasturias.com\/noticias\/wp-content\/uploads\/2019\/05\/James-Rodriguez.jpg","og:image:secure_url":"https:\/\/www.eldigitaldeasturias.com\/noticias\/wp-content\/uploads\/2019\/05\/James-Rodriguez.jpg","og:image:width":996,"og:image:height":656,"article:tag":["deportes"],"article:published_time":"2019-05-05T05:29:25+00:00","article:modified_time":"2019-05-05T05:29:25+00:00","article:publisher":"https:\/\/facebook.com\/eldigitaldeasturias","twitter:card":"summary_large_image","twitter:title":"James Rodr\u00edguez regresar\u00e1 al Real Madrid en junio - El Digital de Asturias","twitter:description":"Madrid, 3 may (dpa) - El futbolista colombiano James Rodr\u00edguez regresar\u00e1 al Real Madrid en junio despu\u00e9s de haber estado cedido dos temporadas en el Bayer M\u00fanich, inform\u00f3 hoy la prensa espa\u00f1ola. El Bayern no quiere ejercer la opci\u00f3n de compra por el jugador de 27 a\u00f1os, se\u00f1al\u00f3 este viernes el diario deportivo espa\u00f1ol &quot;Marca&quot;.","twitter:image":"https:\/\/www.eldigitaldeasturias.com\/noticias\/wp-content\/uploads\/2019\/05\/James-Rodriguez.jpg","twitter:label1":"Escrito por","twitter:data1":"El Digital de Asturias","twitter:label2":"Tiempo de lectura estimado","twitter:data2":"1 minuto"},"aioseo_meta_data":{"post_id":"1026171","title":null,"description":null,"keywords":null,"keyphrases":null,"primary_term":null,"canonical_url":null,"og_title":null,"og_description":null,"og_object_type":"default","og_image_type":"default","og_image_url":null,"og_image_width":null,"og_image_height":null,"og_image_custom_url":null,"og_image_custom_fields":null,"og_video":null,"og_custom_url":null,"og_article_section":null,"og_article_tags":null,"twitter_use_og":false,"twitter_card":"default","twitter_image_type":"default","twitter_image_url":null,"twitter_image_custom_url":null,"twitter_image_custom_fields":null,"twitter_title":null,"twitter_description":null,"schema":{"blockGraphs":[],"customGraphs":[],"default":{"data":{"Article":[],"Course":[],"Dataset":[],"FAQPage":[],"Movie":[],"Person":[],"Product":[],"ProductReview":[],"Car":[],"Recipe":[],"Service":[],"SoftwareApplication":[],"WebPage":[]},"graphName":"","isEnabled":true},"graphs":[],"defaultGraph":"","defaultPostTypeGraph":""},"schema_type":null,"schema_type_options":null,"pillar_content":false,"robots_default":true,"robots_noindex":false,"robots_noarchive":false,"robots_nosnippet":false,"robots_nofollow":false,"robots_noimageindex":false,"robots_noodp":false,"robots_notranslate":false,"robots_max_snippet":null,"robots_max_videopreview":null,"robots_max_imagepreview":"large","priority":null,"frequency":null,"local_seo":null,"seo_analyzer_scan_date":"2025-10-18 00:55:39","breadcrumb_settings":null,"limit_modified_date":false,"open_ai":null,"ai":null,"created":"2020-12-21 11:14:16","updated":"2025-10-18 00:55:39"},"aioseo_breadcrumb":"<div class=\"aioseo-breadcrumbs\"><span class=\"aioseo-breadcrumb\">\n\t<a href=\"https:\/\/www.eldigitaldeasturias.com\/noticias\" title=\"Home\">Home<\/a>\n<\/span><span class=\"aioseo-breadcrumb-separator\">\u2013<\/span><span class=\"aioseo-breadcrumb\">\n\t<a href=\"https:\/\/www.eldigitaldeasturias.com\/noticias\/category\/deportes\/\" title=\"Deportes\">Deportes<\/a>\n<\/span><span class=\"aioseo-breadcrumb-separator\">\u2013<\/span><span class=\"aioseo-breadcrumb\">\n\t<a href=\"https:\/\/www.eldigitaldeasturias.com\/noticias\/james-rodriguez-regresara-al-real-madrid-en-junio\/\" title=\"James Rodr\u00edguez regresar\u00e1 al Real Madrid en junio\">James Rodr\u00edguez regresar\u00e1 al Real Madrid en junio<\/a>\n<\/span><\/div>","aioseo_breadcrumb_json":[{"label":"Home","link":"https:\/\/www.eldigitaldeasturias.com\/noticias"},{"label":"Deportes","link":"https:\/\/www.eldigitaldeasturias.com\/noticias\/category\/deportes\/"},{"label":"James Rodr\u00edguez regresar\u00e1 al Real Madrid en junio","link":"https:\/\/www.eldigitaldeasturias.com\/noticias\/james-rodriguez-regresara-al-real-madrid-en-junio\/"}],"_links":{"self":[{"href":"https:\/\/www.eldigitaldeasturias.com\/noticias\/wp-json\/wp\/v2\/posts\/1026171","targetHints":{"allow":["GET"]}}],"collection":[{"href":"https:\/\/www.eldigitaldeasturias.com\/noticias\/wp-json\/wp\/v2\/posts"}],"about":[{"href":"https:\/\/www.eldigitaldeasturias.com\/noticias\/wp-json\/wp\/v2\/types\/post"}],"author":[{"embeddable":true,"href":"https:\/\/www.eldigitaldeasturias.com\/noticias\/wp-json\/wp\/v2\/users\/1"}],"replies":[{"embeddable":true,"href":"https:\/\/www.eldigitaldeasturias.com\/noticias\/wp-json\/wp\/v2\/comments?post=1026171"}],"version-history":[{"count":0,"href":"https:\/\/www.eldigitaldeasturias.com\/noticias\/wp-json\/wp\/v2\/posts\/1026171\/revisions"}],"wp:featuredmedia":[{"embeddable":true,"href":"https:\/\/www.eldigitaldeasturias.com\/noticias\/wp-json\/wp\/v2\/media\/1026172"}],"wp:attachment":[{"href":"https:\/\/www.eldigitaldeasturias.com\/noticias\/wp-json\/wp\/v2\/media?parent=1026171"}],"wp:term":[{"taxonomy":"category","embeddable":true,"href":"https:\/\/www.eldigitaldeasturias.com\/noticias\/wp-json\/wp\/v2\/categories?post=1026171"},{"taxonomy":"post_tag","embeddable":true,"href":"https:\/\/www.eldigitaldeasturias.com\/noticias\/wp-json\/wp\/v2\/tags?post=1026171"}],"curies":[{"name":"wp","href":"https:\/\/api.w.org\/{rel}","templated":true}]}}