{"id":1026159,"date":"2019-05-05T05:13:41","date_gmt":"2019-05-05T05:13:41","guid":{"rendered":"https:\/\/www.eldigitaldeasturias.com\/noticias\/?p=1026159"},"modified":"2019-05-05T05:13:41","modified_gmt":"2019-05-05T05:13:41","slug":"comienza-la-construccion-de-la-nueva-ciudad-deportiva-de-la-dfb","status":"publish","type":"post","link":"https:\/\/www.eldigitaldeasturias.com\/noticias\/comienza-la-construccion-de-la-nueva-ciudad-deportiva-de-la-dfb\/","title":{"rendered":"Comienza la construcci\u00f3n de la nueva ciudad deportiva de la DFB"},"content":{"rendered":"<p><img loading=\"lazy\" decoding=\"async\" class=\"alignleft size-medium wp-image-985209\" src=\"https:\/\/www.eldigitaldeasturias.com\/noticias\/wp-content\/uploads\/2018\/06\/football-1406106_960_720-360x241.jpg\" alt=\"\" width=\"360\" height=\"241\" srcset=\"https:\/\/www.eldigitaldeasturias.com\/noticias\/wp-content\/uploads\/2018\/06\/football-1406106_960_720-360x241.jpg 360w, https:\/\/www.eldigitaldeasturias.com\/noticias\/wp-content\/uploads\/2018\/06\/football-1406106_960_720-448x300.jpg 448w, https:\/\/www.eldigitaldeasturias.com\/noticias\/wp-content\/uploads\/2018\/06\/football-1406106_960_720-768x514.jpg 768w, https:\/\/www.eldigitaldeasturias.com\/noticias\/wp-content\/uploads\/2018\/06\/football-1406106_960_720-690x462.jpg 690w, https:\/\/www.eldigitaldeasturias.com\/noticias\/wp-content\/uploads\/2018\/06\/football-1406106_960_720-20x13.jpg 20w, https:\/\/www.eldigitaldeasturias.com\/noticias\/wp-content\/uploads\/2018\/06\/football-1406106_960_720.jpg 960w\" sizes=\"auto, (max-width: 360px) 100vw, 360px\" \/>Fr\u00e1ncfort, 3 may (dpa) &#8211; Las labores construcci\u00f3n de la nueva ciudad deportiva de la Federaci\u00f3n Alemana de F\u00fatbol (DFB), la \u00abAkademie\u00bb, comenzaron hoy en Fr\u00e1ncfort con una llamativa ceremonia y se espera que la instalaci\u00f3n abra sus puertas a finales de 2021.<\/p>\n<p>Los presidentes en funciones de la DFB, Rainer Koch y Reinhard Rauball, estuvieron presentes en el acto de colocaci\u00f3n de la primera piedra del centro junto con el alcalde de Fr\u00e1ncfort, Peter Feldmann, en el lugar elegido en un antiguo hip\u00f3dromo.<\/p>\n<p>\u00abLa construcci\u00f3n de la nueva (sede central) de la DFB y su academia es el proyecto central de nuestra federaci\u00f3n, junto con la organizaci\u00f3n de la Eurocopa 2024 en Alemania. La selecci\u00f3n absoluta y las categor\u00edas inferiores se beneficiar\u00e1n de igual manera\u00bb, dijo Koch.<\/p>\n<p>El \u00e1rea con edificios de administraci\u00f3n y campos de entrenamiento mide nueve hect\u00e1reas y el proyecto costar\u00e1 150 millones de euros (168 millones de d\u00f3lares).<\/p>\n<p>Al finalizar las obras, la academia se convertir\u00e1 en el principal centro de capacitaci\u00f3n para todos los equipos de la DFB.<\/p>\n<p>Hasta ahora, las selecciones nacionales absolutas masculina y femenina, as\u00ed como las selecciones nacionales de las categor\u00edas inferiores, se preparan en su mayor\u00eda en las proximidades de las ciudades alemanas donde juegan sus partidos.<\/p>\n<p>En el futuro, la nueva \u00abAkademie\u00bb permitir\u00e1 a varios equipos entrenarse de forma simult\u00e1nea en Fr\u00e1ncfort para sus encuentros.<\/p>\n","protected":false},"excerpt":{"rendered":"<p>Fr\u00e1ncfort, 3 may (dpa) &#8211; Las labores construcci\u00f3n de la nueva ciudad deportiva de la Federaci\u00f3n Alemana de F\u00fatbol (DFB), la \u00abAkademie\u00bb, comenzaron hoy en Fr\u00e1ncfort con una llamativa ceremonia y se espera que la instalaci\u00f3n abra sus puertas a finales de 2021. Los presidentes en funciones de la DFB, Rainer Koch y Reinhard Rauball, [&hellip;]<\/p>\n","protected":false},"author":1,"featured_media":985209,"comment_status":"closed","ping_status":"closed","sticky":false,"template":"","format":"standard","meta":{"footnotes":""},"categories":[190],"tags":[],"class_list":["post-1026159","post","type-post","status-publish","format-standard","has-post-thumbnail","hentry","category-deportes"],"aioseo_notices":[],"aioseo_head":"\n\t\t<!-- All in One SEO Pro 4.9.6.2 - aioseo.com -->\n\t<meta name=\"description\" content=\"Fr\u00e1ncfort, 3 may (dpa) - Las labores construcci\u00f3n de la nueva ciudad deportiva de la Federaci\u00f3n Alemana de F\u00fatbol (DFB), la &quot;Akademie&quot;, comenzaron hoy en Fr\u00e1ncfort con una llamativa ceremonia y se espera que la instalaci\u00f3n abra sus puertas a finales de 2021. Los presidentes en funciones de la DFB, Rainer Koch y Reinhard Rauball,\" \/>\n\t<meta name=\"robots\" content=\"max-image-preview:large\" \/>\n\t<meta name=\"author\" content=\"El Digital de Asturias\"\/>\n\t<meta name=\"google-site-verification\" content=\"UA-38556648-1\" \/>\n\t<meta name=\"msvalidate.01\" content=\"7dfe9f3f1b24437ab69f4f2559babe99\" \/>\n\t<meta name=\"keywords\" content=\"deportes\" \/>\n\t<link rel=\"canonical\" href=\"https:\/\/www.eldigitaldeasturias.com\/noticias\/comienza-la-construccion-de-la-nueva-ciudad-deportiva-de-la-dfb\/\" \/>\n\t<meta name=\"generator\" content=\"All in One SEO Pro (AIOSEO) 4.9.6.2\" \/>\n\t\t<meta property=\"og:locale\" content=\"es_ES\" \/>\n\t\t<meta property=\"og:site_name\" content=\"El Digital de Asturias\" \/>\n\t\t<meta property=\"og:type\" content=\"article\" \/>\n\t\t<meta property=\"og:title\" content=\"Comienza la construcci\u00f3n de la nueva ciudad deportiva de la DFB - El Digital de Asturias\" \/>\n\t\t<meta property=\"og:description\" content=\"Fr\u00e1ncfort, 3 may (dpa) - Las labores construcci\u00f3n de la nueva ciudad deportiva de la Federaci\u00f3n Alemana de F\u00fatbol (DFB), la &quot;Akademie&quot;, comenzaron hoy en Fr\u00e1ncfort con una llamativa ceremonia y se espera que la instalaci\u00f3n abra sus puertas a finales de 2021. Los presidentes en funciones de la DFB, Rainer Koch y Reinhard Rauball,\" \/>\n\t\t<meta property=\"og:url\" content=\"https:\/\/www.eldigitaldeasturias.com\/noticias\/comienza-la-construccion-de-la-nueva-ciudad-deportiva-de-la-dfb\/\" \/>\n\t\t<meta property=\"og:image\" content=\"https:\/\/www.eldigitaldeasturias.com\/noticias\/wp-content\/uploads\/2018\/06\/football-1406106_960_720.jpg\" \/>\n\t\t<meta property=\"og:image:secure_url\" content=\"https:\/\/www.eldigitaldeasturias.com\/noticias\/wp-content\/uploads\/2018\/06\/football-1406106_960_720.jpg\" \/>\n\t\t<meta property=\"og:image:width\" content=\"960\" \/>\n\t\t<meta property=\"og:image:height\" content=\"643\" \/>\n\t\t<meta property=\"article:tag\" content=\"deportes\" \/>\n\t\t<meta property=\"article:published_time\" content=\"2019-05-05T05:13:41+00:00\" \/>\n\t\t<meta property=\"article:modified_time\" content=\"2019-05-05T05:13:41+00:00\" \/>\n\t\t<meta property=\"article:publisher\" content=\"https:\/\/facebook.com\/eldigitaldeasturias\" \/>\n\t\t<meta name=\"twitter:card\" content=\"summary_large_image\" \/>\n\t\t<meta name=\"twitter:title\" content=\"Comienza la construcci\u00f3n de la nueva ciudad deportiva de la DFB - El Digital de Asturias\" \/>\n\t\t<meta name=\"twitter:description\" content=\"Fr\u00e1ncfort, 3 may (dpa) - Las labores construcci\u00f3n de la nueva ciudad deportiva de la Federaci\u00f3n Alemana de F\u00fatbol (DFB), la &quot;Akademie&quot;, comenzaron hoy en Fr\u00e1ncfort con una llamativa ceremonia y se espera que la instalaci\u00f3n abra sus puertas a finales de 2021. Los presidentes en funciones de la DFB, Rainer Koch y Reinhard Rauball,\" \/>\n\t\t<meta name=\"twitter:image\" content=\"https:\/\/www.eldigitaldeasturias.com\/noticias\/wp-content\/uploads\/2018\/06\/football-1406106_960_720.jpg\" \/>\n\t\t<meta name=\"twitter:label1\" content=\"Escrito por\" \/>\n\t\t<meta name=\"twitter:data1\" content=\"El Digital de Asturias\" \/>\n\t\t<meta name=\"twitter:label2\" content=\"Tiempo de lectura estimado\" \/>\n\t\t<meta name=\"twitter:data2\" content=\"1 minuto\" \/>\n\t\t<script type=\"application\/ld+json\" class=\"aioseo-schema\">\n\t\t\t{\"@context\":\"https:\\\/\\\/schema.org\",\"@graph\":[{\"@type\":\"BlogPosting\",\"@id\":\"https:\\\/\\\/www.eldigitaldeasturias.com\\\/noticias\\\/comienza-la-construccion-de-la-nueva-ciudad-deportiva-de-la-dfb\\\/#blogposting\",\"name\":\"Comienza la construcci\\u00f3n de la nueva ciudad deportiva de la DFB - El Digital de Asturias\",\"headline\":\"Comienza la construcci\\u00f3n de la nueva ciudad deportiva de la DFB\",\"author\":{\"@id\":\"https:\\\/\\\/www.eldigitaldeasturias.com\\\/noticias\\\/author\\\/admin\\\/#author\"},\"publisher\":{\"@id\":\"https:\\\/\\\/www.eldigitaldeasturias.com\\\/noticias\\\/#organization\"},\"image\":{\"@type\":\"ImageObject\",\"url\":\"https:\\\/\\\/www.eldigitaldeasturias.com\\\/noticias\\\/wp-content\\\/uploads\\\/2018\\\/06\\\/football-1406106_960_720.jpg\",\"width\":960,\"height\":643},\"datePublished\":\"2019-05-05T05:13:41+02:00\",\"dateModified\":\"2019-05-05T05:13:41+02:00\",\"inLanguage\":\"es-ES\",\"mainEntityOfPage\":{\"@id\":\"https:\\\/\\\/www.eldigitaldeasturias.com\\\/noticias\\\/comienza-la-construccion-de-la-nueva-ciudad-deportiva-de-la-dfb\\\/#webpage\"},\"isPartOf\":{\"@id\":\"https:\\\/\\\/www.eldigitaldeasturias.com\\\/noticias\\\/comienza-la-construccion-de-la-nueva-ciudad-deportiva-de-la-dfb\\\/#webpage\"},\"articleSection\":\"Deportes\"},{\"@type\":\"BreadcrumbList\",\"@id\":\"https:\\\/\\\/www.eldigitaldeasturias.com\\\/noticias\\\/comienza-la-construccion-de-la-nueva-ciudad-deportiva-de-la-dfb\\\/#breadcrumblist\",\"itemListElement\":[{\"@type\":\"ListItem\",\"@id\":\"https:\\\/\\\/www.eldigitaldeasturias.com\\\/noticias#listItem\",\"position\":1,\"name\":\"Home\",\"item\":\"https:\\\/\\\/www.eldigitaldeasturias.com\\\/noticias\",\"nextItem\":{\"@type\":\"ListItem\",\"@id\":\"https:\\\/\\\/www.eldigitaldeasturias.com\\\/noticias\\\/category\\\/deportes\\\/#listItem\",\"name\":\"Deportes\"}},{\"@type\":\"ListItem\",\"@id\":\"https:\\\/\\\/www.eldigitaldeasturias.com\\\/noticias\\\/category\\\/deportes\\\/#listItem\",\"position\":2,\"name\":\"Deportes\",\"item\":\"https:\\\/\\\/www.eldigitaldeasturias.com\\\/noticias\\\/category\\\/deportes\\\/\",\"nextItem\":{\"@type\":\"ListItem\",\"@id\":\"https:\\\/\\\/www.eldigitaldeasturias.com\\\/noticias\\\/comienza-la-construccion-de-la-nueva-ciudad-deportiva-de-la-dfb\\\/#listItem\",\"name\":\"Comienza la construcci\\u00f3n de la nueva ciudad deportiva de la DFB\"},\"previousItem\":{\"@type\":\"ListItem\",\"@id\":\"https:\\\/\\\/www.eldigitaldeasturias.com\\\/noticias#listItem\",\"name\":\"Home\"}},{\"@type\":\"ListItem\",\"@id\":\"https:\\\/\\\/www.eldigitaldeasturias.com\\\/noticias\\\/comienza-la-construccion-de-la-nueva-ciudad-deportiva-de-la-dfb\\\/#listItem\",\"position\":3,\"name\":\"Comienza la construcci\\u00f3n de la nueva ciudad deportiva de la DFB\",\"previousItem\":{\"@type\":\"ListItem\",\"@id\":\"https:\\\/\\\/www.eldigitaldeasturias.com\\\/noticias\\\/category\\\/deportes\\\/#listItem\",\"name\":\"Deportes\"}}]},{\"@type\":\"Organization\",\"@id\":\"https:\\\/\\\/www.eldigitaldeasturias.com\\\/noticias\\\/#organization\",\"name\":\"El Digital de Asturias\",\"description\":\"Hemeroteca\",\"url\":\"https:\\\/\\\/www.eldigitaldeasturias.com\\\/noticias\\\/\",\"email\":\"info@eldigitaldeasturias.com\",\"telephone\":\"+34652131393\",\"logo\":{\"@type\":\"ImageObject\",\"url\":\"https:\\\/\\\/www.eldigitaldeasturias.com\\\/noticias\\\/wp-content\\\/uploads\\\/2020\\\/12\\\/EDA.jpg\",\"@id\":\"https:\\\/\\\/www.eldigitaldeasturias.com\\\/noticias\\\/comienza-la-construccion-de-la-nueva-ciudad-deportiva-de-la-dfb\\\/#organizationLogo\",\"width\":649,\"height\":297},\"image\":{\"@id\":\"https:\\\/\\\/www.eldigitaldeasturias.com\\\/noticias\\\/comienza-la-construccion-de-la-nueva-ciudad-deportiva-de-la-dfb\\\/#organizationLogo\"},\"sameAs\":[\"https:\\\/\\\/facebook.com\\\/eldigitaldeasturias\",\"https:\\\/\\\/www.youtube.com\\\/channel\\\/UCZP-2wLEB9Rv6erhFmqVnvg\"],\"address\":{\"@id\":\"https:\\\/\\\/www.eldigitaldeasturias.com\\\/noticias\\\/#postaladdress\",\"@type\":\"PostalAddress\",\"streetAddress\":\"san antonio 4,\",\"postalCode\":\"33430\",\"addressLocality\":\"Cand\\u00e1s\",\"addressRegion\":\"Asturias\",\"addressCountry\":\"ES\"}},{\"@type\":\"Person\",\"@id\":\"https:\\\/\\\/www.eldigitaldeasturias.com\\\/noticias\\\/author\\\/admin\\\/#author\",\"url\":\"https:\\\/\\\/www.eldigitaldeasturias.com\\\/noticias\\\/author\\\/admin\\\/\",\"name\":\"El Digital de Asturias\",\"image\":{\"@type\":\"ImageObject\",\"@id\":\"https:\\\/\\\/www.eldigitaldeasturias.com\\\/noticias\\\/comienza-la-construccion-de-la-nueva-ciudad-deportiva-de-la-dfb\\\/#authorImage\",\"url\":\"https:\\\/\\\/www.eldigitaldeasturias.com\\\/noticias\\\/wp-content\\\/litespeed\\\/avatar\\\/18677e78aa0546b92d9dbf31ec7d7668.jpg?ver=1777290358\",\"width\":96,\"height\":96,\"caption\":\"El Digital de Asturias\"}},{\"@type\":\"WebPage\",\"@id\":\"https:\\\/\\\/www.eldigitaldeasturias.com\\\/noticias\\\/comienza-la-construccion-de-la-nueva-ciudad-deportiva-de-la-dfb\\\/#webpage\",\"url\":\"https:\\\/\\\/www.eldigitaldeasturias.com\\\/noticias\\\/comienza-la-construccion-de-la-nueva-ciudad-deportiva-de-la-dfb\\\/\",\"name\":\"Comienza la construcci\\u00f3n de la nueva ciudad deportiva de la DFB - El Digital de Asturias\",\"description\":\"Fr\\u00e1ncfort, 3 may (dpa) - Las labores construcci\\u00f3n de la nueva ciudad deportiva de la Federaci\\u00f3n Alemana de F\\u00fatbol (DFB), la \\\"Akademie\\\", comenzaron hoy en Fr\\u00e1ncfort con una llamativa ceremonia y se espera que la instalaci\\u00f3n abra sus puertas a finales de 2021. Los presidentes en funciones de la DFB, Rainer Koch y Reinhard Rauball,\",\"inLanguage\":\"es-ES\",\"isPartOf\":{\"@id\":\"https:\\\/\\\/www.eldigitaldeasturias.com\\\/noticias\\\/#website\"},\"breadcrumb\":{\"@id\":\"https:\\\/\\\/www.eldigitaldeasturias.com\\\/noticias\\\/comienza-la-construccion-de-la-nueva-ciudad-deportiva-de-la-dfb\\\/#breadcrumblist\"},\"author\":{\"@id\":\"https:\\\/\\\/www.eldigitaldeasturias.com\\\/noticias\\\/author\\\/admin\\\/#author\"},\"creator\":{\"@id\":\"https:\\\/\\\/www.eldigitaldeasturias.com\\\/noticias\\\/author\\\/admin\\\/#author\"},\"image\":{\"@type\":\"ImageObject\",\"url\":\"https:\\\/\\\/www.eldigitaldeasturias.com\\\/noticias\\\/wp-content\\\/uploads\\\/2018\\\/06\\\/football-1406106_960_720.jpg\",\"@id\":\"https:\\\/\\\/www.eldigitaldeasturias.com\\\/noticias\\\/comienza-la-construccion-de-la-nueva-ciudad-deportiva-de-la-dfb\\\/#mainImage\",\"width\":960,\"height\":643},\"primaryImageOfPage\":{\"@id\":\"https:\\\/\\\/www.eldigitaldeasturias.com\\\/noticias\\\/comienza-la-construccion-de-la-nueva-ciudad-deportiva-de-la-dfb\\\/#mainImage\"},\"datePublished\":\"2019-05-05T05:13:41+02:00\",\"dateModified\":\"2019-05-05T05:13:41+02:00\"},{\"@type\":\"WebSite\",\"@id\":\"https:\\\/\\\/www.eldigitaldeasturias.com\\\/noticias\\\/#website\",\"url\":\"https:\\\/\\\/www.eldigitaldeasturias.com\\\/noticias\\\/\",\"name\":\"El Digital de Asturias - Diario de actualidad y noticias\",\"alternateName\":\"El Digital de Asturias - Diario de actualidad y noticias\",\"description\":\"Hemeroteca\",\"inLanguage\":\"es-ES\",\"publisher\":{\"@id\":\"https:\\\/\\\/www.eldigitaldeasturias.com\\\/noticias\\\/#organization\"}}]}\n\t\t<\/script>\n\t\t<!-- All in One SEO Pro -->\r\n\t\t<title>Comienza la construcci\u00f3n de la nueva ciudad deportiva de la DFB - El Digital de Asturias<\/title>\n\n","aioseo_head_json":{"title":"Comienza la construcci\u00f3n de la nueva ciudad deportiva de la DFB - El Digital de Asturias","description":"Fr\u00e1ncfort, 3 may (dpa) - Las labores construcci\u00f3n de la nueva ciudad deportiva de la Federaci\u00f3n Alemana de F\u00fatbol (DFB), la \"Akademie\", comenzaron hoy en Fr\u00e1ncfort con una llamativa ceremonia y se espera que la instalaci\u00f3n abra sus puertas a finales de 2021. Los presidentes en funciones de la DFB, Rainer Koch y Reinhard Rauball,","canonical_url":"https:\/\/www.eldigitaldeasturias.com\/noticias\/comienza-la-construccion-de-la-nueva-ciudad-deportiva-de-la-dfb\/","robots":"max-image-preview:large","keywords":"deportes","webmasterTools":{"google-site-verification":"UA-38556648-1","msvalidate.01":"7dfe9f3f1b24437ab69f4f2559babe99","miscellaneous":""},"schema":{"@context":"https:\/\/schema.org","@graph":[{"@type":"BlogPosting","@id":"https:\/\/www.eldigitaldeasturias.com\/noticias\/comienza-la-construccion-de-la-nueva-ciudad-deportiva-de-la-dfb\/#blogposting","name":"Comienza la construcci\u00f3n de la nueva ciudad deportiva de la DFB - El Digital de Asturias","headline":"Comienza la construcci\u00f3n de la nueva ciudad deportiva de la DFB","author":{"@id":"https:\/\/www.eldigitaldeasturias.com\/noticias\/author\/admin\/#author"},"publisher":{"@id":"https:\/\/www.eldigitaldeasturias.com\/noticias\/#organization"},"image":{"@type":"ImageObject","url":"https:\/\/www.eldigitaldeasturias.com\/noticias\/wp-content\/uploads\/2018\/06\/football-1406106_960_720.jpg","width":960,"height":643},"datePublished":"2019-05-05T05:13:41+02:00","dateModified":"2019-05-05T05:13:41+02:00","inLanguage":"es-ES","mainEntityOfPage":{"@id":"https:\/\/www.eldigitaldeasturias.com\/noticias\/comienza-la-construccion-de-la-nueva-ciudad-deportiva-de-la-dfb\/#webpage"},"isPartOf":{"@id":"https:\/\/www.eldigitaldeasturias.com\/noticias\/comienza-la-construccion-de-la-nueva-ciudad-deportiva-de-la-dfb\/#webpage"},"articleSection":"Deportes"},{"@type":"BreadcrumbList","@id":"https:\/\/www.eldigitaldeasturias.com\/noticias\/comienza-la-construccion-de-la-nueva-ciudad-deportiva-de-la-dfb\/#breadcrumblist","itemListElement":[{"@type":"ListItem","@id":"https:\/\/www.eldigitaldeasturias.com\/noticias#listItem","position":1,"name":"Home","item":"https:\/\/www.eldigitaldeasturias.com\/noticias","nextItem":{"@type":"ListItem","@id":"https:\/\/www.eldigitaldeasturias.com\/noticias\/category\/deportes\/#listItem","name":"Deportes"}},{"@type":"ListItem","@id":"https:\/\/www.eldigitaldeasturias.com\/noticias\/category\/deportes\/#listItem","position":2,"name":"Deportes","item":"https:\/\/www.eldigitaldeasturias.com\/noticias\/category\/deportes\/","nextItem":{"@type":"ListItem","@id":"https:\/\/www.eldigitaldeasturias.com\/noticias\/comienza-la-construccion-de-la-nueva-ciudad-deportiva-de-la-dfb\/#listItem","name":"Comienza la construcci\u00f3n de la nueva ciudad deportiva de la DFB"},"previousItem":{"@type":"ListItem","@id":"https:\/\/www.eldigitaldeasturias.com\/noticias#listItem","name":"Home"}},{"@type":"ListItem","@id":"https:\/\/www.eldigitaldeasturias.com\/noticias\/comienza-la-construccion-de-la-nueva-ciudad-deportiva-de-la-dfb\/#listItem","position":3,"name":"Comienza la construcci\u00f3n de la nueva ciudad deportiva de la DFB","previousItem":{"@type":"ListItem","@id":"https:\/\/www.eldigitaldeasturias.com\/noticias\/category\/deportes\/#listItem","name":"Deportes"}}]},{"@type":"Organization","@id":"https:\/\/www.eldigitaldeasturias.com\/noticias\/#organization","name":"El Digital de Asturias","description":"Hemeroteca","url":"https:\/\/www.eldigitaldeasturias.com\/noticias\/","email":"info@eldigitaldeasturias.com","telephone":"+34652131393","logo":{"@type":"ImageObject","url":"https:\/\/www.eldigitaldeasturias.com\/noticias\/wp-content\/uploads\/2020\/12\/EDA.jpg","@id":"https:\/\/www.eldigitaldeasturias.com\/noticias\/comienza-la-construccion-de-la-nueva-ciudad-deportiva-de-la-dfb\/#organizationLogo","width":649,"height":297},"image":{"@id":"https:\/\/www.eldigitaldeasturias.com\/noticias\/comienza-la-construccion-de-la-nueva-ciudad-deportiva-de-la-dfb\/#organizationLogo"},"sameAs":["https:\/\/facebook.com\/eldigitaldeasturias","https:\/\/www.youtube.com\/channel\/UCZP-2wLEB9Rv6erhFmqVnvg"],"address":{"@id":"https:\/\/www.eldigitaldeasturias.com\/noticias\/#postaladdress","@type":"PostalAddress","streetAddress":"san antonio 4,","postalCode":"33430","addressLocality":"Cand\u00e1s","addressRegion":"Asturias","addressCountry":"ES"}},{"@type":"Person","@id":"https:\/\/www.eldigitaldeasturias.com\/noticias\/author\/admin\/#author","url":"https:\/\/www.eldigitaldeasturias.com\/noticias\/author\/admin\/","name":"El Digital de Asturias","image":{"@type":"ImageObject","@id":"https:\/\/www.eldigitaldeasturias.com\/noticias\/comienza-la-construccion-de-la-nueva-ciudad-deportiva-de-la-dfb\/#authorImage","url":"https:\/\/www.eldigitaldeasturias.com\/noticias\/wp-content\/litespeed\/avatar\/18677e78aa0546b92d9dbf31ec7d7668.jpg?ver=1777290358","width":96,"height":96,"caption":"El Digital de Asturias"}},{"@type":"WebPage","@id":"https:\/\/www.eldigitaldeasturias.com\/noticias\/comienza-la-construccion-de-la-nueva-ciudad-deportiva-de-la-dfb\/#webpage","url":"https:\/\/www.eldigitaldeasturias.com\/noticias\/comienza-la-construccion-de-la-nueva-ciudad-deportiva-de-la-dfb\/","name":"Comienza la construcci\u00f3n de la nueva ciudad deportiva de la DFB - El Digital de Asturias","description":"Fr\u00e1ncfort, 3 may (dpa) - Las labores construcci\u00f3n de la nueva ciudad deportiva de la Federaci\u00f3n Alemana de F\u00fatbol (DFB), la \"Akademie\", comenzaron hoy en Fr\u00e1ncfort con una llamativa ceremonia y se espera que la instalaci\u00f3n abra sus puertas a finales de 2021. Los presidentes en funciones de la DFB, Rainer Koch y Reinhard Rauball,","inLanguage":"es-ES","isPartOf":{"@id":"https:\/\/www.eldigitaldeasturias.com\/noticias\/#website"},"breadcrumb":{"@id":"https:\/\/www.eldigitaldeasturias.com\/noticias\/comienza-la-construccion-de-la-nueva-ciudad-deportiva-de-la-dfb\/#breadcrumblist"},"author":{"@id":"https:\/\/www.eldigitaldeasturias.com\/noticias\/author\/admin\/#author"},"creator":{"@id":"https:\/\/www.eldigitaldeasturias.com\/noticias\/author\/admin\/#author"},"image":{"@type":"ImageObject","url":"https:\/\/www.eldigitaldeasturias.com\/noticias\/wp-content\/uploads\/2018\/06\/football-1406106_960_720.jpg","@id":"https:\/\/www.eldigitaldeasturias.com\/noticias\/comienza-la-construccion-de-la-nueva-ciudad-deportiva-de-la-dfb\/#mainImage","width":960,"height":643},"primaryImageOfPage":{"@id":"https:\/\/www.eldigitaldeasturias.com\/noticias\/comienza-la-construccion-de-la-nueva-ciudad-deportiva-de-la-dfb\/#mainImage"},"datePublished":"2019-05-05T05:13:41+02:00","dateModified":"2019-05-05T05:13:41+02:00"},{"@type":"WebSite","@id":"https:\/\/www.eldigitaldeasturias.com\/noticias\/#website","url":"https:\/\/www.eldigitaldeasturias.com\/noticias\/","name":"El Digital de Asturias - Diario de actualidad y noticias","alternateName":"El Digital de Asturias - Diario de actualidad y noticias","description":"Hemeroteca","inLanguage":"es-ES","publisher":{"@id":"https:\/\/www.eldigitaldeasturias.com\/noticias\/#organization"}}]},"og:locale":"es_ES","og:site_name":"El Digital de Asturias","og:type":"article","og:title":"Comienza la construcci\u00f3n de la nueva ciudad deportiva de la DFB - El Digital de Asturias","og:description":"Fr\u00e1ncfort, 3 may (dpa) - Las labores construcci\u00f3n de la nueva ciudad deportiva de la Federaci\u00f3n Alemana de F\u00fatbol (DFB), la &quot;Akademie&quot;, comenzaron hoy en Fr\u00e1ncfort con una llamativa ceremonia y se espera que la instalaci\u00f3n abra sus puertas a finales de 2021. Los presidentes en funciones de la DFB, Rainer Koch y Reinhard Rauball,","og:url":"https:\/\/www.eldigitaldeasturias.com\/noticias\/comienza-la-construccion-de-la-nueva-ciudad-deportiva-de-la-dfb\/","og:image":"https:\/\/www.eldigitaldeasturias.com\/noticias\/wp-content\/uploads\/2018\/06\/football-1406106_960_720.jpg","og:image:secure_url":"https:\/\/www.eldigitaldeasturias.com\/noticias\/wp-content\/uploads\/2018\/06\/football-1406106_960_720.jpg","og:image:width":960,"og:image:height":643,"article:tag":["deportes"],"article:published_time":"2019-05-05T05:13:41+00:00","article:modified_time":"2019-05-05T05:13:41+00:00","article:publisher":"https:\/\/facebook.com\/eldigitaldeasturias","twitter:card":"summary_large_image","twitter:title":"Comienza la construcci\u00f3n de la nueva ciudad deportiva de la DFB - El Digital de Asturias","twitter:description":"Fr\u00e1ncfort, 3 may (dpa) - Las labores construcci\u00f3n de la nueva ciudad deportiva de la Federaci\u00f3n Alemana de F\u00fatbol (DFB), la &quot;Akademie&quot;, comenzaron hoy en Fr\u00e1ncfort con una llamativa ceremonia y se espera que la instalaci\u00f3n abra sus puertas a finales de 2021. Los presidentes en funciones de la DFB, Rainer Koch y Reinhard Rauball,","twitter:image":"https:\/\/www.eldigitaldeasturias.com\/noticias\/wp-content\/uploads\/2018\/06\/football-1406106_960_720.jpg","twitter:label1":"Escrito por","twitter:data1":"El Digital de Asturias","twitter:label2":"Tiempo de lectura estimado","twitter:data2":"1 minuto"},"aioseo_meta_data":{"post_id":"1026159","title":null,"description":null,"keywords":null,"keyphrases":null,"primary_term":null,"canonical_url":null,"og_title":null,"og_description":null,"og_object_type":"default","og_image_type":"default","og_image_url":null,"og_image_width":null,"og_image_height":null,"og_image_custom_url":null,"og_image_custom_fields":null,"og_video":null,"og_custom_url":null,"og_article_section":null,"og_article_tags":null,"twitter_use_og":false,"twitter_card":"default","twitter_image_type":"default","twitter_image_url":null,"twitter_image_custom_url":null,"twitter_image_custom_fields":null,"twitter_title":null,"twitter_description":null,"schema":{"blockGraphs":[],"customGraphs":[],"default":{"data":{"Article":[],"Course":[],"Dataset":[],"FAQPage":[],"Movie":[],"Person":[],"Product":[],"ProductReview":[],"Car":[],"Recipe":[],"Service":[],"SoftwareApplication":[],"WebPage":[]},"graphName":"","isEnabled":true},"graphs":[],"defaultGraph":"","defaultPostTypeGraph":""},"schema_type":null,"schema_type_options":null,"pillar_content":false,"robots_default":true,"robots_noindex":false,"robots_noarchive":false,"robots_nosnippet":false,"robots_nofollow":false,"robots_noimageindex":false,"robots_noodp":false,"robots_notranslate":false,"robots_max_snippet":null,"robots_max_videopreview":null,"robots_max_imagepreview":"large","priority":null,"frequency":null,"local_seo":null,"seo_analyzer_scan_date":"2025-10-18 00:53:12","breadcrumb_settings":null,"limit_modified_date":false,"open_ai":null,"ai":null,"created":"2020-12-21 11:14:16","updated":"2025-10-18 00:53:12"},"aioseo_breadcrumb":"<div class=\"aioseo-breadcrumbs\"><span class=\"aioseo-breadcrumb\">\n\t<a href=\"https:\/\/www.eldigitaldeasturias.com\/noticias\" title=\"Home\">Home<\/a>\n<\/span><span class=\"aioseo-breadcrumb-separator\">\u2013<\/span><span class=\"aioseo-breadcrumb\">\n\t<a href=\"https:\/\/www.eldigitaldeasturias.com\/noticias\/category\/deportes\/\" title=\"Deportes\">Deportes<\/a>\n<\/span><span class=\"aioseo-breadcrumb-separator\">\u2013<\/span><span class=\"aioseo-breadcrumb\">\n\t<a href=\"https:\/\/www.eldigitaldeasturias.com\/noticias\/comienza-la-construccion-de-la-nueva-ciudad-deportiva-de-la-dfb\/\" title=\"Comienza la construcci\u00f3n de la nueva ciudad deportiva de la DFB\">Comienza la construcci\u00f3n de la nueva ciudad deportiva de la DFB<\/a>\n<\/span><\/div>","aioseo_breadcrumb_json":[{"label":"Home","link":"https:\/\/www.eldigitaldeasturias.com\/noticias"},{"label":"Deportes","link":"https:\/\/www.eldigitaldeasturias.com\/noticias\/category\/deportes\/"},{"label":"Comienza la construcci\u00f3n de la nueva ciudad deportiva de la DFB","link":"https:\/\/www.eldigitaldeasturias.com\/noticias\/comienza-la-construccion-de-la-nueva-ciudad-deportiva-de-la-dfb\/"}],"_links":{"self":[{"href":"https:\/\/www.eldigitaldeasturias.com\/noticias\/wp-json\/wp\/v2\/posts\/1026159","targetHints":{"allow":["GET"]}}],"collection":[{"href":"https:\/\/www.eldigitaldeasturias.com\/noticias\/wp-json\/wp\/v2\/posts"}],"about":[{"href":"https:\/\/www.eldigitaldeasturias.com\/noticias\/wp-json\/wp\/v2\/types\/post"}],"author":[{"embeddable":true,"href":"https:\/\/www.eldigitaldeasturias.com\/noticias\/wp-json\/wp\/v2\/users\/1"}],"replies":[{"embeddable":true,"href":"https:\/\/www.eldigitaldeasturias.com\/noticias\/wp-json\/wp\/v2\/comments?post=1026159"}],"version-history":[{"count":0,"href":"https:\/\/www.eldigitaldeasturias.com\/noticias\/wp-json\/wp\/v2\/posts\/1026159\/revisions"}],"wp:featuredmedia":[{"embeddable":true,"href":"https:\/\/www.eldigitaldeasturias.com\/noticias\/wp-json\/wp\/v2\/media\/985209"}],"wp:attachment":[{"href":"https:\/\/www.eldigitaldeasturias.com\/noticias\/wp-json\/wp\/v2\/media?parent=1026159"}],"wp:term":[{"taxonomy":"category","embeddable":true,"href":"https:\/\/www.eldigitaldeasturias.com\/noticias\/wp-json\/wp\/v2\/categories?post=1026159"},{"taxonomy":"post_tag","embeddable":true,"href":"https:\/\/www.eldigitaldeasturias.com\/noticias\/wp-json\/wp\/v2\/tags?post=1026159"}],"curies":[{"name":"wp","href":"https:\/\/api.w.org\/{rel}","templated":true}]}}