{"id":1025974,"date":"2019-05-03T11:50:55","date_gmt":"2019-05-03T11:50:55","guid":{"rendered":"https:\/\/www.eldigitaldeasturias.com\/noticias\/?p=1025974"},"modified":"2019-05-03T11:50:55","modified_gmt":"2019-05-03T11:50:55","slug":"el-borussia-dortmund-cuenta-con-favre-para-la-proxima-temporada","status":"publish","type":"post","link":"https:\/\/www.eldigitaldeasturias.com\/noticias\/el-borussia-dortmund-cuenta-con-favre-para-la-proxima-temporada\/","title":{"rendered":"El Borussia Dortmund cuenta con Favre para la pr\u00f3xima temporada"},"content":{"rendered":"<p><img loading=\"lazy\" decoding=\"async\" class=\"alignleft size-medium wp-image-1025975\" src=\"https:\/\/www.eldigitaldeasturias.com\/noticias\/wp-content\/uploads\/2019\/05\/Favre-360x221.jpg\" alt=\"\" width=\"360\" height=\"221\" srcset=\"https:\/\/www.eldigitaldeasturias.com\/noticias\/wp-content\/uploads\/2019\/05\/Favre-360x221.jpg 360w, https:\/\/www.eldigitaldeasturias.com\/noticias\/wp-content\/uploads\/2019\/05\/Favre-768x472.jpg 768w, https:\/\/www.eldigitaldeasturias.com\/noticias\/wp-content\/uploads\/2019\/05\/Favre-650x400.jpg 650w, https:\/\/www.eldigitaldeasturias.com\/noticias\/wp-content\/uploads\/2019\/05\/Favre.jpg 1091w\" sizes=\"auto, (max-width: 360px) 100vw, 360px\" \/>Dortmund, 2 may (dpa) &#8211; El director deportivo del Borussia Dortmund, Michael Zorc, anunci\u00f3 la continuidad del entrenador Lucien Favre de cara a las pr\u00f3ximas temporadas, en declaraciones del directivo al semanario deportivo alem\u00e1n \u00abKicker\u00bb en su edici\u00f3n de hoy.<\/p>\n<p>Independientemente del resultado en la carrera por el t\u00edtulo de la Bundesliga alemana de f\u00fatbol, el Borussia Dortmund planea a largo plazo con el entrenador suizo.<\/p>\n<p>\u00abDefinitivamente vamos a ir con \u00e9l a la nueva temporada\u00bb, se\u00f1al\u00f3 Zorc, \u00abindependientemente de que seamos campeones o no\u00bb.<\/p>\n<p>El contrato vigente hasta 2020 debe extenderse, apunt\u00f3. \u00abTenemos una relaci\u00f3n de confianza muy fuerte y mantendremos conversaciones\u00bb, revel\u00f3 Zorc a la revista especializada, que se publica este jueves. En primer lugar, las conversaciones del contrato se\u00e1n pospuestas hasta que termine la actual temporada.<\/p>\n<p><em>Foto: Bernd Thissen\/dpa\u00a0<\/em><\/p>\n","protected":false},"excerpt":{"rendered":"<p>Dortmund, 2 may (dpa) &#8211; El director deportivo del Borussia Dortmund, Michael Zorc, anunci\u00f3 la continuidad del entrenador Lucien Favre de cara a las pr\u00f3ximas temporadas, en declaraciones del directivo al semanario deportivo alem\u00e1n \u00abKicker\u00bb en su edici\u00f3n de hoy. Independientemente del resultado en la carrera por el t\u00edtulo de la Bundesliga alemana de f\u00fatbol, [&hellip;]<\/p>\n","protected":false},"author":1,"featured_media":1025975,"comment_status":"closed","ping_status":"closed","sticky":false,"template":"","format":"standard","meta":{"footnotes":""},"categories":[190],"tags":[],"class_list":["post-1025974","post","type-post","status-publish","format-standard","has-post-thumbnail","hentry","category-deportes"],"aioseo_notices":[],"aioseo_head":"\n\t\t<!-- All in One SEO Pro 4.9.6.2 - aioseo.com -->\n\t<meta name=\"description\" content=\"Dortmund, 2 may (dpa) - El director deportivo del Borussia Dortmund, Michael Zorc, anunci\u00f3 la continuidad del entrenador Lucien Favre de cara a las pr\u00f3ximas temporadas, en declaraciones del directivo al semanario deportivo alem\u00e1n &quot;Kicker&quot; en su edici\u00f3n de hoy. Independientemente del resultado en la carrera por el t\u00edtulo de la Bundesliga alemana de f\u00fatbol,\" \/>\n\t<meta name=\"robots\" content=\"max-image-preview:large\" \/>\n\t<meta name=\"author\" content=\"El Digital de Asturias\"\/>\n\t<meta name=\"google-site-verification\" content=\"UA-38556648-1\" \/>\n\t<meta name=\"msvalidate.01\" content=\"7dfe9f3f1b24437ab69f4f2559babe99\" \/>\n\t<meta name=\"keywords\" content=\"deportes\" \/>\n\t<link rel=\"canonical\" href=\"https:\/\/www.eldigitaldeasturias.com\/noticias\/el-borussia-dortmund-cuenta-con-favre-para-la-proxima-temporada\/\" \/>\n\t<meta name=\"generator\" content=\"All in One SEO Pro (AIOSEO) 4.9.6.2\" \/>\n\t\t<meta property=\"og:locale\" content=\"es_ES\" \/>\n\t\t<meta property=\"og:site_name\" content=\"El Digital de Asturias\" \/>\n\t\t<meta property=\"og:type\" content=\"article\" \/>\n\t\t<meta property=\"og:title\" content=\"El Borussia Dortmund cuenta con Favre para la pr\u00f3xima temporada - El Digital de Asturias\" \/>\n\t\t<meta property=\"og:description\" content=\"Dortmund, 2 may (dpa) - El director deportivo del Borussia Dortmund, Michael Zorc, anunci\u00f3 la continuidad del entrenador Lucien Favre de cara a las pr\u00f3ximas temporadas, en declaraciones del directivo al semanario deportivo alem\u00e1n &quot;Kicker&quot; en su edici\u00f3n de hoy. Independientemente del resultado en la carrera por el t\u00edtulo de la Bundesliga alemana de f\u00fatbol,\" \/>\n\t\t<meta property=\"og:url\" content=\"https:\/\/www.eldigitaldeasturias.com\/noticias\/el-borussia-dortmund-cuenta-con-favre-para-la-proxima-temporada\/\" \/>\n\t\t<meta property=\"og:image\" content=\"https:\/\/www.eldigitaldeasturias.com\/noticias\/wp-content\/uploads\/2019\/05\/Favre.jpg\" \/>\n\t\t<meta property=\"og:image:secure_url\" content=\"https:\/\/www.eldigitaldeasturias.com\/noticias\/wp-content\/uploads\/2019\/05\/Favre.jpg\" \/>\n\t\t<meta property=\"og:image:width\" content=\"1091\" \/>\n\t\t<meta property=\"og:image:height\" content=\"671\" \/>\n\t\t<meta property=\"article:tag\" content=\"deportes\" \/>\n\t\t<meta property=\"article:published_time\" content=\"2019-05-03T11:50:55+00:00\" \/>\n\t\t<meta property=\"article:modified_time\" content=\"2019-05-03T11:50:55+00:00\" \/>\n\t\t<meta property=\"article:publisher\" content=\"https:\/\/facebook.com\/eldigitaldeasturias\" \/>\n\t\t<meta name=\"twitter:card\" content=\"summary_large_image\" \/>\n\t\t<meta name=\"twitter:title\" content=\"El Borussia Dortmund cuenta con Favre para la pr\u00f3xima temporada - El Digital de Asturias\" \/>\n\t\t<meta name=\"twitter:description\" content=\"Dortmund, 2 may (dpa) - El director deportivo del Borussia Dortmund, Michael Zorc, anunci\u00f3 la continuidad del entrenador Lucien Favre de cara a las pr\u00f3ximas temporadas, en declaraciones del directivo al semanario deportivo alem\u00e1n &quot;Kicker&quot; en su edici\u00f3n de hoy. Independientemente del resultado en la carrera por el t\u00edtulo de la Bundesliga alemana de f\u00fatbol,\" \/>\n\t\t<meta name=\"twitter:image\" content=\"https:\/\/www.eldigitaldeasturias.com\/noticias\/wp-content\/uploads\/2019\/05\/Favre.jpg\" \/>\n\t\t<meta name=\"twitter:label1\" content=\"Escrito por\" \/>\n\t\t<meta name=\"twitter:data1\" content=\"El Digital de Asturias\" \/>\n\t\t<meta name=\"twitter:label2\" content=\"Tiempo de lectura estimado\" \/>\n\t\t<meta name=\"twitter:data2\" content=\"1 minuto\" \/>\n\t\t<script type=\"application\/ld+json\" class=\"aioseo-schema\">\n\t\t\t{\"@context\":\"https:\\\/\\\/schema.org\",\"@graph\":[{\"@type\":\"BlogPosting\",\"@id\":\"https:\\\/\\\/www.eldigitaldeasturias.com\\\/noticias\\\/el-borussia-dortmund-cuenta-con-favre-para-la-proxima-temporada\\\/#blogposting\",\"name\":\"El Borussia Dortmund cuenta con Favre para la pr\\u00f3xima temporada - El Digital de Asturias\",\"headline\":\"El Borussia Dortmund cuenta con Favre para la pr\\u00f3xima temporada\",\"author\":{\"@id\":\"https:\\\/\\\/www.eldigitaldeasturias.com\\\/noticias\\\/author\\\/admin\\\/#author\"},\"publisher\":{\"@id\":\"https:\\\/\\\/www.eldigitaldeasturias.com\\\/noticias\\\/#organization\"},\"image\":{\"@type\":\"ImageObject\",\"url\":\"https:\\\/\\\/www.eldigitaldeasturias.com\\\/noticias\\\/wp-content\\\/uploads\\\/2019\\\/05\\\/Favre.jpg\",\"width\":1091,\"height\":671},\"datePublished\":\"2019-05-03T11:50:55+02:00\",\"dateModified\":\"2019-05-03T11:50:55+02:00\",\"inLanguage\":\"es-ES\",\"mainEntityOfPage\":{\"@id\":\"https:\\\/\\\/www.eldigitaldeasturias.com\\\/noticias\\\/el-borussia-dortmund-cuenta-con-favre-para-la-proxima-temporada\\\/#webpage\"},\"isPartOf\":{\"@id\":\"https:\\\/\\\/www.eldigitaldeasturias.com\\\/noticias\\\/el-borussia-dortmund-cuenta-con-favre-para-la-proxima-temporada\\\/#webpage\"},\"articleSection\":\"Deportes\"},{\"@type\":\"BreadcrumbList\",\"@id\":\"https:\\\/\\\/www.eldigitaldeasturias.com\\\/noticias\\\/el-borussia-dortmund-cuenta-con-favre-para-la-proxima-temporada\\\/#breadcrumblist\",\"itemListElement\":[{\"@type\":\"ListItem\",\"@id\":\"https:\\\/\\\/www.eldigitaldeasturias.com\\\/noticias#listItem\",\"position\":1,\"name\":\"Home\",\"item\":\"https:\\\/\\\/www.eldigitaldeasturias.com\\\/noticias\",\"nextItem\":{\"@type\":\"ListItem\",\"@id\":\"https:\\\/\\\/www.eldigitaldeasturias.com\\\/noticias\\\/category\\\/deportes\\\/#listItem\",\"name\":\"Deportes\"}},{\"@type\":\"ListItem\",\"@id\":\"https:\\\/\\\/www.eldigitaldeasturias.com\\\/noticias\\\/category\\\/deportes\\\/#listItem\",\"position\":2,\"name\":\"Deportes\",\"item\":\"https:\\\/\\\/www.eldigitaldeasturias.com\\\/noticias\\\/category\\\/deportes\\\/\",\"nextItem\":{\"@type\":\"ListItem\",\"@id\":\"https:\\\/\\\/www.eldigitaldeasturias.com\\\/noticias\\\/el-borussia-dortmund-cuenta-con-favre-para-la-proxima-temporada\\\/#listItem\",\"name\":\"El Borussia Dortmund cuenta con Favre para la pr\\u00f3xima temporada\"},\"previousItem\":{\"@type\":\"ListItem\",\"@id\":\"https:\\\/\\\/www.eldigitaldeasturias.com\\\/noticias#listItem\",\"name\":\"Home\"}},{\"@type\":\"ListItem\",\"@id\":\"https:\\\/\\\/www.eldigitaldeasturias.com\\\/noticias\\\/el-borussia-dortmund-cuenta-con-favre-para-la-proxima-temporada\\\/#listItem\",\"position\":3,\"name\":\"El Borussia Dortmund cuenta con Favre para la pr\\u00f3xima temporada\",\"previousItem\":{\"@type\":\"ListItem\",\"@id\":\"https:\\\/\\\/www.eldigitaldeasturias.com\\\/noticias\\\/category\\\/deportes\\\/#listItem\",\"name\":\"Deportes\"}}]},{\"@type\":\"Organization\",\"@id\":\"https:\\\/\\\/www.eldigitaldeasturias.com\\\/noticias\\\/#organization\",\"name\":\"El Digital de Asturias\",\"description\":\"Hemeroteca\",\"url\":\"https:\\\/\\\/www.eldigitaldeasturias.com\\\/noticias\\\/\",\"email\":\"info@eldigitaldeasturias.com\",\"telephone\":\"+34652131393\",\"logo\":{\"@type\":\"ImageObject\",\"url\":\"https:\\\/\\\/www.eldigitaldeasturias.com\\\/noticias\\\/wp-content\\\/uploads\\\/2020\\\/12\\\/EDA.jpg\",\"@id\":\"https:\\\/\\\/www.eldigitaldeasturias.com\\\/noticias\\\/el-borussia-dortmund-cuenta-con-favre-para-la-proxima-temporada\\\/#organizationLogo\",\"width\":649,\"height\":297},\"image\":{\"@id\":\"https:\\\/\\\/www.eldigitaldeasturias.com\\\/noticias\\\/el-borussia-dortmund-cuenta-con-favre-para-la-proxima-temporada\\\/#organizationLogo\"},\"sameAs\":[\"https:\\\/\\\/facebook.com\\\/eldigitaldeasturias\",\"https:\\\/\\\/www.youtube.com\\\/channel\\\/UCZP-2wLEB9Rv6erhFmqVnvg\"],\"address\":{\"@id\":\"https:\\\/\\\/www.eldigitaldeasturias.com\\\/noticias\\\/#postaladdress\",\"@type\":\"PostalAddress\",\"streetAddress\":\"san antonio 4,\",\"postalCode\":\"33430\",\"addressLocality\":\"Cand\\u00e1s\",\"addressRegion\":\"Asturias\",\"addressCountry\":\"ES\"}},{\"@type\":\"Person\",\"@id\":\"https:\\\/\\\/www.eldigitaldeasturias.com\\\/noticias\\\/author\\\/admin\\\/#author\",\"url\":\"https:\\\/\\\/www.eldigitaldeasturias.com\\\/noticias\\\/author\\\/admin\\\/\",\"name\":\"El Digital de Asturias\",\"image\":{\"@type\":\"ImageObject\",\"@id\":\"https:\\\/\\\/www.eldigitaldeasturias.com\\\/noticias\\\/el-borussia-dortmund-cuenta-con-favre-para-la-proxima-temporada\\\/#authorImage\",\"url\":\"https:\\\/\\\/www.eldigitaldeasturias.com\\\/noticias\\\/wp-content\\\/litespeed\\\/avatar\\\/18677e78aa0546b92d9dbf31ec7d7668.jpg?ver=1777290358\",\"width\":96,\"height\":96,\"caption\":\"El Digital de Asturias\"}},{\"@type\":\"WebPage\",\"@id\":\"https:\\\/\\\/www.eldigitaldeasturias.com\\\/noticias\\\/el-borussia-dortmund-cuenta-con-favre-para-la-proxima-temporada\\\/#webpage\",\"url\":\"https:\\\/\\\/www.eldigitaldeasturias.com\\\/noticias\\\/el-borussia-dortmund-cuenta-con-favre-para-la-proxima-temporada\\\/\",\"name\":\"El Borussia Dortmund cuenta con Favre para la pr\\u00f3xima temporada - El Digital de Asturias\",\"description\":\"Dortmund, 2 may (dpa) - El director deportivo del Borussia Dortmund, Michael Zorc, anunci\\u00f3 la continuidad del entrenador Lucien Favre de cara a las pr\\u00f3ximas temporadas, en declaraciones del directivo al semanario deportivo alem\\u00e1n \\\"Kicker\\\" en su edici\\u00f3n de hoy. Independientemente del resultado en la carrera por el t\\u00edtulo de la Bundesliga alemana de f\\u00fatbol,\",\"inLanguage\":\"es-ES\",\"isPartOf\":{\"@id\":\"https:\\\/\\\/www.eldigitaldeasturias.com\\\/noticias\\\/#website\"},\"breadcrumb\":{\"@id\":\"https:\\\/\\\/www.eldigitaldeasturias.com\\\/noticias\\\/el-borussia-dortmund-cuenta-con-favre-para-la-proxima-temporada\\\/#breadcrumblist\"},\"author\":{\"@id\":\"https:\\\/\\\/www.eldigitaldeasturias.com\\\/noticias\\\/author\\\/admin\\\/#author\"},\"creator\":{\"@id\":\"https:\\\/\\\/www.eldigitaldeasturias.com\\\/noticias\\\/author\\\/admin\\\/#author\"},\"image\":{\"@type\":\"ImageObject\",\"url\":\"https:\\\/\\\/www.eldigitaldeasturias.com\\\/noticias\\\/wp-content\\\/uploads\\\/2019\\\/05\\\/Favre.jpg\",\"@id\":\"https:\\\/\\\/www.eldigitaldeasturias.com\\\/noticias\\\/el-borussia-dortmund-cuenta-con-favre-para-la-proxima-temporada\\\/#mainImage\",\"width\":1091,\"height\":671},\"primaryImageOfPage\":{\"@id\":\"https:\\\/\\\/www.eldigitaldeasturias.com\\\/noticias\\\/el-borussia-dortmund-cuenta-con-favre-para-la-proxima-temporada\\\/#mainImage\"},\"datePublished\":\"2019-05-03T11:50:55+02:00\",\"dateModified\":\"2019-05-03T11:50:55+02:00\"},{\"@type\":\"WebSite\",\"@id\":\"https:\\\/\\\/www.eldigitaldeasturias.com\\\/noticias\\\/#website\",\"url\":\"https:\\\/\\\/www.eldigitaldeasturias.com\\\/noticias\\\/\",\"name\":\"El Digital de Asturias - Diario de actualidad y noticias\",\"alternateName\":\"El Digital de Asturias - Diario de actualidad y noticias\",\"description\":\"Hemeroteca\",\"inLanguage\":\"es-ES\",\"publisher\":{\"@id\":\"https:\\\/\\\/www.eldigitaldeasturias.com\\\/noticias\\\/#organization\"}}]}\n\t\t<\/script>\n\t\t<!-- All in One SEO Pro -->\r\n\t\t<title>El Borussia Dortmund cuenta con Favre para la pr\u00f3xima temporada - El Digital de Asturias<\/title>\n\n","aioseo_head_json":{"title":"El Borussia Dortmund cuenta con Favre para la pr\u00f3xima temporada - El Digital de Asturias","description":"Dortmund, 2 may (dpa) - El director deportivo del Borussia Dortmund, Michael Zorc, anunci\u00f3 la continuidad del entrenador Lucien Favre de cara a las pr\u00f3ximas temporadas, en declaraciones del directivo al semanario deportivo alem\u00e1n \"Kicker\" en su edici\u00f3n de hoy. Independientemente del resultado en la carrera por el t\u00edtulo de la Bundesliga alemana de f\u00fatbol,","canonical_url":"https:\/\/www.eldigitaldeasturias.com\/noticias\/el-borussia-dortmund-cuenta-con-favre-para-la-proxima-temporada\/","robots":"max-image-preview:large","keywords":"deportes","webmasterTools":{"google-site-verification":"UA-38556648-1","msvalidate.01":"7dfe9f3f1b24437ab69f4f2559babe99","miscellaneous":""},"schema":{"@context":"https:\/\/schema.org","@graph":[{"@type":"BlogPosting","@id":"https:\/\/www.eldigitaldeasturias.com\/noticias\/el-borussia-dortmund-cuenta-con-favre-para-la-proxima-temporada\/#blogposting","name":"El Borussia Dortmund cuenta con Favre para la pr\u00f3xima temporada - El Digital de Asturias","headline":"El Borussia Dortmund cuenta con Favre para la pr\u00f3xima temporada","author":{"@id":"https:\/\/www.eldigitaldeasturias.com\/noticias\/author\/admin\/#author"},"publisher":{"@id":"https:\/\/www.eldigitaldeasturias.com\/noticias\/#organization"},"image":{"@type":"ImageObject","url":"https:\/\/www.eldigitaldeasturias.com\/noticias\/wp-content\/uploads\/2019\/05\/Favre.jpg","width":1091,"height":671},"datePublished":"2019-05-03T11:50:55+02:00","dateModified":"2019-05-03T11:50:55+02:00","inLanguage":"es-ES","mainEntityOfPage":{"@id":"https:\/\/www.eldigitaldeasturias.com\/noticias\/el-borussia-dortmund-cuenta-con-favre-para-la-proxima-temporada\/#webpage"},"isPartOf":{"@id":"https:\/\/www.eldigitaldeasturias.com\/noticias\/el-borussia-dortmund-cuenta-con-favre-para-la-proxima-temporada\/#webpage"},"articleSection":"Deportes"},{"@type":"BreadcrumbList","@id":"https:\/\/www.eldigitaldeasturias.com\/noticias\/el-borussia-dortmund-cuenta-con-favre-para-la-proxima-temporada\/#breadcrumblist","itemListElement":[{"@type":"ListItem","@id":"https:\/\/www.eldigitaldeasturias.com\/noticias#listItem","position":1,"name":"Home","item":"https:\/\/www.eldigitaldeasturias.com\/noticias","nextItem":{"@type":"ListItem","@id":"https:\/\/www.eldigitaldeasturias.com\/noticias\/category\/deportes\/#listItem","name":"Deportes"}},{"@type":"ListItem","@id":"https:\/\/www.eldigitaldeasturias.com\/noticias\/category\/deportes\/#listItem","position":2,"name":"Deportes","item":"https:\/\/www.eldigitaldeasturias.com\/noticias\/category\/deportes\/","nextItem":{"@type":"ListItem","@id":"https:\/\/www.eldigitaldeasturias.com\/noticias\/el-borussia-dortmund-cuenta-con-favre-para-la-proxima-temporada\/#listItem","name":"El Borussia Dortmund cuenta con Favre para la pr\u00f3xima temporada"},"previousItem":{"@type":"ListItem","@id":"https:\/\/www.eldigitaldeasturias.com\/noticias#listItem","name":"Home"}},{"@type":"ListItem","@id":"https:\/\/www.eldigitaldeasturias.com\/noticias\/el-borussia-dortmund-cuenta-con-favre-para-la-proxima-temporada\/#listItem","position":3,"name":"El Borussia Dortmund cuenta con Favre para la pr\u00f3xima temporada","previousItem":{"@type":"ListItem","@id":"https:\/\/www.eldigitaldeasturias.com\/noticias\/category\/deportes\/#listItem","name":"Deportes"}}]},{"@type":"Organization","@id":"https:\/\/www.eldigitaldeasturias.com\/noticias\/#organization","name":"El Digital de Asturias","description":"Hemeroteca","url":"https:\/\/www.eldigitaldeasturias.com\/noticias\/","email":"info@eldigitaldeasturias.com","telephone":"+34652131393","logo":{"@type":"ImageObject","url":"https:\/\/www.eldigitaldeasturias.com\/noticias\/wp-content\/uploads\/2020\/12\/EDA.jpg","@id":"https:\/\/www.eldigitaldeasturias.com\/noticias\/el-borussia-dortmund-cuenta-con-favre-para-la-proxima-temporada\/#organizationLogo","width":649,"height":297},"image":{"@id":"https:\/\/www.eldigitaldeasturias.com\/noticias\/el-borussia-dortmund-cuenta-con-favre-para-la-proxima-temporada\/#organizationLogo"},"sameAs":["https:\/\/facebook.com\/eldigitaldeasturias","https:\/\/www.youtube.com\/channel\/UCZP-2wLEB9Rv6erhFmqVnvg"],"address":{"@id":"https:\/\/www.eldigitaldeasturias.com\/noticias\/#postaladdress","@type":"PostalAddress","streetAddress":"san antonio 4,","postalCode":"33430","addressLocality":"Cand\u00e1s","addressRegion":"Asturias","addressCountry":"ES"}},{"@type":"Person","@id":"https:\/\/www.eldigitaldeasturias.com\/noticias\/author\/admin\/#author","url":"https:\/\/www.eldigitaldeasturias.com\/noticias\/author\/admin\/","name":"El Digital de Asturias","image":{"@type":"ImageObject","@id":"https:\/\/www.eldigitaldeasturias.com\/noticias\/el-borussia-dortmund-cuenta-con-favre-para-la-proxima-temporada\/#authorImage","url":"https:\/\/www.eldigitaldeasturias.com\/noticias\/wp-content\/litespeed\/avatar\/18677e78aa0546b92d9dbf31ec7d7668.jpg?ver=1777290358","width":96,"height":96,"caption":"El Digital de Asturias"}},{"@type":"WebPage","@id":"https:\/\/www.eldigitaldeasturias.com\/noticias\/el-borussia-dortmund-cuenta-con-favre-para-la-proxima-temporada\/#webpage","url":"https:\/\/www.eldigitaldeasturias.com\/noticias\/el-borussia-dortmund-cuenta-con-favre-para-la-proxima-temporada\/","name":"El Borussia Dortmund cuenta con Favre para la pr\u00f3xima temporada - El Digital de Asturias","description":"Dortmund, 2 may (dpa) - El director deportivo del Borussia Dortmund, Michael Zorc, anunci\u00f3 la continuidad del entrenador Lucien Favre de cara a las pr\u00f3ximas temporadas, en declaraciones del directivo al semanario deportivo alem\u00e1n \"Kicker\" en su edici\u00f3n de hoy. Independientemente del resultado en la carrera por el t\u00edtulo de la Bundesliga alemana de f\u00fatbol,","inLanguage":"es-ES","isPartOf":{"@id":"https:\/\/www.eldigitaldeasturias.com\/noticias\/#website"},"breadcrumb":{"@id":"https:\/\/www.eldigitaldeasturias.com\/noticias\/el-borussia-dortmund-cuenta-con-favre-para-la-proxima-temporada\/#breadcrumblist"},"author":{"@id":"https:\/\/www.eldigitaldeasturias.com\/noticias\/author\/admin\/#author"},"creator":{"@id":"https:\/\/www.eldigitaldeasturias.com\/noticias\/author\/admin\/#author"},"image":{"@type":"ImageObject","url":"https:\/\/www.eldigitaldeasturias.com\/noticias\/wp-content\/uploads\/2019\/05\/Favre.jpg","@id":"https:\/\/www.eldigitaldeasturias.com\/noticias\/el-borussia-dortmund-cuenta-con-favre-para-la-proxima-temporada\/#mainImage","width":1091,"height":671},"primaryImageOfPage":{"@id":"https:\/\/www.eldigitaldeasturias.com\/noticias\/el-borussia-dortmund-cuenta-con-favre-para-la-proxima-temporada\/#mainImage"},"datePublished":"2019-05-03T11:50:55+02:00","dateModified":"2019-05-03T11:50:55+02:00"},{"@type":"WebSite","@id":"https:\/\/www.eldigitaldeasturias.com\/noticias\/#website","url":"https:\/\/www.eldigitaldeasturias.com\/noticias\/","name":"El Digital de Asturias - Diario de actualidad y noticias","alternateName":"El Digital de Asturias - Diario de actualidad y noticias","description":"Hemeroteca","inLanguage":"es-ES","publisher":{"@id":"https:\/\/www.eldigitaldeasturias.com\/noticias\/#organization"}}]},"og:locale":"es_ES","og:site_name":"El Digital de Asturias","og:type":"article","og:title":"El Borussia Dortmund cuenta con Favre para la pr\u00f3xima temporada - El Digital de Asturias","og:description":"Dortmund, 2 may (dpa) - El director deportivo del Borussia Dortmund, Michael Zorc, anunci\u00f3 la continuidad del entrenador Lucien Favre de cara a las pr\u00f3ximas temporadas, en declaraciones del directivo al semanario deportivo alem\u00e1n &quot;Kicker&quot; en su edici\u00f3n de hoy. Independientemente del resultado en la carrera por el t\u00edtulo de la Bundesliga alemana de f\u00fatbol,","og:url":"https:\/\/www.eldigitaldeasturias.com\/noticias\/el-borussia-dortmund-cuenta-con-favre-para-la-proxima-temporada\/","og:image":"https:\/\/www.eldigitaldeasturias.com\/noticias\/wp-content\/uploads\/2019\/05\/Favre.jpg","og:image:secure_url":"https:\/\/www.eldigitaldeasturias.com\/noticias\/wp-content\/uploads\/2019\/05\/Favre.jpg","og:image:width":1091,"og:image:height":671,"article:tag":["deportes"],"article:published_time":"2019-05-03T11:50:55+00:00","article:modified_time":"2019-05-03T11:50:55+00:00","article:publisher":"https:\/\/facebook.com\/eldigitaldeasturias","twitter:card":"summary_large_image","twitter:title":"El Borussia Dortmund cuenta con Favre para la pr\u00f3xima temporada - El Digital de Asturias","twitter:description":"Dortmund, 2 may (dpa) - El director deportivo del Borussia Dortmund, Michael Zorc, anunci\u00f3 la continuidad del entrenador Lucien Favre de cara a las pr\u00f3ximas temporadas, en declaraciones del directivo al semanario deportivo alem\u00e1n &quot;Kicker&quot; en su edici\u00f3n de hoy. Independientemente del resultado en la carrera por el t\u00edtulo de la Bundesliga alemana de f\u00fatbol,","twitter:image":"https:\/\/www.eldigitaldeasturias.com\/noticias\/wp-content\/uploads\/2019\/05\/Favre.jpg","twitter:label1":"Escrito por","twitter:data1":"El Digital de Asturias","twitter:label2":"Tiempo de lectura estimado","twitter:data2":"1 minuto"},"aioseo_meta_data":{"post_id":"1025974","title":null,"description":null,"keywords":null,"keyphrases":null,"primary_term":null,"canonical_url":null,"og_title":null,"og_description":null,"og_object_type":"default","og_image_type":"default","og_image_url":null,"og_image_width":null,"og_image_height":null,"og_image_custom_url":null,"og_image_custom_fields":null,"og_video":null,"og_custom_url":null,"og_article_section":null,"og_article_tags":null,"twitter_use_og":false,"twitter_card":"default","twitter_image_type":"default","twitter_image_url":null,"twitter_image_custom_url":null,"twitter_image_custom_fields":null,"twitter_title":null,"twitter_description":null,"schema":{"blockGraphs":[],"customGraphs":[],"default":{"data":{"Article":[],"Course":[],"Dataset":[],"FAQPage":[],"Movie":[],"Person":[],"Product":[],"ProductReview":[],"Car":[],"Recipe":[],"Service":[],"SoftwareApplication":[],"WebPage":[]},"graphName":"","isEnabled":true},"graphs":[],"defaultGraph":"","defaultPostTypeGraph":""},"schema_type":null,"schema_type_options":null,"pillar_content":false,"robots_default":true,"robots_noindex":false,"robots_noarchive":false,"robots_nosnippet":false,"robots_nofollow":false,"robots_noimageindex":false,"robots_noodp":false,"robots_notranslate":false,"robots_max_snippet":null,"robots_max_videopreview":null,"robots_max_imagepreview":"large","priority":null,"frequency":null,"local_seo":null,"seo_analyzer_scan_date":"2025-10-18 00:30:17","breadcrumb_settings":null,"limit_modified_date":false,"open_ai":null,"ai":null,"created":"2020-12-21 11:14:24","updated":"2025-10-18 00:30:17"},"aioseo_breadcrumb":"<div class=\"aioseo-breadcrumbs\"><span class=\"aioseo-breadcrumb\">\n\t<a href=\"https:\/\/www.eldigitaldeasturias.com\/noticias\" title=\"Home\">Home<\/a>\n<\/span><span class=\"aioseo-breadcrumb-separator\">\u2013<\/span><span class=\"aioseo-breadcrumb\">\n\t<a href=\"https:\/\/www.eldigitaldeasturias.com\/noticias\/category\/deportes\/\" title=\"Deportes\">Deportes<\/a>\n<\/span><span class=\"aioseo-breadcrumb-separator\">\u2013<\/span><span class=\"aioseo-breadcrumb\">\n\t<a href=\"https:\/\/www.eldigitaldeasturias.com\/noticias\/el-borussia-dortmund-cuenta-con-favre-para-la-proxima-temporada\/\" title=\"El Borussia Dortmund cuenta con Favre para la pr\u00f3xima temporada\">El Borussia Dortmund cuenta con Favre para la pr\u00f3xima temporada<\/a>\n<\/span><\/div>","aioseo_breadcrumb_json":[{"label":"Home","link":"https:\/\/www.eldigitaldeasturias.com\/noticias"},{"label":"Deportes","link":"https:\/\/www.eldigitaldeasturias.com\/noticias\/category\/deportes\/"},{"label":"El Borussia Dortmund cuenta con Favre para la pr\u00f3xima temporada","link":"https:\/\/www.eldigitaldeasturias.com\/noticias\/el-borussia-dortmund-cuenta-con-favre-para-la-proxima-temporada\/"}],"_links":{"self":[{"href":"https:\/\/www.eldigitaldeasturias.com\/noticias\/wp-json\/wp\/v2\/posts\/1025974","targetHints":{"allow":["GET"]}}],"collection":[{"href":"https:\/\/www.eldigitaldeasturias.com\/noticias\/wp-json\/wp\/v2\/posts"}],"about":[{"href":"https:\/\/www.eldigitaldeasturias.com\/noticias\/wp-json\/wp\/v2\/types\/post"}],"author":[{"embeddable":true,"href":"https:\/\/www.eldigitaldeasturias.com\/noticias\/wp-json\/wp\/v2\/users\/1"}],"replies":[{"embeddable":true,"href":"https:\/\/www.eldigitaldeasturias.com\/noticias\/wp-json\/wp\/v2\/comments?post=1025974"}],"version-history":[{"count":0,"href":"https:\/\/www.eldigitaldeasturias.com\/noticias\/wp-json\/wp\/v2\/posts\/1025974\/revisions"}],"wp:featuredmedia":[{"embeddable":true,"href":"https:\/\/www.eldigitaldeasturias.com\/noticias\/wp-json\/wp\/v2\/media\/1025975"}],"wp:attachment":[{"href":"https:\/\/www.eldigitaldeasturias.com\/noticias\/wp-json\/wp\/v2\/media?parent=1025974"}],"wp:term":[{"taxonomy":"category","embeddable":true,"href":"https:\/\/www.eldigitaldeasturias.com\/noticias\/wp-json\/wp\/v2\/categories?post=1025974"},{"taxonomy":"post_tag","embeddable":true,"href":"https:\/\/www.eldigitaldeasturias.com\/noticias\/wp-json\/wp\/v2\/tags?post=1025974"}],"curies":[{"name":"wp","href":"https:\/\/api.w.org\/{rel}","templated":true}]}}