{"id":1025636,"date":"2019-04-29T19:18:53","date_gmt":"2019-04-29T19:18:53","guid":{"rendered":"https:\/\/www.eldigitaldeasturias.com\/noticias\/?p=1025636"},"modified":"2019-04-29T19:18:53","modified_gmt":"2019-04-29T19:18:53","slug":"la-decimocuarta-etapa-de-la-vuelta-ciclista-2019-finalizara-en-oviedo","status":"publish","type":"post","link":"https:\/\/www.eldigitaldeasturias.com\/noticias\/la-decimocuarta-etapa-de-la-vuelta-ciclista-2019-finalizara-en-oviedo\/","title":{"rendered":"La decimocuarta etapa de La Vuelta Ciclista 2019 finalizar\u00e1 en Oviedo"},"content":{"rendered":"<p><img loading=\"lazy\" decoding=\"async\" class=\"alignleft size-medium wp-image-1025637\" src=\"https:\/\/www.eldigitaldeasturias.com\/noticias\/wp-content\/uploads\/2019\/04\/Presentacion-etapa-Vuelta-Oviedo-360x270.jpg\" alt=\"\" width=\"360\" height=\"270\" srcset=\"https:\/\/www.eldigitaldeasturias.com\/noticias\/wp-content\/uploads\/2019\/04\/Presentacion-etapa-Vuelta-Oviedo-360x270.jpg 360w, https:\/\/www.eldigitaldeasturias.com\/noticias\/wp-content\/uploads\/2019\/04\/Presentacion-etapa-Vuelta-Oviedo-768x576.jpg 768w, https:\/\/www.eldigitaldeasturias.com\/noticias\/wp-content\/uploads\/2019\/04\/Presentacion-etapa-Vuelta-Oviedo-640x480.jpg 640w, https:\/\/www.eldigitaldeasturias.com\/noticias\/wp-content\/uploads\/2019\/04\/Presentacion-etapa-Vuelta-Oviedo-90x67.jpg 90w, https:\/\/www.eldigitaldeasturias.com\/noticias\/wp-content\/uploads\/2019\/04\/Presentacion-etapa-Vuelta-Oviedo-100x75.jpg 100w, https:\/\/www.eldigitaldeasturias.com\/noticias\/wp-content\/uploads\/2019\/04\/Presentacion-etapa-Vuelta-Oviedo.jpg 1280w\" sizes=\"auto, (max-width: 360px) 100vw, 360px\" \/>La decimocuarta etapa de La Vuelta Ciclista 2019 finalizar\u00e1 en Oviedo el pr\u00f3ximo 7 de septiembre, tras un recorrido de 189 kil\u00f3metros que parte de San Vicente de la Barquera, pasa por la costa oriental asturiana, Gij\u00f3n y el alto de la Madera, y concluye en la capital del Principado.<\/p>\n<p>\u201cEsta etapa, la primera de las tres que se celebrar\u00e1n este a\u00f1o en Asturias, es una de las m\u00e1s espectaculares de la competici\u00f3n desde el punto de vista paisaj\u00edstico, porque recorre el litoral mejor preservado de toda Espa\u00f1a\u201d, ha valorado hoy el director general de Turismo, Julio Gonz\u00e1lez Zapico.<\/p>\n<p>Zapico ha participado en la presentaci\u00f3n junto con el alcalde de Oviedo, Wenceslao L\u00f3pez, y el director de La Vuelta, Javier Guill\u00e9n. Durante su intervenci\u00f3n, ha se\u00f1alado que el recorrido que finaliza en la capital asturiana \u201cconstituye el mejor preludio para las dos etapas siguientes, en las cuales la monta\u00f1a ser\u00e1 la absoluta protagonista\u201d.<\/p>\n<p>El paso de La Vuelta por Asturias se desarrollar\u00e1 los d\u00edas 7, 8 y 9 de septiembre con los siguientes trayectos: San Vicente de la Barquera-Oviedo, Tineo-santuario del Acebo y Pravia\u2013alto de La Cubilla.<\/p>\n<p>El director ha subrayado la importancia de la prueba para la promoci\u00f3n tur\u00edstica del Principado. \u201cLa Vuelta va m\u00e1s all\u00e1 de lo deportivo y se ha convertido en una excepcional ventana para asomarse a nuestro para\u00edso natural\u201d, ha indicado. Zapico tambi\u00e9n ha destacado la gran repercusi\u00f3n de la competici\u00f3n, tanto en medios de comunicaci\u00f3n nacionales como internacionales.<\/p>\n","protected":false},"excerpt":{"rendered":"<p>La decimocuarta etapa de La Vuelta Ciclista 2019 finalizar\u00e1 en Oviedo el pr\u00f3ximo 7 de septiembre, tras un recorrido de 189 kil\u00f3metros que parte de San Vicente de la Barquera, pasa por la costa oriental asturiana, Gij\u00f3n y el alto de la Madera, y concluye en la capital del Principado. \u201cEsta etapa, la primera de [&hellip;]<\/p>\n","protected":false},"author":1,"featured_media":1025637,"comment_status":"closed","ping_status":"closed","sticky":false,"template":"","format":"standard","meta":{"footnotes":""},"categories":[190],"tags":[],"class_list":["post-1025636","post","type-post","status-publish","format-standard","has-post-thumbnail","hentry","category-deportes"],"aioseo_notices":[],"aioseo_head":"\n\t\t<!-- All in One SEO Pro 4.9.6.2 - aioseo.com -->\n\t<meta name=\"description\" content=\"La decimocuarta etapa de La Vuelta Ciclista 2019 finalizar\u00e1 en Oviedo el pr\u00f3ximo 7 de septiembre, tras un recorrido de 189 kil\u00f3metros que parte de San Vicente de la Barquera, pasa por la costa oriental asturiana, Gij\u00f3n y el alto de la Madera, y concluye en la capital del Principado. \u201cEsta etapa, la primera de\" \/>\n\t<meta name=\"robots\" content=\"max-image-preview:large\" \/>\n\t<meta name=\"author\" content=\"El Digital de Asturias\"\/>\n\t<meta name=\"google-site-verification\" content=\"UA-38556648-1\" \/>\n\t<meta name=\"msvalidate.01\" content=\"7dfe9f3f1b24437ab69f4f2559babe99\" \/>\n\t<meta name=\"keywords\" content=\"deportes\" \/>\n\t<link rel=\"canonical\" href=\"https:\/\/www.eldigitaldeasturias.com\/noticias\/la-decimocuarta-etapa-de-la-vuelta-ciclista-2019-finalizara-en-oviedo\/\" \/>\n\t<meta name=\"generator\" content=\"All in One SEO Pro (AIOSEO) 4.9.6.2\" \/>\n\t\t<meta property=\"og:locale\" content=\"es_ES\" \/>\n\t\t<meta property=\"og:site_name\" content=\"El Digital de Asturias\" \/>\n\t\t<meta property=\"og:type\" content=\"article\" \/>\n\t\t<meta property=\"og:title\" content=\"La decimocuarta etapa de La Vuelta Ciclista 2019 finalizar\u00e1 en Oviedo - El Digital de Asturias\" \/>\n\t\t<meta property=\"og:description\" content=\"La decimocuarta etapa de La Vuelta Ciclista 2019 finalizar\u00e1 en Oviedo el pr\u00f3ximo 7 de septiembre, tras un recorrido de 189 kil\u00f3metros que parte de San Vicente de la Barquera, pasa por la costa oriental asturiana, Gij\u00f3n y el alto de la Madera, y concluye en la capital del Principado. \u201cEsta etapa, la primera de\" \/>\n\t\t<meta property=\"og:url\" content=\"https:\/\/www.eldigitaldeasturias.com\/noticias\/la-decimocuarta-etapa-de-la-vuelta-ciclista-2019-finalizara-en-oviedo\/\" \/>\n\t\t<meta property=\"og:image\" content=\"https:\/\/www.eldigitaldeasturias.com\/noticias\/wp-content\/uploads\/2019\/04\/Presentacion-etapa-Vuelta-Oviedo.jpg\" \/>\n\t\t<meta property=\"og:image:secure_url\" content=\"https:\/\/www.eldigitaldeasturias.com\/noticias\/wp-content\/uploads\/2019\/04\/Presentacion-etapa-Vuelta-Oviedo.jpg\" \/>\n\t\t<meta property=\"og:image:width\" content=\"1280\" \/>\n\t\t<meta property=\"og:image:height\" content=\"960\" \/>\n\t\t<meta property=\"article:tag\" content=\"deportes\" \/>\n\t\t<meta property=\"article:published_time\" content=\"2019-04-29T19:18:53+00:00\" \/>\n\t\t<meta property=\"article:modified_time\" content=\"2019-04-29T19:18:53+00:00\" \/>\n\t\t<meta property=\"article:publisher\" content=\"https:\/\/facebook.com\/eldigitaldeasturias\" \/>\n\t\t<meta name=\"twitter:card\" content=\"summary_large_image\" \/>\n\t\t<meta name=\"twitter:title\" content=\"La decimocuarta etapa de La Vuelta Ciclista 2019 finalizar\u00e1 en Oviedo - El Digital de Asturias\" \/>\n\t\t<meta name=\"twitter:description\" content=\"La decimocuarta etapa de La Vuelta Ciclista 2019 finalizar\u00e1 en Oviedo el pr\u00f3ximo 7 de septiembre, tras un recorrido de 189 kil\u00f3metros que parte de San Vicente de la Barquera, pasa por la costa oriental asturiana, Gij\u00f3n y el alto de la Madera, y concluye en la capital del Principado. \u201cEsta etapa, la primera de\" \/>\n\t\t<meta name=\"twitter:image\" content=\"https:\/\/www.eldigitaldeasturias.com\/noticias\/wp-content\/uploads\/2019\/04\/Presentacion-etapa-Vuelta-Oviedo.jpg\" \/>\n\t\t<meta name=\"twitter:label1\" content=\"Escrito por\" \/>\n\t\t<meta name=\"twitter:data1\" content=\"El Digital de Asturias\" \/>\n\t\t<meta name=\"twitter:label2\" content=\"Tiempo de lectura estimado\" \/>\n\t\t<meta name=\"twitter:data2\" content=\"1 minuto\" \/>\n\t\t<script type=\"application\/ld+json\" class=\"aioseo-schema\">\n\t\t\t{\"@context\":\"https:\\\/\\\/schema.org\",\"@graph\":[{\"@type\":\"BlogPosting\",\"@id\":\"https:\\\/\\\/www.eldigitaldeasturias.com\\\/noticias\\\/la-decimocuarta-etapa-de-la-vuelta-ciclista-2019-finalizara-en-oviedo\\\/#blogposting\",\"name\":\"La decimocuarta etapa de La Vuelta Ciclista 2019 finalizar\\u00e1 en Oviedo - El Digital de Asturias\",\"headline\":\"La decimocuarta etapa de La Vuelta Ciclista 2019 finalizar\\u00e1 en Oviedo\",\"author\":{\"@id\":\"https:\\\/\\\/www.eldigitaldeasturias.com\\\/noticias\\\/author\\\/admin\\\/#author\"},\"publisher\":{\"@id\":\"https:\\\/\\\/www.eldigitaldeasturias.com\\\/noticias\\\/#organization\"},\"image\":{\"@type\":\"ImageObject\",\"url\":\"https:\\\/\\\/www.eldigitaldeasturias.com\\\/noticias\\\/wp-content\\\/uploads\\\/2019\\\/04\\\/Presentacion-etapa-Vuelta-Oviedo.jpg\",\"width\":1280,\"height\":960},\"datePublished\":\"2019-04-29T19:18:53+02:00\",\"dateModified\":\"2019-04-29T19:18:53+02:00\",\"inLanguage\":\"es-ES\",\"mainEntityOfPage\":{\"@id\":\"https:\\\/\\\/www.eldigitaldeasturias.com\\\/noticias\\\/la-decimocuarta-etapa-de-la-vuelta-ciclista-2019-finalizara-en-oviedo\\\/#webpage\"},\"isPartOf\":{\"@id\":\"https:\\\/\\\/www.eldigitaldeasturias.com\\\/noticias\\\/la-decimocuarta-etapa-de-la-vuelta-ciclista-2019-finalizara-en-oviedo\\\/#webpage\"},\"articleSection\":\"Deportes\"},{\"@type\":\"BreadcrumbList\",\"@id\":\"https:\\\/\\\/www.eldigitaldeasturias.com\\\/noticias\\\/la-decimocuarta-etapa-de-la-vuelta-ciclista-2019-finalizara-en-oviedo\\\/#breadcrumblist\",\"itemListElement\":[{\"@type\":\"ListItem\",\"@id\":\"https:\\\/\\\/www.eldigitaldeasturias.com\\\/noticias#listItem\",\"position\":1,\"name\":\"Home\",\"item\":\"https:\\\/\\\/www.eldigitaldeasturias.com\\\/noticias\",\"nextItem\":{\"@type\":\"ListItem\",\"@id\":\"https:\\\/\\\/www.eldigitaldeasturias.com\\\/noticias\\\/category\\\/deportes\\\/#listItem\",\"name\":\"Deportes\"}},{\"@type\":\"ListItem\",\"@id\":\"https:\\\/\\\/www.eldigitaldeasturias.com\\\/noticias\\\/category\\\/deportes\\\/#listItem\",\"position\":2,\"name\":\"Deportes\",\"item\":\"https:\\\/\\\/www.eldigitaldeasturias.com\\\/noticias\\\/category\\\/deportes\\\/\",\"nextItem\":{\"@type\":\"ListItem\",\"@id\":\"https:\\\/\\\/www.eldigitaldeasturias.com\\\/noticias\\\/la-decimocuarta-etapa-de-la-vuelta-ciclista-2019-finalizara-en-oviedo\\\/#listItem\",\"name\":\"La decimocuarta etapa de La Vuelta Ciclista 2019 finalizar\\u00e1 en Oviedo\"},\"previousItem\":{\"@type\":\"ListItem\",\"@id\":\"https:\\\/\\\/www.eldigitaldeasturias.com\\\/noticias#listItem\",\"name\":\"Home\"}},{\"@type\":\"ListItem\",\"@id\":\"https:\\\/\\\/www.eldigitaldeasturias.com\\\/noticias\\\/la-decimocuarta-etapa-de-la-vuelta-ciclista-2019-finalizara-en-oviedo\\\/#listItem\",\"position\":3,\"name\":\"La decimocuarta etapa de La Vuelta Ciclista 2019 finalizar\\u00e1 en Oviedo\",\"previousItem\":{\"@type\":\"ListItem\",\"@id\":\"https:\\\/\\\/www.eldigitaldeasturias.com\\\/noticias\\\/category\\\/deportes\\\/#listItem\",\"name\":\"Deportes\"}}]},{\"@type\":\"Organization\",\"@id\":\"https:\\\/\\\/www.eldigitaldeasturias.com\\\/noticias\\\/#organization\",\"name\":\"El Digital de Asturias\",\"description\":\"Hemeroteca\",\"url\":\"https:\\\/\\\/www.eldigitaldeasturias.com\\\/noticias\\\/\",\"email\":\"info@eldigitaldeasturias.com\",\"telephone\":\"+34652131393\",\"logo\":{\"@type\":\"ImageObject\",\"url\":\"https:\\\/\\\/www.eldigitaldeasturias.com\\\/noticias\\\/wp-content\\\/uploads\\\/2020\\\/12\\\/EDA.jpg\",\"@id\":\"https:\\\/\\\/www.eldigitaldeasturias.com\\\/noticias\\\/la-decimocuarta-etapa-de-la-vuelta-ciclista-2019-finalizara-en-oviedo\\\/#organizationLogo\",\"width\":649,\"height\":297},\"image\":{\"@id\":\"https:\\\/\\\/www.eldigitaldeasturias.com\\\/noticias\\\/la-decimocuarta-etapa-de-la-vuelta-ciclista-2019-finalizara-en-oviedo\\\/#organizationLogo\"},\"sameAs\":[\"https:\\\/\\\/facebook.com\\\/eldigitaldeasturias\",\"https:\\\/\\\/www.youtube.com\\\/channel\\\/UCZP-2wLEB9Rv6erhFmqVnvg\"],\"address\":{\"@id\":\"https:\\\/\\\/www.eldigitaldeasturias.com\\\/noticias\\\/#postaladdress\",\"@type\":\"PostalAddress\",\"streetAddress\":\"san antonio 4,\",\"postalCode\":\"33430\",\"addressLocality\":\"Cand\\u00e1s\",\"addressRegion\":\"Asturias\",\"addressCountry\":\"ES\"}},{\"@type\":\"Person\",\"@id\":\"https:\\\/\\\/www.eldigitaldeasturias.com\\\/noticias\\\/author\\\/admin\\\/#author\",\"url\":\"https:\\\/\\\/www.eldigitaldeasturias.com\\\/noticias\\\/author\\\/admin\\\/\",\"name\":\"El Digital de Asturias\",\"image\":{\"@type\":\"ImageObject\",\"@id\":\"https:\\\/\\\/www.eldigitaldeasturias.com\\\/noticias\\\/la-decimocuarta-etapa-de-la-vuelta-ciclista-2019-finalizara-en-oviedo\\\/#authorImage\",\"url\":\"https:\\\/\\\/www.eldigitaldeasturias.com\\\/noticias\\\/wp-content\\\/litespeed\\\/avatar\\\/18677e78aa0546b92d9dbf31ec7d7668.jpg?ver=1777290358\",\"width\":96,\"height\":96,\"caption\":\"El Digital de Asturias\"}},{\"@type\":\"WebPage\",\"@id\":\"https:\\\/\\\/www.eldigitaldeasturias.com\\\/noticias\\\/la-decimocuarta-etapa-de-la-vuelta-ciclista-2019-finalizara-en-oviedo\\\/#webpage\",\"url\":\"https:\\\/\\\/www.eldigitaldeasturias.com\\\/noticias\\\/la-decimocuarta-etapa-de-la-vuelta-ciclista-2019-finalizara-en-oviedo\\\/\",\"name\":\"La decimocuarta etapa de La Vuelta Ciclista 2019 finalizar\\u00e1 en Oviedo - El Digital de Asturias\",\"description\":\"La decimocuarta etapa de La Vuelta Ciclista 2019 finalizar\\u00e1 en Oviedo el pr\\u00f3ximo 7 de septiembre, tras un recorrido de 189 kil\\u00f3metros que parte de San Vicente de la Barquera, pasa por la costa oriental asturiana, Gij\\u00f3n y el alto de la Madera, y concluye en la capital del Principado. \\u201cEsta etapa, la primera de\",\"inLanguage\":\"es-ES\",\"isPartOf\":{\"@id\":\"https:\\\/\\\/www.eldigitaldeasturias.com\\\/noticias\\\/#website\"},\"breadcrumb\":{\"@id\":\"https:\\\/\\\/www.eldigitaldeasturias.com\\\/noticias\\\/la-decimocuarta-etapa-de-la-vuelta-ciclista-2019-finalizara-en-oviedo\\\/#breadcrumblist\"},\"author\":{\"@id\":\"https:\\\/\\\/www.eldigitaldeasturias.com\\\/noticias\\\/author\\\/admin\\\/#author\"},\"creator\":{\"@id\":\"https:\\\/\\\/www.eldigitaldeasturias.com\\\/noticias\\\/author\\\/admin\\\/#author\"},\"image\":{\"@type\":\"ImageObject\",\"url\":\"https:\\\/\\\/www.eldigitaldeasturias.com\\\/noticias\\\/wp-content\\\/uploads\\\/2019\\\/04\\\/Presentacion-etapa-Vuelta-Oviedo.jpg\",\"@id\":\"https:\\\/\\\/www.eldigitaldeasturias.com\\\/noticias\\\/la-decimocuarta-etapa-de-la-vuelta-ciclista-2019-finalizara-en-oviedo\\\/#mainImage\",\"width\":1280,\"height\":960},\"primaryImageOfPage\":{\"@id\":\"https:\\\/\\\/www.eldigitaldeasturias.com\\\/noticias\\\/la-decimocuarta-etapa-de-la-vuelta-ciclista-2019-finalizara-en-oviedo\\\/#mainImage\"},\"datePublished\":\"2019-04-29T19:18:53+02:00\",\"dateModified\":\"2019-04-29T19:18:53+02:00\"},{\"@type\":\"WebSite\",\"@id\":\"https:\\\/\\\/www.eldigitaldeasturias.com\\\/noticias\\\/#website\",\"url\":\"https:\\\/\\\/www.eldigitaldeasturias.com\\\/noticias\\\/\",\"name\":\"El Digital de Asturias - Diario de actualidad y noticias\",\"alternateName\":\"El Digital de Asturias - Diario de actualidad y noticias\",\"description\":\"Hemeroteca\",\"inLanguage\":\"es-ES\",\"publisher\":{\"@id\":\"https:\\\/\\\/www.eldigitaldeasturias.com\\\/noticias\\\/#organization\"}}]}\n\t\t<\/script>\n\t\t<!-- All in One SEO Pro -->\r\n\t\t<title>La decimocuarta etapa de La Vuelta Ciclista 2019 finalizar\u00e1 en Oviedo - El Digital de Asturias<\/title>\n\n","aioseo_head_json":{"title":"La decimocuarta etapa de La Vuelta Ciclista 2019 finalizar\u00e1 en Oviedo - El Digital de Asturias","description":"La decimocuarta etapa de La Vuelta Ciclista 2019 finalizar\u00e1 en Oviedo el pr\u00f3ximo 7 de septiembre, tras un recorrido de 189 kil\u00f3metros que parte de San Vicente de la Barquera, pasa por la costa oriental asturiana, Gij\u00f3n y el alto de la Madera, y concluye en la capital del Principado. \u201cEsta etapa, la primera de","canonical_url":"https:\/\/www.eldigitaldeasturias.com\/noticias\/la-decimocuarta-etapa-de-la-vuelta-ciclista-2019-finalizara-en-oviedo\/","robots":"max-image-preview:large","keywords":"deportes","webmasterTools":{"google-site-verification":"UA-38556648-1","msvalidate.01":"7dfe9f3f1b24437ab69f4f2559babe99","miscellaneous":""},"schema":{"@context":"https:\/\/schema.org","@graph":[{"@type":"BlogPosting","@id":"https:\/\/www.eldigitaldeasturias.com\/noticias\/la-decimocuarta-etapa-de-la-vuelta-ciclista-2019-finalizara-en-oviedo\/#blogposting","name":"La decimocuarta etapa de La Vuelta Ciclista 2019 finalizar\u00e1 en Oviedo - El Digital de Asturias","headline":"La decimocuarta etapa de La Vuelta Ciclista 2019 finalizar\u00e1 en Oviedo","author":{"@id":"https:\/\/www.eldigitaldeasturias.com\/noticias\/author\/admin\/#author"},"publisher":{"@id":"https:\/\/www.eldigitaldeasturias.com\/noticias\/#organization"},"image":{"@type":"ImageObject","url":"https:\/\/www.eldigitaldeasturias.com\/noticias\/wp-content\/uploads\/2019\/04\/Presentacion-etapa-Vuelta-Oviedo.jpg","width":1280,"height":960},"datePublished":"2019-04-29T19:18:53+02:00","dateModified":"2019-04-29T19:18:53+02:00","inLanguage":"es-ES","mainEntityOfPage":{"@id":"https:\/\/www.eldigitaldeasturias.com\/noticias\/la-decimocuarta-etapa-de-la-vuelta-ciclista-2019-finalizara-en-oviedo\/#webpage"},"isPartOf":{"@id":"https:\/\/www.eldigitaldeasturias.com\/noticias\/la-decimocuarta-etapa-de-la-vuelta-ciclista-2019-finalizara-en-oviedo\/#webpage"},"articleSection":"Deportes"},{"@type":"BreadcrumbList","@id":"https:\/\/www.eldigitaldeasturias.com\/noticias\/la-decimocuarta-etapa-de-la-vuelta-ciclista-2019-finalizara-en-oviedo\/#breadcrumblist","itemListElement":[{"@type":"ListItem","@id":"https:\/\/www.eldigitaldeasturias.com\/noticias#listItem","position":1,"name":"Home","item":"https:\/\/www.eldigitaldeasturias.com\/noticias","nextItem":{"@type":"ListItem","@id":"https:\/\/www.eldigitaldeasturias.com\/noticias\/category\/deportes\/#listItem","name":"Deportes"}},{"@type":"ListItem","@id":"https:\/\/www.eldigitaldeasturias.com\/noticias\/category\/deportes\/#listItem","position":2,"name":"Deportes","item":"https:\/\/www.eldigitaldeasturias.com\/noticias\/category\/deportes\/","nextItem":{"@type":"ListItem","@id":"https:\/\/www.eldigitaldeasturias.com\/noticias\/la-decimocuarta-etapa-de-la-vuelta-ciclista-2019-finalizara-en-oviedo\/#listItem","name":"La decimocuarta etapa de La Vuelta Ciclista 2019 finalizar\u00e1 en Oviedo"},"previousItem":{"@type":"ListItem","@id":"https:\/\/www.eldigitaldeasturias.com\/noticias#listItem","name":"Home"}},{"@type":"ListItem","@id":"https:\/\/www.eldigitaldeasturias.com\/noticias\/la-decimocuarta-etapa-de-la-vuelta-ciclista-2019-finalizara-en-oviedo\/#listItem","position":3,"name":"La decimocuarta etapa de La Vuelta Ciclista 2019 finalizar\u00e1 en Oviedo","previousItem":{"@type":"ListItem","@id":"https:\/\/www.eldigitaldeasturias.com\/noticias\/category\/deportes\/#listItem","name":"Deportes"}}]},{"@type":"Organization","@id":"https:\/\/www.eldigitaldeasturias.com\/noticias\/#organization","name":"El Digital de Asturias","description":"Hemeroteca","url":"https:\/\/www.eldigitaldeasturias.com\/noticias\/","email":"info@eldigitaldeasturias.com","telephone":"+34652131393","logo":{"@type":"ImageObject","url":"https:\/\/www.eldigitaldeasturias.com\/noticias\/wp-content\/uploads\/2020\/12\/EDA.jpg","@id":"https:\/\/www.eldigitaldeasturias.com\/noticias\/la-decimocuarta-etapa-de-la-vuelta-ciclista-2019-finalizara-en-oviedo\/#organizationLogo","width":649,"height":297},"image":{"@id":"https:\/\/www.eldigitaldeasturias.com\/noticias\/la-decimocuarta-etapa-de-la-vuelta-ciclista-2019-finalizara-en-oviedo\/#organizationLogo"},"sameAs":["https:\/\/facebook.com\/eldigitaldeasturias","https:\/\/www.youtube.com\/channel\/UCZP-2wLEB9Rv6erhFmqVnvg"],"address":{"@id":"https:\/\/www.eldigitaldeasturias.com\/noticias\/#postaladdress","@type":"PostalAddress","streetAddress":"san antonio 4,","postalCode":"33430","addressLocality":"Cand\u00e1s","addressRegion":"Asturias","addressCountry":"ES"}},{"@type":"Person","@id":"https:\/\/www.eldigitaldeasturias.com\/noticias\/author\/admin\/#author","url":"https:\/\/www.eldigitaldeasturias.com\/noticias\/author\/admin\/","name":"El Digital de Asturias","image":{"@type":"ImageObject","@id":"https:\/\/www.eldigitaldeasturias.com\/noticias\/la-decimocuarta-etapa-de-la-vuelta-ciclista-2019-finalizara-en-oviedo\/#authorImage","url":"https:\/\/www.eldigitaldeasturias.com\/noticias\/wp-content\/litespeed\/avatar\/18677e78aa0546b92d9dbf31ec7d7668.jpg?ver=1777290358","width":96,"height":96,"caption":"El Digital de Asturias"}},{"@type":"WebPage","@id":"https:\/\/www.eldigitaldeasturias.com\/noticias\/la-decimocuarta-etapa-de-la-vuelta-ciclista-2019-finalizara-en-oviedo\/#webpage","url":"https:\/\/www.eldigitaldeasturias.com\/noticias\/la-decimocuarta-etapa-de-la-vuelta-ciclista-2019-finalizara-en-oviedo\/","name":"La decimocuarta etapa de La Vuelta Ciclista 2019 finalizar\u00e1 en Oviedo - El Digital de Asturias","description":"La decimocuarta etapa de La Vuelta Ciclista 2019 finalizar\u00e1 en Oviedo el pr\u00f3ximo 7 de septiembre, tras un recorrido de 189 kil\u00f3metros que parte de San Vicente de la Barquera, pasa por la costa oriental asturiana, Gij\u00f3n y el alto de la Madera, y concluye en la capital del Principado. \u201cEsta etapa, la primera de","inLanguage":"es-ES","isPartOf":{"@id":"https:\/\/www.eldigitaldeasturias.com\/noticias\/#website"},"breadcrumb":{"@id":"https:\/\/www.eldigitaldeasturias.com\/noticias\/la-decimocuarta-etapa-de-la-vuelta-ciclista-2019-finalizara-en-oviedo\/#breadcrumblist"},"author":{"@id":"https:\/\/www.eldigitaldeasturias.com\/noticias\/author\/admin\/#author"},"creator":{"@id":"https:\/\/www.eldigitaldeasturias.com\/noticias\/author\/admin\/#author"},"image":{"@type":"ImageObject","url":"https:\/\/www.eldigitaldeasturias.com\/noticias\/wp-content\/uploads\/2019\/04\/Presentacion-etapa-Vuelta-Oviedo.jpg","@id":"https:\/\/www.eldigitaldeasturias.com\/noticias\/la-decimocuarta-etapa-de-la-vuelta-ciclista-2019-finalizara-en-oviedo\/#mainImage","width":1280,"height":960},"primaryImageOfPage":{"@id":"https:\/\/www.eldigitaldeasturias.com\/noticias\/la-decimocuarta-etapa-de-la-vuelta-ciclista-2019-finalizara-en-oviedo\/#mainImage"},"datePublished":"2019-04-29T19:18:53+02:00","dateModified":"2019-04-29T19:18:53+02:00"},{"@type":"WebSite","@id":"https:\/\/www.eldigitaldeasturias.com\/noticias\/#website","url":"https:\/\/www.eldigitaldeasturias.com\/noticias\/","name":"El Digital de Asturias - Diario de actualidad y noticias","alternateName":"El Digital de Asturias - Diario de actualidad y noticias","description":"Hemeroteca","inLanguage":"es-ES","publisher":{"@id":"https:\/\/www.eldigitaldeasturias.com\/noticias\/#organization"}}]},"og:locale":"es_ES","og:site_name":"El Digital de Asturias","og:type":"article","og:title":"La decimocuarta etapa de La Vuelta Ciclista 2019 finalizar\u00e1 en Oviedo - El Digital de Asturias","og:description":"La decimocuarta etapa de La Vuelta Ciclista 2019 finalizar\u00e1 en Oviedo el pr\u00f3ximo 7 de septiembre, tras un recorrido de 189 kil\u00f3metros que parte de San Vicente de la Barquera, pasa por la costa oriental asturiana, Gij\u00f3n y el alto de la Madera, y concluye en la capital del Principado. \u201cEsta etapa, la primera de","og:url":"https:\/\/www.eldigitaldeasturias.com\/noticias\/la-decimocuarta-etapa-de-la-vuelta-ciclista-2019-finalizara-en-oviedo\/","og:image":"https:\/\/www.eldigitaldeasturias.com\/noticias\/wp-content\/uploads\/2019\/04\/Presentacion-etapa-Vuelta-Oviedo.jpg","og:image:secure_url":"https:\/\/www.eldigitaldeasturias.com\/noticias\/wp-content\/uploads\/2019\/04\/Presentacion-etapa-Vuelta-Oviedo.jpg","og:image:width":1280,"og:image:height":960,"article:tag":["deportes"],"article:published_time":"2019-04-29T19:18:53+00:00","article:modified_time":"2019-04-29T19:18:53+00:00","article:publisher":"https:\/\/facebook.com\/eldigitaldeasturias","twitter:card":"summary_large_image","twitter:title":"La decimocuarta etapa de La Vuelta Ciclista 2019 finalizar\u00e1 en Oviedo - El Digital de Asturias","twitter:description":"La decimocuarta etapa de La Vuelta Ciclista 2019 finalizar\u00e1 en Oviedo el pr\u00f3ximo 7 de septiembre, tras un recorrido de 189 kil\u00f3metros que parte de San Vicente de la Barquera, pasa por la costa oriental asturiana, Gij\u00f3n y el alto de la Madera, y concluye en la capital del Principado. \u201cEsta etapa, la primera de","twitter:image":"https:\/\/www.eldigitaldeasturias.com\/noticias\/wp-content\/uploads\/2019\/04\/Presentacion-etapa-Vuelta-Oviedo.jpg","twitter:label1":"Escrito por","twitter:data1":"El Digital de Asturias","twitter:label2":"Tiempo de lectura estimado","twitter:data2":"1 minuto"},"aioseo_meta_data":{"post_id":"1025636","title":null,"description":null,"keywords":null,"keyphrases":null,"primary_term":null,"canonical_url":null,"og_title":null,"og_description":null,"og_object_type":"default","og_image_type":"default","og_image_url":null,"og_image_width":null,"og_image_height":null,"og_image_custom_url":null,"og_image_custom_fields":null,"og_video":null,"og_custom_url":null,"og_article_section":null,"og_article_tags":null,"twitter_use_og":false,"twitter_card":"default","twitter_image_type":"default","twitter_image_url":null,"twitter_image_custom_url":null,"twitter_image_custom_fields":null,"twitter_title":null,"twitter_description":null,"schema":{"blockGraphs":[],"customGraphs":[],"default":{"data":{"Article":[],"Course":[],"Dataset":[],"FAQPage":[],"Movie":[],"Person":[],"Product":[],"ProductReview":[],"Car":[],"Recipe":[],"Service":[],"SoftwareApplication":[],"WebPage":[]},"graphName":"","isEnabled":true},"graphs":[],"defaultGraph":"","defaultPostTypeGraph":""},"schema_type":null,"schema_type_options":null,"pillar_content":false,"robots_default":true,"robots_noindex":false,"robots_noarchive":false,"robots_nosnippet":false,"robots_nofollow":false,"robots_noimageindex":false,"robots_noodp":false,"robots_notranslate":false,"robots_max_snippet":null,"robots_max_videopreview":null,"robots_max_imagepreview":"large","priority":null,"frequency":null,"local_seo":null,"seo_analyzer_scan_date":"2025-10-17 23:15:11","breadcrumb_settings":null,"limit_modified_date":false,"open_ai":null,"ai":null,"created":"2020-12-21 11:14:32","updated":"2025-10-17 23:15:11"},"aioseo_breadcrumb":"<div class=\"aioseo-breadcrumbs\"><span class=\"aioseo-breadcrumb\">\n\t<a href=\"https:\/\/www.eldigitaldeasturias.com\/noticias\" title=\"Home\">Home<\/a>\n<\/span><span class=\"aioseo-breadcrumb-separator\">\u2013<\/span><span class=\"aioseo-breadcrumb\">\n\t<a href=\"https:\/\/www.eldigitaldeasturias.com\/noticias\/category\/deportes\/\" title=\"Deportes\">Deportes<\/a>\n<\/span><span class=\"aioseo-breadcrumb-separator\">\u2013<\/span><span class=\"aioseo-breadcrumb\">\n\t<a href=\"https:\/\/www.eldigitaldeasturias.com\/noticias\/la-decimocuarta-etapa-de-la-vuelta-ciclista-2019-finalizara-en-oviedo\/\" title=\"La decimocuarta etapa de La Vuelta Ciclista 2019 finalizar\u00e1 en Oviedo\">La decimocuarta etapa de La Vuelta Ciclista 2019 finalizar\u00e1 en Oviedo<\/a>\n<\/span><\/div>","aioseo_breadcrumb_json":[{"label":"Home","link":"https:\/\/www.eldigitaldeasturias.com\/noticias"},{"label":"Deportes","link":"https:\/\/www.eldigitaldeasturias.com\/noticias\/category\/deportes\/"},{"label":"La decimocuarta etapa de La Vuelta Ciclista 2019 finalizar\u00e1 en Oviedo","link":"https:\/\/www.eldigitaldeasturias.com\/noticias\/la-decimocuarta-etapa-de-la-vuelta-ciclista-2019-finalizara-en-oviedo\/"}],"_links":{"self":[{"href":"https:\/\/www.eldigitaldeasturias.com\/noticias\/wp-json\/wp\/v2\/posts\/1025636","targetHints":{"allow":["GET"]}}],"collection":[{"href":"https:\/\/www.eldigitaldeasturias.com\/noticias\/wp-json\/wp\/v2\/posts"}],"about":[{"href":"https:\/\/www.eldigitaldeasturias.com\/noticias\/wp-json\/wp\/v2\/types\/post"}],"author":[{"embeddable":true,"href":"https:\/\/www.eldigitaldeasturias.com\/noticias\/wp-json\/wp\/v2\/users\/1"}],"replies":[{"embeddable":true,"href":"https:\/\/www.eldigitaldeasturias.com\/noticias\/wp-json\/wp\/v2\/comments?post=1025636"}],"version-history":[{"count":0,"href":"https:\/\/www.eldigitaldeasturias.com\/noticias\/wp-json\/wp\/v2\/posts\/1025636\/revisions"}],"wp:featuredmedia":[{"embeddable":true,"href":"https:\/\/www.eldigitaldeasturias.com\/noticias\/wp-json\/wp\/v2\/media\/1025637"}],"wp:attachment":[{"href":"https:\/\/www.eldigitaldeasturias.com\/noticias\/wp-json\/wp\/v2\/media?parent=1025636"}],"wp:term":[{"taxonomy":"category","embeddable":true,"href":"https:\/\/www.eldigitaldeasturias.com\/noticias\/wp-json\/wp\/v2\/categories?post=1025636"},{"taxonomy":"post_tag","embeddable":true,"href":"https:\/\/www.eldigitaldeasturias.com\/noticias\/wp-json\/wp\/v2\/tags?post=1025636"}],"curies":[{"name":"wp","href":"https:\/\/api.w.org\/{rel}","templated":true}]}}