{"id":1025574,"date":"2019-04-29T05:59:45","date_gmt":"2019-04-29T05:59:45","guid":{"rendered":"https:\/\/www.eldigitaldeasturias.com\/noticias\/?p=1025574"},"modified":"2019-04-29T05:59:45","modified_gmt":"2019-04-29T05:59:45","slug":"el-legendario-uli-hoeness-cumple-40-anos-al-mando-del-bayern","status":"publish","type":"post","link":"https:\/\/www.eldigitaldeasturias.com\/noticias\/el-legendario-uli-hoeness-cumple-40-anos-al-mando-del-bayern\/","title":{"rendered":"El legendario Uli Hoeness cumple 40 a\u00f1os al mando del Bayern"},"content":{"rendered":"<p><img loading=\"lazy\" decoding=\"async\" class=\"alignleft size-medium wp-image-1025575\" src=\"https:\/\/www.eldigitaldeasturias.com\/noticias\/wp-content\/uploads\/2019\/04\/Uli-Hoeness-360x230.jpg\" alt=\"\" width=\"360\" height=\"230\" srcset=\"https:\/\/www.eldigitaldeasturias.com\/noticias\/wp-content\/uploads\/2019\/04\/Uli-Hoeness-360x230.jpg 360w, https:\/\/www.eldigitaldeasturias.com\/noticias\/wp-content\/uploads\/2019\/04\/Uli-Hoeness-768x490.jpg 768w, https:\/\/www.eldigitaldeasturias.com\/noticias\/wp-content\/uploads\/2019\/04\/Uli-Hoeness-650x415.jpg 650w, https:\/\/www.eldigitaldeasturias.com\/noticias\/wp-content\/uploads\/2019\/04\/Uli-Hoeness.jpg 1046w\" sizes=\"auto, (max-width: 360px) 100vw, 360px\" \/>M\u00fanich (dpa) &#8211; Uli Hoeness a\u00fan recuerda muy bien su primer d\u00eda de trabajo como m\u00e1nager del Bayern M\u00fanich. \u00abTen\u00eda muchas ganas de hacer cosas y estaba muy motivado cuando llegu\u00e9 con mi saco gris con una libreta debajo del brazo\u00bb, relata Hoeness sobre aquel 1 de mayo de 1979.<\/p>\n<p>Hoeness ocup\u00f3 la oficina de su antecesor Robert Schwan. \u00abHab\u00eda un escritorio y un aparador con un tel\u00e9fono. Eso era todo. No ten\u00eda secretaria. Estuve dos horas hablando por tel\u00e9fono y me volv\u00ed a mi casa\u00bb.<\/p>\n<p>As\u00ed comenz\u00f3 una de las historias m\u00e1s exitosas del f\u00fatbol alem\u00e1n. Hoeness, que entonces ten\u00eda 27 a\u00f1os, se revel\u00f3 r\u00e1pidamente como un visionario. Y hasta hoy es un hombre de acci\u00f3n que genera reacciones encontradas.<\/p>\n<p>Hoeness era ese m\u00e1nager con la valija de dinero, que compraba los mejores jugadores de los equipos rivales. Por eso era atacado en los partidos que se jugaban fuera de M\u00fanich. En la memoria persiste aquella vez a fines de los 1980 cuando en lanzaron monedas en el estadio del Sankt Pauli en Hamburgo.<\/p>\n<p>\u00abQuer\u00eda llegar a la cima con el Bayern\u00bb, dice Hoeness en entrevista con dpa con motivo de su 40 aniversario. En aquel entonces el club no era tan rico como ahora. Por eso en los a\u00f1os iniciales luch\u00f3 \u00abmucho con el codo\u00bb.<\/p>\n<p>Describe como \u00ablegendarios\u00bb sus desencuentros con Helmut Grashoff, del Borussia M\u00f6nchengladbach, y Willi Lemke, del Werder Bremen.<\/p>\n<p>Explica que eso formaba parte de la pol\u00edtica del club. \u00abEsa polarizaci\u00f3n hizo del Bayern un club mucho m\u00e1s interesante que la mayor\u00eda de los dem\u00e1s clubes\u00bb, dice Hoeness.<\/p>\n<p>Afirma que hoy en d\u00eda los rivales en la Bundesliga miran hacia M\u00fanich para ver \u00ablo que hace el l\u00edder del mercado\u00bb y que intentan \u00abcopiar lo mejor\u00bb. Pero a Hoeness eso no le molesta. Le produce orgullo.<\/p>\n<p>Aquel m\u00e1nager novato de 1979 no es comparable con el presidente del club m\u00e1s laureado de la Bundesliga que es hoy a los 67 a\u00f1os. \u00abEn aquel entonces era m\u00e1s salvaje. Hoy soy mucho m\u00e1s indulgente en una discusi\u00f3n\u00bb.<\/p>\n<p>El Bayern es la obra de vida de Hoeness. \u00abUna historia de \u00e9xito como no hay otra en el f\u00fatbol alem\u00e1n\u00bb, escribi\u00f3 hace poco el presidente de la junta directiva del club, Karl-Heinz Rummenigge, en la revista de club.<\/p>\n<p>Cuando Hoeness debut\u00f3 como gerente tras el prematuro fin de su carrera como futbolista por problemas cr\u00f3nicos de rodilla, el Bayern facturaba 12 millones de marcos al a\u00f1o y empleaba a 20 personas. Cuarenta a\u00f1os despu\u00e9s, factura casi 700 millones de euros (casi 790 millones de d\u00f3lares) y tiene mil empleados.<\/p>\n<p>Hace tiempo que Hoeness podr\u00eda estar descansando en su casa junto al lago Tegernsee. Pero est\u00e1 haciendo justo lo contrario. Quien lo visite en su oficina con vista a los campos de entrenamiento en la calle S\u00e4bener se encuentra con un jefe que rebosa de energ\u00eda y esp\u00edritu emprendedor. \u00abHay tanto para hacer\u00bb, afirma.<\/p>\n<p>Como tareas pendientes menciona el multimillonario reemplazo de Audi por BMW como patrocinador, la formaci\u00f3n de un equipo nuevo y joven y el inminente cambio de personal en puestos directivos del club, entre otras cosas.<\/p>\n<p>A fines de junio decidir\u00e1 volver\u00e1 a postularse como presidente en la asamblea de socios en noviembre. Pero parece que s\u00f3lo es posible una respuesta: \u00a1Por supuesto!<\/p>\n<p>A\u00fan no est\u00e1 todo terminado para Uli H. Y m\u00e1s cuando tocaron su orgullo esta temporada con numerosas cr\u00edticas, por ejemplo, al presunto fracaso de la renovaci\u00f3n del plantel o a la supuesta soluci\u00f3n de emergencia que supuso contratar a Niko Kovac como entrenador. Eso le molest\u00f3 much\u00edsimo, admite Hoeness. Y responde.<\/p>\n<p>En el caso de Kovac, pide \u00abpaciencia\u00bb. Los cambios de entrenador, para Hoeness, no son una se\u00f1al de fortaleza. \u00abLos peores a\u00f1os del Bayern siempre fueron aquellos en los que tuvimos grandes fluctuaciones en el puesto de t\u00e9cnico\u00bb, recuerda.<\/p>\n<p>Kovac a\u00fan puede ser campe\u00f3n de Liga y de Copa en su primer a\u00f1o en la direcci\u00f3n t\u00e9cnica de Bayern. \u00abMe gust\u00f3 c\u00f3mo sac\u00f3 al equipo del dif\u00edcil trance de noviembre\u00bb, dice Hoeness sobre el sucesor de Jupp Heynckes, que tuvo que lidiar con un complicado primer a\u00f1o.<\/p>\n<p>El ex capit\u00e1n del equipo Oliver Kahn, de 49 a\u00f1os, es el hombre al que Hoeness quiere ver como sucesor de Rummenigge, de 63. \u00abEst\u00e1 previsto que empiece el 1 de enero de 2020\u00bb, dice Hoeness.<\/p>\n<p>A Hoeness le gusta que en puestos claves haya personas con \u00abolor a campo\u00bb, que hayan \u00abmamado el ADN del Bayern como jugadores\u00bb. Como Kahn, como Kovac y tambi\u00e9n como Hasan Salihamidzic. \u00abHassan hace un muy buen trabajo\u00bb, sentencia sobre el director deportivo.<\/p>\n<p>Hoeness se defiende de las cr\u00edticas de que el Bayern no consigui\u00f3 rejuvenecer al equipo y recuerda que en la victoria reciente de 3-2 de Alemania sobre Holanda hubo cinco jugadores del Bayern en el once inicial. Junto al m\u00e1s veterano, Manuel Neuer (33), cuatro j\u00f3venes: Joshua Kimmich, Niklas S\u00fcle, Leon Goretzka y Serge Gnabry, todos nacidos en 1995.<\/p>\n<p>\u00abNing\u00fan otro club aport\u00f3 tantos jugadores. El club al que m\u00e1s se critic\u00f3 por no haber logrado la transici\u00f3n es el que m\u00e1s alegr\u00edas depara en el relanzamiento de la selecci\u00f3n nacional\u00bb, se\u00f1ala Hoeness. Para \u00e9l era una necesidad posibilitar a las leyendas Franck Rib\u00e9ry (36) y Arjen Robben (35) \u00abuna salida decente\u00bb de M\u00fanich.<\/p>\n<p>Por otra parte, el Bayeren invierte como nunca antes en el futuro. El club muniqu\u00e9s fich\u00f3 al campe\u00f3n mundial franc\u00e9s Lucas Hern\u00e1ndez, del Atl\u00e9tico de Madrid, por 80 millones de euros. Hoeness manifiesta su asombro por las cr\u00edticas a ese pase millonario.<\/p>\n<p>\u00abHace poco a\u00fan se dec\u00eda que con su cautelosa pol\u00edtica de fichajes el Bayern ya no ten\u00eda posibilidad de penetrar el frente de los clubes espa\u00f1oles e ingleses m\u00e1s importantes como del Paris Saint-Germain. Lo hicimos y la gente dice: \u00bfC\u00f3mo se pueden gastar 80 millones en un jugador? \u00bfQu\u00e9 habr\u00edan dicho si compr\u00e1bamos a Kylian Mbapp\u00e9?\u00bb.<\/p>\n<p>Hoeness tiene devoci\u00f3n por el joven astro del Par\u00eds Saint-Germain: \u00abLo comprar\u00eda de inmediato. Es genial. Pero para eso nos falta el dinero necesario\u00bb.<\/p>\n<p>En sus cuatro d\u00e9cadas al frente del Bayern, Hoeness destaca como hitos la vertiginosa evoluci\u00f3n del patrocinio y el merchandising as\u00ed como la reunificaci\u00f3n alemana, que le depar\u00f3 al club una nueva ola de hinchas y socios de la ex Rep\u00fablica Democr\u00e1tica Alemana.<\/p>\n<p>L\u00f3gicamente tambi\u00e9n menciona la inauguraci\u00f3n del Allianz Arena en 2005. \u00abEl estadio llev\u00f3 al Bayern a un mundo completamente nuevo. Los partidos de f\u00fatbol se convirtieron en un evento\u00bb, se felicita Hoeness. El estadio es una mina de oro.<\/p>\n<p>Hoeness dijo hace poco que no cometi\u00f3 \u00aberrores graves\u00bb a excepci\u00f3n del tema del fraude fiscal. El directivo fue condenado en 2014 por la justicia alemana a tres a\u00f1os y medio de c\u00e1rcel por evadir impuestos por unos 28,5 millones de euros (31 millones de d\u00f3lares) a trav\u00e9s de cuentas en Suiza.<\/p>\n<p>La sentencia lo llev\u00f3 a renunciar por un tiempo a sus cargos en el Bayern. Durante su estad\u00eda en prisi\u00f3n, fue Rummenigge el que asumi\u00f3 como hombre fuerte del club y contribuy\u00f3 sobre todo a una mayor internacionalizaci\u00f3n.<\/p>\n<p>Tras el regreso de Hoeness, la relaci\u00f3n entre ambos jefes tuvo que superar varias pruebas. Para el m\u00e1s racional Rummenigge lleg\u00f3 la hora de despedirse. Para el m\u00e1s impulsivo Hoeness a\u00fan no. Aunque tiene en claro: \u00abAlguna vez Karl-Heinz y yo tenemos que liberar estos puestos. No hay que creer que uno es irreemplazable\u00bb.<\/p>\n<p><strong><em>Por Klaus Bergmann y Christian Kunz (dpa)<\/em><\/strong><\/p>\n<p><strong><em>Foto: Sven Hoppe\/dpa <\/em><\/strong><\/p>\n","protected":false},"excerpt":{"rendered":"<p>M\u00fanich (dpa) &#8211; Uli Hoeness a\u00fan recuerda muy bien su primer d\u00eda de trabajo como m\u00e1nager del Bayern M\u00fanich. \u00abTen\u00eda muchas ganas de hacer cosas y estaba muy motivado cuando llegu\u00e9 con mi saco gris con una libreta debajo del brazo\u00bb, relata Hoeness sobre aquel 1 de mayo de 1979. Hoeness ocup\u00f3 la oficina de [&hellip;]<\/p>\n","protected":false},"author":1,"featured_media":1025575,"comment_status":"closed","ping_status":"closed","sticky":false,"template":"","format":"standard","meta":{"footnotes":""},"categories":[190],"tags":[],"class_list":["post-1025574","post","type-post","status-publish","format-standard","has-post-thumbnail","hentry","category-deportes"],"aioseo_notices":[],"aioseo_head":"\n\t\t<!-- All in One SEO Pro 4.9.6.2 - aioseo.com -->\n\t<meta name=\"description\" content=\"M\u00fanich (dpa) - Uli Hoeness a\u00fan recuerda muy bien su primer d\u00eda de trabajo como m\u00e1nager del Bayern M\u00fanich. &quot;Ten\u00eda muchas ganas de hacer cosas y estaba muy motivado cuando llegu\u00e9 con mi saco gris con una libreta debajo del brazo&quot;, relata Hoeness sobre aquel 1 de mayo de 1979. Hoeness ocup\u00f3 la oficina de\" \/>\n\t<meta name=\"robots\" content=\"max-image-preview:large\" \/>\n\t<meta name=\"author\" content=\"El Digital de Asturias\"\/>\n\t<meta name=\"google-site-verification\" content=\"UA-38556648-1\" \/>\n\t<meta name=\"msvalidate.01\" content=\"7dfe9f3f1b24437ab69f4f2559babe99\" \/>\n\t<meta name=\"keywords\" content=\"deportes\" \/>\n\t<link rel=\"canonical\" href=\"https:\/\/www.eldigitaldeasturias.com\/noticias\/el-legendario-uli-hoeness-cumple-40-anos-al-mando-del-bayern\/\" \/>\n\t<meta name=\"generator\" content=\"All in One SEO Pro (AIOSEO) 4.9.6.2\" \/>\n\t\t<meta property=\"og:locale\" content=\"es_ES\" \/>\n\t\t<meta property=\"og:site_name\" content=\"El Digital de Asturias\" \/>\n\t\t<meta property=\"og:type\" content=\"article\" \/>\n\t\t<meta property=\"og:title\" content=\"El legendario Uli Hoeness cumple 40 a\u00f1os al mando del Bayern - El Digital de Asturias\" \/>\n\t\t<meta property=\"og:description\" content=\"M\u00fanich (dpa) - Uli Hoeness a\u00fan recuerda muy bien su primer d\u00eda de trabajo como m\u00e1nager del Bayern M\u00fanich. &quot;Ten\u00eda muchas ganas de hacer cosas y estaba muy motivado cuando llegu\u00e9 con mi saco gris con una libreta debajo del brazo&quot;, relata Hoeness sobre aquel 1 de mayo de 1979. Hoeness ocup\u00f3 la oficina de\" \/>\n\t\t<meta property=\"og:url\" content=\"https:\/\/www.eldigitaldeasturias.com\/noticias\/el-legendario-uli-hoeness-cumple-40-anos-al-mando-del-bayern\/\" \/>\n\t\t<meta property=\"og:image\" content=\"https:\/\/www.eldigitaldeasturias.com\/noticias\/wp-content\/uploads\/2019\/04\/Uli-Hoeness.jpg\" \/>\n\t\t<meta property=\"og:image:secure_url\" content=\"https:\/\/www.eldigitaldeasturias.com\/noticias\/wp-content\/uploads\/2019\/04\/Uli-Hoeness.jpg\" \/>\n\t\t<meta property=\"og:image:width\" content=\"1046\" \/>\n\t\t<meta property=\"og:image:height\" content=\"668\" \/>\n\t\t<meta property=\"article:tag\" content=\"deportes\" \/>\n\t\t<meta property=\"article:published_time\" content=\"2019-04-29T05:59:45+00:00\" \/>\n\t\t<meta property=\"article:modified_time\" content=\"2019-04-29T05:59:45+00:00\" \/>\n\t\t<meta property=\"article:publisher\" content=\"https:\/\/facebook.com\/eldigitaldeasturias\" \/>\n\t\t<meta name=\"twitter:card\" content=\"summary_large_image\" \/>\n\t\t<meta name=\"twitter:title\" content=\"El legendario Uli Hoeness cumple 40 a\u00f1os al mando del Bayern - El Digital de Asturias\" \/>\n\t\t<meta name=\"twitter:description\" content=\"M\u00fanich (dpa) - Uli Hoeness a\u00fan recuerda muy bien su primer d\u00eda de trabajo como m\u00e1nager del Bayern M\u00fanich. &quot;Ten\u00eda muchas ganas de hacer cosas y estaba muy motivado cuando llegu\u00e9 con mi saco gris con una libreta debajo del brazo&quot;, relata Hoeness sobre aquel 1 de mayo de 1979. Hoeness ocup\u00f3 la oficina de\" \/>\n\t\t<meta name=\"twitter:image\" content=\"https:\/\/www.eldigitaldeasturias.com\/noticias\/wp-content\/uploads\/2019\/04\/Uli-Hoeness.jpg\" \/>\n\t\t<meta name=\"twitter:label1\" content=\"Escrito por\" \/>\n\t\t<meta name=\"twitter:data1\" content=\"El Digital de Asturias\" \/>\n\t\t<meta name=\"twitter:label2\" content=\"Tiempo de lectura estimado\" \/>\n\t\t<meta name=\"twitter:data2\" content=\"7 minutos\" \/>\n\t\t<script type=\"application\/ld+json\" class=\"aioseo-schema\">\n\t\t\t{\"@context\":\"https:\\\/\\\/schema.org\",\"@graph\":[{\"@type\":\"BlogPosting\",\"@id\":\"https:\\\/\\\/www.eldigitaldeasturias.com\\\/noticias\\\/el-legendario-uli-hoeness-cumple-40-anos-al-mando-del-bayern\\\/#blogposting\",\"name\":\"El legendario Uli Hoeness cumple 40 a\\u00f1os al mando del Bayern - El Digital de Asturias\",\"headline\":\"El legendario Uli Hoeness cumple 40 a\\u00f1os al mando del Bayern\",\"author\":{\"@id\":\"https:\\\/\\\/www.eldigitaldeasturias.com\\\/noticias\\\/author\\\/admin\\\/#author\"},\"publisher\":{\"@id\":\"https:\\\/\\\/www.eldigitaldeasturias.com\\\/noticias\\\/#organization\"},\"image\":{\"@type\":\"ImageObject\",\"url\":\"https:\\\/\\\/www.eldigitaldeasturias.com\\\/noticias\\\/wp-content\\\/uploads\\\/2019\\\/04\\\/Uli-Hoeness.jpg\",\"width\":1046,\"height\":668},\"datePublished\":\"2019-04-29T05:59:45+02:00\",\"dateModified\":\"2019-04-29T05:59:45+02:00\",\"inLanguage\":\"es-ES\",\"mainEntityOfPage\":{\"@id\":\"https:\\\/\\\/www.eldigitaldeasturias.com\\\/noticias\\\/el-legendario-uli-hoeness-cumple-40-anos-al-mando-del-bayern\\\/#webpage\"},\"isPartOf\":{\"@id\":\"https:\\\/\\\/www.eldigitaldeasturias.com\\\/noticias\\\/el-legendario-uli-hoeness-cumple-40-anos-al-mando-del-bayern\\\/#webpage\"},\"articleSection\":\"Deportes\"},{\"@type\":\"BreadcrumbList\",\"@id\":\"https:\\\/\\\/www.eldigitaldeasturias.com\\\/noticias\\\/el-legendario-uli-hoeness-cumple-40-anos-al-mando-del-bayern\\\/#breadcrumblist\",\"itemListElement\":[{\"@type\":\"ListItem\",\"@id\":\"https:\\\/\\\/www.eldigitaldeasturias.com\\\/noticias#listItem\",\"position\":1,\"name\":\"Home\",\"item\":\"https:\\\/\\\/www.eldigitaldeasturias.com\\\/noticias\",\"nextItem\":{\"@type\":\"ListItem\",\"@id\":\"https:\\\/\\\/www.eldigitaldeasturias.com\\\/noticias\\\/category\\\/deportes\\\/#listItem\",\"name\":\"Deportes\"}},{\"@type\":\"ListItem\",\"@id\":\"https:\\\/\\\/www.eldigitaldeasturias.com\\\/noticias\\\/category\\\/deportes\\\/#listItem\",\"position\":2,\"name\":\"Deportes\",\"item\":\"https:\\\/\\\/www.eldigitaldeasturias.com\\\/noticias\\\/category\\\/deportes\\\/\",\"nextItem\":{\"@type\":\"ListItem\",\"@id\":\"https:\\\/\\\/www.eldigitaldeasturias.com\\\/noticias\\\/el-legendario-uli-hoeness-cumple-40-anos-al-mando-del-bayern\\\/#listItem\",\"name\":\"El legendario Uli Hoeness cumple 40 a\\u00f1os al mando del Bayern\"},\"previousItem\":{\"@type\":\"ListItem\",\"@id\":\"https:\\\/\\\/www.eldigitaldeasturias.com\\\/noticias#listItem\",\"name\":\"Home\"}},{\"@type\":\"ListItem\",\"@id\":\"https:\\\/\\\/www.eldigitaldeasturias.com\\\/noticias\\\/el-legendario-uli-hoeness-cumple-40-anos-al-mando-del-bayern\\\/#listItem\",\"position\":3,\"name\":\"El legendario Uli Hoeness cumple 40 a\\u00f1os al mando del Bayern\",\"previousItem\":{\"@type\":\"ListItem\",\"@id\":\"https:\\\/\\\/www.eldigitaldeasturias.com\\\/noticias\\\/category\\\/deportes\\\/#listItem\",\"name\":\"Deportes\"}}]},{\"@type\":\"Organization\",\"@id\":\"https:\\\/\\\/www.eldigitaldeasturias.com\\\/noticias\\\/#organization\",\"name\":\"El Digital de Asturias\",\"description\":\"Hemeroteca\",\"url\":\"https:\\\/\\\/www.eldigitaldeasturias.com\\\/noticias\\\/\",\"email\":\"info@eldigitaldeasturias.com\",\"telephone\":\"+34652131393\",\"logo\":{\"@type\":\"ImageObject\",\"url\":\"https:\\\/\\\/www.eldigitaldeasturias.com\\\/noticias\\\/wp-content\\\/uploads\\\/2020\\\/12\\\/EDA.jpg\",\"@id\":\"https:\\\/\\\/www.eldigitaldeasturias.com\\\/noticias\\\/el-legendario-uli-hoeness-cumple-40-anos-al-mando-del-bayern\\\/#organizationLogo\",\"width\":649,\"height\":297},\"image\":{\"@id\":\"https:\\\/\\\/www.eldigitaldeasturias.com\\\/noticias\\\/el-legendario-uli-hoeness-cumple-40-anos-al-mando-del-bayern\\\/#organizationLogo\"},\"sameAs\":[\"https:\\\/\\\/facebook.com\\\/eldigitaldeasturias\",\"https:\\\/\\\/www.youtube.com\\\/channel\\\/UCZP-2wLEB9Rv6erhFmqVnvg\"],\"address\":{\"@id\":\"https:\\\/\\\/www.eldigitaldeasturias.com\\\/noticias\\\/#postaladdress\",\"@type\":\"PostalAddress\",\"streetAddress\":\"san antonio 4,\",\"postalCode\":\"33430\",\"addressLocality\":\"Cand\\u00e1s\",\"addressRegion\":\"Asturias\",\"addressCountry\":\"ES\"}},{\"@type\":\"Person\",\"@id\":\"https:\\\/\\\/www.eldigitaldeasturias.com\\\/noticias\\\/author\\\/admin\\\/#author\",\"url\":\"https:\\\/\\\/www.eldigitaldeasturias.com\\\/noticias\\\/author\\\/admin\\\/\",\"name\":\"El Digital de Asturias\",\"image\":{\"@type\":\"ImageObject\",\"@id\":\"https:\\\/\\\/www.eldigitaldeasturias.com\\\/noticias\\\/el-legendario-uli-hoeness-cumple-40-anos-al-mando-del-bayern\\\/#authorImage\",\"url\":\"https:\\\/\\\/www.eldigitaldeasturias.com\\\/noticias\\\/wp-content\\\/litespeed\\\/avatar\\\/18677e78aa0546b92d9dbf31ec7d7668.jpg?ver=1777290358\",\"width\":96,\"height\":96,\"caption\":\"El Digital de Asturias\"}},{\"@type\":\"WebPage\",\"@id\":\"https:\\\/\\\/www.eldigitaldeasturias.com\\\/noticias\\\/el-legendario-uli-hoeness-cumple-40-anos-al-mando-del-bayern\\\/#webpage\",\"url\":\"https:\\\/\\\/www.eldigitaldeasturias.com\\\/noticias\\\/el-legendario-uli-hoeness-cumple-40-anos-al-mando-del-bayern\\\/\",\"name\":\"El legendario Uli Hoeness cumple 40 a\\u00f1os al mando del Bayern - El Digital de Asturias\",\"description\":\"M\\u00fanich (dpa) - Uli Hoeness a\\u00fan recuerda muy bien su primer d\\u00eda de trabajo como m\\u00e1nager del Bayern M\\u00fanich. \\\"Ten\\u00eda muchas ganas de hacer cosas y estaba muy motivado cuando llegu\\u00e9 con mi saco gris con una libreta debajo del brazo\\\", relata Hoeness sobre aquel 1 de mayo de 1979. Hoeness ocup\\u00f3 la oficina de\",\"inLanguage\":\"es-ES\",\"isPartOf\":{\"@id\":\"https:\\\/\\\/www.eldigitaldeasturias.com\\\/noticias\\\/#website\"},\"breadcrumb\":{\"@id\":\"https:\\\/\\\/www.eldigitaldeasturias.com\\\/noticias\\\/el-legendario-uli-hoeness-cumple-40-anos-al-mando-del-bayern\\\/#breadcrumblist\"},\"author\":{\"@id\":\"https:\\\/\\\/www.eldigitaldeasturias.com\\\/noticias\\\/author\\\/admin\\\/#author\"},\"creator\":{\"@id\":\"https:\\\/\\\/www.eldigitaldeasturias.com\\\/noticias\\\/author\\\/admin\\\/#author\"},\"image\":{\"@type\":\"ImageObject\",\"url\":\"https:\\\/\\\/www.eldigitaldeasturias.com\\\/noticias\\\/wp-content\\\/uploads\\\/2019\\\/04\\\/Uli-Hoeness.jpg\",\"@id\":\"https:\\\/\\\/www.eldigitaldeasturias.com\\\/noticias\\\/el-legendario-uli-hoeness-cumple-40-anos-al-mando-del-bayern\\\/#mainImage\",\"width\":1046,\"height\":668},\"primaryImageOfPage\":{\"@id\":\"https:\\\/\\\/www.eldigitaldeasturias.com\\\/noticias\\\/el-legendario-uli-hoeness-cumple-40-anos-al-mando-del-bayern\\\/#mainImage\"},\"datePublished\":\"2019-04-29T05:59:45+02:00\",\"dateModified\":\"2019-04-29T05:59:45+02:00\"},{\"@type\":\"WebSite\",\"@id\":\"https:\\\/\\\/www.eldigitaldeasturias.com\\\/noticias\\\/#website\",\"url\":\"https:\\\/\\\/www.eldigitaldeasturias.com\\\/noticias\\\/\",\"name\":\"El Digital de Asturias - Diario de actualidad y noticias\",\"alternateName\":\"El Digital de Asturias - Diario de actualidad y noticias\",\"description\":\"Hemeroteca\",\"inLanguage\":\"es-ES\",\"publisher\":{\"@id\":\"https:\\\/\\\/www.eldigitaldeasturias.com\\\/noticias\\\/#organization\"}}]}\n\t\t<\/script>\n\t\t<!-- All in One SEO Pro -->\r\n\t\t<title>El legendario Uli Hoeness cumple 40 a\u00f1os al mando del Bayern - El Digital de Asturias<\/title>\n\n","aioseo_head_json":{"title":"El legendario Uli Hoeness cumple 40 a\u00f1os al mando del Bayern - El Digital de Asturias","description":"M\u00fanich (dpa) - Uli Hoeness a\u00fan recuerda muy bien su primer d\u00eda de trabajo como m\u00e1nager del Bayern M\u00fanich. \"Ten\u00eda muchas ganas de hacer cosas y estaba muy motivado cuando llegu\u00e9 con mi saco gris con una libreta debajo del brazo\", relata Hoeness sobre aquel 1 de mayo de 1979. Hoeness ocup\u00f3 la oficina de","canonical_url":"https:\/\/www.eldigitaldeasturias.com\/noticias\/el-legendario-uli-hoeness-cumple-40-anos-al-mando-del-bayern\/","robots":"max-image-preview:large","keywords":"deportes","webmasterTools":{"google-site-verification":"UA-38556648-1","msvalidate.01":"7dfe9f3f1b24437ab69f4f2559babe99","miscellaneous":""},"schema":{"@context":"https:\/\/schema.org","@graph":[{"@type":"BlogPosting","@id":"https:\/\/www.eldigitaldeasturias.com\/noticias\/el-legendario-uli-hoeness-cumple-40-anos-al-mando-del-bayern\/#blogposting","name":"El legendario Uli Hoeness cumple 40 a\u00f1os al mando del Bayern - El Digital de Asturias","headline":"El legendario Uli Hoeness cumple 40 a\u00f1os al mando del Bayern","author":{"@id":"https:\/\/www.eldigitaldeasturias.com\/noticias\/author\/admin\/#author"},"publisher":{"@id":"https:\/\/www.eldigitaldeasturias.com\/noticias\/#organization"},"image":{"@type":"ImageObject","url":"https:\/\/www.eldigitaldeasturias.com\/noticias\/wp-content\/uploads\/2019\/04\/Uli-Hoeness.jpg","width":1046,"height":668},"datePublished":"2019-04-29T05:59:45+02:00","dateModified":"2019-04-29T05:59:45+02:00","inLanguage":"es-ES","mainEntityOfPage":{"@id":"https:\/\/www.eldigitaldeasturias.com\/noticias\/el-legendario-uli-hoeness-cumple-40-anos-al-mando-del-bayern\/#webpage"},"isPartOf":{"@id":"https:\/\/www.eldigitaldeasturias.com\/noticias\/el-legendario-uli-hoeness-cumple-40-anos-al-mando-del-bayern\/#webpage"},"articleSection":"Deportes"},{"@type":"BreadcrumbList","@id":"https:\/\/www.eldigitaldeasturias.com\/noticias\/el-legendario-uli-hoeness-cumple-40-anos-al-mando-del-bayern\/#breadcrumblist","itemListElement":[{"@type":"ListItem","@id":"https:\/\/www.eldigitaldeasturias.com\/noticias#listItem","position":1,"name":"Home","item":"https:\/\/www.eldigitaldeasturias.com\/noticias","nextItem":{"@type":"ListItem","@id":"https:\/\/www.eldigitaldeasturias.com\/noticias\/category\/deportes\/#listItem","name":"Deportes"}},{"@type":"ListItem","@id":"https:\/\/www.eldigitaldeasturias.com\/noticias\/category\/deportes\/#listItem","position":2,"name":"Deportes","item":"https:\/\/www.eldigitaldeasturias.com\/noticias\/category\/deportes\/","nextItem":{"@type":"ListItem","@id":"https:\/\/www.eldigitaldeasturias.com\/noticias\/el-legendario-uli-hoeness-cumple-40-anos-al-mando-del-bayern\/#listItem","name":"El legendario Uli Hoeness cumple 40 a\u00f1os al mando del Bayern"},"previousItem":{"@type":"ListItem","@id":"https:\/\/www.eldigitaldeasturias.com\/noticias#listItem","name":"Home"}},{"@type":"ListItem","@id":"https:\/\/www.eldigitaldeasturias.com\/noticias\/el-legendario-uli-hoeness-cumple-40-anos-al-mando-del-bayern\/#listItem","position":3,"name":"El legendario Uli Hoeness cumple 40 a\u00f1os al mando del Bayern","previousItem":{"@type":"ListItem","@id":"https:\/\/www.eldigitaldeasturias.com\/noticias\/category\/deportes\/#listItem","name":"Deportes"}}]},{"@type":"Organization","@id":"https:\/\/www.eldigitaldeasturias.com\/noticias\/#organization","name":"El Digital de Asturias","description":"Hemeroteca","url":"https:\/\/www.eldigitaldeasturias.com\/noticias\/","email":"info@eldigitaldeasturias.com","telephone":"+34652131393","logo":{"@type":"ImageObject","url":"https:\/\/www.eldigitaldeasturias.com\/noticias\/wp-content\/uploads\/2020\/12\/EDA.jpg","@id":"https:\/\/www.eldigitaldeasturias.com\/noticias\/el-legendario-uli-hoeness-cumple-40-anos-al-mando-del-bayern\/#organizationLogo","width":649,"height":297},"image":{"@id":"https:\/\/www.eldigitaldeasturias.com\/noticias\/el-legendario-uli-hoeness-cumple-40-anos-al-mando-del-bayern\/#organizationLogo"},"sameAs":["https:\/\/facebook.com\/eldigitaldeasturias","https:\/\/www.youtube.com\/channel\/UCZP-2wLEB9Rv6erhFmqVnvg"],"address":{"@id":"https:\/\/www.eldigitaldeasturias.com\/noticias\/#postaladdress","@type":"PostalAddress","streetAddress":"san antonio 4,","postalCode":"33430","addressLocality":"Cand\u00e1s","addressRegion":"Asturias","addressCountry":"ES"}},{"@type":"Person","@id":"https:\/\/www.eldigitaldeasturias.com\/noticias\/author\/admin\/#author","url":"https:\/\/www.eldigitaldeasturias.com\/noticias\/author\/admin\/","name":"El Digital de Asturias","image":{"@type":"ImageObject","@id":"https:\/\/www.eldigitaldeasturias.com\/noticias\/el-legendario-uli-hoeness-cumple-40-anos-al-mando-del-bayern\/#authorImage","url":"https:\/\/www.eldigitaldeasturias.com\/noticias\/wp-content\/litespeed\/avatar\/18677e78aa0546b92d9dbf31ec7d7668.jpg?ver=1777290358","width":96,"height":96,"caption":"El Digital de Asturias"}},{"@type":"WebPage","@id":"https:\/\/www.eldigitaldeasturias.com\/noticias\/el-legendario-uli-hoeness-cumple-40-anos-al-mando-del-bayern\/#webpage","url":"https:\/\/www.eldigitaldeasturias.com\/noticias\/el-legendario-uli-hoeness-cumple-40-anos-al-mando-del-bayern\/","name":"El legendario Uli Hoeness cumple 40 a\u00f1os al mando del Bayern - El Digital de Asturias","description":"M\u00fanich (dpa) - Uli Hoeness a\u00fan recuerda muy bien su primer d\u00eda de trabajo como m\u00e1nager del Bayern M\u00fanich. \"Ten\u00eda muchas ganas de hacer cosas y estaba muy motivado cuando llegu\u00e9 con mi saco gris con una libreta debajo del brazo\", relata Hoeness sobre aquel 1 de mayo de 1979. Hoeness ocup\u00f3 la oficina de","inLanguage":"es-ES","isPartOf":{"@id":"https:\/\/www.eldigitaldeasturias.com\/noticias\/#website"},"breadcrumb":{"@id":"https:\/\/www.eldigitaldeasturias.com\/noticias\/el-legendario-uli-hoeness-cumple-40-anos-al-mando-del-bayern\/#breadcrumblist"},"author":{"@id":"https:\/\/www.eldigitaldeasturias.com\/noticias\/author\/admin\/#author"},"creator":{"@id":"https:\/\/www.eldigitaldeasturias.com\/noticias\/author\/admin\/#author"},"image":{"@type":"ImageObject","url":"https:\/\/www.eldigitaldeasturias.com\/noticias\/wp-content\/uploads\/2019\/04\/Uli-Hoeness.jpg","@id":"https:\/\/www.eldigitaldeasturias.com\/noticias\/el-legendario-uli-hoeness-cumple-40-anos-al-mando-del-bayern\/#mainImage","width":1046,"height":668},"primaryImageOfPage":{"@id":"https:\/\/www.eldigitaldeasturias.com\/noticias\/el-legendario-uli-hoeness-cumple-40-anos-al-mando-del-bayern\/#mainImage"},"datePublished":"2019-04-29T05:59:45+02:00","dateModified":"2019-04-29T05:59:45+02:00"},{"@type":"WebSite","@id":"https:\/\/www.eldigitaldeasturias.com\/noticias\/#website","url":"https:\/\/www.eldigitaldeasturias.com\/noticias\/","name":"El Digital de Asturias - Diario de actualidad y noticias","alternateName":"El Digital de Asturias - Diario de actualidad y noticias","description":"Hemeroteca","inLanguage":"es-ES","publisher":{"@id":"https:\/\/www.eldigitaldeasturias.com\/noticias\/#organization"}}]},"og:locale":"es_ES","og:site_name":"El Digital de Asturias","og:type":"article","og:title":"El legendario Uli Hoeness cumple 40 a\u00f1os al mando del Bayern - El Digital de Asturias","og:description":"M\u00fanich (dpa) - Uli Hoeness a\u00fan recuerda muy bien su primer d\u00eda de trabajo como m\u00e1nager del Bayern M\u00fanich. &quot;Ten\u00eda muchas ganas de hacer cosas y estaba muy motivado cuando llegu\u00e9 con mi saco gris con una libreta debajo del brazo&quot;, relata Hoeness sobre aquel 1 de mayo de 1979. Hoeness ocup\u00f3 la oficina de","og:url":"https:\/\/www.eldigitaldeasturias.com\/noticias\/el-legendario-uli-hoeness-cumple-40-anos-al-mando-del-bayern\/","og:image":"https:\/\/www.eldigitaldeasturias.com\/noticias\/wp-content\/uploads\/2019\/04\/Uli-Hoeness.jpg","og:image:secure_url":"https:\/\/www.eldigitaldeasturias.com\/noticias\/wp-content\/uploads\/2019\/04\/Uli-Hoeness.jpg","og:image:width":1046,"og:image:height":668,"article:tag":["deportes"],"article:published_time":"2019-04-29T05:59:45+00:00","article:modified_time":"2019-04-29T05:59:45+00:00","article:publisher":"https:\/\/facebook.com\/eldigitaldeasturias","twitter:card":"summary_large_image","twitter:title":"El legendario Uli Hoeness cumple 40 a\u00f1os al mando del Bayern - El Digital de Asturias","twitter:description":"M\u00fanich (dpa) - Uli Hoeness a\u00fan recuerda muy bien su primer d\u00eda de trabajo como m\u00e1nager del Bayern M\u00fanich. &quot;Ten\u00eda muchas ganas de hacer cosas y estaba muy motivado cuando llegu\u00e9 con mi saco gris con una libreta debajo del brazo&quot;, relata Hoeness sobre aquel 1 de mayo de 1979. Hoeness ocup\u00f3 la oficina de","twitter:image":"https:\/\/www.eldigitaldeasturias.com\/noticias\/wp-content\/uploads\/2019\/04\/Uli-Hoeness.jpg","twitter:label1":"Escrito por","twitter:data1":"El Digital de Asturias","twitter:label2":"Tiempo de lectura estimado","twitter:data2":"7 minutos"},"aioseo_meta_data":{"post_id":"1025574","title":null,"description":null,"keywords":null,"keyphrases":null,"primary_term":null,"canonical_url":null,"og_title":null,"og_description":null,"og_object_type":"default","og_image_type":"default","og_image_url":null,"og_image_width":null,"og_image_height":null,"og_image_custom_url":null,"og_image_custom_fields":null,"og_video":null,"og_custom_url":null,"og_article_section":null,"og_article_tags":null,"twitter_use_og":false,"twitter_card":"default","twitter_image_type":"default","twitter_image_url":null,"twitter_image_custom_url":null,"twitter_image_custom_fields":null,"twitter_title":null,"twitter_description":null,"schema":{"blockGraphs":[],"customGraphs":[],"default":{"data":{"Article":[],"Course":[],"Dataset":[],"FAQPage":[],"Movie":[],"Person":[],"Product":[],"ProductReview":[],"Car":[],"Recipe":[],"Service":[],"SoftwareApplication":[],"WebPage":[]},"graphName":"","isEnabled":true},"graphs":[],"defaultGraph":"","defaultPostTypeGraph":""},"schema_type":null,"schema_type_options":null,"pillar_content":false,"robots_default":true,"robots_noindex":false,"robots_noarchive":false,"robots_nosnippet":false,"robots_nofollow":false,"robots_noimageindex":false,"robots_noodp":false,"robots_notranslate":false,"robots_max_snippet":null,"robots_max_videopreview":null,"robots_max_imagepreview":"large","priority":null,"frequency":null,"local_seo":null,"seo_analyzer_scan_date":"2025-10-17 23:03:15","breadcrumb_settings":null,"limit_modified_date":false,"open_ai":null,"ai":null,"created":"2020-12-21 11:14:32","updated":"2025-10-17 23:03:15"},"aioseo_breadcrumb":"<div class=\"aioseo-breadcrumbs\"><span class=\"aioseo-breadcrumb\">\n\t<a href=\"https:\/\/www.eldigitaldeasturias.com\/noticias\" title=\"Home\">Home<\/a>\n<\/span><span class=\"aioseo-breadcrumb-separator\">\u2013<\/span><span class=\"aioseo-breadcrumb\">\n\t<a href=\"https:\/\/www.eldigitaldeasturias.com\/noticias\/category\/deportes\/\" title=\"Deportes\">Deportes<\/a>\n<\/span><span class=\"aioseo-breadcrumb-separator\">\u2013<\/span><span class=\"aioseo-breadcrumb\">\n\t<a href=\"https:\/\/www.eldigitaldeasturias.com\/noticias\/el-legendario-uli-hoeness-cumple-40-anos-al-mando-del-bayern\/\" title=\"El legendario Uli Hoeness cumple 40 a\u00f1os al mando del Bayern\">El legendario Uli Hoeness cumple 40 a\u00f1os al mando del Bayern<\/a>\n<\/span><\/div>","aioseo_breadcrumb_json":[{"label":"Home","link":"https:\/\/www.eldigitaldeasturias.com\/noticias"},{"label":"Deportes","link":"https:\/\/www.eldigitaldeasturias.com\/noticias\/category\/deportes\/"},{"label":"El legendario Uli Hoeness cumple 40 a\u00f1os al mando del Bayern","link":"https:\/\/www.eldigitaldeasturias.com\/noticias\/el-legendario-uli-hoeness-cumple-40-anos-al-mando-del-bayern\/"}],"_links":{"self":[{"href":"https:\/\/www.eldigitaldeasturias.com\/noticias\/wp-json\/wp\/v2\/posts\/1025574","targetHints":{"allow":["GET"]}}],"collection":[{"href":"https:\/\/www.eldigitaldeasturias.com\/noticias\/wp-json\/wp\/v2\/posts"}],"about":[{"href":"https:\/\/www.eldigitaldeasturias.com\/noticias\/wp-json\/wp\/v2\/types\/post"}],"author":[{"embeddable":true,"href":"https:\/\/www.eldigitaldeasturias.com\/noticias\/wp-json\/wp\/v2\/users\/1"}],"replies":[{"embeddable":true,"href":"https:\/\/www.eldigitaldeasturias.com\/noticias\/wp-json\/wp\/v2\/comments?post=1025574"}],"version-history":[{"count":0,"href":"https:\/\/www.eldigitaldeasturias.com\/noticias\/wp-json\/wp\/v2\/posts\/1025574\/revisions"}],"wp:featuredmedia":[{"embeddable":true,"href":"https:\/\/www.eldigitaldeasturias.com\/noticias\/wp-json\/wp\/v2\/media\/1025575"}],"wp:attachment":[{"href":"https:\/\/www.eldigitaldeasturias.com\/noticias\/wp-json\/wp\/v2\/media?parent=1025574"}],"wp:term":[{"taxonomy":"category","embeddable":true,"href":"https:\/\/www.eldigitaldeasturias.com\/noticias\/wp-json\/wp\/v2\/categories?post=1025574"},{"taxonomy":"post_tag","embeddable":true,"href":"https:\/\/www.eldigitaldeasturias.com\/noticias\/wp-json\/wp\/v2\/tags?post=1025574"}],"curies":[{"name":"wp","href":"https:\/\/api.w.org\/{rel}","templated":true}]}}