{"id":1025534,"date":"2019-04-29T01:54:00","date_gmt":"2019-04-29T01:54:00","guid":{"rendered":"https:\/\/www.eldigitaldeasturias.com\/noticias\/?p=1025534"},"modified":"2019-04-29T01:54:00","modified_gmt":"2019-04-29T01:54:00","slug":"zverev-esta-listo-para-reiniciar-la-temporada-en-munich","status":"publish","type":"post","link":"https:\/\/www.eldigitaldeasturias.com\/noticias\/zverev-esta-listo-para-reiniciar-la-temporada-en-munich\/","title":{"rendered":"Zverev est\u00e1 listo para reiniciar la temporada en M\u00fanich"},"content":{"rendered":"<p><img loading=\"lazy\" decoding=\"async\" class=\"alignleft size-medium wp-image-978237\" src=\"https:\/\/www.eldigitaldeasturias.com\/noticias\/wp-content\/uploads\/2018\/04\/tennis-923659_960_720-360x270.jpg\" alt=\"\" width=\"360\" height=\"270\" srcset=\"https:\/\/www.eldigitaldeasturias.com\/noticias\/wp-content\/uploads\/2018\/04\/tennis-923659_960_720-360x270.jpg 360w, https:\/\/www.eldigitaldeasturias.com\/noticias\/wp-content\/uploads\/2018\/04\/tennis-923659_960_720-400x300.jpg 400w, https:\/\/www.eldigitaldeasturias.com\/noticias\/wp-content\/uploads\/2018\/04\/tennis-923659_960_720-768x576.jpg 768w, https:\/\/www.eldigitaldeasturias.com\/noticias\/wp-content\/uploads\/2018\/04\/tennis-923659_960_720-640x480.jpg 640w, https:\/\/www.eldigitaldeasturias.com\/noticias\/wp-content\/uploads\/2018\/04\/tennis-923659_960_720.jpg 960w, https:\/\/www.eldigitaldeasturias.com\/noticias\/wp-content\/uploads\/2018\/04\/tennis-923659_960_720-20x15.jpg 20w\" sizes=\"auto, (max-width: 360px) 100vw, 360px\" \/>M\u00fanich, 28 abr (dpa) &#8211; Despu\u00e9s de tener algunos problemas personales y de salud, el alem\u00e1n Alexander Zverev asegur\u00f3 hoy que el torneo de tenis de M\u00fanich es una gran oportunidad para reiniciar esta temporada.<\/p>\n<p>\u00abM\u00fanich siempre ha sido el torneo en el que todo ha empezado de alguna forma. Espero que este a\u00f1o tambi\u00e9n sea as\u00ed, que pueda enderezar mi a\u00f1o aqu\u00ed y que a partir de aqu\u00ed todo vaya para mejor\u00bb, dijo el tercero del r\u00e1nking mundial y ganador de las \u00faltimas dos ediciones del torneo en la ciudad del sur alem\u00e1n.<\/p>\n<p>Zverev disputar\u00e1 el certamen sin la presencia de su padre Alexander, que pas\u00f3 unos d\u00edas en el hospital, y no contar\u00e1 con su entrenador Ivan Lendl debido a que padece una alergia al polen.<\/p>\n<p>Adem\u00e1s, el tenista de 22 a\u00f1os se separ\u00f3 recientemente de su novia y estuvo involucrado en un litigio legal con su antiguo entrenador chileno Patricio Apey.<\/p>\n<p>\u00abToda la historia con el entrenador me ha quitado mucho tiempo. Casi todos los d\u00edas tengo que pasar varias horas hablando por el celular. No es una historia agradable y por eso el enfoque en las \u00faltimas semanas estuvo un poco en otra cosa\u00bb, destac\u00f3 Zverev.<\/p>\n<p>\u00abPero ahora se ha calmado un poco y puedo jugar al tenis al cien por ciento de nuevo y recuperar terreno\u00bb, afirm\u00f3 el joven tenista.<\/p>\n<p>El torneo sobre tierra batida de M\u00fanich comienza este lunes y reparte 586.140 euros (653.142 d\u00f3lares) en premios.<\/p>\n","protected":false},"excerpt":{"rendered":"<p>M\u00fanich, 28 abr (dpa) &#8211; Despu\u00e9s de tener algunos problemas personales y de salud, el alem\u00e1n Alexander Zverev asegur\u00f3 hoy que el torneo de tenis de M\u00fanich es una gran oportunidad para reiniciar esta temporada. \u00abM\u00fanich siempre ha sido el torneo en el que todo ha empezado de alguna forma. Espero que este a\u00f1o tambi\u00e9n [&hellip;]<\/p>\n","protected":false},"author":1,"featured_media":978237,"comment_status":"closed","ping_status":"closed","sticky":false,"template":"","format":"standard","meta":{"footnotes":""},"categories":[190],"tags":[],"class_list":["post-1025534","post","type-post","status-publish","format-standard","has-post-thumbnail","hentry","category-deportes"],"aioseo_notices":[],"aioseo_head":"\n\t\t<!-- All in One SEO Pro 4.9.6.2 - aioseo.com -->\n\t<meta name=\"description\" content=\"M\u00fanich, 28 abr (dpa) - Despu\u00e9s de tener algunos problemas personales y de salud, el alem\u00e1n Alexander Zverev asegur\u00f3 hoy que el torneo de tenis de M\u00fanich es una gran oportunidad para reiniciar esta temporada. &quot;M\u00fanich siempre ha sido el torneo en el que todo ha empezado de alguna forma. Espero que este a\u00f1o tambi\u00e9n\" \/>\n\t<meta name=\"robots\" content=\"max-image-preview:large\" \/>\n\t<meta name=\"author\" content=\"El Digital de Asturias\"\/>\n\t<meta name=\"google-site-verification\" content=\"UA-38556648-1\" \/>\n\t<meta name=\"msvalidate.01\" content=\"7dfe9f3f1b24437ab69f4f2559babe99\" \/>\n\t<meta name=\"keywords\" content=\"deportes\" \/>\n\t<link rel=\"canonical\" href=\"https:\/\/www.eldigitaldeasturias.com\/noticias\/zverev-esta-listo-para-reiniciar-la-temporada-en-munich\/\" \/>\n\t<meta name=\"generator\" content=\"All in One SEO Pro (AIOSEO) 4.9.6.2\" \/>\n\t\t<meta property=\"og:locale\" content=\"es_ES\" \/>\n\t\t<meta property=\"og:site_name\" content=\"El Digital de Asturias\" \/>\n\t\t<meta property=\"og:type\" content=\"article\" \/>\n\t\t<meta property=\"og:title\" content=\"Zverev est\u00e1 listo para reiniciar la temporada en M\u00fanich - El Digital de Asturias\" \/>\n\t\t<meta property=\"og:description\" content=\"M\u00fanich, 28 abr (dpa) - Despu\u00e9s de tener algunos problemas personales y de salud, el alem\u00e1n Alexander Zverev asegur\u00f3 hoy que el torneo de tenis de M\u00fanich es una gran oportunidad para reiniciar esta temporada. &quot;M\u00fanich siempre ha sido el torneo en el que todo ha empezado de alguna forma. Espero que este a\u00f1o tambi\u00e9n\" \/>\n\t\t<meta property=\"og:url\" content=\"https:\/\/www.eldigitaldeasturias.com\/noticias\/zverev-esta-listo-para-reiniciar-la-temporada-en-munich\/\" \/>\n\t\t<meta property=\"og:image\" content=\"https:\/\/www.eldigitaldeasturias.com\/noticias\/wp-content\/uploads\/2018\/04\/tennis-923659_960_720.jpg\" \/>\n\t\t<meta property=\"og:image:secure_url\" content=\"https:\/\/www.eldigitaldeasturias.com\/noticias\/wp-content\/uploads\/2018\/04\/tennis-923659_960_720.jpg\" \/>\n\t\t<meta property=\"og:image:width\" content=\"960\" \/>\n\t\t<meta property=\"og:image:height\" content=\"720\" \/>\n\t\t<meta property=\"article:tag\" content=\"deportes\" \/>\n\t\t<meta property=\"article:published_time\" content=\"2019-04-29T01:54:00+00:00\" \/>\n\t\t<meta property=\"article:modified_time\" content=\"2019-04-29T01:54:00+00:00\" \/>\n\t\t<meta property=\"article:publisher\" content=\"https:\/\/facebook.com\/eldigitaldeasturias\" \/>\n\t\t<meta name=\"twitter:card\" content=\"summary_large_image\" \/>\n\t\t<meta name=\"twitter:title\" content=\"Zverev est\u00e1 listo para reiniciar la temporada en M\u00fanich - El Digital de Asturias\" \/>\n\t\t<meta name=\"twitter:description\" content=\"M\u00fanich, 28 abr (dpa) - Despu\u00e9s de tener algunos problemas personales y de salud, el alem\u00e1n Alexander Zverev asegur\u00f3 hoy que el torneo de tenis de M\u00fanich es una gran oportunidad para reiniciar esta temporada. &quot;M\u00fanich siempre ha sido el torneo en el que todo ha empezado de alguna forma. Espero que este a\u00f1o tambi\u00e9n\" \/>\n\t\t<meta name=\"twitter:image\" content=\"https:\/\/www.eldigitaldeasturias.com\/noticias\/wp-content\/uploads\/2018\/04\/tennis-923659_960_720.jpg\" \/>\n\t\t<meta name=\"twitter:label1\" content=\"Escrito por\" \/>\n\t\t<meta name=\"twitter:data1\" content=\"El Digital de Asturias\" \/>\n\t\t<meta name=\"twitter:label2\" content=\"Tiempo de lectura estimado\" \/>\n\t\t<meta name=\"twitter:data2\" content=\"1 minuto\" \/>\n\t\t<script type=\"application\/ld+json\" class=\"aioseo-schema\">\n\t\t\t{\"@context\":\"https:\\\/\\\/schema.org\",\"@graph\":[{\"@type\":\"BlogPosting\",\"@id\":\"https:\\\/\\\/www.eldigitaldeasturias.com\\\/noticias\\\/zverev-esta-listo-para-reiniciar-la-temporada-en-munich\\\/#blogposting\",\"name\":\"Zverev est\\u00e1 listo para reiniciar la temporada en M\\u00fanich - El Digital de Asturias\",\"headline\":\"Zverev est\\u00e1 listo para reiniciar la temporada en M\\u00fanich\",\"author\":{\"@id\":\"https:\\\/\\\/www.eldigitaldeasturias.com\\\/noticias\\\/author\\\/admin\\\/#author\"},\"publisher\":{\"@id\":\"https:\\\/\\\/www.eldigitaldeasturias.com\\\/noticias\\\/#organization\"},\"image\":{\"@type\":\"ImageObject\",\"url\":\"https:\\\/\\\/www.eldigitaldeasturias.com\\\/noticias\\\/wp-content\\\/uploads\\\/2018\\\/04\\\/tennis-923659_960_720.jpg\",\"width\":960,\"height\":720},\"datePublished\":\"2019-04-29T01:54:00+02:00\",\"dateModified\":\"2019-04-29T01:54:00+02:00\",\"inLanguage\":\"es-ES\",\"mainEntityOfPage\":{\"@id\":\"https:\\\/\\\/www.eldigitaldeasturias.com\\\/noticias\\\/zverev-esta-listo-para-reiniciar-la-temporada-en-munich\\\/#webpage\"},\"isPartOf\":{\"@id\":\"https:\\\/\\\/www.eldigitaldeasturias.com\\\/noticias\\\/zverev-esta-listo-para-reiniciar-la-temporada-en-munich\\\/#webpage\"},\"articleSection\":\"Deportes\"},{\"@type\":\"BreadcrumbList\",\"@id\":\"https:\\\/\\\/www.eldigitaldeasturias.com\\\/noticias\\\/zverev-esta-listo-para-reiniciar-la-temporada-en-munich\\\/#breadcrumblist\",\"itemListElement\":[{\"@type\":\"ListItem\",\"@id\":\"https:\\\/\\\/www.eldigitaldeasturias.com\\\/noticias#listItem\",\"position\":1,\"name\":\"Home\",\"item\":\"https:\\\/\\\/www.eldigitaldeasturias.com\\\/noticias\",\"nextItem\":{\"@type\":\"ListItem\",\"@id\":\"https:\\\/\\\/www.eldigitaldeasturias.com\\\/noticias\\\/category\\\/deportes\\\/#listItem\",\"name\":\"Deportes\"}},{\"@type\":\"ListItem\",\"@id\":\"https:\\\/\\\/www.eldigitaldeasturias.com\\\/noticias\\\/category\\\/deportes\\\/#listItem\",\"position\":2,\"name\":\"Deportes\",\"item\":\"https:\\\/\\\/www.eldigitaldeasturias.com\\\/noticias\\\/category\\\/deportes\\\/\",\"nextItem\":{\"@type\":\"ListItem\",\"@id\":\"https:\\\/\\\/www.eldigitaldeasturias.com\\\/noticias\\\/zverev-esta-listo-para-reiniciar-la-temporada-en-munich\\\/#listItem\",\"name\":\"Zverev est\\u00e1 listo para reiniciar la temporada en M\\u00fanich\"},\"previousItem\":{\"@type\":\"ListItem\",\"@id\":\"https:\\\/\\\/www.eldigitaldeasturias.com\\\/noticias#listItem\",\"name\":\"Home\"}},{\"@type\":\"ListItem\",\"@id\":\"https:\\\/\\\/www.eldigitaldeasturias.com\\\/noticias\\\/zverev-esta-listo-para-reiniciar-la-temporada-en-munich\\\/#listItem\",\"position\":3,\"name\":\"Zverev est\\u00e1 listo para reiniciar la temporada en M\\u00fanich\",\"previousItem\":{\"@type\":\"ListItem\",\"@id\":\"https:\\\/\\\/www.eldigitaldeasturias.com\\\/noticias\\\/category\\\/deportes\\\/#listItem\",\"name\":\"Deportes\"}}]},{\"@type\":\"Organization\",\"@id\":\"https:\\\/\\\/www.eldigitaldeasturias.com\\\/noticias\\\/#organization\",\"name\":\"El Digital de Asturias\",\"description\":\"Hemeroteca\",\"url\":\"https:\\\/\\\/www.eldigitaldeasturias.com\\\/noticias\\\/\",\"email\":\"info@eldigitaldeasturias.com\",\"telephone\":\"+34652131393\",\"logo\":{\"@type\":\"ImageObject\",\"url\":\"https:\\\/\\\/www.eldigitaldeasturias.com\\\/noticias\\\/wp-content\\\/uploads\\\/2020\\\/12\\\/EDA.jpg\",\"@id\":\"https:\\\/\\\/www.eldigitaldeasturias.com\\\/noticias\\\/zverev-esta-listo-para-reiniciar-la-temporada-en-munich\\\/#organizationLogo\",\"width\":649,\"height\":297},\"image\":{\"@id\":\"https:\\\/\\\/www.eldigitaldeasturias.com\\\/noticias\\\/zverev-esta-listo-para-reiniciar-la-temporada-en-munich\\\/#organizationLogo\"},\"sameAs\":[\"https:\\\/\\\/facebook.com\\\/eldigitaldeasturias\",\"https:\\\/\\\/www.youtube.com\\\/channel\\\/UCZP-2wLEB9Rv6erhFmqVnvg\"],\"address\":{\"@id\":\"https:\\\/\\\/www.eldigitaldeasturias.com\\\/noticias\\\/#postaladdress\",\"@type\":\"PostalAddress\",\"streetAddress\":\"san antonio 4,\",\"postalCode\":\"33430\",\"addressLocality\":\"Cand\\u00e1s\",\"addressRegion\":\"Asturias\",\"addressCountry\":\"ES\"}},{\"@type\":\"Person\",\"@id\":\"https:\\\/\\\/www.eldigitaldeasturias.com\\\/noticias\\\/author\\\/admin\\\/#author\",\"url\":\"https:\\\/\\\/www.eldigitaldeasturias.com\\\/noticias\\\/author\\\/admin\\\/\",\"name\":\"El Digital de Asturias\",\"image\":{\"@type\":\"ImageObject\",\"@id\":\"https:\\\/\\\/www.eldigitaldeasturias.com\\\/noticias\\\/zverev-esta-listo-para-reiniciar-la-temporada-en-munich\\\/#authorImage\",\"url\":\"https:\\\/\\\/www.eldigitaldeasturias.com\\\/noticias\\\/wp-content\\\/litespeed\\\/avatar\\\/18677e78aa0546b92d9dbf31ec7d7668.jpg?ver=1777290358\",\"width\":96,\"height\":96,\"caption\":\"El Digital de Asturias\"}},{\"@type\":\"WebPage\",\"@id\":\"https:\\\/\\\/www.eldigitaldeasturias.com\\\/noticias\\\/zverev-esta-listo-para-reiniciar-la-temporada-en-munich\\\/#webpage\",\"url\":\"https:\\\/\\\/www.eldigitaldeasturias.com\\\/noticias\\\/zverev-esta-listo-para-reiniciar-la-temporada-en-munich\\\/\",\"name\":\"Zverev est\\u00e1 listo para reiniciar la temporada en M\\u00fanich - El Digital de Asturias\",\"description\":\"M\\u00fanich, 28 abr (dpa) - Despu\\u00e9s de tener algunos problemas personales y de salud, el alem\\u00e1n Alexander Zverev asegur\\u00f3 hoy que el torneo de tenis de M\\u00fanich es una gran oportunidad para reiniciar esta temporada. \\\"M\\u00fanich siempre ha sido el torneo en el que todo ha empezado de alguna forma. Espero que este a\\u00f1o tambi\\u00e9n\",\"inLanguage\":\"es-ES\",\"isPartOf\":{\"@id\":\"https:\\\/\\\/www.eldigitaldeasturias.com\\\/noticias\\\/#website\"},\"breadcrumb\":{\"@id\":\"https:\\\/\\\/www.eldigitaldeasturias.com\\\/noticias\\\/zverev-esta-listo-para-reiniciar-la-temporada-en-munich\\\/#breadcrumblist\"},\"author\":{\"@id\":\"https:\\\/\\\/www.eldigitaldeasturias.com\\\/noticias\\\/author\\\/admin\\\/#author\"},\"creator\":{\"@id\":\"https:\\\/\\\/www.eldigitaldeasturias.com\\\/noticias\\\/author\\\/admin\\\/#author\"},\"image\":{\"@type\":\"ImageObject\",\"url\":\"https:\\\/\\\/www.eldigitaldeasturias.com\\\/noticias\\\/wp-content\\\/uploads\\\/2018\\\/04\\\/tennis-923659_960_720.jpg\",\"@id\":\"https:\\\/\\\/www.eldigitaldeasturias.com\\\/noticias\\\/zverev-esta-listo-para-reiniciar-la-temporada-en-munich\\\/#mainImage\",\"width\":960,\"height\":720},\"primaryImageOfPage\":{\"@id\":\"https:\\\/\\\/www.eldigitaldeasturias.com\\\/noticias\\\/zverev-esta-listo-para-reiniciar-la-temporada-en-munich\\\/#mainImage\"},\"datePublished\":\"2019-04-29T01:54:00+02:00\",\"dateModified\":\"2019-04-29T01:54:00+02:00\"},{\"@type\":\"WebSite\",\"@id\":\"https:\\\/\\\/www.eldigitaldeasturias.com\\\/noticias\\\/#website\",\"url\":\"https:\\\/\\\/www.eldigitaldeasturias.com\\\/noticias\\\/\",\"name\":\"El Digital de Asturias - Diario de actualidad y noticias\",\"alternateName\":\"El Digital de Asturias - Diario de actualidad y noticias\",\"description\":\"Hemeroteca\",\"inLanguage\":\"es-ES\",\"publisher\":{\"@id\":\"https:\\\/\\\/www.eldigitaldeasturias.com\\\/noticias\\\/#organization\"}}]}\n\t\t<\/script>\n\t\t<!-- All in One SEO Pro -->\r\n\t\t<title>Zverev est\u00e1 listo para reiniciar la temporada en M\u00fanich - El Digital de Asturias<\/title>\n\n","aioseo_head_json":{"title":"Zverev est\u00e1 listo para reiniciar la temporada en M\u00fanich - El Digital de Asturias","description":"M\u00fanich, 28 abr (dpa) - Despu\u00e9s de tener algunos problemas personales y de salud, el alem\u00e1n Alexander Zverev asegur\u00f3 hoy que el torneo de tenis de M\u00fanich es una gran oportunidad para reiniciar esta temporada. \"M\u00fanich siempre ha sido el torneo en el que todo ha empezado de alguna forma. Espero que este a\u00f1o tambi\u00e9n","canonical_url":"https:\/\/www.eldigitaldeasturias.com\/noticias\/zverev-esta-listo-para-reiniciar-la-temporada-en-munich\/","robots":"max-image-preview:large","keywords":"deportes","webmasterTools":{"google-site-verification":"UA-38556648-1","msvalidate.01":"7dfe9f3f1b24437ab69f4f2559babe99","miscellaneous":""},"schema":{"@context":"https:\/\/schema.org","@graph":[{"@type":"BlogPosting","@id":"https:\/\/www.eldigitaldeasturias.com\/noticias\/zverev-esta-listo-para-reiniciar-la-temporada-en-munich\/#blogposting","name":"Zverev est\u00e1 listo para reiniciar la temporada en M\u00fanich - El Digital de Asturias","headline":"Zverev est\u00e1 listo para reiniciar la temporada en M\u00fanich","author":{"@id":"https:\/\/www.eldigitaldeasturias.com\/noticias\/author\/admin\/#author"},"publisher":{"@id":"https:\/\/www.eldigitaldeasturias.com\/noticias\/#organization"},"image":{"@type":"ImageObject","url":"https:\/\/www.eldigitaldeasturias.com\/noticias\/wp-content\/uploads\/2018\/04\/tennis-923659_960_720.jpg","width":960,"height":720},"datePublished":"2019-04-29T01:54:00+02:00","dateModified":"2019-04-29T01:54:00+02:00","inLanguage":"es-ES","mainEntityOfPage":{"@id":"https:\/\/www.eldigitaldeasturias.com\/noticias\/zverev-esta-listo-para-reiniciar-la-temporada-en-munich\/#webpage"},"isPartOf":{"@id":"https:\/\/www.eldigitaldeasturias.com\/noticias\/zverev-esta-listo-para-reiniciar-la-temporada-en-munich\/#webpage"},"articleSection":"Deportes"},{"@type":"BreadcrumbList","@id":"https:\/\/www.eldigitaldeasturias.com\/noticias\/zverev-esta-listo-para-reiniciar-la-temporada-en-munich\/#breadcrumblist","itemListElement":[{"@type":"ListItem","@id":"https:\/\/www.eldigitaldeasturias.com\/noticias#listItem","position":1,"name":"Home","item":"https:\/\/www.eldigitaldeasturias.com\/noticias","nextItem":{"@type":"ListItem","@id":"https:\/\/www.eldigitaldeasturias.com\/noticias\/category\/deportes\/#listItem","name":"Deportes"}},{"@type":"ListItem","@id":"https:\/\/www.eldigitaldeasturias.com\/noticias\/category\/deportes\/#listItem","position":2,"name":"Deportes","item":"https:\/\/www.eldigitaldeasturias.com\/noticias\/category\/deportes\/","nextItem":{"@type":"ListItem","@id":"https:\/\/www.eldigitaldeasturias.com\/noticias\/zverev-esta-listo-para-reiniciar-la-temporada-en-munich\/#listItem","name":"Zverev est\u00e1 listo para reiniciar la temporada en M\u00fanich"},"previousItem":{"@type":"ListItem","@id":"https:\/\/www.eldigitaldeasturias.com\/noticias#listItem","name":"Home"}},{"@type":"ListItem","@id":"https:\/\/www.eldigitaldeasturias.com\/noticias\/zverev-esta-listo-para-reiniciar-la-temporada-en-munich\/#listItem","position":3,"name":"Zverev est\u00e1 listo para reiniciar la temporada en M\u00fanich","previousItem":{"@type":"ListItem","@id":"https:\/\/www.eldigitaldeasturias.com\/noticias\/category\/deportes\/#listItem","name":"Deportes"}}]},{"@type":"Organization","@id":"https:\/\/www.eldigitaldeasturias.com\/noticias\/#organization","name":"El Digital de Asturias","description":"Hemeroteca","url":"https:\/\/www.eldigitaldeasturias.com\/noticias\/","email":"info@eldigitaldeasturias.com","telephone":"+34652131393","logo":{"@type":"ImageObject","url":"https:\/\/www.eldigitaldeasturias.com\/noticias\/wp-content\/uploads\/2020\/12\/EDA.jpg","@id":"https:\/\/www.eldigitaldeasturias.com\/noticias\/zverev-esta-listo-para-reiniciar-la-temporada-en-munich\/#organizationLogo","width":649,"height":297},"image":{"@id":"https:\/\/www.eldigitaldeasturias.com\/noticias\/zverev-esta-listo-para-reiniciar-la-temporada-en-munich\/#organizationLogo"},"sameAs":["https:\/\/facebook.com\/eldigitaldeasturias","https:\/\/www.youtube.com\/channel\/UCZP-2wLEB9Rv6erhFmqVnvg"],"address":{"@id":"https:\/\/www.eldigitaldeasturias.com\/noticias\/#postaladdress","@type":"PostalAddress","streetAddress":"san antonio 4,","postalCode":"33430","addressLocality":"Cand\u00e1s","addressRegion":"Asturias","addressCountry":"ES"}},{"@type":"Person","@id":"https:\/\/www.eldigitaldeasturias.com\/noticias\/author\/admin\/#author","url":"https:\/\/www.eldigitaldeasturias.com\/noticias\/author\/admin\/","name":"El Digital de Asturias","image":{"@type":"ImageObject","@id":"https:\/\/www.eldigitaldeasturias.com\/noticias\/zverev-esta-listo-para-reiniciar-la-temporada-en-munich\/#authorImage","url":"https:\/\/www.eldigitaldeasturias.com\/noticias\/wp-content\/litespeed\/avatar\/18677e78aa0546b92d9dbf31ec7d7668.jpg?ver=1777290358","width":96,"height":96,"caption":"El Digital de Asturias"}},{"@type":"WebPage","@id":"https:\/\/www.eldigitaldeasturias.com\/noticias\/zverev-esta-listo-para-reiniciar-la-temporada-en-munich\/#webpage","url":"https:\/\/www.eldigitaldeasturias.com\/noticias\/zverev-esta-listo-para-reiniciar-la-temporada-en-munich\/","name":"Zverev est\u00e1 listo para reiniciar la temporada en M\u00fanich - El Digital de Asturias","description":"M\u00fanich, 28 abr (dpa) - Despu\u00e9s de tener algunos problemas personales y de salud, el alem\u00e1n Alexander Zverev asegur\u00f3 hoy que el torneo de tenis de M\u00fanich es una gran oportunidad para reiniciar esta temporada. \"M\u00fanich siempre ha sido el torneo en el que todo ha empezado de alguna forma. Espero que este a\u00f1o tambi\u00e9n","inLanguage":"es-ES","isPartOf":{"@id":"https:\/\/www.eldigitaldeasturias.com\/noticias\/#website"},"breadcrumb":{"@id":"https:\/\/www.eldigitaldeasturias.com\/noticias\/zverev-esta-listo-para-reiniciar-la-temporada-en-munich\/#breadcrumblist"},"author":{"@id":"https:\/\/www.eldigitaldeasturias.com\/noticias\/author\/admin\/#author"},"creator":{"@id":"https:\/\/www.eldigitaldeasturias.com\/noticias\/author\/admin\/#author"},"image":{"@type":"ImageObject","url":"https:\/\/www.eldigitaldeasturias.com\/noticias\/wp-content\/uploads\/2018\/04\/tennis-923659_960_720.jpg","@id":"https:\/\/www.eldigitaldeasturias.com\/noticias\/zverev-esta-listo-para-reiniciar-la-temporada-en-munich\/#mainImage","width":960,"height":720},"primaryImageOfPage":{"@id":"https:\/\/www.eldigitaldeasturias.com\/noticias\/zverev-esta-listo-para-reiniciar-la-temporada-en-munich\/#mainImage"},"datePublished":"2019-04-29T01:54:00+02:00","dateModified":"2019-04-29T01:54:00+02:00"},{"@type":"WebSite","@id":"https:\/\/www.eldigitaldeasturias.com\/noticias\/#website","url":"https:\/\/www.eldigitaldeasturias.com\/noticias\/","name":"El Digital de Asturias - Diario de actualidad y noticias","alternateName":"El Digital de Asturias - Diario de actualidad y noticias","description":"Hemeroteca","inLanguage":"es-ES","publisher":{"@id":"https:\/\/www.eldigitaldeasturias.com\/noticias\/#organization"}}]},"og:locale":"es_ES","og:site_name":"El Digital de Asturias","og:type":"article","og:title":"Zverev est\u00e1 listo para reiniciar la temporada en M\u00fanich - El Digital de Asturias","og:description":"M\u00fanich, 28 abr (dpa) - Despu\u00e9s de tener algunos problemas personales y de salud, el alem\u00e1n Alexander Zverev asegur\u00f3 hoy que el torneo de tenis de M\u00fanich es una gran oportunidad para reiniciar esta temporada. &quot;M\u00fanich siempre ha sido el torneo en el que todo ha empezado de alguna forma. Espero que este a\u00f1o tambi\u00e9n","og:url":"https:\/\/www.eldigitaldeasturias.com\/noticias\/zverev-esta-listo-para-reiniciar-la-temporada-en-munich\/","og:image":"https:\/\/www.eldigitaldeasturias.com\/noticias\/wp-content\/uploads\/2018\/04\/tennis-923659_960_720.jpg","og:image:secure_url":"https:\/\/www.eldigitaldeasturias.com\/noticias\/wp-content\/uploads\/2018\/04\/tennis-923659_960_720.jpg","og:image:width":960,"og:image:height":720,"article:tag":["deportes"],"article:published_time":"2019-04-29T01:54:00+00:00","article:modified_time":"2019-04-29T01:54:00+00:00","article:publisher":"https:\/\/facebook.com\/eldigitaldeasturias","twitter:card":"summary_large_image","twitter:title":"Zverev est\u00e1 listo para reiniciar la temporada en M\u00fanich - El Digital de Asturias","twitter:description":"M\u00fanich, 28 abr (dpa) - Despu\u00e9s de tener algunos problemas personales y de salud, el alem\u00e1n Alexander Zverev asegur\u00f3 hoy que el torneo de tenis de M\u00fanich es una gran oportunidad para reiniciar esta temporada. &quot;M\u00fanich siempre ha sido el torneo en el que todo ha empezado de alguna forma. Espero que este a\u00f1o tambi\u00e9n","twitter:image":"https:\/\/www.eldigitaldeasturias.com\/noticias\/wp-content\/uploads\/2018\/04\/tennis-923659_960_720.jpg","twitter:label1":"Escrito por","twitter:data1":"El Digital de Asturias","twitter:label2":"Tiempo de lectura estimado","twitter:data2":"1 minuto"},"aioseo_meta_data":{"post_id":"1025534","title":null,"description":null,"keywords":null,"keyphrases":null,"primary_term":null,"canonical_url":null,"og_title":null,"og_description":null,"og_object_type":"default","og_image_type":"default","og_image_url":null,"og_image_width":null,"og_image_height":null,"og_image_custom_url":null,"og_image_custom_fields":null,"og_video":null,"og_custom_url":null,"og_article_section":null,"og_article_tags":null,"twitter_use_og":false,"twitter_card":"default","twitter_image_type":"default","twitter_image_url":null,"twitter_image_custom_url":null,"twitter_image_custom_fields":null,"twitter_title":null,"twitter_description":null,"schema":{"blockGraphs":[],"customGraphs":[],"default":{"data":{"Article":[],"Course":[],"Dataset":[],"FAQPage":[],"Movie":[],"Person":[],"Product":[],"ProductReview":[],"Car":[],"Recipe":[],"Service":[],"SoftwareApplication":[],"WebPage":[]},"graphName":"","isEnabled":true},"graphs":[],"defaultGraph":"","defaultPostTypeGraph":""},"schema_type":null,"schema_type_options":null,"pillar_content":false,"robots_default":true,"robots_noindex":false,"robots_noarchive":false,"robots_nosnippet":false,"robots_nofollow":false,"robots_noimageindex":false,"robots_noodp":false,"robots_notranslate":false,"robots_max_snippet":null,"robots_max_videopreview":null,"robots_max_imagepreview":"large","priority":null,"frequency":null,"local_seo":null,"seo_analyzer_scan_date":"2025-10-17 22:59:07","breadcrumb_settings":null,"limit_modified_date":false,"open_ai":null,"ai":null,"created":"2020-12-21 11:14:32","updated":"2025-10-17 22:59:07"},"aioseo_breadcrumb":"<div class=\"aioseo-breadcrumbs\"><span class=\"aioseo-breadcrumb\">\n\t<a href=\"https:\/\/www.eldigitaldeasturias.com\/noticias\" title=\"Home\">Home<\/a>\n<\/span><span class=\"aioseo-breadcrumb-separator\">\u2013<\/span><span class=\"aioseo-breadcrumb\">\n\t<a href=\"https:\/\/www.eldigitaldeasturias.com\/noticias\/category\/deportes\/\" title=\"Deportes\">Deportes<\/a>\n<\/span><span class=\"aioseo-breadcrumb-separator\">\u2013<\/span><span class=\"aioseo-breadcrumb\">\n\t<a href=\"https:\/\/www.eldigitaldeasturias.com\/noticias\/zverev-esta-listo-para-reiniciar-la-temporada-en-munich\/\" title=\"Zverev est\u00e1 listo para reiniciar la temporada en M\u00fanich\">Zverev est\u00e1 listo para reiniciar la temporada en M\u00fanich<\/a>\n<\/span><\/div>","aioseo_breadcrumb_json":[{"label":"Home","link":"https:\/\/www.eldigitaldeasturias.com\/noticias"},{"label":"Deportes","link":"https:\/\/www.eldigitaldeasturias.com\/noticias\/category\/deportes\/"},{"label":"Zverev est\u00e1 listo para reiniciar la temporada en M\u00fanich","link":"https:\/\/www.eldigitaldeasturias.com\/noticias\/zverev-esta-listo-para-reiniciar-la-temporada-en-munich\/"}],"_links":{"self":[{"href":"https:\/\/www.eldigitaldeasturias.com\/noticias\/wp-json\/wp\/v2\/posts\/1025534","targetHints":{"allow":["GET"]}}],"collection":[{"href":"https:\/\/www.eldigitaldeasturias.com\/noticias\/wp-json\/wp\/v2\/posts"}],"about":[{"href":"https:\/\/www.eldigitaldeasturias.com\/noticias\/wp-json\/wp\/v2\/types\/post"}],"author":[{"embeddable":true,"href":"https:\/\/www.eldigitaldeasturias.com\/noticias\/wp-json\/wp\/v2\/users\/1"}],"replies":[{"embeddable":true,"href":"https:\/\/www.eldigitaldeasturias.com\/noticias\/wp-json\/wp\/v2\/comments?post=1025534"}],"version-history":[{"count":0,"href":"https:\/\/www.eldigitaldeasturias.com\/noticias\/wp-json\/wp\/v2\/posts\/1025534\/revisions"}],"wp:featuredmedia":[{"embeddable":true,"href":"https:\/\/www.eldigitaldeasturias.com\/noticias\/wp-json\/wp\/v2\/media\/978237"}],"wp:attachment":[{"href":"https:\/\/www.eldigitaldeasturias.com\/noticias\/wp-json\/wp\/v2\/media?parent=1025534"}],"wp:term":[{"taxonomy":"category","embeddable":true,"href":"https:\/\/www.eldigitaldeasturias.com\/noticias\/wp-json\/wp\/v2\/categories?post=1025534"},{"taxonomy":"post_tag","embeddable":true,"href":"https:\/\/www.eldigitaldeasturias.com\/noticias\/wp-json\/wp\/v2\/tags?post=1025534"}],"curies":[{"name":"wp","href":"https:\/\/api.w.org\/{rel}","templated":true}]}}