{"id":1025525,"date":"2019-04-29T01:44:23","date_gmt":"2019-04-29T01:44:23","guid":{"rendered":"https:\/\/www.eldigitaldeasturias.com\/noticias\/?p=1025525"},"modified":"2019-04-29T01:44:23","modified_gmt":"2019-04-29T01:44:23","slug":"petrenko-presentara-su-primer-programa-con-la-filarmonica-de-berlin","status":"publish","type":"post","link":"https:\/\/www.eldigitaldeasturias.com\/noticias\/petrenko-presentara-su-primer-programa-con-la-filarmonica-de-berlin\/","title":{"rendered":"Petrenko presentar\u00e1 su primer programa con la Filarm\u00f3nica de Berl\u00edn"},"content":{"rendered":"<p><img loading=\"lazy\" decoding=\"async\" class=\"alignleft size-medium wp-image-1025526\" src=\"https:\/\/www.eldigitaldeasturias.com\/noticias\/wp-content\/uploads\/2019\/04\/Petrenko-360x248.jpg\" alt=\"\" width=\"360\" height=\"248\" srcset=\"https:\/\/www.eldigitaldeasturias.com\/noticias\/wp-content\/uploads\/2019\/04\/Petrenko-360x248.jpg 360w, https:\/\/www.eldigitaldeasturias.com\/noticias\/wp-content\/uploads\/2019\/04\/Petrenko-768x528.jpg 768w, https:\/\/www.eldigitaldeasturias.com\/noticias\/wp-content\/uploads\/2019\/04\/Petrenko-650x447.jpg 650w, https:\/\/www.eldigitaldeasturias.com\/noticias\/wp-content\/uploads\/2019\/04\/Petrenko.jpg 984w\" sizes=\"auto, (max-width: 360px) 100vw, 360px\" \/>Berl\u00edn, 27 abr (dpa) &#8211; Kirill Petrenko, el nuevo director de la Orquesta Filarm\u00f3nica de Berl\u00edn presentar\u00e1 ma\u00f1ana, por primera vez desde su elecci\u00f3n al cargo, el programa oficial de la temporada 2019-2020.<\/p>\n<p>Petrenko, de 47 a\u00f1os, quien con el inicio de la temporada se convertir\u00e1 en el sucesor del director brit\u00e1nico Simon Rattle, ofrecer\u00e1 su primer concierto al frente de la c\u00e9lebre orquesta el 25 de agosto.<\/p>\n<p>La Filarm\u00f3nica eligi\u00f3 a Petrenko, quien a\u00fan dirige la \u00d3pera Estatal de Baviera, en 2015 tras arduas discusiones. El inicio de sus actividades en Berl\u00edn ha generado mucha expectativa.<\/p>\n<p>El m\u00fasico ruso, nacido en 1972 en la ciudad siberiana de Omsk, conoce Berl\u00edn ya que fue director general de la \u00d3pera C\u00f3mica entre los a\u00f1os 2002 y 2007.<\/p>\n<p>Despu\u00e9s de designaci\u00f3n al frente de la Filarm\u00f3nica ofreci\u00f3 varios conciertos que el p\u00fablico recibi\u00f3 con mucho entusiasmo.<\/p>\n<p>Luego de pasar por la \u00d3pera Popular de Viena, el Teatro Estatal de Meiningen, en Turingia, y la \u00d3pera C\u00f3mica de Berl\u00edn, en 2013 se convirti\u00f3 en el director general de la \u00d3pera Estatal de Baviera.<\/p>\n<p>Petrenko mantendr\u00e1 su labor en Baviera hasta 2021 y durante el pr\u00f3ximo a\u00f1o trabajar\u00e1 tanto en Berl\u00edn como en M\u00fanich.<\/p>\n<p><em><strong>Foto: Sophia Kembowski\/dpa<\/strong> <\/em><\/p>\n","protected":false},"excerpt":{"rendered":"<p>Berl\u00edn, 27 abr (dpa) &#8211; Kirill Petrenko, el nuevo director de la Orquesta Filarm\u00f3nica de Berl\u00edn presentar\u00e1 ma\u00f1ana, por primera vez desde su elecci\u00f3n al cargo, el programa oficial de la temporada 2019-2020. Petrenko, de 47 a\u00f1os, quien con el inicio de la temporada se convertir\u00e1 en el sucesor del director brit\u00e1nico Simon Rattle, ofrecer\u00e1 [&hellip;]<\/p>\n","protected":false},"author":1,"featured_media":1025526,"comment_status":"closed","ping_status":"closed","sticky":false,"template":"","format":"standard","meta":{"footnotes":""},"categories":[50],"tags":[],"class_list":["post-1025525","post","type-post","status-publish","format-standard","has-post-thumbnail","hentry","category-revista-de-ocio"],"aioseo_notices":[],"aioseo_head":"\n\t\t<!-- All in One SEO Pro 4.9.6.2 - aioseo.com -->\n\t<meta name=\"description\" content=\"Berl\u00edn, 27 abr (dpa) - Kirill Petrenko, el nuevo director de la Orquesta Filarm\u00f3nica de Berl\u00edn presentar\u00e1 ma\u00f1ana, por primera vez desde su elecci\u00f3n al cargo, el programa oficial de la temporada 2019-2020. Petrenko, de 47 a\u00f1os, quien con el inicio de la temporada se convertir\u00e1 en el sucesor del director brit\u00e1nico Simon Rattle, ofrecer\u00e1\" \/>\n\t<meta name=\"robots\" content=\"max-image-preview:large\" \/>\n\t<meta name=\"author\" content=\"El Digital de Asturias\"\/>\n\t<meta name=\"google-site-verification\" content=\"UA-38556648-1\" \/>\n\t<meta name=\"msvalidate.01\" content=\"7dfe9f3f1b24437ab69f4f2559babe99\" \/>\n\t<meta name=\"keywords\" content=\"revista de ocio\" \/>\n\t<link rel=\"canonical\" href=\"https:\/\/www.eldigitaldeasturias.com\/noticias\/petrenko-presentara-su-primer-programa-con-la-filarmonica-de-berlin\/\" \/>\n\t<meta name=\"generator\" content=\"All in One SEO Pro (AIOSEO) 4.9.6.2\" \/>\n\t\t<meta property=\"og:locale\" content=\"es_ES\" \/>\n\t\t<meta property=\"og:site_name\" content=\"El Digital de Asturias\" \/>\n\t\t<meta property=\"og:type\" content=\"article\" \/>\n\t\t<meta property=\"og:title\" content=\"Petrenko presentar\u00e1 su primer programa con la Filarm\u00f3nica de Berl\u00edn - El Digital de Asturias\" \/>\n\t\t<meta property=\"og:description\" content=\"Berl\u00edn, 27 abr (dpa) - Kirill Petrenko, el nuevo director de la Orquesta Filarm\u00f3nica de Berl\u00edn presentar\u00e1 ma\u00f1ana, por primera vez desde su elecci\u00f3n al cargo, el programa oficial de la temporada 2019-2020. Petrenko, de 47 a\u00f1os, quien con el inicio de la temporada se convertir\u00e1 en el sucesor del director brit\u00e1nico Simon Rattle, ofrecer\u00e1\" \/>\n\t\t<meta property=\"og:url\" content=\"https:\/\/www.eldigitaldeasturias.com\/noticias\/petrenko-presentara-su-primer-programa-con-la-filarmonica-de-berlin\/\" \/>\n\t\t<meta property=\"og:image\" content=\"https:\/\/www.eldigitaldeasturias.com\/noticias\/wp-content\/uploads\/2019\/04\/Petrenko.jpg\" \/>\n\t\t<meta property=\"og:image:secure_url\" content=\"https:\/\/www.eldigitaldeasturias.com\/noticias\/wp-content\/uploads\/2019\/04\/Petrenko.jpg\" \/>\n\t\t<meta property=\"og:image:width\" content=\"984\" \/>\n\t\t<meta property=\"og:image:height\" content=\"677\" \/>\n\t\t<meta property=\"article:tag\" content=\"revista de ocio\" \/>\n\t\t<meta property=\"article:published_time\" content=\"2019-04-29T01:44:23+00:00\" \/>\n\t\t<meta property=\"article:modified_time\" content=\"2019-04-29T01:44:23+00:00\" \/>\n\t\t<meta property=\"article:publisher\" content=\"https:\/\/facebook.com\/eldigitaldeasturias\" \/>\n\t\t<meta name=\"twitter:card\" content=\"summary_large_image\" \/>\n\t\t<meta name=\"twitter:title\" content=\"Petrenko presentar\u00e1 su primer programa con la Filarm\u00f3nica de Berl\u00edn - El Digital de Asturias\" \/>\n\t\t<meta name=\"twitter:description\" content=\"Berl\u00edn, 27 abr (dpa) - Kirill Petrenko, el nuevo director de la Orquesta Filarm\u00f3nica de Berl\u00edn presentar\u00e1 ma\u00f1ana, por primera vez desde su elecci\u00f3n al cargo, el programa oficial de la temporada 2019-2020. Petrenko, de 47 a\u00f1os, quien con el inicio de la temporada se convertir\u00e1 en el sucesor del director brit\u00e1nico Simon Rattle, ofrecer\u00e1\" \/>\n\t\t<meta name=\"twitter:image\" content=\"https:\/\/www.eldigitaldeasturias.com\/noticias\/wp-content\/uploads\/2019\/04\/Petrenko.jpg\" \/>\n\t\t<meta name=\"twitter:label1\" content=\"Escrito por\" \/>\n\t\t<meta name=\"twitter:data1\" content=\"El Digital de Asturias\" \/>\n\t\t<meta name=\"twitter:label2\" content=\"Tiempo de lectura estimado\" \/>\n\t\t<meta name=\"twitter:data2\" content=\"1 minuto\" \/>\n\t\t<script type=\"application\/ld+json\" class=\"aioseo-schema\">\n\t\t\t{\"@context\":\"https:\\\/\\\/schema.org\",\"@graph\":[{\"@type\":\"BlogPosting\",\"@id\":\"https:\\\/\\\/www.eldigitaldeasturias.com\\\/noticias\\\/petrenko-presentara-su-primer-programa-con-la-filarmonica-de-berlin\\\/#blogposting\",\"name\":\"Petrenko presentar\\u00e1 su primer programa con la Filarm\\u00f3nica de Berl\\u00edn - El Digital de Asturias\",\"headline\":\"Petrenko presentar\\u00e1 su primer programa con la Filarm\\u00f3nica de Berl\\u00edn\",\"author\":{\"@id\":\"https:\\\/\\\/www.eldigitaldeasturias.com\\\/noticias\\\/author\\\/admin\\\/#author\"},\"publisher\":{\"@id\":\"https:\\\/\\\/www.eldigitaldeasturias.com\\\/noticias\\\/#organization\"},\"image\":{\"@type\":\"ImageObject\",\"url\":\"https:\\\/\\\/www.eldigitaldeasturias.com\\\/noticias\\\/wp-content\\\/uploads\\\/2019\\\/04\\\/Petrenko.jpg\",\"width\":984,\"height\":677},\"datePublished\":\"2019-04-29T01:44:23+02:00\",\"dateModified\":\"2019-04-29T01:44:23+02:00\",\"inLanguage\":\"es-ES\",\"mainEntityOfPage\":{\"@id\":\"https:\\\/\\\/www.eldigitaldeasturias.com\\\/noticias\\\/petrenko-presentara-su-primer-programa-con-la-filarmonica-de-berlin\\\/#webpage\"},\"isPartOf\":{\"@id\":\"https:\\\/\\\/www.eldigitaldeasturias.com\\\/noticias\\\/petrenko-presentara-su-primer-programa-con-la-filarmonica-de-berlin\\\/#webpage\"},\"articleSection\":\"Revista de Ocio\"},{\"@type\":\"BreadcrumbList\",\"@id\":\"https:\\\/\\\/www.eldigitaldeasturias.com\\\/noticias\\\/petrenko-presentara-su-primer-programa-con-la-filarmonica-de-berlin\\\/#breadcrumblist\",\"itemListElement\":[{\"@type\":\"ListItem\",\"@id\":\"https:\\\/\\\/www.eldigitaldeasturias.com\\\/noticias#listItem\",\"position\":1,\"name\":\"Home\",\"item\":\"https:\\\/\\\/www.eldigitaldeasturias.com\\\/noticias\",\"nextItem\":{\"@type\":\"ListItem\",\"@id\":\"https:\\\/\\\/www.eldigitaldeasturias.com\\\/noticias\\\/category\\\/revista-de-ocio\\\/#listItem\",\"name\":\"Revista de Ocio\"}},{\"@type\":\"ListItem\",\"@id\":\"https:\\\/\\\/www.eldigitaldeasturias.com\\\/noticias\\\/category\\\/revista-de-ocio\\\/#listItem\",\"position\":2,\"name\":\"Revista de Ocio\",\"item\":\"https:\\\/\\\/www.eldigitaldeasturias.com\\\/noticias\\\/category\\\/revista-de-ocio\\\/\",\"nextItem\":{\"@type\":\"ListItem\",\"@id\":\"https:\\\/\\\/www.eldigitaldeasturias.com\\\/noticias\\\/petrenko-presentara-su-primer-programa-con-la-filarmonica-de-berlin\\\/#listItem\",\"name\":\"Petrenko presentar\\u00e1 su primer programa con la Filarm\\u00f3nica de Berl\\u00edn\"},\"previousItem\":{\"@type\":\"ListItem\",\"@id\":\"https:\\\/\\\/www.eldigitaldeasturias.com\\\/noticias#listItem\",\"name\":\"Home\"}},{\"@type\":\"ListItem\",\"@id\":\"https:\\\/\\\/www.eldigitaldeasturias.com\\\/noticias\\\/petrenko-presentara-su-primer-programa-con-la-filarmonica-de-berlin\\\/#listItem\",\"position\":3,\"name\":\"Petrenko presentar\\u00e1 su primer programa con la Filarm\\u00f3nica de Berl\\u00edn\",\"previousItem\":{\"@type\":\"ListItem\",\"@id\":\"https:\\\/\\\/www.eldigitaldeasturias.com\\\/noticias\\\/category\\\/revista-de-ocio\\\/#listItem\",\"name\":\"Revista de Ocio\"}}]},{\"@type\":\"Organization\",\"@id\":\"https:\\\/\\\/www.eldigitaldeasturias.com\\\/noticias\\\/#organization\",\"name\":\"El Digital de Asturias\",\"description\":\"Hemeroteca\",\"url\":\"https:\\\/\\\/www.eldigitaldeasturias.com\\\/noticias\\\/\",\"email\":\"info@eldigitaldeasturias.com\",\"telephone\":\"+34652131393\",\"logo\":{\"@type\":\"ImageObject\",\"url\":\"https:\\\/\\\/www.eldigitaldeasturias.com\\\/noticias\\\/wp-content\\\/uploads\\\/2020\\\/12\\\/EDA.jpg\",\"@id\":\"https:\\\/\\\/www.eldigitaldeasturias.com\\\/noticias\\\/petrenko-presentara-su-primer-programa-con-la-filarmonica-de-berlin\\\/#organizationLogo\",\"width\":649,\"height\":297},\"image\":{\"@id\":\"https:\\\/\\\/www.eldigitaldeasturias.com\\\/noticias\\\/petrenko-presentara-su-primer-programa-con-la-filarmonica-de-berlin\\\/#organizationLogo\"},\"sameAs\":[\"https:\\\/\\\/facebook.com\\\/eldigitaldeasturias\",\"https:\\\/\\\/www.youtube.com\\\/channel\\\/UCZP-2wLEB9Rv6erhFmqVnvg\"],\"address\":{\"@id\":\"https:\\\/\\\/www.eldigitaldeasturias.com\\\/noticias\\\/#postaladdress\",\"@type\":\"PostalAddress\",\"streetAddress\":\"san antonio 4,\",\"postalCode\":\"33430\",\"addressLocality\":\"Cand\\u00e1s\",\"addressRegion\":\"Asturias\",\"addressCountry\":\"ES\"}},{\"@type\":\"Person\",\"@id\":\"https:\\\/\\\/www.eldigitaldeasturias.com\\\/noticias\\\/author\\\/admin\\\/#author\",\"url\":\"https:\\\/\\\/www.eldigitaldeasturias.com\\\/noticias\\\/author\\\/admin\\\/\",\"name\":\"El Digital de Asturias\",\"image\":{\"@type\":\"ImageObject\",\"@id\":\"https:\\\/\\\/www.eldigitaldeasturias.com\\\/noticias\\\/petrenko-presentara-su-primer-programa-con-la-filarmonica-de-berlin\\\/#authorImage\",\"url\":\"https:\\\/\\\/www.eldigitaldeasturias.com\\\/noticias\\\/wp-content\\\/litespeed\\\/avatar\\\/18677e78aa0546b92d9dbf31ec7d7668.jpg?ver=1777290358\",\"width\":96,\"height\":96,\"caption\":\"El Digital de Asturias\"}},{\"@type\":\"WebPage\",\"@id\":\"https:\\\/\\\/www.eldigitaldeasturias.com\\\/noticias\\\/petrenko-presentara-su-primer-programa-con-la-filarmonica-de-berlin\\\/#webpage\",\"url\":\"https:\\\/\\\/www.eldigitaldeasturias.com\\\/noticias\\\/petrenko-presentara-su-primer-programa-con-la-filarmonica-de-berlin\\\/\",\"name\":\"Petrenko presentar\\u00e1 su primer programa con la Filarm\\u00f3nica de Berl\\u00edn - El Digital de Asturias\",\"description\":\"Berl\\u00edn, 27 abr (dpa) - Kirill Petrenko, el nuevo director de la Orquesta Filarm\\u00f3nica de Berl\\u00edn presentar\\u00e1 ma\\u00f1ana, por primera vez desde su elecci\\u00f3n al cargo, el programa oficial de la temporada 2019-2020. Petrenko, de 47 a\\u00f1os, quien con el inicio de la temporada se convertir\\u00e1 en el sucesor del director brit\\u00e1nico Simon Rattle, ofrecer\\u00e1\",\"inLanguage\":\"es-ES\",\"isPartOf\":{\"@id\":\"https:\\\/\\\/www.eldigitaldeasturias.com\\\/noticias\\\/#website\"},\"breadcrumb\":{\"@id\":\"https:\\\/\\\/www.eldigitaldeasturias.com\\\/noticias\\\/petrenko-presentara-su-primer-programa-con-la-filarmonica-de-berlin\\\/#breadcrumblist\"},\"author\":{\"@id\":\"https:\\\/\\\/www.eldigitaldeasturias.com\\\/noticias\\\/author\\\/admin\\\/#author\"},\"creator\":{\"@id\":\"https:\\\/\\\/www.eldigitaldeasturias.com\\\/noticias\\\/author\\\/admin\\\/#author\"},\"image\":{\"@type\":\"ImageObject\",\"url\":\"https:\\\/\\\/www.eldigitaldeasturias.com\\\/noticias\\\/wp-content\\\/uploads\\\/2019\\\/04\\\/Petrenko.jpg\",\"@id\":\"https:\\\/\\\/www.eldigitaldeasturias.com\\\/noticias\\\/petrenko-presentara-su-primer-programa-con-la-filarmonica-de-berlin\\\/#mainImage\",\"width\":984,\"height\":677},\"primaryImageOfPage\":{\"@id\":\"https:\\\/\\\/www.eldigitaldeasturias.com\\\/noticias\\\/petrenko-presentara-su-primer-programa-con-la-filarmonica-de-berlin\\\/#mainImage\"},\"datePublished\":\"2019-04-29T01:44:23+02:00\",\"dateModified\":\"2019-04-29T01:44:23+02:00\"},{\"@type\":\"WebSite\",\"@id\":\"https:\\\/\\\/www.eldigitaldeasturias.com\\\/noticias\\\/#website\",\"url\":\"https:\\\/\\\/www.eldigitaldeasturias.com\\\/noticias\\\/\",\"name\":\"El Digital de Asturias - Diario de actualidad y noticias\",\"alternateName\":\"El Digital de Asturias - Diario de actualidad y noticias\",\"description\":\"Hemeroteca\",\"inLanguage\":\"es-ES\",\"publisher\":{\"@id\":\"https:\\\/\\\/www.eldigitaldeasturias.com\\\/noticias\\\/#organization\"}}]}\n\t\t<\/script>\n\t\t<!-- All in One SEO Pro -->\r\n\t\t<title>Petrenko presentar\u00e1 su primer programa con la Filarm\u00f3nica de Berl\u00edn - El Digital de Asturias<\/title>\n\n","aioseo_head_json":{"title":"Petrenko presentar\u00e1 su primer programa con la Filarm\u00f3nica de Berl\u00edn - El Digital de Asturias","description":"Berl\u00edn, 27 abr (dpa) - Kirill Petrenko, el nuevo director de la Orquesta Filarm\u00f3nica de Berl\u00edn presentar\u00e1 ma\u00f1ana, por primera vez desde su elecci\u00f3n al cargo, el programa oficial de la temporada 2019-2020. Petrenko, de 47 a\u00f1os, quien con el inicio de la temporada se convertir\u00e1 en el sucesor del director brit\u00e1nico Simon Rattle, ofrecer\u00e1","canonical_url":"https:\/\/www.eldigitaldeasturias.com\/noticias\/petrenko-presentara-su-primer-programa-con-la-filarmonica-de-berlin\/","robots":"max-image-preview:large","keywords":"revista de ocio","webmasterTools":{"google-site-verification":"UA-38556648-1","msvalidate.01":"7dfe9f3f1b24437ab69f4f2559babe99","miscellaneous":""},"schema":{"@context":"https:\/\/schema.org","@graph":[{"@type":"BlogPosting","@id":"https:\/\/www.eldigitaldeasturias.com\/noticias\/petrenko-presentara-su-primer-programa-con-la-filarmonica-de-berlin\/#blogposting","name":"Petrenko presentar\u00e1 su primer programa con la Filarm\u00f3nica de Berl\u00edn - El Digital de Asturias","headline":"Petrenko presentar\u00e1 su primer programa con la Filarm\u00f3nica de Berl\u00edn","author":{"@id":"https:\/\/www.eldigitaldeasturias.com\/noticias\/author\/admin\/#author"},"publisher":{"@id":"https:\/\/www.eldigitaldeasturias.com\/noticias\/#organization"},"image":{"@type":"ImageObject","url":"https:\/\/www.eldigitaldeasturias.com\/noticias\/wp-content\/uploads\/2019\/04\/Petrenko.jpg","width":984,"height":677},"datePublished":"2019-04-29T01:44:23+02:00","dateModified":"2019-04-29T01:44:23+02:00","inLanguage":"es-ES","mainEntityOfPage":{"@id":"https:\/\/www.eldigitaldeasturias.com\/noticias\/petrenko-presentara-su-primer-programa-con-la-filarmonica-de-berlin\/#webpage"},"isPartOf":{"@id":"https:\/\/www.eldigitaldeasturias.com\/noticias\/petrenko-presentara-su-primer-programa-con-la-filarmonica-de-berlin\/#webpage"},"articleSection":"Revista de Ocio"},{"@type":"BreadcrumbList","@id":"https:\/\/www.eldigitaldeasturias.com\/noticias\/petrenko-presentara-su-primer-programa-con-la-filarmonica-de-berlin\/#breadcrumblist","itemListElement":[{"@type":"ListItem","@id":"https:\/\/www.eldigitaldeasturias.com\/noticias#listItem","position":1,"name":"Home","item":"https:\/\/www.eldigitaldeasturias.com\/noticias","nextItem":{"@type":"ListItem","@id":"https:\/\/www.eldigitaldeasturias.com\/noticias\/category\/revista-de-ocio\/#listItem","name":"Revista de Ocio"}},{"@type":"ListItem","@id":"https:\/\/www.eldigitaldeasturias.com\/noticias\/category\/revista-de-ocio\/#listItem","position":2,"name":"Revista de Ocio","item":"https:\/\/www.eldigitaldeasturias.com\/noticias\/category\/revista-de-ocio\/","nextItem":{"@type":"ListItem","@id":"https:\/\/www.eldigitaldeasturias.com\/noticias\/petrenko-presentara-su-primer-programa-con-la-filarmonica-de-berlin\/#listItem","name":"Petrenko presentar\u00e1 su primer programa con la Filarm\u00f3nica de Berl\u00edn"},"previousItem":{"@type":"ListItem","@id":"https:\/\/www.eldigitaldeasturias.com\/noticias#listItem","name":"Home"}},{"@type":"ListItem","@id":"https:\/\/www.eldigitaldeasturias.com\/noticias\/petrenko-presentara-su-primer-programa-con-la-filarmonica-de-berlin\/#listItem","position":3,"name":"Petrenko presentar\u00e1 su primer programa con la Filarm\u00f3nica de Berl\u00edn","previousItem":{"@type":"ListItem","@id":"https:\/\/www.eldigitaldeasturias.com\/noticias\/category\/revista-de-ocio\/#listItem","name":"Revista de Ocio"}}]},{"@type":"Organization","@id":"https:\/\/www.eldigitaldeasturias.com\/noticias\/#organization","name":"El Digital de Asturias","description":"Hemeroteca","url":"https:\/\/www.eldigitaldeasturias.com\/noticias\/","email":"info@eldigitaldeasturias.com","telephone":"+34652131393","logo":{"@type":"ImageObject","url":"https:\/\/www.eldigitaldeasturias.com\/noticias\/wp-content\/uploads\/2020\/12\/EDA.jpg","@id":"https:\/\/www.eldigitaldeasturias.com\/noticias\/petrenko-presentara-su-primer-programa-con-la-filarmonica-de-berlin\/#organizationLogo","width":649,"height":297},"image":{"@id":"https:\/\/www.eldigitaldeasturias.com\/noticias\/petrenko-presentara-su-primer-programa-con-la-filarmonica-de-berlin\/#organizationLogo"},"sameAs":["https:\/\/facebook.com\/eldigitaldeasturias","https:\/\/www.youtube.com\/channel\/UCZP-2wLEB9Rv6erhFmqVnvg"],"address":{"@id":"https:\/\/www.eldigitaldeasturias.com\/noticias\/#postaladdress","@type":"PostalAddress","streetAddress":"san antonio 4,","postalCode":"33430","addressLocality":"Cand\u00e1s","addressRegion":"Asturias","addressCountry":"ES"}},{"@type":"Person","@id":"https:\/\/www.eldigitaldeasturias.com\/noticias\/author\/admin\/#author","url":"https:\/\/www.eldigitaldeasturias.com\/noticias\/author\/admin\/","name":"El Digital de Asturias","image":{"@type":"ImageObject","@id":"https:\/\/www.eldigitaldeasturias.com\/noticias\/petrenko-presentara-su-primer-programa-con-la-filarmonica-de-berlin\/#authorImage","url":"https:\/\/www.eldigitaldeasturias.com\/noticias\/wp-content\/litespeed\/avatar\/18677e78aa0546b92d9dbf31ec7d7668.jpg?ver=1777290358","width":96,"height":96,"caption":"El Digital de Asturias"}},{"@type":"WebPage","@id":"https:\/\/www.eldigitaldeasturias.com\/noticias\/petrenko-presentara-su-primer-programa-con-la-filarmonica-de-berlin\/#webpage","url":"https:\/\/www.eldigitaldeasturias.com\/noticias\/petrenko-presentara-su-primer-programa-con-la-filarmonica-de-berlin\/","name":"Petrenko presentar\u00e1 su primer programa con la Filarm\u00f3nica de Berl\u00edn - El Digital de Asturias","description":"Berl\u00edn, 27 abr (dpa) - Kirill Petrenko, el nuevo director de la Orquesta Filarm\u00f3nica de Berl\u00edn presentar\u00e1 ma\u00f1ana, por primera vez desde su elecci\u00f3n al cargo, el programa oficial de la temporada 2019-2020. Petrenko, de 47 a\u00f1os, quien con el inicio de la temporada se convertir\u00e1 en el sucesor del director brit\u00e1nico Simon Rattle, ofrecer\u00e1","inLanguage":"es-ES","isPartOf":{"@id":"https:\/\/www.eldigitaldeasturias.com\/noticias\/#website"},"breadcrumb":{"@id":"https:\/\/www.eldigitaldeasturias.com\/noticias\/petrenko-presentara-su-primer-programa-con-la-filarmonica-de-berlin\/#breadcrumblist"},"author":{"@id":"https:\/\/www.eldigitaldeasturias.com\/noticias\/author\/admin\/#author"},"creator":{"@id":"https:\/\/www.eldigitaldeasturias.com\/noticias\/author\/admin\/#author"},"image":{"@type":"ImageObject","url":"https:\/\/www.eldigitaldeasturias.com\/noticias\/wp-content\/uploads\/2019\/04\/Petrenko.jpg","@id":"https:\/\/www.eldigitaldeasturias.com\/noticias\/petrenko-presentara-su-primer-programa-con-la-filarmonica-de-berlin\/#mainImage","width":984,"height":677},"primaryImageOfPage":{"@id":"https:\/\/www.eldigitaldeasturias.com\/noticias\/petrenko-presentara-su-primer-programa-con-la-filarmonica-de-berlin\/#mainImage"},"datePublished":"2019-04-29T01:44:23+02:00","dateModified":"2019-04-29T01:44:23+02:00"},{"@type":"WebSite","@id":"https:\/\/www.eldigitaldeasturias.com\/noticias\/#website","url":"https:\/\/www.eldigitaldeasturias.com\/noticias\/","name":"El Digital de Asturias - Diario de actualidad y noticias","alternateName":"El Digital de Asturias - Diario de actualidad y noticias","description":"Hemeroteca","inLanguage":"es-ES","publisher":{"@id":"https:\/\/www.eldigitaldeasturias.com\/noticias\/#organization"}}]},"og:locale":"es_ES","og:site_name":"El Digital de Asturias","og:type":"article","og:title":"Petrenko presentar\u00e1 su primer programa con la Filarm\u00f3nica de Berl\u00edn - El Digital de Asturias","og:description":"Berl\u00edn, 27 abr (dpa) - Kirill Petrenko, el nuevo director de la Orquesta Filarm\u00f3nica de Berl\u00edn presentar\u00e1 ma\u00f1ana, por primera vez desde su elecci\u00f3n al cargo, el programa oficial de la temporada 2019-2020. Petrenko, de 47 a\u00f1os, quien con el inicio de la temporada se convertir\u00e1 en el sucesor del director brit\u00e1nico Simon Rattle, ofrecer\u00e1","og:url":"https:\/\/www.eldigitaldeasturias.com\/noticias\/petrenko-presentara-su-primer-programa-con-la-filarmonica-de-berlin\/","og:image":"https:\/\/www.eldigitaldeasturias.com\/noticias\/wp-content\/uploads\/2019\/04\/Petrenko.jpg","og:image:secure_url":"https:\/\/www.eldigitaldeasturias.com\/noticias\/wp-content\/uploads\/2019\/04\/Petrenko.jpg","og:image:width":984,"og:image:height":677,"article:tag":["revista de ocio"],"article:published_time":"2019-04-29T01:44:23+00:00","article:modified_time":"2019-04-29T01:44:23+00:00","article:publisher":"https:\/\/facebook.com\/eldigitaldeasturias","twitter:card":"summary_large_image","twitter:title":"Petrenko presentar\u00e1 su primer programa con la Filarm\u00f3nica de Berl\u00edn - El Digital de Asturias","twitter:description":"Berl\u00edn, 27 abr (dpa) - Kirill Petrenko, el nuevo director de la Orquesta Filarm\u00f3nica de Berl\u00edn presentar\u00e1 ma\u00f1ana, por primera vez desde su elecci\u00f3n al cargo, el programa oficial de la temporada 2019-2020. Petrenko, de 47 a\u00f1os, quien con el inicio de la temporada se convertir\u00e1 en el sucesor del director brit\u00e1nico Simon Rattle, ofrecer\u00e1","twitter:image":"https:\/\/www.eldigitaldeasturias.com\/noticias\/wp-content\/uploads\/2019\/04\/Petrenko.jpg","twitter:label1":"Escrito por","twitter:data1":"El Digital de Asturias","twitter:label2":"Tiempo de lectura estimado","twitter:data2":"1 minuto"},"aioseo_meta_data":{"post_id":"1025525","title":null,"description":null,"keywords":null,"keyphrases":null,"primary_term":null,"canonical_url":null,"og_title":null,"og_description":null,"og_object_type":"default","og_image_type":"default","og_image_url":null,"og_image_width":null,"og_image_height":null,"og_image_custom_url":null,"og_image_custom_fields":null,"og_video":null,"og_custom_url":null,"og_article_section":null,"og_article_tags":null,"twitter_use_og":false,"twitter_card":"default","twitter_image_type":"default","twitter_image_url":null,"twitter_image_custom_url":null,"twitter_image_custom_fields":null,"twitter_title":null,"twitter_description":null,"schema":{"blockGraphs":[],"customGraphs":[],"default":{"data":{"Article":[],"Course":[],"Dataset":[],"FAQPage":[],"Movie":[],"Person":[],"Product":[],"ProductReview":[],"Car":[],"Recipe":[],"Service":[],"SoftwareApplication":[],"WebPage":[]},"graphName":"","isEnabled":true},"graphs":[],"defaultGraph":"","defaultPostTypeGraph":""},"schema_type":null,"schema_type_options":null,"pillar_content":false,"robots_default":true,"robots_noindex":false,"robots_noarchive":false,"robots_nosnippet":false,"robots_nofollow":false,"robots_noimageindex":false,"robots_noodp":false,"robots_notranslate":false,"robots_max_snippet":null,"robots_max_videopreview":null,"robots_max_imagepreview":"large","priority":null,"frequency":null,"local_seo":null,"seo_analyzer_scan_date":"2025-10-17 22:57:13","breadcrumb_settings":null,"limit_modified_date":false,"open_ai":null,"ai":null,"created":"2020-12-21 11:14:32","updated":"2025-10-17 22:57:13"},"aioseo_breadcrumb":"<div class=\"aioseo-breadcrumbs\"><span class=\"aioseo-breadcrumb\">\n\t<a href=\"https:\/\/www.eldigitaldeasturias.com\/noticias\" title=\"Home\">Home<\/a>\n<\/span><span class=\"aioseo-breadcrumb-separator\">\u2013<\/span><span class=\"aioseo-breadcrumb\">\n\t<a href=\"https:\/\/www.eldigitaldeasturias.com\/noticias\/category\/revista-de-ocio\/\" title=\"Revista de Ocio\">Revista de Ocio<\/a>\n<\/span><span class=\"aioseo-breadcrumb-separator\">\u2013<\/span><span class=\"aioseo-breadcrumb\">\n\t<a href=\"https:\/\/www.eldigitaldeasturias.com\/noticias\/petrenko-presentara-su-primer-programa-con-la-filarmonica-de-berlin\/\" title=\"Petrenko presentar\u00e1 su primer programa con la Filarm\u00f3nica de Berl\u00edn\">Petrenko presentar\u00e1 su primer programa con la Filarm\u00f3nica de Berl\u00edn<\/a>\n<\/span><\/div>","aioseo_breadcrumb_json":[{"label":"Home","link":"https:\/\/www.eldigitaldeasturias.com\/noticias"},{"label":"Revista de Ocio","link":"https:\/\/www.eldigitaldeasturias.com\/noticias\/category\/revista-de-ocio\/"},{"label":"Petrenko presentar\u00e1 su primer programa con la Filarm\u00f3nica de Berl\u00edn","link":"https:\/\/www.eldigitaldeasturias.com\/noticias\/petrenko-presentara-su-primer-programa-con-la-filarmonica-de-berlin\/"}],"_links":{"self":[{"href":"https:\/\/www.eldigitaldeasturias.com\/noticias\/wp-json\/wp\/v2\/posts\/1025525","targetHints":{"allow":["GET"]}}],"collection":[{"href":"https:\/\/www.eldigitaldeasturias.com\/noticias\/wp-json\/wp\/v2\/posts"}],"about":[{"href":"https:\/\/www.eldigitaldeasturias.com\/noticias\/wp-json\/wp\/v2\/types\/post"}],"author":[{"embeddable":true,"href":"https:\/\/www.eldigitaldeasturias.com\/noticias\/wp-json\/wp\/v2\/users\/1"}],"replies":[{"embeddable":true,"href":"https:\/\/www.eldigitaldeasturias.com\/noticias\/wp-json\/wp\/v2\/comments?post=1025525"}],"version-history":[{"count":0,"href":"https:\/\/www.eldigitaldeasturias.com\/noticias\/wp-json\/wp\/v2\/posts\/1025525\/revisions"}],"wp:featuredmedia":[{"embeddable":true,"href":"https:\/\/www.eldigitaldeasturias.com\/noticias\/wp-json\/wp\/v2\/media\/1025526"}],"wp:attachment":[{"href":"https:\/\/www.eldigitaldeasturias.com\/noticias\/wp-json\/wp\/v2\/media?parent=1025525"}],"wp:term":[{"taxonomy":"category","embeddable":true,"href":"https:\/\/www.eldigitaldeasturias.com\/noticias\/wp-json\/wp\/v2\/categories?post=1025525"},{"taxonomy":"post_tag","embeddable":true,"href":"https:\/\/www.eldigitaldeasturias.com\/noticias\/wp-json\/wp\/v2\/tags?post=1025525"}],"curies":[{"name":"wp","href":"https:\/\/api.w.org\/{rel}","templated":true}]}}