{"id":1025474,"date":"2019-04-28T15:15:17","date_gmt":"2019-04-28T15:15:17","guid":{"rendered":"https:\/\/www.eldigitaldeasturias.com\/noticias\/?p=1025474"},"modified":"2019-04-28T15:15:17","modified_gmt":"2019-04-28T15:15:17","slug":"el-empleo-crecio-en-casi-600-000-personas-en-los-ultimos-12-meses","status":"publish","type":"post","link":"https:\/\/www.eldigitaldeasturias.com\/noticias\/el-empleo-crecio-en-casi-600-000-personas-en-los-ultimos-12-meses\/","title":{"rendered":"El empleo creci\u00f3 en casi 600.000 personas en los \u00faltimos 12 meses"},"content":{"rendered":"<p><img loading=\"lazy\" decoding=\"async\" class=\"alignleft size-medium wp-image-1013387\" src=\"https:\/\/www.eldigitaldeasturias.com\/noticias\/wp-content\/uploads\/2019\/01\/work-791218_960_720-360x240.jpg\" alt=\"\" width=\"360\" height=\"240\" srcset=\"https:\/\/www.eldigitaldeasturias.com\/noticias\/wp-content\/uploads\/2019\/01\/work-791218_960_720-360x240.jpg 360w, https:\/\/www.eldigitaldeasturias.com\/noticias\/wp-content\/uploads\/2019\/01\/work-791218_960_720-768x512.jpg 768w, https:\/\/www.eldigitaldeasturias.com\/noticias\/wp-content\/uploads\/2019\/01\/work-791218_960_720-650x433.jpg 650w, https:\/\/www.eldigitaldeasturias.com\/noticias\/wp-content\/uploads\/2019\/01\/work-791218_960_720.jpg 960w\" sizes=\"auto, (max-width: 360px) 100vw, 360px\" \/>Seg\u00fan los datos de la Encuesta de Poblaci\u00f3n Activa (EPA) publicados hoy por el Instituto Nacional de Estad\u00edstica (INE), el empleo aument\u00f3 en 596.900 personas en el \u00faltimo a\u00f1o, la cifra m\u00e1s elevada desde 2007.<\/p>\n<p>El n\u00famero de ocupados se sit\u00faa en 19.471.100, con un incremento interanual del 3,2% en el primer trimestre de 2019, la tasa m\u00e1s elevada de los \u00faltimos tres a\u00f1os y la segunda m\u00e1s alta desde que comenz\u00f3 la crisis.<\/p>\n<p>Hay que destacar el incremento de la ocupaci\u00f3n femenina, que aumenta el 3,3% interanual, hasta alcanzar las 8.872.000 personas, la cifra m\u00e1s alta de toda la serie hist\u00f3rica en un primer trimestre.<\/p>\n<p>La creaci\u00f3n de empleo en el \u00faltimo a\u00f1o se ha concentrado principalmente en el sector privado, con 489.100 ocupados m\u00e1s, y en la contrataci\u00f3n indefinida, con 455.100 empleos m\u00e1s. Asimismo, se ha creado empleo en todos los sectores, principalmente en Servicios, con 429.400 ocupados m\u00e1s, seguido de Construcci\u00f3n, con 129.500, Industria con 32.100, y Agricultura con 5.900.<\/p>\n<p>El incremento de la ocupaci\u00f3n ha sido tambi\u00e9n generalizado en todas las Comunidades Aut\u00f3nomas. Destaca la positiva evoluci\u00f3n de Andaluc\u00eda, con 138.500 ocupados m\u00e1s, Catalu\u00f1a, con 87.700 y la Comunidad de Madrid con 83.100.<\/p>\n<p><strong>R\u00e9cord de asalariados con contrato indefinido<\/strong><\/p>\n<p>En el primer trimestre de 2019 se alcanzaron los 12.124.000 asalariados con contrato indefinido, cifra r\u00e9cord de toda la serie hist\u00f3rica. M\u00e1s del 80% del nuevo empleo asalariado es indefinido (455.100 ocupados).<\/p>\n<p>En los \u00faltimos doce meses el empleo a tiempo completo se ha incrementado en 510.500 personas y el empleo a tiempo parcial en 86.400.<\/p>\n<p>El desempleo se redujo en 441.900 personas en los \u00faltimos doce meses, el -11,6% interanual, situ\u00e1ndose en 3.354.200 personas. Se trata de la cifra de personas en paro m\u00e1s baja en un primer trimestre del a\u00f1o desde 2008. Con esta reducci\u00f3n la tasa de paro desciende dos puntos en el \u00faltimo a\u00f1o y se sit\u00faa en el 14,7%.<\/p>\n<p>Este descenso se produce en un contexto de aumento de la poblaci\u00f3n activa por cuarto trimestre consecutivo, con un incremento interanual de 155.000 personas.<\/p>\n<p>El n\u00famero de hogares con todos los activos en paro se ha reducido en el \u00faltimo a\u00f1o en 152.500, mientras que los que tienen a todos sus miembros ocupados han aumentado en 357.500.<\/p>\n<p><strong>Evoluci\u00f3n trimestral<\/strong><\/p>\n<p>Los datos del primer trimestre reflejan la estacionalidad del mercado de trabajo en Espa\u00f1a y el efecto \u00abcalendario\u00bb al caer la Semana Santa en abril. La ocupaci\u00f3n descendi\u00f3 en 93.400 personas respecto del \u00faltimo trimestre de 2018, con un incremento del empleo indefinido de 89.900 personas y una disminuci\u00f3n del empleo temporal de 185.800 personas. Con series desestacionalizadas el empleo aument\u00f3 el 0,76% en tasa intertrimestral.<\/p>\n<p>En cuanto a las cifras de paro, afectadas en el primer trimestre por la estacionalidad y por la evoluci\u00f3n de la poblaci\u00f3n activa, el n\u00famero de desempleados subi\u00f3 en 49.900 personas con respecto al cuarto trimestre de 2018. Sin embargo, en t\u00e9rminos desestacionalizados el paro se redujo un -2,9%. En este periodo, el paro ha descendido entre los mayores de 55 a\u00f1os (-4.600 personas), entre los parados de larga duraci\u00f3n (-22.800) y entre las personas que buscan su primer empleo (-8.800).<\/p>\n","protected":false},"excerpt":{"rendered":"<p>Seg\u00fan los datos de la Encuesta de Poblaci\u00f3n Activa (EPA) publicados hoy por el Instituto Nacional de Estad\u00edstica (INE), el empleo aument\u00f3 en 596.900 personas en el \u00faltimo a\u00f1o, la cifra m\u00e1s elevada desde 2007. El n\u00famero de ocupados se sit\u00faa en 19.471.100, con un incremento interanual del 3,2% en el primer trimestre de 2019, [&hellip;]<\/p>\n","protected":false},"author":1,"featured_media":1013387,"comment_status":"closed","ping_status":"closed","sticky":false,"template":"","format":"standard","meta":{"footnotes":""},"categories":[187],"tags":[],"class_list":["post-1025474","post","type-post","status-publish","format-standard","has-post-thumbnail","hentry","category-economia"],"aioseo_notices":[],"aioseo_head":"\n\t\t<!-- All in One SEO Pro 4.9.6.2 - aioseo.com -->\n\t<meta name=\"description\" content=\"Seg\u00fan los datos de la Encuesta de Poblaci\u00f3n Activa (EPA) publicados hoy por el Instituto Nacional de Estad\u00edstica (INE), el empleo aument\u00f3 en 596.900 personas en el \u00faltimo a\u00f1o, la cifra m\u00e1s elevada desde 2007. El n\u00famero de ocupados se sit\u00faa en 19.471.100, con un incremento interanual del 3,2% en el primer trimestre de 2019,\" \/>\n\t<meta name=\"robots\" content=\"max-image-preview:large\" \/>\n\t<meta name=\"author\" content=\"El Digital de Asturias\"\/>\n\t<meta name=\"google-site-verification\" content=\"UA-38556648-1\" \/>\n\t<meta name=\"msvalidate.01\" content=\"7dfe9f3f1b24437ab69f4f2559babe99\" \/>\n\t<meta name=\"keywords\" content=\"econom\u00eda\" \/>\n\t<link rel=\"canonical\" href=\"https:\/\/www.eldigitaldeasturias.com\/noticias\/el-empleo-crecio-en-casi-600-000-personas-en-los-ultimos-12-meses\/\" \/>\n\t<meta name=\"generator\" content=\"All in One SEO Pro (AIOSEO) 4.9.6.2\" \/>\n\t\t<meta property=\"og:locale\" content=\"es_ES\" \/>\n\t\t<meta property=\"og:site_name\" content=\"El Digital de Asturias\" \/>\n\t\t<meta property=\"og:type\" content=\"article\" \/>\n\t\t<meta property=\"og:title\" content=\"El empleo creci\u00f3 en casi 600.000 personas en los \u00faltimos 12 meses - El Digital de Asturias\" \/>\n\t\t<meta property=\"og:description\" content=\"Seg\u00fan los datos de la Encuesta de Poblaci\u00f3n Activa (EPA) publicados hoy por el Instituto Nacional de Estad\u00edstica (INE), el empleo aument\u00f3 en 596.900 personas en el \u00faltimo a\u00f1o, la cifra m\u00e1s elevada desde 2007. El n\u00famero de ocupados se sit\u00faa en 19.471.100, con un incremento interanual del 3,2% en el primer trimestre de 2019,\" \/>\n\t\t<meta property=\"og:url\" content=\"https:\/\/www.eldigitaldeasturias.com\/noticias\/el-empleo-crecio-en-casi-600-000-personas-en-los-ultimos-12-meses\/\" \/>\n\t\t<meta property=\"og:image\" content=\"https:\/\/www.eldigitaldeasturias.com\/noticias\/wp-content\/uploads\/2019\/01\/work-791218_960_720.jpg\" \/>\n\t\t<meta property=\"og:image:secure_url\" content=\"https:\/\/www.eldigitaldeasturias.com\/noticias\/wp-content\/uploads\/2019\/01\/work-791218_960_720.jpg\" \/>\n\t\t<meta property=\"og:image:width\" content=\"960\" \/>\n\t\t<meta property=\"og:image:height\" content=\"640\" \/>\n\t\t<meta property=\"article:tag\" content=\"econom\u00eda\" \/>\n\t\t<meta property=\"article:published_time\" content=\"2019-04-28T15:15:17+00:00\" \/>\n\t\t<meta property=\"article:modified_time\" content=\"2019-04-28T15:15:17+00:00\" \/>\n\t\t<meta property=\"article:publisher\" content=\"https:\/\/facebook.com\/eldigitaldeasturias\" \/>\n\t\t<meta name=\"twitter:card\" content=\"summary_large_image\" \/>\n\t\t<meta name=\"twitter:title\" content=\"El empleo creci\u00f3 en casi 600.000 personas en los \u00faltimos 12 meses - El Digital de Asturias\" \/>\n\t\t<meta name=\"twitter:description\" content=\"Seg\u00fan los datos de la Encuesta de Poblaci\u00f3n Activa (EPA) publicados hoy por el Instituto Nacional de Estad\u00edstica (INE), el empleo aument\u00f3 en 596.900 personas en el \u00faltimo a\u00f1o, la cifra m\u00e1s elevada desde 2007. El n\u00famero de ocupados se sit\u00faa en 19.471.100, con un incremento interanual del 3,2% en el primer trimestre de 2019,\" \/>\n\t\t<meta name=\"twitter:image\" content=\"https:\/\/www.eldigitaldeasturias.com\/noticias\/wp-content\/uploads\/2019\/01\/work-791218_960_720.jpg\" \/>\n\t\t<meta name=\"twitter:label1\" content=\"Escrito por\" \/>\n\t\t<meta name=\"twitter:data1\" content=\"El Digital de Asturias\" \/>\n\t\t<meta name=\"twitter:label2\" content=\"Tiempo de lectura estimado\" \/>\n\t\t<meta name=\"twitter:data2\" content=\"3 minutos\" \/>\n\t\t<script type=\"application\/ld+json\" class=\"aioseo-schema\">\n\t\t\t{\"@context\":\"https:\\\/\\\/schema.org\",\"@graph\":[{\"@type\":\"BlogPosting\",\"@id\":\"https:\\\/\\\/www.eldigitaldeasturias.com\\\/noticias\\\/el-empleo-crecio-en-casi-600-000-personas-en-los-ultimos-12-meses\\\/#blogposting\",\"name\":\"El empleo creci\\u00f3 en casi 600.000 personas en los \\u00faltimos 12 meses - El Digital de Asturias\",\"headline\":\"El empleo creci\\u00f3 en casi 600.000 personas en los \\u00faltimos 12 meses\",\"author\":{\"@id\":\"https:\\\/\\\/www.eldigitaldeasturias.com\\\/noticias\\\/author\\\/admin\\\/#author\"},\"publisher\":{\"@id\":\"https:\\\/\\\/www.eldigitaldeasturias.com\\\/noticias\\\/#organization\"},\"image\":{\"@type\":\"ImageObject\",\"url\":\"https:\\\/\\\/www.eldigitaldeasturias.com\\\/noticias\\\/wp-content\\\/uploads\\\/2019\\\/01\\\/work-791218_960_720.jpg\",\"width\":960,\"height\":640,\"caption\":\"Empleo\"},\"datePublished\":\"2019-04-28T15:15:17+02:00\",\"dateModified\":\"2019-04-28T15:15:17+02:00\",\"inLanguage\":\"es-ES\",\"mainEntityOfPage\":{\"@id\":\"https:\\\/\\\/www.eldigitaldeasturias.com\\\/noticias\\\/el-empleo-crecio-en-casi-600-000-personas-en-los-ultimos-12-meses\\\/#webpage\"},\"isPartOf\":{\"@id\":\"https:\\\/\\\/www.eldigitaldeasturias.com\\\/noticias\\\/el-empleo-crecio-en-casi-600-000-personas-en-los-ultimos-12-meses\\\/#webpage\"},\"articleSection\":\"Econom\\u00eda\"},{\"@type\":\"BreadcrumbList\",\"@id\":\"https:\\\/\\\/www.eldigitaldeasturias.com\\\/noticias\\\/el-empleo-crecio-en-casi-600-000-personas-en-los-ultimos-12-meses\\\/#breadcrumblist\",\"itemListElement\":[{\"@type\":\"ListItem\",\"@id\":\"https:\\\/\\\/www.eldigitaldeasturias.com\\\/noticias#listItem\",\"position\":1,\"name\":\"Home\",\"item\":\"https:\\\/\\\/www.eldigitaldeasturias.com\\\/noticias\",\"nextItem\":{\"@type\":\"ListItem\",\"@id\":\"https:\\\/\\\/www.eldigitaldeasturias.com\\\/noticias\\\/category\\\/economia\\\/#listItem\",\"name\":\"Econom\\u00eda\"}},{\"@type\":\"ListItem\",\"@id\":\"https:\\\/\\\/www.eldigitaldeasturias.com\\\/noticias\\\/category\\\/economia\\\/#listItem\",\"position\":2,\"name\":\"Econom\\u00eda\",\"item\":\"https:\\\/\\\/www.eldigitaldeasturias.com\\\/noticias\\\/category\\\/economia\\\/\",\"nextItem\":{\"@type\":\"ListItem\",\"@id\":\"https:\\\/\\\/www.eldigitaldeasturias.com\\\/noticias\\\/el-empleo-crecio-en-casi-600-000-personas-en-los-ultimos-12-meses\\\/#listItem\",\"name\":\"El empleo creci\\u00f3 en casi 600.000 personas en los \\u00faltimos 12 meses\"},\"previousItem\":{\"@type\":\"ListItem\",\"@id\":\"https:\\\/\\\/www.eldigitaldeasturias.com\\\/noticias#listItem\",\"name\":\"Home\"}},{\"@type\":\"ListItem\",\"@id\":\"https:\\\/\\\/www.eldigitaldeasturias.com\\\/noticias\\\/el-empleo-crecio-en-casi-600-000-personas-en-los-ultimos-12-meses\\\/#listItem\",\"position\":3,\"name\":\"El empleo creci\\u00f3 en casi 600.000 personas en los \\u00faltimos 12 meses\",\"previousItem\":{\"@type\":\"ListItem\",\"@id\":\"https:\\\/\\\/www.eldigitaldeasturias.com\\\/noticias\\\/category\\\/economia\\\/#listItem\",\"name\":\"Econom\\u00eda\"}}]},{\"@type\":\"Organization\",\"@id\":\"https:\\\/\\\/www.eldigitaldeasturias.com\\\/noticias\\\/#organization\",\"name\":\"El Digital de Asturias\",\"description\":\"Hemeroteca\",\"url\":\"https:\\\/\\\/www.eldigitaldeasturias.com\\\/noticias\\\/\",\"email\":\"info@eldigitaldeasturias.com\",\"telephone\":\"+34652131393\",\"logo\":{\"@type\":\"ImageObject\",\"url\":\"https:\\\/\\\/www.eldigitaldeasturias.com\\\/noticias\\\/wp-content\\\/uploads\\\/2020\\\/12\\\/EDA.jpg\",\"@id\":\"https:\\\/\\\/www.eldigitaldeasturias.com\\\/noticias\\\/el-empleo-crecio-en-casi-600-000-personas-en-los-ultimos-12-meses\\\/#organizationLogo\",\"width\":649,\"height\":297},\"image\":{\"@id\":\"https:\\\/\\\/www.eldigitaldeasturias.com\\\/noticias\\\/el-empleo-crecio-en-casi-600-000-personas-en-los-ultimos-12-meses\\\/#organizationLogo\"},\"sameAs\":[\"https:\\\/\\\/facebook.com\\\/eldigitaldeasturias\",\"https:\\\/\\\/www.youtube.com\\\/channel\\\/UCZP-2wLEB9Rv6erhFmqVnvg\"],\"address\":{\"@id\":\"https:\\\/\\\/www.eldigitaldeasturias.com\\\/noticias\\\/#postaladdress\",\"@type\":\"PostalAddress\",\"streetAddress\":\"san antonio 4,\",\"postalCode\":\"33430\",\"addressLocality\":\"Cand\\u00e1s\",\"addressRegion\":\"Asturias\",\"addressCountry\":\"ES\"}},{\"@type\":\"Person\",\"@id\":\"https:\\\/\\\/www.eldigitaldeasturias.com\\\/noticias\\\/author\\\/admin\\\/#author\",\"url\":\"https:\\\/\\\/www.eldigitaldeasturias.com\\\/noticias\\\/author\\\/admin\\\/\",\"name\":\"El Digital de Asturias\",\"image\":{\"@type\":\"ImageObject\",\"@id\":\"https:\\\/\\\/www.eldigitaldeasturias.com\\\/noticias\\\/el-empleo-crecio-en-casi-600-000-personas-en-los-ultimos-12-meses\\\/#authorImage\",\"url\":\"https:\\\/\\\/www.eldigitaldeasturias.com\\\/noticias\\\/wp-content\\\/litespeed\\\/avatar\\\/18677e78aa0546b92d9dbf31ec7d7668.jpg?ver=1776685526\",\"width\":96,\"height\":96,\"caption\":\"El Digital de Asturias\"}},{\"@type\":\"WebPage\",\"@id\":\"https:\\\/\\\/www.eldigitaldeasturias.com\\\/noticias\\\/el-empleo-crecio-en-casi-600-000-personas-en-los-ultimos-12-meses\\\/#webpage\",\"url\":\"https:\\\/\\\/www.eldigitaldeasturias.com\\\/noticias\\\/el-empleo-crecio-en-casi-600-000-personas-en-los-ultimos-12-meses\\\/\",\"name\":\"El empleo creci\\u00f3 en casi 600.000 personas en los \\u00faltimos 12 meses - El Digital de Asturias\",\"description\":\"Seg\\u00fan los datos de la Encuesta de Poblaci\\u00f3n Activa (EPA) publicados hoy por el Instituto Nacional de Estad\\u00edstica (INE), el empleo aument\\u00f3 en 596.900 personas en el \\u00faltimo a\\u00f1o, la cifra m\\u00e1s elevada desde 2007. El n\\u00famero de ocupados se sit\\u00faa en 19.471.100, con un incremento interanual del 3,2% en el primer trimestre de 2019,\",\"inLanguage\":\"es-ES\",\"isPartOf\":{\"@id\":\"https:\\\/\\\/www.eldigitaldeasturias.com\\\/noticias\\\/#website\"},\"breadcrumb\":{\"@id\":\"https:\\\/\\\/www.eldigitaldeasturias.com\\\/noticias\\\/el-empleo-crecio-en-casi-600-000-personas-en-los-ultimos-12-meses\\\/#breadcrumblist\"},\"author\":{\"@id\":\"https:\\\/\\\/www.eldigitaldeasturias.com\\\/noticias\\\/author\\\/admin\\\/#author\"},\"creator\":{\"@id\":\"https:\\\/\\\/www.eldigitaldeasturias.com\\\/noticias\\\/author\\\/admin\\\/#author\"},\"image\":{\"@type\":\"ImageObject\",\"url\":\"https:\\\/\\\/www.eldigitaldeasturias.com\\\/noticias\\\/wp-content\\\/uploads\\\/2019\\\/01\\\/work-791218_960_720.jpg\",\"@id\":\"https:\\\/\\\/www.eldigitaldeasturias.com\\\/noticias\\\/el-empleo-crecio-en-casi-600-000-personas-en-los-ultimos-12-meses\\\/#mainImage\",\"width\":960,\"height\":640,\"caption\":\"Empleo\"},\"primaryImageOfPage\":{\"@id\":\"https:\\\/\\\/www.eldigitaldeasturias.com\\\/noticias\\\/el-empleo-crecio-en-casi-600-000-personas-en-los-ultimos-12-meses\\\/#mainImage\"},\"datePublished\":\"2019-04-28T15:15:17+02:00\",\"dateModified\":\"2019-04-28T15:15:17+02:00\"},{\"@type\":\"WebSite\",\"@id\":\"https:\\\/\\\/www.eldigitaldeasturias.com\\\/noticias\\\/#website\",\"url\":\"https:\\\/\\\/www.eldigitaldeasturias.com\\\/noticias\\\/\",\"name\":\"El Digital de Asturias - Diario de actualidad y noticias\",\"alternateName\":\"El Digital de Asturias - Diario de actualidad y noticias\",\"description\":\"Hemeroteca\",\"inLanguage\":\"es-ES\",\"publisher\":{\"@id\":\"https:\\\/\\\/www.eldigitaldeasturias.com\\\/noticias\\\/#organization\"}}]}\n\t\t<\/script>\n\t\t<!-- All in One SEO Pro -->\r\n\t\t<title>El empleo creci\u00f3 en casi 600.000 personas en los \u00faltimos 12 meses - El Digital de Asturias<\/title>\n\n","aioseo_head_json":{"title":"El empleo creci\u00f3 en casi 600.000 personas en los \u00faltimos 12 meses - El Digital de Asturias","description":"Seg\u00fan los datos de la Encuesta de Poblaci\u00f3n Activa (EPA) publicados hoy por el Instituto Nacional de Estad\u00edstica (INE), el empleo aument\u00f3 en 596.900 personas en el \u00faltimo a\u00f1o, la cifra m\u00e1s elevada desde 2007. El n\u00famero de ocupados se sit\u00faa en 19.471.100, con un incremento interanual del 3,2% en el primer trimestre de 2019,","canonical_url":"https:\/\/www.eldigitaldeasturias.com\/noticias\/el-empleo-crecio-en-casi-600-000-personas-en-los-ultimos-12-meses\/","robots":"max-image-preview:large","keywords":"econom\u00eda","webmasterTools":{"google-site-verification":"UA-38556648-1","msvalidate.01":"7dfe9f3f1b24437ab69f4f2559babe99","miscellaneous":""},"schema":{"@context":"https:\/\/schema.org","@graph":[{"@type":"BlogPosting","@id":"https:\/\/www.eldigitaldeasturias.com\/noticias\/el-empleo-crecio-en-casi-600-000-personas-en-los-ultimos-12-meses\/#blogposting","name":"El empleo creci\u00f3 en casi 600.000 personas en los \u00faltimos 12 meses - El Digital de Asturias","headline":"El empleo creci\u00f3 en casi 600.000 personas en los \u00faltimos 12 meses","author":{"@id":"https:\/\/www.eldigitaldeasturias.com\/noticias\/author\/admin\/#author"},"publisher":{"@id":"https:\/\/www.eldigitaldeasturias.com\/noticias\/#organization"},"image":{"@type":"ImageObject","url":"https:\/\/www.eldigitaldeasturias.com\/noticias\/wp-content\/uploads\/2019\/01\/work-791218_960_720.jpg","width":960,"height":640,"caption":"Empleo"},"datePublished":"2019-04-28T15:15:17+02:00","dateModified":"2019-04-28T15:15:17+02:00","inLanguage":"es-ES","mainEntityOfPage":{"@id":"https:\/\/www.eldigitaldeasturias.com\/noticias\/el-empleo-crecio-en-casi-600-000-personas-en-los-ultimos-12-meses\/#webpage"},"isPartOf":{"@id":"https:\/\/www.eldigitaldeasturias.com\/noticias\/el-empleo-crecio-en-casi-600-000-personas-en-los-ultimos-12-meses\/#webpage"},"articleSection":"Econom\u00eda"},{"@type":"BreadcrumbList","@id":"https:\/\/www.eldigitaldeasturias.com\/noticias\/el-empleo-crecio-en-casi-600-000-personas-en-los-ultimos-12-meses\/#breadcrumblist","itemListElement":[{"@type":"ListItem","@id":"https:\/\/www.eldigitaldeasturias.com\/noticias#listItem","position":1,"name":"Home","item":"https:\/\/www.eldigitaldeasturias.com\/noticias","nextItem":{"@type":"ListItem","@id":"https:\/\/www.eldigitaldeasturias.com\/noticias\/category\/economia\/#listItem","name":"Econom\u00eda"}},{"@type":"ListItem","@id":"https:\/\/www.eldigitaldeasturias.com\/noticias\/category\/economia\/#listItem","position":2,"name":"Econom\u00eda","item":"https:\/\/www.eldigitaldeasturias.com\/noticias\/category\/economia\/","nextItem":{"@type":"ListItem","@id":"https:\/\/www.eldigitaldeasturias.com\/noticias\/el-empleo-crecio-en-casi-600-000-personas-en-los-ultimos-12-meses\/#listItem","name":"El empleo creci\u00f3 en casi 600.000 personas en los \u00faltimos 12 meses"},"previousItem":{"@type":"ListItem","@id":"https:\/\/www.eldigitaldeasturias.com\/noticias#listItem","name":"Home"}},{"@type":"ListItem","@id":"https:\/\/www.eldigitaldeasturias.com\/noticias\/el-empleo-crecio-en-casi-600-000-personas-en-los-ultimos-12-meses\/#listItem","position":3,"name":"El empleo creci\u00f3 en casi 600.000 personas en los \u00faltimos 12 meses","previousItem":{"@type":"ListItem","@id":"https:\/\/www.eldigitaldeasturias.com\/noticias\/category\/economia\/#listItem","name":"Econom\u00eda"}}]},{"@type":"Organization","@id":"https:\/\/www.eldigitaldeasturias.com\/noticias\/#organization","name":"El Digital de Asturias","description":"Hemeroteca","url":"https:\/\/www.eldigitaldeasturias.com\/noticias\/","email":"info@eldigitaldeasturias.com","telephone":"+34652131393","logo":{"@type":"ImageObject","url":"https:\/\/www.eldigitaldeasturias.com\/noticias\/wp-content\/uploads\/2020\/12\/EDA.jpg","@id":"https:\/\/www.eldigitaldeasturias.com\/noticias\/el-empleo-crecio-en-casi-600-000-personas-en-los-ultimos-12-meses\/#organizationLogo","width":649,"height":297},"image":{"@id":"https:\/\/www.eldigitaldeasturias.com\/noticias\/el-empleo-crecio-en-casi-600-000-personas-en-los-ultimos-12-meses\/#organizationLogo"},"sameAs":["https:\/\/facebook.com\/eldigitaldeasturias","https:\/\/www.youtube.com\/channel\/UCZP-2wLEB9Rv6erhFmqVnvg"],"address":{"@id":"https:\/\/www.eldigitaldeasturias.com\/noticias\/#postaladdress","@type":"PostalAddress","streetAddress":"san antonio 4,","postalCode":"33430","addressLocality":"Cand\u00e1s","addressRegion":"Asturias","addressCountry":"ES"}},{"@type":"Person","@id":"https:\/\/www.eldigitaldeasturias.com\/noticias\/author\/admin\/#author","url":"https:\/\/www.eldigitaldeasturias.com\/noticias\/author\/admin\/","name":"El Digital de Asturias","image":{"@type":"ImageObject","@id":"https:\/\/www.eldigitaldeasturias.com\/noticias\/el-empleo-crecio-en-casi-600-000-personas-en-los-ultimos-12-meses\/#authorImage","url":"https:\/\/www.eldigitaldeasturias.com\/noticias\/wp-content\/litespeed\/avatar\/18677e78aa0546b92d9dbf31ec7d7668.jpg?ver=1776685526","width":96,"height":96,"caption":"El Digital de Asturias"}},{"@type":"WebPage","@id":"https:\/\/www.eldigitaldeasturias.com\/noticias\/el-empleo-crecio-en-casi-600-000-personas-en-los-ultimos-12-meses\/#webpage","url":"https:\/\/www.eldigitaldeasturias.com\/noticias\/el-empleo-crecio-en-casi-600-000-personas-en-los-ultimos-12-meses\/","name":"El empleo creci\u00f3 en casi 600.000 personas en los \u00faltimos 12 meses - El Digital de Asturias","description":"Seg\u00fan los datos de la Encuesta de Poblaci\u00f3n Activa (EPA) publicados hoy por el Instituto Nacional de Estad\u00edstica (INE), el empleo aument\u00f3 en 596.900 personas en el \u00faltimo a\u00f1o, la cifra m\u00e1s elevada desde 2007. El n\u00famero de ocupados se sit\u00faa en 19.471.100, con un incremento interanual del 3,2% en el primer trimestre de 2019,","inLanguage":"es-ES","isPartOf":{"@id":"https:\/\/www.eldigitaldeasturias.com\/noticias\/#website"},"breadcrumb":{"@id":"https:\/\/www.eldigitaldeasturias.com\/noticias\/el-empleo-crecio-en-casi-600-000-personas-en-los-ultimos-12-meses\/#breadcrumblist"},"author":{"@id":"https:\/\/www.eldigitaldeasturias.com\/noticias\/author\/admin\/#author"},"creator":{"@id":"https:\/\/www.eldigitaldeasturias.com\/noticias\/author\/admin\/#author"},"image":{"@type":"ImageObject","url":"https:\/\/www.eldigitaldeasturias.com\/noticias\/wp-content\/uploads\/2019\/01\/work-791218_960_720.jpg","@id":"https:\/\/www.eldigitaldeasturias.com\/noticias\/el-empleo-crecio-en-casi-600-000-personas-en-los-ultimos-12-meses\/#mainImage","width":960,"height":640,"caption":"Empleo"},"primaryImageOfPage":{"@id":"https:\/\/www.eldigitaldeasturias.com\/noticias\/el-empleo-crecio-en-casi-600-000-personas-en-los-ultimos-12-meses\/#mainImage"},"datePublished":"2019-04-28T15:15:17+02:00","dateModified":"2019-04-28T15:15:17+02:00"},{"@type":"WebSite","@id":"https:\/\/www.eldigitaldeasturias.com\/noticias\/#website","url":"https:\/\/www.eldigitaldeasturias.com\/noticias\/","name":"El Digital de Asturias - Diario de actualidad y noticias","alternateName":"El Digital de Asturias - Diario de actualidad y noticias","description":"Hemeroteca","inLanguage":"es-ES","publisher":{"@id":"https:\/\/www.eldigitaldeasturias.com\/noticias\/#organization"}}]},"og:locale":"es_ES","og:site_name":"El Digital de Asturias","og:type":"article","og:title":"El empleo creci\u00f3 en casi 600.000 personas en los \u00faltimos 12 meses - El Digital de Asturias","og:description":"Seg\u00fan los datos de la Encuesta de Poblaci\u00f3n Activa (EPA) publicados hoy por el Instituto Nacional de Estad\u00edstica (INE), el empleo aument\u00f3 en 596.900 personas en el \u00faltimo a\u00f1o, la cifra m\u00e1s elevada desde 2007. El n\u00famero de ocupados se sit\u00faa en 19.471.100, con un incremento interanual del 3,2% en el primer trimestre de 2019,","og:url":"https:\/\/www.eldigitaldeasturias.com\/noticias\/el-empleo-crecio-en-casi-600-000-personas-en-los-ultimos-12-meses\/","og:image":"https:\/\/www.eldigitaldeasturias.com\/noticias\/wp-content\/uploads\/2019\/01\/work-791218_960_720.jpg","og:image:secure_url":"https:\/\/www.eldigitaldeasturias.com\/noticias\/wp-content\/uploads\/2019\/01\/work-791218_960_720.jpg","og:image:width":960,"og:image:height":640,"article:tag":["econom\u00eda"],"article:published_time":"2019-04-28T15:15:17+00:00","article:modified_time":"2019-04-28T15:15:17+00:00","article:publisher":"https:\/\/facebook.com\/eldigitaldeasturias","twitter:card":"summary_large_image","twitter:title":"El empleo creci\u00f3 en casi 600.000 personas en los \u00faltimos 12 meses - El Digital de Asturias","twitter:description":"Seg\u00fan los datos de la Encuesta de Poblaci\u00f3n Activa (EPA) publicados hoy por el Instituto Nacional de Estad\u00edstica (INE), el empleo aument\u00f3 en 596.900 personas en el \u00faltimo a\u00f1o, la cifra m\u00e1s elevada desde 2007. El n\u00famero de ocupados se sit\u00faa en 19.471.100, con un incremento interanual del 3,2% en el primer trimestre de 2019,","twitter:image":"https:\/\/www.eldigitaldeasturias.com\/noticias\/wp-content\/uploads\/2019\/01\/work-791218_960_720.jpg","twitter:label1":"Escrito por","twitter:data1":"El Digital de Asturias","twitter:label2":"Tiempo de lectura estimado","twitter:data2":"3 minutos"},"aioseo_meta_data":{"post_id":"1025474","title":null,"description":null,"keywords":null,"keyphrases":null,"primary_term":null,"canonical_url":null,"og_title":null,"og_description":null,"og_object_type":"default","og_image_type":"default","og_image_url":null,"og_image_width":null,"og_image_height":null,"og_image_custom_url":null,"og_image_custom_fields":null,"og_video":null,"og_custom_url":null,"og_article_section":null,"og_article_tags":null,"twitter_use_og":false,"twitter_card":"default","twitter_image_type":"default","twitter_image_url":null,"twitter_image_custom_url":null,"twitter_image_custom_fields":null,"twitter_title":null,"twitter_description":null,"schema":{"blockGraphs":[],"customGraphs":[],"default":{"data":{"Article":[],"Course":[],"Dataset":[],"FAQPage":[],"Movie":[],"Person":[],"Product":[],"ProductReview":[],"Car":[],"Recipe":[],"Service":[],"SoftwareApplication":[],"WebPage":[]},"graphName":"","isEnabled":true},"graphs":[],"defaultGraph":"","defaultPostTypeGraph":""},"schema_type":null,"schema_type_options":null,"pillar_content":false,"robots_default":true,"robots_noindex":false,"robots_noarchive":false,"robots_nosnippet":false,"robots_nofollow":false,"robots_noimageindex":false,"robots_noodp":false,"robots_notranslate":false,"robots_max_snippet":null,"robots_max_videopreview":null,"robots_max_imagepreview":"large","priority":null,"frequency":null,"local_seo":null,"seo_analyzer_scan_date":"2025-10-17 22:49:08","breadcrumb_settings":null,"limit_modified_date":false,"open_ai":null,"ai":null,"created":"2020-12-21 11:14:32","updated":"2025-10-17 22:49:08"},"aioseo_breadcrumb":"<div class=\"aioseo-breadcrumbs\"><span class=\"aioseo-breadcrumb\">\n\t<a href=\"https:\/\/www.eldigitaldeasturias.com\/noticias\" title=\"Home\">Home<\/a>\n<\/span><span class=\"aioseo-breadcrumb-separator\">\u2013<\/span><span class=\"aioseo-breadcrumb\">\n\t<a href=\"https:\/\/www.eldigitaldeasturias.com\/noticias\/category\/economia\/\" title=\"Econom\u00eda\">Econom\u00eda<\/a>\n<\/span><span class=\"aioseo-breadcrumb-separator\">\u2013<\/span><span class=\"aioseo-breadcrumb\">\n\t<a href=\"https:\/\/www.eldigitaldeasturias.com\/noticias\/el-empleo-crecio-en-casi-600-000-personas-en-los-ultimos-12-meses\/\" title=\"El empleo creci\u00f3 en casi 600.000 personas en los \u00faltimos 12 meses\">El empleo creci\u00f3 en casi 600.000 personas en los \u00faltimos 12 meses<\/a>\n<\/span><\/div>","aioseo_breadcrumb_json":[{"label":"Home","link":"https:\/\/www.eldigitaldeasturias.com\/noticias"},{"label":"Econom\u00eda","link":"https:\/\/www.eldigitaldeasturias.com\/noticias\/category\/economia\/"},{"label":"El empleo creci\u00f3 en casi 600.000 personas en los \u00faltimos 12 meses","link":"https:\/\/www.eldigitaldeasturias.com\/noticias\/el-empleo-crecio-en-casi-600-000-personas-en-los-ultimos-12-meses\/"}],"_links":{"self":[{"href":"https:\/\/www.eldigitaldeasturias.com\/noticias\/wp-json\/wp\/v2\/posts\/1025474","targetHints":{"allow":["GET"]}}],"collection":[{"href":"https:\/\/www.eldigitaldeasturias.com\/noticias\/wp-json\/wp\/v2\/posts"}],"about":[{"href":"https:\/\/www.eldigitaldeasturias.com\/noticias\/wp-json\/wp\/v2\/types\/post"}],"author":[{"embeddable":true,"href":"https:\/\/www.eldigitaldeasturias.com\/noticias\/wp-json\/wp\/v2\/users\/1"}],"replies":[{"embeddable":true,"href":"https:\/\/www.eldigitaldeasturias.com\/noticias\/wp-json\/wp\/v2\/comments?post=1025474"}],"version-history":[{"count":0,"href":"https:\/\/www.eldigitaldeasturias.com\/noticias\/wp-json\/wp\/v2\/posts\/1025474\/revisions"}],"wp:featuredmedia":[{"embeddable":true,"href":"https:\/\/www.eldigitaldeasturias.com\/noticias\/wp-json\/wp\/v2\/media\/1013387"}],"wp:attachment":[{"href":"https:\/\/www.eldigitaldeasturias.com\/noticias\/wp-json\/wp\/v2\/media?parent=1025474"}],"wp:term":[{"taxonomy":"category","embeddable":true,"href":"https:\/\/www.eldigitaldeasturias.com\/noticias\/wp-json\/wp\/v2\/categories?post=1025474"},{"taxonomy":"post_tag","embeddable":true,"href":"https:\/\/www.eldigitaldeasturias.com\/noticias\/wp-json\/wp\/v2\/tags?post=1025474"}],"curies":[{"name":"wp","href":"https:\/\/api.w.org\/{rel}","templated":true}]}}