{"id":1025461,"date":"2019-04-28T04:55:37","date_gmt":"2019-04-28T04:55:37","guid":{"rendered":"https:\/\/www.eldigitaldeasturias.com\/noticias\/?p=1025461"},"modified":"2019-04-28T04:55:37","modified_gmt":"2019-04-28T04:55:37","slug":"mick-schumacher-abandona-en-baku","status":"publish","type":"post","link":"https:\/\/www.eldigitaldeasturias.com\/noticias\/mick-schumacher-abandona-en-baku\/","title":{"rendered":"Mick Schumacher abandona en Bak\u00fa"},"content":{"rendered":"<p><img loading=\"lazy\" decoding=\"async\" class=\"alignleft size-medium wp-image-991450\" src=\"https:\/\/www.eldigitaldeasturias.com\/noticias\/wp-content\/uploads\/2018\/07\/flag-1645262_960_720-360x239.jpg\" alt=\"\" width=\"360\" height=\"239\" srcset=\"https:\/\/www.eldigitaldeasturias.com\/noticias\/wp-content\/uploads\/2018\/07\/flag-1645262_960_720-360x239.jpg 360w, https:\/\/www.eldigitaldeasturias.com\/noticias\/wp-content\/uploads\/2018\/07\/flag-1645262_960_720-768x510.jpg 768w, https:\/\/www.eldigitaldeasturias.com\/noticias\/wp-content\/uploads\/2018\/07\/flag-1645262_960_720-650x432.jpg 650w, https:\/\/www.eldigitaldeasturias.com\/noticias\/wp-content\/uploads\/2018\/07\/flag-1645262_960_720.jpg 960w\" sizes=\"auto, (max-width: 360px) 100vw, 360px\" \/>Bak\u00fa (Azerbaiy\u00e1n), 27 abr (dpa) &#8211; El piloto alem\u00e1n Mick Schumacher se retir\u00f3 hoy de la carrera de F\u00f3rmula 2 en Bak\u00fa y qued\u00f3 sin puntuar por primera vez en lo que va de temporada.<\/p>\n<p>El hijo de Michael Schumacher, el siete veces campe\u00f3n del mundo de F\u00f3rmula 1, complet\u00f3 nueve de las 29 vueltas previstas en el circuito urbano de Azerbaiy\u00e1n hasta que hizo un trompo en la curva 17 y no pudo continuar.<\/p>\n<p>La victoria en la carrera salpicada de muchos accidentes la logr\u00f3 el brit\u00e1nico Jack Aitken (Campos Racing).<\/p>\n<p>Mick Schumacher, de 20 a\u00f1os y piloto de la escuder\u00eda italiana Prema, comenz\u00f3 la prueba desde la sexta posici\u00f3n. Se coloc\u00f3 tercero poco antes de la primera curva, antes de que en la frenada cayera al s\u00e9ptimo lugar.<\/p>\n<p>Despu\u00e9s de salir el coche de seguridad, Schumacher mantuvo esa posici\u00f3n hasta su error.<\/p>\n<p>El domingo se disputar\u00e1 la segunda carrera de F\u00f3rmula 2 en el exigente circuito urbano junto al Mar Caspio. Schumacher partir\u00e1 desde la parte trasera de la parrilla de salida tras su abandono de hoy.<\/p>\n<p>En su primera carrera de F\u00f3rmula 2 en el Gran Premio de Bar\u00e9in a principios de mes, el alem\u00e1n logr\u00f3 dos veces acabar en los puntos.<\/p>\n<p>En el circuito de Sakhir termin\u00f3 octavo y sexto en las dos carreras disputadas. Posteriormente pudo conducir por primera vez el Ferrari de F\u00f3rmula 1 en una jornada de ensayos.<\/p>\n","protected":false},"excerpt":{"rendered":"<p>Bak\u00fa (Azerbaiy\u00e1n), 27 abr (dpa) &#8211; El piloto alem\u00e1n Mick Schumacher se retir\u00f3 hoy de la carrera de F\u00f3rmula 2 en Bak\u00fa y qued\u00f3 sin puntuar por primera vez en lo que va de temporada. El hijo de Michael Schumacher, el siete veces campe\u00f3n del mundo de F\u00f3rmula 1, complet\u00f3 nueve de las 29 vueltas [&hellip;]<\/p>\n","protected":false},"author":1,"featured_media":991450,"comment_status":"closed","ping_status":"closed","sticky":false,"template":"","format":"standard","meta":{"footnotes":""},"categories":[190],"tags":[],"class_list":["post-1025461","post","type-post","status-publish","format-standard","has-post-thumbnail","hentry","category-deportes"],"aioseo_notices":[],"aioseo_head":"\n\t\t<!-- All in One SEO Pro 4.9.6.2 - aioseo.com -->\n\t<meta name=\"description\" content=\"Bak\u00fa (Azerbaiy\u00e1n), 27 abr (dpa) - El piloto alem\u00e1n Mick Schumacher se retir\u00f3 hoy de la carrera de F\u00f3rmula 2 en Bak\u00fa y qued\u00f3 sin puntuar por primera vez en lo que va de temporada. El hijo de Michael Schumacher, el siete veces campe\u00f3n del mundo de F\u00f3rmula 1, complet\u00f3 nueve de las 29 vueltas\" \/>\n\t<meta name=\"robots\" content=\"max-image-preview:large\" \/>\n\t<meta name=\"author\" content=\"El Digital de Asturias\"\/>\n\t<meta name=\"google-site-verification\" content=\"UA-38556648-1\" \/>\n\t<meta name=\"msvalidate.01\" content=\"7dfe9f3f1b24437ab69f4f2559babe99\" \/>\n\t<meta name=\"keywords\" content=\"deportes\" \/>\n\t<link rel=\"canonical\" href=\"https:\/\/www.eldigitaldeasturias.com\/noticias\/mick-schumacher-abandona-en-baku\/\" \/>\n\t<meta name=\"generator\" content=\"All in One SEO Pro (AIOSEO) 4.9.6.2\" \/>\n\t\t<meta property=\"og:locale\" content=\"es_ES\" \/>\n\t\t<meta property=\"og:site_name\" content=\"El Digital de Asturias\" \/>\n\t\t<meta property=\"og:type\" content=\"article\" \/>\n\t\t<meta property=\"og:title\" content=\"Mick Schumacher abandona en Bak\u00fa - El Digital de Asturias\" \/>\n\t\t<meta property=\"og:description\" content=\"Bak\u00fa (Azerbaiy\u00e1n), 27 abr (dpa) - El piloto alem\u00e1n Mick Schumacher se retir\u00f3 hoy de la carrera de F\u00f3rmula 2 en Bak\u00fa y qued\u00f3 sin puntuar por primera vez en lo que va de temporada. El hijo de Michael Schumacher, el siete veces campe\u00f3n del mundo de F\u00f3rmula 1, complet\u00f3 nueve de las 29 vueltas\" \/>\n\t\t<meta property=\"og:url\" content=\"https:\/\/www.eldigitaldeasturias.com\/noticias\/mick-schumacher-abandona-en-baku\/\" \/>\n\t\t<meta property=\"og:image\" content=\"https:\/\/www.eldigitaldeasturias.com\/noticias\/wp-content\/uploads\/2018\/07\/flag-1645262_960_720.jpg\" \/>\n\t\t<meta property=\"og:image:secure_url\" content=\"https:\/\/www.eldigitaldeasturias.com\/noticias\/wp-content\/uploads\/2018\/07\/flag-1645262_960_720.jpg\" \/>\n\t\t<meta property=\"og:image:width\" content=\"960\" \/>\n\t\t<meta property=\"og:image:height\" content=\"638\" \/>\n\t\t<meta property=\"article:tag\" content=\"deportes\" \/>\n\t\t<meta property=\"article:published_time\" content=\"2019-04-28T04:55:37+00:00\" \/>\n\t\t<meta property=\"article:modified_time\" content=\"2019-04-28T04:55:37+00:00\" \/>\n\t\t<meta property=\"article:publisher\" content=\"https:\/\/facebook.com\/eldigitaldeasturias\" \/>\n\t\t<meta name=\"twitter:card\" content=\"summary_large_image\" \/>\n\t\t<meta name=\"twitter:title\" content=\"Mick Schumacher abandona en Bak\u00fa - El Digital de Asturias\" \/>\n\t\t<meta name=\"twitter:description\" content=\"Bak\u00fa (Azerbaiy\u00e1n), 27 abr (dpa) - El piloto alem\u00e1n Mick Schumacher se retir\u00f3 hoy de la carrera de F\u00f3rmula 2 en Bak\u00fa y qued\u00f3 sin puntuar por primera vez en lo que va de temporada. El hijo de Michael Schumacher, el siete veces campe\u00f3n del mundo de F\u00f3rmula 1, complet\u00f3 nueve de las 29 vueltas\" \/>\n\t\t<meta name=\"twitter:image\" content=\"https:\/\/www.eldigitaldeasturias.com\/noticias\/wp-content\/uploads\/2018\/07\/flag-1645262_960_720.jpg\" \/>\n\t\t<meta name=\"twitter:label1\" content=\"Escrito por\" \/>\n\t\t<meta name=\"twitter:data1\" content=\"El Digital de Asturias\" \/>\n\t\t<meta name=\"twitter:label2\" content=\"Tiempo de lectura estimado\" \/>\n\t\t<meta name=\"twitter:data2\" content=\"1 minuto\" \/>\n\t\t<script type=\"application\/ld+json\" class=\"aioseo-schema\">\n\t\t\t{\"@context\":\"https:\\\/\\\/schema.org\",\"@graph\":[{\"@type\":\"BlogPosting\",\"@id\":\"https:\\\/\\\/www.eldigitaldeasturias.com\\\/noticias\\\/mick-schumacher-abandona-en-baku\\\/#blogposting\",\"name\":\"Mick Schumacher abandona en Bak\\u00fa - El Digital de Asturias\",\"headline\":\"Mick Schumacher abandona en Bak\\u00fa\",\"author\":{\"@id\":\"https:\\\/\\\/www.eldigitaldeasturias.com\\\/noticias\\\/author\\\/admin\\\/#author\"},\"publisher\":{\"@id\":\"https:\\\/\\\/www.eldigitaldeasturias.com\\\/noticias\\\/#organization\"},\"image\":{\"@type\":\"ImageObject\",\"url\":\"https:\\\/\\\/www.eldigitaldeasturias.com\\\/noticias\\\/wp-content\\\/uploads\\\/2018\\\/07\\\/flag-1645262_960_720.jpg\",\"width\":960,\"height\":638},\"datePublished\":\"2019-04-28T04:55:37+02:00\",\"dateModified\":\"2019-04-28T04:55:37+02:00\",\"inLanguage\":\"es-ES\",\"mainEntityOfPage\":{\"@id\":\"https:\\\/\\\/www.eldigitaldeasturias.com\\\/noticias\\\/mick-schumacher-abandona-en-baku\\\/#webpage\"},\"isPartOf\":{\"@id\":\"https:\\\/\\\/www.eldigitaldeasturias.com\\\/noticias\\\/mick-schumacher-abandona-en-baku\\\/#webpage\"},\"articleSection\":\"Deportes\"},{\"@type\":\"BreadcrumbList\",\"@id\":\"https:\\\/\\\/www.eldigitaldeasturias.com\\\/noticias\\\/mick-schumacher-abandona-en-baku\\\/#breadcrumblist\",\"itemListElement\":[{\"@type\":\"ListItem\",\"@id\":\"https:\\\/\\\/www.eldigitaldeasturias.com\\\/noticias#listItem\",\"position\":1,\"name\":\"Home\",\"item\":\"https:\\\/\\\/www.eldigitaldeasturias.com\\\/noticias\",\"nextItem\":{\"@type\":\"ListItem\",\"@id\":\"https:\\\/\\\/www.eldigitaldeasturias.com\\\/noticias\\\/category\\\/deportes\\\/#listItem\",\"name\":\"Deportes\"}},{\"@type\":\"ListItem\",\"@id\":\"https:\\\/\\\/www.eldigitaldeasturias.com\\\/noticias\\\/category\\\/deportes\\\/#listItem\",\"position\":2,\"name\":\"Deportes\",\"item\":\"https:\\\/\\\/www.eldigitaldeasturias.com\\\/noticias\\\/category\\\/deportes\\\/\",\"nextItem\":{\"@type\":\"ListItem\",\"@id\":\"https:\\\/\\\/www.eldigitaldeasturias.com\\\/noticias\\\/mick-schumacher-abandona-en-baku\\\/#listItem\",\"name\":\"Mick Schumacher abandona en Bak\\u00fa\"},\"previousItem\":{\"@type\":\"ListItem\",\"@id\":\"https:\\\/\\\/www.eldigitaldeasturias.com\\\/noticias#listItem\",\"name\":\"Home\"}},{\"@type\":\"ListItem\",\"@id\":\"https:\\\/\\\/www.eldigitaldeasturias.com\\\/noticias\\\/mick-schumacher-abandona-en-baku\\\/#listItem\",\"position\":3,\"name\":\"Mick Schumacher abandona en Bak\\u00fa\",\"previousItem\":{\"@type\":\"ListItem\",\"@id\":\"https:\\\/\\\/www.eldigitaldeasturias.com\\\/noticias\\\/category\\\/deportes\\\/#listItem\",\"name\":\"Deportes\"}}]},{\"@type\":\"Organization\",\"@id\":\"https:\\\/\\\/www.eldigitaldeasturias.com\\\/noticias\\\/#organization\",\"name\":\"El Digital de Asturias\",\"description\":\"Hemeroteca\",\"url\":\"https:\\\/\\\/www.eldigitaldeasturias.com\\\/noticias\\\/\",\"email\":\"info@eldigitaldeasturias.com\",\"telephone\":\"+34652131393\",\"logo\":{\"@type\":\"ImageObject\",\"url\":\"https:\\\/\\\/www.eldigitaldeasturias.com\\\/noticias\\\/wp-content\\\/uploads\\\/2020\\\/12\\\/EDA.jpg\",\"@id\":\"https:\\\/\\\/www.eldigitaldeasturias.com\\\/noticias\\\/mick-schumacher-abandona-en-baku\\\/#organizationLogo\",\"width\":649,\"height\":297},\"image\":{\"@id\":\"https:\\\/\\\/www.eldigitaldeasturias.com\\\/noticias\\\/mick-schumacher-abandona-en-baku\\\/#organizationLogo\"},\"sameAs\":[\"https:\\\/\\\/facebook.com\\\/eldigitaldeasturias\",\"https:\\\/\\\/www.youtube.com\\\/channel\\\/UCZP-2wLEB9Rv6erhFmqVnvg\"],\"address\":{\"@id\":\"https:\\\/\\\/www.eldigitaldeasturias.com\\\/noticias\\\/#postaladdress\",\"@type\":\"PostalAddress\",\"streetAddress\":\"san antonio 4,\",\"postalCode\":\"33430\",\"addressLocality\":\"Cand\\u00e1s\",\"addressRegion\":\"Asturias\",\"addressCountry\":\"ES\"}},{\"@type\":\"Person\",\"@id\":\"https:\\\/\\\/www.eldigitaldeasturias.com\\\/noticias\\\/author\\\/admin\\\/#author\",\"url\":\"https:\\\/\\\/www.eldigitaldeasturias.com\\\/noticias\\\/author\\\/admin\\\/\",\"name\":\"El Digital de Asturias\",\"image\":{\"@type\":\"ImageObject\",\"@id\":\"https:\\\/\\\/www.eldigitaldeasturias.com\\\/noticias\\\/mick-schumacher-abandona-en-baku\\\/#authorImage\",\"url\":\"https:\\\/\\\/www.eldigitaldeasturias.com\\\/noticias\\\/wp-content\\\/litespeed\\\/avatar\\\/18677e78aa0546b92d9dbf31ec7d7668.jpg?ver=1777290358\",\"width\":96,\"height\":96,\"caption\":\"El Digital de Asturias\"}},{\"@type\":\"WebPage\",\"@id\":\"https:\\\/\\\/www.eldigitaldeasturias.com\\\/noticias\\\/mick-schumacher-abandona-en-baku\\\/#webpage\",\"url\":\"https:\\\/\\\/www.eldigitaldeasturias.com\\\/noticias\\\/mick-schumacher-abandona-en-baku\\\/\",\"name\":\"Mick Schumacher abandona en Bak\\u00fa - El Digital de Asturias\",\"description\":\"Bak\\u00fa (Azerbaiy\\u00e1n), 27 abr (dpa) - El piloto alem\\u00e1n Mick Schumacher se retir\\u00f3 hoy de la carrera de F\\u00f3rmula 2 en Bak\\u00fa y qued\\u00f3 sin puntuar por primera vez en lo que va de temporada. El hijo de Michael Schumacher, el siete veces campe\\u00f3n del mundo de F\\u00f3rmula 1, complet\\u00f3 nueve de las 29 vueltas\",\"inLanguage\":\"es-ES\",\"isPartOf\":{\"@id\":\"https:\\\/\\\/www.eldigitaldeasturias.com\\\/noticias\\\/#website\"},\"breadcrumb\":{\"@id\":\"https:\\\/\\\/www.eldigitaldeasturias.com\\\/noticias\\\/mick-schumacher-abandona-en-baku\\\/#breadcrumblist\"},\"author\":{\"@id\":\"https:\\\/\\\/www.eldigitaldeasturias.com\\\/noticias\\\/author\\\/admin\\\/#author\"},\"creator\":{\"@id\":\"https:\\\/\\\/www.eldigitaldeasturias.com\\\/noticias\\\/author\\\/admin\\\/#author\"},\"image\":{\"@type\":\"ImageObject\",\"url\":\"https:\\\/\\\/www.eldigitaldeasturias.com\\\/noticias\\\/wp-content\\\/uploads\\\/2018\\\/07\\\/flag-1645262_960_720.jpg\",\"@id\":\"https:\\\/\\\/www.eldigitaldeasturias.com\\\/noticias\\\/mick-schumacher-abandona-en-baku\\\/#mainImage\",\"width\":960,\"height\":638},\"primaryImageOfPage\":{\"@id\":\"https:\\\/\\\/www.eldigitaldeasturias.com\\\/noticias\\\/mick-schumacher-abandona-en-baku\\\/#mainImage\"},\"datePublished\":\"2019-04-28T04:55:37+02:00\",\"dateModified\":\"2019-04-28T04:55:37+02:00\"},{\"@type\":\"WebSite\",\"@id\":\"https:\\\/\\\/www.eldigitaldeasturias.com\\\/noticias\\\/#website\",\"url\":\"https:\\\/\\\/www.eldigitaldeasturias.com\\\/noticias\\\/\",\"name\":\"El Digital de Asturias - Diario de actualidad y noticias\",\"alternateName\":\"El Digital de Asturias - Diario de actualidad y noticias\",\"description\":\"Hemeroteca\",\"inLanguage\":\"es-ES\",\"publisher\":{\"@id\":\"https:\\\/\\\/www.eldigitaldeasturias.com\\\/noticias\\\/#organization\"}}]}\n\t\t<\/script>\n\t\t<!-- All in One SEO Pro -->\r\n\t\t<title>Mick Schumacher abandona en Bak\u00fa - El Digital de Asturias<\/title>\n\n","aioseo_head_json":{"title":"Mick Schumacher abandona en Bak\u00fa - El Digital de Asturias","description":"Bak\u00fa (Azerbaiy\u00e1n), 27 abr (dpa) - El piloto alem\u00e1n Mick Schumacher se retir\u00f3 hoy de la carrera de F\u00f3rmula 2 en Bak\u00fa y qued\u00f3 sin puntuar por primera vez en lo que va de temporada. El hijo de Michael Schumacher, el siete veces campe\u00f3n del mundo de F\u00f3rmula 1, complet\u00f3 nueve de las 29 vueltas","canonical_url":"https:\/\/www.eldigitaldeasturias.com\/noticias\/mick-schumacher-abandona-en-baku\/","robots":"max-image-preview:large","keywords":"deportes","webmasterTools":{"google-site-verification":"UA-38556648-1","msvalidate.01":"7dfe9f3f1b24437ab69f4f2559babe99","miscellaneous":""},"schema":{"@context":"https:\/\/schema.org","@graph":[{"@type":"BlogPosting","@id":"https:\/\/www.eldigitaldeasturias.com\/noticias\/mick-schumacher-abandona-en-baku\/#blogposting","name":"Mick Schumacher abandona en Bak\u00fa - El Digital de Asturias","headline":"Mick Schumacher abandona en Bak\u00fa","author":{"@id":"https:\/\/www.eldigitaldeasturias.com\/noticias\/author\/admin\/#author"},"publisher":{"@id":"https:\/\/www.eldigitaldeasturias.com\/noticias\/#organization"},"image":{"@type":"ImageObject","url":"https:\/\/www.eldigitaldeasturias.com\/noticias\/wp-content\/uploads\/2018\/07\/flag-1645262_960_720.jpg","width":960,"height":638},"datePublished":"2019-04-28T04:55:37+02:00","dateModified":"2019-04-28T04:55:37+02:00","inLanguage":"es-ES","mainEntityOfPage":{"@id":"https:\/\/www.eldigitaldeasturias.com\/noticias\/mick-schumacher-abandona-en-baku\/#webpage"},"isPartOf":{"@id":"https:\/\/www.eldigitaldeasturias.com\/noticias\/mick-schumacher-abandona-en-baku\/#webpage"},"articleSection":"Deportes"},{"@type":"BreadcrumbList","@id":"https:\/\/www.eldigitaldeasturias.com\/noticias\/mick-schumacher-abandona-en-baku\/#breadcrumblist","itemListElement":[{"@type":"ListItem","@id":"https:\/\/www.eldigitaldeasturias.com\/noticias#listItem","position":1,"name":"Home","item":"https:\/\/www.eldigitaldeasturias.com\/noticias","nextItem":{"@type":"ListItem","@id":"https:\/\/www.eldigitaldeasturias.com\/noticias\/category\/deportes\/#listItem","name":"Deportes"}},{"@type":"ListItem","@id":"https:\/\/www.eldigitaldeasturias.com\/noticias\/category\/deportes\/#listItem","position":2,"name":"Deportes","item":"https:\/\/www.eldigitaldeasturias.com\/noticias\/category\/deportes\/","nextItem":{"@type":"ListItem","@id":"https:\/\/www.eldigitaldeasturias.com\/noticias\/mick-schumacher-abandona-en-baku\/#listItem","name":"Mick Schumacher abandona en Bak\u00fa"},"previousItem":{"@type":"ListItem","@id":"https:\/\/www.eldigitaldeasturias.com\/noticias#listItem","name":"Home"}},{"@type":"ListItem","@id":"https:\/\/www.eldigitaldeasturias.com\/noticias\/mick-schumacher-abandona-en-baku\/#listItem","position":3,"name":"Mick Schumacher abandona en Bak\u00fa","previousItem":{"@type":"ListItem","@id":"https:\/\/www.eldigitaldeasturias.com\/noticias\/category\/deportes\/#listItem","name":"Deportes"}}]},{"@type":"Organization","@id":"https:\/\/www.eldigitaldeasturias.com\/noticias\/#organization","name":"El Digital de Asturias","description":"Hemeroteca","url":"https:\/\/www.eldigitaldeasturias.com\/noticias\/","email":"info@eldigitaldeasturias.com","telephone":"+34652131393","logo":{"@type":"ImageObject","url":"https:\/\/www.eldigitaldeasturias.com\/noticias\/wp-content\/uploads\/2020\/12\/EDA.jpg","@id":"https:\/\/www.eldigitaldeasturias.com\/noticias\/mick-schumacher-abandona-en-baku\/#organizationLogo","width":649,"height":297},"image":{"@id":"https:\/\/www.eldigitaldeasturias.com\/noticias\/mick-schumacher-abandona-en-baku\/#organizationLogo"},"sameAs":["https:\/\/facebook.com\/eldigitaldeasturias","https:\/\/www.youtube.com\/channel\/UCZP-2wLEB9Rv6erhFmqVnvg"],"address":{"@id":"https:\/\/www.eldigitaldeasturias.com\/noticias\/#postaladdress","@type":"PostalAddress","streetAddress":"san antonio 4,","postalCode":"33430","addressLocality":"Cand\u00e1s","addressRegion":"Asturias","addressCountry":"ES"}},{"@type":"Person","@id":"https:\/\/www.eldigitaldeasturias.com\/noticias\/author\/admin\/#author","url":"https:\/\/www.eldigitaldeasturias.com\/noticias\/author\/admin\/","name":"El Digital de Asturias","image":{"@type":"ImageObject","@id":"https:\/\/www.eldigitaldeasturias.com\/noticias\/mick-schumacher-abandona-en-baku\/#authorImage","url":"https:\/\/www.eldigitaldeasturias.com\/noticias\/wp-content\/litespeed\/avatar\/18677e78aa0546b92d9dbf31ec7d7668.jpg?ver=1777290358","width":96,"height":96,"caption":"El Digital de Asturias"}},{"@type":"WebPage","@id":"https:\/\/www.eldigitaldeasturias.com\/noticias\/mick-schumacher-abandona-en-baku\/#webpage","url":"https:\/\/www.eldigitaldeasturias.com\/noticias\/mick-schumacher-abandona-en-baku\/","name":"Mick Schumacher abandona en Bak\u00fa - El Digital de Asturias","description":"Bak\u00fa (Azerbaiy\u00e1n), 27 abr (dpa) - El piloto alem\u00e1n Mick Schumacher se retir\u00f3 hoy de la carrera de F\u00f3rmula 2 en Bak\u00fa y qued\u00f3 sin puntuar por primera vez en lo que va de temporada. El hijo de Michael Schumacher, el siete veces campe\u00f3n del mundo de F\u00f3rmula 1, complet\u00f3 nueve de las 29 vueltas","inLanguage":"es-ES","isPartOf":{"@id":"https:\/\/www.eldigitaldeasturias.com\/noticias\/#website"},"breadcrumb":{"@id":"https:\/\/www.eldigitaldeasturias.com\/noticias\/mick-schumacher-abandona-en-baku\/#breadcrumblist"},"author":{"@id":"https:\/\/www.eldigitaldeasturias.com\/noticias\/author\/admin\/#author"},"creator":{"@id":"https:\/\/www.eldigitaldeasturias.com\/noticias\/author\/admin\/#author"},"image":{"@type":"ImageObject","url":"https:\/\/www.eldigitaldeasturias.com\/noticias\/wp-content\/uploads\/2018\/07\/flag-1645262_960_720.jpg","@id":"https:\/\/www.eldigitaldeasturias.com\/noticias\/mick-schumacher-abandona-en-baku\/#mainImage","width":960,"height":638},"primaryImageOfPage":{"@id":"https:\/\/www.eldigitaldeasturias.com\/noticias\/mick-schumacher-abandona-en-baku\/#mainImage"},"datePublished":"2019-04-28T04:55:37+02:00","dateModified":"2019-04-28T04:55:37+02:00"},{"@type":"WebSite","@id":"https:\/\/www.eldigitaldeasturias.com\/noticias\/#website","url":"https:\/\/www.eldigitaldeasturias.com\/noticias\/","name":"El Digital de Asturias - Diario de actualidad y noticias","alternateName":"El Digital de Asturias - Diario de actualidad y noticias","description":"Hemeroteca","inLanguage":"es-ES","publisher":{"@id":"https:\/\/www.eldigitaldeasturias.com\/noticias\/#organization"}}]},"og:locale":"es_ES","og:site_name":"El Digital de Asturias","og:type":"article","og:title":"Mick Schumacher abandona en Bak\u00fa - El Digital de Asturias","og:description":"Bak\u00fa (Azerbaiy\u00e1n), 27 abr (dpa) - El piloto alem\u00e1n Mick Schumacher se retir\u00f3 hoy de la carrera de F\u00f3rmula 2 en Bak\u00fa y qued\u00f3 sin puntuar por primera vez en lo que va de temporada. El hijo de Michael Schumacher, el siete veces campe\u00f3n del mundo de F\u00f3rmula 1, complet\u00f3 nueve de las 29 vueltas","og:url":"https:\/\/www.eldigitaldeasturias.com\/noticias\/mick-schumacher-abandona-en-baku\/","og:image":"https:\/\/www.eldigitaldeasturias.com\/noticias\/wp-content\/uploads\/2018\/07\/flag-1645262_960_720.jpg","og:image:secure_url":"https:\/\/www.eldigitaldeasturias.com\/noticias\/wp-content\/uploads\/2018\/07\/flag-1645262_960_720.jpg","og:image:width":960,"og:image:height":638,"article:tag":["deportes"],"article:published_time":"2019-04-28T04:55:37+00:00","article:modified_time":"2019-04-28T04:55:37+00:00","article:publisher":"https:\/\/facebook.com\/eldigitaldeasturias","twitter:card":"summary_large_image","twitter:title":"Mick Schumacher abandona en Bak\u00fa - El Digital de Asturias","twitter:description":"Bak\u00fa (Azerbaiy\u00e1n), 27 abr (dpa) - El piloto alem\u00e1n Mick Schumacher se retir\u00f3 hoy de la carrera de F\u00f3rmula 2 en Bak\u00fa y qued\u00f3 sin puntuar por primera vez en lo que va de temporada. El hijo de Michael Schumacher, el siete veces campe\u00f3n del mundo de F\u00f3rmula 1, complet\u00f3 nueve de las 29 vueltas","twitter:image":"https:\/\/www.eldigitaldeasturias.com\/noticias\/wp-content\/uploads\/2018\/07\/flag-1645262_960_720.jpg","twitter:label1":"Escrito por","twitter:data1":"El Digital de Asturias","twitter:label2":"Tiempo de lectura estimado","twitter:data2":"1 minuto"},"aioseo_meta_data":{"post_id":"1025461","title":null,"description":null,"keywords":null,"keyphrases":null,"primary_term":null,"canonical_url":null,"og_title":null,"og_description":null,"og_object_type":"default","og_image_type":"default","og_image_url":null,"og_image_width":null,"og_image_height":null,"og_image_custom_url":null,"og_image_custom_fields":null,"og_video":null,"og_custom_url":null,"og_article_section":null,"og_article_tags":null,"twitter_use_og":false,"twitter_card":"default","twitter_image_type":"default","twitter_image_url":null,"twitter_image_custom_url":null,"twitter_image_custom_fields":null,"twitter_title":null,"twitter_description":null,"schema":{"blockGraphs":[],"customGraphs":[],"default":{"data":{"Article":[],"Course":[],"Dataset":[],"FAQPage":[],"Movie":[],"Person":[],"Product":[],"ProductReview":[],"Car":[],"Recipe":[],"Service":[],"SoftwareApplication":[],"WebPage":[]},"graphName":"","isEnabled":true},"graphs":[],"defaultGraph":"","defaultPostTypeGraph":""},"schema_type":null,"schema_type_options":null,"pillar_content":false,"robots_default":true,"robots_noindex":false,"robots_noarchive":false,"robots_nosnippet":false,"robots_nofollow":false,"robots_noimageindex":false,"robots_noodp":false,"robots_notranslate":false,"robots_max_snippet":null,"robots_max_videopreview":null,"robots_max_imagepreview":"large","priority":null,"frequency":null,"local_seo":null,"seo_analyzer_scan_date":"2025-10-17 22:44:14","breadcrumb_settings":null,"limit_modified_date":false,"open_ai":null,"ai":null,"created":"2020-12-21 11:14:32","updated":"2025-10-17 22:44:14"},"aioseo_breadcrumb":"<div class=\"aioseo-breadcrumbs\"><span class=\"aioseo-breadcrumb\">\n\t<a href=\"https:\/\/www.eldigitaldeasturias.com\/noticias\" title=\"Home\">Home<\/a>\n<\/span><span class=\"aioseo-breadcrumb-separator\">\u2013<\/span><span class=\"aioseo-breadcrumb\">\n\t<a href=\"https:\/\/www.eldigitaldeasturias.com\/noticias\/category\/deportes\/\" title=\"Deportes\">Deportes<\/a>\n<\/span><span class=\"aioseo-breadcrumb-separator\">\u2013<\/span><span class=\"aioseo-breadcrumb\">\n\t<a href=\"https:\/\/www.eldigitaldeasturias.com\/noticias\/mick-schumacher-abandona-en-baku\/\" title=\"Mick Schumacher abandona en Bak\u00fa\">Mick Schumacher abandona en Bak\u00fa<\/a>\n<\/span><\/div>","aioseo_breadcrumb_json":[{"label":"Home","link":"https:\/\/www.eldigitaldeasturias.com\/noticias"},{"label":"Deportes","link":"https:\/\/www.eldigitaldeasturias.com\/noticias\/category\/deportes\/"},{"label":"Mick Schumacher abandona en Bak\u00fa","link":"https:\/\/www.eldigitaldeasturias.com\/noticias\/mick-schumacher-abandona-en-baku\/"}],"_links":{"self":[{"href":"https:\/\/www.eldigitaldeasturias.com\/noticias\/wp-json\/wp\/v2\/posts\/1025461","targetHints":{"allow":["GET"]}}],"collection":[{"href":"https:\/\/www.eldigitaldeasturias.com\/noticias\/wp-json\/wp\/v2\/posts"}],"about":[{"href":"https:\/\/www.eldigitaldeasturias.com\/noticias\/wp-json\/wp\/v2\/types\/post"}],"author":[{"embeddable":true,"href":"https:\/\/www.eldigitaldeasturias.com\/noticias\/wp-json\/wp\/v2\/users\/1"}],"replies":[{"embeddable":true,"href":"https:\/\/www.eldigitaldeasturias.com\/noticias\/wp-json\/wp\/v2\/comments?post=1025461"}],"version-history":[{"count":0,"href":"https:\/\/www.eldigitaldeasturias.com\/noticias\/wp-json\/wp\/v2\/posts\/1025461\/revisions"}],"wp:featuredmedia":[{"embeddable":true,"href":"https:\/\/www.eldigitaldeasturias.com\/noticias\/wp-json\/wp\/v2\/media\/991450"}],"wp:attachment":[{"href":"https:\/\/www.eldigitaldeasturias.com\/noticias\/wp-json\/wp\/v2\/media?parent=1025461"}],"wp:term":[{"taxonomy":"category","embeddable":true,"href":"https:\/\/www.eldigitaldeasturias.com\/noticias\/wp-json\/wp\/v2\/categories?post=1025461"},{"taxonomy":"post_tag","embeddable":true,"href":"https:\/\/www.eldigitaldeasturias.com\/noticias\/wp-json\/wp\/v2\/tags?post=1025461"}],"curies":[{"name":"wp","href":"https:\/\/api.w.org\/{rel}","templated":true}]}}