{"id":1025377,"date":"2019-04-27T21:09:35","date_gmt":"2019-04-27T21:09:35","guid":{"rendered":"https:\/\/www.eldigitaldeasturias.com\/noticias\/?p=1025377"},"modified":"2019-04-27T21:09:35","modified_gmt":"2019-04-27T21:09:35","slug":"altmaier-ve-progresos-en-las-relaciones-economicas-con-china","status":"publish","type":"post","link":"https:\/\/www.eldigitaldeasturias.com\/noticias\/altmaier-ve-progresos-en-las-relaciones-economicas-con-china\/","title":{"rendered":"Altmaier ve progresos en las relaciones econ\u00f3micas con China"},"content":{"rendered":"<p><img loading=\"lazy\" decoding=\"async\" class=\"alignleft size-medium wp-image-985341\" src=\"https:\/\/www.eldigitaldeasturias.com\/noticias\/wp-content\/uploads\/2018\/06\/berlin-76509_960_720-360x270.jpg\" alt=\"\" width=\"360\" height=\"270\" srcset=\"https:\/\/www.eldigitaldeasturias.com\/noticias\/wp-content\/uploads\/2018\/06\/berlin-76509_960_720-360x270.jpg 360w, https:\/\/www.eldigitaldeasturias.com\/noticias\/wp-content\/uploads\/2018\/06\/berlin-76509_960_720-400x300.jpg 400w, https:\/\/www.eldigitaldeasturias.com\/noticias\/wp-content\/uploads\/2018\/06\/berlin-76509_960_720-768x576.jpg 768w, https:\/\/www.eldigitaldeasturias.com\/noticias\/wp-content\/uploads\/2018\/06\/berlin-76509_960_720-640x480.jpg 640w, https:\/\/www.eldigitaldeasturias.com\/noticias\/wp-content\/uploads\/2018\/06\/berlin-76509_960_720.jpg 960w, https:\/\/www.eldigitaldeasturias.com\/noticias\/wp-content\/uploads\/2018\/06\/berlin-76509_960_720-20x15.jpg 20w\" sizes=\"auto, (max-width: 360px) 100vw, 360px\" \/>Pek\u00edn, 26 abr (dpa) \u2013 El ministro alem\u00e1n de Econom\u00eda, Peter Altmaier, aplaudi\u00f3 hoy durante la cumbre sobre la \u00abNueva Ruta de la Seda\u00bb en Pek\u00edn los anuncios del presidente chino, Xi Jinping, sobre una mayor apertura en la pol\u00edtica econ\u00f3mica.<\/p>\n<p>No obstante, el pol\u00edtico germano dej\u00f3 claro que ahora China tiene la obligaci\u00f3n de llevar a cabo reformas.<\/p>\n<p>\u00abPara m\u00ed es decisivo que el presidente Xi haya manifestado hoy de forma muy clara e inequ\u00edvoca un compromiso con el libre comercio mundial, el multilateralismo y la sostenibilidad\u00bb, dijo Altmaier. \u00abTomaremos en serio esta promesa\u00bb, agreg\u00f3. Alemania presentar\u00e1 propuestas para la realizaci\u00f3n, se\u00f1al\u00f3 el ministro.<\/p>\n<p>En vista de la cr\u00edtica internacional por la iniciativa china de crear una \u00abNueva Ruta de la Seda\u00bb, Xi Jinping prometi\u00f3 una mayor apertura.<\/p>\n<p>Al comienzo de la cumbre sobre los planes de infraestructura mundial, asegur\u00f3 tambi\u00e9n una mayor cooperaci\u00f3n, protecci\u00f3n del medio ambiente y lucha contra la corrupci\u00f3n. La iniciativa ser\u00e1 \u00ababierta, verde y limpia\u00bb, prometi\u00f3 el jefe de Estado chino y l\u00edder del partido comunista.<\/p>\n<p>Altmaier calific\u00f3 las declaraciones de \u00abmuy alentadoras\u00bb. Si se consigue implementar las propuestas paso a paso, existe la posibilidad de crear un marco estable para un mayor desarrollo de la econom\u00eda mundial con oportunidades de crecimiento, sostuvo.<\/p>\n<p>El objetivo debe ser un comercio mundial libre y abierto, basado en condiciones de competencia equitativas y en el compromiso con la protecci\u00f3n del clima y los derechos humanos, se\u00f1al\u00f3.<\/p>\n<p>Altmaier indic\u00f3 que, hasta ahora, la protecci\u00f3n de la propiedad intelectual no est\u00e1 suficientemente garantizada en China. El Gobierno de Pek\u00edn tambi\u00e9n ha prometido reducir gradualmente la obligaci\u00f3n que rige sobre las empresas extranjeras a participar en empresas conjuntas, a\u00f1adi\u00f3.<\/p>\n<p>China es tanto un pa\u00eds socio como competidor, record\u00f3 el ministro germano. Ante la creciente competencia de las empresas chinas, la Uni\u00f3n Europea (UE) debe desarrollar una estrategia industrial propia, afirm\u00f3.<\/p>\n<p>Alemania, al igual que la mayor\u00eda de los mayores pa\u00edses de la UE, mantiene una actitud cr\u00edtica frente a la iniciativa china de crear una \u00abNueva Ruta de la Seda\u00bb porque China no respeta los est\u00e1ndares y porque sobre todo las empresas chinas se ver\u00edan favorecidas por las nuevas rutas de transporte entre Asia y Europa, acot\u00f3.<\/p>\n<p>Altmaier critic\u00f3 las incursiones en solitario como la de Italia, que se hab\u00eda sumado a la iniciativa. \u00abCreemos que solo juntos podemos poner en pr\u00e1ctica nuestras posiciones\u00bb, matiz\u00f3.<\/p>\n","protected":false},"excerpt":{"rendered":"<p>Pek\u00edn, 26 abr (dpa) \u2013 El ministro alem\u00e1n de Econom\u00eda, Peter Altmaier, aplaudi\u00f3 hoy durante la cumbre sobre la \u00abNueva Ruta de la Seda\u00bb en Pek\u00edn los anuncios del presidente chino, Xi Jinping, sobre una mayor apertura en la pol\u00edtica econ\u00f3mica. No obstante, el pol\u00edtico germano dej\u00f3 claro que ahora China tiene la obligaci\u00f3n de [&hellip;]<\/p>\n","protected":false},"author":1,"featured_media":985341,"comment_status":"closed","ping_status":"closed","sticky":false,"template":"","format":"standard","meta":{"footnotes":""},"categories":[187],"tags":[],"class_list":["post-1025377","post","type-post","status-publish","format-standard","has-post-thumbnail","hentry","category-economia"],"aioseo_notices":[],"aioseo_head":"\n\t\t<!-- All in One SEO Pro 4.9.6.2 - aioseo.com -->\n\t<meta name=\"description\" content=\"Pek\u00edn, 26 abr (dpa) \u2013 El ministro alem\u00e1n de Econom\u00eda, Peter Altmaier, aplaudi\u00f3 hoy durante la cumbre sobre la &quot;Nueva Ruta de la Seda&quot; en Pek\u00edn los anuncios del presidente chino, Xi Jinping, sobre una mayor apertura en la pol\u00edtica econ\u00f3mica. No obstante, el pol\u00edtico germano dej\u00f3 claro que ahora China tiene la obligaci\u00f3n de\" \/>\n\t<meta name=\"robots\" content=\"max-image-preview:large\" \/>\n\t<meta name=\"author\" content=\"El Digital de Asturias\"\/>\n\t<meta name=\"google-site-verification\" content=\"UA-38556648-1\" \/>\n\t<meta name=\"msvalidate.01\" content=\"7dfe9f3f1b24437ab69f4f2559babe99\" \/>\n\t<meta name=\"keywords\" content=\"econom\u00eda\" \/>\n\t<link rel=\"canonical\" href=\"https:\/\/www.eldigitaldeasturias.com\/noticias\/altmaier-ve-progresos-en-las-relaciones-economicas-con-china\/\" \/>\n\t<meta name=\"generator\" content=\"All in One SEO Pro (AIOSEO) 4.9.6.2\" \/>\n\t\t<meta property=\"og:locale\" content=\"es_ES\" \/>\n\t\t<meta property=\"og:site_name\" content=\"El Digital de Asturias\" \/>\n\t\t<meta property=\"og:type\" content=\"article\" \/>\n\t\t<meta property=\"og:title\" content=\"Altmaier ve progresos en las relaciones econ\u00f3micas con China - El Digital de Asturias\" \/>\n\t\t<meta property=\"og:description\" content=\"Pek\u00edn, 26 abr (dpa) \u2013 El ministro alem\u00e1n de Econom\u00eda, Peter Altmaier, aplaudi\u00f3 hoy durante la cumbre sobre la &quot;Nueva Ruta de la Seda&quot; en Pek\u00edn los anuncios del presidente chino, Xi Jinping, sobre una mayor apertura en la pol\u00edtica econ\u00f3mica. No obstante, el pol\u00edtico germano dej\u00f3 claro que ahora China tiene la obligaci\u00f3n de\" \/>\n\t\t<meta property=\"og:url\" content=\"https:\/\/www.eldigitaldeasturias.com\/noticias\/altmaier-ve-progresos-en-las-relaciones-economicas-con-china\/\" \/>\n\t\t<meta property=\"og:image\" content=\"https:\/\/www.eldigitaldeasturias.com\/noticias\/wp-content\/uploads\/2018\/06\/berlin-76509_960_720.jpg\" \/>\n\t\t<meta property=\"og:image:secure_url\" content=\"https:\/\/www.eldigitaldeasturias.com\/noticias\/wp-content\/uploads\/2018\/06\/berlin-76509_960_720.jpg\" \/>\n\t\t<meta property=\"og:image:width\" content=\"960\" \/>\n\t\t<meta property=\"og:image:height\" content=\"720\" \/>\n\t\t<meta property=\"article:tag\" content=\"econom\u00eda\" \/>\n\t\t<meta property=\"article:published_time\" content=\"2019-04-27T21:09:35+00:00\" \/>\n\t\t<meta property=\"article:modified_time\" content=\"2019-04-27T21:09:35+00:00\" \/>\n\t\t<meta property=\"article:publisher\" content=\"https:\/\/facebook.com\/eldigitaldeasturias\" \/>\n\t\t<meta name=\"twitter:card\" content=\"summary_large_image\" \/>\n\t\t<meta name=\"twitter:title\" content=\"Altmaier ve progresos en las relaciones econ\u00f3micas con China - El Digital de Asturias\" \/>\n\t\t<meta name=\"twitter:description\" content=\"Pek\u00edn, 26 abr (dpa) \u2013 El ministro alem\u00e1n de Econom\u00eda, Peter Altmaier, aplaudi\u00f3 hoy durante la cumbre sobre la &quot;Nueva Ruta de la Seda&quot; en Pek\u00edn los anuncios del presidente chino, Xi Jinping, sobre una mayor apertura en la pol\u00edtica econ\u00f3mica. No obstante, el pol\u00edtico germano dej\u00f3 claro que ahora China tiene la obligaci\u00f3n de\" \/>\n\t\t<meta name=\"twitter:image\" content=\"https:\/\/www.eldigitaldeasturias.com\/noticias\/wp-content\/uploads\/2018\/06\/berlin-76509_960_720.jpg\" \/>\n\t\t<meta name=\"twitter:label1\" content=\"Escrito por\" \/>\n\t\t<meta name=\"twitter:data1\" content=\"El Digital de Asturias\" \/>\n\t\t<meta name=\"twitter:label2\" content=\"Tiempo de lectura estimado\" \/>\n\t\t<meta name=\"twitter:data2\" content=\"2 minutos\" \/>\n\t\t<script type=\"application\/ld+json\" class=\"aioseo-schema\">\n\t\t\t{\"@context\":\"https:\\\/\\\/schema.org\",\"@graph\":[{\"@type\":\"BlogPosting\",\"@id\":\"https:\\\/\\\/www.eldigitaldeasturias.com\\\/noticias\\\/altmaier-ve-progresos-en-las-relaciones-economicas-con-china\\\/#blogposting\",\"name\":\"Altmaier ve progresos en las relaciones econ\\u00f3micas con China - El Digital de Asturias\",\"headline\":\"Altmaier ve progresos en las relaciones econ\\u00f3micas con China\",\"author\":{\"@id\":\"https:\\\/\\\/www.eldigitaldeasturias.com\\\/noticias\\\/author\\\/admin\\\/#author\"},\"publisher\":{\"@id\":\"https:\\\/\\\/www.eldigitaldeasturias.com\\\/noticias\\\/#organization\"},\"image\":{\"@type\":\"ImageObject\",\"url\":\"https:\\\/\\\/www.eldigitaldeasturias.com\\\/noticias\\\/wp-content\\\/uploads\\\/2018\\\/06\\\/berlin-76509_960_720.jpg\",\"width\":960,\"height\":720},\"datePublished\":\"2019-04-27T21:09:35+02:00\",\"dateModified\":\"2019-04-27T21:09:35+02:00\",\"inLanguage\":\"es-ES\",\"mainEntityOfPage\":{\"@id\":\"https:\\\/\\\/www.eldigitaldeasturias.com\\\/noticias\\\/altmaier-ve-progresos-en-las-relaciones-economicas-con-china\\\/#webpage\"},\"isPartOf\":{\"@id\":\"https:\\\/\\\/www.eldigitaldeasturias.com\\\/noticias\\\/altmaier-ve-progresos-en-las-relaciones-economicas-con-china\\\/#webpage\"},\"articleSection\":\"Econom\\u00eda\"},{\"@type\":\"BreadcrumbList\",\"@id\":\"https:\\\/\\\/www.eldigitaldeasturias.com\\\/noticias\\\/altmaier-ve-progresos-en-las-relaciones-economicas-con-china\\\/#breadcrumblist\",\"itemListElement\":[{\"@type\":\"ListItem\",\"@id\":\"https:\\\/\\\/www.eldigitaldeasturias.com\\\/noticias#listItem\",\"position\":1,\"name\":\"Home\",\"item\":\"https:\\\/\\\/www.eldigitaldeasturias.com\\\/noticias\",\"nextItem\":{\"@type\":\"ListItem\",\"@id\":\"https:\\\/\\\/www.eldigitaldeasturias.com\\\/noticias\\\/category\\\/economia\\\/#listItem\",\"name\":\"Econom\\u00eda\"}},{\"@type\":\"ListItem\",\"@id\":\"https:\\\/\\\/www.eldigitaldeasturias.com\\\/noticias\\\/category\\\/economia\\\/#listItem\",\"position\":2,\"name\":\"Econom\\u00eda\",\"item\":\"https:\\\/\\\/www.eldigitaldeasturias.com\\\/noticias\\\/category\\\/economia\\\/\",\"nextItem\":{\"@type\":\"ListItem\",\"@id\":\"https:\\\/\\\/www.eldigitaldeasturias.com\\\/noticias\\\/altmaier-ve-progresos-en-las-relaciones-economicas-con-china\\\/#listItem\",\"name\":\"Altmaier ve progresos en las relaciones econ\\u00f3micas con China\"},\"previousItem\":{\"@type\":\"ListItem\",\"@id\":\"https:\\\/\\\/www.eldigitaldeasturias.com\\\/noticias#listItem\",\"name\":\"Home\"}},{\"@type\":\"ListItem\",\"@id\":\"https:\\\/\\\/www.eldigitaldeasturias.com\\\/noticias\\\/altmaier-ve-progresos-en-las-relaciones-economicas-con-china\\\/#listItem\",\"position\":3,\"name\":\"Altmaier ve progresos en las relaciones econ\\u00f3micas con China\",\"previousItem\":{\"@type\":\"ListItem\",\"@id\":\"https:\\\/\\\/www.eldigitaldeasturias.com\\\/noticias\\\/category\\\/economia\\\/#listItem\",\"name\":\"Econom\\u00eda\"}}]},{\"@type\":\"Organization\",\"@id\":\"https:\\\/\\\/www.eldigitaldeasturias.com\\\/noticias\\\/#organization\",\"name\":\"El Digital de Asturias\",\"description\":\"Hemeroteca\",\"url\":\"https:\\\/\\\/www.eldigitaldeasturias.com\\\/noticias\\\/\",\"email\":\"info@eldigitaldeasturias.com\",\"telephone\":\"+34652131393\",\"logo\":{\"@type\":\"ImageObject\",\"url\":\"https:\\\/\\\/www.eldigitaldeasturias.com\\\/noticias\\\/wp-content\\\/uploads\\\/2020\\\/12\\\/EDA.jpg\",\"@id\":\"https:\\\/\\\/www.eldigitaldeasturias.com\\\/noticias\\\/altmaier-ve-progresos-en-las-relaciones-economicas-con-china\\\/#organizationLogo\",\"width\":649,\"height\":297},\"image\":{\"@id\":\"https:\\\/\\\/www.eldigitaldeasturias.com\\\/noticias\\\/altmaier-ve-progresos-en-las-relaciones-economicas-con-china\\\/#organizationLogo\"},\"sameAs\":[\"https:\\\/\\\/facebook.com\\\/eldigitaldeasturias\",\"https:\\\/\\\/www.youtube.com\\\/channel\\\/UCZP-2wLEB9Rv6erhFmqVnvg\"],\"address\":{\"@id\":\"https:\\\/\\\/www.eldigitaldeasturias.com\\\/noticias\\\/#postaladdress\",\"@type\":\"PostalAddress\",\"streetAddress\":\"san antonio 4,\",\"postalCode\":\"33430\",\"addressLocality\":\"Cand\\u00e1s\",\"addressRegion\":\"Asturias\",\"addressCountry\":\"ES\"}},{\"@type\":\"Person\",\"@id\":\"https:\\\/\\\/www.eldigitaldeasturias.com\\\/noticias\\\/author\\\/admin\\\/#author\",\"url\":\"https:\\\/\\\/www.eldigitaldeasturias.com\\\/noticias\\\/author\\\/admin\\\/\",\"name\":\"El Digital de Asturias\",\"image\":{\"@type\":\"ImageObject\",\"@id\":\"https:\\\/\\\/www.eldigitaldeasturias.com\\\/noticias\\\/altmaier-ve-progresos-en-las-relaciones-economicas-con-china\\\/#authorImage\",\"url\":\"https:\\\/\\\/www.eldigitaldeasturias.com\\\/noticias\\\/wp-content\\\/litespeed\\\/avatar\\\/18677e78aa0546b92d9dbf31ec7d7668.jpg?ver=1776685526\",\"width\":96,\"height\":96,\"caption\":\"El Digital de Asturias\"}},{\"@type\":\"WebPage\",\"@id\":\"https:\\\/\\\/www.eldigitaldeasturias.com\\\/noticias\\\/altmaier-ve-progresos-en-las-relaciones-economicas-con-china\\\/#webpage\",\"url\":\"https:\\\/\\\/www.eldigitaldeasturias.com\\\/noticias\\\/altmaier-ve-progresos-en-las-relaciones-economicas-con-china\\\/\",\"name\":\"Altmaier ve progresos en las relaciones econ\\u00f3micas con China - El Digital de Asturias\",\"description\":\"Pek\\u00edn, 26 abr (dpa) \\u2013 El ministro alem\\u00e1n de Econom\\u00eda, Peter Altmaier, aplaudi\\u00f3 hoy durante la cumbre sobre la \\\"Nueva Ruta de la Seda\\\" en Pek\\u00edn los anuncios del presidente chino, Xi Jinping, sobre una mayor apertura en la pol\\u00edtica econ\\u00f3mica. No obstante, el pol\\u00edtico germano dej\\u00f3 claro que ahora China tiene la obligaci\\u00f3n de\",\"inLanguage\":\"es-ES\",\"isPartOf\":{\"@id\":\"https:\\\/\\\/www.eldigitaldeasturias.com\\\/noticias\\\/#website\"},\"breadcrumb\":{\"@id\":\"https:\\\/\\\/www.eldigitaldeasturias.com\\\/noticias\\\/altmaier-ve-progresos-en-las-relaciones-economicas-con-china\\\/#breadcrumblist\"},\"author\":{\"@id\":\"https:\\\/\\\/www.eldigitaldeasturias.com\\\/noticias\\\/author\\\/admin\\\/#author\"},\"creator\":{\"@id\":\"https:\\\/\\\/www.eldigitaldeasturias.com\\\/noticias\\\/author\\\/admin\\\/#author\"},\"image\":{\"@type\":\"ImageObject\",\"url\":\"https:\\\/\\\/www.eldigitaldeasturias.com\\\/noticias\\\/wp-content\\\/uploads\\\/2018\\\/06\\\/berlin-76509_960_720.jpg\",\"@id\":\"https:\\\/\\\/www.eldigitaldeasturias.com\\\/noticias\\\/altmaier-ve-progresos-en-las-relaciones-economicas-con-china\\\/#mainImage\",\"width\":960,\"height\":720},\"primaryImageOfPage\":{\"@id\":\"https:\\\/\\\/www.eldigitaldeasturias.com\\\/noticias\\\/altmaier-ve-progresos-en-las-relaciones-economicas-con-china\\\/#mainImage\"},\"datePublished\":\"2019-04-27T21:09:35+02:00\",\"dateModified\":\"2019-04-27T21:09:35+02:00\"},{\"@type\":\"WebSite\",\"@id\":\"https:\\\/\\\/www.eldigitaldeasturias.com\\\/noticias\\\/#website\",\"url\":\"https:\\\/\\\/www.eldigitaldeasturias.com\\\/noticias\\\/\",\"name\":\"El Digital de Asturias - Diario de actualidad y noticias\",\"alternateName\":\"El Digital de Asturias - Diario de actualidad y noticias\",\"description\":\"Hemeroteca\",\"inLanguage\":\"es-ES\",\"publisher\":{\"@id\":\"https:\\\/\\\/www.eldigitaldeasturias.com\\\/noticias\\\/#organization\"}}]}\n\t\t<\/script>\n\t\t<!-- All in One SEO Pro -->\r\n\t\t<title>Altmaier ve progresos en las relaciones econ\u00f3micas con China - El Digital de Asturias<\/title>\n\n","aioseo_head_json":{"title":"Altmaier ve progresos en las relaciones econ\u00f3micas con China - El Digital de Asturias","description":"Pek\u00edn, 26 abr (dpa) \u2013 El ministro alem\u00e1n de Econom\u00eda, Peter Altmaier, aplaudi\u00f3 hoy durante la cumbre sobre la \"Nueva Ruta de la Seda\" en Pek\u00edn los anuncios del presidente chino, Xi Jinping, sobre una mayor apertura en la pol\u00edtica econ\u00f3mica. No obstante, el pol\u00edtico germano dej\u00f3 claro que ahora China tiene la obligaci\u00f3n de","canonical_url":"https:\/\/www.eldigitaldeasturias.com\/noticias\/altmaier-ve-progresos-en-las-relaciones-economicas-con-china\/","robots":"max-image-preview:large","keywords":"econom\u00eda","webmasterTools":{"google-site-verification":"UA-38556648-1","msvalidate.01":"7dfe9f3f1b24437ab69f4f2559babe99","miscellaneous":""},"schema":{"@context":"https:\/\/schema.org","@graph":[{"@type":"BlogPosting","@id":"https:\/\/www.eldigitaldeasturias.com\/noticias\/altmaier-ve-progresos-en-las-relaciones-economicas-con-china\/#blogposting","name":"Altmaier ve progresos en las relaciones econ\u00f3micas con China - El Digital de Asturias","headline":"Altmaier ve progresos en las relaciones econ\u00f3micas con China","author":{"@id":"https:\/\/www.eldigitaldeasturias.com\/noticias\/author\/admin\/#author"},"publisher":{"@id":"https:\/\/www.eldigitaldeasturias.com\/noticias\/#organization"},"image":{"@type":"ImageObject","url":"https:\/\/www.eldigitaldeasturias.com\/noticias\/wp-content\/uploads\/2018\/06\/berlin-76509_960_720.jpg","width":960,"height":720},"datePublished":"2019-04-27T21:09:35+02:00","dateModified":"2019-04-27T21:09:35+02:00","inLanguage":"es-ES","mainEntityOfPage":{"@id":"https:\/\/www.eldigitaldeasturias.com\/noticias\/altmaier-ve-progresos-en-las-relaciones-economicas-con-china\/#webpage"},"isPartOf":{"@id":"https:\/\/www.eldigitaldeasturias.com\/noticias\/altmaier-ve-progresos-en-las-relaciones-economicas-con-china\/#webpage"},"articleSection":"Econom\u00eda"},{"@type":"BreadcrumbList","@id":"https:\/\/www.eldigitaldeasturias.com\/noticias\/altmaier-ve-progresos-en-las-relaciones-economicas-con-china\/#breadcrumblist","itemListElement":[{"@type":"ListItem","@id":"https:\/\/www.eldigitaldeasturias.com\/noticias#listItem","position":1,"name":"Home","item":"https:\/\/www.eldigitaldeasturias.com\/noticias","nextItem":{"@type":"ListItem","@id":"https:\/\/www.eldigitaldeasturias.com\/noticias\/category\/economia\/#listItem","name":"Econom\u00eda"}},{"@type":"ListItem","@id":"https:\/\/www.eldigitaldeasturias.com\/noticias\/category\/economia\/#listItem","position":2,"name":"Econom\u00eda","item":"https:\/\/www.eldigitaldeasturias.com\/noticias\/category\/economia\/","nextItem":{"@type":"ListItem","@id":"https:\/\/www.eldigitaldeasturias.com\/noticias\/altmaier-ve-progresos-en-las-relaciones-economicas-con-china\/#listItem","name":"Altmaier ve progresos en las relaciones econ\u00f3micas con China"},"previousItem":{"@type":"ListItem","@id":"https:\/\/www.eldigitaldeasturias.com\/noticias#listItem","name":"Home"}},{"@type":"ListItem","@id":"https:\/\/www.eldigitaldeasturias.com\/noticias\/altmaier-ve-progresos-en-las-relaciones-economicas-con-china\/#listItem","position":3,"name":"Altmaier ve progresos en las relaciones econ\u00f3micas con China","previousItem":{"@type":"ListItem","@id":"https:\/\/www.eldigitaldeasturias.com\/noticias\/category\/economia\/#listItem","name":"Econom\u00eda"}}]},{"@type":"Organization","@id":"https:\/\/www.eldigitaldeasturias.com\/noticias\/#organization","name":"El Digital de Asturias","description":"Hemeroteca","url":"https:\/\/www.eldigitaldeasturias.com\/noticias\/","email":"info@eldigitaldeasturias.com","telephone":"+34652131393","logo":{"@type":"ImageObject","url":"https:\/\/www.eldigitaldeasturias.com\/noticias\/wp-content\/uploads\/2020\/12\/EDA.jpg","@id":"https:\/\/www.eldigitaldeasturias.com\/noticias\/altmaier-ve-progresos-en-las-relaciones-economicas-con-china\/#organizationLogo","width":649,"height":297},"image":{"@id":"https:\/\/www.eldigitaldeasturias.com\/noticias\/altmaier-ve-progresos-en-las-relaciones-economicas-con-china\/#organizationLogo"},"sameAs":["https:\/\/facebook.com\/eldigitaldeasturias","https:\/\/www.youtube.com\/channel\/UCZP-2wLEB9Rv6erhFmqVnvg"],"address":{"@id":"https:\/\/www.eldigitaldeasturias.com\/noticias\/#postaladdress","@type":"PostalAddress","streetAddress":"san antonio 4,","postalCode":"33430","addressLocality":"Cand\u00e1s","addressRegion":"Asturias","addressCountry":"ES"}},{"@type":"Person","@id":"https:\/\/www.eldigitaldeasturias.com\/noticias\/author\/admin\/#author","url":"https:\/\/www.eldigitaldeasturias.com\/noticias\/author\/admin\/","name":"El Digital de Asturias","image":{"@type":"ImageObject","@id":"https:\/\/www.eldigitaldeasturias.com\/noticias\/altmaier-ve-progresos-en-las-relaciones-economicas-con-china\/#authorImage","url":"https:\/\/www.eldigitaldeasturias.com\/noticias\/wp-content\/litespeed\/avatar\/18677e78aa0546b92d9dbf31ec7d7668.jpg?ver=1776685526","width":96,"height":96,"caption":"El Digital de Asturias"}},{"@type":"WebPage","@id":"https:\/\/www.eldigitaldeasturias.com\/noticias\/altmaier-ve-progresos-en-las-relaciones-economicas-con-china\/#webpage","url":"https:\/\/www.eldigitaldeasturias.com\/noticias\/altmaier-ve-progresos-en-las-relaciones-economicas-con-china\/","name":"Altmaier ve progresos en las relaciones econ\u00f3micas con China - El Digital de Asturias","description":"Pek\u00edn, 26 abr (dpa) \u2013 El ministro alem\u00e1n de Econom\u00eda, Peter Altmaier, aplaudi\u00f3 hoy durante la cumbre sobre la \"Nueva Ruta de la Seda\" en Pek\u00edn los anuncios del presidente chino, Xi Jinping, sobre una mayor apertura en la pol\u00edtica econ\u00f3mica. No obstante, el pol\u00edtico germano dej\u00f3 claro que ahora China tiene la obligaci\u00f3n de","inLanguage":"es-ES","isPartOf":{"@id":"https:\/\/www.eldigitaldeasturias.com\/noticias\/#website"},"breadcrumb":{"@id":"https:\/\/www.eldigitaldeasturias.com\/noticias\/altmaier-ve-progresos-en-las-relaciones-economicas-con-china\/#breadcrumblist"},"author":{"@id":"https:\/\/www.eldigitaldeasturias.com\/noticias\/author\/admin\/#author"},"creator":{"@id":"https:\/\/www.eldigitaldeasturias.com\/noticias\/author\/admin\/#author"},"image":{"@type":"ImageObject","url":"https:\/\/www.eldigitaldeasturias.com\/noticias\/wp-content\/uploads\/2018\/06\/berlin-76509_960_720.jpg","@id":"https:\/\/www.eldigitaldeasturias.com\/noticias\/altmaier-ve-progresos-en-las-relaciones-economicas-con-china\/#mainImage","width":960,"height":720},"primaryImageOfPage":{"@id":"https:\/\/www.eldigitaldeasturias.com\/noticias\/altmaier-ve-progresos-en-las-relaciones-economicas-con-china\/#mainImage"},"datePublished":"2019-04-27T21:09:35+02:00","dateModified":"2019-04-27T21:09:35+02:00"},{"@type":"WebSite","@id":"https:\/\/www.eldigitaldeasturias.com\/noticias\/#website","url":"https:\/\/www.eldigitaldeasturias.com\/noticias\/","name":"El Digital de Asturias - Diario de actualidad y noticias","alternateName":"El Digital de Asturias - Diario de actualidad y noticias","description":"Hemeroteca","inLanguage":"es-ES","publisher":{"@id":"https:\/\/www.eldigitaldeasturias.com\/noticias\/#organization"}}]},"og:locale":"es_ES","og:site_name":"El Digital de Asturias","og:type":"article","og:title":"Altmaier ve progresos en las relaciones econ\u00f3micas con China - El Digital de Asturias","og:description":"Pek\u00edn, 26 abr (dpa) \u2013 El ministro alem\u00e1n de Econom\u00eda, Peter Altmaier, aplaudi\u00f3 hoy durante la cumbre sobre la &quot;Nueva Ruta de la Seda&quot; en Pek\u00edn los anuncios del presidente chino, Xi Jinping, sobre una mayor apertura en la pol\u00edtica econ\u00f3mica. No obstante, el pol\u00edtico germano dej\u00f3 claro que ahora China tiene la obligaci\u00f3n de","og:url":"https:\/\/www.eldigitaldeasturias.com\/noticias\/altmaier-ve-progresos-en-las-relaciones-economicas-con-china\/","og:image":"https:\/\/www.eldigitaldeasturias.com\/noticias\/wp-content\/uploads\/2018\/06\/berlin-76509_960_720.jpg","og:image:secure_url":"https:\/\/www.eldigitaldeasturias.com\/noticias\/wp-content\/uploads\/2018\/06\/berlin-76509_960_720.jpg","og:image:width":960,"og:image:height":720,"article:tag":["econom\u00eda"],"article:published_time":"2019-04-27T21:09:35+00:00","article:modified_time":"2019-04-27T21:09:35+00:00","article:publisher":"https:\/\/facebook.com\/eldigitaldeasturias","twitter:card":"summary_large_image","twitter:title":"Altmaier ve progresos en las relaciones econ\u00f3micas con China - El Digital de Asturias","twitter:description":"Pek\u00edn, 26 abr (dpa) \u2013 El ministro alem\u00e1n de Econom\u00eda, Peter Altmaier, aplaudi\u00f3 hoy durante la cumbre sobre la &quot;Nueva Ruta de la Seda&quot; en Pek\u00edn los anuncios del presidente chino, Xi Jinping, sobre una mayor apertura en la pol\u00edtica econ\u00f3mica. No obstante, el pol\u00edtico germano dej\u00f3 claro que ahora China tiene la obligaci\u00f3n de","twitter:image":"https:\/\/www.eldigitaldeasturias.com\/noticias\/wp-content\/uploads\/2018\/06\/berlin-76509_960_720.jpg","twitter:label1":"Escrito por","twitter:data1":"El Digital de Asturias","twitter:label2":"Tiempo de lectura estimado","twitter:data2":"2 minutos"},"aioseo_meta_data":{"post_id":"1025377","title":null,"description":null,"keywords":null,"keyphrases":null,"primary_term":null,"canonical_url":null,"og_title":null,"og_description":null,"og_object_type":"default","og_image_type":"default","og_image_url":null,"og_image_width":null,"og_image_height":null,"og_image_custom_url":null,"og_image_custom_fields":null,"og_video":null,"og_custom_url":null,"og_article_section":null,"og_article_tags":null,"twitter_use_og":false,"twitter_card":"default","twitter_image_type":"default","twitter_image_url":null,"twitter_image_custom_url":null,"twitter_image_custom_fields":null,"twitter_title":null,"twitter_description":null,"schema":{"blockGraphs":[],"customGraphs":[],"default":{"data":{"Article":[],"Course":[],"Dataset":[],"FAQPage":[],"Movie":[],"Person":[],"Product":[],"ProductReview":[],"Car":[],"Recipe":[],"Service":[],"SoftwareApplication":[],"WebPage":[]},"graphName":"","isEnabled":true},"graphs":[],"defaultGraph":"","defaultPostTypeGraph":""},"schema_type":null,"schema_type_options":null,"pillar_content":false,"robots_default":true,"robots_noindex":false,"robots_noarchive":false,"robots_nosnippet":false,"robots_nofollow":false,"robots_noimageindex":false,"robots_noodp":false,"robots_notranslate":false,"robots_max_snippet":null,"robots_max_videopreview":null,"robots_max_imagepreview":"large","priority":null,"frequency":null,"local_seo":null,"seo_analyzer_scan_date":"2025-10-17 22:36:13","breadcrumb_settings":null,"limit_modified_date":false,"open_ai":null,"ai":null,"created":"2020-12-21 11:14:33","updated":"2025-10-17 22:36:13"},"aioseo_breadcrumb":"<div class=\"aioseo-breadcrumbs\"><span class=\"aioseo-breadcrumb\">\n\t<a href=\"https:\/\/www.eldigitaldeasturias.com\/noticias\" title=\"Home\">Home<\/a>\n<\/span><span class=\"aioseo-breadcrumb-separator\">\u2013<\/span><span class=\"aioseo-breadcrumb\">\n\t<a href=\"https:\/\/www.eldigitaldeasturias.com\/noticias\/category\/economia\/\" title=\"Econom\u00eda\">Econom\u00eda<\/a>\n<\/span><span class=\"aioseo-breadcrumb-separator\">\u2013<\/span><span class=\"aioseo-breadcrumb\">\n\t<a href=\"https:\/\/www.eldigitaldeasturias.com\/noticias\/altmaier-ve-progresos-en-las-relaciones-economicas-con-china\/\" title=\"Altmaier ve progresos en las relaciones econ\u00f3micas con China\">Altmaier ve progresos en las relaciones econ\u00f3micas con China<\/a>\n<\/span><\/div>","aioseo_breadcrumb_json":[{"label":"Home","link":"https:\/\/www.eldigitaldeasturias.com\/noticias"},{"label":"Econom\u00eda","link":"https:\/\/www.eldigitaldeasturias.com\/noticias\/category\/economia\/"},{"label":"Altmaier ve progresos en las relaciones econ\u00f3micas con China","link":"https:\/\/www.eldigitaldeasturias.com\/noticias\/altmaier-ve-progresos-en-las-relaciones-economicas-con-china\/"}],"_links":{"self":[{"href":"https:\/\/www.eldigitaldeasturias.com\/noticias\/wp-json\/wp\/v2\/posts\/1025377","targetHints":{"allow":["GET"]}}],"collection":[{"href":"https:\/\/www.eldigitaldeasturias.com\/noticias\/wp-json\/wp\/v2\/posts"}],"about":[{"href":"https:\/\/www.eldigitaldeasturias.com\/noticias\/wp-json\/wp\/v2\/types\/post"}],"author":[{"embeddable":true,"href":"https:\/\/www.eldigitaldeasturias.com\/noticias\/wp-json\/wp\/v2\/users\/1"}],"replies":[{"embeddable":true,"href":"https:\/\/www.eldigitaldeasturias.com\/noticias\/wp-json\/wp\/v2\/comments?post=1025377"}],"version-history":[{"count":0,"href":"https:\/\/www.eldigitaldeasturias.com\/noticias\/wp-json\/wp\/v2\/posts\/1025377\/revisions"}],"wp:featuredmedia":[{"embeddable":true,"href":"https:\/\/www.eldigitaldeasturias.com\/noticias\/wp-json\/wp\/v2\/media\/985341"}],"wp:attachment":[{"href":"https:\/\/www.eldigitaldeasturias.com\/noticias\/wp-json\/wp\/v2\/media?parent=1025377"}],"wp:term":[{"taxonomy":"category","embeddable":true,"href":"https:\/\/www.eldigitaldeasturias.com\/noticias\/wp-json\/wp\/v2\/categories?post=1025377"},{"taxonomy":"post_tag","embeddable":true,"href":"https:\/\/www.eldigitaldeasturias.com\/noticias\/wp-json\/wp\/v2\/tags?post=1025377"}],"curies":[{"name":"wp","href":"https:\/\/api.w.org\/{rel}","templated":true}]}}