{"id":1025262,"date":"2019-04-26T19:11:15","date_gmt":"2019-04-26T19:11:15","guid":{"rendered":"https:\/\/www.eldigitaldeasturias.com\/noticias\/?p=1025262"},"modified":"2019-04-26T19:11:15","modified_gmt":"2019-04-26T19:11:15","slug":"estas-preparado-para-la-declaracion-de-impuestos","status":"publish","type":"post","link":"https:\/\/www.eldigitaldeasturias.com\/noticias\/estas-preparado-para-la-declaracion-de-impuestos\/","title":{"rendered":"\u00bfEst\u00e1s preparado para la declaraci\u00f3n de impuestos?"},"content":{"rendered":"<p><span style=\"font-weight: 400;\"><img loading=\"lazy\" decoding=\"async\" class=\"alignleft size-medium wp-image-1025263\" src=\"https:\/\/www.eldigitaldeasturias.com\/noticias\/wp-content\/uploads\/2019\/04\/ndp-impuestos-360x146.jpg\" alt=\"\" width=\"360\" height=\"146\" srcset=\"https:\/\/www.eldigitaldeasturias.com\/noticias\/wp-content\/uploads\/2019\/04\/ndp-impuestos-360x146.jpg 360w, https:\/\/www.eldigitaldeasturias.com\/noticias\/wp-content\/uploads\/2019\/04\/ndp-impuestos.jpg 598w\" sizes=\"auto, (max-width: 360px) 100vw, 360px\" \/>El IRPF est\u00e1 a la vuelta de la esquina, empezamos el per\u00edodo de descuento para tener que presentar la declaraci\u00f3n de impuestos. Aunque esto no es algo que sorprenda a nadie, sobre todo a los aut\u00f3nomos y empresarios que su rutina diaria es llevar al d\u00eda toda la contabilidad, para cada trimestre presentar las liquidaciones de manera adecuada y dentro de plazo. Ahora bien, conseguir hacer esto, no siempre es tarea sencilla, sobre todo cuando se est\u00e1 empezando, pues se necesitan los conocimientos t\u00e9cnicos adecuados.<\/span><\/p>\n<h2><b>Lo que los aut\u00f3nomos deben tener en cuenta<\/b><\/h2>\n<p><span style=\"font-weight: 400;\">Y es que <\/span><span style=\"color: #ff6600;\"><a style=\"color: #ff6600;\" href=\"https:\/\/www.serautonomo.net\/noticias\/que-debe-incluir-en-sus-facturas-el-autonomo\" target=\"_blank\" rel=\"noopener noreferrer\"><span style=\"font-weight: 400;\"><strong>a la hora de facturar como aut\u00f3nomos<\/strong><\/span><\/a><\/span><span style=\"font-weight: 400;\"> se deben saber ciertos elementos con el fin de presentar las <\/span><b>diferentes liquidaciones de impuestos<\/b><span style=\"font-weight: 400;\"> de manera adecuada. As\u00ed como conseguir las bonificaciones y deducciones a las que tengamos derecho, de tal manera que consigamos ahorrarnos un gran dinero cada trimestre, as\u00ed como en la declaraci\u00f3n anual del IRPF.<\/span><\/p>\n<p><span style=\"font-weight: 400;\">Es cierto que el mundo de los aut\u00f3nomos es un tanto diferente al de la mayor\u00eda de los empleados, y que por lo tanto entran en juego diferentes reglas. Por esto mismo, es conveniente estar siempre <\/span><b>correctamente informados<\/b><span style=\"font-weight: 400;\"> sobre cada uno de los elementos relevantes, y sobre todo tener presentes todas las novedades normativas que acontecen de manera diaria.<\/span><\/p>\n<p><span style=\"font-weight: 400;\">Lo primero que debemos saber cuando empezamos con una actividad econ\u00f3mica, es que el IRPF es un<\/span><b> impuesto progresivo<\/b><span style=\"font-weight: 400;\">, es decir, que va gravando la capacidad econ\u00f3mica de las personas en funci\u00f3n de una escala progresiva. Dicho de otro modo, cuanto mayor es la renta, m\u00e1s deberemos pagar. Aunque siempre podremos hacer una serie de exenciones y bonificaciones para conseguir reducir este efecto negativo.<\/span><\/p>\n<p><span style=\"font-weight: 400;\">Ahora bien, es necesario conocer todos los requisitos, papeleo y dem\u00e1s menesteres para presentar adecuadamente la declaraci\u00f3n anual de IRPF, pero para acceder a ella, antes <\/span><a href=\"https:\/\/es.calcuworld.com\/calculadora-letra-dni\/\" target=\"_blank\" rel=\"noopener noreferrer\"><span style=\"font-weight: 400;\"><span style=\"color: #ff6600;\"><strong>calcula las letras del DNI<\/strong><\/span><\/span><\/a><span style=\"font-weight: 400;\"> con las <\/span><b>herramientas tan pr\u00e1cticas que tenemos <\/b><span style=\"font-weight: 400;\">hoy d\u00eda a trav\u00e9s de internet, de tal manera que nos quitamos much\u00edsimos quebraderos de cabeza.<\/span><\/p>\n<h2><b>\u00bfQu\u00e9 novedades vamos a tener en este 2019?<\/b><\/h2>\n<p><span style=\"font-weight: 400;\">Como todos sabemos, cada a\u00f1o que pasa, hay miles de <\/span><b>novedades legislativas,<\/b><span style=\"font-weight: 400;\"> por lo que el IRPF no iba a ser menos en este sentido. Adem\u00e1s, con los cambios de gobierno que van aconteciendo siempre entran novedades, y m\u00e1s en los \u00faltimos a\u00f1os, con el panorama pol\u00edtico convulsionando entre la izquierda y la derecha a cada momento.<\/span><\/p>\n<p><span style=\"font-weight: 400;\">Como aut\u00f3nomo, lo principal es presentar cada tres meses todos los impuestos, como es el IVA, siendo esto lo m\u00e1s importante que debemos tener presente. Una vez tenemos esto claro, es hora de pasar a la <\/span><b>fase de la cuota de aut\u00f3nomos<\/b><span style=\"font-weight: 400;\">, que ir\u00e1 en funci\u00f3n de lo que nosotros mismos queramos cotizar. A mayor cuota, mayor cotizaci\u00f3n, lo que al final se traduce en una mejor paga en la jubilaci\u00f3n. Como cualquier trabajador por cuenta ajena en este pa\u00eds.<\/span><\/p>\n<p><span style=\"font-weight: 400;\">Aunque es cierto que <\/span><b>desde el a\u00f1o 2014<\/b><span style=\"font-weight: 400;\"> aquellos aut\u00f3nomos con rentas menores a quince mil euros, tributan un<\/span><b> quince por ciento en IRPF<\/b><span style=\"font-weight: 400;\"> en lugar del veintiuno por ciento como se ha hecho siempre. A esto debemos sumarle las bonificaciones que hay por ser nuevos aut\u00f3nomos, es decir, que si antes no hemos realizado ninguna actividad profesional, ser\u00e1 del <\/span><b>siete por ciento durante los tres primeros a\u00f1os<\/b><span style=\"font-weight: 400;\">. Esto se hace as\u00ed para potenciar a los emprendedores.<\/span><\/p>\n<p><span style=\"font-weight: 400;\">Es conveniente saber que para realizar la<\/span><b> declaraci\u00f3n trimestral<\/b><span style=\"font-weight: 400;\">, para calcular el beneficio econ\u00f3mico de nuestra actividad profesional, se har\u00e1 a trav\u00e9s del <\/span><b>modelo 131<\/b><span style=\"font-weight: 400;\">. Ahora bien, si lo hacemos a trav\u00e9s de la estimaci\u00f3n directa, se utilizar\u00e1 el <\/span><b>modelo 130<\/b><span style=\"font-weight: 400;\">. La diferencia entre la estimaci\u00f3n objetiva y directa es b\u00e1sicamente el r\u00e9gimen econ\u00f3mico que tengamos como aut\u00f3nomos. En el primer caso, es para unas <\/span><b>determinadas actividades profesionales<\/b><span style=\"font-weight: 400;\">, y en el caso de la directa, es la normal que tiene todo el mundo \u2018\u2019de base\u2019\u2019.<\/span><\/p>\n<p><span style=\"font-weight: 400;\">Con estas nociones b\u00e1sicas vamos a estar preparados para presentar todos nuestros impuestos, y en concreto el IRPF, de manera adecuada. Aunque siempre es conveniente que consultemos a expertos asesores con el fin de tener la certeza de llevarlo todo al d\u00eda y dentro de los plazos adecuados.<\/span><\/p>\n<p>&nbsp;<\/p>\n","protected":false},"excerpt":{"rendered":"<p>El IRPF est\u00e1 a la vuelta de la esquina, empezamos el per\u00edodo de descuento para tener que presentar la declaraci\u00f3n de impuestos. Aunque esto no es algo que sorprenda a nadie, sobre todo a los aut\u00f3nomos y empresarios que su rutina diaria es llevar al d\u00eda toda la contabilidad, para cada trimestre presentar las liquidaciones [&hellip;]<\/p>\n","protected":false},"author":1,"featured_media":1025263,"comment_status":"closed","ping_status":"closed","sticky":false,"template":"","format":"standard","meta":{"footnotes":""},"categories":[187],"tags":[],"class_list":["post-1025262","post","type-post","status-publish","format-standard","has-post-thumbnail","hentry","category-economia"],"aioseo_notices":[],"aioseo_head":"\n\t\t<!-- All in One SEO Pro 4.9.6.2 - aioseo.com -->\n\t<meta name=\"description\" content=\"El IRPF est\u00e1 a la vuelta de la esquina, empezamos el per\u00edodo de descuento para tener que presentar la declaraci\u00f3n de impuestos. Aunque esto no es algo que sorprenda a nadie, sobre todo a los aut\u00f3nomos y empresarios que su rutina diaria es llevar al d\u00eda toda la contabilidad, para cada trimestre presentar las liquidaciones\" \/>\n\t<meta name=\"robots\" content=\"max-image-preview:large\" \/>\n\t<meta name=\"author\" content=\"El Digital de Asturias\"\/>\n\t<meta name=\"google-site-verification\" content=\"UA-38556648-1\" \/>\n\t<meta name=\"msvalidate.01\" content=\"7dfe9f3f1b24437ab69f4f2559babe99\" \/>\n\t<meta name=\"keywords\" content=\"econom\u00eda\" \/>\n\t<link rel=\"canonical\" href=\"https:\/\/www.eldigitaldeasturias.com\/noticias\/estas-preparado-para-la-declaracion-de-impuestos\/\" \/>\n\t<meta name=\"generator\" content=\"All in One SEO Pro (AIOSEO) 4.9.6.2\" \/>\n\t\t<meta property=\"og:locale\" content=\"es_ES\" \/>\n\t\t<meta property=\"og:site_name\" content=\"El Digital de Asturias\" \/>\n\t\t<meta property=\"og:type\" content=\"article\" \/>\n\t\t<meta property=\"og:title\" content=\"\u00bfEst\u00e1s preparado para la declaraci\u00f3n de impuestos? - El Digital de Asturias\" \/>\n\t\t<meta property=\"og:description\" content=\"El IRPF est\u00e1 a la vuelta de la esquina, empezamos el per\u00edodo de descuento para tener que presentar la declaraci\u00f3n de impuestos. Aunque esto no es algo que sorprenda a nadie, sobre todo a los aut\u00f3nomos y empresarios que su rutina diaria es llevar al d\u00eda toda la contabilidad, para cada trimestre presentar las liquidaciones\" \/>\n\t\t<meta property=\"og:url\" content=\"https:\/\/www.eldigitaldeasturias.com\/noticias\/estas-preparado-para-la-declaracion-de-impuestos\/\" \/>\n\t\t<meta property=\"og:image\" content=\"https:\/\/www.eldigitaldeasturias.com\/noticias\/wp-content\/uploads\/2019\/04\/ndp-impuestos.jpg\" \/>\n\t\t<meta property=\"og:image:secure_url\" content=\"https:\/\/www.eldigitaldeasturias.com\/noticias\/wp-content\/uploads\/2019\/04\/ndp-impuestos.jpg\" \/>\n\t\t<meta property=\"og:image:width\" content=\"598\" \/>\n\t\t<meta property=\"og:image:height\" content=\"243\" \/>\n\t\t<meta property=\"article:tag\" content=\"econom\u00eda\" \/>\n\t\t<meta property=\"article:published_time\" content=\"2019-04-26T19:11:15+00:00\" \/>\n\t\t<meta property=\"article:modified_time\" content=\"2019-04-26T19:11:15+00:00\" \/>\n\t\t<meta property=\"article:publisher\" content=\"https:\/\/facebook.com\/eldigitaldeasturias\" \/>\n\t\t<meta name=\"twitter:card\" content=\"summary_large_image\" \/>\n\t\t<meta name=\"twitter:title\" content=\"\u00bfEst\u00e1s preparado para la declaraci\u00f3n de impuestos? - El Digital de Asturias\" \/>\n\t\t<meta name=\"twitter:description\" content=\"El IRPF est\u00e1 a la vuelta de la esquina, empezamos el per\u00edodo de descuento para tener que presentar la declaraci\u00f3n de impuestos. Aunque esto no es algo que sorprenda a nadie, sobre todo a los aut\u00f3nomos y empresarios que su rutina diaria es llevar al d\u00eda toda la contabilidad, para cada trimestre presentar las liquidaciones\" \/>\n\t\t<meta name=\"twitter:image\" content=\"https:\/\/www.eldigitaldeasturias.com\/noticias\/wp-content\/uploads\/2019\/04\/ndp-impuestos.jpg\" \/>\n\t\t<meta name=\"twitter:label1\" content=\"Escrito por\" \/>\n\t\t<meta name=\"twitter:data1\" content=\"El Digital de Asturias\" \/>\n\t\t<meta name=\"twitter:label2\" content=\"Tiempo de lectura estimado\" \/>\n\t\t<meta name=\"twitter:data2\" content=\"4 minutos\" \/>\n\t\t<script type=\"application\/ld+json\" class=\"aioseo-schema\">\n\t\t\t{\"@context\":\"https:\\\/\\\/schema.org\",\"@graph\":[{\"@type\":\"BlogPosting\",\"@id\":\"https:\\\/\\\/www.eldigitaldeasturias.com\\\/noticias\\\/estas-preparado-para-la-declaracion-de-impuestos\\\/#blogposting\",\"name\":\"\\u00bfEst\\u00e1s preparado para la declaraci\\u00f3n de impuestos? - El Digital de Asturias\",\"headline\":\"\\u00bfEst\\u00e1s preparado para la declaraci\\u00f3n de impuestos?\",\"author\":{\"@id\":\"https:\\\/\\\/www.eldigitaldeasturias.com\\\/noticias\\\/author\\\/admin\\\/#author\"},\"publisher\":{\"@id\":\"https:\\\/\\\/www.eldigitaldeasturias.com\\\/noticias\\\/#organization\"},\"image\":{\"@type\":\"ImageObject\",\"url\":\"https:\\\/\\\/www.eldigitaldeasturias.com\\\/noticias\\\/wp-content\\\/uploads\\\/2019\\\/04\\\/ndp-impuestos.jpg\",\"width\":598,\"height\":243},\"datePublished\":\"2019-04-26T19:11:15+02:00\",\"dateModified\":\"2019-04-26T19:11:15+02:00\",\"inLanguage\":\"es-ES\",\"mainEntityOfPage\":{\"@id\":\"https:\\\/\\\/www.eldigitaldeasturias.com\\\/noticias\\\/estas-preparado-para-la-declaracion-de-impuestos\\\/#webpage\"},\"isPartOf\":{\"@id\":\"https:\\\/\\\/www.eldigitaldeasturias.com\\\/noticias\\\/estas-preparado-para-la-declaracion-de-impuestos\\\/#webpage\"},\"articleSection\":\"Econom\\u00eda\"},{\"@type\":\"BreadcrumbList\",\"@id\":\"https:\\\/\\\/www.eldigitaldeasturias.com\\\/noticias\\\/estas-preparado-para-la-declaracion-de-impuestos\\\/#breadcrumblist\",\"itemListElement\":[{\"@type\":\"ListItem\",\"@id\":\"https:\\\/\\\/www.eldigitaldeasturias.com\\\/noticias#listItem\",\"position\":1,\"name\":\"Home\",\"item\":\"https:\\\/\\\/www.eldigitaldeasturias.com\\\/noticias\",\"nextItem\":{\"@type\":\"ListItem\",\"@id\":\"https:\\\/\\\/www.eldigitaldeasturias.com\\\/noticias\\\/category\\\/economia\\\/#listItem\",\"name\":\"Econom\\u00eda\"}},{\"@type\":\"ListItem\",\"@id\":\"https:\\\/\\\/www.eldigitaldeasturias.com\\\/noticias\\\/category\\\/economia\\\/#listItem\",\"position\":2,\"name\":\"Econom\\u00eda\",\"item\":\"https:\\\/\\\/www.eldigitaldeasturias.com\\\/noticias\\\/category\\\/economia\\\/\",\"nextItem\":{\"@type\":\"ListItem\",\"@id\":\"https:\\\/\\\/www.eldigitaldeasturias.com\\\/noticias\\\/estas-preparado-para-la-declaracion-de-impuestos\\\/#listItem\",\"name\":\"\\u00bfEst\\u00e1s preparado para la declaraci\\u00f3n de impuestos?\"},\"previousItem\":{\"@type\":\"ListItem\",\"@id\":\"https:\\\/\\\/www.eldigitaldeasturias.com\\\/noticias#listItem\",\"name\":\"Home\"}},{\"@type\":\"ListItem\",\"@id\":\"https:\\\/\\\/www.eldigitaldeasturias.com\\\/noticias\\\/estas-preparado-para-la-declaracion-de-impuestos\\\/#listItem\",\"position\":3,\"name\":\"\\u00bfEst\\u00e1s preparado para la declaraci\\u00f3n de impuestos?\",\"previousItem\":{\"@type\":\"ListItem\",\"@id\":\"https:\\\/\\\/www.eldigitaldeasturias.com\\\/noticias\\\/category\\\/economia\\\/#listItem\",\"name\":\"Econom\\u00eda\"}}]},{\"@type\":\"Organization\",\"@id\":\"https:\\\/\\\/www.eldigitaldeasturias.com\\\/noticias\\\/#organization\",\"name\":\"El Digital de Asturias\",\"description\":\"Hemeroteca\",\"url\":\"https:\\\/\\\/www.eldigitaldeasturias.com\\\/noticias\\\/\",\"email\":\"info@eldigitaldeasturias.com\",\"telephone\":\"+34652131393\",\"logo\":{\"@type\":\"ImageObject\",\"url\":\"https:\\\/\\\/www.eldigitaldeasturias.com\\\/noticias\\\/wp-content\\\/uploads\\\/2020\\\/12\\\/EDA.jpg\",\"@id\":\"https:\\\/\\\/www.eldigitaldeasturias.com\\\/noticias\\\/estas-preparado-para-la-declaracion-de-impuestos\\\/#organizationLogo\",\"width\":649,\"height\":297},\"image\":{\"@id\":\"https:\\\/\\\/www.eldigitaldeasturias.com\\\/noticias\\\/estas-preparado-para-la-declaracion-de-impuestos\\\/#organizationLogo\"},\"sameAs\":[\"https:\\\/\\\/facebook.com\\\/eldigitaldeasturias\",\"https:\\\/\\\/www.youtube.com\\\/channel\\\/UCZP-2wLEB9Rv6erhFmqVnvg\"],\"address\":{\"@id\":\"https:\\\/\\\/www.eldigitaldeasturias.com\\\/noticias\\\/#postaladdress\",\"@type\":\"PostalAddress\",\"streetAddress\":\"san antonio 4,\",\"postalCode\":\"33430\",\"addressLocality\":\"Cand\\u00e1s\",\"addressRegion\":\"Asturias\",\"addressCountry\":\"ES\"}},{\"@type\":\"Person\",\"@id\":\"https:\\\/\\\/www.eldigitaldeasturias.com\\\/noticias\\\/author\\\/admin\\\/#author\",\"url\":\"https:\\\/\\\/www.eldigitaldeasturias.com\\\/noticias\\\/author\\\/admin\\\/\",\"name\":\"El Digital de Asturias\",\"image\":{\"@type\":\"ImageObject\",\"@id\":\"https:\\\/\\\/www.eldigitaldeasturias.com\\\/noticias\\\/estas-preparado-para-la-declaracion-de-impuestos\\\/#authorImage\",\"url\":\"https:\\\/\\\/www.eldigitaldeasturias.com\\\/noticias\\\/wp-content\\\/litespeed\\\/avatar\\\/18677e78aa0546b92d9dbf31ec7d7668.jpg?ver=1776685526\",\"width\":96,\"height\":96,\"caption\":\"El Digital de Asturias\"}},{\"@type\":\"WebPage\",\"@id\":\"https:\\\/\\\/www.eldigitaldeasturias.com\\\/noticias\\\/estas-preparado-para-la-declaracion-de-impuestos\\\/#webpage\",\"url\":\"https:\\\/\\\/www.eldigitaldeasturias.com\\\/noticias\\\/estas-preparado-para-la-declaracion-de-impuestos\\\/\",\"name\":\"\\u00bfEst\\u00e1s preparado para la declaraci\\u00f3n de impuestos? - El Digital de Asturias\",\"description\":\"El IRPF est\\u00e1 a la vuelta de la esquina, empezamos el per\\u00edodo de descuento para tener que presentar la declaraci\\u00f3n de impuestos. Aunque esto no es algo que sorprenda a nadie, sobre todo a los aut\\u00f3nomos y empresarios que su rutina diaria es llevar al d\\u00eda toda la contabilidad, para cada trimestre presentar las liquidaciones\",\"inLanguage\":\"es-ES\",\"isPartOf\":{\"@id\":\"https:\\\/\\\/www.eldigitaldeasturias.com\\\/noticias\\\/#website\"},\"breadcrumb\":{\"@id\":\"https:\\\/\\\/www.eldigitaldeasturias.com\\\/noticias\\\/estas-preparado-para-la-declaracion-de-impuestos\\\/#breadcrumblist\"},\"author\":{\"@id\":\"https:\\\/\\\/www.eldigitaldeasturias.com\\\/noticias\\\/author\\\/admin\\\/#author\"},\"creator\":{\"@id\":\"https:\\\/\\\/www.eldigitaldeasturias.com\\\/noticias\\\/author\\\/admin\\\/#author\"},\"image\":{\"@type\":\"ImageObject\",\"url\":\"https:\\\/\\\/www.eldigitaldeasturias.com\\\/noticias\\\/wp-content\\\/uploads\\\/2019\\\/04\\\/ndp-impuestos.jpg\",\"@id\":\"https:\\\/\\\/www.eldigitaldeasturias.com\\\/noticias\\\/estas-preparado-para-la-declaracion-de-impuestos\\\/#mainImage\",\"width\":598,\"height\":243},\"primaryImageOfPage\":{\"@id\":\"https:\\\/\\\/www.eldigitaldeasturias.com\\\/noticias\\\/estas-preparado-para-la-declaracion-de-impuestos\\\/#mainImage\"},\"datePublished\":\"2019-04-26T19:11:15+02:00\",\"dateModified\":\"2019-04-26T19:11:15+02:00\"},{\"@type\":\"WebSite\",\"@id\":\"https:\\\/\\\/www.eldigitaldeasturias.com\\\/noticias\\\/#website\",\"url\":\"https:\\\/\\\/www.eldigitaldeasturias.com\\\/noticias\\\/\",\"name\":\"El Digital de Asturias - Diario de actualidad y noticias\",\"alternateName\":\"El Digital de Asturias - Diario de actualidad y noticias\",\"description\":\"Hemeroteca\",\"inLanguage\":\"es-ES\",\"publisher\":{\"@id\":\"https:\\\/\\\/www.eldigitaldeasturias.com\\\/noticias\\\/#organization\"}}]}\n\t\t<\/script>\n\t\t<!-- All in One SEO Pro -->\r\n\t\t<title>\u00bfEst\u00e1s preparado para la declaraci\u00f3n de impuestos? - El Digital de Asturias<\/title>\n\n","aioseo_head_json":{"title":"\u00bfEst\u00e1s preparado para la declaraci\u00f3n de impuestos? - El Digital de Asturias","description":"El IRPF est\u00e1 a la vuelta de la esquina, empezamos el per\u00edodo de descuento para tener que presentar la declaraci\u00f3n de impuestos. Aunque esto no es algo que sorprenda a nadie, sobre todo a los aut\u00f3nomos y empresarios que su rutina diaria es llevar al d\u00eda toda la contabilidad, para cada trimestre presentar las liquidaciones","canonical_url":"https:\/\/www.eldigitaldeasturias.com\/noticias\/estas-preparado-para-la-declaracion-de-impuestos\/","robots":"max-image-preview:large","keywords":"econom\u00eda","webmasterTools":{"google-site-verification":"UA-38556648-1","msvalidate.01":"7dfe9f3f1b24437ab69f4f2559babe99","miscellaneous":""},"schema":{"@context":"https:\/\/schema.org","@graph":[{"@type":"BlogPosting","@id":"https:\/\/www.eldigitaldeasturias.com\/noticias\/estas-preparado-para-la-declaracion-de-impuestos\/#blogposting","name":"\u00bfEst\u00e1s preparado para la declaraci\u00f3n de impuestos? - El Digital de Asturias","headline":"\u00bfEst\u00e1s preparado para la declaraci\u00f3n de impuestos?","author":{"@id":"https:\/\/www.eldigitaldeasturias.com\/noticias\/author\/admin\/#author"},"publisher":{"@id":"https:\/\/www.eldigitaldeasturias.com\/noticias\/#organization"},"image":{"@type":"ImageObject","url":"https:\/\/www.eldigitaldeasturias.com\/noticias\/wp-content\/uploads\/2019\/04\/ndp-impuestos.jpg","width":598,"height":243},"datePublished":"2019-04-26T19:11:15+02:00","dateModified":"2019-04-26T19:11:15+02:00","inLanguage":"es-ES","mainEntityOfPage":{"@id":"https:\/\/www.eldigitaldeasturias.com\/noticias\/estas-preparado-para-la-declaracion-de-impuestos\/#webpage"},"isPartOf":{"@id":"https:\/\/www.eldigitaldeasturias.com\/noticias\/estas-preparado-para-la-declaracion-de-impuestos\/#webpage"},"articleSection":"Econom\u00eda"},{"@type":"BreadcrumbList","@id":"https:\/\/www.eldigitaldeasturias.com\/noticias\/estas-preparado-para-la-declaracion-de-impuestos\/#breadcrumblist","itemListElement":[{"@type":"ListItem","@id":"https:\/\/www.eldigitaldeasturias.com\/noticias#listItem","position":1,"name":"Home","item":"https:\/\/www.eldigitaldeasturias.com\/noticias","nextItem":{"@type":"ListItem","@id":"https:\/\/www.eldigitaldeasturias.com\/noticias\/category\/economia\/#listItem","name":"Econom\u00eda"}},{"@type":"ListItem","@id":"https:\/\/www.eldigitaldeasturias.com\/noticias\/category\/economia\/#listItem","position":2,"name":"Econom\u00eda","item":"https:\/\/www.eldigitaldeasturias.com\/noticias\/category\/economia\/","nextItem":{"@type":"ListItem","@id":"https:\/\/www.eldigitaldeasturias.com\/noticias\/estas-preparado-para-la-declaracion-de-impuestos\/#listItem","name":"\u00bfEst\u00e1s preparado para la declaraci\u00f3n de impuestos?"},"previousItem":{"@type":"ListItem","@id":"https:\/\/www.eldigitaldeasturias.com\/noticias#listItem","name":"Home"}},{"@type":"ListItem","@id":"https:\/\/www.eldigitaldeasturias.com\/noticias\/estas-preparado-para-la-declaracion-de-impuestos\/#listItem","position":3,"name":"\u00bfEst\u00e1s preparado para la declaraci\u00f3n de impuestos?","previousItem":{"@type":"ListItem","@id":"https:\/\/www.eldigitaldeasturias.com\/noticias\/category\/economia\/#listItem","name":"Econom\u00eda"}}]},{"@type":"Organization","@id":"https:\/\/www.eldigitaldeasturias.com\/noticias\/#organization","name":"El Digital de Asturias","description":"Hemeroteca","url":"https:\/\/www.eldigitaldeasturias.com\/noticias\/","email":"info@eldigitaldeasturias.com","telephone":"+34652131393","logo":{"@type":"ImageObject","url":"https:\/\/www.eldigitaldeasturias.com\/noticias\/wp-content\/uploads\/2020\/12\/EDA.jpg","@id":"https:\/\/www.eldigitaldeasturias.com\/noticias\/estas-preparado-para-la-declaracion-de-impuestos\/#organizationLogo","width":649,"height":297},"image":{"@id":"https:\/\/www.eldigitaldeasturias.com\/noticias\/estas-preparado-para-la-declaracion-de-impuestos\/#organizationLogo"},"sameAs":["https:\/\/facebook.com\/eldigitaldeasturias","https:\/\/www.youtube.com\/channel\/UCZP-2wLEB9Rv6erhFmqVnvg"],"address":{"@id":"https:\/\/www.eldigitaldeasturias.com\/noticias\/#postaladdress","@type":"PostalAddress","streetAddress":"san antonio 4,","postalCode":"33430","addressLocality":"Cand\u00e1s","addressRegion":"Asturias","addressCountry":"ES"}},{"@type":"Person","@id":"https:\/\/www.eldigitaldeasturias.com\/noticias\/author\/admin\/#author","url":"https:\/\/www.eldigitaldeasturias.com\/noticias\/author\/admin\/","name":"El Digital de Asturias","image":{"@type":"ImageObject","@id":"https:\/\/www.eldigitaldeasturias.com\/noticias\/estas-preparado-para-la-declaracion-de-impuestos\/#authorImage","url":"https:\/\/www.eldigitaldeasturias.com\/noticias\/wp-content\/litespeed\/avatar\/18677e78aa0546b92d9dbf31ec7d7668.jpg?ver=1776685526","width":96,"height":96,"caption":"El Digital de Asturias"}},{"@type":"WebPage","@id":"https:\/\/www.eldigitaldeasturias.com\/noticias\/estas-preparado-para-la-declaracion-de-impuestos\/#webpage","url":"https:\/\/www.eldigitaldeasturias.com\/noticias\/estas-preparado-para-la-declaracion-de-impuestos\/","name":"\u00bfEst\u00e1s preparado para la declaraci\u00f3n de impuestos? - El Digital de Asturias","description":"El IRPF est\u00e1 a la vuelta de la esquina, empezamos el per\u00edodo de descuento para tener que presentar la declaraci\u00f3n de impuestos. Aunque esto no es algo que sorprenda a nadie, sobre todo a los aut\u00f3nomos y empresarios que su rutina diaria es llevar al d\u00eda toda la contabilidad, para cada trimestre presentar las liquidaciones","inLanguage":"es-ES","isPartOf":{"@id":"https:\/\/www.eldigitaldeasturias.com\/noticias\/#website"},"breadcrumb":{"@id":"https:\/\/www.eldigitaldeasturias.com\/noticias\/estas-preparado-para-la-declaracion-de-impuestos\/#breadcrumblist"},"author":{"@id":"https:\/\/www.eldigitaldeasturias.com\/noticias\/author\/admin\/#author"},"creator":{"@id":"https:\/\/www.eldigitaldeasturias.com\/noticias\/author\/admin\/#author"},"image":{"@type":"ImageObject","url":"https:\/\/www.eldigitaldeasturias.com\/noticias\/wp-content\/uploads\/2019\/04\/ndp-impuestos.jpg","@id":"https:\/\/www.eldigitaldeasturias.com\/noticias\/estas-preparado-para-la-declaracion-de-impuestos\/#mainImage","width":598,"height":243},"primaryImageOfPage":{"@id":"https:\/\/www.eldigitaldeasturias.com\/noticias\/estas-preparado-para-la-declaracion-de-impuestos\/#mainImage"},"datePublished":"2019-04-26T19:11:15+02:00","dateModified":"2019-04-26T19:11:15+02:00"},{"@type":"WebSite","@id":"https:\/\/www.eldigitaldeasturias.com\/noticias\/#website","url":"https:\/\/www.eldigitaldeasturias.com\/noticias\/","name":"El Digital de Asturias - Diario de actualidad y noticias","alternateName":"El Digital de Asturias - Diario de actualidad y noticias","description":"Hemeroteca","inLanguage":"es-ES","publisher":{"@id":"https:\/\/www.eldigitaldeasturias.com\/noticias\/#organization"}}]},"og:locale":"es_ES","og:site_name":"El Digital de Asturias","og:type":"article","og:title":"\u00bfEst\u00e1s preparado para la declaraci\u00f3n de impuestos? - El Digital de Asturias","og:description":"El IRPF est\u00e1 a la vuelta de la esquina, empezamos el per\u00edodo de descuento para tener que presentar la declaraci\u00f3n de impuestos. Aunque esto no es algo que sorprenda a nadie, sobre todo a los aut\u00f3nomos y empresarios que su rutina diaria es llevar al d\u00eda toda la contabilidad, para cada trimestre presentar las liquidaciones","og:url":"https:\/\/www.eldigitaldeasturias.com\/noticias\/estas-preparado-para-la-declaracion-de-impuestos\/","og:image":"https:\/\/www.eldigitaldeasturias.com\/noticias\/wp-content\/uploads\/2019\/04\/ndp-impuestos.jpg","og:image:secure_url":"https:\/\/www.eldigitaldeasturias.com\/noticias\/wp-content\/uploads\/2019\/04\/ndp-impuestos.jpg","og:image:width":598,"og:image:height":243,"article:tag":["econom\u00eda"],"article:published_time":"2019-04-26T19:11:15+00:00","article:modified_time":"2019-04-26T19:11:15+00:00","article:publisher":"https:\/\/facebook.com\/eldigitaldeasturias","twitter:card":"summary_large_image","twitter:title":"\u00bfEst\u00e1s preparado para la declaraci\u00f3n de impuestos? - El Digital de Asturias","twitter:description":"El IRPF est\u00e1 a la vuelta de la esquina, empezamos el per\u00edodo de descuento para tener que presentar la declaraci\u00f3n de impuestos. Aunque esto no es algo que sorprenda a nadie, sobre todo a los aut\u00f3nomos y empresarios que su rutina diaria es llevar al d\u00eda toda la contabilidad, para cada trimestre presentar las liquidaciones","twitter:image":"https:\/\/www.eldigitaldeasturias.com\/noticias\/wp-content\/uploads\/2019\/04\/ndp-impuestos.jpg","twitter:label1":"Escrito por","twitter:data1":"El Digital de Asturias","twitter:label2":"Tiempo de lectura estimado","twitter:data2":"4 minutos"},"aioseo_meta_data":{"post_id":"1025262","title":null,"description":null,"keywords":null,"keyphrases":null,"primary_term":null,"canonical_url":null,"og_title":null,"og_description":null,"og_object_type":"default","og_image_type":"default","og_image_url":null,"og_image_width":null,"og_image_height":null,"og_image_custom_url":null,"og_image_custom_fields":null,"og_video":null,"og_custom_url":null,"og_article_section":null,"og_article_tags":null,"twitter_use_og":false,"twitter_card":"default","twitter_image_type":"default","twitter_image_url":null,"twitter_image_custom_url":null,"twitter_image_custom_fields":null,"twitter_title":null,"twitter_description":null,"schema":{"blockGraphs":[],"customGraphs":[],"default":{"data":{"Article":[],"Course":[],"Dataset":[],"FAQPage":[],"Movie":[],"Person":[],"Product":[],"ProductReview":[],"Car":[],"Recipe":[],"Service":[],"SoftwareApplication":[],"WebPage":[]},"graphName":"","isEnabled":true},"graphs":[],"defaultGraph":"","defaultPostTypeGraph":""},"schema_type":null,"schema_type_options":null,"pillar_content":false,"robots_default":true,"robots_noindex":false,"robots_noarchive":false,"robots_nosnippet":false,"robots_nofollow":false,"robots_noimageindex":false,"robots_noodp":false,"robots_notranslate":false,"robots_max_snippet":null,"robots_max_videopreview":null,"robots_max_imagepreview":"large","priority":null,"frequency":null,"local_seo":null,"seo_analyzer_scan_date":"2025-10-17 22:12:08","breadcrumb_settings":null,"limit_modified_date":false,"open_ai":null,"ai":null,"created":"2020-12-21 11:14:39","updated":"2025-10-17 22:12:08"},"aioseo_breadcrumb":"<div class=\"aioseo-breadcrumbs\"><span class=\"aioseo-breadcrumb\">\n\t<a href=\"https:\/\/www.eldigitaldeasturias.com\/noticias\" title=\"Home\">Home<\/a>\n<\/span><span class=\"aioseo-breadcrumb-separator\">\u2013<\/span><span class=\"aioseo-breadcrumb\">\n\t<a href=\"https:\/\/www.eldigitaldeasturias.com\/noticias\/category\/economia\/\" title=\"Econom\u00eda\">Econom\u00eda<\/a>\n<\/span><span class=\"aioseo-breadcrumb-separator\">\u2013<\/span><span class=\"aioseo-breadcrumb\">\n\t<a href=\"https:\/\/www.eldigitaldeasturias.com\/noticias\/estas-preparado-para-la-declaracion-de-impuestos\/\" title=\"\u00bfEst\u00e1s preparado para la declaraci\u00f3n de impuestos?\">\u00bfEst\u00e1s preparado para la declaraci\u00f3n de impuestos?<\/a>\n<\/span><\/div>","aioseo_breadcrumb_json":[{"label":"Home","link":"https:\/\/www.eldigitaldeasturias.com\/noticias"},{"label":"Econom\u00eda","link":"https:\/\/www.eldigitaldeasturias.com\/noticias\/category\/economia\/"},{"label":"\u00bfEst\u00e1s preparado para la declaraci\u00f3n de impuestos?","link":"https:\/\/www.eldigitaldeasturias.com\/noticias\/estas-preparado-para-la-declaracion-de-impuestos\/"}],"_links":{"self":[{"href":"https:\/\/www.eldigitaldeasturias.com\/noticias\/wp-json\/wp\/v2\/posts\/1025262","targetHints":{"allow":["GET"]}}],"collection":[{"href":"https:\/\/www.eldigitaldeasturias.com\/noticias\/wp-json\/wp\/v2\/posts"}],"about":[{"href":"https:\/\/www.eldigitaldeasturias.com\/noticias\/wp-json\/wp\/v2\/types\/post"}],"author":[{"embeddable":true,"href":"https:\/\/www.eldigitaldeasturias.com\/noticias\/wp-json\/wp\/v2\/users\/1"}],"replies":[{"embeddable":true,"href":"https:\/\/www.eldigitaldeasturias.com\/noticias\/wp-json\/wp\/v2\/comments?post=1025262"}],"version-history":[{"count":0,"href":"https:\/\/www.eldigitaldeasturias.com\/noticias\/wp-json\/wp\/v2\/posts\/1025262\/revisions"}],"wp:featuredmedia":[{"embeddable":true,"href":"https:\/\/www.eldigitaldeasturias.com\/noticias\/wp-json\/wp\/v2\/media\/1025263"}],"wp:attachment":[{"href":"https:\/\/www.eldigitaldeasturias.com\/noticias\/wp-json\/wp\/v2\/media?parent=1025262"}],"wp:term":[{"taxonomy":"category","embeddable":true,"href":"https:\/\/www.eldigitaldeasturias.com\/noticias\/wp-json\/wp\/v2\/categories?post=1025262"},{"taxonomy":"post_tag","embeddable":true,"href":"https:\/\/www.eldigitaldeasturias.com\/noticias\/wp-json\/wp\/v2\/tags?post=1025262"}],"curies":[{"name":"wp","href":"https:\/\/api.w.org\/{rel}","templated":true}]}}