{"id":1025128,"date":"2019-04-25T15:52:24","date_gmt":"2019-04-25T15:52:24","guid":{"rendered":"https:\/\/www.eldigitaldeasturias.com\/noticias\/?p=1025128"},"modified":"2019-04-25T15:52:24","modified_gmt":"2019-04-25T15:52:24","slug":"formula-2-la-segunda-cita-de-mick-schumacher","status":"publish","type":"post","link":"https:\/\/www.eldigitaldeasturias.com\/noticias\/formula-2-la-segunda-cita-de-mick-schumacher\/","title":{"rendered":"F\u00f3rmula 2: La segunda \u201ccita\u201d de Mick Schumacher"},"content":{"rendered":"<p><img loading=\"lazy\" decoding=\"async\" class=\"alignleft size-medium wp-image-1025129\" src=\"https:\/\/www.eldigitaldeasturias.com\/noticias\/wp-content\/uploads\/2019\/04\/Mick-Schumacher-360x240.jpg\" alt=\"\" width=\"360\" height=\"240\" srcset=\"https:\/\/www.eldigitaldeasturias.com\/noticias\/wp-content\/uploads\/2019\/04\/Mick-Schumacher-360x240.jpg 360w, https:\/\/www.eldigitaldeasturias.com\/noticias\/wp-content\/uploads\/2019\/04\/Mick-Schumacher-768x511.jpg 768w, https:\/\/www.eldigitaldeasturias.com\/noticias\/wp-content\/uploads\/2019\/04\/Mick-Schumacher-650x433.jpg 650w, https:\/\/www.eldigitaldeasturias.com\/noticias\/wp-content\/uploads\/2019\/04\/Mick-Schumacher-675x450.jpg 675w, https:\/\/www.eldigitaldeasturias.com\/noticias\/wp-content\/uploads\/2019\/04\/Mick-Schumacher.jpg 1012w\" sizes=\"auto, (max-width: 360px) 100vw, 360px\" \/>Bak\u00fa, 25 abr (dpa) \u2013 El piloto alem\u00e1n Mick Schumacher es optimista ante su segunda carrera de F\u00f3rmula 2 y siente que est\u00e1 \u00abtodo listo para Bak\u00fa\u00bb, seg\u00fan escribi\u00f3 en su cuenta de Instagram junto a una foto del reconocimiento del circuito.<\/p>\n<p>El hijo de Michael Schumacher, siete veces campe\u00f3n del mundo de F\u00f3rmula 1, corre con la escuder\u00eda italiana Prema y comenzar\u00e1 ma\u00f1ana los entrenamientos para el Gran Premio de Azerbaiy\u00e1n. Mick Schumacher tambi\u00e9n disputar\u00e1 las sesiones de clasificaci\u00f3n para las dos carreras de la prueba de Bak\u00fa, una el s\u00e1bado y otra el domingo.<\/p>\n<p>\u00abBak\u00fa es un circuito especial\u00bb, coment\u00f3 Schumacher al diario alem\u00e1n \u00abExpress\u00bb, y dijo sentirse bien preparado: \u00abMe entren\u00e9 en detalle con mi equipo de Prema en el simulador\u00bb.<\/p>\n<p>Schumacher sum\u00f3 dos puntos en su primera carrera de F\u00f3rmula 2 en el Gran Premio de Bar\u00e9in a principios de mes. En el circuito de Sakhir termin\u00f3 octavo y sexto en las dos carreras disputadas. Despu\u00e9s pudo conducir por primera vez el modelo actual de Ferrari durante las pruebas de test de F\u00f3rmula 1.<\/p>\n<p><strong><em>Foto: Thomas Frey\/dpa<\/em><\/strong><\/p>\n<p>&nbsp;<\/p>\n","protected":false},"excerpt":{"rendered":"<p>Bak\u00fa, 25 abr (dpa) \u2013 El piloto alem\u00e1n Mick Schumacher es optimista ante su segunda carrera de F\u00f3rmula 2 y siente que est\u00e1 \u00abtodo listo para Bak\u00fa\u00bb, seg\u00fan escribi\u00f3 en su cuenta de Instagram junto a una foto del reconocimiento del circuito. El hijo de Michael Schumacher, siete veces campe\u00f3n del mundo de F\u00f3rmula 1, [&hellip;]<\/p>\n","protected":false},"author":1,"featured_media":1025129,"comment_status":"closed","ping_status":"closed","sticky":false,"template":"","format":"standard","meta":{"footnotes":""},"categories":[190],"tags":[],"class_list":["post-1025128","post","type-post","status-publish","format-standard","has-post-thumbnail","hentry","category-deportes"],"aioseo_notices":[],"aioseo_head":"\n\t\t<!-- All in One SEO Pro 4.9.6.2 - aioseo.com -->\n\t<meta name=\"description\" content=\"Bak\u00fa, 25 abr (dpa) \u2013 El piloto alem\u00e1n Mick Schumacher es optimista ante su segunda carrera de F\u00f3rmula 2 y siente que est\u00e1 &quot;todo listo para Bak\u00fa&quot;, seg\u00fan escribi\u00f3 en su cuenta de Instagram junto a una foto del reconocimiento del circuito. El hijo de Michael Schumacher, siete veces campe\u00f3n del mundo de F\u00f3rmula 1,\" \/>\n\t<meta name=\"robots\" content=\"max-image-preview:large\" \/>\n\t<meta name=\"author\" content=\"El Digital de Asturias\"\/>\n\t<meta name=\"google-site-verification\" content=\"UA-38556648-1\" \/>\n\t<meta name=\"msvalidate.01\" content=\"7dfe9f3f1b24437ab69f4f2559babe99\" \/>\n\t<meta name=\"keywords\" content=\"deportes\" \/>\n\t<link rel=\"canonical\" href=\"https:\/\/www.eldigitaldeasturias.com\/noticias\/formula-2-la-segunda-cita-de-mick-schumacher\/\" \/>\n\t<meta name=\"generator\" content=\"All in One SEO Pro (AIOSEO) 4.9.6.2\" \/>\n\t\t<meta property=\"og:locale\" content=\"es_ES\" \/>\n\t\t<meta property=\"og:site_name\" content=\"El Digital de Asturias\" \/>\n\t\t<meta property=\"og:type\" content=\"article\" \/>\n\t\t<meta property=\"og:title\" content=\"F\u00f3rmula 2: La segunda \u201ccita\u201d de Mick Schumacher - El Digital de Asturias\" \/>\n\t\t<meta property=\"og:description\" content=\"Bak\u00fa, 25 abr (dpa) \u2013 El piloto alem\u00e1n Mick Schumacher es optimista ante su segunda carrera de F\u00f3rmula 2 y siente que est\u00e1 &quot;todo listo para Bak\u00fa&quot;, seg\u00fan escribi\u00f3 en su cuenta de Instagram junto a una foto del reconocimiento del circuito. El hijo de Michael Schumacher, siete veces campe\u00f3n del mundo de F\u00f3rmula 1,\" \/>\n\t\t<meta property=\"og:url\" content=\"https:\/\/www.eldigitaldeasturias.com\/noticias\/formula-2-la-segunda-cita-de-mick-schumacher\/\" \/>\n\t\t<meta property=\"og:image\" content=\"https:\/\/www.eldigitaldeasturias.com\/noticias\/wp-content\/uploads\/2019\/04\/Mick-Schumacher.jpg\" \/>\n\t\t<meta property=\"og:image:secure_url\" content=\"https:\/\/www.eldigitaldeasturias.com\/noticias\/wp-content\/uploads\/2019\/04\/Mick-Schumacher.jpg\" \/>\n\t\t<meta property=\"og:image:width\" content=\"1012\" \/>\n\t\t<meta property=\"og:image:height\" content=\"674\" \/>\n\t\t<meta property=\"article:tag\" content=\"deportes\" \/>\n\t\t<meta property=\"article:published_time\" content=\"2019-04-25T15:52:24+00:00\" \/>\n\t\t<meta property=\"article:modified_time\" content=\"2019-04-25T15:52:24+00:00\" \/>\n\t\t<meta property=\"article:publisher\" content=\"https:\/\/facebook.com\/eldigitaldeasturias\" \/>\n\t\t<meta name=\"twitter:card\" content=\"summary_large_image\" \/>\n\t\t<meta name=\"twitter:title\" content=\"F\u00f3rmula 2: La segunda \u201ccita\u201d de Mick Schumacher - El Digital de Asturias\" \/>\n\t\t<meta name=\"twitter:description\" content=\"Bak\u00fa, 25 abr (dpa) \u2013 El piloto alem\u00e1n Mick Schumacher es optimista ante su segunda carrera de F\u00f3rmula 2 y siente que est\u00e1 &quot;todo listo para Bak\u00fa&quot;, seg\u00fan escribi\u00f3 en su cuenta de Instagram junto a una foto del reconocimiento del circuito. El hijo de Michael Schumacher, siete veces campe\u00f3n del mundo de F\u00f3rmula 1,\" \/>\n\t\t<meta name=\"twitter:image\" content=\"https:\/\/www.eldigitaldeasturias.com\/noticias\/wp-content\/uploads\/2019\/04\/Mick-Schumacher.jpg\" \/>\n\t\t<meta name=\"twitter:label1\" content=\"Escrito por\" \/>\n\t\t<meta name=\"twitter:data1\" content=\"El Digital de Asturias\" \/>\n\t\t<meta name=\"twitter:label2\" content=\"Tiempo de lectura estimado\" \/>\n\t\t<meta name=\"twitter:data2\" content=\"1 minuto\" \/>\n\t\t<script type=\"application\/ld+json\" class=\"aioseo-schema\">\n\t\t\t{\"@context\":\"https:\\\/\\\/schema.org\",\"@graph\":[{\"@type\":\"BlogPosting\",\"@id\":\"https:\\\/\\\/www.eldigitaldeasturias.com\\\/noticias\\\/formula-2-la-segunda-cita-de-mick-schumacher\\\/#blogposting\",\"name\":\"F\\u00f3rmula 2: La segunda \\u201ccita\\u201d de Mick Schumacher - El Digital de Asturias\",\"headline\":\"F\\u00f3rmula 2: La segunda \\u201ccita\\u201d de Mick Schumacher\",\"author\":{\"@id\":\"https:\\\/\\\/www.eldigitaldeasturias.com\\\/noticias\\\/author\\\/admin\\\/#author\"},\"publisher\":{\"@id\":\"https:\\\/\\\/www.eldigitaldeasturias.com\\\/noticias\\\/#organization\"},\"image\":{\"@type\":\"ImageObject\",\"url\":\"https:\\\/\\\/www.eldigitaldeasturias.com\\\/noticias\\\/wp-content\\\/uploads\\\/2019\\\/04\\\/Mick-Schumacher.jpg\",\"width\":1012,\"height\":674},\"datePublished\":\"2019-04-25T15:52:24+02:00\",\"dateModified\":\"2019-04-25T15:52:24+02:00\",\"inLanguage\":\"es-ES\",\"mainEntityOfPage\":{\"@id\":\"https:\\\/\\\/www.eldigitaldeasturias.com\\\/noticias\\\/formula-2-la-segunda-cita-de-mick-schumacher\\\/#webpage\"},\"isPartOf\":{\"@id\":\"https:\\\/\\\/www.eldigitaldeasturias.com\\\/noticias\\\/formula-2-la-segunda-cita-de-mick-schumacher\\\/#webpage\"},\"articleSection\":\"Deportes\"},{\"@type\":\"BreadcrumbList\",\"@id\":\"https:\\\/\\\/www.eldigitaldeasturias.com\\\/noticias\\\/formula-2-la-segunda-cita-de-mick-schumacher\\\/#breadcrumblist\",\"itemListElement\":[{\"@type\":\"ListItem\",\"@id\":\"https:\\\/\\\/www.eldigitaldeasturias.com\\\/noticias#listItem\",\"position\":1,\"name\":\"Home\",\"item\":\"https:\\\/\\\/www.eldigitaldeasturias.com\\\/noticias\",\"nextItem\":{\"@type\":\"ListItem\",\"@id\":\"https:\\\/\\\/www.eldigitaldeasturias.com\\\/noticias\\\/category\\\/deportes\\\/#listItem\",\"name\":\"Deportes\"}},{\"@type\":\"ListItem\",\"@id\":\"https:\\\/\\\/www.eldigitaldeasturias.com\\\/noticias\\\/category\\\/deportes\\\/#listItem\",\"position\":2,\"name\":\"Deportes\",\"item\":\"https:\\\/\\\/www.eldigitaldeasturias.com\\\/noticias\\\/category\\\/deportes\\\/\",\"nextItem\":{\"@type\":\"ListItem\",\"@id\":\"https:\\\/\\\/www.eldigitaldeasturias.com\\\/noticias\\\/formula-2-la-segunda-cita-de-mick-schumacher\\\/#listItem\",\"name\":\"F\\u00f3rmula 2: La segunda \\u201ccita\\u201d de Mick Schumacher\"},\"previousItem\":{\"@type\":\"ListItem\",\"@id\":\"https:\\\/\\\/www.eldigitaldeasturias.com\\\/noticias#listItem\",\"name\":\"Home\"}},{\"@type\":\"ListItem\",\"@id\":\"https:\\\/\\\/www.eldigitaldeasturias.com\\\/noticias\\\/formula-2-la-segunda-cita-de-mick-schumacher\\\/#listItem\",\"position\":3,\"name\":\"F\\u00f3rmula 2: La segunda \\u201ccita\\u201d de Mick Schumacher\",\"previousItem\":{\"@type\":\"ListItem\",\"@id\":\"https:\\\/\\\/www.eldigitaldeasturias.com\\\/noticias\\\/category\\\/deportes\\\/#listItem\",\"name\":\"Deportes\"}}]},{\"@type\":\"Organization\",\"@id\":\"https:\\\/\\\/www.eldigitaldeasturias.com\\\/noticias\\\/#organization\",\"name\":\"El Digital de Asturias\",\"description\":\"Hemeroteca\",\"url\":\"https:\\\/\\\/www.eldigitaldeasturias.com\\\/noticias\\\/\",\"email\":\"info@eldigitaldeasturias.com\",\"telephone\":\"+34652131393\",\"logo\":{\"@type\":\"ImageObject\",\"url\":\"https:\\\/\\\/www.eldigitaldeasturias.com\\\/noticias\\\/wp-content\\\/uploads\\\/2020\\\/12\\\/EDA.jpg\",\"@id\":\"https:\\\/\\\/www.eldigitaldeasturias.com\\\/noticias\\\/formula-2-la-segunda-cita-de-mick-schumacher\\\/#organizationLogo\",\"width\":649,\"height\":297},\"image\":{\"@id\":\"https:\\\/\\\/www.eldigitaldeasturias.com\\\/noticias\\\/formula-2-la-segunda-cita-de-mick-schumacher\\\/#organizationLogo\"},\"sameAs\":[\"https:\\\/\\\/facebook.com\\\/eldigitaldeasturias\",\"https:\\\/\\\/www.youtube.com\\\/channel\\\/UCZP-2wLEB9Rv6erhFmqVnvg\"],\"address\":{\"@id\":\"https:\\\/\\\/www.eldigitaldeasturias.com\\\/noticias\\\/#postaladdress\",\"@type\":\"PostalAddress\",\"streetAddress\":\"san antonio 4,\",\"postalCode\":\"33430\",\"addressLocality\":\"Cand\\u00e1s\",\"addressRegion\":\"Asturias\",\"addressCountry\":\"ES\"}},{\"@type\":\"Person\",\"@id\":\"https:\\\/\\\/www.eldigitaldeasturias.com\\\/noticias\\\/author\\\/admin\\\/#author\",\"url\":\"https:\\\/\\\/www.eldigitaldeasturias.com\\\/noticias\\\/author\\\/admin\\\/\",\"name\":\"El Digital de Asturias\",\"image\":{\"@type\":\"ImageObject\",\"@id\":\"https:\\\/\\\/www.eldigitaldeasturias.com\\\/noticias\\\/formula-2-la-segunda-cita-de-mick-schumacher\\\/#authorImage\",\"url\":\"https:\\\/\\\/www.eldigitaldeasturias.com\\\/noticias\\\/wp-content\\\/litespeed\\\/avatar\\\/18677e78aa0546b92d9dbf31ec7d7668.jpg?ver=1777290358\",\"width\":96,\"height\":96,\"caption\":\"El Digital de Asturias\"}},{\"@type\":\"WebPage\",\"@id\":\"https:\\\/\\\/www.eldigitaldeasturias.com\\\/noticias\\\/formula-2-la-segunda-cita-de-mick-schumacher\\\/#webpage\",\"url\":\"https:\\\/\\\/www.eldigitaldeasturias.com\\\/noticias\\\/formula-2-la-segunda-cita-de-mick-schumacher\\\/\",\"name\":\"F\\u00f3rmula 2: La segunda \\u201ccita\\u201d de Mick Schumacher - El Digital de Asturias\",\"description\":\"Bak\\u00fa, 25 abr (dpa) \\u2013 El piloto alem\\u00e1n Mick Schumacher es optimista ante su segunda carrera de F\\u00f3rmula 2 y siente que est\\u00e1 \\\"todo listo para Bak\\u00fa\\\", seg\\u00fan escribi\\u00f3 en su cuenta de Instagram junto a una foto del reconocimiento del circuito. El hijo de Michael Schumacher, siete veces campe\\u00f3n del mundo de F\\u00f3rmula 1,\",\"inLanguage\":\"es-ES\",\"isPartOf\":{\"@id\":\"https:\\\/\\\/www.eldigitaldeasturias.com\\\/noticias\\\/#website\"},\"breadcrumb\":{\"@id\":\"https:\\\/\\\/www.eldigitaldeasturias.com\\\/noticias\\\/formula-2-la-segunda-cita-de-mick-schumacher\\\/#breadcrumblist\"},\"author\":{\"@id\":\"https:\\\/\\\/www.eldigitaldeasturias.com\\\/noticias\\\/author\\\/admin\\\/#author\"},\"creator\":{\"@id\":\"https:\\\/\\\/www.eldigitaldeasturias.com\\\/noticias\\\/author\\\/admin\\\/#author\"},\"image\":{\"@type\":\"ImageObject\",\"url\":\"https:\\\/\\\/www.eldigitaldeasturias.com\\\/noticias\\\/wp-content\\\/uploads\\\/2019\\\/04\\\/Mick-Schumacher.jpg\",\"@id\":\"https:\\\/\\\/www.eldigitaldeasturias.com\\\/noticias\\\/formula-2-la-segunda-cita-de-mick-schumacher\\\/#mainImage\",\"width\":1012,\"height\":674},\"primaryImageOfPage\":{\"@id\":\"https:\\\/\\\/www.eldigitaldeasturias.com\\\/noticias\\\/formula-2-la-segunda-cita-de-mick-schumacher\\\/#mainImage\"},\"datePublished\":\"2019-04-25T15:52:24+02:00\",\"dateModified\":\"2019-04-25T15:52:24+02:00\"},{\"@type\":\"WebSite\",\"@id\":\"https:\\\/\\\/www.eldigitaldeasturias.com\\\/noticias\\\/#website\",\"url\":\"https:\\\/\\\/www.eldigitaldeasturias.com\\\/noticias\\\/\",\"name\":\"El Digital de Asturias - Diario de actualidad y noticias\",\"alternateName\":\"El Digital de Asturias - Diario de actualidad y noticias\",\"description\":\"Hemeroteca\",\"inLanguage\":\"es-ES\",\"publisher\":{\"@id\":\"https:\\\/\\\/www.eldigitaldeasturias.com\\\/noticias\\\/#organization\"}}]}\n\t\t<\/script>\n\t\t<!-- All in One SEO Pro -->\r\n\t\t<title>F\u00f3rmula 2: La segunda \u201ccita\u201d de Mick Schumacher - El Digital de Asturias<\/title>\n\n","aioseo_head_json":{"title":"F\u00f3rmula 2: La segunda \u201ccita\u201d de Mick Schumacher - El Digital de Asturias","description":"Bak\u00fa, 25 abr (dpa) \u2013 El piloto alem\u00e1n Mick Schumacher es optimista ante su segunda carrera de F\u00f3rmula 2 y siente que est\u00e1 \"todo listo para Bak\u00fa\", seg\u00fan escribi\u00f3 en su cuenta de Instagram junto a una foto del reconocimiento del circuito. El hijo de Michael Schumacher, siete veces campe\u00f3n del mundo de F\u00f3rmula 1,","canonical_url":"https:\/\/www.eldigitaldeasturias.com\/noticias\/formula-2-la-segunda-cita-de-mick-schumacher\/","robots":"max-image-preview:large","keywords":"deportes","webmasterTools":{"google-site-verification":"UA-38556648-1","msvalidate.01":"7dfe9f3f1b24437ab69f4f2559babe99","miscellaneous":""},"schema":{"@context":"https:\/\/schema.org","@graph":[{"@type":"BlogPosting","@id":"https:\/\/www.eldigitaldeasturias.com\/noticias\/formula-2-la-segunda-cita-de-mick-schumacher\/#blogposting","name":"F\u00f3rmula 2: La segunda \u201ccita\u201d de Mick Schumacher - El Digital de Asturias","headline":"F\u00f3rmula 2: La segunda \u201ccita\u201d de Mick Schumacher","author":{"@id":"https:\/\/www.eldigitaldeasturias.com\/noticias\/author\/admin\/#author"},"publisher":{"@id":"https:\/\/www.eldigitaldeasturias.com\/noticias\/#organization"},"image":{"@type":"ImageObject","url":"https:\/\/www.eldigitaldeasturias.com\/noticias\/wp-content\/uploads\/2019\/04\/Mick-Schumacher.jpg","width":1012,"height":674},"datePublished":"2019-04-25T15:52:24+02:00","dateModified":"2019-04-25T15:52:24+02:00","inLanguage":"es-ES","mainEntityOfPage":{"@id":"https:\/\/www.eldigitaldeasturias.com\/noticias\/formula-2-la-segunda-cita-de-mick-schumacher\/#webpage"},"isPartOf":{"@id":"https:\/\/www.eldigitaldeasturias.com\/noticias\/formula-2-la-segunda-cita-de-mick-schumacher\/#webpage"},"articleSection":"Deportes"},{"@type":"BreadcrumbList","@id":"https:\/\/www.eldigitaldeasturias.com\/noticias\/formula-2-la-segunda-cita-de-mick-schumacher\/#breadcrumblist","itemListElement":[{"@type":"ListItem","@id":"https:\/\/www.eldigitaldeasturias.com\/noticias#listItem","position":1,"name":"Home","item":"https:\/\/www.eldigitaldeasturias.com\/noticias","nextItem":{"@type":"ListItem","@id":"https:\/\/www.eldigitaldeasturias.com\/noticias\/category\/deportes\/#listItem","name":"Deportes"}},{"@type":"ListItem","@id":"https:\/\/www.eldigitaldeasturias.com\/noticias\/category\/deportes\/#listItem","position":2,"name":"Deportes","item":"https:\/\/www.eldigitaldeasturias.com\/noticias\/category\/deportes\/","nextItem":{"@type":"ListItem","@id":"https:\/\/www.eldigitaldeasturias.com\/noticias\/formula-2-la-segunda-cita-de-mick-schumacher\/#listItem","name":"F\u00f3rmula 2: La segunda \u201ccita\u201d de Mick Schumacher"},"previousItem":{"@type":"ListItem","@id":"https:\/\/www.eldigitaldeasturias.com\/noticias#listItem","name":"Home"}},{"@type":"ListItem","@id":"https:\/\/www.eldigitaldeasturias.com\/noticias\/formula-2-la-segunda-cita-de-mick-schumacher\/#listItem","position":3,"name":"F\u00f3rmula 2: La segunda \u201ccita\u201d de Mick Schumacher","previousItem":{"@type":"ListItem","@id":"https:\/\/www.eldigitaldeasturias.com\/noticias\/category\/deportes\/#listItem","name":"Deportes"}}]},{"@type":"Organization","@id":"https:\/\/www.eldigitaldeasturias.com\/noticias\/#organization","name":"El Digital de Asturias","description":"Hemeroteca","url":"https:\/\/www.eldigitaldeasturias.com\/noticias\/","email":"info@eldigitaldeasturias.com","telephone":"+34652131393","logo":{"@type":"ImageObject","url":"https:\/\/www.eldigitaldeasturias.com\/noticias\/wp-content\/uploads\/2020\/12\/EDA.jpg","@id":"https:\/\/www.eldigitaldeasturias.com\/noticias\/formula-2-la-segunda-cita-de-mick-schumacher\/#organizationLogo","width":649,"height":297},"image":{"@id":"https:\/\/www.eldigitaldeasturias.com\/noticias\/formula-2-la-segunda-cita-de-mick-schumacher\/#organizationLogo"},"sameAs":["https:\/\/facebook.com\/eldigitaldeasturias","https:\/\/www.youtube.com\/channel\/UCZP-2wLEB9Rv6erhFmqVnvg"],"address":{"@id":"https:\/\/www.eldigitaldeasturias.com\/noticias\/#postaladdress","@type":"PostalAddress","streetAddress":"san antonio 4,","postalCode":"33430","addressLocality":"Cand\u00e1s","addressRegion":"Asturias","addressCountry":"ES"}},{"@type":"Person","@id":"https:\/\/www.eldigitaldeasturias.com\/noticias\/author\/admin\/#author","url":"https:\/\/www.eldigitaldeasturias.com\/noticias\/author\/admin\/","name":"El Digital de Asturias","image":{"@type":"ImageObject","@id":"https:\/\/www.eldigitaldeasturias.com\/noticias\/formula-2-la-segunda-cita-de-mick-schumacher\/#authorImage","url":"https:\/\/www.eldigitaldeasturias.com\/noticias\/wp-content\/litespeed\/avatar\/18677e78aa0546b92d9dbf31ec7d7668.jpg?ver=1777290358","width":96,"height":96,"caption":"El Digital de Asturias"}},{"@type":"WebPage","@id":"https:\/\/www.eldigitaldeasturias.com\/noticias\/formula-2-la-segunda-cita-de-mick-schumacher\/#webpage","url":"https:\/\/www.eldigitaldeasturias.com\/noticias\/formula-2-la-segunda-cita-de-mick-schumacher\/","name":"F\u00f3rmula 2: La segunda \u201ccita\u201d de Mick Schumacher - El Digital de Asturias","description":"Bak\u00fa, 25 abr (dpa) \u2013 El piloto alem\u00e1n Mick Schumacher es optimista ante su segunda carrera de F\u00f3rmula 2 y siente que est\u00e1 \"todo listo para Bak\u00fa\", seg\u00fan escribi\u00f3 en su cuenta de Instagram junto a una foto del reconocimiento del circuito. El hijo de Michael Schumacher, siete veces campe\u00f3n del mundo de F\u00f3rmula 1,","inLanguage":"es-ES","isPartOf":{"@id":"https:\/\/www.eldigitaldeasturias.com\/noticias\/#website"},"breadcrumb":{"@id":"https:\/\/www.eldigitaldeasturias.com\/noticias\/formula-2-la-segunda-cita-de-mick-schumacher\/#breadcrumblist"},"author":{"@id":"https:\/\/www.eldigitaldeasturias.com\/noticias\/author\/admin\/#author"},"creator":{"@id":"https:\/\/www.eldigitaldeasturias.com\/noticias\/author\/admin\/#author"},"image":{"@type":"ImageObject","url":"https:\/\/www.eldigitaldeasturias.com\/noticias\/wp-content\/uploads\/2019\/04\/Mick-Schumacher.jpg","@id":"https:\/\/www.eldigitaldeasturias.com\/noticias\/formula-2-la-segunda-cita-de-mick-schumacher\/#mainImage","width":1012,"height":674},"primaryImageOfPage":{"@id":"https:\/\/www.eldigitaldeasturias.com\/noticias\/formula-2-la-segunda-cita-de-mick-schumacher\/#mainImage"},"datePublished":"2019-04-25T15:52:24+02:00","dateModified":"2019-04-25T15:52:24+02:00"},{"@type":"WebSite","@id":"https:\/\/www.eldigitaldeasturias.com\/noticias\/#website","url":"https:\/\/www.eldigitaldeasturias.com\/noticias\/","name":"El Digital de Asturias - Diario de actualidad y noticias","alternateName":"El Digital de Asturias - Diario de actualidad y noticias","description":"Hemeroteca","inLanguage":"es-ES","publisher":{"@id":"https:\/\/www.eldigitaldeasturias.com\/noticias\/#organization"}}]},"og:locale":"es_ES","og:site_name":"El Digital de Asturias","og:type":"article","og:title":"F\u00f3rmula 2: La segunda \u201ccita\u201d de Mick Schumacher - El Digital de Asturias","og:description":"Bak\u00fa, 25 abr (dpa) \u2013 El piloto alem\u00e1n Mick Schumacher es optimista ante su segunda carrera de F\u00f3rmula 2 y siente que est\u00e1 &quot;todo listo para Bak\u00fa&quot;, seg\u00fan escribi\u00f3 en su cuenta de Instagram junto a una foto del reconocimiento del circuito. El hijo de Michael Schumacher, siete veces campe\u00f3n del mundo de F\u00f3rmula 1,","og:url":"https:\/\/www.eldigitaldeasturias.com\/noticias\/formula-2-la-segunda-cita-de-mick-schumacher\/","og:image":"https:\/\/www.eldigitaldeasturias.com\/noticias\/wp-content\/uploads\/2019\/04\/Mick-Schumacher.jpg","og:image:secure_url":"https:\/\/www.eldigitaldeasturias.com\/noticias\/wp-content\/uploads\/2019\/04\/Mick-Schumacher.jpg","og:image:width":1012,"og:image:height":674,"article:tag":["deportes"],"article:published_time":"2019-04-25T15:52:24+00:00","article:modified_time":"2019-04-25T15:52:24+00:00","article:publisher":"https:\/\/facebook.com\/eldigitaldeasturias","twitter:card":"summary_large_image","twitter:title":"F\u00f3rmula 2: La segunda \u201ccita\u201d de Mick Schumacher - El Digital de Asturias","twitter:description":"Bak\u00fa, 25 abr (dpa) \u2013 El piloto alem\u00e1n Mick Schumacher es optimista ante su segunda carrera de F\u00f3rmula 2 y siente que est\u00e1 &quot;todo listo para Bak\u00fa&quot;, seg\u00fan escribi\u00f3 en su cuenta de Instagram junto a una foto del reconocimiento del circuito. El hijo de Michael Schumacher, siete veces campe\u00f3n del mundo de F\u00f3rmula 1,","twitter:image":"https:\/\/www.eldigitaldeasturias.com\/noticias\/wp-content\/uploads\/2019\/04\/Mick-Schumacher.jpg","twitter:label1":"Escrito por","twitter:data1":"El Digital de Asturias","twitter:label2":"Tiempo de lectura estimado","twitter:data2":"1 minuto"},"aioseo_meta_data":{"post_id":"1025128","title":null,"description":null,"keywords":null,"keyphrases":null,"primary_term":null,"canonical_url":null,"og_title":null,"og_description":null,"og_object_type":"default","og_image_type":"default","og_image_url":null,"og_image_width":null,"og_image_height":null,"og_image_custom_url":null,"og_image_custom_fields":null,"og_video":null,"og_custom_url":null,"og_article_section":null,"og_article_tags":null,"twitter_use_og":false,"twitter_card":"default","twitter_image_type":"default","twitter_image_url":null,"twitter_image_custom_url":null,"twitter_image_custom_fields":null,"twitter_title":null,"twitter_description":null,"schema":{"blockGraphs":[],"customGraphs":[],"default":{"data":{"Article":[],"Course":[],"Dataset":[],"FAQPage":[],"Movie":[],"Person":[],"Product":[],"ProductReview":[],"Car":[],"Recipe":[],"Service":[],"SoftwareApplication":[],"WebPage":[]},"graphName":"","isEnabled":true},"graphs":[],"defaultGraph":"","defaultPostTypeGraph":""},"schema_type":null,"schema_type_options":null,"pillar_content":false,"robots_default":true,"robots_noindex":false,"robots_noarchive":false,"robots_nosnippet":false,"robots_nofollow":false,"robots_noimageindex":false,"robots_noodp":false,"robots_notranslate":false,"robots_max_snippet":null,"robots_max_videopreview":null,"robots_max_imagepreview":"large","priority":null,"frequency":null,"local_seo":null,"seo_analyzer_scan_date":"2025-10-17 21:31:10","breadcrumb_settings":null,"limit_modified_date":false,"open_ai":null,"ai":null,"created":"2020-12-21 11:14:40","updated":"2025-10-17 21:31:10"},"aioseo_breadcrumb":"<div class=\"aioseo-breadcrumbs\"><span class=\"aioseo-breadcrumb\">\n\t<a href=\"https:\/\/www.eldigitaldeasturias.com\/noticias\" title=\"Home\">Home<\/a>\n<\/span><span class=\"aioseo-breadcrumb-separator\">\u2013<\/span><span class=\"aioseo-breadcrumb\">\n\t<a href=\"https:\/\/www.eldigitaldeasturias.com\/noticias\/category\/deportes\/\" title=\"Deportes\">Deportes<\/a>\n<\/span><span class=\"aioseo-breadcrumb-separator\">\u2013<\/span><span class=\"aioseo-breadcrumb\">\n\t<a href=\"https:\/\/www.eldigitaldeasturias.com\/noticias\/formula-2-la-segunda-cita-de-mick-schumacher\/\" title=\"F\u00f3rmula 2: La segunda \u201ccita\u201d de Mick Schumacher\">F\u00f3rmula 2: La segunda \u201ccita\u201d de Mick Schumacher<\/a>\n<\/span><\/div>","aioseo_breadcrumb_json":[{"label":"Home","link":"https:\/\/www.eldigitaldeasturias.com\/noticias"},{"label":"Deportes","link":"https:\/\/www.eldigitaldeasturias.com\/noticias\/category\/deportes\/"},{"label":"F\u00f3rmula 2: La segunda \u201ccita\u201d de Mick Schumacher","link":"https:\/\/www.eldigitaldeasturias.com\/noticias\/formula-2-la-segunda-cita-de-mick-schumacher\/"}],"_links":{"self":[{"href":"https:\/\/www.eldigitaldeasturias.com\/noticias\/wp-json\/wp\/v2\/posts\/1025128","targetHints":{"allow":["GET"]}}],"collection":[{"href":"https:\/\/www.eldigitaldeasturias.com\/noticias\/wp-json\/wp\/v2\/posts"}],"about":[{"href":"https:\/\/www.eldigitaldeasturias.com\/noticias\/wp-json\/wp\/v2\/types\/post"}],"author":[{"embeddable":true,"href":"https:\/\/www.eldigitaldeasturias.com\/noticias\/wp-json\/wp\/v2\/users\/1"}],"replies":[{"embeddable":true,"href":"https:\/\/www.eldigitaldeasturias.com\/noticias\/wp-json\/wp\/v2\/comments?post=1025128"}],"version-history":[{"count":0,"href":"https:\/\/www.eldigitaldeasturias.com\/noticias\/wp-json\/wp\/v2\/posts\/1025128\/revisions"}],"wp:featuredmedia":[{"embeddable":true,"href":"https:\/\/www.eldigitaldeasturias.com\/noticias\/wp-json\/wp\/v2\/media\/1025129"}],"wp:attachment":[{"href":"https:\/\/www.eldigitaldeasturias.com\/noticias\/wp-json\/wp\/v2\/media?parent=1025128"}],"wp:term":[{"taxonomy":"category","embeddable":true,"href":"https:\/\/www.eldigitaldeasturias.com\/noticias\/wp-json\/wp\/v2\/categories?post=1025128"},{"taxonomy":"post_tag","embeddable":true,"href":"https:\/\/www.eldigitaldeasturias.com\/noticias\/wp-json\/wp\/v2\/tags?post=1025128"}],"curies":[{"name":"wp","href":"https:\/\/api.w.org\/{rel}","templated":true}]}}