{"id":1025112,"date":"2019-04-25T12:08:09","date_gmt":"2019-04-25T12:08:09","guid":{"rendered":"https:\/\/www.eldigitaldeasturias.com\/noticias\/?p=1025112"},"modified":"2019-04-25T12:08:09","modified_gmt":"2019-04-25T12:08:09","slug":"constituido-un-grupo-de-trabajo-sobre-citricos","status":"publish","type":"post","link":"https:\/\/www.eldigitaldeasturias.com\/noticias\/constituido-un-grupo-de-trabajo-sobre-citricos\/","title":{"rendered":"Constituido un Grupo de Trabajo sobre c\u00edtricos"},"content":{"rendered":"<p><img loading=\"lazy\" decoding=\"async\" class=\"alignleft size-medium wp-image-1025113\" src=\"https:\/\/www.eldigitaldeasturias.com\/noticias\/wp-content\/uploads\/2019\/04\/240419-citricos-360x239.jpg\" alt=\"\" width=\"360\" height=\"239\" srcset=\"https:\/\/www.eldigitaldeasturias.com\/noticias\/wp-content\/uploads\/2019\/04\/240419-citricos-360x239.jpg 360w, https:\/\/www.eldigitaldeasturias.com\/noticias\/wp-content\/uploads\/2019\/04\/240419-citricos.jpg 512w\" sizes=\"auto, (max-width: 360px) 100vw, 360px\" \/>El director general de la Industria Alimentaria y presidente del Observatorio de la Cadena Alimentaria, Jos\u00e9 Miguel Herrero, ha presidido la constituci\u00f3n de un Grupo de Trabajo sobre c\u00edtricos en el seno del Observatorio de la Cadena Alimentaria, cumpliendo as\u00ed con lo acordado en el \u00faltimo Pleno del Observatorio, celebrado el pasado 15 de enero.<\/p>\n<p>En la reuni\u00f3n ha quedado tambi\u00e9n constituido un Grupo de trabajo sobre transparencia que tiene como finalidad analizar y debatir sobre las posibles formas de mejorar la transparencia e informaci\u00f3n del mercado a lo largo de las cadenas alimentarias sectoriales.<\/p>\n<p>El objetivo es mantener a trav\u00e9s de estos Grupos t\u00e9cnicos una permanente comunicaci\u00f3n para aquellos temas que revistan un inter\u00e9s general, o que puedan responder a necesidades espec\u00edficas de la cadena agroalimentaria.<\/p>\n<p>El primer grupo sobre transparencia se ha constituido con el apoyo de m\u00e1s de 34 miembros y la presencia de comunidades aut\u00f3nomas, otros departamentos ministeriales, la Agencia de Informaci\u00f3n y Control Alimentario (AICA) y representantes de todos los eslabones de la cadena.<\/p>\n<p>El segundo grupo sobre c\u00edtricos ha quedado constituido para dar cumplimiento a una de las 16 medidas acordadas en la reuni\u00f3n del pasado 2 de abril con representantes del sector citr\u00edcola, para examinar medidas dirigidas a ajustar la oferta, mejorar la estructura y favorecer la internacionalizaci\u00f3n del sector con el objetivo de revitalizar el mercado de los c\u00edtricos y garantizar su futuro.<\/p>\n<p>Estas medidas ya fueron anunciadas por el Ministro de Agricultura, Pesca y Alimentaci\u00f3n, Luis Planas a principios de marzo, entre las cuales estaba la constituci\u00f3n de una mesa espec\u00edfica en el Observatorio de la Cadena, destinada a identificar fallos o desequilibrios en la cadena de valor, que ser\u00e1 el principal objetivo de este Grupo de Trabajo de c\u00edtricos.<\/p>\n<p>El Observatorio de la Cadena Alimentaria es un \u00f3rgano colegiado adscrito a la Direcci\u00f3n General de la Industria Alimentaria del Ministerio de Agricultura, Pesca y Alimentaci\u00f3n, a tenor de lo dispuesto en el art\u00edculo 19 de la Ley 12\/2013, de 2 de agosto, de medidas para mejorar el funcionamiento de la cadena alimentaria.<\/p>\n<p>Constituye un punto de encuentro entre los agentes de la cadena alimentaria y las administraciones p\u00fablicas, que permite evaluar los resultados de la aplicaci\u00f3n de la Ley de la Cadena, identificar los problemas que persisten, tener informaci\u00f3n directa sobre la aparici\u00f3n de otros nuevos y conocer c\u00f3mo evoluciona la calidad de las relaciones comerciales.<\/p>\n<p>&nbsp;<\/p>\n","protected":false},"excerpt":{"rendered":"<p>El director general de la Industria Alimentaria y presidente del Observatorio de la Cadena Alimentaria, Jos\u00e9 Miguel Herrero, ha presidido la constituci\u00f3n de un Grupo de Trabajo sobre c\u00edtricos en el seno del Observatorio de la Cadena Alimentaria, cumpliendo as\u00ed con lo acordado en el \u00faltimo Pleno del Observatorio, celebrado el pasado 15 de enero. [&hellip;]<\/p>\n","protected":false},"author":1,"featured_media":1025113,"comment_status":"closed","ping_status":"closed","sticky":false,"template":"","format":"standard","meta":{"footnotes":""},"categories":[187],"tags":[],"class_list":["post-1025112","post","type-post","status-publish","format-standard","has-post-thumbnail","hentry","category-economia"],"aioseo_notices":[],"aioseo_head":"\n\t\t<!-- All in One SEO Pro 4.9.6.2 - aioseo.com -->\n\t<meta name=\"description\" content=\"El director general de la Industria Alimentaria y presidente del Observatorio de la Cadena Alimentaria, Jos\u00e9 Miguel Herrero, ha presidido la constituci\u00f3n de un Grupo de Trabajo sobre c\u00edtricos en el seno del Observatorio de la Cadena Alimentaria, cumpliendo as\u00ed con lo acordado en el \u00faltimo Pleno del Observatorio, celebrado el pasado 15 de enero.\" \/>\n\t<meta name=\"robots\" content=\"max-image-preview:large\" \/>\n\t<meta name=\"author\" content=\"El Digital de Asturias\"\/>\n\t<meta name=\"google-site-verification\" content=\"UA-38556648-1\" \/>\n\t<meta name=\"msvalidate.01\" content=\"7dfe9f3f1b24437ab69f4f2559babe99\" \/>\n\t<meta name=\"keywords\" content=\"econom\u00eda\" \/>\n\t<link rel=\"canonical\" href=\"https:\/\/www.eldigitaldeasturias.com\/noticias\/constituido-un-grupo-de-trabajo-sobre-citricos\/\" \/>\n\t<meta name=\"generator\" content=\"All in One SEO Pro (AIOSEO) 4.9.6.2\" \/>\n\t\t<meta property=\"og:locale\" content=\"es_ES\" \/>\n\t\t<meta property=\"og:site_name\" content=\"El Digital de Asturias\" \/>\n\t\t<meta property=\"og:type\" content=\"article\" \/>\n\t\t<meta property=\"og:title\" content=\"Constituido un Grupo de Trabajo sobre c\u00edtricos - El Digital de Asturias\" \/>\n\t\t<meta property=\"og:description\" content=\"El director general de la Industria Alimentaria y presidente del Observatorio de la Cadena Alimentaria, Jos\u00e9 Miguel Herrero, ha presidido la constituci\u00f3n de un Grupo de Trabajo sobre c\u00edtricos en el seno del Observatorio de la Cadena Alimentaria, cumpliendo as\u00ed con lo acordado en el \u00faltimo Pleno del Observatorio, celebrado el pasado 15 de enero.\" \/>\n\t\t<meta property=\"og:url\" content=\"https:\/\/www.eldigitaldeasturias.com\/noticias\/constituido-un-grupo-de-trabajo-sobre-citricos\/\" \/>\n\t\t<meta property=\"og:image\" content=\"https:\/\/www.eldigitaldeasturias.com\/noticias\/wp-content\/uploads\/2019\/04\/240419-citricos.jpg\" \/>\n\t\t<meta property=\"og:image:secure_url\" content=\"https:\/\/www.eldigitaldeasturias.com\/noticias\/wp-content\/uploads\/2019\/04\/240419-citricos.jpg\" \/>\n\t\t<meta property=\"og:image:width\" content=\"512\" \/>\n\t\t<meta property=\"og:image:height\" content=\"340\" \/>\n\t\t<meta property=\"article:tag\" content=\"econom\u00eda\" \/>\n\t\t<meta property=\"article:published_time\" content=\"2019-04-25T12:08:09+00:00\" \/>\n\t\t<meta property=\"article:modified_time\" content=\"2019-04-25T12:08:09+00:00\" \/>\n\t\t<meta property=\"article:publisher\" content=\"https:\/\/facebook.com\/eldigitaldeasturias\" \/>\n\t\t<meta name=\"twitter:card\" content=\"summary_large_image\" \/>\n\t\t<meta name=\"twitter:title\" content=\"Constituido un Grupo de Trabajo sobre c\u00edtricos - El Digital de Asturias\" \/>\n\t\t<meta name=\"twitter:description\" content=\"El director general de la Industria Alimentaria y presidente del Observatorio de la Cadena Alimentaria, Jos\u00e9 Miguel Herrero, ha presidido la constituci\u00f3n de un Grupo de Trabajo sobre c\u00edtricos en el seno del Observatorio de la Cadena Alimentaria, cumpliendo as\u00ed con lo acordado en el \u00faltimo Pleno del Observatorio, celebrado el pasado 15 de enero.\" \/>\n\t\t<meta name=\"twitter:image\" content=\"https:\/\/www.eldigitaldeasturias.com\/noticias\/wp-content\/uploads\/2019\/04\/240419-citricos.jpg\" \/>\n\t\t<meta name=\"twitter:label1\" content=\"Escrito por\" \/>\n\t\t<meta name=\"twitter:data1\" content=\"El Digital de Asturias\" \/>\n\t\t<meta name=\"twitter:label2\" content=\"Tiempo de lectura estimado\" \/>\n\t\t<meta name=\"twitter:data2\" content=\"2 minutos\" \/>\n\t\t<script type=\"application\/ld+json\" class=\"aioseo-schema\">\n\t\t\t{\"@context\":\"https:\\\/\\\/schema.org\",\"@graph\":[{\"@type\":\"BlogPosting\",\"@id\":\"https:\\\/\\\/www.eldigitaldeasturias.com\\\/noticias\\\/constituido-un-grupo-de-trabajo-sobre-citricos\\\/#blogposting\",\"name\":\"Constituido un Grupo de Trabajo sobre c\\u00edtricos - El Digital de Asturias\",\"headline\":\"Constituido un Grupo de Trabajo sobre c\\u00edtricos\",\"author\":{\"@id\":\"https:\\\/\\\/www.eldigitaldeasturias.com\\\/noticias\\\/author\\\/admin\\\/#author\"},\"publisher\":{\"@id\":\"https:\\\/\\\/www.eldigitaldeasturias.com\\\/noticias\\\/#organization\"},\"image\":{\"@type\":\"ImageObject\",\"url\":\"https:\\\/\\\/www.eldigitaldeasturias.com\\\/noticias\\\/wp-content\\\/uploads\\\/2019\\\/04\\\/240419-citricos.jpg\",\"width\":512,\"height\":340},\"datePublished\":\"2019-04-25T12:08:09+02:00\",\"dateModified\":\"2019-04-25T12:08:09+02:00\",\"inLanguage\":\"es-ES\",\"mainEntityOfPage\":{\"@id\":\"https:\\\/\\\/www.eldigitaldeasturias.com\\\/noticias\\\/constituido-un-grupo-de-trabajo-sobre-citricos\\\/#webpage\"},\"isPartOf\":{\"@id\":\"https:\\\/\\\/www.eldigitaldeasturias.com\\\/noticias\\\/constituido-un-grupo-de-trabajo-sobre-citricos\\\/#webpage\"},\"articleSection\":\"Econom\\u00eda\"},{\"@type\":\"BreadcrumbList\",\"@id\":\"https:\\\/\\\/www.eldigitaldeasturias.com\\\/noticias\\\/constituido-un-grupo-de-trabajo-sobre-citricos\\\/#breadcrumblist\",\"itemListElement\":[{\"@type\":\"ListItem\",\"@id\":\"https:\\\/\\\/www.eldigitaldeasturias.com\\\/noticias#listItem\",\"position\":1,\"name\":\"Home\",\"item\":\"https:\\\/\\\/www.eldigitaldeasturias.com\\\/noticias\",\"nextItem\":{\"@type\":\"ListItem\",\"@id\":\"https:\\\/\\\/www.eldigitaldeasturias.com\\\/noticias\\\/category\\\/economia\\\/#listItem\",\"name\":\"Econom\\u00eda\"}},{\"@type\":\"ListItem\",\"@id\":\"https:\\\/\\\/www.eldigitaldeasturias.com\\\/noticias\\\/category\\\/economia\\\/#listItem\",\"position\":2,\"name\":\"Econom\\u00eda\",\"item\":\"https:\\\/\\\/www.eldigitaldeasturias.com\\\/noticias\\\/category\\\/economia\\\/\",\"nextItem\":{\"@type\":\"ListItem\",\"@id\":\"https:\\\/\\\/www.eldigitaldeasturias.com\\\/noticias\\\/constituido-un-grupo-de-trabajo-sobre-citricos\\\/#listItem\",\"name\":\"Constituido un Grupo de Trabajo sobre c\\u00edtricos\"},\"previousItem\":{\"@type\":\"ListItem\",\"@id\":\"https:\\\/\\\/www.eldigitaldeasturias.com\\\/noticias#listItem\",\"name\":\"Home\"}},{\"@type\":\"ListItem\",\"@id\":\"https:\\\/\\\/www.eldigitaldeasturias.com\\\/noticias\\\/constituido-un-grupo-de-trabajo-sobre-citricos\\\/#listItem\",\"position\":3,\"name\":\"Constituido un Grupo de Trabajo sobre c\\u00edtricos\",\"previousItem\":{\"@type\":\"ListItem\",\"@id\":\"https:\\\/\\\/www.eldigitaldeasturias.com\\\/noticias\\\/category\\\/economia\\\/#listItem\",\"name\":\"Econom\\u00eda\"}}]},{\"@type\":\"Organization\",\"@id\":\"https:\\\/\\\/www.eldigitaldeasturias.com\\\/noticias\\\/#organization\",\"name\":\"El Digital de Asturias\",\"description\":\"Hemeroteca\",\"url\":\"https:\\\/\\\/www.eldigitaldeasturias.com\\\/noticias\\\/\",\"email\":\"info@eldigitaldeasturias.com\",\"telephone\":\"+34652131393\",\"logo\":{\"@type\":\"ImageObject\",\"url\":\"https:\\\/\\\/www.eldigitaldeasturias.com\\\/noticias\\\/wp-content\\\/uploads\\\/2020\\\/12\\\/EDA.jpg\",\"@id\":\"https:\\\/\\\/www.eldigitaldeasturias.com\\\/noticias\\\/constituido-un-grupo-de-trabajo-sobre-citricos\\\/#organizationLogo\",\"width\":649,\"height\":297},\"image\":{\"@id\":\"https:\\\/\\\/www.eldigitaldeasturias.com\\\/noticias\\\/constituido-un-grupo-de-trabajo-sobre-citricos\\\/#organizationLogo\"},\"sameAs\":[\"https:\\\/\\\/facebook.com\\\/eldigitaldeasturias\",\"https:\\\/\\\/www.youtube.com\\\/channel\\\/UCZP-2wLEB9Rv6erhFmqVnvg\"],\"address\":{\"@id\":\"https:\\\/\\\/www.eldigitaldeasturias.com\\\/noticias\\\/#postaladdress\",\"@type\":\"PostalAddress\",\"streetAddress\":\"san antonio 4,\",\"postalCode\":\"33430\",\"addressLocality\":\"Cand\\u00e1s\",\"addressRegion\":\"Asturias\",\"addressCountry\":\"ES\"}},{\"@type\":\"Person\",\"@id\":\"https:\\\/\\\/www.eldigitaldeasturias.com\\\/noticias\\\/author\\\/admin\\\/#author\",\"url\":\"https:\\\/\\\/www.eldigitaldeasturias.com\\\/noticias\\\/author\\\/admin\\\/\",\"name\":\"El Digital de Asturias\",\"image\":{\"@type\":\"ImageObject\",\"@id\":\"https:\\\/\\\/www.eldigitaldeasturias.com\\\/noticias\\\/constituido-un-grupo-de-trabajo-sobre-citricos\\\/#authorImage\",\"url\":\"https:\\\/\\\/www.eldigitaldeasturias.com\\\/noticias\\\/wp-content\\\/litespeed\\\/avatar\\\/18677e78aa0546b92d9dbf31ec7d7668.jpg?ver=1776685526\",\"width\":96,\"height\":96,\"caption\":\"El Digital de Asturias\"}},{\"@type\":\"WebPage\",\"@id\":\"https:\\\/\\\/www.eldigitaldeasturias.com\\\/noticias\\\/constituido-un-grupo-de-trabajo-sobre-citricos\\\/#webpage\",\"url\":\"https:\\\/\\\/www.eldigitaldeasturias.com\\\/noticias\\\/constituido-un-grupo-de-trabajo-sobre-citricos\\\/\",\"name\":\"Constituido un Grupo de Trabajo sobre c\\u00edtricos - El Digital de Asturias\",\"description\":\"El director general de la Industria Alimentaria y presidente del Observatorio de la Cadena Alimentaria, Jos\\u00e9 Miguel Herrero, ha presidido la constituci\\u00f3n de un Grupo de Trabajo sobre c\\u00edtricos en el seno del Observatorio de la Cadena Alimentaria, cumpliendo as\\u00ed con lo acordado en el \\u00faltimo Pleno del Observatorio, celebrado el pasado 15 de enero.\",\"inLanguage\":\"es-ES\",\"isPartOf\":{\"@id\":\"https:\\\/\\\/www.eldigitaldeasturias.com\\\/noticias\\\/#website\"},\"breadcrumb\":{\"@id\":\"https:\\\/\\\/www.eldigitaldeasturias.com\\\/noticias\\\/constituido-un-grupo-de-trabajo-sobre-citricos\\\/#breadcrumblist\"},\"author\":{\"@id\":\"https:\\\/\\\/www.eldigitaldeasturias.com\\\/noticias\\\/author\\\/admin\\\/#author\"},\"creator\":{\"@id\":\"https:\\\/\\\/www.eldigitaldeasturias.com\\\/noticias\\\/author\\\/admin\\\/#author\"},\"image\":{\"@type\":\"ImageObject\",\"url\":\"https:\\\/\\\/www.eldigitaldeasturias.com\\\/noticias\\\/wp-content\\\/uploads\\\/2019\\\/04\\\/240419-citricos.jpg\",\"@id\":\"https:\\\/\\\/www.eldigitaldeasturias.com\\\/noticias\\\/constituido-un-grupo-de-trabajo-sobre-citricos\\\/#mainImage\",\"width\":512,\"height\":340},\"primaryImageOfPage\":{\"@id\":\"https:\\\/\\\/www.eldigitaldeasturias.com\\\/noticias\\\/constituido-un-grupo-de-trabajo-sobre-citricos\\\/#mainImage\"},\"datePublished\":\"2019-04-25T12:08:09+02:00\",\"dateModified\":\"2019-04-25T12:08:09+02:00\"},{\"@type\":\"WebSite\",\"@id\":\"https:\\\/\\\/www.eldigitaldeasturias.com\\\/noticias\\\/#website\",\"url\":\"https:\\\/\\\/www.eldigitaldeasturias.com\\\/noticias\\\/\",\"name\":\"El Digital de Asturias - Diario de actualidad y noticias\",\"alternateName\":\"El Digital de Asturias - Diario de actualidad y noticias\",\"description\":\"Hemeroteca\",\"inLanguage\":\"es-ES\",\"publisher\":{\"@id\":\"https:\\\/\\\/www.eldigitaldeasturias.com\\\/noticias\\\/#organization\"}}]}\n\t\t<\/script>\n\t\t<!-- All in One SEO Pro -->\r\n\t\t<title>Constituido un Grupo de Trabajo sobre c\u00edtricos - El Digital de Asturias<\/title>\n\n","aioseo_head_json":{"title":"Constituido un Grupo de Trabajo sobre c\u00edtricos - El Digital de Asturias","description":"El director general de la Industria Alimentaria y presidente del Observatorio de la Cadena Alimentaria, Jos\u00e9 Miguel Herrero, ha presidido la constituci\u00f3n de un Grupo de Trabajo sobre c\u00edtricos en el seno del Observatorio de la Cadena Alimentaria, cumpliendo as\u00ed con lo acordado en el \u00faltimo Pleno del Observatorio, celebrado el pasado 15 de enero.","canonical_url":"https:\/\/www.eldigitaldeasturias.com\/noticias\/constituido-un-grupo-de-trabajo-sobre-citricos\/","robots":"max-image-preview:large","keywords":"econom\u00eda","webmasterTools":{"google-site-verification":"UA-38556648-1","msvalidate.01":"7dfe9f3f1b24437ab69f4f2559babe99","miscellaneous":""},"schema":{"@context":"https:\/\/schema.org","@graph":[{"@type":"BlogPosting","@id":"https:\/\/www.eldigitaldeasturias.com\/noticias\/constituido-un-grupo-de-trabajo-sobre-citricos\/#blogposting","name":"Constituido un Grupo de Trabajo sobre c\u00edtricos - El Digital de Asturias","headline":"Constituido un Grupo de Trabajo sobre c\u00edtricos","author":{"@id":"https:\/\/www.eldigitaldeasturias.com\/noticias\/author\/admin\/#author"},"publisher":{"@id":"https:\/\/www.eldigitaldeasturias.com\/noticias\/#organization"},"image":{"@type":"ImageObject","url":"https:\/\/www.eldigitaldeasturias.com\/noticias\/wp-content\/uploads\/2019\/04\/240419-citricos.jpg","width":512,"height":340},"datePublished":"2019-04-25T12:08:09+02:00","dateModified":"2019-04-25T12:08:09+02:00","inLanguage":"es-ES","mainEntityOfPage":{"@id":"https:\/\/www.eldigitaldeasturias.com\/noticias\/constituido-un-grupo-de-trabajo-sobre-citricos\/#webpage"},"isPartOf":{"@id":"https:\/\/www.eldigitaldeasturias.com\/noticias\/constituido-un-grupo-de-trabajo-sobre-citricos\/#webpage"},"articleSection":"Econom\u00eda"},{"@type":"BreadcrumbList","@id":"https:\/\/www.eldigitaldeasturias.com\/noticias\/constituido-un-grupo-de-trabajo-sobre-citricos\/#breadcrumblist","itemListElement":[{"@type":"ListItem","@id":"https:\/\/www.eldigitaldeasturias.com\/noticias#listItem","position":1,"name":"Home","item":"https:\/\/www.eldigitaldeasturias.com\/noticias","nextItem":{"@type":"ListItem","@id":"https:\/\/www.eldigitaldeasturias.com\/noticias\/category\/economia\/#listItem","name":"Econom\u00eda"}},{"@type":"ListItem","@id":"https:\/\/www.eldigitaldeasturias.com\/noticias\/category\/economia\/#listItem","position":2,"name":"Econom\u00eda","item":"https:\/\/www.eldigitaldeasturias.com\/noticias\/category\/economia\/","nextItem":{"@type":"ListItem","@id":"https:\/\/www.eldigitaldeasturias.com\/noticias\/constituido-un-grupo-de-trabajo-sobre-citricos\/#listItem","name":"Constituido un Grupo de Trabajo sobre c\u00edtricos"},"previousItem":{"@type":"ListItem","@id":"https:\/\/www.eldigitaldeasturias.com\/noticias#listItem","name":"Home"}},{"@type":"ListItem","@id":"https:\/\/www.eldigitaldeasturias.com\/noticias\/constituido-un-grupo-de-trabajo-sobre-citricos\/#listItem","position":3,"name":"Constituido un Grupo de Trabajo sobre c\u00edtricos","previousItem":{"@type":"ListItem","@id":"https:\/\/www.eldigitaldeasturias.com\/noticias\/category\/economia\/#listItem","name":"Econom\u00eda"}}]},{"@type":"Organization","@id":"https:\/\/www.eldigitaldeasturias.com\/noticias\/#organization","name":"El Digital de Asturias","description":"Hemeroteca","url":"https:\/\/www.eldigitaldeasturias.com\/noticias\/","email":"info@eldigitaldeasturias.com","telephone":"+34652131393","logo":{"@type":"ImageObject","url":"https:\/\/www.eldigitaldeasturias.com\/noticias\/wp-content\/uploads\/2020\/12\/EDA.jpg","@id":"https:\/\/www.eldigitaldeasturias.com\/noticias\/constituido-un-grupo-de-trabajo-sobre-citricos\/#organizationLogo","width":649,"height":297},"image":{"@id":"https:\/\/www.eldigitaldeasturias.com\/noticias\/constituido-un-grupo-de-trabajo-sobre-citricos\/#organizationLogo"},"sameAs":["https:\/\/facebook.com\/eldigitaldeasturias","https:\/\/www.youtube.com\/channel\/UCZP-2wLEB9Rv6erhFmqVnvg"],"address":{"@id":"https:\/\/www.eldigitaldeasturias.com\/noticias\/#postaladdress","@type":"PostalAddress","streetAddress":"san antonio 4,","postalCode":"33430","addressLocality":"Cand\u00e1s","addressRegion":"Asturias","addressCountry":"ES"}},{"@type":"Person","@id":"https:\/\/www.eldigitaldeasturias.com\/noticias\/author\/admin\/#author","url":"https:\/\/www.eldigitaldeasturias.com\/noticias\/author\/admin\/","name":"El Digital de Asturias","image":{"@type":"ImageObject","@id":"https:\/\/www.eldigitaldeasturias.com\/noticias\/constituido-un-grupo-de-trabajo-sobre-citricos\/#authorImage","url":"https:\/\/www.eldigitaldeasturias.com\/noticias\/wp-content\/litespeed\/avatar\/18677e78aa0546b92d9dbf31ec7d7668.jpg?ver=1776685526","width":96,"height":96,"caption":"El Digital de Asturias"}},{"@type":"WebPage","@id":"https:\/\/www.eldigitaldeasturias.com\/noticias\/constituido-un-grupo-de-trabajo-sobre-citricos\/#webpage","url":"https:\/\/www.eldigitaldeasturias.com\/noticias\/constituido-un-grupo-de-trabajo-sobre-citricos\/","name":"Constituido un Grupo de Trabajo sobre c\u00edtricos - El Digital de Asturias","description":"El director general de la Industria Alimentaria y presidente del Observatorio de la Cadena Alimentaria, Jos\u00e9 Miguel Herrero, ha presidido la constituci\u00f3n de un Grupo de Trabajo sobre c\u00edtricos en el seno del Observatorio de la Cadena Alimentaria, cumpliendo as\u00ed con lo acordado en el \u00faltimo Pleno del Observatorio, celebrado el pasado 15 de enero.","inLanguage":"es-ES","isPartOf":{"@id":"https:\/\/www.eldigitaldeasturias.com\/noticias\/#website"},"breadcrumb":{"@id":"https:\/\/www.eldigitaldeasturias.com\/noticias\/constituido-un-grupo-de-trabajo-sobre-citricos\/#breadcrumblist"},"author":{"@id":"https:\/\/www.eldigitaldeasturias.com\/noticias\/author\/admin\/#author"},"creator":{"@id":"https:\/\/www.eldigitaldeasturias.com\/noticias\/author\/admin\/#author"},"image":{"@type":"ImageObject","url":"https:\/\/www.eldigitaldeasturias.com\/noticias\/wp-content\/uploads\/2019\/04\/240419-citricos.jpg","@id":"https:\/\/www.eldigitaldeasturias.com\/noticias\/constituido-un-grupo-de-trabajo-sobre-citricos\/#mainImage","width":512,"height":340},"primaryImageOfPage":{"@id":"https:\/\/www.eldigitaldeasturias.com\/noticias\/constituido-un-grupo-de-trabajo-sobre-citricos\/#mainImage"},"datePublished":"2019-04-25T12:08:09+02:00","dateModified":"2019-04-25T12:08:09+02:00"},{"@type":"WebSite","@id":"https:\/\/www.eldigitaldeasturias.com\/noticias\/#website","url":"https:\/\/www.eldigitaldeasturias.com\/noticias\/","name":"El Digital de Asturias - Diario de actualidad y noticias","alternateName":"El Digital de Asturias - Diario de actualidad y noticias","description":"Hemeroteca","inLanguage":"es-ES","publisher":{"@id":"https:\/\/www.eldigitaldeasturias.com\/noticias\/#organization"}}]},"og:locale":"es_ES","og:site_name":"El Digital de Asturias","og:type":"article","og:title":"Constituido un Grupo de Trabajo sobre c\u00edtricos - El Digital de Asturias","og:description":"El director general de la Industria Alimentaria y presidente del Observatorio de la Cadena Alimentaria, Jos\u00e9 Miguel Herrero, ha presidido la constituci\u00f3n de un Grupo de Trabajo sobre c\u00edtricos en el seno del Observatorio de la Cadena Alimentaria, cumpliendo as\u00ed con lo acordado en el \u00faltimo Pleno del Observatorio, celebrado el pasado 15 de enero.","og:url":"https:\/\/www.eldigitaldeasturias.com\/noticias\/constituido-un-grupo-de-trabajo-sobre-citricos\/","og:image":"https:\/\/www.eldigitaldeasturias.com\/noticias\/wp-content\/uploads\/2019\/04\/240419-citricos.jpg","og:image:secure_url":"https:\/\/www.eldigitaldeasturias.com\/noticias\/wp-content\/uploads\/2019\/04\/240419-citricos.jpg","og:image:width":512,"og:image:height":340,"article:tag":["econom\u00eda"],"article:published_time":"2019-04-25T12:08:09+00:00","article:modified_time":"2019-04-25T12:08:09+00:00","article:publisher":"https:\/\/facebook.com\/eldigitaldeasturias","twitter:card":"summary_large_image","twitter:title":"Constituido un Grupo de Trabajo sobre c\u00edtricos - El Digital de Asturias","twitter:description":"El director general de la Industria Alimentaria y presidente del Observatorio de la Cadena Alimentaria, Jos\u00e9 Miguel Herrero, ha presidido la constituci\u00f3n de un Grupo de Trabajo sobre c\u00edtricos en el seno del Observatorio de la Cadena Alimentaria, cumpliendo as\u00ed con lo acordado en el \u00faltimo Pleno del Observatorio, celebrado el pasado 15 de enero.","twitter:image":"https:\/\/www.eldigitaldeasturias.com\/noticias\/wp-content\/uploads\/2019\/04\/240419-citricos.jpg","twitter:label1":"Escrito por","twitter:data1":"El Digital de Asturias","twitter:label2":"Tiempo de lectura estimado","twitter:data2":"2 minutos"},"aioseo_meta_data":{"post_id":"1025112","title":null,"description":null,"keywords":null,"keyphrases":null,"primary_term":null,"canonical_url":null,"og_title":null,"og_description":null,"og_object_type":"default","og_image_type":"default","og_image_url":null,"og_image_width":null,"og_image_height":null,"og_image_custom_url":null,"og_image_custom_fields":null,"og_video":null,"og_custom_url":null,"og_article_section":null,"og_article_tags":null,"twitter_use_og":false,"twitter_card":"default","twitter_image_type":"default","twitter_image_url":null,"twitter_image_custom_url":null,"twitter_image_custom_fields":null,"twitter_title":null,"twitter_description":null,"schema":{"blockGraphs":[],"customGraphs":[],"default":{"data":{"Article":[],"Course":[],"Dataset":[],"FAQPage":[],"Movie":[],"Person":[],"Product":[],"ProductReview":[],"Car":[],"Recipe":[],"Service":[],"SoftwareApplication":[],"WebPage":[]},"graphName":"","isEnabled":true},"graphs":[],"defaultGraph":"","defaultPostTypeGraph":""},"schema_type":null,"schema_type_options":null,"pillar_content":false,"robots_default":true,"robots_noindex":false,"robots_noarchive":false,"robots_nosnippet":false,"robots_nofollow":false,"robots_noimageindex":false,"robots_noodp":false,"robots_notranslate":false,"robots_max_snippet":null,"robots_max_videopreview":null,"robots_max_imagepreview":"large","priority":null,"frequency":null,"local_seo":null,"seo_analyzer_scan_date":"2025-10-17 21:24:41","breadcrumb_settings":null,"limit_modified_date":false,"open_ai":null,"ai":null,"created":"2020-12-21 11:14:40","updated":"2025-10-17 21:24:41"},"aioseo_breadcrumb":"<div class=\"aioseo-breadcrumbs\"><span class=\"aioseo-breadcrumb\">\n\t<a href=\"https:\/\/www.eldigitaldeasturias.com\/noticias\" title=\"Home\">Home<\/a>\n<\/span><span class=\"aioseo-breadcrumb-separator\">\u2013<\/span><span class=\"aioseo-breadcrumb\">\n\t<a href=\"https:\/\/www.eldigitaldeasturias.com\/noticias\/category\/economia\/\" title=\"Econom\u00eda\">Econom\u00eda<\/a>\n<\/span><span class=\"aioseo-breadcrumb-separator\">\u2013<\/span><span class=\"aioseo-breadcrumb\">\n\t<a href=\"https:\/\/www.eldigitaldeasturias.com\/noticias\/constituido-un-grupo-de-trabajo-sobre-citricos\/\" title=\"Constituido un Grupo de Trabajo sobre c\u00edtricos\">Constituido un Grupo de Trabajo sobre c\u00edtricos<\/a>\n<\/span><\/div>","aioseo_breadcrumb_json":[{"label":"Home","link":"https:\/\/www.eldigitaldeasturias.com\/noticias"},{"label":"Econom\u00eda","link":"https:\/\/www.eldigitaldeasturias.com\/noticias\/category\/economia\/"},{"label":"Constituido un Grupo de Trabajo sobre c\u00edtricos","link":"https:\/\/www.eldigitaldeasturias.com\/noticias\/constituido-un-grupo-de-trabajo-sobre-citricos\/"}],"_links":{"self":[{"href":"https:\/\/www.eldigitaldeasturias.com\/noticias\/wp-json\/wp\/v2\/posts\/1025112","targetHints":{"allow":["GET"]}}],"collection":[{"href":"https:\/\/www.eldigitaldeasturias.com\/noticias\/wp-json\/wp\/v2\/posts"}],"about":[{"href":"https:\/\/www.eldigitaldeasturias.com\/noticias\/wp-json\/wp\/v2\/types\/post"}],"author":[{"embeddable":true,"href":"https:\/\/www.eldigitaldeasturias.com\/noticias\/wp-json\/wp\/v2\/users\/1"}],"replies":[{"embeddable":true,"href":"https:\/\/www.eldigitaldeasturias.com\/noticias\/wp-json\/wp\/v2\/comments?post=1025112"}],"version-history":[{"count":0,"href":"https:\/\/www.eldigitaldeasturias.com\/noticias\/wp-json\/wp\/v2\/posts\/1025112\/revisions"}],"wp:featuredmedia":[{"embeddable":true,"href":"https:\/\/www.eldigitaldeasturias.com\/noticias\/wp-json\/wp\/v2\/media\/1025113"}],"wp:attachment":[{"href":"https:\/\/www.eldigitaldeasturias.com\/noticias\/wp-json\/wp\/v2\/media?parent=1025112"}],"wp:term":[{"taxonomy":"category","embeddable":true,"href":"https:\/\/www.eldigitaldeasturias.com\/noticias\/wp-json\/wp\/v2\/categories?post=1025112"},{"taxonomy":"post_tag","embeddable":true,"href":"https:\/\/www.eldigitaldeasturias.com\/noticias\/wp-json\/wp\/v2\/tags?post=1025112"}],"curies":[{"name":"wp","href":"https:\/\/api.w.org\/{rel}","templated":true}]}}