{"id":1025003,"date":"2019-04-24T04:28:03","date_gmt":"2019-04-24T04:28:03","guid":{"rendered":"https:\/\/www.eldigitaldeasturias.com\/noticias\/?p=1025003"},"modified":"2019-04-24T04:28:03","modified_gmt":"2019-04-24T04:28:03","slug":"glasner-sera-el-sucesor-de-labbadia-en-el-wolfsburgo","status":"publish","type":"post","link":"https:\/\/www.eldigitaldeasturias.com\/noticias\/glasner-sera-el-sucesor-de-labbadia-en-el-wolfsburgo\/","title":{"rendered":"Glasner ser\u00e1 el sucesor de Labbadia en el Wolfsburgo"},"content":{"rendered":"<p><img loading=\"lazy\" decoding=\"async\" class=\"alignleft size-medium wp-image-985209\" src=\"https:\/\/www.eldigitaldeasturias.com\/noticias\/wp-content\/uploads\/2018\/06\/football-1406106_960_720-360x241.jpg\" alt=\"\" width=\"360\" height=\"241\" srcset=\"https:\/\/www.eldigitaldeasturias.com\/noticias\/wp-content\/uploads\/2018\/06\/football-1406106_960_720-360x241.jpg 360w, https:\/\/www.eldigitaldeasturias.com\/noticias\/wp-content\/uploads\/2018\/06\/football-1406106_960_720-448x300.jpg 448w, https:\/\/www.eldigitaldeasturias.com\/noticias\/wp-content\/uploads\/2018\/06\/football-1406106_960_720-768x514.jpg 768w, https:\/\/www.eldigitaldeasturias.com\/noticias\/wp-content\/uploads\/2018\/06\/football-1406106_960_720-690x462.jpg 690w, https:\/\/www.eldigitaldeasturias.com\/noticias\/wp-content\/uploads\/2018\/06\/football-1406106_960_720-20x13.jpg 20w, https:\/\/www.eldigitaldeasturias.com\/noticias\/wp-content\/uploads\/2018\/06\/football-1406106_960_720.jpg 960w\" sizes=\"auto, (max-width: 360px) 100vw, 360px\" \/>Wolfsburgo (Alemania), 23 abr (dpa) &#8211; El austriaco Oliver Glasner suceder\u00e1 a Bruno Labbadia como t\u00e9cnico del Wolfsburgo de la Bundesliga alemana, confirm\u00f3 hoy el director deportivo del club, J\u00f6rg Schmadtke.<\/p>\n<p>El entrenador entrante, de 44 a\u00f1os, tendr\u00e1 como meta establecer al Wolfsburgo definitivamente en el grupo de clubes m\u00e1s exitosos de la Liga alemana.<\/p>\n<p>Glasner, que llega procedente del ASK de Linz, tendr\u00e1 contrato hasta el 2022, comunic\u00f3 el club un d\u00eda despu\u00e9s del empate 1-1 con el Eintracht Frankfurt.<\/p>\n<p>\u00abCon \u00e9l recibimos a un entrenador t\u00e9cnicamente extraordinario y que se caracteriza por su trabajo en equipo\u00bb, se\u00f1al\u00f3 Schmadtke, quien se vio obligado a buscar nuevo t\u00e9cnico luego de que Labbadia sorprendiera al no querer prolongar su contrato.<\/p>\n<p>El entrenador alem\u00e1n saliente, de 53 a\u00f1os, que el a\u00f1o pasado salv\u00f3 al club del descenso y en esta temporada lo llev\u00f3 hasta los puestos que permiten participar en la Liga Europa, al parecer se cans\u00f3 de la dif\u00edcil relaci\u00f3n con Schmadtke, quien hace pocas semanas admiti\u00f3 que no era bueno su v\u00ednculo con el t\u00e9cnico.<\/p>\n<p>Luego de que Schmadtke trabajara ya en el Colonia durante mucho tiempo con \u00e9xito con el austriaco Peter St\u00f6ger, volvi\u00f3 a buscar en el pa\u00eds vecino al candidato apropiado. R\u00e1pidamente Glasner result\u00f3 el favorito.<\/p>\n<p>La contrataci\u00f3n del actual entrenador del ASK de Linz no result\u00f3 por lo tanto una sorpresa. S\u00ed el momento en que se produjo. Al margen del 1-1 en Fr\u00e1ncfort, Schmadtke ya hab\u00eda dicho que lo anunciar\u00eda antes de fines de esta semana.<\/p>\n","protected":false},"excerpt":{"rendered":"<p>Wolfsburgo (Alemania), 23 abr (dpa) &#8211; El austriaco Oliver Glasner suceder\u00e1 a Bruno Labbadia como t\u00e9cnico del Wolfsburgo de la Bundesliga alemana, confirm\u00f3 hoy el director deportivo del club, J\u00f6rg Schmadtke. El entrenador entrante, de 44 a\u00f1os, tendr\u00e1 como meta establecer al Wolfsburgo definitivamente en el grupo de clubes m\u00e1s exitosos de la Liga alemana. [&hellip;]<\/p>\n","protected":false},"author":1,"featured_media":985209,"comment_status":"closed","ping_status":"closed","sticky":false,"template":"","format":"standard","meta":{"footnotes":""},"categories":[190],"tags":[],"class_list":["post-1025003","post","type-post","status-publish","format-standard","has-post-thumbnail","hentry","category-deportes"],"aioseo_notices":[],"aioseo_head":"\n\t\t<!-- All in One SEO Pro 4.9.6.2 - aioseo.com -->\n\t<meta name=\"description\" content=\"Wolfsburgo (Alemania), 23 abr (dpa) - El austriaco Oliver Glasner suceder\u00e1 a Bruno Labbadia como t\u00e9cnico del Wolfsburgo de la Bundesliga alemana, confirm\u00f3 hoy el director deportivo del club, J\u00f6rg Schmadtke. El entrenador entrante, de 44 a\u00f1os, tendr\u00e1 como meta establecer al Wolfsburgo definitivamente en el grupo de clubes m\u00e1s exitosos de la Liga alemana.\" \/>\n\t<meta name=\"robots\" content=\"max-image-preview:large\" \/>\n\t<meta name=\"author\" content=\"El Digital de Asturias\"\/>\n\t<meta name=\"google-site-verification\" content=\"UA-38556648-1\" \/>\n\t<meta name=\"msvalidate.01\" content=\"7dfe9f3f1b24437ab69f4f2559babe99\" \/>\n\t<meta name=\"keywords\" content=\"deportes\" \/>\n\t<link rel=\"canonical\" href=\"https:\/\/www.eldigitaldeasturias.com\/noticias\/glasner-sera-el-sucesor-de-labbadia-en-el-wolfsburgo\/\" \/>\n\t<meta name=\"generator\" content=\"All in One SEO Pro (AIOSEO) 4.9.6.2\" \/>\n\t\t<meta property=\"og:locale\" content=\"es_ES\" \/>\n\t\t<meta property=\"og:site_name\" content=\"El Digital de Asturias\" \/>\n\t\t<meta property=\"og:type\" content=\"article\" \/>\n\t\t<meta property=\"og:title\" content=\"Glasner ser\u00e1 el sucesor de Labbadia en el Wolfsburgo - El Digital de Asturias\" \/>\n\t\t<meta property=\"og:description\" content=\"Wolfsburgo (Alemania), 23 abr (dpa) - El austriaco Oliver Glasner suceder\u00e1 a Bruno Labbadia como t\u00e9cnico del Wolfsburgo de la Bundesliga alemana, confirm\u00f3 hoy el director deportivo del club, J\u00f6rg Schmadtke. El entrenador entrante, de 44 a\u00f1os, tendr\u00e1 como meta establecer al Wolfsburgo definitivamente en el grupo de clubes m\u00e1s exitosos de la Liga alemana.\" \/>\n\t\t<meta property=\"og:url\" content=\"https:\/\/www.eldigitaldeasturias.com\/noticias\/glasner-sera-el-sucesor-de-labbadia-en-el-wolfsburgo\/\" \/>\n\t\t<meta property=\"og:image\" content=\"https:\/\/www.eldigitaldeasturias.com\/noticias\/wp-content\/uploads\/2018\/06\/football-1406106_960_720.jpg\" \/>\n\t\t<meta property=\"og:image:secure_url\" content=\"https:\/\/www.eldigitaldeasturias.com\/noticias\/wp-content\/uploads\/2018\/06\/football-1406106_960_720.jpg\" \/>\n\t\t<meta property=\"og:image:width\" content=\"960\" \/>\n\t\t<meta property=\"og:image:height\" content=\"643\" \/>\n\t\t<meta property=\"article:tag\" content=\"deportes\" \/>\n\t\t<meta property=\"article:published_time\" content=\"2019-04-24T04:28:03+00:00\" \/>\n\t\t<meta property=\"article:modified_time\" content=\"2019-04-24T04:28:03+00:00\" \/>\n\t\t<meta property=\"article:publisher\" content=\"https:\/\/facebook.com\/eldigitaldeasturias\" \/>\n\t\t<meta name=\"twitter:card\" content=\"summary_large_image\" \/>\n\t\t<meta name=\"twitter:title\" content=\"Glasner ser\u00e1 el sucesor de Labbadia en el Wolfsburgo - El Digital de Asturias\" \/>\n\t\t<meta name=\"twitter:description\" content=\"Wolfsburgo (Alemania), 23 abr (dpa) - El austriaco Oliver Glasner suceder\u00e1 a Bruno Labbadia como t\u00e9cnico del Wolfsburgo de la Bundesliga alemana, confirm\u00f3 hoy el director deportivo del club, J\u00f6rg Schmadtke. El entrenador entrante, de 44 a\u00f1os, tendr\u00e1 como meta establecer al Wolfsburgo definitivamente en el grupo de clubes m\u00e1s exitosos de la Liga alemana.\" \/>\n\t\t<meta name=\"twitter:image\" content=\"https:\/\/www.eldigitaldeasturias.com\/noticias\/wp-content\/uploads\/2018\/06\/football-1406106_960_720.jpg\" \/>\n\t\t<meta name=\"twitter:label1\" content=\"Escrito por\" \/>\n\t\t<meta name=\"twitter:data1\" content=\"El Digital de Asturias\" \/>\n\t\t<meta name=\"twitter:label2\" content=\"Tiempo de lectura estimado\" \/>\n\t\t<meta name=\"twitter:data2\" content=\"1 minuto\" \/>\n\t\t<script type=\"application\/ld+json\" class=\"aioseo-schema\">\n\t\t\t{\"@context\":\"https:\\\/\\\/schema.org\",\"@graph\":[{\"@type\":\"BlogPosting\",\"@id\":\"https:\\\/\\\/www.eldigitaldeasturias.com\\\/noticias\\\/glasner-sera-el-sucesor-de-labbadia-en-el-wolfsburgo\\\/#blogposting\",\"name\":\"Glasner ser\\u00e1 el sucesor de Labbadia en el Wolfsburgo - El Digital de Asturias\",\"headline\":\"Glasner ser\\u00e1 el sucesor de Labbadia en el Wolfsburgo\",\"author\":{\"@id\":\"https:\\\/\\\/www.eldigitaldeasturias.com\\\/noticias\\\/author\\\/admin\\\/#author\"},\"publisher\":{\"@id\":\"https:\\\/\\\/www.eldigitaldeasturias.com\\\/noticias\\\/#organization\"},\"image\":{\"@type\":\"ImageObject\",\"url\":\"https:\\\/\\\/www.eldigitaldeasturias.com\\\/noticias\\\/wp-content\\\/uploads\\\/2018\\\/06\\\/football-1406106_960_720.jpg\",\"width\":960,\"height\":643},\"datePublished\":\"2019-04-24T04:28:03+02:00\",\"dateModified\":\"2019-04-24T04:28:03+02:00\",\"inLanguage\":\"es-ES\",\"mainEntityOfPage\":{\"@id\":\"https:\\\/\\\/www.eldigitaldeasturias.com\\\/noticias\\\/glasner-sera-el-sucesor-de-labbadia-en-el-wolfsburgo\\\/#webpage\"},\"isPartOf\":{\"@id\":\"https:\\\/\\\/www.eldigitaldeasturias.com\\\/noticias\\\/glasner-sera-el-sucesor-de-labbadia-en-el-wolfsburgo\\\/#webpage\"},\"articleSection\":\"Deportes\"},{\"@type\":\"BreadcrumbList\",\"@id\":\"https:\\\/\\\/www.eldigitaldeasturias.com\\\/noticias\\\/glasner-sera-el-sucesor-de-labbadia-en-el-wolfsburgo\\\/#breadcrumblist\",\"itemListElement\":[{\"@type\":\"ListItem\",\"@id\":\"https:\\\/\\\/www.eldigitaldeasturias.com\\\/noticias#listItem\",\"position\":1,\"name\":\"Home\",\"item\":\"https:\\\/\\\/www.eldigitaldeasturias.com\\\/noticias\",\"nextItem\":{\"@type\":\"ListItem\",\"@id\":\"https:\\\/\\\/www.eldigitaldeasturias.com\\\/noticias\\\/category\\\/deportes\\\/#listItem\",\"name\":\"Deportes\"}},{\"@type\":\"ListItem\",\"@id\":\"https:\\\/\\\/www.eldigitaldeasturias.com\\\/noticias\\\/category\\\/deportes\\\/#listItem\",\"position\":2,\"name\":\"Deportes\",\"item\":\"https:\\\/\\\/www.eldigitaldeasturias.com\\\/noticias\\\/category\\\/deportes\\\/\",\"nextItem\":{\"@type\":\"ListItem\",\"@id\":\"https:\\\/\\\/www.eldigitaldeasturias.com\\\/noticias\\\/glasner-sera-el-sucesor-de-labbadia-en-el-wolfsburgo\\\/#listItem\",\"name\":\"Glasner ser\\u00e1 el sucesor de Labbadia en el Wolfsburgo\"},\"previousItem\":{\"@type\":\"ListItem\",\"@id\":\"https:\\\/\\\/www.eldigitaldeasturias.com\\\/noticias#listItem\",\"name\":\"Home\"}},{\"@type\":\"ListItem\",\"@id\":\"https:\\\/\\\/www.eldigitaldeasturias.com\\\/noticias\\\/glasner-sera-el-sucesor-de-labbadia-en-el-wolfsburgo\\\/#listItem\",\"position\":3,\"name\":\"Glasner ser\\u00e1 el sucesor de Labbadia en el Wolfsburgo\",\"previousItem\":{\"@type\":\"ListItem\",\"@id\":\"https:\\\/\\\/www.eldigitaldeasturias.com\\\/noticias\\\/category\\\/deportes\\\/#listItem\",\"name\":\"Deportes\"}}]},{\"@type\":\"Organization\",\"@id\":\"https:\\\/\\\/www.eldigitaldeasturias.com\\\/noticias\\\/#organization\",\"name\":\"El Digital de Asturias\",\"description\":\"Hemeroteca\",\"url\":\"https:\\\/\\\/www.eldigitaldeasturias.com\\\/noticias\\\/\",\"email\":\"info@eldigitaldeasturias.com\",\"telephone\":\"+34652131393\",\"logo\":{\"@type\":\"ImageObject\",\"url\":\"https:\\\/\\\/www.eldigitaldeasturias.com\\\/noticias\\\/wp-content\\\/uploads\\\/2020\\\/12\\\/EDA.jpg\",\"@id\":\"https:\\\/\\\/www.eldigitaldeasturias.com\\\/noticias\\\/glasner-sera-el-sucesor-de-labbadia-en-el-wolfsburgo\\\/#organizationLogo\",\"width\":649,\"height\":297},\"image\":{\"@id\":\"https:\\\/\\\/www.eldigitaldeasturias.com\\\/noticias\\\/glasner-sera-el-sucesor-de-labbadia-en-el-wolfsburgo\\\/#organizationLogo\"},\"sameAs\":[\"https:\\\/\\\/facebook.com\\\/eldigitaldeasturias\",\"https:\\\/\\\/www.youtube.com\\\/channel\\\/UCZP-2wLEB9Rv6erhFmqVnvg\"],\"address\":{\"@id\":\"https:\\\/\\\/www.eldigitaldeasturias.com\\\/noticias\\\/#postaladdress\",\"@type\":\"PostalAddress\",\"streetAddress\":\"san antonio 4,\",\"postalCode\":\"33430\",\"addressLocality\":\"Cand\\u00e1s\",\"addressRegion\":\"Asturias\",\"addressCountry\":\"ES\"}},{\"@type\":\"Person\",\"@id\":\"https:\\\/\\\/www.eldigitaldeasturias.com\\\/noticias\\\/author\\\/admin\\\/#author\",\"url\":\"https:\\\/\\\/www.eldigitaldeasturias.com\\\/noticias\\\/author\\\/admin\\\/\",\"name\":\"El Digital de Asturias\",\"image\":{\"@type\":\"ImageObject\",\"@id\":\"https:\\\/\\\/www.eldigitaldeasturias.com\\\/noticias\\\/glasner-sera-el-sucesor-de-labbadia-en-el-wolfsburgo\\\/#authorImage\",\"url\":\"https:\\\/\\\/www.eldigitaldeasturias.com\\\/noticias\\\/wp-content\\\/litespeed\\\/avatar\\\/18677e78aa0546b92d9dbf31ec7d7668.jpg?ver=1777290358\",\"width\":96,\"height\":96,\"caption\":\"El Digital de Asturias\"}},{\"@type\":\"WebPage\",\"@id\":\"https:\\\/\\\/www.eldigitaldeasturias.com\\\/noticias\\\/glasner-sera-el-sucesor-de-labbadia-en-el-wolfsburgo\\\/#webpage\",\"url\":\"https:\\\/\\\/www.eldigitaldeasturias.com\\\/noticias\\\/glasner-sera-el-sucesor-de-labbadia-en-el-wolfsburgo\\\/\",\"name\":\"Glasner ser\\u00e1 el sucesor de Labbadia en el Wolfsburgo - El Digital de Asturias\",\"description\":\"Wolfsburgo (Alemania), 23 abr (dpa) - El austriaco Oliver Glasner suceder\\u00e1 a Bruno Labbadia como t\\u00e9cnico del Wolfsburgo de la Bundesliga alemana, confirm\\u00f3 hoy el director deportivo del club, J\\u00f6rg Schmadtke. El entrenador entrante, de 44 a\\u00f1os, tendr\\u00e1 como meta establecer al Wolfsburgo definitivamente en el grupo de clubes m\\u00e1s exitosos de la Liga alemana.\",\"inLanguage\":\"es-ES\",\"isPartOf\":{\"@id\":\"https:\\\/\\\/www.eldigitaldeasturias.com\\\/noticias\\\/#website\"},\"breadcrumb\":{\"@id\":\"https:\\\/\\\/www.eldigitaldeasturias.com\\\/noticias\\\/glasner-sera-el-sucesor-de-labbadia-en-el-wolfsburgo\\\/#breadcrumblist\"},\"author\":{\"@id\":\"https:\\\/\\\/www.eldigitaldeasturias.com\\\/noticias\\\/author\\\/admin\\\/#author\"},\"creator\":{\"@id\":\"https:\\\/\\\/www.eldigitaldeasturias.com\\\/noticias\\\/author\\\/admin\\\/#author\"},\"image\":{\"@type\":\"ImageObject\",\"url\":\"https:\\\/\\\/www.eldigitaldeasturias.com\\\/noticias\\\/wp-content\\\/uploads\\\/2018\\\/06\\\/football-1406106_960_720.jpg\",\"@id\":\"https:\\\/\\\/www.eldigitaldeasturias.com\\\/noticias\\\/glasner-sera-el-sucesor-de-labbadia-en-el-wolfsburgo\\\/#mainImage\",\"width\":960,\"height\":643},\"primaryImageOfPage\":{\"@id\":\"https:\\\/\\\/www.eldigitaldeasturias.com\\\/noticias\\\/glasner-sera-el-sucesor-de-labbadia-en-el-wolfsburgo\\\/#mainImage\"},\"datePublished\":\"2019-04-24T04:28:03+02:00\",\"dateModified\":\"2019-04-24T04:28:03+02:00\"},{\"@type\":\"WebSite\",\"@id\":\"https:\\\/\\\/www.eldigitaldeasturias.com\\\/noticias\\\/#website\",\"url\":\"https:\\\/\\\/www.eldigitaldeasturias.com\\\/noticias\\\/\",\"name\":\"El Digital de Asturias - Diario de actualidad y noticias\",\"alternateName\":\"El Digital de Asturias - Diario de actualidad y noticias\",\"description\":\"Hemeroteca\",\"inLanguage\":\"es-ES\",\"publisher\":{\"@id\":\"https:\\\/\\\/www.eldigitaldeasturias.com\\\/noticias\\\/#organization\"}}]}\n\t\t<\/script>\n\t\t<!-- All in One SEO Pro -->\r\n\t\t<title>Glasner ser\u00e1 el sucesor de Labbadia en el Wolfsburgo - El Digital de Asturias<\/title>\n\n","aioseo_head_json":{"title":"Glasner ser\u00e1 el sucesor de Labbadia en el Wolfsburgo - El Digital de Asturias","description":"Wolfsburgo (Alemania), 23 abr (dpa) - El austriaco Oliver Glasner suceder\u00e1 a Bruno Labbadia como t\u00e9cnico del Wolfsburgo de la Bundesliga alemana, confirm\u00f3 hoy el director deportivo del club, J\u00f6rg Schmadtke. El entrenador entrante, de 44 a\u00f1os, tendr\u00e1 como meta establecer al Wolfsburgo definitivamente en el grupo de clubes m\u00e1s exitosos de la Liga alemana.","canonical_url":"https:\/\/www.eldigitaldeasturias.com\/noticias\/glasner-sera-el-sucesor-de-labbadia-en-el-wolfsburgo\/","robots":"max-image-preview:large","keywords":"deportes","webmasterTools":{"google-site-verification":"UA-38556648-1","msvalidate.01":"7dfe9f3f1b24437ab69f4f2559babe99","miscellaneous":""},"schema":{"@context":"https:\/\/schema.org","@graph":[{"@type":"BlogPosting","@id":"https:\/\/www.eldigitaldeasturias.com\/noticias\/glasner-sera-el-sucesor-de-labbadia-en-el-wolfsburgo\/#blogposting","name":"Glasner ser\u00e1 el sucesor de Labbadia en el Wolfsburgo - El Digital de Asturias","headline":"Glasner ser\u00e1 el sucesor de Labbadia en el Wolfsburgo","author":{"@id":"https:\/\/www.eldigitaldeasturias.com\/noticias\/author\/admin\/#author"},"publisher":{"@id":"https:\/\/www.eldigitaldeasturias.com\/noticias\/#organization"},"image":{"@type":"ImageObject","url":"https:\/\/www.eldigitaldeasturias.com\/noticias\/wp-content\/uploads\/2018\/06\/football-1406106_960_720.jpg","width":960,"height":643},"datePublished":"2019-04-24T04:28:03+02:00","dateModified":"2019-04-24T04:28:03+02:00","inLanguage":"es-ES","mainEntityOfPage":{"@id":"https:\/\/www.eldigitaldeasturias.com\/noticias\/glasner-sera-el-sucesor-de-labbadia-en-el-wolfsburgo\/#webpage"},"isPartOf":{"@id":"https:\/\/www.eldigitaldeasturias.com\/noticias\/glasner-sera-el-sucesor-de-labbadia-en-el-wolfsburgo\/#webpage"},"articleSection":"Deportes"},{"@type":"BreadcrumbList","@id":"https:\/\/www.eldigitaldeasturias.com\/noticias\/glasner-sera-el-sucesor-de-labbadia-en-el-wolfsburgo\/#breadcrumblist","itemListElement":[{"@type":"ListItem","@id":"https:\/\/www.eldigitaldeasturias.com\/noticias#listItem","position":1,"name":"Home","item":"https:\/\/www.eldigitaldeasturias.com\/noticias","nextItem":{"@type":"ListItem","@id":"https:\/\/www.eldigitaldeasturias.com\/noticias\/category\/deportes\/#listItem","name":"Deportes"}},{"@type":"ListItem","@id":"https:\/\/www.eldigitaldeasturias.com\/noticias\/category\/deportes\/#listItem","position":2,"name":"Deportes","item":"https:\/\/www.eldigitaldeasturias.com\/noticias\/category\/deportes\/","nextItem":{"@type":"ListItem","@id":"https:\/\/www.eldigitaldeasturias.com\/noticias\/glasner-sera-el-sucesor-de-labbadia-en-el-wolfsburgo\/#listItem","name":"Glasner ser\u00e1 el sucesor de Labbadia en el Wolfsburgo"},"previousItem":{"@type":"ListItem","@id":"https:\/\/www.eldigitaldeasturias.com\/noticias#listItem","name":"Home"}},{"@type":"ListItem","@id":"https:\/\/www.eldigitaldeasturias.com\/noticias\/glasner-sera-el-sucesor-de-labbadia-en-el-wolfsburgo\/#listItem","position":3,"name":"Glasner ser\u00e1 el sucesor de Labbadia en el Wolfsburgo","previousItem":{"@type":"ListItem","@id":"https:\/\/www.eldigitaldeasturias.com\/noticias\/category\/deportes\/#listItem","name":"Deportes"}}]},{"@type":"Organization","@id":"https:\/\/www.eldigitaldeasturias.com\/noticias\/#organization","name":"El Digital de Asturias","description":"Hemeroteca","url":"https:\/\/www.eldigitaldeasturias.com\/noticias\/","email":"info@eldigitaldeasturias.com","telephone":"+34652131393","logo":{"@type":"ImageObject","url":"https:\/\/www.eldigitaldeasturias.com\/noticias\/wp-content\/uploads\/2020\/12\/EDA.jpg","@id":"https:\/\/www.eldigitaldeasturias.com\/noticias\/glasner-sera-el-sucesor-de-labbadia-en-el-wolfsburgo\/#organizationLogo","width":649,"height":297},"image":{"@id":"https:\/\/www.eldigitaldeasturias.com\/noticias\/glasner-sera-el-sucesor-de-labbadia-en-el-wolfsburgo\/#organizationLogo"},"sameAs":["https:\/\/facebook.com\/eldigitaldeasturias","https:\/\/www.youtube.com\/channel\/UCZP-2wLEB9Rv6erhFmqVnvg"],"address":{"@id":"https:\/\/www.eldigitaldeasturias.com\/noticias\/#postaladdress","@type":"PostalAddress","streetAddress":"san antonio 4,","postalCode":"33430","addressLocality":"Cand\u00e1s","addressRegion":"Asturias","addressCountry":"ES"}},{"@type":"Person","@id":"https:\/\/www.eldigitaldeasturias.com\/noticias\/author\/admin\/#author","url":"https:\/\/www.eldigitaldeasturias.com\/noticias\/author\/admin\/","name":"El Digital de Asturias","image":{"@type":"ImageObject","@id":"https:\/\/www.eldigitaldeasturias.com\/noticias\/glasner-sera-el-sucesor-de-labbadia-en-el-wolfsburgo\/#authorImage","url":"https:\/\/www.eldigitaldeasturias.com\/noticias\/wp-content\/litespeed\/avatar\/18677e78aa0546b92d9dbf31ec7d7668.jpg?ver=1777290358","width":96,"height":96,"caption":"El Digital de Asturias"}},{"@type":"WebPage","@id":"https:\/\/www.eldigitaldeasturias.com\/noticias\/glasner-sera-el-sucesor-de-labbadia-en-el-wolfsburgo\/#webpage","url":"https:\/\/www.eldigitaldeasturias.com\/noticias\/glasner-sera-el-sucesor-de-labbadia-en-el-wolfsburgo\/","name":"Glasner ser\u00e1 el sucesor de Labbadia en el Wolfsburgo - El Digital de Asturias","description":"Wolfsburgo (Alemania), 23 abr (dpa) - El austriaco Oliver Glasner suceder\u00e1 a Bruno Labbadia como t\u00e9cnico del Wolfsburgo de la Bundesliga alemana, confirm\u00f3 hoy el director deportivo del club, J\u00f6rg Schmadtke. El entrenador entrante, de 44 a\u00f1os, tendr\u00e1 como meta establecer al Wolfsburgo definitivamente en el grupo de clubes m\u00e1s exitosos de la Liga alemana.","inLanguage":"es-ES","isPartOf":{"@id":"https:\/\/www.eldigitaldeasturias.com\/noticias\/#website"},"breadcrumb":{"@id":"https:\/\/www.eldigitaldeasturias.com\/noticias\/glasner-sera-el-sucesor-de-labbadia-en-el-wolfsburgo\/#breadcrumblist"},"author":{"@id":"https:\/\/www.eldigitaldeasturias.com\/noticias\/author\/admin\/#author"},"creator":{"@id":"https:\/\/www.eldigitaldeasturias.com\/noticias\/author\/admin\/#author"},"image":{"@type":"ImageObject","url":"https:\/\/www.eldigitaldeasturias.com\/noticias\/wp-content\/uploads\/2018\/06\/football-1406106_960_720.jpg","@id":"https:\/\/www.eldigitaldeasturias.com\/noticias\/glasner-sera-el-sucesor-de-labbadia-en-el-wolfsburgo\/#mainImage","width":960,"height":643},"primaryImageOfPage":{"@id":"https:\/\/www.eldigitaldeasturias.com\/noticias\/glasner-sera-el-sucesor-de-labbadia-en-el-wolfsburgo\/#mainImage"},"datePublished":"2019-04-24T04:28:03+02:00","dateModified":"2019-04-24T04:28:03+02:00"},{"@type":"WebSite","@id":"https:\/\/www.eldigitaldeasturias.com\/noticias\/#website","url":"https:\/\/www.eldigitaldeasturias.com\/noticias\/","name":"El Digital de Asturias - Diario de actualidad y noticias","alternateName":"El Digital de Asturias - Diario de actualidad y noticias","description":"Hemeroteca","inLanguage":"es-ES","publisher":{"@id":"https:\/\/www.eldigitaldeasturias.com\/noticias\/#organization"}}]},"og:locale":"es_ES","og:site_name":"El Digital de Asturias","og:type":"article","og:title":"Glasner ser\u00e1 el sucesor de Labbadia en el Wolfsburgo - El Digital de Asturias","og:description":"Wolfsburgo (Alemania), 23 abr (dpa) - El austriaco Oliver Glasner suceder\u00e1 a Bruno Labbadia como t\u00e9cnico del Wolfsburgo de la Bundesliga alemana, confirm\u00f3 hoy el director deportivo del club, J\u00f6rg Schmadtke. El entrenador entrante, de 44 a\u00f1os, tendr\u00e1 como meta establecer al Wolfsburgo definitivamente en el grupo de clubes m\u00e1s exitosos de la Liga alemana.","og:url":"https:\/\/www.eldigitaldeasturias.com\/noticias\/glasner-sera-el-sucesor-de-labbadia-en-el-wolfsburgo\/","og:image":"https:\/\/www.eldigitaldeasturias.com\/noticias\/wp-content\/uploads\/2018\/06\/football-1406106_960_720.jpg","og:image:secure_url":"https:\/\/www.eldigitaldeasturias.com\/noticias\/wp-content\/uploads\/2018\/06\/football-1406106_960_720.jpg","og:image:width":960,"og:image:height":643,"article:tag":["deportes"],"article:published_time":"2019-04-24T04:28:03+00:00","article:modified_time":"2019-04-24T04:28:03+00:00","article:publisher":"https:\/\/facebook.com\/eldigitaldeasturias","twitter:card":"summary_large_image","twitter:title":"Glasner ser\u00e1 el sucesor de Labbadia en el Wolfsburgo - El Digital de Asturias","twitter:description":"Wolfsburgo (Alemania), 23 abr (dpa) - El austriaco Oliver Glasner suceder\u00e1 a Bruno Labbadia como t\u00e9cnico del Wolfsburgo de la Bundesliga alemana, confirm\u00f3 hoy el director deportivo del club, J\u00f6rg Schmadtke. El entrenador entrante, de 44 a\u00f1os, tendr\u00e1 como meta establecer al Wolfsburgo definitivamente en el grupo de clubes m\u00e1s exitosos de la Liga alemana.","twitter:image":"https:\/\/www.eldigitaldeasturias.com\/noticias\/wp-content\/uploads\/2018\/06\/football-1406106_960_720.jpg","twitter:label1":"Escrito por","twitter:data1":"El Digital de Asturias","twitter:label2":"Tiempo de lectura estimado","twitter:data2":"1 minuto"},"aioseo_meta_data":{"post_id":"1025003","title":null,"description":null,"keywords":null,"keyphrases":null,"primary_term":null,"canonical_url":null,"og_title":null,"og_description":null,"og_object_type":"default","og_image_type":"default","og_image_url":null,"og_image_width":null,"og_image_height":null,"og_image_custom_url":null,"og_image_custom_fields":null,"og_video":null,"og_custom_url":null,"og_article_section":null,"og_article_tags":null,"twitter_use_og":false,"twitter_card":"default","twitter_image_type":"default","twitter_image_url":null,"twitter_image_custom_url":null,"twitter_image_custom_fields":null,"twitter_title":null,"twitter_description":null,"schema":{"blockGraphs":[],"customGraphs":[],"default":{"data":{"Article":[],"Course":[],"Dataset":[],"FAQPage":[],"Movie":[],"Person":[],"Product":[],"ProductReview":[],"Car":[],"Recipe":[],"Service":[],"SoftwareApplication":[],"WebPage":[]},"graphName":"","isEnabled":true},"graphs":[],"defaultGraph":"","defaultPostTypeGraph":""},"schema_type":null,"schema_type_options":null,"pillar_content":false,"robots_default":true,"robots_noindex":false,"robots_noarchive":false,"robots_nosnippet":false,"robots_nofollow":false,"robots_noimageindex":false,"robots_noodp":false,"robots_notranslate":false,"robots_max_snippet":null,"robots_max_videopreview":null,"robots_max_imagepreview":"large","priority":null,"frequency":null,"local_seo":null,"seo_analyzer_scan_date":"2025-10-17 20:53:21","breadcrumb_settings":null,"limit_modified_date":false,"open_ai":null,"ai":null,"created":"2020-12-21 11:14:40","updated":"2025-10-17 20:53:21"},"aioseo_breadcrumb":"<div class=\"aioseo-breadcrumbs\"><span class=\"aioseo-breadcrumb\">\n\t<a href=\"https:\/\/www.eldigitaldeasturias.com\/noticias\" title=\"Home\">Home<\/a>\n<\/span><span class=\"aioseo-breadcrumb-separator\">\u2013<\/span><span class=\"aioseo-breadcrumb\">\n\t<a href=\"https:\/\/www.eldigitaldeasturias.com\/noticias\/category\/deportes\/\" title=\"Deportes\">Deportes<\/a>\n<\/span><span class=\"aioseo-breadcrumb-separator\">\u2013<\/span><span class=\"aioseo-breadcrumb\">\n\t<a href=\"https:\/\/www.eldigitaldeasturias.com\/noticias\/glasner-sera-el-sucesor-de-labbadia-en-el-wolfsburgo\/\" title=\"Glasner ser\u00e1 el sucesor de Labbadia en el Wolfsburgo\">Glasner ser\u00e1 el sucesor de Labbadia en el Wolfsburgo<\/a>\n<\/span><\/div>","aioseo_breadcrumb_json":[{"label":"Home","link":"https:\/\/www.eldigitaldeasturias.com\/noticias"},{"label":"Deportes","link":"https:\/\/www.eldigitaldeasturias.com\/noticias\/category\/deportes\/"},{"label":"Glasner ser\u00e1 el sucesor de Labbadia en el Wolfsburgo","link":"https:\/\/www.eldigitaldeasturias.com\/noticias\/glasner-sera-el-sucesor-de-labbadia-en-el-wolfsburgo\/"}],"_links":{"self":[{"href":"https:\/\/www.eldigitaldeasturias.com\/noticias\/wp-json\/wp\/v2\/posts\/1025003","targetHints":{"allow":["GET"]}}],"collection":[{"href":"https:\/\/www.eldigitaldeasturias.com\/noticias\/wp-json\/wp\/v2\/posts"}],"about":[{"href":"https:\/\/www.eldigitaldeasturias.com\/noticias\/wp-json\/wp\/v2\/types\/post"}],"author":[{"embeddable":true,"href":"https:\/\/www.eldigitaldeasturias.com\/noticias\/wp-json\/wp\/v2\/users\/1"}],"replies":[{"embeddable":true,"href":"https:\/\/www.eldigitaldeasturias.com\/noticias\/wp-json\/wp\/v2\/comments?post=1025003"}],"version-history":[{"count":0,"href":"https:\/\/www.eldigitaldeasturias.com\/noticias\/wp-json\/wp\/v2\/posts\/1025003\/revisions"}],"wp:featuredmedia":[{"embeddable":true,"href":"https:\/\/www.eldigitaldeasturias.com\/noticias\/wp-json\/wp\/v2\/media\/985209"}],"wp:attachment":[{"href":"https:\/\/www.eldigitaldeasturias.com\/noticias\/wp-json\/wp\/v2\/media?parent=1025003"}],"wp:term":[{"taxonomy":"category","embeddable":true,"href":"https:\/\/www.eldigitaldeasturias.com\/noticias\/wp-json\/wp\/v2\/categories?post=1025003"},{"taxonomy":"post_tag","embeddable":true,"href":"https:\/\/www.eldigitaldeasturias.com\/noticias\/wp-json\/wp\/v2\/tags?post=1025003"}],"curies":[{"name":"wp","href":"https:\/\/api.w.org\/{rel}","templated":true}]}}