{"id":1024721,"date":"2019-04-22T22:07:43","date_gmt":"2019-04-22T22:07:43","guid":{"rendered":"https:\/\/www.eldigitaldeasturias.com\/noticias\/?p=1024721"},"modified":"2019-04-22T22:07:43","modified_gmt":"2019-04-22T22:07:43","slug":"renovado-el-protocolo-de-acuerdo-de-pesca-entre-la-ue-y-sao-tome-y-principe","status":"publish","type":"post","link":"https:\/\/www.eldigitaldeasturias.com\/noticias\/renovado-el-protocolo-de-acuerdo-de-pesca-entre-la-ue-y-sao-tome-y-principe\/","title":{"rendered":"Renovado el protocolo de acuerdo de pesca entre la UE y Sao Tom\u00e9 y Pr\u00edncipe"},"content":{"rendered":"<p><img loading=\"lazy\" decoding=\"async\" class=\"alignleft size-medium wp-image-1024722\" src=\"https:\/\/www.eldigitaldeasturias.com\/noticias\/wp-content\/uploads\/2019\/04\/21122016_BarcoPescaPajaros-360x239.jpg\" alt=\"\" width=\"360\" height=\"239\" srcset=\"https:\/\/www.eldigitaldeasturias.com\/noticias\/wp-content\/uploads\/2019\/04\/21122016_BarcoPescaPajaros-360x239.jpg 360w, https:\/\/www.eldigitaldeasturias.com\/noticias\/wp-content\/uploads\/2019\/04\/21122016_BarcoPescaPajaros.jpg 512w\" sizes=\"auto, (max-width: 360px) 100vw, 360px\" \/>La entrada en vigor del nuevo protocolo, una vez sea ratificado por las partes, permitir\u00e1 regresar a este caladero a cerca de una veintena de buques vascos y gallegos<\/p>\n<p>\u200bEl nuevo protocolo, de cinco a\u00f1os de duraci\u00f3n, ofrecer\u00e1 posibilidades de pesca a 26 cerqueros atuneros comunitarios y seis palangreros de superficie, con un tonelaje total de referencia de 8000 t, a cambio de una contrapartida financiera de 400.000 \u20ac por el acceso a recursos m\u00e1s otros 440.000 \u20ac millones en concepto de apoyo sectorial.<\/p>\n<p>Si bien el canon de acceso para los buques se ha incrementado de manera moderada, el precio por tonelada permanece al mismo nivel que estaba durante los \u00faltimos a\u00f1os de vigencia del anterior Protocolo.<\/p>\n<p>Su entrada en vigor, una vez concluya el proceso de ratificaci\u00f3n del protocolo por ambas partes, permitir\u00e1 regresar a este caladero a cerca de una veintena de buques espa\u00f1oles vascos y gallegos que debieron abandonarlo tras la expiraci\u00f3n del anterior protocolo el 22 de mayo de 2018.<\/p>\n<p>La duraci\u00f3n ampliada a cinco a\u00f1os permitir\u00e1 asegurar la estabilidad de la actividad pesquera en las aguas del Golfo de Guinea.<\/p>\n","protected":false},"excerpt":{"rendered":"<p>La entrada en vigor del nuevo protocolo, una vez sea ratificado por las partes, permitir\u00e1 regresar a este caladero a cerca de una veintena de buques vascos y gallegos \u200bEl nuevo protocolo, de cinco a\u00f1os de duraci\u00f3n, ofrecer\u00e1 posibilidades de pesca a 26 cerqueros atuneros comunitarios y seis palangreros de superficie, con un tonelaje total [&hellip;]<\/p>\n","protected":false},"author":1,"featured_media":1024722,"comment_status":"closed","ping_status":"closed","sticky":false,"template":"","format":"standard","meta":{"footnotes":""},"categories":[187],"tags":[],"class_list":["post-1024721","post","type-post","status-publish","format-standard","has-post-thumbnail","hentry","category-economia"],"aioseo_notices":[],"aioseo_head":"\n\t\t<!-- All in One SEO Pro 4.9.6.2 - aioseo.com -->\n\t<meta name=\"description\" content=\"La entrada en vigor del nuevo protocolo, una vez sea ratificado por las partes, permitir\u00e1 regresar a este caladero a cerca de una veintena de buques vascos y gallegos \u200bEl nuevo protocolo, de cinco a\u00f1os de duraci\u00f3n, ofrecer\u00e1 posibilidades de pesca a 26 cerqueros atuneros comunitarios y seis palangreros de superficie, con un tonelaje total\" \/>\n\t<meta name=\"robots\" content=\"max-image-preview:large\" \/>\n\t<meta name=\"author\" content=\"El Digital de Asturias\"\/>\n\t<meta name=\"google-site-verification\" content=\"UA-38556648-1\" \/>\n\t<meta name=\"msvalidate.01\" content=\"7dfe9f3f1b24437ab69f4f2559babe99\" \/>\n\t<meta name=\"keywords\" content=\"econom\u00eda\" \/>\n\t<link rel=\"canonical\" href=\"https:\/\/www.eldigitaldeasturias.com\/noticias\/renovado-el-protocolo-de-acuerdo-de-pesca-entre-la-ue-y-sao-tome-y-principe\/\" \/>\n\t<meta name=\"generator\" content=\"All in One SEO Pro (AIOSEO) 4.9.6.2\" \/>\n\t\t<meta property=\"og:locale\" content=\"es_ES\" \/>\n\t\t<meta property=\"og:site_name\" content=\"El Digital de Asturias\" \/>\n\t\t<meta property=\"og:type\" content=\"article\" \/>\n\t\t<meta property=\"og:title\" content=\"Renovado el protocolo de acuerdo de pesca entre la UE y Sao Tom\u00e9 y Pr\u00edncipe - El Digital de Asturias\" \/>\n\t\t<meta property=\"og:description\" content=\"La entrada en vigor del nuevo protocolo, una vez sea ratificado por las partes, permitir\u00e1 regresar a este caladero a cerca de una veintena de buques vascos y gallegos \u200bEl nuevo protocolo, de cinco a\u00f1os de duraci\u00f3n, ofrecer\u00e1 posibilidades de pesca a 26 cerqueros atuneros comunitarios y seis palangreros de superficie, con un tonelaje total\" \/>\n\t\t<meta property=\"og:url\" content=\"https:\/\/www.eldigitaldeasturias.com\/noticias\/renovado-el-protocolo-de-acuerdo-de-pesca-entre-la-ue-y-sao-tome-y-principe\/\" \/>\n\t\t<meta property=\"og:image\" content=\"https:\/\/www.eldigitaldeasturias.com\/noticias\/wp-content\/uploads\/2019\/04\/21122016_BarcoPescaPajaros.jpg\" \/>\n\t\t<meta property=\"og:image:secure_url\" content=\"https:\/\/www.eldigitaldeasturias.com\/noticias\/wp-content\/uploads\/2019\/04\/21122016_BarcoPescaPajaros.jpg\" \/>\n\t\t<meta property=\"og:image:width\" content=\"512\" \/>\n\t\t<meta property=\"og:image:height\" content=\"340\" \/>\n\t\t<meta property=\"article:tag\" content=\"econom\u00eda\" \/>\n\t\t<meta property=\"article:published_time\" content=\"2019-04-22T22:07:43+00:00\" \/>\n\t\t<meta property=\"article:modified_time\" content=\"2019-04-22T22:07:43+00:00\" \/>\n\t\t<meta property=\"article:publisher\" content=\"https:\/\/facebook.com\/eldigitaldeasturias\" \/>\n\t\t<meta name=\"twitter:card\" content=\"summary_large_image\" \/>\n\t\t<meta name=\"twitter:title\" content=\"Renovado el protocolo de acuerdo de pesca entre la UE y Sao Tom\u00e9 y Pr\u00edncipe - El Digital de Asturias\" \/>\n\t\t<meta name=\"twitter:description\" content=\"La entrada en vigor del nuevo protocolo, una vez sea ratificado por las partes, permitir\u00e1 regresar a este caladero a cerca de una veintena de buques vascos y gallegos \u200bEl nuevo protocolo, de cinco a\u00f1os de duraci\u00f3n, ofrecer\u00e1 posibilidades de pesca a 26 cerqueros atuneros comunitarios y seis palangreros de superficie, con un tonelaje total\" \/>\n\t\t<meta name=\"twitter:image\" content=\"https:\/\/www.eldigitaldeasturias.com\/noticias\/wp-content\/uploads\/2019\/04\/21122016_BarcoPescaPajaros.jpg\" \/>\n\t\t<meta name=\"twitter:label1\" content=\"Escrito por\" \/>\n\t\t<meta name=\"twitter:data1\" content=\"El Digital de Asturias\" \/>\n\t\t<meta name=\"twitter:label2\" content=\"Tiempo de lectura estimado\" \/>\n\t\t<meta name=\"twitter:data2\" content=\"1 minuto\" \/>\n\t\t<script type=\"application\/ld+json\" class=\"aioseo-schema\">\n\t\t\t{\"@context\":\"https:\\\/\\\/schema.org\",\"@graph\":[{\"@type\":\"BlogPosting\",\"@id\":\"https:\\\/\\\/www.eldigitaldeasturias.com\\\/noticias\\\/renovado-el-protocolo-de-acuerdo-de-pesca-entre-la-ue-y-sao-tome-y-principe\\\/#blogposting\",\"name\":\"Renovado el protocolo de acuerdo de pesca entre la UE y Sao Tom\\u00e9 y Pr\\u00edncipe - El Digital de Asturias\",\"headline\":\"Renovado el protocolo de acuerdo de pesca entre la UE y Sao Tom\\u00e9 y Pr\\u00edncipe\",\"author\":{\"@id\":\"https:\\\/\\\/www.eldigitaldeasturias.com\\\/noticias\\\/author\\\/admin\\\/#author\"},\"publisher\":{\"@id\":\"https:\\\/\\\/www.eldigitaldeasturias.com\\\/noticias\\\/#organization\"},\"image\":{\"@type\":\"ImageObject\",\"url\":\"https:\\\/\\\/www.eldigitaldeasturias.com\\\/noticias\\\/wp-content\\\/uploads\\\/2019\\\/04\\\/21122016_BarcoPescaPajaros.jpg\",\"width\":512,\"height\":340},\"datePublished\":\"2019-04-22T22:07:43+02:00\",\"dateModified\":\"2019-04-22T22:07:43+02:00\",\"inLanguage\":\"es-ES\",\"mainEntityOfPage\":{\"@id\":\"https:\\\/\\\/www.eldigitaldeasturias.com\\\/noticias\\\/renovado-el-protocolo-de-acuerdo-de-pesca-entre-la-ue-y-sao-tome-y-principe\\\/#webpage\"},\"isPartOf\":{\"@id\":\"https:\\\/\\\/www.eldigitaldeasturias.com\\\/noticias\\\/renovado-el-protocolo-de-acuerdo-de-pesca-entre-la-ue-y-sao-tome-y-principe\\\/#webpage\"},\"articleSection\":\"Econom\\u00eda\"},{\"@type\":\"BreadcrumbList\",\"@id\":\"https:\\\/\\\/www.eldigitaldeasturias.com\\\/noticias\\\/renovado-el-protocolo-de-acuerdo-de-pesca-entre-la-ue-y-sao-tome-y-principe\\\/#breadcrumblist\",\"itemListElement\":[{\"@type\":\"ListItem\",\"@id\":\"https:\\\/\\\/www.eldigitaldeasturias.com\\\/noticias#listItem\",\"position\":1,\"name\":\"Home\",\"item\":\"https:\\\/\\\/www.eldigitaldeasturias.com\\\/noticias\",\"nextItem\":{\"@type\":\"ListItem\",\"@id\":\"https:\\\/\\\/www.eldigitaldeasturias.com\\\/noticias\\\/category\\\/economia\\\/#listItem\",\"name\":\"Econom\\u00eda\"}},{\"@type\":\"ListItem\",\"@id\":\"https:\\\/\\\/www.eldigitaldeasturias.com\\\/noticias\\\/category\\\/economia\\\/#listItem\",\"position\":2,\"name\":\"Econom\\u00eda\",\"item\":\"https:\\\/\\\/www.eldigitaldeasturias.com\\\/noticias\\\/category\\\/economia\\\/\",\"nextItem\":{\"@type\":\"ListItem\",\"@id\":\"https:\\\/\\\/www.eldigitaldeasturias.com\\\/noticias\\\/renovado-el-protocolo-de-acuerdo-de-pesca-entre-la-ue-y-sao-tome-y-principe\\\/#listItem\",\"name\":\"Renovado el protocolo de acuerdo de pesca entre la UE y Sao Tom\\u00e9 y Pr\\u00edncipe\"},\"previousItem\":{\"@type\":\"ListItem\",\"@id\":\"https:\\\/\\\/www.eldigitaldeasturias.com\\\/noticias#listItem\",\"name\":\"Home\"}},{\"@type\":\"ListItem\",\"@id\":\"https:\\\/\\\/www.eldigitaldeasturias.com\\\/noticias\\\/renovado-el-protocolo-de-acuerdo-de-pesca-entre-la-ue-y-sao-tome-y-principe\\\/#listItem\",\"position\":3,\"name\":\"Renovado el protocolo de acuerdo de pesca entre la UE y Sao Tom\\u00e9 y Pr\\u00edncipe\",\"previousItem\":{\"@type\":\"ListItem\",\"@id\":\"https:\\\/\\\/www.eldigitaldeasturias.com\\\/noticias\\\/category\\\/economia\\\/#listItem\",\"name\":\"Econom\\u00eda\"}}]},{\"@type\":\"Organization\",\"@id\":\"https:\\\/\\\/www.eldigitaldeasturias.com\\\/noticias\\\/#organization\",\"name\":\"El Digital de Asturias\",\"description\":\"Hemeroteca\",\"url\":\"https:\\\/\\\/www.eldigitaldeasturias.com\\\/noticias\\\/\",\"email\":\"info@eldigitaldeasturias.com\",\"telephone\":\"+34652131393\",\"logo\":{\"@type\":\"ImageObject\",\"url\":\"https:\\\/\\\/www.eldigitaldeasturias.com\\\/noticias\\\/wp-content\\\/uploads\\\/2020\\\/12\\\/EDA.jpg\",\"@id\":\"https:\\\/\\\/www.eldigitaldeasturias.com\\\/noticias\\\/renovado-el-protocolo-de-acuerdo-de-pesca-entre-la-ue-y-sao-tome-y-principe\\\/#organizationLogo\",\"width\":649,\"height\":297},\"image\":{\"@id\":\"https:\\\/\\\/www.eldigitaldeasturias.com\\\/noticias\\\/renovado-el-protocolo-de-acuerdo-de-pesca-entre-la-ue-y-sao-tome-y-principe\\\/#organizationLogo\"},\"sameAs\":[\"https:\\\/\\\/facebook.com\\\/eldigitaldeasturias\",\"https:\\\/\\\/www.youtube.com\\\/channel\\\/UCZP-2wLEB9Rv6erhFmqVnvg\"],\"address\":{\"@id\":\"https:\\\/\\\/www.eldigitaldeasturias.com\\\/noticias\\\/#postaladdress\",\"@type\":\"PostalAddress\",\"streetAddress\":\"san antonio 4,\",\"postalCode\":\"33430\",\"addressLocality\":\"Cand\\u00e1s\",\"addressRegion\":\"Asturias\",\"addressCountry\":\"ES\"}},{\"@type\":\"Person\",\"@id\":\"https:\\\/\\\/www.eldigitaldeasturias.com\\\/noticias\\\/author\\\/admin\\\/#author\",\"url\":\"https:\\\/\\\/www.eldigitaldeasturias.com\\\/noticias\\\/author\\\/admin\\\/\",\"name\":\"El Digital de Asturias\",\"image\":{\"@type\":\"ImageObject\",\"@id\":\"https:\\\/\\\/www.eldigitaldeasturias.com\\\/noticias\\\/renovado-el-protocolo-de-acuerdo-de-pesca-entre-la-ue-y-sao-tome-y-principe\\\/#authorImage\",\"url\":\"https:\\\/\\\/www.eldigitaldeasturias.com\\\/noticias\\\/wp-content\\\/litespeed\\\/avatar\\\/18677e78aa0546b92d9dbf31ec7d7668.jpg?ver=1776685526\",\"width\":96,\"height\":96,\"caption\":\"El Digital de Asturias\"}},{\"@type\":\"WebPage\",\"@id\":\"https:\\\/\\\/www.eldigitaldeasturias.com\\\/noticias\\\/renovado-el-protocolo-de-acuerdo-de-pesca-entre-la-ue-y-sao-tome-y-principe\\\/#webpage\",\"url\":\"https:\\\/\\\/www.eldigitaldeasturias.com\\\/noticias\\\/renovado-el-protocolo-de-acuerdo-de-pesca-entre-la-ue-y-sao-tome-y-principe\\\/\",\"name\":\"Renovado el protocolo de acuerdo de pesca entre la UE y Sao Tom\\u00e9 y Pr\\u00edncipe - El Digital de Asturias\",\"description\":\"La entrada en vigor del nuevo protocolo, una vez sea ratificado por las partes, permitir\\u00e1 regresar a este caladero a cerca de una veintena de buques vascos y gallegos \\u200bEl nuevo protocolo, de cinco a\\u00f1os de duraci\\u00f3n, ofrecer\\u00e1 posibilidades de pesca a 26 cerqueros atuneros comunitarios y seis palangreros de superficie, con un tonelaje total\",\"inLanguage\":\"es-ES\",\"isPartOf\":{\"@id\":\"https:\\\/\\\/www.eldigitaldeasturias.com\\\/noticias\\\/#website\"},\"breadcrumb\":{\"@id\":\"https:\\\/\\\/www.eldigitaldeasturias.com\\\/noticias\\\/renovado-el-protocolo-de-acuerdo-de-pesca-entre-la-ue-y-sao-tome-y-principe\\\/#breadcrumblist\"},\"author\":{\"@id\":\"https:\\\/\\\/www.eldigitaldeasturias.com\\\/noticias\\\/author\\\/admin\\\/#author\"},\"creator\":{\"@id\":\"https:\\\/\\\/www.eldigitaldeasturias.com\\\/noticias\\\/author\\\/admin\\\/#author\"},\"image\":{\"@type\":\"ImageObject\",\"url\":\"https:\\\/\\\/www.eldigitaldeasturias.com\\\/noticias\\\/wp-content\\\/uploads\\\/2019\\\/04\\\/21122016_BarcoPescaPajaros.jpg\",\"@id\":\"https:\\\/\\\/www.eldigitaldeasturias.com\\\/noticias\\\/renovado-el-protocolo-de-acuerdo-de-pesca-entre-la-ue-y-sao-tome-y-principe\\\/#mainImage\",\"width\":512,\"height\":340},\"primaryImageOfPage\":{\"@id\":\"https:\\\/\\\/www.eldigitaldeasturias.com\\\/noticias\\\/renovado-el-protocolo-de-acuerdo-de-pesca-entre-la-ue-y-sao-tome-y-principe\\\/#mainImage\"},\"datePublished\":\"2019-04-22T22:07:43+02:00\",\"dateModified\":\"2019-04-22T22:07:43+02:00\"},{\"@type\":\"WebSite\",\"@id\":\"https:\\\/\\\/www.eldigitaldeasturias.com\\\/noticias\\\/#website\",\"url\":\"https:\\\/\\\/www.eldigitaldeasturias.com\\\/noticias\\\/\",\"name\":\"El Digital de Asturias - Diario de actualidad y noticias\",\"alternateName\":\"El Digital de Asturias - Diario de actualidad y noticias\",\"description\":\"Hemeroteca\",\"inLanguage\":\"es-ES\",\"publisher\":{\"@id\":\"https:\\\/\\\/www.eldigitaldeasturias.com\\\/noticias\\\/#organization\"}}]}\n\t\t<\/script>\n\t\t<!-- All in One SEO Pro -->\r\n\t\t<title>Renovado el protocolo de acuerdo de pesca entre la UE y Sao Tom\u00e9 y Pr\u00edncipe - El Digital de Asturias<\/title>\n\n","aioseo_head_json":{"title":"Renovado el protocolo de acuerdo de pesca entre la UE y Sao Tom\u00e9 y Pr\u00edncipe - El Digital de Asturias","description":"La entrada en vigor del nuevo protocolo, una vez sea ratificado por las partes, permitir\u00e1 regresar a este caladero a cerca de una veintena de buques vascos y gallegos \u200bEl nuevo protocolo, de cinco a\u00f1os de duraci\u00f3n, ofrecer\u00e1 posibilidades de pesca a 26 cerqueros atuneros comunitarios y seis palangreros de superficie, con un tonelaje total","canonical_url":"https:\/\/www.eldigitaldeasturias.com\/noticias\/renovado-el-protocolo-de-acuerdo-de-pesca-entre-la-ue-y-sao-tome-y-principe\/","robots":"max-image-preview:large","keywords":"econom\u00eda","webmasterTools":{"google-site-verification":"UA-38556648-1","msvalidate.01":"7dfe9f3f1b24437ab69f4f2559babe99","miscellaneous":""},"schema":{"@context":"https:\/\/schema.org","@graph":[{"@type":"BlogPosting","@id":"https:\/\/www.eldigitaldeasturias.com\/noticias\/renovado-el-protocolo-de-acuerdo-de-pesca-entre-la-ue-y-sao-tome-y-principe\/#blogposting","name":"Renovado el protocolo de acuerdo de pesca entre la UE y Sao Tom\u00e9 y Pr\u00edncipe - El Digital de Asturias","headline":"Renovado el protocolo de acuerdo de pesca entre la UE y Sao Tom\u00e9 y Pr\u00edncipe","author":{"@id":"https:\/\/www.eldigitaldeasturias.com\/noticias\/author\/admin\/#author"},"publisher":{"@id":"https:\/\/www.eldigitaldeasturias.com\/noticias\/#organization"},"image":{"@type":"ImageObject","url":"https:\/\/www.eldigitaldeasturias.com\/noticias\/wp-content\/uploads\/2019\/04\/21122016_BarcoPescaPajaros.jpg","width":512,"height":340},"datePublished":"2019-04-22T22:07:43+02:00","dateModified":"2019-04-22T22:07:43+02:00","inLanguage":"es-ES","mainEntityOfPage":{"@id":"https:\/\/www.eldigitaldeasturias.com\/noticias\/renovado-el-protocolo-de-acuerdo-de-pesca-entre-la-ue-y-sao-tome-y-principe\/#webpage"},"isPartOf":{"@id":"https:\/\/www.eldigitaldeasturias.com\/noticias\/renovado-el-protocolo-de-acuerdo-de-pesca-entre-la-ue-y-sao-tome-y-principe\/#webpage"},"articleSection":"Econom\u00eda"},{"@type":"BreadcrumbList","@id":"https:\/\/www.eldigitaldeasturias.com\/noticias\/renovado-el-protocolo-de-acuerdo-de-pesca-entre-la-ue-y-sao-tome-y-principe\/#breadcrumblist","itemListElement":[{"@type":"ListItem","@id":"https:\/\/www.eldigitaldeasturias.com\/noticias#listItem","position":1,"name":"Home","item":"https:\/\/www.eldigitaldeasturias.com\/noticias","nextItem":{"@type":"ListItem","@id":"https:\/\/www.eldigitaldeasturias.com\/noticias\/category\/economia\/#listItem","name":"Econom\u00eda"}},{"@type":"ListItem","@id":"https:\/\/www.eldigitaldeasturias.com\/noticias\/category\/economia\/#listItem","position":2,"name":"Econom\u00eda","item":"https:\/\/www.eldigitaldeasturias.com\/noticias\/category\/economia\/","nextItem":{"@type":"ListItem","@id":"https:\/\/www.eldigitaldeasturias.com\/noticias\/renovado-el-protocolo-de-acuerdo-de-pesca-entre-la-ue-y-sao-tome-y-principe\/#listItem","name":"Renovado el protocolo de acuerdo de pesca entre la UE y Sao Tom\u00e9 y Pr\u00edncipe"},"previousItem":{"@type":"ListItem","@id":"https:\/\/www.eldigitaldeasturias.com\/noticias#listItem","name":"Home"}},{"@type":"ListItem","@id":"https:\/\/www.eldigitaldeasturias.com\/noticias\/renovado-el-protocolo-de-acuerdo-de-pesca-entre-la-ue-y-sao-tome-y-principe\/#listItem","position":3,"name":"Renovado el protocolo de acuerdo de pesca entre la UE y Sao Tom\u00e9 y Pr\u00edncipe","previousItem":{"@type":"ListItem","@id":"https:\/\/www.eldigitaldeasturias.com\/noticias\/category\/economia\/#listItem","name":"Econom\u00eda"}}]},{"@type":"Organization","@id":"https:\/\/www.eldigitaldeasturias.com\/noticias\/#organization","name":"El Digital de Asturias","description":"Hemeroteca","url":"https:\/\/www.eldigitaldeasturias.com\/noticias\/","email":"info@eldigitaldeasturias.com","telephone":"+34652131393","logo":{"@type":"ImageObject","url":"https:\/\/www.eldigitaldeasturias.com\/noticias\/wp-content\/uploads\/2020\/12\/EDA.jpg","@id":"https:\/\/www.eldigitaldeasturias.com\/noticias\/renovado-el-protocolo-de-acuerdo-de-pesca-entre-la-ue-y-sao-tome-y-principe\/#organizationLogo","width":649,"height":297},"image":{"@id":"https:\/\/www.eldigitaldeasturias.com\/noticias\/renovado-el-protocolo-de-acuerdo-de-pesca-entre-la-ue-y-sao-tome-y-principe\/#organizationLogo"},"sameAs":["https:\/\/facebook.com\/eldigitaldeasturias","https:\/\/www.youtube.com\/channel\/UCZP-2wLEB9Rv6erhFmqVnvg"],"address":{"@id":"https:\/\/www.eldigitaldeasturias.com\/noticias\/#postaladdress","@type":"PostalAddress","streetAddress":"san antonio 4,","postalCode":"33430","addressLocality":"Cand\u00e1s","addressRegion":"Asturias","addressCountry":"ES"}},{"@type":"Person","@id":"https:\/\/www.eldigitaldeasturias.com\/noticias\/author\/admin\/#author","url":"https:\/\/www.eldigitaldeasturias.com\/noticias\/author\/admin\/","name":"El Digital de Asturias","image":{"@type":"ImageObject","@id":"https:\/\/www.eldigitaldeasturias.com\/noticias\/renovado-el-protocolo-de-acuerdo-de-pesca-entre-la-ue-y-sao-tome-y-principe\/#authorImage","url":"https:\/\/www.eldigitaldeasturias.com\/noticias\/wp-content\/litespeed\/avatar\/18677e78aa0546b92d9dbf31ec7d7668.jpg?ver=1776685526","width":96,"height":96,"caption":"El Digital de Asturias"}},{"@type":"WebPage","@id":"https:\/\/www.eldigitaldeasturias.com\/noticias\/renovado-el-protocolo-de-acuerdo-de-pesca-entre-la-ue-y-sao-tome-y-principe\/#webpage","url":"https:\/\/www.eldigitaldeasturias.com\/noticias\/renovado-el-protocolo-de-acuerdo-de-pesca-entre-la-ue-y-sao-tome-y-principe\/","name":"Renovado el protocolo de acuerdo de pesca entre la UE y Sao Tom\u00e9 y Pr\u00edncipe - El Digital de Asturias","description":"La entrada en vigor del nuevo protocolo, una vez sea ratificado por las partes, permitir\u00e1 regresar a este caladero a cerca de una veintena de buques vascos y gallegos \u200bEl nuevo protocolo, de cinco a\u00f1os de duraci\u00f3n, ofrecer\u00e1 posibilidades de pesca a 26 cerqueros atuneros comunitarios y seis palangreros de superficie, con un tonelaje total","inLanguage":"es-ES","isPartOf":{"@id":"https:\/\/www.eldigitaldeasturias.com\/noticias\/#website"},"breadcrumb":{"@id":"https:\/\/www.eldigitaldeasturias.com\/noticias\/renovado-el-protocolo-de-acuerdo-de-pesca-entre-la-ue-y-sao-tome-y-principe\/#breadcrumblist"},"author":{"@id":"https:\/\/www.eldigitaldeasturias.com\/noticias\/author\/admin\/#author"},"creator":{"@id":"https:\/\/www.eldigitaldeasturias.com\/noticias\/author\/admin\/#author"},"image":{"@type":"ImageObject","url":"https:\/\/www.eldigitaldeasturias.com\/noticias\/wp-content\/uploads\/2019\/04\/21122016_BarcoPescaPajaros.jpg","@id":"https:\/\/www.eldigitaldeasturias.com\/noticias\/renovado-el-protocolo-de-acuerdo-de-pesca-entre-la-ue-y-sao-tome-y-principe\/#mainImage","width":512,"height":340},"primaryImageOfPage":{"@id":"https:\/\/www.eldigitaldeasturias.com\/noticias\/renovado-el-protocolo-de-acuerdo-de-pesca-entre-la-ue-y-sao-tome-y-principe\/#mainImage"},"datePublished":"2019-04-22T22:07:43+02:00","dateModified":"2019-04-22T22:07:43+02:00"},{"@type":"WebSite","@id":"https:\/\/www.eldigitaldeasturias.com\/noticias\/#website","url":"https:\/\/www.eldigitaldeasturias.com\/noticias\/","name":"El Digital de Asturias - Diario de actualidad y noticias","alternateName":"El Digital de Asturias - Diario de actualidad y noticias","description":"Hemeroteca","inLanguage":"es-ES","publisher":{"@id":"https:\/\/www.eldigitaldeasturias.com\/noticias\/#organization"}}]},"og:locale":"es_ES","og:site_name":"El Digital de Asturias","og:type":"article","og:title":"Renovado el protocolo de acuerdo de pesca entre la UE y Sao Tom\u00e9 y Pr\u00edncipe - El Digital de Asturias","og:description":"La entrada en vigor del nuevo protocolo, una vez sea ratificado por las partes, permitir\u00e1 regresar a este caladero a cerca de una veintena de buques vascos y gallegos \u200bEl nuevo protocolo, de cinco a\u00f1os de duraci\u00f3n, ofrecer\u00e1 posibilidades de pesca a 26 cerqueros atuneros comunitarios y seis palangreros de superficie, con un tonelaje total","og:url":"https:\/\/www.eldigitaldeasturias.com\/noticias\/renovado-el-protocolo-de-acuerdo-de-pesca-entre-la-ue-y-sao-tome-y-principe\/","og:image":"https:\/\/www.eldigitaldeasturias.com\/noticias\/wp-content\/uploads\/2019\/04\/21122016_BarcoPescaPajaros.jpg","og:image:secure_url":"https:\/\/www.eldigitaldeasturias.com\/noticias\/wp-content\/uploads\/2019\/04\/21122016_BarcoPescaPajaros.jpg","og:image:width":512,"og:image:height":340,"article:tag":["econom\u00eda"],"article:published_time":"2019-04-22T22:07:43+00:00","article:modified_time":"2019-04-22T22:07:43+00:00","article:publisher":"https:\/\/facebook.com\/eldigitaldeasturias","twitter:card":"summary_large_image","twitter:title":"Renovado el protocolo de acuerdo de pesca entre la UE y Sao Tom\u00e9 y Pr\u00edncipe - El Digital de Asturias","twitter:description":"La entrada en vigor del nuevo protocolo, una vez sea ratificado por las partes, permitir\u00e1 regresar a este caladero a cerca de una veintena de buques vascos y gallegos \u200bEl nuevo protocolo, de cinco a\u00f1os de duraci\u00f3n, ofrecer\u00e1 posibilidades de pesca a 26 cerqueros atuneros comunitarios y seis palangreros de superficie, con un tonelaje total","twitter:image":"https:\/\/www.eldigitaldeasturias.com\/noticias\/wp-content\/uploads\/2019\/04\/21122016_BarcoPescaPajaros.jpg","twitter:label1":"Escrito por","twitter:data1":"El Digital de Asturias","twitter:label2":"Tiempo de lectura estimado","twitter:data2":"1 minuto"},"aioseo_meta_data":{"post_id":"1024721","title":null,"description":null,"keywords":null,"keyphrases":null,"primary_term":null,"canonical_url":null,"og_title":null,"og_description":null,"og_object_type":"default","og_image_type":"default","og_image_url":null,"og_image_width":null,"og_image_height":null,"og_image_custom_url":null,"og_image_custom_fields":null,"og_video":null,"og_custom_url":null,"og_article_section":null,"og_article_tags":null,"twitter_use_og":false,"twitter_card":"default","twitter_image_type":"default","twitter_image_url":null,"twitter_image_custom_url":null,"twitter_image_custom_fields":null,"twitter_title":null,"twitter_description":null,"schema":{"blockGraphs":[],"customGraphs":[],"default":{"data":{"Article":[],"Course":[],"Dataset":[],"FAQPage":[],"Movie":[],"Person":[],"Product":[],"ProductReview":[],"Car":[],"Recipe":[],"Service":[],"SoftwareApplication":[],"WebPage":[]},"graphName":"","isEnabled":true},"graphs":[],"defaultGraph":"","defaultPostTypeGraph":""},"schema_type":null,"schema_type_options":null,"pillar_content":false,"robots_default":true,"robots_noindex":false,"robots_noarchive":false,"robots_nosnippet":false,"robots_nofollow":false,"robots_noimageindex":false,"robots_noodp":false,"robots_notranslate":false,"robots_max_snippet":null,"robots_max_videopreview":null,"robots_max_imagepreview":"large","priority":null,"frequency":null,"local_seo":null,"seo_analyzer_scan_date":"2025-10-17 19:41:37","breadcrumb_settings":null,"limit_modified_date":false,"open_ai":null,"ai":null,"created":"2020-12-21 11:14:47","updated":"2025-10-17 19:41:37"},"aioseo_breadcrumb":"<div class=\"aioseo-breadcrumbs\"><span class=\"aioseo-breadcrumb\">\n\t<a href=\"https:\/\/www.eldigitaldeasturias.com\/noticias\" title=\"Home\">Home<\/a>\n<\/span><span class=\"aioseo-breadcrumb-separator\">\u2013<\/span><span class=\"aioseo-breadcrumb\">\n\t<a href=\"https:\/\/www.eldigitaldeasturias.com\/noticias\/category\/economia\/\" title=\"Econom\u00eda\">Econom\u00eda<\/a>\n<\/span><span class=\"aioseo-breadcrumb-separator\">\u2013<\/span><span class=\"aioseo-breadcrumb\">\n\t<a href=\"https:\/\/www.eldigitaldeasturias.com\/noticias\/renovado-el-protocolo-de-acuerdo-de-pesca-entre-la-ue-y-sao-tome-y-principe\/\" title=\"Renovado el protocolo de acuerdo de pesca entre la UE y Sao Tom\u00e9 y Pr\u00edncipe\">Renovado el protocolo de acuerdo de pesca entre la UE y Sao Tom\u00e9 y Pr\u00edncipe<\/a>\n<\/span><\/div>","aioseo_breadcrumb_json":[{"label":"Home","link":"https:\/\/www.eldigitaldeasturias.com\/noticias"},{"label":"Econom\u00eda","link":"https:\/\/www.eldigitaldeasturias.com\/noticias\/category\/economia\/"},{"label":"Renovado el protocolo de acuerdo de pesca entre la UE y Sao Tom\u00e9 y Pr\u00edncipe","link":"https:\/\/www.eldigitaldeasturias.com\/noticias\/renovado-el-protocolo-de-acuerdo-de-pesca-entre-la-ue-y-sao-tome-y-principe\/"}],"_links":{"self":[{"href":"https:\/\/www.eldigitaldeasturias.com\/noticias\/wp-json\/wp\/v2\/posts\/1024721","targetHints":{"allow":["GET"]}}],"collection":[{"href":"https:\/\/www.eldigitaldeasturias.com\/noticias\/wp-json\/wp\/v2\/posts"}],"about":[{"href":"https:\/\/www.eldigitaldeasturias.com\/noticias\/wp-json\/wp\/v2\/types\/post"}],"author":[{"embeddable":true,"href":"https:\/\/www.eldigitaldeasturias.com\/noticias\/wp-json\/wp\/v2\/users\/1"}],"replies":[{"embeddable":true,"href":"https:\/\/www.eldigitaldeasturias.com\/noticias\/wp-json\/wp\/v2\/comments?post=1024721"}],"version-history":[{"count":0,"href":"https:\/\/www.eldigitaldeasturias.com\/noticias\/wp-json\/wp\/v2\/posts\/1024721\/revisions"}],"wp:featuredmedia":[{"embeddable":true,"href":"https:\/\/www.eldigitaldeasturias.com\/noticias\/wp-json\/wp\/v2\/media\/1024722"}],"wp:attachment":[{"href":"https:\/\/www.eldigitaldeasturias.com\/noticias\/wp-json\/wp\/v2\/media?parent=1024721"}],"wp:term":[{"taxonomy":"category","embeddable":true,"href":"https:\/\/www.eldigitaldeasturias.com\/noticias\/wp-json\/wp\/v2\/categories?post=1024721"},{"taxonomy":"post_tag","embeddable":true,"href":"https:\/\/www.eldigitaldeasturias.com\/noticias\/wp-json\/wp\/v2\/tags?post=1024721"}],"curies":[{"name":"wp","href":"https:\/\/api.w.org\/{rel}","templated":true}]}}