{"id":1024696,"date":"2019-04-22T16:17:57","date_gmt":"2019-04-22T16:17:57","guid":{"rendered":"https:\/\/www.eldigitaldeasturias.com\/noticias\/?p=1024696"},"modified":"2019-04-22T16:17:57","modified_gmt":"2019-04-22T16:17:57","slug":"la-decimoquinta-etapa-de-la-vuelta-ciclista-partira-de-tineo","status":"publish","type":"post","link":"https:\/\/www.eldigitaldeasturias.com\/noticias\/la-decimoquinta-etapa-de-la-vuelta-ciclista-partira-de-tineo\/","title":{"rendered":"La decimoquinta etapa de La Vuelta Ciclista partir\u00e1 de Tineo"},"content":{"rendered":"<p><img loading=\"lazy\" decoding=\"async\" class=\"alignleft size-medium wp-image-1024697\" src=\"https:\/\/www.eldigitaldeasturias.com\/noticias\/wp-content\/uploads\/2019\/04\/Presentacion-Vuelta-Tineo-360x270.jpg\" alt=\"\" width=\"360\" height=\"270\" srcset=\"https:\/\/www.eldigitaldeasturias.com\/noticias\/wp-content\/uploads\/2019\/04\/Presentacion-Vuelta-Tineo-360x270.jpg 360w, https:\/\/www.eldigitaldeasturias.com\/noticias\/wp-content\/uploads\/2019\/04\/Presentacion-Vuelta-Tineo-768x576.jpg 768w, https:\/\/www.eldigitaldeasturias.com\/noticias\/wp-content\/uploads\/2019\/04\/Presentacion-Vuelta-Tineo-640x480.jpg 640w, https:\/\/www.eldigitaldeasturias.com\/noticias\/wp-content\/uploads\/2019\/04\/Presentacion-Vuelta-Tineo-90x67.jpg 90w, https:\/\/www.eldigitaldeasturias.com\/noticias\/wp-content\/uploads\/2019\/04\/Presentacion-Vuelta-Tineo.jpg 1280w\" sizes=\"auto, (max-width: 360px) 100vw, 360px\" \/>La decimoquinta etapa de La Vuelta Ciclista partir\u00e1 de Tineo el 8 de septiembre y finalizar\u00e1 en el alto del Acebo, en Cangas del Narcea. El recorrido, que coincide con la celebraci\u00f3n del D\u00eda de Asturias, incluye cuatro puertos de monta\u00f1a, tres de ellos de primera categor\u00eda, y suma 159 kil\u00f3metros.<\/p>\n<p>El director general de Comercio y Turismo, Julio Gonz\u00e1lez Zapico, ha participado hoy en la presentaci\u00f3n de la etapa, una de las m\u00e1s exigentes de la competici\u00f3n de este a\u00f1o, que arranca el 24 de agosto en Torrevieja y que se desarrollar\u00e1 en Asturias durante tres jornadas. En el acto han participado tambi\u00e9n el alcalde de Tineo, Jos\u00e9 Ram\u00f3n Feito, y el director de La Vuelta, Javier Guill\u00e9n.<\/p>\n<p>Adem\u00e1s del alto del Acebo, al que los ciclistas ascender\u00e1n dos veces, el recorrido incluye los puertos del Connio y de las Mujeres Muertas, \u201ctres iconos del suroccidente asturiano que se suman al imaginario de las cumbres ciclistas\u201d, seg\u00fan ha destacado Zapico.<\/p>\n<p>El director de Turismo ha subrayado la importancia de esta prueba de repercusi\u00f3n internacional para la promoci\u00f3n de Asturias como destino tur\u00edstico. \u201cLa Vuelta trasciende lo deportivo para convertirse en un escaparate excepcional de rutas y paisajes y nos ayuda con dos de nuestros principales objetivos estrat\u00e9gicos: la desestacionalizaci\u00f3n y el equilibro territorial\u201d, ha precisado.<\/p>\n<p>A su paso por Asturias, la competici\u00f3n recorrer\u00e1 zonas de costa y monta\u00f1a, urbanas y rurales, del oriente, del centro y del occidente. Las tres etapas en el Principado se desarrollar\u00e1n los d\u00edas 7, 8 y 9 de septiembre con los siguientes trayectos: San Vicente de la Barquera-Oviedo, Tineo\u2013Santuario del Acebo y Pravia\u2013Alto de La Cubilla.<\/p>\n","protected":false},"excerpt":{"rendered":"<p>La decimoquinta etapa de La Vuelta Ciclista partir\u00e1 de Tineo el 8 de septiembre y finalizar\u00e1 en el alto del Acebo, en Cangas del Narcea. El recorrido, que coincide con la celebraci\u00f3n del D\u00eda de Asturias, incluye cuatro puertos de monta\u00f1a, tres de ellos de primera categor\u00eda, y suma 159 kil\u00f3metros. El director general de [&hellip;]<\/p>\n","protected":false},"author":1,"featured_media":1024697,"comment_status":"closed","ping_status":"closed","sticky":false,"template":"","format":"standard","meta":{"footnotes":""},"categories":[190],"tags":[],"class_list":["post-1024696","post","type-post","status-publish","format-standard","has-post-thumbnail","hentry","category-deportes"],"aioseo_notices":[],"aioseo_head":"\n\t\t<!-- All in One SEO Pro 4.9.6.2 - aioseo.com -->\n\t<meta name=\"description\" content=\"La decimoquinta etapa de La Vuelta Ciclista partir\u00e1 de Tineo el 8 de septiembre y finalizar\u00e1 en el alto del Acebo, en Cangas del Narcea. El recorrido, que coincide con la celebraci\u00f3n del D\u00eda de Asturias, incluye cuatro puertos de monta\u00f1a, tres de ellos de primera categor\u00eda, y suma 159 kil\u00f3metros. El director general de\" \/>\n\t<meta name=\"robots\" content=\"max-image-preview:large\" \/>\n\t<meta name=\"author\" content=\"El Digital de Asturias\"\/>\n\t<meta name=\"google-site-verification\" content=\"UA-38556648-1\" \/>\n\t<meta name=\"msvalidate.01\" content=\"7dfe9f3f1b24437ab69f4f2559babe99\" \/>\n\t<meta name=\"keywords\" content=\"deportes\" \/>\n\t<link rel=\"canonical\" href=\"https:\/\/www.eldigitaldeasturias.com\/noticias\/la-decimoquinta-etapa-de-la-vuelta-ciclista-partira-de-tineo\/\" \/>\n\t<meta name=\"generator\" content=\"All in One SEO Pro (AIOSEO) 4.9.6.2\" \/>\n\t\t<meta property=\"og:locale\" content=\"es_ES\" \/>\n\t\t<meta property=\"og:site_name\" content=\"El Digital de Asturias\" \/>\n\t\t<meta property=\"og:type\" content=\"article\" \/>\n\t\t<meta property=\"og:title\" content=\"La decimoquinta etapa de La Vuelta Ciclista partir\u00e1 de Tineo - El Digital de Asturias\" \/>\n\t\t<meta property=\"og:description\" content=\"La decimoquinta etapa de La Vuelta Ciclista partir\u00e1 de Tineo el 8 de septiembre y finalizar\u00e1 en el alto del Acebo, en Cangas del Narcea. El recorrido, que coincide con la celebraci\u00f3n del D\u00eda de Asturias, incluye cuatro puertos de monta\u00f1a, tres de ellos de primera categor\u00eda, y suma 159 kil\u00f3metros. El director general de\" \/>\n\t\t<meta property=\"og:url\" content=\"https:\/\/www.eldigitaldeasturias.com\/noticias\/la-decimoquinta-etapa-de-la-vuelta-ciclista-partira-de-tineo\/\" \/>\n\t\t<meta property=\"og:image\" content=\"https:\/\/www.eldigitaldeasturias.com\/noticias\/wp-content\/uploads\/2019\/04\/Presentacion-Vuelta-Tineo.jpg\" \/>\n\t\t<meta property=\"og:image:secure_url\" content=\"https:\/\/www.eldigitaldeasturias.com\/noticias\/wp-content\/uploads\/2019\/04\/Presentacion-Vuelta-Tineo.jpg\" \/>\n\t\t<meta property=\"og:image:width\" content=\"1280\" \/>\n\t\t<meta property=\"og:image:height\" content=\"960\" \/>\n\t\t<meta property=\"article:tag\" content=\"deportes\" \/>\n\t\t<meta property=\"article:published_time\" content=\"2019-04-22T16:17:57+00:00\" \/>\n\t\t<meta property=\"article:modified_time\" content=\"2019-04-22T16:17:57+00:00\" \/>\n\t\t<meta property=\"article:publisher\" content=\"https:\/\/facebook.com\/eldigitaldeasturias\" \/>\n\t\t<meta name=\"twitter:card\" content=\"summary_large_image\" \/>\n\t\t<meta name=\"twitter:title\" content=\"La decimoquinta etapa de La Vuelta Ciclista partir\u00e1 de Tineo - El Digital de Asturias\" \/>\n\t\t<meta name=\"twitter:description\" content=\"La decimoquinta etapa de La Vuelta Ciclista partir\u00e1 de Tineo el 8 de septiembre y finalizar\u00e1 en el alto del Acebo, en Cangas del Narcea. El recorrido, que coincide con la celebraci\u00f3n del D\u00eda de Asturias, incluye cuatro puertos de monta\u00f1a, tres de ellos de primera categor\u00eda, y suma 159 kil\u00f3metros. El director general de\" \/>\n\t\t<meta name=\"twitter:image\" content=\"https:\/\/www.eldigitaldeasturias.com\/noticias\/wp-content\/uploads\/2019\/04\/Presentacion-Vuelta-Tineo.jpg\" \/>\n\t\t<meta name=\"twitter:label1\" content=\"Escrito por\" \/>\n\t\t<meta name=\"twitter:data1\" content=\"El Digital de Asturias\" \/>\n\t\t<meta name=\"twitter:label2\" content=\"Tiempo de lectura estimado\" \/>\n\t\t<meta name=\"twitter:data2\" content=\"1 minuto\" \/>\n\t\t<script type=\"application\/ld+json\" class=\"aioseo-schema\">\n\t\t\t{\"@context\":\"https:\\\/\\\/schema.org\",\"@graph\":[{\"@type\":\"BlogPosting\",\"@id\":\"https:\\\/\\\/www.eldigitaldeasturias.com\\\/noticias\\\/la-decimoquinta-etapa-de-la-vuelta-ciclista-partira-de-tineo\\\/#blogposting\",\"name\":\"La decimoquinta etapa de La Vuelta Ciclista partir\\u00e1 de Tineo - El Digital de Asturias\",\"headline\":\"La decimoquinta etapa de La Vuelta Ciclista partir\\u00e1 de Tineo\",\"author\":{\"@id\":\"https:\\\/\\\/www.eldigitaldeasturias.com\\\/noticias\\\/author\\\/admin\\\/#author\"},\"publisher\":{\"@id\":\"https:\\\/\\\/www.eldigitaldeasturias.com\\\/noticias\\\/#organization\"},\"image\":{\"@type\":\"ImageObject\",\"url\":\"https:\\\/\\\/www.eldigitaldeasturias.com\\\/noticias\\\/wp-content\\\/uploads\\\/2019\\\/04\\\/Presentacion-Vuelta-Tineo.jpg\",\"width\":1280,\"height\":960},\"datePublished\":\"2019-04-22T16:17:57+02:00\",\"dateModified\":\"2019-04-22T16:17:57+02:00\",\"inLanguage\":\"es-ES\",\"mainEntityOfPage\":{\"@id\":\"https:\\\/\\\/www.eldigitaldeasturias.com\\\/noticias\\\/la-decimoquinta-etapa-de-la-vuelta-ciclista-partira-de-tineo\\\/#webpage\"},\"isPartOf\":{\"@id\":\"https:\\\/\\\/www.eldigitaldeasturias.com\\\/noticias\\\/la-decimoquinta-etapa-de-la-vuelta-ciclista-partira-de-tineo\\\/#webpage\"},\"articleSection\":\"Deportes\"},{\"@type\":\"BreadcrumbList\",\"@id\":\"https:\\\/\\\/www.eldigitaldeasturias.com\\\/noticias\\\/la-decimoquinta-etapa-de-la-vuelta-ciclista-partira-de-tineo\\\/#breadcrumblist\",\"itemListElement\":[{\"@type\":\"ListItem\",\"@id\":\"https:\\\/\\\/www.eldigitaldeasturias.com\\\/noticias#listItem\",\"position\":1,\"name\":\"Home\",\"item\":\"https:\\\/\\\/www.eldigitaldeasturias.com\\\/noticias\",\"nextItem\":{\"@type\":\"ListItem\",\"@id\":\"https:\\\/\\\/www.eldigitaldeasturias.com\\\/noticias\\\/category\\\/deportes\\\/#listItem\",\"name\":\"Deportes\"}},{\"@type\":\"ListItem\",\"@id\":\"https:\\\/\\\/www.eldigitaldeasturias.com\\\/noticias\\\/category\\\/deportes\\\/#listItem\",\"position\":2,\"name\":\"Deportes\",\"item\":\"https:\\\/\\\/www.eldigitaldeasturias.com\\\/noticias\\\/category\\\/deportes\\\/\",\"nextItem\":{\"@type\":\"ListItem\",\"@id\":\"https:\\\/\\\/www.eldigitaldeasturias.com\\\/noticias\\\/la-decimoquinta-etapa-de-la-vuelta-ciclista-partira-de-tineo\\\/#listItem\",\"name\":\"La decimoquinta etapa de La Vuelta Ciclista partir\\u00e1 de Tineo\"},\"previousItem\":{\"@type\":\"ListItem\",\"@id\":\"https:\\\/\\\/www.eldigitaldeasturias.com\\\/noticias#listItem\",\"name\":\"Home\"}},{\"@type\":\"ListItem\",\"@id\":\"https:\\\/\\\/www.eldigitaldeasturias.com\\\/noticias\\\/la-decimoquinta-etapa-de-la-vuelta-ciclista-partira-de-tineo\\\/#listItem\",\"position\":3,\"name\":\"La decimoquinta etapa de La Vuelta Ciclista partir\\u00e1 de Tineo\",\"previousItem\":{\"@type\":\"ListItem\",\"@id\":\"https:\\\/\\\/www.eldigitaldeasturias.com\\\/noticias\\\/category\\\/deportes\\\/#listItem\",\"name\":\"Deportes\"}}]},{\"@type\":\"Organization\",\"@id\":\"https:\\\/\\\/www.eldigitaldeasturias.com\\\/noticias\\\/#organization\",\"name\":\"El Digital de Asturias\",\"description\":\"Hemeroteca\",\"url\":\"https:\\\/\\\/www.eldigitaldeasturias.com\\\/noticias\\\/\",\"email\":\"info@eldigitaldeasturias.com\",\"telephone\":\"+34652131393\",\"logo\":{\"@type\":\"ImageObject\",\"url\":\"https:\\\/\\\/www.eldigitaldeasturias.com\\\/noticias\\\/wp-content\\\/uploads\\\/2020\\\/12\\\/EDA.jpg\",\"@id\":\"https:\\\/\\\/www.eldigitaldeasturias.com\\\/noticias\\\/la-decimoquinta-etapa-de-la-vuelta-ciclista-partira-de-tineo\\\/#organizationLogo\",\"width\":649,\"height\":297},\"image\":{\"@id\":\"https:\\\/\\\/www.eldigitaldeasturias.com\\\/noticias\\\/la-decimoquinta-etapa-de-la-vuelta-ciclista-partira-de-tineo\\\/#organizationLogo\"},\"sameAs\":[\"https:\\\/\\\/facebook.com\\\/eldigitaldeasturias\",\"https:\\\/\\\/www.youtube.com\\\/channel\\\/UCZP-2wLEB9Rv6erhFmqVnvg\"],\"address\":{\"@id\":\"https:\\\/\\\/www.eldigitaldeasturias.com\\\/noticias\\\/#postaladdress\",\"@type\":\"PostalAddress\",\"streetAddress\":\"san antonio 4,\",\"postalCode\":\"33430\",\"addressLocality\":\"Cand\\u00e1s\",\"addressRegion\":\"Asturias\",\"addressCountry\":\"ES\"}},{\"@type\":\"Person\",\"@id\":\"https:\\\/\\\/www.eldigitaldeasturias.com\\\/noticias\\\/author\\\/admin\\\/#author\",\"url\":\"https:\\\/\\\/www.eldigitaldeasturias.com\\\/noticias\\\/author\\\/admin\\\/\",\"name\":\"El Digital de Asturias\",\"image\":{\"@type\":\"ImageObject\",\"@id\":\"https:\\\/\\\/www.eldigitaldeasturias.com\\\/noticias\\\/la-decimoquinta-etapa-de-la-vuelta-ciclista-partira-de-tineo\\\/#authorImage\",\"url\":\"https:\\\/\\\/www.eldigitaldeasturias.com\\\/noticias\\\/wp-content\\\/litespeed\\\/avatar\\\/18677e78aa0546b92d9dbf31ec7d7668.jpg?ver=1777290358\",\"width\":96,\"height\":96,\"caption\":\"El Digital de Asturias\"}},{\"@type\":\"WebPage\",\"@id\":\"https:\\\/\\\/www.eldigitaldeasturias.com\\\/noticias\\\/la-decimoquinta-etapa-de-la-vuelta-ciclista-partira-de-tineo\\\/#webpage\",\"url\":\"https:\\\/\\\/www.eldigitaldeasturias.com\\\/noticias\\\/la-decimoquinta-etapa-de-la-vuelta-ciclista-partira-de-tineo\\\/\",\"name\":\"La decimoquinta etapa de La Vuelta Ciclista partir\\u00e1 de Tineo - El Digital de Asturias\",\"description\":\"La decimoquinta etapa de La Vuelta Ciclista partir\\u00e1 de Tineo el 8 de septiembre y finalizar\\u00e1 en el alto del Acebo, en Cangas del Narcea. El recorrido, que coincide con la celebraci\\u00f3n del D\\u00eda de Asturias, incluye cuatro puertos de monta\\u00f1a, tres de ellos de primera categor\\u00eda, y suma 159 kil\\u00f3metros. El director general de\",\"inLanguage\":\"es-ES\",\"isPartOf\":{\"@id\":\"https:\\\/\\\/www.eldigitaldeasturias.com\\\/noticias\\\/#website\"},\"breadcrumb\":{\"@id\":\"https:\\\/\\\/www.eldigitaldeasturias.com\\\/noticias\\\/la-decimoquinta-etapa-de-la-vuelta-ciclista-partira-de-tineo\\\/#breadcrumblist\"},\"author\":{\"@id\":\"https:\\\/\\\/www.eldigitaldeasturias.com\\\/noticias\\\/author\\\/admin\\\/#author\"},\"creator\":{\"@id\":\"https:\\\/\\\/www.eldigitaldeasturias.com\\\/noticias\\\/author\\\/admin\\\/#author\"},\"image\":{\"@type\":\"ImageObject\",\"url\":\"https:\\\/\\\/www.eldigitaldeasturias.com\\\/noticias\\\/wp-content\\\/uploads\\\/2019\\\/04\\\/Presentacion-Vuelta-Tineo.jpg\",\"@id\":\"https:\\\/\\\/www.eldigitaldeasturias.com\\\/noticias\\\/la-decimoquinta-etapa-de-la-vuelta-ciclista-partira-de-tineo\\\/#mainImage\",\"width\":1280,\"height\":960},\"primaryImageOfPage\":{\"@id\":\"https:\\\/\\\/www.eldigitaldeasturias.com\\\/noticias\\\/la-decimoquinta-etapa-de-la-vuelta-ciclista-partira-de-tineo\\\/#mainImage\"},\"datePublished\":\"2019-04-22T16:17:57+02:00\",\"dateModified\":\"2019-04-22T16:17:57+02:00\"},{\"@type\":\"WebSite\",\"@id\":\"https:\\\/\\\/www.eldigitaldeasturias.com\\\/noticias\\\/#website\",\"url\":\"https:\\\/\\\/www.eldigitaldeasturias.com\\\/noticias\\\/\",\"name\":\"El Digital de Asturias - Diario de actualidad y noticias\",\"alternateName\":\"El Digital de Asturias - Diario de actualidad y noticias\",\"description\":\"Hemeroteca\",\"inLanguage\":\"es-ES\",\"publisher\":{\"@id\":\"https:\\\/\\\/www.eldigitaldeasturias.com\\\/noticias\\\/#organization\"}}]}\n\t\t<\/script>\n\t\t<!-- All in One SEO Pro -->\r\n\t\t<title>La decimoquinta etapa de La Vuelta Ciclista partir\u00e1 de Tineo - El Digital de Asturias<\/title>\n\n","aioseo_head_json":{"title":"La decimoquinta etapa de La Vuelta Ciclista partir\u00e1 de Tineo - El Digital de Asturias","description":"La decimoquinta etapa de La Vuelta Ciclista partir\u00e1 de Tineo el 8 de septiembre y finalizar\u00e1 en el alto del Acebo, en Cangas del Narcea. El recorrido, que coincide con la celebraci\u00f3n del D\u00eda de Asturias, incluye cuatro puertos de monta\u00f1a, tres de ellos de primera categor\u00eda, y suma 159 kil\u00f3metros. El director general de","canonical_url":"https:\/\/www.eldigitaldeasturias.com\/noticias\/la-decimoquinta-etapa-de-la-vuelta-ciclista-partira-de-tineo\/","robots":"max-image-preview:large","keywords":"deportes","webmasterTools":{"google-site-verification":"UA-38556648-1","msvalidate.01":"7dfe9f3f1b24437ab69f4f2559babe99","miscellaneous":""},"schema":{"@context":"https:\/\/schema.org","@graph":[{"@type":"BlogPosting","@id":"https:\/\/www.eldigitaldeasturias.com\/noticias\/la-decimoquinta-etapa-de-la-vuelta-ciclista-partira-de-tineo\/#blogposting","name":"La decimoquinta etapa de La Vuelta Ciclista partir\u00e1 de Tineo - El Digital de Asturias","headline":"La decimoquinta etapa de La Vuelta Ciclista partir\u00e1 de Tineo","author":{"@id":"https:\/\/www.eldigitaldeasturias.com\/noticias\/author\/admin\/#author"},"publisher":{"@id":"https:\/\/www.eldigitaldeasturias.com\/noticias\/#organization"},"image":{"@type":"ImageObject","url":"https:\/\/www.eldigitaldeasturias.com\/noticias\/wp-content\/uploads\/2019\/04\/Presentacion-Vuelta-Tineo.jpg","width":1280,"height":960},"datePublished":"2019-04-22T16:17:57+02:00","dateModified":"2019-04-22T16:17:57+02:00","inLanguage":"es-ES","mainEntityOfPage":{"@id":"https:\/\/www.eldigitaldeasturias.com\/noticias\/la-decimoquinta-etapa-de-la-vuelta-ciclista-partira-de-tineo\/#webpage"},"isPartOf":{"@id":"https:\/\/www.eldigitaldeasturias.com\/noticias\/la-decimoquinta-etapa-de-la-vuelta-ciclista-partira-de-tineo\/#webpage"},"articleSection":"Deportes"},{"@type":"BreadcrumbList","@id":"https:\/\/www.eldigitaldeasturias.com\/noticias\/la-decimoquinta-etapa-de-la-vuelta-ciclista-partira-de-tineo\/#breadcrumblist","itemListElement":[{"@type":"ListItem","@id":"https:\/\/www.eldigitaldeasturias.com\/noticias#listItem","position":1,"name":"Home","item":"https:\/\/www.eldigitaldeasturias.com\/noticias","nextItem":{"@type":"ListItem","@id":"https:\/\/www.eldigitaldeasturias.com\/noticias\/category\/deportes\/#listItem","name":"Deportes"}},{"@type":"ListItem","@id":"https:\/\/www.eldigitaldeasturias.com\/noticias\/category\/deportes\/#listItem","position":2,"name":"Deportes","item":"https:\/\/www.eldigitaldeasturias.com\/noticias\/category\/deportes\/","nextItem":{"@type":"ListItem","@id":"https:\/\/www.eldigitaldeasturias.com\/noticias\/la-decimoquinta-etapa-de-la-vuelta-ciclista-partira-de-tineo\/#listItem","name":"La decimoquinta etapa de La Vuelta Ciclista partir\u00e1 de Tineo"},"previousItem":{"@type":"ListItem","@id":"https:\/\/www.eldigitaldeasturias.com\/noticias#listItem","name":"Home"}},{"@type":"ListItem","@id":"https:\/\/www.eldigitaldeasturias.com\/noticias\/la-decimoquinta-etapa-de-la-vuelta-ciclista-partira-de-tineo\/#listItem","position":3,"name":"La decimoquinta etapa de La Vuelta Ciclista partir\u00e1 de Tineo","previousItem":{"@type":"ListItem","@id":"https:\/\/www.eldigitaldeasturias.com\/noticias\/category\/deportes\/#listItem","name":"Deportes"}}]},{"@type":"Organization","@id":"https:\/\/www.eldigitaldeasturias.com\/noticias\/#organization","name":"El Digital de Asturias","description":"Hemeroteca","url":"https:\/\/www.eldigitaldeasturias.com\/noticias\/","email":"info@eldigitaldeasturias.com","telephone":"+34652131393","logo":{"@type":"ImageObject","url":"https:\/\/www.eldigitaldeasturias.com\/noticias\/wp-content\/uploads\/2020\/12\/EDA.jpg","@id":"https:\/\/www.eldigitaldeasturias.com\/noticias\/la-decimoquinta-etapa-de-la-vuelta-ciclista-partira-de-tineo\/#organizationLogo","width":649,"height":297},"image":{"@id":"https:\/\/www.eldigitaldeasturias.com\/noticias\/la-decimoquinta-etapa-de-la-vuelta-ciclista-partira-de-tineo\/#organizationLogo"},"sameAs":["https:\/\/facebook.com\/eldigitaldeasturias","https:\/\/www.youtube.com\/channel\/UCZP-2wLEB9Rv6erhFmqVnvg"],"address":{"@id":"https:\/\/www.eldigitaldeasturias.com\/noticias\/#postaladdress","@type":"PostalAddress","streetAddress":"san antonio 4,","postalCode":"33430","addressLocality":"Cand\u00e1s","addressRegion":"Asturias","addressCountry":"ES"}},{"@type":"Person","@id":"https:\/\/www.eldigitaldeasturias.com\/noticias\/author\/admin\/#author","url":"https:\/\/www.eldigitaldeasturias.com\/noticias\/author\/admin\/","name":"El Digital de Asturias","image":{"@type":"ImageObject","@id":"https:\/\/www.eldigitaldeasturias.com\/noticias\/la-decimoquinta-etapa-de-la-vuelta-ciclista-partira-de-tineo\/#authorImage","url":"https:\/\/www.eldigitaldeasturias.com\/noticias\/wp-content\/litespeed\/avatar\/18677e78aa0546b92d9dbf31ec7d7668.jpg?ver=1777290358","width":96,"height":96,"caption":"El Digital de Asturias"}},{"@type":"WebPage","@id":"https:\/\/www.eldigitaldeasturias.com\/noticias\/la-decimoquinta-etapa-de-la-vuelta-ciclista-partira-de-tineo\/#webpage","url":"https:\/\/www.eldigitaldeasturias.com\/noticias\/la-decimoquinta-etapa-de-la-vuelta-ciclista-partira-de-tineo\/","name":"La decimoquinta etapa de La Vuelta Ciclista partir\u00e1 de Tineo - El Digital de Asturias","description":"La decimoquinta etapa de La Vuelta Ciclista partir\u00e1 de Tineo el 8 de septiembre y finalizar\u00e1 en el alto del Acebo, en Cangas del Narcea. El recorrido, que coincide con la celebraci\u00f3n del D\u00eda de Asturias, incluye cuatro puertos de monta\u00f1a, tres de ellos de primera categor\u00eda, y suma 159 kil\u00f3metros. El director general de","inLanguage":"es-ES","isPartOf":{"@id":"https:\/\/www.eldigitaldeasturias.com\/noticias\/#website"},"breadcrumb":{"@id":"https:\/\/www.eldigitaldeasturias.com\/noticias\/la-decimoquinta-etapa-de-la-vuelta-ciclista-partira-de-tineo\/#breadcrumblist"},"author":{"@id":"https:\/\/www.eldigitaldeasturias.com\/noticias\/author\/admin\/#author"},"creator":{"@id":"https:\/\/www.eldigitaldeasturias.com\/noticias\/author\/admin\/#author"},"image":{"@type":"ImageObject","url":"https:\/\/www.eldigitaldeasturias.com\/noticias\/wp-content\/uploads\/2019\/04\/Presentacion-Vuelta-Tineo.jpg","@id":"https:\/\/www.eldigitaldeasturias.com\/noticias\/la-decimoquinta-etapa-de-la-vuelta-ciclista-partira-de-tineo\/#mainImage","width":1280,"height":960},"primaryImageOfPage":{"@id":"https:\/\/www.eldigitaldeasturias.com\/noticias\/la-decimoquinta-etapa-de-la-vuelta-ciclista-partira-de-tineo\/#mainImage"},"datePublished":"2019-04-22T16:17:57+02:00","dateModified":"2019-04-22T16:17:57+02:00"},{"@type":"WebSite","@id":"https:\/\/www.eldigitaldeasturias.com\/noticias\/#website","url":"https:\/\/www.eldigitaldeasturias.com\/noticias\/","name":"El Digital de Asturias - Diario de actualidad y noticias","alternateName":"El Digital de Asturias - Diario de actualidad y noticias","description":"Hemeroteca","inLanguage":"es-ES","publisher":{"@id":"https:\/\/www.eldigitaldeasturias.com\/noticias\/#organization"}}]},"og:locale":"es_ES","og:site_name":"El Digital de Asturias","og:type":"article","og:title":"La decimoquinta etapa de La Vuelta Ciclista partir\u00e1 de Tineo - El Digital de Asturias","og:description":"La decimoquinta etapa de La Vuelta Ciclista partir\u00e1 de Tineo el 8 de septiembre y finalizar\u00e1 en el alto del Acebo, en Cangas del Narcea. El recorrido, que coincide con la celebraci\u00f3n del D\u00eda de Asturias, incluye cuatro puertos de monta\u00f1a, tres de ellos de primera categor\u00eda, y suma 159 kil\u00f3metros. El director general de","og:url":"https:\/\/www.eldigitaldeasturias.com\/noticias\/la-decimoquinta-etapa-de-la-vuelta-ciclista-partira-de-tineo\/","og:image":"https:\/\/www.eldigitaldeasturias.com\/noticias\/wp-content\/uploads\/2019\/04\/Presentacion-Vuelta-Tineo.jpg","og:image:secure_url":"https:\/\/www.eldigitaldeasturias.com\/noticias\/wp-content\/uploads\/2019\/04\/Presentacion-Vuelta-Tineo.jpg","og:image:width":1280,"og:image:height":960,"article:tag":["deportes"],"article:published_time":"2019-04-22T16:17:57+00:00","article:modified_time":"2019-04-22T16:17:57+00:00","article:publisher":"https:\/\/facebook.com\/eldigitaldeasturias","twitter:card":"summary_large_image","twitter:title":"La decimoquinta etapa de La Vuelta Ciclista partir\u00e1 de Tineo - El Digital de Asturias","twitter:description":"La decimoquinta etapa de La Vuelta Ciclista partir\u00e1 de Tineo el 8 de septiembre y finalizar\u00e1 en el alto del Acebo, en Cangas del Narcea. El recorrido, que coincide con la celebraci\u00f3n del D\u00eda de Asturias, incluye cuatro puertos de monta\u00f1a, tres de ellos de primera categor\u00eda, y suma 159 kil\u00f3metros. El director general de","twitter:image":"https:\/\/www.eldigitaldeasturias.com\/noticias\/wp-content\/uploads\/2019\/04\/Presentacion-Vuelta-Tineo.jpg","twitter:label1":"Escrito por","twitter:data1":"El Digital de Asturias","twitter:label2":"Tiempo de lectura estimado","twitter:data2":"1 minuto"},"aioseo_meta_data":{"post_id":"1024696","title":null,"description":null,"keywords":null,"keyphrases":null,"primary_term":null,"canonical_url":null,"og_title":null,"og_description":null,"og_object_type":"default","og_image_type":"default","og_image_url":null,"og_image_width":null,"og_image_height":null,"og_image_custom_url":null,"og_image_custom_fields":null,"og_video":null,"og_custom_url":null,"og_article_section":null,"og_article_tags":null,"twitter_use_og":false,"twitter_card":"default","twitter_image_type":"default","twitter_image_url":null,"twitter_image_custom_url":null,"twitter_image_custom_fields":null,"twitter_title":null,"twitter_description":null,"schema":{"blockGraphs":[],"customGraphs":[],"default":{"data":{"Article":[],"Course":[],"Dataset":[],"FAQPage":[],"Movie":[],"Person":[],"Product":[],"ProductReview":[],"Car":[],"Recipe":[],"Service":[],"SoftwareApplication":[],"WebPage":[]},"graphName":"","isEnabled":true},"graphs":[],"defaultGraph":"","defaultPostTypeGraph":""},"schema_type":null,"schema_type_options":null,"pillar_content":false,"robots_default":true,"robots_noindex":false,"robots_noarchive":false,"robots_nosnippet":false,"robots_nofollow":false,"robots_noimageindex":false,"robots_noodp":false,"robots_notranslate":false,"robots_max_snippet":null,"robots_max_videopreview":null,"robots_max_imagepreview":"large","priority":null,"frequency":null,"local_seo":null,"seo_analyzer_scan_date":"2025-10-17 19:31:11","breadcrumb_settings":null,"limit_modified_date":false,"open_ai":null,"ai":null,"created":"2020-12-21 11:14:47","updated":"2025-10-17 19:31:11"},"aioseo_breadcrumb":"<div class=\"aioseo-breadcrumbs\"><span class=\"aioseo-breadcrumb\">\n\t<a href=\"https:\/\/www.eldigitaldeasturias.com\/noticias\" title=\"Home\">Home<\/a>\n<\/span><span class=\"aioseo-breadcrumb-separator\">\u2013<\/span><span class=\"aioseo-breadcrumb\">\n\t<a href=\"https:\/\/www.eldigitaldeasturias.com\/noticias\/category\/deportes\/\" title=\"Deportes\">Deportes<\/a>\n<\/span><span class=\"aioseo-breadcrumb-separator\">\u2013<\/span><span class=\"aioseo-breadcrumb\">\n\t<a href=\"https:\/\/www.eldigitaldeasturias.com\/noticias\/la-decimoquinta-etapa-de-la-vuelta-ciclista-partira-de-tineo\/\" title=\"La decimoquinta etapa de La Vuelta Ciclista partir\u00e1 de Tineo\">La decimoquinta etapa de La Vuelta Ciclista partir\u00e1 de Tineo<\/a>\n<\/span><\/div>","aioseo_breadcrumb_json":[{"label":"Home","link":"https:\/\/www.eldigitaldeasturias.com\/noticias"},{"label":"Deportes","link":"https:\/\/www.eldigitaldeasturias.com\/noticias\/category\/deportes\/"},{"label":"La decimoquinta etapa de La Vuelta Ciclista partir\u00e1 de Tineo","link":"https:\/\/www.eldigitaldeasturias.com\/noticias\/la-decimoquinta-etapa-de-la-vuelta-ciclista-partira-de-tineo\/"}],"_links":{"self":[{"href":"https:\/\/www.eldigitaldeasturias.com\/noticias\/wp-json\/wp\/v2\/posts\/1024696","targetHints":{"allow":["GET"]}}],"collection":[{"href":"https:\/\/www.eldigitaldeasturias.com\/noticias\/wp-json\/wp\/v2\/posts"}],"about":[{"href":"https:\/\/www.eldigitaldeasturias.com\/noticias\/wp-json\/wp\/v2\/types\/post"}],"author":[{"embeddable":true,"href":"https:\/\/www.eldigitaldeasturias.com\/noticias\/wp-json\/wp\/v2\/users\/1"}],"replies":[{"embeddable":true,"href":"https:\/\/www.eldigitaldeasturias.com\/noticias\/wp-json\/wp\/v2\/comments?post=1024696"}],"version-history":[{"count":0,"href":"https:\/\/www.eldigitaldeasturias.com\/noticias\/wp-json\/wp\/v2\/posts\/1024696\/revisions"}],"wp:featuredmedia":[{"embeddable":true,"href":"https:\/\/www.eldigitaldeasturias.com\/noticias\/wp-json\/wp\/v2\/media\/1024697"}],"wp:attachment":[{"href":"https:\/\/www.eldigitaldeasturias.com\/noticias\/wp-json\/wp\/v2\/media?parent=1024696"}],"wp:term":[{"taxonomy":"category","embeddable":true,"href":"https:\/\/www.eldigitaldeasturias.com\/noticias\/wp-json\/wp\/v2\/categories?post=1024696"},{"taxonomy":"post_tag","embeddable":true,"href":"https:\/\/www.eldigitaldeasturias.com\/noticias\/wp-json\/wp\/v2\/tags?post=1024696"}],"curies":[{"name":"wp","href":"https:\/\/api.w.org\/{rel}","templated":true}]}}