{"id":1024590,"date":"2019-04-21T04:01:49","date_gmt":"2019-04-21T04:01:49","guid":{"rendered":"https:\/\/www.eldigitaldeasturias.com\/noticias\/?p=1024590"},"modified":"2019-04-21T04:01:49","modified_gmt":"2019-04-21T04:01:49","slug":"zverev-disputara-el-torneo-de-tenis-de-barcelona","status":"publish","type":"post","link":"https:\/\/www.eldigitaldeasturias.com\/noticias\/zverev-disputara-el-torneo-de-tenis-de-barcelona\/","title":{"rendered":"Zverev disputar\u00e1 el torneo de tenis de Barcelona"},"content":{"rendered":"<p><img loading=\"lazy\" decoding=\"async\" class=\"alignleft size-medium wp-image-1024591\" src=\"https:\/\/www.eldigitaldeasturias.com\/noticias\/wp-content\/uploads\/2019\/04\/Alexander-Zverev-360x255.jpg\" alt=\"\" width=\"360\" height=\"255\" srcset=\"https:\/\/www.eldigitaldeasturias.com\/noticias\/wp-content\/uploads\/2019\/04\/Alexander-Zverev-360x255.jpg 360w, https:\/\/www.eldigitaldeasturias.com\/noticias\/wp-content\/uploads\/2019\/04\/Alexander-Zverev-768x544.jpg 768w, https:\/\/www.eldigitaldeasturias.com\/noticias\/wp-content\/uploads\/2019\/04\/Alexander-Zverev-650x461.jpg 650w, https:\/\/www.eldigitaldeasturias.com\/noticias\/wp-content\/uploads\/2019\/04\/Alexander-Zverev.jpg 940w\" sizes=\"auto, (max-width: 360px) 100vw, 360px\" \/>Barcelona, 20 abr (dpa) &#8211; El tenista n\u00famero tres en el r\u00e1nking mundial de la ATP, el alem\u00e1n Alexander Zverev, jugar\u00e1 el torneo de tenis de Barcelona, seg\u00fan confirm\u00f3 el organizador del evento.<\/p>\n<p>Zverev fue eliminado el jueves en segunda ronda del torneo de Montecarlo. El jugador que hoy cumple 22 a\u00f1os tambi\u00e9n cay\u00f3 en octavos de final del Abierto de Australia.<\/p>\n<p>El torneo de Barcelona, que se disputa en tierra batida, comienza el pr\u00f3ximo martes y finaliza el domingo 28 de abril. Est\u00e1 dotado con 2,609 millones de euros en premios.<\/p>\n<p><strong><em>Foto: Arne Dedert\/dpa<\/em><\/strong><\/p>\n","protected":false},"excerpt":{"rendered":"<p>Barcelona, 20 abr (dpa) &#8211; El tenista n\u00famero tres en el r\u00e1nking mundial de la ATP, el alem\u00e1n Alexander Zverev, jugar\u00e1 el torneo de tenis de Barcelona, seg\u00fan confirm\u00f3 el organizador del evento. Zverev fue eliminado el jueves en segunda ronda del torneo de Montecarlo. El jugador que hoy cumple 22 a\u00f1os tambi\u00e9n cay\u00f3 en [&hellip;]<\/p>\n","protected":false},"author":1,"featured_media":1024591,"comment_status":"closed","ping_status":"closed","sticky":false,"template":"","format":"standard","meta":{"footnotes":""},"categories":[190],"tags":[],"class_list":["post-1024590","post","type-post","status-publish","format-standard","has-post-thumbnail","hentry","category-deportes"],"aioseo_notices":[],"aioseo_head":"\n\t\t<!-- All in One SEO Pro 4.9.6.2 - aioseo.com -->\n\t<meta name=\"description\" content=\"Barcelona, 20 abr (dpa) - El tenista n\u00famero tres en el r\u00e1nking mundial de la ATP, el alem\u00e1n Alexander Zverev, jugar\u00e1 el torneo de tenis de Barcelona, seg\u00fan confirm\u00f3 el organizador del evento. Zverev fue eliminado el jueves en segunda ronda del torneo de Montecarlo. El jugador que hoy cumple 22 a\u00f1os tambi\u00e9n cay\u00f3 en\" \/>\n\t<meta name=\"robots\" content=\"max-image-preview:large\" \/>\n\t<meta name=\"author\" content=\"El Digital de Asturias\"\/>\n\t<meta name=\"google-site-verification\" content=\"UA-38556648-1\" \/>\n\t<meta name=\"msvalidate.01\" content=\"7dfe9f3f1b24437ab69f4f2559babe99\" \/>\n\t<meta name=\"keywords\" content=\"deportes\" \/>\n\t<link rel=\"canonical\" href=\"https:\/\/www.eldigitaldeasturias.com\/noticias\/zverev-disputara-el-torneo-de-tenis-de-barcelona\/\" \/>\n\t<meta name=\"generator\" content=\"All in One SEO Pro (AIOSEO) 4.9.6.2\" \/>\n\t\t<meta property=\"og:locale\" content=\"es_ES\" \/>\n\t\t<meta property=\"og:site_name\" content=\"El Digital de Asturias\" \/>\n\t\t<meta property=\"og:type\" content=\"article\" \/>\n\t\t<meta property=\"og:title\" content=\"Zverev disputar\u00e1 el torneo de tenis de Barcelona - El Digital de Asturias\" \/>\n\t\t<meta property=\"og:description\" content=\"Barcelona, 20 abr (dpa) - El tenista n\u00famero tres en el r\u00e1nking mundial de la ATP, el alem\u00e1n Alexander Zverev, jugar\u00e1 el torneo de tenis de Barcelona, seg\u00fan confirm\u00f3 el organizador del evento. Zverev fue eliminado el jueves en segunda ronda del torneo de Montecarlo. El jugador que hoy cumple 22 a\u00f1os tambi\u00e9n cay\u00f3 en\" \/>\n\t\t<meta property=\"og:url\" content=\"https:\/\/www.eldigitaldeasturias.com\/noticias\/zverev-disputara-el-torneo-de-tenis-de-barcelona\/\" \/>\n\t\t<meta property=\"og:image\" content=\"https:\/\/www.eldigitaldeasturias.com\/noticias\/wp-content\/uploads\/2019\/04\/Alexander-Zverev.jpg\" \/>\n\t\t<meta property=\"og:image:secure_url\" content=\"https:\/\/www.eldigitaldeasturias.com\/noticias\/wp-content\/uploads\/2019\/04\/Alexander-Zverev.jpg\" \/>\n\t\t<meta property=\"og:image:width\" content=\"940\" \/>\n\t\t<meta property=\"og:image:height\" content=\"666\" \/>\n\t\t<meta property=\"article:tag\" content=\"deportes\" \/>\n\t\t<meta property=\"article:published_time\" content=\"2019-04-21T04:01:49+00:00\" \/>\n\t\t<meta property=\"article:modified_time\" content=\"2019-04-21T04:01:49+00:00\" \/>\n\t\t<meta property=\"article:publisher\" content=\"https:\/\/facebook.com\/eldigitaldeasturias\" \/>\n\t\t<meta name=\"twitter:card\" content=\"summary_large_image\" \/>\n\t\t<meta name=\"twitter:title\" content=\"Zverev disputar\u00e1 el torneo de tenis de Barcelona - El Digital de Asturias\" \/>\n\t\t<meta name=\"twitter:description\" content=\"Barcelona, 20 abr (dpa) - El tenista n\u00famero tres en el r\u00e1nking mundial de la ATP, el alem\u00e1n Alexander Zverev, jugar\u00e1 el torneo de tenis de Barcelona, seg\u00fan confirm\u00f3 el organizador del evento. Zverev fue eliminado el jueves en segunda ronda del torneo de Montecarlo. El jugador que hoy cumple 22 a\u00f1os tambi\u00e9n cay\u00f3 en\" \/>\n\t\t<meta name=\"twitter:image\" content=\"https:\/\/www.eldigitaldeasturias.com\/noticias\/wp-content\/uploads\/2019\/04\/Alexander-Zverev.jpg\" \/>\n\t\t<meta name=\"twitter:label1\" content=\"Escrito por\" \/>\n\t\t<meta name=\"twitter:data1\" content=\"El Digital de Asturias\" \/>\n\t\t<script type=\"application\/ld+json\" class=\"aioseo-schema\">\n\t\t\t{\"@context\":\"https:\\\/\\\/schema.org\",\"@graph\":[{\"@type\":\"BlogPosting\",\"@id\":\"https:\\\/\\\/www.eldigitaldeasturias.com\\\/noticias\\\/zverev-disputara-el-torneo-de-tenis-de-barcelona\\\/#blogposting\",\"name\":\"Zverev disputar\\u00e1 el torneo de tenis de Barcelona - El Digital de Asturias\",\"headline\":\"Zverev disputar\\u00e1 el torneo de tenis de Barcelona\",\"author\":{\"@id\":\"https:\\\/\\\/www.eldigitaldeasturias.com\\\/noticias\\\/author\\\/admin\\\/#author\"},\"publisher\":{\"@id\":\"https:\\\/\\\/www.eldigitaldeasturias.com\\\/noticias\\\/#organization\"},\"image\":{\"@type\":\"ImageObject\",\"url\":\"https:\\\/\\\/www.eldigitaldeasturias.com\\\/noticias\\\/wp-content\\\/uploads\\\/2019\\\/04\\\/Alexander-Zverev.jpg\",\"width\":940,\"height\":666},\"datePublished\":\"2019-04-21T04:01:49+02:00\",\"dateModified\":\"2019-04-21T04:01:49+02:00\",\"inLanguage\":\"es-ES\",\"mainEntityOfPage\":{\"@id\":\"https:\\\/\\\/www.eldigitaldeasturias.com\\\/noticias\\\/zverev-disputara-el-torneo-de-tenis-de-barcelona\\\/#webpage\"},\"isPartOf\":{\"@id\":\"https:\\\/\\\/www.eldigitaldeasturias.com\\\/noticias\\\/zverev-disputara-el-torneo-de-tenis-de-barcelona\\\/#webpage\"},\"articleSection\":\"Deportes\"},{\"@type\":\"BreadcrumbList\",\"@id\":\"https:\\\/\\\/www.eldigitaldeasturias.com\\\/noticias\\\/zverev-disputara-el-torneo-de-tenis-de-barcelona\\\/#breadcrumblist\",\"itemListElement\":[{\"@type\":\"ListItem\",\"@id\":\"https:\\\/\\\/www.eldigitaldeasturias.com\\\/noticias#listItem\",\"position\":1,\"name\":\"Home\",\"item\":\"https:\\\/\\\/www.eldigitaldeasturias.com\\\/noticias\",\"nextItem\":{\"@type\":\"ListItem\",\"@id\":\"https:\\\/\\\/www.eldigitaldeasturias.com\\\/noticias\\\/category\\\/deportes\\\/#listItem\",\"name\":\"Deportes\"}},{\"@type\":\"ListItem\",\"@id\":\"https:\\\/\\\/www.eldigitaldeasturias.com\\\/noticias\\\/category\\\/deportes\\\/#listItem\",\"position\":2,\"name\":\"Deportes\",\"item\":\"https:\\\/\\\/www.eldigitaldeasturias.com\\\/noticias\\\/category\\\/deportes\\\/\",\"nextItem\":{\"@type\":\"ListItem\",\"@id\":\"https:\\\/\\\/www.eldigitaldeasturias.com\\\/noticias\\\/zverev-disputara-el-torneo-de-tenis-de-barcelona\\\/#listItem\",\"name\":\"Zverev disputar\\u00e1 el torneo de tenis de Barcelona\"},\"previousItem\":{\"@type\":\"ListItem\",\"@id\":\"https:\\\/\\\/www.eldigitaldeasturias.com\\\/noticias#listItem\",\"name\":\"Home\"}},{\"@type\":\"ListItem\",\"@id\":\"https:\\\/\\\/www.eldigitaldeasturias.com\\\/noticias\\\/zverev-disputara-el-torneo-de-tenis-de-barcelona\\\/#listItem\",\"position\":3,\"name\":\"Zverev disputar\\u00e1 el torneo de tenis de Barcelona\",\"previousItem\":{\"@type\":\"ListItem\",\"@id\":\"https:\\\/\\\/www.eldigitaldeasturias.com\\\/noticias\\\/category\\\/deportes\\\/#listItem\",\"name\":\"Deportes\"}}]},{\"@type\":\"Organization\",\"@id\":\"https:\\\/\\\/www.eldigitaldeasturias.com\\\/noticias\\\/#organization\",\"name\":\"El Digital de Asturias\",\"description\":\"Hemeroteca\",\"url\":\"https:\\\/\\\/www.eldigitaldeasturias.com\\\/noticias\\\/\",\"email\":\"info@eldigitaldeasturias.com\",\"telephone\":\"+34652131393\",\"logo\":{\"@type\":\"ImageObject\",\"url\":\"https:\\\/\\\/www.eldigitaldeasturias.com\\\/noticias\\\/wp-content\\\/uploads\\\/2020\\\/12\\\/EDA.jpg\",\"@id\":\"https:\\\/\\\/www.eldigitaldeasturias.com\\\/noticias\\\/zverev-disputara-el-torneo-de-tenis-de-barcelona\\\/#organizationLogo\",\"width\":649,\"height\":297},\"image\":{\"@id\":\"https:\\\/\\\/www.eldigitaldeasturias.com\\\/noticias\\\/zverev-disputara-el-torneo-de-tenis-de-barcelona\\\/#organizationLogo\"},\"sameAs\":[\"https:\\\/\\\/facebook.com\\\/eldigitaldeasturias\",\"https:\\\/\\\/www.youtube.com\\\/channel\\\/UCZP-2wLEB9Rv6erhFmqVnvg\"],\"address\":{\"@id\":\"https:\\\/\\\/www.eldigitaldeasturias.com\\\/noticias\\\/#postaladdress\",\"@type\":\"PostalAddress\",\"streetAddress\":\"san antonio 4,\",\"postalCode\":\"33430\",\"addressLocality\":\"Cand\\u00e1s\",\"addressRegion\":\"Asturias\",\"addressCountry\":\"ES\"}},{\"@type\":\"Person\",\"@id\":\"https:\\\/\\\/www.eldigitaldeasturias.com\\\/noticias\\\/author\\\/admin\\\/#author\",\"url\":\"https:\\\/\\\/www.eldigitaldeasturias.com\\\/noticias\\\/author\\\/admin\\\/\",\"name\":\"El Digital de Asturias\",\"image\":{\"@type\":\"ImageObject\",\"@id\":\"https:\\\/\\\/www.eldigitaldeasturias.com\\\/noticias\\\/zverev-disputara-el-torneo-de-tenis-de-barcelona\\\/#authorImage\",\"url\":\"https:\\\/\\\/www.eldigitaldeasturias.com\\\/noticias\\\/wp-content\\\/litespeed\\\/avatar\\\/18677e78aa0546b92d9dbf31ec7d7668.jpg?ver=1777290358\",\"width\":96,\"height\":96,\"caption\":\"El Digital de Asturias\"}},{\"@type\":\"WebPage\",\"@id\":\"https:\\\/\\\/www.eldigitaldeasturias.com\\\/noticias\\\/zverev-disputara-el-torneo-de-tenis-de-barcelona\\\/#webpage\",\"url\":\"https:\\\/\\\/www.eldigitaldeasturias.com\\\/noticias\\\/zverev-disputara-el-torneo-de-tenis-de-barcelona\\\/\",\"name\":\"Zverev disputar\\u00e1 el torneo de tenis de Barcelona - El Digital de Asturias\",\"description\":\"Barcelona, 20 abr (dpa) - El tenista n\\u00famero tres en el r\\u00e1nking mundial de la ATP, el alem\\u00e1n Alexander Zverev, jugar\\u00e1 el torneo de tenis de Barcelona, seg\\u00fan confirm\\u00f3 el organizador del evento. Zverev fue eliminado el jueves en segunda ronda del torneo de Montecarlo. El jugador que hoy cumple 22 a\\u00f1os tambi\\u00e9n cay\\u00f3 en\",\"inLanguage\":\"es-ES\",\"isPartOf\":{\"@id\":\"https:\\\/\\\/www.eldigitaldeasturias.com\\\/noticias\\\/#website\"},\"breadcrumb\":{\"@id\":\"https:\\\/\\\/www.eldigitaldeasturias.com\\\/noticias\\\/zverev-disputara-el-torneo-de-tenis-de-barcelona\\\/#breadcrumblist\"},\"author\":{\"@id\":\"https:\\\/\\\/www.eldigitaldeasturias.com\\\/noticias\\\/author\\\/admin\\\/#author\"},\"creator\":{\"@id\":\"https:\\\/\\\/www.eldigitaldeasturias.com\\\/noticias\\\/author\\\/admin\\\/#author\"},\"image\":{\"@type\":\"ImageObject\",\"url\":\"https:\\\/\\\/www.eldigitaldeasturias.com\\\/noticias\\\/wp-content\\\/uploads\\\/2019\\\/04\\\/Alexander-Zverev.jpg\",\"@id\":\"https:\\\/\\\/www.eldigitaldeasturias.com\\\/noticias\\\/zverev-disputara-el-torneo-de-tenis-de-barcelona\\\/#mainImage\",\"width\":940,\"height\":666},\"primaryImageOfPage\":{\"@id\":\"https:\\\/\\\/www.eldigitaldeasturias.com\\\/noticias\\\/zverev-disputara-el-torneo-de-tenis-de-barcelona\\\/#mainImage\"},\"datePublished\":\"2019-04-21T04:01:49+02:00\",\"dateModified\":\"2019-04-21T04:01:49+02:00\"},{\"@type\":\"WebSite\",\"@id\":\"https:\\\/\\\/www.eldigitaldeasturias.com\\\/noticias\\\/#website\",\"url\":\"https:\\\/\\\/www.eldigitaldeasturias.com\\\/noticias\\\/\",\"name\":\"El Digital de Asturias - Diario de actualidad y noticias\",\"alternateName\":\"El Digital de Asturias - Diario de actualidad y noticias\",\"description\":\"Hemeroteca\",\"inLanguage\":\"es-ES\",\"publisher\":{\"@id\":\"https:\\\/\\\/www.eldigitaldeasturias.com\\\/noticias\\\/#organization\"}}]}\n\t\t<\/script>\n\t\t<!-- All in One SEO Pro -->\r\n\t\t<title>Zverev disputar\u00e1 el torneo de tenis de Barcelona - El Digital de Asturias<\/title>\n\n","aioseo_head_json":{"title":"Zverev disputar\u00e1 el torneo de tenis de Barcelona - El Digital de Asturias","description":"Barcelona, 20 abr (dpa) - El tenista n\u00famero tres en el r\u00e1nking mundial de la ATP, el alem\u00e1n Alexander Zverev, jugar\u00e1 el torneo de tenis de Barcelona, seg\u00fan confirm\u00f3 el organizador del evento. Zverev fue eliminado el jueves en segunda ronda del torneo de Montecarlo. El jugador que hoy cumple 22 a\u00f1os tambi\u00e9n cay\u00f3 en","canonical_url":"https:\/\/www.eldigitaldeasturias.com\/noticias\/zverev-disputara-el-torneo-de-tenis-de-barcelona\/","robots":"max-image-preview:large","keywords":"deportes","webmasterTools":{"google-site-verification":"UA-38556648-1","msvalidate.01":"7dfe9f3f1b24437ab69f4f2559babe99","miscellaneous":""},"schema":{"@context":"https:\/\/schema.org","@graph":[{"@type":"BlogPosting","@id":"https:\/\/www.eldigitaldeasturias.com\/noticias\/zverev-disputara-el-torneo-de-tenis-de-barcelona\/#blogposting","name":"Zverev disputar\u00e1 el torneo de tenis de Barcelona - El Digital de Asturias","headline":"Zverev disputar\u00e1 el torneo de tenis de Barcelona","author":{"@id":"https:\/\/www.eldigitaldeasturias.com\/noticias\/author\/admin\/#author"},"publisher":{"@id":"https:\/\/www.eldigitaldeasturias.com\/noticias\/#organization"},"image":{"@type":"ImageObject","url":"https:\/\/www.eldigitaldeasturias.com\/noticias\/wp-content\/uploads\/2019\/04\/Alexander-Zverev.jpg","width":940,"height":666},"datePublished":"2019-04-21T04:01:49+02:00","dateModified":"2019-04-21T04:01:49+02:00","inLanguage":"es-ES","mainEntityOfPage":{"@id":"https:\/\/www.eldigitaldeasturias.com\/noticias\/zverev-disputara-el-torneo-de-tenis-de-barcelona\/#webpage"},"isPartOf":{"@id":"https:\/\/www.eldigitaldeasturias.com\/noticias\/zverev-disputara-el-torneo-de-tenis-de-barcelona\/#webpage"},"articleSection":"Deportes"},{"@type":"BreadcrumbList","@id":"https:\/\/www.eldigitaldeasturias.com\/noticias\/zverev-disputara-el-torneo-de-tenis-de-barcelona\/#breadcrumblist","itemListElement":[{"@type":"ListItem","@id":"https:\/\/www.eldigitaldeasturias.com\/noticias#listItem","position":1,"name":"Home","item":"https:\/\/www.eldigitaldeasturias.com\/noticias","nextItem":{"@type":"ListItem","@id":"https:\/\/www.eldigitaldeasturias.com\/noticias\/category\/deportes\/#listItem","name":"Deportes"}},{"@type":"ListItem","@id":"https:\/\/www.eldigitaldeasturias.com\/noticias\/category\/deportes\/#listItem","position":2,"name":"Deportes","item":"https:\/\/www.eldigitaldeasturias.com\/noticias\/category\/deportes\/","nextItem":{"@type":"ListItem","@id":"https:\/\/www.eldigitaldeasturias.com\/noticias\/zverev-disputara-el-torneo-de-tenis-de-barcelona\/#listItem","name":"Zverev disputar\u00e1 el torneo de tenis de Barcelona"},"previousItem":{"@type":"ListItem","@id":"https:\/\/www.eldigitaldeasturias.com\/noticias#listItem","name":"Home"}},{"@type":"ListItem","@id":"https:\/\/www.eldigitaldeasturias.com\/noticias\/zverev-disputara-el-torneo-de-tenis-de-barcelona\/#listItem","position":3,"name":"Zverev disputar\u00e1 el torneo de tenis de Barcelona","previousItem":{"@type":"ListItem","@id":"https:\/\/www.eldigitaldeasturias.com\/noticias\/category\/deportes\/#listItem","name":"Deportes"}}]},{"@type":"Organization","@id":"https:\/\/www.eldigitaldeasturias.com\/noticias\/#organization","name":"El Digital de Asturias","description":"Hemeroteca","url":"https:\/\/www.eldigitaldeasturias.com\/noticias\/","email":"info@eldigitaldeasturias.com","telephone":"+34652131393","logo":{"@type":"ImageObject","url":"https:\/\/www.eldigitaldeasturias.com\/noticias\/wp-content\/uploads\/2020\/12\/EDA.jpg","@id":"https:\/\/www.eldigitaldeasturias.com\/noticias\/zverev-disputara-el-torneo-de-tenis-de-barcelona\/#organizationLogo","width":649,"height":297},"image":{"@id":"https:\/\/www.eldigitaldeasturias.com\/noticias\/zverev-disputara-el-torneo-de-tenis-de-barcelona\/#organizationLogo"},"sameAs":["https:\/\/facebook.com\/eldigitaldeasturias","https:\/\/www.youtube.com\/channel\/UCZP-2wLEB9Rv6erhFmqVnvg"],"address":{"@id":"https:\/\/www.eldigitaldeasturias.com\/noticias\/#postaladdress","@type":"PostalAddress","streetAddress":"san antonio 4,","postalCode":"33430","addressLocality":"Cand\u00e1s","addressRegion":"Asturias","addressCountry":"ES"}},{"@type":"Person","@id":"https:\/\/www.eldigitaldeasturias.com\/noticias\/author\/admin\/#author","url":"https:\/\/www.eldigitaldeasturias.com\/noticias\/author\/admin\/","name":"El Digital de Asturias","image":{"@type":"ImageObject","@id":"https:\/\/www.eldigitaldeasturias.com\/noticias\/zverev-disputara-el-torneo-de-tenis-de-barcelona\/#authorImage","url":"https:\/\/www.eldigitaldeasturias.com\/noticias\/wp-content\/litespeed\/avatar\/18677e78aa0546b92d9dbf31ec7d7668.jpg?ver=1777290358","width":96,"height":96,"caption":"El Digital de Asturias"}},{"@type":"WebPage","@id":"https:\/\/www.eldigitaldeasturias.com\/noticias\/zverev-disputara-el-torneo-de-tenis-de-barcelona\/#webpage","url":"https:\/\/www.eldigitaldeasturias.com\/noticias\/zverev-disputara-el-torneo-de-tenis-de-barcelona\/","name":"Zverev disputar\u00e1 el torneo de tenis de Barcelona - El Digital de Asturias","description":"Barcelona, 20 abr (dpa) - El tenista n\u00famero tres en el r\u00e1nking mundial de la ATP, el alem\u00e1n Alexander Zverev, jugar\u00e1 el torneo de tenis de Barcelona, seg\u00fan confirm\u00f3 el organizador del evento. Zverev fue eliminado el jueves en segunda ronda del torneo de Montecarlo. El jugador que hoy cumple 22 a\u00f1os tambi\u00e9n cay\u00f3 en","inLanguage":"es-ES","isPartOf":{"@id":"https:\/\/www.eldigitaldeasturias.com\/noticias\/#website"},"breadcrumb":{"@id":"https:\/\/www.eldigitaldeasturias.com\/noticias\/zverev-disputara-el-torneo-de-tenis-de-barcelona\/#breadcrumblist"},"author":{"@id":"https:\/\/www.eldigitaldeasturias.com\/noticias\/author\/admin\/#author"},"creator":{"@id":"https:\/\/www.eldigitaldeasturias.com\/noticias\/author\/admin\/#author"},"image":{"@type":"ImageObject","url":"https:\/\/www.eldigitaldeasturias.com\/noticias\/wp-content\/uploads\/2019\/04\/Alexander-Zverev.jpg","@id":"https:\/\/www.eldigitaldeasturias.com\/noticias\/zverev-disputara-el-torneo-de-tenis-de-barcelona\/#mainImage","width":940,"height":666},"primaryImageOfPage":{"@id":"https:\/\/www.eldigitaldeasturias.com\/noticias\/zverev-disputara-el-torneo-de-tenis-de-barcelona\/#mainImage"},"datePublished":"2019-04-21T04:01:49+02:00","dateModified":"2019-04-21T04:01:49+02:00"},{"@type":"WebSite","@id":"https:\/\/www.eldigitaldeasturias.com\/noticias\/#website","url":"https:\/\/www.eldigitaldeasturias.com\/noticias\/","name":"El Digital de Asturias - Diario de actualidad y noticias","alternateName":"El Digital de Asturias - Diario de actualidad y noticias","description":"Hemeroteca","inLanguage":"es-ES","publisher":{"@id":"https:\/\/www.eldigitaldeasturias.com\/noticias\/#organization"}}]},"og:locale":"es_ES","og:site_name":"El Digital de Asturias","og:type":"article","og:title":"Zverev disputar\u00e1 el torneo de tenis de Barcelona - El Digital de Asturias","og:description":"Barcelona, 20 abr (dpa) - El tenista n\u00famero tres en el r\u00e1nking mundial de la ATP, el alem\u00e1n Alexander Zverev, jugar\u00e1 el torneo de tenis de Barcelona, seg\u00fan confirm\u00f3 el organizador del evento. Zverev fue eliminado el jueves en segunda ronda del torneo de Montecarlo. El jugador que hoy cumple 22 a\u00f1os tambi\u00e9n cay\u00f3 en","og:url":"https:\/\/www.eldigitaldeasturias.com\/noticias\/zverev-disputara-el-torneo-de-tenis-de-barcelona\/","og:image":"https:\/\/www.eldigitaldeasturias.com\/noticias\/wp-content\/uploads\/2019\/04\/Alexander-Zverev.jpg","og:image:secure_url":"https:\/\/www.eldigitaldeasturias.com\/noticias\/wp-content\/uploads\/2019\/04\/Alexander-Zverev.jpg","og:image:width":940,"og:image:height":666,"article:tag":["deportes"],"article:published_time":"2019-04-21T04:01:49+00:00","article:modified_time":"2019-04-21T04:01:49+00:00","article:publisher":"https:\/\/facebook.com\/eldigitaldeasturias","twitter:card":"summary_large_image","twitter:title":"Zverev disputar\u00e1 el torneo de tenis de Barcelona - El Digital de Asturias","twitter:description":"Barcelona, 20 abr (dpa) - El tenista n\u00famero tres en el r\u00e1nking mundial de la ATP, el alem\u00e1n Alexander Zverev, jugar\u00e1 el torneo de tenis de Barcelona, seg\u00fan confirm\u00f3 el organizador del evento. Zverev fue eliminado el jueves en segunda ronda del torneo de Montecarlo. El jugador que hoy cumple 22 a\u00f1os tambi\u00e9n cay\u00f3 en","twitter:image":"https:\/\/www.eldigitaldeasturias.com\/noticias\/wp-content\/uploads\/2019\/04\/Alexander-Zverev.jpg","twitter:label1":"Escrito por","twitter:data1":"El Digital de Asturias"},"aioseo_meta_data":{"post_id":"1024590","title":null,"description":null,"keywords":null,"keyphrases":null,"primary_term":null,"canonical_url":null,"og_title":null,"og_description":null,"og_object_type":"default","og_image_type":"default","og_image_url":null,"og_image_width":null,"og_image_height":null,"og_image_custom_url":null,"og_image_custom_fields":null,"og_video":null,"og_custom_url":null,"og_article_section":null,"og_article_tags":null,"twitter_use_og":false,"twitter_card":"default","twitter_image_type":"default","twitter_image_url":null,"twitter_image_custom_url":null,"twitter_image_custom_fields":null,"twitter_title":null,"twitter_description":null,"schema":{"blockGraphs":[],"customGraphs":[],"default":{"data":{"Article":[],"Course":[],"Dataset":[],"FAQPage":[],"Movie":[],"Person":[],"Product":[],"ProductReview":[],"Car":[],"Recipe":[],"Service":[],"SoftwareApplication":[],"WebPage":[]},"graphName":"","isEnabled":true},"graphs":[]},"schema_type":null,"schema_type_options":null,"pillar_content":false,"robots_default":true,"robots_noindex":false,"robots_noarchive":false,"robots_nosnippet":false,"robots_nofollow":false,"robots_noimageindex":false,"robots_noodp":false,"robots_notranslate":false,"robots_max_snippet":null,"robots_max_videopreview":null,"robots_max_imagepreview":"large","priority":null,"frequency":null,"local_seo":null,"seo_analyzer_scan_date":"2025-10-17 19:00:11","breadcrumb_settings":null,"limit_modified_date":false,"open_ai":null,"ai":null,"created":"2020-12-21 11:14:48","updated":"2025-10-17 19:00:11"},"aioseo_breadcrumb":"<div class=\"aioseo-breadcrumbs\"><span class=\"aioseo-breadcrumb\">\n\t<a href=\"https:\/\/www.eldigitaldeasturias.com\/noticias\" title=\"Home\">Home<\/a>\n<\/span><span class=\"aioseo-breadcrumb-separator\">\u2013<\/span><span class=\"aioseo-breadcrumb\">\n\t<a href=\"https:\/\/www.eldigitaldeasturias.com\/noticias\/category\/deportes\/\" title=\"Deportes\">Deportes<\/a>\n<\/span><span class=\"aioseo-breadcrumb-separator\">\u2013<\/span><span class=\"aioseo-breadcrumb\">\n\t<a href=\"https:\/\/www.eldigitaldeasturias.com\/noticias\/zverev-disputara-el-torneo-de-tenis-de-barcelona\/\" title=\"Zverev disputar\u00e1 el torneo de tenis de Barcelona\">Zverev disputar\u00e1 el torneo de tenis de Barcelona<\/a>\n<\/span><\/div>","aioseo_breadcrumb_json":[{"label":"Home","link":"https:\/\/www.eldigitaldeasturias.com\/noticias"},{"label":"Deportes","link":"https:\/\/www.eldigitaldeasturias.com\/noticias\/category\/deportes\/"},{"label":"Zverev disputar\u00e1 el torneo de tenis de Barcelona","link":"https:\/\/www.eldigitaldeasturias.com\/noticias\/zverev-disputara-el-torneo-de-tenis-de-barcelona\/"}],"_links":{"self":[{"href":"https:\/\/www.eldigitaldeasturias.com\/noticias\/wp-json\/wp\/v2\/posts\/1024590","targetHints":{"allow":["GET"]}}],"collection":[{"href":"https:\/\/www.eldigitaldeasturias.com\/noticias\/wp-json\/wp\/v2\/posts"}],"about":[{"href":"https:\/\/www.eldigitaldeasturias.com\/noticias\/wp-json\/wp\/v2\/types\/post"}],"author":[{"embeddable":true,"href":"https:\/\/www.eldigitaldeasturias.com\/noticias\/wp-json\/wp\/v2\/users\/1"}],"replies":[{"embeddable":true,"href":"https:\/\/www.eldigitaldeasturias.com\/noticias\/wp-json\/wp\/v2\/comments?post=1024590"}],"version-history":[{"count":0,"href":"https:\/\/www.eldigitaldeasturias.com\/noticias\/wp-json\/wp\/v2\/posts\/1024590\/revisions"}],"wp:featuredmedia":[{"embeddable":true,"href":"https:\/\/www.eldigitaldeasturias.com\/noticias\/wp-json\/wp\/v2\/media\/1024591"}],"wp:attachment":[{"href":"https:\/\/www.eldigitaldeasturias.com\/noticias\/wp-json\/wp\/v2\/media?parent=1024590"}],"wp:term":[{"taxonomy":"category","embeddable":true,"href":"https:\/\/www.eldigitaldeasturias.com\/noticias\/wp-json\/wp\/v2\/categories?post=1024590"},{"taxonomy":"post_tag","embeddable":true,"href":"https:\/\/www.eldigitaldeasturias.com\/noticias\/wp-json\/wp\/v2\/tags?post=1024590"}],"curies":[{"name":"wp","href":"https:\/\/api.w.org\/{rel}","templated":true}]}}