{"id":1024582,"date":"2019-04-21T03:33:08","date_gmt":"2019-04-21T03:33:08","guid":{"rendered":"https:\/\/www.eldigitaldeasturias.com\/noticias\/?p=1024582"},"modified":"2019-04-21T03:33:08","modified_gmt":"2019-04-21T03:33:08","slug":"serge-gnabry-sabemos-que-podemos-ser-el-futuro","status":"publish","type":"post","link":"https:\/\/www.eldigitaldeasturias.com\/noticias\/serge-gnabry-sabemos-que-podemos-ser-el-futuro\/","title":{"rendered":"Serge Gnabry: \u00abSabemos que podemos ser el futuro\u201d"},"content":{"rendered":"<p><img loading=\"lazy\" decoding=\"async\" class=\"alignleft size-medium wp-image-1024583\" src=\"https:\/\/www.eldigitaldeasturias.com\/noticias\/wp-content\/uploads\/2019\/04\/Serge-Gnabry-360x258.jpg\" alt=\"\" width=\"360\" height=\"258\" srcset=\"https:\/\/www.eldigitaldeasturias.com\/noticias\/wp-content\/uploads\/2019\/04\/Serge-Gnabry-360x258.jpg 360w, https:\/\/www.eldigitaldeasturias.com\/noticias\/wp-content\/uploads\/2019\/04\/Serge-Gnabry-768x549.jpg 768w, https:\/\/www.eldigitaldeasturias.com\/noticias\/wp-content\/uploads\/2019\/04\/Serge-Gnabry-650x465.jpg 650w, https:\/\/www.eldigitaldeasturias.com\/noticias\/wp-content\/uploads\/2019\/04\/Serge-Gnabry.jpg 917w\" sizes=\"auto, (max-width: 360px) 100vw, 360px\" \/>M\u00fanich, 20 abr (dpa) &#8211; El atacante internacional alem\u00e1n Serge Gnabry est\u00e1 convencido de que su generaci\u00f3n puede asumir un papel destacado en el f\u00fatbol germano junto con otros profesionales destacados nacidos en los a\u00f1os 1995 y 1996.<\/p>\n<p>El delantero del Bayern habl\u00f3 de un grupo muy unido \u00abque podr\u00eda conjuntamente marcar el f\u00fatbol alem\u00e1n\u00bb en una entrevista con el diario \u00abS\u00fcddeutsche Zeitung\u00bb publicada hoy.<\/p>\n<p>Gnabry, de 23 a\u00f1os, piensa en Leon Goretzka, Niklas S\u00fcle, Joshua Kimmich (todos del Bayern), Leroy San\u00e9 (Manchester City), Timo Werner (RB Leipzig), Thilo Kehrer (Paris Saint-Germain), Julian Brandt y Jonathan Tah (ambos del Bayer Leverkusen), entre otros futbolistas.<\/p>\n<p>\u00abSabemos que podemos ser el futuro y no es una desventaja que mantengamos una relaci\u00f3n especial\u00bb, dijo Gnabry. Los jugadores se conocen desde su paso por las selecciones inferiores Sub-15 y Sub-16 de Alemania.<\/p>\n<p><strong><em>Foto: Federico Gambarini\/dpa<\/em><\/strong><\/p>\n","protected":false},"excerpt":{"rendered":"<p>M\u00fanich, 20 abr (dpa) &#8211; El atacante internacional alem\u00e1n Serge Gnabry est\u00e1 convencido de que su generaci\u00f3n puede asumir un papel destacado en el f\u00fatbol germano junto con otros profesionales destacados nacidos en los a\u00f1os 1995 y 1996. El delantero del Bayern habl\u00f3 de un grupo muy unido \u00abque podr\u00eda conjuntamente marcar el f\u00fatbol alem\u00e1n\u00bb [&hellip;]<\/p>\n","protected":false},"author":1,"featured_media":1024583,"comment_status":"closed","ping_status":"closed","sticky":false,"template":"","format":"standard","meta":{"footnotes":""},"categories":[190],"tags":[],"class_list":["post-1024582","post","type-post","status-publish","format-standard","has-post-thumbnail","hentry","category-deportes"],"aioseo_notices":[],"aioseo_head":"\n\t\t<!-- All in One SEO Pro 4.9.6.2 - aioseo.com -->\n\t<meta name=\"description\" content=\"M\u00fanich, 20 abr (dpa) - El atacante internacional alem\u00e1n Serge Gnabry est\u00e1 convencido de que su generaci\u00f3n puede asumir un papel destacado en el f\u00fatbol germano junto con otros profesionales destacados nacidos en los a\u00f1os 1995 y 1996. El delantero del Bayern habl\u00f3 de un grupo muy unido &quot;que podr\u00eda conjuntamente marcar el f\u00fatbol alem\u00e1n&quot;\" \/>\n\t<meta name=\"robots\" content=\"max-image-preview:large\" \/>\n\t<meta name=\"author\" content=\"El Digital de Asturias\"\/>\n\t<meta name=\"google-site-verification\" content=\"UA-38556648-1\" \/>\n\t<meta name=\"msvalidate.01\" content=\"7dfe9f3f1b24437ab69f4f2559babe99\" \/>\n\t<meta name=\"keywords\" content=\"deportes\" \/>\n\t<link rel=\"canonical\" href=\"https:\/\/www.eldigitaldeasturias.com\/noticias\/serge-gnabry-sabemos-que-podemos-ser-el-futuro\/\" \/>\n\t<meta name=\"generator\" content=\"All in One SEO Pro (AIOSEO) 4.9.6.2\" \/>\n\t\t<meta property=\"og:locale\" content=\"es_ES\" \/>\n\t\t<meta property=\"og:site_name\" content=\"El Digital de Asturias\" \/>\n\t\t<meta property=\"og:type\" content=\"article\" \/>\n\t\t<meta property=\"og:title\" content=\"Serge Gnabry: \u00abSabemos que podemos ser el futuro\u201d - El Digital de Asturias\" \/>\n\t\t<meta property=\"og:description\" content=\"M\u00fanich, 20 abr (dpa) - El atacante internacional alem\u00e1n Serge Gnabry est\u00e1 convencido de que su generaci\u00f3n puede asumir un papel destacado en el f\u00fatbol germano junto con otros profesionales destacados nacidos en los a\u00f1os 1995 y 1996. El delantero del Bayern habl\u00f3 de un grupo muy unido &quot;que podr\u00eda conjuntamente marcar el f\u00fatbol alem\u00e1n&quot;\" \/>\n\t\t<meta property=\"og:url\" content=\"https:\/\/www.eldigitaldeasturias.com\/noticias\/serge-gnabry-sabemos-que-podemos-ser-el-futuro\/\" \/>\n\t\t<meta property=\"og:image\" content=\"https:\/\/www.eldigitaldeasturias.com\/noticias\/wp-content\/uploads\/2019\/04\/Serge-Gnabry.jpg\" \/>\n\t\t<meta property=\"og:image:secure_url\" content=\"https:\/\/www.eldigitaldeasturias.com\/noticias\/wp-content\/uploads\/2019\/04\/Serge-Gnabry.jpg\" \/>\n\t\t<meta property=\"og:image:width\" content=\"917\" \/>\n\t\t<meta property=\"og:image:height\" content=\"656\" \/>\n\t\t<meta property=\"article:tag\" content=\"deportes\" \/>\n\t\t<meta property=\"article:published_time\" content=\"2019-04-21T03:33:08+00:00\" \/>\n\t\t<meta property=\"article:modified_time\" content=\"2019-04-21T03:33:08+00:00\" \/>\n\t\t<meta property=\"article:publisher\" content=\"https:\/\/facebook.com\/eldigitaldeasturias\" \/>\n\t\t<meta name=\"twitter:card\" content=\"summary_large_image\" \/>\n\t\t<meta name=\"twitter:title\" content=\"Serge Gnabry: \u00abSabemos que podemos ser el futuro\u201d - El Digital de Asturias\" \/>\n\t\t<meta name=\"twitter:description\" content=\"M\u00fanich, 20 abr (dpa) - El atacante internacional alem\u00e1n Serge Gnabry est\u00e1 convencido de que su generaci\u00f3n puede asumir un papel destacado en el f\u00fatbol germano junto con otros profesionales destacados nacidos en los a\u00f1os 1995 y 1996. El delantero del Bayern habl\u00f3 de un grupo muy unido &quot;que podr\u00eda conjuntamente marcar el f\u00fatbol alem\u00e1n&quot;\" \/>\n\t\t<meta name=\"twitter:image\" content=\"https:\/\/www.eldigitaldeasturias.com\/noticias\/wp-content\/uploads\/2019\/04\/Serge-Gnabry.jpg\" \/>\n\t\t<meta name=\"twitter:label1\" content=\"Escrito por\" \/>\n\t\t<meta name=\"twitter:data1\" content=\"El Digital de Asturias\" \/>\n\t\t<meta name=\"twitter:label2\" content=\"Tiempo de lectura estimado\" \/>\n\t\t<meta name=\"twitter:data2\" content=\"1 minuto\" \/>\n\t\t<script type=\"application\/ld+json\" class=\"aioseo-schema\">\n\t\t\t{\"@context\":\"https:\\\/\\\/schema.org\",\"@graph\":[{\"@type\":\"BlogPosting\",\"@id\":\"https:\\\/\\\/www.eldigitaldeasturias.com\\\/noticias\\\/serge-gnabry-sabemos-que-podemos-ser-el-futuro\\\/#blogposting\",\"name\":\"Serge Gnabry: \\u00abSabemos que podemos ser el futuro\\u201d - El Digital de Asturias\",\"headline\":\"Serge Gnabry: \\u00abSabemos que podemos ser el futuro\\u201d\",\"author\":{\"@id\":\"https:\\\/\\\/www.eldigitaldeasturias.com\\\/noticias\\\/author\\\/admin\\\/#author\"},\"publisher\":{\"@id\":\"https:\\\/\\\/www.eldigitaldeasturias.com\\\/noticias\\\/#organization\"},\"image\":{\"@type\":\"ImageObject\",\"url\":\"https:\\\/\\\/www.eldigitaldeasturias.com\\\/noticias\\\/wp-content\\\/uploads\\\/2019\\\/04\\\/Serge-Gnabry.jpg\",\"width\":917,\"height\":656},\"datePublished\":\"2019-04-21T03:33:08+02:00\",\"dateModified\":\"2019-04-21T03:33:08+02:00\",\"inLanguage\":\"es-ES\",\"mainEntityOfPage\":{\"@id\":\"https:\\\/\\\/www.eldigitaldeasturias.com\\\/noticias\\\/serge-gnabry-sabemos-que-podemos-ser-el-futuro\\\/#webpage\"},\"isPartOf\":{\"@id\":\"https:\\\/\\\/www.eldigitaldeasturias.com\\\/noticias\\\/serge-gnabry-sabemos-que-podemos-ser-el-futuro\\\/#webpage\"},\"articleSection\":\"Deportes\"},{\"@type\":\"BreadcrumbList\",\"@id\":\"https:\\\/\\\/www.eldigitaldeasturias.com\\\/noticias\\\/serge-gnabry-sabemos-que-podemos-ser-el-futuro\\\/#breadcrumblist\",\"itemListElement\":[{\"@type\":\"ListItem\",\"@id\":\"https:\\\/\\\/www.eldigitaldeasturias.com\\\/noticias#listItem\",\"position\":1,\"name\":\"Home\",\"item\":\"https:\\\/\\\/www.eldigitaldeasturias.com\\\/noticias\",\"nextItem\":{\"@type\":\"ListItem\",\"@id\":\"https:\\\/\\\/www.eldigitaldeasturias.com\\\/noticias\\\/category\\\/deportes\\\/#listItem\",\"name\":\"Deportes\"}},{\"@type\":\"ListItem\",\"@id\":\"https:\\\/\\\/www.eldigitaldeasturias.com\\\/noticias\\\/category\\\/deportes\\\/#listItem\",\"position\":2,\"name\":\"Deportes\",\"item\":\"https:\\\/\\\/www.eldigitaldeasturias.com\\\/noticias\\\/category\\\/deportes\\\/\",\"nextItem\":{\"@type\":\"ListItem\",\"@id\":\"https:\\\/\\\/www.eldigitaldeasturias.com\\\/noticias\\\/serge-gnabry-sabemos-que-podemos-ser-el-futuro\\\/#listItem\",\"name\":\"Serge Gnabry: \\u00abSabemos que podemos ser el futuro\\u201d\"},\"previousItem\":{\"@type\":\"ListItem\",\"@id\":\"https:\\\/\\\/www.eldigitaldeasturias.com\\\/noticias#listItem\",\"name\":\"Home\"}},{\"@type\":\"ListItem\",\"@id\":\"https:\\\/\\\/www.eldigitaldeasturias.com\\\/noticias\\\/serge-gnabry-sabemos-que-podemos-ser-el-futuro\\\/#listItem\",\"position\":3,\"name\":\"Serge Gnabry: \\u00abSabemos que podemos ser el futuro\\u201d\",\"previousItem\":{\"@type\":\"ListItem\",\"@id\":\"https:\\\/\\\/www.eldigitaldeasturias.com\\\/noticias\\\/category\\\/deportes\\\/#listItem\",\"name\":\"Deportes\"}}]},{\"@type\":\"Organization\",\"@id\":\"https:\\\/\\\/www.eldigitaldeasturias.com\\\/noticias\\\/#organization\",\"name\":\"El Digital de Asturias\",\"description\":\"Hemeroteca\",\"url\":\"https:\\\/\\\/www.eldigitaldeasturias.com\\\/noticias\\\/\",\"email\":\"info@eldigitaldeasturias.com\",\"telephone\":\"+34652131393\",\"logo\":{\"@type\":\"ImageObject\",\"url\":\"https:\\\/\\\/www.eldigitaldeasturias.com\\\/noticias\\\/wp-content\\\/uploads\\\/2020\\\/12\\\/EDA.jpg\",\"@id\":\"https:\\\/\\\/www.eldigitaldeasturias.com\\\/noticias\\\/serge-gnabry-sabemos-que-podemos-ser-el-futuro\\\/#organizationLogo\",\"width\":649,\"height\":297},\"image\":{\"@id\":\"https:\\\/\\\/www.eldigitaldeasturias.com\\\/noticias\\\/serge-gnabry-sabemos-que-podemos-ser-el-futuro\\\/#organizationLogo\"},\"sameAs\":[\"https:\\\/\\\/facebook.com\\\/eldigitaldeasturias\",\"https:\\\/\\\/www.youtube.com\\\/channel\\\/UCZP-2wLEB9Rv6erhFmqVnvg\"],\"address\":{\"@id\":\"https:\\\/\\\/www.eldigitaldeasturias.com\\\/noticias\\\/#postaladdress\",\"@type\":\"PostalAddress\",\"streetAddress\":\"san antonio 4,\",\"postalCode\":\"33430\",\"addressLocality\":\"Cand\\u00e1s\",\"addressRegion\":\"Asturias\",\"addressCountry\":\"ES\"}},{\"@type\":\"Person\",\"@id\":\"https:\\\/\\\/www.eldigitaldeasturias.com\\\/noticias\\\/author\\\/admin\\\/#author\",\"url\":\"https:\\\/\\\/www.eldigitaldeasturias.com\\\/noticias\\\/author\\\/admin\\\/\",\"name\":\"El Digital de Asturias\",\"image\":{\"@type\":\"ImageObject\",\"@id\":\"https:\\\/\\\/www.eldigitaldeasturias.com\\\/noticias\\\/serge-gnabry-sabemos-que-podemos-ser-el-futuro\\\/#authorImage\",\"url\":\"https:\\\/\\\/www.eldigitaldeasturias.com\\\/noticias\\\/wp-content\\\/litespeed\\\/avatar\\\/18677e78aa0546b92d9dbf31ec7d7668.jpg?ver=1777290358\",\"width\":96,\"height\":96,\"caption\":\"El Digital de Asturias\"}},{\"@type\":\"WebPage\",\"@id\":\"https:\\\/\\\/www.eldigitaldeasturias.com\\\/noticias\\\/serge-gnabry-sabemos-que-podemos-ser-el-futuro\\\/#webpage\",\"url\":\"https:\\\/\\\/www.eldigitaldeasturias.com\\\/noticias\\\/serge-gnabry-sabemos-que-podemos-ser-el-futuro\\\/\",\"name\":\"Serge Gnabry: \\u00abSabemos que podemos ser el futuro\\u201d - El Digital de Asturias\",\"description\":\"M\\u00fanich, 20 abr (dpa) - El atacante internacional alem\\u00e1n Serge Gnabry est\\u00e1 convencido de que su generaci\\u00f3n puede asumir un papel destacado en el f\\u00fatbol germano junto con otros profesionales destacados nacidos en los a\\u00f1os 1995 y 1996. El delantero del Bayern habl\\u00f3 de un grupo muy unido \\\"que podr\\u00eda conjuntamente marcar el f\\u00fatbol alem\\u00e1n\\\"\",\"inLanguage\":\"es-ES\",\"isPartOf\":{\"@id\":\"https:\\\/\\\/www.eldigitaldeasturias.com\\\/noticias\\\/#website\"},\"breadcrumb\":{\"@id\":\"https:\\\/\\\/www.eldigitaldeasturias.com\\\/noticias\\\/serge-gnabry-sabemos-que-podemos-ser-el-futuro\\\/#breadcrumblist\"},\"author\":{\"@id\":\"https:\\\/\\\/www.eldigitaldeasturias.com\\\/noticias\\\/author\\\/admin\\\/#author\"},\"creator\":{\"@id\":\"https:\\\/\\\/www.eldigitaldeasturias.com\\\/noticias\\\/author\\\/admin\\\/#author\"},\"image\":{\"@type\":\"ImageObject\",\"url\":\"https:\\\/\\\/www.eldigitaldeasturias.com\\\/noticias\\\/wp-content\\\/uploads\\\/2019\\\/04\\\/Serge-Gnabry.jpg\",\"@id\":\"https:\\\/\\\/www.eldigitaldeasturias.com\\\/noticias\\\/serge-gnabry-sabemos-que-podemos-ser-el-futuro\\\/#mainImage\",\"width\":917,\"height\":656},\"primaryImageOfPage\":{\"@id\":\"https:\\\/\\\/www.eldigitaldeasturias.com\\\/noticias\\\/serge-gnabry-sabemos-que-podemos-ser-el-futuro\\\/#mainImage\"},\"datePublished\":\"2019-04-21T03:33:08+02:00\",\"dateModified\":\"2019-04-21T03:33:08+02:00\"},{\"@type\":\"WebSite\",\"@id\":\"https:\\\/\\\/www.eldigitaldeasturias.com\\\/noticias\\\/#website\",\"url\":\"https:\\\/\\\/www.eldigitaldeasturias.com\\\/noticias\\\/\",\"name\":\"El Digital de Asturias - Diario de actualidad y noticias\",\"alternateName\":\"El Digital de Asturias - Diario de actualidad y noticias\",\"description\":\"Hemeroteca\",\"inLanguage\":\"es-ES\",\"publisher\":{\"@id\":\"https:\\\/\\\/www.eldigitaldeasturias.com\\\/noticias\\\/#organization\"}}]}\n\t\t<\/script>\n\t\t<!-- All in One SEO Pro -->\r\n\t\t<title>Serge Gnabry: \u00abSabemos que podemos ser el futuro\u201d - El Digital de Asturias<\/title>\n\n","aioseo_head_json":{"title":"Serge Gnabry: \u00abSabemos que podemos ser el futuro\u201d - El Digital de Asturias","description":"M\u00fanich, 20 abr (dpa) - El atacante internacional alem\u00e1n Serge Gnabry est\u00e1 convencido de que su generaci\u00f3n puede asumir un papel destacado en el f\u00fatbol germano junto con otros profesionales destacados nacidos en los a\u00f1os 1995 y 1996. El delantero del Bayern habl\u00f3 de un grupo muy unido \"que podr\u00eda conjuntamente marcar el f\u00fatbol alem\u00e1n\"","canonical_url":"https:\/\/www.eldigitaldeasturias.com\/noticias\/serge-gnabry-sabemos-que-podemos-ser-el-futuro\/","robots":"max-image-preview:large","keywords":"deportes","webmasterTools":{"google-site-verification":"UA-38556648-1","msvalidate.01":"7dfe9f3f1b24437ab69f4f2559babe99","miscellaneous":""},"schema":{"@context":"https:\/\/schema.org","@graph":[{"@type":"BlogPosting","@id":"https:\/\/www.eldigitaldeasturias.com\/noticias\/serge-gnabry-sabemos-que-podemos-ser-el-futuro\/#blogposting","name":"Serge Gnabry: \u00abSabemos que podemos ser el futuro\u201d - El Digital de Asturias","headline":"Serge Gnabry: \u00abSabemos que podemos ser el futuro\u201d","author":{"@id":"https:\/\/www.eldigitaldeasturias.com\/noticias\/author\/admin\/#author"},"publisher":{"@id":"https:\/\/www.eldigitaldeasturias.com\/noticias\/#organization"},"image":{"@type":"ImageObject","url":"https:\/\/www.eldigitaldeasturias.com\/noticias\/wp-content\/uploads\/2019\/04\/Serge-Gnabry.jpg","width":917,"height":656},"datePublished":"2019-04-21T03:33:08+02:00","dateModified":"2019-04-21T03:33:08+02:00","inLanguage":"es-ES","mainEntityOfPage":{"@id":"https:\/\/www.eldigitaldeasturias.com\/noticias\/serge-gnabry-sabemos-que-podemos-ser-el-futuro\/#webpage"},"isPartOf":{"@id":"https:\/\/www.eldigitaldeasturias.com\/noticias\/serge-gnabry-sabemos-que-podemos-ser-el-futuro\/#webpage"},"articleSection":"Deportes"},{"@type":"BreadcrumbList","@id":"https:\/\/www.eldigitaldeasturias.com\/noticias\/serge-gnabry-sabemos-que-podemos-ser-el-futuro\/#breadcrumblist","itemListElement":[{"@type":"ListItem","@id":"https:\/\/www.eldigitaldeasturias.com\/noticias#listItem","position":1,"name":"Home","item":"https:\/\/www.eldigitaldeasturias.com\/noticias","nextItem":{"@type":"ListItem","@id":"https:\/\/www.eldigitaldeasturias.com\/noticias\/category\/deportes\/#listItem","name":"Deportes"}},{"@type":"ListItem","@id":"https:\/\/www.eldigitaldeasturias.com\/noticias\/category\/deportes\/#listItem","position":2,"name":"Deportes","item":"https:\/\/www.eldigitaldeasturias.com\/noticias\/category\/deportes\/","nextItem":{"@type":"ListItem","@id":"https:\/\/www.eldigitaldeasturias.com\/noticias\/serge-gnabry-sabemos-que-podemos-ser-el-futuro\/#listItem","name":"Serge Gnabry: \u00abSabemos que podemos ser el futuro\u201d"},"previousItem":{"@type":"ListItem","@id":"https:\/\/www.eldigitaldeasturias.com\/noticias#listItem","name":"Home"}},{"@type":"ListItem","@id":"https:\/\/www.eldigitaldeasturias.com\/noticias\/serge-gnabry-sabemos-que-podemos-ser-el-futuro\/#listItem","position":3,"name":"Serge Gnabry: \u00abSabemos que podemos ser el futuro\u201d","previousItem":{"@type":"ListItem","@id":"https:\/\/www.eldigitaldeasturias.com\/noticias\/category\/deportes\/#listItem","name":"Deportes"}}]},{"@type":"Organization","@id":"https:\/\/www.eldigitaldeasturias.com\/noticias\/#organization","name":"El Digital de Asturias","description":"Hemeroteca","url":"https:\/\/www.eldigitaldeasturias.com\/noticias\/","email":"info@eldigitaldeasturias.com","telephone":"+34652131393","logo":{"@type":"ImageObject","url":"https:\/\/www.eldigitaldeasturias.com\/noticias\/wp-content\/uploads\/2020\/12\/EDA.jpg","@id":"https:\/\/www.eldigitaldeasturias.com\/noticias\/serge-gnabry-sabemos-que-podemos-ser-el-futuro\/#organizationLogo","width":649,"height":297},"image":{"@id":"https:\/\/www.eldigitaldeasturias.com\/noticias\/serge-gnabry-sabemos-que-podemos-ser-el-futuro\/#organizationLogo"},"sameAs":["https:\/\/facebook.com\/eldigitaldeasturias","https:\/\/www.youtube.com\/channel\/UCZP-2wLEB9Rv6erhFmqVnvg"],"address":{"@id":"https:\/\/www.eldigitaldeasturias.com\/noticias\/#postaladdress","@type":"PostalAddress","streetAddress":"san antonio 4,","postalCode":"33430","addressLocality":"Cand\u00e1s","addressRegion":"Asturias","addressCountry":"ES"}},{"@type":"Person","@id":"https:\/\/www.eldigitaldeasturias.com\/noticias\/author\/admin\/#author","url":"https:\/\/www.eldigitaldeasturias.com\/noticias\/author\/admin\/","name":"El Digital de Asturias","image":{"@type":"ImageObject","@id":"https:\/\/www.eldigitaldeasturias.com\/noticias\/serge-gnabry-sabemos-que-podemos-ser-el-futuro\/#authorImage","url":"https:\/\/www.eldigitaldeasturias.com\/noticias\/wp-content\/litespeed\/avatar\/18677e78aa0546b92d9dbf31ec7d7668.jpg?ver=1777290358","width":96,"height":96,"caption":"El Digital de Asturias"}},{"@type":"WebPage","@id":"https:\/\/www.eldigitaldeasturias.com\/noticias\/serge-gnabry-sabemos-que-podemos-ser-el-futuro\/#webpage","url":"https:\/\/www.eldigitaldeasturias.com\/noticias\/serge-gnabry-sabemos-que-podemos-ser-el-futuro\/","name":"Serge Gnabry: \u00abSabemos que podemos ser el futuro\u201d - El Digital de Asturias","description":"M\u00fanich, 20 abr (dpa) - El atacante internacional alem\u00e1n Serge Gnabry est\u00e1 convencido de que su generaci\u00f3n puede asumir un papel destacado en el f\u00fatbol germano junto con otros profesionales destacados nacidos en los a\u00f1os 1995 y 1996. El delantero del Bayern habl\u00f3 de un grupo muy unido \"que podr\u00eda conjuntamente marcar el f\u00fatbol alem\u00e1n\"","inLanguage":"es-ES","isPartOf":{"@id":"https:\/\/www.eldigitaldeasturias.com\/noticias\/#website"},"breadcrumb":{"@id":"https:\/\/www.eldigitaldeasturias.com\/noticias\/serge-gnabry-sabemos-que-podemos-ser-el-futuro\/#breadcrumblist"},"author":{"@id":"https:\/\/www.eldigitaldeasturias.com\/noticias\/author\/admin\/#author"},"creator":{"@id":"https:\/\/www.eldigitaldeasturias.com\/noticias\/author\/admin\/#author"},"image":{"@type":"ImageObject","url":"https:\/\/www.eldigitaldeasturias.com\/noticias\/wp-content\/uploads\/2019\/04\/Serge-Gnabry.jpg","@id":"https:\/\/www.eldigitaldeasturias.com\/noticias\/serge-gnabry-sabemos-que-podemos-ser-el-futuro\/#mainImage","width":917,"height":656},"primaryImageOfPage":{"@id":"https:\/\/www.eldigitaldeasturias.com\/noticias\/serge-gnabry-sabemos-que-podemos-ser-el-futuro\/#mainImage"},"datePublished":"2019-04-21T03:33:08+02:00","dateModified":"2019-04-21T03:33:08+02:00"},{"@type":"WebSite","@id":"https:\/\/www.eldigitaldeasturias.com\/noticias\/#website","url":"https:\/\/www.eldigitaldeasturias.com\/noticias\/","name":"El Digital de Asturias - Diario de actualidad y noticias","alternateName":"El Digital de Asturias - Diario de actualidad y noticias","description":"Hemeroteca","inLanguage":"es-ES","publisher":{"@id":"https:\/\/www.eldigitaldeasturias.com\/noticias\/#organization"}}]},"og:locale":"es_ES","og:site_name":"El Digital de Asturias","og:type":"article","og:title":"Serge Gnabry: \u00abSabemos que podemos ser el futuro\u201d - El Digital de Asturias","og:description":"M\u00fanich, 20 abr (dpa) - El atacante internacional alem\u00e1n Serge Gnabry est\u00e1 convencido de que su generaci\u00f3n puede asumir un papel destacado en el f\u00fatbol germano junto con otros profesionales destacados nacidos en los a\u00f1os 1995 y 1996. El delantero del Bayern habl\u00f3 de un grupo muy unido &quot;que podr\u00eda conjuntamente marcar el f\u00fatbol alem\u00e1n&quot;","og:url":"https:\/\/www.eldigitaldeasturias.com\/noticias\/serge-gnabry-sabemos-que-podemos-ser-el-futuro\/","og:image":"https:\/\/www.eldigitaldeasturias.com\/noticias\/wp-content\/uploads\/2019\/04\/Serge-Gnabry.jpg","og:image:secure_url":"https:\/\/www.eldigitaldeasturias.com\/noticias\/wp-content\/uploads\/2019\/04\/Serge-Gnabry.jpg","og:image:width":917,"og:image:height":656,"article:tag":["deportes"],"article:published_time":"2019-04-21T03:33:08+00:00","article:modified_time":"2019-04-21T03:33:08+00:00","article:publisher":"https:\/\/facebook.com\/eldigitaldeasturias","twitter:card":"summary_large_image","twitter:title":"Serge Gnabry: \u00abSabemos que podemos ser el futuro\u201d - El Digital de Asturias","twitter:description":"M\u00fanich, 20 abr (dpa) - El atacante internacional alem\u00e1n Serge Gnabry est\u00e1 convencido de que su generaci\u00f3n puede asumir un papel destacado en el f\u00fatbol germano junto con otros profesionales destacados nacidos en los a\u00f1os 1995 y 1996. El delantero del Bayern habl\u00f3 de un grupo muy unido &quot;que podr\u00eda conjuntamente marcar el f\u00fatbol alem\u00e1n&quot;","twitter:image":"https:\/\/www.eldigitaldeasturias.com\/noticias\/wp-content\/uploads\/2019\/04\/Serge-Gnabry.jpg","twitter:label1":"Escrito por","twitter:data1":"El Digital de Asturias","twitter:label2":"Tiempo de lectura estimado","twitter:data2":"1 minuto"},"aioseo_meta_data":{"post_id":"1024582","title":null,"description":null,"keywords":null,"keyphrases":null,"primary_term":null,"canonical_url":null,"og_title":null,"og_description":null,"og_object_type":"default","og_image_type":"default","og_image_url":null,"og_image_width":null,"og_image_height":null,"og_image_custom_url":null,"og_image_custom_fields":null,"og_video":null,"og_custom_url":null,"og_article_section":null,"og_article_tags":null,"twitter_use_og":false,"twitter_card":"default","twitter_image_type":"default","twitter_image_url":null,"twitter_image_custom_url":null,"twitter_image_custom_fields":null,"twitter_title":null,"twitter_description":null,"schema":{"blockGraphs":[],"customGraphs":[],"default":{"data":{"Article":[],"Course":[],"Dataset":[],"FAQPage":[],"Movie":[],"Person":[],"Product":[],"ProductReview":[],"Car":[],"Recipe":[],"Service":[],"SoftwareApplication":[],"WebPage":[]},"graphName":"","isEnabled":true},"graphs":[],"defaultGraph":"","defaultPostTypeGraph":""},"schema_type":null,"schema_type_options":null,"pillar_content":false,"robots_default":true,"robots_noindex":false,"robots_noarchive":false,"robots_nosnippet":false,"robots_nofollow":false,"robots_noimageindex":false,"robots_noodp":false,"robots_notranslate":false,"robots_max_snippet":null,"robots_max_videopreview":null,"robots_max_imagepreview":"large","priority":null,"frequency":null,"local_seo":null,"seo_analyzer_scan_date":"2025-10-17 18:57:55","breadcrumb_settings":null,"limit_modified_date":false,"open_ai":null,"ai":null,"created":"2020-12-21 11:14:48","updated":"2025-10-17 18:57:55"},"aioseo_breadcrumb":"<div class=\"aioseo-breadcrumbs\"><span class=\"aioseo-breadcrumb\">\n\t<a href=\"https:\/\/www.eldigitaldeasturias.com\/noticias\" title=\"Home\">Home<\/a>\n<\/span><span class=\"aioseo-breadcrumb-separator\">\u2013<\/span><span class=\"aioseo-breadcrumb\">\n\t<a href=\"https:\/\/www.eldigitaldeasturias.com\/noticias\/category\/deportes\/\" title=\"Deportes\">Deportes<\/a>\n<\/span><span class=\"aioseo-breadcrumb-separator\">\u2013<\/span><span class=\"aioseo-breadcrumb\">\n\t<a href=\"https:\/\/www.eldigitaldeasturias.com\/noticias\/serge-gnabry-sabemos-que-podemos-ser-el-futuro\/\" title=\"Serge Gnabry: \u00abSabemos que podemos ser el futuro\u201d\">Serge Gnabry: \u00abSabemos que podemos ser el futuro\u201d<\/a>\n<\/span><\/div>","aioseo_breadcrumb_json":[{"label":"Home","link":"https:\/\/www.eldigitaldeasturias.com\/noticias"},{"label":"Deportes","link":"https:\/\/www.eldigitaldeasturias.com\/noticias\/category\/deportes\/"},{"label":"Serge Gnabry: \u00abSabemos que podemos ser el futuro\u201d","link":"https:\/\/www.eldigitaldeasturias.com\/noticias\/serge-gnabry-sabemos-que-podemos-ser-el-futuro\/"}],"_links":{"self":[{"href":"https:\/\/www.eldigitaldeasturias.com\/noticias\/wp-json\/wp\/v2\/posts\/1024582","targetHints":{"allow":["GET"]}}],"collection":[{"href":"https:\/\/www.eldigitaldeasturias.com\/noticias\/wp-json\/wp\/v2\/posts"}],"about":[{"href":"https:\/\/www.eldigitaldeasturias.com\/noticias\/wp-json\/wp\/v2\/types\/post"}],"author":[{"embeddable":true,"href":"https:\/\/www.eldigitaldeasturias.com\/noticias\/wp-json\/wp\/v2\/users\/1"}],"replies":[{"embeddable":true,"href":"https:\/\/www.eldigitaldeasturias.com\/noticias\/wp-json\/wp\/v2\/comments?post=1024582"}],"version-history":[{"count":0,"href":"https:\/\/www.eldigitaldeasturias.com\/noticias\/wp-json\/wp\/v2\/posts\/1024582\/revisions"}],"wp:featuredmedia":[{"embeddable":true,"href":"https:\/\/www.eldigitaldeasturias.com\/noticias\/wp-json\/wp\/v2\/media\/1024583"}],"wp:attachment":[{"href":"https:\/\/www.eldigitaldeasturias.com\/noticias\/wp-json\/wp\/v2\/media?parent=1024582"}],"wp:term":[{"taxonomy":"category","embeddable":true,"href":"https:\/\/www.eldigitaldeasturias.com\/noticias\/wp-json\/wp\/v2\/categories?post=1024582"},{"taxonomy":"post_tag","embeddable":true,"href":"https:\/\/www.eldigitaldeasturias.com\/noticias\/wp-json\/wp\/v2\/tags?post=1024582"}],"curies":[{"name":"wp","href":"https:\/\/api.w.org\/{rel}","templated":true}]}}