{"id":1024578,"date":"2019-04-21T03:21:18","date_gmt":"2019-04-21T03:21:18","guid":{"rendered":"https:\/\/www.eldigitaldeasturias.com\/noticias\/?p=1024578"},"modified":"2019-04-21T03:21:18","modified_gmt":"2019-04-21T03:21:18","slug":"la-patronal-alemana-reclama-una-ley-para-acelerar-los-planes-de-infraestructura","status":"publish","type":"post","link":"https:\/\/www.eldigitaldeasturias.com\/noticias\/la-patronal-alemana-reclama-una-ley-para-acelerar-los-planes-de-infraestructura\/","title":{"rendered":"La patronal alemana reclama una ley para acelerar los planes de infraestructura"},"content":{"rendered":"<p><img loading=\"lazy\" decoding=\"async\" class=\"alignleft size-medium wp-image-780683\" src=\"https:\/\/www.eldigitaldeasturias.com\/noticias\/wp-content\/uploads\/2015\/04\/euros1-360x198.jpg\" alt=\"\" width=\"360\" height=\"198\" srcset=\"https:\/\/www.eldigitaldeasturias.com\/noticias\/wp-content\/uploads\/2015\/04\/euros1-360x198.jpg 360w, https:\/\/www.eldigitaldeasturias.com\/noticias\/wp-content\/uploads\/2015\/04\/euros1-480x264.jpg 480w, https:\/\/www.eldigitaldeasturias.com\/noticias\/wp-content\/uploads\/2015\/04\/euros1-20x11.jpg 20w, https:\/\/www.eldigitaldeasturias.com\/noticias\/wp-content\/uploads\/2015\/04\/euros1.jpg 655w\" sizes=\"auto, (max-width: 360px) 100vw, 360px\" \/>D\u00fcsseldorf, 20 abr (dpa) &#8211; El presidente de la patronal de Alemania (BDA), Ingo Kramer, reclam\u00f3 una ley para acelerar la implementaci\u00f3n de grandes proyectos de infraestructura en el pa\u00eds, seg\u00fan indic\u00f3 el ejecutivo en declaraciones que publica hoy el peri\u00f3dico \u00abRheinische Post\u00bb.<\/p>\n<p>\u00abNecesitamos una ley de aceleraci\u00f3n de inversiones\u00bb para proyectos de infraestructura \u00abque merezca tal nombre: no solo para ampliar redes (de suministro el\u00e9ctrico), sino tambi\u00e9n para la construcci\u00f3n de autopistas, un Internet veloz similar a los est\u00e1ndares internacionales, la ampliaci\u00f3n de puertos y otras medidas que no pueden existir con fases de planificaci\u00f3n de diez a\u00f1os\u00bb, sostuvo Kramer.<\/p>\n<p>El presidente de la patronal germana cit\u00f3 como ejemplo una ley similar aplicada en la d\u00e9cada de 1990 en los cinco estados federados de la ex Alemania Oriental tras la ca\u00edda del Muro de Berl\u00edn.<\/p>\n<p>\u00abAl igual que entonces, deber\u00edamos tener muchos menos pasos con posibilidades de vetar contra grandes proyectos de inversi\u00f3n\u00bb, agreg\u00f3 Kramer. En su opini\u00f3n, no toda supuesta organizaci\u00f3n sin \u00e1nimos de lucro deber\u00eda poder entablar juicio a las comunas y entorpecer la vida y el trabajo de los habitantes.<\/p>\n<p>El Gobierno alem\u00e1n ya present\u00f3 un proyecto de ley para acelerar la construcci\u00f3n de carreteras, puentes y v\u00edas f\u00e9rreas. Este plan prev\u00e9 que se pueda comenzar a preparar proyectos antes de que los tr\u00e1mites legales hayan sido completados.<\/p>\n<p>En caso de demandas, el Tribunal Administrativo Federal puede ser directamente competente, es decir como \u00faltima instancia.<\/p>\n<p>Asimismo, el Parlamento (Bundestag) y la C\u00e1mara Alta (Bundesrat) aprobaron en abril un paquete de medidas para una r\u00e1pida ampliaci\u00f3n de las redes de suministro el\u00e9ctrico.<\/p>\n","protected":false},"excerpt":{"rendered":"<p>D\u00fcsseldorf, 20 abr (dpa) &#8211; El presidente de la patronal de Alemania (BDA), Ingo Kramer, reclam\u00f3 una ley para acelerar la implementaci\u00f3n de grandes proyectos de infraestructura en el pa\u00eds, seg\u00fan indic\u00f3 el ejecutivo en declaraciones que publica hoy el peri\u00f3dico \u00abRheinische Post\u00bb. \u00abNecesitamos una ley de aceleraci\u00f3n de inversiones\u00bb para proyectos de infraestructura \u00abque [&hellip;]<\/p>\n","protected":false},"author":1,"featured_media":780675,"comment_status":"closed","ping_status":"closed","sticky":false,"template":"","format":"standard","meta":{"footnotes":""},"categories":[187],"tags":[],"class_list":["post-1024578","post","type-post","status-publish","format-standard","has-post-thumbnail","hentry","category-economia"],"aioseo_notices":[],"aioseo_head":"\n\t\t<!-- All in One SEO Pro 4.9.6.2 - aioseo.com -->\n\t<meta name=\"description\" content=\"D\u00fcsseldorf, 20 abr (dpa) - El presidente de la patronal de Alemania (BDA), Ingo Kramer, reclam\u00f3 una ley para acelerar la implementaci\u00f3n de grandes proyectos de infraestructura en el pa\u00eds, seg\u00fan indic\u00f3 el ejecutivo en declaraciones que publica hoy el peri\u00f3dico &quot;Rheinische Post&quot;. &quot;Necesitamos una ley de aceleraci\u00f3n de inversiones&quot; para proyectos de infraestructura &quot;que\" \/>\n\t<meta name=\"robots\" content=\"max-image-preview:large\" \/>\n\t<meta name=\"author\" content=\"El Digital de Asturias\"\/>\n\t<meta name=\"google-site-verification\" content=\"UA-38556648-1\" \/>\n\t<meta name=\"msvalidate.01\" content=\"7dfe9f3f1b24437ab69f4f2559babe99\" \/>\n\t<meta name=\"keywords\" content=\"econom\u00eda\" \/>\n\t<link rel=\"canonical\" href=\"https:\/\/www.eldigitaldeasturias.com\/noticias\/la-patronal-alemana-reclama-una-ley-para-acelerar-los-planes-de-infraestructura\/\" \/>\n\t<meta name=\"generator\" content=\"All in One SEO Pro (AIOSEO) 4.9.6.2\" \/>\n\t\t<meta property=\"og:locale\" content=\"es_ES\" \/>\n\t\t<meta property=\"og:site_name\" content=\"El Digital de Asturias\" \/>\n\t\t<meta property=\"og:type\" content=\"article\" \/>\n\t\t<meta property=\"og:title\" content=\"La patronal alemana reclama una ley para acelerar los planes de infraestructura - El Digital de Asturias\" \/>\n\t\t<meta property=\"og:description\" content=\"D\u00fcsseldorf, 20 abr (dpa) - El presidente de la patronal de Alemania (BDA), Ingo Kramer, reclam\u00f3 una ley para acelerar la implementaci\u00f3n de grandes proyectos de infraestructura en el pa\u00eds, seg\u00fan indic\u00f3 el ejecutivo en declaraciones que publica hoy el peri\u00f3dico &quot;Rheinische Post&quot;. &quot;Necesitamos una ley de aceleraci\u00f3n de inversiones&quot; para proyectos de infraestructura &quot;que\" \/>\n\t\t<meta property=\"og:url\" content=\"https:\/\/www.eldigitaldeasturias.com\/noticias\/la-patronal-alemana-reclama-una-ley-para-acelerar-los-planes-de-infraestructura\/\" \/>\n\t\t<meta property=\"og:image\" content=\"https:\/\/www.eldigitaldeasturias.com\/noticias\/wp-content\/uploads\/2015\/04\/euros.jpg\" \/>\n\t\t<meta property=\"og:image:secure_url\" content=\"https:\/\/www.eldigitaldeasturias.com\/noticias\/wp-content\/uploads\/2015\/04\/euros.jpg\" \/>\n\t\t<meta property=\"og:image:width\" content=\"655\" \/>\n\t\t<meta property=\"og:image:height\" content=\"360\" \/>\n\t\t<meta property=\"article:tag\" content=\"econom\u00eda\" \/>\n\t\t<meta property=\"article:published_time\" content=\"2019-04-21T03:21:18+00:00\" \/>\n\t\t<meta property=\"article:modified_time\" content=\"2019-04-21T03:21:18+00:00\" \/>\n\t\t<meta property=\"article:publisher\" content=\"https:\/\/facebook.com\/eldigitaldeasturias\" \/>\n\t\t<meta name=\"twitter:card\" content=\"summary_large_image\" \/>\n\t\t<meta name=\"twitter:title\" content=\"La patronal alemana reclama una ley para acelerar los planes de infraestructura - El Digital de Asturias\" \/>\n\t\t<meta name=\"twitter:description\" content=\"D\u00fcsseldorf, 20 abr (dpa) - El presidente de la patronal de Alemania (BDA), Ingo Kramer, reclam\u00f3 una ley para acelerar la implementaci\u00f3n de grandes proyectos de infraestructura en el pa\u00eds, seg\u00fan indic\u00f3 el ejecutivo en declaraciones que publica hoy el peri\u00f3dico &quot;Rheinische Post&quot;. &quot;Necesitamos una ley de aceleraci\u00f3n de inversiones&quot; para proyectos de infraestructura &quot;que\" \/>\n\t\t<meta name=\"twitter:image\" content=\"https:\/\/www.eldigitaldeasturias.com\/noticias\/wp-content\/uploads\/2015\/04\/euros.jpg\" \/>\n\t\t<meta name=\"twitter:label1\" content=\"Escrito por\" \/>\n\t\t<meta name=\"twitter:data1\" content=\"El Digital de Asturias\" \/>\n\t\t<meta name=\"twitter:label2\" content=\"Tiempo de lectura estimado\" \/>\n\t\t<meta name=\"twitter:data2\" content=\"1 minuto\" \/>\n\t\t<script type=\"application\/ld+json\" class=\"aioseo-schema\">\n\t\t\t{\"@context\":\"https:\\\/\\\/schema.org\",\"@graph\":[{\"@type\":\"BlogPosting\",\"@id\":\"https:\\\/\\\/www.eldigitaldeasturias.com\\\/noticias\\\/la-patronal-alemana-reclama-una-ley-para-acelerar-los-planes-de-infraestructura\\\/#blogposting\",\"name\":\"La patronal alemana reclama una ley para acelerar los planes de infraestructura - El Digital de Asturias\",\"headline\":\"La patronal alemana reclama una ley para acelerar los planes de infraestructura\",\"author\":{\"@id\":\"https:\\\/\\\/www.eldigitaldeasturias.com\\\/noticias\\\/author\\\/admin\\\/#author\"},\"publisher\":{\"@id\":\"https:\\\/\\\/www.eldigitaldeasturias.com\\\/noticias\\\/#organization\"},\"image\":{\"@type\":\"ImageObject\",\"url\":\"https:\\\/\\\/www.eldigitaldeasturias.com\\\/noticias\\\/wp-content\\\/uploads\\\/2015\\\/04\\\/euros.jpg\",\"width\":655,\"height\":360},\"datePublished\":\"2019-04-21T03:21:18+02:00\",\"dateModified\":\"2019-04-21T03:21:18+02:00\",\"inLanguage\":\"es-ES\",\"mainEntityOfPage\":{\"@id\":\"https:\\\/\\\/www.eldigitaldeasturias.com\\\/noticias\\\/la-patronal-alemana-reclama-una-ley-para-acelerar-los-planes-de-infraestructura\\\/#webpage\"},\"isPartOf\":{\"@id\":\"https:\\\/\\\/www.eldigitaldeasturias.com\\\/noticias\\\/la-patronal-alemana-reclama-una-ley-para-acelerar-los-planes-de-infraestructura\\\/#webpage\"},\"articleSection\":\"Econom\\u00eda\"},{\"@type\":\"BreadcrumbList\",\"@id\":\"https:\\\/\\\/www.eldigitaldeasturias.com\\\/noticias\\\/la-patronal-alemana-reclama-una-ley-para-acelerar-los-planes-de-infraestructura\\\/#breadcrumblist\",\"itemListElement\":[{\"@type\":\"ListItem\",\"@id\":\"https:\\\/\\\/www.eldigitaldeasturias.com\\\/noticias#listItem\",\"position\":1,\"name\":\"Home\",\"item\":\"https:\\\/\\\/www.eldigitaldeasturias.com\\\/noticias\",\"nextItem\":{\"@type\":\"ListItem\",\"@id\":\"https:\\\/\\\/www.eldigitaldeasturias.com\\\/noticias\\\/category\\\/economia\\\/#listItem\",\"name\":\"Econom\\u00eda\"}},{\"@type\":\"ListItem\",\"@id\":\"https:\\\/\\\/www.eldigitaldeasturias.com\\\/noticias\\\/category\\\/economia\\\/#listItem\",\"position\":2,\"name\":\"Econom\\u00eda\",\"item\":\"https:\\\/\\\/www.eldigitaldeasturias.com\\\/noticias\\\/category\\\/economia\\\/\",\"nextItem\":{\"@type\":\"ListItem\",\"@id\":\"https:\\\/\\\/www.eldigitaldeasturias.com\\\/noticias\\\/la-patronal-alemana-reclama-una-ley-para-acelerar-los-planes-de-infraestructura\\\/#listItem\",\"name\":\"La patronal alemana reclama una ley para acelerar los planes de infraestructura\"},\"previousItem\":{\"@type\":\"ListItem\",\"@id\":\"https:\\\/\\\/www.eldigitaldeasturias.com\\\/noticias#listItem\",\"name\":\"Home\"}},{\"@type\":\"ListItem\",\"@id\":\"https:\\\/\\\/www.eldigitaldeasturias.com\\\/noticias\\\/la-patronal-alemana-reclama-una-ley-para-acelerar-los-planes-de-infraestructura\\\/#listItem\",\"position\":3,\"name\":\"La patronal alemana reclama una ley para acelerar los planes de infraestructura\",\"previousItem\":{\"@type\":\"ListItem\",\"@id\":\"https:\\\/\\\/www.eldigitaldeasturias.com\\\/noticias\\\/category\\\/economia\\\/#listItem\",\"name\":\"Econom\\u00eda\"}}]},{\"@type\":\"Organization\",\"@id\":\"https:\\\/\\\/www.eldigitaldeasturias.com\\\/noticias\\\/#organization\",\"name\":\"El Digital de Asturias\",\"description\":\"Hemeroteca\",\"url\":\"https:\\\/\\\/www.eldigitaldeasturias.com\\\/noticias\\\/\",\"email\":\"info@eldigitaldeasturias.com\",\"telephone\":\"+34652131393\",\"logo\":{\"@type\":\"ImageObject\",\"url\":\"https:\\\/\\\/www.eldigitaldeasturias.com\\\/noticias\\\/wp-content\\\/uploads\\\/2020\\\/12\\\/EDA.jpg\",\"@id\":\"https:\\\/\\\/www.eldigitaldeasturias.com\\\/noticias\\\/la-patronal-alemana-reclama-una-ley-para-acelerar-los-planes-de-infraestructura\\\/#organizationLogo\",\"width\":649,\"height\":297},\"image\":{\"@id\":\"https:\\\/\\\/www.eldigitaldeasturias.com\\\/noticias\\\/la-patronal-alemana-reclama-una-ley-para-acelerar-los-planes-de-infraestructura\\\/#organizationLogo\"},\"sameAs\":[\"https:\\\/\\\/facebook.com\\\/eldigitaldeasturias\",\"https:\\\/\\\/www.youtube.com\\\/channel\\\/UCZP-2wLEB9Rv6erhFmqVnvg\"],\"address\":{\"@id\":\"https:\\\/\\\/www.eldigitaldeasturias.com\\\/noticias\\\/#postaladdress\",\"@type\":\"PostalAddress\",\"streetAddress\":\"san antonio 4,\",\"postalCode\":\"33430\",\"addressLocality\":\"Cand\\u00e1s\",\"addressRegion\":\"Asturias\",\"addressCountry\":\"ES\"}},{\"@type\":\"Person\",\"@id\":\"https:\\\/\\\/www.eldigitaldeasturias.com\\\/noticias\\\/author\\\/admin\\\/#author\",\"url\":\"https:\\\/\\\/www.eldigitaldeasturias.com\\\/noticias\\\/author\\\/admin\\\/\",\"name\":\"El Digital de Asturias\",\"image\":{\"@type\":\"ImageObject\",\"@id\":\"https:\\\/\\\/www.eldigitaldeasturias.com\\\/noticias\\\/la-patronal-alemana-reclama-una-ley-para-acelerar-los-planes-de-infraestructura\\\/#authorImage\",\"url\":\"https:\\\/\\\/www.eldigitaldeasturias.com\\\/noticias\\\/wp-content\\\/litespeed\\\/avatar\\\/18677e78aa0546b92d9dbf31ec7d7668.jpg?ver=1776685526\",\"width\":96,\"height\":96,\"caption\":\"El Digital de Asturias\"}},{\"@type\":\"WebPage\",\"@id\":\"https:\\\/\\\/www.eldigitaldeasturias.com\\\/noticias\\\/la-patronal-alemana-reclama-una-ley-para-acelerar-los-planes-de-infraestructura\\\/#webpage\",\"url\":\"https:\\\/\\\/www.eldigitaldeasturias.com\\\/noticias\\\/la-patronal-alemana-reclama-una-ley-para-acelerar-los-planes-de-infraestructura\\\/\",\"name\":\"La patronal alemana reclama una ley para acelerar los planes de infraestructura - El Digital de Asturias\",\"description\":\"D\\u00fcsseldorf, 20 abr (dpa) - El presidente de la patronal de Alemania (BDA), Ingo Kramer, reclam\\u00f3 una ley para acelerar la implementaci\\u00f3n de grandes proyectos de infraestructura en el pa\\u00eds, seg\\u00fan indic\\u00f3 el ejecutivo en declaraciones que publica hoy el peri\\u00f3dico \\\"Rheinische Post\\\". \\\"Necesitamos una ley de aceleraci\\u00f3n de inversiones\\\" para proyectos de infraestructura \\\"que\",\"inLanguage\":\"es-ES\",\"isPartOf\":{\"@id\":\"https:\\\/\\\/www.eldigitaldeasturias.com\\\/noticias\\\/#website\"},\"breadcrumb\":{\"@id\":\"https:\\\/\\\/www.eldigitaldeasturias.com\\\/noticias\\\/la-patronal-alemana-reclama-una-ley-para-acelerar-los-planes-de-infraestructura\\\/#breadcrumblist\"},\"author\":{\"@id\":\"https:\\\/\\\/www.eldigitaldeasturias.com\\\/noticias\\\/author\\\/admin\\\/#author\"},\"creator\":{\"@id\":\"https:\\\/\\\/www.eldigitaldeasturias.com\\\/noticias\\\/author\\\/admin\\\/#author\"},\"image\":{\"@type\":\"ImageObject\",\"url\":\"https:\\\/\\\/www.eldigitaldeasturias.com\\\/noticias\\\/wp-content\\\/uploads\\\/2015\\\/04\\\/euros.jpg\",\"@id\":\"https:\\\/\\\/www.eldigitaldeasturias.com\\\/noticias\\\/la-patronal-alemana-reclama-una-ley-para-acelerar-los-planes-de-infraestructura\\\/#mainImage\",\"width\":655,\"height\":360},\"primaryImageOfPage\":{\"@id\":\"https:\\\/\\\/www.eldigitaldeasturias.com\\\/noticias\\\/la-patronal-alemana-reclama-una-ley-para-acelerar-los-planes-de-infraestructura\\\/#mainImage\"},\"datePublished\":\"2019-04-21T03:21:18+02:00\",\"dateModified\":\"2019-04-21T03:21:18+02:00\"},{\"@type\":\"WebSite\",\"@id\":\"https:\\\/\\\/www.eldigitaldeasturias.com\\\/noticias\\\/#website\",\"url\":\"https:\\\/\\\/www.eldigitaldeasturias.com\\\/noticias\\\/\",\"name\":\"El Digital de Asturias - Diario de actualidad y noticias\",\"alternateName\":\"El Digital de Asturias - Diario de actualidad y noticias\",\"description\":\"Hemeroteca\",\"inLanguage\":\"es-ES\",\"publisher\":{\"@id\":\"https:\\\/\\\/www.eldigitaldeasturias.com\\\/noticias\\\/#organization\"}}]}\n\t\t<\/script>\n\t\t<!-- All in One SEO Pro -->\r\n\t\t<title>La patronal alemana reclama una ley para acelerar los planes de infraestructura - El Digital de Asturias<\/title>\n\n","aioseo_head_json":{"title":"La patronal alemana reclama una ley para acelerar los planes de infraestructura - El Digital de Asturias","description":"D\u00fcsseldorf, 20 abr (dpa) - El presidente de la patronal de Alemania (BDA), Ingo Kramer, reclam\u00f3 una ley para acelerar la implementaci\u00f3n de grandes proyectos de infraestructura en el pa\u00eds, seg\u00fan indic\u00f3 el ejecutivo en declaraciones que publica hoy el peri\u00f3dico \"Rheinische Post\". \"Necesitamos una ley de aceleraci\u00f3n de inversiones\" para proyectos de infraestructura \"que","canonical_url":"https:\/\/www.eldigitaldeasturias.com\/noticias\/la-patronal-alemana-reclama-una-ley-para-acelerar-los-planes-de-infraestructura\/","robots":"max-image-preview:large","keywords":"econom\u00eda","webmasterTools":{"google-site-verification":"UA-38556648-1","msvalidate.01":"7dfe9f3f1b24437ab69f4f2559babe99","miscellaneous":""},"schema":{"@context":"https:\/\/schema.org","@graph":[{"@type":"BlogPosting","@id":"https:\/\/www.eldigitaldeasturias.com\/noticias\/la-patronal-alemana-reclama-una-ley-para-acelerar-los-planes-de-infraestructura\/#blogposting","name":"La patronal alemana reclama una ley para acelerar los planes de infraestructura - El Digital de Asturias","headline":"La patronal alemana reclama una ley para acelerar los planes de infraestructura","author":{"@id":"https:\/\/www.eldigitaldeasturias.com\/noticias\/author\/admin\/#author"},"publisher":{"@id":"https:\/\/www.eldigitaldeasturias.com\/noticias\/#organization"},"image":{"@type":"ImageObject","url":"https:\/\/www.eldigitaldeasturias.com\/noticias\/wp-content\/uploads\/2015\/04\/euros.jpg","width":655,"height":360},"datePublished":"2019-04-21T03:21:18+02:00","dateModified":"2019-04-21T03:21:18+02:00","inLanguage":"es-ES","mainEntityOfPage":{"@id":"https:\/\/www.eldigitaldeasturias.com\/noticias\/la-patronal-alemana-reclama-una-ley-para-acelerar-los-planes-de-infraestructura\/#webpage"},"isPartOf":{"@id":"https:\/\/www.eldigitaldeasturias.com\/noticias\/la-patronal-alemana-reclama-una-ley-para-acelerar-los-planes-de-infraestructura\/#webpage"},"articleSection":"Econom\u00eda"},{"@type":"BreadcrumbList","@id":"https:\/\/www.eldigitaldeasturias.com\/noticias\/la-patronal-alemana-reclama-una-ley-para-acelerar-los-planes-de-infraestructura\/#breadcrumblist","itemListElement":[{"@type":"ListItem","@id":"https:\/\/www.eldigitaldeasturias.com\/noticias#listItem","position":1,"name":"Home","item":"https:\/\/www.eldigitaldeasturias.com\/noticias","nextItem":{"@type":"ListItem","@id":"https:\/\/www.eldigitaldeasturias.com\/noticias\/category\/economia\/#listItem","name":"Econom\u00eda"}},{"@type":"ListItem","@id":"https:\/\/www.eldigitaldeasturias.com\/noticias\/category\/economia\/#listItem","position":2,"name":"Econom\u00eda","item":"https:\/\/www.eldigitaldeasturias.com\/noticias\/category\/economia\/","nextItem":{"@type":"ListItem","@id":"https:\/\/www.eldigitaldeasturias.com\/noticias\/la-patronal-alemana-reclama-una-ley-para-acelerar-los-planes-de-infraestructura\/#listItem","name":"La patronal alemana reclama una ley para acelerar los planes de infraestructura"},"previousItem":{"@type":"ListItem","@id":"https:\/\/www.eldigitaldeasturias.com\/noticias#listItem","name":"Home"}},{"@type":"ListItem","@id":"https:\/\/www.eldigitaldeasturias.com\/noticias\/la-patronal-alemana-reclama-una-ley-para-acelerar-los-planes-de-infraestructura\/#listItem","position":3,"name":"La patronal alemana reclama una ley para acelerar los planes de infraestructura","previousItem":{"@type":"ListItem","@id":"https:\/\/www.eldigitaldeasturias.com\/noticias\/category\/economia\/#listItem","name":"Econom\u00eda"}}]},{"@type":"Organization","@id":"https:\/\/www.eldigitaldeasturias.com\/noticias\/#organization","name":"El Digital de Asturias","description":"Hemeroteca","url":"https:\/\/www.eldigitaldeasturias.com\/noticias\/","email":"info@eldigitaldeasturias.com","telephone":"+34652131393","logo":{"@type":"ImageObject","url":"https:\/\/www.eldigitaldeasturias.com\/noticias\/wp-content\/uploads\/2020\/12\/EDA.jpg","@id":"https:\/\/www.eldigitaldeasturias.com\/noticias\/la-patronal-alemana-reclama-una-ley-para-acelerar-los-planes-de-infraestructura\/#organizationLogo","width":649,"height":297},"image":{"@id":"https:\/\/www.eldigitaldeasturias.com\/noticias\/la-patronal-alemana-reclama-una-ley-para-acelerar-los-planes-de-infraestructura\/#organizationLogo"},"sameAs":["https:\/\/facebook.com\/eldigitaldeasturias","https:\/\/www.youtube.com\/channel\/UCZP-2wLEB9Rv6erhFmqVnvg"],"address":{"@id":"https:\/\/www.eldigitaldeasturias.com\/noticias\/#postaladdress","@type":"PostalAddress","streetAddress":"san antonio 4,","postalCode":"33430","addressLocality":"Cand\u00e1s","addressRegion":"Asturias","addressCountry":"ES"}},{"@type":"Person","@id":"https:\/\/www.eldigitaldeasturias.com\/noticias\/author\/admin\/#author","url":"https:\/\/www.eldigitaldeasturias.com\/noticias\/author\/admin\/","name":"El Digital de Asturias","image":{"@type":"ImageObject","@id":"https:\/\/www.eldigitaldeasturias.com\/noticias\/la-patronal-alemana-reclama-una-ley-para-acelerar-los-planes-de-infraestructura\/#authorImage","url":"https:\/\/www.eldigitaldeasturias.com\/noticias\/wp-content\/litespeed\/avatar\/18677e78aa0546b92d9dbf31ec7d7668.jpg?ver=1776685526","width":96,"height":96,"caption":"El Digital de Asturias"}},{"@type":"WebPage","@id":"https:\/\/www.eldigitaldeasturias.com\/noticias\/la-patronal-alemana-reclama-una-ley-para-acelerar-los-planes-de-infraestructura\/#webpage","url":"https:\/\/www.eldigitaldeasturias.com\/noticias\/la-patronal-alemana-reclama-una-ley-para-acelerar-los-planes-de-infraestructura\/","name":"La patronal alemana reclama una ley para acelerar los planes de infraestructura - El Digital de Asturias","description":"D\u00fcsseldorf, 20 abr (dpa) - El presidente de la patronal de Alemania (BDA), Ingo Kramer, reclam\u00f3 una ley para acelerar la implementaci\u00f3n de grandes proyectos de infraestructura en el pa\u00eds, seg\u00fan indic\u00f3 el ejecutivo en declaraciones que publica hoy el peri\u00f3dico \"Rheinische Post\". \"Necesitamos una ley de aceleraci\u00f3n de inversiones\" para proyectos de infraestructura \"que","inLanguage":"es-ES","isPartOf":{"@id":"https:\/\/www.eldigitaldeasturias.com\/noticias\/#website"},"breadcrumb":{"@id":"https:\/\/www.eldigitaldeasturias.com\/noticias\/la-patronal-alemana-reclama-una-ley-para-acelerar-los-planes-de-infraestructura\/#breadcrumblist"},"author":{"@id":"https:\/\/www.eldigitaldeasturias.com\/noticias\/author\/admin\/#author"},"creator":{"@id":"https:\/\/www.eldigitaldeasturias.com\/noticias\/author\/admin\/#author"},"image":{"@type":"ImageObject","url":"https:\/\/www.eldigitaldeasturias.com\/noticias\/wp-content\/uploads\/2015\/04\/euros.jpg","@id":"https:\/\/www.eldigitaldeasturias.com\/noticias\/la-patronal-alemana-reclama-una-ley-para-acelerar-los-planes-de-infraestructura\/#mainImage","width":655,"height":360},"primaryImageOfPage":{"@id":"https:\/\/www.eldigitaldeasturias.com\/noticias\/la-patronal-alemana-reclama-una-ley-para-acelerar-los-planes-de-infraestructura\/#mainImage"},"datePublished":"2019-04-21T03:21:18+02:00","dateModified":"2019-04-21T03:21:18+02:00"},{"@type":"WebSite","@id":"https:\/\/www.eldigitaldeasturias.com\/noticias\/#website","url":"https:\/\/www.eldigitaldeasturias.com\/noticias\/","name":"El Digital de Asturias - Diario de actualidad y noticias","alternateName":"El Digital de Asturias - Diario de actualidad y noticias","description":"Hemeroteca","inLanguage":"es-ES","publisher":{"@id":"https:\/\/www.eldigitaldeasturias.com\/noticias\/#organization"}}]},"og:locale":"es_ES","og:site_name":"El Digital de Asturias","og:type":"article","og:title":"La patronal alemana reclama una ley para acelerar los planes de infraestructura - El Digital de Asturias","og:description":"D\u00fcsseldorf, 20 abr (dpa) - El presidente de la patronal de Alemania (BDA), Ingo Kramer, reclam\u00f3 una ley para acelerar la implementaci\u00f3n de grandes proyectos de infraestructura en el pa\u00eds, seg\u00fan indic\u00f3 el ejecutivo en declaraciones que publica hoy el peri\u00f3dico &quot;Rheinische Post&quot;. &quot;Necesitamos una ley de aceleraci\u00f3n de inversiones&quot; para proyectos de infraestructura &quot;que","og:url":"https:\/\/www.eldigitaldeasturias.com\/noticias\/la-patronal-alemana-reclama-una-ley-para-acelerar-los-planes-de-infraestructura\/","og:image":"https:\/\/www.eldigitaldeasturias.com\/noticias\/wp-content\/uploads\/2015\/04\/euros.jpg","og:image:secure_url":"https:\/\/www.eldigitaldeasturias.com\/noticias\/wp-content\/uploads\/2015\/04\/euros.jpg","og:image:width":655,"og:image:height":360,"article:tag":["econom\u00eda"],"article:published_time":"2019-04-21T03:21:18+00:00","article:modified_time":"2019-04-21T03:21:18+00:00","article:publisher":"https:\/\/facebook.com\/eldigitaldeasturias","twitter:card":"summary_large_image","twitter:title":"La patronal alemana reclama una ley para acelerar los planes de infraestructura - El Digital de Asturias","twitter:description":"D\u00fcsseldorf, 20 abr (dpa) - El presidente de la patronal de Alemania (BDA), Ingo Kramer, reclam\u00f3 una ley para acelerar la implementaci\u00f3n de grandes proyectos de infraestructura en el pa\u00eds, seg\u00fan indic\u00f3 el ejecutivo en declaraciones que publica hoy el peri\u00f3dico &quot;Rheinische Post&quot;. &quot;Necesitamos una ley de aceleraci\u00f3n de inversiones&quot; para proyectos de infraestructura &quot;que","twitter:image":"https:\/\/www.eldigitaldeasturias.com\/noticias\/wp-content\/uploads\/2015\/04\/euros.jpg","twitter:label1":"Escrito por","twitter:data1":"El Digital de Asturias","twitter:label2":"Tiempo de lectura estimado","twitter:data2":"1 minuto"},"aioseo_meta_data":{"post_id":"1024578","title":null,"description":null,"keywords":null,"keyphrases":null,"primary_term":null,"canonical_url":null,"og_title":null,"og_description":null,"og_object_type":"default","og_image_type":"default","og_image_url":null,"og_image_width":null,"og_image_height":null,"og_image_custom_url":null,"og_image_custom_fields":null,"og_video":null,"og_custom_url":null,"og_article_section":null,"og_article_tags":null,"twitter_use_og":false,"twitter_card":"default","twitter_image_type":"default","twitter_image_url":null,"twitter_image_custom_url":null,"twitter_image_custom_fields":null,"twitter_title":null,"twitter_description":null,"schema":{"blockGraphs":[],"customGraphs":[],"default":{"data":{"Article":[],"Course":[],"Dataset":[],"FAQPage":[],"Movie":[],"Person":[],"Product":[],"ProductReview":[],"Car":[],"Recipe":[],"Service":[],"SoftwareApplication":[],"WebPage":[]},"graphName":"","isEnabled":true},"graphs":[],"defaultGraph":"","defaultPostTypeGraph":""},"schema_type":null,"schema_type_options":null,"pillar_content":false,"robots_default":true,"robots_noindex":false,"robots_noarchive":false,"robots_nosnippet":false,"robots_nofollow":false,"robots_noimageindex":false,"robots_noodp":false,"robots_notranslate":false,"robots_max_snippet":null,"robots_max_videopreview":null,"robots_max_imagepreview":"large","priority":null,"frequency":null,"local_seo":null,"seo_analyzer_scan_date":"2025-10-17 18:54:12","breadcrumb_settings":null,"limit_modified_date":false,"open_ai":null,"ai":null,"created":"2020-12-21 11:14:48","updated":"2025-10-17 18:54:12"},"aioseo_breadcrumb":"<div class=\"aioseo-breadcrumbs\"><span class=\"aioseo-breadcrumb\">\n\t<a href=\"https:\/\/www.eldigitaldeasturias.com\/noticias\" title=\"Home\">Home<\/a>\n<\/span><span class=\"aioseo-breadcrumb-separator\">\u2013<\/span><span class=\"aioseo-breadcrumb\">\n\t<a href=\"https:\/\/www.eldigitaldeasturias.com\/noticias\/category\/economia\/\" title=\"Econom\u00eda\">Econom\u00eda<\/a>\n<\/span><span class=\"aioseo-breadcrumb-separator\">\u2013<\/span><span class=\"aioseo-breadcrumb\">\n\t<a href=\"https:\/\/www.eldigitaldeasturias.com\/noticias\/la-patronal-alemana-reclama-una-ley-para-acelerar-los-planes-de-infraestructura\/\" title=\"La patronal alemana reclama una ley para acelerar los planes de infraestructura\">La patronal alemana reclama una ley para acelerar los planes de infraestructura<\/a>\n<\/span><\/div>","aioseo_breadcrumb_json":[{"label":"Home","link":"https:\/\/www.eldigitaldeasturias.com\/noticias"},{"label":"Econom\u00eda","link":"https:\/\/www.eldigitaldeasturias.com\/noticias\/category\/economia\/"},{"label":"La patronal alemana reclama una ley para acelerar los planes de infraestructura","link":"https:\/\/www.eldigitaldeasturias.com\/noticias\/la-patronal-alemana-reclama-una-ley-para-acelerar-los-planes-de-infraestructura\/"}],"_links":{"self":[{"href":"https:\/\/www.eldigitaldeasturias.com\/noticias\/wp-json\/wp\/v2\/posts\/1024578","targetHints":{"allow":["GET"]}}],"collection":[{"href":"https:\/\/www.eldigitaldeasturias.com\/noticias\/wp-json\/wp\/v2\/posts"}],"about":[{"href":"https:\/\/www.eldigitaldeasturias.com\/noticias\/wp-json\/wp\/v2\/types\/post"}],"author":[{"embeddable":true,"href":"https:\/\/www.eldigitaldeasturias.com\/noticias\/wp-json\/wp\/v2\/users\/1"}],"replies":[{"embeddable":true,"href":"https:\/\/www.eldigitaldeasturias.com\/noticias\/wp-json\/wp\/v2\/comments?post=1024578"}],"version-history":[{"count":0,"href":"https:\/\/www.eldigitaldeasturias.com\/noticias\/wp-json\/wp\/v2\/posts\/1024578\/revisions"}],"wp:featuredmedia":[{"embeddable":true,"href":"https:\/\/www.eldigitaldeasturias.com\/noticias\/wp-json\/wp\/v2\/media\/780675"}],"wp:attachment":[{"href":"https:\/\/www.eldigitaldeasturias.com\/noticias\/wp-json\/wp\/v2\/media?parent=1024578"}],"wp:term":[{"taxonomy":"category","embeddable":true,"href":"https:\/\/www.eldigitaldeasturias.com\/noticias\/wp-json\/wp\/v2\/categories?post=1024578"},{"taxonomy":"post_tag","embeddable":true,"href":"https:\/\/www.eldigitaldeasturias.com\/noticias\/wp-json\/wp\/v2\/tags?post=1024578"}],"curies":[{"name":"wp","href":"https:\/\/api.w.org\/{rel}","templated":true}]}}