{"id":1024534,"date":"2019-04-19T20:02:21","date_gmt":"2019-04-19T20:02:21","guid":{"rendered":"https:\/\/www.eldigitaldeasturias.com\/noticias\/?p=1024534"},"modified":"2019-04-19T20:02:21","modified_gmt":"2019-04-19T20:02:21","slug":"empresas-alemanas-apuestan-por-sus-propias-redes-de-telefonia-5g","status":"publish","type":"post","link":"https:\/\/www.eldigitaldeasturias.com\/noticias\/empresas-alemanas-apuestan-por-sus-propias-redes-de-telefonia-5g\/","title":{"rendered":"Empresas alemanas apuestan por sus propias redes de telefon\u00eda 5G"},"content":{"rendered":"<p><img loading=\"lazy\" decoding=\"async\" class=\"alignleft size-medium wp-image-1024535\" src=\"https:\/\/www.eldigitaldeasturias.com\/noticias\/wp-content\/uploads\/2019\/04\/accessibility-3570138_960_720-360x224.jpg\" alt=\"\" width=\"360\" height=\"224\" srcset=\"https:\/\/www.eldigitaldeasturias.com\/noticias\/wp-content\/uploads\/2019\/04\/accessibility-3570138_960_720-360x224.jpg 360w, https:\/\/www.eldigitaldeasturias.com\/noticias\/wp-content\/uploads\/2019\/04\/accessibility-3570138_960_720-480x300.jpg 480w, https:\/\/www.eldigitaldeasturias.com\/noticias\/wp-content\/uploads\/2019\/04\/accessibility-3570138_960_720-768x478.jpg 768w, https:\/\/www.eldigitaldeasturias.com\/noticias\/wp-content\/uploads\/2019\/04\/accessibility-3570138_960_720-650x405.jpg 650w, https:\/\/www.eldigitaldeasturias.com\/noticias\/wp-content\/uploads\/2019\/04\/accessibility-3570138_960_720-279x173.jpg 279w, https:\/\/www.eldigitaldeasturias.com\/noticias\/wp-content\/uploads\/2019\/04\/accessibility-3570138_960_720.jpg 960w\" sizes=\"auto, (max-width: 360px) 100vw, 360px\" \/>Bonn, 19 abr (dpa) &#8211; La Agencia Federal de Redes de Telecomunicaci\u00f3n encuentra gran inter\u00e9s por parte de grupos industriales germanos y otras empresas para la asignaci\u00f3n prevista de frecuencias locales para el est\u00e1ndar de telefon\u00eda m\u00f3vil 5G.<\/p>\n<p>Adem\u00e1s de BASF, Siemens, Bosch y la Deutsche Messe, tambi\u00e9n los consorcios automovil\u00edsticos Volkswagen, BMW y Daimler se proponen presentar sus solicitudes y operar su propia red de campus. Asimismo lo eval\u00faa el operador del aeropuerto de Fr\u00e1ncfort, Fraport.<\/p>\n<p>Desde marzo pasado, la autoridad regulatoria con sede en Bonn subasta licencias de frecuencias para el est\u00e1ndar de telefon\u00eda m\u00f3vil 5G a cuatro compa\u00f1\u00edas de telefon\u00eda m\u00f3vil, entre ellas Telekom. Pero otra parte del espectro ser\u00e1 destinada a otras empresas. El proceso para las solicitudes correspondientes se iniciar\u00e1 en el segundo semestre del a\u00f1o.<\/p>\n<p>El trasfondo de este paso por parte de las autoridades es el hecho de que los datos son cada vez m\u00e1s importantes en la actual era de Internet.<\/p>\n<p>Con las frecuencias locales -tambi\u00e9n conocidas como redes de campus- las empresas se volver\u00edan m\u00e1s independientes de los operadores de Internet con los que han estado trabajando hasta ahora.<\/p>\n<p>De este modo, las compa\u00f1\u00edas lograr\u00edan soberan\u00eda sobre sus propios datos, sin que un proveedor de servicios externo se encuentre en gran medida al mando.<\/p>\n<p>Mientras tanto, el tema genera mal humor entre los operadores de redes, que se quejan de que la autoridad regulatoria los est\u00e1 privando de una parte del pastel empresarial, especialmente porque \u00e9ste representa su negocio central.<\/p>\n<p>En VW la tecnolog\u00eda para la marca Volkswagen ser\u00e1 implementada de forma gradual. \u00abInicialmente estableceremos una operaci\u00f3n piloto, aprenderemos de ella y luego desplegaremos redes locales 5G en las f\u00e1bricas\u00bb, coment\u00f3 un portavoz.<\/p>\n<p>De esta manera, la empresa quiere lograr que su producci\u00f3n sea m\u00e1s flexible y eficiente. Esto tambi\u00e9n implicar\u00e1 la integraci\u00f3n en red de aproximadamente 5.000 robots en la planta de Wolfsburgo, as\u00ed como otras m\u00e1quinas y dispositivos.<\/p>\n<p>Dado que la proporci\u00f3n de software en los veh\u00edculos est\u00e1 aumentando significativamente, tambi\u00e9n es necesario transferir grandes cantidades de datos a los veh\u00edculos.<\/p>\n<p>La tecnolog\u00eda 5G ofrece una especie de \u00abrepostaje de software\u00bb en un momento flexible de la producci\u00f3n. Wolfsburg y Zwickau son las localizaciones preferidas de 5G para Volkswagen.<\/p>\n<p>En tanto, en la filial Audi ya hay un intento preliminar en marcha con una celda de radioemisi\u00f3n ya instalada, aunque lo que falta son chips con capacidad para el 5G. Tambi\u00e9n Porsche aspira a que a partir de 2020 tenga ya su propia infraestructura capaz de funcionar en una operaci\u00f3n de prueba.<\/p>\n<p>Asimismo, Daimler se propone utilizar frecuencias 5G para la comunicaci\u00f3n de datos en la producci\u00f3n. Los procesos de producci\u00f3n pueden ser optimizados, por ejemplo en la vinculaci\u00f3n de datos o la localizaci\u00f3n de productos en la l\u00ednea de montaje.<\/p>\n<p>\u00abEsto es de alta significaci\u00f3n para nosotros y representa un importante componente en la implementaci\u00f3n de la producci\u00f3n &#8216;smart&#8217; del futuro\u00bb, coment\u00f3 una portavoz de Daimler.<\/p>\n<p>Tambi\u00e9n en BMW despierta entusiasmo el tema 5G y la automotriz muniquesa asismismo desea sus propias redes de campus. \u00abLa alta confiabilidad y seguridad de la red, as\u00ed como la transmisi\u00f3n de grandes cantidades de datos en tiempo real ofrecen ventajas en la producci\u00f3n\u00bb, por ejemplo para la aplicaci\u00f3n de la realidad virtual, para una integraci\u00f3n en red de m\u00e1quinas en una gran superficie y una mejor integraci\u00f3n con los proveedores, se indic\u00f3.<\/p>\n","protected":false},"excerpt":{"rendered":"<p>Bonn, 19 abr (dpa) &#8211; La Agencia Federal de Redes de Telecomunicaci\u00f3n encuentra gran inter\u00e9s por parte de grupos industriales germanos y otras empresas para la asignaci\u00f3n prevista de frecuencias locales para el est\u00e1ndar de telefon\u00eda m\u00f3vil 5G. Adem\u00e1s de BASF, Siemens, Bosch y la Deutsche Messe, tambi\u00e9n los consorcios automovil\u00edsticos Volkswagen, BMW y Daimler [&hellip;]<\/p>\n","protected":false},"author":1,"featured_media":1024535,"comment_status":"closed","ping_status":"closed","sticky":false,"template":"","format":"standard","meta":{"footnotes":""},"categories":[187],"tags":[],"class_list":["post-1024534","post","type-post","status-publish","format-standard","has-post-thumbnail","hentry","category-economia"],"aioseo_notices":[],"aioseo_head":"\n\t\t<!-- All in One SEO Pro 4.9.6.2 - aioseo.com -->\n\t<meta name=\"description\" content=\"Bonn, 19 abr (dpa) - La Agencia Federal de Redes de Telecomunicaci\u00f3n encuentra gran inter\u00e9s por parte de grupos industriales germanos y otras empresas para la asignaci\u00f3n prevista de frecuencias locales para el est\u00e1ndar de telefon\u00eda m\u00f3vil 5G. Adem\u00e1s de BASF, Siemens, Bosch y la Deutsche Messe, tambi\u00e9n los consorcios automovil\u00edsticos Volkswagen, BMW y Daimler\" \/>\n\t<meta name=\"robots\" content=\"max-image-preview:large\" \/>\n\t<meta name=\"author\" content=\"El Digital de Asturias\"\/>\n\t<meta name=\"google-site-verification\" content=\"UA-38556648-1\" \/>\n\t<meta name=\"msvalidate.01\" content=\"7dfe9f3f1b24437ab69f4f2559babe99\" \/>\n\t<meta name=\"keywords\" content=\"econom\u00eda\" \/>\n\t<link rel=\"canonical\" href=\"https:\/\/www.eldigitaldeasturias.com\/noticias\/empresas-alemanas-apuestan-por-sus-propias-redes-de-telefonia-5g\/\" \/>\n\t<meta name=\"generator\" content=\"All in One SEO Pro (AIOSEO) 4.9.6.2\" \/>\n\t\t<meta property=\"og:locale\" content=\"es_ES\" \/>\n\t\t<meta property=\"og:site_name\" content=\"El Digital de Asturias\" \/>\n\t\t<meta property=\"og:type\" content=\"article\" \/>\n\t\t<meta property=\"og:title\" content=\"Empresas alemanas apuestan por sus propias redes de telefon\u00eda 5G - El Digital de Asturias\" \/>\n\t\t<meta property=\"og:description\" content=\"Bonn, 19 abr (dpa) - La Agencia Federal de Redes de Telecomunicaci\u00f3n encuentra gran inter\u00e9s por parte de grupos industriales germanos y otras empresas para la asignaci\u00f3n prevista de frecuencias locales para el est\u00e1ndar de telefon\u00eda m\u00f3vil 5G. Adem\u00e1s de BASF, Siemens, Bosch y la Deutsche Messe, tambi\u00e9n los consorcios automovil\u00edsticos Volkswagen, BMW y Daimler\" \/>\n\t\t<meta property=\"og:url\" content=\"https:\/\/www.eldigitaldeasturias.com\/noticias\/empresas-alemanas-apuestan-por-sus-propias-redes-de-telefonia-5g\/\" \/>\n\t\t<meta property=\"og:image\" content=\"https:\/\/www.eldigitaldeasturias.com\/noticias\/wp-content\/uploads\/2019\/04\/accessibility-3570138_960_720.jpg\" \/>\n\t\t<meta property=\"og:image:secure_url\" content=\"https:\/\/www.eldigitaldeasturias.com\/noticias\/wp-content\/uploads\/2019\/04\/accessibility-3570138_960_720.jpg\" \/>\n\t\t<meta property=\"og:image:width\" content=\"960\" \/>\n\t\t<meta property=\"og:image:height\" content=\"598\" \/>\n\t\t<meta property=\"article:tag\" content=\"econom\u00eda\" \/>\n\t\t<meta property=\"article:published_time\" content=\"2019-04-19T20:02:21+00:00\" \/>\n\t\t<meta property=\"article:modified_time\" content=\"2019-04-19T20:02:21+00:00\" \/>\n\t\t<meta property=\"article:publisher\" content=\"https:\/\/facebook.com\/eldigitaldeasturias\" \/>\n\t\t<meta name=\"twitter:card\" content=\"summary_large_image\" \/>\n\t\t<meta name=\"twitter:title\" content=\"Empresas alemanas apuestan por sus propias redes de telefon\u00eda 5G - El Digital de Asturias\" \/>\n\t\t<meta name=\"twitter:description\" content=\"Bonn, 19 abr (dpa) - La Agencia Federal de Redes de Telecomunicaci\u00f3n encuentra gran inter\u00e9s por parte de grupos industriales germanos y otras empresas para la asignaci\u00f3n prevista de frecuencias locales para el est\u00e1ndar de telefon\u00eda m\u00f3vil 5G. Adem\u00e1s de BASF, Siemens, Bosch y la Deutsche Messe, tambi\u00e9n los consorcios automovil\u00edsticos Volkswagen, BMW y Daimler\" \/>\n\t\t<meta name=\"twitter:image\" content=\"https:\/\/www.eldigitaldeasturias.com\/noticias\/wp-content\/uploads\/2019\/04\/accessibility-3570138_960_720.jpg\" \/>\n\t\t<meta name=\"twitter:label1\" content=\"Escrito por\" \/>\n\t\t<meta name=\"twitter:data1\" content=\"El Digital de Asturias\" \/>\n\t\t<meta name=\"twitter:label2\" content=\"Tiempo de lectura estimado\" \/>\n\t\t<meta name=\"twitter:data2\" content=\"3 minutos\" \/>\n\t\t<script type=\"application\/ld+json\" class=\"aioseo-schema\">\n\t\t\t{\"@context\":\"https:\\\/\\\/schema.org\",\"@graph\":[{\"@type\":\"BlogPosting\",\"@id\":\"https:\\\/\\\/www.eldigitaldeasturias.com\\\/noticias\\\/empresas-alemanas-apuestan-por-sus-propias-redes-de-telefonia-5g\\\/#blogposting\",\"name\":\"Empresas alemanas apuestan por sus propias redes de telefon\\u00eda 5G - El Digital de Asturias\",\"headline\":\"Empresas alemanas apuestan por sus propias redes de telefon\\u00eda 5G\",\"author\":{\"@id\":\"https:\\\/\\\/www.eldigitaldeasturias.com\\\/noticias\\\/author\\\/admin\\\/#author\"},\"publisher\":{\"@id\":\"https:\\\/\\\/www.eldigitaldeasturias.com\\\/noticias\\\/#organization\"},\"image\":{\"@type\":\"ImageObject\",\"url\":\"https:\\\/\\\/www.eldigitaldeasturias.com\\\/noticias\\\/wp-content\\\/uploads\\\/2019\\\/04\\\/accessibility-3570138_960_720.jpg\",\"width\":960,\"height\":598},\"datePublished\":\"2019-04-19T20:02:21+02:00\",\"dateModified\":\"2019-04-19T20:02:21+02:00\",\"inLanguage\":\"es-ES\",\"mainEntityOfPage\":{\"@id\":\"https:\\\/\\\/www.eldigitaldeasturias.com\\\/noticias\\\/empresas-alemanas-apuestan-por-sus-propias-redes-de-telefonia-5g\\\/#webpage\"},\"isPartOf\":{\"@id\":\"https:\\\/\\\/www.eldigitaldeasturias.com\\\/noticias\\\/empresas-alemanas-apuestan-por-sus-propias-redes-de-telefonia-5g\\\/#webpage\"},\"articleSection\":\"Econom\\u00eda\"},{\"@type\":\"BreadcrumbList\",\"@id\":\"https:\\\/\\\/www.eldigitaldeasturias.com\\\/noticias\\\/empresas-alemanas-apuestan-por-sus-propias-redes-de-telefonia-5g\\\/#breadcrumblist\",\"itemListElement\":[{\"@type\":\"ListItem\",\"@id\":\"https:\\\/\\\/www.eldigitaldeasturias.com\\\/noticias#listItem\",\"position\":1,\"name\":\"Home\",\"item\":\"https:\\\/\\\/www.eldigitaldeasturias.com\\\/noticias\",\"nextItem\":{\"@type\":\"ListItem\",\"@id\":\"https:\\\/\\\/www.eldigitaldeasturias.com\\\/noticias\\\/category\\\/economia\\\/#listItem\",\"name\":\"Econom\\u00eda\"}},{\"@type\":\"ListItem\",\"@id\":\"https:\\\/\\\/www.eldigitaldeasturias.com\\\/noticias\\\/category\\\/economia\\\/#listItem\",\"position\":2,\"name\":\"Econom\\u00eda\",\"item\":\"https:\\\/\\\/www.eldigitaldeasturias.com\\\/noticias\\\/category\\\/economia\\\/\",\"nextItem\":{\"@type\":\"ListItem\",\"@id\":\"https:\\\/\\\/www.eldigitaldeasturias.com\\\/noticias\\\/empresas-alemanas-apuestan-por-sus-propias-redes-de-telefonia-5g\\\/#listItem\",\"name\":\"Empresas alemanas apuestan por sus propias redes de telefon\\u00eda 5G\"},\"previousItem\":{\"@type\":\"ListItem\",\"@id\":\"https:\\\/\\\/www.eldigitaldeasturias.com\\\/noticias#listItem\",\"name\":\"Home\"}},{\"@type\":\"ListItem\",\"@id\":\"https:\\\/\\\/www.eldigitaldeasturias.com\\\/noticias\\\/empresas-alemanas-apuestan-por-sus-propias-redes-de-telefonia-5g\\\/#listItem\",\"position\":3,\"name\":\"Empresas alemanas apuestan por sus propias redes de telefon\\u00eda 5G\",\"previousItem\":{\"@type\":\"ListItem\",\"@id\":\"https:\\\/\\\/www.eldigitaldeasturias.com\\\/noticias\\\/category\\\/economia\\\/#listItem\",\"name\":\"Econom\\u00eda\"}}]},{\"@type\":\"Organization\",\"@id\":\"https:\\\/\\\/www.eldigitaldeasturias.com\\\/noticias\\\/#organization\",\"name\":\"El Digital de Asturias\",\"description\":\"Hemeroteca\",\"url\":\"https:\\\/\\\/www.eldigitaldeasturias.com\\\/noticias\\\/\",\"email\":\"info@eldigitaldeasturias.com\",\"telephone\":\"+34652131393\",\"logo\":{\"@type\":\"ImageObject\",\"url\":\"https:\\\/\\\/www.eldigitaldeasturias.com\\\/noticias\\\/wp-content\\\/uploads\\\/2020\\\/12\\\/EDA.jpg\",\"@id\":\"https:\\\/\\\/www.eldigitaldeasturias.com\\\/noticias\\\/empresas-alemanas-apuestan-por-sus-propias-redes-de-telefonia-5g\\\/#organizationLogo\",\"width\":649,\"height\":297},\"image\":{\"@id\":\"https:\\\/\\\/www.eldigitaldeasturias.com\\\/noticias\\\/empresas-alemanas-apuestan-por-sus-propias-redes-de-telefonia-5g\\\/#organizationLogo\"},\"sameAs\":[\"https:\\\/\\\/facebook.com\\\/eldigitaldeasturias\",\"https:\\\/\\\/www.youtube.com\\\/channel\\\/UCZP-2wLEB9Rv6erhFmqVnvg\"],\"address\":{\"@id\":\"https:\\\/\\\/www.eldigitaldeasturias.com\\\/noticias\\\/#postaladdress\",\"@type\":\"PostalAddress\",\"streetAddress\":\"san antonio 4,\",\"postalCode\":\"33430\",\"addressLocality\":\"Cand\\u00e1s\",\"addressRegion\":\"Asturias\",\"addressCountry\":\"ES\"}},{\"@type\":\"Person\",\"@id\":\"https:\\\/\\\/www.eldigitaldeasturias.com\\\/noticias\\\/author\\\/admin\\\/#author\",\"url\":\"https:\\\/\\\/www.eldigitaldeasturias.com\\\/noticias\\\/author\\\/admin\\\/\",\"name\":\"El Digital de Asturias\",\"image\":{\"@type\":\"ImageObject\",\"@id\":\"https:\\\/\\\/www.eldigitaldeasturias.com\\\/noticias\\\/empresas-alemanas-apuestan-por-sus-propias-redes-de-telefonia-5g\\\/#authorImage\",\"url\":\"https:\\\/\\\/www.eldigitaldeasturias.com\\\/noticias\\\/wp-content\\\/litespeed\\\/avatar\\\/18677e78aa0546b92d9dbf31ec7d7668.jpg?ver=1776685526\",\"width\":96,\"height\":96,\"caption\":\"El Digital de Asturias\"}},{\"@type\":\"WebPage\",\"@id\":\"https:\\\/\\\/www.eldigitaldeasturias.com\\\/noticias\\\/empresas-alemanas-apuestan-por-sus-propias-redes-de-telefonia-5g\\\/#webpage\",\"url\":\"https:\\\/\\\/www.eldigitaldeasturias.com\\\/noticias\\\/empresas-alemanas-apuestan-por-sus-propias-redes-de-telefonia-5g\\\/\",\"name\":\"Empresas alemanas apuestan por sus propias redes de telefon\\u00eda 5G - El Digital de Asturias\",\"description\":\"Bonn, 19 abr (dpa) - La Agencia Federal de Redes de Telecomunicaci\\u00f3n encuentra gran inter\\u00e9s por parte de grupos industriales germanos y otras empresas para la asignaci\\u00f3n prevista de frecuencias locales para el est\\u00e1ndar de telefon\\u00eda m\\u00f3vil 5G. Adem\\u00e1s de BASF, Siemens, Bosch y la Deutsche Messe, tambi\\u00e9n los consorcios automovil\\u00edsticos Volkswagen, BMW y Daimler\",\"inLanguage\":\"es-ES\",\"isPartOf\":{\"@id\":\"https:\\\/\\\/www.eldigitaldeasturias.com\\\/noticias\\\/#website\"},\"breadcrumb\":{\"@id\":\"https:\\\/\\\/www.eldigitaldeasturias.com\\\/noticias\\\/empresas-alemanas-apuestan-por-sus-propias-redes-de-telefonia-5g\\\/#breadcrumblist\"},\"author\":{\"@id\":\"https:\\\/\\\/www.eldigitaldeasturias.com\\\/noticias\\\/author\\\/admin\\\/#author\"},\"creator\":{\"@id\":\"https:\\\/\\\/www.eldigitaldeasturias.com\\\/noticias\\\/author\\\/admin\\\/#author\"},\"image\":{\"@type\":\"ImageObject\",\"url\":\"https:\\\/\\\/www.eldigitaldeasturias.com\\\/noticias\\\/wp-content\\\/uploads\\\/2019\\\/04\\\/accessibility-3570138_960_720.jpg\",\"@id\":\"https:\\\/\\\/www.eldigitaldeasturias.com\\\/noticias\\\/empresas-alemanas-apuestan-por-sus-propias-redes-de-telefonia-5g\\\/#mainImage\",\"width\":960,\"height\":598},\"primaryImageOfPage\":{\"@id\":\"https:\\\/\\\/www.eldigitaldeasturias.com\\\/noticias\\\/empresas-alemanas-apuestan-por-sus-propias-redes-de-telefonia-5g\\\/#mainImage\"},\"datePublished\":\"2019-04-19T20:02:21+02:00\",\"dateModified\":\"2019-04-19T20:02:21+02:00\"},{\"@type\":\"WebSite\",\"@id\":\"https:\\\/\\\/www.eldigitaldeasturias.com\\\/noticias\\\/#website\",\"url\":\"https:\\\/\\\/www.eldigitaldeasturias.com\\\/noticias\\\/\",\"name\":\"El Digital de Asturias - Diario de actualidad y noticias\",\"alternateName\":\"El Digital de Asturias - Diario de actualidad y noticias\",\"description\":\"Hemeroteca\",\"inLanguage\":\"es-ES\",\"publisher\":{\"@id\":\"https:\\\/\\\/www.eldigitaldeasturias.com\\\/noticias\\\/#organization\"}}]}\n\t\t<\/script>\n\t\t<!-- All in One SEO Pro -->\r\n\t\t<title>Empresas alemanas apuestan por sus propias redes de telefon\u00eda 5G - El Digital de Asturias<\/title>\n\n","aioseo_head_json":{"title":"Empresas alemanas apuestan por sus propias redes de telefon\u00eda 5G - El Digital de Asturias","description":"Bonn, 19 abr (dpa) - La Agencia Federal de Redes de Telecomunicaci\u00f3n encuentra gran inter\u00e9s por parte de grupos industriales germanos y otras empresas para la asignaci\u00f3n prevista de frecuencias locales para el est\u00e1ndar de telefon\u00eda m\u00f3vil 5G. Adem\u00e1s de BASF, Siemens, Bosch y la Deutsche Messe, tambi\u00e9n los consorcios automovil\u00edsticos Volkswagen, BMW y Daimler","canonical_url":"https:\/\/www.eldigitaldeasturias.com\/noticias\/empresas-alemanas-apuestan-por-sus-propias-redes-de-telefonia-5g\/","robots":"max-image-preview:large","keywords":"econom\u00eda","webmasterTools":{"google-site-verification":"UA-38556648-1","msvalidate.01":"7dfe9f3f1b24437ab69f4f2559babe99","miscellaneous":""},"schema":{"@context":"https:\/\/schema.org","@graph":[{"@type":"BlogPosting","@id":"https:\/\/www.eldigitaldeasturias.com\/noticias\/empresas-alemanas-apuestan-por-sus-propias-redes-de-telefonia-5g\/#blogposting","name":"Empresas alemanas apuestan por sus propias redes de telefon\u00eda 5G - El Digital de Asturias","headline":"Empresas alemanas apuestan por sus propias redes de telefon\u00eda 5G","author":{"@id":"https:\/\/www.eldigitaldeasturias.com\/noticias\/author\/admin\/#author"},"publisher":{"@id":"https:\/\/www.eldigitaldeasturias.com\/noticias\/#organization"},"image":{"@type":"ImageObject","url":"https:\/\/www.eldigitaldeasturias.com\/noticias\/wp-content\/uploads\/2019\/04\/accessibility-3570138_960_720.jpg","width":960,"height":598},"datePublished":"2019-04-19T20:02:21+02:00","dateModified":"2019-04-19T20:02:21+02:00","inLanguage":"es-ES","mainEntityOfPage":{"@id":"https:\/\/www.eldigitaldeasturias.com\/noticias\/empresas-alemanas-apuestan-por-sus-propias-redes-de-telefonia-5g\/#webpage"},"isPartOf":{"@id":"https:\/\/www.eldigitaldeasturias.com\/noticias\/empresas-alemanas-apuestan-por-sus-propias-redes-de-telefonia-5g\/#webpage"},"articleSection":"Econom\u00eda"},{"@type":"BreadcrumbList","@id":"https:\/\/www.eldigitaldeasturias.com\/noticias\/empresas-alemanas-apuestan-por-sus-propias-redes-de-telefonia-5g\/#breadcrumblist","itemListElement":[{"@type":"ListItem","@id":"https:\/\/www.eldigitaldeasturias.com\/noticias#listItem","position":1,"name":"Home","item":"https:\/\/www.eldigitaldeasturias.com\/noticias","nextItem":{"@type":"ListItem","@id":"https:\/\/www.eldigitaldeasturias.com\/noticias\/category\/economia\/#listItem","name":"Econom\u00eda"}},{"@type":"ListItem","@id":"https:\/\/www.eldigitaldeasturias.com\/noticias\/category\/economia\/#listItem","position":2,"name":"Econom\u00eda","item":"https:\/\/www.eldigitaldeasturias.com\/noticias\/category\/economia\/","nextItem":{"@type":"ListItem","@id":"https:\/\/www.eldigitaldeasturias.com\/noticias\/empresas-alemanas-apuestan-por-sus-propias-redes-de-telefonia-5g\/#listItem","name":"Empresas alemanas apuestan por sus propias redes de telefon\u00eda 5G"},"previousItem":{"@type":"ListItem","@id":"https:\/\/www.eldigitaldeasturias.com\/noticias#listItem","name":"Home"}},{"@type":"ListItem","@id":"https:\/\/www.eldigitaldeasturias.com\/noticias\/empresas-alemanas-apuestan-por-sus-propias-redes-de-telefonia-5g\/#listItem","position":3,"name":"Empresas alemanas apuestan por sus propias redes de telefon\u00eda 5G","previousItem":{"@type":"ListItem","@id":"https:\/\/www.eldigitaldeasturias.com\/noticias\/category\/economia\/#listItem","name":"Econom\u00eda"}}]},{"@type":"Organization","@id":"https:\/\/www.eldigitaldeasturias.com\/noticias\/#organization","name":"El Digital de Asturias","description":"Hemeroteca","url":"https:\/\/www.eldigitaldeasturias.com\/noticias\/","email":"info@eldigitaldeasturias.com","telephone":"+34652131393","logo":{"@type":"ImageObject","url":"https:\/\/www.eldigitaldeasturias.com\/noticias\/wp-content\/uploads\/2020\/12\/EDA.jpg","@id":"https:\/\/www.eldigitaldeasturias.com\/noticias\/empresas-alemanas-apuestan-por-sus-propias-redes-de-telefonia-5g\/#organizationLogo","width":649,"height":297},"image":{"@id":"https:\/\/www.eldigitaldeasturias.com\/noticias\/empresas-alemanas-apuestan-por-sus-propias-redes-de-telefonia-5g\/#organizationLogo"},"sameAs":["https:\/\/facebook.com\/eldigitaldeasturias","https:\/\/www.youtube.com\/channel\/UCZP-2wLEB9Rv6erhFmqVnvg"],"address":{"@id":"https:\/\/www.eldigitaldeasturias.com\/noticias\/#postaladdress","@type":"PostalAddress","streetAddress":"san antonio 4,","postalCode":"33430","addressLocality":"Cand\u00e1s","addressRegion":"Asturias","addressCountry":"ES"}},{"@type":"Person","@id":"https:\/\/www.eldigitaldeasturias.com\/noticias\/author\/admin\/#author","url":"https:\/\/www.eldigitaldeasturias.com\/noticias\/author\/admin\/","name":"El Digital de Asturias","image":{"@type":"ImageObject","@id":"https:\/\/www.eldigitaldeasturias.com\/noticias\/empresas-alemanas-apuestan-por-sus-propias-redes-de-telefonia-5g\/#authorImage","url":"https:\/\/www.eldigitaldeasturias.com\/noticias\/wp-content\/litespeed\/avatar\/18677e78aa0546b92d9dbf31ec7d7668.jpg?ver=1776685526","width":96,"height":96,"caption":"El Digital de Asturias"}},{"@type":"WebPage","@id":"https:\/\/www.eldigitaldeasturias.com\/noticias\/empresas-alemanas-apuestan-por-sus-propias-redes-de-telefonia-5g\/#webpage","url":"https:\/\/www.eldigitaldeasturias.com\/noticias\/empresas-alemanas-apuestan-por-sus-propias-redes-de-telefonia-5g\/","name":"Empresas alemanas apuestan por sus propias redes de telefon\u00eda 5G - El Digital de Asturias","description":"Bonn, 19 abr (dpa) - La Agencia Federal de Redes de Telecomunicaci\u00f3n encuentra gran inter\u00e9s por parte de grupos industriales germanos y otras empresas para la asignaci\u00f3n prevista de frecuencias locales para el est\u00e1ndar de telefon\u00eda m\u00f3vil 5G. Adem\u00e1s de BASF, Siemens, Bosch y la Deutsche Messe, tambi\u00e9n los consorcios automovil\u00edsticos Volkswagen, BMW y Daimler","inLanguage":"es-ES","isPartOf":{"@id":"https:\/\/www.eldigitaldeasturias.com\/noticias\/#website"},"breadcrumb":{"@id":"https:\/\/www.eldigitaldeasturias.com\/noticias\/empresas-alemanas-apuestan-por-sus-propias-redes-de-telefonia-5g\/#breadcrumblist"},"author":{"@id":"https:\/\/www.eldigitaldeasturias.com\/noticias\/author\/admin\/#author"},"creator":{"@id":"https:\/\/www.eldigitaldeasturias.com\/noticias\/author\/admin\/#author"},"image":{"@type":"ImageObject","url":"https:\/\/www.eldigitaldeasturias.com\/noticias\/wp-content\/uploads\/2019\/04\/accessibility-3570138_960_720.jpg","@id":"https:\/\/www.eldigitaldeasturias.com\/noticias\/empresas-alemanas-apuestan-por-sus-propias-redes-de-telefonia-5g\/#mainImage","width":960,"height":598},"primaryImageOfPage":{"@id":"https:\/\/www.eldigitaldeasturias.com\/noticias\/empresas-alemanas-apuestan-por-sus-propias-redes-de-telefonia-5g\/#mainImage"},"datePublished":"2019-04-19T20:02:21+02:00","dateModified":"2019-04-19T20:02:21+02:00"},{"@type":"WebSite","@id":"https:\/\/www.eldigitaldeasturias.com\/noticias\/#website","url":"https:\/\/www.eldigitaldeasturias.com\/noticias\/","name":"El Digital de Asturias - Diario de actualidad y noticias","alternateName":"El Digital de Asturias - Diario de actualidad y noticias","description":"Hemeroteca","inLanguage":"es-ES","publisher":{"@id":"https:\/\/www.eldigitaldeasturias.com\/noticias\/#organization"}}]},"og:locale":"es_ES","og:site_name":"El Digital de Asturias","og:type":"article","og:title":"Empresas alemanas apuestan por sus propias redes de telefon\u00eda 5G - El Digital de Asturias","og:description":"Bonn, 19 abr (dpa) - La Agencia Federal de Redes de Telecomunicaci\u00f3n encuentra gran inter\u00e9s por parte de grupos industriales germanos y otras empresas para la asignaci\u00f3n prevista de frecuencias locales para el est\u00e1ndar de telefon\u00eda m\u00f3vil 5G. Adem\u00e1s de BASF, Siemens, Bosch y la Deutsche Messe, tambi\u00e9n los consorcios automovil\u00edsticos Volkswagen, BMW y Daimler","og:url":"https:\/\/www.eldigitaldeasturias.com\/noticias\/empresas-alemanas-apuestan-por-sus-propias-redes-de-telefonia-5g\/","og:image":"https:\/\/www.eldigitaldeasturias.com\/noticias\/wp-content\/uploads\/2019\/04\/accessibility-3570138_960_720.jpg","og:image:secure_url":"https:\/\/www.eldigitaldeasturias.com\/noticias\/wp-content\/uploads\/2019\/04\/accessibility-3570138_960_720.jpg","og:image:width":960,"og:image:height":598,"article:tag":["econom\u00eda"],"article:published_time":"2019-04-19T20:02:21+00:00","article:modified_time":"2019-04-19T20:02:21+00:00","article:publisher":"https:\/\/facebook.com\/eldigitaldeasturias","twitter:card":"summary_large_image","twitter:title":"Empresas alemanas apuestan por sus propias redes de telefon\u00eda 5G - El Digital de Asturias","twitter:description":"Bonn, 19 abr (dpa) - La Agencia Federal de Redes de Telecomunicaci\u00f3n encuentra gran inter\u00e9s por parte de grupos industriales germanos y otras empresas para la asignaci\u00f3n prevista de frecuencias locales para el est\u00e1ndar de telefon\u00eda m\u00f3vil 5G. Adem\u00e1s de BASF, Siemens, Bosch y la Deutsche Messe, tambi\u00e9n los consorcios automovil\u00edsticos Volkswagen, BMW y Daimler","twitter:image":"https:\/\/www.eldigitaldeasturias.com\/noticias\/wp-content\/uploads\/2019\/04\/accessibility-3570138_960_720.jpg","twitter:label1":"Escrito por","twitter:data1":"El Digital de Asturias","twitter:label2":"Tiempo de lectura estimado","twitter:data2":"3 minutos"},"aioseo_meta_data":{"post_id":"1024534","title":null,"description":null,"keywords":null,"keyphrases":null,"primary_term":null,"canonical_url":null,"og_title":null,"og_description":null,"og_object_type":"default","og_image_type":"default","og_image_url":null,"og_image_width":null,"og_image_height":null,"og_image_custom_url":null,"og_image_custom_fields":null,"og_video":null,"og_custom_url":null,"og_article_section":null,"og_article_tags":null,"twitter_use_og":false,"twitter_card":"default","twitter_image_type":"default","twitter_image_url":null,"twitter_image_custom_url":null,"twitter_image_custom_fields":null,"twitter_title":null,"twitter_description":null,"schema":{"blockGraphs":[],"customGraphs":[],"default":{"data":{"Article":[],"Course":[],"Dataset":[],"FAQPage":[],"Movie":[],"Person":[],"Product":[],"ProductReview":[],"Car":[],"Recipe":[],"Service":[],"SoftwareApplication":[],"WebPage":[]},"graphName":"","isEnabled":true},"graphs":[],"defaultGraph":"","defaultPostTypeGraph":""},"schema_type":null,"schema_type_options":null,"pillar_content":false,"robots_default":true,"robots_noindex":false,"robots_noarchive":false,"robots_nosnippet":false,"robots_nofollow":false,"robots_noimageindex":false,"robots_noodp":false,"robots_notranslate":false,"robots_max_snippet":null,"robots_max_videopreview":null,"robots_max_imagepreview":"large","priority":null,"frequency":null,"local_seo":null,"seo_analyzer_scan_date":"2025-10-17 18:38:15","breadcrumb_settings":null,"limit_modified_date":false,"open_ai":null,"ai":null,"created":"2020-12-21 11:14:48","updated":"2025-10-17 18:38:15"},"aioseo_breadcrumb":"<div class=\"aioseo-breadcrumbs\"><span class=\"aioseo-breadcrumb\">\n\t<a href=\"https:\/\/www.eldigitaldeasturias.com\/noticias\" title=\"Home\">Home<\/a>\n<\/span><span class=\"aioseo-breadcrumb-separator\">\u2013<\/span><span class=\"aioseo-breadcrumb\">\n\t<a href=\"https:\/\/www.eldigitaldeasturias.com\/noticias\/category\/economia\/\" title=\"Econom\u00eda\">Econom\u00eda<\/a>\n<\/span><span class=\"aioseo-breadcrumb-separator\">\u2013<\/span><span class=\"aioseo-breadcrumb\">\n\t<a href=\"https:\/\/www.eldigitaldeasturias.com\/noticias\/empresas-alemanas-apuestan-por-sus-propias-redes-de-telefonia-5g\/\" title=\"Empresas alemanas apuestan por sus propias redes de telefon\u00eda 5G\">Empresas alemanas apuestan por sus propias redes de telefon\u00eda 5G<\/a>\n<\/span><\/div>","aioseo_breadcrumb_json":[{"label":"Home","link":"https:\/\/www.eldigitaldeasturias.com\/noticias"},{"label":"Econom\u00eda","link":"https:\/\/www.eldigitaldeasturias.com\/noticias\/category\/economia\/"},{"label":"Empresas alemanas apuestan por sus propias redes de telefon\u00eda 5G","link":"https:\/\/www.eldigitaldeasturias.com\/noticias\/empresas-alemanas-apuestan-por-sus-propias-redes-de-telefonia-5g\/"}],"_links":{"self":[{"href":"https:\/\/www.eldigitaldeasturias.com\/noticias\/wp-json\/wp\/v2\/posts\/1024534","targetHints":{"allow":["GET"]}}],"collection":[{"href":"https:\/\/www.eldigitaldeasturias.com\/noticias\/wp-json\/wp\/v2\/posts"}],"about":[{"href":"https:\/\/www.eldigitaldeasturias.com\/noticias\/wp-json\/wp\/v2\/types\/post"}],"author":[{"embeddable":true,"href":"https:\/\/www.eldigitaldeasturias.com\/noticias\/wp-json\/wp\/v2\/users\/1"}],"replies":[{"embeddable":true,"href":"https:\/\/www.eldigitaldeasturias.com\/noticias\/wp-json\/wp\/v2\/comments?post=1024534"}],"version-history":[{"count":0,"href":"https:\/\/www.eldigitaldeasturias.com\/noticias\/wp-json\/wp\/v2\/posts\/1024534\/revisions"}],"wp:featuredmedia":[{"embeddable":true,"href":"https:\/\/www.eldigitaldeasturias.com\/noticias\/wp-json\/wp\/v2\/media\/1024535"}],"wp:attachment":[{"href":"https:\/\/www.eldigitaldeasturias.com\/noticias\/wp-json\/wp\/v2\/media?parent=1024534"}],"wp:term":[{"taxonomy":"category","embeddable":true,"href":"https:\/\/www.eldigitaldeasturias.com\/noticias\/wp-json\/wp\/v2\/categories?post=1024534"},{"taxonomy":"post_tag","embeddable":true,"href":"https:\/\/www.eldigitaldeasturias.com\/noticias\/wp-json\/wp\/v2\/tags?post=1024534"}],"curies":[{"name":"wp","href":"https:\/\/api.w.org\/{rel}","templated":true}]}}