{"id":1024532,"date":"2019-04-19T19:56:52","date_gmt":"2019-04-19T19:56:52","guid":{"rendered":"https:\/\/www.eldigitaldeasturias.com\/noticias\/?p=1024532"},"modified":"2019-04-19T19:56:52","modified_gmt":"2019-04-19T19:56:52","slug":"el-dortmund-se-aferra-a-la-carrera-por-el-titulo-de-la-bundesliga","status":"publish","type":"post","link":"https:\/\/www.eldigitaldeasturias.com\/noticias\/el-dortmund-se-aferra-a-la-carrera-por-el-titulo-de-la-bundesliga\/","title":{"rendered":"El Dortmund se aferra a la carrera por el t\u00edtulo de la Bundesliga"},"content":{"rendered":"<p><img loading=\"lazy\" decoding=\"async\" class=\"alignleft size-medium wp-image-988327\" src=\"https:\/\/www.eldigitaldeasturias.com\/noticias\/wp-content\/uploads\/2018\/07\/football-fans-797383_960_720-335x320.jpg\" alt=\"\" width=\"335\" height=\"320\" srcset=\"https:\/\/www.eldigitaldeasturias.com\/noticias\/wp-content\/uploads\/2018\/07\/football-fans-797383_960_720-335x320.jpg 335w, https:\/\/www.eldigitaldeasturias.com\/noticias\/wp-content\/uploads\/2018\/07\/football-fans-797383_960_720-502x480.jpg 502w, https:\/\/www.eldigitaldeasturias.com\/noticias\/wp-content\/uploads\/2018\/07\/football-fans-797383_960_720-396x377.jpg 396w, https:\/\/www.eldigitaldeasturias.com\/noticias\/wp-content\/uploads\/2018\/07\/football-fans-797383_960_720.jpg 753w\" sizes=\"auto, (max-width: 335px) 100vw, 335px\" \/>Berl\u00edn, 19 abr (dpa) &#8211; Pocos pod\u00edan esperar al comienzo de la temporada de la Bundesliga alemana de f\u00fatbol que el Borussia Dortmund mantendr\u00eda el ritmo del poderoso Bayer M\u00fanich durante 29 partidos.<\/p>\n<p>Ahora, con cinco duelos para el final de la Bundesliga, las ambiciones del t\u00edtulo de Dortmund tambalean, aunque s\u00f3lo un punto le separa del puntero Bayern, antes de que este fin de semana comience la fecha 30 de la Bundesliga.<\/p>\n<p>\u00abTenemos muchas cosas que mejorar\u00bb, dijo el entrenador del Dortmund, Lucien Favre, antes del viaje del domingo a Friburgo.<\/p>\n<p>A diferencia de la \u00faltima fecha, el Dortmund juega ahora despu\u00e9s del Bayern, lo que significa una mayor presi\u00f3n para recuperar terreno en la tabla. Los gualdinegros superaron al Mainz por 2-1 el s\u00e1bado pasado, pero su actuaci\u00f3n en la segunda mitad probablemente caus\u00f3 m\u00e1s dudas de las que resolvi\u00f3.<\/p>\n<p>\u00abA estas alturas, no se trata de brillar, se trata de ganar partidos\u00bb, indic\u00f3 el director deportivo del Dortmund, Michael Zorc.<\/p>\n<p>La d\u00e9bil defensa es inestable, mientras que los delanteros Paco Alc\u00e1cer y Marco Reus no est\u00e1n al mismo nivel que a comienzos de la campa\u00f1a.<\/p>\n<p>\u00abNing\u00fan jugador puede lograr un nivel de rendimiento tan alto durante toda la temporada\u00bb, afirm\u00f3 Favre sobre su capit\u00e1n Reus. \u00abSiempre hay que pensar que Marco no pudo realizar una pretemporada completa\u00bb.<\/p>\n<p>El Borussia Dortmund perdi\u00f3 la ventaja en la carrera por el t\u00edtulo con un colapso en M\u00fanich contra el Bayern hace un par de semanas. Antes hab\u00eda tenido dudas y dificultades para asegurar las victorias en los partidos antes del cl\u00e1sico alem\u00e1n.<\/p>\n<p>Su rival en la lucha por el campeonato, el Bayern, juega el s\u00e1bado en casa ante el Werder Bremen. El domingo ser\u00e1 el turno del Dortmund.<\/p>\n<p><strong><em>Por Derek Wilson (dpa)<\/em><\/strong><\/p>\n","protected":false},"excerpt":{"rendered":"<p>Berl\u00edn, 19 abr (dpa) &#8211; Pocos pod\u00edan esperar al comienzo de la temporada de la Bundesliga alemana de f\u00fatbol que el Borussia Dortmund mantendr\u00eda el ritmo del poderoso Bayer M\u00fanich durante 29 partidos. Ahora, con cinco duelos para el final de la Bundesliga, las ambiciones del t\u00edtulo de Dortmund tambalean, aunque s\u00f3lo un punto le [&hellip;]<\/p>\n","protected":false},"author":1,"featured_media":988327,"comment_status":"closed","ping_status":"closed","sticky":false,"template":"","format":"standard","meta":{"footnotes":""},"categories":[190],"tags":[],"class_list":["post-1024532","post","type-post","status-publish","format-standard","has-post-thumbnail","hentry","category-deportes"],"aioseo_notices":[],"aioseo_head":"\n\t\t<!-- All in One SEO Pro 4.9.6.2 - aioseo.com -->\n\t<meta name=\"description\" content=\"Berl\u00edn, 19 abr (dpa) - Pocos pod\u00edan esperar al comienzo de la temporada de la Bundesliga alemana de f\u00fatbol que el Borussia Dortmund mantendr\u00eda el ritmo del poderoso Bayer M\u00fanich durante 29 partidos. Ahora, con cinco duelos para el final de la Bundesliga, las ambiciones del t\u00edtulo de Dortmund tambalean, aunque s\u00f3lo un punto le\" \/>\n\t<meta name=\"robots\" content=\"max-image-preview:large\" \/>\n\t<meta name=\"author\" content=\"El Digital de Asturias\"\/>\n\t<meta name=\"google-site-verification\" content=\"UA-38556648-1\" \/>\n\t<meta name=\"msvalidate.01\" content=\"7dfe9f3f1b24437ab69f4f2559babe99\" \/>\n\t<meta name=\"keywords\" content=\"deportes\" \/>\n\t<link rel=\"canonical\" href=\"https:\/\/www.eldigitaldeasturias.com\/noticias\/el-dortmund-se-aferra-a-la-carrera-por-el-titulo-de-la-bundesliga\/\" \/>\n\t<meta name=\"generator\" content=\"All in One SEO Pro (AIOSEO) 4.9.6.2\" \/>\n\t\t<meta property=\"og:locale\" content=\"es_ES\" \/>\n\t\t<meta property=\"og:site_name\" content=\"El Digital de Asturias\" \/>\n\t\t<meta property=\"og:type\" content=\"article\" \/>\n\t\t<meta property=\"og:title\" content=\"El Dortmund se aferra a la carrera por el t\u00edtulo de la Bundesliga - El Digital de Asturias\" \/>\n\t\t<meta property=\"og:description\" content=\"Berl\u00edn, 19 abr (dpa) - Pocos pod\u00edan esperar al comienzo de la temporada de la Bundesliga alemana de f\u00fatbol que el Borussia Dortmund mantendr\u00eda el ritmo del poderoso Bayer M\u00fanich durante 29 partidos. Ahora, con cinco duelos para el final de la Bundesliga, las ambiciones del t\u00edtulo de Dortmund tambalean, aunque s\u00f3lo un punto le\" \/>\n\t\t<meta property=\"og:url\" content=\"https:\/\/www.eldigitaldeasturias.com\/noticias\/el-dortmund-se-aferra-a-la-carrera-por-el-titulo-de-la-bundesliga\/\" \/>\n\t\t<meta property=\"og:image\" content=\"https:\/\/www.eldigitaldeasturias.com\/noticias\/wp-content\/uploads\/2018\/07\/football-fans-797383_960_720.jpg\" \/>\n\t\t<meta property=\"og:image:secure_url\" content=\"https:\/\/www.eldigitaldeasturias.com\/noticias\/wp-content\/uploads\/2018\/07\/football-fans-797383_960_720.jpg\" \/>\n\t\t<meta property=\"og:image:width\" content=\"753\" \/>\n\t\t<meta property=\"og:image:height\" content=\"720\" \/>\n\t\t<meta property=\"article:tag\" content=\"deportes\" \/>\n\t\t<meta property=\"article:published_time\" content=\"2019-04-19T19:56:52+00:00\" \/>\n\t\t<meta property=\"article:modified_time\" content=\"2019-04-19T19:56:52+00:00\" \/>\n\t\t<meta property=\"article:publisher\" content=\"https:\/\/facebook.com\/eldigitaldeasturias\" \/>\n\t\t<meta name=\"twitter:card\" content=\"summary_large_image\" \/>\n\t\t<meta name=\"twitter:title\" content=\"El Dortmund se aferra a la carrera por el t\u00edtulo de la Bundesliga - El Digital de Asturias\" \/>\n\t\t<meta name=\"twitter:description\" content=\"Berl\u00edn, 19 abr (dpa) - Pocos pod\u00edan esperar al comienzo de la temporada de la Bundesliga alemana de f\u00fatbol que el Borussia Dortmund mantendr\u00eda el ritmo del poderoso Bayer M\u00fanich durante 29 partidos. Ahora, con cinco duelos para el final de la Bundesliga, las ambiciones del t\u00edtulo de Dortmund tambalean, aunque s\u00f3lo un punto le\" \/>\n\t\t<meta name=\"twitter:image\" content=\"https:\/\/www.eldigitaldeasturias.com\/noticias\/wp-content\/uploads\/2018\/07\/football-fans-797383_960_720.jpg\" \/>\n\t\t<meta name=\"twitter:label1\" content=\"Escrito por\" \/>\n\t\t<meta name=\"twitter:data1\" content=\"El Digital de Asturias\" \/>\n\t\t<meta name=\"twitter:label2\" content=\"Tiempo de lectura estimado\" \/>\n\t\t<meta name=\"twitter:data2\" content=\"2 minutos\" \/>\n\t\t<script type=\"application\/ld+json\" class=\"aioseo-schema\">\n\t\t\t{\"@context\":\"https:\\\/\\\/schema.org\",\"@graph\":[{\"@type\":\"BlogPosting\",\"@id\":\"https:\\\/\\\/www.eldigitaldeasturias.com\\\/noticias\\\/el-dortmund-se-aferra-a-la-carrera-por-el-titulo-de-la-bundesliga\\\/#blogposting\",\"name\":\"El Dortmund se aferra a la carrera por el t\\u00edtulo de la Bundesliga - El Digital de Asturias\",\"headline\":\"El Dortmund se aferra a la carrera por el t\\u00edtulo de la Bundesliga\",\"author\":{\"@id\":\"https:\\\/\\\/www.eldigitaldeasturias.com\\\/noticias\\\/author\\\/admin\\\/#author\"},\"publisher\":{\"@id\":\"https:\\\/\\\/www.eldigitaldeasturias.com\\\/noticias\\\/#organization\"},\"image\":{\"@type\":\"ImageObject\",\"url\":\"https:\\\/\\\/www.eldigitaldeasturias.com\\\/noticias\\\/wp-content\\\/uploads\\\/2018\\\/07\\\/football-fans-797383_960_720.jpg\",\"width\":753,\"height\":720},\"datePublished\":\"2019-04-19T19:56:52+02:00\",\"dateModified\":\"2019-04-19T19:56:52+02:00\",\"inLanguage\":\"es-ES\",\"mainEntityOfPage\":{\"@id\":\"https:\\\/\\\/www.eldigitaldeasturias.com\\\/noticias\\\/el-dortmund-se-aferra-a-la-carrera-por-el-titulo-de-la-bundesliga\\\/#webpage\"},\"isPartOf\":{\"@id\":\"https:\\\/\\\/www.eldigitaldeasturias.com\\\/noticias\\\/el-dortmund-se-aferra-a-la-carrera-por-el-titulo-de-la-bundesliga\\\/#webpage\"},\"articleSection\":\"Deportes\"},{\"@type\":\"BreadcrumbList\",\"@id\":\"https:\\\/\\\/www.eldigitaldeasturias.com\\\/noticias\\\/el-dortmund-se-aferra-a-la-carrera-por-el-titulo-de-la-bundesliga\\\/#breadcrumblist\",\"itemListElement\":[{\"@type\":\"ListItem\",\"@id\":\"https:\\\/\\\/www.eldigitaldeasturias.com\\\/noticias#listItem\",\"position\":1,\"name\":\"Home\",\"item\":\"https:\\\/\\\/www.eldigitaldeasturias.com\\\/noticias\",\"nextItem\":{\"@type\":\"ListItem\",\"@id\":\"https:\\\/\\\/www.eldigitaldeasturias.com\\\/noticias\\\/category\\\/deportes\\\/#listItem\",\"name\":\"Deportes\"}},{\"@type\":\"ListItem\",\"@id\":\"https:\\\/\\\/www.eldigitaldeasturias.com\\\/noticias\\\/category\\\/deportes\\\/#listItem\",\"position\":2,\"name\":\"Deportes\",\"item\":\"https:\\\/\\\/www.eldigitaldeasturias.com\\\/noticias\\\/category\\\/deportes\\\/\",\"nextItem\":{\"@type\":\"ListItem\",\"@id\":\"https:\\\/\\\/www.eldigitaldeasturias.com\\\/noticias\\\/el-dortmund-se-aferra-a-la-carrera-por-el-titulo-de-la-bundesliga\\\/#listItem\",\"name\":\"El Dortmund se aferra a la carrera por el t\\u00edtulo de la Bundesliga\"},\"previousItem\":{\"@type\":\"ListItem\",\"@id\":\"https:\\\/\\\/www.eldigitaldeasturias.com\\\/noticias#listItem\",\"name\":\"Home\"}},{\"@type\":\"ListItem\",\"@id\":\"https:\\\/\\\/www.eldigitaldeasturias.com\\\/noticias\\\/el-dortmund-se-aferra-a-la-carrera-por-el-titulo-de-la-bundesliga\\\/#listItem\",\"position\":3,\"name\":\"El Dortmund se aferra a la carrera por el t\\u00edtulo de la Bundesliga\",\"previousItem\":{\"@type\":\"ListItem\",\"@id\":\"https:\\\/\\\/www.eldigitaldeasturias.com\\\/noticias\\\/category\\\/deportes\\\/#listItem\",\"name\":\"Deportes\"}}]},{\"@type\":\"Organization\",\"@id\":\"https:\\\/\\\/www.eldigitaldeasturias.com\\\/noticias\\\/#organization\",\"name\":\"El Digital de Asturias\",\"description\":\"Hemeroteca\",\"url\":\"https:\\\/\\\/www.eldigitaldeasturias.com\\\/noticias\\\/\",\"email\":\"info@eldigitaldeasturias.com\",\"telephone\":\"+34652131393\",\"logo\":{\"@type\":\"ImageObject\",\"url\":\"https:\\\/\\\/www.eldigitaldeasturias.com\\\/noticias\\\/wp-content\\\/uploads\\\/2020\\\/12\\\/EDA.jpg\",\"@id\":\"https:\\\/\\\/www.eldigitaldeasturias.com\\\/noticias\\\/el-dortmund-se-aferra-a-la-carrera-por-el-titulo-de-la-bundesliga\\\/#organizationLogo\",\"width\":649,\"height\":297},\"image\":{\"@id\":\"https:\\\/\\\/www.eldigitaldeasturias.com\\\/noticias\\\/el-dortmund-se-aferra-a-la-carrera-por-el-titulo-de-la-bundesliga\\\/#organizationLogo\"},\"sameAs\":[\"https:\\\/\\\/facebook.com\\\/eldigitaldeasturias\",\"https:\\\/\\\/www.youtube.com\\\/channel\\\/UCZP-2wLEB9Rv6erhFmqVnvg\"],\"address\":{\"@id\":\"https:\\\/\\\/www.eldigitaldeasturias.com\\\/noticias\\\/#postaladdress\",\"@type\":\"PostalAddress\",\"streetAddress\":\"san antonio 4,\",\"postalCode\":\"33430\",\"addressLocality\":\"Cand\\u00e1s\",\"addressRegion\":\"Asturias\",\"addressCountry\":\"ES\"}},{\"@type\":\"Person\",\"@id\":\"https:\\\/\\\/www.eldigitaldeasturias.com\\\/noticias\\\/author\\\/admin\\\/#author\",\"url\":\"https:\\\/\\\/www.eldigitaldeasturias.com\\\/noticias\\\/author\\\/admin\\\/\",\"name\":\"El Digital de Asturias\",\"image\":{\"@type\":\"ImageObject\",\"@id\":\"https:\\\/\\\/www.eldigitaldeasturias.com\\\/noticias\\\/el-dortmund-se-aferra-a-la-carrera-por-el-titulo-de-la-bundesliga\\\/#authorImage\",\"url\":\"https:\\\/\\\/www.eldigitaldeasturias.com\\\/noticias\\\/wp-content\\\/litespeed\\\/avatar\\\/18677e78aa0546b92d9dbf31ec7d7668.jpg?ver=1777290358\",\"width\":96,\"height\":96,\"caption\":\"El Digital de Asturias\"}},{\"@type\":\"WebPage\",\"@id\":\"https:\\\/\\\/www.eldigitaldeasturias.com\\\/noticias\\\/el-dortmund-se-aferra-a-la-carrera-por-el-titulo-de-la-bundesliga\\\/#webpage\",\"url\":\"https:\\\/\\\/www.eldigitaldeasturias.com\\\/noticias\\\/el-dortmund-se-aferra-a-la-carrera-por-el-titulo-de-la-bundesliga\\\/\",\"name\":\"El Dortmund se aferra a la carrera por el t\\u00edtulo de la Bundesliga - El Digital de Asturias\",\"description\":\"Berl\\u00edn, 19 abr (dpa) - Pocos pod\\u00edan esperar al comienzo de la temporada de la Bundesliga alemana de f\\u00fatbol que el Borussia Dortmund mantendr\\u00eda el ritmo del poderoso Bayer M\\u00fanich durante 29 partidos. Ahora, con cinco duelos para el final de la Bundesliga, las ambiciones del t\\u00edtulo de Dortmund tambalean, aunque s\\u00f3lo un punto le\",\"inLanguage\":\"es-ES\",\"isPartOf\":{\"@id\":\"https:\\\/\\\/www.eldigitaldeasturias.com\\\/noticias\\\/#website\"},\"breadcrumb\":{\"@id\":\"https:\\\/\\\/www.eldigitaldeasturias.com\\\/noticias\\\/el-dortmund-se-aferra-a-la-carrera-por-el-titulo-de-la-bundesliga\\\/#breadcrumblist\"},\"author\":{\"@id\":\"https:\\\/\\\/www.eldigitaldeasturias.com\\\/noticias\\\/author\\\/admin\\\/#author\"},\"creator\":{\"@id\":\"https:\\\/\\\/www.eldigitaldeasturias.com\\\/noticias\\\/author\\\/admin\\\/#author\"},\"image\":{\"@type\":\"ImageObject\",\"url\":\"https:\\\/\\\/www.eldigitaldeasturias.com\\\/noticias\\\/wp-content\\\/uploads\\\/2018\\\/07\\\/football-fans-797383_960_720.jpg\",\"@id\":\"https:\\\/\\\/www.eldigitaldeasturias.com\\\/noticias\\\/el-dortmund-se-aferra-a-la-carrera-por-el-titulo-de-la-bundesliga\\\/#mainImage\",\"width\":753,\"height\":720},\"primaryImageOfPage\":{\"@id\":\"https:\\\/\\\/www.eldigitaldeasturias.com\\\/noticias\\\/el-dortmund-se-aferra-a-la-carrera-por-el-titulo-de-la-bundesliga\\\/#mainImage\"},\"datePublished\":\"2019-04-19T19:56:52+02:00\",\"dateModified\":\"2019-04-19T19:56:52+02:00\"},{\"@type\":\"WebSite\",\"@id\":\"https:\\\/\\\/www.eldigitaldeasturias.com\\\/noticias\\\/#website\",\"url\":\"https:\\\/\\\/www.eldigitaldeasturias.com\\\/noticias\\\/\",\"name\":\"El Digital de Asturias - Diario de actualidad y noticias\",\"alternateName\":\"El Digital de Asturias - Diario de actualidad y noticias\",\"description\":\"Hemeroteca\",\"inLanguage\":\"es-ES\",\"publisher\":{\"@id\":\"https:\\\/\\\/www.eldigitaldeasturias.com\\\/noticias\\\/#organization\"}}]}\n\t\t<\/script>\n\t\t<!-- All in One SEO Pro -->\r\n\t\t<title>El Dortmund se aferra a la carrera por el t\u00edtulo de la Bundesliga - El Digital de Asturias<\/title>\n\n","aioseo_head_json":{"title":"El Dortmund se aferra a la carrera por el t\u00edtulo de la Bundesliga - El Digital de Asturias","description":"Berl\u00edn, 19 abr (dpa) - Pocos pod\u00edan esperar al comienzo de la temporada de la Bundesliga alemana de f\u00fatbol que el Borussia Dortmund mantendr\u00eda el ritmo del poderoso Bayer M\u00fanich durante 29 partidos. Ahora, con cinco duelos para el final de la Bundesliga, las ambiciones del t\u00edtulo de Dortmund tambalean, aunque s\u00f3lo un punto le","canonical_url":"https:\/\/www.eldigitaldeasturias.com\/noticias\/el-dortmund-se-aferra-a-la-carrera-por-el-titulo-de-la-bundesliga\/","robots":"max-image-preview:large","keywords":"deportes","webmasterTools":{"google-site-verification":"UA-38556648-1","msvalidate.01":"7dfe9f3f1b24437ab69f4f2559babe99","miscellaneous":""},"schema":{"@context":"https:\/\/schema.org","@graph":[{"@type":"BlogPosting","@id":"https:\/\/www.eldigitaldeasturias.com\/noticias\/el-dortmund-se-aferra-a-la-carrera-por-el-titulo-de-la-bundesliga\/#blogposting","name":"El Dortmund se aferra a la carrera por el t\u00edtulo de la Bundesliga - El Digital de Asturias","headline":"El Dortmund se aferra a la carrera por el t\u00edtulo de la Bundesliga","author":{"@id":"https:\/\/www.eldigitaldeasturias.com\/noticias\/author\/admin\/#author"},"publisher":{"@id":"https:\/\/www.eldigitaldeasturias.com\/noticias\/#organization"},"image":{"@type":"ImageObject","url":"https:\/\/www.eldigitaldeasturias.com\/noticias\/wp-content\/uploads\/2018\/07\/football-fans-797383_960_720.jpg","width":753,"height":720},"datePublished":"2019-04-19T19:56:52+02:00","dateModified":"2019-04-19T19:56:52+02:00","inLanguage":"es-ES","mainEntityOfPage":{"@id":"https:\/\/www.eldigitaldeasturias.com\/noticias\/el-dortmund-se-aferra-a-la-carrera-por-el-titulo-de-la-bundesliga\/#webpage"},"isPartOf":{"@id":"https:\/\/www.eldigitaldeasturias.com\/noticias\/el-dortmund-se-aferra-a-la-carrera-por-el-titulo-de-la-bundesliga\/#webpage"},"articleSection":"Deportes"},{"@type":"BreadcrumbList","@id":"https:\/\/www.eldigitaldeasturias.com\/noticias\/el-dortmund-se-aferra-a-la-carrera-por-el-titulo-de-la-bundesliga\/#breadcrumblist","itemListElement":[{"@type":"ListItem","@id":"https:\/\/www.eldigitaldeasturias.com\/noticias#listItem","position":1,"name":"Home","item":"https:\/\/www.eldigitaldeasturias.com\/noticias","nextItem":{"@type":"ListItem","@id":"https:\/\/www.eldigitaldeasturias.com\/noticias\/category\/deportes\/#listItem","name":"Deportes"}},{"@type":"ListItem","@id":"https:\/\/www.eldigitaldeasturias.com\/noticias\/category\/deportes\/#listItem","position":2,"name":"Deportes","item":"https:\/\/www.eldigitaldeasturias.com\/noticias\/category\/deportes\/","nextItem":{"@type":"ListItem","@id":"https:\/\/www.eldigitaldeasturias.com\/noticias\/el-dortmund-se-aferra-a-la-carrera-por-el-titulo-de-la-bundesliga\/#listItem","name":"El Dortmund se aferra a la carrera por el t\u00edtulo de la Bundesliga"},"previousItem":{"@type":"ListItem","@id":"https:\/\/www.eldigitaldeasturias.com\/noticias#listItem","name":"Home"}},{"@type":"ListItem","@id":"https:\/\/www.eldigitaldeasturias.com\/noticias\/el-dortmund-se-aferra-a-la-carrera-por-el-titulo-de-la-bundesliga\/#listItem","position":3,"name":"El Dortmund se aferra a la carrera por el t\u00edtulo de la Bundesliga","previousItem":{"@type":"ListItem","@id":"https:\/\/www.eldigitaldeasturias.com\/noticias\/category\/deportes\/#listItem","name":"Deportes"}}]},{"@type":"Organization","@id":"https:\/\/www.eldigitaldeasturias.com\/noticias\/#organization","name":"El Digital de Asturias","description":"Hemeroteca","url":"https:\/\/www.eldigitaldeasturias.com\/noticias\/","email":"info@eldigitaldeasturias.com","telephone":"+34652131393","logo":{"@type":"ImageObject","url":"https:\/\/www.eldigitaldeasturias.com\/noticias\/wp-content\/uploads\/2020\/12\/EDA.jpg","@id":"https:\/\/www.eldigitaldeasturias.com\/noticias\/el-dortmund-se-aferra-a-la-carrera-por-el-titulo-de-la-bundesliga\/#organizationLogo","width":649,"height":297},"image":{"@id":"https:\/\/www.eldigitaldeasturias.com\/noticias\/el-dortmund-se-aferra-a-la-carrera-por-el-titulo-de-la-bundesliga\/#organizationLogo"},"sameAs":["https:\/\/facebook.com\/eldigitaldeasturias","https:\/\/www.youtube.com\/channel\/UCZP-2wLEB9Rv6erhFmqVnvg"],"address":{"@id":"https:\/\/www.eldigitaldeasturias.com\/noticias\/#postaladdress","@type":"PostalAddress","streetAddress":"san antonio 4,","postalCode":"33430","addressLocality":"Cand\u00e1s","addressRegion":"Asturias","addressCountry":"ES"}},{"@type":"Person","@id":"https:\/\/www.eldigitaldeasturias.com\/noticias\/author\/admin\/#author","url":"https:\/\/www.eldigitaldeasturias.com\/noticias\/author\/admin\/","name":"El Digital de Asturias","image":{"@type":"ImageObject","@id":"https:\/\/www.eldigitaldeasturias.com\/noticias\/el-dortmund-se-aferra-a-la-carrera-por-el-titulo-de-la-bundesliga\/#authorImage","url":"https:\/\/www.eldigitaldeasturias.com\/noticias\/wp-content\/litespeed\/avatar\/18677e78aa0546b92d9dbf31ec7d7668.jpg?ver=1777290358","width":96,"height":96,"caption":"El Digital de Asturias"}},{"@type":"WebPage","@id":"https:\/\/www.eldigitaldeasturias.com\/noticias\/el-dortmund-se-aferra-a-la-carrera-por-el-titulo-de-la-bundesliga\/#webpage","url":"https:\/\/www.eldigitaldeasturias.com\/noticias\/el-dortmund-se-aferra-a-la-carrera-por-el-titulo-de-la-bundesliga\/","name":"El Dortmund se aferra a la carrera por el t\u00edtulo de la Bundesliga - El Digital de Asturias","description":"Berl\u00edn, 19 abr (dpa) - Pocos pod\u00edan esperar al comienzo de la temporada de la Bundesliga alemana de f\u00fatbol que el Borussia Dortmund mantendr\u00eda el ritmo del poderoso Bayer M\u00fanich durante 29 partidos. Ahora, con cinco duelos para el final de la Bundesliga, las ambiciones del t\u00edtulo de Dortmund tambalean, aunque s\u00f3lo un punto le","inLanguage":"es-ES","isPartOf":{"@id":"https:\/\/www.eldigitaldeasturias.com\/noticias\/#website"},"breadcrumb":{"@id":"https:\/\/www.eldigitaldeasturias.com\/noticias\/el-dortmund-se-aferra-a-la-carrera-por-el-titulo-de-la-bundesliga\/#breadcrumblist"},"author":{"@id":"https:\/\/www.eldigitaldeasturias.com\/noticias\/author\/admin\/#author"},"creator":{"@id":"https:\/\/www.eldigitaldeasturias.com\/noticias\/author\/admin\/#author"},"image":{"@type":"ImageObject","url":"https:\/\/www.eldigitaldeasturias.com\/noticias\/wp-content\/uploads\/2018\/07\/football-fans-797383_960_720.jpg","@id":"https:\/\/www.eldigitaldeasturias.com\/noticias\/el-dortmund-se-aferra-a-la-carrera-por-el-titulo-de-la-bundesliga\/#mainImage","width":753,"height":720},"primaryImageOfPage":{"@id":"https:\/\/www.eldigitaldeasturias.com\/noticias\/el-dortmund-se-aferra-a-la-carrera-por-el-titulo-de-la-bundesliga\/#mainImage"},"datePublished":"2019-04-19T19:56:52+02:00","dateModified":"2019-04-19T19:56:52+02:00"},{"@type":"WebSite","@id":"https:\/\/www.eldigitaldeasturias.com\/noticias\/#website","url":"https:\/\/www.eldigitaldeasturias.com\/noticias\/","name":"El Digital de Asturias - Diario de actualidad y noticias","alternateName":"El Digital de Asturias - Diario de actualidad y noticias","description":"Hemeroteca","inLanguage":"es-ES","publisher":{"@id":"https:\/\/www.eldigitaldeasturias.com\/noticias\/#organization"}}]},"og:locale":"es_ES","og:site_name":"El Digital de Asturias","og:type":"article","og:title":"El Dortmund se aferra a la carrera por el t\u00edtulo de la Bundesliga - El Digital de Asturias","og:description":"Berl\u00edn, 19 abr (dpa) - Pocos pod\u00edan esperar al comienzo de la temporada de la Bundesliga alemana de f\u00fatbol que el Borussia Dortmund mantendr\u00eda el ritmo del poderoso Bayer M\u00fanich durante 29 partidos. Ahora, con cinco duelos para el final de la Bundesliga, las ambiciones del t\u00edtulo de Dortmund tambalean, aunque s\u00f3lo un punto le","og:url":"https:\/\/www.eldigitaldeasturias.com\/noticias\/el-dortmund-se-aferra-a-la-carrera-por-el-titulo-de-la-bundesliga\/","og:image":"https:\/\/www.eldigitaldeasturias.com\/noticias\/wp-content\/uploads\/2018\/07\/football-fans-797383_960_720.jpg","og:image:secure_url":"https:\/\/www.eldigitaldeasturias.com\/noticias\/wp-content\/uploads\/2018\/07\/football-fans-797383_960_720.jpg","og:image:width":753,"og:image:height":720,"article:tag":["deportes"],"article:published_time":"2019-04-19T19:56:52+00:00","article:modified_time":"2019-04-19T19:56:52+00:00","article:publisher":"https:\/\/facebook.com\/eldigitaldeasturias","twitter:card":"summary_large_image","twitter:title":"El Dortmund se aferra a la carrera por el t\u00edtulo de la Bundesliga - El Digital de Asturias","twitter:description":"Berl\u00edn, 19 abr (dpa) - Pocos pod\u00edan esperar al comienzo de la temporada de la Bundesliga alemana de f\u00fatbol que el Borussia Dortmund mantendr\u00eda el ritmo del poderoso Bayer M\u00fanich durante 29 partidos. Ahora, con cinco duelos para el final de la Bundesliga, las ambiciones del t\u00edtulo de Dortmund tambalean, aunque s\u00f3lo un punto le","twitter:image":"https:\/\/www.eldigitaldeasturias.com\/noticias\/wp-content\/uploads\/2018\/07\/football-fans-797383_960_720.jpg","twitter:label1":"Escrito por","twitter:data1":"El Digital de Asturias","twitter:label2":"Tiempo de lectura estimado","twitter:data2":"2 minutos"},"aioseo_meta_data":{"post_id":"1024532","title":null,"description":null,"keywords":null,"keyphrases":null,"primary_term":null,"canonical_url":null,"og_title":null,"og_description":null,"og_object_type":"default","og_image_type":"default","og_image_url":null,"og_image_width":null,"og_image_height":null,"og_image_custom_url":null,"og_image_custom_fields":null,"og_video":null,"og_custom_url":null,"og_article_section":null,"og_article_tags":null,"twitter_use_og":false,"twitter_card":"default","twitter_image_type":"default","twitter_image_url":null,"twitter_image_custom_url":null,"twitter_image_custom_fields":null,"twitter_title":null,"twitter_description":null,"schema":{"blockGraphs":[],"customGraphs":[],"default":{"data":{"Article":[],"Course":[],"Dataset":[],"FAQPage":[],"Movie":[],"Person":[],"Product":[],"ProductReview":[],"Car":[],"Recipe":[],"Service":[],"SoftwareApplication":[],"WebPage":[]},"graphName":"","isEnabled":true},"graphs":[],"defaultGraph":"","defaultPostTypeGraph":""},"schema_type":null,"schema_type_options":null,"pillar_content":false,"robots_default":true,"robots_noindex":false,"robots_noarchive":false,"robots_nosnippet":false,"robots_nofollow":false,"robots_noimageindex":false,"robots_noodp":false,"robots_notranslate":false,"robots_max_snippet":null,"robots_max_videopreview":null,"robots_max_imagepreview":"large","priority":null,"frequency":null,"local_seo":null,"seo_analyzer_scan_date":"2025-10-17 18:38:14","breadcrumb_settings":null,"limit_modified_date":false,"open_ai":null,"ai":null,"created":"2020-12-21 11:14:48","updated":"2025-10-17 18:38:14"},"aioseo_breadcrumb":"<div class=\"aioseo-breadcrumbs\"><span class=\"aioseo-breadcrumb\">\n\t<a href=\"https:\/\/www.eldigitaldeasturias.com\/noticias\" title=\"Home\">Home<\/a>\n<\/span><span class=\"aioseo-breadcrumb-separator\">\u2013<\/span><span class=\"aioseo-breadcrumb\">\n\t<a href=\"https:\/\/www.eldigitaldeasturias.com\/noticias\/category\/deportes\/\" title=\"Deportes\">Deportes<\/a>\n<\/span><span class=\"aioseo-breadcrumb-separator\">\u2013<\/span><span class=\"aioseo-breadcrumb\">\n\t<a href=\"https:\/\/www.eldigitaldeasturias.com\/noticias\/el-dortmund-se-aferra-a-la-carrera-por-el-titulo-de-la-bundesliga\/\" title=\"El Dortmund se aferra a la carrera por el t\u00edtulo de la Bundesliga\">El Dortmund se aferra a la carrera por el t\u00edtulo de la Bundesliga<\/a>\n<\/span><\/div>","aioseo_breadcrumb_json":[{"label":"Home","link":"https:\/\/www.eldigitaldeasturias.com\/noticias"},{"label":"Deportes","link":"https:\/\/www.eldigitaldeasturias.com\/noticias\/category\/deportes\/"},{"label":"El Dortmund se aferra a la carrera por el t\u00edtulo de la Bundesliga","link":"https:\/\/www.eldigitaldeasturias.com\/noticias\/el-dortmund-se-aferra-a-la-carrera-por-el-titulo-de-la-bundesliga\/"}],"_links":{"self":[{"href":"https:\/\/www.eldigitaldeasturias.com\/noticias\/wp-json\/wp\/v2\/posts\/1024532","targetHints":{"allow":["GET"]}}],"collection":[{"href":"https:\/\/www.eldigitaldeasturias.com\/noticias\/wp-json\/wp\/v2\/posts"}],"about":[{"href":"https:\/\/www.eldigitaldeasturias.com\/noticias\/wp-json\/wp\/v2\/types\/post"}],"author":[{"embeddable":true,"href":"https:\/\/www.eldigitaldeasturias.com\/noticias\/wp-json\/wp\/v2\/users\/1"}],"replies":[{"embeddable":true,"href":"https:\/\/www.eldigitaldeasturias.com\/noticias\/wp-json\/wp\/v2\/comments?post=1024532"}],"version-history":[{"count":0,"href":"https:\/\/www.eldigitaldeasturias.com\/noticias\/wp-json\/wp\/v2\/posts\/1024532\/revisions"}],"wp:featuredmedia":[{"embeddable":true,"href":"https:\/\/www.eldigitaldeasturias.com\/noticias\/wp-json\/wp\/v2\/media\/988327"}],"wp:attachment":[{"href":"https:\/\/www.eldigitaldeasturias.com\/noticias\/wp-json\/wp\/v2\/media?parent=1024532"}],"wp:term":[{"taxonomy":"category","embeddable":true,"href":"https:\/\/www.eldigitaldeasturias.com\/noticias\/wp-json\/wp\/v2\/categories?post=1024532"},{"taxonomy":"post_tag","embeddable":true,"href":"https:\/\/www.eldigitaldeasturias.com\/noticias\/wp-json\/wp\/v2\/tags?post=1024532"}],"curies":[{"name":"wp","href":"https:\/\/api.w.org\/{rel}","templated":true}]}}