{"id":1024530,"date":"2019-04-19T19:54:56","date_gmt":"2019-04-19T19:54:56","guid":{"rendered":"https:\/\/www.eldigitaldeasturias.com\/noticias\/?p=1024530"},"modified":"2019-04-19T19:54:56","modified_gmt":"2019-04-19T19:54:56","slug":"fin-de-temporada-para-khedira","status":"publish","type":"post","link":"https:\/\/www.eldigitaldeasturias.com\/noticias\/fin-de-temporada-para-khedira\/","title":{"rendered":"Fin de temporada para Khedira"},"content":{"rendered":"<p><img loading=\"lazy\" decoding=\"async\" class=\"alignleft size-medium wp-image-985209\" src=\"https:\/\/www.eldigitaldeasturias.com\/noticias\/wp-content\/uploads\/2018\/06\/football-1406106_960_720-360x241.jpg\" alt=\"\" width=\"360\" height=\"241\" srcset=\"https:\/\/www.eldigitaldeasturias.com\/noticias\/wp-content\/uploads\/2018\/06\/football-1406106_960_720-360x241.jpg 360w, https:\/\/www.eldigitaldeasturias.com\/noticias\/wp-content\/uploads\/2018\/06\/football-1406106_960_720-448x300.jpg 448w, https:\/\/www.eldigitaldeasturias.com\/noticias\/wp-content\/uploads\/2018\/06\/football-1406106_960_720-768x514.jpg 768w, https:\/\/www.eldigitaldeasturias.com\/noticias\/wp-content\/uploads\/2018\/06\/football-1406106_960_720-690x462.jpg 690w, https:\/\/www.eldigitaldeasturias.com\/noticias\/wp-content\/uploads\/2018\/06\/football-1406106_960_720-20x13.jpg 20w, https:\/\/www.eldigitaldeasturias.com\/noticias\/wp-content\/uploads\/2018\/06\/football-1406106_960_720.jpg 960w\" sizes=\"auto, (max-width: 360px) 100vw, 360px\" \/>Tur\u00edn (Italia), 19 abr (dpa) &#8211; Para el ex internacional alem\u00e1n Sami Khedira la temporada termin\u00f3 de forma prematura despu\u00e9s de haberse sometido a una operaci\u00f3n de rodilla, seg\u00fan anunci\u00f3 el jugador de 32 a\u00f1os en Twitter.<\/p>\n<p>El mediocampista germano de la Juventus de Tur\u00edn fue intervenido en el coraz\u00f3n en febrero debido a una arritmia cardiaca de la que se hab\u00eda recuperado, pero ahora tendr\u00e1 que ser operado de la rodilla.<\/p>\n<p>\u00abDespu\u00e9s de cuatro meses de dolor en la rodilla, unos d\u00edas peor que los dem\u00e1s, decid\u00ed someterme a una operaci\u00f3n\u00bb, dijo Khedira en Twitter.<\/p>\n<p>\u00abLa buena noticia de la temporada 2018-19 para Sami Khedira lleg\u00f3 a su fin el 12 de septiembre, cuando extendi\u00f3 el contrato con la Juventus hasta 2021\u00bb, coment\u00f3 el diario \u00abGazzetta dello Sport\u00bb.<\/p>\n<p>De hecho, la temporada no fue nada feliz para Khedira. Ya en la primera vuelta del torneo italiano se perdi\u00f3 15 partidos por lesiones.<\/p>\n<p>Desde mediados de septiembre hasta mediados de octubre, una lesi\u00f3n en el muslo lo dej\u00f3 fuera de las canchas durante varias semanas. Adem\u00e1s, desde mediados de noviembre hasta justo antes de Navidad, el futbolista alem\u00e1n sufri\u00f3 una lesi\u00f3n en el tobillo.<\/p>\n<p>Tras la operaci\u00f3n cardiaca, Khedira complet\u00f3 la primera sesi\u00f3n de entrenamiento y celebr\u00f3 su regreso en el campo a finales de marzo.<\/p>\n<p>Su enfoque es estar completamente en forma nuevamente al comienzo de la pr\u00f3xima temporada. \u00abEstoy ansioso por luchar para alcanzar nuestras metas la pr\u00f3xima temporada\u00bb, afirm\u00f3 Khedira.<\/p>\n<p>La operaci\u00f3n de rodilla est\u00e1 programada para las pr\u00f3ximas dos semanas. El anuncio del jugador 77 veces internacional con Alemania llega poco despu\u00e9s de la eliminaci\u00f3n de la Juventus en los cuartos de final de la Liga de Campeones contra el Ajax de \u00c1msterdam, y justo antes de que la Juventus gane el octavo campeonato consecutivo en Italia.<\/p>\n<p>\u00abDado que el campeonato ya est\u00e1 decidido y la eliminaci\u00f3n en la Liga de Campeones, el alem\u00e1n aprovecha la oportunidad para resolver sus problemas f\u00edsicos de forma definitiva\u00bb, se\u00f1al\u00f3 el peri\u00f3dico deportivo italiano \u00abTuttosport\u00bb.<\/p>\n","protected":false},"excerpt":{"rendered":"<p>Tur\u00edn (Italia), 19 abr (dpa) &#8211; Para el ex internacional alem\u00e1n Sami Khedira la temporada termin\u00f3 de forma prematura despu\u00e9s de haberse sometido a una operaci\u00f3n de rodilla, seg\u00fan anunci\u00f3 el jugador de 32 a\u00f1os en Twitter. El mediocampista germano de la Juventus de Tur\u00edn fue intervenido en el coraz\u00f3n en febrero debido a una [&hellip;]<\/p>\n","protected":false},"author":1,"featured_media":985209,"comment_status":"closed","ping_status":"closed","sticky":false,"template":"","format":"standard","meta":{"footnotes":""},"categories":[190],"tags":[],"class_list":["post-1024530","post","type-post","status-publish","format-standard","has-post-thumbnail","hentry","category-deportes"],"aioseo_notices":[],"aioseo_head":"\n\t\t<!-- All in One SEO Pro 4.9.6.2 - aioseo.com -->\n\t<meta name=\"description\" content=\"Tur\u00edn (Italia), 19 abr (dpa) - Para el ex internacional alem\u00e1n Sami Khedira la temporada termin\u00f3 de forma prematura despu\u00e9s de haberse sometido a una operaci\u00f3n de rodilla, seg\u00fan anunci\u00f3 el jugador de 32 a\u00f1os en Twitter. El mediocampista germano de la Juventus de Tur\u00edn fue intervenido en el coraz\u00f3n en febrero debido a una\" \/>\n\t<meta name=\"robots\" content=\"max-image-preview:large\" \/>\n\t<meta name=\"author\" content=\"El Digital de Asturias\"\/>\n\t<meta name=\"google-site-verification\" content=\"UA-38556648-1\" \/>\n\t<meta name=\"msvalidate.01\" content=\"7dfe9f3f1b24437ab69f4f2559babe99\" \/>\n\t<meta name=\"keywords\" content=\"deportes\" \/>\n\t<link rel=\"canonical\" href=\"https:\/\/www.eldigitaldeasturias.com\/noticias\/fin-de-temporada-para-khedira\/\" \/>\n\t<meta name=\"generator\" content=\"All in One SEO Pro (AIOSEO) 4.9.6.2\" \/>\n\t\t<meta property=\"og:locale\" content=\"es_ES\" \/>\n\t\t<meta property=\"og:site_name\" content=\"El Digital de Asturias\" \/>\n\t\t<meta property=\"og:type\" content=\"article\" \/>\n\t\t<meta property=\"og:title\" content=\"Fin de temporada para Khedira - El Digital de Asturias\" \/>\n\t\t<meta property=\"og:description\" content=\"Tur\u00edn (Italia), 19 abr (dpa) - Para el ex internacional alem\u00e1n Sami Khedira la temporada termin\u00f3 de forma prematura despu\u00e9s de haberse sometido a una operaci\u00f3n de rodilla, seg\u00fan anunci\u00f3 el jugador de 32 a\u00f1os en Twitter. El mediocampista germano de la Juventus de Tur\u00edn fue intervenido en el coraz\u00f3n en febrero debido a una\" \/>\n\t\t<meta property=\"og:url\" content=\"https:\/\/www.eldigitaldeasturias.com\/noticias\/fin-de-temporada-para-khedira\/\" \/>\n\t\t<meta property=\"og:image\" content=\"https:\/\/www.eldigitaldeasturias.com\/noticias\/wp-content\/uploads\/2018\/06\/football-1406106_960_720.jpg\" \/>\n\t\t<meta property=\"og:image:secure_url\" content=\"https:\/\/www.eldigitaldeasturias.com\/noticias\/wp-content\/uploads\/2018\/06\/football-1406106_960_720.jpg\" \/>\n\t\t<meta property=\"og:image:width\" content=\"960\" \/>\n\t\t<meta property=\"og:image:height\" content=\"643\" \/>\n\t\t<meta property=\"article:tag\" content=\"deportes\" \/>\n\t\t<meta property=\"article:published_time\" content=\"2019-04-19T19:54:56+00:00\" \/>\n\t\t<meta property=\"article:modified_time\" content=\"2019-04-19T19:54:56+00:00\" \/>\n\t\t<meta property=\"article:publisher\" content=\"https:\/\/facebook.com\/eldigitaldeasturias\" \/>\n\t\t<meta name=\"twitter:card\" content=\"summary_large_image\" \/>\n\t\t<meta name=\"twitter:title\" content=\"Fin de temporada para Khedira - El Digital de Asturias\" \/>\n\t\t<meta name=\"twitter:description\" content=\"Tur\u00edn (Italia), 19 abr (dpa) - Para el ex internacional alem\u00e1n Sami Khedira la temporada termin\u00f3 de forma prematura despu\u00e9s de haberse sometido a una operaci\u00f3n de rodilla, seg\u00fan anunci\u00f3 el jugador de 32 a\u00f1os en Twitter. El mediocampista germano de la Juventus de Tur\u00edn fue intervenido en el coraz\u00f3n en febrero debido a una\" \/>\n\t\t<meta name=\"twitter:image\" content=\"https:\/\/www.eldigitaldeasturias.com\/noticias\/wp-content\/uploads\/2018\/06\/football-1406106_960_720.jpg\" \/>\n\t\t<meta name=\"twitter:label1\" content=\"Escrito por\" \/>\n\t\t<meta name=\"twitter:data1\" content=\"El Digital de Asturias\" \/>\n\t\t<meta name=\"twitter:label2\" content=\"Tiempo de lectura estimado\" \/>\n\t\t<meta name=\"twitter:data2\" content=\"2 minutos\" \/>\n\t\t<script type=\"application\/ld+json\" class=\"aioseo-schema\">\n\t\t\t{\"@context\":\"https:\\\/\\\/schema.org\",\"@graph\":[{\"@type\":\"BlogPosting\",\"@id\":\"https:\\\/\\\/www.eldigitaldeasturias.com\\\/noticias\\\/fin-de-temporada-para-khedira\\\/#blogposting\",\"name\":\"Fin de temporada para Khedira - El Digital de Asturias\",\"headline\":\"Fin de temporada para Khedira\",\"author\":{\"@id\":\"https:\\\/\\\/www.eldigitaldeasturias.com\\\/noticias\\\/author\\\/admin\\\/#author\"},\"publisher\":{\"@id\":\"https:\\\/\\\/www.eldigitaldeasturias.com\\\/noticias\\\/#organization\"},\"image\":{\"@type\":\"ImageObject\",\"url\":\"https:\\\/\\\/www.eldigitaldeasturias.com\\\/noticias\\\/wp-content\\\/uploads\\\/2018\\\/06\\\/football-1406106_960_720.jpg\",\"width\":960,\"height\":643},\"datePublished\":\"2019-04-19T19:54:56+02:00\",\"dateModified\":\"2019-04-19T19:54:56+02:00\",\"inLanguage\":\"es-ES\",\"mainEntityOfPage\":{\"@id\":\"https:\\\/\\\/www.eldigitaldeasturias.com\\\/noticias\\\/fin-de-temporada-para-khedira\\\/#webpage\"},\"isPartOf\":{\"@id\":\"https:\\\/\\\/www.eldigitaldeasturias.com\\\/noticias\\\/fin-de-temporada-para-khedira\\\/#webpage\"},\"articleSection\":\"Deportes\"},{\"@type\":\"BreadcrumbList\",\"@id\":\"https:\\\/\\\/www.eldigitaldeasturias.com\\\/noticias\\\/fin-de-temporada-para-khedira\\\/#breadcrumblist\",\"itemListElement\":[{\"@type\":\"ListItem\",\"@id\":\"https:\\\/\\\/www.eldigitaldeasturias.com\\\/noticias#listItem\",\"position\":1,\"name\":\"Home\",\"item\":\"https:\\\/\\\/www.eldigitaldeasturias.com\\\/noticias\",\"nextItem\":{\"@type\":\"ListItem\",\"@id\":\"https:\\\/\\\/www.eldigitaldeasturias.com\\\/noticias\\\/category\\\/deportes\\\/#listItem\",\"name\":\"Deportes\"}},{\"@type\":\"ListItem\",\"@id\":\"https:\\\/\\\/www.eldigitaldeasturias.com\\\/noticias\\\/category\\\/deportes\\\/#listItem\",\"position\":2,\"name\":\"Deportes\",\"item\":\"https:\\\/\\\/www.eldigitaldeasturias.com\\\/noticias\\\/category\\\/deportes\\\/\",\"nextItem\":{\"@type\":\"ListItem\",\"@id\":\"https:\\\/\\\/www.eldigitaldeasturias.com\\\/noticias\\\/fin-de-temporada-para-khedira\\\/#listItem\",\"name\":\"Fin de temporada para Khedira\"},\"previousItem\":{\"@type\":\"ListItem\",\"@id\":\"https:\\\/\\\/www.eldigitaldeasturias.com\\\/noticias#listItem\",\"name\":\"Home\"}},{\"@type\":\"ListItem\",\"@id\":\"https:\\\/\\\/www.eldigitaldeasturias.com\\\/noticias\\\/fin-de-temporada-para-khedira\\\/#listItem\",\"position\":3,\"name\":\"Fin de temporada para Khedira\",\"previousItem\":{\"@type\":\"ListItem\",\"@id\":\"https:\\\/\\\/www.eldigitaldeasturias.com\\\/noticias\\\/category\\\/deportes\\\/#listItem\",\"name\":\"Deportes\"}}]},{\"@type\":\"Organization\",\"@id\":\"https:\\\/\\\/www.eldigitaldeasturias.com\\\/noticias\\\/#organization\",\"name\":\"El Digital de Asturias\",\"description\":\"Hemeroteca\",\"url\":\"https:\\\/\\\/www.eldigitaldeasturias.com\\\/noticias\\\/\",\"email\":\"info@eldigitaldeasturias.com\",\"telephone\":\"+34652131393\",\"logo\":{\"@type\":\"ImageObject\",\"url\":\"https:\\\/\\\/www.eldigitaldeasturias.com\\\/noticias\\\/wp-content\\\/uploads\\\/2020\\\/12\\\/EDA.jpg\",\"@id\":\"https:\\\/\\\/www.eldigitaldeasturias.com\\\/noticias\\\/fin-de-temporada-para-khedira\\\/#organizationLogo\",\"width\":649,\"height\":297},\"image\":{\"@id\":\"https:\\\/\\\/www.eldigitaldeasturias.com\\\/noticias\\\/fin-de-temporada-para-khedira\\\/#organizationLogo\"},\"sameAs\":[\"https:\\\/\\\/facebook.com\\\/eldigitaldeasturias\",\"https:\\\/\\\/www.youtube.com\\\/channel\\\/UCZP-2wLEB9Rv6erhFmqVnvg\"],\"address\":{\"@id\":\"https:\\\/\\\/www.eldigitaldeasturias.com\\\/noticias\\\/#postaladdress\",\"@type\":\"PostalAddress\",\"streetAddress\":\"san antonio 4,\",\"postalCode\":\"33430\",\"addressLocality\":\"Cand\\u00e1s\",\"addressRegion\":\"Asturias\",\"addressCountry\":\"ES\"}},{\"@type\":\"Person\",\"@id\":\"https:\\\/\\\/www.eldigitaldeasturias.com\\\/noticias\\\/author\\\/admin\\\/#author\",\"url\":\"https:\\\/\\\/www.eldigitaldeasturias.com\\\/noticias\\\/author\\\/admin\\\/\",\"name\":\"El Digital de Asturias\",\"image\":{\"@type\":\"ImageObject\",\"@id\":\"https:\\\/\\\/www.eldigitaldeasturias.com\\\/noticias\\\/fin-de-temporada-para-khedira\\\/#authorImage\",\"url\":\"https:\\\/\\\/www.eldigitaldeasturias.com\\\/noticias\\\/wp-content\\\/litespeed\\\/avatar\\\/18677e78aa0546b92d9dbf31ec7d7668.jpg?ver=1777290358\",\"width\":96,\"height\":96,\"caption\":\"El Digital de Asturias\"}},{\"@type\":\"WebPage\",\"@id\":\"https:\\\/\\\/www.eldigitaldeasturias.com\\\/noticias\\\/fin-de-temporada-para-khedira\\\/#webpage\",\"url\":\"https:\\\/\\\/www.eldigitaldeasturias.com\\\/noticias\\\/fin-de-temporada-para-khedira\\\/\",\"name\":\"Fin de temporada para Khedira - El Digital de Asturias\",\"description\":\"Tur\\u00edn (Italia), 19 abr (dpa) - Para el ex internacional alem\\u00e1n Sami Khedira la temporada termin\\u00f3 de forma prematura despu\\u00e9s de haberse sometido a una operaci\\u00f3n de rodilla, seg\\u00fan anunci\\u00f3 el jugador de 32 a\\u00f1os en Twitter. El mediocampista germano de la Juventus de Tur\\u00edn fue intervenido en el coraz\\u00f3n en febrero debido a una\",\"inLanguage\":\"es-ES\",\"isPartOf\":{\"@id\":\"https:\\\/\\\/www.eldigitaldeasturias.com\\\/noticias\\\/#website\"},\"breadcrumb\":{\"@id\":\"https:\\\/\\\/www.eldigitaldeasturias.com\\\/noticias\\\/fin-de-temporada-para-khedira\\\/#breadcrumblist\"},\"author\":{\"@id\":\"https:\\\/\\\/www.eldigitaldeasturias.com\\\/noticias\\\/author\\\/admin\\\/#author\"},\"creator\":{\"@id\":\"https:\\\/\\\/www.eldigitaldeasturias.com\\\/noticias\\\/author\\\/admin\\\/#author\"},\"image\":{\"@type\":\"ImageObject\",\"url\":\"https:\\\/\\\/www.eldigitaldeasturias.com\\\/noticias\\\/wp-content\\\/uploads\\\/2018\\\/06\\\/football-1406106_960_720.jpg\",\"@id\":\"https:\\\/\\\/www.eldigitaldeasturias.com\\\/noticias\\\/fin-de-temporada-para-khedira\\\/#mainImage\",\"width\":960,\"height\":643},\"primaryImageOfPage\":{\"@id\":\"https:\\\/\\\/www.eldigitaldeasturias.com\\\/noticias\\\/fin-de-temporada-para-khedira\\\/#mainImage\"},\"datePublished\":\"2019-04-19T19:54:56+02:00\",\"dateModified\":\"2019-04-19T19:54:56+02:00\"},{\"@type\":\"WebSite\",\"@id\":\"https:\\\/\\\/www.eldigitaldeasturias.com\\\/noticias\\\/#website\",\"url\":\"https:\\\/\\\/www.eldigitaldeasturias.com\\\/noticias\\\/\",\"name\":\"El Digital de Asturias - Diario de actualidad y noticias\",\"alternateName\":\"El Digital de Asturias - Diario de actualidad y noticias\",\"description\":\"Hemeroteca\",\"inLanguage\":\"es-ES\",\"publisher\":{\"@id\":\"https:\\\/\\\/www.eldigitaldeasturias.com\\\/noticias\\\/#organization\"}}]}\n\t\t<\/script>\n\t\t<!-- All in One SEO Pro -->\r\n\t\t<title>Fin de temporada para Khedira - El Digital de Asturias<\/title>\n\n","aioseo_head_json":{"title":"Fin de temporada para Khedira - El Digital de Asturias","description":"Tur\u00edn (Italia), 19 abr (dpa) - Para el ex internacional alem\u00e1n Sami Khedira la temporada termin\u00f3 de forma prematura despu\u00e9s de haberse sometido a una operaci\u00f3n de rodilla, seg\u00fan anunci\u00f3 el jugador de 32 a\u00f1os en Twitter. El mediocampista germano de la Juventus de Tur\u00edn fue intervenido en el coraz\u00f3n en febrero debido a una","canonical_url":"https:\/\/www.eldigitaldeasturias.com\/noticias\/fin-de-temporada-para-khedira\/","robots":"max-image-preview:large","keywords":"deportes","webmasterTools":{"google-site-verification":"UA-38556648-1","msvalidate.01":"7dfe9f3f1b24437ab69f4f2559babe99","miscellaneous":""},"schema":{"@context":"https:\/\/schema.org","@graph":[{"@type":"BlogPosting","@id":"https:\/\/www.eldigitaldeasturias.com\/noticias\/fin-de-temporada-para-khedira\/#blogposting","name":"Fin de temporada para Khedira - El Digital de Asturias","headline":"Fin de temporada para Khedira","author":{"@id":"https:\/\/www.eldigitaldeasturias.com\/noticias\/author\/admin\/#author"},"publisher":{"@id":"https:\/\/www.eldigitaldeasturias.com\/noticias\/#organization"},"image":{"@type":"ImageObject","url":"https:\/\/www.eldigitaldeasturias.com\/noticias\/wp-content\/uploads\/2018\/06\/football-1406106_960_720.jpg","width":960,"height":643},"datePublished":"2019-04-19T19:54:56+02:00","dateModified":"2019-04-19T19:54:56+02:00","inLanguage":"es-ES","mainEntityOfPage":{"@id":"https:\/\/www.eldigitaldeasturias.com\/noticias\/fin-de-temporada-para-khedira\/#webpage"},"isPartOf":{"@id":"https:\/\/www.eldigitaldeasturias.com\/noticias\/fin-de-temporada-para-khedira\/#webpage"},"articleSection":"Deportes"},{"@type":"BreadcrumbList","@id":"https:\/\/www.eldigitaldeasturias.com\/noticias\/fin-de-temporada-para-khedira\/#breadcrumblist","itemListElement":[{"@type":"ListItem","@id":"https:\/\/www.eldigitaldeasturias.com\/noticias#listItem","position":1,"name":"Home","item":"https:\/\/www.eldigitaldeasturias.com\/noticias","nextItem":{"@type":"ListItem","@id":"https:\/\/www.eldigitaldeasturias.com\/noticias\/category\/deportes\/#listItem","name":"Deportes"}},{"@type":"ListItem","@id":"https:\/\/www.eldigitaldeasturias.com\/noticias\/category\/deportes\/#listItem","position":2,"name":"Deportes","item":"https:\/\/www.eldigitaldeasturias.com\/noticias\/category\/deportes\/","nextItem":{"@type":"ListItem","@id":"https:\/\/www.eldigitaldeasturias.com\/noticias\/fin-de-temporada-para-khedira\/#listItem","name":"Fin de temporada para Khedira"},"previousItem":{"@type":"ListItem","@id":"https:\/\/www.eldigitaldeasturias.com\/noticias#listItem","name":"Home"}},{"@type":"ListItem","@id":"https:\/\/www.eldigitaldeasturias.com\/noticias\/fin-de-temporada-para-khedira\/#listItem","position":3,"name":"Fin de temporada para Khedira","previousItem":{"@type":"ListItem","@id":"https:\/\/www.eldigitaldeasturias.com\/noticias\/category\/deportes\/#listItem","name":"Deportes"}}]},{"@type":"Organization","@id":"https:\/\/www.eldigitaldeasturias.com\/noticias\/#organization","name":"El Digital de Asturias","description":"Hemeroteca","url":"https:\/\/www.eldigitaldeasturias.com\/noticias\/","email":"info@eldigitaldeasturias.com","telephone":"+34652131393","logo":{"@type":"ImageObject","url":"https:\/\/www.eldigitaldeasturias.com\/noticias\/wp-content\/uploads\/2020\/12\/EDA.jpg","@id":"https:\/\/www.eldigitaldeasturias.com\/noticias\/fin-de-temporada-para-khedira\/#organizationLogo","width":649,"height":297},"image":{"@id":"https:\/\/www.eldigitaldeasturias.com\/noticias\/fin-de-temporada-para-khedira\/#organizationLogo"},"sameAs":["https:\/\/facebook.com\/eldigitaldeasturias","https:\/\/www.youtube.com\/channel\/UCZP-2wLEB9Rv6erhFmqVnvg"],"address":{"@id":"https:\/\/www.eldigitaldeasturias.com\/noticias\/#postaladdress","@type":"PostalAddress","streetAddress":"san antonio 4,","postalCode":"33430","addressLocality":"Cand\u00e1s","addressRegion":"Asturias","addressCountry":"ES"}},{"@type":"Person","@id":"https:\/\/www.eldigitaldeasturias.com\/noticias\/author\/admin\/#author","url":"https:\/\/www.eldigitaldeasturias.com\/noticias\/author\/admin\/","name":"El Digital de Asturias","image":{"@type":"ImageObject","@id":"https:\/\/www.eldigitaldeasturias.com\/noticias\/fin-de-temporada-para-khedira\/#authorImage","url":"https:\/\/www.eldigitaldeasturias.com\/noticias\/wp-content\/litespeed\/avatar\/18677e78aa0546b92d9dbf31ec7d7668.jpg?ver=1777290358","width":96,"height":96,"caption":"El Digital de Asturias"}},{"@type":"WebPage","@id":"https:\/\/www.eldigitaldeasturias.com\/noticias\/fin-de-temporada-para-khedira\/#webpage","url":"https:\/\/www.eldigitaldeasturias.com\/noticias\/fin-de-temporada-para-khedira\/","name":"Fin de temporada para Khedira - El Digital de Asturias","description":"Tur\u00edn (Italia), 19 abr (dpa) - Para el ex internacional alem\u00e1n Sami Khedira la temporada termin\u00f3 de forma prematura despu\u00e9s de haberse sometido a una operaci\u00f3n de rodilla, seg\u00fan anunci\u00f3 el jugador de 32 a\u00f1os en Twitter. El mediocampista germano de la Juventus de Tur\u00edn fue intervenido en el coraz\u00f3n en febrero debido a una","inLanguage":"es-ES","isPartOf":{"@id":"https:\/\/www.eldigitaldeasturias.com\/noticias\/#website"},"breadcrumb":{"@id":"https:\/\/www.eldigitaldeasturias.com\/noticias\/fin-de-temporada-para-khedira\/#breadcrumblist"},"author":{"@id":"https:\/\/www.eldigitaldeasturias.com\/noticias\/author\/admin\/#author"},"creator":{"@id":"https:\/\/www.eldigitaldeasturias.com\/noticias\/author\/admin\/#author"},"image":{"@type":"ImageObject","url":"https:\/\/www.eldigitaldeasturias.com\/noticias\/wp-content\/uploads\/2018\/06\/football-1406106_960_720.jpg","@id":"https:\/\/www.eldigitaldeasturias.com\/noticias\/fin-de-temporada-para-khedira\/#mainImage","width":960,"height":643},"primaryImageOfPage":{"@id":"https:\/\/www.eldigitaldeasturias.com\/noticias\/fin-de-temporada-para-khedira\/#mainImage"},"datePublished":"2019-04-19T19:54:56+02:00","dateModified":"2019-04-19T19:54:56+02:00"},{"@type":"WebSite","@id":"https:\/\/www.eldigitaldeasturias.com\/noticias\/#website","url":"https:\/\/www.eldigitaldeasturias.com\/noticias\/","name":"El Digital de Asturias - Diario de actualidad y noticias","alternateName":"El Digital de Asturias - Diario de actualidad y noticias","description":"Hemeroteca","inLanguage":"es-ES","publisher":{"@id":"https:\/\/www.eldigitaldeasturias.com\/noticias\/#organization"}}]},"og:locale":"es_ES","og:site_name":"El Digital de Asturias","og:type":"article","og:title":"Fin de temporada para Khedira - El Digital de Asturias","og:description":"Tur\u00edn (Italia), 19 abr (dpa) - Para el ex internacional alem\u00e1n Sami Khedira la temporada termin\u00f3 de forma prematura despu\u00e9s de haberse sometido a una operaci\u00f3n de rodilla, seg\u00fan anunci\u00f3 el jugador de 32 a\u00f1os en Twitter. El mediocampista germano de la Juventus de Tur\u00edn fue intervenido en el coraz\u00f3n en febrero debido a una","og:url":"https:\/\/www.eldigitaldeasturias.com\/noticias\/fin-de-temporada-para-khedira\/","og:image":"https:\/\/www.eldigitaldeasturias.com\/noticias\/wp-content\/uploads\/2018\/06\/football-1406106_960_720.jpg","og:image:secure_url":"https:\/\/www.eldigitaldeasturias.com\/noticias\/wp-content\/uploads\/2018\/06\/football-1406106_960_720.jpg","og:image:width":960,"og:image:height":643,"article:tag":["deportes"],"article:published_time":"2019-04-19T19:54:56+00:00","article:modified_time":"2019-04-19T19:54:56+00:00","article:publisher":"https:\/\/facebook.com\/eldigitaldeasturias","twitter:card":"summary_large_image","twitter:title":"Fin de temporada para Khedira - El Digital de Asturias","twitter:description":"Tur\u00edn (Italia), 19 abr (dpa) - Para el ex internacional alem\u00e1n Sami Khedira la temporada termin\u00f3 de forma prematura despu\u00e9s de haberse sometido a una operaci\u00f3n de rodilla, seg\u00fan anunci\u00f3 el jugador de 32 a\u00f1os en Twitter. El mediocampista germano de la Juventus de Tur\u00edn fue intervenido en el coraz\u00f3n en febrero debido a una","twitter:image":"https:\/\/www.eldigitaldeasturias.com\/noticias\/wp-content\/uploads\/2018\/06\/football-1406106_960_720.jpg","twitter:label1":"Escrito por","twitter:data1":"El Digital de Asturias","twitter:label2":"Tiempo de lectura estimado","twitter:data2":"2 minutos"},"aioseo_meta_data":{"post_id":"1024530","title":null,"description":null,"keywords":null,"keyphrases":null,"primary_term":null,"canonical_url":null,"og_title":null,"og_description":null,"og_object_type":"default","og_image_type":"default","og_image_url":null,"og_image_width":null,"og_image_height":null,"og_image_custom_url":null,"og_image_custom_fields":null,"og_video":null,"og_custom_url":null,"og_article_section":null,"og_article_tags":null,"twitter_use_og":false,"twitter_card":"default","twitter_image_type":"default","twitter_image_url":null,"twitter_image_custom_url":null,"twitter_image_custom_fields":null,"twitter_title":null,"twitter_description":null,"schema":{"blockGraphs":[],"customGraphs":[],"default":{"data":{"Article":[],"Course":[],"Dataset":[],"FAQPage":[],"Movie":[],"Person":[],"Product":[],"ProductReview":[],"Car":[],"Recipe":[],"Service":[],"SoftwareApplication":[],"WebPage":[]},"graphName":"","isEnabled":true},"graphs":[]},"schema_type":null,"schema_type_options":null,"pillar_content":false,"robots_default":true,"robots_noindex":false,"robots_noarchive":false,"robots_nosnippet":false,"robots_nofollow":false,"robots_noimageindex":false,"robots_noodp":false,"robots_notranslate":false,"robots_max_snippet":null,"robots_max_videopreview":null,"robots_max_imagepreview":"large","priority":null,"frequency":null,"local_seo":null,"seo_analyzer_scan_date":"2025-10-17 18:38:14","breadcrumb_settings":null,"limit_modified_date":false,"open_ai":null,"ai":null,"created":"2020-12-21 11:14:48","updated":"2025-10-17 18:38:14"},"aioseo_breadcrumb":"<div class=\"aioseo-breadcrumbs\"><span class=\"aioseo-breadcrumb\">\n\t<a href=\"https:\/\/www.eldigitaldeasturias.com\/noticias\" title=\"Home\">Home<\/a>\n<\/span><span class=\"aioseo-breadcrumb-separator\">\u2013<\/span><span class=\"aioseo-breadcrumb\">\n\t<a href=\"https:\/\/www.eldigitaldeasturias.com\/noticias\/category\/deportes\/\" title=\"Deportes\">Deportes<\/a>\n<\/span><span class=\"aioseo-breadcrumb-separator\">\u2013<\/span><span class=\"aioseo-breadcrumb\">\n\t<a href=\"https:\/\/www.eldigitaldeasturias.com\/noticias\/fin-de-temporada-para-khedira\/\" title=\"Fin de temporada para Khedira\">Fin de temporada para Khedira<\/a>\n<\/span><\/div>","aioseo_breadcrumb_json":[{"label":"Home","link":"https:\/\/www.eldigitaldeasturias.com\/noticias"},{"label":"Deportes","link":"https:\/\/www.eldigitaldeasturias.com\/noticias\/category\/deportes\/"},{"label":"Fin de temporada para Khedira","link":"https:\/\/www.eldigitaldeasturias.com\/noticias\/fin-de-temporada-para-khedira\/"}],"_links":{"self":[{"href":"https:\/\/www.eldigitaldeasturias.com\/noticias\/wp-json\/wp\/v2\/posts\/1024530","targetHints":{"allow":["GET"]}}],"collection":[{"href":"https:\/\/www.eldigitaldeasturias.com\/noticias\/wp-json\/wp\/v2\/posts"}],"about":[{"href":"https:\/\/www.eldigitaldeasturias.com\/noticias\/wp-json\/wp\/v2\/types\/post"}],"author":[{"embeddable":true,"href":"https:\/\/www.eldigitaldeasturias.com\/noticias\/wp-json\/wp\/v2\/users\/1"}],"replies":[{"embeddable":true,"href":"https:\/\/www.eldigitaldeasturias.com\/noticias\/wp-json\/wp\/v2\/comments?post=1024530"}],"version-history":[{"count":0,"href":"https:\/\/www.eldigitaldeasturias.com\/noticias\/wp-json\/wp\/v2\/posts\/1024530\/revisions"}],"wp:featuredmedia":[{"embeddable":true,"href":"https:\/\/www.eldigitaldeasturias.com\/noticias\/wp-json\/wp\/v2\/media\/985209"}],"wp:attachment":[{"href":"https:\/\/www.eldigitaldeasturias.com\/noticias\/wp-json\/wp\/v2\/media?parent=1024530"}],"wp:term":[{"taxonomy":"category","embeddable":true,"href":"https:\/\/www.eldigitaldeasturias.com\/noticias\/wp-json\/wp\/v2\/categories?post=1024530"},{"taxonomy":"post_tag","embeddable":true,"href":"https:\/\/www.eldigitaldeasturias.com\/noticias\/wp-json\/wp\/v2\/tags?post=1024530"}],"curies":[{"name":"wp","href":"https:\/\/api.w.org\/{rel}","templated":true}]}}