{"id":1024319,"date":"2019-04-17T20:25:57","date_gmt":"2019-04-17T20:25:57","guid":{"rendered":"https:\/\/www.eldigitaldeasturias.com\/noticias\/?p=1024319"},"modified":"2019-04-17T20:25:57","modified_gmt":"2019-04-17T20:25:57","slug":"peter-altmaier-necesitamos-una-proteccion-del-clima-que-funcione-en-una-economia-de-mercado","status":"publish","type":"post","link":"https:\/\/www.eldigitaldeasturias.com\/noticias\/peter-altmaier-necesitamos-una-proteccion-del-clima-que-funcione-en-una-economia-de-mercado\/","title":{"rendered":"Peter Altmaier: \u201cNecesitamos una protecci\u00f3n del clima que funcione en una econom\u00eda de mercado\u00bb"},"content":{"rendered":"<p><img loading=\"lazy\" decoding=\"async\" class=\"alignleft size-medium wp-image-992077\" src=\"https:\/\/www.eldigitaldeasturias.com\/noticias\/wp-content\/uploads\/2018\/08\/berlin-1079616_960_720-360x270.jpg\" alt=\"\" width=\"360\" height=\"270\" srcset=\"https:\/\/www.eldigitaldeasturias.com\/noticias\/wp-content\/uploads\/2018\/08\/berlin-1079616_960_720-360x270.jpg 360w, https:\/\/www.eldigitaldeasturias.com\/noticias\/wp-content\/uploads\/2018\/08\/berlin-1079616_960_720-768x576.jpg 768w, https:\/\/www.eldigitaldeasturias.com\/noticias\/wp-content\/uploads\/2018\/08\/berlin-1079616_960_720-640x480.jpg 640w, https:\/\/www.eldigitaldeasturias.com\/noticias\/wp-content\/uploads\/2018\/08\/berlin-1079616_960_720-90x67.jpg 90w, https:\/\/www.eldigitaldeasturias.com\/noticias\/wp-content\/uploads\/2018\/08\/berlin-1079616_960_720-100x75.jpg 100w, https:\/\/www.eldigitaldeasturias.com\/noticias\/wp-content\/uploads\/2018\/08\/berlin-1079616_960_720.jpg 960w\" sizes=\"auto, (max-width: 360px) 100vw, 360px\" \/>Halle (Alemania), 17 abr (dpa) &#8211; El ministro alem\u00e1n de Econom\u00eda, Peter Altmaier, exige que los precios de la energ\u00eda sigan siendo asequibles en Alemania a\u00fan despu\u00e9s del abandono del carb\u00f3n como una de las principales fuentes energ\u00e9ticas, seg\u00fan declaraciones efectuadas en un debate con ciudadanos.<\/p>\n<p>\u00abS\u00ed a la protecci\u00f3n del clima, pero necesitamos una protecci\u00f3n del clima que funcione en una econom\u00eda de mercado\u00bb, dijo Altmaier el martes por la noche en la ciudad de Halle, en el este de Alemania.<\/p>\n<p>Si las centrales el\u00e9ctricas alimentadas con carb\u00f3n se cerraran gradualmente en los pr\u00f3ximos 20 a\u00f1os, tal como recomienda la comisi\u00f3n designada por el Gobierno al respecto, es necesario hacer que las energ\u00edas renovables sean competitivas, se\u00f1al\u00f3 el ministro germano.<\/p>\n<p>\u00abTenemos mucho trabajo por delante\u00bb, indic\u00f3 Altmaier. La eliminaci\u00f3n gradual del carb\u00f3n no deber\u00eda poner en peligro la posici\u00f3n de Alemania como una de las econom\u00edas m\u00e1s pr\u00f3speras, explic\u00f3.<\/p>\n<p>El encuentro con unos 200 habitantes de la regi\u00f3n de Halle-Leipzig, en la que se extrae lignito y se transforma en electricidad, se celebr\u00f3 bajo el lema \u00abUn futuro pr\u00f3spero\u00bb.<\/p>\n<p>Adem\u00e1s de la retirada progresiva del carb\u00f3n y la protecci\u00f3n del clima, se trataron otros temas como la formaci\u00f3n y la escasez de trabajadores cualificados, as\u00ed como las consecuencias de la digitalizaci\u00f3n.<\/p>\n","protected":false},"excerpt":{"rendered":"<p>Halle (Alemania), 17 abr (dpa) &#8211; El ministro alem\u00e1n de Econom\u00eda, Peter Altmaier, exige que los precios de la energ\u00eda sigan siendo asequibles en Alemania a\u00fan despu\u00e9s del abandono del carb\u00f3n como una de las principales fuentes energ\u00e9ticas, seg\u00fan declaraciones efectuadas en un debate con ciudadanos. \u00abS\u00ed a la protecci\u00f3n del clima, pero necesitamos una [&hellip;]<\/p>\n","protected":false},"author":1,"featured_media":992077,"comment_status":"closed","ping_status":"closed","sticky":false,"template":"","format":"standard","meta":{"footnotes":""},"categories":[187],"tags":[],"class_list":["post-1024319","post","type-post","status-publish","format-standard","has-post-thumbnail","hentry","category-economia"],"aioseo_notices":[],"aioseo_head":"\n\t\t<!-- All in One SEO Pro 4.9.6.2 - aioseo.com -->\n\t<meta name=\"description\" content=\"Halle (Alemania), 17 abr (dpa) - El ministro alem\u00e1n de Econom\u00eda, Peter Altmaier, exige que los precios de la energ\u00eda sigan siendo asequibles en Alemania a\u00fan despu\u00e9s del abandono del carb\u00f3n como una de las principales fuentes energ\u00e9ticas, seg\u00fan declaraciones efectuadas en un debate con ciudadanos. &quot;S\u00ed a la protecci\u00f3n del clima, pero necesitamos una\" \/>\n\t<meta name=\"robots\" content=\"max-image-preview:large\" \/>\n\t<meta name=\"author\" content=\"El Digital de Asturias\"\/>\n\t<meta name=\"google-site-verification\" content=\"UA-38556648-1\" \/>\n\t<meta name=\"msvalidate.01\" content=\"7dfe9f3f1b24437ab69f4f2559babe99\" \/>\n\t<meta name=\"keywords\" content=\"econom\u00eda\" \/>\n\t<link rel=\"canonical\" href=\"https:\/\/www.eldigitaldeasturias.com\/noticias\/peter-altmaier-necesitamos-una-proteccion-del-clima-que-funcione-en-una-economia-de-mercado\/\" \/>\n\t<meta name=\"generator\" content=\"All in One SEO Pro (AIOSEO) 4.9.6.2\" \/>\n\t\t<meta property=\"og:locale\" content=\"es_ES\" \/>\n\t\t<meta property=\"og:site_name\" content=\"El Digital de Asturias\" \/>\n\t\t<meta property=\"og:type\" content=\"article\" \/>\n\t\t<meta property=\"og:title\" content=\"Peter Altmaier: \u201cNecesitamos una protecci\u00f3n del clima que funcione en una econom\u00eda de mercado\u00bb - El Digital de Asturias\" \/>\n\t\t<meta property=\"og:description\" content=\"Halle (Alemania), 17 abr (dpa) - El ministro alem\u00e1n de Econom\u00eda, Peter Altmaier, exige que los precios de la energ\u00eda sigan siendo asequibles en Alemania a\u00fan despu\u00e9s del abandono del carb\u00f3n como una de las principales fuentes energ\u00e9ticas, seg\u00fan declaraciones efectuadas en un debate con ciudadanos. &quot;S\u00ed a la protecci\u00f3n del clima, pero necesitamos una\" \/>\n\t\t<meta property=\"og:url\" content=\"https:\/\/www.eldigitaldeasturias.com\/noticias\/peter-altmaier-necesitamos-una-proteccion-del-clima-que-funcione-en-una-economia-de-mercado\/\" \/>\n\t\t<meta property=\"og:image\" content=\"https:\/\/www.eldigitaldeasturias.com\/noticias\/wp-content\/uploads\/2018\/08\/berlin-1079616_960_720.jpg\" \/>\n\t\t<meta property=\"og:image:secure_url\" content=\"https:\/\/www.eldigitaldeasturias.com\/noticias\/wp-content\/uploads\/2018\/08\/berlin-1079616_960_720.jpg\" \/>\n\t\t<meta property=\"og:image:width\" content=\"960\" \/>\n\t\t<meta property=\"og:image:height\" content=\"720\" \/>\n\t\t<meta property=\"article:tag\" content=\"econom\u00eda\" \/>\n\t\t<meta property=\"article:published_time\" content=\"2019-04-17T20:25:57+00:00\" \/>\n\t\t<meta property=\"article:modified_time\" content=\"2019-04-17T20:25:57+00:00\" \/>\n\t\t<meta property=\"article:publisher\" content=\"https:\/\/facebook.com\/eldigitaldeasturias\" \/>\n\t\t<meta name=\"twitter:card\" content=\"summary_large_image\" \/>\n\t\t<meta name=\"twitter:title\" content=\"Peter Altmaier: \u201cNecesitamos una protecci\u00f3n del clima que funcione en una econom\u00eda de mercado\u00bb - El Digital de Asturias\" \/>\n\t\t<meta name=\"twitter:description\" content=\"Halle (Alemania), 17 abr (dpa) - El ministro alem\u00e1n de Econom\u00eda, Peter Altmaier, exige que los precios de la energ\u00eda sigan siendo asequibles en Alemania a\u00fan despu\u00e9s del abandono del carb\u00f3n como una de las principales fuentes energ\u00e9ticas, seg\u00fan declaraciones efectuadas en un debate con ciudadanos. &quot;S\u00ed a la protecci\u00f3n del clima, pero necesitamos una\" \/>\n\t\t<meta name=\"twitter:image\" content=\"https:\/\/www.eldigitaldeasturias.com\/noticias\/wp-content\/uploads\/2018\/08\/berlin-1079616_960_720.jpg\" \/>\n\t\t<meta name=\"twitter:label1\" content=\"Escrito por\" \/>\n\t\t<meta name=\"twitter:data1\" content=\"El Digital de Asturias\" \/>\n\t\t<meta name=\"twitter:label2\" content=\"Tiempo de lectura estimado\" \/>\n\t\t<meta name=\"twitter:data2\" content=\"1 minuto\" \/>\n\t\t<script type=\"application\/ld+json\" class=\"aioseo-schema\">\n\t\t\t{\"@context\":\"https:\\\/\\\/schema.org\",\"@graph\":[{\"@type\":\"BlogPosting\",\"@id\":\"https:\\\/\\\/www.eldigitaldeasturias.com\\\/noticias\\\/peter-altmaier-necesitamos-una-proteccion-del-clima-que-funcione-en-una-economia-de-mercado\\\/#blogposting\",\"name\":\"Peter Altmaier: \\u201cNecesitamos una protecci\\u00f3n del clima que funcione en una econom\\u00eda de mercado\\u00bb - El Digital de Asturias\",\"headline\":\"Peter Altmaier: \\u201cNecesitamos una protecci\\u00f3n del clima que funcione en una econom\\u00eda de mercado\\u00bb\",\"author\":{\"@id\":\"https:\\\/\\\/www.eldigitaldeasturias.com\\\/noticias\\\/author\\\/admin\\\/#author\"},\"publisher\":{\"@id\":\"https:\\\/\\\/www.eldigitaldeasturias.com\\\/noticias\\\/#organization\"},\"image\":{\"@type\":\"ImageObject\",\"url\":\"https:\\\/\\\/www.eldigitaldeasturias.com\\\/noticias\\\/wp-content\\\/uploads\\\/2018\\\/08\\\/berlin-1079616_960_720.jpg\",\"width\":960,\"height\":720},\"datePublished\":\"2019-04-17T20:25:57+02:00\",\"dateModified\":\"2019-04-17T20:25:57+02:00\",\"inLanguage\":\"es-ES\",\"mainEntityOfPage\":{\"@id\":\"https:\\\/\\\/www.eldigitaldeasturias.com\\\/noticias\\\/peter-altmaier-necesitamos-una-proteccion-del-clima-que-funcione-en-una-economia-de-mercado\\\/#webpage\"},\"isPartOf\":{\"@id\":\"https:\\\/\\\/www.eldigitaldeasturias.com\\\/noticias\\\/peter-altmaier-necesitamos-una-proteccion-del-clima-que-funcione-en-una-economia-de-mercado\\\/#webpage\"},\"articleSection\":\"Econom\\u00eda\"},{\"@type\":\"BreadcrumbList\",\"@id\":\"https:\\\/\\\/www.eldigitaldeasturias.com\\\/noticias\\\/peter-altmaier-necesitamos-una-proteccion-del-clima-que-funcione-en-una-economia-de-mercado\\\/#breadcrumblist\",\"itemListElement\":[{\"@type\":\"ListItem\",\"@id\":\"https:\\\/\\\/www.eldigitaldeasturias.com\\\/noticias#listItem\",\"position\":1,\"name\":\"Home\",\"item\":\"https:\\\/\\\/www.eldigitaldeasturias.com\\\/noticias\",\"nextItem\":{\"@type\":\"ListItem\",\"@id\":\"https:\\\/\\\/www.eldigitaldeasturias.com\\\/noticias\\\/category\\\/economia\\\/#listItem\",\"name\":\"Econom\\u00eda\"}},{\"@type\":\"ListItem\",\"@id\":\"https:\\\/\\\/www.eldigitaldeasturias.com\\\/noticias\\\/category\\\/economia\\\/#listItem\",\"position\":2,\"name\":\"Econom\\u00eda\",\"item\":\"https:\\\/\\\/www.eldigitaldeasturias.com\\\/noticias\\\/category\\\/economia\\\/\",\"nextItem\":{\"@type\":\"ListItem\",\"@id\":\"https:\\\/\\\/www.eldigitaldeasturias.com\\\/noticias\\\/peter-altmaier-necesitamos-una-proteccion-del-clima-que-funcione-en-una-economia-de-mercado\\\/#listItem\",\"name\":\"Peter Altmaier: \\u201cNecesitamos una protecci\\u00f3n del clima que funcione en una econom\\u00eda de mercado\\u00bb\"},\"previousItem\":{\"@type\":\"ListItem\",\"@id\":\"https:\\\/\\\/www.eldigitaldeasturias.com\\\/noticias#listItem\",\"name\":\"Home\"}},{\"@type\":\"ListItem\",\"@id\":\"https:\\\/\\\/www.eldigitaldeasturias.com\\\/noticias\\\/peter-altmaier-necesitamos-una-proteccion-del-clima-que-funcione-en-una-economia-de-mercado\\\/#listItem\",\"position\":3,\"name\":\"Peter Altmaier: \\u201cNecesitamos una protecci\\u00f3n del clima que funcione en una econom\\u00eda de mercado\\u00bb\",\"previousItem\":{\"@type\":\"ListItem\",\"@id\":\"https:\\\/\\\/www.eldigitaldeasturias.com\\\/noticias\\\/category\\\/economia\\\/#listItem\",\"name\":\"Econom\\u00eda\"}}]},{\"@type\":\"Organization\",\"@id\":\"https:\\\/\\\/www.eldigitaldeasturias.com\\\/noticias\\\/#organization\",\"name\":\"El Digital de Asturias\",\"description\":\"Hemeroteca\",\"url\":\"https:\\\/\\\/www.eldigitaldeasturias.com\\\/noticias\\\/\",\"email\":\"info@eldigitaldeasturias.com\",\"telephone\":\"+34652131393\",\"logo\":{\"@type\":\"ImageObject\",\"url\":\"https:\\\/\\\/www.eldigitaldeasturias.com\\\/noticias\\\/wp-content\\\/uploads\\\/2020\\\/12\\\/EDA.jpg\",\"@id\":\"https:\\\/\\\/www.eldigitaldeasturias.com\\\/noticias\\\/peter-altmaier-necesitamos-una-proteccion-del-clima-que-funcione-en-una-economia-de-mercado\\\/#organizationLogo\",\"width\":649,\"height\":297},\"image\":{\"@id\":\"https:\\\/\\\/www.eldigitaldeasturias.com\\\/noticias\\\/peter-altmaier-necesitamos-una-proteccion-del-clima-que-funcione-en-una-economia-de-mercado\\\/#organizationLogo\"},\"sameAs\":[\"https:\\\/\\\/facebook.com\\\/eldigitaldeasturias\",\"https:\\\/\\\/www.youtube.com\\\/channel\\\/UCZP-2wLEB9Rv6erhFmqVnvg\"],\"address\":{\"@id\":\"https:\\\/\\\/www.eldigitaldeasturias.com\\\/noticias\\\/#postaladdress\",\"@type\":\"PostalAddress\",\"streetAddress\":\"san antonio 4,\",\"postalCode\":\"33430\",\"addressLocality\":\"Cand\\u00e1s\",\"addressRegion\":\"Asturias\",\"addressCountry\":\"ES\"}},{\"@type\":\"Person\",\"@id\":\"https:\\\/\\\/www.eldigitaldeasturias.com\\\/noticias\\\/author\\\/admin\\\/#author\",\"url\":\"https:\\\/\\\/www.eldigitaldeasturias.com\\\/noticias\\\/author\\\/admin\\\/\",\"name\":\"El Digital de Asturias\",\"image\":{\"@type\":\"ImageObject\",\"@id\":\"https:\\\/\\\/www.eldigitaldeasturias.com\\\/noticias\\\/peter-altmaier-necesitamos-una-proteccion-del-clima-que-funcione-en-una-economia-de-mercado\\\/#authorImage\",\"url\":\"https:\\\/\\\/www.eldigitaldeasturias.com\\\/noticias\\\/wp-content\\\/litespeed\\\/avatar\\\/18677e78aa0546b92d9dbf31ec7d7668.jpg?ver=1776685526\",\"width\":96,\"height\":96,\"caption\":\"El Digital de Asturias\"}},{\"@type\":\"WebPage\",\"@id\":\"https:\\\/\\\/www.eldigitaldeasturias.com\\\/noticias\\\/peter-altmaier-necesitamos-una-proteccion-del-clima-que-funcione-en-una-economia-de-mercado\\\/#webpage\",\"url\":\"https:\\\/\\\/www.eldigitaldeasturias.com\\\/noticias\\\/peter-altmaier-necesitamos-una-proteccion-del-clima-que-funcione-en-una-economia-de-mercado\\\/\",\"name\":\"Peter Altmaier: \\u201cNecesitamos una protecci\\u00f3n del clima que funcione en una econom\\u00eda de mercado\\u00bb - El Digital de Asturias\",\"description\":\"Halle (Alemania), 17 abr (dpa) - El ministro alem\\u00e1n de Econom\\u00eda, Peter Altmaier, exige que los precios de la energ\\u00eda sigan siendo asequibles en Alemania a\\u00fan despu\\u00e9s del abandono del carb\\u00f3n como una de las principales fuentes energ\\u00e9ticas, seg\\u00fan declaraciones efectuadas en un debate con ciudadanos. \\\"S\\u00ed a la protecci\\u00f3n del clima, pero necesitamos una\",\"inLanguage\":\"es-ES\",\"isPartOf\":{\"@id\":\"https:\\\/\\\/www.eldigitaldeasturias.com\\\/noticias\\\/#website\"},\"breadcrumb\":{\"@id\":\"https:\\\/\\\/www.eldigitaldeasturias.com\\\/noticias\\\/peter-altmaier-necesitamos-una-proteccion-del-clima-que-funcione-en-una-economia-de-mercado\\\/#breadcrumblist\"},\"author\":{\"@id\":\"https:\\\/\\\/www.eldigitaldeasturias.com\\\/noticias\\\/author\\\/admin\\\/#author\"},\"creator\":{\"@id\":\"https:\\\/\\\/www.eldigitaldeasturias.com\\\/noticias\\\/author\\\/admin\\\/#author\"},\"image\":{\"@type\":\"ImageObject\",\"url\":\"https:\\\/\\\/www.eldigitaldeasturias.com\\\/noticias\\\/wp-content\\\/uploads\\\/2018\\\/08\\\/berlin-1079616_960_720.jpg\",\"@id\":\"https:\\\/\\\/www.eldigitaldeasturias.com\\\/noticias\\\/peter-altmaier-necesitamos-una-proteccion-del-clima-que-funcione-en-una-economia-de-mercado\\\/#mainImage\",\"width\":960,\"height\":720},\"primaryImageOfPage\":{\"@id\":\"https:\\\/\\\/www.eldigitaldeasturias.com\\\/noticias\\\/peter-altmaier-necesitamos-una-proteccion-del-clima-que-funcione-en-una-economia-de-mercado\\\/#mainImage\"},\"datePublished\":\"2019-04-17T20:25:57+02:00\",\"dateModified\":\"2019-04-17T20:25:57+02:00\"},{\"@type\":\"WebSite\",\"@id\":\"https:\\\/\\\/www.eldigitaldeasturias.com\\\/noticias\\\/#website\",\"url\":\"https:\\\/\\\/www.eldigitaldeasturias.com\\\/noticias\\\/\",\"name\":\"El Digital de Asturias - Diario de actualidad y noticias\",\"alternateName\":\"El Digital de Asturias - Diario de actualidad y noticias\",\"description\":\"Hemeroteca\",\"inLanguage\":\"es-ES\",\"publisher\":{\"@id\":\"https:\\\/\\\/www.eldigitaldeasturias.com\\\/noticias\\\/#organization\"}}]}\n\t\t<\/script>\n\t\t<!-- All in One SEO Pro -->\r\n\t\t<title>Peter Altmaier: \u201cNecesitamos una protecci\u00f3n del clima que funcione en una econom\u00eda de mercado\u00bb - El Digital de Asturias<\/title>\n\n","aioseo_head_json":{"title":"Peter Altmaier: \u201cNecesitamos una protecci\u00f3n del clima que funcione en una econom\u00eda de mercado\u00bb - El Digital de Asturias","description":"Halle (Alemania), 17 abr (dpa) - El ministro alem\u00e1n de Econom\u00eda, Peter Altmaier, exige que los precios de la energ\u00eda sigan siendo asequibles en Alemania a\u00fan despu\u00e9s del abandono del carb\u00f3n como una de las principales fuentes energ\u00e9ticas, seg\u00fan declaraciones efectuadas en un debate con ciudadanos. \"S\u00ed a la protecci\u00f3n del clima, pero necesitamos una","canonical_url":"https:\/\/www.eldigitaldeasturias.com\/noticias\/peter-altmaier-necesitamos-una-proteccion-del-clima-que-funcione-en-una-economia-de-mercado\/","robots":"max-image-preview:large","keywords":"econom\u00eda","webmasterTools":{"google-site-verification":"UA-38556648-1","msvalidate.01":"7dfe9f3f1b24437ab69f4f2559babe99","miscellaneous":""},"schema":{"@context":"https:\/\/schema.org","@graph":[{"@type":"BlogPosting","@id":"https:\/\/www.eldigitaldeasturias.com\/noticias\/peter-altmaier-necesitamos-una-proteccion-del-clima-que-funcione-en-una-economia-de-mercado\/#blogposting","name":"Peter Altmaier: \u201cNecesitamos una protecci\u00f3n del clima que funcione en una econom\u00eda de mercado\u00bb - El Digital de Asturias","headline":"Peter Altmaier: \u201cNecesitamos una protecci\u00f3n del clima que funcione en una econom\u00eda de mercado\u00bb","author":{"@id":"https:\/\/www.eldigitaldeasturias.com\/noticias\/author\/admin\/#author"},"publisher":{"@id":"https:\/\/www.eldigitaldeasturias.com\/noticias\/#organization"},"image":{"@type":"ImageObject","url":"https:\/\/www.eldigitaldeasturias.com\/noticias\/wp-content\/uploads\/2018\/08\/berlin-1079616_960_720.jpg","width":960,"height":720},"datePublished":"2019-04-17T20:25:57+02:00","dateModified":"2019-04-17T20:25:57+02:00","inLanguage":"es-ES","mainEntityOfPage":{"@id":"https:\/\/www.eldigitaldeasturias.com\/noticias\/peter-altmaier-necesitamos-una-proteccion-del-clima-que-funcione-en-una-economia-de-mercado\/#webpage"},"isPartOf":{"@id":"https:\/\/www.eldigitaldeasturias.com\/noticias\/peter-altmaier-necesitamos-una-proteccion-del-clima-que-funcione-en-una-economia-de-mercado\/#webpage"},"articleSection":"Econom\u00eda"},{"@type":"BreadcrumbList","@id":"https:\/\/www.eldigitaldeasturias.com\/noticias\/peter-altmaier-necesitamos-una-proteccion-del-clima-que-funcione-en-una-economia-de-mercado\/#breadcrumblist","itemListElement":[{"@type":"ListItem","@id":"https:\/\/www.eldigitaldeasturias.com\/noticias#listItem","position":1,"name":"Home","item":"https:\/\/www.eldigitaldeasturias.com\/noticias","nextItem":{"@type":"ListItem","@id":"https:\/\/www.eldigitaldeasturias.com\/noticias\/category\/economia\/#listItem","name":"Econom\u00eda"}},{"@type":"ListItem","@id":"https:\/\/www.eldigitaldeasturias.com\/noticias\/category\/economia\/#listItem","position":2,"name":"Econom\u00eda","item":"https:\/\/www.eldigitaldeasturias.com\/noticias\/category\/economia\/","nextItem":{"@type":"ListItem","@id":"https:\/\/www.eldigitaldeasturias.com\/noticias\/peter-altmaier-necesitamos-una-proteccion-del-clima-que-funcione-en-una-economia-de-mercado\/#listItem","name":"Peter Altmaier: \u201cNecesitamos una protecci\u00f3n del clima que funcione en una econom\u00eda de mercado\u00bb"},"previousItem":{"@type":"ListItem","@id":"https:\/\/www.eldigitaldeasturias.com\/noticias#listItem","name":"Home"}},{"@type":"ListItem","@id":"https:\/\/www.eldigitaldeasturias.com\/noticias\/peter-altmaier-necesitamos-una-proteccion-del-clima-que-funcione-en-una-economia-de-mercado\/#listItem","position":3,"name":"Peter Altmaier: \u201cNecesitamos una protecci\u00f3n del clima que funcione en una econom\u00eda de mercado\u00bb","previousItem":{"@type":"ListItem","@id":"https:\/\/www.eldigitaldeasturias.com\/noticias\/category\/economia\/#listItem","name":"Econom\u00eda"}}]},{"@type":"Organization","@id":"https:\/\/www.eldigitaldeasturias.com\/noticias\/#organization","name":"El Digital de Asturias","description":"Hemeroteca","url":"https:\/\/www.eldigitaldeasturias.com\/noticias\/","email":"info@eldigitaldeasturias.com","telephone":"+34652131393","logo":{"@type":"ImageObject","url":"https:\/\/www.eldigitaldeasturias.com\/noticias\/wp-content\/uploads\/2020\/12\/EDA.jpg","@id":"https:\/\/www.eldigitaldeasturias.com\/noticias\/peter-altmaier-necesitamos-una-proteccion-del-clima-que-funcione-en-una-economia-de-mercado\/#organizationLogo","width":649,"height":297},"image":{"@id":"https:\/\/www.eldigitaldeasturias.com\/noticias\/peter-altmaier-necesitamos-una-proteccion-del-clima-que-funcione-en-una-economia-de-mercado\/#organizationLogo"},"sameAs":["https:\/\/facebook.com\/eldigitaldeasturias","https:\/\/www.youtube.com\/channel\/UCZP-2wLEB9Rv6erhFmqVnvg"],"address":{"@id":"https:\/\/www.eldigitaldeasturias.com\/noticias\/#postaladdress","@type":"PostalAddress","streetAddress":"san antonio 4,","postalCode":"33430","addressLocality":"Cand\u00e1s","addressRegion":"Asturias","addressCountry":"ES"}},{"@type":"Person","@id":"https:\/\/www.eldigitaldeasturias.com\/noticias\/author\/admin\/#author","url":"https:\/\/www.eldigitaldeasturias.com\/noticias\/author\/admin\/","name":"El Digital de Asturias","image":{"@type":"ImageObject","@id":"https:\/\/www.eldigitaldeasturias.com\/noticias\/peter-altmaier-necesitamos-una-proteccion-del-clima-que-funcione-en-una-economia-de-mercado\/#authorImage","url":"https:\/\/www.eldigitaldeasturias.com\/noticias\/wp-content\/litespeed\/avatar\/18677e78aa0546b92d9dbf31ec7d7668.jpg?ver=1776685526","width":96,"height":96,"caption":"El Digital de Asturias"}},{"@type":"WebPage","@id":"https:\/\/www.eldigitaldeasturias.com\/noticias\/peter-altmaier-necesitamos-una-proteccion-del-clima-que-funcione-en-una-economia-de-mercado\/#webpage","url":"https:\/\/www.eldigitaldeasturias.com\/noticias\/peter-altmaier-necesitamos-una-proteccion-del-clima-que-funcione-en-una-economia-de-mercado\/","name":"Peter Altmaier: \u201cNecesitamos una protecci\u00f3n del clima que funcione en una econom\u00eda de mercado\u00bb - El Digital de Asturias","description":"Halle (Alemania), 17 abr (dpa) - El ministro alem\u00e1n de Econom\u00eda, Peter Altmaier, exige que los precios de la energ\u00eda sigan siendo asequibles en Alemania a\u00fan despu\u00e9s del abandono del carb\u00f3n como una de las principales fuentes energ\u00e9ticas, seg\u00fan declaraciones efectuadas en un debate con ciudadanos. \"S\u00ed a la protecci\u00f3n del clima, pero necesitamos una","inLanguage":"es-ES","isPartOf":{"@id":"https:\/\/www.eldigitaldeasturias.com\/noticias\/#website"},"breadcrumb":{"@id":"https:\/\/www.eldigitaldeasturias.com\/noticias\/peter-altmaier-necesitamos-una-proteccion-del-clima-que-funcione-en-una-economia-de-mercado\/#breadcrumblist"},"author":{"@id":"https:\/\/www.eldigitaldeasturias.com\/noticias\/author\/admin\/#author"},"creator":{"@id":"https:\/\/www.eldigitaldeasturias.com\/noticias\/author\/admin\/#author"},"image":{"@type":"ImageObject","url":"https:\/\/www.eldigitaldeasturias.com\/noticias\/wp-content\/uploads\/2018\/08\/berlin-1079616_960_720.jpg","@id":"https:\/\/www.eldigitaldeasturias.com\/noticias\/peter-altmaier-necesitamos-una-proteccion-del-clima-que-funcione-en-una-economia-de-mercado\/#mainImage","width":960,"height":720},"primaryImageOfPage":{"@id":"https:\/\/www.eldigitaldeasturias.com\/noticias\/peter-altmaier-necesitamos-una-proteccion-del-clima-que-funcione-en-una-economia-de-mercado\/#mainImage"},"datePublished":"2019-04-17T20:25:57+02:00","dateModified":"2019-04-17T20:25:57+02:00"},{"@type":"WebSite","@id":"https:\/\/www.eldigitaldeasturias.com\/noticias\/#website","url":"https:\/\/www.eldigitaldeasturias.com\/noticias\/","name":"El Digital de Asturias - Diario de actualidad y noticias","alternateName":"El Digital de Asturias - Diario de actualidad y noticias","description":"Hemeroteca","inLanguage":"es-ES","publisher":{"@id":"https:\/\/www.eldigitaldeasturias.com\/noticias\/#organization"}}]},"og:locale":"es_ES","og:site_name":"El Digital de Asturias","og:type":"article","og:title":"Peter Altmaier: \u201cNecesitamos una protecci\u00f3n del clima que funcione en una econom\u00eda de mercado\u00bb - El Digital de Asturias","og:description":"Halle (Alemania), 17 abr (dpa) - El ministro alem\u00e1n de Econom\u00eda, Peter Altmaier, exige que los precios de la energ\u00eda sigan siendo asequibles en Alemania a\u00fan despu\u00e9s del abandono del carb\u00f3n como una de las principales fuentes energ\u00e9ticas, seg\u00fan declaraciones efectuadas en un debate con ciudadanos. &quot;S\u00ed a la protecci\u00f3n del clima, pero necesitamos una","og:url":"https:\/\/www.eldigitaldeasturias.com\/noticias\/peter-altmaier-necesitamos-una-proteccion-del-clima-que-funcione-en-una-economia-de-mercado\/","og:image":"https:\/\/www.eldigitaldeasturias.com\/noticias\/wp-content\/uploads\/2018\/08\/berlin-1079616_960_720.jpg","og:image:secure_url":"https:\/\/www.eldigitaldeasturias.com\/noticias\/wp-content\/uploads\/2018\/08\/berlin-1079616_960_720.jpg","og:image:width":960,"og:image:height":720,"article:tag":["econom\u00eda"],"article:published_time":"2019-04-17T20:25:57+00:00","article:modified_time":"2019-04-17T20:25:57+00:00","article:publisher":"https:\/\/facebook.com\/eldigitaldeasturias","twitter:card":"summary_large_image","twitter:title":"Peter Altmaier: \u201cNecesitamos una protecci\u00f3n del clima que funcione en una econom\u00eda de mercado\u00bb - El Digital de Asturias","twitter:description":"Halle (Alemania), 17 abr (dpa) - El ministro alem\u00e1n de Econom\u00eda, Peter Altmaier, exige que los precios de la energ\u00eda sigan siendo asequibles en Alemania a\u00fan despu\u00e9s del abandono del carb\u00f3n como una de las principales fuentes energ\u00e9ticas, seg\u00fan declaraciones efectuadas en un debate con ciudadanos. &quot;S\u00ed a la protecci\u00f3n del clima, pero necesitamos una","twitter:image":"https:\/\/www.eldigitaldeasturias.com\/noticias\/wp-content\/uploads\/2018\/08\/berlin-1079616_960_720.jpg","twitter:label1":"Escrito por","twitter:data1":"El Digital de Asturias","twitter:label2":"Tiempo de lectura estimado","twitter:data2":"1 minuto"},"aioseo_meta_data":{"post_id":"1024319","title":null,"description":null,"keywords":null,"keyphrases":null,"primary_term":null,"canonical_url":null,"og_title":null,"og_description":null,"og_object_type":"default","og_image_type":"default","og_image_url":null,"og_image_width":null,"og_image_height":null,"og_image_custom_url":null,"og_image_custom_fields":null,"og_video":null,"og_custom_url":null,"og_article_section":null,"og_article_tags":null,"twitter_use_og":false,"twitter_card":"default","twitter_image_type":"default","twitter_image_url":null,"twitter_image_custom_url":null,"twitter_image_custom_fields":null,"twitter_title":null,"twitter_description":null,"schema":{"blockGraphs":[],"customGraphs":[],"default":{"data":{"Article":[],"Course":[],"Dataset":[],"FAQPage":[],"Movie":[],"Person":[],"Product":[],"ProductReview":[],"Car":[],"Recipe":[],"Service":[],"SoftwareApplication":[],"WebPage":[]},"graphName":"","isEnabled":true},"graphs":[]},"schema_type":null,"schema_type_options":null,"pillar_content":false,"robots_default":true,"robots_noindex":false,"robots_noarchive":false,"robots_nosnippet":false,"robots_nofollow":false,"robots_noimageindex":false,"robots_noodp":false,"robots_notranslate":false,"robots_max_snippet":null,"robots_max_videopreview":null,"robots_max_imagepreview":"large","priority":null,"frequency":null,"local_seo":null,"seo_analyzer_scan_date":"2025-10-17 17:34:08","breadcrumb_settings":null,"limit_modified_date":false,"open_ai":null,"ai":null,"created":"2020-12-21 11:14:56","updated":"2025-10-17 17:34:08"},"aioseo_breadcrumb":"<div class=\"aioseo-breadcrumbs\"><span class=\"aioseo-breadcrumb\">\n\t<a href=\"https:\/\/www.eldigitaldeasturias.com\/noticias\" title=\"Home\">Home<\/a>\n<\/span><span class=\"aioseo-breadcrumb-separator\">\u2013<\/span><span class=\"aioseo-breadcrumb\">\n\t<a href=\"https:\/\/www.eldigitaldeasturias.com\/noticias\/category\/economia\/\" title=\"Econom\u00eda\">Econom\u00eda<\/a>\n<\/span><span class=\"aioseo-breadcrumb-separator\">\u2013<\/span><span class=\"aioseo-breadcrumb\">\n\t<a href=\"https:\/\/www.eldigitaldeasturias.com\/noticias\/peter-altmaier-necesitamos-una-proteccion-del-clima-que-funcione-en-una-economia-de-mercado\/\" title=\"Peter Altmaier: \u201cNecesitamos una protecci\u00f3n del clima que funcione en una econom\u00eda de mercado\u00bb\">Peter Altmaier: \u201cNecesitamos una protecci\u00f3n del clima que funcione en una econom\u00eda de mercado\u00bb<\/a>\n<\/span><\/div>","aioseo_breadcrumb_json":[{"label":"Home","link":"https:\/\/www.eldigitaldeasturias.com\/noticias"},{"label":"Econom\u00eda","link":"https:\/\/www.eldigitaldeasturias.com\/noticias\/category\/economia\/"},{"label":"Peter Altmaier: \u201cNecesitamos una protecci\u00f3n del clima que funcione en una econom\u00eda de mercado\u00bb","link":"https:\/\/www.eldigitaldeasturias.com\/noticias\/peter-altmaier-necesitamos-una-proteccion-del-clima-que-funcione-en-una-economia-de-mercado\/"}],"_links":{"self":[{"href":"https:\/\/www.eldigitaldeasturias.com\/noticias\/wp-json\/wp\/v2\/posts\/1024319","targetHints":{"allow":["GET"]}}],"collection":[{"href":"https:\/\/www.eldigitaldeasturias.com\/noticias\/wp-json\/wp\/v2\/posts"}],"about":[{"href":"https:\/\/www.eldigitaldeasturias.com\/noticias\/wp-json\/wp\/v2\/types\/post"}],"author":[{"embeddable":true,"href":"https:\/\/www.eldigitaldeasturias.com\/noticias\/wp-json\/wp\/v2\/users\/1"}],"replies":[{"embeddable":true,"href":"https:\/\/www.eldigitaldeasturias.com\/noticias\/wp-json\/wp\/v2\/comments?post=1024319"}],"version-history":[{"count":0,"href":"https:\/\/www.eldigitaldeasturias.com\/noticias\/wp-json\/wp\/v2\/posts\/1024319\/revisions"}],"wp:featuredmedia":[{"embeddable":true,"href":"https:\/\/www.eldigitaldeasturias.com\/noticias\/wp-json\/wp\/v2\/media\/992077"}],"wp:attachment":[{"href":"https:\/\/www.eldigitaldeasturias.com\/noticias\/wp-json\/wp\/v2\/media?parent=1024319"}],"wp:term":[{"taxonomy":"category","embeddable":true,"href":"https:\/\/www.eldigitaldeasturias.com\/noticias\/wp-json\/wp\/v2\/categories?post=1024319"},{"taxonomy":"post_tag","embeddable":true,"href":"https:\/\/www.eldigitaldeasturias.com\/noticias\/wp-json\/wp\/v2\/tags?post=1024319"}],"curies":[{"name":"wp","href":"https:\/\/api.w.org\/{rel}","templated":true}]}}