{"id":1024213,"date":"2019-04-17T06:38:18","date_gmt":"2019-04-17T06:38:18","guid":{"rendered":"https:\/\/www.eldigitaldeasturias.com\/noticias\/?p=1024213"},"modified":"2019-04-17T06:38:18","modified_gmt":"2019-04-17T06:38:18","slug":"el-tiempo-en-espana-miercoles-17-de-abril-de-2019","status":"publish","type":"post","link":"https:\/\/www.eldigitaldeasturias.com\/noticias\/el-tiempo-en-espana-miercoles-17-de-abril-de-2019\/","title":{"rendered":"El tiempo en Espa\u00f1a, mi\u00e9rcoles 17 de abril de 2019"},"content":{"rendered":"<p><img loading=\"lazy\" decoding=\"async\" class=\"alignleft size-medium wp-image-438673\" src=\"https:\/\/www.eldigitaldeasturias.com\/noticias\/wp-content\/uploads\/2013\/10\/nuboso-360x270.jpg\" alt=\"\" width=\"360\" height=\"270\" srcset=\"https:\/\/www.eldigitaldeasturias.com\/noticias\/wp-content\/uploads\/2013\/10\/nuboso-360x270.jpg 360w, https:\/\/www.eldigitaldeasturias.com\/noticias\/wp-content\/uploads\/2013\/10\/nuboso-90x67.jpg 90w, https:\/\/www.eldigitaldeasturias.com\/noticias\/wp-content\/uploads\/2013\/10\/nuboso-100x75.jpg 100w, https:\/\/www.eldigitaldeasturias.com\/noticias\/wp-content\/uploads\/2013\/10\/nuboso.jpg 640w\" sizes=\"auto, (max-width: 360px) 100vw, 360px\" \/>AEMET informa que hoy mi\u00e9rcoles se espera la entrada de un frente por el oeste peninsular, con nubosidad aumentando de oeste a este y precipitaciones, sobre todo en la segunda mitad del d\u00eda, en el tercio oeste peninsular. Se podr\u00e1n extender al menos por el resto de la mitad occidental, menos probables e intensas cuanto m\u00e1s hacia el este y podr\u00e1n ir acompa\u00f1adas de tormenta.<\/p>\n<p>En Canarias se esperan intervalos nubosos y probables precipitaciones d\u00e9biles en las islas de mayor relieve.<\/p>\n<p>Al final del d\u00eda, puede nevar en el oeste del sistema Central a partir de 1600\/2000 metros de altitud.<\/p>\n<p>Posibilidad de bancos de niebla matinales en el valle del Ebro, Pirineo catal\u00e1n, interior sudeste, \u00e1rea del Estrecho y Guadiana occidental.<\/p>\n<p>Temperaturas en descenso en el tercio occidental y \u00e1rea mediterr\u00e1nea central, en aumento en el resto de la Pen\u00ednsula.<\/p>\n<p>En el interior peninsular soplar\u00e1n con intensidad vientos de componente sur, con rachas fuertes en zonas altas. Vientos de componente este en el \u00e1rea mediterr\u00e1nea, con rachas fuertes en el sur de Andaluc\u00eda y con levante fuerte en el Estrecho, rolando a poniente al final del d\u00eda. En Canarias, viento del noroeste y norte.<\/p>\n","protected":false},"excerpt":{"rendered":"<p>AEMET informa que hoy mi\u00e9rcoles se espera la entrada de un frente por el oeste peninsular, con nubosidad aumentando de oeste a este y precipitaciones, sobre todo en la segunda mitad del d\u00eda, en el tercio oeste peninsular. Se podr\u00e1n extender al menos por el resto de la mitad occidental, menos probables e intensas cuanto [&hellip;]<\/p>\n","protected":false},"author":1,"featured_media":952722,"comment_status":"closed","ping_status":"closed","sticky":false,"template":"","format":"standard","meta":{"footnotes":""},"categories":[538],"tags":[],"class_list":["post-1024213","post","type-post","status-publish","format-standard","has-post-thumbnail","hentry","category-el-tiempo"],"aioseo_notices":[],"aioseo_head":"\n\t\t<!-- All in One SEO Pro 4.9.6.2 - aioseo.com -->\n\t<meta name=\"description\" content=\"AEMET informa que hoy mi\u00e9rcoles se espera la entrada de un frente por el oeste peninsular, con nubosidad aumentando de oeste a este y precipitaciones, sobre todo en la segunda mitad del d\u00eda, en el tercio oeste peninsular. Se podr\u00e1n extender al menos por el resto de la mitad occidental, menos probables e intensas cuanto\" \/>\n\t<meta name=\"robots\" content=\"max-image-preview:large\" \/>\n\t<meta name=\"author\" content=\"El Digital de Asturias\"\/>\n\t<meta name=\"google-site-verification\" content=\"UA-38556648-1\" \/>\n\t<meta name=\"msvalidate.01\" content=\"7dfe9f3f1b24437ab69f4f2559babe99\" \/>\n\t<meta name=\"keywords\" content=\"el tiempo\" \/>\n\t<link rel=\"canonical\" href=\"https:\/\/www.eldigitaldeasturias.com\/noticias\/el-tiempo-en-espana-miercoles-17-de-abril-de-2019\/\" \/>\n\t<meta name=\"generator\" content=\"All in One SEO Pro (AIOSEO) 4.9.6.2\" \/>\n\t\t<meta property=\"og:locale\" content=\"es_ES\" \/>\n\t\t<meta property=\"og:site_name\" content=\"El Digital de Asturias\" \/>\n\t\t<meta property=\"og:type\" content=\"article\" \/>\n\t\t<meta property=\"og:title\" content=\"El tiempo en Espa\u00f1a, mi\u00e9rcoles 17 de abril de 2019 - El Digital de Asturias\" \/>\n\t\t<meta property=\"og:description\" content=\"AEMET informa que hoy mi\u00e9rcoles se espera la entrada de un frente por el oeste peninsular, con nubosidad aumentando de oeste a este y precipitaciones, sobre todo en la segunda mitad del d\u00eda, en el tercio oeste peninsular. Se podr\u00e1n extender al menos por el resto de la mitad occidental, menos probables e intensas cuanto\" \/>\n\t\t<meta property=\"og:url\" content=\"https:\/\/www.eldigitaldeasturias.com\/noticias\/el-tiempo-en-espana-miercoles-17-de-abril-de-2019\/\" \/>\n\t\t<meta property=\"og:image\" content=\"https:\/\/www.eldigitaldeasturias.com\/noticias\/wp-content\/uploads\/2017\/09\/nubes-499176_960_720.jpg\" \/>\n\t\t<meta property=\"og:image:secure_url\" content=\"https:\/\/www.eldigitaldeasturias.com\/noticias\/wp-content\/uploads\/2017\/09\/nubes-499176_960_720.jpg\" \/>\n\t\t<meta property=\"og:image:width\" content=\"960\" \/>\n\t\t<meta property=\"og:image:height\" content=\"720\" \/>\n\t\t<meta property=\"article:tag\" content=\"el tiempo\" \/>\n\t\t<meta property=\"article:published_time\" content=\"2019-04-17T06:38:18+00:00\" \/>\n\t\t<meta property=\"article:modified_time\" content=\"2019-04-17T06:38:18+00:00\" \/>\n\t\t<meta property=\"article:publisher\" content=\"https:\/\/facebook.com\/eldigitaldeasturias\" \/>\n\t\t<meta name=\"twitter:card\" content=\"summary_large_image\" \/>\n\t\t<meta name=\"twitter:title\" content=\"El tiempo en Espa\u00f1a, mi\u00e9rcoles 17 de abril de 2019 - El Digital de Asturias\" \/>\n\t\t<meta name=\"twitter:description\" content=\"AEMET informa que hoy mi\u00e9rcoles se espera la entrada de un frente por el oeste peninsular, con nubosidad aumentando de oeste a este y precipitaciones, sobre todo en la segunda mitad del d\u00eda, en el tercio oeste peninsular. Se podr\u00e1n extender al menos por el resto de la mitad occidental, menos probables e intensas cuanto\" \/>\n\t\t<meta name=\"twitter:image\" content=\"https:\/\/www.eldigitaldeasturias.com\/noticias\/wp-content\/uploads\/2017\/09\/nubes-499176_960_720.jpg\" \/>\n\t\t<meta name=\"twitter:label1\" content=\"Escrito por\" \/>\n\t\t<meta name=\"twitter:data1\" content=\"El Digital de Asturias\" \/>\n\t\t<meta name=\"twitter:label2\" content=\"Tiempo de lectura estimado\" \/>\n\t\t<meta name=\"twitter:data2\" content=\"1 minuto\" \/>\n\t\t<script type=\"application\/ld+json\" class=\"aioseo-schema\">\n\t\t\t{\"@context\":\"https:\\\/\\\/schema.org\",\"@graph\":[{\"@type\":\"BlogPosting\",\"@id\":\"https:\\\/\\\/www.eldigitaldeasturias.com\\\/noticias\\\/el-tiempo-en-espana-miercoles-17-de-abril-de-2019\\\/#blogposting\",\"name\":\"El tiempo en Espa\\u00f1a, mi\\u00e9rcoles 17 de abril de 2019 - El Digital de Asturias\",\"headline\":\"El tiempo en Espa\\u00f1a, mi\\u00e9rcoles 17 de abril de 2019\",\"author\":{\"@id\":\"https:\\\/\\\/www.eldigitaldeasturias.com\\\/noticias\\\/author\\\/admin\\\/#author\"},\"publisher\":{\"@id\":\"https:\\\/\\\/www.eldigitaldeasturias.com\\\/noticias\\\/#organization\"},\"image\":{\"@type\":\"ImageObject\",\"url\":\"https:\\\/\\\/www.eldigitaldeasturias.com\\\/noticias\\\/wp-content\\\/uploads\\\/2017\\\/09\\\/nubes-499176_960_720.jpg\",\"width\":960,\"height\":720,\"caption\":\"nuboso\"},\"datePublished\":\"2019-04-17T06:38:18+02:00\",\"dateModified\":\"2019-04-17T06:38:18+02:00\",\"inLanguage\":\"es-ES\",\"mainEntityOfPage\":{\"@id\":\"https:\\\/\\\/www.eldigitaldeasturias.com\\\/noticias\\\/el-tiempo-en-espana-miercoles-17-de-abril-de-2019\\\/#webpage\"},\"isPartOf\":{\"@id\":\"https:\\\/\\\/www.eldigitaldeasturias.com\\\/noticias\\\/el-tiempo-en-espana-miercoles-17-de-abril-de-2019\\\/#webpage\"},\"articleSection\":\"El tiempo\"},{\"@type\":\"BreadcrumbList\",\"@id\":\"https:\\\/\\\/www.eldigitaldeasturias.com\\\/noticias\\\/el-tiempo-en-espana-miercoles-17-de-abril-de-2019\\\/#breadcrumblist\",\"itemListElement\":[{\"@type\":\"ListItem\",\"@id\":\"https:\\\/\\\/www.eldigitaldeasturias.com\\\/noticias#listItem\",\"position\":1,\"name\":\"Home\",\"item\":\"https:\\\/\\\/www.eldigitaldeasturias.com\\\/noticias\",\"nextItem\":{\"@type\":\"ListItem\",\"@id\":\"https:\\\/\\\/www.eldigitaldeasturias.com\\\/noticias\\\/category\\\/el-tiempo\\\/#listItem\",\"name\":\"El tiempo\"}},{\"@type\":\"ListItem\",\"@id\":\"https:\\\/\\\/www.eldigitaldeasturias.com\\\/noticias\\\/category\\\/el-tiempo\\\/#listItem\",\"position\":2,\"name\":\"El tiempo\",\"item\":\"https:\\\/\\\/www.eldigitaldeasturias.com\\\/noticias\\\/category\\\/el-tiempo\\\/\",\"nextItem\":{\"@type\":\"ListItem\",\"@id\":\"https:\\\/\\\/www.eldigitaldeasturias.com\\\/noticias\\\/el-tiempo-en-espana-miercoles-17-de-abril-de-2019\\\/#listItem\",\"name\":\"El tiempo en Espa\\u00f1a, mi\\u00e9rcoles 17 de abril de 2019\"},\"previousItem\":{\"@type\":\"ListItem\",\"@id\":\"https:\\\/\\\/www.eldigitaldeasturias.com\\\/noticias#listItem\",\"name\":\"Home\"}},{\"@type\":\"ListItem\",\"@id\":\"https:\\\/\\\/www.eldigitaldeasturias.com\\\/noticias\\\/el-tiempo-en-espana-miercoles-17-de-abril-de-2019\\\/#listItem\",\"position\":3,\"name\":\"El tiempo en Espa\\u00f1a, mi\\u00e9rcoles 17 de abril de 2019\",\"previousItem\":{\"@type\":\"ListItem\",\"@id\":\"https:\\\/\\\/www.eldigitaldeasturias.com\\\/noticias\\\/category\\\/el-tiempo\\\/#listItem\",\"name\":\"El tiempo\"}}]},{\"@type\":\"Organization\",\"@id\":\"https:\\\/\\\/www.eldigitaldeasturias.com\\\/noticias\\\/#organization\",\"name\":\"El Digital de Asturias\",\"description\":\"Hemeroteca\",\"url\":\"https:\\\/\\\/www.eldigitaldeasturias.com\\\/noticias\\\/\",\"email\":\"info@eldigitaldeasturias.com\",\"telephone\":\"+34652131393\",\"logo\":{\"@type\":\"ImageObject\",\"url\":\"https:\\\/\\\/www.eldigitaldeasturias.com\\\/noticias\\\/wp-content\\\/uploads\\\/2020\\\/12\\\/EDA.jpg\",\"@id\":\"https:\\\/\\\/www.eldigitaldeasturias.com\\\/noticias\\\/el-tiempo-en-espana-miercoles-17-de-abril-de-2019\\\/#organizationLogo\",\"width\":649,\"height\":297},\"image\":{\"@id\":\"https:\\\/\\\/www.eldigitaldeasturias.com\\\/noticias\\\/el-tiempo-en-espana-miercoles-17-de-abril-de-2019\\\/#organizationLogo\"},\"sameAs\":[\"https:\\\/\\\/facebook.com\\\/eldigitaldeasturias\",\"https:\\\/\\\/www.youtube.com\\\/channel\\\/UCZP-2wLEB9Rv6erhFmqVnvg\"],\"address\":{\"@id\":\"https:\\\/\\\/www.eldigitaldeasturias.com\\\/noticias\\\/#postaladdress\",\"@type\":\"PostalAddress\",\"streetAddress\":\"san antonio 4,\",\"postalCode\":\"33430\",\"addressLocality\":\"Cand\\u00e1s\",\"addressRegion\":\"Asturias\",\"addressCountry\":\"ES\"}},{\"@type\":\"Person\",\"@id\":\"https:\\\/\\\/www.eldigitaldeasturias.com\\\/noticias\\\/author\\\/admin\\\/#author\",\"url\":\"https:\\\/\\\/www.eldigitaldeasturias.com\\\/noticias\\\/author\\\/admin\\\/\",\"name\":\"El Digital de Asturias\",\"image\":{\"@type\":\"ImageObject\",\"@id\":\"https:\\\/\\\/www.eldigitaldeasturias.com\\\/noticias\\\/el-tiempo-en-espana-miercoles-17-de-abril-de-2019\\\/#authorImage\",\"url\":\"https:\\\/\\\/www.eldigitaldeasturias.com\\\/noticias\\\/wp-content\\\/litespeed\\\/avatar\\\/18677e78aa0546b92d9dbf31ec7d7668.jpg?ver=1777290358\",\"width\":96,\"height\":96,\"caption\":\"El Digital de Asturias\"}},{\"@type\":\"WebPage\",\"@id\":\"https:\\\/\\\/www.eldigitaldeasturias.com\\\/noticias\\\/el-tiempo-en-espana-miercoles-17-de-abril-de-2019\\\/#webpage\",\"url\":\"https:\\\/\\\/www.eldigitaldeasturias.com\\\/noticias\\\/el-tiempo-en-espana-miercoles-17-de-abril-de-2019\\\/\",\"name\":\"El tiempo en Espa\\u00f1a, mi\\u00e9rcoles 17 de abril de 2019 - El Digital de Asturias\",\"description\":\"AEMET informa que hoy mi\\u00e9rcoles se espera la entrada de un frente por el oeste peninsular, con nubosidad aumentando de oeste a este y precipitaciones, sobre todo en la segunda mitad del d\\u00eda, en el tercio oeste peninsular. Se podr\\u00e1n extender al menos por el resto de la mitad occidental, menos probables e intensas cuanto\",\"inLanguage\":\"es-ES\",\"isPartOf\":{\"@id\":\"https:\\\/\\\/www.eldigitaldeasturias.com\\\/noticias\\\/#website\"},\"breadcrumb\":{\"@id\":\"https:\\\/\\\/www.eldigitaldeasturias.com\\\/noticias\\\/el-tiempo-en-espana-miercoles-17-de-abril-de-2019\\\/#breadcrumblist\"},\"author\":{\"@id\":\"https:\\\/\\\/www.eldigitaldeasturias.com\\\/noticias\\\/author\\\/admin\\\/#author\"},\"creator\":{\"@id\":\"https:\\\/\\\/www.eldigitaldeasturias.com\\\/noticias\\\/author\\\/admin\\\/#author\"},\"image\":{\"@type\":\"ImageObject\",\"url\":\"https:\\\/\\\/www.eldigitaldeasturias.com\\\/noticias\\\/wp-content\\\/uploads\\\/2017\\\/09\\\/nubes-499176_960_720.jpg\",\"@id\":\"https:\\\/\\\/www.eldigitaldeasturias.com\\\/noticias\\\/el-tiempo-en-espana-miercoles-17-de-abril-de-2019\\\/#mainImage\",\"width\":960,\"height\":720,\"caption\":\"nuboso\"},\"primaryImageOfPage\":{\"@id\":\"https:\\\/\\\/www.eldigitaldeasturias.com\\\/noticias\\\/el-tiempo-en-espana-miercoles-17-de-abril-de-2019\\\/#mainImage\"},\"datePublished\":\"2019-04-17T06:38:18+02:00\",\"dateModified\":\"2019-04-17T06:38:18+02:00\"},{\"@type\":\"WebSite\",\"@id\":\"https:\\\/\\\/www.eldigitaldeasturias.com\\\/noticias\\\/#website\",\"url\":\"https:\\\/\\\/www.eldigitaldeasturias.com\\\/noticias\\\/\",\"name\":\"El Digital de Asturias - Diario de actualidad y noticias\",\"alternateName\":\"El Digital de Asturias - Diario de actualidad y noticias\",\"description\":\"Hemeroteca\",\"inLanguage\":\"es-ES\",\"publisher\":{\"@id\":\"https:\\\/\\\/www.eldigitaldeasturias.com\\\/noticias\\\/#organization\"}}]}\n\t\t<\/script>\n\t\t<!-- All in One SEO Pro -->\r\n\t\t<title>El tiempo en Espa\u00f1a, mi\u00e9rcoles 17 de abril de 2019 - El Digital de Asturias<\/title>\n\n","aioseo_head_json":{"title":"El tiempo en Espa\u00f1a, mi\u00e9rcoles 17 de abril de 2019 - El Digital de Asturias","description":"AEMET informa que hoy mi\u00e9rcoles se espera la entrada de un frente por el oeste peninsular, con nubosidad aumentando de oeste a este y precipitaciones, sobre todo en la segunda mitad del d\u00eda, en el tercio oeste peninsular. Se podr\u00e1n extender al menos por el resto de la mitad occidental, menos probables e intensas cuanto","canonical_url":"https:\/\/www.eldigitaldeasturias.com\/noticias\/el-tiempo-en-espana-miercoles-17-de-abril-de-2019\/","robots":"max-image-preview:large","keywords":"el tiempo","webmasterTools":{"google-site-verification":"UA-38556648-1","msvalidate.01":"7dfe9f3f1b24437ab69f4f2559babe99","miscellaneous":""},"schema":{"@context":"https:\/\/schema.org","@graph":[{"@type":"BlogPosting","@id":"https:\/\/www.eldigitaldeasturias.com\/noticias\/el-tiempo-en-espana-miercoles-17-de-abril-de-2019\/#blogposting","name":"El tiempo en Espa\u00f1a, mi\u00e9rcoles 17 de abril de 2019 - El Digital de Asturias","headline":"El tiempo en Espa\u00f1a, mi\u00e9rcoles 17 de abril de 2019","author":{"@id":"https:\/\/www.eldigitaldeasturias.com\/noticias\/author\/admin\/#author"},"publisher":{"@id":"https:\/\/www.eldigitaldeasturias.com\/noticias\/#organization"},"image":{"@type":"ImageObject","url":"https:\/\/www.eldigitaldeasturias.com\/noticias\/wp-content\/uploads\/2017\/09\/nubes-499176_960_720.jpg","width":960,"height":720,"caption":"nuboso"},"datePublished":"2019-04-17T06:38:18+02:00","dateModified":"2019-04-17T06:38:18+02:00","inLanguage":"es-ES","mainEntityOfPage":{"@id":"https:\/\/www.eldigitaldeasturias.com\/noticias\/el-tiempo-en-espana-miercoles-17-de-abril-de-2019\/#webpage"},"isPartOf":{"@id":"https:\/\/www.eldigitaldeasturias.com\/noticias\/el-tiempo-en-espana-miercoles-17-de-abril-de-2019\/#webpage"},"articleSection":"El tiempo"},{"@type":"BreadcrumbList","@id":"https:\/\/www.eldigitaldeasturias.com\/noticias\/el-tiempo-en-espana-miercoles-17-de-abril-de-2019\/#breadcrumblist","itemListElement":[{"@type":"ListItem","@id":"https:\/\/www.eldigitaldeasturias.com\/noticias#listItem","position":1,"name":"Home","item":"https:\/\/www.eldigitaldeasturias.com\/noticias","nextItem":{"@type":"ListItem","@id":"https:\/\/www.eldigitaldeasturias.com\/noticias\/category\/el-tiempo\/#listItem","name":"El tiempo"}},{"@type":"ListItem","@id":"https:\/\/www.eldigitaldeasturias.com\/noticias\/category\/el-tiempo\/#listItem","position":2,"name":"El tiempo","item":"https:\/\/www.eldigitaldeasturias.com\/noticias\/category\/el-tiempo\/","nextItem":{"@type":"ListItem","@id":"https:\/\/www.eldigitaldeasturias.com\/noticias\/el-tiempo-en-espana-miercoles-17-de-abril-de-2019\/#listItem","name":"El tiempo en Espa\u00f1a, mi\u00e9rcoles 17 de abril de 2019"},"previousItem":{"@type":"ListItem","@id":"https:\/\/www.eldigitaldeasturias.com\/noticias#listItem","name":"Home"}},{"@type":"ListItem","@id":"https:\/\/www.eldigitaldeasturias.com\/noticias\/el-tiempo-en-espana-miercoles-17-de-abril-de-2019\/#listItem","position":3,"name":"El tiempo en Espa\u00f1a, mi\u00e9rcoles 17 de abril de 2019","previousItem":{"@type":"ListItem","@id":"https:\/\/www.eldigitaldeasturias.com\/noticias\/category\/el-tiempo\/#listItem","name":"El tiempo"}}]},{"@type":"Organization","@id":"https:\/\/www.eldigitaldeasturias.com\/noticias\/#organization","name":"El Digital de Asturias","description":"Hemeroteca","url":"https:\/\/www.eldigitaldeasturias.com\/noticias\/","email":"info@eldigitaldeasturias.com","telephone":"+34652131393","logo":{"@type":"ImageObject","url":"https:\/\/www.eldigitaldeasturias.com\/noticias\/wp-content\/uploads\/2020\/12\/EDA.jpg","@id":"https:\/\/www.eldigitaldeasturias.com\/noticias\/el-tiempo-en-espana-miercoles-17-de-abril-de-2019\/#organizationLogo","width":649,"height":297},"image":{"@id":"https:\/\/www.eldigitaldeasturias.com\/noticias\/el-tiempo-en-espana-miercoles-17-de-abril-de-2019\/#organizationLogo"},"sameAs":["https:\/\/facebook.com\/eldigitaldeasturias","https:\/\/www.youtube.com\/channel\/UCZP-2wLEB9Rv6erhFmqVnvg"],"address":{"@id":"https:\/\/www.eldigitaldeasturias.com\/noticias\/#postaladdress","@type":"PostalAddress","streetAddress":"san antonio 4,","postalCode":"33430","addressLocality":"Cand\u00e1s","addressRegion":"Asturias","addressCountry":"ES"}},{"@type":"Person","@id":"https:\/\/www.eldigitaldeasturias.com\/noticias\/author\/admin\/#author","url":"https:\/\/www.eldigitaldeasturias.com\/noticias\/author\/admin\/","name":"El Digital de Asturias","image":{"@type":"ImageObject","@id":"https:\/\/www.eldigitaldeasturias.com\/noticias\/el-tiempo-en-espana-miercoles-17-de-abril-de-2019\/#authorImage","url":"https:\/\/www.eldigitaldeasturias.com\/noticias\/wp-content\/litespeed\/avatar\/18677e78aa0546b92d9dbf31ec7d7668.jpg?ver=1777290358","width":96,"height":96,"caption":"El Digital de Asturias"}},{"@type":"WebPage","@id":"https:\/\/www.eldigitaldeasturias.com\/noticias\/el-tiempo-en-espana-miercoles-17-de-abril-de-2019\/#webpage","url":"https:\/\/www.eldigitaldeasturias.com\/noticias\/el-tiempo-en-espana-miercoles-17-de-abril-de-2019\/","name":"El tiempo en Espa\u00f1a, mi\u00e9rcoles 17 de abril de 2019 - El Digital de Asturias","description":"AEMET informa que hoy mi\u00e9rcoles se espera la entrada de un frente por el oeste peninsular, con nubosidad aumentando de oeste a este y precipitaciones, sobre todo en la segunda mitad del d\u00eda, en el tercio oeste peninsular. Se podr\u00e1n extender al menos por el resto de la mitad occidental, menos probables e intensas cuanto","inLanguage":"es-ES","isPartOf":{"@id":"https:\/\/www.eldigitaldeasturias.com\/noticias\/#website"},"breadcrumb":{"@id":"https:\/\/www.eldigitaldeasturias.com\/noticias\/el-tiempo-en-espana-miercoles-17-de-abril-de-2019\/#breadcrumblist"},"author":{"@id":"https:\/\/www.eldigitaldeasturias.com\/noticias\/author\/admin\/#author"},"creator":{"@id":"https:\/\/www.eldigitaldeasturias.com\/noticias\/author\/admin\/#author"},"image":{"@type":"ImageObject","url":"https:\/\/www.eldigitaldeasturias.com\/noticias\/wp-content\/uploads\/2017\/09\/nubes-499176_960_720.jpg","@id":"https:\/\/www.eldigitaldeasturias.com\/noticias\/el-tiempo-en-espana-miercoles-17-de-abril-de-2019\/#mainImage","width":960,"height":720,"caption":"nuboso"},"primaryImageOfPage":{"@id":"https:\/\/www.eldigitaldeasturias.com\/noticias\/el-tiempo-en-espana-miercoles-17-de-abril-de-2019\/#mainImage"},"datePublished":"2019-04-17T06:38:18+02:00","dateModified":"2019-04-17T06:38:18+02:00"},{"@type":"WebSite","@id":"https:\/\/www.eldigitaldeasturias.com\/noticias\/#website","url":"https:\/\/www.eldigitaldeasturias.com\/noticias\/","name":"El Digital de Asturias - Diario de actualidad y noticias","alternateName":"El Digital de Asturias - Diario de actualidad y noticias","description":"Hemeroteca","inLanguage":"es-ES","publisher":{"@id":"https:\/\/www.eldigitaldeasturias.com\/noticias\/#organization"}}]},"og:locale":"es_ES","og:site_name":"El Digital de Asturias","og:type":"article","og:title":"El tiempo en Espa\u00f1a, mi\u00e9rcoles 17 de abril de 2019 - El Digital de Asturias","og:description":"AEMET informa que hoy mi\u00e9rcoles se espera la entrada de un frente por el oeste peninsular, con nubosidad aumentando de oeste a este y precipitaciones, sobre todo en la segunda mitad del d\u00eda, en el tercio oeste peninsular. Se podr\u00e1n extender al menos por el resto de la mitad occidental, menos probables e intensas cuanto","og:url":"https:\/\/www.eldigitaldeasturias.com\/noticias\/el-tiempo-en-espana-miercoles-17-de-abril-de-2019\/","og:image":"https:\/\/www.eldigitaldeasturias.com\/noticias\/wp-content\/uploads\/2017\/09\/nubes-499176_960_720.jpg","og:image:secure_url":"https:\/\/www.eldigitaldeasturias.com\/noticias\/wp-content\/uploads\/2017\/09\/nubes-499176_960_720.jpg","og:image:width":960,"og:image:height":720,"article:tag":["el tiempo"],"article:published_time":"2019-04-17T06:38:18+00:00","article:modified_time":"2019-04-17T06:38:18+00:00","article:publisher":"https:\/\/facebook.com\/eldigitaldeasturias","twitter:card":"summary_large_image","twitter:title":"El tiempo en Espa\u00f1a, mi\u00e9rcoles 17 de abril de 2019 - El Digital de Asturias","twitter:description":"AEMET informa que hoy mi\u00e9rcoles se espera la entrada de un frente por el oeste peninsular, con nubosidad aumentando de oeste a este y precipitaciones, sobre todo en la segunda mitad del d\u00eda, en el tercio oeste peninsular. Se podr\u00e1n extender al menos por el resto de la mitad occidental, menos probables e intensas cuanto","twitter:image":"https:\/\/www.eldigitaldeasturias.com\/noticias\/wp-content\/uploads\/2017\/09\/nubes-499176_960_720.jpg","twitter:label1":"Escrito por","twitter:data1":"El Digital de Asturias","twitter:label2":"Tiempo de lectura estimado","twitter:data2":"1 minuto"},"aioseo_meta_data":{"post_id":"1024213","title":null,"description":null,"keywords":null,"keyphrases":null,"primary_term":null,"canonical_url":null,"og_title":null,"og_description":null,"og_object_type":"default","og_image_type":"default","og_image_url":null,"og_image_width":null,"og_image_height":null,"og_image_custom_url":null,"og_image_custom_fields":null,"og_video":null,"og_custom_url":null,"og_article_section":null,"og_article_tags":null,"twitter_use_og":false,"twitter_card":"default","twitter_image_type":"default","twitter_image_url":null,"twitter_image_custom_url":null,"twitter_image_custom_fields":null,"twitter_title":null,"twitter_description":null,"schema":{"blockGraphs":[],"customGraphs":[],"default":{"data":{"Article":[],"Course":[],"Dataset":[],"FAQPage":[],"Movie":[],"Person":[],"Product":[],"ProductReview":[],"Car":[],"Recipe":[],"Service":[],"SoftwareApplication":[],"WebPage":[]},"graphName":"","isEnabled":true},"graphs":[],"defaultGraph":"","defaultPostTypeGraph":""},"schema_type":null,"schema_type_options":null,"pillar_content":false,"robots_default":true,"robots_noindex":false,"robots_noarchive":false,"robots_nosnippet":false,"robots_nofollow":false,"robots_noimageindex":false,"robots_noodp":false,"robots_notranslate":false,"robots_max_snippet":null,"robots_max_videopreview":null,"robots_max_imagepreview":"large","priority":null,"frequency":null,"local_seo":null,"seo_analyzer_scan_date":"2025-10-17 16:57:08","breadcrumb_settings":null,"limit_modified_date":false,"open_ai":null,"ai":null,"created":"2020-12-21 11:14:57","updated":"2025-10-17 16:57:08"},"aioseo_breadcrumb":"<div class=\"aioseo-breadcrumbs\"><span class=\"aioseo-breadcrumb\">\n\t<a href=\"https:\/\/www.eldigitaldeasturias.com\/noticias\" title=\"Home\">Home<\/a>\n<\/span><span class=\"aioseo-breadcrumb-separator\">\u2013<\/span><span class=\"aioseo-breadcrumb\">\n\t<a href=\"https:\/\/www.eldigitaldeasturias.com\/noticias\/category\/el-tiempo\/\" title=\"El tiempo\">El tiempo<\/a>\n<\/span><span class=\"aioseo-breadcrumb-separator\">\u2013<\/span><span class=\"aioseo-breadcrumb\">\n\t<a href=\"https:\/\/www.eldigitaldeasturias.com\/noticias\/el-tiempo-en-espana-miercoles-17-de-abril-de-2019\/\" title=\"El tiempo en Espa\u00f1a, mi\u00e9rcoles 17 de abril de 2019\">El tiempo en Espa\u00f1a, mi\u00e9rcoles 17 de abril de 2019<\/a>\n<\/span><\/div>","aioseo_breadcrumb_json":[{"label":"Home","link":"https:\/\/www.eldigitaldeasturias.com\/noticias"},{"label":"El tiempo","link":"https:\/\/www.eldigitaldeasturias.com\/noticias\/category\/el-tiempo\/"},{"label":"El tiempo en Espa\u00f1a, mi\u00e9rcoles 17 de abril de 2019","link":"https:\/\/www.eldigitaldeasturias.com\/noticias\/el-tiempo-en-espana-miercoles-17-de-abril-de-2019\/"}],"_links":{"self":[{"href":"https:\/\/www.eldigitaldeasturias.com\/noticias\/wp-json\/wp\/v2\/posts\/1024213","targetHints":{"allow":["GET"]}}],"collection":[{"href":"https:\/\/www.eldigitaldeasturias.com\/noticias\/wp-json\/wp\/v2\/posts"}],"about":[{"href":"https:\/\/www.eldigitaldeasturias.com\/noticias\/wp-json\/wp\/v2\/types\/post"}],"author":[{"embeddable":true,"href":"https:\/\/www.eldigitaldeasturias.com\/noticias\/wp-json\/wp\/v2\/users\/1"}],"replies":[{"embeddable":true,"href":"https:\/\/www.eldigitaldeasturias.com\/noticias\/wp-json\/wp\/v2\/comments?post=1024213"}],"version-history":[{"count":0,"href":"https:\/\/www.eldigitaldeasturias.com\/noticias\/wp-json\/wp\/v2\/posts\/1024213\/revisions"}],"wp:featuredmedia":[{"embeddable":true,"href":"https:\/\/www.eldigitaldeasturias.com\/noticias\/wp-json\/wp\/v2\/media\/952722"}],"wp:attachment":[{"href":"https:\/\/www.eldigitaldeasturias.com\/noticias\/wp-json\/wp\/v2\/media?parent=1024213"}],"wp:term":[{"taxonomy":"category","embeddable":true,"href":"https:\/\/www.eldigitaldeasturias.com\/noticias\/wp-json\/wp\/v2\/categories?post=1024213"},{"taxonomy":"post_tag","embeddable":true,"href":"https:\/\/www.eldigitaldeasturias.com\/noticias\/wp-json\/wp\/v2\/tags?post=1024213"}],"curies":[{"name":"wp","href":"https:\/\/api.w.org\/{rel}","templated":true}]}}