{"id":1024207,"date":"2019-04-17T04:22:07","date_gmt":"2019-04-17T04:22:07","guid":{"rendered":"https:\/\/www.eldigitaldeasturias.com\/noticias\/?p=1024207"},"modified":"2019-04-17T04:22:07","modified_gmt":"2019-04-17T04:22:07","slug":"merkel-inaugura-el-mayor-parque-eolico-del-mar-baltico","status":"publish","type":"post","link":"https:\/\/www.eldigitaldeasturias.com\/noticias\/merkel-inaugura-el-mayor-parque-eolico-del-mar-baltico\/","title":{"rendered":"Merkel inaugura el mayor parque e\u00f3lico del mar B\u00e1ltico"},"content":{"rendered":"<p><img loading=\"lazy\" decoding=\"async\" class=\"alignleft size-medium wp-image-1024208\" src=\"https:\/\/www.eldigitaldeasturias.com\/noticias\/wp-content\/uploads\/2019\/04\/Merkel-Baltico-360x234.jpg\" alt=\"\" width=\"360\" height=\"234\" srcset=\"https:\/\/www.eldigitaldeasturias.com\/noticias\/wp-content\/uploads\/2019\/04\/Merkel-Baltico-360x234.jpg 360w, https:\/\/www.eldigitaldeasturias.com\/noticias\/wp-content\/uploads\/2019\/04\/Merkel-Baltico-768x499.jpg 768w, https:\/\/www.eldigitaldeasturias.com\/noticias\/wp-content\/uploads\/2019\/04\/Merkel-Baltico-650x423.jpg 650w, https:\/\/www.eldigitaldeasturias.com\/noticias\/wp-content\/uploads\/2019\/04\/Merkel-Baltico.jpg 1023w\" sizes=\"auto, (max-width: 360px) 100vw, 360px\" \/>Sassnitz-Mukran, 16 abr (dpa) &#8211; La canciller alemana, Angela Merkel, inaugur\u00f3 hoy el parque e\u00f3lico de Arkona, la mayor infraestructura construida hasta el momento sobre la costa del mar B\u00e1ltico.<\/p>\n<p>Merkel dijo en su discurso que las energ\u00edas renovables ya est\u00e1n fuera del nicho de mercado y que se convertir\u00e1n en el n\u00facleo del suministro energ\u00e9tico.<\/p>\n<p>En 2030, el 65 por ciento de la electricidad generada en Alemania proceder\u00e1 de energ\u00edas renovables, se\u00f1al\u00f3 la canciller alemana.<\/p>\n<p>El parque e\u00f3lico, situado a 35 kil\u00f3metros al noreste de la isla de R\u00fcgen, tiene una potencia de 385 megavatios, suficiente para abastecer a 400.000 hogares.<\/p>\n<p>El grupo energ\u00e9tico alem\u00e1n Eon y el grupo noruego Equinor realizaron el proyecto en cooperaci\u00f3n.<\/p>\n<p>Seg\u00fan Eon, el parque e\u00f3lico, que cuenta con 60 aerogeneradores, fue construido en un tiempo r\u00e9cord de 14 meses. La construcci\u00f3n del proyecto, que cost\u00f3 1.200 millones de euros (1.350 millones de d\u00f3lares) comenz\u00f3 en agosto de 2017.<\/p>\n<p>La electricidad generada fluir\u00e1 a trav\u00e9s de tres cables submarinos de 90 kil\u00f3metros de longitud hasta la estaci\u00f3n transformadora de Lubmin, en el estado federado de Mecklemburgo-Pomerania Occidental, y de all\u00ed ser\u00e1 suministrado a los consumidores.<\/p>\n<p><strong><em>Foto: Bernd W\u00fcstneck\/dpa<\/em><\/strong><\/p>\n","protected":false},"excerpt":{"rendered":"<p>Sassnitz-Mukran, 16 abr (dpa) &#8211; La canciller alemana, Angela Merkel, inaugur\u00f3 hoy el parque e\u00f3lico de Arkona, la mayor infraestructura construida hasta el momento sobre la costa del mar B\u00e1ltico. Merkel dijo en su discurso que las energ\u00edas renovables ya est\u00e1n fuera del nicho de mercado y que se convertir\u00e1n en el n\u00facleo del suministro [&hellip;]<\/p>\n","protected":false},"author":1,"featured_media":1024208,"comment_status":"closed","ping_status":"closed","sticky":false,"template":"","format":"standard","meta":{"footnotes":""},"categories":[187],"tags":[],"class_list":["post-1024207","post","type-post","status-publish","format-standard","has-post-thumbnail","hentry","category-economia"],"aioseo_notices":[],"aioseo_head":"\n\t\t<!-- All in One SEO Pro 4.9.6.2 - aioseo.com -->\n\t<meta name=\"description\" content=\"Sassnitz-Mukran, 16 abr (dpa) - La canciller alemana, Angela Merkel, inaugur\u00f3 hoy el parque e\u00f3lico de Arkona, la mayor infraestructura construida hasta el momento sobre la costa del mar B\u00e1ltico. Merkel dijo en su discurso que las energ\u00edas renovables ya est\u00e1n fuera del nicho de mercado y que se convertir\u00e1n en el n\u00facleo del suministro\" \/>\n\t<meta name=\"robots\" content=\"max-image-preview:large\" \/>\n\t<meta name=\"author\" content=\"El Digital de Asturias\"\/>\n\t<meta name=\"google-site-verification\" content=\"UA-38556648-1\" \/>\n\t<meta name=\"msvalidate.01\" content=\"7dfe9f3f1b24437ab69f4f2559babe99\" \/>\n\t<meta name=\"keywords\" content=\"econom\u00eda\" \/>\n\t<link rel=\"canonical\" href=\"https:\/\/www.eldigitaldeasturias.com\/noticias\/merkel-inaugura-el-mayor-parque-eolico-del-mar-baltico\/\" \/>\n\t<meta name=\"generator\" content=\"All in One SEO Pro (AIOSEO) 4.9.6.2\" \/>\n\t\t<meta property=\"og:locale\" content=\"es_ES\" \/>\n\t\t<meta property=\"og:site_name\" content=\"El Digital de Asturias\" \/>\n\t\t<meta property=\"og:type\" content=\"article\" \/>\n\t\t<meta property=\"og:title\" content=\"Merkel inaugura el mayor parque e\u00f3lico del mar B\u00e1ltico - El Digital de Asturias\" \/>\n\t\t<meta property=\"og:description\" content=\"Sassnitz-Mukran, 16 abr (dpa) - La canciller alemana, Angela Merkel, inaugur\u00f3 hoy el parque e\u00f3lico de Arkona, la mayor infraestructura construida hasta el momento sobre la costa del mar B\u00e1ltico. Merkel dijo en su discurso que las energ\u00edas renovables ya est\u00e1n fuera del nicho de mercado y que se convertir\u00e1n en el n\u00facleo del suministro\" \/>\n\t\t<meta property=\"og:url\" content=\"https:\/\/www.eldigitaldeasturias.com\/noticias\/merkel-inaugura-el-mayor-parque-eolico-del-mar-baltico\/\" \/>\n\t\t<meta property=\"og:image\" content=\"https:\/\/www.eldigitaldeasturias.com\/noticias\/wp-content\/uploads\/2019\/04\/Merkel-Baltico.jpg\" \/>\n\t\t<meta property=\"og:image:secure_url\" content=\"https:\/\/www.eldigitaldeasturias.com\/noticias\/wp-content\/uploads\/2019\/04\/Merkel-Baltico.jpg\" \/>\n\t\t<meta property=\"og:image:width\" content=\"1023\" \/>\n\t\t<meta property=\"og:image:height\" content=\"665\" \/>\n\t\t<meta property=\"article:tag\" content=\"econom\u00eda\" \/>\n\t\t<meta property=\"article:published_time\" content=\"2019-04-17T04:22:07+00:00\" \/>\n\t\t<meta property=\"article:modified_time\" content=\"2019-04-17T04:22:07+00:00\" \/>\n\t\t<meta property=\"article:publisher\" content=\"https:\/\/facebook.com\/eldigitaldeasturias\" \/>\n\t\t<meta name=\"twitter:card\" content=\"summary_large_image\" \/>\n\t\t<meta name=\"twitter:title\" content=\"Merkel inaugura el mayor parque e\u00f3lico del mar B\u00e1ltico - El Digital de Asturias\" \/>\n\t\t<meta name=\"twitter:description\" content=\"Sassnitz-Mukran, 16 abr (dpa) - La canciller alemana, Angela Merkel, inaugur\u00f3 hoy el parque e\u00f3lico de Arkona, la mayor infraestructura construida hasta el momento sobre la costa del mar B\u00e1ltico. Merkel dijo en su discurso que las energ\u00edas renovables ya est\u00e1n fuera del nicho de mercado y que se convertir\u00e1n en el n\u00facleo del suministro\" \/>\n\t\t<meta name=\"twitter:image\" content=\"https:\/\/www.eldigitaldeasturias.com\/noticias\/wp-content\/uploads\/2019\/04\/Merkel-Baltico.jpg\" \/>\n\t\t<meta name=\"twitter:label1\" content=\"Escrito por\" \/>\n\t\t<meta name=\"twitter:data1\" content=\"El Digital de Asturias\" \/>\n\t\t<meta name=\"twitter:label2\" content=\"Tiempo de lectura estimado\" \/>\n\t\t<meta name=\"twitter:data2\" content=\"1 minuto\" \/>\n\t\t<script type=\"application\/ld+json\" class=\"aioseo-schema\">\n\t\t\t{\"@context\":\"https:\\\/\\\/schema.org\",\"@graph\":[{\"@type\":\"BlogPosting\",\"@id\":\"https:\\\/\\\/www.eldigitaldeasturias.com\\\/noticias\\\/merkel-inaugura-el-mayor-parque-eolico-del-mar-baltico\\\/#blogposting\",\"name\":\"Merkel inaugura el mayor parque e\\u00f3lico del mar B\\u00e1ltico - El Digital de Asturias\",\"headline\":\"Merkel inaugura el mayor parque e\\u00f3lico del mar B\\u00e1ltico\",\"author\":{\"@id\":\"https:\\\/\\\/www.eldigitaldeasturias.com\\\/noticias\\\/author\\\/admin\\\/#author\"},\"publisher\":{\"@id\":\"https:\\\/\\\/www.eldigitaldeasturias.com\\\/noticias\\\/#organization\"},\"image\":{\"@type\":\"ImageObject\",\"url\":\"https:\\\/\\\/www.eldigitaldeasturias.com\\\/noticias\\\/wp-content\\\/uploads\\\/2019\\\/04\\\/Merkel-Baltico.jpg\",\"width\":1023,\"height\":665},\"datePublished\":\"2019-04-17T04:22:07+02:00\",\"dateModified\":\"2019-04-17T04:22:07+02:00\",\"inLanguage\":\"es-ES\",\"mainEntityOfPage\":{\"@id\":\"https:\\\/\\\/www.eldigitaldeasturias.com\\\/noticias\\\/merkel-inaugura-el-mayor-parque-eolico-del-mar-baltico\\\/#webpage\"},\"isPartOf\":{\"@id\":\"https:\\\/\\\/www.eldigitaldeasturias.com\\\/noticias\\\/merkel-inaugura-el-mayor-parque-eolico-del-mar-baltico\\\/#webpage\"},\"articleSection\":\"Econom\\u00eda\"},{\"@type\":\"BreadcrumbList\",\"@id\":\"https:\\\/\\\/www.eldigitaldeasturias.com\\\/noticias\\\/merkel-inaugura-el-mayor-parque-eolico-del-mar-baltico\\\/#breadcrumblist\",\"itemListElement\":[{\"@type\":\"ListItem\",\"@id\":\"https:\\\/\\\/www.eldigitaldeasturias.com\\\/noticias#listItem\",\"position\":1,\"name\":\"Home\",\"item\":\"https:\\\/\\\/www.eldigitaldeasturias.com\\\/noticias\",\"nextItem\":{\"@type\":\"ListItem\",\"@id\":\"https:\\\/\\\/www.eldigitaldeasturias.com\\\/noticias\\\/category\\\/economia\\\/#listItem\",\"name\":\"Econom\\u00eda\"}},{\"@type\":\"ListItem\",\"@id\":\"https:\\\/\\\/www.eldigitaldeasturias.com\\\/noticias\\\/category\\\/economia\\\/#listItem\",\"position\":2,\"name\":\"Econom\\u00eda\",\"item\":\"https:\\\/\\\/www.eldigitaldeasturias.com\\\/noticias\\\/category\\\/economia\\\/\",\"nextItem\":{\"@type\":\"ListItem\",\"@id\":\"https:\\\/\\\/www.eldigitaldeasturias.com\\\/noticias\\\/merkel-inaugura-el-mayor-parque-eolico-del-mar-baltico\\\/#listItem\",\"name\":\"Merkel inaugura el mayor parque e\\u00f3lico del mar B\\u00e1ltico\"},\"previousItem\":{\"@type\":\"ListItem\",\"@id\":\"https:\\\/\\\/www.eldigitaldeasturias.com\\\/noticias#listItem\",\"name\":\"Home\"}},{\"@type\":\"ListItem\",\"@id\":\"https:\\\/\\\/www.eldigitaldeasturias.com\\\/noticias\\\/merkel-inaugura-el-mayor-parque-eolico-del-mar-baltico\\\/#listItem\",\"position\":3,\"name\":\"Merkel inaugura el mayor parque e\\u00f3lico del mar B\\u00e1ltico\",\"previousItem\":{\"@type\":\"ListItem\",\"@id\":\"https:\\\/\\\/www.eldigitaldeasturias.com\\\/noticias\\\/category\\\/economia\\\/#listItem\",\"name\":\"Econom\\u00eda\"}}]},{\"@type\":\"Organization\",\"@id\":\"https:\\\/\\\/www.eldigitaldeasturias.com\\\/noticias\\\/#organization\",\"name\":\"El Digital de Asturias\",\"description\":\"Hemeroteca\",\"url\":\"https:\\\/\\\/www.eldigitaldeasturias.com\\\/noticias\\\/\",\"email\":\"info@eldigitaldeasturias.com\",\"telephone\":\"+34652131393\",\"logo\":{\"@type\":\"ImageObject\",\"url\":\"https:\\\/\\\/www.eldigitaldeasturias.com\\\/noticias\\\/wp-content\\\/uploads\\\/2020\\\/12\\\/EDA.jpg\",\"@id\":\"https:\\\/\\\/www.eldigitaldeasturias.com\\\/noticias\\\/merkel-inaugura-el-mayor-parque-eolico-del-mar-baltico\\\/#organizationLogo\",\"width\":649,\"height\":297},\"image\":{\"@id\":\"https:\\\/\\\/www.eldigitaldeasturias.com\\\/noticias\\\/merkel-inaugura-el-mayor-parque-eolico-del-mar-baltico\\\/#organizationLogo\"},\"sameAs\":[\"https:\\\/\\\/facebook.com\\\/eldigitaldeasturias\",\"https:\\\/\\\/www.youtube.com\\\/channel\\\/UCZP-2wLEB9Rv6erhFmqVnvg\"],\"address\":{\"@id\":\"https:\\\/\\\/www.eldigitaldeasturias.com\\\/noticias\\\/#postaladdress\",\"@type\":\"PostalAddress\",\"streetAddress\":\"san antonio 4,\",\"postalCode\":\"33430\",\"addressLocality\":\"Cand\\u00e1s\",\"addressRegion\":\"Asturias\",\"addressCountry\":\"ES\"}},{\"@type\":\"Person\",\"@id\":\"https:\\\/\\\/www.eldigitaldeasturias.com\\\/noticias\\\/author\\\/admin\\\/#author\",\"url\":\"https:\\\/\\\/www.eldigitaldeasturias.com\\\/noticias\\\/author\\\/admin\\\/\",\"name\":\"El Digital de Asturias\",\"image\":{\"@type\":\"ImageObject\",\"@id\":\"https:\\\/\\\/www.eldigitaldeasturias.com\\\/noticias\\\/merkel-inaugura-el-mayor-parque-eolico-del-mar-baltico\\\/#authorImage\",\"url\":\"https:\\\/\\\/www.eldigitaldeasturias.com\\\/noticias\\\/wp-content\\\/litespeed\\\/avatar\\\/18677e78aa0546b92d9dbf31ec7d7668.jpg?ver=1776685526\",\"width\":96,\"height\":96,\"caption\":\"El Digital de Asturias\"}},{\"@type\":\"WebPage\",\"@id\":\"https:\\\/\\\/www.eldigitaldeasturias.com\\\/noticias\\\/merkel-inaugura-el-mayor-parque-eolico-del-mar-baltico\\\/#webpage\",\"url\":\"https:\\\/\\\/www.eldigitaldeasturias.com\\\/noticias\\\/merkel-inaugura-el-mayor-parque-eolico-del-mar-baltico\\\/\",\"name\":\"Merkel inaugura el mayor parque e\\u00f3lico del mar B\\u00e1ltico - El Digital de Asturias\",\"description\":\"Sassnitz-Mukran, 16 abr (dpa) - La canciller alemana, Angela Merkel, inaugur\\u00f3 hoy el parque e\\u00f3lico de Arkona, la mayor infraestructura construida hasta el momento sobre la costa del mar B\\u00e1ltico. Merkel dijo en su discurso que las energ\\u00edas renovables ya est\\u00e1n fuera del nicho de mercado y que se convertir\\u00e1n en el n\\u00facleo del suministro\",\"inLanguage\":\"es-ES\",\"isPartOf\":{\"@id\":\"https:\\\/\\\/www.eldigitaldeasturias.com\\\/noticias\\\/#website\"},\"breadcrumb\":{\"@id\":\"https:\\\/\\\/www.eldigitaldeasturias.com\\\/noticias\\\/merkel-inaugura-el-mayor-parque-eolico-del-mar-baltico\\\/#breadcrumblist\"},\"author\":{\"@id\":\"https:\\\/\\\/www.eldigitaldeasturias.com\\\/noticias\\\/author\\\/admin\\\/#author\"},\"creator\":{\"@id\":\"https:\\\/\\\/www.eldigitaldeasturias.com\\\/noticias\\\/author\\\/admin\\\/#author\"},\"image\":{\"@type\":\"ImageObject\",\"url\":\"https:\\\/\\\/www.eldigitaldeasturias.com\\\/noticias\\\/wp-content\\\/uploads\\\/2019\\\/04\\\/Merkel-Baltico.jpg\",\"@id\":\"https:\\\/\\\/www.eldigitaldeasturias.com\\\/noticias\\\/merkel-inaugura-el-mayor-parque-eolico-del-mar-baltico\\\/#mainImage\",\"width\":1023,\"height\":665},\"primaryImageOfPage\":{\"@id\":\"https:\\\/\\\/www.eldigitaldeasturias.com\\\/noticias\\\/merkel-inaugura-el-mayor-parque-eolico-del-mar-baltico\\\/#mainImage\"},\"datePublished\":\"2019-04-17T04:22:07+02:00\",\"dateModified\":\"2019-04-17T04:22:07+02:00\"},{\"@type\":\"WebSite\",\"@id\":\"https:\\\/\\\/www.eldigitaldeasturias.com\\\/noticias\\\/#website\",\"url\":\"https:\\\/\\\/www.eldigitaldeasturias.com\\\/noticias\\\/\",\"name\":\"El Digital de Asturias - Diario de actualidad y noticias\",\"alternateName\":\"El Digital de Asturias - Diario de actualidad y noticias\",\"description\":\"Hemeroteca\",\"inLanguage\":\"es-ES\",\"publisher\":{\"@id\":\"https:\\\/\\\/www.eldigitaldeasturias.com\\\/noticias\\\/#organization\"}}]}\n\t\t<\/script>\n\t\t<!-- All in One SEO Pro -->\r\n\t\t<title>Merkel inaugura el mayor parque e\u00f3lico del mar B\u00e1ltico - El Digital de Asturias<\/title>\n\n","aioseo_head_json":{"title":"Merkel inaugura el mayor parque e\u00f3lico del mar B\u00e1ltico - El Digital de Asturias","description":"Sassnitz-Mukran, 16 abr (dpa) - La canciller alemana, Angela Merkel, inaugur\u00f3 hoy el parque e\u00f3lico de Arkona, la mayor infraestructura construida hasta el momento sobre la costa del mar B\u00e1ltico. Merkel dijo en su discurso que las energ\u00edas renovables ya est\u00e1n fuera del nicho de mercado y que se convertir\u00e1n en el n\u00facleo del suministro","canonical_url":"https:\/\/www.eldigitaldeasturias.com\/noticias\/merkel-inaugura-el-mayor-parque-eolico-del-mar-baltico\/","robots":"max-image-preview:large","keywords":"econom\u00eda","webmasterTools":{"google-site-verification":"UA-38556648-1","msvalidate.01":"7dfe9f3f1b24437ab69f4f2559babe99","miscellaneous":""},"schema":{"@context":"https:\/\/schema.org","@graph":[{"@type":"BlogPosting","@id":"https:\/\/www.eldigitaldeasturias.com\/noticias\/merkel-inaugura-el-mayor-parque-eolico-del-mar-baltico\/#blogposting","name":"Merkel inaugura el mayor parque e\u00f3lico del mar B\u00e1ltico - El Digital de Asturias","headline":"Merkel inaugura el mayor parque e\u00f3lico del mar B\u00e1ltico","author":{"@id":"https:\/\/www.eldigitaldeasturias.com\/noticias\/author\/admin\/#author"},"publisher":{"@id":"https:\/\/www.eldigitaldeasturias.com\/noticias\/#organization"},"image":{"@type":"ImageObject","url":"https:\/\/www.eldigitaldeasturias.com\/noticias\/wp-content\/uploads\/2019\/04\/Merkel-Baltico.jpg","width":1023,"height":665},"datePublished":"2019-04-17T04:22:07+02:00","dateModified":"2019-04-17T04:22:07+02:00","inLanguage":"es-ES","mainEntityOfPage":{"@id":"https:\/\/www.eldigitaldeasturias.com\/noticias\/merkel-inaugura-el-mayor-parque-eolico-del-mar-baltico\/#webpage"},"isPartOf":{"@id":"https:\/\/www.eldigitaldeasturias.com\/noticias\/merkel-inaugura-el-mayor-parque-eolico-del-mar-baltico\/#webpage"},"articleSection":"Econom\u00eda"},{"@type":"BreadcrumbList","@id":"https:\/\/www.eldigitaldeasturias.com\/noticias\/merkel-inaugura-el-mayor-parque-eolico-del-mar-baltico\/#breadcrumblist","itemListElement":[{"@type":"ListItem","@id":"https:\/\/www.eldigitaldeasturias.com\/noticias#listItem","position":1,"name":"Home","item":"https:\/\/www.eldigitaldeasturias.com\/noticias","nextItem":{"@type":"ListItem","@id":"https:\/\/www.eldigitaldeasturias.com\/noticias\/category\/economia\/#listItem","name":"Econom\u00eda"}},{"@type":"ListItem","@id":"https:\/\/www.eldigitaldeasturias.com\/noticias\/category\/economia\/#listItem","position":2,"name":"Econom\u00eda","item":"https:\/\/www.eldigitaldeasturias.com\/noticias\/category\/economia\/","nextItem":{"@type":"ListItem","@id":"https:\/\/www.eldigitaldeasturias.com\/noticias\/merkel-inaugura-el-mayor-parque-eolico-del-mar-baltico\/#listItem","name":"Merkel inaugura el mayor parque e\u00f3lico del mar B\u00e1ltico"},"previousItem":{"@type":"ListItem","@id":"https:\/\/www.eldigitaldeasturias.com\/noticias#listItem","name":"Home"}},{"@type":"ListItem","@id":"https:\/\/www.eldigitaldeasturias.com\/noticias\/merkel-inaugura-el-mayor-parque-eolico-del-mar-baltico\/#listItem","position":3,"name":"Merkel inaugura el mayor parque e\u00f3lico del mar B\u00e1ltico","previousItem":{"@type":"ListItem","@id":"https:\/\/www.eldigitaldeasturias.com\/noticias\/category\/economia\/#listItem","name":"Econom\u00eda"}}]},{"@type":"Organization","@id":"https:\/\/www.eldigitaldeasturias.com\/noticias\/#organization","name":"El Digital de Asturias","description":"Hemeroteca","url":"https:\/\/www.eldigitaldeasturias.com\/noticias\/","email":"info@eldigitaldeasturias.com","telephone":"+34652131393","logo":{"@type":"ImageObject","url":"https:\/\/www.eldigitaldeasturias.com\/noticias\/wp-content\/uploads\/2020\/12\/EDA.jpg","@id":"https:\/\/www.eldigitaldeasturias.com\/noticias\/merkel-inaugura-el-mayor-parque-eolico-del-mar-baltico\/#organizationLogo","width":649,"height":297},"image":{"@id":"https:\/\/www.eldigitaldeasturias.com\/noticias\/merkel-inaugura-el-mayor-parque-eolico-del-mar-baltico\/#organizationLogo"},"sameAs":["https:\/\/facebook.com\/eldigitaldeasturias","https:\/\/www.youtube.com\/channel\/UCZP-2wLEB9Rv6erhFmqVnvg"],"address":{"@id":"https:\/\/www.eldigitaldeasturias.com\/noticias\/#postaladdress","@type":"PostalAddress","streetAddress":"san antonio 4,","postalCode":"33430","addressLocality":"Cand\u00e1s","addressRegion":"Asturias","addressCountry":"ES"}},{"@type":"Person","@id":"https:\/\/www.eldigitaldeasturias.com\/noticias\/author\/admin\/#author","url":"https:\/\/www.eldigitaldeasturias.com\/noticias\/author\/admin\/","name":"El Digital de Asturias","image":{"@type":"ImageObject","@id":"https:\/\/www.eldigitaldeasturias.com\/noticias\/merkel-inaugura-el-mayor-parque-eolico-del-mar-baltico\/#authorImage","url":"https:\/\/www.eldigitaldeasturias.com\/noticias\/wp-content\/litespeed\/avatar\/18677e78aa0546b92d9dbf31ec7d7668.jpg?ver=1776685526","width":96,"height":96,"caption":"El Digital de Asturias"}},{"@type":"WebPage","@id":"https:\/\/www.eldigitaldeasturias.com\/noticias\/merkel-inaugura-el-mayor-parque-eolico-del-mar-baltico\/#webpage","url":"https:\/\/www.eldigitaldeasturias.com\/noticias\/merkel-inaugura-el-mayor-parque-eolico-del-mar-baltico\/","name":"Merkel inaugura el mayor parque e\u00f3lico del mar B\u00e1ltico - El Digital de Asturias","description":"Sassnitz-Mukran, 16 abr (dpa) - La canciller alemana, Angela Merkel, inaugur\u00f3 hoy el parque e\u00f3lico de Arkona, la mayor infraestructura construida hasta el momento sobre la costa del mar B\u00e1ltico. Merkel dijo en su discurso que las energ\u00edas renovables ya est\u00e1n fuera del nicho de mercado y que se convertir\u00e1n en el n\u00facleo del suministro","inLanguage":"es-ES","isPartOf":{"@id":"https:\/\/www.eldigitaldeasturias.com\/noticias\/#website"},"breadcrumb":{"@id":"https:\/\/www.eldigitaldeasturias.com\/noticias\/merkel-inaugura-el-mayor-parque-eolico-del-mar-baltico\/#breadcrumblist"},"author":{"@id":"https:\/\/www.eldigitaldeasturias.com\/noticias\/author\/admin\/#author"},"creator":{"@id":"https:\/\/www.eldigitaldeasturias.com\/noticias\/author\/admin\/#author"},"image":{"@type":"ImageObject","url":"https:\/\/www.eldigitaldeasturias.com\/noticias\/wp-content\/uploads\/2019\/04\/Merkel-Baltico.jpg","@id":"https:\/\/www.eldigitaldeasturias.com\/noticias\/merkel-inaugura-el-mayor-parque-eolico-del-mar-baltico\/#mainImage","width":1023,"height":665},"primaryImageOfPage":{"@id":"https:\/\/www.eldigitaldeasturias.com\/noticias\/merkel-inaugura-el-mayor-parque-eolico-del-mar-baltico\/#mainImage"},"datePublished":"2019-04-17T04:22:07+02:00","dateModified":"2019-04-17T04:22:07+02:00"},{"@type":"WebSite","@id":"https:\/\/www.eldigitaldeasturias.com\/noticias\/#website","url":"https:\/\/www.eldigitaldeasturias.com\/noticias\/","name":"El Digital de Asturias - Diario de actualidad y noticias","alternateName":"El Digital de Asturias - Diario de actualidad y noticias","description":"Hemeroteca","inLanguage":"es-ES","publisher":{"@id":"https:\/\/www.eldigitaldeasturias.com\/noticias\/#organization"}}]},"og:locale":"es_ES","og:site_name":"El Digital de Asturias","og:type":"article","og:title":"Merkel inaugura el mayor parque e\u00f3lico del mar B\u00e1ltico - El Digital de Asturias","og:description":"Sassnitz-Mukran, 16 abr (dpa) - La canciller alemana, Angela Merkel, inaugur\u00f3 hoy el parque e\u00f3lico de Arkona, la mayor infraestructura construida hasta el momento sobre la costa del mar B\u00e1ltico. Merkel dijo en su discurso que las energ\u00edas renovables ya est\u00e1n fuera del nicho de mercado y que se convertir\u00e1n en el n\u00facleo del suministro","og:url":"https:\/\/www.eldigitaldeasturias.com\/noticias\/merkel-inaugura-el-mayor-parque-eolico-del-mar-baltico\/","og:image":"https:\/\/www.eldigitaldeasturias.com\/noticias\/wp-content\/uploads\/2019\/04\/Merkel-Baltico.jpg","og:image:secure_url":"https:\/\/www.eldigitaldeasturias.com\/noticias\/wp-content\/uploads\/2019\/04\/Merkel-Baltico.jpg","og:image:width":1023,"og:image:height":665,"article:tag":["econom\u00eda"],"article:published_time":"2019-04-17T04:22:07+00:00","article:modified_time":"2019-04-17T04:22:07+00:00","article:publisher":"https:\/\/facebook.com\/eldigitaldeasturias","twitter:card":"summary_large_image","twitter:title":"Merkel inaugura el mayor parque e\u00f3lico del mar B\u00e1ltico - El Digital de Asturias","twitter:description":"Sassnitz-Mukran, 16 abr (dpa) - La canciller alemana, Angela Merkel, inaugur\u00f3 hoy el parque e\u00f3lico de Arkona, la mayor infraestructura construida hasta el momento sobre la costa del mar B\u00e1ltico. Merkel dijo en su discurso que las energ\u00edas renovables ya est\u00e1n fuera del nicho de mercado y que se convertir\u00e1n en el n\u00facleo del suministro","twitter:image":"https:\/\/www.eldigitaldeasturias.com\/noticias\/wp-content\/uploads\/2019\/04\/Merkel-Baltico.jpg","twitter:label1":"Escrito por","twitter:data1":"El Digital de Asturias","twitter:label2":"Tiempo de lectura estimado","twitter:data2":"1 minuto"},"aioseo_meta_data":{"post_id":"1024207","title":null,"description":null,"keywords":null,"keyphrases":null,"primary_term":null,"canonical_url":null,"og_title":null,"og_description":null,"og_object_type":"default","og_image_type":"default","og_image_url":null,"og_image_width":null,"og_image_height":null,"og_image_custom_url":null,"og_image_custom_fields":null,"og_video":null,"og_custom_url":null,"og_article_section":null,"og_article_tags":null,"twitter_use_og":false,"twitter_card":"default","twitter_image_type":"default","twitter_image_url":null,"twitter_image_custom_url":null,"twitter_image_custom_fields":null,"twitter_title":null,"twitter_description":null,"schema":{"blockGraphs":[],"customGraphs":[],"default":{"data":{"Article":[],"Course":[],"Dataset":[],"FAQPage":[],"Movie":[],"Person":[],"Product":[],"ProductReview":[],"Car":[],"Recipe":[],"Service":[],"SoftwareApplication":[],"WebPage":[]},"graphName":"","isEnabled":true},"graphs":[],"defaultGraph":"","defaultPostTypeGraph":""},"schema_type":null,"schema_type_options":null,"pillar_content":false,"robots_default":true,"robots_noindex":false,"robots_noarchive":false,"robots_nosnippet":false,"robots_nofollow":false,"robots_noimageindex":false,"robots_noodp":false,"robots_notranslate":false,"robots_max_snippet":null,"robots_max_videopreview":null,"robots_max_imagepreview":"large","priority":null,"frequency":null,"local_seo":null,"seo_analyzer_scan_date":"2025-10-17 16:54:11","breadcrumb_settings":null,"limit_modified_date":false,"open_ai":null,"ai":null,"created":"2020-12-21 11:14:57","updated":"2025-10-17 16:54:11"},"aioseo_breadcrumb":"<div class=\"aioseo-breadcrumbs\"><span class=\"aioseo-breadcrumb\">\n\t<a href=\"https:\/\/www.eldigitaldeasturias.com\/noticias\" title=\"Home\">Home<\/a>\n<\/span><span class=\"aioseo-breadcrumb-separator\">\u2013<\/span><span class=\"aioseo-breadcrumb\">\n\t<a href=\"https:\/\/www.eldigitaldeasturias.com\/noticias\/category\/economia\/\" title=\"Econom\u00eda\">Econom\u00eda<\/a>\n<\/span><span class=\"aioseo-breadcrumb-separator\">\u2013<\/span><span class=\"aioseo-breadcrumb\">\n\t<a href=\"https:\/\/www.eldigitaldeasturias.com\/noticias\/merkel-inaugura-el-mayor-parque-eolico-del-mar-baltico\/\" title=\"Merkel inaugura el mayor parque e\u00f3lico del mar B\u00e1ltico\">Merkel inaugura el mayor parque e\u00f3lico del mar B\u00e1ltico<\/a>\n<\/span><\/div>","aioseo_breadcrumb_json":[{"label":"Home","link":"https:\/\/www.eldigitaldeasturias.com\/noticias"},{"label":"Econom\u00eda","link":"https:\/\/www.eldigitaldeasturias.com\/noticias\/category\/economia\/"},{"label":"Merkel inaugura el mayor parque e\u00f3lico del mar B\u00e1ltico","link":"https:\/\/www.eldigitaldeasturias.com\/noticias\/merkel-inaugura-el-mayor-parque-eolico-del-mar-baltico\/"}],"_links":{"self":[{"href":"https:\/\/www.eldigitaldeasturias.com\/noticias\/wp-json\/wp\/v2\/posts\/1024207","targetHints":{"allow":["GET"]}}],"collection":[{"href":"https:\/\/www.eldigitaldeasturias.com\/noticias\/wp-json\/wp\/v2\/posts"}],"about":[{"href":"https:\/\/www.eldigitaldeasturias.com\/noticias\/wp-json\/wp\/v2\/types\/post"}],"author":[{"embeddable":true,"href":"https:\/\/www.eldigitaldeasturias.com\/noticias\/wp-json\/wp\/v2\/users\/1"}],"replies":[{"embeddable":true,"href":"https:\/\/www.eldigitaldeasturias.com\/noticias\/wp-json\/wp\/v2\/comments?post=1024207"}],"version-history":[{"count":0,"href":"https:\/\/www.eldigitaldeasturias.com\/noticias\/wp-json\/wp\/v2\/posts\/1024207\/revisions"}],"wp:featuredmedia":[{"embeddable":true,"href":"https:\/\/www.eldigitaldeasturias.com\/noticias\/wp-json\/wp\/v2\/media\/1024208"}],"wp:attachment":[{"href":"https:\/\/www.eldigitaldeasturias.com\/noticias\/wp-json\/wp\/v2\/media?parent=1024207"}],"wp:term":[{"taxonomy":"category","embeddable":true,"href":"https:\/\/www.eldigitaldeasturias.com\/noticias\/wp-json\/wp\/v2\/categories?post=1024207"},{"taxonomy":"post_tag","embeddable":true,"href":"https:\/\/www.eldigitaldeasturias.com\/noticias\/wp-json\/wp\/v2\/tags?post=1024207"}],"curies":[{"name":"wp","href":"https:\/\/api.w.org\/{rel}","templated":true}]}}