{"id":1024145,"date":"2019-04-16T13:00:37","date_gmt":"2019-04-16T13:00:37","guid":{"rendered":"https:\/\/www.eldigitaldeasturias.com\/noticias\/?p=1024145"},"modified":"2019-04-16T13:00:37","modified_gmt":"2019-04-16T13:00:37","slug":"los-cuidadores-no-profesionales-de-personas-en-situacion-de-dependencia-pueden-suscribir-un-convenio-especial-con-la-seguridad-social","status":"publish","type":"post","link":"https:\/\/www.eldigitaldeasturias.com\/noticias\/los-cuidadores-no-profesionales-de-personas-en-situacion-de-dependencia-pueden-suscribir-un-convenio-especial-con-la-seguridad-social\/","title":{"rendered":"Los cuidadores no profesionales de personas en situaci\u00f3n de dependencia pueden suscribir un convenio especial con la Seguridad Social"},"content":{"rendered":"<p><img loading=\"lazy\" decoding=\"async\" class=\"alignleft size-medium wp-image-1024146\" src=\"https:\/\/www.eldigitaldeasturias.com\/noticias\/wp-content\/uploads\/2019\/04\/290818pensionistas-360x239.jpg\" alt=\"\" width=\"360\" height=\"239\" srcset=\"https:\/\/www.eldigitaldeasturias.com\/noticias\/wp-content\/uploads\/2019\/04\/290818pensionistas-360x239.jpg 360w, https:\/\/www.eldigitaldeasturias.com\/noticias\/wp-content\/uploads\/2019\/04\/290818pensionistas.jpg 512w\" sizes=\"auto, (max-width: 360px) 100vw, 360px\" \/>Los cuidadores no profesionales de beneficiarios de la ley de dependencia pueden suscribir desde el 1 de abril un convenio especial con la Seguridad Social sin tener que pagar ellos las cotizaciones, como ven\u00eda ocurriendo desde 2013.<\/p>\n<p>A partir de ahora, las cotizaciones sociales de estos convenios, tambi\u00e9n de los que ya estaban en vigor, corren a cargo de la Administraci\u00f3n General del Estado y no generan coste alguno al cuidador no profesional.<\/p>\n<p>La principal ventaja para los cuidadores no profesionales, mayoritariamente mujeres, es que de esta forma los a\u00f1os dedicados al cuidado de la persona dependiente se integran en su vida laboral y contribuyen a generar derecho a prestaciones como la de jubilaci\u00f3n o la de incapacidad permanente.<\/p>\n<p>Se da as\u00ed cumplimiento al Real Decreto-ley 6\/2019, de 1 de marzo, de medidas urgentes para garant\u00eda de la igualdad de trato y de oportunidades entre mujeres y hombres en el empleo y la ocupaci\u00f3n. Una vez convalidado en el Congreso de los Diputados, este Real Decreto recupera en su integridad el convenio especial ya previsto en el Real Decreto 615\/2007 por el que se regula la Seguridad Social de los cuidadores de las personas en situaci\u00f3n de dependencia.<\/p>\n<p>El Real Decreto 20\/2012 modific\u00f3 la naturaleza de este convenio, de forma que desde el 1 de enero de 2013 ha sido el cuidador el que ha tenido que hacerse cargo en exclusividad de sus cotizaciones si quer\u00eda seguir manteniendo su relaci\u00f3n con la Seguridad Social.<\/p>\n<p><strong>C\u00f3mo suscribirlo<\/strong><\/p>\n<p>En concreto, este convenio especial est\u00e1 dirigido a aquellas personas que est\u00e1n designadas como cuidadoras no profesionales en el Programa Individual de Atenci\u00f3n, elaborado por los Servicios Sociales correspondientes al municipio de residencia de la persona solicitante. Para suscribirlo es necesario que la cuidadora no est\u00e9 dada de alta en la Seguridad Social en ning\u00fan r\u00e9gimen a tiempo completo ni en el desempleo.<\/p>\n<p>Adem\u00e1s, la persona que recibe los cuidados tiene que tener reconocida la prestaci\u00f3n econ\u00f3mica de dependencia para dar opci\u00f3n a su cuidador a suscribir el convenio especial.<\/p>\n<p>La solicitud se debe presentar en las oficinas de la Tesorer\u00eda General de la Seguridad Social en las que existe un formulario para este fin. Tambi\u00e9n se puede solicitar en la sede electr\u00f3nica utilizando el servicio de \u00abAlta en Convenio Especial\u00bb, siempre que se disponga de certificado electr\u00f3nico. Hay que acompa\u00f1ar el formulario correspondiente con la resoluci\u00f3n de la prestaci\u00f3n econ\u00f3mica de la dependencia y el DNI tanto del cuidador no profesional como de la persona dependiente.<\/p>\n<p>Si al suscribir el convenio, se opta por la base de cotizaci\u00f3n equivalente al tope m\u00ednimo del r\u00e9gimen general, el pago de la cuota ser\u00e1 asumida en su totalidad por la Administraci\u00f3n. Si el cuidador no profesional opta por una base de cotizaci\u00f3n superior, la Administraci\u00f3n del Estado asume la cuota correspondiente a la base m\u00ednima de cotizaci\u00f3n y el cuidador paga por el resto, es decir, por la diferencia entre la base que haya elegido y la base m\u00ednima.<\/p>\n<p><strong>Vigencia del convenio especial<\/strong><\/p>\n<p>Los convenios especiales de cuidadores no profesionales de las personas en situaci\u00f3n de dependencia, suscritos con anterioridad al 1 de abril, contin\u00faan vigentes, pero los interesados ya no tendr\u00e1n que hacer frente a las cuotas, sino que su financiaci\u00f3n corre por cuenta de la Administraci\u00f3n General del Estado. Este cambio se ha producido de oficio para los 7.000 cuidadores que lo ten\u00edan suscrito.<\/p>\n<p>Los cuidadores cuya persona dependiente ten\u00eda reconocida la prestaci\u00f3n econ\u00f3mica con anterioridad al 1 de abril tienen tres meses (90 d\u00edas naturales) para solicitar el convenio y que sus efectos se extiendan desde esa fecha, es decir, desde el propio 1 de abril. Si lo suscriben despu\u00e9s del 30 de junio, el convenio tendr\u00e1 efectos a partir de la fecha de suscripci\u00f3n.<\/p>\n<p>Asimismo, los cuidadores de personas cuya prestaci\u00f3n econ\u00f3mica por dependencia sea reconocida a partir del 1 abril tienen 90 d\u00edas para solicitar el convenio si quieren que sus efectos sean desde la fecha en la que se les haya reconocido la prestaci\u00f3n. Si se solicita despu\u00e9s de esos 90 d\u00edas naturales, el convenio tendr\u00e1 efectos desde la fecha de suscripci\u00f3n del mismo.<\/p>\n<p>En el caso de que el cuidador pase a ser titular de una pensi\u00f3n de jubilaci\u00f3n, incapacidad permanente de viudedad o de favor familiar o cumpla los 65 a\u00f1os, tendr\u00e1 que dar de baja su convenio. Tambi\u00e9n se extingue el mismo cuando fallece la persona asistida, se deja de percibir la prestaci\u00f3n econ\u00f3mica para cuidados familiares o se dejan de prestar servicios como cuidador.<\/p>\n","protected":false},"excerpt":{"rendered":"<p>Los cuidadores no profesionales de beneficiarios de la ley de dependencia pueden suscribir desde el 1 de abril un convenio especial con la Seguridad Social sin tener que pagar ellos las cotizaciones, como ven\u00eda ocurriendo desde 2013. A partir de ahora, las cotizaciones sociales de estos convenios, tambi\u00e9n de los que ya estaban en vigor, [&hellip;]<\/p>\n","protected":false},"author":1,"featured_media":1024146,"comment_status":"closed","ping_status":"closed","sticky":false,"template":"","format":"standard","meta":{"footnotes":""},"categories":[187],"tags":[],"class_list":["post-1024145","post","type-post","status-publish","format-standard","has-post-thumbnail","hentry","category-economia"],"aioseo_notices":[],"aioseo_head":"\n\t\t<!-- All in One SEO Pro 4.9.6.2 - aioseo.com -->\n\t<meta name=\"description\" content=\"Los cuidadores no profesionales de beneficiarios de la ley de dependencia pueden suscribir desde el 1 de abril un convenio especial con la Seguridad Social sin tener que pagar ellos las cotizaciones, como ven\u00eda ocurriendo desde 2013. A partir de ahora, las cotizaciones sociales de estos convenios, tambi\u00e9n de los que ya estaban en vigor,\" \/>\n\t<meta name=\"robots\" content=\"max-image-preview:large\" \/>\n\t<meta name=\"author\" content=\"El Digital de Asturias\"\/>\n\t<meta name=\"google-site-verification\" content=\"UA-38556648-1\" \/>\n\t<meta name=\"msvalidate.01\" content=\"7dfe9f3f1b24437ab69f4f2559babe99\" \/>\n\t<meta name=\"keywords\" content=\"econom\u00eda\" \/>\n\t<link rel=\"canonical\" href=\"https:\/\/www.eldigitaldeasturias.com\/noticias\/los-cuidadores-no-profesionales-de-personas-en-situacion-de-dependencia-pueden-suscribir-un-convenio-especial-con-la-seguridad-social\/\" \/>\n\t<meta name=\"generator\" content=\"All in One SEO Pro (AIOSEO) 4.9.6.2\" \/>\n\t\t<meta property=\"og:locale\" content=\"es_ES\" \/>\n\t\t<meta property=\"og:site_name\" content=\"El Digital de Asturias\" \/>\n\t\t<meta property=\"og:type\" content=\"article\" \/>\n\t\t<meta property=\"og:title\" content=\"Los cuidadores no profesionales de personas en situaci\u00f3n de dependencia pueden suscribir un convenio especial con la Seguridad Social - El Digital de Asturias\" \/>\n\t\t<meta property=\"og:description\" content=\"Los cuidadores no profesionales de beneficiarios de la ley de dependencia pueden suscribir desde el 1 de abril un convenio especial con la Seguridad Social sin tener que pagar ellos las cotizaciones, como ven\u00eda ocurriendo desde 2013. A partir de ahora, las cotizaciones sociales de estos convenios, tambi\u00e9n de los que ya estaban en vigor,\" \/>\n\t\t<meta property=\"og:url\" content=\"https:\/\/www.eldigitaldeasturias.com\/noticias\/los-cuidadores-no-profesionales-de-personas-en-situacion-de-dependencia-pueden-suscribir-un-convenio-especial-con-la-seguridad-social\/\" \/>\n\t\t<meta property=\"og:image\" content=\"https:\/\/www.eldigitaldeasturias.com\/noticias\/wp-content\/uploads\/2019\/04\/290818pensionistas.jpg\" \/>\n\t\t<meta property=\"og:image:secure_url\" content=\"https:\/\/www.eldigitaldeasturias.com\/noticias\/wp-content\/uploads\/2019\/04\/290818pensionistas.jpg\" \/>\n\t\t<meta property=\"og:image:width\" content=\"512\" \/>\n\t\t<meta property=\"og:image:height\" content=\"340\" \/>\n\t\t<meta property=\"article:tag\" content=\"econom\u00eda\" \/>\n\t\t<meta property=\"article:published_time\" content=\"2019-04-16T13:00:37+00:00\" \/>\n\t\t<meta property=\"article:modified_time\" content=\"2019-04-16T13:00:37+00:00\" \/>\n\t\t<meta property=\"article:publisher\" content=\"https:\/\/facebook.com\/eldigitaldeasturias\" \/>\n\t\t<meta name=\"twitter:card\" content=\"summary_large_image\" \/>\n\t\t<meta name=\"twitter:title\" content=\"Los cuidadores no profesionales de personas en situaci\u00f3n de dependencia pueden suscribir un convenio especial con la Seguridad Social - El Digital de Asturias\" \/>\n\t\t<meta name=\"twitter:description\" content=\"Los cuidadores no profesionales de beneficiarios de la ley de dependencia pueden suscribir desde el 1 de abril un convenio especial con la Seguridad Social sin tener que pagar ellos las cotizaciones, como ven\u00eda ocurriendo desde 2013. A partir de ahora, las cotizaciones sociales de estos convenios, tambi\u00e9n de los que ya estaban en vigor,\" \/>\n\t\t<meta name=\"twitter:image\" content=\"https:\/\/www.eldigitaldeasturias.com\/noticias\/wp-content\/uploads\/2019\/04\/290818pensionistas.jpg\" \/>\n\t\t<meta name=\"twitter:label1\" content=\"Escrito por\" \/>\n\t\t<meta name=\"twitter:data1\" content=\"El Digital de Asturias\" \/>\n\t\t<meta name=\"twitter:label2\" content=\"Tiempo de lectura estimado\" \/>\n\t\t<meta name=\"twitter:data2\" content=\"4 minutos\" \/>\n\t\t<script type=\"application\/ld+json\" class=\"aioseo-schema\">\n\t\t\t{\"@context\":\"https:\\\/\\\/schema.org\",\"@graph\":[{\"@type\":\"BlogPosting\",\"@id\":\"https:\\\/\\\/www.eldigitaldeasturias.com\\\/noticias\\\/los-cuidadores-no-profesionales-de-personas-en-situacion-de-dependencia-pueden-suscribir-un-convenio-especial-con-la-seguridad-social\\\/#blogposting\",\"name\":\"Los cuidadores no profesionales de personas en situaci\\u00f3n de dependencia pueden suscribir un convenio especial con la Seguridad Social - El Digital de Asturias\",\"headline\":\"Los cuidadores no profesionales de personas en situaci\\u00f3n de dependencia pueden suscribir un convenio especial con la Seguridad Social\",\"author\":{\"@id\":\"https:\\\/\\\/www.eldigitaldeasturias.com\\\/noticias\\\/author\\\/admin\\\/#author\"},\"publisher\":{\"@id\":\"https:\\\/\\\/www.eldigitaldeasturias.com\\\/noticias\\\/#organization\"},\"image\":{\"@type\":\"ImageObject\",\"url\":\"https:\\\/\\\/www.eldigitaldeasturias.com\\\/noticias\\\/wp-content\\\/uploads\\\/2019\\\/04\\\/290818pensionistas.jpg\",\"width\":512,\"height\":340},\"datePublished\":\"2019-04-16T13:00:37+02:00\",\"dateModified\":\"2019-04-16T13:00:37+02:00\",\"inLanguage\":\"es-ES\",\"mainEntityOfPage\":{\"@id\":\"https:\\\/\\\/www.eldigitaldeasturias.com\\\/noticias\\\/los-cuidadores-no-profesionales-de-personas-en-situacion-de-dependencia-pueden-suscribir-un-convenio-especial-con-la-seguridad-social\\\/#webpage\"},\"isPartOf\":{\"@id\":\"https:\\\/\\\/www.eldigitaldeasturias.com\\\/noticias\\\/los-cuidadores-no-profesionales-de-personas-en-situacion-de-dependencia-pueden-suscribir-un-convenio-especial-con-la-seguridad-social\\\/#webpage\"},\"articleSection\":\"Econom\\u00eda\"},{\"@type\":\"BreadcrumbList\",\"@id\":\"https:\\\/\\\/www.eldigitaldeasturias.com\\\/noticias\\\/los-cuidadores-no-profesionales-de-personas-en-situacion-de-dependencia-pueden-suscribir-un-convenio-especial-con-la-seguridad-social\\\/#breadcrumblist\",\"itemListElement\":[{\"@type\":\"ListItem\",\"@id\":\"https:\\\/\\\/www.eldigitaldeasturias.com\\\/noticias#listItem\",\"position\":1,\"name\":\"Home\",\"item\":\"https:\\\/\\\/www.eldigitaldeasturias.com\\\/noticias\",\"nextItem\":{\"@type\":\"ListItem\",\"@id\":\"https:\\\/\\\/www.eldigitaldeasturias.com\\\/noticias\\\/category\\\/economia\\\/#listItem\",\"name\":\"Econom\\u00eda\"}},{\"@type\":\"ListItem\",\"@id\":\"https:\\\/\\\/www.eldigitaldeasturias.com\\\/noticias\\\/category\\\/economia\\\/#listItem\",\"position\":2,\"name\":\"Econom\\u00eda\",\"item\":\"https:\\\/\\\/www.eldigitaldeasturias.com\\\/noticias\\\/category\\\/economia\\\/\",\"nextItem\":{\"@type\":\"ListItem\",\"@id\":\"https:\\\/\\\/www.eldigitaldeasturias.com\\\/noticias\\\/los-cuidadores-no-profesionales-de-personas-en-situacion-de-dependencia-pueden-suscribir-un-convenio-especial-con-la-seguridad-social\\\/#listItem\",\"name\":\"Los cuidadores no profesionales de personas en situaci\\u00f3n de dependencia pueden suscribir un convenio especial con la Seguridad Social\"},\"previousItem\":{\"@type\":\"ListItem\",\"@id\":\"https:\\\/\\\/www.eldigitaldeasturias.com\\\/noticias#listItem\",\"name\":\"Home\"}},{\"@type\":\"ListItem\",\"@id\":\"https:\\\/\\\/www.eldigitaldeasturias.com\\\/noticias\\\/los-cuidadores-no-profesionales-de-personas-en-situacion-de-dependencia-pueden-suscribir-un-convenio-especial-con-la-seguridad-social\\\/#listItem\",\"position\":3,\"name\":\"Los cuidadores no profesionales de personas en situaci\\u00f3n de dependencia pueden suscribir un convenio especial con la Seguridad Social\",\"previousItem\":{\"@type\":\"ListItem\",\"@id\":\"https:\\\/\\\/www.eldigitaldeasturias.com\\\/noticias\\\/category\\\/economia\\\/#listItem\",\"name\":\"Econom\\u00eda\"}}]},{\"@type\":\"Organization\",\"@id\":\"https:\\\/\\\/www.eldigitaldeasturias.com\\\/noticias\\\/#organization\",\"name\":\"El Digital de Asturias\",\"description\":\"Hemeroteca\",\"url\":\"https:\\\/\\\/www.eldigitaldeasturias.com\\\/noticias\\\/\",\"email\":\"info@eldigitaldeasturias.com\",\"telephone\":\"+34652131393\",\"logo\":{\"@type\":\"ImageObject\",\"url\":\"https:\\\/\\\/www.eldigitaldeasturias.com\\\/noticias\\\/wp-content\\\/uploads\\\/2020\\\/12\\\/EDA.jpg\",\"@id\":\"https:\\\/\\\/www.eldigitaldeasturias.com\\\/noticias\\\/los-cuidadores-no-profesionales-de-personas-en-situacion-de-dependencia-pueden-suscribir-un-convenio-especial-con-la-seguridad-social\\\/#organizationLogo\",\"width\":649,\"height\":297},\"image\":{\"@id\":\"https:\\\/\\\/www.eldigitaldeasturias.com\\\/noticias\\\/los-cuidadores-no-profesionales-de-personas-en-situacion-de-dependencia-pueden-suscribir-un-convenio-especial-con-la-seguridad-social\\\/#organizationLogo\"},\"sameAs\":[\"https:\\\/\\\/facebook.com\\\/eldigitaldeasturias\",\"https:\\\/\\\/www.youtube.com\\\/channel\\\/UCZP-2wLEB9Rv6erhFmqVnvg\"],\"address\":{\"@id\":\"https:\\\/\\\/www.eldigitaldeasturias.com\\\/noticias\\\/#postaladdress\",\"@type\":\"PostalAddress\",\"streetAddress\":\"san antonio 4,\",\"postalCode\":\"33430\",\"addressLocality\":\"Cand\\u00e1s\",\"addressRegion\":\"Asturias\",\"addressCountry\":\"ES\"}},{\"@type\":\"Person\",\"@id\":\"https:\\\/\\\/www.eldigitaldeasturias.com\\\/noticias\\\/author\\\/admin\\\/#author\",\"url\":\"https:\\\/\\\/www.eldigitaldeasturias.com\\\/noticias\\\/author\\\/admin\\\/\",\"name\":\"El Digital de Asturias\",\"image\":{\"@type\":\"ImageObject\",\"@id\":\"https:\\\/\\\/www.eldigitaldeasturias.com\\\/noticias\\\/los-cuidadores-no-profesionales-de-personas-en-situacion-de-dependencia-pueden-suscribir-un-convenio-especial-con-la-seguridad-social\\\/#authorImage\",\"url\":\"https:\\\/\\\/www.eldigitaldeasturias.com\\\/noticias\\\/wp-content\\\/litespeed\\\/avatar\\\/18677e78aa0546b92d9dbf31ec7d7668.jpg?ver=1776685526\",\"width\":96,\"height\":96,\"caption\":\"El Digital de Asturias\"}},{\"@type\":\"WebPage\",\"@id\":\"https:\\\/\\\/www.eldigitaldeasturias.com\\\/noticias\\\/los-cuidadores-no-profesionales-de-personas-en-situacion-de-dependencia-pueden-suscribir-un-convenio-especial-con-la-seguridad-social\\\/#webpage\",\"url\":\"https:\\\/\\\/www.eldigitaldeasturias.com\\\/noticias\\\/los-cuidadores-no-profesionales-de-personas-en-situacion-de-dependencia-pueden-suscribir-un-convenio-especial-con-la-seguridad-social\\\/\",\"name\":\"Los cuidadores no profesionales de personas en situaci\\u00f3n de dependencia pueden suscribir un convenio especial con la Seguridad Social - El Digital de Asturias\",\"description\":\"Los cuidadores no profesionales de beneficiarios de la ley de dependencia pueden suscribir desde el 1 de abril un convenio especial con la Seguridad Social sin tener que pagar ellos las cotizaciones, como ven\\u00eda ocurriendo desde 2013. A partir de ahora, las cotizaciones sociales de estos convenios, tambi\\u00e9n de los que ya estaban en vigor,\",\"inLanguage\":\"es-ES\",\"isPartOf\":{\"@id\":\"https:\\\/\\\/www.eldigitaldeasturias.com\\\/noticias\\\/#website\"},\"breadcrumb\":{\"@id\":\"https:\\\/\\\/www.eldigitaldeasturias.com\\\/noticias\\\/los-cuidadores-no-profesionales-de-personas-en-situacion-de-dependencia-pueden-suscribir-un-convenio-especial-con-la-seguridad-social\\\/#breadcrumblist\"},\"author\":{\"@id\":\"https:\\\/\\\/www.eldigitaldeasturias.com\\\/noticias\\\/author\\\/admin\\\/#author\"},\"creator\":{\"@id\":\"https:\\\/\\\/www.eldigitaldeasturias.com\\\/noticias\\\/author\\\/admin\\\/#author\"},\"image\":{\"@type\":\"ImageObject\",\"url\":\"https:\\\/\\\/www.eldigitaldeasturias.com\\\/noticias\\\/wp-content\\\/uploads\\\/2019\\\/04\\\/290818pensionistas.jpg\",\"@id\":\"https:\\\/\\\/www.eldigitaldeasturias.com\\\/noticias\\\/los-cuidadores-no-profesionales-de-personas-en-situacion-de-dependencia-pueden-suscribir-un-convenio-especial-con-la-seguridad-social\\\/#mainImage\",\"width\":512,\"height\":340},\"primaryImageOfPage\":{\"@id\":\"https:\\\/\\\/www.eldigitaldeasturias.com\\\/noticias\\\/los-cuidadores-no-profesionales-de-personas-en-situacion-de-dependencia-pueden-suscribir-un-convenio-especial-con-la-seguridad-social\\\/#mainImage\"},\"datePublished\":\"2019-04-16T13:00:37+02:00\",\"dateModified\":\"2019-04-16T13:00:37+02:00\"},{\"@type\":\"WebSite\",\"@id\":\"https:\\\/\\\/www.eldigitaldeasturias.com\\\/noticias\\\/#website\",\"url\":\"https:\\\/\\\/www.eldigitaldeasturias.com\\\/noticias\\\/\",\"name\":\"El Digital de Asturias - Diario de actualidad y noticias\",\"alternateName\":\"El Digital de Asturias - Diario de actualidad y noticias\",\"description\":\"Hemeroteca\",\"inLanguage\":\"es-ES\",\"publisher\":{\"@id\":\"https:\\\/\\\/www.eldigitaldeasturias.com\\\/noticias\\\/#organization\"}}]}\n\t\t<\/script>\n\t\t<!-- All in One SEO Pro -->\r\n\t\t<title>Los cuidadores no profesionales de personas en situaci\u00f3n de dependencia pueden suscribir un convenio especial con la Seguridad Social - El Digital de Asturias<\/title>\n\n","aioseo_head_json":{"title":"Los cuidadores no profesionales de personas en situaci\u00f3n de dependencia pueden suscribir un convenio especial con la Seguridad Social - El Digital de Asturias","description":"Los cuidadores no profesionales de beneficiarios de la ley de dependencia pueden suscribir desde el 1 de abril un convenio especial con la Seguridad Social sin tener que pagar ellos las cotizaciones, como ven\u00eda ocurriendo desde 2013. A partir de ahora, las cotizaciones sociales de estos convenios, tambi\u00e9n de los que ya estaban en vigor,","canonical_url":"https:\/\/www.eldigitaldeasturias.com\/noticias\/los-cuidadores-no-profesionales-de-personas-en-situacion-de-dependencia-pueden-suscribir-un-convenio-especial-con-la-seguridad-social\/","robots":"max-image-preview:large","keywords":"econom\u00eda","webmasterTools":{"google-site-verification":"UA-38556648-1","msvalidate.01":"7dfe9f3f1b24437ab69f4f2559babe99","miscellaneous":""},"schema":{"@context":"https:\/\/schema.org","@graph":[{"@type":"BlogPosting","@id":"https:\/\/www.eldigitaldeasturias.com\/noticias\/los-cuidadores-no-profesionales-de-personas-en-situacion-de-dependencia-pueden-suscribir-un-convenio-especial-con-la-seguridad-social\/#blogposting","name":"Los cuidadores no profesionales de personas en situaci\u00f3n de dependencia pueden suscribir un convenio especial con la Seguridad Social - El Digital de Asturias","headline":"Los cuidadores no profesionales de personas en situaci\u00f3n de dependencia pueden suscribir un convenio especial con la Seguridad Social","author":{"@id":"https:\/\/www.eldigitaldeasturias.com\/noticias\/author\/admin\/#author"},"publisher":{"@id":"https:\/\/www.eldigitaldeasturias.com\/noticias\/#organization"},"image":{"@type":"ImageObject","url":"https:\/\/www.eldigitaldeasturias.com\/noticias\/wp-content\/uploads\/2019\/04\/290818pensionistas.jpg","width":512,"height":340},"datePublished":"2019-04-16T13:00:37+02:00","dateModified":"2019-04-16T13:00:37+02:00","inLanguage":"es-ES","mainEntityOfPage":{"@id":"https:\/\/www.eldigitaldeasturias.com\/noticias\/los-cuidadores-no-profesionales-de-personas-en-situacion-de-dependencia-pueden-suscribir-un-convenio-especial-con-la-seguridad-social\/#webpage"},"isPartOf":{"@id":"https:\/\/www.eldigitaldeasturias.com\/noticias\/los-cuidadores-no-profesionales-de-personas-en-situacion-de-dependencia-pueden-suscribir-un-convenio-especial-con-la-seguridad-social\/#webpage"},"articleSection":"Econom\u00eda"},{"@type":"BreadcrumbList","@id":"https:\/\/www.eldigitaldeasturias.com\/noticias\/los-cuidadores-no-profesionales-de-personas-en-situacion-de-dependencia-pueden-suscribir-un-convenio-especial-con-la-seguridad-social\/#breadcrumblist","itemListElement":[{"@type":"ListItem","@id":"https:\/\/www.eldigitaldeasturias.com\/noticias#listItem","position":1,"name":"Home","item":"https:\/\/www.eldigitaldeasturias.com\/noticias","nextItem":{"@type":"ListItem","@id":"https:\/\/www.eldigitaldeasturias.com\/noticias\/category\/economia\/#listItem","name":"Econom\u00eda"}},{"@type":"ListItem","@id":"https:\/\/www.eldigitaldeasturias.com\/noticias\/category\/economia\/#listItem","position":2,"name":"Econom\u00eda","item":"https:\/\/www.eldigitaldeasturias.com\/noticias\/category\/economia\/","nextItem":{"@type":"ListItem","@id":"https:\/\/www.eldigitaldeasturias.com\/noticias\/los-cuidadores-no-profesionales-de-personas-en-situacion-de-dependencia-pueden-suscribir-un-convenio-especial-con-la-seguridad-social\/#listItem","name":"Los cuidadores no profesionales de personas en situaci\u00f3n de dependencia pueden suscribir un convenio especial con la Seguridad Social"},"previousItem":{"@type":"ListItem","@id":"https:\/\/www.eldigitaldeasturias.com\/noticias#listItem","name":"Home"}},{"@type":"ListItem","@id":"https:\/\/www.eldigitaldeasturias.com\/noticias\/los-cuidadores-no-profesionales-de-personas-en-situacion-de-dependencia-pueden-suscribir-un-convenio-especial-con-la-seguridad-social\/#listItem","position":3,"name":"Los cuidadores no profesionales de personas en situaci\u00f3n de dependencia pueden suscribir un convenio especial con la Seguridad Social","previousItem":{"@type":"ListItem","@id":"https:\/\/www.eldigitaldeasturias.com\/noticias\/category\/economia\/#listItem","name":"Econom\u00eda"}}]},{"@type":"Organization","@id":"https:\/\/www.eldigitaldeasturias.com\/noticias\/#organization","name":"El Digital de Asturias","description":"Hemeroteca","url":"https:\/\/www.eldigitaldeasturias.com\/noticias\/","email":"info@eldigitaldeasturias.com","telephone":"+34652131393","logo":{"@type":"ImageObject","url":"https:\/\/www.eldigitaldeasturias.com\/noticias\/wp-content\/uploads\/2020\/12\/EDA.jpg","@id":"https:\/\/www.eldigitaldeasturias.com\/noticias\/los-cuidadores-no-profesionales-de-personas-en-situacion-de-dependencia-pueden-suscribir-un-convenio-especial-con-la-seguridad-social\/#organizationLogo","width":649,"height":297},"image":{"@id":"https:\/\/www.eldigitaldeasturias.com\/noticias\/los-cuidadores-no-profesionales-de-personas-en-situacion-de-dependencia-pueden-suscribir-un-convenio-especial-con-la-seguridad-social\/#organizationLogo"},"sameAs":["https:\/\/facebook.com\/eldigitaldeasturias","https:\/\/www.youtube.com\/channel\/UCZP-2wLEB9Rv6erhFmqVnvg"],"address":{"@id":"https:\/\/www.eldigitaldeasturias.com\/noticias\/#postaladdress","@type":"PostalAddress","streetAddress":"san antonio 4,","postalCode":"33430","addressLocality":"Cand\u00e1s","addressRegion":"Asturias","addressCountry":"ES"}},{"@type":"Person","@id":"https:\/\/www.eldigitaldeasturias.com\/noticias\/author\/admin\/#author","url":"https:\/\/www.eldigitaldeasturias.com\/noticias\/author\/admin\/","name":"El Digital de Asturias","image":{"@type":"ImageObject","@id":"https:\/\/www.eldigitaldeasturias.com\/noticias\/los-cuidadores-no-profesionales-de-personas-en-situacion-de-dependencia-pueden-suscribir-un-convenio-especial-con-la-seguridad-social\/#authorImage","url":"https:\/\/www.eldigitaldeasturias.com\/noticias\/wp-content\/litespeed\/avatar\/18677e78aa0546b92d9dbf31ec7d7668.jpg?ver=1776685526","width":96,"height":96,"caption":"El Digital de Asturias"}},{"@type":"WebPage","@id":"https:\/\/www.eldigitaldeasturias.com\/noticias\/los-cuidadores-no-profesionales-de-personas-en-situacion-de-dependencia-pueden-suscribir-un-convenio-especial-con-la-seguridad-social\/#webpage","url":"https:\/\/www.eldigitaldeasturias.com\/noticias\/los-cuidadores-no-profesionales-de-personas-en-situacion-de-dependencia-pueden-suscribir-un-convenio-especial-con-la-seguridad-social\/","name":"Los cuidadores no profesionales de personas en situaci\u00f3n de dependencia pueden suscribir un convenio especial con la Seguridad Social - El Digital de Asturias","description":"Los cuidadores no profesionales de beneficiarios de la ley de dependencia pueden suscribir desde el 1 de abril un convenio especial con la Seguridad Social sin tener que pagar ellos las cotizaciones, como ven\u00eda ocurriendo desde 2013. A partir de ahora, las cotizaciones sociales de estos convenios, tambi\u00e9n de los que ya estaban en vigor,","inLanguage":"es-ES","isPartOf":{"@id":"https:\/\/www.eldigitaldeasturias.com\/noticias\/#website"},"breadcrumb":{"@id":"https:\/\/www.eldigitaldeasturias.com\/noticias\/los-cuidadores-no-profesionales-de-personas-en-situacion-de-dependencia-pueden-suscribir-un-convenio-especial-con-la-seguridad-social\/#breadcrumblist"},"author":{"@id":"https:\/\/www.eldigitaldeasturias.com\/noticias\/author\/admin\/#author"},"creator":{"@id":"https:\/\/www.eldigitaldeasturias.com\/noticias\/author\/admin\/#author"},"image":{"@type":"ImageObject","url":"https:\/\/www.eldigitaldeasturias.com\/noticias\/wp-content\/uploads\/2019\/04\/290818pensionistas.jpg","@id":"https:\/\/www.eldigitaldeasturias.com\/noticias\/los-cuidadores-no-profesionales-de-personas-en-situacion-de-dependencia-pueden-suscribir-un-convenio-especial-con-la-seguridad-social\/#mainImage","width":512,"height":340},"primaryImageOfPage":{"@id":"https:\/\/www.eldigitaldeasturias.com\/noticias\/los-cuidadores-no-profesionales-de-personas-en-situacion-de-dependencia-pueden-suscribir-un-convenio-especial-con-la-seguridad-social\/#mainImage"},"datePublished":"2019-04-16T13:00:37+02:00","dateModified":"2019-04-16T13:00:37+02:00"},{"@type":"WebSite","@id":"https:\/\/www.eldigitaldeasturias.com\/noticias\/#website","url":"https:\/\/www.eldigitaldeasturias.com\/noticias\/","name":"El Digital de Asturias - Diario de actualidad y noticias","alternateName":"El Digital de Asturias - Diario de actualidad y noticias","description":"Hemeroteca","inLanguage":"es-ES","publisher":{"@id":"https:\/\/www.eldigitaldeasturias.com\/noticias\/#organization"}}]},"og:locale":"es_ES","og:site_name":"El Digital de Asturias","og:type":"article","og:title":"Los cuidadores no profesionales de personas en situaci\u00f3n de dependencia pueden suscribir un convenio especial con la Seguridad Social - El Digital de Asturias","og:description":"Los cuidadores no profesionales de beneficiarios de la ley de dependencia pueden suscribir desde el 1 de abril un convenio especial con la Seguridad Social sin tener que pagar ellos las cotizaciones, como ven\u00eda ocurriendo desde 2013. A partir de ahora, las cotizaciones sociales de estos convenios, tambi\u00e9n de los que ya estaban en vigor,","og:url":"https:\/\/www.eldigitaldeasturias.com\/noticias\/los-cuidadores-no-profesionales-de-personas-en-situacion-de-dependencia-pueden-suscribir-un-convenio-especial-con-la-seguridad-social\/","og:image":"https:\/\/www.eldigitaldeasturias.com\/noticias\/wp-content\/uploads\/2019\/04\/290818pensionistas.jpg","og:image:secure_url":"https:\/\/www.eldigitaldeasturias.com\/noticias\/wp-content\/uploads\/2019\/04\/290818pensionistas.jpg","og:image:width":512,"og:image:height":340,"article:tag":["econom\u00eda"],"article:published_time":"2019-04-16T13:00:37+00:00","article:modified_time":"2019-04-16T13:00:37+00:00","article:publisher":"https:\/\/facebook.com\/eldigitaldeasturias","twitter:card":"summary_large_image","twitter:title":"Los cuidadores no profesionales de personas en situaci\u00f3n de dependencia pueden suscribir un convenio especial con la Seguridad Social - El Digital de Asturias","twitter:description":"Los cuidadores no profesionales de beneficiarios de la ley de dependencia pueden suscribir desde el 1 de abril un convenio especial con la Seguridad Social sin tener que pagar ellos las cotizaciones, como ven\u00eda ocurriendo desde 2013. A partir de ahora, las cotizaciones sociales de estos convenios, tambi\u00e9n de los que ya estaban en vigor,","twitter:image":"https:\/\/www.eldigitaldeasturias.com\/noticias\/wp-content\/uploads\/2019\/04\/290818pensionistas.jpg","twitter:label1":"Escrito por","twitter:data1":"El Digital de Asturias","twitter:label2":"Tiempo de lectura estimado","twitter:data2":"4 minutos"},"aioseo_meta_data":{"post_id":"1024145","title":null,"description":null,"keywords":null,"keyphrases":null,"primary_term":null,"canonical_url":null,"og_title":null,"og_description":null,"og_object_type":"default","og_image_type":"default","og_image_url":null,"og_image_width":null,"og_image_height":null,"og_image_custom_url":null,"og_image_custom_fields":null,"og_video":null,"og_custom_url":null,"og_article_section":null,"og_article_tags":null,"twitter_use_og":false,"twitter_card":"default","twitter_image_type":"default","twitter_image_url":null,"twitter_image_custom_url":null,"twitter_image_custom_fields":null,"twitter_title":null,"twitter_description":null,"schema":{"blockGraphs":[],"customGraphs":[],"default":{"data":{"Article":[],"Course":[],"Dataset":[],"FAQPage":[],"Movie":[],"Person":[],"Product":[],"ProductReview":[],"Car":[],"Recipe":[],"Service":[],"SoftwareApplication":[],"WebPage":[]},"graphName":"","isEnabled":true},"graphs":[],"defaultGraph":"","defaultPostTypeGraph":""},"schema_type":null,"schema_type_options":null,"pillar_content":false,"robots_default":true,"robots_noindex":false,"robots_noarchive":false,"robots_nosnippet":false,"robots_nofollow":false,"robots_noimageindex":false,"robots_noodp":false,"robots_notranslate":false,"robots_max_snippet":null,"robots_max_videopreview":null,"robots_max_imagepreview":"large","priority":null,"frequency":null,"local_seo":null,"seo_analyzer_scan_date":"2025-10-17 16:38:11","breadcrumb_settings":null,"limit_modified_date":false,"open_ai":null,"ai":null,"created":"2020-12-21 11:15:04","updated":"2025-10-17 16:38:11"},"aioseo_breadcrumb":"<div class=\"aioseo-breadcrumbs\"><span class=\"aioseo-breadcrumb\">\n\t<a href=\"https:\/\/www.eldigitaldeasturias.com\/noticias\" title=\"Home\">Home<\/a>\n<\/span><span class=\"aioseo-breadcrumb-separator\">\u2013<\/span><span class=\"aioseo-breadcrumb\">\n\t<a href=\"https:\/\/www.eldigitaldeasturias.com\/noticias\/category\/economia\/\" title=\"Econom\u00eda\">Econom\u00eda<\/a>\n<\/span><span class=\"aioseo-breadcrumb-separator\">\u2013<\/span><span class=\"aioseo-breadcrumb\">\n\t<a href=\"https:\/\/www.eldigitaldeasturias.com\/noticias\/los-cuidadores-no-profesionales-de-personas-en-situacion-de-dependencia-pueden-suscribir-un-convenio-especial-con-la-seguridad-social\/\" title=\"Los cuidadores no profesionales de personas en situaci\u00f3n de dependencia pueden suscribir un convenio especial con la Seguridad Social\">Los cuidadores no profesionales de personas en situaci\u00f3n de dependencia pueden suscribir un convenio especial con la Seguridad Social<\/a>\n<\/span><\/div>","aioseo_breadcrumb_json":[{"label":"Home","link":"https:\/\/www.eldigitaldeasturias.com\/noticias"},{"label":"Econom\u00eda","link":"https:\/\/www.eldigitaldeasturias.com\/noticias\/category\/economia\/"},{"label":"Los cuidadores no profesionales de personas en situaci\u00f3n de dependencia pueden suscribir un convenio especial con la Seguridad Social","link":"https:\/\/www.eldigitaldeasturias.com\/noticias\/los-cuidadores-no-profesionales-de-personas-en-situacion-de-dependencia-pueden-suscribir-un-convenio-especial-con-la-seguridad-social\/"}],"_links":{"self":[{"href":"https:\/\/www.eldigitaldeasturias.com\/noticias\/wp-json\/wp\/v2\/posts\/1024145","targetHints":{"allow":["GET"]}}],"collection":[{"href":"https:\/\/www.eldigitaldeasturias.com\/noticias\/wp-json\/wp\/v2\/posts"}],"about":[{"href":"https:\/\/www.eldigitaldeasturias.com\/noticias\/wp-json\/wp\/v2\/types\/post"}],"author":[{"embeddable":true,"href":"https:\/\/www.eldigitaldeasturias.com\/noticias\/wp-json\/wp\/v2\/users\/1"}],"replies":[{"embeddable":true,"href":"https:\/\/www.eldigitaldeasturias.com\/noticias\/wp-json\/wp\/v2\/comments?post=1024145"}],"version-history":[{"count":0,"href":"https:\/\/www.eldigitaldeasturias.com\/noticias\/wp-json\/wp\/v2\/posts\/1024145\/revisions"}],"wp:featuredmedia":[{"embeddable":true,"href":"https:\/\/www.eldigitaldeasturias.com\/noticias\/wp-json\/wp\/v2\/media\/1024146"}],"wp:attachment":[{"href":"https:\/\/www.eldigitaldeasturias.com\/noticias\/wp-json\/wp\/v2\/media?parent=1024145"}],"wp:term":[{"taxonomy":"category","embeddable":true,"href":"https:\/\/www.eldigitaldeasturias.com\/noticias\/wp-json\/wp\/v2\/categories?post=1024145"},{"taxonomy":"post_tag","embeddable":true,"href":"https:\/\/www.eldigitaldeasturias.com\/noticias\/wp-json\/wp\/v2\/tags?post=1024145"}],"curies":[{"name":"wp","href":"https:\/\/api.w.org\/{rel}","templated":true}]}}