{"id":1024093,"date":"2019-04-16T04:22:59","date_gmt":"2019-04-16T04:22:59","guid":{"rendered":"https:\/\/www.eldigitaldeasturias.com\/noticias\/?p=1024093"},"modified":"2019-04-16T04:22:59","modified_gmt":"2019-04-16T04:22:59","slug":"neuer-sufre-un-desgarro-y-sera-baja-dos-semanas","status":"publish","type":"post","link":"https:\/\/www.eldigitaldeasturias.com\/noticias\/neuer-sufre-un-desgarro-y-sera-baja-dos-semanas\/","title":{"rendered":"Neuer sufre un desgarro y ser\u00e1 baja dos semanas"},"content":{"rendered":"<p><img loading=\"lazy\" decoding=\"async\" class=\"alignleft size-medium wp-image-1024094\" src=\"https:\/\/www.eldigitaldeasturias.com\/noticias\/wp-content\/uploads\/2019\/04\/Neuer-360x270.jpg\" alt=\"\" width=\"360\" height=\"270\" srcset=\"https:\/\/www.eldigitaldeasturias.com\/noticias\/wp-content\/uploads\/2019\/04\/Neuer-360x270.jpg 360w, https:\/\/www.eldigitaldeasturias.com\/noticias\/wp-content\/uploads\/2019\/04\/Neuer-768x576.jpg 768w, https:\/\/www.eldigitaldeasturias.com\/noticias\/wp-content\/uploads\/2019\/04\/Neuer-640x480.jpg 640w, https:\/\/www.eldigitaldeasturias.com\/noticias\/wp-content\/uploads\/2019\/04\/Neuer-90x67.jpg 90w, https:\/\/www.eldigitaldeasturias.com\/noticias\/wp-content\/uploads\/2019\/04\/Neuer.jpg 903w\" sizes=\"auto, (max-width: 360px) 100vw, 360px\" \/>M\u00fanich, 15 abr (dpa) &#8211; El portero titular del Bayern M\u00fanich, Manuel Neuer, sufri\u00f3 un desgarro en la pantorrilla que lo mantendr\u00e1 alejado de las canchas durante al menos dos semanas, comunic\u00f3 el club de la primera divisi\u00f3n del f\u00fatbol alem\u00e1n en la madrugada de hoy.<\/p>\n<p>El internacional germano se lesion\u00f3 en el minuto 53 de la victoria por 4-1 de los b\u00e1varos en campo del ascendido Fortuna D\u00fcsseldorf por la fecha 29 de la Bundesliga y tuvo que ser reemplazado. Un examen m\u00e9dico posterior arroj\u00f3 que hab\u00eda sufrido un desgarro, indic\u00f3 el club en su p\u00e1gina web.<\/p>\n<p>La lesi\u00f3n impidi\u00f3 al arquero a recibir la orden de m\u00e9rito del estado de Renania del Norte-Westfalia en un acto programado para el domingo por la tarde.<\/p>\n<p>Neuer ya se ha perdido dos partidos en esta segunda mitad de la temporada, debido a una lesi\u00f3n en el dedo y a problemas en la pantorrilla. En la temporada pasada solo pudo disputar tres partidos de la Bundesliga por una fractura de pie, lo que le hizo disputar de manera muy justa el Mundial de f\u00fatbol.<\/p>\n<p>El entrenador de la selecci\u00f3n alemana, Joachim L\u00f6w, decidi\u00f3 en marzo de contar con los tres jugadores del Bayern ganadores del Mundial de 2014 Thomas M\u00fcller, Matt Hummels y Jerome Boateng. Muchos medios cuestionaron el hecho de que Neuer no se uniera a esa lista.<\/p>\n<p>A falta de cinco fechas para el final del campeonato alem\u00e1n de f\u00fatbol, el Bayern lidera la tabla con una ventaja de un punto sobre el archirrival Borussia Dortmund. En caso de proclamarse campe\u00f3n ser\u00eda su s\u00e9ptimo campeonato liguero consecutivo.<\/p>\n<p><strong><em>Foto: Federico Gambarini\/dpa\u00a0<\/em><\/strong><\/p>\n","protected":false},"excerpt":{"rendered":"<p>M\u00fanich, 15 abr (dpa) &#8211; El portero titular del Bayern M\u00fanich, Manuel Neuer, sufri\u00f3 un desgarro en la pantorrilla que lo mantendr\u00e1 alejado de las canchas durante al menos dos semanas, comunic\u00f3 el club de la primera divisi\u00f3n del f\u00fatbol alem\u00e1n en la madrugada de hoy. El internacional germano se lesion\u00f3 en el minuto 53 [&hellip;]<\/p>\n","protected":false},"author":1,"featured_media":1024094,"comment_status":"closed","ping_status":"closed","sticky":false,"template":"","format":"standard","meta":{"footnotes":""},"categories":[190],"tags":[],"class_list":["post-1024093","post","type-post","status-publish","format-standard","has-post-thumbnail","hentry","category-deportes"],"aioseo_notices":[],"aioseo_head":"\n\t\t<!-- All in One SEO Pro 4.9.6.2 - aioseo.com -->\n\t<meta name=\"description\" content=\"M\u00fanich, 15 abr (dpa) - El portero titular del Bayern M\u00fanich, Manuel Neuer, sufri\u00f3 un desgarro en la pantorrilla que lo mantendr\u00e1 alejado de las canchas durante al menos dos semanas, comunic\u00f3 el club de la primera divisi\u00f3n del f\u00fatbol alem\u00e1n en la madrugada de hoy. El internacional germano se lesion\u00f3 en el minuto 53\" \/>\n\t<meta name=\"robots\" content=\"max-image-preview:large\" \/>\n\t<meta name=\"author\" content=\"El Digital de Asturias\"\/>\n\t<meta name=\"google-site-verification\" content=\"UA-38556648-1\" \/>\n\t<meta name=\"msvalidate.01\" content=\"7dfe9f3f1b24437ab69f4f2559babe99\" \/>\n\t<meta name=\"keywords\" content=\"deportes\" \/>\n\t<link rel=\"canonical\" href=\"https:\/\/www.eldigitaldeasturias.com\/noticias\/neuer-sufre-un-desgarro-y-sera-baja-dos-semanas\/\" \/>\n\t<meta name=\"generator\" content=\"All in One SEO Pro (AIOSEO) 4.9.6.2\" \/>\n\t\t<meta property=\"og:locale\" content=\"es_ES\" \/>\n\t\t<meta property=\"og:site_name\" content=\"El Digital de Asturias\" \/>\n\t\t<meta property=\"og:type\" content=\"article\" \/>\n\t\t<meta property=\"og:title\" content=\"Neuer sufre un desgarro y ser\u00e1 baja dos semanas - El Digital de Asturias\" \/>\n\t\t<meta property=\"og:description\" content=\"M\u00fanich, 15 abr (dpa) - El portero titular del Bayern M\u00fanich, Manuel Neuer, sufri\u00f3 un desgarro en la pantorrilla que lo mantendr\u00e1 alejado de las canchas durante al menos dos semanas, comunic\u00f3 el club de la primera divisi\u00f3n del f\u00fatbol alem\u00e1n en la madrugada de hoy. El internacional germano se lesion\u00f3 en el minuto 53\" \/>\n\t\t<meta property=\"og:url\" content=\"https:\/\/www.eldigitaldeasturias.com\/noticias\/neuer-sufre-un-desgarro-y-sera-baja-dos-semanas\/\" \/>\n\t\t<meta property=\"og:image\" content=\"https:\/\/www.eldigitaldeasturias.com\/noticias\/wp-content\/uploads\/2019\/04\/Neuer.jpg\" \/>\n\t\t<meta property=\"og:image:secure_url\" content=\"https:\/\/www.eldigitaldeasturias.com\/noticias\/wp-content\/uploads\/2019\/04\/Neuer.jpg\" \/>\n\t\t<meta property=\"og:image:width\" content=\"903\" \/>\n\t\t<meta property=\"og:image:height\" content=\"677\" \/>\n\t\t<meta property=\"article:tag\" content=\"deportes\" \/>\n\t\t<meta property=\"article:published_time\" content=\"2019-04-16T04:22:59+00:00\" \/>\n\t\t<meta property=\"article:modified_time\" content=\"2019-04-16T04:22:59+00:00\" \/>\n\t\t<meta property=\"article:publisher\" content=\"https:\/\/facebook.com\/eldigitaldeasturias\" \/>\n\t\t<meta name=\"twitter:card\" content=\"summary_large_image\" \/>\n\t\t<meta name=\"twitter:title\" content=\"Neuer sufre un desgarro y ser\u00e1 baja dos semanas - El Digital de Asturias\" \/>\n\t\t<meta name=\"twitter:description\" content=\"M\u00fanich, 15 abr (dpa) - El portero titular del Bayern M\u00fanich, Manuel Neuer, sufri\u00f3 un desgarro en la pantorrilla que lo mantendr\u00e1 alejado de las canchas durante al menos dos semanas, comunic\u00f3 el club de la primera divisi\u00f3n del f\u00fatbol alem\u00e1n en la madrugada de hoy. El internacional germano se lesion\u00f3 en el minuto 53\" \/>\n\t\t<meta name=\"twitter:image\" content=\"https:\/\/www.eldigitaldeasturias.com\/noticias\/wp-content\/uploads\/2019\/04\/Neuer.jpg\" \/>\n\t\t<meta name=\"twitter:label1\" content=\"Escrito por\" \/>\n\t\t<meta name=\"twitter:data1\" content=\"El Digital de Asturias\" \/>\n\t\t<meta name=\"twitter:label2\" content=\"Tiempo de lectura estimado\" \/>\n\t\t<meta name=\"twitter:data2\" content=\"1 minuto\" \/>\n\t\t<script type=\"application\/ld+json\" class=\"aioseo-schema\">\n\t\t\t{\"@context\":\"https:\\\/\\\/schema.org\",\"@graph\":[{\"@type\":\"BlogPosting\",\"@id\":\"https:\\\/\\\/www.eldigitaldeasturias.com\\\/noticias\\\/neuer-sufre-un-desgarro-y-sera-baja-dos-semanas\\\/#blogposting\",\"name\":\"Neuer sufre un desgarro y ser\\u00e1 baja dos semanas - El Digital de Asturias\",\"headline\":\"Neuer sufre un desgarro y ser\\u00e1 baja dos semanas\",\"author\":{\"@id\":\"https:\\\/\\\/www.eldigitaldeasturias.com\\\/noticias\\\/author\\\/admin\\\/#author\"},\"publisher\":{\"@id\":\"https:\\\/\\\/www.eldigitaldeasturias.com\\\/noticias\\\/#organization\"},\"image\":{\"@type\":\"ImageObject\",\"url\":\"https:\\\/\\\/www.eldigitaldeasturias.com\\\/noticias\\\/wp-content\\\/uploads\\\/2019\\\/04\\\/Neuer.jpg\",\"width\":903,\"height\":677},\"datePublished\":\"2019-04-16T04:22:59+02:00\",\"dateModified\":\"2019-04-16T04:22:59+02:00\",\"inLanguage\":\"es-ES\",\"mainEntityOfPage\":{\"@id\":\"https:\\\/\\\/www.eldigitaldeasturias.com\\\/noticias\\\/neuer-sufre-un-desgarro-y-sera-baja-dos-semanas\\\/#webpage\"},\"isPartOf\":{\"@id\":\"https:\\\/\\\/www.eldigitaldeasturias.com\\\/noticias\\\/neuer-sufre-un-desgarro-y-sera-baja-dos-semanas\\\/#webpage\"},\"articleSection\":\"Deportes\"},{\"@type\":\"BreadcrumbList\",\"@id\":\"https:\\\/\\\/www.eldigitaldeasturias.com\\\/noticias\\\/neuer-sufre-un-desgarro-y-sera-baja-dos-semanas\\\/#breadcrumblist\",\"itemListElement\":[{\"@type\":\"ListItem\",\"@id\":\"https:\\\/\\\/www.eldigitaldeasturias.com\\\/noticias#listItem\",\"position\":1,\"name\":\"Home\",\"item\":\"https:\\\/\\\/www.eldigitaldeasturias.com\\\/noticias\",\"nextItem\":{\"@type\":\"ListItem\",\"@id\":\"https:\\\/\\\/www.eldigitaldeasturias.com\\\/noticias\\\/category\\\/deportes\\\/#listItem\",\"name\":\"Deportes\"}},{\"@type\":\"ListItem\",\"@id\":\"https:\\\/\\\/www.eldigitaldeasturias.com\\\/noticias\\\/category\\\/deportes\\\/#listItem\",\"position\":2,\"name\":\"Deportes\",\"item\":\"https:\\\/\\\/www.eldigitaldeasturias.com\\\/noticias\\\/category\\\/deportes\\\/\",\"nextItem\":{\"@type\":\"ListItem\",\"@id\":\"https:\\\/\\\/www.eldigitaldeasturias.com\\\/noticias\\\/neuer-sufre-un-desgarro-y-sera-baja-dos-semanas\\\/#listItem\",\"name\":\"Neuer sufre un desgarro y ser\\u00e1 baja dos semanas\"},\"previousItem\":{\"@type\":\"ListItem\",\"@id\":\"https:\\\/\\\/www.eldigitaldeasturias.com\\\/noticias#listItem\",\"name\":\"Home\"}},{\"@type\":\"ListItem\",\"@id\":\"https:\\\/\\\/www.eldigitaldeasturias.com\\\/noticias\\\/neuer-sufre-un-desgarro-y-sera-baja-dos-semanas\\\/#listItem\",\"position\":3,\"name\":\"Neuer sufre un desgarro y ser\\u00e1 baja dos semanas\",\"previousItem\":{\"@type\":\"ListItem\",\"@id\":\"https:\\\/\\\/www.eldigitaldeasturias.com\\\/noticias\\\/category\\\/deportes\\\/#listItem\",\"name\":\"Deportes\"}}]},{\"@type\":\"Organization\",\"@id\":\"https:\\\/\\\/www.eldigitaldeasturias.com\\\/noticias\\\/#organization\",\"name\":\"El Digital de Asturias\",\"description\":\"Hemeroteca\",\"url\":\"https:\\\/\\\/www.eldigitaldeasturias.com\\\/noticias\\\/\",\"email\":\"info@eldigitaldeasturias.com\",\"telephone\":\"+34652131393\",\"logo\":{\"@type\":\"ImageObject\",\"url\":\"https:\\\/\\\/www.eldigitaldeasturias.com\\\/noticias\\\/wp-content\\\/uploads\\\/2020\\\/12\\\/EDA.jpg\",\"@id\":\"https:\\\/\\\/www.eldigitaldeasturias.com\\\/noticias\\\/neuer-sufre-un-desgarro-y-sera-baja-dos-semanas\\\/#organizationLogo\",\"width\":649,\"height\":297},\"image\":{\"@id\":\"https:\\\/\\\/www.eldigitaldeasturias.com\\\/noticias\\\/neuer-sufre-un-desgarro-y-sera-baja-dos-semanas\\\/#organizationLogo\"},\"sameAs\":[\"https:\\\/\\\/facebook.com\\\/eldigitaldeasturias\",\"https:\\\/\\\/www.youtube.com\\\/channel\\\/UCZP-2wLEB9Rv6erhFmqVnvg\"],\"address\":{\"@id\":\"https:\\\/\\\/www.eldigitaldeasturias.com\\\/noticias\\\/#postaladdress\",\"@type\":\"PostalAddress\",\"streetAddress\":\"san antonio 4,\",\"postalCode\":\"33430\",\"addressLocality\":\"Cand\\u00e1s\",\"addressRegion\":\"Asturias\",\"addressCountry\":\"ES\"}},{\"@type\":\"Person\",\"@id\":\"https:\\\/\\\/www.eldigitaldeasturias.com\\\/noticias\\\/author\\\/admin\\\/#author\",\"url\":\"https:\\\/\\\/www.eldigitaldeasturias.com\\\/noticias\\\/author\\\/admin\\\/\",\"name\":\"El Digital de Asturias\",\"image\":{\"@type\":\"ImageObject\",\"@id\":\"https:\\\/\\\/www.eldigitaldeasturias.com\\\/noticias\\\/neuer-sufre-un-desgarro-y-sera-baja-dos-semanas\\\/#authorImage\",\"url\":\"https:\\\/\\\/www.eldigitaldeasturias.com\\\/noticias\\\/wp-content\\\/litespeed\\\/avatar\\\/18677e78aa0546b92d9dbf31ec7d7668.jpg?ver=1777290358\",\"width\":96,\"height\":96,\"caption\":\"El Digital de Asturias\"}},{\"@type\":\"WebPage\",\"@id\":\"https:\\\/\\\/www.eldigitaldeasturias.com\\\/noticias\\\/neuer-sufre-un-desgarro-y-sera-baja-dos-semanas\\\/#webpage\",\"url\":\"https:\\\/\\\/www.eldigitaldeasturias.com\\\/noticias\\\/neuer-sufre-un-desgarro-y-sera-baja-dos-semanas\\\/\",\"name\":\"Neuer sufre un desgarro y ser\\u00e1 baja dos semanas - El Digital de Asturias\",\"description\":\"M\\u00fanich, 15 abr (dpa) - El portero titular del Bayern M\\u00fanich, Manuel Neuer, sufri\\u00f3 un desgarro en la pantorrilla que lo mantendr\\u00e1 alejado de las canchas durante al menos dos semanas, comunic\\u00f3 el club de la primera divisi\\u00f3n del f\\u00fatbol alem\\u00e1n en la madrugada de hoy. El internacional germano se lesion\\u00f3 en el minuto 53\",\"inLanguage\":\"es-ES\",\"isPartOf\":{\"@id\":\"https:\\\/\\\/www.eldigitaldeasturias.com\\\/noticias\\\/#website\"},\"breadcrumb\":{\"@id\":\"https:\\\/\\\/www.eldigitaldeasturias.com\\\/noticias\\\/neuer-sufre-un-desgarro-y-sera-baja-dos-semanas\\\/#breadcrumblist\"},\"author\":{\"@id\":\"https:\\\/\\\/www.eldigitaldeasturias.com\\\/noticias\\\/author\\\/admin\\\/#author\"},\"creator\":{\"@id\":\"https:\\\/\\\/www.eldigitaldeasturias.com\\\/noticias\\\/author\\\/admin\\\/#author\"},\"image\":{\"@type\":\"ImageObject\",\"url\":\"https:\\\/\\\/www.eldigitaldeasturias.com\\\/noticias\\\/wp-content\\\/uploads\\\/2019\\\/04\\\/Neuer.jpg\",\"@id\":\"https:\\\/\\\/www.eldigitaldeasturias.com\\\/noticias\\\/neuer-sufre-un-desgarro-y-sera-baja-dos-semanas\\\/#mainImage\",\"width\":903,\"height\":677},\"primaryImageOfPage\":{\"@id\":\"https:\\\/\\\/www.eldigitaldeasturias.com\\\/noticias\\\/neuer-sufre-un-desgarro-y-sera-baja-dos-semanas\\\/#mainImage\"},\"datePublished\":\"2019-04-16T04:22:59+02:00\",\"dateModified\":\"2019-04-16T04:22:59+02:00\"},{\"@type\":\"WebSite\",\"@id\":\"https:\\\/\\\/www.eldigitaldeasturias.com\\\/noticias\\\/#website\",\"url\":\"https:\\\/\\\/www.eldigitaldeasturias.com\\\/noticias\\\/\",\"name\":\"El Digital de Asturias - Diario de actualidad y noticias\",\"alternateName\":\"El Digital de Asturias - Diario de actualidad y noticias\",\"description\":\"Hemeroteca\",\"inLanguage\":\"es-ES\",\"publisher\":{\"@id\":\"https:\\\/\\\/www.eldigitaldeasturias.com\\\/noticias\\\/#organization\"}}]}\n\t\t<\/script>\n\t\t<!-- All in One SEO Pro -->\r\n\t\t<title>Neuer sufre un desgarro y ser\u00e1 baja dos semanas - El Digital de Asturias<\/title>\n\n","aioseo_head_json":{"title":"Neuer sufre un desgarro y ser\u00e1 baja dos semanas - El Digital de Asturias","description":"M\u00fanich, 15 abr (dpa) - El portero titular del Bayern M\u00fanich, Manuel Neuer, sufri\u00f3 un desgarro en la pantorrilla que lo mantendr\u00e1 alejado de las canchas durante al menos dos semanas, comunic\u00f3 el club de la primera divisi\u00f3n del f\u00fatbol alem\u00e1n en la madrugada de hoy. El internacional germano se lesion\u00f3 en el minuto 53","canonical_url":"https:\/\/www.eldigitaldeasturias.com\/noticias\/neuer-sufre-un-desgarro-y-sera-baja-dos-semanas\/","robots":"max-image-preview:large","keywords":"deportes","webmasterTools":{"google-site-verification":"UA-38556648-1","msvalidate.01":"7dfe9f3f1b24437ab69f4f2559babe99","miscellaneous":""},"schema":{"@context":"https:\/\/schema.org","@graph":[{"@type":"BlogPosting","@id":"https:\/\/www.eldigitaldeasturias.com\/noticias\/neuer-sufre-un-desgarro-y-sera-baja-dos-semanas\/#blogposting","name":"Neuer sufre un desgarro y ser\u00e1 baja dos semanas - El Digital de Asturias","headline":"Neuer sufre un desgarro y ser\u00e1 baja dos semanas","author":{"@id":"https:\/\/www.eldigitaldeasturias.com\/noticias\/author\/admin\/#author"},"publisher":{"@id":"https:\/\/www.eldigitaldeasturias.com\/noticias\/#organization"},"image":{"@type":"ImageObject","url":"https:\/\/www.eldigitaldeasturias.com\/noticias\/wp-content\/uploads\/2019\/04\/Neuer.jpg","width":903,"height":677},"datePublished":"2019-04-16T04:22:59+02:00","dateModified":"2019-04-16T04:22:59+02:00","inLanguage":"es-ES","mainEntityOfPage":{"@id":"https:\/\/www.eldigitaldeasturias.com\/noticias\/neuer-sufre-un-desgarro-y-sera-baja-dos-semanas\/#webpage"},"isPartOf":{"@id":"https:\/\/www.eldigitaldeasturias.com\/noticias\/neuer-sufre-un-desgarro-y-sera-baja-dos-semanas\/#webpage"},"articleSection":"Deportes"},{"@type":"BreadcrumbList","@id":"https:\/\/www.eldigitaldeasturias.com\/noticias\/neuer-sufre-un-desgarro-y-sera-baja-dos-semanas\/#breadcrumblist","itemListElement":[{"@type":"ListItem","@id":"https:\/\/www.eldigitaldeasturias.com\/noticias#listItem","position":1,"name":"Home","item":"https:\/\/www.eldigitaldeasturias.com\/noticias","nextItem":{"@type":"ListItem","@id":"https:\/\/www.eldigitaldeasturias.com\/noticias\/category\/deportes\/#listItem","name":"Deportes"}},{"@type":"ListItem","@id":"https:\/\/www.eldigitaldeasturias.com\/noticias\/category\/deportes\/#listItem","position":2,"name":"Deportes","item":"https:\/\/www.eldigitaldeasturias.com\/noticias\/category\/deportes\/","nextItem":{"@type":"ListItem","@id":"https:\/\/www.eldigitaldeasturias.com\/noticias\/neuer-sufre-un-desgarro-y-sera-baja-dos-semanas\/#listItem","name":"Neuer sufre un desgarro y ser\u00e1 baja dos semanas"},"previousItem":{"@type":"ListItem","@id":"https:\/\/www.eldigitaldeasturias.com\/noticias#listItem","name":"Home"}},{"@type":"ListItem","@id":"https:\/\/www.eldigitaldeasturias.com\/noticias\/neuer-sufre-un-desgarro-y-sera-baja-dos-semanas\/#listItem","position":3,"name":"Neuer sufre un desgarro y ser\u00e1 baja dos semanas","previousItem":{"@type":"ListItem","@id":"https:\/\/www.eldigitaldeasturias.com\/noticias\/category\/deportes\/#listItem","name":"Deportes"}}]},{"@type":"Organization","@id":"https:\/\/www.eldigitaldeasturias.com\/noticias\/#organization","name":"El Digital de Asturias","description":"Hemeroteca","url":"https:\/\/www.eldigitaldeasturias.com\/noticias\/","email":"info@eldigitaldeasturias.com","telephone":"+34652131393","logo":{"@type":"ImageObject","url":"https:\/\/www.eldigitaldeasturias.com\/noticias\/wp-content\/uploads\/2020\/12\/EDA.jpg","@id":"https:\/\/www.eldigitaldeasturias.com\/noticias\/neuer-sufre-un-desgarro-y-sera-baja-dos-semanas\/#organizationLogo","width":649,"height":297},"image":{"@id":"https:\/\/www.eldigitaldeasturias.com\/noticias\/neuer-sufre-un-desgarro-y-sera-baja-dos-semanas\/#organizationLogo"},"sameAs":["https:\/\/facebook.com\/eldigitaldeasturias","https:\/\/www.youtube.com\/channel\/UCZP-2wLEB9Rv6erhFmqVnvg"],"address":{"@id":"https:\/\/www.eldigitaldeasturias.com\/noticias\/#postaladdress","@type":"PostalAddress","streetAddress":"san antonio 4,","postalCode":"33430","addressLocality":"Cand\u00e1s","addressRegion":"Asturias","addressCountry":"ES"}},{"@type":"Person","@id":"https:\/\/www.eldigitaldeasturias.com\/noticias\/author\/admin\/#author","url":"https:\/\/www.eldigitaldeasturias.com\/noticias\/author\/admin\/","name":"El Digital de Asturias","image":{"@type":"ImageObject","@id":"https:\/\/www.eldigitaldeasturias.com\/noticias\/neuer-sufre-un-desgarro-y-sera-baja-dos-semanas\/#authorImage","url":"https:\/\/www.eldigitaldeasturias.com\/noticias\/wp-content\/litespeed\/avatar\/18677e78aa0546b92d9dbf31ec7d7668.jpg?ver=1777290358","width":96,"height":96,"caption":"El Digital de Asturias"}},{"@type":"WebPage","@id":"https:\/\/www.eldigitaldeasturias.com\/noticias\/neuer-sufre-un-desgarro-y-sera-baja-dos-semanas\/#webpage","url":"https:\/\/www.eldigitaldeasturias.com\/noticias\/neuer-sufre-un-desgarro-y-sera-baja-dos-semanas\/","name":"Neuer sufre un desgarro y ser\u00e1 baja dos semanas - El Digital de Asturias","description":"M\u00fanich, 15 abr (dpa) - El portero titular del Bayern M\u00fanich, Manuel Neuer, sufri\u00f3 un desgarro en la pantorrilla que lo mantendr\u00e1 alejado de las canchas durante al menos dos semanas, comunic\u00f3 el club de la primera divisi\u00f3n del f\u00fatbol alem\u00e1n en la madrugada de hoy. El internacional germano se lesion\u00f3 en el minuto 53","inLanguage":"es-ES","isPartOf":{"@id":"https:\/\/www.eldigitaldeasturias.com\/noticias\/#website"},"breadcrumb":{"@id":"https:\/\/www.eldigitaldeasturias.com\/noticias\/neuer-sufre-un-desgarro-y-sera-baja-dos-semanas\/#breadcrumblist"},"author":{"@id":"https:\/\/www.eldigitaldeasturias.com\/noticias\/author\/admin\/#author"},"creator":{"@id":"https:\/\/www.eldigitaldeasturias.com\/noticias\/author\/admin\/#author"},"image":{"@type":"ImageObject","url":"https:\/\/www.eldigitaldeasturias.com\/noticias\/wp-content\/uploads\/2019\/04\/Neuer.jpg","@id":"https:\/\/www.eldigitaldeasturias.com\/noticias\/neuer-sufre-un-desgarro-y-sera-baja-dos-semanas\/#mainImage","width":903,"height":677},"primaryImageOfPage":{"@id":"https:\/\/www.eldigitaldeasturias.com\/noticias\/neuer-sufre-un-desgarro-y-sera-baja-dos-semanas\/#mainImage"},"datePublished":"2019-04-16T04:22:59+02:00","dateModified":"2019-04-16T04:22:59+02:00"},{"@type":"WebSite","@id":"https:\/\/www.eldigitaldeasturias.com\/noticias\/#website","url":"https:\/\/www.eldigitaldeasturias.com\/noticias\/","name":"El Digital de Asturias - Diario de actualidad y noticias","alternateName":"El Digital de Asturias - Diario de actualidad y noticias","description":"Hemeroteca","inLanguage":"es-ES","publisher":{"@id":"https:\/\/www.eldigitaldeasturias.com\/noticias\/#organization"}}]},"og:locale":"es_ES","og:site_name":"El Digital de Asturias","og:type":"article","og:title":"Neuer sufre un desgarro y ser\u00e1 baja dos semanas - El Digital de Asturias","og:description":"M\u00fanich, 15 abr (dpa) - El portero titular del Bayern M\u00fanich, Manuel Neuer, sufri\u00f3 un desgarro en la pantorrilla que lo mantendr\u00e1 alejado de las canchas durante al menos dos semanas, comunic\u00f3 el club de la primera divisi\u00f3n del f\u00fatbol alem\u00e1n en la madrugada de hoy. El internacional germano se lesion\u00f3 en el minuto 53","og:url":"https:\/\/www.eldigitaldeasturias.com\/noticias\/neuer-sufre-un-desgarro-y-sera-baja-dos-semanas\/","og:image":"https:\/\/www.eldigitaldeasturias.com\/noticias\/wp-content\/uploads\/2019\/04\/Neuer.jpg","og:image:secure_url":"https:\/\/www.eldigitaldeasturias.com\/noticias\/wp-content\/uploads\/2019\/04\/Neuer.jpg","og:image:width":903,"og:image:height":677,"article:tag":["deportes"],"article:published_time":"2019-04-16T04:22:59+00:00","article:modified_time":"2019-04-16T04:22:59+00:00","article:publisher":"https:\/\/facebook.com\/eldigitaldeasturias","twitter:card":"summary_large_image","twitter:title":"Neuer sufre un desgarro y ser\u00e1 baja dos semanas - El Digital de Asturias","twitter:description":"M\u00fanich, 15 abr (dpa) - El portero titular del Bayern M\u00fanich, Manuel Neuer, sufri\u00f3 un desgarro en la pantorrilla que lo mantendr\u00e1 alejado de las canchas durante al menos dos semanas, comunic\u00f3 el club de la primera divisi\u00f3n del f\u00fatbol alem\u00e1n en la madrugada de hoy. El internacional germano se lesion\u00f3 en el minuto 53","twitter:image":"https:\/\/www.eldigitaldeasturias.com\/noticias\/wp-content\/uploads\/2019\/04\/Neuer.jpg","twitter:label1":"Escrito por","twitter:data1":"El Digital de Asturias","twitter:label2":"Tiempo de lectura estimado","twitter:data2":"1 minuto"},"aioseo_meta_data":{"post_id":"1024093","title":null,"description":null,"keywords":null,"keyphrases":null,"primary_term":null,"canonical_url":null,"og_title":null,"og_description":null,"og_object_type":"default","og_image_type":"default","og_image_url":null,"og_image_width":null,"og_image_height":null,"og_image_custom_url":null,"og_image_custom_fields":null,"og_video":null,"og_custom_url":null,"og_article_section":null,"og_article_tags":null,"twitter_use_og":false,"twitter_card":"default","twitter_image_type":"default","twitter_image_url":null,"twitter_image_custom_url":null,"twitter_image_custom_fields":null,"twitter_title":null,"twitter_description":null,"schema":{"blockGraphs":[],"customGraphs":[],"default":{"data":{"Article":[],"Course":[],"Dataset":[],"FAQPage":[],"Movie":[],"Person":[],"Product":[],"ProductReview":[],"Car":[],"Recipe":[],"Service":[],"SoftwareApplication":[],"WebPage":[]},"graphName":"","isEnabled":true},"graphs":[],"defaultGraph":"","defaultPostTypeGraph":""},"schema_type":null,"schema_type_options":null,"pillar_content":false,"robots_default":true,"robots_noindex":false,"robots_noarchive":false,"robots_nosnippet":false,"robots_nofollow":false,"robots_noimageindex":false,"robots_noodp":false,"robots_notranslate":false,"robots_max_snippet":null,"robots_max_videopreview":null,"robots_max_imagepreview":"large","priority":null,"frequency":null,"local_seo":null,"seo_analyzer_scan_date":"2025-10-17 16:22:11","breadcrumb_settings":null,"limit_modified_date":false,"open_ai":null,"ai":null,"created":"2020-12-21 11:15:04","updated":"2025-10-17 16:22:11"},"aioseo_breadcrumb":"<div class=\"aioseo-breadcrumbs\"><span class=\"aioseo-breadcrumb\">\n\t<a href=\"https:\/\/www.eldigitaldeasturias.com\/noticias\" title=\"Home\">Home<\/a>\n<\/span><span class=\"aioseo-breadcrumb-separator\">\u2013<\/span><span class=\"aioseo-breadcrumb\">\n\t<a href=\"https:\/\/www.eldigitaldeasturias.com\/noticias\/category\/deportes\/\" title=\"Deportes\">Deportes<\/a>\n<\/span><span class=\"aioseo-breadcrumb-separator\">\u2013<\/span><span class=\"aioseo-breadcrumb\">\n\t<a href=\"https:\/\/www.eldigitaldeasturias.com\/noticias\/neuer-sufre-un-desgarro-y-sera-baja-dos-semanas\/\" title=\"Neuer sufre un desgarro y ser\u00e1 baja dos semanas\">Neuer sufre un desgarro y ser\u00e1 baja dos semanas<\/a>\n<\/span><\/div>","aioseo_breadcrumb_json":[{"label":"Home","link":"https:\/\/www.eldigitaldeasturias.com\/noticias"},{"label":"Deportes","link":"https:\/\/www.eldigitaldeasturias.com\/noticias\/category\/deportes\/"},{"label":"Neuer sufre un desgarro y ser\u00e1 baja dos semanas","link":"https:\/\/www.eldigitaldeasturias.com\/noticias\/neuer-sufre-un-desgarro-y-sera-baja-dos-semanas\/"}],"_links":{"self":[{"href":"https:\/\/www.eldigitaldeasturias.com\/noticias\/wp-json\/wp\/v2\/posts\/1024093","targetHints":{"allow":["GET"]}}],"collection":[{"href":"https:\/\/www.eldigitaldeasturias.com\/noticias\/wp-json\/wp\/v2\/posts"}],"about":[{"href":"https:\/\/www.eldigitaldeasturias.com\/noticias\/wp-json\/wp\/v2\/types\/post"}],"author":[{"embeddable":true,"href":"https:\/\/www.eldigitaldeasturias.com\/noticias\/wp-json\/wp\/v2\/users\/1"}],"replies":[{"embeddable":true,"href":"https:\/\/www.eldigitaldeasturias.com\/noticias\/wp-json\/wp\/v2\/comments?post=1024093"}],"version-history":[{"count":0,"href":"https:\/\/www.eldigitaldeasturias.com\/noticias\/wp-json\/wp\/v2\/posts\/1024093\/revisions"}],"wp:featuredmedia":[{"embeddable":true,"href":"https:\/\/www.eldigitaldeasturias.com\/noticias\/wp-json\/wp\/v2\/media\/1024094"}],"wp:attachment":[{"href":"https:\/\/www.eldigitaldeasturias.com\/noticias\/wp-json\/wp\/v2\/media?parent=1024093"}],"wp:term":[{"taxonomy":"category","embeddable":true,"href":"https:\/\/www.eldigitaldeasturias.com\/noticias\/wp-json\/wp\/v2\/categories?post=1024093"},{"taxonomy":"post_tag","embeddable":true,"href":"https:\/\/www.eldigitaldeasturias.com\/noticias\/wp-json\/wp\/v2\/tags?post=1024093"}],"curies":[{"name":"wp","href":"https:\/\/api.w.org\/{rel}","templated":true}]}}