{"id":1023990,"date":"2019-04-14T20:30:42","date_gmt":"2019-04-14T20:30:42","guid":{"rendered":"https:\/\/www.eldigitaldeasturias.com\/noticias\/?p=1023990"},"modified":"2019-04-14T20:30:42","modified_gmt":"2019-04-14T20:30:42","slug":"asi-sera-el-tiempo-del-15-al-22-de-abril-de-2019-en-espana","status":"publish","type":"post","link":"https:\/\/www.eldigitaldeasturias.com\/noticias\/asi-sera-el-tiempo-del-15-al-22-de-abril-de-2019-en-espana\/","title":{"rendered":"As\u00ed ser\u00e1 el tiempo del 15 al 22 de abril de 2019 en Espa\u00f1a"},"content":{"rendered":"<p><img loading=\"lazy\" decoding=\"async\" class=\"alignleft size-medium wp-image-952722\" src=\"https:\/\/www.eldigitaldeasturias.com\/noticias\/wp-content\/uploads\/2017\/09\/nubes-499176_960_720-360x270.jpg\" alt=\"\" width=\"360\" height=\"270\" srcset=\"https:\/\/www.eldigitaldeasturias.com\/noticias\/wp-content\/uploads\/2017\/09\/nubes-499176_960_720-360x270.jpg 360w, https:\/\/www.eldigitaldeasturias.com\/noticias\/wp-content\/uploads\/2017\/09\/nubes-499176_960_720-80x60.jpg 80w, https:\/\/www.eldigitaldeasturias.com\/noticias\/wp-content\/uploads\/2017\/09\/nubes-499176_960_720-265x198.jpg 265w, https:\/\/www.eldigitaldeasturias.com\/noticias\/wp-content\/uploads\/2017\/09\/nubes-499176_960_720-696x522.jpg 696w, https:\/\/www.eldigitaldeasturias.com\/noticias\/wp-content\/uploads\/2017\/09\/nubes-499176_960_720-560x420.jpg 560w, https:\/\/www.eldigitaldeasturias.com\/noticias\/wp-content\/uploads\/2017\/09\/nubes-499176_960_720-768x576.jpg 768w, https:\/\/www.eldigitaldeasturias.com\/noticias\/wp-content\/uploads\/2017\/09\/nubes-499176_960_720-640x480.jpg 640w, https:\/\/www.eldigitaldeasturias.com\/noticias\/wp-content\/uploads\/2017\/09\/nubes-499176_960_720-90x67.jpg 90w, https:\/\/www.eldigitaldeasturias.com\/noticias\/wp-content\/uploads\/2017\/09\/nubes-499176_960_720.jpg 960w\" sizes=\"auto, (max-width: 360px) 100vw, 360px\" \/>AEMET informa que durante el lunes un sistema frontal se desplazar\u00e1 de oeste a este por la Pen\u00ednsula, alcanzando el \u00e1rea mediterr\u00e1nea al final del d\u00eda. Ir\u00e1 acompa\u00f1ado de cielos nubosos y en la mitad norte de chubascos que podr\u00e1n ser fuertes y con tormentas en el \u00e1rea cant\u00e1brica, alto Ebro y Navarra.<\/p>\n<p>Predominar\u00e1 el viento de componente sur, girando al oeste e intensific\u00e1ndose con al paso del frente, a la vez que se produce un descenso t\u00e9rmico.<\/p>\n<p>En Baleares intervalos nubosos con posibilidad de alg\u00fan chubasco al final del d\u00eda y en Canarias situaci\u00f3n de alisios con alguna precipitaci\u00f3n en el norte de las islas de m\u00e1s relieve.<\/p>\n<p>El <strong>martes 16 y mi\u00e9rcoles 17<\/strong> salvo a primeras horas del martes en el nordeste y Baleares donde a\u00fan se esperan algunos chubascos asociados al frente, el martes y primera mitad del mi\u00e9rcoles predominar\u00e1n intervalos de nubes altas en todo el pa\u00eds.<\/p>\n<p>Durante la tarde del mi\u00e9rcoles la nubosidad ir\u00e1 aumentando por el oeste debido a la llegada de un nuevo frente atl\u00e1ntico, con precipitaciones en Galicia que se ir\u00e1n extendiendo de forma dispersa por la mitad occidental peninsular y por Canarias.<\/p>\n<p>El jueves 18 con la llegada del frente, asociado a una profunda borrasca atl\u00e1ntica, se inestabilizar\u00e1 la atm\u00f3sfera en gran parte de la Pen\u00ednsula, intensific\u00e1ndose los chubascos y tormentas que ir\u00e1n acompa\u00f1ados de un descenso t\u00e9rmico significativo.<\/p>\n<p>Es probable que el centro de la borrasca se sit\u00fae sobre el suroeste peninsular, favoreciendo que el frente no afecte ni al nordeste ni a Baleares, zonas que se mantendr\u00edan con cielos nubosos, baja probabilidad de precipitaciones y sin cambios en las temperaturas. Situaci\u00f3n de alisios en Canarias.<\/p>\n<p>Viernes 19 al lunes 22: La incertidumbre respecto a la evoluci\u00f3n atmosf\u00e9rica es muy elevada a partir del viernes debido a la imprecisi\u00f3n en la localizaci\u00f3n del centro de la borrasca por los modelos de predicci\u00f3n.<\/p>\n<p>Dada la gran extensi\u00f3n e intensidad de la borrasca es probable que la inestabilidad sea muy generalizada, si bien la mayor\u00eda de los escenarios apuntan a que el noroeste peninsular, el \u00e1rea cant\u00e1brica y Baleares ser\u00edan las zonas donde las precipitaciones ser\u00edan menos probables. C<\/p>\n<p>anarias quedar\u00eda ajena a esta situaci\u00f3n de inestabilidad, manteniendo la situaci\u00f3n de alisios con probabilidad de precipitaciones en las islas de mayor relieve<\/p>\n","protected":false},"excerpt":{"rendered":"<p>AEMET informa que durante el lunes un sistema frontal se desplazar\u00e1 de oeste a este por la Pen\u00ednsula, alcanzando el \u00e1rea mediterr\u00e1nea al final del d\u00eda. Ir\u00e1 acompa\u00f1ado de cielos nubosos y en la mitad norte de chubascos que podr\u00e1n ser fuertes y con tormentas en el \u00e1rea cant\u00e1brica, alto Ebro y Navarra. Predominar\u00e1 el [&hellip;]<\/p>\n","protected":false},"author":1,"featured_media":952722,"comment_status":"closed","ping_status":"closed","sticky":false,"template":"","format":"standard","meta":{"footnotes":""},"categories":[538],"tags":[],"class_list":["post-1023990","post","type-post","status-publish","format-standard","has-post-thumbnail","hentry","category-el-tiempo"],"aioseo_notices":[],"aioseo_head":"\n\t\t<!-- All in One SEO Pro 4.9.6.2 - aioseo.com -->\n\t<meta name=\"description\" content=\"AEMET informa que durante el lunes un sistema frontal se desplazar\u00e1 de oeste a este por la Pen\u00ednsula, alcanzando el \u00e1rea mediterr\u00e1nea al final del d\u00eda. Ir\u00e1 acompa\u00f1ado de cielos nubosos y en la mitad norte de chubascos que podr\u00e1n ser fuertes y con tormentas en el \u00e1rea cant\u00e1brica, alto Ebro y Navarra. Predominar\u00e1 el\" \/>\n\t<meta name=\"robots\" content=\"max-image-preview:large\" \/>\n\t<meta name=\"author\" content=\"El Digital de Asturias\"\/>\n\t<meta name=\"google-site-verification\" content=\"UA-38556648-1\" \/>\n\t<meta name=\"msvalidate.01\" content=\"7dfe9f3f1b24437ab69f4f2559babe99\" \/>\n\t<meta name=\"keywords\" content=\"el tiempo\" \/>\n\t<link rel=\"canonical\" href=\"https:\/\/www.eldigitaldeasturias.com\/noticias\/asi-sera-el-tiempo-del-15-al-22-de-abril-de-2019-en-espana\/\" \/>\n\t<meta name=\"generator\" content=\"All in One SEO Pro (AIOSEO) 4.9.6.2\" \/>\n\t\t<meta property=\"og:locale\" content=\"es_ES\" \/>\n\t\t<meta property=\"og:site_name\" content=\"El Digital de Asturias\" \/>\n\t\t<meta property=\"og:type\" content=\"article\" \/>\n\t\t<meta property=\"og:title\" content=\"As\u00ed ser\u00e1 el tiempo del 15 al 22 de abril de 2019 en Espa\u00f1a - El Digital de Asturias\" \/>\n\t\t<meta property=\"og:description\" content=\"AEMET informa que durante el lunes un sistema frontal se desplazar\u00e1 de oeste a este por la Pen\u00ednsula, alcanzando el \u00e1rea mediterr\u00e1nea al final del d\u00eda. Ir\u00e1 acompa\u00f1ado de cielos nubosos y en la mitad norte de chubascos que podr\u00e1n ser fuertes y con tormentas en el \u00e1rea cant\u00e1brica, alto Ebro y Navarra. Predominar\u00e1 el\" \/>\n\t\t<meta property=\"og:url\" content=\"https:\/\/www.eldigitaldeasturias.com\/noticias\/asi-sera-el-tiempo-del-15-al-22-de-abril-de-2019-en-espana\/\" \/>\n\t\t<meta property=\"og:image\" content=\"https:\/\/www.eldigitaldeasturias.com\/noticias\/wp-content\/uploads\/2017\/09\/nubes-499176_960_720.jpg\" \/>\n\t\t<meta property=\"og:image:secure_url\" content=\"https:\/\/www.eldigitaldeasturias.com\/noticias\/wp-content\/uploads\/2017\/09\/nubes-499176_960_720.jpg\" \/>\n\t\t<meta property=\"og:image:width\" content=\"960\" \/>\n\t\t<meta property=\"og:image:height\" content=\"720\" \/>\n\t\t<meta property=\"article:tag\" content=\"el tiempo\" \/>\n\t\t<meta property=\"article:published_time\" content=\"2019-04-14T20:30:42+00:00\" \/>\n\t\t<meta property=\"article:modified_time\" content=\"2019-04-14T20:30:42+00:00\" \/>\n\t\t<meta property=\"article:publisher\" content=\"https:\/\/facebook.com\/eldigitaldeasturias\" \/>\n\t\t<meta name=\"twitter:card\" content=\"summary_large_image\" \/>\n\t\t<meta name=\"twitter:title\" content=\"As\u00ed ser\u00e1 el tiempo del 15 al 22 de abril de 2019 en Espa\u00f1a - El Digital de Asturias\" \/>\n\t\t<meta name=\"twitter:description\" content=\"AEMET informa que durante el lunes un sistema frontal se desplazar\u00e1 de oeste a este por la Pen\u00ednsula, alcanzando el \u00e1rea mediterr\u00e1nea al final del d\u00eda. Ir\u00e1 acompa\u00f1ado de cielos nubosos y en la mitad norte de chubascos que podr\u00e1n ser fuertes y con tormentas en el \u00e1rea cant\u00e1brica, alto Ebro y Navarra. Predominar\u00e1 el\" \/>\n\t\t<meta name=\"twitter:image\" content=\"https:\/\/www.eldigitaldeasturias.com\/noticias\/wp-content\/uploads\/2017\/09\/nubes-499176_960_720.jpg\" \/>\n\t\t<meta name=\"twitter:label1\" content=\"Escrito por\" \/>\n\t\t<meta name=\"twitter:data1\" content=\"El Digital de Asturias\" \/>\n\t\t<meta name=\"twitter:label2\" content=\"Tiempo de lectura estimado\" \/>\n\t\t<meta name=\"twitter:data2\" content=\"2 minutos\" \/>\n\t\t<script type=\"application\/ld+json\" class=\"aioseo-schema\">\n\t\t\t{\"@context\":\"https:\\\/\\\/schema.org\",\"@graph\":[{\"@type\":\"BlogPosting\",\"@id\":\"https:\\\/\\\/www.eldigitaldeasturias.com\\\/noticias\\\/asi-sera-el-tiempo-del-15-al-22-de-abril-de-2019-en-espana\\\/#blogposting\",\"name\":\"As\\u00ed ser\\u00e1 el tiempo del 15 al 22 de abril de 2019 en Espa\\u00f1a - El Digital de Asturias\",\"headline\":\"As\\u00ed ser\\u00e1 el tiempo del 15 al 22 de abril de 2019 en Espa\\u00f1a\",\"author\":{\"@id\":\"https:\\\/\\\/www.eldigitaldeasturias.com\\\/noticias\\\/author\\\/admin\\\/#author\"},\"publisher\":{\"@id\":\"https:\\\/\\\/www.eldigitaldeasturias.com\\\/noticias\\\/#organization\"},\"image\":{\"@type\":\"ImageObject\",\"url\":\"https:\\\/\\\/www.eldigitaldeasturias.com\\\/noticias\\\/wp-content\\\/uploads\\\/2017\\\/09\\\/nubes-499176_960_720.jpg\",\"width\":960,\"height\":720,\"caption\":\"nuboso\"},\"datePublished\":\"2019-04-14T20:30:42+02:00\",\"dateModified\":\"2019-04-14T20:30:42+02:00\",\"inLanguage\":\"es-ES\",\"mainEntityOfPage\":{\"@id\":\"https:\\\/\\\/www.eldigitaldeasturias.com\\\/noticias\\\/asi-sera-el-tiempo-del-15-al-22-de-abril-de-2019-en-espana\\\/#webpage\"},\"isPartOf\":{\"@id\":\"https:\\\/\\\/www.eldigitaldeasturias.com\\\/noticias\\\/asi-sera-el-tiempo-del-15-al-22-de-abril-de-2019-en-espana\\\/#webpage\"},\"articleSection\":\"El tiempo\"},{\"@type\":\"BreadcrumbList\",\"@id\":\"https:\\\/\\\/www.eldigitaldeasturias.com\\\/noticias\\\/asi-sera-el-tiempo-del-15-al-22-de-abril-de-2019-en-espana\\\/#breadcrumblist\",\"itemListElement\":[{\"@type\":\"ListItem\",\"@id\":\"https:\\\/\\\/www.eldigitaldeasturias.com\\\/noticias#listItem\",\"position\":1,\"name\":\"Home\",\"item\":\"https:\\\/\\\/www.eldigitaldeasturias.com\\\/noticias\",\"nextItem\":{\"@type\":\"ListItem\",\"@id\":\"https:\\\/\\\/www.eldigitaldeasturias.com\\\/noticias\\\/category\\\/el-tiempo\\\/#listItem\",\"name\":\"El tiempo\"}},{\"@type\":\"ListItem\",\"@id\":\"https:\\\/\\\/www.eldigitaldeasturias.com\\\/noticias\\\/category\\\/el-tiempo\\\/#listItem\",\"position\":2,\"name\":\"El tiempo\",\"item\":\"https:\\\/\\\/www.eldigitaldeasturias.com\\\/noticias\\\/category\\\/el-tiempo\\\/\",\"nextItem\":{\"@type\":\"ListItem\",\"@id\":\"https:\\\/\\\/www.eldigitaldeasturias.com\\\/noticias\\\/asi-sera-el-tiempo-del-15-al-22-de-abril-de-2019-en-espana\\\/#listItem\",\"name\":\"As\\u00ed ser\\u00e1 el tiempo del 15 al 22 de abril de 2019 en Espa\\u00f1a\"},\"previousItem\":{\"@type\":\"ListItem\",\"@id\":\"https:\\\/\\\/www.eldigitaldeasturias.com\\\/noticias#listItem\",\"name\":\"Home\"}},{\"@type\":\"ListItem\",\"@id\":\"https:\\\/\\\/www.eldigitaldeasturias.com\\\/noticias\\\/asi-sera-el-tiempo-del-15-al-22-de-abril-de-2019-en-espana\\\/#listItem\",\"position\":3,\"name\":\"As\\u00ed ser\\u00e1 el tiempo del 15 al 22 de abril de 2019 en Espa\\u00f1a\",\"previousItem\":{\"@type\":\"ListItem\",\"@id\":\"https:\\\/\\\/www.eldigitaldeasturias.com\\\/noticias\\\/category\\\/el-tiempo\\\/#listItem\",\"name\":\"El tiempo\"}}]},{\"@type\":\"Organization\",\"@id\":\"https:\\\/\\\/www.eldigitaldeasturias.com\\\/noticias\\\/#organization\",\"name\":\"El Digital de Asturias\",\"description\":\"Hemeroteca\",\"url\":\"https:\\\/\\\/www.eldigitaldeasturias.com\\\/noticias\\\/\",\"email\":\"info@eldigitaldeasturias.com\",\"telephone\":\"+34652131393\",\"logo\":{\"@type\":\"ImageObject\",\"url\":\"https:\\\/\\\/www.eldigitaldeasturias.com\\\/noticias\\\/wp-content\\\/uploads\\\/2020\\\/12\\\/EDA.jpg\",\"@id\":\"https:\\\/\\\/www.eldigitaldeasturias.com\\\/noticias\\\/asi-sera-el-tiempo-del-15-al-22-de-abril-de-2019-en-espana\\\/#organizationLogo\",\"width\":649,\"height\":297},\"image\":{\"@id\":\"https:\\\/\\\/www.eldigitaldeasturias.com\\\/noticias\\\/asi-sera-el-tiempo-del-15-al-22-de-abril-de-2019-en-espana\\\/#organizationLogo\"},\"sameAs\":[\"https:\\\/\\\/facebook.com\\\/eldigitaldeasturias\",\"https:\\\/\\\/www.youtube.com\\\/channel\\\/UCZP-2wLEB9Rv6erhFmqVnvg\"],\"address\":{\"@id\":\"https:\\\/\\\/www.eldigitaldeasturias.com\\\/noticias\\\/#postaladdress\",\"@type\":\"PostalAddress\",\"streetAddress\":\"san antonio 4,\",\"postalCode\":\"33430\",\"addressLocality\":\"Cand\\u00e1s\",\"addressRegion\":\"Asturias\",\"addressCountry\":\"ES\"}},{\"@type\":\"Person\",\"@id\":\"https:\\\/\\\/www.eldigitaldeasturias.com\\\/noticias\\\/author\\\/admin\\\/#author\",\"url\":\"https:\\\/\\\/www.eldigitaldeasturias.com\\\/noticias\\\/author\\\/admin\\\/\",\"name\":\"El Digital de Asturias\",\"image\":{\"@type\":\"ImageObject\",\"@id\":\"https:\\\/\\\/www.eldigitaldeasturias.com\\\/noticias\\\/asi-sera-el-tiempo-del-15-al-22-de-abril-de-2019-en-espana\\\/#authorImage\",\"url\":\"https:\\\/\\\/www.eldigitaldeasturias.com\\\/noticias\\\/wp-content\\\/litespeed\\\/avatar\\\/18677e78aa0546b92d9dbf31ec7d7668.jpg?ver=1777290358\",\"width\":96,\"height\":96,\"caption\":\"El Digital de Asturias\"}},{\"@type\":\"WebPage\",\"@id\":\"https:\\\/\\\/www.eldigitaldeasturias.com\\\/noticias\\\/asi-sera-el-tiempo-del-15-al-22-de-abril-de-2019-en-espana\\\/#webpage\",\"url\":\"https:\\\/\\\/www.eldigitaldeasturias.com\\\/noticias\\\/asi-sera-el-tiempo-del-15-al-22-de-abril-de-2019-en-espana\\\/\",\"name\":\"As\\u00ed ser\\u00e1 el tiempo del 15 al 22 de abril de 2019 en Espa\\u00f1a - El Digital de Asturias\",\"description\":\"AEMET informa que durante el lunes un sistema frontal se desplazar\\u00e1 de oeste a este por la Pen\\u00ednsula, alcanzando el \\u00e1rea mediterr\\u00e1nea al final del d\\u00eda. Ir\\u00e1 acompa\\u00f1ado de cielos nubosos y en la mitad norte de chubascos que podr\\u00e1n ser fuertes y con tormentas en el \\u00e1rea cant\\u00e1brica, alto Ebro y Navarra. Predominar\\u00e1 el\",\"inLanguage\":\"es-ES\",\"isPartOf\":{\"@id\":\"https:\\\/\\\/www.eldigitaldeasturias.com\\\/noticias\\\/#website\"},\"breadcrumb\":{\"@id\":\"https:\\\/\\\/www.eldigitaldeasturias.com\\\/noticias\\\/asi-sera-el-tiempo-del-15-al-22-de-abril-de-2019-en-espana\\\/#breadcrumblist\"},\"author\":{\"@id\":\"https:\\\/\\\/www.eldigitaldeasturias.com\\\/noticias\\\/author\\\/admin\\\/#author\"},\"creator\":{\"@id\":\"https:\\\/\\\/www.eldigitaldeasturias.com\\\/noticias\\\/author\\\/admin\\\/#author\"},\"image\":{\"@type\":\"ImageObject\",\"url\":\"https:\\\/\\\/www.eldigitaldeasturias.com\\\/noticias\\\/wp-content\\\/uploads\\\/2017\\\/09\\\/nubes-499176_960_720.jpg\",\"@id\":\"https:\\\/\\\/www.eldigitaldeasturias.com\\\/noticias\\\/asi-sera-el-tiempo-del-15-al-22-de-abril-de-2019-en-espana\\\/#mainImage\",\"width\":960,\"height\":720,\"caption\":\"nuboso\"},\"primaryImageOfPage\":{\"@id\":\"https:\\\/\\\/www.eldigitaldeasturias.com\\\/noticias\\\/asi-sera-el-tiempo-del-15-al-22-de-abril-de-2019-en-espana\\\/#mainImage\"},\"datePublished\":\"2019-04-14T20:30:42+02:00\",\"dateModified\":\"2019-04-14T20:30:42+02:00\"},{\"@type\":\"WebSite\",\"@id\":\"https:\\\/\\\/www.eldigitaldeasturias.com\\\/noticias\\\/#website\",\"url\":\"https:\\\/\\\/www.eldigitaldeasturias.com\\\/noticias\\\/\",\"name\":\"El Digital de Asturias - Diario de actualidad y noticias\",\"alternateName\":\"El Digital de Asturias - Diario de actualidad y noticias\",\"description\":\"Hemeroteca\",\"inLanguage\":\"es-ES\",\"publisher\":{\"@id\":\"https:\\\/\\\/www.eldigitaldeasturias.com\\\/noticias\\\/#organization\"}}]}\n\t\t<\/script>\n\t\t<!-- All in One SEO Pro -->\r\n\t\t<title>As\u00ed ser\u00e1 el tiempo del 15 al 22 de abril de 2019 en Espa\u00f1a - El Digital de Asturias<\/title>\n\n","aioseo_head_json":{"title":"As\u00ed ser\u00e1 el tiempo del 15 al 22 de abril de 2019 en Espa\u00f1a - El Digital de Asturias","description":"AEMET informa que durante el lunes un sistema frontal se desplazar\u00e1 de oeste a este por la Pen\u00ednsula, alcanzando el \u00e1rea mediterr\u00e1nea al final del d\u00eda. Ir\u00e1 acompa\u00f1ado de cielos nubosos y en la mitad norte de chubascos que podr\u00e1n ser fuertes y con tormentas en el \u00e1rea cant\u00e1brica, alto Ebro y Navarra. Predominar\u00e1 el","canonical_url":"https:\/\/www.eldigitaldeasturias.com\/noticias\/asi-sera-el-tiempo-del-15-al-22-de-abril-de-2019-en-espana\/","robots":"max-image-preview:large","keywords":"el tiempo","webmasterTools":{"google-site-verification":"UA-38556648-1","msvalidate.01":"7dfe9f3f1b24437ab69f4f2559babe99","miscellaneous":""},"schema":{"@context":"https:\/\/schema.org","@graph":[{"@type":"BlogPosting","@id":"https:\/\/www.eldigitaldeasturias.com\/noticias\/asi-sera-el-tiempo-del-15-al-22-de-abril-de-2019-en-espana\/#blogposting","name":"As\u00ed ser\u00e1 el tiempo del 15 al 22 de abril de 2019 en Espa\u00f1a - El Digital de Asturias","headline":"As\u00ed ser\u00e1 el tiempo del 15 al 22 de abril de 2019 en Espa\u00f1a","author":{"@id":"https:\/\/www.eldigitaldeasturias.com\/noticias\/author\/admin\/#author"},"publisher":{"@id":"https:\/\/www.eldigitaldeasturias.com\/noticias\/#organization"},"image":{"@type":"ImageObject","url":"https:\/\/www.eldigitaldeasturias.com\/noticias\/wp-content\/uploads\/2017\/09\/nubes-499176_960_720.jpg","width":960,"height":720,"caption":"nuboso"},"datePublished":"2019-04-14T20:30:42+02:00","dateModified":"2019-04-14T20:30:42+02:00","inLanguage":"es-ES","mainEntityOfPage":{"@id":"https:\/\/www.eldigitaldeasturias.com\/noticias\/asi-sera-el-tiempo-del-15-al-22-de-abril-de-2019-en-espana\/#webpage"},"isPartOf":{"@id":"https:\/\/www.eldigitaldeasturias.com\/noticias\/asi-sera-el-tiempo-del-15-al-22-de-abril-de-2019-en-espana\/#webpage"},"articleSection":"El tiempo"},{"@type":"BreadcrumbList","@id":"https:\/\/www.eldigitaldeasturias.com\/noticias\/asi-sera-el-tiempo-del-15-al-22-de-abril-de-2019-en-espana\/#breadcrumblist","itemListElement":[{"@type":"ListItem","@id":"https:\/\/www.eldigitaldeasturias.com\/noticias#listItem","position":1,"name":"Home","item":"https:\/\/www.eldigitaldeasturias.com\/noticias","nextItem":{"@type":"ListItem","@id":"https:\/\/www.eldigitaldeasturias.com\/noticias\/category\/el-tiempo\/#listItem","name":"El tiempo"}},{"@type":"ListItem","@id":"https:\/\/www.eldigitaldeasturias.com\/noticias\/category\/el-tiempo\/#listItem","position":2,"name":"El tiempo","item":"https:\/\/www.eldigitaldeasturias.com\/noticias\/category\/el-tiempo\/","nextItem":{"@type":"ListItem","@id":"https:\/\/www.eldigitaldeasturias.com\/noticias\/asi-sera-el-tiempo-del-15-al-22-de-abril-de-2019-en-espana\/#listItem","name":"As\u00ed ser\u00e1 el tiempo del 15 al 22 de abril de 2019 en Espa\u00f1a"},"previousItem":{"@type":"ListItem","@id":"https:\/\/www.eldigitaldeasturias.com\/noticias#listItem","name":"Home"}},{"@type":"ListItem","@id":"https:\/\/www.eldigitaldeasturias.com\/noticias\/asi-sera-el-tiempo-del-15-al-22-de-abril-de-2019-en-espana\/#listItem","position":3,"name":"As\u00ed ser\u00e1 el tiempo del 15 al 22 de abril de 2019 en Espa\u00f1a","previousItem":{"@type":"ListItem","@id":"https:\/\/www.eldigitaldeasturias.com\/noticias\/category\/el-tiempo\/#listItem","name":"El tiempo"}}]},{"@type":"Organization","@id":"https:\/\/www.eldigitaldeasturias.com\/noticias\/#organization","name":"El Digital de Asturias","description":"Hemeroteca","url":"https:\/\/www.eldigitaldeasturias.com\/noticias\/","email":"info@eldigitaldeasturias.com","telephone":"+34652131393","logo":{"@type":"ImageObject","url":"https:\/\/www.eldigitaldeasturias.com\/noticias\/wp-content\/uploads\/2020\/12\/EDA.jpg","@id":"https:\/\/www.eldigitaldeasturias.com\/noticias\/asi-sera-el-tiempo-del-15-al-22-de-abril-de-2019-en-espana\/#organizationLogo","width":649,"height":297},"image":{"@id":"https:\/\/www.eldigitaldeasturias.com\/noticias\/asi-sera-el-tiempo-del-15-al-22-de-abril-de-2019-en-espana\/#organizationLogo"},"sameAs":["https:\/\/facebook.com\/eldigitaldeasturias","https:\/\/www.youtube.com\/channel\/UCZP-2wLEB9Rv6erhFmqVnvg"],"address":{"@id":"https:\/\/www.eldigitaldeasturias.com\/noticias\/#postaladdress","@type":"PostalAddress","streetAddress":"san antonio 4,","postalCode":"33430","addressLocality":"Cand\u00e1s","addressRegion":"Asturias","addressCountry":"ES"}},{"@type":"Person","@id":"https:\/\/www.eldigitaldeasturias.com\/noticias\/author\/admin\/#author","url":"https:\/\/www.eldigitaldeasturias.com\/noticias\/author\/admin\/","name":"El Digital de Asturias","image":{"@type":"ImageObject","@id":"https:\/\/www.eldigitaldeasturias.com\/noticias\/asi-sera-el-tiempo-del-15-al-22-de-abril-de-2019-en-espana\/#authorImage","url":"https:\/\/www.eldigitaldeasturias.com\/noticias\/wp-content\/litespeed\/avatar\/18677e78aa0546b92d9dbf31ec7d7668.jpg?ver=1777290358","width":96,"height":96,"caption":"El Digital de Asturias"}},{"@type":"WebPage","@id":"https:\/\/www.eldigitaldeasturias.com\/noticias\/asi-sera-el-tiempo-del-15-al-22-de-abril-de-2019-en-espana\/#webpage","url":"https:\/\/www.eldigitaldeasturias.com\/noticias\/asi-sera-el-tiempo-del-15-al-22-de-abril-de-2019-en-espana\/","name":"As\u00ed ser\u00e1 el tiempo del 15 al 22 de abril de 2019 en Espa\u00f1a - El Digital de Asturias","description":"AEMET informa que durante el lunes un sistema frontal se desplazar\u00e1 de oeste a este por la Pen\u00ednsula, alcanzando el \u00e1rea mediterr\u00e1nea al final del d\u00eda. Ir\u00e1 acompa\u00f1ado de cielos nubosos y en la mitad norte de chubascos que podr\u00e1n ser fuertes y con tormentas en el \u00e1rea cant\u00e1brica, alto Ebro y Navarra. Predominar\u00e1 el","inLanguage":"es-ES","isPartOf":{"@id":"https:\/\/www.eldigitaldeasturias.com\/noticias\/#website"},"breadcrumb":{"@id":"https:\/\/www.eldigitaldeasturias.com\/noticias\/asi-sera-el-tiempo-del-15-al-22-de-abril-de-2019-en-espana\/#breadcrumblist"},"author":{"@id":"https:\/\/www.eldigitaldeasturias.com\/noticias\/author\/admin\/#author"},"creator":{"@id":"https:\/\/www.eldigitaldeasturias.com\/noticias\/author\/admin\/#author"},"image":{"@type":"ImageObject","url":"https:\/\/www.eldigitaldeasturias.com\/noticias\/wp-content\/uploads\/2017\/09\/nubes-499176_960_720.jpg","@id":"https:\/\/www.eldigitaldeasturias.com\/noticias\/asi-sera-el-tiempo-del-15-al-22-de-abril-de-2019-en-espana\/#mainImage","width":960,"height":720,"caption":"nuboso"},"primaryImageOfPage":{"@id":"https:\/\/www.eldigitaldeasturias.com\/noticias\/asi-sera-el-tiempo-del-15-al-22-de-abril-de-2019-en-espana\/#mainImage"},"datePublished":"2019-04-14T20:30:42+02:00","dateModified":"2019-04-14T20:30:42+02:00"},{"@type":"WebSite","@id":"https:\/\/www.eldigitaldeasturias.com\/noticias\/#website","url":"https:\/\/www.eldigitaldeasturias.com\/noticias\/","name":"El Digital de Asturias - Diario de actualidad y noticias","alternateName":"El Digital de Asturias - Diario de actualidad y noticias","description":"Hemeroteca","inLanguage":"es-ES","publisher":{"@id":"https:\/\/www.eldigitaldeasturias.com\/noticias\/#organization"}}]},"og:locale":"es_ES","og:site_name":"El Digital de Asturias","og:type":"article","og:title":"As\u00ed ser\u00e1 el tiempo del 15 al 22 de abril de 2019 en Espa\u00f1a - El Digital de Asturias","og:description":"AEMET informa que durante el lunes un sistema frontal se desplazar\u00e1 de oeste a este por la Pen\u00ednsula, alcanzando el \u00e1rea mediterr\u00e1nea al final del d\u00eda. Ir\u00e1 acompa\u00f1ado de cielos nubosos y en la mitad norte de chubascos que podr\u00e1n ser fuertes y con tormentas en el \u00e1rea cant\u00e1brica, alto Ebro y Navarra. Predominar\u00e1 el","og:url":"https:\/\/www.eldigitaldeasturias.com\/noticias\/asi-sera-el-tiempo-del-15-al-22-de-abril-de-2019-en-espana\/","og:image":"https:\/\/www.eldigitaldeasturias.com\/noticias\/wp-content\/uploads\/2017\/09\/nubes-499176_960_720.jpg","og:image:secure_url":"https:\/\/www.eldigitaldeasturias.com\/noticias\/wp-content\/uploads\/2017\/09\/nubes-499176_960_720.jpg","og:image:width":960,"og:image:height":720,"article:tag":["el tiempo"],"article:published_time":"2019-04-14T20:30:42+00:00","article:modified_time":"2019-04-14T20:30:42+00:00","article:publisher":"https:\/\/facebook.com\/eldigitaldeasturias","twitter:card":"summary_large_image","twitter:title":"As\u00ed ser\u00e1 el tiempo del 15 al 22 de abril de 2019 en Espa\u00f1a - El Digital de Asturias","twitter:description":"AEMET informa que durante el lunes un sistema frontal se desplazar\u00e1 de oeste a este por la Pen\u00ednsula, alcanzando el \u00e1rea mediterr\u00e1nea al final del d\u00eda. Ir\u00e1 acompa\u00f1ado de cielos nubosos y en la mitad norte de chubascos que podr\u00e1n ser fuertes y con tormentas en el \u00e1rea cant\u00e1brica, alto Ebro y Navarra. Predominar\u00e1 el","twitter:image":"https:\/\/www.eldigitaldeasturias.com\/noticias\/wp-content\/uploads\/2017\/09\/nubes-499176_960_720.jpg","twitter:label1":"Escrito por","twitter:data1":"El Digital de Asturias","twitter:label2":"Tiempo de lectura estimado","twitter:data2":"2 minutos"},"aioseo_meta_data":{"post_id":"1023990","title":null,"description":null,"keywords":null,"keyphrases":null,"primary_term":null,"canonical_url":null,"og_title":null,"og_description":null,"og_object_type":"default","og_image_type":"default","og_image_url":null,"og_image_width":null,"og_image_height":null,"og_image_custom_url":null,"og_image_custom_fields":null,"og_video":null,"og_custom_url":null,"og_article_section":null,"og_article_tags":null,"twitter_use_og":false,"twitter_card":"default","twitter_image_type":"default","twitter_image_url":null,"twitter_image_custom_url":null,"twitter_image_custom_fields":null,"twitter_title":null,"twitter_description":null,"schema":{"blockGraphs":[],"customGraphs":[],"default":{"data":{"Article":[],"Course":[],"Dataset":[],"FAQPage":[],"Movie":[],"Person":[],"Product":[],"ProductReview":[],"Car":[],"Recipe":[],"Service":[],"SoftwareApplication":[],"WebPage":[]},"graphName":"","isEnabled":true},"graphs":[],"defaultGraph":"","defaultPostTypeGraph":""},"schema_type":null,"schema_type_options":null,"pillar_content":false,"robots_default":true,"robots_noindex":false,"robots_noarchive":false,"robots_nosnippet":false,"robots_nofollow":false,"robots_noimageindex":false,"robots_noodp":false,"robots_notranslate":false,"robots_max_snippet":null,"robots_max_videopreview":null,"robots_max_imagepreview":"large","priority":null,"frequency":null,"local_seo":null,"seo_analyzer_scan_date":"2025-10-17 15:45:11","breadcrumb_settings":null,"limit_modified_date":false,"open_ai":null,"ai":null,"created":"2020-12-21 11:15:05","updated":"2025-10-17 15:45:11"},"aioseo_breadcrumb":"<div class=\"aioseo-breadcrumbs\"><span class=\"aioseo-breadcrumb\">\n\t<a href=\"https:\/\/www.eldigitaldeasturias.com\/noticias\" title=\"Home\">Home<\/a>\n<\/span><span class=\"aioseo-breadcrumb-separator\">\u2013<\/span><span class=\"aioseo-breadcrumb\">\n\t<a href=\"https:\/\/www.eldigitaldeasturias.com\/noticias\/category\/el-tiempo\/\" title=\"El tiempo\">El tiempo<\/a>\n<\/span><span class=\"aioseo-breadcrumb-separator\">\u2013<\/span><span class=\"aioseo-breadcrumb\">\n\t<a href=\"https:\/\/www.eldigitaldeasturias.com\/noticias\/asi-sera-el-tiempo-del-15-al-22-de-abril-de-2019-en-espana\/\" title=\"As\u00ed ser\u00e1 el tiempo del 15 al 22 de abril de 2019 en Espa\u00f1a\">As\u00ed ser\u00e1 el tiempo del 15 al 22 de abril de 2019 en Espa\u00f1a<\/a>\n<\/span><\/div>","aioseo_breadcrumb_json":[{"label":"Home","link":"https:\/\/www.eldigitaldeasturias.com\/noticias"},{"label":"El tiempo","link":"https:\/\/www.eldigitaldeasturias.com\/noticias\/category\/el-tiempo\/"},{"label":"As\u00ed ser\u00e1 el tiempo del 15 al 22 de abril de 2019 en Espa\u00f1a","link":"https:\/\/www.eldigitaldeasturias.com\/noticias\/asi-sera-el-tiempo-del-15-al-22-de-abril-de-2019-en-espana\/"}],"_links":{"self":[{"href":"https:\/\/www.eldigitaldeasturias.com\/noticias\/wp-json\/wp\/v2\/posts\/1023990","targetHints":{"allow":["GET"]}}],"collection":[{"href":"https:\/\/www.eldigitaldeasturias.com\/noticias\/wp-json\/wp\/v2\/posts"}],"about":[{"href":"https:\/\/www.eldigitaldeasturias.com\/noticias\/wp-json\/wp\/v2\/types\/post"}],"author":[{"embeddable":true,"href":"https:\/\/www.eldigitaldeasturias.com\/noticias\/wp-json\/wp\/v2\/users\/1"}],"replies":[{"embeddable":true,"href":"https:\/\/www.eldigitaldeasturias.com\/noticias\/wp-json\/wp\/v2\/comments?post=1023990"}],"version-history":[{"count":0,"href":"https:\/\/www.eldigitaldeasturias.com\/noticias\/wp-json\/wp\/v2\/posts\/1023990\/revisions"}],"wp:featuredmedia":[{"embeddable":true,"href":"https:\/\/www.eldigitaldeasturias.com\/noticias\/wp-json\/wp\/v2\/media\/952722"}],"wp:attachment":[{"href":"https:\/\/www.eldigitaldeasturias.com\/noticias\/wp-json\/wp\/v2\/media?parent=1023990"}],"wp:term":[{"taxonomy":"category","embeddable":true,"href":"https:\/\/www.eldigitaldeasturias.com\/noticias\/wp-json\/wp\/v2\/categories?post=1023990"},{"taxonomy":"post_tag","embeddable":true,"href":"https:\/\/www.eldigitaldeasturias.com\/noticias\/wp-json\/wp\/v2\/tags?post=1023990"}],"curies":[{"name":"wp","href":"https:\/\/api.w.org\/{rel}","templated":true}]}}