{"id":1023980,"date":"2019-04-14T20:10:04","date_gmt":"2019-04-14T20:10:04","guid":{"rendered":"https:\/\/www.eldigitaldeasturias.com\/noticias\/?p=1023980"},"modified":"2019-04-14T20:10:04","modified_gmt":"2019-04-14T20:10:04","slug":"el-alba-berlin-llega-motivado-a-valencia-para-luchar-por-la-eurocup","status":"publish","type":"post","link":"https:\/\/www.eldigitaldeasturias.com\/noticias\/el-alba-berlin-llega-motivado-a-valencia-para-luchar-por-la-eurocup\/","title":{"rendered":"El ALBA Berl\u00edn llega motivado a Valencia para luchar por la Eurocup"},"content":{"rendered":"<p><img loading=\"lazy\" decoding=\"async\" class=\"alignleft size-medium wp-image-1023981\" src=\"https:\/\/www.eldigitaldeasturias.com\/noticias\/wp-content\/uploads\/2019\/04\/basketball-3874579_960_720-360x240.jpg\" alt=\"\" width=\"360\" height=\"240\" srcset=\"https:\/\/www.eldigitaldeasturias.com\/noticias\/wp-content\/uploads\/2019\/04\/basketball-3874579_960_720-360x240.jpg 360w, https:\/\/www.eldigitaldeasturias.com\/noticias\/wp-content\/uploads\/2019\/04\/basketball-3874579_960_720-768x512.jpg 768w, https:\/\/www.eldigitaldeasturias.com\/noticias\/wp-content\/uploads\/2019\/04\/basketball-3874579_960_720-650x433.jpg 650w, https:\/\/www.eldigitaldeasturias.com\/noticias\/wp-content\/uploads\/2019\/04\/basketball-3874579_960_720.jpg 960w\" sizes=\"auto, (max-width: 360px) 100vw, 360px\" \/>Berl\u00edn, 14 abr (dpa) &#8211; El equipo germano de baloncesto ALBA Berl\u00edn se siente en ventaja psicol\u00f3gica antes de disputar ma\u00f1ana el partido decisivo frente al Valencia Basket en la final de la Eurocup que le puede dar su primer t\u00edtulo internacional en 24 a\u00f1os.<\/p>\n<p>Antes del tercer encuentro de la final del lunes ante los espa\u00f1oles, el capit\u00e1n del ALBA, Niels Giffey, consider\u00f3: \u00abEllos tienen la presi\u00f3n de tener que ganar en casa\u00bb.<\/p>\n<p>Alba Berl\u00edn venci\u00f3 de manera dram\u00e1tica al Valencia Basket el viernes pasado por 95-92, con lo que llev\u00f3 la definici\u00f3n de la serie a la modalidad \u00abBest of Three\u00bb.<\/p>\n<p>\u00abVamos con conciencia al partido de que ser\u00e1 una verdadera final\u00bb, coment\u00f3 Giffey antes del encuentro decisivo en la ciudad de la costa mediterr\u00e1nea espa\u00f1ola.<\/p>\n<p>Para ALBA se tratar\u00eda de su primer t\u00edtulo en una Eurocup, el segundo torneo internacional m\u00e1s importante a nivel de clubes europeos, as\u00ed como el primer \u00e9xito internacional cosechado desde la Copa Korac en 1995. Asimismo, se convertir\u00eda en el mayor triunfo de un club de baloncesto alem\u00e1n.<\/p>\n<p>Pero los berlineses aguardan una dura batalla. \u00abValencia tiene tantas armas. Si pueden armar su juego ser\u00e1 muy dif\u00edcil para nosotros. Casi como una &#8216;Mission Impossible'\u00bb, advirti\u00f3 el m\u00e1nager de los berlineses, Marco Baldi.<\/p>\n<p>Sin embargo, el ALBA se ve alentado por la mejora registrada entre el primer y el segundo partido de la serie. Por ejemplo, los alemanes tuvieron claramente menos problemas con los rebotes, que hab\u00edan tenido fuerte incidencia en la definici\u00f3n del partido en Valencia.<\/p>\n<p>De todas maneras, \u00abhay mucho que debemos hacer mejor\u00bb, coment\u00f3 el base island\u00e9s Martin Hermannsson.<\/p>\n<p>El equipo de Berl\u00edn cay\u00f3 con claridad en Espa\u00f1a por 89-75 en el primer encuentro de la serie. Pero luego de su victoria en casa, el ALBA se siente nuevamente fortalecido.<\/p>\n<p>\u00abNaturalmente eso ayud\u00f3 para volver a construir la seguridad en uno mismo\u00bb, coment\u00f3 Hermannsson. Al menos los berlineses saben ahora lo que les espera el lunes.<\/p>\n<p>Por Nicolas Sowa (dpa)<\/p>\n","protected":false},"excerpt":{"rendered":"<p>Berl\u00edn, 14 abr (dpa) &#8211; El equipo germano de baloncesto ALBA Berl\u00edn se siente en ventaja psicol\u00f3gica antes de disputar ma\u00f1ana el partido decisivo frente al Valencia Basket en la final de la Eurocup que le puede dar su primer t\u00edtulo internacional en 24 a\u00f1os. Antes del tercer encuentro de la final del lunes ante [&hellip;]<\/p>\n","protected":false},"author":1,"featured_media":1023981,"comment_status":"closed","ping_status":"closed","sticky":false,"template":"","format":"standard","meta":{"footnotes":""},"categories":[190],"tags":[],"class_list":["post-1023980","post","type-post","status-publish","format-standard","has-post-thumbnail","hentry","category-deportes"],"aioseo_notices":[],"aioseo_head":"\n\t\t<!-- All in One SEO Pro 4.9.6.2 - aioseo.com -->\n\t<meta name=\"description\" content=\"Berl\u00edn, 14 abr (dpa) - El equipo germano de baloncesto ALBA Berl\u00edn se siente en ventaja psicol\u00f3gica antes de disputar ma\u00f1ana el partido decisivo frente al Valencia Basket en la final de la Eurocup que le puede dar su primer t\u00edtulo internacional en 24 a\u00f1os. Antes del tercer encuentro de la final del lunes ante\" \/>\n\t<meta name=\"robots\" content=\"max-image-preview:large\" \/>\n\t<meta name=\"author\" content=\"El Digital de Asturias\"\/>\n\t<meta name=\"google-site-verification\" content=\"UA-38556648-1\" \/>\n\t<meta name=\"msvalidate.01\" content=\"7dfe9f3f1b24437ab69f4f2559babe99\" \/>\n\t<meta name=\"keywords\" content=\"deportes\" \/>\n\t<link rel=\"canonical\" href=\"https:\/\/www.eldigitaldeasturias.com\/noticias\/el-alba-berlin-llega-motivado-a-valencia-para-luchar-por-la-eurocup\/\" \/>\n\t<meta name=\"generator\" content=\"All in One SEO Pro (AIOSEO) 4.9.6.2\" \/>\n\t\t<meta property=\"og:locale\" content=\"es_ES\" \/>\n\t\t<meta property=\"og:site_name\" content=\"El Digital de Asturias\" \/>\n\t\t<meta property=\"og:type\" content=\"article\" \/>\n\t\t<meta property=\"og:title\" content=\"El ALBA Berl\u00edn llega motivado a Valencia para luchar por la Eurocup - El Digital de Asturias\" \/>\n\t\t<meta property=\"og:description\" content=\"Berl\u00edn, 14 abr (dpa) - El equipo germano de baloncesto ALBA Berl\u00edn se siente en ventaja psicol\u00f3gica antes de disputar ma\u00f1ana el partido decisivo frente al Valencia Basket en la final de la Eurocup que le puede dar su primer t\u00edtulo internacional en 24 a\u00f1os. Antes del tercer encuentro de la final del lunes ante\" \/>\n\t\t<meta property=\"og:url\" content=\"https:\/\/www.eldigitaldeasturias.com\/noticias\/el-alba-berlin-llega-motivado-a-valencia-para-luchar-por-la-eurocup\/\" \/>\n\t\t<meta property=\"og:image\" content=\"https:\/\/www.eldigitaldeasturias.com\/noticias\/wp-content\/uploads\/2019\/04\/basketball-3874579_960_720.jpg\" \/>\n\t\t<meta property=\"og:image:secure_url\" content=\"https:\/\/www.eldigitaldeasturias.com\/noticias\/wp-content\/uploads\/2019\/04\/basketball-3874579_960_720.jpg\" \/>\n\t\t<meta property=\"og:image:width\" content=\"960\" \/>\n\t\t<meta property=\"og:image:height\" content=\"640\" \/>\n\t\t<meta property=\"article:tag\" content=\"deportes\" \/>\n\t\t<meta property=\"article:published_time\" content=\"2019-04-14T20:10:04+00:00\" \/>\n\t\t<meta property=\"article:modified_time\" content=\"2019-04-14T20:10:04+00:00\" \/>\n\t\t<meta property=\"article:publisher\" content=\"https:\/\/facebook.com\/eldigitaldeasturias\" \/>\n\t\t<meta name=\"twitter:card\" content=\"summary_large_image\" \/>\n\t\t<meta name=\"twitter:title\" content=\"El ALBA Berl\u00edn llega motivado a Valencia para luchar por la Eurocup - El Digital de Asturias\" \/>\n\t\t<meta name=\"twitter:description\" content=\"Berl\u00edn, 14 abr (dpa) - El equipo germano de baloncesto ALBA Berl\u00edn se siente en ventaja psicol\u00f3gica antes de disputar ma\u00f1ana el partido decisivo frente al Valencia Basket en la final de la Eurocup que le puede dar su primer t\u00edtulo internacional en 24 a\u00f1os. Antes del tercer encuentro de la final del lunes ante\" \/>\n\t\t<meta name=\"twitter:image\" content=\"https:\/\/www.eldigitaldeasturias.com\/noticias\/wp-content\/uploads\/2019\/04\/basketball-3874579_960_720.jpg\" \/>\n\t\t<meta name=\"twitter:label1\" content=\"Escrito por\" \/>\n\t\t<meta name=\"twitter:data1\" content=\"El Digital de Asturias\" \/>\n\t\t<meta name=\"twitter:label2\" content=\"Tiempo de lectura estimado\" \/>\n\t\t<meta name=\"twitter:data2\" content=\"2 minutos\" \/>\n\t\t<script type=\"application\/ld+json\" class=\"aioseo-schema\">\n\t\t\t{\"@context\":\"https:\\\/\\\/schema.org\",\"@graph\":[{\"@type\":\"BlogPosting\",\"@id\":\"https:\\\/\\\/www.eldigitaldeasturias.com\\\/noticias\\\/el-alba-berlin-llega-motivado-a-valencia-para-luchar-por-la-eurocup\\\/#blogposting\",\"name\":\"El ALBA Berl\\u00edn llega motivado a Valencia para luchar por la Eurocup - El Digital de Asturias\",\"headline\":\"El ALBA Berl\\u00edn llega motivado a Valencia para luchar por la Eurocup\",\"author\":{\"@id\":\"https:\\\/\\\/www.eldigitaldeasturias.com\\\/noticias\\\/author\\\/admin\\\/#author\"},\"publisher\":{\"@id\":\"https:\\\/\\\/www.eldigitaldeasturias.com\\\/noticias\\\/#organization\"},\"image\":{\"@type\":\"ImageObject\",\"url\":\"https:\\\/\\\/www.eldigitaldeasturias.com\\\/noticias\\\/wp-content\\\/uploads\\\/2019\\\/04\\\/basketball-3874579_960_720.jpg\",\"width\":960,\"height\":640},\"datePublished\":\"2019-04-14T20:10:04+02:00\",\"dateModified\":\"2019-04-14T20:10:04+02:00\",\"inLanguage\":\"es-ES\",\"mainEntityOfPage\":{\"@id\":\"https:\\\/\\\/www.eldigitaldeasturias.com\\\/noticias\\\/el-alba-berlin-llega-motivado-a-valencia-para-luchar-por-la-eurocup\\\/#webpage\"},\"isPartOf\":{\"@id\":\"https:\\\/\\\/www.eldigitaldeasturias.com\\\/noticias\\\/el-alba-berlin-llega-motivado-a-valencia-para-luchar-por-la-eurocup\\\/#webpage\"},\"articleSection\":\"Deportes\"},{\"@type\":\"BreadcrumbList\",\"@id\":\"https:\\\/\\\/www.eldigitaldeasturias.com\\\/noticias\\\/el-alba-berlin-llega-motivado-a-valencia-para-luchar-por-la-eurocup\\\/#breadcrumblist\",\"itemListElement\":[{\"@type\":\"ListItem\",\"@id\":\"https:\\\/\\\/www.eldigitaldeasturias.com\\\/noticias#listItem\",\"position\":1,\"name\":\"Home\",\"item\":\"https:\\\/\\\/www.eldigitaldeasturias.com\\\/noticias\",\"nextItem\":{\"@type\":\"ListItem\",\"@id\":\"https:\\\/\\\/www.eldigitaldeasturias.com\\\/noticias\\\/category\\\/deportes\\\/#listItem\",\"name\":\"Deportes\"}},{\"@type\":\"ListItem\",\"@id\":\"https:\\\/\\\/www.eldigitaldeasturias.com\\\/noticias\\\/category\\\/deportes\\\/#listItem\",\"position\":2,\"name\":\"Deportes\",\"item\":\"https:\\\/\\\/www.eldigitaldeasturias.com\\\/noticias\\\/category\\\/deportes\\\/\",\"nextItem\":{\"@type\":\"ListItem\",\"@id\":\"https:\\\/\\\/www.eldigitaldeasturias.com\\\/noticias\\\/el-alba-berlin-llega-motivado-a-valencia-para-luchar-por-la-eurocup\\\/#listItem\",\"name\":\"El ALBA Berl\\u00edn llega motivado a Valencia para luchar por la Eurocup\"},\"previousItem\":{\"@type\":\"ListItem\",\"@id\":\"https:\\\/\\\/www.eldigitaldeasturias.com\\\/noticias#listItem\",\"name\":\"Home\"}},{\"@type\":\"ListItem\",\"@id\":\"https:\\\/\\\/www.eldigitaldeasturias.com\\\/noticias\\\/el-alba-berlin-llega-motivado-a-valencia-para-luchar-por-la-eurocup\\\/#listItem\",\"position\":3,\"name\":\"El ALBA Berl\\u00edn llega motivado a Valencia para luchar por la Eurocup\",\"previousItem\":{\"@type\":\"ListItem\",\"@id\":\"https:\\\/\\\/www.eldigitaldeasturias.com\\\/noticias\\\/category\\\/deportes\\\/#listItem\",\"name\":\"Deportes\"}}]},{\"@type\":\"Organization\",\"@id\":\"https:\\\/\\\/www.eldigitaldeasturias.com\\\/noticias\\\/#organization\",\"name\":\"El Digital de Asturias\",\"description\":\"Hemeroteca\",\"url\":\"https:\\\/\\\/www.eldigitaldeasturias.com\\\/noticias\\\/\",\"email\":\"info@eldigitaldeasturias.com\",\"telephone\":\"+34652131393\",\"logo\":{\"@type\":\"ImageObject\",\"url\":\"https:\\\/\\\/www.eldigitaldeasturias.com\\\/noticias\\\/wp-content\\\/uploads\\\/2020\\\/12\\\/EDA.jpg\",\"@id\":\"https:\\\/\\\/www.eldigitaldeasturias.com\\\/noticias\\\/el-alba-berlin-llega-motivado-a-valencia-para-luchar-por-la-eurocup\\\/#organizationLogo\",\"width\":649,\"height\":297},\"image\":{\"@id\":\"https:\\\/\\\/www.eldigitaldeasturias.com\\\/noticias\\\/el-alba-berlin-llega-motivado-a-valencia-para-luchar-por-la-eurocup\\\/#organizationLogo\"},\"sameAs\":[\"https:\\\/\\\/facebook.com\\\/eldigitaldeasturias\",\"https:\\\/\\\/www.youtube.com\\\/channel\\\/UCZP-2wLEB9Rv6erhFmqVnvg\"],\"address\":{\"@id\":\"https:\\\/\\\/www.eldigitaldeasturias.com\\\/noticias\\\/#postaladdress\",\"@type\":\"PostalAddress\",\"streetAddress\":\"san antonio 4,\",\"postalCode\":\"33430\",\"addressLocality\":\"Cand\\u00e1s\",\"addressRegion\":\"Asturias\",\"addressCountry\":\"ES\"}},{\"@type\":\"Person\",\"@id\":\"https:\\\/\\\/www.eldigitaldeasturias.com\\\/noticias\\\/author\\\/admin\\\/#author\",\"url\":\"https:\\\/\\\/www.eldigitaldeasturias.com\\\/noticias\\\/author\\\/admin\\\/\",\"name\":\"El Digital de Asturias\",\"image\":{\"@type\":\"ImageObject\",\"@id\":\"https:\\\/\\\/www.eldigitaldeasturias.com\\\/noticias\\\/el-alba-berlin-llega-motivado-a-valencia-para-luchar-por-la-eurocup\\\/#authorImage\",\"url\":\"https:\\\/\\\/www.eldigitaldeasturias.com\\\/noticias\\\/wp-content\\\/litespeed\\\/avatar\\\/18677e78aa0546b92d9dbf31ec7d7668.jpg?ver=1777290358\",\"width\":96,\"height\":96,\"caption\":\"El Digital de Asturias\"}},{\"@type\":\"WebPage\",\"@id\":\"https:\\\/\\\/www.eldigitaldeasturias.com\\\/noticias\\\/el-alba-berlin-llega-motivado-a-valencia-para-luchar-por-la-eurocup\\\/#webpage\",\"url\":\"https:\\\/\\\/www.eldigitaldeasturias.com\\\/noticias\\\/el-alba-berlin-llega-motivado-a-valencia-para-luchar-por-la-eurocup\\\/\",\"name\":\"El ALBA Berl\\u00edn llega motivado a Valencia para luchar por la Eurocup - El Digital de Asturias\",\"description\":\"Berl\\u00edn, 14 abr (dpa) - El equipo germano de baloncesto ALBA Berl\\u00edn se siente en ventaja psicol\\u00f3gica antes de disputar ma\\u00f1ana el partido decisivo frente al Valencia Basket en la final de la Eurocup que le puede dar su primer t\\u00edtulo internacional en 24 a\\u00f1os. Antes del tercer encuentro de la final del lunes ante\",\"inLanguage\":\"es-ES\",\"isPartOf\":{\"@id\":\"https:\\\/\\\/www.eldigitaldeasturias.com\\\/noticias\\\/#website\"},\"breadcrumb\":{\"@id\":\"https:\\\/\\\/www.eldigitaldeasturias.com\\\/noticias\\\/el-alba-berlin-llega-motivado-a-valencia-para-luchar-por-la-eurocup\\\/#breadcrumblist\"},\"author\":{\"@id\":\"https:\\\/\\\/www.eldigitaldeasturias.com\\\/noticias\\\/author\\\/admin\\\/#author\"},\"creator\":{\"@id\":\"https:\\\/\\\/www.eldigitaldeasturias.com\\\/noticias\\\/author\\\/admin\\\/#author\"},\"image\":{\"@type\":\"ImageObject\",\"url\":\"https:\\\/\\\/www.eldigitaldeasturias.com\\\/noticias\\\/wp-content\\\/uploads\\\/2019\\\/04\\\/basketball-3874579_960_720.jpg\",\"@id\":\"https:\\\/\\\/www.eldigitaldeasturias.com\\\/noticias\\\/el-alba-berlin-llega-motivado-a-valencia-para-luchar-por-la-eurocup\\\/#mainImage\",\"width\":960,\"height\":640},\"primaryImageOfPage\":{\"@id\":\"https:\\\/\\\/www.eldigitaldeasturias.com\\\/noticias\\\/el-alba-berlin-llega-motivado-a-valencia-para-luchar-por-la-eurocup\\\/#mainImage\"},\"datePublished\":\"2019-04-14T20:10:04+02:00\",\"dateModified\":\"2019-04-14T20:10:04+02:00\"},{\"@type\":\"WebSite\",\"@id\":\"https:\\\/\\\/www.eldigitaldeasturias.com\\\/noticias\\\/#website\",\"url\":\"https:\\\/\\\/www.eldigitaldeasturias.com\\\/noticias\\\/\",\"name\":\"El Digital de Asturias - Diario de actualidad y noticias\",\"alternateName\":\"El Digital de Asturias - Diario de actualidad y noticias\",\"description\":\"Hemeroteca\",\"inLanguage\":\"es-ES\",\"publisher\":{\"@id\":\"https:\\\/\\\/www.eldigitaldeasturias.com\\\/noticias\\\/#organization\"}}]}\n\t\t<\/script>\n\t\t<!-- All in One SEO Pro -->\r\n\t\t<title>El ALBA Berl\u00edn llega motivado a Valencia para luchar por la Eurocup - El Digital de Asturias<\/title>\n\n","aioseo_head_json":{"title":"El ALBA Berl\u00edn llega motivado a Valencia para luchar por la Eurocup - El Digital de Asturias","description":"Berl\u00edn, 14 abr (dpa) - El equipo germano de baloncesto ALBA Berl\u00edn se siente en ventaja psicol\u00f3gica antes de disputar ma\u00f1ana el partido decisivo frente al Valencia Basket en la final de la Eurocup que le puede dar su primer t\u00edtulo internacional en 24 a\u00f1os. Antes del tercer encuentro de la final del lunes ante","canonical_url":"https:\/\/www.eldigitaldeasturias.com\/noticias\/el-alba-berlin-llega-motivado-a-valencia-para-luchar-por-la-eurocup\/","robots":"max-image-preview:large","keywords":"deportes","webmasterTools":{"google-site-verification":"UA-38556648-1","msvalidate.01":"7dfe9f3f1b24437ab69f4f2559babe99","miscellaneous":""},"schema":{"@context":"https:\/\/schema.org","@graph":[{"@type":"BlogPosting","@id":"https:\/\/www.eldigitaldeasturias.com\/noticias\/el-alba-berlin-llega-motivado-a-valencia-para-luchar-por-la-eurocup\/#blogposting","name":"El ALBA Berl\u00edn llega motivado a Valencia para luchar por la Eurocup - El Digital de Asturias","headline":"El ALBA Berl\u00edn llega motivado a Valencia para luchar por la Eurocup","author":{"@id":"https:\/\/www.eldigitaldeasturias.com\/noticias\/author\/admin\/#author"},"publisher":{"@id":"https:\/\/www.eldigitaldeasturias.com\/noticias\/#organization"},"image":{"@type":"ImageObject","url":"https:\/\/www.eldigitaldeasturias.com\/noticias\/wp-content\/uploads\/2019\/04\/basketball-3874579_960_720.jpg","width":960,"height":640},"datePublished":"2019-04-14T20:10:04+02:00","dateModified":"2019-04-14T20:10:04+02:00","inLanguage":"es-ES","mainEntityOfPage":{"@id":"https:\/\/www.eldigitaldeasturias.com\/noticias\/el-alba-berlin-llega-motivado-a-valencia-para-luchar-por-la-eurocup\/#webpage"},"isPartOf":{"@id":"https:\/\/www.eldigitaldeasturias.com\/noticias\/el-alba-berlin-llega-motivado-a-valencia-para-luchar-por-la-eurocup\/#webpage"},"articleSection":"Deportes"},{"@type":"BreadcrumbList","@id":"https:\/\/www.eldigitaldeasturias.com\/noticias\/el-alba-berlin-llega-motivado-a-valencia-para-luchar-por-la-eurocup\/#breadcrumblist","itemListElement":[{"@type":"ListItem","@id":"https:\/\/www.eldigitaldeasturias.com\/noticias#listItem","position":1,"name":"Home","item":"https:\/\/www.eldigitaldeasturias.com\/noticias","nextItem":{"@type":"ListItem","@id":"https:\/\/www.eldigitaldeasturias.com\/noticias\/category\/deportes\/#listItem","name":"Deportes"}},{"@type":"ListItem","@id":"https:\/\/www.eldigitaldeasturias.com\/noticias\/category\/deportes\/#listItem","position":2,"name":"Deportes","item":"https:\/\/www.eldigitaldeasturias.com\/noticias\/category\/deportes\/","nextItem":{"@type":"ListItem","@id":"https:\/\/www.eldigitaldeasturias.com\/noticias\/el-alba-berlin-llega-motivado-a-valencia-para-luchar-por-la-eurocup\/#listItem","name":"El ALBA Berl\u00edn llega motivado a Valencia para luchar por la Eurocup"},"previousItem":{"@type":"ListItem","@id":"https:\/\/www.eldigitaldeasturias.com\/noticias#listItem","name":"Home"}},{"@type":"ListItem","@id":"https:\/\/www.eldigitaldeasturias.com\/noticias\/el-alba-berlin-llega-motivado-a-valencia-para-luchar-por-la-eurocup\/#listItem","position":3,"name":"El ALBA Berl\u00edn llega motivado a Valencia para luchar por la Eurocup","previousItem":{"@type":"ListItem","@id":"https:\/\/www.eldigitaldeasturias.com\/noticias\/category\/deportes\/#listItem","name":"Deportes"}}]},{"@type":"Organization","@id":"https:\/\/www.eldigitaldeasturias.com\/noticias\/#organization","name":"El Digital de Asturias","description":"Hemeroteca","url":"https:\/\/www.eldigitaldeasturias.com\/noticias\/","email":"info@eldigitaldeasturias.com","telephone":"+34652131393","logo":{"@type":"ImageObject","url":"https:\/\/www.eldigitaldeasturias.com\/noticias\/wp-content\/uploads\/2020\/12\/EDA.jpg","@id":"https:\/\/www.eldigitaldeasturias.com\/noticias\/el-alba-berlin-llega-motivado-a-valencia-para-luchar-por-la-eurocup\/#organizationLogo","width":649,"height":297},"image":{"@id":"https:\/\/www.eldigitaldeasturias.com\/noticias\/el-alba-berlin-llega-motivado-a-valencia-para-luchar-por-la-eurocup\/#organizationLogo"},"sameAs":["https:\/\/facebook.com\/eldigitaldeasturias","https:\/\/www.youtube.com\/channel\/UCZP-2wLEB9Rv6erhFmqVnvg"],"address":{"@id":"https:\/\/www.eldigitaldeasturias.com\/noticias\/#postaladdress","@type":"PostalAddress","streetAddress":"san antonio 4,","postalCode":"33430","addressLocality":"Cand\u00e1s","addressRegion":"Asturias","addressCountry":"ES"}},{"@type":"Person","@id":"https:\/\/www.eldigitaldeasturias.com\/noticias\/author\/admin\/#author","url":"https:\/\/www.eldigitaldeasturias.com\/noticias\/author\/admin\/","name":"El Digital de Asturias","image":{"@type":"ImageObject","@id":"https:\/\/www.eldigitaldeasturias.com\/noticias\/el-alba-berlin-llega-motivado-a-valencia-para-luchar-por-la-eurocup\/#authorImage","url":"https:\/\/www.eldigitaldeasturias.com\/noticias\/wp-content\/litespeed\/avatar\/18677e78aa0546b92d9dbf31ec7d7668.jpg?ver=1777290358","width":96,"height":96,"caption":"El Digital de Asturias"}},{"@type":"WebPage","@id":"https:\/\/www.eldigitaldeasturias.com\/noticias\/el-alba-berlin-llega-motivado-a-valencia-para-luchar-por-la-eurocup\/#webpage","url":"https:\/\/www.eldigitaldeasturias.com\/noticias\/el-alba-berlin-llega-motivado-a-valencia-para-luchar-por-la-eurocup\/","name":"El ALBA Berl\u00edn llega motivado a Valencia para luchar por la Eurocup - El Digital de Asturias","description":"Berl\u00edn, 14 abr (dpa) - El equipo germano de baloncesto ALBA Berl\u00edn se siente en ventaja psicol\u00f3gica antes de disputar ma\u00f1ana el partido decisivo frente al Valencia Basket en la final de la Eurocup que le puede dar su primer t\u00edtulo internacional en 24 a\u00f1os. Antes del tercer encuentro de la final del lunes ante","inLanguage":"es-ES","isPartOf":{"@id":"https:\/\/www.eldigitaldeasturias.com\/noticias\/#website"},"breadcrumb":{"@id":"https:\/\/www.eldigitaldeasturias.com\/noticias\/el-alba-berlin-llega-motivado-a-valencia-para-luchar-por-la-eurocup\/#breadcrumblist"},"author":{"@id":"https:\/\/www.eldigitaldeasturias.com\/noticias\/author\/admin\/#author"},"creator":{"@id":"https:\/\/www.eldigitaldeasturias.com\/noticias\/author\/admin\/#author"},"image":{"@type":"ImageObject","url":"https:\/\/www.eldigitaldeasturias.com\/noticias\/wp-content\/uploads\/2019\/04\/basketball-3874579_960_720.jpg","@id":"https:\/\/www.eldigitaldeasturias.com\/noticias\/el-alba-berlin-llega-motivado-a-valencia-para-luchar-por-la-eurocup\/#mainImage","width":960,"height":640},"primaryImageOfPage":{"@id":"https:\/\/www.eldigitaldeasturias.com\/noticias\/el-alba-berlin-llega-motivado-a-valencia-para-luchar-por-la-eurocup\/#mainImage"},"datePublished":"2019-04-14T20:10:04+02:00","dateModified":"2019-04-14T20:10:04+02:00"},{"@type":"WebSite","@id":"https:\/\/www.eldigitaldeasturias.com\/noticias\/#website","url":"https:\/\/www.eldigitaldeasturias.com\/noticias\/","name":"El Digital de Asturias - Diario de actualidad y noticias","alternateName":"El Digital de Asturias - Diario de actualidad y noticias","description":"Hemeroteca","inLanguage":"es-ES","publisher":{"@id":"https:\/\/www.eldigitaldeasturias.com\/noticias\/#organization"}}]},"og:locale":"es_ES","og:site_name":"El Digital de Asturias","og:type":"article","og:title":"El ALBA Berl\u00edn llega motivado a Valencia para luchar por la Eurocup - El Digital de Asturias","og:description":"Berl\u00edn, 14 abr (dpa) - El equipo germano de baloncesto ALBA Berl\u00edn se siente en ventaja psicol\u00f3gica antes de disputar ma\u00f1ana el partido decisivo frente al Valencia Basket en la final de la Eurocup que le puede dar su primer t\u00edtulo internacional en 24 a\u00f1os. Antes del tercer encuentro de la final del lunes ante","og:url":"https:\/\/www.eldigitaldeasturias.com\/noticias\/el-alba-berlin-llega-motivado-a-valencia-para-luchar-por-la-eurocup\/","og:image":"https:\/\/www.eldigitaldeasturias.com\/noticias\/wp-content\/uploads\/2019\/04\/basketball-3874579_960_720.jpg","og:image:secure_url":"https:\/\/www.eldigitaldeasturias.com\/noticias\/wp-content\/uploads\/2019\/04\/basketball-3874579_960_720.jpg","og:image:width":960,"og:image:height":640,"article:tag":["deportes"],"article:published_time":"2019-04-14T20:10:04+00:00","article:modified_time":"2019-04-14T20:10:04+00:00","article:publisher":"https:\/\/facebook.com\/eldigitaldeasturias","twitter:card":"summary_large_image","twitter:title":"El ALBA Berl\u00edn llega motivado a Valencia para luchar por la Eurocup - El Digital de Asturias","twitter:description":"Berl\u00edn, 14 abr (dpa) - El equipo germano de baloncesto ALBA Berl\u00edn se siente en ventaja psicol\u00f3gica antes de disputar ma\u00f1ana el partido decisivo frente al Valencia Basket en la final de la Eurocup que le puede dar su primer t\u00edtulo internacional en 24 a\u00f1os. Antes del tercer encuentro de la final del lunes ante","twitter:image":"https:\/\/www.eldigitaldeasturias.com\/noticias\/wp-content\/uploads\/2019\/04\/basketball-3874579_960_720.jpg","twitter:label1":"Escrito por","twitter:data1":"El Digital de Asturias","twitter:label2":"Tiempo de lectura estimado","twitter:data2":"2 minutos"},"aioseo_meta_data":{"post_id":"1023980","title":null,"description":null,"keywords":null,"keyphrases":null,"primary_term":null,"canonical_url":null,"og_title":null,"og_description":null,"og_object_type":"default","og_image_type":"default","og_image_url":null,"og_image_width":null,"og_image_height":null,"og_image_custom_url":null,"og_image_custom_fields":null,"og_video":null,"og_custom_url":null,"og_article_section":null,"og_article_tags":null,"twitter_use_og":false,"twitter_card":"default","twitter_image_type":"default","twitter_image_url":null,"twitter_image_custom_url":null,"twitter_image_custom_fields":null,"twitter_title":null,"twitter_description":null,"schema":{"blockGraphs":[],"customGraphs":[],"default":{"data":{"Article":[],"Course":[],"Dataset":[],"FAQPage":[],"Movie":[],"Person":[],"Product":[],"ProductReview":[],"Car":[],"Recipe":[],"Service":[],"SoftwareApplication":[],"WebPage":[]},"graphName":"","isEnabled":true},"graphs":[],"defaultGraph":"","defaultPostTypeGraph":""},"schema_type":null,"schema_type_options":null,"pillar_content":false,"robots_default":true,"robots_noindex":false,"robots_noarchive":false,"robots_nosnippet":false,"robots_nofollow":false,"robots_noimageindex":false,"robots_noodp":false,"robots_notranslate":false,"robots_max_snippet":null,"robots_max_videopreview":null,"robots_max_imagepreview":"large","priority":null,"frequency":null,"local_seo":null,"seo_analyzer_scan_date":"2025-10-17 15:41:09","breadcrumb_settings":null,"limit_modified_date":false,"open_ai":null,"ai":null,"created":"2020-12-21 11:15:05","updated":"2025-10-17 15:41:09"},"aioseo_breadcrumb":"<div class=\"aioseo-breadcrumbs\"><span class=\"aioseo-breadcrumb\">\n\t<a href=\"https:\/\/www.eldigitaldeasturias.com\/noticias\" title=\"Home\">Home<\/a>\n<\/span><span class=\"aioseo-breadcrumb-separator\">\u2013<\/span><span class=\"aioseo-breadcrumb\">\n\t<a href=\"https:\/\/www.eldigitaldeasturias.com\/noticias\/category\/deportes\/\" title=\"Deportes\">Deportes<\/a>\n<\/span><span class=\"aioseo-breadcrumb-separator\">\u2013<\/span><span class=\"aioseo-breadcrumb\">\n\t<a href=\"https:\/\/www.eldigitaldeasturias.com\/noticias\/el-alba-berlin-llega-motivado-a-valencia-para-luchar-por-la-eurocup\/\" title=\"El ALBA Berl\u00edn llega motivado a Valencia para luchar por la Eurocup\">El ALBA Berl\u00edn llega motivado a Valencia para luchar por la Eurocup<\/a>\n<\/span><\/div>","aioseo_breadcrumb_json":[{"label":"Home","link":"https:\/\/www.eldigitaldeasturias.com\/noticias"},{"label":"Deportes","link":"https:\/\/www.eldigitaldeasturias.com\/noticias\/category\/deportes\/"},{"label":"El ALBA Berl\u00edn llega motivado a Valencia para luchar por la Eurocup","link":"https:\/\/www.eldigitaldeasturias.com\/noticias\/el-alba-berlin-llega-motivado-a-valencia-para-luchar-por-la-eurocup\/"}],"_links":{"self":[{"href":"https:\/\/www.eldigitaldeasturias.com\/noticias\/wp-json\/wp\/v2\/posts\/1023980","targetHints":{"allow":["GET"]}}],"collection":[{"href":"https:\/\/www.eldigitaldeasturias.com\/noticias\/wp-json\/wp\/v2\/posts"}],"about":[{"href":"https:\/\/www.eldigitaldeasturias.com\/noticias\/wp-json\/wp\/v2\/types\/post"}],"author":[{"embeddable":true,"href":"https:\/\/www.eldigitaldeasturias.com\/noticias\/wp-json\/wp\/v2\/users\/1"}],"replies":[{"embeddable":true,"href":"https:\/\/www.eldigitaldeasturias.com\/noticias\/wp-json\/wp\/v2\/comments?post=1023980"}],"version-history":[{"count":0,"href":"https:\/\/www.eldigitaldeasturias.com\/noticias\/wp-json\/wp\/v2\/posts\/1023980\/revisions"}],"wp:featuredmedia":[{"embeddable":true,"href":"https:\/\/www.eldigitaldeasturias.com\/noticias\/wp-json\/wp\/v2\/media\/1023981"}],"wp:attachment":[{"href":"https:\/\/www.eldigitaldeasturias.com\/noticias\/wp-json\/wp\/v2\/media?parent=1023980"}],"wp:term":[{"taxonomy":"category","embeddable":true,"href":"https:\/\/www.eldigitaldeasturias.com\/noticias\/wp-json\/wp\/v2\/categories?post=1023980"},{"taxonomy":"post_tag","embeddable":true,"href":"https:\/\/www.eldigitaldeasturias.com\/noticias\/wp-json\/wp\/v2\/tags?post=1023980"}],"curies":[{"name":"wp","href":"https:\/\/api.w.org\/{rel}","templated":true}]}}