{"id":1023974,"date":"2019-04-14T20:03:19","date_gmt":"2019-04-14T20:03:19","guid":{"rendered":"https:\/\/www.eldigitaldeasturias.com\/noticias\/?p=1023974"},"modified":"2019-04-14T20:03:19","modified_gmt":"2019-04-14T20:03:19","slug":"joshua-kimmich-defiende-al-entrenador-del-bayern-tras-las-criticas","status":"publish","type":"post","link":"https:\/\/www.eldigitaldeasturias.com\/noticias\/joshua-kimmich-defiende-al-entrenador-del-bayern-tras-las-criticas\/","title":{"rendered":"Joshua Kimmich defiende al entrenador del Bayern tras las cr\u00edticas"},"content":{"rendered":"<p><img loading=\"lazy\" decoding=\"async\" class=\"alignleft size-medium wp-image-977427\" src=\"https:\/\/www.eldigitaldeasturias.com\/noticias\/wp-content\/uploads\/2018\/04\/arena-1181668_960_720-360x240.jpg\" alt=\"\" width=\"360\" height=\"240\" srcset=\"https:\/\/www.eldigitaldeasturias.com\/noticias\/wp-content\/uploads\/2018\/04\/arena-1181668_960_720-360x240.jpg 360w, https:\/\/www.eldigitaldeasturias.com\/noticias\/wp-content\/uploads\/2018\/04\/arena-1181668_960_720-450x300.jpg 450w, https:\/\/www.eldigitaldeasturias.com\/noticias\/wp-content\/uploads\/2018\/04\/arena-1181668_960_720-768x512.jpg 768w, https:\/\/www.eldigitaldeasturias.com\/noticias\/wp-content\/uploads\/2018\/04\/arena-1181668_960_720-690x460.jpg 690w, https:\/\/www.eldigitaldeasturias.com\/noticias\/wp-content\/uploads\/2018\/04\/arena-1181668_960_720-20x13.jpg 20w, https:\/\/www.eldigitaldeasturias.com\/noticias\/wp-content\/uploads\/2018\/04\/arena-1181668_960_720.jpg 960w\" sizes=\"auto, (max-width: 360px) 100vw, 360px\" \/>M\u00fanich, 14 abr (dpa) &#8211; El futbolista del Bayern M\u00fanich Joshua Kimmich defendi\u00f3 a su entrenador Niko Kovac contra las cr\u00edticas vertidas por su estilo de juego, explic\u00f3 el jugador al dominical \u00abWelt am Sonntag\u00bb en su edici\u00f3n de hoy.<\/p>\n<p>\u00abAl principio se dijo: \u00a1Es el entrenador perfecto! Al comienzo de la temporada ganamos los partidos con mucha soltura. Despu\u00e9s, en varias ocasiones fuimos demasiado descuidados. Hubo muchos errores individuales, por los que el entrenador no puede responder\u00bb, indic\u00f3 el internacional germano.<\/p>\n<p>\u00abTenemos el mejor equipo y por ello se espera de nosotros que arrasemos en la Liga. Se nos exige el m\u00e1ximo. Como entrenador y como jugador del Bayern hay que saber lidiar con eso\u00bb, se\u00f1al\u00f3 Kimmich al peri\u00f3dico alem\u00e1n.<\/p>\n<p>El jugador se mostr\u00f3 autocr\u00edtico y se\u00f1al\u00f3 que, en muchos partidos, el equipo no consigui\u00f3 mostrar la calidad necesaria en la cancha.<\/p>\n<p>\u00abDesafortunadamente concedimos muchos goles esta temporada. El Bayern tambi\u00e9n es sin\u00f3nimo de un f\u00fatbol que es sorprendente y din\u00e1mico en el \u00faltimo tercio del terreno de juego, donde se dan acciones sorpresivas y pases especiales. Tambi\u00e9n esto lo hemos mostrado muy raramente\u00bb, enfatiz\u00f3 Kimmich.<\/p>\n","protected":false},"excerpt":{"rendered":"<p>M\u00fanich, 14 abr (dpa) &#8211; El futbolista del Bayern M\u00fanich Joshua Kimmich defendi\u00f3 a su entrenador Niko Kovac contra las cr\u00edticas vertidas por su estilo de juego, explic\u00f3 el jugador al dominical \u00abWelt am Sonntag\u00bb en su edici\u00f3n de hoy. \u00abAl principio se dijo: \u00a1Es el entrenador perfecto! Al comienzo de la temporada ganamos los [&hellip;]<\/p>\n","protected":false},"author":1,"featured_media":977427,"comment_status":"closed","ping_status":"closed","sticky":false,"template":"","format":"standard","meta":{"footnotes":""},"categories":[190],"tags":[],"class_list":["post-1023974","post","type-post","status-publish","format-standard","has-post-thumbnail","hentry","category-deportes"],"aioseo_notices":[],"aioseo_head":"\n\t\t<!-- All in One SEO Pro 4.9.6.2 - aioseo.com -->\n\t<meta name=\"description\" content=\"M\u00fanich, 14 abr (dpa) - El futbolista del Bayern M\u00fanich Joshua Kimmich defendi\u00f3 a su entrenador Niko Kovac contra las cr\u00edticas vertidas por su estilo de juego, explic\u00f3 el jugador al dominical &quot;Welt am Sonntag&quot; en su edici\u00f3n de hoy. &quot;Al principio se dijo: \u00a1Es el entrenador perfecto! Al comienzo de la temporada ganamos los\" \/>\n\t<meta name=\"robots\" content=\"max-image-preview:large\" \/>\n\t<meta name=\"author\" content=\"El Digital de Asturias\"\/>\n\t<meta name=\"google-site-verification\" content=\"UA-38556648-1\" \/>\n\t<meta name=\"msvalidate.01\" content=\"7dfe9f3f1b24437ab69f4f2559babe99\" \/>\n\t<meta name=\"keywords\" content=\"deportes\" \/>\n\t<link rel=\"canonical\" href=\"https:\/\/www.eldigitaldeasturias.com\/noticias\/joshua-kimmich-defiende-al-entrenador-del-bayern-tras-las-criticas\/\" \/>\n\t<meta name=\"generator\" content=\"All in One SEO Pro (AIOSEO) 4.9.6.2\" \/>\n\t\t<meta property=\"og:locale\" content=\"es_ES\" \/>\n\t\t<meta property=\"og:site_name\" content=\"El Digital de Asturias\" \/>\n\t\t<meta property=\"og:type\" content=\"article\" \/>\n\t\t<meta property=\"og:title\" content=\"Joshua Kimmich defiende al entrenador del Bayern tras las cr\u00edticas - El Digital de Asturias\" \/>\n\t\t<meta property=\"og:description\" content=\"M\u00fanich, 14 abr (dpa) - El futbolista del Bayern M\u00fanich Joshua Kimmich defendi\u00f3 a su entrenador Niko Kovac contra las cr\u00edticas vertidas por su estilo de juego, explic\u00f3 el jugador al dominical &quot;Welt am Sonntag&quot; en su edici\u00f3n de hoy. &quot;Al principio se dijo: \u00a1Es el entrenador perfecto! Al comienzo de la temporada ganamos los\" \/>\n\t\t<meta property=\"og:url\" content=\"https:\/\/www.eldigitaldeasturias.com\/noticias\/joshua-kimmich-defiende-al-entrenador-del-bayern-tras-las-criticas\/\" \/>\n\t\t<meta property=\"og:image\" content=\"https:\/\/www.eldigitaldeasturias.com\/noticias\/wp-content\/uploads\/2018\/04\/arena-1181668_960_720.jpg\" \/>\n\t\t<meta property=\"og:image:secure_url\" content=\"https:\/\/www.eldigitaldeasturias.com\/noticias\/wp-content\/uploads\/2018\/04\/arena-1181668_960_720.jpg\" \/>\n\t\t<meta property=\"og:image:width\" content=\"960\" \/>\n\t\t<meta property=\"og:image:height\" content=\"640\" \/>\n\t\t<meta property=\"article:tag\" content=\"deportes\" \/>\n\t\t<meta property=\"article:published_time\" content=\"2019-04-14T20:03:19+00:00\" \/>\n\t\t<meta property=\"article:modified_time\" content=\"2019-04-14T20:03:19+00:00\" \/>\n\t\t<meta property=\"article:publisher\" content=\"https:\/\/facebook.com\/eldigitaldeasturias\" \/>\n\t\t<meta name=\"twitter:card\" content=\"summary_large_image\" \/>\n\t\t<meta name=\"twitter:title\" content=\"Joshua Kimmich defiende al entrenador del Bayern tras las cr\u00edticas - El Digital de Asturias\" \/>\n\t\t<meta name=\"twitter:description\" content=\"M\u00fanich, 14 abr (dpa) - El futbolista del Bayern M\u00fanich Joshua Kimmich defendi\u00f3 a su entrenador Niko Kovac contra las cr\u00edticas vertidas por su estilo de juego, explic\u00f3 el jugador al dominical &quot;Welt am Sonntag&quot; en su edici\u00f3n de hoy. &quot;Al principio se dijo: \u00a1Es el entrenador perfecto! Al comienzo de la temporada ganamos los\" \/>\n\t\t<meta name=\"twitter:image\" content=\"https:\/\/www.eldigitaldeasturias.com\/noticias\/wp-content\/uploads\/2018\/04\/arena-1181668_960_720.jpg\" \/>\n\t\t<meta name=\"twitter:label1\" content=\"Escrito por\" \/>\n\t\t<meta name=\"twitter:data1\" content=\"El Digital de Asturias\" \/>\n\t\t<meta name=\"twitter:label2\" content=\"Tiempo de lectura estimado\" \/>\n\t\t<meta name=\"twitter:data2\" content=\"1 minuto\" \/>\n\t\t<script type=\"application\/ld+json\" class=\"aioseo-schema\">\n\t\t\t{\"@context\":\"https:\\\/\\\/schema.org\",\"@graph\":[{\"@type\":\"BlogPosting\",\"@id\":\"https:\\\/\\\/www.eldigitaldeasturias.com\\\/noticias\\\/joshua-kimmich-defiende-al-entrenador-del-bayern-tras-las-criticas\\\/#blogposting\",\"name\":\"Joshua Kimmich defiende al entrenador del Bayern tras las cr\\u00edticas - El Digital de Asturias\",\"headline\":\"Joshua Kimmich defiende al entrenador del Bayern tras las cr\\u00edticas\",\"author\":{\"@id\":\"https:\\\/\\\/www.eldigitaldeasturias.com\\\/noticias\\\/author\\\/admin\\\/#author\"},\"publisher\":{\"@id\":\"https:\\\/\\\/www.eldigitaldeasturias.com\\\/noticias\\\/#organization\"},\"image\":{\"@type\":\"ImageObject\",\"url\":\"https:\\\/\\\/www.eldigitaldeasturias.com\\\/noticias\\\/wp-content\\\/uploads\\\/2018\\\/04\\\/arena-1181668_960_720.jpg\",\"width\":960,\"height\":640},\"datePublished\":\"2019-04-14T20:03:19+02:00\",\"dateModified\":\"2019-04-14T20:03:19+02:00\",\"inLanguage\":\"es-ES\",\"mainEntityOfPage\":{\"@id\":\"https:\\\/\\\/www.eldigitaldeasturias.com\\\/noticias\\\/joshua-kimmich-defiende-al-entrenador-del-bayern-tras-las-criticas\\\/#webpage\"},\"isPartOf\":{\"@id\":\"https:\\\/\\\/www.eldigitaldeasturias.com\\\/noticias\\\/joshua-kimmich-defiende-al-entrenador-del-bayern-tras-las-criticas\\\/#webpage\"},\"articleSection\":\"Deportes\"},{\"@type\":\"BreadcrumbList\",\"@id\":\"https:\\\/\\\/www.eldigitaldeasturias.com\\\/noticias\\\/joshua-kimmich-defiende-al-entrenador-del-bayern-tras-las-criticas\\\/#breadcrumblist\",\"itemListElement\":[{\"@type\":\"ListItem\",\"@id\":\"https:\\\/\\\/www.eldigitaldeasturias.com\\\/noticias#listItem\",\"position\":1,\"name\":\"Home\",\"item\":\"https:\\\/\\\/www.eldigitaldeasturias.com\\\/noticias\",\"nextItem\":{\"@type\":\"ListItem\",\"@id\":\"https:\\\/\\\/www.eldigitaldeasturias.com\\\/noticias\\\/category\\\/deportes\\\/#listItem\",\"name\":\"Deportes\"}},{\"@type\":\"ListItem\",\"@id\":\"https:\\\/\\\/www.eldigitaldeasturias.com\\\/noticias\\\/category\\\/deportes\\\/#listItem\",\"position\":2,\"name\":\"Deportes\",\"item\":\"https:\\\/\\\/www.eldigitaldeasturias.com\\\/noticias\\\/category\\\/deportes\\\/\",\"nextItem\":{\"@type\":\"ListItem\",\"@id\":\"https:\\\/\\\/www.eldigitaldeasturias.com\\\/noticias\\\/joshua-kimmich-defiende-al-entrenador-del-bayern-tras-las-criticas\\\/#listItem\",\"name\":\"Joshua Kimmich defiende al entrenador del Bayern tras las cr\\u00edticas\"},\"previousItem\":{\"@type\":\"ListItem\",\"@id\":\"https:\\\/\\\/www.eldigitaldeasturias.com\\\/noticias#listItem\",\"name\":\"Home\"}},{\"@type\":\"ListItem\",\"@id\":\"https:\\\/\\\/www.eldigitaldeasturias.com\\\/noticias\\\/joshua-kimmich-defiende-al-entrenador-del-bayern-tras-las-criticas\\\/#listItem\",\"position\":3,\"name\":\"Joshua Kimmich defiende al entrenador del Bayern tras las cr\\u00edticas\",\"previousItem\":{\"@type\":\"ListItem\",\"@id\":\"https:\\\/\\\/www.eldigitaldeasturias.com\\\/noticias\\\/category\\\/deportes\\\/#listItem\",\"name\":\"Deportes\"}}]},{\"@type\":\"Organization\",\"@id\":\"https:\\\/\\\/www.eldigitaldeasturias.com\\\/noticias\\\/#organization\",\"name\":\"El Digital de Asturias\",\"description\":\"Hemeroteca\",\"url\":\"https:\\\/\\\/www.eldigitaldeasturias.com\\\/noticias\\\/\",\"email\":\"info@eldigitaldeasturias.com\",\"telephone\":\"+34652131393\",\"logo\":{\"@type\":\"ImageObject\",\"url\":\"https:\\\/\\\/www.eldigitaldeasturias.com\\\/noticias\\\/wp-content\\\/uploads\\\/2020\\\/12\\\/EDA.jpg\",\"@id\":\"https:\\\/\\\/www.eldigitaldeasturias.com\\\/noticias\\\/joshua-kimmich-defiende-al-entrenador-del-bayern-tras-las-criticas\\\/#organizationLogo\",\"width\":649,\"height\":297},\"image\":{\"@id\":\"https:\\\/\\\/www.eldigitaldeasturias.com\\\/noticias\\\/joshua-kimmich-defiende-al-entrenador-del-bayern-tras-las-criticas\\\/#organizationLogo\"},\"sameAs\":[\"https:\\\/\\\/facebook.com\\\/eldigitaldeasturias\",\"https:\\\/\\\/www.youtube.com\\\/channel\\\/UCZP-2wLEB9Rv6erhFmqVnvg\"],\"address\":{\"@id\":\"https:\\\/\\\/www.eldigitaldeasturias.com\\\/noticias\\\/#postaladdress\",\"@type\":\"PostalAddress\",\"streetAddress\":\"san antonio 4,\",\"postalCode\":\"33430\",\"addressLocality\":\"Cand\\u00e1s\",\"addressRegion\":\"Asturias\",\"addressCountry\":\"ES\"}},{\"@type\":\"Person\",\"@id\":\"https:\\\/\\\/www.eldigitaldeasturias.com\\\/noticias\\\/author\\\/admin\\\/#author\",\"url\":\"https:\\\/\\\/www.eldigitaldeasturias.com\\\/noticias\\\/author\\\/admin\\\/\",\"name\":\"El Digital de Asturias\",\"image\":{\"@type\":\"ImageObject\",\"@id\":\"https:\\\/\\\/www.eldigitaldeasturias.com\\\/noticias\\\/joshua-kimmich-defiende-al-entrenador-del-bayern-tras-las-criticas\\\/#authorImage\",\"url\":\"https:\\\/\\\/www.eldigitaldeasturias.com\\\/noticias\\\/wp-content\\\/litespeed\\\/avatar\\\/18677e78aa0546b92d9dbf31ec7d7668.jpg?ver=1777290358\",\"width\":96,\"height\":96,\"caption\":\"El Digital de Asturias\"}},{\"@type\":\"WebPage\",\"@id\":\"https:\\\/\\\/www.eldigitaldeasturias.com\\\/noticias\\\/joshua-kimmich-defiende-al-entrenador-del-bayern-tras-las-criticas\\\/#webpage\",\"url\":\"https:\\\/\\\/www.eldigitaldeasturias.com\\\/noticias\\\/joshua-kimmich-defiende-al-entrenador-del-bayern-tras-las-criticas\\\/\",\"name\":\"Joshua Kimmich defiende al entrenador del Bayern tras las cr\\u00edticas - El Digital de Asturias\",\"description\":\"M\\u00fanich, 14 abr (dpa) - El futbolista del Bayern M\\u00fanich Joshua Kimmich defendi\\u00f3 a su entrenador Niko Kovac contra las cr\\u00edticas vertidas por su estilo de juego, explic\\u00f3 el jugador al dominical \\\"Welt am Sonntag\\\" en su edici\\u00f3n de hoy. \\\"Al principio se dijo: \\u00a1Es el entrenador perfecto! Al comienzo de la temporada ganamos los\",\"inLanguage\":\"es-ES\",\"isPartOf\":{\"@id\":\"https:\\\/\\\/www.eldigitaldeasturias.com\\\/noticias\\\/#website\"},\"breadcrumb\":{\"@id\":\"https:\\\/\\\/www.eldigitaldeasturias.com\\\/noticias\\\/joshua-kimmich-defiende-al-entrenador-del-bayern-tras-las-criticas\\\/#breadcrumblist\"},\"author\":{\"@id\":\"https:\\\/\\\/www.eldigitaldeasturias.com\\\/noticias\\\/author\\\/admin\\\/#author\"},\"creator\":{\"@id\":\"https:\\\/\\\/www.eldigitaldeasturias.com\\\/noticias\\\/author\\\/admin\\\/#author\"},\"image\":{\"@type\":\"ImageObject\",\"url\":\"https:\\\/\\\/www.eldigitaldeasturias.com\\\/noticias\\\/wp-content\\\/uploads\\\/2018\\\/04\\\/arena-1181668_960_720.jpg\",\"@id\":\"https:\\\/\\\/www.eldigitaldeasturias.com\\\/noticias\\\/joshua-kimmich-defiende-al-entrenador-del-bayern-tras-las-criticas\\\/#mainImage\",\"width\":960,\"height\":640},\"primaryImageOfPage\":{\"@id\":\"https:\\\/\\\/www.eldigitaldeasturias.com\\\/noticias\\\/joshua-kimmich-defiende-al-entrenador-del-bayern-tras-las-criticas\\\/#mainImage\"},\"datePublished\":\"2019-04-14T20:03:19+02:00\",\"dateModified\":\"2019-04-14T20:03:19+02:00\"},{\"@type\":\"WebSite\",\"@id\":\"https:\\\/\\\/www.eldigitaldeasturias.com\\\/noticias\\\/#website\",\"url\":\"https:\\\/\\\/www.eldigitaldeasturias.com\\\/noticias\\\/\",\"name\":\"El Digital de Asturias - Diario de actualidad y noticias\",\"alternateName\":\"El Digital de Asturias - Diario de actualidad y noticias\",\"description\":\"Hemeroteca\",\"inLanguage\":\"es-ES\",\"publisher\":{\"@id\":\"https:\\\/\\\/www.eldigitaldeasturias.com\\\/noticias\\\/#organization\"}}]}\n\t\t<\/script>\n\t\t<!-- All in One SEO Pro -->\r\n\t\t<title>Joshua Kimmich defiende al entrenador del Bayern tras las cr\u00edticas - El Digital de Asturias<\/title>\n\n","aioseo_head_json":{"title":"Joshua Kimmich defiende al entrenador del Bayern tras las cr\u00edticas - El Digital de Asturias","description":"M\u00fanich, 14 abr (dpa) - El futbolista del Bayern M\u00fanich Joshua Kimmich defendi\u00f3 a su entrenador Niko Kovac contra las cr\u00edticas vertidas por su estilo de juego, explic\u00f3 el jugador al dominical \"Welt am Sonntag\" en su edici\u00f3n de hoy. \"Al principio se dijo: \u00a1Es el entrenador perfecto! Al comienzo de la temporada ganamos los","canonical_url":"https:\/\/www.eldigitaldeasturias.com\/noticias\/joshua-kimmich-defiende-al-entrenador-del-bayern-tras-las-criticas\/","robots":"max-image-preview:large","keywords":"deportes","webmasterTools":{"google-site-verification":"UA-38556648-1","msvalidate.01":"7dfe9f3f1b24437ab69f4f2559babe99","miscellaneous":""},"schema":{"@context":"https:\/\/schema.org","@graph":[{"@type":"BlogPosting","@id":"https:\/\/www.eldigitaldeasturias.com\/noticias\/joshua-kimmich-defiende-al-entrenador-del-bayern-tras-las-criticas\/#blogposting","name":"Joshua Kimmich defiende al entrenador del Bayern tras las cr\u00edticas - El Digital de Asturias","headline":"Joshua Kimmich defiende al entrenador del Bayern tras las cr\u00edticas","author":{"@id":"https:\/\/www.eldigitaldeasturias.com\/noticias\/author\/admin\/#author"},"publisher":{"@id":"https:\/\/www.eldigitaldeasturias.com\/noticias\/#organization"},"image":{"@type":"ImageObject","url":"https:\/\/www.eldigitaldeasturias.com\/noticias\/wp-content\/uploads\/2018\/04\/arena-1181668_960_720.jpg","width":960,"height":640},"datePublished":"2019-04-14T20:03:19+02:00","dateModified":"2019-04-14T20:03:19+02:00","inLanguage":"es-ES","mainEntityOfPage":{"@id":"https:\/\/www.eldigitaldeasturias.com\/noticias\/joshua-kimmich-defiende-al-entrenador-del-bayern-tras-las-criticas\/#webpage"},"isPartOf":{"@id":"https:\/\/www.eldigitaldeasturias.com\/noticias\/joshua-kimmich-defiende-al-entrenador-del-bayern-tras-las-criticas\/#webpage"},"articleSection":"Deportes"},{"@type":"BreadcrumbList","@id":"https:\/\/www.eldigitaldeasturias.com\/noticias\/joshua-kimmich-defiende-al-entrenador-del-bayern-tras-las-criticas\/#breadcrumblist","itemListElement":[{"@type":"ListItem","@id":"https:\/\/www.eldigitaldeasturias.com\/noticias#listItem","position":1,"name":"Home","item":"https:\/\/www.eldigitaldeasturias.com\/noticias","nextItem":{"@type":"ListItem","@id":"https:\/\/www.eldigitaldeasturias.com\/noticias\/category\/deportes\/#listItem","name":"Deportes"}},{"@type":"ListItem","@id":"https:\/\/www.eldigitaldeasturias.com\/noticias\/category\/deportes\/#listItem","position":2,"name":"Deportes","item":"https:\/\/www.eldigitaldeasturias.com\/noticias\/category\/deportes\/","nextItem":{"@type":"ListItem","@id":"https:\/\/www.eldigitaldeasturias.com\/noticias\/joshua-kimmich-defiende-al-entrenador-del-bayern-tras-las-criticas\/#listItem","name":"Joshua Kimmich defiende al entrenador del Bayern tras las cr\u00edticas"},"previousItem":{"@type":"ListItem","@id":"https:\/\/www.eldigitaldeasturias.com\/noticias#listItem","name":"Home"}},{"@type":"ListItem","@id":"https:\/\/www.eldigitaldeasturias.com\/noticias\/joshua-kimmich-defiende-al-entrenador-del-bayern-tras-las-criticas\/#listItem","position":3,"name":"Joshua Kimmich defiende al entrenador del Bayern tras las cr\u00edticas","previousItem":{"@type":"ListItem","@id":"https:\/\/www.eldigitaldeasturias.com\/noticias\/category\/deportes\/#listItem","name":"Deportes"}}]},{"@type":"Organization","@id":"https:\/\/www.eldigitaldeasturias.com\/noticias\/#organization","name":"El Digital de Asturias","description":"Hemeroteca","url":"https:\/\/www.eldigitaldeasturias.com\/noticias\/","email":"info@eldigitaldeasturias.com","telephone":"+34652131393","logo":{"@type":"ImageObject","url":"https:\/\/www.eldigitaldeasturias.com\/noticias\/wp-content\/uploads\/2020\/12\/EDA.jpg","@id":"https:\/\/www.eldigitaldeasturias.com\/noticias\/joshua-kimmich-defiende-al-entrenador-del-bayern-tras-las-criticas\/#organizationLogo","width":649,"height":297},"image":{"@id":"https:\/\/www.eldigitaldeasturias.com\/noticias\/joshua-kimmich-defiende-al-entrenador-del-bayern-tras-las-criticas\/#organizationLogo"},"sameAs":["https:\/\/facebook.com\/eldigitaldeasturias","https:\/\/www.youtube.com\/channel\/UCZP-2wLEB9Rv6erhFmqVnvg"],"address":{"@id":"https:\/\/www.eldigitaldeasturias.com\/noticias\/#postaladdress","@type":"PostalAddress","streetAddress":"san antonio 4,","postalCode":"33430","addressLocality":"Cand\u00e1s","addressRegion":"Asturias","addressCountry":"ES"}},{"@type":"Person","@id":"https:\/\/www.eldigitaldeasturias.com\/noticias\/author\/admin\/#author","url":"https:\/\/www.eldigitaldeasturias.com\/noticias\/author\/admin\/","name":"El Digital de Asturias","image":{"@type":"ImageObject","@id":"https:\/\/www.eldigitaldeasturias.com\/noticias\/joshua-kimmich-defiende-al-entrenador-del-bayern-tras-las-criticas\/#authorImage","url":"https:\/\/www.eldigitaldeasturias.com\/noticias\/wp-content\/litespeed\/avatar\/18677e78aa0546b92d9dbf31ec7d7668.jpg?ver=1777290358","width":96,"height":96,"caption":"El Digital de Asturias"}},{"@type":"WebPage","@id":"https:\/\/www.eldigitaldeasturias.com\/noticias\/joshua-kimmich-defiende-al-entrenador-del-bayern-tras-las-criticas\/#webpage","url":"https:\/\/www.eldigitaldeasturias.com\/noticias\/joshua-kimmich-defiende-al-entrenador-del-bayern-tras-las-criticas\/","name":"Joshua Kimmich defiende al entrenador del Bayern tras las cr\u00edticas - El Digital de Asturias","description":"M\u00fanich, 14 abr (dpa) - El futbolista del Bayern M\u00fanich Joshua Kimmich defendi\u00f3 a su entrenador Niko Kovac contra las cr\u00edticas vertidas por su estilo de juego, explic\u00f3 el jugador al dominical \"Welt am Sonntag\" en su edici\u00f3n de hoy. \"Al principio se dijo: \u00a1Es el entrenador perfecto! Al comienzo de la temporada ganamos los","inLanguage":"es-ES","isPartOf":{"@id":"https:\/\/www.eldigitaldeasturias.com\/noticias\/#website"},"breadcrumb":{"@id":"https:\/\/www.eldigitaldeasturias.com\/noticias\/joshua-kimmich-defiende-al-entrenador-del-bayern-tras-las-criticas\/#breadcrumblist"},"author":{"@id":"https:\/\/www.eldigitaldeasturias.com\/noticias\/author\/admin\/#author"},"creator":{"@id":"https:\/\/www.eldigitaldeasturias.com\/noticias\/author\/admin\/#author"},"image":{"@type":"ImageObject","url":"https:\/\/www.eldigitaldeasturias.com\/noticias\/wp-content\/uploads\/2018\/04\/arena-1181668_960_720.jpg","@id":"https:\/\/www.eldigitaldeasturias.com\/noticias\/joshua-kimmich-defiende-al-entrenador-del-bayern-tras-las-criticas\/#mainImage","width":960,"height":640},"primaryImageOfPage":{"@id":"https:\/\/www.eldigitaldeasturias.com\/noticias\/joshua-kimmich-defiende-al-entrenador-del-bayern-tras-las-criticas\/#mainImage"},"datePublished":"2019-04-14T20:03:19+02:00","dateModified":"2019-04-14T20:03:19+02:00"},{"@type":"WebSite","@id":"https:\/\/www.eldigitaldeasturias.com\/noticias\/#website","url":"https:\/\/www.eldigitaldeasturias.com\/noticias\/","name":"El Digital de Asturias - Diario de actualidad y noticias","alternateName":"El Digital de Asturias - Diario de actualidad y noticias","description":"Hemeroteca","inLanguage":"es-ES","publisher":{"@id":"https:\/\/www.eldigitaldeasturias.com\/noticias\/#organization"}}]},"og:locale":"es_ES","og:site_name":"El Digital de Asturias","og:type":"article","og:title":"Joshua Kimmich defiende al entrenador del Bayern tras las cr\u00edticas - El Digital de Asturias","og:description":"M\u00fanich, 14 abr (dpa) - El futbolista del Bayern M\u00fanich Joshua Kimmich defendi\u00f3 a su entrenador Niko Kovac contra las cr\u00edticas vertidas por su estilo de juego, explic\u00f3 el jugador al dominical &quot;Welt am Sonntag&quot; en su edici\u00f3n de hoy. &quot;Al principio se dijo: \u00a1Es el entrenador perfecto! Al comienzo de la temporada ganamos los","og:url":"https:\/\/www.eldigitaldeasturias.com\/noticias\/joshua-kimmich-defiende-al-entrenador-del-bayern-tras-las-criticas\/","og:image":"https:\/\/www.eldigitaldeasturias.com\/noticias\/wp-content\/uploads\/2018\/04\/arena-1181668_960_720.jpg","og:image:secure_url":"https:\/\/www.eldigitaldeasturias.com\/noticias\/wp-content\/uploads\/2018\/04\/arena-1181668_960_720.jpg","og:image:width":960,"og:image:height":640,"article:tag":["deportes"],"article:published_time":"2019-04-14T20:03:19+00:00","article:modified_time":"2019-04-14T20:03:19+00:00","article:publisher":"https:\/\/facebook.com\/eldigitaldeasturias","twitter:card":"summary_large_image","twitter:title":"Joshua Kimmich defiende al entrenador del Bayern tras las cr\u00edticas - El Digital de Asturias","twitter:description":"M\u00fanich, 14 abr (dpa) - El futbolista del Bayern M\u00fanich Joshua Kimmich defendi\u00f3 a su entrenador Niko Kovac contra las cr\u00edticas vertidas por su estilo de juego, explic\u00f3 el jugador al dominical &quot;Welt am Sonntag&quot; en su edici\u00f3n de hoy. &quot;Al principio se dijo: \u00a1Es el entrenador perfecto! Al comienzo de la temporada ganamos los","twitter:image":"https:\/\/www.eldigitaldeasturias.com\/noticias\/wp-content\/uploads\/2018\/04\/arena-1181668_960_720.jpg","twitter:label1":"Escrito por","twitter:data1":"El Digital de Asturias","twitter:label2":"Tiempo de lectura estimado","twitter:data2":"1 minuto"},"aioseo_meta_data":{"post_id":"1023974","title":null,"description":null,"keywords":null,"keyphrases":null,"primary_term":null,"canonical_url":null,"og_title":null,"og_description":null,"og_object_type":"default","og_image_type":"default","og_image_url":null,"og_image_width":null,"og_image_height":null,"og_image_custom_url":null,"og_image_custom_fields":null,"og_video":null,"og_custom_url":null,"og_article_section":null,"og_article_tags":null,"twitter_use_og":false,"twitter_card":"default","twitter_image_type":"default","twitter_image_url":null,"twitter_image_custom_url":null,"twitter_image_custom_fields":null,"twitter_title":null,"twitter_description":null,"schema":{"blockGraphs":[],"customGraphs":[],"default":{"data":{"Article":[],"Course":[],"Dataset":[],"FAQPage":[],"Movie":[],"Person":[],"Product":[],"ProductReview":[],"Car":[],"Recipe":[],"Service":[],"SoftwareApplication":[],"WebPage":[]},"graphName":"","isEnabled":true},"graphs":[],"defaultGraph":"","defaultPostTypeGraph":""},"schema_type":null,"schema_type_options":null,"pillar_content":false,"robots_default":true,"robots_noindex":false,"robots_noarchive":false,"robots_nosnippet":false,"robots_nofollow":false,"robots_noimageindex":false,"robots_noodp":false,"robots_notranslate":false,"robots_max_snippet":null,"robots_max_videopreview":null,"robots_max_imagepreview":"large","priority":null,"frequency":null,"local_seo":null,"seo_analyzer_scan_date":"2025-10-17 15:38:08","breadcrumb_settings":null,"limit_modified_date":false,"open_ai":null,"ai":null,"created":"2020-12-21 11:15:05","updated":"2025-10-17 15:38:08"},"aioseo_breadcrumb":"<div class=\"aioseo-breadcrumbs\"><span class=\"aioseo-breadcrumb\">\n\t<a href=\"https:\/\/www.eldigitaldeasturias.com\/noticias\" title=\"Home\">Home<\/a>\n<\/span><span class=\"aioseo-breadcrumb-separator\">\u2013<\/span><span class=\"aioseo-breadcrumb\">\n\t<a href=\"https:\/\/www.eldigitaldeasturias.com\/noticias\/category\/deportes\/\" title=\"Deportes\">Deportes<\/a>\n<\/span><span class=\"aioseo-breadcrumb-separator\">\u2013<\/span><span class=\"aioseo-breadcrumb\">\n\t<a href=\"https:\/\/www.eldigitaldeasturias.com\/noticias\/joshua-kimmich-defiende-al-entrenador-del-bayern-tras-las-criticas\/\" title=\"Joshua Kimmich defiende al entrenador del Bayern tras las cr\u00edticas\">Joshua Kimmich defiende al entrenador del Bayern tras las cr\u00edticas<\/a>\n<\/span><\/div>","aioseo_breadcrumb_json":[{"label":"Home","link":"https:\/\/www.eldigitaldeasturias.com\/noticias"},{"label":"Deportes","link":"https:\/\/www.eldigitaldeasturias.com\/noticias\/category\/deportes\/"},{"label":"Joshua Kimmich defiende al entrenador del Bayern tras las cr\u00edticas","link":"https:\/\/www.eldigitaldeasturias.com\/noticias\/joshua-kimmich-defiende-al-entrenador-del-bayern-tras-las-criticas\/"}],"_links":{"self":[{"href":"https:\/\/www.eldigitaldeasturias.com\/noticias\/wp-json\/wp\/v2\/posts\/1023974","targetHints":{"allow":["GET"]}}],"collection":[{"href":"https:\/\/www.eldigitaldeasturias.com\/noticias\/wp-json\/wp\/v2\/posts"}],"about":[{"href":"https:\/\/www.eldigitaldeasturias.com\/noticias\/wp-json\/wp\/v2\/types\/post"}],"author":[{"embeddable":true,"href":"https:\/\/www.eldigitaldeasturias.com\/noticias\/wp-json\/wp\/v2\/users\/1"}],"replies":[{"embeddable":true,"href":"https:\/\/www.eldigitaldeasturias.com\/noticias\/wp-json\/wp\/v2\/comments?post=1023974"}],"version-history":[{"count":0,"href":"https:\/\/www.eldigitaldeasturias.com\/noticias\/wp-json\/wp\/v2\/posts\/1023974\/revisions"}],"wp:featuredmedia":[{"embeddable":true,"href":"https:\/\/www.eldigitaldeasturias.com\/noticias\/wp-json\/wp\/v2\/media\/977427"}],"wp:attachment":[{"href":"https:\/\/www.eldigitaldeasturias.com\/noticias\/wp-json\/wp\/v2\/media?parent=1023974"}],"wp:term":[{"taxonomy":"category","embeddable":true,"href":"https:\/\/www.eldigitaldeasturias.com\/noticias\/wp-json\/wp\/v2\/categories?post=1023974"},{"taxonomy":"post_tag","embeddable":true,"href":"https:\/\/www.eldigitaldeasturias.com\/noticias\/wp-json\/wp\/v2\/tags?post=1023974"}],"curies":[{"name":"wp","href":"https:\/\/api.w.org\/{rel}","templated":true}]}}