{"id":1023921,"date":"2019-04-13T20:39:59","date_gmt":"2019-04-13T20:39:59","guid":{"rendered":"https:\/\/www.eldigitaldeasturias.com\/noticias\/?p=1023921"},"modified":"2019-04-13T20:39:59","modified_gmt":"2019-04-13T20:39:59","slug":"la-seleccion-alemana-de-balonmano-se-clasifica-para-el-europeo-2020","status":"publish","type":"post","link":"https:\/\/www.eldigitaldeasturias.com\/noticias\/la-seleccion-alemana-de-balonmano-se-clasifica-para-el-europeo-2020\/","title":{"rendered":"La Selecci\u00f3n alemana de balonmano se clasifica para el Europeo 2020"},"content":{"rendered":"<p><img loading=\"lazy\" decoding=\"async\" class=\"alignleft size-medium wp-image-1023922\" src=\"https:\/\/www.eldigitaldeasturias.com\/noticias\/wp-content\/uploads\/2019\/04\/Seleccion-alemana-de-balonmano-360x237.jpg\" alt=\"\" width=\"360\" height=\"237\" srcset=\"https:\/\/www.eldigitaldeasturias.com\/noticias\/wp-content\/uploads\/2019\/04\/Seleccion-alemana-de-balonmano-360x237.jpg 360w, https:\/\/www.eldigitaldeasturias.com\/noticias\/wp-content\/uploads\/2019\/04\/Seleccion-alemana-de-balonmano-768x506.jpg 768w, https:\/\/www.eldigitaldeasturias.com\/noticias\/wp-content\/uploads\/2019\/04\/Seleccion-alemana-de-balonmano-650x428.jpg 650w, https:\/\/www.eldigitaldeasturias.com\/noticias\/wp-content\/uploads\/2019\/04\/Seleccion-alemana-de-balonmano.jpg 1037w\" sizes=\"auto, (max-width: 360px) 100vw, 360px\" \/>Halle\/Westfalia (Alemania), 13 abr (dpa) &#8211; Los jugadores de la selecci\u00f3n alemana de balonmano sellaron hoy su clasificaci\u00f3n para el Campeonato Europeo 2020 al ganar a Polonia por 29-24 en la localidad germana de Halle\/Westfalia.<\/p>\n<p>Con un total de ocho puntos logrados en su grupo, Alemania ya no podr\u00e1 verse desplazada de los dos primeros puestos que aseguran la participaci\u00f3n en el torneo continental, que se celebra el pr\u00f3ximo a\u00f1o en el mes de enero en Noruega, Suecia y Austria.<\/p>\n<p>El m\u00e1ximo anotador del equipo alem\u00e1n fue el capit\u00e1n Uwe Gensheimer con diez tantos. El jugador de 32 a\u00f1os es, con 828 goles, el tercer mayor goleador en la historia del combinado germano.<\/p>\n<p><strong><em>Foto: Guido Kirchner\/dpa<\/em><\/strong><\/p>\n","protected":false},"excerpt":{"rendered":"<p>Halle\/Westfalia (Alemania), 13 abr (dpa) &#8211; Los jugadores de la selecci\u00f3n alemana de balonmano sellaron hoy su clasificaci\u00f3n para el Campeonato Europeo 2020 al ganar a Polonia por 29-24 en la localidad germana de Halle\/Westfalia. Con un total de ocho puntos logrados en su grupo, Alemania ya no podr\u00e1 verse desplazada de los dos primeros [&hellip;]<\/p>\n","protected":false},"author":1,"featured_media":1023922,"comment_status":"closed","ping_status":"closed","sticky":false,"template":"","format":"standard","meta":{"footnotes":""},"categories":[190],"tags":[],"class_list":["post-1023921","post","type-post","status-publish","format-standard","has-post-thumbnail","hentry","category-deportes"],"aioseo_notices":[],"aioseo_head":"\n\t\t<!-- All in One SEO Pro 4.9.6.2 - aioseo.com -->\n\t<meta name=\"description\" content=\"Halle\/Westfalia (Alemania), 13 abr (dpa) - Los jugadores de la selecci\u00f3n alemana de balonmano sellaron hoy su clasificaci\u00f3n para el Campeonato Europeo 2020 al ganar a Polonia por 29-24 en la localidad germana de Halle\/Westfalia. Con un total de ocho puntos logrados en su grupo, Alemania ya no podr\u00e1 verse desplazada de los dos primeros\" \/>\n\t<meta name=\"robots\" content=\"max-image-preview:large\" \/>\n\t<meta name=\"author\" content=\"El Digital de Asturias\"\/>\n\t<meta name=\"google-site-verification\" content=\"UA-38556648-1\" \/>\n\t<meta name=\"msvalidate.01\" content=\"7dfe9f3f1b24437ab69f4f2559babe99\" \/>\n\t<meta name=\"keywords\" content=\"deportes\" \/>\n\t<link rel=\"canonical\" href=\"https:\/\/www.eldigitaldeasturias.com\/noticias\/la-seleccion-alemana-de-balonmano-se-clasifica-para-el-europeo-2020\/\" \/>\n\t<meta name=\"generator\" content=\"All in One SEO Pro (AIOSEO) 4.9.6.2\" \/>\n\t\t<meta property=\"og:locale\" content=\"es_ES\" \/>\n\t\t<meta property=\"og:site_name\" content=\"El Digital de Asturias\" \/>\n\t\t<meta property=\"og:type\" content=\"article\" \/>\n\t\t<meta property=\"og:title\" content=\"La Selecci\u00f3n alemana de balonmano se clasifica para el Europeo 2020 - El Digital de Asturias\" \/>\n\t\t<meta property=\"og:description\" content=\"Halle\/Westfalia (Alemania), 13 abr (dpa) - Los jugadores de la selecci\u00f3n alemana de balonmano sellaron hoy su clasificaci\u00f3n para el Campeonato Europeo 2020 al ganar a Polonia por 29-24 en la localidad germana de Halle\/Westfalia. Con un total de ocho puntos logrados en su grupo, Alemania ya no podr\u00e1 verse desplazada de los dos primeros\" \/>\n\t\t<meta property=\"og:url\" content=\"https:\/\/www.eldigitaldeasturias.com\/noticias\/la-seleccion-alemana-de-balonmano-se-clasifica-para-el-europeo-2020\/\" \/>\n\t\t<meta property=\"og:image\" content=\"https:\/\/www.eldigitaldeasturias.com\/noticias\/wp-content\/uploads\/2019\/04\/Seleccion-alemana-de-balonmano.jpg\" \/>\n\t\t<meta property=\"og:image:secure_url\" content=\"https:\/\/www.eldigitaldeasturias.com\/noticias\/wp-content\/uploads\/2019\/04\/Seleccion-alemana-de-balonmano.jpg\" \/>\n\t\t<meta property=\"og:image:width\" content=\"1037\" \/>\n\t\t<meta property=\"og:image:height\" content=\"683\" \/>\n\t\t<meta property=\"article:tag\" content=\"deportes\" \/>\n\t\t<meta property=\"article:published_time\" content=\"2019-04-13T20:39:59+00:00\" \/>\n\t\t<meta property=\"article:modified_time\" content=\"2019-04-13T20:39:59+00:00\" \/>\n\t\t<meta property=\"article:publisher\" content=\"https:\/\/facebook.com\/eldigitaldeasturias\" \/>\n\t\t<meta name=\"twitter:card\" content=\"summary_large_image\" \/>\n\t\t<meta name=\"twitter:title\" content=\"La Selecci\u00f3n alemana de balonmano se clasifica para el Europeo 2020 - El Digital de Asturias\" \/>\n\t\t<meta name=\"twitter:description\" content=\"Halle\/Westfalia (Alemania), 13 abr (dpa) - Los jugadores de la selecci\u00f3n alemana de balonmano sellaron hoy su clasificaci\u00f3n para el Campeonato Europeo 2020 al ganar a Polonia por 29-24 en la localidad germana de Halle\/Westfalia. Con un total de ocho puntos logrados en su grupo, Alemania ya no podr\u00e1 verse desplazada de los dos primeros\" \/>\n\t\t<meta name=\"twitter:image\" content=\"https:\/\/www.eldigitaldeasturias.com\/noticias\/wp-content\/uploads\/2019\/04\/Seleccion-alemana-de-balonmano.jpg\" \/>\n\t\t<meta name=\"twitter:label1\" content=\"Escrito por\" \/>\n\t\t<meta name=\"twitter:data1\" content=\"El Digital de Asturias\" \/>\n\t\t<meta name=\"twitter:label2\" content=\"Tiempo de lectura estimado\" \/>\n\t\t<meta name=\"twitter:data2\" content=\"1 minuto\" \/>\n\t\t<script type=\"application\/ld+json\" class=\"aioseo-schema\">\n\t\t\t{\"@context\":\"https:\\\/\\\/schema.org\",\"@graph\":[{\"@type\":\"BlogPosting\",\"@id\":\"https:\\\/\\\/www.eldigitaldeasturias.com\\\/noticias\\\/la-seleccion-alemana-de-balonmano-se-clasifica-para-el-europeo-2020\\\/#blogposting\",\"name\":\"La Selecci\\u00f3n alemana de balonmano se clasifica para el Europeo 2020 - El Digital de Asturias\",\"headline\":\"La Selecci\\u00f3n alemana de balonmano se clasifica para el Europeo 2020\",\"author\":{\"@id\":\"https:\\\/\\\/www.eldigitaldeasturias.com\\\/noticias\\\/author\\\/admin\\\/#author\"},\"publisher\":{\"@id\":\"https:\\\/\\\/www.eldigitaldeasturias.com\\\/noticias\\\/#organization\"},\"image\":{\"@type\":\"ImageObject\",\"url\":\"https:\\\/\\\/www.eldigitaldeasturias.com\\\/noticias\\\/wp-content\\\/uploads\\\/2019\\\/04\\\/Seleccion-alemana-de-balonmano.jpg\",\"width\":1037,\"height\":683},\"datePublished\":\"2019-04-13T20:39:59+02:00\",\"dateModified\":\"2019-04-13T20:39:59+02:00\",\"inLanguage\":\"es-ES\",\"mainEntityOfPage\":{\"@id\":\"https:\\\/\\\/www.eldigitaldeasturias.com\\\/noticias\\\/la-seleccion-alemana-de-balonmano-se-clasifica-para-el-europeo-2020\\\/#webpage\"},\"isPartOf\":{\"@id\":\"https:\\\/\\\/www.eldigitaldeasturias.com\\\/noticias\\\/la-seleccion-alemana-de-balonmano-se-clasifica-para-el-europeo-2020\\\/#webpage\"},\"articleSection\":\"Deportes\"},{\"@type\":\"BreadcrumbList\",\"@id\":\"https:\\\/\\\/www.eldigitaldeasturias.com\\\/noticias\\\/la-seleccion-alemana-de-balonmano-se-clasifica-para-el-europeo-2020\\\/#breadcrumblist\",\"itemListElement\":[{\"@type\":\"ListItem\",\"@id\":\"https:\\\/\\\/www.eldigitaldeasturias.com\\\/noticias#listItem\",\"position\":1,\"name\":\"Home\",\"item\":\"https:\\\/\\\/www.eldigitaldeasturias.com\\\/noticias\",\"nextItem\":{\"@type\":\"ListItem\",\"@id\":\"https:\\\/\\\/www.eldigitaldeasturias.com\\\/noticias\\\/category\\\/deportes\\\/#listItem\",\"name\":\"Deportes\"}},{\"@type\":\"ListItem\",\"@id\":\"https:\\\/\\\/www.eldigitaldeasturias.com\\\/noticias\\\/category\\\/deportes\\\/#listItem\",\"position\":2,\"name\":\"Deportes\",\"item\":\"https:\\\/\\\/www.eldigitaldeasturias.com\\\/noticias\\\/category\\\/deportes\\\/\",\"nextItem\":{\"@type\":\"ListItem\",\"@id\":\"https:\\\/\\\/www.eldigitaldeasturias.com\\\/noticias\\\/la-seleccion-alemana-de-balonmano-se-clasifica-para-el-europeo-2020\\\/#listItem\",\"name\":\"La Selecci\\u00f3n alemana de balonmano se clasifica para el Europeo 2020\"},\"previousItem\":{\"@type\":\"ListItem\",\"@id\":\"https:\\\/\\\/www.eldigitaldeasturias.com\\\/noticias#listItem\",\"name\":\"Home\"}},{\"@type\":\"ListItem\",\"@id\":\"https:\\\/\\\/www.eldigitaldeasturias.com\\\/noticias\\\/la-seleccion-alemana-de-balonmano-se-clasifica-para-el-europeo-2020\\\/#listItem\",\"position\":3,\"name\":\"La Selecci\\u00f3n alemana de balonmano se clasifica para el Europeo 2020\",\"previousItem\":{\"@type\":\"ListItem\",\"@id\":\"https:\\\/\\\/www.eldigitaldeasturias.com\\\/noticias\\\/category\\\/deportes\\\/#listItem\",\"name\":\"Deportes\"}}]},{\"@type\":\"Organization\",\"@id\":\"https:\\\/\\\/www.eldigitaldeasturias.com\\\/noticias\\\/#organization\",\"name\":\"El Digital de Asturias\",\"description\":\"Hemeroteca\",\"url\":\"https:\\\/\\\/www.eldigitaldeasturias.com\\\/noticias\\\/\",\"email\":\"info@eldigitaldeasturias.com\",\"telephone\":\"+34652131393\",\"logo\":{\"@type\":\"ImageObject\",\"url\":\"https:\\\/\\\/www.eldigitaldeasturias.com\\\/noticias\\\/wp-content\\\/uploads\\\/2020\\\/12\\\/EDA.jpg\",\"@id\":\"https:\\\/\\\/www.eldigitaldeasturias.com\\\/noticias\\\/la-seleccion-alemana-de-balonmano-se-clasifica-para-el-europeo-2020\\\/#organizationLogo\",\"width\":649,\"height\":297},\"image\":{\"@id\":\"https:\\\/\\\/www.eldigitaldeasturias.com\\\/noticias\\\/la-seleccion-alemana-de-balonmano-se-clasifica-para-el-europeo-2020\\\/#organizationLogo\"},\"sameAs\":[\"https:\\\/\\\/facebook.com\\\/eldigitaldeasturias\",\"https:\\\/\\\/www.youtube.com\\\/channel\\\/UCZP-2wLEB9Rv6erhFmqVnvg\"],\"address\":{\"@id\":\"https:\\\/\\\/www.eldigitaldeasturias.com\\\/noticias\\\/#postaladdress\",\"@type\":\"PostalAddress\",\"streetAddress\":\"san antonio 4,\",\"postalCode\":\"33430\",\"addressLocality\":\"Cand\\u00e1s\",\"addressRegion\":\"Asturias\",\"addressCountry\":\"ES\"}},{\"@type\":\"Person\",\"@id\":\"https:\\\/\\\/www.eldigitaldeasturias.com\\\/noticias\\\/author\\\/admin\\\/#author\",\"url\":\"https:\\\/\\\/www.eldigitaldeasturias.com\\\/noticias\\\/author\\\/admin\\\/\",\"name\":\"El Digital de Asturias\",\"image\":{\"@type\":\"ImageObject\",\"@id\":\"https:\\\/\\\/www.eldigitaldeasturias.com\\\/noticias\\\/la-seleccion-alemana-de-balonmano-se-clasifica-para-el-europeo-2020\\\/#authorImage\",\"url\":\"https:\\\/\\\/www.eldigitaldeasturias.com\\\/noticias\\\/wp-content\\\/litespeed\\\/avatar\\\/18677e78aa0546b92d9dbf31ec7d7668.jpg?ver=1777290358\",\"width\":96,\"height\":96,\"caption\":\"El Digital de Asturias\"}},{\"@type\":\"WebPage\",\"@id\":\"https:\\\/\\\/www.eldigitaldeasturias.com\\\/noticias\\\/la-seleccion-alemana-de-balonmano-se-clasifica-para-el-europeo-2020\\\/#webpage\",\"url\":\"https:\\\/\\\/www.eldigitaldeasturias.com\\\/noticias\\\/la-seleccion-alemana-de-balonmano-se-clasifica-para-el-europeo-2020\\\/\",\"name\":\"La Selecci\\u00f3n alemana de balonmano se clasifica para el Europeo 2020 - El Digital de Asturias\",\"description\":\"Halle\\\/Westfalia (Alemania), 13 abr (dpa) - Los jugadores de la selecci\\u00f3n alemana de balonmano sellaron hoy su clasificaci\\u00f3n para el Campeonato Europeo 2020 al ganar a Polonia por 29-24 en la localidad germana de Halle\\\/Westfalia. Con un total de ocho puntos logrados en su grupo, Alemania ya no podr\\u00e1 verse desplazada de los dos primeros\",\"inLanguage\":\"es-ES\",\"isPartOf\":{\"@id\":\"https:\\\/\\\/www.eldigitaldeasturias.com\\\/noticias\\\/#website\"},\"breadcrumb\":{\"@id\":\"https:\\\/\\\/www.eldigitaldeasturias.com\\\/noticias\\\/la-seleccion-alemana-de-balonmano-se-clasifica-para-el-europeo-2020\\\/#breadcrumblist\"},\"author\":{\"@id\":\"https:\\\/\\\/www.eldigitaldeasturias.com\\\/noticias\\\/author\\\/admin\\\/#author\"},\"creator\":{\"@id\":\"https:\\\/\\\/www.eldigitaldeasturias.com\\\/noticias\\\/author\\\/admin\\\/#author\"},\"image\":{\"@type\":\"ImageObject\",\"url\":\"https:\\\/\\\/www.eldigitaldeasturias.com\\\/noticias\\\/wp-content\\\/uploads\\\/2019\\\/04\\\/Seleccion-alemana-de-balonmano.jpg\",\"@id\":\"https:\\\/\\\/www.eldigitaldeasturias.com\\\/noticias\\\/la-seleccion-alemana-de-balonmano-se-clasifica-para-el-europeo-2020\\\/#mainImage\",\"width\":1037,\"height\":683},\"primaryImageOfPage\":{\"@id\":\"https:\\\/\\\/www.eldigitaldeasturias.com\\\/noticias\\\/la-seleccion-alemana-de-balonmano-se-clasifica-para-el-europeo-2020\\\/#mainImage\"},\"datePublished\":\"2019-04-13T20:39:59+02:00\",\"dateModified\":\"2019-04-13T20:39:59+02:00\"},{\"@type\":\"WebSite\",\"@id\":\"https:\\\/\\\/www.eldigitaldeasturias.com\\\/noticias\\\/#website\",\"url\":\"https:\\\/\\\/www.eldigitaldeasturias.com\\\/noticias\\\/\",\"name\":\"El Digital de Asturias - Diario de actualidad y noticias\",\"alternateName\":\"El Digital de Asturias - Diario de actualidad y noticias\",\"description\":\"Hemeroteca\",\"inLanguage\":\"es-ES\",\"publisher\":{\"@id\":\"https:\\\/\\\/www.eldigitaldeasturias.com\\\/noticias\\\/#organization\"}}]}\n\t\t<\/script>\n\t\t<!-- All in One SEO Pro -->\r\n\t\t<title>La Selecci\u00f3n alemana de balonmano se clasifica para el Europeo 2020 - El Digital de Asturias<\/title>\n\n","aioseo_head_json":{"title":"La Selecci\u00f3n alemana de balonmano se clasifica para el Europeo 2020 - El Digital de Asturias","description":"Halle\/Westfalia (Alemania), 13 abr (dpa) - Los jugadores de la selecci\u00f3n alemana de balonmano sellaron hoy su clasificaci\u00f3n para el Campeonato Europeo 2020 al ganar a Polonia por 29-24 en la localidad germana de Halle\/Westfalia. Con un total de ocho puntos logrados en su grupo, Alemania ya no podr\u00e1 verse desplazada de los dos primeros","canonical_url":"https:\/\/www.eldigitaldeasturias.com\/noticias\/la-seleccion-alemana-de-balonmano-se-clasifica-para-el-europeo-2020\/","robots":"max-image-preview:large","keywords":"deportes","webmasterTools":{"google-site-verification":"UA-38556648-1","msvalidate.01":"7dfe9f3f1b24437ab69f4f2559babe99","miscellaneous":""},"schema":{"@context":"https:\/\/schema.org","@graph":[{"@type":"BlogPosting","@id":"https:\/\/www.eldigitaldeasturias.com\/noticias\/la-seleccion-alemana-de-balonmano-se-clasifica-para-el-europeo-2020\/#blogposting","name":"La Selecci\u00f3n alemana de balonmano se clasifica para el Europeo 2020 - El Digital de Asturias","headline":"La Selecci\u00f3n alemana de balonmano se clasifica para el Europeo 2020","author":{"@id":"https:\/\/www.eldigitaldeasturias.com\/noticias\/author\/admin\/#author"},"publisher":{"@id":"https:\/\/www.eldigitaldeasturias.com\/noticias\/#organization"},"image":{"@type":"ImageObject","url":"https:\/\/www.eldigitaldeasturias.com\/noticias\/wp-content\/uploads\/2019\/04\/Seleccion-alemana-de-balonmano.jpg","width":1037,"height":683},"datePublished":"2019-04-13T20:39:59+02:00","dateModified":"2019-04-13T20:39:59+02:00","inLanguage":"es-ES","mainEntityOfPage":{"@id":"https:\/\/www.eldigitaldeasturias.com\/noticias\/la-seleccion-alemana-de-balonmano-se-clasifica-para-el-europeo-2020\/#webpage"},"isPartOf":{"@id":"https:\/\/www.eldigitaldeasturias.com\/noticias\/la-seleccion-alemana-de-balonmano-se-clasifica-para-el-europeo-2020\/#webpage"},"articleSection":"Deportes"},{"@type":"BreadcrumbList","@id":"https:\/\/www.eldigitaldeasturias.com\/noticias\/la-seleccion-alemana-de-balonmano-se-clasifica-para-el-europeo-2020\/#breadcrumblist","itemListElement":[{"@type":"ListItem","@id":"https:\/\/www.eldigitaldeasturias.com\/noticias#listItem","position":1,"name":"Home","item":"https:\/\/www.eldigitaldeasturias.com\/noticias","nextItem":{"@type":"ListItem","@id":"https:\/\/www.eldigitaldeasturias.com\/noticias\/category\/deportes\/#listItem","name":"Deportes"}},{"@type":"ListItem","@id":"https:\/\/www.eldigitaldeasturias.com\/noticias\/category\/deportes\/#listItem","position":2,"name":"Deportes","item":"https:\/\/www.eldigitaldeasturias.com\/noticias\/category\/deportes\/","nextItem":{"@type":"ListItem","@id":"https:\/\/www.eldigitaldeasturias.com\/noticias\/la-seleccion-alemana-de-balonmano-se-clasifica-para-el-europeo-2020\/#listItem","name":"La Selecci\u00f3n alemana de balonmano se clasifica para el Europeo 2020"},"previousItem":{"@type":"ListItem","@id":"https:\/\/www.eldigitaldeasturias.com\/noticias#listItem","name":"Home"}},{"@type":"ListItem","@id":"https:\/\/www.eldigitaldeasturias.com\/noticias\/la-seleccion-alemana-de-balonmano-se-clasifica-para-el-europeo-2020\/#listItem","position":3,"name":"La Selecci\u00f3n alemana de balonmano se clasifica para el Europeo 2020","previousItem":{"@type":"ListItem","@id":"https:\/\/www.eldigitaldeasturias.com\/noticias\/category\/deportes\/#listItem","name":"Deportes"}}]},{"@type":"Organization","@id":"https:\/\/www.eldigitaldeasturias.com\/noticias\/#organization","name":"El Digital de Asturias","description":"Hemeroteca","url":"https:\/\/www.eldigitaldeasturias.com\/noticias\/","email":"info@eldigitaldeasturias.com","telephone":"+34652131393","logo":{"@type":"ImageObject","url":"https:\/\/www.eldigitaldeasturias.com\/noticias\/wp-content\/uploads\/2020\/12\/EDA.jpg","@id":"https:\/\/www.eldigitaldeasturias.com\/noticias\/la-seleccion-alemana-de-balonmano-se-clasifica-para-el-europeo-2020\/#organizationLogo","width":649,"height":297},"image":{"@id":"https:\/\/www.eldigitaldeasturias.com\/noticias\/la-seleccion-alemana-de-balonmano-se-clasifica-para-el-europeo-2020\/#organizationLogo"},"sameAs":["https:\/\/facebook.com\/eldigitaldeasturias","https:\/\/www.youtube.com\/channel\/UCZP-2wLEB9Rv6erhFmqVnvg"],"address":{"@id":"https:\/\/www.eldigitaldeasturias.com\/noticias\/#postaladdress","@type":"PostalAddress","streetAddress":"san antonio 4,","postalCode":"33430","addressLocality":"Cand\u00e1s","addressRegion":"Asturias","addressCountry":"ES"}},{"@type":"Person","@id":"https:\/\/www.eldigitaldeasturias.com\/noticias\/author\/admin\/#author","url":"https:\/\/www.eldigitaldeasturias.com\/noticias\/author\/admin\/","name":"El Digital de Asturias","image":{"@type":"ImageObject","@id":"https:\/\/www.eldigitaldeasturias.com\/noticias\/la-seleccion-alemana-de-balonmano-se-clasifica-para-el-europeo-2020\/#authorImage","url":"https:\/\/www.eldigitaldeasturias.com\/noticias\/wp-content\/litespeed\/avatar\/18677e78aa0546b92d9dbf31ec7d7668.jpg?ver=1777290358","width":96,"height":96,"caption":"El Digital de Asturias"}},{"@type":"WebPage","@id":"https:\/\/www.eldigitaldeasturias.com\/noticias\/la-seleccion-alemana-de-balonmano-se-clasifica-para-el-europeo-2020\/#webpage","url":"https:\/\/www.eldigitaldeasturias.com\/noticias\/la-seleccion-alemana-de-balonmano-se-clasifica-para-el-europeo-2020\/","name":"La Selecci\u00f3n alemana de balonmano se clasifica para el Europeo 2020 - El Digital de Asturias","description":"Halle\/Westfalia (Alemania), 13 abr (dpa) - Los jugadores de la selecci\u00f3n alemana de balonmano sellaron hoy su clasificaci\u00f3n para el Campeonato Europeo 2020 al ganar a Polonia por 29-24 en la localidad germana de Halle\/Westfalia. Con un total de ocho puntos logrados en su grupo, Alemania ya no podr\u00e1 verse desplazada de los dos primeros","inLanguage":"es-ES","isPartOf":{"@id":"https:\/\/www.eldigitaldeasturias.com\/noticias\/#website"},"breadcrumb":{"@id":"https:\/\/www.eldigitaldeasturias.com\/noticias\/la-seleccion-alemana-de-balonmano-se-clasifica-para-el-europeo-2020\/#breadcrumblist"},"author":{"@id":"https:\/\/www.eldigitaldeasturias.com\/noticias\/author\/admin\/#author"},"creator":{"@id":"https:\/\/www.eldigitaldeasturias.com\/noticias\/author\/admin\/#author"},"image":{"@type":"ImageObject","url":"https:\/\/www.eldigitaldeasturias.com\/noticias\/wp-content\/uploads\/2019\/04\/Seleccion-alemana-de-balonmano.jpg","@id":"https:\/\/www.eldigitaldeasturias.com\/noticias\/la-seleccion-alemana-de-balonmano-se-clasifica-para-el-europeo-2020\/#mainImage","width":1037,"height":683},"primaryImageOfPage":{"@id":"https:\/\/www.eldigitaldeasturias.com\/noticias\/la-seleccion-alemana-de-balonmano-se-clasifica-para-el-europeo-2020\/#mainImage"},"datePublished":"2019-04-13T20:39:59+02:00","dateModified":"2019-04-13T20:39:59+02:00"},{"@type":"WebSite","@id":"https:\/\/www.eldigitaldeasturias.com\/noticias\/#website","url":"https:\/\/www.eldigitaldeasturias.com\/noticias\/","name":"El Digital de Asturias - Diario de actualidad y noticias","alternateName":"El Digital de Asturias - Diario de actualidad y noticias","description":"Hemeroteca","inLanguage":"es-ES","publisher":{"@id":"https:\/\/www.eldigitaldeasturias.com\/noticias\/#organization"}}]},"og:locale":"es_ES","og:site_name":"El Digital de Asturias","og:type":"article","og:title":"La Selecci\u00f3n alemana de balonmano se clasifica para el Europeo 2020 - El Digital de Asturias","og:description":"Halle\/Westfalia (Alemania), 13 abr (dpa) - Los jugadores de la selecci\u00f3n alemana de balonmano sellaron hoy su clasificaci\u00f3n para el Campeonato Europeo 2020 al ganar a Polonia por 29-24 en la localidad germana de Halle\/Westfalia. Con un total de ocho puntos logrados en su grupo, Alemania ya no podr\u00e1 verse desplazada de los dos primeros","og:url":"https:\/\/www.eldigitaldeasturias.com\/noticias\/la-seleccion-alemana-de-balonmano-se-clasifica-para-el-europeo-2020\/","og:image":"https:\/\/www.eldigitaldeasturias.com\/noticias\/wp-content\/uploads\/2019\/04\/Seleccion-alemana-de-balonmano.jpg","og:image:secure_url":"https:\/\/www.eldigitaldeasturias.com\/noticias\/wp-content\/uploads\/2019\/04\/Seleccion-alemana-de-balonmano.jpg","og:image:width":1037,"og:image:height":683,"article:tag":["deportes"],"article:published_time":"2019-04-13T20:39:59+00:00","article:modified_time":"2019-04-13T20:39:59+00:00","article:publisher":"https:\/\/facebook.com\/eldigitaldeasturias","twitter:card":"summary_large_image","twitter:title":"La Selecci\u00f3n alemana de balonmano se clasifica para el Europeo 2020 - El Digital de Asturias","twitter:description":"Halle\/Westfalia (Alemania), 13 abr (dpa) - Los jugadores de la selecci\u00f3n alemana de balonmano sellaron hoy su clasificaci\u00f3n para el Campeonato Europeo 2020 al ganar a Polonia por 29-24 en la localidad germana de Halle\/Westfalia. Con un total de ocho puntos logrados en su grupo, Alemania ya no podr\u00e1 verse desplazada de los dos primeros","twitter:image":"https:\/\/www.eldigitaldeasturias.com\/noticias\/wp-content\/uploads\/2019\/04\/Seleccion-alemana-de-balonmano.jpg","twitter:label1":"Escrito por","twitter:data1":"El Digital de Asturias","twitter:label2":"Tiempo de lectura estimado","twitter:data2":"1 minuto"},"aioseo_meta_data":{"post_id":"1023921","title":null,"description":null,"keywords":null,"keyphrases":null,"primary_term":null,"canonical_url":null,"og_title":null,"og_description":null,"og_object_type":"default","og_image_type":"default","og_image_url":null,"og_image_width":null,"og_image_height":null,"og_image_custom_url":null,"og_image_custom_fields":null,"og_video":null,"og_custom_url":null,"og_article_section":null,"og_article_tags":null,"twitter_use_og":false,"twitter_card":"default","twitter_image_type":"default","twitter_image_url":null,"twitter_image_custom_url":null,"twitter_image_custom_fields":null,"twitter_title":null,"twitter_description":null,"schema":{"blockGraphs":[],"customGraphs":[],"default":{"data":{"Article":[],"Course":[],"Dataset":[],"FAQPage":[],"Movie":[],"Person":[],"Product":[],"ProductReview":[],"Car":[],"Recipe":[],"Service":[],"SoftwareApplication":[],"WebPage":[]},"graphName":"","isEnabled":true},"graphs":[],"defaultGraph":"","defaultPostTypeGraph":""},"schema_type":null,"schema_type_options":null,"pillar_content":false,"robots_default":true,"robots_noindex":false,"robots_noarchive":false,"robots_nosnippet":false,"robots_nofollow":false,"robots_noimageindex":false,"robots_noodp":false,"robots_notranslate":false,"robots_max_snippet":null,"robots_max_videopreview":null,"robots_max_imagepreview":"large","priority":null,"frequency":null,"local_seo":null,"seo_analyzer_scan_date":"2025-10-17 15:19:47","breadcrumb_settings":null,"limit_modified_date":false,"open_ai":null,"ai":null,"created":"2020-12-21 11:15:05","updated":"2025-10-17 15:19:47"},"aioseo_breadcrumb":"<div class=\"aioseo-breadcrumbs\"><span class=\"aioseo-breadcrumb\">\n\t<a href=\"https:\/\/www.eldigitaldeasturias.com\/noticias\" title=\"Home\">Home<\/a>\n<\/span><span class=\"aioseo-breadcrumb-separator\">\u2013<\/span><span class=\"aioseo-breadcrumb\">\n\t<a href=\"https:\/\/www.eldigitaldeasturias.com\/noticias\/category\/deportes\/\" title=\"Deportes\">Deportes<\/a>\n<\/span><span class=\"aioseo-breadcrumb-separator\">\u2013<\/span><span class=\"aioseo-breadcrumb\">\n\t<a href=\"https:\/\/www.eldigitaldeasturias.com\/noticias\/la-seleccion-alemana-de-balonmano-se-clasifica-para-el-europeo-2020\/\" title=\"La Selecci\u00f3n alemana de balonmano se clasifica para el Europeo 2020\">La Selecci\u00f3n alemana de balonmano se clasifica para el Europeo 2020<\/a>\n<\/span><\/div>","aioseo_breadcrumb_json":[{"label":"Home","link":"https:\/\/www.eldigitaldeasturias.com\/noticias"},{"label":"Deportes","link":"https:\/\/www.eldigitaldeasturias.com\/noticias\/category\/deportes\/"},{"label":"La Selecci\u00f3n alemana de balonmano se clasifica para el Europeo 2020","link":"https:\/\/www.eldigitaldeasturias.com\/noticias\/la-seleccion-alemana-de-balonmano-se-clasifica-para-el-europeo-2020\/"}],"_links":{"self":[{"href":"https:\/\/www.eldigitaldeasturias.com\/noticias\/wp-json\/wp\/v2\/posts\/1023921","targetHints":{"allow":["GET"]}}],"collection":[{"href":"https:\/\/www.eldigitaldeasturias.com\/noticias\/wp-json\/wp\/v2\/posts"}],"about":[{"href":"https:\/\/www.eldigitaldeasturias.com\/noticias\/wp-json\/wp\/v2\/types\/post"}],"author":[{"embeddable":true,"href":"https:\/\/www.eldigitaldeasturias.com\/noticias\/wp-json\/wp\/v2\/users\/1"}],"replies":[{"embeddable":true,"href":"https:\/\/www.eldigitaldeasturias.com\/noticias\/wp-json\/wp\/v2\/comments?post=1023921"}],"version-history":[{"count":0,"href":"https:\/\/www.eldigitaldeasturias.com\/noticias\/wp-json\/wp\/v2\/posts\/1023921\/revisions"}],"wp:featuredmedia":[{"embeddable":true,"href":"https:\/\/www.eldigitaldeasturias.com\/noticias\/wp-json\/wp\/v2\/media\/1023922"}],"wp:attachment":[{"href":"https:\/\/www.eldigitaldeasturias.com\/noticias\/wp-json\/wp\/v2\/media?parent=1023921"}],"wp:term":[{"taxonomy":"category","embeddable":true,"href":"https:\/\/www.eldigitaldeasturias.com\/noticias\/wp-json\/wp\/v2\/categories?post=1023921"},{"taxonomy":"post_tag","embeddable":true,"href":"https:\/\/www.eldigitaldeasturias.com\/noticias\/wp-json\/wp\/v2\/tags?post=1023921"}],"curies":[{"name":"wp","href":"https:\/\/api.w.org\/{rel}","templated":true}]}}