{"id":1023919,"date":"2019-04-13T20:34:20","date_gmt":"2019-04-13T20:34:20","guid":{"rendered":"https:\/\/www.eldigitaldeasturias.com\/noticias\/?p=1023919"},"modified":"2019-04-13T20:34:20","modified_gmt":"2019-04-13T20:34:20","slug":"los-empleados-de-deutsche-bank-se-oponen-a-una-fusion","status":"publish","type":"post","link":"https:\/\/www.eldigitaldeasturias.com\/noticias\/los-empleados-de-deutsche-bank-se-oponen-a-una-fusion\/","title":{"rendered":"Los empleados de Deutsche Bank se oponen a una fusi\u00f3n"},"content":{"rendered":"<p><img loading=\"lazy\" decoding=\"async\" class=\"alignleft size-medium wp-image-1022084\" src=\"https:\/\/www.eldigitaldeasturias.com\/noticias\/wp-content\/uploads\/2019\/03\/money-3481699_960_720-360x240.jpg\" alt=\"\" width=\"360\" height=\"240\" srcset=\"https:\/\/www.eldigitaldeasturias.com\/noticias\/wp-content\/uploads\/2019\/03\/money-3481699_960_720-360x240.jpg 360w, https:\/\/www.eldigitaldeasturias.com\/noticias\/wp-content\/uploads\/2019\/03\/money-3481699_960_720-768x512.jpg 768w, https:\/\/www.eldigitaldeasturias.com\/noticias\/wp-content\/uploads\/2019\/03\/money-3481699_960_720-650x433.jpg 650w, https:\/\/www.eldigitaldeasturias.com\/noticias\/wp-content\/uploads\/2019\/03\/money-3481699_960_720.jpg 960w\" sizes=\"auto, (max-width: 360px) 100vw, 360px\" \/>Fr\u00e1ncfort, 13 abr (dpa) &#8211; Una consulta realizada por el comit\u00e9 de empresa del Deutsche Bank revela que la gran mayor\u00eda de los empleados de la entidad est\u00e1n en contra de una fusi\u00f3n con el Commerzbank, seg\u00fan los resultados a los que tuvo acceso dpa.<\/p>\n<p>En la consulta realizada en la mayor instituci\u00f3n financiera de Alemania, casi el 69 por ciento de los 7.840 empleados que participaron en ella respondieron \u00abno\u00bb a la pregunta de si el Deutsche Bank deber\u00eda absorber al Commerzbank.<\/p>\n<p>Solo el 18,6 por ciento de las respuestas apoyaban los planes de esta fusi\u00f3n bancaria, objeto de un intenso debate durante las \u00faltimas cuatro semanas.<\/p>\n<p>Casi el 84 por ciento exigi\u00f3 que el Deutsche Bank completara primero la integraci\u00f3n del Postbank. Alrededor del 83 por ciento cree, sin embargo, que se perder\u00e1n muchos puestos de trabajo en los pr\u00f3ximos tres a\u00f1os, incluso sin la adquisici\u00f3n del Commerzbank.<\/p>\n<p>Los cr\u00edticos a la fusi\u00f3n temen que la uni\u00f3n entre Deutsche Bank y Commerzbank ponga en peligro al menos 30.000 puestos de trabajo. El Deutsche Bank ya est\u00e1 aplicando un programa de reducci\u00f3n de personal, y la junta directiva tiene previsto que para finales de 2019 el n\u00famero de puestos de trabajo a tiempo completo se sit\u00fae \u00abmuy por debajo de los 90.000\u00bb.<\/p>\n<p>El director general del grupo bancario, Christian Sewing, anunci\u00f3 a principios de febrero recortes de plantilla. Est\u00e1 claro que \u00e9sta se ver\u00eda reducida a\u00fan m\u00e1s tras la integraci\u00f3n del Postbank, se\u00f1al\u00f3 entonces.<\/p>\n<p>Se espera que este proceso concluya en 2022. A finales de 2018, el grupo encabezado por Deutsche Bank empleaba a 91.700 personas a tiempo completo, frente a las 97.500 del a\u00f1o anterior.<\/p>\n<p>Si Deutsche Bank y Commerzbank se fusionan, un 88% de los empleados consultados exigir\u00e1 un plan social con indemnizaciones por despido y jubilaci\u00f3n anticipada, seg\u00fan los resultados recogidos por el comit\u00e9 de empresa entre el 8 y el 11 de abril entre unos 28.000 trabajadores de Deutsche Bank y Postbank.<\/p>\n<p>Desde mediados de marzo, el Deutsche Bank y el Commerzbank est\u00e1n explorando la posibilidad de fusionarse, y se espera que ambas entidades tomen una decisi\u00f3n antes de finales de abril.<\/p>\n","protected":false},"excerpt":{"rendered":"<p>Fr\u00e1ncfort, 13 abr (dpa) &#8211; Una consulta realizada por el comit\u00e9 de empresa del Deutsche Bank revela que la gran mayor\u00eda de los empleados de la entidad est\u00e1n en contra de una fusi\u00f3n con el Commerzbank, seg\u00fan los resultados a los que tuvo acceso dpa. En la consulta realizada en la mayor instituci\u00f3n financiera de [&hellip;]<\/p>\n","protected":false},"author":1,"featured_media":1022084,"comment_status":"closed","ping_status":"closed","sticky":false,"template":"","format":"standard","meta":{"footnotes":""},"categories":[187],"tags":[],"class_list":["post-1023919","post","type-post","status-publish","format-standard","has-post-thumbnail","hentry","category-economia"],"aioseo_notices":[],"aioseo_head":"\n\t\t<!-- All in One SEO Pro 4.9.6.2 - aioseo.com -->\n\t<meta name=\"description\" content=\"Fr\u00e1ncfort, 13 abr (dpa) - Una consulta realizada por el comit\u00e9 de empresa del Deutsche Bank revela que la gran mayor\u00eda de los empleados de la entidad est\u00e1n en contra de una fusi\u00f3n con el Commerzbank, seg\u00fan los resultados a los que tuvo acceso dpa. En la consulta realizada en la mayor instituci\u00f3n financiera de\" \/>\n\t<meta name=\"robots\" content=\"max-image-preview:large\" \/>\n\t<meta name=\"author\" content=\"El Digital de Asturias\"\/>\n\t<meta name=\"google-site-verification\" content=\"UA-38556648-1\" \/>\n\t<meta name=\"msvalidate.01\" content=\"7dfe9f3f1b24437ab69f4f2559babe99\" \/>\n\t<meta name=\"keywords\" content=\"econom\u00eda\" \/>\n\t<link rel=\"canonical\" href=\"https:\/\/www.eldigitaldeasturias.com\/noticias\/los-empleados-de-deutsche-bank-se-oponen-a-una-fusion\/\" \/>\n\t<meta name=\"generator\" content=\"All in One SEO Pro (AIOSEO) 4.9.6.2\" \/>\n\t\t<meta property=\"og:locale\" content=\"es_ES\" \/>\n\t\t<meta property=\"og:site_name\" content=\"El Digital de Asturias\" \/>\n\t\t<meta property=\"og:type\" content=\"article\" \/>\n\t\t<meta property=\"og:title\" content=\"Los empleados de Deutsche Bank se oponen a una fusi\u00f3n - El Digital de Asturias\" \/>\n\t\t<meta property=\"og:description\" content=\"Fr\u00e1ncfort, 13 abr (dpa) - Una consulta realizada por el comit\u00e9 de empresa del Deutsche Bank revela que la gran mayor\u00eda de los empleados de la entidad est\u00e1n en contra de una fusi\u00f3n con el Commerzbank, seg\u00fan los resultados a los que tuvo acceso dpa. En la consulta realizada en la mayor instituci\u00f3n financiera de\" \/>\n\t\t<meta property=\"og:url\" content=\"https:\/\/www.eldigitaldeasturias.com\/noticias\/los-empleados-de-deutsche-bank-se-oponen-a-una-fusion\/\" \/>\n\t\t<meta property=\"og:image\" content=\"https:\/\/www.eldigitaldeasturias.com\/noticias\/wp-content\/uploads\/2019\/03\/money-3481699_960_720.jpg\" \/>\n\t\t<meta property=\"og:image:secure_url\" content=\"https:\/\/www.eldigitaldeasturias.com\/noticias\/wp-content\/uploads\/2019\/03\/money-3481699_960_720.jpg\" \/>\n\t\t<meta property=\"og:image:width\" content=\"960\" \/>\n\t\t<meta property=\"og:image:height\" content=\"640\" \/>\n\t\t<meta property=\"article:tag\" content=\"econom\u00eda\" \/>\n\t\t<meta property=\"article:published_time\" content=\"2019-04-13T20:34:20+00:00\" \/>\n\t\t<meta property=\"article:modified_time\" content=\"2019-04-13T20:34:20+00:00\" \/>\n\t\t<meta property=\"article:publisher\" content=\"https:\/\/facebook.com\/eldigitaldeasturias\" \/>\n\t\t<meta name=\"twitter:card\" content=\"summary_large_image\" \/>\n\t\t<meta name=\"twitter:title\" content=\"Los empleados de Deutsche Bank se oponen a una fusi\u00f3n - El Digital de Asturias\" \/>\n\t\t<meta name=\"twitter:description\" content=\"Fr\u00e1ncfort, 13 abr (dpa) - Una consulta realizada por el comit\u00e9 de empresa del Deutsche Bank revela que la gran mayor\u00eda de los empleados de la entidad est\u00e1n en contra de una fusi\u00f3n con el Commerzbank, seg\u00fan los resultados a los que tuvo acceso dpa. En la consulta realizada en la mayor instituci\u00f3n financiera de\" \/>\n\t\t<meta name=\"twitter:image\" content=\"https:\/\/www.eldigitaldeasturias.com\/noticias\/wp-content\/uploads\/2019\/03\/money-3481699_960_720.jpg\" \/>\n\t\t<meta name=\"twitter:label1\" content=\"Escrito por\" \/>\n\t\t<meta name=\"twitter:data1\" content=\"El Digital de Asturias\" \/>\n\t\t<meta name=\"twitter:label2\" content=\"Tiempo de lectura estimado\" \/>\n\t\t<meta name=\"twitter:data2\" content=\"2 minutos\" \/>\n\t\t<script type=\"application\/ld+json\" class=\"aioseo-schema\">\n\t\t\t{\"@context\":\"https:\\\/\\\/schema.org\",\"@graph\":[{\"@type\":\"BlogPosting\",\"@id\":\"https:\\\/\\\/www.eldigitaldeasturias.com\\\/noticias\\\/los-empleados-de-deutsche-bank-se-oponen-a-una-fusion\\\/#blogposting\",\"name\":\"Los empleados de Deutsche Bank se oponen a una fusi\\u00f3n - El Digital de Asturias\",\"headline\":\"Los empleados de Deutsche Bank se oponen a una fusi\\u00f3n\",\"author\":{\"@id\":\"https:\\\/\\\/www.eldigitaldeasturias.com\\\/noticias\\\/author\\\/admin\\\/#author\"},\"publisher\":{\"@id\":\"https:\\\/\\\/www.eldigitaldeasturias.com\\\/noticias\\\/#organization\"},\"image\":{\"@type\":\"ImageObject\",\"url\":\"https:\\\/\\\/www.eldigitaldeasturias.com\\\/noticias\\\/wp-content\\\/uploads\\\/2019\\\/03\\\/money-3481699_960_720.jpg\",\"width\":960,\"height\":640},\"datePublished\":\"2019-04-13T20:34:20+02:00\",\"dateModified\":\"2019-04-13T20:34:20+02:00\",\"inLanguage\":\"es-ES\",\"mainEntityOfPage\":{\"@id\":\"https:\\\/\\\/www.eldigitaldeasturias.com\\\/noticias\\\/los-empleados-de-deutsche-bank-se-oponen-a-una-fusion\\\/#webpage\"},\"isPartOf\":{\"@id\":\"https:\\\/\\\/www.eldigitaldeasturias.com\\\/noticias\\\/los-empleados-de-deutsche-bank-se-oponen-a-una-fusion\\\/#webpage\"},\"articleSection\":\"Econom\\u00eda\"},{\"@type\":\"BreadcrumbList\",\"@id\":\"https:\\\/\\\/www.eldigitaldeasturias.com\\\/noticias\\\/los-empleados-de-deutsche-bank-se-oponen-a-una-fusion\\\/#breadcrumblist\",\"itemListElement\":[{\"@type\":\"ListItem\",\"@id\":\"https:\\\/\\\/www.eldigitaldeasturias.com\\\/noticias#listItem\",\"position\":1,\"name\":\"Home\",\"item\":\"https:\\\/\\\/www.eldigitaldeasturias.com\\\/noticias\",\"nextItem\":{\"@type\":\"ListItem\",\"@id\":\"https:\\\/\\\/www.eldigitaldeasturias.com\\\/noticias\\\/category\\\/economia\\\/#listItem\",\"name\":\"Econom\\u00eda\"}},{\"@type\":\"ListItem\",\"@id\":\"https:\\\/\\\/www.eldigitaldeasturias.com\\\/noticias\\\/category\\\/economia\\\/#listItem\",\"position\":2,\"name\":\"Econom\\u00eda\",\"item\":\"https:\\\/\\\/www.eldigitaldeasturias.com\\\/noticias\\\/category\\\/economia\\\/\",\"nextItem\":{\"@type\":\"ListItem\",\"@id\":\"https:\\\/\\\/www.eldigitaldeasturias.com\\\/noticias\\\/los-empleados-de-deutsche-bank-se-oponen-a-una-fusion\\\/#listItem\",\"name\":\"Los empleados de Deutsche Bank se oponen a una fusi\\u00f3n\"},\"previousItem\":{\"@type\":\"ListItem\",\"@id\":\"https:\\\/\\\/www.eldigitaldeasturias.com\\\/noticias#listItem\",\"name\":\"Home\"}},{\"@type\":\"ListItem\",\"@id\":\"https:\\\/\\\/www.eldigitaldeasturias.com\\\/noticias\\\/los-empleados-de-deutsche-bank-se-oponen-a-una-fusion\\\/#listItem\",\"position\":3,\"name\":\"Los empleados de Deutsche Bank se oponen a una fusi\\u00f3n\",\"previousItem\":{\"@type\":\"ListItem\",\"@id\":\"https:\\\/\\\/www.eldigitaldeasturias.com\\\/noticias\\\/category\\\/economia\\\/#listItem\",\"name\":\"Econom\\u00eda\"}}]},{\"@type\":\"Organization\",\"@id\":\"https:\\\/\\\/www.eldigitaldeasturias.com\\\/noticias\\\/#organization\",\"name\":\"El Digital de Asturias\",\"description\":\"Hemeroteca\",\"url\":\"https:\\\/\\\/www.eldigitaldeasturias.com\\\/noticias\\\/\",\"email\":\"info@eldigitaldeasturias.com\",\"telephone\":\"+34652131393\",\"logo\":{\"@type\":\"ImageObject\",\"url\":\"https:\\\/\\\/www.eldigitaldeasturias.com\\\/noticias\\\/wp-content\\\/uploads\\\/2020\\\/12\\\/EDA.jpg\",\"@id\":\"https:\\\/\\\/www.eldigitaldeasturias.com\\\/noticias\\\/los-empleados-de-deutsche-bank-se-oponen-a-una-fusion\\\/#organizationLogo\",\"width\":649,\"height\":297},\"image\":{\"@id\":\"https:\\\/\\\/www.eldigitaldeasturias.com\\\/noticias\\\/los-empleados-de-deutsche-bank-se-oponen-a-una-fusion\\\/#organizationLogo\"},\"sameAs\":[\"https:\\\/\\\/facebook.com\\\/eldigitaldeasturias\",\"https:\\\/\\\/www.youtube.com\\\/channel\\\/UCZP-2wLEB9Rv6erhFmqVnvg\"],\"address\":{\"@id\":\"https:\\\/\\\/www.eldigitaldeasturias.com\\\/noticias\\\/#postaladdress\",\"@type\":\"PostalAddress\",\"streetAddress\":\"san antonio 4,\",\"postalCode\":\"33430\",\"addressLocality\":\"Cand\\u00e1s\",\"addressRegion\":\"Asturias\",\"addressCountry\":\"ES\"}},{\"@type\":\"Person\",\"@id\":\"https:\\\/\\\/www.eldigitaldeasturias.com\\\/noticias\\\/author\\\/admin\\\/#author\",\"url\":\"https:\\\/\\\/www.eldigitaldeasturias.com\\\/noticias\\\/author\\\/admin\\\/\",\"name\":\"El Digital de Asturias\",\"image\":{\"@type\":\"ImageObject\",\"@id\":\"https:\\\/\\\/www.eldigitaldeasturias.com\\\/noticias\\\/los-empleados-de-deutsche-bank-se-oponen-a-una-fusion\\\/#authorImage\",\"url\":\"https:\\\/\\\/www.eldigitaldeasturias.com\\\/noticias\\\/wp-content\\\/litespeed\\\/avatar\\\/18677e78aa0546b92d9dbf31ec7d7668.jpg?ver=1776685526\",\"width\":96,\"height\":96,\"caption\":\"El Digital de Asturias\"}},{\"@type\":\"WebPage\",\"@id\":\"https:\\\/\\\/www.eldigitaldeasturias.com\\\/noticias\\\/los-empleados-de-deutsche-bank-se-oponen-a-una-fusion\\\/#webpage\",\"url\":\"https:\\\/\\\/www.eldigitaldeasturias.com\\\/noticias\\\/los-empleados-de-deutsche-bank-se-oponen-a-una-fusion\\\/\",\"name\":\"Los empleados de Deutsche Bank se oponen a una fusi\\u00f3n - El Digital de Asturias\",\"description\":\"Fr\\u00e1ncfort, 13 abr (dpa) - Una consulta realizada por el comit\\u00e9 de empresa del Deutsche Bank revela que la gran mayor\\u00eda de los empleados de la entidad est\\u00e1n en contra de una fusi\\u00f3n con el Commerzbank, seg\\u00fan los resultados a los que tuvo acceso dpa. En la consulta realizada en la mayor instituci\\u00f3n financiera de\",\"inLanguage\":\"es-ES\",\"isPartOf\":{\"@id\":\"https:\\\/\\\/www.eldigitaldeasturias.com\\\/noticias\\\/#website\"},\"breadcrumb\":{\"@id\":\"https:\\\/\\\/www.eldigitaldeasturias.com\\\/noticias\\\/los-empleados-de-deutsche-bank-se-oponen-a-una-fusion\\\/#breadcrumblist\"},\"author\":{\"@id\":\"https:\\\/\\\/www.eldigitaldeasturias.com\\\/noticias\\\/author\\\/admin\\\/#author\"},\"creator\":{\"@id\":\"https:\\\/\\\/www.eldigitaldeasturias.com\\\/noticias\\\/author\\\/admin\\\/#author\"},\"image\":{\"@type\":\"ImageObject\",\"url\":\"https:\\\/\\\/www.eldigitaldeasturias.com\\\/noticias\\\/wp-content\\\/uploads\\\/2019\\\/03\\\/money-3481699_960_720.jpg\",\"@id\":\"https:\\\/\\\/www.eldigitaldeasturias.com\\\/noticias\\\/los-empleados-de-deutsche-bank-se-oponen-a-una-fusion\\\/#mainImage\",\"width\":960,\"height\":640},\"primaryImageOfPage\":{\"@id\":\"https:\\\/\\\/www.eldigitaldeasturias.com\\\/noticias\\\/los-empleados-de-deutsche-bank-se-oponen-a-una-fusion\\\/#mainImage\"},\"datePublished\":\"2019-04-13T20:34:20+02:00\",\"dateModified\":\"2019-04-13T20:34:20+02:00\"},{\"@type\":\"WebSite\",\"@id\":\"https:\\\/\\\/www.eldigitaldeasturias.com\\\/noticias\\\/#website\",\"url\":\"https:\\\/\\\/www.eldigitaldeasturias.com\\\/noticias\\\/\",\"name\":\"El Digital de Asturias - Diario de actualidad y noticias\",\"alternateName\":\"El Digital de Asturias - Diario de actualidad y noticias\",\"description\":\"Hemeroteca\",\"inLanguage\":\"es-ES\",\"publisher\":{\"@id\":\"https:\\\/\\\/www.eldigitaldeasturias.com\\\/noticias\\\/#organization\"}}]}\n\t\t<\/script>\n\t\t<!-- All in One SEO Pro -->\r\n\t\t<title>Los empleados de Deutsche Bank se oponen a una fusi\u00f3n - El Digital de Asturias<\/title>\n\n","aioseo_head_json":{"title":"Los empleados de Deutsche Bank se oponen a una fusi\u00f3n - El Digital de Asturias","description":"Fr\u00e1ncfort, 13 abr (dpa) - Una consulta realizada por el comit\u00e9 de empresa del Deutsche Bank revela que la gran mayor\u00eda de los empleados de la entidad est\u00e1n en contra de una fusi\u00f3n con el Commerzbank, seg\u00fan los resultados a los que tuvo acceso dpa. En la consulta realizada en la mayor instituci\u00f3n financiera de","canonical_url":"https:\/\/www.eldigitaldeasturias.com\/noticias\/los-empleados-de-deutsche-bank-se-oponen-a-una-fusion\/","robots":"max-image-preview:large","keywords":"econom\u00eda","webmasterTools":{"google-site-verification":"UA-38556648-1","msvalidate.01":"7dfe9f3f1b24437ab69f4f2559babe99","miscellaneous":""},"schema":{"@context":"https:\/\/schema.org","@graph":[{"@type":"BlogPosting","@id":"https:\/\/www.eldigitaldeasturias.com\/noticias\/los-empleados-de-deutsche-bank-se-oponen-a-una-fusion\/#blogposting","name":"Los empleados de Deutsche Bank se oponen a una fusi\u00f3n - El Digital de Asturias","headline":"Los empleados de Deutsche Bank se oponen a una fusi\u00f3n","author":{"@id":"https:\/\/www.eldigitaldeasturias.com\/noticias\/author\/admin\/#author"},"publisher":{"@id":"https:\/\/www.eldigitaldeasturias.com\/noticias\/#organization"},"image":{"@type":"ImageObject","url":"https:\/\/www.eldigitaldeasturias.com\/noticias\/wp-content\/uploads\/2019\/03\/money-3481699_960_720.jpg","width":960,"height":640},"datePublished":"2019-04-13T20:34:20+02:00","dateModified":"2019-04-13T20:34:20+02:00","inLanguage":"es-ES","mainEntityOfPage":{"@id":"https:\/\/www.eldigitaldeasturias.com\/noticias\/los-empleados-de-deutsche-bank-se-oponen-a-una-fusion\/#webpage"},"isPartOf":{"@id":"https:\/\/www.eldigitaldeasturias.com\/noticias\/los-empleados-de-deutsche-bank-se-oponen-a-una-fusion\/#webpage"},"articleSection":"Econom\u00eda"},{"@type":"BreadcrumbList","@id":"https:\/\/www.eldigitaldeasturias.com\/noticias\/los-empleados-de-deutsche-bank-se-oponen-a-una-fusion\/#breadcrumblist","itemListElement":[{"@type":"ListItem","@id":"https:\/\/www.eldigitaldeasturias.com\/noticias#listItem","position":1,"name":"Home","item":"https:\/\/www.eldigitaldeasturias.com\/noticias","nextItem":{"@type":"ListItem","@id":"https:\/\/www.eldigitaldeasturias.com\/noticias\/category\/economia\/#listItem","name":"Econom\u00eda"}},{"@type":"ListItem","@id":"https:\/\/www.eldigitaldeasturias.com\/noticias\/category\/economia\/#listItem","position":2,"name":"Econom\u00eda","item":"https:\/\/www.eldigitaldeasturias.com\/noticias\/category\/economia\/","nextItem":{"@type":"ListItem","@id":"https:\/\/www.eldigitaldeasturias.com\/noticias\/los-empleados-de-deutsche-bank-se-oponen-a-una-fusion\/#listItem","name":"Los empleados de Deutsche Bank se oponen a una fusi\u00f3n"},"previousItem":{"@type":"ListItem","@id":"https:\/\/www.eldigitaldeasturias.com\/noticias#listItem","name":"Home"}},{"@type":"ListItem","@id":"https:\/\/www.eldigitaldeasturias.com\/noticias\/los-empleados-de-deutsche-bank-se-oponen-a-una-fusion\/#listItem","position":3,"name":"Los empleados de Deutsche Bank se oponen a una fusi\u00f3n","previousItem":{"@type":"ListItem","@id":"https:\/\/www.eldigitaldeasturias.com\/noticias\/category\/economia\/#listItem","name":"Econom\u00eda"}}]},{"@type":"Organization","@id":"https:\/\/www.eldigitaldeasturias.com\/noticias\/#organization","name":"El Digital de Asturias","description":"Hemeroteca","url":"https:\/\/www.eldigitaldeasturias.com\/noticias\/","email":"info@eldigitaldeasturias.com","telephone":"+34652131393","logo":{"@type":"ImageObject","url":"https:\/\/www.eldigitaldeasturias.com\/noticias\/wp-content\/uploads\/2020\/12\/EDA.jpg","@id":"https:\/\/www.eldigitaldeasturias.com\/noticias\/los-empleados-de-deutsche-bank-se-oponen-a-una-fusion\/#organizationLogo","width":649,"height":297},"image":{"@id":"https:\/\/www.eldigitaldeasturias.com\/noticias\/los-empleados-de-deutsche-bank-se-oponen-a-una-fusion\/#organizationLogo"},"sameAs":["https:\/\/facebook.com\/eldigitaldeasturias","https:\/\/www.youtube.com\/channel\/UCZP-2wLEB9Rv6erhFmqVnvg"],"address":{"@id":"https:\/\/www.eldigitaldeasturias.com\/noticias\/#postaladdress","@type":"PostalAddress","streetAddress":"san antonio 4,","postalCode":"33430","addressLocality":"Cand\u00e1s","addressRegion":"Asturias","addressCountry":"ES"}},{"@type":"Person","@id":"https:\/\/www.eldigitaldeasturias.com\/noticias\/author\/admin\/#author","url":"https:\/\/www.eldigitaldeasturias.com\/noticias\/author\/admin\/","name":"El Digital de Asturias","image":{"@type":"ImageObject","@id":"https:\/\/www.eldigitaldeasturias.com\/noticias\/los-empleados-de-deutsche-bank-se-oponen-a-una-fusion\/#authorImage","url":"https:\/\/www.eldigitaldeasturias.com\/noticias\/wp-content\/litespeed\/avatar\/18677e78aa0546b92d9dbf31ec7d7668.jpg?ver=1776685526","width":96,"height":96,"caption":"El Digital de Asturias"}},{"@type":"WebPage","@id":"https:\/\/www.eldigitaldeasturias.com\/noticias\/los-empleados-de-deutsche-bank-se-oponen-a-una-fusion\/#webpage","url":"https:\/\/www.eldigitaldeasturias.com\/noticias\/los-empleados-de-deutsche-bank-se-oponen-a-una-fusion\/","name":"Los empleados de Deutsche Bank se oponen a una fusi\u00f3n - El Digital de Asturias","description":"Fr\u00e1ncfort, 13 abr (dpa) - Una consulta realizada por el comit\u00e9 de empresa del Deutsche Bank revela que la gran mayor\u00eda de los empleados de la entidad est\u00e1n en contra de una fusi\u00f3n con el Commerzbank, seg\u00fan los resultados a los que tuvo acceso dpa. En la consulta realizada en la mayor instituci\u00f3n financiera de","inLanguage":"es-ES","isPartOf":{"@id":"https:\/\/www.eldigitaldeasturias.com\/noticias\/#website"},"breadcrumb":{"@id":"https:\/\/www.eldigitaldeasturias.com\/noticias\/los-empleados-de-deutsche-bank-se-oponen-a-una-fusion\/#breadcrumblist"},"author":{"@id":"https:\/\/www.eldigitaldeasturias.com\/noticias\/author\/admin\/#author"},"creator":{"@id":"https:\/\/www.eldigitaldeasturias.com\/noticias\/author\/admin\/#author"},"image":{"@type":"ImageObject","url":"https:\/\/www.eldigitaldeasturias.com\/noticias\/wp-content\/uploads\/2019\/03\/money-3481699_960_720.jpg","@id":"https:\/\/www.eldigitaldeasturias.com\/noticias\/los-empleados-de-deutsche-bank-se-oponen-a-una-fusion\/#mainImage","width":960,"height":640},"primaryImageOfPage":{"@id":"https:\/\/www.eldigitaldeasturias.com\/noticias\/los-empleados-de-deutsche-bank-se-oponen-a-una-fusion\/#mainImage"},"datePublished":"2019-04-13T20:34:20+02:00","dateModified":"2019-04-13T20:34:20+02:00"},{"@type":"WebSite","@id":"https:\/\/www.eldigitaldeasturias.com\/noticias\/#website","url":"https:\/\/www.eldigitaldeasturias.com\/noticias\/","name":"El Digital de Asturias - Diario de actualidad y noticias","alternateName":"El Digital de Asturias - Diario de actualidad y noticias","description":"Hemeroteca","inLanguage":"es-ES","publisher":{"@id":"https:\/\/www.eldigitaldeasturias.com\/noticias\/#organization"}}]},"og:locale":"es_ES","og:site_name":"El Digital de Asturias","og:type":"article","og:title":"Los empleados de Deutsche Bank se oponen a una fusi\u00f3n - El Digital de Asturias","og:description":"Fr\u00e1ncfort, 13 abr (dpa) - Una consulta realizada por el comit\u00e9 de empresa del Deutsche Bank revela que la gran mayor\u00eda de los empleados de la entidad est\u00e1n en contra de una fusi\u00f3n con el Commerzbank, seg\u00fan los resultados a los que tuvo acceso dpa. En la consulta realizada en la mayor instituci\u00f3n financiera de","og:url":"https:\/\/www.eldigitaldeasturias.com\/noticias\/los-empleados-de-deutsche-bank-se-oponen-a-una-fusion\/","og:image":"https:\/\/www.eldigitaldeasturias.com\/noticias\/wp-content\/uploads\/2019\/03\/money-3481699_960_720.jpg","og:image:secure_url":"https:\/\/www.eldigitaldeasturias.com\/noticias\/wp-content\/uploads\/2019\/03\/money-3481699_960_720.jpg","og:image:width":960,"og:image:height":640,"article:tag":["econom\u00eda"],"article:published_time":"2019-04-13T20:34:20+00:00","article:modified_time":"2019-04-13T20:34:20+00:00","article:publisher":"https:\/\/facebook.com\/eldigitaldeasturias","twitter:card":"summary_large_image","twitter:title":"Los empleados de Deutsche Bank se oponen a una fusi\u00f3n - El Digital de Asturias","twitter:description":"Fr\u00e1ncfort, 13 abr (dpa) - Una consulta realizada por el comit\u00e9 de empresa del Deutsche Bank revela que la gran mayor\u00eda de los empleados de la entidad est\u00e1n en contra de una fusi\u00f3n con el Commerzbank, seg\u00fan los resultados a los que tuvo acceso dpa. En la consulta realizada en la mayor instituci\u00f3n financiera de","twitter:image":"https:\/\/www.eldigitaldeasturias.com\/noticias\/wp-content\/uploads\/2019\/03\/money-3481699_960_720.jpg","twitter:label1":"Escrito por","twitter:data1":"El Digital de Asturias","twitter:label2":"Tiempo de lectura estimado","twitter:data2":"2 minutos"},"aioseo_meta_data":{"post_id":"1023919","title":null,"description":null,"keywords":null,"keyphrases":null,"primary_term":null,"canonical_url":null,"og_title":null,"og_description":null,"og_object_type":"default","og_image_type":"default","og_image_url":null,"og_image_width":null,"og_image_height":null,"og_image_custom_url":null,"og_image_custom_fields":null,"og_video":null,"og_custom_url":null,"og_article_section":null,"og_article_tags":null,"twitter_use_og":false,"twitter_card":"default","twitter_image_type":"default","twitter_image_url":null,"twitter_image_custom_url":null,"twitter_image_custom_fields":null,"twitter_title":null,"twitter_description":null,"schema":{"blockGraphs":[],"customGraphs":[],"default":{"data":{"Article":[],"Course":[],"Dataset":[],"FAQPage":[],"Movie":[],"Person":[],"Product":[],"ProductReview":[],"Car":[],"Recipe":[],"Service":[],"SoftwareApplication":[],"WebPage":[]},"graphName":"","isEnabled":true},"graphs":[],"defaultGraph":"","defaultPostTypeGraph":""},"schema_type":null,"schema_type_options":null,"pillar_content":false,"robots_default":true,"robots_noindex":false,"robots_noarchive":false,"robots_nosnippet":false,"robots_nofollow":false,"robots_noimageindex":false,"robots_noodp":false,"robots_notranslate":false,"robots_max_snippet":null,"robots_max_videopreview":null,"robots_max_imagepreview":"large","priority":null,"frequency":null,"local_seo":null,"seo_analyzer_scan_date":"2025-10-17 15:15:13","breadcrumb_settings":null,"limit_modified_date":false,"open_ai":null,"ai":null,"created":"2020-12-21 11:15:05","updated":"2025-10-17 15:15:13"},"aioseo_breadcrumb":"<div class=\"aioseo-breadcrumbs\"><span class=\"aioseo-breadcrumb\">\n\t<a href=\"https:\/\/www.eldigitaldeasturias.com\/noticias\" title=\"Home\">Home<\/a>\n<\/span><span class=\"aioseo-breadcrumb-separator\">\u2013<\/span><span class=\"aioseo-breadcrumb\">\n\t<a href=\"https:\/\/www.eldigitaldeasturias.com\/noticias\/category\/economia\/\" title=\"Econom\u00eda\">Econom\u00eda<\/a>\n<\/span><span class=\"aioseo-breadcrumb-separator\">\u2013<\/span><span class=\"aioseo-breadcrumb\">\n\t<a href=\"https:\/\/www.eldigitaldeasturias.com\/noticias\/los-empleados-de-deutsche-bank-se-oponen-a-una-fusion\/\" title=\"Los empleados de Deutsche Bank se oponen a una fusi\u00f3n\">Los empleados de Deutsche Bank se oponen a una fusi\u00f3n<\/a>\n<\/span><\/div>","aioseo_breadcrumb_json":[{"label":"Home","link":"https:\/\/www.eldigitaldeasturias.com\/noticias"},{"label":"Econom\u00eda","link":"https:\/\/www.eldigitaldeasturias.com\/noticias\/category\/economia\/"},{"label":"Los empleados de Deutsche Bank se oponen a una fusi\u00f3n","link":"https:\/\/www.eldigitaldeasturias.com\/noticias\/los-empleados-de-deutsche-bank-se-oponen-a-una-fusion\/"}],"_links":{"self":[{"href":"https:\/\/www.eldigitaldeasturias.com\/noticias\/wp-json\/wp\/v2\/posts\/1023919","targetHints":{"allow":["GET"]}}],"collection":[{"href":"https:\/\/www.eldigitaldeasturias.com\/noticias\/wp-json\/wp\/v2\/posts"}],"about":[{"href":"https:\/\/www.eldigitaldeasturias.com\/noticias\/wp-json\/wp\/v2\/types\/post"}],"author":[{"embeddable":true,"href":"https:\/\/www.eldigitaldeasturias.com\/noticias\/wp-json\/wp\/v2\/users\/1"}],"replies":[{"embeddable":true,"href":"https:\/\/www.eldigitaldeasturias.com\/noticias\/wp-json\/wp\/v2\/comments?post=1023919"}],"version-history":[{"count":0,"href":"https:\/\/www.eldigitaldeasturias.com\/noticias\/wp-json\/wp\/v2\/posts\/1023919\/revisions"}],"wp:featuredmedia":[{"embeddable":true,"href":"https:\/\/www.eldigitaldeasturias.com\/noticias\/wp-json\/wp\/v2\/media\/1022084"}],"wp:attachment":[{"href":"https:\/\/www.eldigitaldeasturias.com\/noticias\/wp-json\/wp\/v2\/media?parent=1023919"}],"wp:term":[{"taxonomy":"category","embeddable":true,"href":"https:\/\/www.eldigitaldeasturias.com\/noticias\/wp-json\/wp\/v2\/categories?post=1023919"},{"taxonomy":"post_tag","embeddable":true,"href":"https:\/\/www.eldigitaldeasturias.com\/noticias\/wp-json\/wp\/v2\/tags?post=1023919"}],"curies":[{"name":"wp","href":"https:\/\/api.w.org\/{rel}","templated":true}]}}