{"id":1023917,"date":"2019-04-13T20:30:48","date_gmt":"2019-04-13T20:30:48","guid":{"rendered":"https:\/\/www.eldigitaldeasturias.com\/noticias\/?p=1023917"},"modified":"2019-04-13T20:30:48","modified_gmt":"2019-04-13T20:30:48","slug":"vettel-evita-hablar-de-su-futuro-mas-alla-de-su-contrato-hasta-2020","status":"publish","type":"post","link":"https:\/\/www.eldigitaldeasturias.com\/noticias\/vettel-evita-hablar-de-su-futuro-mas-alla-de-su-contrato-hasta-2020\/","title":{"rendered":"Vettel evita hablar de su futuro m\u00e1s all\u00e1 de su contrato hasta 2020"},"content":{"rendered":"<p><img loading=\"lazy\" decoding=\"async\" class=\"alignleft size-medium wp-image-972685\" src=\"https:\/\/www.eldigitaldeasturias.com\/noticias\/wp-content\/uploads\/2018\/03\/formula-1-630147_1280-360x239.jpg\" alt=\"\" width=\"360\" height=\"239\" srcset=\"https:\/\/www.eldigitaldeasturias.com\/noticias\/wp-content\/uploads\/2018\/03\/formula-1-630147_1280-360x239.jpg 360w, https:\/\/www.eldigitaldeasturias.com\/noticias\/wp-content\/uploads\/2018\/03\/formula-1-630147_1280-451x300.jpg 451w, https:\/\/www.eldigitaldeasturias.com\/noticias\/wp-content\/uploads\/2018\/03\/formula-1-630147_1280-768x511.jpg 768w, https:\/\/www.eldigitaldeasturias.com\/noticias\/wp-content\/uploads\/2018\/03\/formula-1-630147_1280-690x459.jpg 690w, https:\/\/www.eldigitaldeasturias.com\/noticias\/wp-content\/uploads\/2018\/03\/formula-1-630147_1280-1024x681.jpg 1024w, https:\/\/www.eldigitaldeasturias.com\/noticias\/wp-content\/uploads\/2018\/03\/formula-1-630147_1280-20x13.jpg 20w, https:\/\/www.eldigitaldeasturias.com\/noticias\/wp-content\/uploads\/2018\/03\/formula-1-630147_1280.jpg 1280w\" sizes=\"auto, (max-width: 360px) 100vw, 360px\" \/>Shanghai, 13 abr (dpa) &#8211; El piloto alem\u00e1n de Ferrari, Sebastian Vettel, descart\u00f3 predecir su futuro en la F\u00f3rmula 1 despu\u00e9s de la finalizaci\u00f3n de su actual contrato, dijo hoy el cuatro veces campe\u00f3n del mundo en el paddock del Gran Premio de China.<\/p>\n<p>\u00abPara ser sincero, no lo s\u00e9\u00bb, afirm\u00f3 Vettel, cuyo contrato con Ferrari vence al final de la temporada 2020, cuando el alem\u00e1n tendr\u00e1 33 a\u00f1os.<\/p>\n<p>Hace poco, Vettel tambi\u00e9n evit\u00f3 hablar sobre su futuro en la F\u00f3rmula 1 despu\u00e9s de 2020 con el peri\u00f3dico brit\u00e1nico \u00abSunday Times\u00bb. En la ocasi\u00f3n, el germano mencion\u00f3 tambi\u00e9n los cambios en la reglamentaci\u00f3n, que deber\u00edan llegar en la temporada 2021.<\/p>\n<p>En general, a \u00e9l le fascinan las carreras, se\u00f1al\u00f3 el piloto en el Circuito Internacional de Shanghai.<\/p>\n<p>\u00abMe encanta la sensaci\u00f3n de velocidad y luchar contra los otros pilotos. Hay muchas cosas que realmente me gustan y que llegar\u00eda a extra\u00f1ar. Por eso no es ninguna opci\u00f3n dejarlo ma\u00f1ana\u00bb, recalc\u00f3 Vettel.<\/p>\n<p>El alem\u00e1n compite en la F\u00f3rmula 1 desde mediados de 2007. Pas\u00f3 por las escuder\u00edas BMW Sauber, Toro Rosso y Red Bull, con la que logr\u00f3 los cuatro t\u00edtulos del Mundial en 2010, 2011, 2012 y 2013. Desde 2015 est\u00e1 en Ferrari.<\/p>\n<p>En la b\u00fasqueda del t\u00edtulo con la marca italiana, el piloto conf\u00eda en que finalmente se cumpla en el quinto intento. \u00abSoy muy autocr\u00edtico, muy ambicioso y espero mucho de m\u00ed mismo\u00bb, concluy\u00f3 Vettel.<\/p>\n","protected":false},"excerpt":{"rendered":"<p>Shanghai, 13 abr (dpa) &#8211; El piloto alem\u00e1n de Ferrari, Sebastian Vettel, descart\u00f3 predecir su futuro en la F\u00f3rmula 1 despu\u00e9s de la finalizaci\u00f3n de su actual contrato, dijo hoy el cuatro veces campe\u00f3n del mundo en el paddock del Gran Premio de China. \u00abPara ser sincero, no lo s\u00e9\u00bb, afirm\u00f3 Vettel, cuyo contrato con [&hellip;]<\/p>\n","protected":false},"author":1,"featured_media":970324,"comment_status":"closed","ping_status":"closed","sticky":false,"template":"","format":"standard","meta":{"footnotes":""},"categories":[190],"tags":[],"class_list":["post-1023917","post","type-post","status-publish","format-standard","has-post-thumbnail","hentry","category-deportes"],"aioseo_notices":[],"aioseo_head":"\n\t\t<!-- All in One SEO Pro 4.9.6.2 - aioseo.com -->\n\t<meta name=\"description\" content=\"Shanghai, 13 abr (dpa) - El piloto alem\u00e1n de Ferrari, Sebastian Vettel, descart\u00f3 predecir su futuro en la F\u00f3rmula 1 despu\u00e9s de la finalizaci\u00f3n de su actual contrato, dijo hoy el cuatro veces campe\u00f3n del mundo en el paddock del Gran Premio de China. &quot;Para ser sincero, no lo s\u00e9&quot;, afirm\u00f3 Vettel, cuyo contrato con\" \/>\n\t<meta name=\"robots\" content=\"max-image-preview:large\" \/>\n\t<meta name=\"author\" content=\"El Digital de Asturias\"\/>\n\t<meta name=\"google-site-verification\" content=\"UA-38556648-1\" \/>\n\t<meta name=\"msvalidate.01\" content=\"7dfe9f3f1b24437ab69f4f2559babe99\" \/>\n\t<meta name=\"keywords\" content=\"deportes\" \/>\n\t<link rel=\"canonical\" href=\"https:\/\/www.eldigitaldeasturias.com\/noticias\/vettel-evita-hablar-de-su-futuro-mas-alla-de-su-contrato-hasta-2020\/\" \/>\n\t<meta name=\"generator\" content=\"All in One SEO Pro (AIOSEO) 4.9.6.2\" \/>\n\t\t<meta property=\"og:locale\" content=\"es_ES\" \/>\n\t\t<meta property=\"og:site_name\" content=\"El Digital de Asturias\" \/>\n\t\t<meta property=\"og:type\" content=\"article\" \/>\n\t\t<meta property=\"og:title\" content=\"Vettel evita hablar de su futuro m\u00e1s all\u00e1 de su contrato hasta 2020 - El Digital de Asturias\" \/>\n\t\t<meta property=\"og:description\" content=\"Shanghai, 13 abr (dpa) - El piloto alem\u00e1n de Ferrari, Sebastian Vettel, descart\u00f3 predecir su futuro en la F\u00f3rmula 1 despu\u00e9s de la finalizaci\u00f3n de su actual contrato, dijo hoy el cuatro veces campe\u00f3n del mundo en el paddock del Gran Premio de China. &quot;Para ser sincero, no lo s\u00e9&quot;, afirm\u00f3 Vettel, cuyo contrato con\" \/>\n\t\t<meta property=\"og:url\" content=\"https:\/\/www.eldigitaldeasturias.com\/noticias\/vettel-evita-hablar-de-su-futuro-mas-alla-de-su-contrato-hasta-2020\/\" \/>\n\t\t<meta property=\"og:image\" content=\"https:\/\/www.eldigitaldeasturias.com\/noticias\/wp-content\/uploads\/2018\/02\/formula-1-630147_1280-1.jpg\" \/>\n\t\t<meta property=\"og:image:secure_url\" content=\"https:\/\/www.eldigitaldeasturias.com\/noticias\/wp-content\/uploads\/2018\/02\/formula-1-630147_1280-1.jpg\" \/>\n\t\t<meta property=\"og:image:width\" content=\"1280\" \/>\n\t\t<meta property=\"og:image:height\" content=\"851\" \/>\n\t\t<meta property=\"article:tag\" content=\"deportes\" \/>\n\t\t<meta property=\"article:published_time\" content=\"2019-04-13T20:30:48+00:00\" \/>\n\t\t<meta property=\"article:modified_time\" content=\"2019-04-13T20:30:48+00:00\" \/>\n\t\t<meta property=\"article:publisher\" content=\"https:\/\/facebook.com\/eldigitaldeasturias\" \/>\n\t\t<meta name=\"twitter:card\" content=\"summary_large_image\" \/>\n\t\t<meta name=\"twitter:title\" content=\"Vettel evita hablar de su futuro m\u00e1s all\u00e1 de su contrato hasta 2020 - El Digital de Asturias\" \/>\n\t\t<meta name=\"twitter:description\" content=\"Shanghai, 13 abr (dpa) - El piloto alem\u00e1n de Ferrari, Sebastian Vettel, descart\u00f3 predecir su futuro en la F\u00f3rmula 1 despu\u00e9s de la finalizaci\u00f3n de su actual contrato, dijo hoy el cuatro veces campe\u00f3n del mundo en el paddock del Gran Premio de China. &quot;Para ser sincero, no lo s\u00e9&quot;, afirm\u00f3 Vettel, cuyo contrato con\" \/>\n\t\t<meta name=\"twitter:image\" content=\"https:\/\/www.eldigitaldeasturias.com\/noticias\/wp-content\/uploads\/2018\/02\/formula-1-630147_1280-1.jpg\" \/>\n\t\t<meta name=\"twitter:label1\" content=\"Escrito por\" \/>\n\t\t<meta name=\"twitter:data1\" content=\"El Digital de Asturias\" \/>\n\t\t<meta name=\"twitter:label2\" content=\"Tiempo de lectura estimado\" \/>\n\t\t<meta name=\"twitter:data2\" content=\"1 minuto\" \/>\n\t\t<script type=\"application\/ld+json\" class=\"aioseo-schema\">\n\t\t\t{\"@context\":\"https:\\\/\\\/schema.org\",\"@graph\":[{\"@type\":\"BlogPosting\",\"@id\":\"https:\\\/\\\/www.eldigitaldeasturias.com\\\/noticias\\\/vettel-evita-hablar-de-su-futuro-mas-alla-de-su-contrato-hasta-2020\\\/#blogposting\",\"name\":\"Vettel evita hablar de su futuro m\\u00e1s all\\u00e1 de su contrato hasta 2020 - El Digital de Asturias\",\"headline\":\"Vettel evita hablar de su futuro m\\u00e1s all\\u00e1 de su contrato hasta 2020\",\"author\":{\"@id\":\"https:\\\/\\\/www.eldigitaldeasturias.com\\\/noticias\\\/author\\\/admin\\\/#author\"},\"publisher\":{\"@id\":\"https:\\\/\\\/www.eldigitaldeasturias.com\\\/noticias\\\/#organization\"},\"image\":{\"@type\":\"ImageObject\",\"url\":\"https:\\\/\\\/www.eldigitaldeasturias.com\\\/noticias\\\/wp-content\\\/uploads\\\/2018\\\/02\\\/formula-1-630147_1280-1.jpg\",\"width\":1280,\"height\":851},\"datePublished\":\"2019-04-13T20:30:48+02:00\",\"dateModified\":\"2019-04-13T20:30:48+02:00\",\"inLanguage\":\"es-ES\",\"mainEntityOfPage\":{\"@id\":\"https:\\\/\\\/www.eldigitaldeasturias.com\\\/noticias\\\/vettel-evita-hablar-de-su-futuro-mas-alla-de-su-contrato-hasta-2020\\\/#webpage\"},\"isPartOf\":{\"@id\":\"https:\\\/\\\/www.eldigitaldeasturias.com\\\/noticias\\\/vettel-evita-hablar-de-su-futuro-mas-alla-de-su-contrato-hasta-2020\\\/#webpage\"},\"articleSection\":\"Deportes\"},{\"@type\":\"BreadcrumbList\",\"@id\":\"https:\\\/\\\/www.eldigitaldeasturias.com\\\/noticias\\\/vettel-evita-hablar-de-su-futuro-mas-alla-de-su-contrato-hasta-2020\\\/#breadcrumblist\",\"itemListElement\":[{\"@type\":\"ListItem\",\"@id\":\"https:\\\/\\\/www.eldigitaldeasturias.com\\\/noticias#listItem\",\"position\":1,\"name\":\"Home\",\"item\":\"https:\\\/\\\/www.eldigitaldeasturias.com\\\/noticias\",\"nextItem\":{\"@type\":\"ListItem\",\"@id\":\"https:\\\/\\\/www.eldigitaldeasturias.com\\\/noticias\\\/category\\\/deportes\\\/#listItem\",\"name\":\"Deportes\"}},{\"@type\":\"ListItem\",\"@id\":\"https:\\\/\\\/www.eldigitaldeasturias.com\\\/noticias\\\/category\\\/deportes\\\/#listItem\",\"position\":2,\"name\":\"Deportes\",\"item\":\"https:\\\/\\\/www.eldigitaldeasturias.com\\\/noticias\\\/category\\\/deportes\\\/\",\"nextItem\":{\"@type\":\"ListItem\",\"@id\":\"https:\\\/\\\/www.eldigitaldeasturias.com\\\/noticias\\\/vettel-evita-hablar-de-su-futuro-mas-alla-de-su-contrato-hasta-2020\\\/#listItem\",\"name\":\"Vettel evita hablar de su futuro m\\u00e1s all\\u00e1 de su contrato hasta 2020\"},\"previousItem\":{\"@type\":\"ListItem\",\"@id\":\"https:\\\/\\\/www.eldigitaldeasturias.com\\\/noticias#listItem\",\"name\":\"Home\"}},{\"@type\":\"ListItem\",\"@id\":\"https:\\\/\\\/www.eldigitaldeasturias.com\\\/noticias\\\/vettel-evita-hablar-de-su-futuro-mas-alla-de-su-contrato-hasta-2020\\\/#listItem\",\"position\":3,\"name\":\"Vettel evita hablar de su futuro m\\u00e1s all\\u00e1 de su contrato hasta 2020\",\"previousItem\":{\"@type\":\"ListItem\",\"@id\":\"https:\\\/\\\/www.eldigitaldeasturias.com\\\/noticias\\\/category\\\/deportes\\\/#listItem\",\"name\":\"Deportes\"}}]},{\"@type\":\"Organization\",\"@id\":\"https:\\\/\\\/www.eldigitaldeasturias.com\\\/noticias\\\/#organization\",\"name\":\"El Digital de Asturias\",\"description\":\"Hemeroteca\",\"url\":\"https:\\\/\\\/www.eldigitaldeasturias.com\\\/noticias\\\/\",\"email\":\"info@eldigitaldeasturias.com\",\"telephone\":\"+34652131393\",\"logo\":{\"@type\":\"ImageObject\",\"url\":\"https:\\\/\\\/www.eldigitaldeasturias.com\\\/noticias\\\/wp-content\\\/uploads\\\/2020\\\/12\\\/EDA.jpg\",\"@id\":\"https:\\\/\\\/www.eldigitaldeasturias.com\\\/noticias\\\/vettel-evita-hablar-de-su-futuro-mas-alla-de-su-contrato-hasta-2020\\\/#organizationLogo\",\"width\":649,\"height\":297},\"image\":{\"@id\":\"https:\\\/\\\/www.eldigitaldeasturias.com\\\/noticias\\\/vettel-evita-hablar-de-su-futuro-mas-alla-de-su-contrato-hasta-2020\\\/#organizationLogo\"},\"sameAs\":[\"https:\\\/\\\/facebook.com\\\/eldigitaldeasturias\",\"https:\\\/\\\/www.youtube.com\\\/channel\\\/UCZP-2wLEB9Rv6erhFmqVnvg\"],\"address\":{\"@id\":\"https:\\\/\\\/www.eldigitaldeasturias.com\\\/noticias\\\/#postaladdress\",\"@type\":\"PostalAddress\",\"streetAddress\":\"san antonio 4,\",\"postalCode\":\"33430\",\"addressLocality\":\"Cand\\u00e1s\",\"addressRegion\":\"Asturias\",\"addressCountry\":\"ES\"}},{\"@type\":\"Person\",\"@id\":\"https:\\\/\\\/www.eldigitaldeasturias.com\\\/noticias\\\/author\\\/admin\\\/#author\",\"url\":\"https:\\\/\\\/www.eldigitaldeasturias.com\\\/noticias\\\/author\\\/admin\\\/\",\"name\":\"El Digital de Asturias\",\"image\":{\"@type\":\"ImageObject\",\"@id\":\"https:\\\/\\\/www.eldigitaldeasturias.com\\\/noticias\\\/vettel-evita-hablar-de-su-futuro-mas-alla-de-su-contrato-hasta-2020\\\/#authorImage\",\"url\":\"https:\\\/\\\/www.eldigitaldeasturias.com\\\/noticias\\\/wp-content\\\/litespeed\\\/avatar\\\/18677e78aa0546b92d9dbf31ec7d7668.jpg?ver=1777290358\",\"width\":96,\"height\":96,\"caption\":\"El Digital de Asturias\"}},{\"@type\":\"WebPage\",\"@id\":\"https:\\\/\\\/www.eldigitaldeasturias.com\\\/noticias\\\/vettel-evita-hablar-de-su-futuro-mas-alla-de-su-contrato-hasta-2020\\\/#webpage\",\"url\":\"https:\\\/\\\/www.eldigitaldeasturias.com\\\/noticias\\\/vettel-evita-hablar-de-su-futuro-mas-alla-de-su-contrato-hasta-2020\\\/\",\"name\":\"Vettel evita hablar de su futuro m\\u00e1s all\\u00e1 de su contrato hasta 2020 - El Digital de Asturias\",\"description\":\"Shanghai, 13 abr (dpa) - El piloto alem\\u00e1n de Ferrari, Sebastian Vettel, descart\\u00f3 predecir su futuro en la F\\u00f3rmula 1 despu\\u00e9s de la finalizaci\\u00f3n de su actual contrato, dijo hoy el cuatro veces campe\\u00f3n del mundo en el paddock del Gran Premio de China. \\\"Para ser sincero, no lo s\\u00e9\\\", afirm\\u00f3 Vettel, cuyo contrato con\",\"inLanguage\":\"es-ES\",\"isPartOf\":{\"@id\":\"https:\\\/\\\/www.eldigitaldeasturias.com\\\/noticias\\\/#website\"},\"breadcrumb\":{\"@id\":\"https:\\\/\\\/www.eldigitaldeasturias.com\\\/noticias\\\/vettel-evita-hablar-de-su-futuro-mas-alla-de-su-contrato-hasta-2020\\\/#breadcrumblist\"},\"author\":{\"@id\":\"https:\\\/\\\/www.eldigitaldeasturias.com\\\/noticias\\\/author\\\/admin\\\/#author\"},\"creator\":{\"@id\":\"https:\\\/\\\/www.eldigitaldeasturias.com\\\/noticias\\\/author\\\/admin\\\/#author\"},\"image\":{\"@type\":\"ImageObject\",\"url\":\"https:\\\/\\\/www.eldigitaldeasturias.com\\\/noticias\\\/wp-content\\\/uploads\\\/2018\\\/02\\\/formula-1-630147_1280-1.jpg\",\"@id\":\"https:\\\/\\\/www.eldigitaldeasturias.com\\\/noticias\\\/vettel-evita-hablar-de-su-futuro-mas-alla-de-su-contrato-hasta-2020\\\/#mainImage\",\"width\":1280,\"height\":851},\"primaryImageOfPage\":{\"@id\":\"https:\\\/\\\/www.eldigitaldeasturias.com\\\/noticias\\\/vettel-evita-hablar-de-su-futuro-mas-alla-de-su-contrato-hasta-2020\\\/#mainImage\"},\"datePublished\":\"2019-04-13T20:30:48+02:00\",\"dateModified\":\"2019-04-13T20:30:48+02:00\"},{\"@type\":\"WebSite\",\"@id\":\"https:\\\/\\\/www.eldigitaldeasturias.com\\\/noticias\\\/#website\",\"url\":\"https:\\\/\\\/www.eldigitaldeasturias.com\\\/noticias\\\/\",\"name\":\"El Digital de Asturias - Diario de actualidad y noticias\",\"alternateName\":\"El Digital de Asturias - Diario de actualidad y noticias\",\"description\":\"Hemeroteca\",\"inLanguage\":\"es-ES\",\"publisher\":{\"@id\":\"https:\\\/\\\/www.eldigitaldeasturias.com\\\/noticias\\\/#organization\"}}]}\n\t\t<\/script>\n\t\t<!-- All in One SEO Pro -->\r\n\t\t<title>Vettel evita hablar de su futuro m\u00e1s all\u00e1 de su contrato hasta 2020 - El Digital de Asturias<\/title>\n\n","aioseo_head_json":{"title":"Vettel evita hablar de su futuro m\u00e1s all\u00e1 de su contrato hasta 2020 - El Digital de Asturias","description":"Shanghai, 13 abr (dpa) - El piloto alem\u00e1n de Ferrari, Sebastian Vettel, descart\u00f3 predecir su futuro en la F\u00f3rmula 1 despu\u00e9s de la finalizaci\u00f3n de su actual contrato, dijo hoy el cuatro veces campe\u00f3n del mundo en el paddock del Gran Premio de China. \"Para ser sincero, no lo s\u00e9\", afirm\u00f3 Vettel, cuyo contrato con","canonical_url":"https:\/\/www.eldigitaldeasturias.com\/noticias\/vettel-evita-hablar-de-su-futuro-mas-alla-de-su-contrato-hasta-2020\/","robots":"max-image-preview:large","keywords":"deportes","webmasterTools":{"google-site-verification":"UA-38556648-1","msvalidate.01":"7dfe9f3f1b24437ab69f4f2559babe99","miscellaneous":""},"schema":{"@context":"https:\/\/schema.org","@graph":[{"@type":"BlogPosting","@id":"https:\/\/www.eldigitaldeasturias.com\/noticias\/vettel-evita-hablar-de-su-futuro-mas-alla-de-su-contrato-hasta-2020\/#blogposting","name":"Vettel evita hablar de su futuro m\u00e1s all\u00e1 de su contrato hasta 2020 - El Digital de Asturias","headline":"Vettel evita hablar de su futuro m\u00e1s all\u00e1 de su contrato hasta 2020","author":{"@id":"https:\/\/www.eldigitaldeasturias.com\/noticias\/author\/admin\/#author"},"publisher":{"@id":"https:\/\/www.eldigitaldeasturias.com\/noticias\/#organization"},"image":{"@type":"ImageObject","url":"https:\/\/www.eldigitaldeasturias.com\/noticias\/wp-content\/uploads\/2018\/02\/formula-1-630147_1280-1.jpg","width":1280,"height":851},"datePublished":"2019-04-13T20:30:48+02:00","dateModified":"2019-04-13T20:30:48+02:00","inLanguage":"es-ES","mainEntityOfPage":{"@id":"https:\/\/www.eldigitaldeasturias.com\/noticias\/vettel-evita-hablar-de-su-futuro-mas-alla-de-su-contrato-hasta-2020\/#webpage"},"isPartOf":{"@id":"https:\/\/www.eldigitaldeasturias.com\/noticias\/vettel-evita-hablar-de-su-futuro-mas-alla-de-su-contrato-hasta-2020\/#webpage"},"articleSection":"Deportes"},{"@type":"BreadcrumbList","@id":"https:\/\/www.eldigitaldeasturias.com\/noticias\/vettel-evita-hablar-de-su-futuro-mas-alla-de-su-contrato-hasta-2020\/#breadcrumblist","itemListElement":[{"@type":"ListItem","@id":"https:\/\/www.eldigitaldeasturias.com\/noticias#listItem","position":1,"name":"Home","item":"https:\/\/www.eldigitaldeasturias.com\/noticias","nextItem":{"@type":"ListItem","@id":"https:\/\/www.eldigitaldeasturias.com\/noticias\/category\/deportes\/#listItem","name":"Deportes"}},{"@type":"ListItem","@id":"https:\/\/www.eldigitaldeasturias.com\/noticias\/category\/deportes\/#listItem","position":2,"name":"Deportes","item":"https:\/\/www.eldigitaldeasturias.com\/noticias\/category\/deportes\/","nextItem":{"@type":"ListItem","@id":"https:\/\/www.eldigitaldeasturias.com\/noticias\/vettel-evita-hablar-de-su-futuro-mas-alla-de-su-contrato-hasta-2020\/#listItem","name":"Vettel evita hablar de su futuro m\u00e1s all\u00e1 de su contrato hasta 2020"},"previousItem":{"@type":"ListItem","@id":"https:\/\/www.eldigitaldeasturias.com\/noticias#listItem","name":"Home"}},{"@type":"ListItem","@id":"https:\/\/www.eldigitaldeasturias.com\/noticias\/vettel-evita-hablar-de-su-futuro-mas-alla-de-su-contrato-hasta-2020\/#listItem","position":3,"name":"Vettel evita hablar de su futuro m\u00e1s all\u00e1 de su contrato hasta 2020","previousItem":{"@type":"ListItem","@id":"https:\/\/www.eldigitaldeasturias.com\/noticias\/category\/deportes\/#listItem","name":"Deportes"}}]},{"@type":"Organization","@id":"https:\/\/www.eldigitaldeasturias.com\/noticias\/#organization","name":"El Digital de Asturias","description":"Hemeroteca","url":"https:\/\/www.eldigitaldeasturias.com\/noticias\/","email":"info@eldigitaldeasturias.com","telephone":"+34652131393","logo":{"@type":"ImageObject","url":"https:\/\/www.eldigitaldeasturias.com\/noticias\/wp-content\/uploads\/2020\/12\/EDA.jpg","@id":"https:\/\/www.eldigitaldeasturias.com\/noticias\/vettel-evita-hablar-de-su-futuro-mas-alla-de-su-contrato-hasta-2020\/#organizationLogo","width":649,"height":297},"image":{"@id":"https:\/\/www.eldigitaldeasturias.com\/noticias\/vettel-evita-hablar-de-su-futuro-mas-alla-de-su-contrato-hasta-2020\/#organizationLogo"},"sameAs":["https:\/\/facebook.com\/eldigitaldeasturias","https:\/\/www.youtube.com\/channel\/UCZP-2wLEB9Rv6erhFmqVnvg"],"address":{"@id":"https:\/\/www.eldigitaldeasturias.com\/noticias\/#postaladdress","@type":"PostalAddress","streetAddress":"san antonio 4,","postalCode":"33430","addressLocality":"Cand\u00e1s","addressRegion":"Asturias","addressCountry":"ES"}},{"@type":"Person","@id":"https:\/\/www.eldigitaldeasturias.com\/noticias\/author\/admin\/#author","url":"https:\/\/www.eldigitaldeasturias.com\/noticias\/author\/admin\/","name":"El Digital de Asturias","image":{"@type":"ImageObject","@id":"https:\/\/www.eldigitaldeasturias.com\/noticias\/vettel-evita-hablar-de-su-futuro-mas-alla-de-su-contrato-hasta-2020\/#authorImage","url":"https:\/\/www.eldigitaldeasturias.com\/noticias\/wp-content\/litespeed\/avatar\/18677e78aa0546b92d9dbf31ec7d7668.jpg?ver=1777290358","width":96,"height":96,"caption":"El Digital de Asturias"}},{"@type":"WebPage","@id":"https:\/\/www.eldigitaldeasturias.com\/noticias\/vettel-evita-hablar-de-su-futuro-mas-alla-de-su-contrato-hasta-2020\/#webpage","url":"https:\/\/www.eldigitaldeasturias.com\/noticias\/vettel-evita-hablar-de-su-futuro-mas-alla-de-su-contrato-hasta-2020\/","name":"Vettel evita hablar de su futuro m\u00e1s all\u00e1 de su contrato hasta 2020 - El Digital de Asturias","description":"Shanghai, 13 abr (dpa) - El piloto alem\u00e1n de Ferrari, Sebastian Vettel, descart\u00f3 predecir su futuro en la F\u00f3rmula 1 despu\u00e9s de la finalizaci\u00f3n de su actual contrato, dijo hoy el cuatro veces campe\u00f3n del mundo en el paddock del Gran Premio de China. \"Para ser sincero, no lo s\u00e9\", afirm\u00f3 Vettel, cuyo contrato con","inLanguage":"es-ES","isPartOf":{"@id":"https:\/\/www.eldigitaldeasturias.com\/noticias\/#website"},"breadcrumb":{"@id":"https:\/\/www.eldigitaldeasturias.com\/noticias\/vettel-evita-hablar-de-su-futuro-mas-alla-de-su-contrato-hasta-2020\/#breadcrumblist"},"author":{"@id":"https:\/\/www.eldigitaldeasturias.com\/noticias\/author\/admin\/#author"},"creator":{"@id":"https:\/\/www.eldigitaldeasturias.com\/noticias\/author\/admin\/#author"},"image":{"@type":"ImageObject","url":"https:\/\/www.eldigitaldeasturias.com\/noticias\/wp-content\/uploads\/2018\/02\/formula-1-630147_1280-1.jpg","@id":"https:\/\/www.eldigitaldeasturias.com\/noticias\/vettel-evita-hablar-de-su-futuro-mas-alla-de-su-contrato-hasta-2020\/#mainImage","width":1280,"height":851},"primaryImageOfPage":{"@id":"https:\/\/www.eldigitaldeasturias.com\/noticias\/vettel-evita-hablar-de-su-futuro-mas-alla-de-su-contrato-hasta-2020\/#mainImage"},"datePublished":"2019-04-13T20:30:48+02:00","dateModified":"2019-04-13T20:30:48+02:00"},{"@type":"WebSite","@id":"https:\/\/www.eldigitaldeasturias.com\/noticias\/#website","url":"https:\/\/www.eldigitaldeasturias.com\/noticias\/","name":"El Digital de Asturias - Diario de actualidad y noticias","alternateName":"El Digital de Asturias - Diario de actualidad y noticias","description":"Hemeroteca","inLanguage":"es-ES","publisher":{"@id":"https:\/\/www.eldigitaldeasturias.com\/noticias\/#organization"}}]},"og:locale":"es_ES","og:site_name":"El Digital de Asturias","og:type":"article","og:title":"Vettel evita hablar de su futuro m\u00e1s all\u00e1 de su contrato hasta 2020 - El Digital de Asturias","og:description":"Shanghai, 13 abr (dpa) - El piloto alem\u00e1n de Ferrari, Sebastian Vettel, descart\u00f3 predecir su futuro en la F\u00f3rmula 1 despu\u00e9s de la finalizaci\u00f3n de su actual contrato, dijo hoy el cuatro veces campe\u00f3n del mundo en el paddock del Gran Premio de China. &quot;Para ser sincero, no lo s\u00e9&quot;, afirm\u00f3 Vettel, cuyo contrato con","og:url":"https:\/\/www.eldigitaldeasturias.com\/noticias\/vettel-evita-hablar-de-su-futuro-mas-alla-de-su-contrato-hasta-2020\/","og:image":"https:\/\/www.eldigitaldeasturias.com\/noticias\/wp-content\/uploads\/2018\/02\/formula-1-630147_1280-1.jpg","og:image:secure_url":"https:\/\/www.eldigitaldeasturias.com\/noticias\/wp-content\/uploads\/2018\/02\/formula-1-630147_1280-1.jpg","og:image:width":1280,"og:image:height":851,"article:tag":["deportes"],"article:published_time":"2019-04-13T20:30:48+00:00","article:modified_time":"2019-04-13T20:30:48+00:00","article:publisher":"https:\/\/facebook.com\/eldigitaldeasturias","twitter:card":"summary_large_image","twitter:title":"Vettel evita hablar de su futuro m\u00e1s all\u00e1 de su contrato hasta 2020 - El Digital de Asturias","twitter:description":"Shanghai, 13 abr (dpa) - El piloto alem\u00e1n de Ferrari, Sebastian Vettel, descart\u00f3 predecir su futuro en la F\u00f3rmula 1 despu\u00e9s de la finalizaci\u00f3n de su actual contrato, dijo hoy el cuatro veces campe\u00f3n del mundo en el paddock del Gran Premio de China. &quot;Para ser sincero, no lo s\u00e9&quot;, afirm\u00f3 Vettel, cuyo contrato con","twitter:image":"https:\/\/www.eldigitaldeasturias.com\/noticias\/wp-content\/uploads\/2018\/02\/formula-1-630147_1280-1.jpg","twitter:label1":"Escrito por","twitter:data1":"El Digital de Asturias","twitter:label2":"Tiempo de lectura estimado","twitter:data2":"1 minuto"},"aioseo_meta_data":{"post_id":"1023917","title":null,"description":null,"keywords":null,"keyphrases":null,"primary_term":null,"canonical_url":null,"og_title":null,"og_description":null,"og_object_type":"default","og_image_type":"default","og_image_url":null,"og_image_width":null,"og_image_height":null,"og_image_custom_url":null,"og_image_custom_fields":null,"og_video":null,"og_custom_url":null,"og_article_section":null,"og_article_tags":null,"twitter_use_og":false,"twitter_card":"default","twitter_image_type":"default","twitter_image_url":null,"twitter_image_custom_url":null,"twitter_image_custom_fields":null,"twitter_title":null,"twitter_description":null,"schema":{"blockGraphs":[],"customGraphs":[],"default":{"data":{"Article":[],"Course":[],"Dataset":[],"FAQPage":[],"Movie":[],"Person":[],"Product":[],"ProductReview":[],"Car":[],"Recipe":[],"Service":[],"SoftwareApplication":[],"WebPage":[]},"graphName":"","isEnabled":true},"graphs":[],"defaultGraph":"","defaultPostTypeGraph":""},"schema_type":null,"schema_type_options":null,"pillar_content":false,"robots_default":true,"robots_noindex":false,"robots_noarchive":false,"robots_nosnippet":false,"robots_nofollow":false,"robots_noimageindex":false,"robots_noodp":false,"robots_notranslate":false,"robots_max_snippet":null,"robots_max_videopreview":null,"robots_max_imagepreview":"large","priority":null,"frequency":null,"local_seo":null,"seo_analyzer_scan_date":"2025-10-17 15:15:12","breadcrumb_settings":null,"limit_modified_date":false,"open_ai":null,"ai":null,"created":"2020-12-21 11:15:05","updated":"2025-10-17 15:15:12"},"aioseo_breadcrumb":"<div class=\"aioseo-breadcrumbs\"><span class=\"aioseo-breadcrumb\">\n\t<a href=\"https:\/\/www.eldigitaldeasturias.com\/noticias\" title=\"Home\">Home<\/a>\n<\/span><span class=\"aioseo-breadcrumb-separator\">\u2013<\/span><span class=\"aioseo-breadcrumb\">\n\t<a href=\"https:\/\/www.eldigitaldeasturias.com\/noticias\/category\/deportes\/\" title=\"Deportes\">Deportes<\/a>\n<\/span><span class=\"aioseo-breadcrumb-separator\">\u2013<\/span><span class=\"aioseo-breadcrumb\">\n\t<a href=\"https:\/\/www.eldigitaldeasturias.com\/noticias\/vettel-evita-hablar-de-su-futuro-mas-alla-de-su-contrato-hasta-2020\/\" title=\"Vettel evita hablar de su futuro m\u00e1s all\u00e1 de su contrato hasta 2020\">Vettel evita hablar de su futuro m\u00e1s all\u00e1 de su contrato hasta 2020<\/a>\n<\/span><\/div>","aioseo_breadcrumb_json":[{"label":"Home","link":"https:\/\/www.eldigitaldeasturias.com\/noticias"},{"label":"Deportes","link":"https:\/\/www.eldigitaldeasturias.com\/noticias\/category\/deportes\/"},{"label":"Vettel evita hablar de su futuro m\u00e1s all\u00e1 de su contrato hasta 2020","link":"https:\/\/www.eldigitaldeasturias.com\/noticias\/vettel-evita-hablar-de-su-futuro-mas-alla-de-su-contrato-hasta-2020\/"}],"_links":{"self":[{"href":"https:\/\/www.eldigitaldeasturias.com\/noticias\/wp-json\/wp\/v2\/posts\/1023917","targetHints":{"allow":["GET"]}}],"collection":[{"href":"https:\/\/www.eldigitaldeasturias.com\/noticias\/wp-json\/wp\/v2\/posts"}],"about":[{"href":"https:\/\/www.eldigitaldeasturias.com\/noticias\/wp-json\/wp\/v2\/types\/post"}],"author":[{"embeddable":true,"href":"https:\/\/www.eldigitaldeasturias.com\/noticias\/wp-json\/wp\/v2\/users\/1"}],"replies":[{"embeddable":true,"href":"https:\/\/www.eldigitaldeasturias.com\/noticias\/wp-json\/wp\/v2\/comments?post=1023917"}],"version-history":[{"count":0,"href":"https:\/\/www.eldigitaldeasturias.com\/noticias\/wp-json\/wp\/v2\/posts\/1023917\/revisions"}],"wp:featuredmedia":[{"embeddable":true,"href":"https:\/\/www.eldigitaldeasturias.com\/noticias\/wp-json\/wp\/v2\/media\/970324"}],"wp:attachment":[{"href":"https:\/\/www.eldigitaldeasturias.com\/noticias\/wp-json\/wp\/v2\/media?parent=1023917"}],"wp:term":[{"taxonomy":"category","embeddable":true,"href":"https:\/\/www.eldigitaldeasturias.com\/noticias\/wp-json\/wp\/v2\/categories?post=1023917"},{"taxonomy":"post_tag","embeddable":true,"href":"https:\/\/www.eldigitaldeasturias.com\/noticias\/wp-json\/wp\/v2\/tags?post=1023917"}],"curies":[{"name":"wp","href":"https:\/\/api.w.org\/{rel}","templated":true}]}}