{"id":1023816,"date":"2019-04-12T16:56:37","date_gmt":"2019-04-12T16:56:37","guid":{"rendered":"https:\/\/www.eldigitaldeasturias.com\/noticias\/?p=1023816"},"modified":"2019-04-12T16:56:37","modified_gmt":"2019-04-12T16:56:37","slug":"valerio-agradece-el-esfuerzo-social-por-la-empleabilidad-de-los-jovenes","status":"publish","type":"post","link":"https:\/\/www.eldigitaldeasturias.com\/noticias\/valerio-agradece-el-esfuerzo-social-por-la-empleabilidad-de-los-jovenes\/","title":{"rendered":"Valerio agradece el esfuerzo social por la empleabilidad de los j\u00f3venes"},"content":{"rendered":"<p><img loading=\"lazy\" decoding=\"async\" class=\"alignleft size-medium wp-image-1023817\" src=\"https:\/\/www.eldigitaldeasturias.com\/noticias\/wp-content\/uploads\/2019\/04\/110419-Valerio-360x239.jpg\" alt=\"\" width=\"360\" height=\"239\" srcset=\"https:\/\/www.eldigitaldeasturias.com\/noticias\/wp-content\/uploads\/2019\/04\/110419-Valerio-360x239.jpg 360w, https:\/\/www.eldigitaldeasturias.com\/noticias\/wp-content\/uploads\/2019\/04\/110419-Valerio.jpg 512w\" sizes=\"auto, (max-width: 360px) 100vw, 360px\" \/>La ministra de Trabajo, Migraciones y Seguridad Social, Magdalena Valerio, ha participado en el acto de entrega del III Premio al Impulso del Empleo Juvenil, organizado por la Fundaci\u00f3n Mahou San Miguel y el Club de Excelencia en Sostenibilidad, con el objetivo de dar visibilidad a aquellas iniciativas de alto impacto en la creaci\u00f3n y el fomento del empleo juvenil.<\/p>\n<p>\u00abMe agrada comprobar que en esta preocupaci\u00f3n por los j\u00f3venes estamos muchos\u00bb, ha afirmado Valerio en la entrega de estos galardones. \u00abEstos premios al impulso del empleo juvenil se suman, como una acci\u00f3n m\u00e1s, a las tareas por las que cualquier gobierno tiene que preocuparse y ocuparse\u00bb, ha a\u00f1adido.<\/p>\n<p>Durante su intervenci\u00f3n, la ministra ha agradecido la labor de estas organizaciones en la concienciaci\u00f3n del tejido empresarial, del mundo educativo y de la sociedad en general, a la hora de impulsar buenas pr\u00e1cticas de empleabilidad para los j\u00f3venes y, en especial, por su compromiso con el empleo inclusivo de los m\u00e1s vulnerables.<\/p>\n<p>Seg\u00fan la titular de Trabajo, \u00abla Espa\u00f1a del presente y del futuro, la empresa de hoy y del ma\u00f1ana, o es inclusiva o no tendr\u00e1 \u00e9xito, o cuenta con los j\u00f3venes y se hace real y efectivo el principio de presencia equilibrada en todos los \u00e1mbitos o no conseguiremos un desarrollo sostenible\u00bb.<\/p>\n<p>Asimismo, ha felicitado a los premiados: Accenture, Dynamis, la Fundaci\u00f3n Capacis, la Fundaci\u00f3n ONCE, la Fundaci\u00f3n Juan So\u00f1ador, y la Asociaci\u00f3n Cultural La Kalle. Sus propuestas abarcan \u00e1mbitos como los del futuro del trabajo; la factor\u00eda del talento, un aula activa de Empleo; el empoderamiento de los j\u00f3venes con discapacidad; la formaci\u00f3n y el empleo; y el laboratorio de fabricaci\u00f3n digital.<\/p>\n<p>\u00abCuando muchas personas empiezan a so\u00f1ar con un mundo mejor, hay muchas posibilidades de conseguirlo\u00bb, ha resaltado la ministra.<\/p>\n<p><strong>Retos del mercado de trabajo juvenil<\/strong><\/p>\n<p>La ministra de Trabajo ha destacado las tres caracter\u00edsticas que hacen de los retos del mercado de trabajo juvenil un desaf\u00edo global. La primera de ellas es la alta tasa de escolarizaci\u00f3n, ante la que, sin embargo, los j\u00f3venes no encuentran perspectivas de un trabajo productivo que les haga ganar autonom\u00eda econ\u00f3mica.<\/p>\n<p>La segunda es la transici\u00f3n demogr\u00e1fica de los distintos pa\u00edses, lo que tensionar\u00e1 las relaciones internacionales, teniendo consecuencias en t\u00e9rminos de migraciones de trabajo. Y, por \u00faltimo, los cambios en el mercado de trabajo, a consecuencia de las revoluciones tecnol\u00f3gicas y las transiciones medioambientales. Seg\u00fan ha afirmado Valerio, los j\u00f3venes ser\u00e1n los que tendr\u00e1n que afrontar esta situaci\u00f3n en primera l\u00ednea.<\/p>\n<p>Magdalena Valerio ha concluido su intervenci\u00f3n recordando la necesidad de invertir en tres grandes prioridades. En primer lugar, en las capacidades de las personas, permiti\u00e9ndoles formarse, reciclarse y perfeccionarse profesionalmente, as\u00ed como apoyarlas en las diversas transiciones que afrontar\u00e1n en el curso de su vida. En segundo lugar, es necesario invertir en instituciones del trabajo para garantizar un futuro del trabajo con libertad, dignidad, seguridad y salud laboral, igualdad y estabilidad econ\u00f3mica. Y, por \u00faltimo, en incrementar la inversi\u00f3n en trabajo decente y sostenible para ajustar la pol\u00edtica econ\u00f3mica y social a la pr\u00e1ctica empresarial, al empleo decente y a la Agenda 2030 para el Desarrollo Sostenible de Naciones Unidas.<\/p>\n","protected":false},"excerpt":{"rendered":"<p>La ministra de Trabajo, Migraciones y Seguridad Social, Magdalena Valerio, ha participado en el acto de entrega del III Premio al Impulso del Empleo Juvenil, organizado por la Fundaci\u00f3n Mahou San Miguel y el Club de Excelencia en Sostenibilidad, con el objetivo de dar visibilidad a aquellas iniciativas de alto impacto en la creaci\u00f3n y [&hellip;]<\/p>\n","protected":false},"author":1,"featured_media":1023817,"comment_status":"closed","ping_status":"closed","sticky":false,"template":"","format":"standard","meta":{"footnotes":""},"categories":[187],"tags":[],"class_list":["post-1023816","post","type-post","status-publish","format-standard","has-post-thumbnail","hentry","category-economia"],"aioseo_notices":[],"aioseo_head":"\n\t\t<!-- All in One SEO Pro 4.9.6.2 - aioseo.com -->\n\t<meta name=\"description\" content=\"La ministra de Trabajo, Migraciones y Seguridad Social, Magdalena Valerio, ha participado en el acto de entrega del III Premio al Impulso del Empleo Juvenil, organizado por la Fundaci\u00f3n Mahou San Miguel y el Club de Excelencia en Sostenibilidad, con el objetivo de dar visibilidad a aquellas iniciativas de alto impacto en la creaci\u00f3n y\" \/>\n\t<meta name=\"robots\" content=\"max-image-preview:large\" \/>\n\t<meta name=\"author\" content=\"El Digital de Asturias\"\/>\n\t<meta name=\"google-site-verification\" content=\"UA-38556648-1\" \/>\n\t<meta name=\"msvalidate.01\" content=\"7dfe9f3f1b24437ab69f4f2559babe99\" \/>\n\t<meta name=\"keywords\" content=\"econom\u00eda\" \/>\n\t<link rel=\"canonical\" href=\"https:\/\/www.eldigitaldeasturias.com\/noticias\/valerio-agradece-el-esfuerzo-social-por-la-empleabilidad-de-los-jovenes\/\" \/>\n\t<meta name=\"generator\" content=\"All in One SEO Pro (AIOSEO) 4.9.6.2\" \/>\n\t\t<meta property=\"og:locale\" content=\"es_ES\" \/>\n\t\t<meta property=\"og:site_name\" content=\"El Digital de Asturias\" \/>\n\t\t<meta property=\"og:type\" content=\"article\" \/>\n\t\t<meta property=\"og:title\" content=\"Valerio agradece el esfuerzo social por la empleabilidad de los j\u00f3venes - El Digital de Asturias\" \/>\n\t\t<meta property=\"og:description\" content=\"La ministra de Trabajo, Migraciones y Seguridad Social, Magdalena Valerio, ha participado en el acto de entrega del III Premio al Impulso del Empleo Juvenil, organizado por la Fundaci\u00f3n Mahou San Miguel y el Club de Excelencia en Sostenibilidad, con el objetivo de dar visibilidad a aquellas iniciativas de alto impacto en la creaci\u00f3n y\" \/>\n\t\t<meta property=\"og:url\" content=\"https:\/\/www.eldigitaldeasturias.com\/noticias\/valerio-agradece-el-esfuerzo-social-por-la-empleabilidad-de-los-jovenes\/\" \/>\n\t\t<meta property=\"og:image\" content=\"https:\/\/www.eldigitaldeasturias.com\/noticias\/wp-content\/uploads\/2019\/04\/110419-Valerio.jpg\" \/>\n\t\t<meta property=\"og:image:secure_url\" content=\"https:\/\/www.eldigitaldeasturias.com\/noticias\/wp-content\/uploads\/2019\/04\/110419-Valerio.jpg\" \/>\n\t\t<meta property=\"og:image:width\" content=\"512\" \/>\n\t\t<meta property=\"og:image:height\" content=\"340\" \/>\n\t\t<meta property=\"article:tag\" content=\"econom\u00eda\" \/>\n\t\t<meta property=\"article:published_time\" content=\"2019-04-12T16:56:37+00:00\" \/>\n\t\t<meta property=\"article:modified_time\" content=\"2019-04-12T16:56:37+00:00\" \/>\n\t\t<meta property=\"article:publisher\" content=\"https:\/\/facebook.com\/eldigitaldeasturias\" \/>\n\t\t<meta name=\"twitter:card\" content=\"summary_large_image\" \/>\n\t\t<meta name=\"twitter:title\" content=\"Valerio agradece el esfuerzo social por la empleabilidad de los j\u00f3venes - El Digital de Asturias\" \/>\n\t\t<meta name=\"twitter:description\" content=\"La ministra de Trabajo, Migraciones y Seguridad Social, Magdalena Valerio, ha participado en el acto de entrega del III Premio al Impulso del Empleo Juvenil, organizado por la Fundaci\u00f3n Mahou San Miguel y el Club de Excelencia en Sostenibilidad, con el objetivo de dar visibilidad a aquellas iniciativas de alto impacto en la creaci\u00f3n y\" \/>\n\t\t<meta name=\"twitter:image\" content=\"https:\/\/www.eldigitaldeasturias.com\/noticias\/wp-content\/uploads\/2019\/04\/110419-Valerio.jpg\" \/>\n\t\t<meta name=\"twitter:label1\" content=\"Escrito por\" \/>\n\t\t<meta name=\"twitter:data1\" content=\"El Digital de Asturias\" \/>\n\t\t<meta name=\"twitter:label2\" content=\"Tiempo de lectura estimado\" \/>\n\t\t<meta name=\"twitter:data2\" content=\"3 minutos\" \/>\n\t\t<script type=\"application\/ld+json\" class=\"aioseo-schema\">\n\t\t\t{\"@context\":\"https:\\\/\\\/schema.org\",\"@graph\":[{\"@type\":\"BlogPosting\",\"@id\":\"https:\\\/\\\/www.eldigitaldeasturias.com\\\/noticias\\\/valerio-agradece-el-esfuerzo-social-por-la-empleabilidad-de-los-jovenes\\\/#blogposting\",\"name\":\"Valerio agradece el esfuerzo social por la empleabilidad de los j\\u00f3venes - El Digital de Asturias\",\"headline\":\"Valerio agradece el esfuerzo social por la empleabilidad de los j\\u00f3venes\",\"author\":{\"@id\":\"https:\\\/\\\/www.eldigitaldeasturias.com\\\/noticias\\\/author\\\/admin\\\/#author\"},\"publisher\":{\"@id\":\"https:\\\/\\\/www.eldigitaldeasturias.com\\\/noticias\\\/#organization\"},\"image\":{\"@type\":\"ImageObject\",\"url\":\"https:\\\/\\\/www.eldigitaldeasturias.com\\\/noticias\\\/wp-content\\\/uploads\\\/2019\\\/04\\\/110419-Valerio.jpg\",\"width\":512,\"height\":340},\"datePublished\":\"2019-04-12T16:56:37+02:00\",\"dateModified\":\"2019-04-12T16:56:37+02:00\",\"inLanguage\":\"es-ES\",\"mainEntityOfPage\":{\"@id\":\"https:\\\/\\\/www.eldigitaldeasturias.com\\\/noticias\\\/valerio-agradece-el-esfuerzo-social-por-la-empleabilidad-de-los-jovenes\\\/#webpage\"},\"isPartOf\":{\"@id\":\"https:\\\/\\\/www.eldigitaldeasturias.com\\\/noticias\\\/valerio-agradece-el-esfuerzo-social-por-la-empleabilidad-de-los-jovenes\\\/#webpage\"},\"articleSection\":\"Econom\\u00eda\"},{\"@type\":\"BreadcrumbList\",\"@id\":\"https:\\\/\\\/www.eldigitaldeasturias.com\\\/noticias\\\/valerio-agradece-el-esfuerzo-social-por-la-empleabilidad-de-los-jovenes\\\/#breadcrumblist\",\"itemListElement\":[{\"@type\":\"ListItem\",\"@id\":\"https:\\\/\\\/www.eldigitaldeasturias.com\\\/noticias#listItem\",\"position\":1,\"name\":\"Home\",\"item\":\"https:\\\/\\\/www.eldigitaldeasturias.com\\\/noticias\",\"nextItem\":{\"@type\":\"ListItem\",\"@id\":\"https:\\\/\\\/www.eldigitaldeasturias.com\\\/noticias\\\/category\\\/economia\\\/#listItem\",\"name\":\"Econom\\u00eda\"}},{\"@type\":\"ListItem\",\"@id\":\"https:\\\/\\\/www.eldigitaldeasturias.com\\\/noticias\\\/category\\\/economia\\\/#listItem\",\"position\":2,\"name\":\"Econom\\u00eda\",\"item\":\"https:\\\/\\\/www.eldigitaldeasturias.com\\\/noticias\\\/category\\\/economia\\\/\",\"nextItem\":{\"@type\":\"ListItem\",\"@id\":\"https:\\\/\\\/www.eldigitaldeasturias.com\\\/noticias\\\/valerio-agradece-el-esfuerzo-social-por-la-empleabilidad-de-los-jovenes\\\/#listItem\",\"name\":\"Valerio agradece el esfuerzo social por la empleabilidad de los j\\u00f3venes\"},\"previousItem\":{\"@type\":\"ListItem\",\"@id\":\"https:\\\/\\\/www.eldigitaldeasturias.com\\\/noticias#listItem\",\"name\":\"Home\"}},{\"@type\":\"ListItem\",\"@id\":\"https:\\\/\\\/www.eldigitaldeasturias.com\\\/noticias\\\/valerio-agradece-el-esfuerzo-social-por-la-empleabilidad-de-los-jovenes\\\/#listItem\",\"position\":3,\"name\":\"Valerio agradece el esfuerzo social por la empleabilidad de los j\\u00f3venes\",\"previousItem\":{\"@type\":\"ListItem\",\"@id\":\"https:\\\/\\\/www.eldigitaldeasturias.com\\\/noticias\\\/category\\\/economia\\\/#listItem\",\"name\":\"Econom\\u00eda\"}}]},{\"@type\":\"Organization\",\"@id\":\"https:\\\/\\\/www.eldigitaldeasturias.com\\\/noticias\\\/#organization\",\"name\":\"El Digital de Asturias\",\"description\":\"Hemeroteca\",\"url\":\"https:\\\/\\\/www.eldigitaldeasturias.com\\\/noticias\\\/\",\"email\":\"info@eldigitaldeasturias.com\",\"telephone\":\"+34652131393\",\"logo\":{\"@type\":\"ImageObject\",\"url\":\"https:\\\/\\\/www.eldigitaldeasturias.com\\\/noticias\\\/wp-content\\\/uploads\\\/2020\\\/12\\\/EDA.jpg\",\"@id\":\"https:\\\/\\\/www.eldigitaldeasturias.com\\\/noticias\\\/valerio-agradece-el-esfuerzo-social-por-la-empleabilidad-de-los-jovenes\\\/#organizationLogo\",\"width\":649,\"height\":297},\"image\":{\"@id\":\"https:\\\/\\\/www.eldigitaldeasturias.com\\\/noticias\\\/valerio-agradece-el-esfuerzo-social-por-la-empleabilidad-de-los-jovenes\\\/#organizationLogo\"},\"sameAs\":[\"https:\\\/\\\/facebook.com\\\/eldigitaldeasturias\",\"https:\\\/\\\/www.youtube.com\\\/channel\\\/UCZP-2wLEB9Rv6erhFmqVnvg\"],\"address\":{\"@id\":\"https:\\\/\\\/www.eldigitaldeasturias.com\\\/noticias\\\/#postaladdress\",\"@type\":\"PostalAddress\",\"streetAddress\":\"san antonio 4,\",\"postalCode\":\"33430\",\"addressLocality\":\"Cand\\u00e1s\",\"addressRegion\":\"Asturias\",\"addressCountry\":\"ES\"}},{\"@type\":\"Person\",\"@id\":\"https:\\\/\\\/www.eldigitaldeasturias.com\\\/noticias\\\/author\\\/admin\\\/#author\",\"url\":\"https:\\\/\\\/www.eldigitaldeasturias.com\\\/noticias\\\/author\\\/admin\\\/\",\"name\":\"El Digital de Asturias\",\"image\":{\"@type\":\"ImageObject\",\"@id\":\"https:\\\/\\\/www.eldigitaldeasturias.com\\\/noticias\\\/valerio-agradece-el-esfuerzo-social-por-la-empleabilidad-de-los-jovenes\\\/#authorImage\",\"url\":\"https:\\\/\\\/www.eldigitaldeasturias.com\\\/noticias\\\/wp-content\\\/litespeed\\\/avatar\\\/18677e78aa0546b92d9dbf31ec7d7668.jpg?ver=1776685526\",\"width\":96,\"height\":96,\"caption\":\"El Digital de Asturias\"}},{\"@type\":\"WebPage\",\"@id\":\"https:\\\/\\\/www.eldigitaldeasturias.com\\\/noticias\\\/valerio-agradece-el-esfuerzo-social-por-la-empleabilidad-de-los-jovenes\\\/#webpage\",\"url\":\"https:\\\/\\\/www.eldigitaldeasturias.com\\\/noticias\\\/valerio-agradece-el-esfuerzo-social-por-la-empleabilidad-de-los-jovenes\\\/\",\"name\":\"Valerio agradece el esfuerzo social por la empleabilidad de los j\\u00f3venes - El Digital de Asturias\",\"description\":\"La ministra de Trabajo, Migraciones y Seguridad Social, Magdalena Valerio, ha participado en el acto de entrega del III Premio al Impulso del Empleo Juvenil, organizado por la Fundaci\\u00f3n Mahou San Miguel y el Club de Excelencia en Sostenibilidad, con el objetivo de dar visibilidad a aquellas iniciativas de alto impacto en la creaci\\u00f3n y\",\"inLanguage\":\"es-ES\",\"isPartOf\":{\"@id\":\"https:\\\/\\\/www.eldigitaldeasturias.com\\\/noticias\\\/#website\"},\"breadcrumb\":{\"@id\":\"https:\\\/\\\/www.eldigitaldeasturias.com\\\/noticias\\\/valerio-agradece-el-esfuerzo-social-por-la-empleabilidad-de-los-jovenes\\\/#breadcrumblist\"},\"author\":{\"@id\":\"https:\\\/\\\/www.eldigitaldeasturias.com\\\/noticias\\\/author\\\/admin\\\/#author\"},\"creator\":{\"@id\":\"https:\\\/\\\/www.eldigitaldeasturias.com\\\/noticias\\\/author\\\/admin\\\/#author\"},\"image\":{\"@type\":\"ImageObject\",\"url\":\"https:\\\/\\\/www.eldigitaldeasturias.com\\\/noticias\\\/wp-content\\\/uploads\\\/2019\\\/04\\\/110419-Valerio.jpg\",\"@id\":\"https:\\\/\\\/www.eldigitaldeasturias.com\\\/noticias\\\/valerio-agradece-el-esfuerzo-social-por-la-empleabilidad-de-los-jovenes\\\/#mainImage\",\"width\":512,\"height\":340},\"primaryImageOfPage\":{\"@id\":\"https:\\\/\\\/www.eldigitaldeasturias.com\\\/noticias\\\/valerio-agradece-el-esfuerzo-social-por-la-empleabilidad-de-los-jovenes\\\/#mainImage\"},\"datePublished\":\"2019-04-12T16:56:37+02:00\",\"dateModified\":\"2019-04-12T16:56:37+02:00\"},{\"@type\":\"WebSite\",\"@id\":\"https:\\\/\\\/www.eldigitaldeasturias.com\\\/noticias\\\/#website\",\"url\":\"https:\\\/\\\/www.eldigitaldeasturias.com\\\/noticias\\\/\",\"name\":\"El Digital de Asturias - Diario de actualidad y noticias\",\"alternateName\":\"El Digital de Asturias - Diario de actualidad y noticias\",\"description\":\"Hemeroteca\",\"inLanguage\":\"es-ES\",\"publisher\":{\"@id\":\"https:\\\/\\\/www.eldigitaldeasturias.com\\\/noticias\\\/#organization\"}}]}\n\t\t<\/script>\n\t\t<!-- All in One SEO Pro -->\r\n\t\t<title>Valerio agradece el esfuerzo social por la empleabilidad de los j\u00f3venes - El Digital de Asturias<\/title>\n\n","aioseo_head_json":{"title":"Valerio agradece el esfuerzo social por la empleabilidad de los j\u00f3venes - El Digital de Asturias","description":"La ministra de Trabajo, Migraciones y Seguridad Social, Magdalena Valerio, ha participado en el acto de entrega del III Premio al Impulso del Empleo Juvenil, organizado por la Fundaci\u00f3n Mahou San Miguel y el Club de Excelencia en Sostenibilidad, con el objetivo de dar visibilidad a aquellas iniciativas de alto impacto en la creaci\u00f3n y","canonical_url":"https:\/\/www.eldigitaldeasturias.com\/noticias\/valerio-agradece-el-esfuerzo-social-por-la-empleabilidad-de-los-jovenes\/","robots":"max-image-preview:large","keywords":"econom\u00eda","webmasterTools":{"google-site-verification":"UA-38556648-1","msvalidate.01":"7dfe9f3f1b24437ab69f4f2559babe99","miscellaneous":""},"schema":{"@context":"https:\/\/schema.org","@graph":[{"@type":"BlogPosting","@id":"https:\/\/www.eldigitaldeasturias.com\/noticias\/valerio-agradece-el-esfuerzo-social-por-la-empleabilidad-de-los-jovenes\/#blogposting","name":"Valerio agradece el esfuerzo social por la empleabilidad de los j\u00f3venes - El Digital de Asturias","headline":"Valerio agradece el esfuerzo social por la empleabilidad de los j\u00f3venes","author":{"@id":"https:\/\/www.eldigitaldeasturias.com\/noticias\/author\/admin\/#author"},"publisher":{"@id":"https:\/\/www.eldigitaldeasturias.com\/noticias\/#organization"},"image":{"@type":"ImageObject","url":"https:\/\/www.eldigitaldeasturias.com\/noticias\/wp-content\/uploads\/2019\/04\/110419-Valerio.jpg","width":512,"height":340},"datePublished":"2019-04-12T16:56:37+02:00","dateModified":"2019-04-12T16:56:37+02:00","inLanguage":"es-ES","mainEntityOfPage":{"@id":"https:\/\/www.eldigitaldeasturias.com\/noticias\/valerio-agradece-el-esfuerzo-social-por-la-empleabilidad-de-los-jovenes\/#webpage"},"isPartOf":{"@id":"https:\/\/www.eldigitaldeasturias.com\/noticias\/valerio-agradece-el-esfuerzo-social-por-la-empleabilidad-de-los-jovenes\/#webpage"},"articleSection":"Econom\u00eda"},{"@type":"BreadcrumbList","@id":"https:\/\/www.eldigitaldeasturias.com\/noticias\/valerio-agradece-el-esfuerzo-social-por-la-empleabilidad-de-los-jovenes\/#breadcrumblist","itemListElement":[{"@type":"ListItem","@id":"https:\/\/www.eldigitaldeasturias.com\/noticias#listItem","position":1,"name":"Home","item":"https:\/\/www.eldigitaldeasturias.com\/noticias","nextItem":{"@type":"ListItem","@id":"https:\/\/www.eldigitaldeasturias.com\/noticias\/category\/economia\/#listItem","name":"Econom\u00eda"}},{"@type":"ListItem","@id":"https:\/\/www.eldigitaldeasturias.com\/noticias\/category\/economia\/#listItem","position":2,"name":"Econom\u00eda","item":"https:\/\/www.eldigitaldeasturias.com\/noticias\/category\/economia\/","nextItem":{"@type":"ListItem","@id":"https:\/\/www.eldigitaldeasturias.com\/noticias\/valerio-agradece-el-esfuerzo-social-por-la-empleabilidad-de-los-jovenes\/#listItem","name":"Valerio agradece el esfuerzo social por la empleabilidad de los j\u00f3venes"},"previousItem":{"@type":"ListItem","@id":"https:\/\/www.eldigitaldeasturias.com\/noticias#listItem","name":"Home"}},{"@type":"ListItem","@id":"https:\/\/www.eldigitaldeasturias.com\/noticias\/valerio-agradece-el-esfuerzo-social-por-la-empleabilidad-de-los-jovenes\/#listItem","position":3,"name":"Valerio agradece el esfuerzo social por la empleabilidad de los j\u00f3venes","previousItem":{"@type":"ListItem","@id":"https:\/\/www.eldigitaldeasturias.com\/noticias\/category\/economia\/#listItem","name":"Econom\u00eda"}}]},{"@type":"Organization","@id":"https:\/\/www.eldigitaldeasturias.com\/noticias\/#organization","name":"El Digital de Asturias","description":"Hemeroteca","url":"https:\/\/www.eldigitaldeasturias.com\/noticias\/","email":"info@eldigitaldeasturias.com","telephone":"+34652131393","logo":{"@type":"ImageObject","url":"https:\/\/www.eldigitaldeasturias.com\/noticias\/wp-content\/uploads\/2020\/12\/EDA.jpg","@id":"https:\/\/www.eldigitaldeasturias.com\/noticias\/valerio-agradece-el-esfuerzo-social-por-la-empleabilidad-de-los-jovenes\/#organizationLogo","width":649,"height":297},"image":{"@id":"https:\/\/www.eldigitaldeasturias.com\/noticias\/valerio-agradece-el-esfuerzo-social-por-la-empleabilidad-de-los-jovenes\/#organizationLogo"},"sameAs":["https:\/\/facebook.com\/eldigitaldeasturias","https:\/\/www.youtube.com\/channel\/UCZP-2wLEB9Rv6erhFmqVnvg"],"address":{"@id":"https:\/\/www.eldigitaldeasturias.com\/noticias\/#postaladdress","@type":"PostalAddress","streetAddress":"san antonio 4,","postalCode":"33430","addressLocality":"Cand\u00e1s","addressRegion":"Asturias","addressCountry":"ES"}},{"@type":"Person","@id":"https:\/\/www.eldigitaldeasturias.com\/noticias\/author\/admin\/#author","url":"https:\/\/www.eldigitaldeasturias.com\/noticias\/author\/admin\/","name":"El Digital de Asturias","image":{"@type":"ImageObject","@id":"https:\/\/www.eldigitaldeasturias.com\/noticias\/valerio-agradece-el-esfuerzo-social-por-la-empleabilidad-de-los-jovenes\/#authorImage","url":"https:\/\/www.eldigitaldeasturias.com\/noticias\/wp-content\/litespeed\/avatar\/18677e78aa0546b92d9dbf31ec7d7668.jpg?ver=1776685526","width":96,"height":96,"caption":"El Digital de Asturias"}},{"@type":"WebPage","@id":"https:\/\/www.eldigitaldeasturias.com\/noticias\/valerio-agradece-el-esfuerzo-social-por-la-empleabilidad-de-los-jovenes\/#webpage","url":"https:\/\/www.eldigitaldeasturias.com\/noticias\/valerio-agradece-el-esfuerzo-social-por-la-empleabilidad-de-los-jovenes\/","name":"Valerio agradece el esfuerzo social por la empleabilidad de los j\u00f3venes - El Digital de Asturias","description":"La ministra de Trabajo, Migraciones y Seguridad Social, Magdalena Valerio, ha participado en el acto de entrega del III Premio al Impulso del Empleo Juvenil, organizado por la Fundaci\u00f3n Mahou San Miguel y el Club de Excelencia en Sostenibilidad, con el objetivo de dar visibilidad a aquellas iniciativas de alto impacto en la creaci\u00f3n y","inLanguage":"es-ES","isPartOf":{"@id":"https:\/\/www.eldigitaldeasturias.com\/noticias\/#website"},"breadcrumb":{"@id":"https:\/\/www.eldigitaldeasturias.com\/noticias\/valerio-agradece-el-esfuerzo-social-por-la-empleabilidad-de-los-jovenes\/#breadcrumblist"},"author":{"@id":"https:\/\/www.eldigitaldeasturias.com\/noticias\/author\/admin\/#author"},"creator":{"@id":"https:\/\/www.eldigitaldeasturias.com\/noticias\/author\/admin\/#author"},"image":{"@type":"ImageObject","url":"https:\/\/www.eldigitaldeasturias.com\/noticias\/wp-content\/uploads\/2019\/04\/110419-Valerio.jpg","@id":"https:\/\/www.eldigitaldeasturias.com\/noticias\/valerio-agradece-el-esfuerzo-social-por-la-empleabilidad-de-los-jovenes\/#mainImage","width":512,"height":340},"primaryImageOfPage":{"@id":"https:\/\/www.eldigitaldeasturias.com\/noticias\/valerio-agradece-el-esfuerzo-social-por-la-empleabilidad-de-los-jovenes\/#mainImage"},"datePublished":"2019-04-12T16:56:37+02:00","dateModified":"2019-04-12T16:56:37+02:00"},{"@type":"WebSite","@id":"https:\/\/www.eldigitaldeasturias.com\/noticias\/#website","url":"https:\/\/www.eldigitaldeasturias.com\/noticias\/","name":"El Digital de Asturias - Diario de actualidad y noticias","alternateName":"El Digital de Asturias - Diario de actualidad y noticias","description":"Hemeroteca","inLanguage":"es-ES","publisher":{"@id":"https:\/\/www.eldigitaldeasturias.com\/noticias\/#organization"}}]},"og:locale":"es_ES","og:site_name":"El Digital de Asturias","og:type":"article","og:title":"Valerio agradece el esfuerzo social por la empleabilidad de los j\u00f3venes - El Digital de Asturias","og:description":"La ministra de Trabajo, Migraciones y Seguridad Social, Magdalena Valerio, ha participado en el acto de entrega del III Premio al Impulso del Empleo Juvenil, organizado por la Fundaci\u00f3n Mahou San Miguel y el Club de Excelencia en Sostenibilidad, con el objetivo de dar visibilidad a aquellas iniciativas de alto impacto en la creaci\u00f3n y","og:url":"https:\/\/www.eldigitaldeasturias.com\/noticias\/valerio-agradece-el-esfuerzo-social-por-la-empleabilidad-de-los-jovenes\/","og:image":"https:\/\/www.eldigitaldeasturias.com\/noticias\/wp-content\/uploads\/2019\/04\/110419-Valerio.jpg","og:image:secure_url":"https:\/\/www.eldigitaldeasturias.com\/noticias\/wp-content\/uploads\/2019\/04\/110419-Valerio.jpg","og:image:width":512,"og:image:height":340,"article:tag":["econom\u00eda"],"article:published_time":"2019-04-12T16:56:37+00:00","article:modified_time":"2019-04-12T16:56:37+00:00","article:publisher":"https:\/\/facebook.com\/eldigitaldeasturias","twitter:card":"summary_large_image","twitter:title":"Valerio agradece el esfuerzo social por la empleabilidad de los j\u00f3venes - El Digital de Asturias","twitter:description":"La ministra de Trabajo, Migraciones y Seguridad Social, Magdalena Valerio, ha participado en el acto de entrega del III Premio al Impulso del Empleo Juvenil, organizado por la Fundaci\u00f3n Mahou San Miguel y el Club de Excelencia en Sostenibilidad, con el objetivo de dar visibilidad a aquellas iniciativas de alto impacto en la creaci\u00f3n y","twitter:image":"https:\/\/www.eldigitaldeasturias.com\/noticias\/wp-content\/uploads\/2019\/04\/110419-Valerio.jpg","twitter:label1":"Escrito por","twitter:data1":"El Digital de Asturias","twitter:label2":"Tiempo de lectura estimado","twitter:data2":"3 minutos"},"aioseo_meta_data":{"post_id":"1023816","title":null,"description":null,"keywords":null,"keyphrases":null,"primary_term":null,"canonical_url":null,"og_title":null,"og_description":null,"og_object_type":"default","og_image_type":"default","og_image_url":null,"og_image_width":null,"og_image_height":null,"og_image_custom_url":null,"og_image_custom_fields":null,"og_video":null,"og_custom_url":null,"og_article_section":null,"og_article_tags":null,"twitter_use_og":false,"twitter_card":"default","twitter_image_type":"default","twitter_image_url":null,"twitter_image_custom_url":null,"twitter_image_custom_fields":null,"twitter_title":null,"twitter_description":null,"schema":{"blockGraphs":[],"customGraphs":[],"default":{"data":{"Article":[],"Course":[],"Dataset":[],"FAQPage":[],"Movie":[],"Person":[],"Product":[],"ProductReview":[],"Car":[],"Recipe":[],"Service":[],"SoftwareApplication":[],"WebPage":[]},"graphName":"","isEnabled":true},"graphs":[]},"schema_type":null,"schema_type_options":null,"pillar_content":false,"robots_default":true,"robots_noindex":false,"robots_noarchive":false,"robots_nosnippet":false,"robots_nofollow":false,"robots_noimageindex":false,"robots_noodp":false,"robots_notranslate":false,"robots_max_snippet":null,"robots_max_videopreview":null,"robots_max_imagepreview":"large","priority":null,"frequency":null,"local_seo":null,"seo_analyzer_scan_date":"2025-10-17 14:37:08","breadcrumb_settings":null,"limit_modified_date":false,"open_ai":null,"ai":null,"created":"2020-12-21 11:15:05","updated":"2025-10-17 14:37:08"},"aioseo_breadcrumb":"<div class=\"aioseo-breadcrumbs\"><span class=\"aioseo-breadcrumb\">\n\t<a href=\"https:\/\/www.eldigitaldeasturias.com\/noticias\" title=\"Home\">Home<\/a>\n<\/span><span class=\"aioseo-breadcrumb-separator\">\u2013<\/span><span class=\"aioseo-breadcrumb\">\n\t<a href=\"https:\/\/www.eldigitaldeasturias.com\/noticias\/category\/economia\/\" title=\"Econom\u00eda\">Econom\u00eda<\/a>\n<\/span><span class=\"aioseo-breadcrumb-separator\">\u2013<\/span><span class=\"aioseo-breadcrumb\">\n\t<a href=\"https:\/\/www.eldigitaldeasturias.com\/noticias\/valerio-agradece-el-esfuerzo-social-por-la-empleabilidad-de-los-jovenes\/\" title=\"Valerio agradece el esfuerzo social por la empleabilidad de los j\u00f3venes\">Valerio agradece el esfuerzo social por la empleabilidad de los j\u00f3venes<\/a>\n<\/span><\/div>","aioseo_breadcrumb_json":[{"label":"Home","link":"https:\/\/www.eldigitaldeasturias.com\/noticias"},{"label":"Econom\u00eda","link":"https:\/\/www.eldigitaldeasturias.com\/noticias\/category\/economia\/"},{"label":"Valerio agradece el esfuerzo social por la empleabilidad de los j\u00f3venes","link":"https:\/\/www.eldigitaldeasturias.com\/noticias\/valerio-agradece-el-esfuerzo-social-por-la-empleabilidad-de-los-jovenes\/"}],"_links":{"self":[{"href":"https:\/\/www.eldigitaldeasturias.com\/noticias\/wp-json\/wp\/v2\/posts\/1023816","targetHints":{"allow":["GET"]}}],"collection":[{"href":"https:\/\/www.eldigitaldeasturias.com\/noticias\/wp-json\/wp\/v2\/posts"}],"about":[{"href":"https:\/\/www.eldigitaldeasturias.com\/noticias\/wp-json\/wp\/v2\/types\/post"}],"author":[{"embeddable":true,"href":"https:\/\/www.eldigitaldeasturias.com\/noticias\/wp-json\/wp\/v2\/users\/1"}],"replies":[{"embeddable":true,"href":"https:\/\/www.eldigitaldeasturias.com\/noticias\/wp-json\/wp\/v2\/comments?post=1023816"}],"version-history":[{"count":0,"href":"https:\/\/www.eldigitaldeasturias.com\/noticias\/wp-json\/wp\/v2\/posts\/1023816\/revisions"}],"wp:featuredmedia":[{"embeddable":true,"href":"https:\/\/www.eldigitaldeasturias.com\/noticias\/wp-json\/wp\/v2\/media\/1023817"}],"wp:attachment":[{"href":"https:\/\/www.eldigitaldeasturias.com\/noticias\/wp-json\/wp\/v2\/media?parent=1023816"}],"wp:term":[{"taxonomy":"category","embeddable":true,"href":"https:\/\/www.eldigitaldeasturias.com\/noticias\/wp-json\/wp\/v2\/categories?post=1023816"},{"taxonomy":"post_tag","embeddable":true,"href":"https:\/\/www.eldigitaldeasturias.com\/noticias\/wp-json\/wp\/v2\/tags?post=1023816"}],"curies":[{"name":"wp","href":"https:\/\/api.w.org\/{rel}","templated":true}]}}