{"id":1023813,"date":"2019-04-12T16:54:50","date_gmt":"2019-04-12T16:54:50","guid":{"rendered":"https:\/\/www.eldigitaldeasturias.com\/noticias\/?p=1023813"},"modified":"2019-04-12T16:54:50","modified_gmt":"2019-04-12T16:54:50","slug":"huelga-de-tripulantes-tecnicos-de-vuelo-de-air-nostrum","status":"publish","type":"post","link":"https:\/\/www.eldigitaldeasturias.com\/noticias\/huelga-de-tripulantes-tecnicos-de-vuelo-de-air-nostrum\/","title":{"rendered":"Huelga de tripulantes t\u00e9cnicos de vuelo de Air Nostrum"},"content":{"rendered":"<p><img loading=\"lazy\" decoding=\"async\" class=\"alignleft size-medium wp-image-1023814\" src=\"https:\/\/www.eldigitaldeasturias.com\/noticias\/wp-content\/uploads\/2019\/04\/Aeropuerto-T4_I_SEC-360x240.jpg\" alt=\"\" width=\"360\" height=\"240\" srcset=\"https:\/\/www.eldigitaldeasturias.com\/noticias\/wp-content\/uploads\/2019\/04\/Aeropuerto-T4_I_SEC-360x240.jpg 360w, https:\/\/www.eldigitaldeasturias.com\/noticias\/wp-content\/uploads\/2019\/04\/Aeropuerto-T4_I_SEC.jpg 496w\" sizes=\"auto, (max-width: 360px) 100vw, 360px\" \/>El Ministerio de Fomento ha comunicado a la compa\u00f1\u00eda Air Nostrum, a los gestores aeroportuarios y a SEPLA los servicios m\u00ednimos correspondientes a la convocatoria de huelga de tripulantes t\u00e9cnicos de vuelo realizada por este sindicato para los d\u00edas 15, 16, 17, 22, 23 y 24 de abril.<\/p>\n<p>Estos servicios esenciales tienen como objetivo compatibilizar el inter\u00e9s general de los ciudadanos y, en particular, sus necesidades de movilidad, con el derecho de huelga de este colectivo de trabajadores.<\/p>\n<p>En la determinaci\u00f3n de estos servicios se ha tenido especial consideraci\u00f3n a la operaci\u00f3n de salida y regreso de las vacaciones de Semana Santa.<\/p>\n<p><strong>Los servicios m\u00ednimos son los siguientes:<\/strong><\/p>\n<p>a) Todos los servicios de transporte a\u00e9reo, tanto de pasajeros como de carga, con salida programada anterior al inicio de la huelga y llegada durante la huelga.<\/p>\n<p>b) El 100% de los servicios dom\u00e9sticos para cada ruta con los aeropuertos de los territorios no peninsulares.<\/p>\n<p>c) Para los d\u00edas 15, 16, 17 y 22 de abril el 31%, y para los d\u00edas 23 y 24 el 29%, de los servicios en rutas entre ciudades espa\u00f1olas peninsulares con alternativa de transporte p\u00fablico con un tiempo de desplazamiento inferior a 5 horas.<\/p>\n<p>d) Para los d\u00edas 15, 16, 17 y 22 de abril el 47%, y para los d\u00edas 23 y 24 el 45% de los servicios para:<\/p>\n<p>&#8211; ruta entre ciudades espa\u00f1olas peninsulares con alternativa de transporte p\u00fablico con un tiempo de desplazamiento igual o superior a 5 horas y<br \/>\n&#8211; en todas las rutas entre Espa\u00f1a y otro pa\u00eds.<\/p>\n<p>e) En aquellas rutas a\u00e9reas en las que existan obligaciones de servicio p\u00fablico entre dos aeropuertos peninsulares, se garantizar\u00e1n las frecuencias m\u00ednimas establecidas en la normativa de aplicaci\u00f3n.<\/p>\n<p>f) Vuelos programados para el transporte de correo postal universal y productos perecederos, en caso de haberlos, siempre y cuando \u00e9stos se efect\u00faen con aeronaves dedicadas exclusivamente a carga. Asimismo, los servicios necesarios para el transporte de correo postal universal y productos perecederos en los vuelos protegidos.<\/p>\n<p>g) Aquellas operaciones t\u00e9cnicas de posicionamiento de aeronaves y tripulaciones para la realizaci\u00f3n efectiva de los vuelos protegidos y los posteriores a la finalizaci\u00f3n de la huelga.<\/p>\n<p>h) Todos los servicios relacionados con el transporte a\u00e9reo dedicados a labores de emergencia tales como servicios de ambulancia, antiincendios, transporte de \u00f3rganos para el Sistema Nacional de Trasplantes, vigilancia, protecci\u00f3n civil y rescate, etc.<\/p>\n<p>La compa\u00f1\u00eda Air Nostrum deber\u00e1 adoptar las medidas necesarias para garantizar que estos servicios esenciales se presten en las condiciones habituales del servicio, manteniendo para ello el personal estrictamente necesario para el periodo afectado por la convocatoria, salvaguardando en todo momento la seguridad de las operaciones.<\/p>\n<p>Asimismo, la compa\u00f1\u00eda a\u00e9rea deber\u00e1 adoptar todas las medidas necesarias para garantizar de forma estricta y rigurosa los derechos de los pasajeros afectados por la convocatoria de huelga, en particular, lo establecido en el Reglamento (CE) N\u00ba 261\/2004 del Parlamento Europeo y del Consejo de 11 de febrero de 2004.<\/p>\n","protected":false},"excerpt":{"rendered":"<p>El Ministerio de Fomento ha comunicado a la compa\u00f1\u00eda Air Nostrum, a los gestores aeroportuarios y a SEPLA los servicios m\u00ednimos correspondientes a la convocatoria de huelga de tripulantes t\u00e9cnicos de vuelo realizada por este sindicato para los d\u00edas 15, 16, 17, 22, 23 y 24 de abril. Estos servicios esenciales tienen como objetivo compatibilizar [&hellip;]<\/p>\n","protected":false},"author":1,"featured_media":1023814,"comment_status":"closed","ping_status":"closed","sticky":false,"template":"","format":"standard","meta":{"footnotes":""},"categories":[187],"tags":[],"class_list":["post-1023813","post","type-post","status-publish","format-standard","has-post-thumbnail","hentry","category-economia"],"aioseo_notices":[],"aioseo_head":"\n\t\t<!-- All in One SEO Pro 4.9.6.2 - aioseo.com -->\n\t<meta name=\"description\" content=\"El Ministerio de Fomento ha comunicado a la compa\u00f1\u00eda Air Nostrum, a los gestores aeroportuarios y a SEPLA los servicios m\u00ednimos correspondientes a la convocatoria de huelga de tripulantes t\u00e9cnicos de vuelo realizada por este sindicato para los d\u00edas 15, 16, 17, 22, 23 y 24 de abril. Estos servicios esenciales tienen como objetivo compatibilizar\" \/>\n\t<meta name=\"robots\" content=\"max-image-preview:large\" \/>\n\t<meta name=\"author\" content=\"El Digital de Asturias\"\/>\n\t<meta name=\"google-site-verification\" content=\"UA-38556648-1\" \/>\n\t<meta name=\"msvalidate.01\" content=\"7dfe9f3f1b24437ab69f4f2559babe99\" \/>\n\t<meta name=\"keywords\" content=\"econom\u00eda\" \/>\n\t<link rel=\"canonical\" href=\"https:\/\/www.eldigitaldeasturias.com\/noticias\/huelga-de-tripulantes-tecnicos-de-vuelo-de-air-nostrum\/\" \/>\n\t<meta name=\"generator\" content=\"All in One SEO Pro (AIOSEO) 4.9.6.2\" \/>\n\t\t<meta property=\"og:locale\" content=\"es_ES\" \/>\n\t\t<meta property=\"og:site_name\" content=\"El Digital de Asturias\" \/>\n\t\t<meta property=\"og:type\" content=\"article\" \/>\n\t\t<meta property=\"og:title\" content=\"Huelga de tripulantes t\u00e9cnicos de vuelo de Air Nostrum - El Digital de Asturias\" \/>\n\t\t<meta property=\"og:description\" content=\"El Ministerio de Fomento ha comunicado a la compa\u00f1\u00eda Air Nostrum, a los gestores aeroportuarios y a SEPLA los servicios m\u00ednimos correspondientes a la convocatoria de huelga de tripulantes t\u00e9cnicos de vuelo realizada por este sindicato para los d\u00edas 15, 16, 17, 22, 23 y 24 de abril. Estos servicios esenciales tienen como objetivo compatibilizar\" \/>\n\t\t<meta property=\"og:url\" content=\"https:\/\/www.eldigitaldeasturias.com\/noticias\/huelga-de-tripulantes-tecnicos-de-vuelo-de-air-nostrum\/\" \/>\n\t\t<meta property=\"og:image\" content=\"https:\/\/www.eldigitaldeasturias.com\/noticias\/wp-content\/uploads\/2019\/04\/Aeropuerto-T4_I_SEC.jpg\" \/>\n\t\t<meta property=\"og:image:secure_url\" content=\"https:\/\/www.eldigitaldeasturias.com\/noticias\/wp-content\/uploads\/2019\/04\/Aeropuerto-T4_I_SEC.jpg\" \/>\n\t\t<meta property=\"og:image:width\" content=\"496\" \/>\n\t\t<meta property=\"og:image:height\" content=\"330\" \/>\n\t\t<meta property=\"article:tag\" content=\"econom\u00eda\" \/>\n\t\t<meta property=\"article:published_time\" content=\"2019-04-12T16:54:50+00:00\" \/>\n\t\t<meta property=\"article:modified_time\" content=\"2019-04-12T16:54:50+00:00\" \/>\n\t\t<meta property=\"article:publisher\" content=\"https:\/\/facebook.com\/eldigitaldeasturias\" \/>\n\t\t<meta name=\"twitter:card\" content=\"summary_large_image\" \/>\n\t\t<meta name=\"twitter:title\" content=\"Huelga de tripulantes t\u00e9cnicos de vuelo de Air Nostrum - El Digital de Asturias\" \/>\n\t\t<meta name=\"twitter:description\" content=\"El Ministerio de Fomento ha comunicado a la compa\u00f1\u00eda Air Nostrum, a los gestores aeroportuarios y a SEPLA los servicios m\u00ednimos correspondientes a la convocatoria de huelga de tripulantes t\u00e9cnicos de vuelo realizada por este sindicato para los d\u00edas 15, 16, 17, 22, 23 y 24 de abril. Estos servicios esenciales tienen como objetivo compatibilizar\" \/>\n\t\t<meta name=\"twitter:image\" content=\"https:\/\/www.eldigitaldeasturias.com\/noticias\/wp-content\/uploads\/2019\/04\/Aeropuerto-T4_I_SEC.jpg\" \/>\n\t\t<meta name=\"twitter:label1\" content=\"Escrito por\" \/>\n\t\t<meta name=\"twitter:data1\" content=\"El Digital de Asturias\" \/>\n\t\t<meta name=\"twitter:label2\" content=\"Tiempo de lectura estimado\" \/>\n\t\t<meta name=\"twitter:data2\" content=\"2 minutos\" \/>\n\t\t<script type=\"application\/ld+json\" class=\"aioseo-schema\">\n\t\t\t{\"@context\":\"https:\\\/\\\/schema.org\",\"@graph\":[{\"@type\":\"BlogPosting\",\"@id\":\"https:\\\/\\\/www.eldigitaldeasturias.com\\\/noticias\\\/huelga-de-tripulantes-tecnicos-de-vuelo-de-air-nostrum\\\/#blogposting\",\"name\":\"Huelga de tripulantes t\\u00e9cnicos de vuelo de Air Nostrum - El Digital de Asturias\",\"headline\":\"Huelga de tripulantes t\\u00e9cnicos de vuelo de Air Nostrum\",\"author\":{\"@id\":\"https:\\\/\\\/www.eldigitaldeasturias.com\\\/noticias\\\/author\\\/admin\\\/#author\"},\"publisher\":{\"@id\":\"https:\\\/\\\/www.eldigitaldeasturias.com\\\/noticias\\\/#organization\"},\"image\":{\"@type\":\"ImageObject\",\"url\":\"https:\\\/\\\/www.eldigitaldeasturias.com\\\/noticias\\\/wp-content\\\/uploads\\\/2019\\\/04\\\/Aeropuerto-T4_I_SEC.jpg\",\"width\":496,\"height\":330},\"datePublished\":\"2019-04-12T16:54:50+02:00\",\"dateModified\":\"2019-04-12T16:54:50+02:00\",\"inLanguage\":\"es-ES\",\"mainEntityOfPage\":{\"@id\":\"https:\\\/\\\/www.eldigitaldeasturias.com\\\/noticias\\\/huelga-de-tripulantes-tecnicos-de-vuelo-de-air-nostrum\\\/#webpage\"},\"isPartOf\":{\"@id\":\"https:\\\/\\\/www.eldigitaldeasturias.com\\\/noticias\\\/huelga-de-tripulantes-tecnicos-de-vuelo-de-air-nostrum\\\/#webpage\"},\"articleSection\":\"Econom\\u00eda\"},{\"@type\":\"BreadcrumbList\",\"@id\":\"https:\\\/\\\/www.eldigitaldeasturias.com\\\/noticias\\\/huelga-de-tripulantes-tecnicos-de-vuelo-de-air-nostrum\\\/#breadcrumblist\",\"itemListElement\":[{\"@type\":\"ListItem\",\"@id\":\"https:\\\/\\\/www.eldigitaldeasturias.com\\\/noticias#listItem\",\"position\":1,\"name\":\"Home\",\"item\":\"https:\\\/\\\/www.eldigitaldeasturias.com\\\/noticias\",\"nextItem\":{\"@type\":\"ListItem\",\"@id\":\"https:\\\/\\\/www.eldigitaldeasturias.com\\\/noticias\\\/category\\\/economia\\\/#listItem\",\"name\":\"Econom\\u00eda\"}},{\"@type\":\"ListItem\",\"@id\":\"https:\\\/\\\/www.eldigitaldeasturias.com\\\/noticias\\\/category\\\/economia\\\/#listItem\",\"position\":2,\"name\":\"Econom\\u00eda\",\"item\":\"https:\\\/\\\/www.eldigitaldeasturias.com\\\/noticias\\\/category\\\/economia\\\/\",\"nextItem\":{\"@type\":\"ListItem\",\"@id\":\"https:\\\/\\\/www.eldigitaldeasturias.com\\\/noticias\\\/huelga-de-tripulantes-tecnicos-de-vuelo-de-air-nostrum\\\/#listItem\",\"name\":\"Huelga de tripulantes t\\u00e9cnicos de vuelo de Air Nostrum\"},\"previousItem\":{\"@type\":\"ListItem\",\"@id\":\"https:\\\/\\\/www.eldigitaldeasturias.com\\\/noticias#listItem\",\"name\":\"Home\"}},{\"@type\":\"ListItem\",\"@id\":\"https:\\\/\\\/www.eldigitaldeasturias.com\\\/noticias\\\/huelga-de-tripulantes-tecnicos-de-vuelo-de-air-nostrum\\\/#listItem\",\"position\":3,\"name\":\"Huelga de tripulantes t\\u00e9cnicos de vuelo de Air Nostrum\",\"previousItem\":{\"@type\":\"ListItem\",\"@id\":\"https:\\\/\\\/www.eldigitaldeasturias.com\\\/noticias\\\/category\\\/economia\\\/#listItem\",\"name\":\"Econom\\u00eda\"}}]},{\"@type\":\"Organization\",\"@id\":\"https:\\\/\\\/www.eldigitaldeasturias.com\\\/noticias\\\/#organization\",\"name\":\"El Digital de Asturias\",\"description\":\"Hemeroteca\",\"url\":\"https:\\\/\\\/www.eldigitaldeasturias.com\\\/noticias\\\/\",\"email\":\"info@eldigitaldeasturias.com\",\"telephone\":\"+34652131393\",\"logo\":{\"@type\":\"ImageObject\",\"url\":\"https:\\\/\\\/www.eldigitaldeasturias.com\\\/noticias\\\/wp-content\\\/uploads\\\/2020\\\/12\\\/EDA.jpg\",\"@id\":\"https:\\\/\\\/www.eldigitaldeasturias.com\\\/noticias\\\/huelga-de-tripulantes-tecnicos-de-vuelo-de-air-nostrum\\\/#organizationLogo\",\"width\":649,\"height\":297},\"image\":{\"@id\":\"https:\\\/\\\/www.eldigitaldeasturias.com\\\/noticias\\\/huelga-de-tripulantes-tecnicos-de-vuelo-de-air-nostrum\\\/#organizationLogo\"},\"sameAs\":[\"https:\\\/\\\/facebook.com\\\/eldigitaldeasturias\",\"https:\\\/\\\/www.youtube.com\\\/channel\\\/UCZP-2wLEB9Rv6erhFmqVnvg\"],\"address\":{\"@id\":\"https:\\\/\\\/www.eldigitaldeasturias.com\\\/noticias\\\/#postaladdress\",\"@type\":\"PostalAddress\",\"streetAddress\":\"san antonio 4,\",\"postalCode\":\"33430\",\"addressLocality\":\"Cand\\u00e1s\",\"addressRegion\":\"Asturias\",\"addressCountry\":\"ES\"}},{\"@type\":\"Person\",\"@id\":\"https:\\\/\\\/www.eldigitaldeasturias.com\\\/noticias\\\/author\\\/admin\\\/#author\",\"url\":\"https:\\\/\\\/www.eldigitaldeasturias.com\\\/noticias\\\/author\\\/admin\\\/\",\"name\":\"El Digital de Asturias\",\"image\":{\"@type\":\"ImageObject\",\"@id\":\"https:\\\/\\\/www.eldigitaldeasturias.com\\\/noticias\\\/huelga-de-tripulantes-tecnicos-de-vuelo-de-air-nostrum\\\/#authorImage\",\"url\":\"https:\\\/\\\/www.eldigitaldeasturias.com\\\/noticias\\\/wp-content\\\/litespeed\\\/avatar\\\/18677e78aa0546b92d9dbf31ec7d7668.jpg?ver=1776685526\",\"width\":96,\"height\":96,\"caption\":\"El Digital de Asturias\"}},{\"@type\":\"WebPage\",\"@id\":\"https:\\\/\\\/www.eldigitaldeasturias.com\\\/noticias\\\/huelga-de-tripulantes-tecnicos-de-vuelo-de-air-nostrum\\\/#webpage\",\"url\":\"https:\\\/\\\/www.eldigitaldeasturias.com\\\/noticias\\\/huelga-de-tripulantes-tecnicos-de-vuelo-de-air-nostrum\\\/\",\"name\":\"Huelga de tripulantes t\\u00e9cnicos de vuelo de Air Nostrum - El Digital de Asturias\",\"description\":\"El Ministerio de Fomento ha comunicado a la compa\\u00f1\\u00eda Air Nostrum, a los gestores aeroportuarios y a SEPLA los servicios m\\u00ednimos correspondientes a la convocatoria de huelga de tripulantes t\\u00e9cnicos de vuelo realizada por este sindicato para los d\\u00edas 15, 16, 17, 22, 23 y 24 de abril. Estos servicios esenciales tienen como objetivo compatibilizar\",\"inLanguage\":\"es-ES\",\"isPartOf\":{\"@id\":\"https:\\\/\\\/www.eldigitaldeasturias.com\\\/noticias\\\/#website\"},\"breadcrumb\":{\"@id\":\"https:\\\/\\\/www.eldigitaldeasturias.com\\\/noticias\\\/huelga-de-tripulantes-tecnicos-de-vuelo-de-air-nostrum\\\/#breadcrumblist\"},\"author\":{\"@id\":\"https:\\\/\\\/www.eldigitaldeasturias.com\\\/noticias\\\/author\\\/admin\\\/#author\"},\"creator\":{\"@id\":\"https:\\\/\\\/www.eldigitaldeasturias.com\\\/noticias\\\/author\\\/admin\\\/#author\"},\"image\":{\"@type\":\"ImageObject\",\"url\":\"https:\\\/\\\/www.eldigitaldeasturias.com\\\/noticias\\\/wp-content\\\/uploads\\\/2019\\\/04\\\/Aeropuerto-T4_I_SEC.jpg\",\"@id\":\"https:\\\/\\\/www.eldigitaldeasturias.com\\\/noticias\\\/huelga-de-tripulantes-tecnicos-de-vuelo-de-air-nostrum\\\/#mainImage\",\"width\":496,\"height\":330},\"primaryImageOfPage\":{\"@id\":\"https:\\\/\\\/www.eldigitaldeasturias.com\\\/noticias\\\/huelga-de-tripulantes-tecnicos-de-vuelo-de-air-nostrum\\\/#mainImage\"},\"datePublished\":\"2019-04-12T16:54:50+02:00\",\"dateModified\":\"2019-04-12T16:54:50+02:00\"},{\"@type\":\"WebSite\",\"@id\":\"https:\\\/\\\/www.eldigitaldeasturias.com\\\/noticias\\\/#website\",\"url\":\"https:\\\/\\\/www.eldigitaldeasturias.com\\\/noticias\\\/\",\"name\":\"El Digital de Asturias - Diario de actualidad y noticias\",\"alternateName\":\"El Digital de Asturias - Diario de actualidad y noticias\",\"description\":\"Hemeroteca\",\"inLanguage\":\"es-ES\",\"publisher\":{\"@id\":\"https:\\\/\\\/www.eldigitaldeasturias.com\\\/noticias\\\/#organization\"}}]}\n\t\t<\/script>\n\t\t<!-- All in One SEO Pro -->\r\n\t\t<title>Huelga de tripulantes t\u00e9cnicos de vuelo de Air Nostrum - El Digital de Asturias<\/title>\n\n","aioseo_head_json":{"title":"Huelga de tripulantes t\u00e9cnicos de vuelo de Air Nostrum - El Digital de Asturias","description":"El Ministerio de Fomento ha comunicado a la compa\u00f1\u00eda Air Nostrum, a los gestores aeroportuarios y a SEPLA los servicios m\u00ednimos correspondientes a la convocatoria de huelga de tripulantes t\u00e9cnicos de vuelo realizada por este sindicato para los d\u00edas 15, 16, 17, 22, 23 y 24 de abril. Estos servicios esenciales tienen como objetivo compatibilizar","canonical_url":"https:\/\/www.eldigitaldeasturias.com\/noticias\/huelga-de-tripulantes-tecnicos-de-vuelo-de-air-nostrum\/","robots":"max-image-preview:large","keywords":"econom\u00eda","webmasterTools":{"google-site-verification":"UA-38556648-1","msvalidate.01":"7dfe9f3f1b24437ab69f4f2559babe99","miscellaneous":""},"schema":{"@context":"https:\/\/schema.org","@graph":[{"@type":"BlogPosting","@id":"https:\/\/www.eldigitaldeasturias.com\/noticias\/huelga-de-tripulantes-tecnicos-de-vuelo-de-air-nostrum\/#blogposting","name":"Huelga de tripulantes t\u00e9cnicos de vuelo de Air Nostrum - El Digital de Asturias","headline":"Huelga de tripulantes t\u00e9cnicos de vuelo de Air Nostrum","author":{"@id":"https:\/\/www.eldigitaldeasturias.com\/noticias\/author\/admin\/#author"},"publisher":{"@id":"https:\/\/www.eldigitaldeasturias.com\/noticias\/#organization"},"image":{"@type":"ImageObject","url":"https:\/\/www.eldigitaldeasturias.com\/noticias\/wp-content\/uploads\/2019\/04\/Aeropuerto-T4_I_SEC.jpg","width":496,"height":330},"datePublished":"2019-04-12T16:54:50+02:00","dateModified":"2019-04-12T16:54:50+02:00","inLanguage":"es-ES","mainEntityOfPage":{"@id":"https:\/\/www.eldigitaldeasturias.com\/noticias\/huelga-de-tripulantes-tecnicos-de-vuelo-de-air-nostrum\/#webpage"},"isPartOf":{"@id":"https:\/\/www.eldigitaldeasturias.com\/noticias\/huelga-de-tripulantes-tecnicos-de-vuelo-de-air-nostrum\/#webpage"},"articleSection":"Econom\u00eda"},{"@type":"BreadcrumbList","@id":"https:\/\/www.eldigitaldeasturias.com\/noticias\/huelga-de-tripulantes-tecnicos-de-vuelo-de-air-nostrum\/#breadcrumblist","itemListElement":[{"@type":"ListItem","@id":"https:\/\/www.eldigitaldeasturias.com\/noticias#listItem","position":1,"name":"Home","item":"https:\/\/www.eldigitaldeasturias.com\/noticias","nextItem":{"@type":"ListItem","@id":"https:\/\/www.eldigitaldeasturias.com\/noticias\/category\/economia\/#listItem","name":"Econom\u00eda"}},{"@type":"ListItem","@id":"https:\/\/www.eldigitaldeasturias.com\/noticias\/category\/economia\/#listItem","position":2,"name":"Econom\u00eda","item":"https:\/\/www.eldigitaldeasturias.com\/noticias\/category\/economia\/","nextItem":{"@type":"ListItem","@id":"https:\/\/www.eldigitaldeasturias.com\/noticias\/huelga-de-tripulantes-tecnicos-de-vuelo-de-air-nostrum\/#listItem","name":"Huelga de tripulantes t\u00e9cnicos de vuelo de Air Nostrum"},"previousItem":{"@type":"ListItem","@id":"https:\/\/www.eldigitaldeasturias.com\/noticias#listItem","name":"Home"}},{"@type":"ListItem","@id":"https:\/\/www.eldigitaldeasturias.com\/noticias\/huelga-de-tripulantes-tecnicos-de-vuelo-de-air-nostrum\/#listItem","position":3,"name":"Huelga de tripulantes t\u00e9cnicos de vuelo de Air Nostrum","previousItem":{"@type":"ListItem","@id":"https:\/\/www.eldigitaldeasturias.com\/noticias\/category\/economia\/#listItem","name":"Econom\u00eda"}}]},{"@type":"Organization","@id":"https:\/\/www.eldigitaldeasturias.com\/noticias\/#organization","name":"El Digital de Asturias","description":"Hemeroteca","url":"https:\/\/www.eldigitaldeasturias.com\/noticias\/","email":"info@eldigitaldeasturias.com","telephone":"+34652131393","logo":{"@type":"ImageObject","url":"https:\/\/www.eldigitaldeasturias.com\/noticias\/wp-content\/uploads\/2020\/12\/EDA.jpg","@id":"https:\/\/www.eldigitaldeasturias.com\/noticias\/huelga-de-tripulantes-tecnicos-de-vuelo-de-air-nostrum\/#organizationLogo","width":649,"height":297},"image":{"@id":"https:\/\/www.eldigitaldeasturias.com\/noticias\/huelga-de-tripulantes-tecnicos-de-vuelo-de-air-nostrum\/#organizationLogo"},"sameAs":["https:\/\/facebook.com\/eldigitaldeasturias","https:\/\/www.youtube.com\/channel\/UCZP-2wLEB9Rv6erhFmqVnvg"],"address":{"@id":"https:\/\/www.eldigitaldeasturias.com\/noticias\/#postaladdress","@type":"PostalAddress","streetAddress":"san antonio 4,","postalCode":"33430","addressLocality":"Cand\u00e1s","addressRegion":"Asturias","addressCountry":"ES"}},{"@type":"Person","@id":"https:\/\/www.eldigitaldeasturias.com\/noticias\/author\/admin\/#author","url":"https:\/\/www.eldigitaldeasturias.com\/noticias\/author\/admin\/","name":"El Digital de Asturias","image":{"@type":"ImageObject","@id":"https:\/\/www.eldigitaldeasturias.com\/noticias\/huelga-de-tripulantes-tecnicos-de-vuelo-de-air-nostrum\/#authorImage","url":"https:\/\/www.eldigitaldeasturias.com\/noticias\/wp-content\/litespeed\/avatar\/18677e78aa0546b92d9dbf31ec7d7668.jpg?ver=1776685526","width":96,"height":96,"caption":"El Digital de Asturias"}},{"@type":"WebPage","@id":"https:\/\/www.eldigitaldeasturias.com\/noticias\/huelga-de-tripulantes-tecnicos-de-vuelo-de-air-nostrum\/#webpage","url":"https:\/\/www.eldigitaldeasturias.com\/noticias\/huelga-de-tripulantes-tecnicos-de-vuelo-de-air-nostrum\/","name":"Huelga de tripulantes t\u00e9cnicos de vuelo de Air Nostrum - El Digital de Asturias","description":"El Ministerio de Fomento ha comunicado a la compa\u00f1\u00eda Air Nostrum, a los gestores aeroportuarios y a SEPLA los servicios m\u00ednimos correspondientes a la convocatoria de huelga de tripulantes t\u00e9cnicos de vuelo realizada por este sindicato para los d\u00edas 15, 16, 17, 22, 23 y 24 de abril. Estos servicios esenciales tienen como objetivo compatibilizar","inLanguage":"es-ES","isPartOf":{"@id":"https:\/\/www.eldigitaldeasturias.com\/noticias\/#website"},"breadcrumb":{"@id":"https:\/\/www.eldigitaldeasturias.com\/noticias\/huelga-de-tripulantes-tecnicos-de-vuelo-de-air-nostrum\/#breadcrumblist"},"author":{"@id":"https:\/\/www.eldigitaldeasturias.com\/noticias\/author\/admin\/#author"},"creator":{"@id":"https:\/\/www.eldigitaldeasturias.com\/noticias\/author\/admin\/#author"},"image":{"@type":"ImageObject","url":"https:\/\/www.eldigitaldeasturias.com\/noticias\/wp-content\/uploads\/2019\/04\/Aeropuerto-T4_I_SEC.jpg","@id":"https:\/\/www.eldigitaldeasturias.com\/noticias\/huelga-de-tripulantes-tecnicos-de-vuelo-de-air-nostrum\/#mainImage","width":496,"height":330},"primaryImageOfPage":{"@id":"https:\/\/www.eldigitaldeasturias.com\/noticias\/huelga-de-tripulantes-tecnicos-de-vuelo-de-air-nostrum\/#mainImage"},"datePublished":"2019-04-12T16:54:50+02:00","dateModified":"2019-04-12T16:54:50+02:00"},{"@type":"WebSite","@id":"https:\/\/www.eldigitaldeasturias.com\/noticias\/#website","url":"https:\/\/www.eldigitaldeasturias.com\/noticias\/","name":"El Digital de Asturias - Diario de actualidad y noticias","alternateName":"El Digital de Asturias - Diario de actualidad y noticias","description":"Hemeroteca","inLanguage":"es-ES","publisher":{"@id":"https:\/\/www.eldigitaldeasturias.com\/noticias\/#organization"}}]},"og:locale":"es_ES","og:site_name":"El Digital de Asturias","og:type":"article","og:title":"Huelga de tripulantes t\u00e9cnicos de vuelo de Air Nostrum - El Digital de Asturias","og:description":"El Ministerio de Fomento ha comunicado a la compa\u00f1\u00eda Air Nostrum, a los gestores aeroportuarios y a SEPLA los servicios m\u00ednimos correspondientes a la convocatoria de huelga de tripulantes t\u00e9cnicos de vuelo realizada por este sindicato para los d\u00edas 15, 16, 17, 22, 23 y 24 de abril. Estos servicios esenciales tienen como objetivo compatibilizar","og:url":"https:\/\/www.eldigitaldeasturias.com\/noticias\/huelga-de-tripulantes-tecnicos-de-vuelo-de-air-nostrum\/","og:image":"https:\/\/www.eldigitaldeasturias.com\/noticias\/wp-content\/uploads\/2019\/04\/Aeropuerto-T4_I_SEC.jpg","og:image:secure_url":"https:\/\/www.eldigitaldeasturias.com\/noticias\/wp-content\/uploads\/2019\/04\/Aeropuerto-T4_I_SEC.jpg","og:image:width":496,"og:image:height":330,"article:tag":["econom\u00eda"],"article:published_time":"2019-04-12T16:54:50+00:00","article:modified_time":"2019-04-12T16:54:50+00:00","article:publisher":"https:\/\/facebook.com\/eldigitaldeasturias","twitter:card":"summary_large_image","twitter:title":"Huelga de tripulantes t\u00e9cnicos de vuelo de Air Nostrum - El Digital de Asturias","twitter:description":"El Ministerio de Fomento ha comunicado a la compa\u00f1\u00eda Air Nostrum, a los gestores aeroportuarios y a SEPLA los servicios m\u00ednimos correspondientes a la convocatoria de huelga de tripulantes t\u00e9cnicos de vuelo realizada por este sindicato para los d\u00edas 15, 16, 17, 22, 23 y 24 de abril. Estos servicios esenciales tienen como objetivo compatibilizar","twitter:image":"https:\/\/www.eldigitaldeasturias.com\/noticias\/wp-content\/uploads\/2019\/04\/Aeropuerto-T4_I_SEC.jpg","twitter:label1":"Escrito por","twitter:data1":"El Digital de Asturias","twitter:label2":"Tiempo de lectura estimado","twitter:data2":"2 minutos"},"aioseo_meta_data":{"post_id":"1023813","title":null,"description":null,"keywords":null,"keyphrases":null,"primary_term":null,"canonical_url":null,"og_title":null,"og_description":null,"og_object_type":"default","og_image_type":"default","og_image_url":null,"og_image_width":null,"og_image_height":null,"og_image_custom_url":null,"og_image_custom_fields":null,"og_video":null,"og_custom_url":null,"og_article_section":null,"og_article_tags":null,"twitter_use_og":false,"twitter_card":"default","twitter_image_type":"default","twitter_image_url":null,"twitter_image_custom_url":null,"twitter_image_custom_fields":null,"twitter_title":null,"twitter_description":null,"schema":{"blockGraphs":[],"customGraphs":[],"default":{"data":{"Article":[],"Course":[],"Dataset":[],"FAQPage":[],"Movie":[],"Person":[],"Product":[],"ProductReview":[],"Car":[],"Recipe":[],"Service":[],"SoftwareApplication":[],"WebPage":[]},"graphName":"","isEnabled":true},"graphs":[],"defaultGraph":"","defaultPostTypeGraph":""},"schema_type":null,"schema_type_options":null,"pillar_content":false,"robots_default":true,"robots_noindex":false,"robots_noarchive":false,"robots_nosnippet":false,"robots_nofollow":false,"robots_noimageindex":false,"robots_noodp":false,"robots_notranslate":false,"robots_max_snippet":null,"robots_max_videopreview":null,"robots_max_imagepreview":"large","priority":null,"frequency":null,"local_seo":null,"seo_analyzer_scan_date":"2025-10-17 14:37:07","breadcrumb_settings":null,"limit_modified_date":false,"open_ai":null,"ai":null,"created":"2020-12-21 11:15:05","updated":"2025-10-17 14:37:07"},"aioseo_breadcrumb":"<div class=\"aioseo-breadcrumbs\"><span class=\"aioseo-breadcrumb\">\n\t<a href=\"https:\/\/www.eldigitaldeasturias.com\/noticias\" title=\"Home\">Home<\/a>\n<\/span><span class=\"aioseo-breadcrumb-separator\">\u2013<\/span><span class=\"aioseo-breadcrumb\">\n\t<a href=\"https:\/\/www.eldigitaldeasturias.com\/noticias\/category\/economia\/\" title=\"Econom\u00eda\">Econom\u00eda<\/a>\n<\/span><span class=\"aioseo-breadcrumb-separator\">\u2013<\/span><span class=\"aioseo-breadcrumb\">\n\t<a href=\"https:\/\/www.eldigitaldeasturias.com\/noticias\/huelga-de-tripulantes-tecnicos-de-vuelo-de-air-nostrum\/\" title=\"Huelga de tripulantes t\u00e9cnicos de vuelo de Air Nostrum\">Huelga de tripulantes t\u00e9cnicos de vuelo de Air Nostrum<\/a>\n<\/span><\/div>","aioseo_breadcrumb_json":[{"label":"Home","link":"https:\/\/www.eldigitaldeasturias.com\/noticias"},{"label":"Econom\u00eda","link":"https:\/\/www.eldigitaldeasturias.com\/noticias\/category\/economia\/"},{"label":"Huelga de tripulantes t\u00e9cnicos de vuelo de Air Nostrum","link":"https:\/\/www.eldigitaldeasturias.com\/noticias\/huelga-de-tripulantes-tecnicos-de-vuelo-de-air-nostrum\/"}],"_links":{"self":[{"href":"https:\/\/www.eldigitaldeasturias.com\/noticias\/wp-json\/wp\/v2\/posts\/1023813","targetHints":{"allow":["GET"]}}],"collection":[{"href":"https:\/\/www.eldigitaldeasturias.com\/noticias\/wp-json\/wp\/v2\/posts"}],"about":[{"href":"https:\/\/www.eldigitaldeasturias.com\/noticias\/wp-json\/wp\/v2\/types\/post"}],"author":[{"embeddable":true,"href":"https:\/\/www.eldigitaldeasturias.com\/noticias\/wp-json\/wp\/v2\/users\/1"}],"replies":[{"embeddable":true,"href":"https:\/\/www.eldigitaldeasturias.com\/noticias\/wp-json\/wp\/v2\/comments?post=1023813"}],"version-history":[{"count":0,"href":"https:\/\/www.eldigitaldeasturias.com\/noticias\/wp-json\/wp\/v2\/posts\/1023813\/revisions"}],"wp:featuredmedia":[{"embeddable":true,"href":"https:\/\/www.eldigitaldeasturias.com\/noticias\/wp-json\/wp\/v2\/media\/1023814"}],"wp:attachment":[{"href":"https:\/\/www.eldigitaldeasturias.com\/noticias\/wp-json\/wp\/v2\/media?parent=1023813"}],"wp:term":[{"taxonomy":"category","embeddable":true,"href":"https:\/\/www.eldigitaldeasturias.com\/noticias\/wp-json\/wp\/v2\/categories?post=1023813"},{"taxonomy":"post_tag","embeddable":true,"href":"https:\/\/www.eldigitaldeasturias.com\/noticias\/wp-json\/wp\/v2\/tags?post=1023813"}],"curies":[{"name":"wp","href":"https:\/\/api.w.org\/{rel}","templated":true}]}}