{"id":1023681,"date":"2019-04-11T19:00:11","date_gmt":"2019-04-11T19:00:11","guid":{"rendered":"https:\/\/www.eldigitaldeasturias.com\/noticias\/?p=1023681"},"modified":"2019-04-11T19:00:11","modified_gmt":"2019-04-11T19:00:11","slug":"la-comision-europea-financiara-277-pequenas-y-medianas-empresas","status":"publish","type":"post","link":"https:\/\/www.eldigitaldeasturias.com\/noticias\/la-comision-europea-financiara-277-pequenas-y-medianas-empresas\/","title":{"rendered":"La Comisi\u00f3n Europea financiar\u00e1 277 peque\u00f1as y medianas empresas"},"content":{"rendered":"<p><img loading=\"lazy\" decoding=\"async\" class=\"alignleft size-medium wp-image-989215\" src=\"https:\/\/www.eldigitaldeasturias.com\/noticias\/wp-content\/uploads\/2018\/07\/money-1005479_960_720-360x232.jpg\" alt=\"\" width=\"360\" height=\"232\" srcset=\"https:\/\/www.eldigitaldeasturias.com\/noticias\/wp-content\/uploads\/2018\/07\/money-1005479_960_720-360x232.jpg 360w, https:\/\/www.eldigitaldeasturias.com\/noticias\/wp-content\/uploads\/2018\/07\/money-1005479_960_720-465x300.jpg 465w, https:\/\/www.eldigitaldeasturias.com\/noticias\/wp-content\/uploads\/2018\/07\/money-1005479_960_720-768x495.jpg 768w, https:\/\/www.eldigitaldeasturias.com\/noticias\/wp-content\/uploads\/2018\/07\/money-1005479_960_720-690x445.jpg 690w, https:\/\/www.eldigitaldeasturias.com\/noticias\/wp-content\/uploads\/2018\/07\/money-1005479_960_720-20x13.jpg 20w, https:\/\/www.eldigitaldeasturias.com\/noticias\/wp-content\/uploads\/2018\/07\/money-1005479_960_720.jpg 960w\" sizes=\"auto, (max-width: 360px) 100vw, 360px\" \/>La Comisi\u00f3n Europea anunci\u00f3 este jueves mediante un comunicado de prensa que un total de 277 peque\u00f1as y medianas empresas (PYME) de 25 pa\u00edses han sido seleccionadas para recibir financiaci\u00f3n en el marco de la \u00faltima ronda del Instrumento para las PYME del Consejo Europeo de Innovaci\u00f3n. Estas empresas recibir\u00e1n un importe total de 13,7 millones de euros para que sus proyectos puedan comercializarse con mayor rapidez.<\/p>\n<p>El comunicado completo de la Comisi\u00f3n Europea expone la siguiente informaci\u00f3n:<\/p>\n<p>\u201cEntre los ejemplos de los proyectos seleccionados figuran un asiento plegable para veh\u00edculos, un sistema de seguimiento de incendios por sat\u00e9lite, una prueba r\u00e1pida para la detecci\u00f3n del c\u00e1ncer de mama, un cargador inteligente para dispositivos m\u00f3viles, un sistema de control r\u00e1pido de la acrilamida en los alimentos, una modelizaci\u00f3n de activos 4D para los drones, una plataforma de software basada en la inteligencia artificial y una plataforma para detectar y prevenir la ciber violencia. Las empresas seleccionadas contar\u00e1n tambi\u00e9n con servicios de asesoramiento gratuito y de aceleraci\u00f3n empresarial.<\/p>\n<p><strong>Espa\u00f1a, mayor receptora de fondos del Instrumento PYME<\/strong><\/p>\n<p>La mayor\u00eda de las empresas seleccionadas pertenecen al \u00e1mbito de las tecnolog\u00edas de la informaci\u00f3n y la comunicaci\u00f3n (TIC), la sanidad y la ingenier\u00eda. Espa\u00f1a (con 46 proyectos seleccionados) registr\u00f3 el mayor n\u00famero de beneficiarios y un importe total de 2,2 millones de euros, seguida de Suiza (23) y Francia (22).<\/p>\n<p>La Comisi\u00f3n Europea recibi\u00f3 2.822 propuestas antes de la fecha l\u00edmite del 13 de febrero en la fase I del instrumento para las PYME, que concede subvenciones de 50.000 EUR para el desarrollo de planes de negocio.<\/p>\n<p>El instrumento para las pymes forma parte del proyecto piloto del Consejo Europeo de Innovaci\u00f3n (CEI), que apoya a los innovadores m\u00e1s destacados, empresarios, peque\u00f1as empresas y cient\u00edficos, proporcion\u00e1ndoles oportunidades de financiaci\u00f3n y servicios de aceleraci\u00f3n. El 18 de marzo se puso en marcha el proyecto piloto mejorado del CEI. A partir del 5 de junio de 2019, el Instrumento para las PYME del Consejo Europeo de Innovaci\u00f3n pasar\u00e1 a denominarse Acelerador piloto del CEI y ofrecer\u00e1 la posibilidad de solicitar subvenciones o acceso a financiaci\u00f3n mediante fondos propios\u201d, concluye el comunicado de prensa de la Comisi\u00f3n Europea.<\/p>\n","protected":false},"excerpt":{"rendered":"<p>La Comisi\u00f3n Europea anunci\u00f3 este jueves mediante un comunicado de prensa que un total de 277 peque\u00f1as y medianas empresas (PYME) de 25 pa\u00edses han sido seleccionadas para recibir financiaci\u00f3n en el marco de la \u00faltima ronda del Instrumento para las PYME del Consejo Europeo de Innovaci\u00f3n. Estas empresas recibir\u00e1n un importe total de 13,7 [&hellip;]<\/p>\n","protected":false},"author":1,"featured_media":989215,"comment_status":"closed","ping_status":"closed","sticky":false,"template":"","format":"standard","meta":{"footnotes":""},"categories":[187],"tags":[],"class_list":["post-1023681","post","type-post","status-publish","format-standard","has-post-thumbnail","hentry","category-economia"],"aioseo_notices":[],"aioseo_head":"\n\t\t<!-- All in One SEO Pro 4.9.6.2 - aioseo.com -->\n\t<meta name=\"description\" content=\"La Comisi\u00f3n Europea anunci\u00f3 este jueves mediante un comunicado de prensa que un total de 277 peque\u00f1as y medianas empresas (PYME) de 25 pa\u00edses han sido seleccionadas para recibir financiaci\u00f3n en el marco de la \u00faltima ronda del Instrumento para las PYME del Consejo Europeo de Innovaci\u00f3n. Estas empresas recibir\u00e1n un importe total de 13,7\" \/>\n\t<meta name=\"robots\" content=\"max-image-preview:large\" \/>\n\t<meta name=\"author\" content=\"El Digital de Asturias\"\/>\n\t<meta name=\"google-site-verification\" content=\"UA-38556648-1\" \/>\n\t<meta name=\"msvalidate.01\" content=\"7dfe9f3f1b24437ab69f4f2559babe99\" \/>\n\t<meta name=\"keywords\" content=\"econom\u00eda\" \/>\n\t<link rel=\"canonical\" href=\"https:\/\/www.eldigitaldeasturias.com\/noticias\/la-comision-europea-financiara-277-pequenas-y-medianas-empresas\/\" \/>\n\t<meta name=\"generator\" content=\"All in One SEO Pro (AIOSEO) 4.9.6.2\" \/>\n\t\t<meta property=\"og:locale\" content=\"es_ES\" \/>\n\t\t<meta property=\"og:site_name\" content=\"El Digital de Asturias\" \/>\n\t\t<meta property=\"og:type\" content=\"article\" \/>\n\t\t<meta property=\"og:title\" content=\"La Comisi\u00f3n Europea financiar\u00e1 277 peque\u00f1as y medianas empresas - El Digital de Asturias\" \/>\n\t\t<meta property=\"og:description\" content=\"La Comisi\u00f3n Europea anunci\u00f3 este jueves mediante un comunicado de prensa que un total de 277 peque\u00f1as y medianas empresas (PYME) de 25 pa\u00edses han sido seleccionadas para recibir financiaci\u00f3n en el marco de la \u00faltima ronda del Instrumento para las PYME del Consejo Europeo de Innovaci\u00f3n. Estas empresas recibir\u00e1n un importe total de 13,7\" \/>\n\t\t<meta property=\"og:url\" content=\"https:\/\/www.eldigitaldeasturias.com\/noticias\/la-comision-europea-financiara-277-pequenas-y-medianas-empresas\/\" \/>\n\t\t<meta property=\"og:image\" content=\"https:\/\/www.eldigitaldeasturias.com\/noticias\/wp-content\/uploads\/2018\/07\/money-1005479_960_720.jpg\" \/>\n\t\t<meta property=\"og:image:secure_url\" content=\"https:\/\/www.eldigitaldeasturias.com\/noticias\/wp-content\/uploads\/2018\/07\/money-1005479_960_720.jpg\" \/>\n\t\t<meta property=\"og:image:width\" content=\"960\" \/>\n\t\t<meta property=\"og:image:height\" content=\"619\" \/>\n\t\t<meta property=\"article:tag\" content=\"econom\u00eda\" \/>\n\t\t<meta property=\"article:published_time\" content=\"2019-04-11T19:00:11+00:00\" \/>\n\t\t<meta property=\"article:modified_time\" content=\"2019-04-11T19:00:11+00:00\" \/>\n\t\t<meta property=\"article:publisher\" content=\"https:\/\/facebook.com\/eldigitaldeasturias\" \/>\n\t\t<meta name=\"twitter:card\" content=\"summary_large_image\" \/>\n\t\t<meta name=\"twitter:title\" content=\"La Comisi\u00f3n Europea financiar\u00e1 277 peque\u00f1as y medianas empresas - El Digital de Asturias\" \/>\n\t\t<meta name=\"twitter:description\" content=\"La Comisi\u00f3n Europea anunci\u00f3 este jueves mediante un comunicado de prensa que un total de 277 peque\u00f1as y medianas empresas (PYME) de 25 pa\u00edses han sido seleccionadas para recibir financiaci\u00f3n en el marco de la \u00faltima ronda del Instrumento para las PYME del Consejo Europeo de Innovaci\u00f3n. Estas empresas recibir\u00e1n un importe total de 13,7\" \/>\n\t\t<meta name=\"twitter:image\" content=\"https:\/\/www.eldigitaldeasturias.com\/noticias\/wp-content\/uploads\/2018\/07\/money-1005479_960_720.jpg\" \/>\n\t\t<meta name=\"twitter:label1\" content=\"Escrito por\" \/>\n\t\t<meta name=\"twitter:data1\" content=\"El Digital de Asturias\" \/>\n\t\t<meta name=\"twitter:label2\" content=\"Tiempo de lectura estimado\" \/>\n\t\t<meta name=\"twitter:data2\" content=\"2 minutos\" \/>\n\t\t<script type=\"application\/ld+json\" class=\"aioseo-schema\">\n\t\t\t{\"@context\":\"https:\\\/\\\/schema.org\",\"@graph\":[{\"@type\":\"BlogPosting\",\"@id\":\"https:\\\/\\\/www.eldigitaldeasturias.com\\\/noticias\\\/la-comision-europea-financiara-277-pequenas-y-medianas-empresas\\\/#blogposting\",\"name\":\"La Comisi\\u00f3n Europea financiar\\u00e1 277 peque\\u00f1as y medianas empresas - El Digital de Asturias\",\"headline\":\"La Comisi\\u00f3n Europea financiar\\u00e1 277 peque\\u00f1as y medianas empresas\",\"author\":{\"@id\":\"https:\\\/\\\/www.eldigitaldeasturias.com\\\/noticias\\\/author\\\/admin\\\/#author\"},\"publisher\":{\"@id\":\"https:\\\/\\\/www.eldigitaldeasturias.com\\\/noticias\\\/#organization\"},\"image\":{\"@type\":\"ImageObject\",\"url\":\"https:\\\/\\\/www.eldigitaldeasturias.com\\\/noticias\\\/wp-content\\\/uploads\\\/2018\\\/07\\\/money-1005479_960_720.jpg\",\"width\":960,\"height\":619},\"datePublished\":\"2019-04-11T19:00:11+02:00\",\"dateModified\":\"2019-04-11T19:00:11+02:00\",\"inLanguage\":\"es-ES\",\"mainEntityOfPage\":{\"@id\":\"https:\\\/\\\/www.eldigitaldeasturias.com\\\/noticias\\\/la-comision-europea-financiara-277-pequenas-y-medianas-empresas\\\/#webpage\"},\"isPartOf\":{\"@id\":\"https:\\\/\\\/www.eldigitaldeasturias.com\\\/noticias\\\/la-comision-europea-financiara-277-pequenas-y-medianas-empresas\\\/#webpage\"},\"articleSection\":\"Econom\\u00eda\"},{\"@type\":\"BreadcrumbList\",\"@id\":\"https:\\\/\\\/www.eldigitaldeasturias.com\\\/noticias\\\/la-comision-europea-financiara-277-pequenas-y-medianas-empresas\\\/#breadcrumblist\",\"itemListElement\":[{\"@type\":\"ListItem\",\"@id\":\"https:\\\/\\\/www.eldigitaldeasturias.com\\\/noticias#listItem\",\"position\":1,\"name\":\"Home\",\"item\":\"https:\\\/\\\/www.eldigitaldeasturias.com\\\/noticias\",\"nextItem\":{\"@type\":\"ListItem\",\"@id\":\"https:\\\/\\\/www.eldigitaldeasturias.com\\\/noticias\\\/category\\\/economia\\\/#listItem\",\"name\":\"Econom\\u00eda\"}},{\"@type\":\"ListItem\",\"@id\":\"https:\\\/\\\/www.eldigitaldeasturias.com\\\/noticias\\\/category\\\/economia\\\/#listItem\",\"position\":2,\"name\":\"Econom\\u00eda\",\"item\":\"https:\\\/\\\/www.eldigitaldeasturias.com\\\/noticias\\\/category\\\/economia\\\/\",\"nextItem\":{\"@type\":\"ListItem\",\"@id\":\"https:\\\/\\\/www.eldigitaldeasturias.com\\\/noticias\\\/la-comision-europea-financiara-277-pequenas-y-medianas-empresas\\\/#listItem\",\"name\":\"La Comisi\\u00f3n Europea financiar\\u00e1 277 peque\\u00f1as y medianas empresas\"},\"previousItem\":{\"@type\":\"ListItem\",\"@id\":\"https:\\\/\\\/www.eldigitaldeasturias.com\\\/noticias#listItem\",\"name\":\"Home\"}},{\"@type\":\"ListItem\",\"@id\":\"https:\\\/\\\/www.eldigitaldeasturias.com\\\/noticias\\\/la-comision-europea-financiara-277-pequenas-y-medianas-empresas\\\/#listItem\",\"position\":3,\"name\":\"La Comisi\\u00f3n Europea financiar\\u00e1 277 peque\\u00f1as y medianas empresas\",\"previousItem\":{\"@type\":\"ListItem\",\"@id\":\"https:\\\/\\\/www.eldigitaldeasturias.com\\\/noticias\\\/category\\\/economia\\\/#listItem\",\"name\":\"Econom\\u00eda\"}}]},{\"@type\":\"Organization\",\"@id\":\"https:\\\/\\\/www.eldigitaldeasturias.com\\\/noticias\\\/#organization\",\"name\":\"El Digital de Asturias\",\"description\":\"Hemeroteca\",\"url\":\"https:\\\/\\\/www.eldigitaldeasturias.com\\\/noticias\\\/\",\"email\":\"info@eldigitaldeasturias.com\",\"telephone\":\"+34652131393\",\"logo\":{\"@type\":\"ImageObject\",\"url\":\"https:\\\/\\\/www.eldigitaldeasturias.com\\\/noticias\\\/wp-content\\\/uploads\\\/2020\\\/12\\\/EDA.jpg\",\"@id\":\"https:\\\/\\\/www.eldigitaldeasturias.com\\\/noticias\\\/la-comision-europea-financiara-277-pequenas-y-medianas-empresas\\\/#organizationLogo\",\"width\":649,\"height\":297},\"image\":{\"@id\":\"https:\\\/\\\/www.eldigitaldeasturias.com\\\/noticias\\\/la-comision-europea-financiara-277-pequenas-y-medianas-empresas\\\/#organizationLogo\"},\"sameAs\":[\"https:\\\/\\\/facebook.com\\\/eldigitaldeasturias\",\"https:\\\/\\\/www.youtube.com\\\/channel\\\/UCZP-2wLEB9Rv6erhFmqVnvg\"],\"address\":{\"@id\":\"https:\\\/\\\/www.eldigitaldeasturias.com\\\/noticias\\\/#postaladdress\",\"@type\":\"PostalAddress\",\"streetAddress\":\"san antonio 4,\",\"postalCode\":\"33430\",\"addressLocality\":\"Cand\\u00e1s\",\"addressRegion\":\"Asturias\",\"addressCountry\":\"ES\"}},{\"@type\":\"Person\",\"@id\":\"https:\\\/\\\/www.eldigitaldeasturias.com\\\/noticias\\\/author\\\/admin\\\/#author\",\"url\":\"https:\\\/\\\/www.eldigitaldeasturias.com\\\/noticias\\\/author\\\/admin\\\/\",\"name\":\"El Digital de Asturias\",\"image\":{\"@type\":\"ImageObject\",\"@id\":\"https:\\\/\\\/www.eldigitaldeasturias.com\\\/noticias\\\/la-comision-europea-financiara-277-pequenas-y-medianas-empresas\\\/#authorImage\",\"url\":\"https:\\\/\\\/www.eldigitaldeasturias.com\\\/noticias\\\/wp-content\\\/litespeed\\\/avatar\\\/18677e78aa0546b92d9dbf31ec7d7668.jpg?ver=1776685526\",\"width\":96,\"height\":96,\"caption\":\"El Digital de Asturias\"}},{\"@type\":\"WebPage\",\"@id\":\"https:\\\/\\\/www.eldigitaldeasturias.com\\\/noticias\\\/la-comision-europea-financiara-277-pequenas-y-medianas-empresas\\\/#webpage\",\"url\":\"https:\\\/\\\/www.eldigitaldeasturias.com\\\/noticias\\\/la-comision-europea-financiara-277-pequenas-y-medianas-empresas\\\/\",\"name\":\"La Comisi\\u00f3n Europea financiar\\u00e1 277 peque\\u00f1as y medianas empresas - El Digital de Asturias\",\"description\":\"La Comisi\\u00f3n Europea anunci\\u00f3 este jueves mediante un comunicado de prensa que un total de 277 peque\\u00f1as y medianas empresas (PYME) de 25 pa\\u00edses han sido seleccionadas para recibir financiaci\\u00f3n en el marco de la \\u00faltima ronda del Instrumento para las PYME del Consejo Europeo de Innovaci\\u00f3n. Estas empresas recibir\\u00e1n un importe total de 13,7\",\"inLanguage\":\"es-ES\",\"isPartOf\":{\"@id\":\"https:\\\/\\\/www.eldigitaldeasturias.com\\\/noticias\\\/#website\"},\"breadcrumb\":{\"@id\":\"https:\\\/\\\/www.eldigitaldeasturias.com\\\/noticias\\\/la-comision-europea-financiara-277-pequenas-y-medianas-empresas\\\/#breadcrumblist\"},\"author\":{\"@id\":\"https:\\\/\\\/www.eldigitaldeasturias.com\\\/noticias\\\/author\\\/admin\\\/#author\"},\"creator\":{\"@id\":\"https:\\\/\\\/www.eldigitaldeasturias.com\\\/noticias\\\/author\\\/admin\\\/#author\"},\"image\":{\"@type\":\"ImageObject\",\"url\":\"https:\\\/\\\/www.eldigitaldeasturias.com\\\/noticias\\\/wp-content\\\/uploads\\\/2018\\\/07\\\/money-1005479_960_720.jpg\",\"@id\":\"https:\\\/\\\/www.eldigitaldeasturias.com\\\/noticias\\\/la-comision-europea-financiara-277-pequenas-y-medianas-empresas\\\/#mainImage\",\"width\":960,\"height\":619},\"primaryImageOfPage\":{\"@id\":\"https:\\\/\\\/www.eldigitaldeasturias.com\\\/noticias\\\/la-comision-europea-financiara-277-pequenas-y-medianas-empresas\\\/#mainImage\"},\"datePublished\":\"2019-04-11T19:00:11+02:00\",\"dateModified\":\"2019-04-11T19:00:11+02:00\"},{\"@type\":\"WebSite\",\"@id\":\"https:\\\/\\\/www.eldigitaldeasturias.com\\\/noticias\\\/#website\",\"url\":\"https:\\\/\\\/www.eldigitaldeasturias.com\\\/noticias\\\/\",\"name\":\"El Digital de Asturias - Diario de actualidad y noticias\",\"alternateName\":\"El Digital de Asturias - Diario de actualidad y noticias\",\"description\":\"Hemeroteca\",\"inLanguage\":\"es-ES\",\"publisher\":{\"@id\":\"https:\\\/\\\/www.eldigitaldeasturias.com\\\/noticias\\\/#organization\"}}]}\n\t\t<\/script>\n\t\t<!-- All in One SEO Pro -->\r\n\t\t<title>La Comisi\u00f3n Europea financiar\u00e1 277 peque\u00f1as y medianas empresas - El Digital de Asturias<\/title>\n\n","aioseo_head_json":{"title":"La Comisi\u00f3n Europea financiar\u00e1 277 peque\u00f1as y medianas empresas - El Digital de Asturias","description":"La Comisi\u00f3n Europea anunci\u00f3 este jueves mediante un comunicado de prensa que un total de 277 peque\u00f1as y medianas empresas (PYME) de 25 pa\u00edses han sido seleccionadas para recibir financiaci\u00f3n en el marco de la \u00faltima ronda del Instrumento para las PYME del Consejo Europeo de Innovaci\u00f3n. Estas empresas recibir\u00e1n un importe total de 13,7","canonical_url":"https:\/\/www.eldigitaldeasturias.com\/noticias\/la-comision-europea-financiara-277-pequenas-y-medianas-empresas\/","robots":"max-image-preview:large","keywords":"econom\u00eda","webmasterTools":{"google-site-verification":"UA-38556648-1","msvalidate.01":"7dfe9f3f1b24437ab69f4f2559babe99","miscellaneous":""},"schema":{"@context":"https:\/\/schema.org","@graph":[{"@type":"BlogPosting","@id":"https:\/\/www.eldigitaldeasturias.com\/noticias\/la-comision-europea-financiara-277-pequenas-y-medianas-empresas\/#blogposting","name":"La Comisi\u00f3n Europea financiar\u00e1 277 peque\u00f1as y medianas empresas - El Digital de Asturias","headline":"La Comisi\u00f3n Europea financiar\u00e1 277 peque\u00f1as y medianas empresas","author":{"@id":"https:\/\/www.eldigitaldeasturias.com\/noticias\/author\/admin\/#author"},"publisher":{"@id":"https:\/\/www.eldigitaldeasturias.com\/noticias\/#organization"},"image":{"@type":"ImageObject","url":"https:\/\/www.eldigitaldeasturias.com\/noticias\/wp-content\/uploads\/2018\/07\/money-1005479_960_720.jpg","width":960,"height":619},"datePublished":"2019-04-11T19:00:11+02:00","dateModified":"2019-04-11T19:00:11+02:00","inLanguage":"es-ES","mainEntityOfPage":{"@id":"https:\/\/www.eldigitaldeasturias.com\/noticias\/la-comision-europea-financiara-277-pequenas-y-medianas-empresas\/#webpage"},"isPartOf":{"@id":"https:\/\/www.eldigitaldeasturias.com\/noticias\/la-comision-europea-financiara-277-pequenas-y-medianas-empresas\/#webpage"},"articleSection":"Econom\u00eda"},{"@type":"BreadcrumbList","@id":"https:\/\/www.eldigitaldeasturias.com\/noticias\/la-comision-europea-financiara-277-pequenas-y-medianas-empresas\/#breadcrumblist","itemListElement":[{"@type":"ListItem","@id":"https:\/\/www.eldigitaldeasturias.com\/noticias#listItem","position":1,"name":"Home","item":"https:\/\/www.eldigitaldeasturias.com\/noticias","nextItem":{"@type":"ListItem","@id":"https:\/\/www.eldigitaldeasturias.com\/noticias\/category\/economia\/#listItem","name":"Econom\u00eda"}},{"@type":"ListItem","@id":"https:\/\/www.eldigitaldeasturias.com\/noticias\/category\/economia\/#listItem","position":2,"name":"Econom\u00eda","item":"https:\/\/www.eldigitaldeasturias.com\/noticias\/category\/economia\/","nextItem":{"@type":"ListItem","@id":"https:\/\/www.eldigitaldeasturias.com\/noticias\/la-comision-europea-financiara-277-pequenas-y-medianas-empresas\/#listItem","name":"La Comisi\u00f3n Europea financiar\u00e1 277 peque\u00f1as y medianas empresas"},"previousItem":{"@type":"ListItem","@id":"https:\/\/www.eldigitaldeasturias.com\/noticias#listItem","name":"Home"}},{"@type":"ListItem","@id":"https:\/\/www.eldigitaldeasturias.com\/noticias\/la-comision-europea-financiara-277-pequenas-y-medianas-empresas\/#listItem","position":3,"name":"La Comisi\u00f3n Europea financiar\u00e1 277 peque\u00f1as y medianas empresas","previousItem":{"@type":"ListItem","@id":"https:\/\/www.eldigitaldeasturias.com\/noticias\/category\/economia\/#listItem","name":"Econom\u00eda"}}]},{"@type":"Organization","@id":"https:\/\/www.eldigitaldeasturias.com\/noticias\/#organization","name":"El Digital de Asturias","description":"Hemeroteca","url":"https:\/\/www.eldigitaldeasturias.com\/noticias\/","email":"info@eldigitaldeasturias.com","telephone":"+34652131393","logo":{"@type":"ImageObject","url":"https:\/\/www.eldigitaldeasturias.com\/noticias\/wp-content\/uploads\/2020\/12\/EDA.jpg","@id":"https:\/\/www.eldigitaldeasturias.com\/noticias\/la-comision-europea-financiara-277-pequenas-y-medianas-empresas\/#organizationLogo","width":649,"height":297},"image":{"@id":"https:\/\/www.eldigitaldeasturias.com\/noticias\/la-comision-europea-financiara-277-pequenas-y-medianas-empresas\/#organizationLogo"},"sameAs":["https:\/\/facebook.com\/eldigitaldeasturias","https:\/\/www.youtube.com\/channel\/UCZP-2wLEB9Rv6erhFmqVnvg"],"address":{"@id":"https:\/\/www.eldigitaldeasturias.com\/noticias\/#postaladdress","@type":"PostalAddress","streetAddress":"san antonio 4,","postalCode":"33430","addressLocality":"Cand\u00e1s","addressRegion":"Asturias","addressCountry":"ES"}},{"@type":"Person","@id":"https:\/\/www.eldigitaldeasturias.com\/noticias\/author\/admin\/#author","url":"https:\/\/www.eldigitaldeasturias.com\/noticias\/author\/admin\/","name":"El Digital de Asturias","image":{"@type":"ImageObject","@id":"https:\/\/www.eldigitaldeasturias.com\/noticias\/la-comision-europea-financiara-277-pequenas-y-medianas-empresas\/#authorImage","url":"https:\/\/www.eldigitaldeasturias.com\/noticias\/wp-content\/litespeed\/avatar\/18677e78aa0546b92d9dbf31ec7d7668.jpg?ver=1776685526","width":96,"height":96,"caption":"El Digital de Asturias"}},{"@type":"WebPage","@id":"https:\/\/www.eldigitaldeasturias.com\/noticias\/la-comision-europea-financiara-277-pequenas-y-medianas-empresas\/#webpage","url":"https:\/\/www.eldigitaldeasturias.com\/noticias\/la-comision-europea-financiara-277-pequenas-y-medianas-empresas\/","name":"La Comisi\u00f3n Europea financiar\u00e1 277 peque\u00f1as y medianas empresas - El Digital de Asturias","description":"La Comisi\u00f3n Europea anunci\u00f3 este jueves mediante un comunicado de prensa que un total de 277 peque\u00f1as y medianas empresas (PYME) de 25 pa\u00edses han sido seleccionadas para recibir financiaci\u00f3n en el marco de la \u00faltima ronda del Instrumento para las PYME del Consejo Europeo de Innovaci\u00f3n. Estas empresas recibir\u00e1n un importe total de 13,7","inLanguage":"es-ES","isPartOf":{"@id":"https:\/\/www.eldigitaldeasturias.com\/noticias\/#website"},"breadcrumb":{"@id":"https:\/\/www.eldigitaldeasturias.com\/noticias\/la-comision-europea-financiara-277-pequenas-y-medianas-empresas\/#breadcrumblist"},"author":{"@id":"https:\/\/www.eldigitaldeasturias.com\/noticias\/author\/admin\/#author"},"creator":{"@id":"https:\/\/www.eldigitaldeasturias.com\/noticias\/author\/admin\/#author"},"image":{"@type":"ImageObject","url":"https:\/\/www.eldigitaldeasturias.com\/noticias\/wp-content\/uploads\/2018\/07\/money-1005479_960_720.jpg","@id":"https:\/\/www.eldigitaldeasturias.com\/noticias\/la-comision-europea-financiara-277-pequenas-y-medianas-empresas\/#mainImage","width":960,"height":619},"primaryImageOfPage":{"@id":"https:\/\/www.eldigitaldeasturias.com\/noticias\/la-comision-europea-financiara-277-pequenas-y-medianas-empresas\/#mainImage"},"datePublished":"2019-04-11T19:00:11+02:00","dateModified":"2019-04-11T19:00:11+02:00"},{"@type":"WebSite","@id":"https:\/\/www.eldigitaldeasturias.com\/noticias\/#website","url":"https:\/\/www.eldigitaldeasturias.com\/noticias\/","name":"El Digital de Asturias - Diario de actualidad y noticias","alternateName":"El Digital de Asturias - Diario de actualidad y noticias","description":"Hemeroteca","inLanguage":"es-ES","publisher":{"@id":"https:\/\/www.eldigitaldeasturias.com\/noticias\/#organization"}}]},"og:locale":"es_ES","og:site_name":"El Digital de Asturias","og:type":"article","og:title":"La Comisi\u00f3n Europea financiar\u00e1 277 peque\u00f1as y medianas empresas - El Digital de Asturias","og:description":"La Comisi\u00f3n Europea anunci\u00f3 este jueves mediante un comunicado de prensa que un total de 277 peque\u00f1as y medianas empresas (PYME) de 25 pa\u00edses han sido seleccionadas para recibir financiaci\u00f3n en el marco de la \u00faltima ronda del Instrumento para las PYME del Consejo Europeo de Innovaci\u00f3n. Estas empresas recibir\u00e1n un importe total de 13,7","og:url":"https:\/\/www.eldigitaldeasturias.com\/noticias\/la-comision-europea-financiara-277-pequenas-y-medianas-empresas\/","og:image":"https:\/\/www.eldigitaldeasturias.com\/noticias\/wp-content\/uploads\/2018\/07\/money-1005479_960_720.jpg","og:image:secure_url":"https:\/\/www.eldigitaldeasturias.com\/noticias\/wp-content\/uploads\/2018\/07\/money-1005479_960_720.jpg","og:image:width":960,"og:image:height":619,"article:tag":["econom\u00eda"],"article:published_time":"2019-04-11T19:00:11+00:00","article:modified_time":"2019-04-11T19:00:11+00:00","article:publisher":"https:\/\/facebook.com\/eldigitaldeasturias","twitter:card":"summary_large_image","twitter:title":"La Comisi\u00f3n Europea financiar\u00e1 277 peque\u00f1as y medianas empresas - El Digital de Asturias","twitter:description":"La Comisi\u00f3n Europea anunci\u00f3 este jueves mediante un comunicado de prensa que un total de 277 peque\u00f1as y medianas empresas (PYME) de 25 pa\u00edses han sido seleccionadas para recibir financiaci\u00f3n en el marco de la \u00faltima ronda del Instrumento para las PYME del Consejo Europeo de Innovaci\u00f3n. Estas empresas recibir\u00e1n un importe total de 13,7","twitter:image":"https:\/\/www.eldigitaldeasturias.com\/noticias\/wp-content\/uploads\/2018\/07\/money-1005479_960_720.jpg","twitter:label1":"Escrito por","twitter:data1":"El Digital de Asturias","twitter:label2":"Tiempo de lectura estimado","twitter:data2":"2 minutos"},"aioseo_meta_data":{"post_id":"1023681","title":null,"description":null,"keywords":null,"keyphrases":null,"primary_term":null,"canonical_url":null,"og_title":null,"og_description":null,"og_object_type":"default","og_image_type":"default","og_image_url":null,"og_image_width":null,"og_image_height":null,"og_image_custom_url":null,"og_image_custom_fields":null,"og_video":null,"og_custom_url":null,"og_article_section":null,"og_article_tags":null,"twitter_use_og":false,"twitter_card":"default","twitter_image_type":"default","twitter_image_url":null,"twitter_image_custom_url":null,"twitter_image_custom_fields":null,"twitter_title":null,"twitter_description":null,"schema":{"blockGraphs":[],"customGraphs":[],"default":{"data":{"Article":[],"Course":[],"Dataset":[],"FAQPage":[],"Movie":[],"Person":[],"Product":[],"ProductReview":[],"Car":[],"Recipe":[],"Service":[],"SoftwareApplication":[],"WebPage":[]},"graphName":"","isEnabled":true},"graphs":[],"defaultGraph":"","defaultPostTypeGraph":""},"schema_type":null,"schema_type_options":null,"pillar_content":false,"robots_default":true,"robots_noindex":false,"robots_noarchive":false,"robots_nosnippet":false,"robots_nofollow":false,"robots_noimageindex":false,"robots_noodp":false,"robots_notranslate":false,"robots_max_snippet":null,"robots_max_videopreview":null,"robots_max_imagepreview":"large","priority":null,"frequency":null,"local_seo":null,"seo_analyzer_scan_date":"2025-10-17 13:54:13","breadcrumb_settings":null,"limit_modified_date":false,"open_ai":null,"ai":null,"created":"2020-12-21 11:15:13","updated":"2025-10-17 13:54:13"},"aioseo_breadcrumb":"<div class=\"aioseo-breadcrumbs\"><span class=\"aioseo-breadcrumb\">\n\t<a href=\"https:\/\/www.eldigitaldeasturias.com\/noticias\" title=\"Home\">Home<\/a>\n<\/span><span class=\"aioseo-breadcrumb-separator\">\u2013<\/span><span class=\"aioseo-breadcrumb\">\n\t<a href=\"https:\/\/www.eldigitaldeasturias.com\/noticias\/category\/economia\/\" title=\"Econom\u00eda\">Econom\u00eda<\/a>\n<\/span><span class=\"aioseo-breadcrumb-separator\">\u2013<\/span><span class=\"aioseo-breadcrumb\">\n\t<a href=\"https:\/\/www.eldigitaldeasturias.com\/noticias\/la-comision-europea-financiara-277-pequenas-y-medianas-empresas\/\" title=\"La Comisi\u00f3n Europea financiar\u00e1 277 peque\u00f1as y medianas empresas\">La Comisi\u00f3n Europea financiar\u00e1 277 peque\u00f1as y medianas empresas<\/a>\n<\/span><\/div>","aioseo_breadcrumb_json":[{"label":"Home","link":"https:\/\/www.eldigitaldeasturias.com\/noticias"},{"label":"Econom\u00eda","link":"https:\/\/www.eldigitaldeasturias.com\/noticias\/category\/economia\/"},{"label":"La Comisi\u00f3n Europea financiar\u00e1 277 peque\u00f1as y medianas empresas","link":"https:\/\/www.eldigitaldeasturias.com\/noticias\/la-comision-europea-financiara-277-pequenas-y-medianas-empresas\/"}],"_links":{"self":[{"href":"https:\/\/www.eldigitaldeasturias.com\/noticias\/wp-json\/wp\/v2\/posts\/1023681","targetHints":{"allow":["GET"]}}],"collection":[{"href":"https:\/\/www.eldigitaldeasturias.com\/noticias\/wp-json\/wp\/v2\/posts"}],"about":[{"href":"https:\/\/www.eldigitaldeasturias.com\/noticias\/wp-json\/wp\/v2\/types\/post"}],"author":[{"embeddable":true,"href":"https:\/\/www.eldigitaldeasturias.com\/noticias\/wp-json\/wp\/v2\/users\/1"}],"replies":[{"embeddable":true,"href":"https:\/\/www.eldigitaldeasturias.com\/noticias\/wp-json\/wp\/v2\/comments?post=1023681"}],"version-history":[{"count":0,"href":"https:\/\/www.eldigitaldeasturias.com\/noticias\/wp-json\/wp\/v2\/posts\/1023681\/revisions"}],"wp:featuredmedia":[{"embeddable":true,"href":"https:\/\/www.eldigitaldeasturias.com\/noticias\/wp-json\/wp\/v2\/media\/989215"}],"wp:attachment":[{"href":"https:\/\/www.eldigitaldeasturias.com\/noticias\/wp-json\/wp\/v2\/media?parent=1023681"}],"wp:term":[{"taxonomy":"category","embeddable":true,"href":"https:\/\/www.eldigitaldeasturias.com\/noticias\/wp-json\/wp\/v2\/categories?post=1023681"},{"taxonomy":"post_tag","embeddable":true,"href":"https:\/\/www.eldigitaldeasturias.com\/noticias\/wp-json\/wp\/v2\/tags?post=1023681"}],"curies":[{"name":"wp","href":"https:\/\/api.w.org\/{rel}","templated":true}]}}