{"id":1023615,"date":"2019-04-11T06:07:29","date_gmt":"2019-04-11T06:07:29","guid":{"rendered":"https:\/\/www.eldigitaldeasturias.com\/noticias\/?p=1023615"},"modified":"2019-04-11T06:07:29","modified_gmt":"2019-04-11T06:07:29","slug":"planas-manifiesta-su-apoyo-a-una-pac-con-mayor-ambicion-medioambiental","status":"publish","type":"post","link":"https:\/\/www.eldigitaldeasturias.com\/noticias\/planas-manifiesta-su-apoyo-a-una-pac-con-mayor-ambicion-medioambiental\/","title":{"rendered":"Planas manifiesta su apoyo a una PAC con mayor ambici\u00f3n medioambiental"},"content":{"rendered":"<p><img loading=\"lazy\" decoding=\"async\" class=\"alignleft size-medium wp-image-1023616\" src=\"https:\/\/www.eldigitaldeasturias.com\/noticias\/wp-content\/uploads\/2019\/04\/101419-planas-360x239.jpg\" alt=\"\" width=\"360\" height=\"239\" srcset=\"https:\/\/www.eldigitaldeasturias.com\/noticias\/wp-content\/uploads\/2019\/04\/101419-planas-360x239.jpg 360w, https:\/\/www.eldigitaldeasturias.com\/noticias\/wp-content\/uploads\/2019\/04\/101419-planas.jpg 512w\" sizes=\"auto, (max-width: 360px) 100vw, 360px\" \/>\u200bLuis Planas ha se\u00f1alado que Espa\u00f1a apoya una Pol\u00edtica Agr\u00edcola Com\u00fan (PAC) con una mayor ambici\u00f3n medioambiental clara, para posicionar la agricultura en el lado de las soluciones frente al reto clim\u00e1tico y medioambiental. Para ello, ha subrayado la necesidad de que se mantenga el presupuesto de esta pol\u00edtica en las negociaciones del Marco Financiero Plurianual 2021 &#8211; 2027.<\/p>\n<p>As\u00ed lo explicaba el ministro en el Consejo Consultivo de Pol\u00edtica Agr\u00edcola que se ha celebrado en la sede del Departamento, donde se ha abordado la Reforma de la PAC centrada en la \u00abarquitectura medioambiental\u00bb, un aspecto que la Presidencia rumana presentar\u00e1 a debate en el Consejo de Ministros de la UE de la pr\u00f3xima semana.<\/p>\n<p>A este respecto el ministro ha se\u00f1alado que la posici\u00f3n espa\u00f1ola apoya el enfoque que la Comisi\u00f3n da a esta nueva \u00abarquitectura medioambiental\u00bb consistente en encuadrar el \u00abgreening\u00bb dentro de la Condicionalidad, y es tambi\u00e9n favorable al fomento de la fertilizaci\u00f3n sostenible, siempre que vaya precedida de la necesaria formaci\u00f3n a los agricultores, antes de hacer obligatoria la nueva herramienta de gesti\u00f3n sostenible de nutrientes.<\/p>\n<p>El ministro ha a\u00f1adido que Espa\u00f1a tambi\u00e9n est\u00e1 de acuerdo en destinar un 30% de los gastos en el segundo pilar para medidas de car\u00e1cter medioambiental, y que se incluya en este porcentaje las ayudas para las zonas menos favorecidas (zonas de monta\u00f1a y de alta pendiente).<\/p>\n<p>En cuanto a los eco-esquemas, Planas ha manifestado que Espa\u00f1a est\u00e1 a favor de que los Estados miembros los ofrezcan de manera obligatoria en el Primer Pilar para que los agricultores y ganaderos que lo deseen puedan acceder a ellos de forma voluntaria, ya que pueden ser un importante incentivo para afrontar el reto del clima y el medio ambiente.<\/p>\n<p>Tanto el encaje entre los eco-esquemas del Primer Pilar como los compromisos medioambientales del Segundo Pilar, ha se\u00f1alado el ministro, ser\u00e1n objeto de debate tanto en el Consejo como a nivel nacional en los trabajos de elaboraci\u00f3n del Plan Estrat\u00e9gico, en los que, ha subrayado Planas, se est\u00e1 recibiendo una excelente colaboraci\u00f3n por parte de las Comunidades Aut\u00f3nomas.<\/p>\n<p>Planas ha se\u00f1alado que los grupos de trabajo creados en relaci\u00f3n con la elaboraci\u00f3n del Plan Estrat\u00e9gico, sobre rentabilidad de las explotaciones agrarias y el relativo a la incorporaci\u00f3n de j\u00f3venes, contin\u00faan sus tareas de forma activa con la participaci\u00f3n del Ministerio y de las comunidades aut\u00f3nomas. El ministro ha recalcado que esos trabajos t\u00e9cnicos no se van a detener, a pesar de entrar en un periodo electoral, porque esos documentos deber\u00e1n ser entregados en su d\u00eda ante la Comisi\u00f3n Europea.<\/p>\n<p><strong>Mercados agrarios, aceite de oliva y aceituna de mesa<\/strong><\/p>\n<p>El ministro ha avanzado que en la pr\u00f3xima reuni\u00f3n del Consejo solicitar\u00e1 que se debata sobre la situaci\u00f3n de los mercados de aceite de oliva, aceituna de mesa, az\u00facar y c\u00edtricos.<\/p>\n<p>En cuanto al aceite de oliva, cuya producci\u00f3n se ha incrementado y se situar\u00e1 en torno a las 1.740.000 toneladas, con un descenso de precios por debajo de las \u00faltimas campa\u00f1as, el ministro ha recordado que la producci\u00f3n mundial se ha reducido en un 5%, por lo que el aceite de oliva espa\u00f1ol ser\u00e1 clave para el aprovisionamiento de otros pa\u00edses. Este factor, unido a la solidez del consumo, ha manifestado Planas, hace pensar que se den las condiciones para un cambio de tendencia en el precio.<\/p>\n<p>Para apoyar a este sector el ministro ha se\u00f1alado que se est\u00e1 en contacto permanente con la comisi\u00f3n para vigilar la evoluci\u00f3n del mercado. Tambi\u00e9n ha insistido en la importancia de medidas de autorregulaci\u00f3n. En esta l\u00ednea ha explicado que se ha solicitado a la Interprofesional del aceite de oliva la elaboraci\u00f3n de una propuesta que se pueda transmitir a la Comisi\u00f3n Europea.<\/p>\n<p>Tambi\u00e9n ha insistido en la importancia de medidas de autorregulaci\u00f3n, se\u00f1alando a este respecto que se est\u00e1 trabajando en una norma de reconocimiento de las Organizaciones de productores, donde se incluir\u00e1 el sector de aceite de oliva como un mecanismo suplementario de regulaci\u00f3n y ha afirmado que solicitara la actualizaci\u00f3n de los umbrales de 1998.<\/p>\n<p>Por otra parte, en cuanto a la situaci\u00f3n del mercado de la aceituna de mesa, condicionada por los aranceles adicionales impuestos por Estado Unidos, el ministro ha recordado que, desde el pasado verano, se viene trasladando a la Comisi\u00f3n la preocupaci\u00f3n por la marcha de este sector y la solicitud de medidas.<\/p>\n<p>El ministro ha se\u00f1alado que tendr\u00e1 que producirse un arbitraje en el seno de la OMC, por lo que recordar\u00e1 a la Comisi\u00f3n la necesidad de que defienda este dossier en el seno de la OMC que tan importante es para Espa\u00f1a.<\/p>\n<p><strong>C\u00edtricos<\/strong><\/p>\n<p>En cuanto a los c\u00edtricos, con una campa\u00f1a 2018-2019 que probablemente alcanzar\u00e1 un registro record, y en la que han coincidido malas condiciones climatol\u00f3gicas que han afectado a la calidad y un incremento de las importaciones que han incidido en las primeras semanas de la campa\u00f1a, Planas ha recordado la reuni\u00f3n de seguimiento mantenida a principios de abril con el sector, d\u00f3nde se adoptaron 16 medidas, algunas para ejecutar el Ministerio como ya lo est\u00e1 haciendo, otras las Comunidades Aut\u00f3nomas y alguna el sector.<\/p>\n<p>Por ello ha recabado la colaboraci\u00f3n de las Comunidades Aut\u00f3nomas, y del sector para recuperar la funcionalidad de la Interprofesional. Se ha solicitado a Intercitrus, ha explicado Planas, una hoja de ruta con objetivos concretos a corto y medio plazo y para que intervenga de forma activa en relaci\u00f3n con mecanismos como la planificaci\u00f3n, las subvenciones, el pago de retirada o las campa\u00f1as de promoci\u00f3n.<\/p>\n","protected":false},"excerpt":{"rendered":"<p>\u200bLuis Planas ha se\u00f1alado que Espa\u00f1a apoya una Pol\u00edtica Agr\u00edcola Com\u00fan (PAC) con una mayor ambici\u00f3n medioambiental clara, para posicionar la agricultura en el lado de las soluciones frente al reto clim\u00e1tico y medioambiental. Para ello, ha subrayado la necesidad de que se mantenga el presupuesto de esta pol\u00edtica en las negociaciones del Marco Financiero [&hellip;]<\/p>\n","protected":false},"author":1,"featured_media":1023616,"comment_status":"closed","ping_status":"closed","sticky":false,"template":"","format":"standard","meta":{"footnotes":""},"categories":[187],"tags":[],"class_list":["post-1023615","post","type-post","status-publish","format-standard","has-post-thumbnail","hentry","category-economia"],"aioseo_notices":[],"aioseo_head":"\n\t\t<!-- All in One SEO Pro 4.9.6.2 - aioseo.com -->\n\t<meta name=\"description\" content=\"\u200bLuis Planas ha se\u00f1alado que Espa\u00f1a apoya una Pol\u00edtica Agr\u00edcola Com\u00fan (PAC) con una mayor ambici\u00f3n medioambiental clara, para posicionar la agricultura en el lado de las soluciones frente al reto clim\u00e1tico y medioambiental. Para ello, ha subrayado la necesidad de que se mantenga el presupuesto de esta pol\u00edtica en las negociaciones del Marco Financiero\" \/>\n\t<meta name=\"robots\" content=\"max-image-preview:large\" \/>\n\t<meta name=\"author\" content=\"El Digital de Asturias\"\/>\n\t<meta name=\"google-site-verification\" content=\"UA-38556648-1\" \/>\n\t<meta name=\"msvalidate.01\" content=\"7dfe9f3f1b24437ab69f4f2559babe99\" \/>\n\t<meta name=\"keywords\" content=\"econom\u00eda\" \/>\n\t<link rel=\"canonical\" href=\"https:\/\/www.eldigitaldeasturias.com\/noticias\/planas-manifiesta-su-apoyo-a-una-pac-con-mayor-ambicion-medioambiental\/\" \/>\n\t<meta name=\"generator\" content=\"All in One SEO Pro (AIOSEO) 4.9.6.2\" \/>\n\t\t<meta property=\"og:locale\" content=\"es_ES\" \/>\n\t\t<meta property=\"og:site_name\" content=\"El Digital de Asturias\" \/>\n\t\t<meta property=\"og:type\" content=\"article\" \/>\n\t\t<meta property=\"og:title\" content=\"Planas manifiesta su apoyo a una PAC con mayor ambici\u00f3n medioambiental - El Digital de Asturias\" \/>\n\t\t<meta property=\"og:description\" content=\"\u200bLuis Planas ha se\u00f1alado que Espa\u00f1a apoya una Pol\u00edtica Agr\u00edcola Com\u00fan (PAC) con una mayor ambici\u00f3n medioambiental clara, para posicionar la agricultura en el lado de las soluciones frente al reto clim\u00e1tico y medioambiental. Para ello, ha subrayado la necesidad de que se mantenga el presupuesto de esta pol\u00edtica en las negociaciones del Marco Financiero\" \/>\n\t\t<meta property=\"og:url\" content=\"https:\/\/www.eldigitaldeasturias.com\/noticias\/planas-manifiesta-su-apoyo-a-una-pac-con-mayor-ambicion-medioambiental\/\" \/>\n\t\t<meta property=\"og:image\" content=\"https:\/\/www.eldigitaldeasturias.com\/noticias\/wp-content\/uploads\/2019\/04\/101419-planas.jpg\" \/>\n\t\t<meta property=\"og:image:secure_url\" content=\"https:\/\/www.eldigitaldeasturias.com\/noticias\/wp-content\/uploads\/2019\/04\/101419-planas.jpg\" \/>\n\t\t<meta property=\"og:image:width\" content=\"512\" \/>\n\t\t<meta property=\"og:image:height\" content=\"340\" \/>\n\t\t<meta property=\"article:tag\" content=\"econom\u00eda\" \/>\n\t\t<meta property=\"article:published_time\" content=\"2019-04-11T06:07:29+00:00\" \/>\n\t\t<meta property=\"article:modified_time\" content=\"2019-04-11T06:07:29+00:00\" \/>\n\t\t<meta property=\"article:publisher\" content=\"https:\/\/facebook.com\/eldigitaldeasturias\" \/>\n\t\t<meta name=\"twitter:card\" content=\"summary_large_image\" \/>\n\t\t<meta name=\"twitter:title\" content=\"Planas manifiesta su apoyo a una PAC con mayor ambici\u00f3n medioambiental - El Digital de Asturias\" \/>\n\t\t<meta name=\"twitter:description\" content=\"\u200bLuis Planas ha se\u00f1alado que Espa\u00f1a apoya una Pol\u00edtica Agr\u00edcola Com\u00fan (PAC) con una mayor ambici\u00f3n medioambiental clara, para posicionar la agricultura en el lado de las soluciones frente al reto clim\u00e1tico y medioambiental. Para ello, ha subrayado la necesidad de que se mantenga el presupuesto de esta pol\u00edtica en las negociaciones del Marco Financiero\" \/>\n\t\t<meta name=\"twitter:image\" content=\"https:\/\/www.eldigitaldeasturias.com\/noticias\/wp-content\/uploads\/2019\/04\/101419-planas.jpg\" \/>\n\t\t<meta name=\"twitter:label1\" content=\"Escrito por\" \/>\n\t\t<meta name=\"twitter:data1\" content=\"El Digital de Asturias\" \/>\n\t\t<meta name=\"twitter:label2\" content=\"Tiempo de lectura estimado\" \/>\n\t\t<meta name=\"twitter:data2\" content=\"5 minutos\" \/>\n\t\t<script type=\"application\/ld+json\" class=\"aioseo-schema\">\n\t\t\t{\"@context\":\"https:\\\/\\\/schema.org\",\"@graph\":[{\"@type\":\"BlogPosting\",\"@id\":\"https:\\\/\\\/www.eldigitaldeasturias.com\\\/noticias\\\/planas-manifiesta-su-apoyo-a-una-pac-con-mayor-ambicion-medioambiental\\\/#blogposting\",\"name\":\"Planas manifiesta su apoyo a una PAC con mayor ambici\\u00f3n medioambiental - El Digital de Asturias\",\"headline\":\"Planas manifiesta su apoyo a una PAC con mayor ambici\\u00f3n medioambiental\",\"author\":{\"@id\":\"https:\\\/\\\/www.eldigitaldeasturias.com\\\/noticias\\\/author\\\/admin\\\/#author\"},\"publisher\":{\"@id\":\"https:\\\/\\\/www.eldigitaldeasturias.com\\\/noticias\\\/#organization\"},\"image\":{\"@type\":\"ImageObject\",\"url\":\"https:\\\/\\\/www.eldigitaldeasturias.com\\\/noticias\\\/wp-content\\\/uploads\\\/2019\\\/04\\\/101419-planas.jpg\",\"width\":512,\"height\":340},\"datePublished\":\"2019-04-11T06:07:29+02:00\",\"dateModified\":\"2019-04-11T06:07:29+02:00\",\"inLanguage\":\"es-ES\",\"mainEntityOfPage\":{\"@id\":\"https:\\\/\\\/www.eldigitaldeasturias.com\\\/noticias\\\/planas-manifiesta-su-apoyo-a-una-pac-con-mayor-ambicion-medioambiental\\\/#webpage\"},\"isPartOf\":{\"@id\":\"https:\\\/\\\/www.eldigitaldeasturias.com\\\/noticias\\\/planas-manifiesta-su-apoyo-a-una-pac-con-mayor-ambicion-medioambiental\\\/#webpage\"},\"articleSection\":\"Econom\\u00eda\"},{\"@type\":\"BreadcrumbList\",\"@id\":\"https:\\\/\\\/www.eldigitaldeasturias.com\\\/noticias\\\/planas-manifiesta-su-apoyo-a-una-pac-con-mayor-ambicion-medioambiental\\\/#breadcrumblist\",\"itemListElement\":[{\"@type\":\"ListItem\",\"@id\":\"https:\\\/\\\/www.eldigitaldeasturias.com\\\/noticias#listItem\",\"position\":1,\"name\":\"Home\",\"item\":\"https:\\\/\\\/www.eldigitaldeasturias.com\\\/noticias\",\"nextItem\":{\"@type\":\"ListItem\",\"@id\":\"https:\\\/\\\/www.eldigitaldeasturias.com\\\/noticias\\\/category\\\/economia\\\/#listItem\",\"name\":\"Econom\\u00eda\"}},{\"@type\":\"ListItem\",\"@id\":\"https:\\\/\\\/www.eldigitaldeasturias.com\\\/noticias\\\/category\\\/economia\\\/#listItem\",\"position\":2,\"name\":\"Econom\\u00eda\",\"item\":\"https:\\\/\\\/www.eldigitaldeasturias.com\\\/noticias\\\/category\\\/economia\\\/\",\"nextItem\":{\"@type\":\"ListItem\",\"@id\":\"https:\\\/\\\/www.eldigitaldeasturias.com\\\/noticias\\\/planas-manifiesta-su-apoyo-a-una-pac-con-mayor-ambicion-medioambiental\\\/#listItem\",\"name\":\"Planas manifiesta su apoyo a una PAC con mayor ambici\\u00f3n medioambiental\"},\"previousItem\":{\"@type\":\"ListItem\",\"@id\":\"https:\\\/\\\/www.eldigitaldeasturias.com\\\/noticias#listItem\",\"name\":\"Home\"}},{\"@type\":\"ListItem\",\"@id\":\"https:\\\/\\\/www.eldigitaldeasturias.com\\\/noticias\\\/planas-manifiesta-su-apoyo-a-una-pac-con-mayor-ambicion-medioambiental\\\/#listItem\",\"position\":3,\"name\":\"Planas manifiesta su apoyo a una PAC con mayor ambici\\u00f3n medioambiental\",\"previousItem\":{\"@type\":\"ListItem\",\"@id\":\"https:\\\/\\\/www.eldigitaldeasturias.com\\\/noticias\\\/category\\\/economia\\\/#listItem\",\"name\":\"Econom\\u00eda\"}}]},{\"@type\":\"Organization\",\"@id\":\"https:\\\/\\\/www.eldigitaldeasturias.com\\\/noticias\\\/#organization\",\"name\":\"El Digital de Asturias\",\"description\":\"Hemeroteca\",\"url\":\"https:\\\/\\\/www.eldigitaldeasturias.com\\\/noticias\\\/\",\"email\":\"info@eldigitaldeasturias.com\",\"telephone\":\"+34652131393\",\"logo\":{\"@type\":\"ImageObject\",\"url\":\"https:\\\/\\\/www.eldigitaldeasturias.com\\\/noticias\\\/wp-content\\\/uploads\\\/2020\\\/12\\\/EDA.jpg\",\"@id\":\"https:\\\/\\\/www.eldigitaldeasturias.com\\\/noticias\\\/planas-manifiesta-su-apoyo-a-una-pac-con-mayor-ambicion-medioambiental\\\/#organizationLogo\",\"width\":649,\"height\":297},\"image\":{\"@id\":\"https:\\\/\\\/www.eldigitaldeasturias.com\\\/noticias\\\/planas-manifiesta-su-apoyo-a-una-pac-con-mayor-ambicion-medioambiental\\\/#organizationLogo\"},\"sameAs\":[\"https:\\\/\\\/facebook.com\\\/eldigitaldeasturias\",\"https:\\\/\\\/www.youtube.com\\\/channel\\\/UCZP-2wLEB9Rv6erhFmqVnvg\"],\"address\":{\"@id\":\"https:\\\/\\\/www.eldigitaldeasturias.com\\\/noticias\\\/#postaladdress\",\"@type\":\"PostalAddress\",\"streetAddress\":\"san antonio 4,\",\"postalCode\":\"33430\",\"addressLocality\":\"Cand\\u00e1s\",\"addressRegion\":\"Asturias\",\"addressCountry\":\"ES\"}},{\"@type\":\"Person\",\"@id\":\"https:\\\/\\\/www.eldigitaldeasturias.com\\\/noticias\\\/author\\\/admin\\\/#author\",\"url\":\"https:\\\/\\\/www.eldigitaldeasturias.com\\\/noticias\\\/author\\\/admin\\\/\",\"name\":\"El Digital de Asturias\",\"image\":{\"@type\":\"ImageObject\",\"@id\":\"https:\\\/\\\/www.eldigitaldeasturias.com\\\/noticias\\\/planas-manifiesta-su-apoyo-a-una-pac-con-mayor-ambicion-medioambiental\\\/#authorImage\",\"url\":\"https:\\\/\\\/www.eldigitaldeasturias.com\\\/noticias\\\/wp-content\\\/litespeed\\\/avatar\\\/18677e78aa0546b92d9dbf31ec7d7668.jpg?ver=1776685526\",\"width\":96,\"height\":96,\"caption\":\"El Digital de Asturias\"}},{\"@type\":\"WebPage\",\"@id\":\"https:\\\/\\\/www.eldigitaldeasturias.com\\\/noticias\\\/planas-manifiesta-su-apoyo-a-una-pac-con-mayor-ambicion-medioambiental\\\/#webpage\",\"url\":\"https:\\\/\\\/www.eldigitaldeasturias.com\\\/noticias\\\/planas-manifiesta-su-apoyo-a-una-pac-con-mayor-ambicion-medioambiental\\\/\",\"name\":\"Planas manifiesta su apoyo a una PAC con mayor ambici\\u00f3n medioambiental - El Digital de Asturias\",\"description\":\"\\u200bLuis Planas ha se\\u00f1alado que Espa\\u00f1a apoya una Pol\\u00edtica Agr\\u00edcola Com\\u00fan (PAC) con una mayor ambici\\u00f3n medioambiental clara, para posicionar la agricultura en el lado de las soluciones frente al reto clim\\u00e1tico y medioambiental. Para ello, ha subrayado la necesidad de que se mantenga el presupuesto de esta pol\\u00edtica en las negociaciones del Marco Financiero\",\"inLanguage\":\"es-ES\",\"isPartOf\":{\"@id\":\"https:\\\/\\\/www.eldigitaldeasturias.com\\\/noticias\\\/#website\"},\"breadcrumb\":{\"@id\":\"https:\\\/\\\/www.eldigitaldeasturias.com\\\/noticias\\\/planas-manifiesta-su-apoyo-a-una-pac-con-mayor-ambicion-medioambiental\\\/#breadcrumblist\"},\"author\":{\"@id\":\"https:\\\/\\\/www.eldigitaldeasturias.com\\\/noticias\\\/author\\\/admin\\\/#author\"},\"creator\":{\"@id\":\"https:\\\/\\\/www.eldigitaldeasturias.com\\\/noticias\\\/author\\\/admin\\\/#author\"},\"image\":{\"@type\":\"ImageObject\",\"url\":\"https:\\\/\\\/www.eldigitaldeasturias.com\\\/noticias\\\/wp-content\\\/uploads\\\/2019\\\/04\\\/101419-planas.jpg\",\"@id\":\"https:\\\/\\\/www.eldigitaldeasturias.com\\\/noticias\\\/planas-manifiesta-su-apoyo-a-una-pac-con-mayor-ambicion-medioambiental\\\/#mainImage\",\"width\":512,\"height\":340},\"primaryImageOfPage\":{\"@id\":\"https:\\\/\\\/www.eldigitaldeasturias.com\\\/noticias\\\/planas-manifiesta-su-apoyo-a-una-pac-con-mayor-ambicion-medioambiental\\\/#mainImage\"},\"datePublished\":\"2019-04-11T06:07:29+02:00\",\"dateModified\":\"2019-04-11T06:07:29+02:00\"},{\"@type\":\"WebSite\",\"@id\":\"https:\\\/\\\/www.eldigitaldeasturias.com\\\/noticias\\\/#website\",\"url\":\"https:\\\/\\\/www.eldigitaldeasturias.com\\\/noticias\\\/\",\"name\":\"El Digital de Asturias - Diario de actualidad y noticias\",\"alternateName\":\"El Digital de Asturias - Diario de actualidad y noticias\",\"description\":\"Hemeroteca\",\"inLanguage\":\"es-ES\",\"publisher\":{\"@id\":\"https:\\\/\\\/www.eldigitaldeasturias.com\\\/noticias\\\/#organization\"}}]}\n\t\t<\/script>\n\t\t<!-- All in One SEO Pro -->\r\n\t\t<title>Planas manifiesta su apoyo a una PAC con mayor ambici\u00f3n medioambiental - El Digital de Asturias<\/title>\n\n","aioseo_head_json":{"title":"Planas manifiesta su apoyo a una PAC con mayor ambici\u00f3n medioambiental - El Digital de Asturias","description":"\u200bLuis Planas ha se\u00f1alado que Espa\u00f1a apoya una Pol\u00edtica Agr\u00edcola Com\u00fan (PAC) con una mayor ambici\u00f3n medioambiental clara, para posicionar la agricultura en el lado de las soluciones frente al reto clim\u00e1tico y medioambiental. Para ello, ha subrayado la necesidad de que se mantenga el presupuesto de esta pol\u00edtica en las negociaciones del Marco Financiero","canonical_url":"https:\/\/www.eldigitaldeasturias.com\/noticias\/planas-manifiesta-su-apoyo-a-una-pac-con-mayor-ambicion-medioambiental\/","robots":"max-image-preview:large","keywords":"econom\u00eda","webmasterTools":{"google-site-verification":"UA-38556648-1","msvalidate.01":"7dfe9f3f1b24437ab69f4f2559babe99","miscellaneous":""},"schema":{"@context":"https:\/\/schema.org","@graph":[{"@type":"BlogPosting","@id":"https:\/\/www.eldigitaldeasturias.com\/noticias\/planas-manifiesta-su-apoyo-a-una-pac-con-mayor-ambicion-medioambiental\/#blogposting","name":"Planas manifiesta su apoyo a una PAC con mayor ambici\u00f3n medioambiental - El Digital de Asturias","headline":"Planas manifiesta su apoyo a una PAC con mayor ambici\u00f3n medioambiental","author":{"@id":"https:\/\/www.eldigitaldeasturias.com\/noticias\/author\/admin\/#author"},"publisher":{"@id":"https:\/\/www.eldigitaldeasturias.com\/noticias\/#organization"},"image":{"@type":"ImageObject","url":"https:\/\/www.eldigitaldeasturias.com\/noticias\/wp-content\/uploads\/2019\/04\/101419-planas.jpg","width":512,"height":340},"datePublished":"2019-04-11T06:07:29+02:00","dateModified":"2019-04-11T06:07:29+02:00","inLanguage":"es-ES","mainEntityOfPage":{"@id":"https:\/\/www.eldigitaldeasturias.com\/noticias\/planas-manifiesta-su-apoyo-a-una-pac-con-mayor-ambicion-medioambiental\/#webpage"},"isPartOf":{"@id":"https:\/\/www.eldigitaldeasturias.com\/noticias\/planas-manifiesta-su-apoyo-a-una-pac-con-mayor-ambicion-medioambiental\/#webpage"},"articleSection":"Econom\u00eda"},{"@type":"BreadcrumbList","@id":"https:\/\/www.eldigitaldeasturias.com\/noticias\/planas-manifiesta-su-apoyo-a-una-pac-con-mayor-ambicion-medioambiental\/#breadcrumblist","itemListElement":[{"@type":"ListItem","@id":"https:\/\/www.eldigitaldeasturias.com\/noticias#listItem","position":1,"name":"Home","item":"https:\/\/www.eldigitaldeasturias.com\/noticias","nextItem":{"@type":"ListItem","@id":"https:\/\/www.eldigitaldeasturias.com\/noticias\/category\/economia\/#listItem","name":"Econom\u00eda"}},{"@type":"ListItem","@id":"https:\/\/www.eldigitaldeasturias.com\/noticias\/category\/economia\/#listItem","position":2,"name":"Econom\u00eda","item":"https:\/\/www.eldigitaldeasturias.com\/noticias\/category\/economia\/","nextItem":{"@type":"ListItem","@id":"https:\/\/www.eldigitaldeasturias.com\/noticias\/planas-manifiesta-su-apoyo-a-una-pac-con-mayor-ambicion-medioambiental\/#listItem","name":"Planas manifiesta su apoyo a una PAC con mayor ambici\u00f3n medioambiental"},"previousItem":{"@type":"ListItem","@id":"https:\/\/www.eldigitaldeasturias.com\/noticias#listItem","name":"Home"}},{"@type":"ListItem","@id":"https:\/\/www.eldigitaldeasturias.com\/noticias\/planas-manifiesta-su-apoyo-a-una-pac-con-mayor-ambicion-medioambiental\/#listItem","position":3,"name":"Planas manifiesta su apoyo a una PAC con mayor ambici\u00f3n medioambiental","previousItem":{"@type":"ListItem","@id":"https:\/\/www.eldigitaldeasturias.com\/noticias\/category\/economia\/#listItem","name":"Econom\u00eda"}}]},{"@type":"Organization","@id":"https:\/\/www.eldigitaldeasturias.com\/noticias\/#organization","name":"El Digital de Asturias","description":"Hemeroteca","url":"https:\/\/www.eldigitaldeasturias.com\/noticias\/","email":"info@eldigitaldeasturias.com","telephone":"+34652131393","logo":{"@type":"ImageObject","url":"https:\/\/www.eldigitaldeasturias.com\/noticias\/wp-content\/uploads\/2020\/12\/EDA.jpg","@id":"https:\/\/www.eldigitaldeasturias.com\/noticias\/planas-manifiesta-su-apoyo-a-una-pac-con-mayor-ambicion-medioambiental\/#organizationLogo","width":649,"height":297},"image":{"@id":"https:\/\/www.eldigitaldeasturias.com\/noticias\/planas-manifiesta-su-apoyo-a-una-pac-con-mayor-ambicion-medioambiental\/#organizationLogo"},"sameAs":["https:\/\/facebook.com\/eldigitaldeasturias","https:\/\/www.youtube.com\/channel\/UCZP-2wLEB9Rv6erhFmqVnvg"],"address":{"@id":"https:\/\/www.eldigitaldeasturias.com\/noticias\/#postaladdress","@type":"PostalAddress","streetAddress":"san antonio 4,","postalCode":"33430","addressLocality":"Cand\u00e1s","addressRegion":"Asturias","addressCountry":"ES"}},{"@type":"Person","@id":"https:\/\/www.eldigitaldeasturias.com\/noticias\/author\/admin\/#author","url":"https:\/\/www.eldigitaldeasturias.com\/noticias\/author\/admin\/","name":"El Digital de Asturias","image":{"@type":"ImageObject","@id":"https:\/\/www.eldigitaldeasturias.com\/noticias\/planas-manifiesta-su-apoyo-a-una-pac-con-mayor-ambicion-medioambiental\/#authorImage","url":"https:\/\/www.eldigitaldeasturias.com\/noticias\/wp-content\/litespeed\/avatar\/18677e78aa0546b92d9dbf31ec7d7668.jpg?ver=1776685526","width":96,"height":96,"caption":"El Digital de Asturias"}},{"@type":"WebPage","@id":"https:\/\/www.eldigitaldeasturias.com\/noticias\/planas-manifiesta-su-apoyo-a-una-pac-con-mayor-ambicion-medioambiental\/#webpage","url":"https:\/\/www.eldigitaldeasturias.com\/noticias\/planas-manifiesta-su-apoyo-a-una-pac-con-mayor-ambicion-medioambiental\/","name":"Planas manifiesta su apoyo a una PAC con mayor ambici\u00f3n medioambiental - El Digital de Asturias","description":"\u200bLuis Planas ha se\u00f1alado que Espa\u00f1a apoya una Pol\u00edtica Agr\u00edcola Com\u00fan (PAC) con una mayor ambici\u00f3n medioambiental clara, para posicionar la agricultura en el lado de las soluciones frente al reto clim\u00e1tico y medioambiental. Para ello, ha subrayado la necesidad de que se mantenga el presupuesto de esta pol\u00edtica en las negociaciones del Marco Financiero","inLanguage":"es-ES","isPartOf":{"@id":"https:\/\/www.eldigitaldeasturias.com\/noticias\/#website"},"breadcrumb":{"@id":"https:\/\/www.eldigitaldeasturias.com\/noticias\/planas-manifiesta-su-apoyo-a-una-pac-con-mayor-ambicion-medioambiental\/#breadcrumblist"},"author":{"@id":"https:\/\/www.eldigitaldeasturias.com\/noticias\/author\/admin\/#author"},"creator":{"@id":"https:\/\/www.eldigitaldeasturias.com\/noticias\/author\/admin\/#author"},"image":{"@type":"ImageObject","url":"https:\/\/www.eldigitaldeasturias.com\/noticias\/wp-content\/uploads\/2019\/04\/101419-planas.jpg","@id":"https:\/\/www.eldigitaldeasturias.com\/noticias\/planas-manifiesta-su-apoyo-a-una-pac-con-mayor-ambicion-medioambiental\/#mainImage","width":512,"height":340},"primaryImageOfPage":{"@id":"https:\/\/www.eldigitaldeasturias.com\/noticias\/planas-manifiesta-su-apoyo-a-una-pac-con-mayor-ambicion-medioambiental\/#mainImage"},"datePublished":"2019-04-11T06:07:29+02:00","dateModified":"2019-04-11T06:07:29+02:00"},{"@type":"WebSite","@id":"https:\/\/www.eldigitaldeasturias.com\/noticias\/#website","url":"https:\/\/www.eldigitaldeasturias.com\/noticias\/","name":"El Digital de Asturias - Diario de actualidad y noticias","alternateName":"El Digital de Asturias - Diario de actualidad y noticias","description":"Hemeroteca","inLanguage":"es-ES","publisher":{"@id":"https:\/\/www.eldigitaldeasturias.com\/noticias\/#organization"}}]},"og:locale":"es_ES","og:site_name":"El Digital de Asturias","og:type":"article","og:title":"Planas manifiesta su apoyo a una PAC con mayor ambici\u00f3n medioambiental - El Digital de Asturias","og:description":"\u200bLuis Planas ha se\u00f1alado que Espa\u00f1a apoya una Pol\u00edtica Agr\u00edcola Com\u00fan (PAC) con una mayor ambici\u00f3n medioambiental clara, para posicionar la agricultura en el lado de las soluciones frente al reto clim\u00e1tico y medioambiental. Para ello, ha subrayado la necesidad de que se mantenga el presupuesto de esta pol\u00edtica en las negociaciones del Marco Financiero","og:url":"https:\/\/www.eldigitaldeasturias.com\/noticias\/planas-manifiesta-su-apoyo-a-una-pac-con-mayor-ambicion-medioambiental\/","og:image":"https:\/\/www.eldigitaldeasturias.com\/noticias\/wp-content\/uploads\/2019\/04\/101419-planas.jpg","og:image:secure_url":"https:\/\/www.eldigitaldeasturias.com\/noticias\/wp-content\/uploads\/2019\/04\/101419-planas.jpg","og:image:width":512,"og:image:height":340,"article:tag":["econom\u00eda"],"article:published_time":"2019-04-11T06:07:29+00:00","article:modified_time":"2019-04-11T06:07:29+00:00","article:publisher":"https:\/\/facebook.com\/eldigitaldeasturias","twitter:card":"summary_large_image","twitter:title":"Planas manifiesta su apoyo a una PAC con mayor ambici\u00f3n medioambiental - El Digital de Asturias","twitter:description":"\u200bLuis Planas ha se\u00f1alado que Espa\u00f1a apoya una Pol\u00edtica Agr\u00edcola Com\u00fan (PAC) con una mayor ambici\u00f3n medioambiental clara, para posicionar la agricultura en el lado de las soluciones frente al reto clim\u00e1tico y medioambiental. Para ello, ha subrayado la necesidad de que se mantenga el presupuesto de esta pol\u00edtica en las negociaciones del Marco Financiero","twitter:image":"https:\/\/www.eldigitaldeasturias.com\/noticias\/wp-content\/uploads\/2019\/04\/101419-planas.jpg","twitter:label1":"Escrito por","twitter:data1":"El Digital de Asturias","twitter:label2":"Tiempo de lectura estimado","twitter:data2":"5 minutos"},"aioseo_meta_data":{"post_id":"1023615","title":null,"description":null,"keywords":null,"keyphrases":null,"primary_term":null,"canonical_url":null,"og_title":null,"og_description":null,"og_object_type":"default","og_image_type":"default","og_image_url":null,"og_image_width":null,"og_image_height":null,"og_image_custom_url":null,"og_image_custom_fields":null,"og_video":null,"og_custom_url":null,"og_article_section":null,"og_article_tags":null,"twitter_use_og":false,"twitter_card":"default","twitter_image_type":"default","twitter_image_url":null,"twitter_image_custom_url":null,"twitter_image_custom_fields":null,"twitter_title":null,"twitter_description":null,"schema":{"blockGraphs":[],"customGraphs":[],"default":{"data":{"Article":[],"Course":[],"Dataset":[],"FAQPage":[],"Movie":[],"Person":[],"Product":[],"ProductReview":[],"Car":[],"Recipe":[],"Service":[],"SoftwareApplication":[],"WebPage":[]},"graphName":"","isEnabled":true},"graphs":[],"defaultGraph":"","defaultPostTypeGraph":""},"schema_type":null,"schema_type_options":null,"pillar_content":false,"robots_default":true,"robots_noindex":false,"robots_noarchive":false,"robots_nosnippet":false,"robots_nofollow":false,"robots_noimageindex":false,"robots_noodp":false,"robots_notranslate":false,"robots_max_snippet":null,"robots_max_videopreview":null,"robots_max_imagepreview":"large","priority":null,"frequency":null,"local_seo":null,"seo_analyzer_scan_date":"2025-10-17 13:36:18","breadcrumb_settings":null,"limit_modified_date":false,"open_ai":null,"ai":null,"created":"2020-12-21 11:15:13","updated":"2025-10-17 13:36:18"},"aioseo_breadcrumb":"<div class=\"aioseo-breadcrumbs\"><span class=\"aioseo-breadcrumb\">\n\t<a href=\"https:\/\/www.eldigitaldeasturias.com\/noticias\" title=\"Home\">Home<\/a>\n<\/span><span class=\"aioseo-breadcrumb-separator\">\u2013<\/span><span class=\"aioseo-breadcrumb\">\n\t<a href=\"https:\/\/www.eldigitaldeasturias.com\/noticias\/category\/economia\/\" title=\"Econom\u00eda\">Econom\u00eda<\/a>\n<\/span><span class=\"aioseo-breadcrumb-separator\">\u2013<\/span><span class=\"aioseo-breadcrumb\">\n\t<a href=\"https:\/\/www.eldigitaldeasturias.com\/noticias\/planas-manifiesta-su-apoyo-a-una-pac-con-mayor-ambicion-medioambiental\/\" title=\"Planas manifiesta su apoyo a una PAC con mayor ambici\u00f3n medioambiental\">Planas manifiesta su apoyo a una PAC con mayor ambici\u00f3n medioambiental<\/a>\n<\/span><\/div>","aioseo_breadcrumb_json":[{"label":"Home","link":"https:\/\/www.eldigitaldeasturias.com\/noticias"},{"label":"Econom\u00eda","link":"https:\/\/www.eldigitaldeasturias.com\/noticias\/category\/economia\/"},{"label":"Planas manifiesta su apoyo a una PAC con mayor ambici\u00f3n medioambiental","link":"https:\/\/www.eldigitaldeasturias.com\/noticias\/planas-manifiesta-su-apoyo-a-una-pac-con-mayor-ambicion-medioambiental\/"}],"_links":{"self":[{"href":"https:\/\/www.eldigitaldeasturias.com\/noticias\/wp-json\/wp\/v2\/posts\/1023615","targetHints":{"allow":["GET"]}}],"collection":[{"href":"https:\/\/www.eldigitaldeasturias.com\/noticias\/wp-json\/wp\/v2\/posts"}],"about":[{"href":"https:\/\/www.eldigitaldeasturias.com\/noticias\/wp-json\/wp\/v2\/types\/post"}],"author":[{"embeddable":true,"href":"https:\/\/www.eldigitaldeasturias.com\/noticias\/wp-json\/wp\/v2\/users\/1"}],"replies":[{"embeddable":true,"href":"https:\/\/www.eldigitaldeasturias.com\/noticias\/wp-json\/wp\/v2\/comments?post=1023615"}],"version-history":[{"count":0,"href":"https:\/\/www.eldigitaldeasturias.com\/noticias\/wp-json\/wp\/v2\/posts\/1023615\/revisions"}],"wp:featuredmedia":[{"embeddable":true,"href":"https:\/\/www.eldigitaldeasturias.com\/noticias\/wp-json\/wp\/v2\/media\/1023616"}],"wp:attachment":[{"href":"https:\/\/www.eldigitaldeasturias.com\/noticias\/wp-json\/wp\/v2\/media?parent=1023615"}],"wp:term":[{"taxonomy":"category","embeddable":true,"href":"https:\/\/www.eldigitaldeasturias.com\/noticias\/wp-json\/wp\/v2\/categories?post=1023615"},{"taxonomy":"post_tag","embeddable":true,"href":"https:\/\/www.eldigitaldeasturias.com\/noticias\/wp-json\/wp\/v2\/tags?post=1023615"}],"curies":[{"name":"wp","href":"https:\/\/api.w.org\/{rel}","templated":true}]}}