{"id":1023573,"date":"2019-04-11T04:49:36","date_gmt":"2019-04-11T04:49:36","guid":{"rendered":"https:\/\/www.eldigitaldeasturias.com\/noticias\/?p=1023573"},"modified":"2019-04-11T04:49:36","modified_gmt":"2019-04-11T04:49:36","slug":"comunicae-incorpora-a-nuno-bernardes-como-nuevo-ceo","status":"publish","type":"post","link":"https:\/\/www.eldigitaldeasturias.com\/noticias\/comunicae-incorpora-a-nuno-bernardes-como-nuevo-ceo\/","title":{"rendered":"Comunicae incorpora a Nuno Bernardes como nuevo CEO"},"content":{"rendered":"<p><a href=\"https:\/\/comunicae.com\/\" target=\"_blank\" rel=\"nofollow noopener noreferrer\"><span style=\"color: #ff6600;\"><strong><img loading=\"lazy\" decoding=\"async\" class=\"alignleft size-medium wp-image-1023574\" src=\"https:\/\/www.eldigitaldeasturias.com\/noticias\/wp-content\/uploads\/2019\/04\/1554803809_equipo2-360x239.jpg\" alt=\"\" width=\"360\" height=\"239\" srcset=\"https:\/\/www.eldigitaldeasturias.com\/noticias\/wp-content\/uploads\/2019\/04\/1554803809_equipo2-360x239.jpg 360w, https:\/\/www.eldigitaldeasturias.com\/noticias\/wp-content\/uploads\/2019\/04\/1554803809_equipo2.jpg 600w\" sizes=\"auto, (max-width: 360px) 100vw, 360px\" \/>Comunicae<\/strong><\/span><\/a>\u00a0ha dado comienzo a una\u00a0<strong>nueva etapa<\/strong>\u00a0este 2019. Todo el equipo que conforma la empresa ha trabajado con energ\u00eda y determinaci\u00f3n desde el inicio\u00a0para que Comunicae sea una referencia internacional en la distribuci\u00f3n y monitoreo de noticias empresariales en el mercado de habla hispana, y afortunadamente, el esfuerzo da sus frutos.\u00a0<strong>Una etapa llena de cambios<\/strong>\u00a0y de buenas perspectivas para el futuro, es la descripci\u00f3n del momento que la marca vive en este a\u00f1o.<\/p>\n<p>El primero de los cambios se da a nivel directivo, con la integraci\u00f3n a las filas de un nuevo CEO.\u00a0<strong>Nuno Bernardes<\/strong>, profesional en el desarrollo de negocios internacionales y comercializaci\u00f3n, se ha incorporado\u00a0a Comunicae con el objetivo de aportar su amplia experiencia en el \u00e1rea B2B, energ\u00eda y nuevas ideas para el sector online.<\/p>\n<p>\u201cLa revoluci\u00f3n digital ha afectado de forma directa el mundo de la comunicaci\u00f3n. En los \u00faltimos 10 a\u00f1os, el sector ha sufrido cambios importantes, donde la competencia se ha incrementado y, en consecuencia, la forma de trabajar de los medios, de las agencias de comunicaci\u00f3n y de las compa\u00f1\u00edas ha necesitado ajustes. Ha sido en este contexto que Comunicae se ha afianzado, pero el proceso de cambio todav\u00eda no ha parado\u201d, afirma el nuevo CEO.<\/p>\n<p><strong>Crecimiento, la clave\u00a0en los planes de futuro de Comunicae<\/strong><\/p>\n<p>Comunicae se plantea grandes objetivos para este a\u00f1o: ambiciosos pero realistas. A d\u00eda de hoy, la marca ha tenido un crecimiento importante de la facturaci\u00f3n con respecto a los mismos meses de 2018, alcanzando en algunos casos hasta el 30%. Por ello, busca consolidarse como la empresa l\u00edder en distribuci\u00f3n y recepci\u00f3n de notas de prensa tanto en Espa\u00f1a como en Latinoam\u00e9rica.<\/p>\n<p>\u201cEn los pr\u00f3ximos a\u00f1os queremos consolidarnos como la plataforma l\u00edder en el env\u00edo y distribuci\u00f3n de notas de prensa corporativas en espa\u00f1ol\u201d, comenta Nuno Bernardes.<\/p>\n<p>La perspectiva de Comunicae ha sido siempre un plan de futuro con miras a la internacionalizaci\u00f3n, ya que a pesar del importante reto que esto representa, ampliar el negocio a Latinoam\u00e9rica es una meta imprescindible desde el inicio por parte del equipo directivo.\u00a0\u00a0Respecto a ello , se ha avanzado a pasos agigantados y hoy en d\u00eda se puede decir que esta consolidaci\u00f3n en LATAM es una realidad: \u00abComunicae es la herramienta l\u00edder para la distribuci\u00f3n de notas de prensa en espa\u00f1ol en pa\u00edses como M\u00e9xico y Colombia. Nuestro objetivo es ser l\u00edderes en el resto de pa\u00edses en el que prestamos servicio, y estamos seguros de que con nuestra estrategia digital, estos esfuerzos se ver\u00e1n recompensados\u00bb, afirman el CEO de Comunicae.<\/p>\n<p>El objetivo principal para la startup es que sus\u00a0clientes puedan llegar a su p\u00fablico objetivo ideal, por lo que se sigue trabajando en realizar\u00a0<strong>alianzas estrat\u00e9gicas con socios en Europa, Latinoam\u00e9rica y Asia<\/strong>, principalmente, lo que permite un aumento considerable del rendimiento que el servicio puede ofrecer a las empresas o agencias que realizan la distribuci\u00f3n de notas de prensa a trav\u00e9s de la plataforma.<\/p>\n<p>Actualmente, Comunicae puede llegar pr\u00e1cticamente a cualquier continente, difundiendo con medios y receptores las noticias corporativas de grandes marcas y proyectos a nivel internacional.<\/p>\n<p><strong>Desarrollo de nuevos servicios en el sector de la comunicaci\u00f3n<\/strong><\/p>\n<p>Para 2019, la marca se plantea ser un actor mucho m\u00e1s visible en el sector de la comunicaci\u00f3n. Uno de los focos se centra en la colaboraci\u00f3n como <strong>Media Partner en m\u00e1s de 40 eventos<\/strong>\u00a0del \u00e1rea de marketing y comunicaci\u00f3n en Espa\u00f1a, lo que permitir\u00e1 que la plataforma sea un referente en difusi\u00f3n y posicionamiento de los eventos m\u00e1s relevantes del sector a nivel nacional. Esto permitir\u00e1, adem\u00e1s, ayudar a sus clientes a alcanzar las mejores redes profesionales de networking del pa\u00eds, as\u00ed como las grandes oportunidades de formaci\u00f3n y aprendizaje.<\/p>\n<p>Por \u00faltimo,\u00a0<strong>se encuentra creando una nueva y potente herramienta<\/strong>\u00a0que busca automatizar el ciclo de vida de la comunicaci\u00f3n corporativa, incorporando el an\u00e1lisis de la inteligencia artificial para aumentar las capacidades de los profesionales de las relaciones p\u00fablicas, un ambicioso proyecto impulsado en una primera fase por el equipo t\u00e9cnico y directivo.<\/p>\n<p>Este desarrollo se enfoca en servicios integrales para la gesti\u00f3n de la comunicaci\u00f3n externa, basados en las principales necesidades de\u00a0<strong>agencias de comunicaci\u00f3n<\/strong>\u00a0y\u00a0<strong>grandes empresas<\/strong>que requieren una \u00f3ptima gesti\u00f3n de todo lo relacionado con la difusi\u00f3n en medios y el monitoring. Para esta etapa, Comunicae se ve inmersa en una serie de desarrollos que toman en cuenta a las nuevas tecnolog\u00edas: inteligencia artificial, big data y otras aplicaciones que conformar\u00e1n un SAAS muy potente en el sector.<\/p>\n","protected":false},"excerpt":{"rendered":"<p>Comunicae\u00a0ha dado comienzo a una\u00a0nueva etapa\u00a0este 2019. Todo el equipo que conforma la empresa ha trabajado con energ\u00eda y determinaci\u00f3n desde el inicio\u00a0para que Comunicae sea una referencia internacional en la distribuci\u00f3n y monitoreo de noticias empresariales en el mercado de habla hispana, y afortunadamente, el esfuerzo da sus frutos.\u00a0Una etapa llena de cambios\u00a0y de [&hellip;]<\/p>\n","protected":false},"author":1,"featured_media":1023574,"comment_status":"closed","ping_status":"closed","sticky":false,"template":"","format":"standard","meta":{"footnotes":""},"categories":[187],"tags":[],"class_list":["post-1023573","post","type-post","status-publish","format-standard","has-post-thumbnail","hentry","category-economia"],"aioseo_notices":[],"aioseo_head":"\n\t\t<!-- All in One SEO Pro 4.9.6.2 - aioseo.com -->\n\t<meta name=\"description\" content=\"Comunicae ha dado comienzo a una nueva etapa este 2019. Todo el equipo que conforma la empresa ha trabajado con energ\u00eda y determinaci\u00f3n desde el inicio para que Comunicae sea una referencia internacional en la distribuci\u00f3n y monitoreo de noticias empresariales en el mercado de habla hispana, y afortunadamente, el esfuerzo da sus frutos. Una etapa llena de cambios y de\" \/>\n\t<meta name=\"robots\" content=\"max-image-preview:large\" \/>\n\t<meta name=\"author\" content=\"El Digital de Asturias\"\/>\n\t<meta name=\"google-site-verification\" content=\"UA-38556648-1\" \/>\n\t<meta name=\"msvalidate.01\" content=\"7dfe9f3f1b24437ab69f4f2559babe99\" \/>\n\t<meta name=\"keywords\" content=\"econom\u00eda\" \/>\n\t<link rel=\"canonical\" href=\"https:\/\/www.eldigitaldeasturias.com\/noticias\/comunicae-incorpora-a-nuno-bernardes-como-nuevo-ceo\/\" \/>\n\t<meta name=\"generator\" content=\"All in One SEO Pro (AIOSEO) 4.9.6.2\" \/>\n\t\t<meta property=\"og:locale\" content=\"es_ES\" \/>\n\t\t<meta property=\"og:site_name\" content=\"El Digital de Asturias\" \/>\n\t\t<meta property=\"og:type\" content=\"article\" \/>\n\t\t<meta property=\"og:title\" content=\"Comunicae incorpora a Nuno Bernardes como nuevo CEO - El Digital de Asturias\" \/>\n\t\t<meta property=\"og:description\" content=\"Comunicae ha dado comienzo a una nueva etapa este 2019. Todo el equipo que conforma la empresa ha trabajado con energ\u00eda y determinaci\u00f3n desde el inicio para que Comunicae sea una referencia internacional en la distribuci\u00f3n y monitoreo de noticias empresariales en el mercado de habla hispana, y afortunadamente, el esfuerzo da sus frutos. Una etapa llena de cambios y de\" \/>\n\t\t<meta property=\"og:url\" content=\"https:\/\/www.eldigitaldeasturias.com\/noticias\/comunicae-incorpora-a-nuno-bernardes-como-nuevo-ceo\/\" \/>\n\t\t<meta property=\"og:image\" content=\"https:\/\/www.eldigitaldeasturias.com\/noticias\/wp-content\/uploads\/2019\/04\/1554803809_equipo2.jpg\" \/>\n\t\t<meta property=\"og:image:secure_url\" content=\"https:\/\/www.eldigitaldeasturias.com\/noticias\/wp-content\/uploads\/2019\/04\/1554803809_equipo2.jpg\" \/>\n\t\t<meta property=\"og:image:width\" content=\"600\" \/>\n\t\t<meta property=\"og:image:height\" content=\"398\" \/>\n\t\t<meta property=\"article:tag\" content=\"econom\u00eda\" \/>\n\t\t<meta property=\"article:published_time\" content=\"2019-04-11T04:49:36+00:00\" \/>\n\t\t<meta property=\"article:modified_time\" content=\"2019-04-11T04:49:36+00:00\" \/>\n\t\t<meta property=\"article:publisher\" content=\"https:\/\/facebook.com\/eldigitaldeasturias\" \/>\n\t\t<meta name=\"twitter:card\" content=\"summary_large_image\" \/>\n\t\t<meta name=\"twitter:title\" content=\"Comunicae incorpora a Nuno Bernardes como nuevo CEO - El Digital de Asturias\" \/>\n\t\t<meta name=\"twitter:description\" content=\"Comunicae ha dado comienzo a una nueva etapa este 2019. Todo el equipo que conforma la empresa ha trabajado con energ\u00eda y determinaci\u00f3n desde el inicio para que Comunicae sea una referencia internacional en la distribuci\u00f3n y monitoreo de noticias empresariales en el mercado de habla hispana, y afortunadamente, el esfuerzo da sus frutos. Una etapa llena de cambios y de\" \/>\n\t\t<meta name=\"twitter:image\" content=\"https:\/\/www.eldigitaldeasturias.com\/noticias\/wp-content\/uploads\/2019\/04\/1554803809_equipo2.jpg\" \/>\n\t\t<meta name=\"twitter:label1\" content=\"Escrito por\" \/>\n\t\t<meta name=\"twitter:data1\" content=\"El Digital de Asturias\" \/>\n\t\t<meta name=\"twitter:label2\" content=\"Tiempo de lectura estimado\" \/>\n\t\t<meta name=\"twitter:data2\" content=\"4 minutos\" \/>\n\t\t<script type=\"application\/ld+json\" class=\"aioseo-schema\">\n\t\t\t{\"@context\":\"https:\\\/\\\/schema.org\",\"@graph\":[{\"@type\":\"BlogPosting\",\"@id\":\"https:\\\/\\\/www.eldigitaldeasturias.com\\\/noticias\\\/comunicae-incorpora-a-nuno-bernardes-como-nuevo-ceo\\\/#blogposting\",\"name\":\"Comunicae incorpora a Nuno Bernardes como nuevo CEO - El Digital de Asturias\",\"headline\":\"Comunicae incorpora a Nuno Bernardes como nuevo CEO\",\"author\":{\"@id\":\"https:\\\/\\\/www.eldigitaldeasturias.com\\\/noticias\\\/author\\\/admin\\\/#author\"},\"publisher\":{\"@id\":\"https:\\\/\\\/www.eldigitaldeasturias.com\\\/noticias\\\/#organization\"},\"image\":{\"@type\":\"ImageObject\",\"url\":\"https:\\\/\\\/www.eldigitaldeasturias.com\\\/noticias\\\/wp-content\\\/uploads\\\/2019\\\/04\\\/1554803809_equipo2.jpg\",\"width\":600,\"height\":398},\"datePublished\":\"2019-04-11T04:49:36+02:00\",\"dateModified\":\"2019-04-11T04:49:36+02:00\",\"inLanguage\":\"es-ES\",\"mainEntityOfPage\":{\"@id\":\"https:\\\/\\\/www.eldigitaldeasturias.com\\\/noticias\\\/comunicae-incorpora-a-nuno-bernardes-como-nuevo-ceo\\\/#webpage\"},\"isPartOf\":{\"@id\":\"https:\\\/\\\/www.eldigitaldeasturias.com\\\/noticias\\\/comunicae-incorpora-a-nuno-bernardes-como-nuevo-ceo\\\/#webpage\"},\"articleSection\":\"Econom\\u00eda\"},{\"@type\":\"BreadcrumbList\",\"@id\":\"https:\\\/\\\/www.eldigitaldeasturias.com\\\/noticias\\\/comunicae-incorpora-a-nuno-bernardes-como-nuevo-ceo\\\/#breadcrumblist\",\"itemListElement\":[{\"@type\":\"ListItem\",\"@id\":\"https:\\\/\\\/www.eldigitaldeasturias.com\\\/noticias#listItem\",\"position\":1,\"name\":\"Home\",\"item\":\"https:\\\/\\\/www.eldigitaldeasturias.com\\\/noticias\",\"nextItem\":{\"@type\":\"ListItem\",\"@id\":\"https:\\\/\\\/www.eldigitaldeasturias.com\\\/noticias\\\/category\\\/economia\\\/#listItem\",\"name\":\"Econom\\u00eda\"}},{\"@type\":\"ListItem\",\"@id\":\"https:\\\/\\\/www.eldigitaldeasturias.com\\\/noticias\\\/category\\\/economia\\\/#listItem\",\"position\":2,\"name\":\"Econom\\u00eda\",\"item\":\"https:\\\/\\\/www.eldigitaldeasturias.com\\\/noticias\\\/category\\\/economia\\\/\",\"nextItem\":{\"@type\":\"ListItem\",\"@id\":\"https:\\\/\\\/www.eldigitaldeasturias.com\\\/noticias\\\/comunicae-incorpora-a-nuno-bernardes-como-nuevo-ceo\\\/#listItem\",\"name\":\"Comunicae incorpora a Nuno Bernardes como nuevo CEO\"},\"previousItem\":{\"@type\":\"ListItem\",\"@id\":\"https:\\\/\\\/www.eldigitaldeasturias.com\\\/noticias#listItem\",\"name\":\"Home\"}},{\"@type\":\"ListItem\",\"@id\":\"https:\\\/\\\/www.eldigitaldeasturias.com\\\/noticias\\\/comunicae-incorpora-a-nuno-bernardes-como-nuevo-ceo\\\/#listItem\",\"position\":3,\"name\":\"Comunicae incorpora a Nuno Bernardes como nuevo CEO\",\"previousItem\":{\"@type\":\"ListItem\",\"@id\":\"https:\\\/\\\/www.eldigitaldeasturias.com\\\/noticias\\\/category\\\/economia\\\/#listItem\",\"name\":\"Econom\\u00eda\"}}]},{\"@type\":\"Organization\",\"@id\":\"https:\\\/\\\/www.eldigitaldeasturias.com\\\/noticias\\\/#organization\",\"name\":\"El Digital de Asturias\",\"description\":\"Hemeroteca\",\"url\":\"https:\\\/\\\/www.eldigitaldeasturias.com\\\/noticias\\\/\",\"email\":\"info@eldigitaldeasturias.com\",\"telephone\":\"+34652131393\",\"logo\":{\"@type\":\"ImageObject\",\"url\":\"https:\\\/\\\/www.eldigitaldeasturias.com\\\/noticias\\\/wp-content\\\/uploads\\\/2020\\\/12\\\/EDA.jpg\",\"@id\":\"https:\\\/\\\/www.eldigitaldeasturias.com\\\/noticias\\\/comunicae-incorpora-a-nuno-bernardes-como-nuevo-ceo\\\/#organizationLogo\",\"width\":649,\"height\":297},\"image\":{\"@id\":\"https:\\\/\\\/www.eldigitaldeasturias.com\\\/noticias\\\/comunicae-incorpora-a-nuno-bernardes-como-nuevo-ceo\\\/#organizationLogo\"},\"sameAs\":[\"https:\\\/\\\/facebook.com\\\/eldigitaldeasturias\",\"https:\\\/\\\/www.youtube.com\\\/channel\\\/UCZP-2wLEB9Rv6erhFmqVnvg\"],\"address\":{\"@id\":\"https:\\\/\\\/www.eldigitaldeasturias.com\\\/noticias\\\/#postaladdress\",\"@type\":\"PostalAddress\",\"streetAddress\":\"san antonio 4,\",\"postalCode\":\"33430\",\"addressLocality\":\"Cand\\u00e1s\",\"addressRegion\":\"Asturias\",\"addressCountry\":\"ES\"}},{\"@type\":\"Person\",\"@id\":\"https:\\\/\\\/www.eldigitaldeasturias.com\\\/noticias\\\/author\\\/admin\\\/#author\",\"url\":\"https:\\\/\\\/www.eldigitaldeasturias.com\\\/noticias\\\/author\\\/admin\\\/\",\"name\":\"El Digital de Asturias\",\"image\":{\"@type\":\"ImageObject\",\"@id\":\"https:\\\/\\\/www.eldigitaldeasturias.com\\\/noticias\\\/comunicae-incorpora-a-nuno-bernardes-como-nuevo-ceo\\\/#authorImage\",\"url\":\"https:\\\/\\\/www.eldigitaldeasturias.com\\\/noticias\\\/wp-content\\\/litespeed\\\/avatar\\\/18677e78aa0546b92d9dbf31ec7d7668.jpg?ver=1776685526\",\"width\":96,\"height\":96,\"caption\":\"El Digital de Asturias\"}},{\"@type\":\"WebPage\",\"@id\":\"https:\\\/\\\/www.eldigitaldeasturias.com\\\/noticias\\\/comunicae-incorpora-a-nuno-bernardes-como-nuevo-ceo\\\/#webpage\",\"url\":\"https:\\\/\\\/www.eldigitaldeasturias.com\\\/noticias\\\/comunicae-incorpora-a-nuno-bernardes-como-nuevo-ceo\\\/\",\"name\":\"Comunicae incorpora a Nuno Bernardes como nuevo CEO - El Digital de Asturias\",\"description\":\"Comunicae ha dado comienzo a una nueva etapa este 2019. Todo el equipo que conforma la empresa ha trabajado con energ\\u00eda y determinaci\\u00f3n desde el inicio para que Comunicae sea una referencia internacional en la distribuci\\u00f3n y monitoreo de noticias empresariales en el mercado de habla hispana, y afortunadamente, el esfuerzo da sus frutos. Una etapa llena de cambios y de\",\"inLanguage\":\"es-ES\",\"isPartOf\":{\"@id\":\"https:\\\/\\\/www.eldigitaldeasturias.com\\\/noticias\\\/#website\"},\"breadcrumb\":{\"@id\":\"https:\\\/\\\/www.eldigitaldeasturias.com\\\/noticias\\\/comunicae-incorpora-a-nuno-bernardes-como-nuevo-ceo\\\/#breadcrumblist\"},\"author\":{\"@id\":\"https:\\\/\\\/www.eldigitaldeasturias.com\\\/noticias\\\/author\\\/admin\\\/#author\"},\"creator\":{\"@id\":\"https:\\\/\\\/www.eldigitaldeasturias.com\\\/noticias\\\/author\\\/admin\\\/#author\"},\"image\":{\"@type\":\"ImageObject\",\"url\":\"https:\\\/\\\/www.eldigitaldeasturias.com\\\/noticias\\\/wp-content\\\/uploads\\\/2019\\\/04\\\/1554803809_equipo2.jpg\",\"@id\":\"https:\\\/\\\/www.eldigitaldeasturias.com\\\/noticias\\\/comunicae-incorpora-a-nuno-bernardes-como-nuevo-ceo\\\/#mainImage\",\"width\":600,\"height\":398},\"primaryImageOfPage\":{\"@id\":\"https:\\\/\\\/www.eldigitaldeasturias.com\\\/noticias\\\/comunicae-incorpora-a-nuno-bernardes-como-nuevo-ceo\\\/#mainImage\"},\"datePublished\":\"2019-04-11T04:49:36+02:00\",\"dateModified\":\"2019-04-11T04:49:36+02:00\"},{\"@type\":\"WebSite\",\"@id\":\"https:\\\/\\\/www.eldigitaldeasturias.com\\\/noticias\\\/#website\",\"url\":\"https:\\\/\\\/www.eldigitaldeasturias.com\\\/noticias\\\/\",\"name\":\"El Digital de Asturias - Diario de actualidad y noticias\",\"alternateName\":\"El Digital de Asturias - Diario de actualidad y noticias\",\"description\":\"Hemeroteca\",\"inLanguage\":\"es-ES\",\"publisher\":{\"@id\":\"https:\\\/\\\/www.eldigitaldeasturias.com\\\/noticias\\\/#organization\"}}]}\n\t\t<\/script>\n\t\t<!-- All in One SEO Pro -->\r\n\t\t<title>Comunicae incorpora a Nuno Bernardes como nuevo CEO - El Digital de Asturias<\/title>\n\n","aioseo_head_json":{"title":"Comunicae incorpora a Nuno Bernardes como nuevo CEO - El Digital de Asturias","description":"Comunicae ha dado comienzo a una nueva etapa este 2019. Todo el equipo que conforma la empresa ha trabajado con energ\u00eda y determinaci\u00f3n desde el inicio para que Comunicae sea una referencia internacional en la distribuci\u00f3n y monitoreo de noticias empresariales en el mercado de habla hispana, y afortunadamente, el esfuerzo da sus frutos. Una etapa llena de cambios y de","canonical_url":"https:\/\/www.eldigitaldeasturias.com\/noticias\/comunicae-incorpora-a-nuno-bernardes-como-nuevo-ceo\/","robots":"max-image-preview:large","keywords":"econom\u00eda","webmasterTools":{"google-site-verification":"UA-38556648-1","msvalidate.01":"7dfe9f3f1b24437ab69f4f2559babe99","miscellaneous":""},"schema":{"@context":"https:\/\/schema.org","@graph":[{"@type":"BlogPosting","@id":"https:\/\/www.eldigitaldeasturias.com\/noticias\/comunicae-incorpora-a-nuno-bernardes-como-nuevo-ceo\/#blogposting","name":"Comunicae incorpora a Nuno Bernardes como nuevo CEO - El Digital de Asturias","headline":"Comunicae incorpora a Nuno Bernardes como nuevo CEO","author":{"@id":"https:\/\/www.eldigitaldeasturias.com\/noticias\/author\/admin\/#author"},"publisher":{"@id":"https:\/\/www.eldigitaldeasturias.com\/noticias\/#organization"},"image":{"@type":"ImageObject","url":"https:\/\/www.eldigitaldeasturias.com\/noticias\/wp-content\/uploads\/2019\/04\/1554803809_equipo2.jpg","width":600,"height":398},"datePublished":"2019-04-11T04:49:36+02:00","dateModified":"2019-04-11T04:49:36+02:00","inLanguage":"es-ES","mainEntityOfPage":{"@id":"https:\/\/www.eldigitaldeasturias.com\/noticias\/comunicae-incorpora-a-nuno-bernardes-como-nuevo-ceo\/#webpage"},"isPartOf":{"@id":"https:\/\/www.eldigitaldeasturias.com\/noticias\/comunicae-incorpora-a-nuno-bernardes-como-nuevo-ceo\/#webpage"},"articleSection":"Econom\u00eda"},{"@type":"BreadcrumbList","@id":"https:\/\/www.eldigitaldeasturias.com\/noticias\/comunicae-incorpora-a-nuno-bernardes-como-nuevo-ceo\/#breadcrumblist","itemListElement":[{"@type":"ListItem","@id":"https:\/\/www.eldigitaldeasturias.com\/noticias#listItem","position":1,"name":"Home","item":"https:\/\/www.eldigitaldeasturias.com\/noticias","nextItem":{"@type":"ListItem","@id":"https:\/\/www.eldigitaldeasturias.com\/noticias\/category\/economia\/#listItem","name":"Econom\u00eda"}},{"@type":"ListItem","@id":"https:\/\/www.eldigitaldeasturias.com\/noticias\/category\/economia\/#listItem","position":2,"name":"Econom\u00eda","item":"https:\/\/www.eldigitaldeasturias.com\/noticias\/category\/economia\/","nextItem":{"@type":"ListItem","@id":"https:\/\/www.eldigitaldeasturias.com\/noticias\/comunicae-incorpora-a-nuno-bernardes-como-nuevo-ceo\/#listItem","name":"Comunicae incorpora a Nuno Bernardes como nuevo CEO"},"previousItem":{"@type":"ListItem","@id":"https:\/\/www.eldigitaldeasturias.com\/noticias#listItem","name":"Home"}},{"@type":"ListItem","@id":"https:\/\/www.eldigitaldeasturias.com\/noticias\/comunicae-incorpora-a-nuno-bernardes-como-nuevo-ceo\/#listItem","position":3,"name":"Comunicae incorpora a Nuno Bernardes como nuevo CEO","previousItem":{"@type":"ListItem","@id":"https:\/\/www.eldigitaldeasturias.com\/noticias\/category\/economia\/#listItem","name":"Econom\u00eda"}}]},{"@type":"Organization","@id":"https:\/\/www.eldigitaldeasturias.com\/noticias\/#organization","name":"El Digital de Asturias","description":"Hemeroteca","url":"https:\/\/www.eldigitaldeasturias.com\/noticias\/","email":"info@eldigitaldeasturias.com","telephone":"+34652131393","logo":{"@type":"ImageObject","url":"https:\/\/www.eldigitaldeasturias.com\/noticias\/wp-content\/uploads\/2020\/12\/EDA.jpg","@id":"https:\/\/www.eldigitaldeasturias.com\/noticias\/comunicae-incorpora-a-nuno-bernardes-como-nuevo-ceo\/#organizationLogo","width":649,"height":297},"image":{"@id":"https:\/\/www.eldigitaldeasturias.com\/noticias\/comunicae-incorpora-a-nuno-bernardes-como-nuevo-ceo\/#organizationLogo"},"sameAs":["https:\/\/facebook.com\/eldigitaldeasturias","https:\/\/www.youtube.com\/channel\/UCZP-2wLEB9Rv6erhFmqVnvg"],"address":{"@id":"https:\/\/www.eldigitaldeasturias.com\/noticias\/#postaladdress","@type":"PostalAddress","streetAddress":"san antonio 4,","postalCode":"33430","addressLocality":"Cand\u00e1s","addressRegion":"Asturias","addressCountry":"ES"}},{"@type":"Person","@id":"https:\/\/www.eldigitaldeasturias.com\/noticias\/author\/admin\/#author","url":"https:\/\/www.eldigitaldeasturias.com\/noticias\/author\/admin\/","name":"El Digital de Asturias","image":{"@type":"ImageObject","@id":"https:\/\/www.eldigitaldeasturias.com\/noticias\/comunicae-incorpora-a-nuno-bernardes-como-nuevo-ceo\/#authorImage","url":"https:\/\/www.eldigitaldeasturias.com\/noticias\/wp-content\/litespeed\/avatar\/18677e78aa0546b92d9dbf31ec7d7668.jpg?ver=1776685526","width":96,"height":96,"caption":"El Digital de Asturias"}},{"@type":"WebPage","@id":"https:\/\/www.eldigitaldeasturias.com\/noticias\/comunicae-incorpora-a-nuno-bernardes-como-nuevo-ceo\/#webpage","url":"https:\/\/www.eldigitaldeasturias.com\/noticias\/comunicae-incorpora-a-nuno-bernardes-como-nuevo-ceo\/","name":"Comunicae incorpora a Nuno Bernardes como nuevo CEO - El Digital de Asturias","description":"Comunicae ha dado comienzo a una nueva etapa este 2019. Todo el equipo que conforma la empresa ha trabajado con energ\u00eda y determinaci\u00f3n desde el inicio para que Comunicae sea una referencia internacional en la distribuci\u00f3n y monitoreo de noticias empresariales en el mercado de habla hispana, y afortunadamente, el esfuerzo da sus frutos. Una etapa llena de cambios y de","inLanguage":"es-ES","isPartOf":{"@id":"https:\/\/www.eldigitaldeasturias.com\/noticias\/#website"},"breadcrumb":{"@id":"https:\/\/www.eldigitaldeasturias.com\/noticias\/comunicae-incorpora-a-nuno-bernardes-como-nuevo-ceo\/#breadcrumblist"},"author":{"@id":"https:\/\/www.eldigitaldeasturias.com\/noticias\/author\/admin\/#author"},"creator":{"@id":"https:\/\/www.eldigitaldeasturias.com\/noticias\/author\/admin\/#author"},"image":{"@type":"ImageObject","url":"https:\/\/www.eldigitaldeasturias.com\/noticias\/wp-content\/uploads\/2019\/04\/1554803809_equipo2.jpg","@id":"https:\/\/www.eldigitaldeasturias.com\/noticias\/comunicae-incorpora-a-nuno-bernardes-como-nuevo-ceo\/#mainImage","width":600,"height":398},"primaryImageOfPage":{"@id":"https:\/\/www.eldigitaldeasturias.com\/noticias\/comunicae-incorpora-a-nuno-bernardes-como-nuevo-ceo\/#mainImage"},"datePublished":"2019-04-11T04:49:36+02:00","dateModified":"2019-04-11T04:49:36+02:00"},{"@type":"WebSite","@id":"https:\/\/www.eldigitaldeasturias.com\/noticias\/#website","url":"https:\/\/www.eldigitaldeasturias.com\/noticias\/","name":"El Digital de Asturias - Diario de actualidad y noticias","alternateName":"El Digital de Asturias - Diario de actualidad y noticias","description":"Hemeroteca","inLanguage":"es-ES","publisher":{"@id":"https:\/\/www.eldigitaldeasturias.com\/noticias\/#organization"}}]},"og:locale":"es_ES","og:site_name":"El Digital de Asturias","og:type":"article","og:title":"Comunicae incorpora a Nuno Bernardes como nuevo CEO - El Digital de Asturias","og:description":"Comunicae ha dado comienzo a una nueva etapa este 2019. Todo el equipo que conforma la empresa ha trabajado con energ\u00eda y determinaci\u00f3n desde el inicio para que Comunicae sea una referencia internacional en la distribuci\u00f3n y monitoreo de noticias empresariales en el mercado de habla hispana, y afortunadamente, el esfuerzo da sus frutos. Una etapa llena de cambios y de","og:url":"https:\/\/www.eldigitaldeasturias.com\/noticias\/comunicae-incorpora-a-nuno-bernardes-como-nuevo-ceo\/","og:image":"https:\/\/www.eldigitaldeasturias.com\/noticias\/wp-content\/uploads\/2019\/04\/1554803809_equipo2.jpg","og:image:secure_url":"https:\/\/www.eldigitaldeasturias.com\/noticias\/wp-content\/uploads\/2019\/04\/1554803809_equipo2.jpg","og:image:width":600,"og:image:height":398,"article:tag":["econom\u00eda"],"article:published_time":"2019-04-11T04:49:36+00:00","article:modified_time":"2019-04-11T04:49:36+00:00","article:publisher":"https:\/\/facebook.com\/eldigitaldeasturias","twitter:card":"summary_large_image","twitter:title":"Comunicae incorpora a Nuno Bernardes como nuevo CEO - El Digital de Asturias","twitter:description":"Comunicae ha dado comienzo a una nueva etapa este 2019. Todo el equipo que conforma la empresa ha trabajado con energ\u00eda y determinaci\u00f3n desde el inicio para que Comunicae sea una referencia internacional en la distribuci\u00f3n y monitoreo de noticias empresariales en el mercado de habla hispana, y afortunadamente, el esfuerzo da sus frutos. Una etapa llena de cambios y de","twitter:image":"https:\/\/www.eldigitaldeasturias.com\/noticias\/wp-content\/uploads\/2019\/04\/1554803809_equipo2.jpg","twitter:label1":"Escrito por","twitter:data1":"El Digital de Asturias","twitter:label2":"Tiempo de lectura estimado","twitter:data2":"4 minutos"},"aioseo_meta_data":{"post_id":"1023573","title":null,"description":null,"keywords":null,"keyphrases":null,"primary_term":null,"canonical_url":null,"og_title":null,"og_description":null,"og_object_type":"default","og_image_type":"default","og_image_url":null,"og_image_width":null,"og_image_height":null,"og_image_custom_url":null,"og_image_custom_fields":null,"og_video":null,"og_custom_url":null,"og_article_section":null,"og_article_tags":null,"twitter_use_og":false,"twitter_card":"default","twitter_image_type":"default","twitter_image_url":null,"twitter_image_custom_url":null,"twitter_image_custom_fields":null,"twitter_title":null,"twitter_description":null,"schema":{"blockGraphs":[],"customGraphs":[],"default":{"data":{"Article":[],"Course":[],"Dataset":[],"FAQPage":[],"Movie":[],"Person":[],"Product":[],"ProductReview":[],"Car":[],"Recipe":[],"Service":[],"SoftwareApplication":[],"WebPage":[]},"graphName":"","isEnabled":true},"graphs":[],"defaultGraph":"","defaultPostTypeGraph":""},"schema_type":null,"schema_type_options":null,"pillar_content":false,"robots_default":true,"robots_noindex":false,"robots_noarchive":false,"robots_nosnippet":false,"robots_nofollow":false,"robots_noimageindex":false,"robots_noodp":false,"robots_notranslate":false,"robots_max_snippet":null,"robots_max_videopreview":null,"robots_max_imagepreview":"large","priority":null,"frequency":null,"local_seo":null,"seo_analyzer_scan_date":"2025-10-17 13:24:11","breadcrumb_settings":null,"limit_modified_date":false,"open_ai":null,"ai":null,"created":"2020-12-21 11:15:13","updated":"2025-10-17 13:24:11"},"aioseo_breadcrumb":"<div class=\"aioseo-breadcrumbs\"><span class=\"aioseo-breadcrumb\">\n\t<a href=\"https:\/\/www.eldigitaldeasturias.com\/noticias\" title=\"Home\">Home<\/a>\n<\/span><span class=\"aioseo-breadcrumb-separator\">\u2013<\/span><span class=\"aioseo-breadcrumb\">\n\t<a href=\"https:\/\/www.eldigitaldeasturias.com\/noticias\/category\/economia\/\" title=\"Econom\u00eda\">Econom\u00eda<\/a>\n<\/span><span class=\"aioseo-breadcrumb-separator\">\u2013<\/span><span class=\"aioseo-breadcrumb\">\n\t<a href=\"https:\/\/www.eldigitaldeasturias.com\/noticias\/comunicae-incorpora-a-nuno-bernardes-como-nuevo-ceo\/\" title=\"Comunicae incorpora a Nuno Bernardes como nuevo CEO\">Comunicae incorpora a Nuno Bernardes como nuevo CEO<\/a>\n<\/span><\/div>","aioseo_breadcrumb_json":[{"label":"Home","link":"https:\/\/www.eldigitaldeasturias.com\/noticias"},{"label":"Econom\u00eda","link":"https:\/\/www.eldigitaldeasturias.com\/noticias\/category\/economia\/"},{"label":"Comunicae incorpora a Nuno Bernardes como nuevo CEO","link":"https:\/\/www.eldigitaldeasturias.com\/noticias\/comunicae-incorpora-a-nuno-bernardes-como-nuevo-ceo\/"}],"_links":{"self":[{"href":"https:\/\/www.eldigitaldeasturias.com\/noticias\/wp-json\/wp\/v2\/posts\/1023573","targetHints":{"allow":["GET"]}}],"collection":[{"href":"https:\/\/www.eldigitaldeasturias.com\/noticias\/wp-json\/wp\/v2\/posts"}],"about":[{"href":"https:\/\/www.eldigitaldeasturias.com\/noticias\/wp-json\/wp\/v2\/types\/post"}],"author":[{"embeddable":true,"href":"https:\/\/www.eldigitaldeasturias.com\/noticias\/wp-json\/wp\/v2\/users\/1"}],"replies":[{"embeddable":true,"href":"https:\/\/www.eldigitaldeasturias.com\/noticias\/wp-json\/wp\/v2\/comments?post=1023573"}],"version-history":[{"count":0,"href":"https:\/\/www.eldigitaldeasturias.com\/noticias\/wp-json\/wp\/v2\/posts\/1023573\/revisions"}],"wp:featuredmedia":[{"embeddable":true,"href":"https:\/\/www.eldigitaldeasturias.com\/noticias\/wp-json\/wp\/v2\/media\/1023574"}],"wp:attachment":[{"href":"https:\/\/www.eldigitaldeasturias.com\/noticias\/wp-json\/wp\/v2\/media?parent=1023573"}],"wp:term":[{"taxonomy":"category","embeddable":true,"href":"https:\/\/www.eldigitaldeasturias.com\/noticias\/wp-json\/wp\/v2\/categories?post=1023573"},{"taxonomy":"post_tag","embeddable":true,"href":"https:\/\/www.eldigitaldeasturias.com\/noticias\/wp-json\/wp\/v2\/tags?post=1023573"}],"curies":[{"name":"wp","href":"https:\/\/api.w.org\/{rel}","templated":true}]}}