{"id":1023561,"date":"2019-04-11T03:34:47","date_gmt":"2019-04-11T03:34:47","guid":{"rendered":"https:\/\/www.eldigitaldeasturias.com\/noticias\/?p=1023561"},"modified":"2019-04-11T03:34:47","modified_gmt":"2019-04-11T03:34:47","slug":"mary-kay-apoya-el-liderazgo-y-empoderamiento-femenino-en-el-conference-del-international-womens-forum","status":"publish","type":"post","link":"https:\/\/www.eldigitaldeasturias.com\/noticias\/mary-kay-apoya-el-liderazgo-y-empoderamiento-femenino-en-el-conference-del-international-womens-forum\/","title":{"rendered":"Mary Kay apoya el liderazgo y empoderamiento femenino en el conference del INTERNATIONAL WOMEN\u00b4S FORUM"},"content":{"rendered":"<p><img loading=\"lazy\" decoding=\"async\" class=\"alignleft size-medium wp-image-1023562\" src=\"https:\/\/www.eldigitaldeasturias.com\/noticias\/wp-content\/uploads\/2019\/04\/1554896115_Gema_Aznar_Directora_General_Mary_Kay_Espa_a-360x277.jpg\" alt=\"\" width=\"360\" height=\"277\" srcset=\"https:\/\/www.eldigitaldeasturias.com\/noticias\/wp-content\/uploads\/2019\/04\/1554896115_Gema_Aznar_Directora_General_Mary_Kay_Espa_a-360x277.jpg 360w, https:\/\/www.eldigitaldeasturias.com\/noticias\/wp-content\/uploads\/2019\/04\/1554896115_Gema_Aznar_Directora_General_Mary_Kay_Espa_a-768x590.jpg 768w, https:\/\/www.eldigitaldeasturias.com\/noticias\/wp-content\/uploads\/2019\/04\/1554896115_Gema_Aznar_Directora_General_Mary_Kay_Espa_a-625x480.jpg 625w, https:\/\/www.eldigitaldeasturias.com\/noticias\/wp-content\/uploads\/2019\/04\/1554896115_Gema_Aznar_Directora_General_Mary_Kay_Espa_a.jpg 1536w\" sizes=\"auto, (max-width: 360px) 100vw, 360px\" \/>Hace m\u00e1s de 55 a\u00f1os que\u00a0<a href=\"https:\/\/www.marykay.es\/es-es\/about-mary-kay\/nuestra-fundadora\" target=\"_blank\" rel=\"nofollow noopener noreferrer\"><span style=\"color: #ff6600;\"><strong>Mary Kay Ash<\/strong><\/span>\u00a0<\/a>fund\u00f3 lo que hoy es una de las compa\u00f1\u00edas del mundo que m\u00e1s apoya el empoderamiento y el emprendimiento de la mujer. En la actualidad, Mary Kay Inc. contin\u00faa apoyando el liderazgo femenino como uno de los patrocinadores del Cornerstone Conference en el International Women\u00b4s Forum (IWF). El encuentro tendr\u00e1 lugar en Barcelona, del 10 al 12 de abril y reunir\u00e1 a mujeres l\u00edderes, innovadoras y pioneras de todo el mundo, con el prop\u00f3sito de analizar los problemas globales actuales desde una perspectiva femenina.<\/p>\n<p>El Cornerstone Conference del IWF ofrece una oportunidad \u00fanica para respaldar el liderazgo femenino a nivel global y local. El IWF es una organizaci\u00f3n impulsada por sus socios y su misi\u00f3n, integrada por m\u00e1s de 7.000 mujeres de 33 pa\u00edses y 6 continentes diferentes, todas ellas expertas en diversas disciplinas. Los participantes se unen solventando fronteras nacionales e internacionales para compartir conocimientos, proporcionar una red de apoyo y ejercer influencia.<\/p>\n<p>Gema Aznar, Directora General de Mary Kay Espa\u00f1a, presentar\u00e1 el panel \u201cFashion Forward\u201d durante la Cornerstone Conference del IWF. En Espa\u00f1a, el sector de la moda experimenta un crecimiento constante, con marcas tan conocidas como Zara, Mango y Desigual. El panel analizar\u00e1 la din\u00e1mica cambiante del sector y examinar\u00e1 algunas de las estrategias innovadoras que emplean los dise\u00f1adores y fabricantes para que la moda sea m\u00e1s sostenible.<\/p>\n<p>\u201cMary Kay fue fundada por una mujer para las mujeres, por lo que nuestro patrocinio en el IWF fortalece a\u00fan m\u00e1s nuestras iniciativas de empoderamiento de la mujer en todo el mundo\u201d, se\u00f1ala Gema Aznar. \u201cLos logros de Mary Kay Ash durante toda su vida en el \u00e1mbito del empoderamiento de la mujer la definen como pionera del mundo empresarial. Su legado se mantiene intacto con el tiempo, lo que la convierte en un \u00edcono del mundo actual. Para nosotros es un orgullo continuar con su prop\u00f3sito a trav\u00e9s de este patrocinio, entre otros muchos, y ofrecer una plataforma global al servicio de algunas de las mujeres m\u00e1s exitosas e influyentes de nuestro tiempo\u201d, afirma.<\/p>\n<p>Las participantes del panel \u201cFashion Forward\u201d ser\u00e1n:<\/p>\n<p><strong>Misha Nonoo (Reino Unido),\u00a0<\/strong>Dise\u00f1adora y Directora Creativa de Misha Nonoo.<\/p>\n<p><strong>Jennifer Fleiss (Estados Unidos)<\/strong>, Co-Fundadora de Rent the Runway y Directora de Desarrollo Empresarial, Co-Fundadora y Directora Ejecutiva de Jetblack, del Walmart\u2019s Store No. 8 Incubator.<\/p>\n<p><strong>Beatriz Bayo (Espa\u00f1a),\u00a0<\/strong>Directora de Responsabilidad Social Corporativa de MANGO. Esta conferencia estar\u00e1 moderada por:<\/p>\n<p><strong>Maria Eugenia Gir\u00f3n (Espa\u00f1a)<\/strong>, Directora Ejecutiva del Observatorio del Mercado Premium del IE, Directora del Consejo y socia de IWF Espa\u00f1a.<\/p>\n<p>\u201cNos entusiasma la idea de trabajar con Mary Kay porque la misi\u00f3n de la empresa de promover el esp\u00edritu emprendedor y el liderazgo de la mujer est\u00e1 en consonancia con nuestra misi\u00f3n\u201d, afirm\u00f3 Stephanie O\u2019Keefe, directora ejecutiva de IWF. \u201cEs fundamental colaborar con l\u00edderes corporativos como Mary Kay para seguir produciendo un impacto positivo en las mujeres de todo el mundo\u201d.<\/p>\n<p>Todos los a\u00f1os, el IWF organiza dos conferencias internacionales que ofrecen una oportunidad \u00fanica para que mujeres l\u00edderes examinen problemas globales dentro de un contexto local y desde una perspectiva femenina, por ejemplo el progreso internacional, las empresas, la econom\u00eda, el esp\u00edritu emprendedor y la sostenibilidad.<\/p>\n<p>Fruto de su compromiso, Mary Kay patrocinar\u00e1 tambi\u00e9n la Conferencia Mundial de Liderazgo 2019 que tendr\u00e1 lugar en Toronto, Canad\u00e1, del 13 al 15 de noviembre y que reunir\u00e1 tambi\u00e9n a mujeres l\u00edderes con un \u201cmentalidad abierta\u201d para explorar nuevos modos de crear, colaborar y conectar. Para mayor informaci\u00f3n sobre el IWF, pulsar\u00a0<a href=\"https:\/\/www.iwforum.org\/\" target=\"_blank\" rel=\"nofollow noopener noreferrer\"><span style=\"color: #ff6600;\"><strong>aqu\u00ed<\/strong><\/span>.<\/a><\/p>\n<p><strong>Promesa de producto<\/strong><\/p>\n<p>Todas las mujeres quieren productos que ofrezcan resultados. En Mary Kay Inc., su equipo experto de cient\u00edficos utiliza la tecnolog\u00eda m\u00e1s avanzada disponible en cuidado de la piel para garantizar que los consumidores obtienen lo que desean: productos innovadores en los que puedan confiar a un precio asequible.<\/p>\n<p><span style=\"color: #ff6600;\"><strong><a style=\"color: #ff6600;\" href=\"https:\/\/www.marykay.es\/es-es\/about-mary-kay\/nuestra-promesa-de-producto\" target=\"_blank\" rel=\"nofollow noopener noreferrer\">Conocer m\u00e1s.<\/a><\/strong><\/span><\/p>\n<p><strong>Sobre Mary Kay<\/strong><br \/>\nEn Mary Kay, el \u00e9xito radica en su compromiso por unos productos irresistibles, una oportunidad de negocio irresistible y un impacto positivo en la sociedad. Durante 55 a\u00f1os, Mary Kay ha inspirado a las mujeres a conseguir sus metas profesionales en casi 40 pa\u00edses. Como compa\u00f1\u00eda de miles de millones de d\u00f3lares, ofrecen\u00a0lo \u00faltimo en innovaci\u00f3n en cuidado de la piel, un atrevido maquillaje y fragancias. Descubrir\u00a0m\u00e1s razones por las que enamorarse de Mary Kay es tan f\u00e1cil en\u00a0<span style=\"color: #ff6600;\"><strong><a style=\"color: #ff6600;\" href=\"http:\/\/www.marykay.es\/\" target=\"_blank\" rel=\"nofollow noopener noreferrer\">www.marykay.es<\/a><\/strong><\/span>.<\/p>\n","protected":false},"excerpt":{"rendered":"<p>Hace m\u00e1s de 55 a\u00f1os que\u00a0Mary Kay Ash\u00a0fund\u00f3 lo que hoy es una de las compa\u00f1\u00edas del mundo que m\u00e1s apoya el empoderamiento y el emprendimiento de la mujer. En la actualidad, Mary Kay Inc. contin\u00faa apoyando el liderazgo femenino como uno de los patrocinadores del Cornerstone Conference en el International Women\u00b4s Forum (IWF). El [&hellip;]<\/p>\n","protected":false},"author":1,"featured_media":1023562,"comment_status":"closed","ping_status":"closed","sticky":false,"template":"","format":"standard","meta":{"footnotes":""},"categories":[187],"tags":[],"class_list":["post-1023561","post","type-post","status-publish","format-standard","has-post-thumbnail","hentry","category-economia"],"aioseo_notices":[],"aioseo_head":"\n\t\t<!-- All in One SEO Pro 4.9.6.2 - aioseo.com -->\n\t<meta name=\"description\" content=\"Hace m\u00e1s de 55 a\u00f1os que Mary Kay Ash fund\u00f3 lo que hoy es una de las compa\u00f1\u00edas del mundo que m\u00e1s apoya el empoderamiento y el emprendimiento de la mujer. En la actualidad, Mary Kay Inc. contin\u00faa apoyando el liderazgo femenino como uno de los patrocinadores del Cornerstone Conference en el International Women\u00b4s Forum (IWF). El\" \/>\n\t<meta name=\"robots\" content=\"max-image-preview:large\" \/>\n\t<meta name=\"author\" content=\"El Digital de Asturias\"\/>\n\t<meta name=\"google-site-verification\" content=\"UA-38556648-1\" \/>\n\t<meta name=\"msvalidate.01\" content=\"7dfe9f3f1b24437ab69f4f2559babe99\" \/>\n\t<meta name=\"keywords\" content=\"econom\u00eda\" \/>\n\t<link rel=\"canonical\" href=\"https:\/\/www.eldigitaldeasturias.com\/noticias\/mary-kay-apoya-el-liderazgo-y-empoderamiento-femenino-en-el-conference-del-international-womens-forum\/\" \/>\n\t<meta name=\"generator\" content=\"All in One SEO Pro (AIOSEO) 4.9.6.2\" \/>\n\t\t<meta property=\"og:locale\" content=\"es_ES\" \/>\n\t\t<meta property=\"og:site_name\" content=\"El Digital de Asturias\" \/>\n\t\t<meta property=\"og:type\" content=\"article\" \/>\n\t\t<meta property=\"og:title\" content=\"Mary Kay apoya el liderazgo y empoderamiento femenino en el conference del INTERNATIONAL WOMEN\u00b4S FORUM - El Digital de Asturias\" \/>\n\t\t<meta property=\"og:description\" content=\"Hace m\u00e1s de 55 a\u00f1os que Mary Kay Ash fund\u00f3 lo que hoy es una de las compa\u00f1\u00edas del mundo que m\u00e1s apoya el empoderamiento y el emprendimiento de la mujer. En la actualidad, Mary Kay Inc. contin\u00faa apoyando el liderazgo femenino como uno de los patrocinadores del Cornerstone Conference en el International Women\u00b4s Forum (IWF). El\" \/>\n\t\t<meta property=\"og:url\" content=\"https:\/\/www.eldigitaldeasturias.com\/noticias\/mary-kay-apoya-el-liderazgo-y-empoderamiento-femenino-en-el-conference-del-international-womens-forum\/\" \/>\n\t\t<meta property=\"og:image\" content=\"https:\/\/www.eldigitaldeasturias.com\/noticias\/wp-content\/uploads\/2019\/04\/1554896115_Gema_Aznar_Directora_General_Mary_Kay_Espa_a.jpg\" \/>\n\t\t<meta property=\"og:image:secure_url\" content=\"https:\/\/www.eldigitaldeasturias.com\/noticias\/wp-content\/uploads\/2019\/04\/1554896115_Gema_Aznar_Directora_General_Mary_Kay_Espa_a.jpg\" \/>\n\t\t<meta property=\"og:image:width\" content=\"1536\" \/>\n\t\t<meta property=\"og:image:height\" content=\"1180\" \/>\n\t\t<meta property=\"article:tag\" content=\"econom\u00eda\" \/>\n\t\t<meta property=\"article:published_time\" content=\"2019-04-11T03:34:47+00:00\" \/>\n\t\t<meta property=\"article:modified_time\" content=\"2019-04-11T03:34:47+00:00\" \/>\n\t\t<meta property=\"article:publisher\" content=\"https:\/\/facebook.com\/eldigitaldeasturias\" \/>\n\t\t<meta name=\"twitter:card\" content=\"summary_large_image\" \/>\n\t\t<meta name=\"twitter:title\" content=\"Mary Kay apoya el liderazgo y empoderamiento femenino en el conference del INTERNATIONAL WOMEN\u00b4S FORUM - El Digital de Asturias\" \/>\n\t\t<meta name=\"twitter:description\" content=\"Hace m\u00e1s de 55 a\u00f1os que Mary Kay Ash fund\u00f3 lo que hoy es una de las compa\u00f1\u00edas del mundo que m\u00e1s apoya el empoderamiento y el emprendimiento de la mujer. En la actualidad, Mary Kay Inc. contin\u00faa apoyando el liderazgo femenino como uno de los patrocinadores del Cornerstone Conference en el International Women\u00b4s Forum (IWF). El\" \/>\n\t\t<meta name=\"twitter:image\" content=\"https:\/\/www.eldigitaldeasturias.com\/noticias\/wp-content\/uploads\/2019\/04\/1554896115_Gema_Aznar_Directora_General_Mary_Kay_Espa_a.jpg\" \/>\n\t\t<meta name=\"twitter:label1\" content=\"Escrito por\" \/>\n\t\t<meta name=\"twitter:data1\" content=\"El Digital de Asturias\" \/>\n\t\t<meta name=\"twitter:label2\" content=\"Tiempo de lectura estimado\" \/>\n\t\t<meta name=\"twitter:data2\" content=\"4 minutos\" \/>\n\t\t<script type=\"application\/ld+json\" class=\"aioseo-schema\">\n\t\t\t{\"@context\":\"https:\\\/\\\/schema.org\",\"@graph\":[{\"@type\":\"BlogPosting\",\"@id\":\"https:\\\/\\\/www.eldigitaldeasturias.com\\\/noticias\\\/mary-kay-apoya-el-liderazgo-y-empoderamiento-femenino-en-el-conference-del-international-womens-forum\\\/#blogposting\",\"name\":\"Mary Kay apoya el liderazgo y empoderamiento femenino en el conference del INTERNATIONAL WOMEN\\u00b4S FORUM - El Digital de Asturias\",\"headline\":\"Mary Kay apoya el liderazgo y empoderamiento femenino en el conference del INTERNATIONAL WOMEN\\u00b4S FORUM\",\"author\":{\"@id\":\"https:\\\/\\\/www.eldigitaldeasturias.com\\\/noticias\\\/author\\\/admin\\\/#author\"},\"publisher\":{\"@id\":\"https:\\\/\\\/www.eldigitaldeasturias.com\\\/noticias\\\/#organization\"},\"image\":{\"@type\":\"ImageObject\",\"url\":\"https:\\\/\\\/www.eldigitaldeasturias.com\\\/noticias\\\/wp-content\\\/uploads\\\/2019\\\/04\\\/1554896115_Gema_Aznar_Directora_General_Mary_Kay_Espa_a.jpg\",\"width\":1536,\"height\":1180},\"datePublished\":\"2019-04-11T03:34:47+02:00\",\"dateModified\":\"2019-04-11T03:34:47+02:00\",\"inLanguage\":\"es-ES\",\"mainEntityOfPage\":{\"@id\":\"https:\\\/\\\/www.eldigitaldeasturias.com\\\/noticias\\\/mary-kay-apoya-el-liderazgo-y-empoderamiento-femenino-en-el-conference-del-international-womens-forum\\\/#webpage\"},\"isPartOf\":{\"@id\":\"https:\\\/\\\/www.eldigitaldeasturias.com\\\/noticias\\\/mary-kay-apoya-el-liderazgo-y-empoderamiento-femenino-en-el-conference-del-international-womens-forum\\\/#webpage\"},\"articleSection\":\"Econom\\u00eda\"},{\"@type\":\"BreadcrumbList\",\"@id\":\"https:\\\/\\\/www.eldigitaldeasturias.com\\\/noticias\\\/mary-kay-apoya-el-liderazgo-y-empoderamiento-femenino-en-el-conference-del-international-womens-forum\\\/#breadcrumblist\",\"itemListElement\":[{\"@type\":\"ListItem\",\"@id\":\"https:\\\/\\\/www.eldigitaldeasturias.com\\\/noticias#listItem\",\"position\":1,\"name\":\"Home\",\"item\":\"https:\\\/\\\/www.eldigitaldeasturias.com\\\/noticias\",\"nextItem\":{\"@type\":\"ListItem\",\"@id\":\"https:\\\/\\\/www.eldigitaldeasturias.com\\\/noticias\\\/category\\\/economia\\\/#listItem\",\"name\":\"Econom\\u00eda\"}},{\"@type\":\"ListItem\",\"@id\":\"https:\\\/\\\/www.eldigitaldeasturias.com\\\/noticias\\\/category\\\/economia\\\/#listItem\",\"position\":2,\"name\":\"Econom\\u00eda\",\"item\":\"https:\\\/\\\/www.eldigitaldeasturias.com\\\/noticias\\\/category\\\/economia\\\/\",\"nextItem\":{\"@type\":\"ListItem\",\"@id\":\"https:\\\/\\\/www.eldigitaldeasturias.com\\\/noticias\\\/mary-kay-apoya-el-liderazgo-y-empoderamiento-femenino-en-el-conference-del-international-womens-forum\\\/#listItem\",\"name\":\"Mary Kay apoya el liderazgo y empoderamiento femenino en el conference del INTERNATIONAL WOMEN\\u00b4S FORUM\"},\"previousItem\":{\"@type\":\"ListItem\",\"@id\":\"https:\\\/\\\/www.eldigitaldeasturias.com\\\/noticias#listItem\",\"name\":\"Home\"}},{\"@type\":\"ListItem\",\"@id\":\"https:\\\/\\\/www.eldigitaldeasturias.com\\\/noticias\\\/mary-kay-apoya-el-liderazgo-y-empoderamiento-femenino-en-el-conference-del-international-womens-forum\\\/#listItem\",\"position\":3,\"name\":\"Mary Kay apoya el liderazgo y empoderamiento femenino en el conference del INTERNATIONAL WOMEN\\u00b4S FORUM\",\"previousItem\":{\"@type\":\"ListItem\",\"@id\":\"https:\\\/\\\/www.eldigitaldeasturias.com\\\/noticias\\\/category\\\/economia\\\/#listItem\",\"name\":\"Econom\\u00eda\"}}]},{\"@type\":\"Organization\",\"@id\":\"https:\\\/\\\/www.eldigitaldeasturias.com\\\/noticias\\\/#organization\",\"name\":\"El Digital de Asturias\",\"description\":\"Hemeroteca\",\"url\":\"https:\\\/\\\/www.eldigitaldeasturias.com\\\/noticias\\\/\",\"email\":\"info@eldigitaldeasturias.com\",\"telephone\":\"+34652131393\",\"logo\":{\"@type\":\"ImageObject\",\"url\":\"https:\\\/\\\/www.eldigitaldeasturias.com\\\/noticias\\\/wp-content\\\/uploads\\\/2020\\\/12\\\/EDA.jpg\",\"@id\":\"https:\\\/\\\/www.eldigitaldeasturias.com\\\/noticias\\\/mary-kay-apoya-el-liderazgo-y-empoderamiento-femenino-en-el-conference-del-international-womens-forum\\\/#organizationLogo\",\"width\":649,\"height\":297},\"image\":{\"@id\":\"https:\\\/\\\/www.eldigitaldeasturias.com\\\/noticias\\\/mary-kay-apoya-el-liderazgo-y-empoderamiento-femenino-en-el-conference-del-international-womens-forum\\\/#organizationLogo\"},\"sameAs\":[\"https:\\\/\\\/facebook.com\\\/eldigitaldeasturias\",\"https:\\\/\\\/www.youtube.com\\\/channel\\\/UCZP-2wLEB9Rv6erhFmqVnvg\"],\"address\":{\"@id\":\"https:\\\/\\\/www.eldigitaldeasturias.com\\\/noticias\\\/#postaladdress\",\"@type\":\"PostalAddress\",\"streetAddress\":\"san antonio 4,\",\"postalCode\":\"33430\",\"addressLocality\":\"Cand\\u00e1s\",\"addressRegion\":\"Asturias\",\"addressCountry\":\"ES\"}},{\"@type\":\"Person\",\"@id\":\"https:\\\/\\\/www.eldigitaldeasturias.com\\\/noticias\\\/author\\\/admin\\\/#author\",\"url\":\"https:\\\/\\\/www.eldigitaldeasturias.com\\\/noticias\\\/author\\\/admin\\\/\",\"name\":\"El Digital de Asturias\",\"image\":{\"@type\":\"ImageObject\",\"@id\":\"https:\\\/\\\/www.eldigitaldeasturias.com\\\/noticias\\\/mary-kay-apoya-el-liderazgo-y-empoderamiento-femenino-en-el-conference-del-international-womens-forum\\\/#authorImage\",\"url\":\"https:\\\/\\\/www.eldigitaldeasturias.com\\\/noticias\\\/wp-content\\\/litespeed\\\/avatar\\\/18677e78aa0546b92d9dbf31ec7d7668.jpg?ver=1776685526\",\"width\":96,\"height\":96,\"caption\":\"El Digital de Asturias\"}},{\"@type\":\"WebPage\",\"@id\":\"https:\\\/\\\/www.eldigitaldeasturias.com\\\/noticias\\\/mary-kay-apoya-el-liderazgo-y-empoderamiento-femenino-en-el-conference-del-international-womens-forum\\\/#webpage\",\"url\":\"https:\\\/\\\/www.eldigitaldeasturias.com\\\/noticias\\\/mary-kay-apoya-el-liderazgo-y-empoderamiento-femenino-en-el-conference-del-international-womens-forum\\\/\",\"name\":\"Mary Kay apoya el liderazgo y empoderamiento femenino en el conference del INTERNATIONAL WOMEN\\u00b4S FORUM - El Digital de Asturias\",\"description\":\"Hace m\\u00e1s de 55 a\\u00f1os que Mary Kay Ash fund\\u00f3 lo que hoy es una de las compa\\u00f1\\u00edas del mundo que m\\u00e1s apoya el empoderamiento y el emprendimiento de la mujer. En la actualidad, Mary Kay Inc. contin\\u00faa apoyando el liderazgo femenino como uno de los patrocinadores del Cornerstone Conference en el International Women\\u00b4s Forum (IWF). El\",\"inLanguage\":\"es-ES\",\"isPartOf\":{\"@id\":\"https:\\\/\\\/www.eldigitaldeasturias.com\\\/noticias\\\/#website\"},\"breadcrumb\":{\"@id\":\"https:\\\/\\\/www.eldigitaldeasturias.com\\\/noticias\\\/mary-kay-apoya-el-liderazgo-y-empoderamiento-femenino-en-el-conference-del-international-womens-forum\\\/#breadcrumblist\"},\"author\":{\"@id\":\"https:\\\/\\\/www.eldigitaldeasturias.com\\\/noticias\\\/author\\\/admin\\\/#author\"},\"creator\":{\"@id\":\"https:\\\/\\\/www.eldigitaldeasturias.com\\\/noticias\\\/author\\\/admin\\\/#author\"},\"image\":{\"@type\":\"ImageObject\",\"url\":\"https:\\\/\\\/www.eldigitaldeasturias.com\\\/noticias\\\/wp-content\\\/uploads\\\/2019\\\/04\\\/1554896115_Gema_Aznar_Directora_General_Mary_Kay_Espa_a.jpg\",\"@id\":\"https:\\\/\\\/www.eldigitaldeasturias.com\\\/noticias\\\/mary-kay-apoya-el-liderazgo-y-empoderamiento-femenino-en-el-conference-del-international-womens-forum\\\/#mainImage\",\"width\":1536,\"height\":1180},\"primaryImageOfPage\":{\"@id\":\"https:\\\/\\\/www.eldigitaldeasturias.com\\\/noticias\\\/mary-kay-apoya-el-liderazgo-y-empoderamiento-femenino-en-el-conference-del-international-womens-forum\\\/#mainImage\"},\"datePublished\":\"2019-04-11T03:34:47+02:00\",\"dateModified\":\"2019-04-11T03:34:47+02:00\"},{\"@type\":\"WebSite\",\"@id\":\"https:\\\/\\\/www.eldigitaldeasturias.com\\\/noticias\\\/#website\",\"url\":\"https:\\\/\\\/www.eldigitaldeasturias.com\\\/noticias\\\/\",\"name\":\"El Digital de Asturias - Diario de actualidad y noticias\",\"alternateName\":\"El Digital de Asturias - Diario de actualidad y noticias\",\"description\":\"Hemeroteca\",\"inLanguage\":\"es-ES\",\"publisher\":{\"@id\":\"https:\\\/\\\/www.eldigitaldeasturias.com\\\/noticias\\\/#organization\"}}]}\n\t\t<\/script>\n\t\t<!-- All in One SEO Pro -->\r\n\t\t<title>Mary Kay apoya el liderazgo y empoderamiento femenino en el conference del INTERNATIONAL WOMEN\u00b4S FORUM - El Digital de Asturias<\/title>\n\n","aioseo_head_json":{"title":"Mary Kay apoya el liderazgo y empoderamiento femenino en el conference del INTERNATIONAL WOMEN\u00b4S FORUM - El Digital de Asturias","description":"Hace m\u00e1s de 55 a\u00f1os que Mary Kay Ash fund\u00f3 lo que hoy es una de las compa\u00f1\u00edas del mundo que m\u00e1s apoya el empoderamiento y el emprendimiento de la mujer. En la actualidad, Mary Kay Inc. contin\u00faa apoyando el liderazgo femenino como uno de los patrocinadores del Cornerstone Conference en el International Women\u00b4s Forum (IWF). El","canonical_url":"https:\/\/www.eldigitaldeasturias.com\/noticias\/mary-kay-apoya-el-liderazgo-y-empoderamiento-femenino-en-el-conference-del-international-womens-forum\/","robots":"max-image-preview:large","keywords":"econom\u00eda","webmasterTools":{"google-site-verification":"UA-38556648-1","msvalidate.01":"7dfe9f3f1b24437ab69f4f2559babe99","miscellaneous":""},"schema":{"@context":"https:\/\/schema.org","@graph":[{"@type":"BlogPosting","@id":"https:\/\/www.eldigitaldeasturias.com\/noticias\/mary-kay-apoya-el-liderazgo-y-empoderamiento-femenino-en-el-conference-del-international-womens-forum\/#blogposting","name":"Mary Kay apoya el liderazgo y empoderamiento femenino en el conference del INTERNATIONAL WOMEN\u00b4S FORUM - El Digital de Asturias","headline":"Mary Kay apoya el liderazgo y empoderamiento femenino en el conference del INTERNATIONAL WOMEN\u00b4S FORUM","author":{"@id":"https:\/\/www.eldigitaldeasturias.com\/noticias\/author\/admin\/#author"},"publisher":{"@id":"https:\/\/www.eldigitaldeasturias.com\/noticias\/#organization"},"image":{"@type":"ImageObject","url":"https:\/\/www.eldigitaldeasturias.com\/noticias\/wp-content\/uploads\/2019\/04\/1554896115_Gema_Aznar_Directora_General_Mary_Kay_Espa_a.jpg","width":1536,"height":1180},"datePublished":"2019-04-11T03:34:47+02:00","dateModified":"2019-04-11T03:34:47+02:00","inLanguage":"es-ES","mainEntityOfPage":{"@id":"https:\/\/www.eldigitaldeasturias.com\/noticias\/mary-kay-apoya-el-liderazgo-y-empoderamiento-femenino-en-el-conference-del-international-womens-forum\/#webpage"},"isPartOf":{"@id":"https:\/\/www.eldigitaldeasturias.com\/noticias\/mary-kay-apoya-el-liderazgo-y-empoderamiento-femenino-en-el-conference-del-international-womens-forum\/#webpage"},"articleSection":"Econom\u00eda"},{"@type":"BreadcrumbList","@id":"https:\/\/www.eldigitaldeasturias.com\/noticias\/mary-kay-apoya-el-liderazgo-y-empoderamiento-femenino-en-el-conference-del-international-womens-forum\/#breadcrumblist","itemListElement":[{"@type":"ListItem","@id":"https:\/\/www.eldigitaldeasturias.com\/noticias#listItem","position":1,"name":"Home","item":"https:\/\/www.eldigitaldeasturias.com\/noticias","nextItem":{"@type":"ListItem","@id":"https:\/\/www.eldigitaldeasturias.com\/noticias\/category\/economia\/#listItem","name":"Econom\u00eda"}},{"@type":"ListItem","@id":"https:\/\/www.eldigitaldeasturias.com\/noticias\/category\/economia\/#listItem","position":2,"name":"Econom\u00eda","item":"https:\/\/www.eldigitaldeasturias.com\/noticias\/category\/economia\/","nextItem":{"@type":"ListItem","@id":"https:\/\/www.eldigitaldeasturias.com\/noticias\/mary-kay-apoya-el-liderazgo-y-empoderamiento-femenino-en-el-conference-del-international-womens-forum\/#listItem","name":"Mary Kay apoya el liderazgo y empoderamiento femenino en el conference del INTERNATIONAL WOMEN\u00b4S FORUM"},"previousItem":{"@type":"ListItem","@id":"https:\/\/www.eldigitaldeasturias.com\/noticias#listItem","name":"Home"}},{"@type":"ListItem","@id":"https:\/\/www.eldigitaldeasturias.com\/noticias\/mary-kay-apoya-el-liderazgo-y-empoderamiento-femenino-en-el-conference-del-international-womens-forum\/#listItem","position":3,"name":"Mary Kay apoya el liderazgo y empoderamiento femenino en el conference del INTERNATIONAL WOMEN\u00b4S FORUM","previousItem":{"@type":"ListItem","@id":"https:\/\/www.eldigitaldeasturias.com\/noticias\/category\/economia\/#listItem","name":"Econom\u00eda"}}]},{"@type":"Organization","@id":"https:\/\/www.eldigitaldeasturias.com\/noticias\/#organization","name":"El Digital de Asturias","description":"Hemeroteca","url":"https:\/\/www.eldigitaldeasturias.com\/noticias\/","email":"info@eldigitaldeasturias.com","telephone":"+34652131393","logo":{"@type":"ImageObject","url":"https:\/\/www.eldigitaldeasturias.com\/noticias\/wp-content\/uploads\/2020\/12\/EDA.jpg","@id":"https:\/\/www.eldigitaldeasturias.com\/noticias\/mary-kay-apoya-el-liderazgo-y-empoderamiento-femenino-en-el-conference-del-international-womens-forum\/#organizationLogo","width":649,"height":297},"image":{"@id":"https:\/\/www.eldigitaldeasturias.com\/noticias\/mary-kay-apoya-el-liderazgo-y-empoderamiento-femenino-en-el-conference-del-international-womens-forum\/#organizationLogo"},"sameAs":["https:\/\/facebook.com\/eldigitaldeasturias","https:\/\/www.youtube.com\/channel\/UCZP-2wLEB9Rv6erhFmqVnvg"],"address":{"@id":"https:\/\/www.eldigitaldeasturias.com\/noticias\/#postaladdress","@type":"PostalAddress","streetAddress":"san antonio 4,","postalCode":"33430","addressLocality":"Cand\u00e1s","addressRegion":"Asturias","addressCountry":"ES"}},{"@type":"Person","@id":"https:\/\/www.eldigitaldeasturias.com\/noticias\/author\/admin\/#author","url":"https:\/\/www.eldigitaldeasturias.com\/noticias\/author\/admin\/","name":"El Digital de Asturias","image":{"@type":"ImageObject","@id":"https:\/\/www.eldigitaldeasturias.com\/noticias\/mary-kay-apoya-el-liderazgo-y-empoderamiento-femenino-en-el-conference-del-international-womens-forum\/#authorImage","url":"https:\/\/www.eldigitaldeasturias.com\/noticias\/wp-content\/litespeed\/avatar\/18677e78aa0546b92d9dbf31ec7d7668.jpg?ver=1776685526","width":96,"height":96,"caption":"El Digital de Asturias"}},{"@type":"WebPage","@id":"https:\/\/www.eldigitaldeasturias.com\/noticias\/mary-kay-apoya-el-liderazgo-y-empoderamiento-femenino-en-el-conference-del-international-womens-forum\/#webpage","url":"https:\/\/www.eldigitaldeasturias.com\/noticias\/mary-kay-apoya-el-liderazgo-y-empoderamiento-femenino-en-el-conference-del-international-womens-forum\/","name":"Mary Kay apoya el liderazgo y empoderamiento femenino en el conference del INTERNATIONAL WOMEN\u00b4S FORUM - El Digital de Asturias","description":"Hace m\u00e1s de 55 a\u00f1os que Mary Kay Ash fund\u00f3 lo que hoy es una de las compa\u00f1\u00edas del mundo que m\u00e1s apoya el empoderamiento y el emprendimiento de la mujer. En la actualidad, Mary Kay Inc. contin\u00faa apoyando el liderazgo femenino como uno de los patrocinadores del Cornerstone Conference en el International Women\u00b4s Forum (IWF). El","inLanguage":"es-ES","isPartOf":{"@id":"https:\/\/www.eldigitaldeasturias.com\/noticias\/#website"},"breadcrumb":{"@id":"https:\/\/www.eldigitaldeasturias.com\/noticias\/mary-kay-apoya-el-liderazgo-y-empoderamiento-femenino-en-el-conference-del-international-womens-forum\/#breadcrumblist"},"author":{"@id":"https:\/\/www.eldigitaldeasturias.com\/noticias\/author\/admin\/#author"},"creator":{"@id":"https:\/\/www.eldigitaldeasturias.com\/noticias\/author\/admin\/#author"},"image":{"@type":"ImageObject","url":"https:\/\/www.eldigitaldeasturias.com\/noticias\/wp-content\/uploads\/2019\/04\/1554896115_Gema_Aznar_Directora_General_Mary_Kay_Espa_a.jpg","@id":"https:\/\/www.eldigitaldeasturias.com\/noticias\/mary-kay-apoya-el-liderazgo-y-empoderamiento-femenino-en-el-conference-del-international-womens-forum\/#mainImage","width":1536,"height":1180},"primaryImageOfPage":{"@id":"https:\/\/www.eldigitaldeasturias.com\/noticias\/mary-kay-apoya-el-liderazgo-y-empoderamiento-femenino-en-el-conference-del-international-womens-forum\/#mainImage"},"datePublished":"2019-04-11T03:34:47+02:00","dateModified":"2019-04-11T03:34:47+02:00"},{"@type":"WebSite","@id":"https:\/\/www.eldigitaldeasturias.com\/noticias\/#website","url":"https:\/\/www.eldigitaldeasturias.com\/noticias\/","name":"El Digital de Asturias - Diario de actualidad y noticias","alternateName":"El Digital de Asturias - Diario de actualidad y noticias","description":"Hemeroteca","inLanguage":"es-ES","publisher":{"@id":"https:\/\/www.eldigitaldeasturias.com\/noticias\/#organization"}}]},"og:locale":"es_ES","og:site_name":"El Digital de Asturias","og:type":"article","og:title":"Mary Kay apoya el liderazgo y empoderamiento femenino en el conference del INTERNATIONAL WOMEN\u00b4S FORUM - El Digital de Asturias","og:description":"Hace m\u00e1s de 55 a\u00f1os que Mary Kay Ash fund\u00f3 lo que hoy es una de las compa\u00f1\u00edas del mundo que m\u00e1s apoya el empoderamiento y el emprendimiento de la mujer. En la actualidad, Mary Kay Inc. contin\u00faa apoyando el liderazgo femenino como uno de los patrocinadores del Cornerstone Conference en el International Women\u00b4s Forum (IWF). El","og:url":"https:\/\/www.eldigitaldeasturias.com\/noticias\/mary-kay-apoya-el-liderazgo-y-empoderamiento-femenino-en-el-conference-del-international-womens-forum\/","og:image":"https:\/\/www.eldigitaldeasturias.com\/noticias\/wp-content\/uploads\/2019\/04\/1554896115_Gema_Aznar_Directora_General_Mary_Kay_Espa_a.jpg","og:image:secure_url":"https:\/\/www.eldigitaldeasturias.com\/noticias\/wp-content\/uploads\/2019\/04\/1554896115_Gema_Aznar_Directora_General_Mary_Kay_Espa_a.jpg","og:image:width":1536,"og:image:height":1180,"article:tag":["econom\u00eda"],"article:published_time":"2019-04-11T03:34:47+00:00","article:modified_time":"2019-04-11T03:34:47+00:00","article:publisher":"https:\/\/facebook.com\/eldigitaldeasturias","twitter:card":"summary_large_image","twitter:title":"Mary Kay apoya el liderazgo y empoderamiento femenino en el conference del INTERNATIONAL WOMEN\u00b4S FORUM - El Digital de Asturias","twitter:description":"Hace m\u00e1s de 55 a\u00f1os que Mary Kay Ash fund\u00f3 lo que hoy es una de las compa\u00f1\u00edas del mundo que m\u00e1s apoya el empoderamiento y el emprendimiento de la mujer. En la actualidad, Mary Kay Inc. contin\u00faa apoyando el liderazgo femenino como uno de los patrocinadores del Cornerstone Conference en el International Women\u00b4s Forum (IWF). El","twitter:image":"https:\/\/www.eldigitaldeasturias.com\/noticias\/wp-content\/uploads\/2019\/04\/1554896115_Gema_Aznar_Directora_General_Mary_Kay_Espa_a.jpg","twitter:label1":"Escrito por","twitter:data1":"El Digital de Asturias","twitter:label2":"Tiempo de lectura estimado","twitter:data2":"4 minutos"},"aioseo_meta_data":{"post_id":"1023561","title":null,"description":null,"keywords":null,"keyphrases":null,"primary_term":null,"canonical_url":null,"og_title":null,"og_description":null,"og_object_type":"default","og_image_type":"default","og_image_url":null,"og_image_width":null,"og_image_height":null,"og_image_custom_url":null,"og_image_custom_fields":null,"og_video":null,"og_custom_url":null,"og_article_section":null,"og_article_tags":null,"twitter_use_og":false,"twitter_card":"default","twitter_image_type":"default","twitter_image_url":null,"twitter_image_custom_url":null,"twitter_image_custom_fields":null,"twitter_title":null,"twitter_description":null,"schema":{"blockGraphs":[],"customGraphs":[],"default":{"data":{"Article":[],"Course":[],"Dataset":[],"FAQPage":[],"Movie":[],"Person":[],"Product":[],"ProductReview":[],"Car":[],"Recipe":[],"Service":[],"SoftwareApplication":[],"WebPage":[]},"graphName":"","isEnabled":true},"graphs":[],"defaultGraph":"","defaultPostTypeGraph":""},"schema_type":null,"schema_type_options":null,"pillar_content":false,"robots_default":true,"robots_noindex":false,"robots_noarchive":false,"robots_nosnippet":false,"robots_nofollow":false,"robots_noimageindex":false,"robots_noodp":false,"robots_notranslate":false,"robots_max_snippet":null,"robots_max_videopreview":null,"robots_max_imagepreview":"large","priority":null,"frequency":null,"local_seo":null,"seo_analyzer_scan_date":"2025-10-17 13:20:12","breadcrumb_settings":null,"limit_modified_date":false,"open_ai":null,"ai":null,"created":"2020-12-21 11:15:14","updated":"2025-10-17 13:20:12"},"aioseo_breadcrumb":"<div class=\"aioseo-breadcrumbs\"><span class=\"aioseo-breadcrumb\">\n\t<a href=\"https:\/\/www.eldigitaldeasturias.com\/noticias\" title=\"Home\">Home<\/a>\n<\/span><span class=\"aioseo-breadcrumb-separator\">\u2013<\/span><span class=\"aioseo-breadcrumb\">\n\t<a href=\"https:\/\/www.eldigitaldeasturias.com\/noticias\/category\/economia\/\" title=\"Econom\u00eda\">Econom\u00eda<\/a>\n<\/span><span class=\"aioseo-breadcrumb-separator\">\u2013<\/span><span class=\"aioseo-breadcrumb\">\n\t<a href=\"https:\/\/www.eldigitaldeasturias.com\/noticias\/mary-kay-apoya-el-liderazgo-y-empoderamiento-femenino-en-el-conference-del-international-womens-forum\/\" title=\"Mary Kay apoya el liderazgo y empoderamiento femenino en el conference del INTERNATIONAL WOMEN\u00b4S FORUM\">Mary Kay apoya el liderazgo y empoderamiento femenino en el conference del INTERNATIONAL WOMEN\u00b4S FORUM<\/a>\n<\/span><\/div>","aioseo_breadcrumb_json":[{"label":"Home","link":"https:\/\/www.eldigitaldeasturias.com\/noticias"},{"label":"Econom\u00eda","link":"https:\/\/www.eldigitaldeasturias.com\/noticias\/category\/economia\/"},{"label":"Mary Kay apoya el liderazgo y empoderamiento femenino en el conference del INTERNATIONAL WOMEN\u00b4S FORUM","link":"https:\/\/www.eldigitaldeasturias.com\/noticias\/mary-kay-apoya-el-liderazgo-y-empoderamiento-femenino-en-el-conference-del-international-womens-forum\/"}],"_links":{"self":[{"href":"https:\/\/www.eldigitaldeasturias.com\/noticias\/wp-json\/wp\/v2\/posts\/1023561","targetHints":{"allow":["GET"]}}],"collection":[{"href":"https:\/\/www.eldigitaldeasturias.com\/noticias\/wp-json\/wp\/v2\/posts"}],"about":[{"href":"https:\/\/www.eldigitaldeasturias.com\/noticias\/wp-json\/wp\/v2\/types\/post"}],"author":[{"embeddable":true,"href":"https:\/\/www.eldigitaldeasturias.com\/noticias\/wp-json\/wp\/v2\/users\/1"}],"replies":[{"embeddable":true,"href":"https:\/\/www.eldigitaldeasturias.com\/noticias\/wp-json\/wp\/v2\/comments?post=1023561"}],"version-history":[{"count":0,"href":"https:\/\/www.eldigitaldeasturias.com\/noticias\/wp-json\/wp\/v2\/posts\/1023561\/revisions"}],"wp:featuredmedia":[{"embeddable":true,"href":"https:\/\/www.eldigitaldeasturias.com\/noticias\/wp-json\/wp\/v2\/media\/1023562"}],"wp:attachment":[{"href":"https:\/\/www.eldigitaldeasturias.com\/noticias\/wp-json\/wp\/v2\/media?parent=1023561"}],"wp:term":[{"taxonomy":"category","embeddable":true,"href":"https:\/\/www.eldigitaldeasturias.com\/noticias\/wp-json\/wp\/v2\/categories?post=1023561"},{"taxonomy":"post_tag","embeddable":true,"href":"https:\/\/www.eldigitaldeasturias.com\/noticias\/wp-json\/wp\/v2\/tags?post=1023561"}],"curies":[{"name":"wp","href":"https:\/\/api.w.org\/{rel}","templated":true}]}}