{"id":1023555,"date":"2019-04-11T02:57:34","date_gmt":"2019-04-11T02:57:34","guid":{"rendered":"https:\/\/www.eldigitaldeasturias.com\/noticias\/?p=1023555"},"modified":"2019-04-11T02:57:34","modified_gmt":"2019-04-11T02:57:34","slug":"el-56-de-los-directivos-busca-generar-impacto-positivo-en-la-sociedad","status":"publish","type":"post","link":"https:\/\/www.eldigitaldeasturias.com\/noticias\/el-56-de-los-directivos-busca-generar-impacto-positivo-en-la-sociedad\/","title":{"rendered":"El 56% de los directivos busca generar impacto positivo en la sociedad"},"content":{"rendered":"<p><img loading=\"lazy\" decoding=\"async\" class=\"alignleft size-medium wp-image-1023556\" src=\"https:\/\/www.eldigitaldeasturias.com\/noticias\/wp-content\/uploads\/2019\/04\/1554821525_unnamed-360x253.jpg\" alt=\"\" width=\"360\" height=\"253\" srcset=\"https:\/\/www.eldigitaldeasturias.com\/noticias\/wp-content\/uploads\/2019\/04\/1554821525_unnamed-360x253.jpg 360w, https:\/\/www.eldigitaldeasturias.com\/noticias\/wp-content\/uploads\/2019\/04\/1554821525_unnamed-768x539.jpg 768w, https:\/\/www.eldigitaldeasturias.com\/noticias\/wp-content\/uploads\/2019\/04\/1554821525_unnamed-650x456.jpg 650w, https:\/\/www.eldigitaldeasturias.com\/noticias\/wp-content\/uploads\/2019\/04\/1554821525_unnamed.jpg 1687w\" sizes=\"auto, (max-width: 360px) 100vw, 360px\" \/>La definici\u00f3n de un prop\u00f3sito que vincule los objetivos de negocio con un impacto social, \u00e9tico y medioambiental positivo es considerada la tendencia m\u00e1s relevante en gesti\u00f3n de intangibles en el entorno empresarial. As\u00ed lo afirma<span style=\"color: #ff6600;\"><strong>\u00a0<a style=\"color: #ff6600;\" href=\"https:\/\/bit.ly\/2IhTPoV\" target=\"_blank\" rel=\"nofollow noopener noreferrer\">Approaching the Future 2019: Tendencias en Reputaci\u00f3n y Gesti\u00f3n de Intangibles<\/a><\/strong><\/span>, informe de referencia elaborado por cuarto a\u00f1o consecutivo por\u00a0<span style=\"color: #ff6600;\"><strong><a style=\"color: #ff6600;\" href=\"https:\/\/www.corporateexcellence.org\/\" target=\"_blank\" rel=\"nofollow noopener noreferrer\">Corporate Excellence \u2013 Centre for Reputation Leadership<\/a><\/strong><\/span>\u00a0junto a\u00a0<span style=\"color: #ff6600;\"><strong><a style=\"color: #ff6600;\" href=\"https:\/\/www.canvasconsultores.com\/\" target=\"_blank\" rel=\"nofollow noopener noreferrer\">CANVAS Estrategias Sostenibles<\/a><\/strong><\/span>, que se ha presentado hoy en CaixaForum Madrid.<\/p>\n<p>En 2019 se han identificado 15 tendencias clave que los encuestados punt\u00faan de acuerdo con su nivel de relevancia. La tendencia m\u00e1s relevante para los directivos y profesionales consultados es el prop\u00f3sito corporativo. El 56% de expertos afirma que ya est\u00e1 trabajando en iniciativas de implantaci\u00f3n y activaci\u00f3n del mismo a trav\u00e9s de los valores y la cultura corporativa.<\/p>\n<p>La segunda tendencia con mayor relevancia es la gesti\u00f3n de la reputaci\u00f3n en el contexto de la econom\u00eda colaborativa. Con la transformaci\u00f3n que vive el mundo empresarial y las nuevas tecnolog\u00edas, el gran reto es la gesti\u00f3n de la confianza y la reputaci\u00f3n frente a los cambios de comportamiento del consumidor y los nuevos h\u00e1bitos de la ciudadan\u00eda que se generan en el actual contexto digital.<\/p>\n<p>El futuro del trabajo es la tercera tendencia m\u00e1s relevante, marcada por el cambio fren\u00e9tico que experimentan los entornos laborales. La digitalizaci\u00f3n y automatizaci\u00f3n requieren nuevas formas de entender y organizar el trabajo, as\u00ed como nuevas habilidades. La agilidad y la flexibilidad se han convertido en dos caracter\u00edsticas b\u00e1sicas que describen el futuro del trabajo. Un 56% de las organizaciones consultadas ya cuentan con medidas de flexibilidad laboral y nuevas formas de trabajo.<\/p>\n<p>\u00abLa gesti\u00f3n de la reputaci\u00f3n y de otros intangibles es ya una prioridad en la agenda de las organizaciones. Los cambios que se suceden en el terreno empresarial no pueden entenderse si no se poseen conocimientos o una formaci\u00f3n adecuada sobre este \u00e1mbito. Lo est\u00e1 pidiendo la sociedad y afecta, directamente, al negocio. Este informe es clave para entender esta tesitura\u00bb sostiene \u00c1ngel Alloza, CEO de Corporate Excellence \u2013 Centre for Reputation Leadership<strong>.<\/strong><\/p>\n<p><strong>Prop\u00f3sito, beneficios y reputaci\u00f3n: una relaci\u00f3n necesaria<\/strong><\/p>\n<p>El informe <em>Approaching the Future 2019\u00a0<\/em>recoge que, la mayor parte de los profesionales considera el operar con un prop\u00f3sito como una prioridad estrat\u00e9gica para sus compa\u00f1\u00edas. Esta visi\u00f3n tambi\u00e9n se enfatiza desde el \u00e1mbito de los inversores, como demuestra Larry Fink, CEO de BlackRock (uno de los mayores fondos de inversi\u00f3n a nivel global), apelando a la acci\u00f3n en su carta anual a directivos bajo la premisa de que la rentabilidad y el prop\u00f3sito est\u00e1n intr\u00ednsecamente relacionados.<\/p>\n<p>\u00abEn un contexto de cambio constante marcado por la incertidumbre y la desconfianza, las empresas son cada vez m\u00e1s conscientes de la necesidad de conectar con la sociedad a trav\u00e9s de un prop\u00f3sito que aporte sentido a la actividad, establezca una hoja de ruta hacia el futuro y les permita responder a las necesidades de sus grupos de inter\u00e9s\u00bb, explica Isabel L\u00f3pez Triana, socia fundadora de CANVAS Estrategias Sostenibles.<\/p>\n<p>En definitiva, la sociedad en su conjunto est\u00e1 demandando empresas comprometidas, preocupadas no solo por su desempe\u00f1o sino tambi\u00e9n por el valor que aportan a la comunidad y al entorno. Este cambio social es, en parte, el que explica que el prop\u00f3sito se haya identificado como la tendencia de referencia en la gesti\u00f3n de intangibles en las compa\u00f1\u00edas de todo el mundo.<\/p>\n<p>\u00abTener como foco el prop\u00f3sito y la capacidad de crear valor permite a las empresas construir una identidad y relaciones duraderas, generar creencias compartidas y sentido colectivo que abarque las necesidades de las organizaciones, de las personas y el entorno. El impacto ASG se est\u00e1 convirtiendo en un indicador de desempe\u00f1o cada vez m\u00e1s importante\u00bb, apunta Claudina Caramuti, socia fundadora de CANVAS Estrategias Sostenibles.<\/p>\n<p><strong>La inteligencia artificial llega a Approaching the Future 2019<\/strong><\/p>\n<p>Como novedad este a\u00f1o se han incorporado a la investigaci\u00f3n t\u00e9cnicas de inteligencia artificial para averiguar si la importancia que los profesionales dan a las tendencias concuerda con las acciones que se est\u00e1n impulsando en las empresas. Esto ha permitido obtener un an\u00e1lisis m\u00e1s exhaustivo sobre lo que realmente est\u00e1 marcando la agenda empresarial y las cuestiones prioritarias para los directivos en su d\u00eda a d\u00eda. Entre los resultados obtenidos se observa la existencia de una clara preocupaci\u00f3n por el medioambiente y la transparencia de las organizaciones y el avance de las organizaciones en los siguientes \u00e1mbitos: igualdad y diversidad, sostenibilidad, y flexibilidad y nuevas formas de trabajo. El informe incorpora tambi\u00e9n las tendencias m\u00e1s relevantes en los ecosistemas digitales: Importancia de la \u00e9tica y la transparencia; Preocupaci\u00f3n por el medioambiente y el cambio clim\u00e1tico; y nuevas formas de trabajo.<\/p>\n<p>El ranking de priorizaci\u00f3n de las 15 tendencias identificadas, as\u00ed como los resultados de la encuesta a directivos revela c\u00f3mo se est\u00e1 integrando la gesti\u00f3n de intangibles en las estrategias de negocio de las organizaciones y permite identificar los grandes retos y oportunidades para la agenda empresarial.<\/p>\n<p>El informe analiza, en su conjunto, m\u00e1s de\u00a0<strong>250 fuentes nacionales e internacionales<\/strong>\u00a0para identificar las principales tendencias globales, en reputaci\u00f3n, marca corporativa, sostenibilidad y otros intangibles que cobran cada vez m\u00e1s peso en la valoraci\u00f3n de las compa\u00f1\u00edas. Y se elabora a partir de la opini\u00f3n de\u00a0<strong>230 expertos de 18 pa\u00edses \u2013el 73,9% de ellos, directivos de m\u00e1s de 90 empresas\u2013<\/strong>. En el mismo han participado los directivos de las empresas miembro de\u00a0<strong>Corporate Excellence \u2013 Centre for Reputation Leadership<\/strong>; as\u00ed como la red de profesionales de la\u00a0<strong>Asociaci\u00f3n de Directivos de Comunicaci\u00f3n (DIRCOM),\u00a0<\/strong>cuyos miembros han participado en el trabajo de campo del estudio. Para la elaboraci\u00f3n del mismo se ha contado tambi\u00e9n con la participaci\u00f3n de\u00a0<strong>la C\u00e1tedra de M\u00e9tricas y Gesti\u00f3n de Intangibles<\/strong>\u00a0de Corporate Excellence \u2013 Centre for Reputation Leadership y la Universidad de M\u00e1laga, as\u00ed como de\u00a0<strong>Cookie Box<\/strong>\u00a0y\u00a0<strong>Taket<\/strong>, para la din\u00e1mica cualitativa con directivos.<\/p>\n","protected":false},"excerpt":{"rendered":"<p>La definici\u00f3n de un prop\u00f3sito que vincule los objetivos de negocio con un impacto social, \u00e9tico y medioambiental positivo es considerada la tendencia m\u00e1s relevante en gesti\u00f3n de intangibles en el entorno empresarial. As\u00ed lo afirma\u00a0Approaching the Future 2019: Tendencias en Reputaci\u00f3n y Gesti\u00f3n de Intangibles, informe de referencia elaborado por cuarto a\u00f1o consecutivo por\u00a0Corporate [&hellip;]<\/p>\n","protected":false},"author":1,"featured_media":1023556,"comment_status":"closed","ping_status":"closed","sticky":false,"template":"","format":"standard","meta":{"footnotes":""},"categories":[187],"tags":[],"class_list":["post-1023555","post","type-post","status-publish","format-standard","has-post-thumbnail","hentry","category-economia"],"aioseo_notices":[],"aioseo_head":"\n\t\t<!-- All in One SEO Pro 4.9.6.2 - aioseo.com -->\n\t<meta name=\"description\" content=\"La definici\u00f3n de un prop\u00f3sito que vincule los objetivos de negocio con un impacto social, \u00e9tico y medioambiental positivo es considerada la tendencia m\u00e1s relevante en gesti\u00f3n de intangibles en el entorno empresarial. As\u00ed lo afirma Approaching the Future 2019: Tendencias en Reputaci\u00f3n y Gesti\u00f3n de Intangibles, informe de referencia elaborado por cuarto a\u00f1o consecutivo por Corporate\" \/>\n\t<meta name=\"robots\" content=\"max-image-preview:large\" \/>\n\t<meta name=\"author\" content=\"El Digital de Asturias\"\/>\n\t<meta name=\"google-site-verification\" content=\"UA-38556648-1\" \/>\n\t<meta name=\"msvalidate.01\" content=\"7dfe9f3f1b24437ab69f4f2559babe99\" \/>\n\t<meta name=\"keywords\" content=\"econom\u00eda\" \/>\n\t<link rel=\"canonical\" href=\"https:\/\/www.eldigitaldeasturias.com\/noticias\/el-56-de-los-directivos-busca-generar-impacto-positivo-en-la-sociedad\/\" \/>\n\t<meta name=\"generator\" content=\"All in One SEO Pro (AIOSEO) 4.9.6.2\" \/>\n\t\t<meta property=\"og:locale\" content=\"es_ES\" \/>\n\t\t<meta property=\"og:site_name\" content=\"El Digital de Asturias\" \/>\n\t\t<meta property=\"og:type\" content=\"article\" \/>\n\t\t<meta property=\"og:title\" content=\"El 56% de los directivos busca generar impacto positivo en la sociedad - El Digital de Asturias\" \/>\n\t\t<meta property=\"og:description\" content=\"La definici\u00f3n de un prop\u00f3sito que vincule los objetivos de negocio con un impacto social, \u00e9tico y medioambiental positivo es considerada la tendencia m\u00e1s relevante en gesti\u00f3n de intangibles en el entorno empresarial. As\u00ed lo afirma Approaching the Future 2019: Tendencias en Reputaci\u00f3n y Gesti\u00f3n de Intangibles, informe de referencia elaborado por cuarto a\u00f1o consecutivo por Corporate\" \/>\n\t\t<meta property=\"og:url\" content=\"https:\/\/www.eldigitaldeasturias.com\/noticias\/el-56-de-los-directivos-busca-generar-impacto-positivo-en-la-sociedad\/\" \/>\n\t\t<meta property=\"og:image\" content=\"https:\/\/www.eldigitaldeasturias.com\/noticias\/wp-content\/uploads\/2019\/04\/1554821525_unnamed.jpg\" \/>\n\t\t<meta property=\"og:image:secure_url\" content=\"https:\/\/www.eldigitaldeasturias.com\/noticias\/wp-content\/uploads\/2019\/04\/1554821525_unnamed.jpg\" \/>\n\t\t<meta property=\"og:image:width\" content=\"1687\" \/>\n\t\t<meta property=\"og:image:height\" content=\"1184\" \/>\n\t\t<meta property=\"article:tag\" content=\"econom\u00eda\" \/>\n\t\t<meta property=\"article:published_time\" content=\"2019-04-11T02:57:34+00:00\" \/>\n\t\t<meta property=\"article:modified_time\" content=\"2019-04-11T02:57:34+00:00\" \/>\n\t\t<meta property=\"article:publisher\" content=\"https:\/\/facebook.com\/eldigitaldeasturias\" \/>\n\t\t<meta name=\"twitter:card\" content=\"summary_large_image\" \/>\n\t\t<meta name=\"twitter:title\" content=\"El 56% de los directivos busca generar impacto positivo en la sociedad - El Digital de Asturias\" \/>\n\t\t<meta name=\"twitter:description\" content=\"La definici\u00f3n de un prop\u00f3sito que vincule los objetivos de negocio con un impacto social, \u00e9tico y medioambiental positivo es considerada la tendencia m\u00e1s relevante en gesti\u00f3n de intangibles en el entorno empresarial. As\u00ed lo afirma Approaching the Future 2019: Tendencias en Reputaci\u00f3n y Gesti\u00f3n de Intangibles, informe de referencia elaborado por cuarto a\u00f1o consecutivo por Corporate\" \/>\n\t\t<meta name=\"twitter:image\" content=\"https:\/\/www.eldigitaldeasturias.com\/noticias\/wp-content\/uploads\/2019\/04\/1554821525_unnamed.jpg\" \/>\n\t\t<meta name=\"twitter:label1\" content=\"Escrito por\" \/>\n\t\t<meta name=\"twitter:data1\" content=\"El Digital de Asturias\" \/>\n\t\t<meta name=\"twitter:label2\" content=\"Tiempo de lectura estimado\" \/>\n\t\t<meta name=\"twitter:data2\" content=\"5 minutos\" \/>\n\t\t<script type=\"application\/ld+json\" class=\"aioseo-schema\">\n\t\t\t{\"@context\":\"https:\\\/\\\/schema.org\",\"@graph\":[{\"@type\":\"BlogPosting\",\"@id\":\"https:\\\/\\\/www.eldigitaldeasturias.com\\\/noticias\\\/el-56-de-los-directivos-busca-generar-impacto-positivo-en-la-sociedad\\\/#blogposting\",\"name\":\"El 56% de los directivos busca generar impacto positivo en la sociedad - El Digital de Asturias\",\"headline\":\"El 56% de los directivos busca generar impacto positivo en la sociedad\",\"author\":{\"@id\":\"https:\\\/\\\/www.eldigitaldeasturias.com\\\/noticias\\\/author\\\/admin\\\/#author\"},\"publisher\":{\"@id\":\"https:\\\/\\\/www.eldigitaldeasturias.com\\\/noticias\\\/#organization\"},\"image\":{\"@type\":\"ImageObject\",\"url\":\"https:\\\/\\\/www.eldigitaldeasturias.com\\\/noticias\\\/wp-content\\\/uploads\\\/2019\\\/04\\\/1554821525_unnamed.jpg\",\"width\":1687,\"height\":1184},\"datePublished\":\"2019-04-11T02:57:34+02:00\",\"dateModified\":\"2019-04-11T02:57:34+02:00\",\"inLanguage\":\"es-ES\",\"mainEntityOfPage\":{\"@id\":\"https:\\\/\\\/www.eldigitaldeasturias.com\\\/noticias\\\/el-56-de-los-directivos-busca-generar-impacto-positivo-en-la-sociedad\\\/#webpage\"},\"isPartOf\":{\"@id\":\"https:\\\/\\\/www.eldigitaldeasturias.com\\\/noticias\\\/el-56-de-los-directivos-busca-generar-impacto-positivo-en-la-sociedad\\\/#webpage\"},\"articleSection\":\"Econom\\u00eda\"},{\"@type\":\"BreadcrumbList\",\"@id\":\"https:\\\/\\\/www.eldigitaldeasturias.com\\\/noticias\\\/el-56-de-los-directivos-busca-generar-impacto-positivo-en-la-sociedad\\\/#breadcrumblist\",\"itemListElement\":[{\"@type\":\"ListItem\",\"@id\":\"https:\\\/\\\/www.eldigitaldeasturias.com\\\/noticias#listItem\",\"position\":1,\"name\":\"Home\",\"item\":\"https:\\\/\\\/www.eldigitaldeasturias.com\\\/noticias\",\"nextItem\":{\"@type\":\"ListItem\",\"@id\":\"https:\\\/\\\/www.eldigitaldeasturias.com\\\/noticias\\\/category\\\/economia\\\/#listItem\",\"name\":\"Econom\\u00eda\"}},{\"@type\":\"ListItem\",\"@id\":\"https:\\\/\\\/www.eldigitaldeasturias.com\\\/noticias\\\/category\\\/economia\\\/#listItem\",\"position\":2,\"name\":\"Econom\\u00eda\",\"item\":\"https:\\\/\\\/www.eldigitaldeasturias.com\\\/noticias\\\/category\\\/economia\\\/\",\"nextItem\":{\"@type\":\"ListItem\",\"@id\":\"https:\\\/\\\/www.eldigitaldeasturias.com\\\/noticias\\\/el-56-de-los-directivos-busca-generar-impacto-positivo-en-la-sociedad\\\/#listItem\",\"name\":\"El 56% de los directivos busca generar impacto positivo en la sociedad\"},\"previousItem\":{\"@type\":\"ListItem\",\"@id\":\"https:\\\/\\\/www.eldigitaldeasturias.com\\\/noticias#listItem\",\"name\":\"Home\"}},{\"@type\":\"ListItem\",\"@id\":\"https:\\\/\\\/www.eldigitaldeasturias.com\\\/noticias\\\/el-56-de-los-directivos-busca-generar-impacto-positivo-en-la-sociedad\\\/#listItem\",\"position\":3,\"name\":\"El 56% de los directivos busca generar impacto positivo en la sociedad\",\"previousItem\":{\"@type\":\"ListItem\",\"@id\":\"https:\\\/\\\/www.eldigitaldeasturias.com\\\/noticias\\\/category\\\/economia\\\/#listItem\",\"name\":\"Econom\\u00eda\"}}]},{\"@type\":\"Organization\",\"@id\":\"https:\\\/\\\/www.eldigitaldeasturias.com\\\/noticias\\\/#organization\",\"name\":\"El Digital de Asturias\",\"description\":\"Hemeroteca\",\"url\":\"https:\\\/\\\/www.eldigitaldeasturias.com\\\/noticias\\\/\",\"email\":\"info@eldigitaldeasturias.com\",\"telephone\":\"+34652131393\",\"logo\":{\"@type\":\"ImageObject\",\"url\":\"https:\\\/\\\/www.eldigitaldeasturias.com\\\/noticias\\\/wp-content\\\/uploads\\\/2020\\\/12\\\/EDA.jpg\",\"@id\":\"https:\\\/\\\/www.eldigitaldeasturias.com\\\/noticias\\\/el-56-de-los-directivos-busca-generar-impacto-positivo-en-la-sociedad\\\/#organizationLogo\",\"width\":649,\"height\":297},\"image\":{\"@id\":\"https:\\\/\\\/www.eldigitaldeasturias.com\\\/noticias\\\/el-56-de-los-directivos-busca-generar-impacto-positivo-en-la-sociedad\\\/#organizationLogo\"},\"sameAs\":[\"https:\\\/\\\/facebook.com\\\/eldigitaldeasturias\",\"https:\\\/\\\/www.youtube.com\\\/channel\\\/UCZP-2wLEB9Rv6erhFmqVnvg\"],\"address\":{\"@id\":\"https:\\\/\\\/www.eldigitaldeasturias.com\\\/noticias\\\/#postaladdress\",\"@type\":\"PostalAddress\",\"streetAddress\":\"san antonio 4,\",\"postalCode\":\"33430\",\"addressLocality\":\"Cand\\u00e1s\",\"addressRegion\":\"Asturias\",\"addressCountry\":\"ES\"}},{\"@type\":\"Person\",\"@id\":\"https:\\\/\\\/www.eldigitaldeasturias.com\\\/noticias\\\/author\\\/admin\\\/#author\",\"url\":\"https:\\\/\\\/www.eldigitaldeasturias.com\\\/noticias\\\/author\\\/admin\\\/\",\"name\":\"El Digital de Asturias\",\"image\":{\"@type\":\"ImageObject\",\"@id\":\"https:\\\/\\\/www.eldigitaldeasturias.com\\\/noticias\\\/el-56-de-los-directivos-busca-generar-impacto-positivo-en-la-sociedad\\\/#authorImage\",\"url\":\"https:\\\/\\\/www.eldigitaldeasturias.com\\\/noticias\\\/wp-content\\\/litespeed\\\/avatar\\\/18677e78aa0546b92d9dbf31ec7d7668.jpg?ver=1777290358\",\"width\":96,\"height\":96,\"caption\":\"El Digital de Asturias\"}},{\"@type\":\"WebPage\",\"@id\":\"https:\\\/\\\/www.eldigitaldeasturias.com\\\/noticias\\\/el-56-de-los-directivos-busca-generar-impacto-positivo-en-la-sociedad\\\/#webpage\",\"url\":\"https:\\\/\\\/www.eldigitaldeasturias.com\\\/noticias\\\/el-56-de-los-directivos-busca-generar-impacto-positivo-en-la-sociedad\\\/\",\"name\":\"El 56% de los directivos busca generar impacto positivo en la sociedad - El Digital de Asturias\",\"description\":\"La definici\\u00f3n de un prop\\u00f3sito que vincule los objetivos de negocio con un impacto social, \\u00e9tico y medioambiental positivo es considerada la tendencia m\\u00e1s relevante en gesti\\u00f3n de intangibles en el entorno empresarial. As\\u00ed lo afirma Approaching the Future 2019: Tendencias en Reputaci\\u00f3n y Gesti\\u00f3n de Intangibles, informe de referencia elaborado por cuarto a\\u00f1o consecutivo por Corporate\",\"inLanguage\":\"es-ES\",\"isPartOf\":{\"@id\":\"https:\\\/\\\/www.eldigitaldeasturias.com\\\/noticias\\\/#website\"},\"breadcrumb\":{\"@id\":\"https:\\\/\\\/www.eldigitaldeasturias.com\\\/noticias\\\/el-56-de-los-directivos-busca-generar-impacto-positivo-en-la-sociedad\\\/#breadcrumblist\"},\"author\":{\"@id\":\"https:\\\/\\\/www.eldigitaldeasturias.com\\\/noticias\\\/author\\\/admin\\\/#author\"},\"creator\":{\"@id\":\"https:\\\/\\\/www.eldigitaldeasturias.com\\\/noticias\\\/author\\\/admin\\\/#author\"},\"image\":{\"@type\":\"ImageObject\",\"url\":\"https:\\\/\\\/www.eldigitaldeasturias.com\\\/noticias\\\/wp-content\\\/uploads\\\/2019\\\/04\\\/1554821525_unnamed.jpg\",\"@id\":\"https:\\\/\\\/www.eldigitaldeasturias.com\\\/noticias\\\/el-56-de-los-directivos-busca-generar-impacto-positivo-en-la-sociedad\\\/#mainImage\",\"width\":1687,\"height\":1184},\"primaryImageOfPage\":{\"@id\":\"https:\\\/\\\/www.eldigitaldeasturias.com\\\/noticias\\\/el-56-de-los-directivos-busca-generar-impacto-positivo-en-la-sociedad\\\/#mainImage\"},\"datePublished\":\"2019-04-11T02:57:34+02:00\",\"dateModified\":\"2019-04-11T02:57:34+02:00\"},{\"@type\":\"WebSite\",\"@id\":\"https:\\\/\\\/www.eldigitaldeasturias.com\\\/noticias\\\/#website\",\"url\":\"https:\\\/\\\/www.eldigitaldeasturias.com\\\/noticias\\\/\",\"name\":\"El Digital de Asturias - Diario de actualidad y noticias\",\"alternateName\":\"El Digital de Asturias - Diario de actualidad y noticias\",\"description\":\"Hemeroteca\",\"inLanguage\":\"es-ES\",\"publisher\":{\"@id\":\"https:\\\/\\\/www.eldigitaldeasturias.com\\\/noticias\\\/#organization\"}}]}\n\t\t<\/script>\n\t\t<!-- All in One SEO Pro -->\r\n\t\t<title>El 56% de los directivos busca generar impacto positivo en la sociedad - El Digital de Asturias<\/title>\n\n","aioseo_head_json":{"title":"El 56% de los directivos busca generar impacto positivo en la sociedad - El Digital de Asturias","description":"La definici\u00f3n de un prop\u00f3sito que vincule los objetivos de negocio con un impacto social, \u00e9tico y medioambiental positivo es considerada la tendencia m\u00e1s relevante en gesti\u00f3n de intangibles en el entorno empresarial. As\u00ed lo afirma Approaching the Future 2019: Tendencias en Reputaci\u00f3n y Gesti\u00f3n de Intangibles, informe de referencia elaborado por cuarto a\u00f1o consecutivo por Corporate","canonical_url":"https:\/\/www.eldigitaldeasturias.com\/noticias\/el-56-de-los-directivos-busca-generar-impacto-positivo-en-la-sociedad\/","robots":"max-image-preview:large","keywords":"econom\u00eda","webmasterTools":{"google-site-verification":"UA-38556648-1","msvalidate.01":"7dfe9f3f1b24437ab69f4f2559babe99","miscellaneous":""},"schema":{"@context":"https:\/\/schema.org","@graph":[{"@type":"BlogPosting","@id":"https:\/\/www.eldigitaldeasturias.com\/noticias\/el-56-de-los-directivos-busca-generar-impacto-positivo-en-la-sociedad\/#blogposting","name":"El 56% de los directivos busca generar impacto positivo en la sociedad - El Digital de Asturias","headline":"El 56% de los directivos busca generar impacto positivo en la sociedad","author":{"@id":"https:\/\/www.eldigitaldeasturias.com\/noticias\/author\/admin\/#author"},"publisher":{"@id":"https:\/\/www.eldigitaldeasturias.com\/noticias\/#organization"},"image":{"@type":"ImageObject","url":"https:\/\/www.eldigitaldeasturias.com\/noticias\/wp-content\/uploads\/2019\/04\/1554821525_unnamed.jpg","width":1687,"height":1184},"datePublished":"2019-04-11T02:57:34+02:00","dateModified":"2019-04-11T02:57:34+02:00","inLanguage":"es-ES","mainEntityOfPage":{"@id":"https:\/\/www.eldigitaldeasturias.com\/noticias\/el-56-de-los-directivos-busca-generar-impacto-positivo-en-la-sociedad\/#webpage"},"isPartOf":{"@id":"https:\/\/www.eldigitaldeasturias.com\/noticias\/el-56-de-los-directivos-busca-generar-impacto-positivo-en-la-sociedad\/#webpage"},"articleSection":"Econom\u00eda"},{"@type":"BreadcrumbList","@id":"https:\/\/www.eldigitaldeasturias.com\/noticias\/el-56-de-los-directivos-busca-generar-impacto-positivo-en-la-sociedad\/#breadcrumblist","itemListElement":[{"@type":"ListItem","@id":"https:\/\/www.eldigitaldeasturias.com\/noticias#listItem","position":1,"name":"Home","item":"https:\/\/www.eldigitaldeasturias.com\/noticias","nextItem":{"@type":"ListItem","@id":"https:\/\/www.eldigitaldeasturias.com\/noticias\/category\/economia\/#listItem","name":"Econom\u00eda"}},{"@type":"ListItem","@id":"https:\/\/www.eldigitaldeasturias.com\/noticias\/category\/economia\/#listItem","position":2,"name":"Econom\u00eda","item":"https:\/\/www.eldigitaldeasturias.com\/noticias\/category\/economia\/","nextItem":{"@type":"ListItem","@id":"https:\/\/www.eldigitaldeasturias.com\/noticias\/el-56-de-los-directivos-busca-generar-impacto-positivo-en-la-sociedad\/#listItem","name":"El 56% de los directivos busca generar impacto positivo en la sociedad"},"previousItem":{"@type":"ListItem","@id":"https:\/\/www.eldigitaldeasturias.com\/noticias#listItem","name":"Home"}},{"@type":"ListItem","@id":"https:\/\/www.eldigitaldeasturias.com\/noticias\/el-56-de-los-directivos-busca-generar-impacto-positivo-en-la-sociedad\/#listItem","position":3,"name":"El 56% de los directivos busca generar impacto positivo en la sociedad","previousItem":{"@type":"ListItem","@id":"https:\/\/www.eldigitaldeasturias.com\/noticias\/category\/economia\/#listItem","name":"Econom\u00eda"}}]},{"@type":"Organization","@id":"https:\/\/www.eldigitaldeasturias.com\/noticias\/#organization","name":"El Digital de Asturias","description":"Hemeroteca","url":"https:\/\/www.eldigitaldeasturias.com\/noticias\/","email":"info@eldigitaldeasturias.com","telephone":"+34652131393","logo":{"@type":"ImageObject","url":"https:\/\/www.eldigitaldeasturias.com\/noticias\/wp-content\/uploads\/2020\/12\/EDA.jpg","@id":"https:\/\/www.eldigitaldeasturias.com\/noticias\/el-56-de-los-directivos-busca-generar-impacto-positivo-en-la-sociedad\/#organizationLogo","width":649,"height":297},"image":{"@id":"https:\/\/www.eldigitaldeasturias.com\/noticias\/el-56-de-los-directivos-busca-generar-impacto-positivo-en-la-sociedad\/#organizationLogo"},"sameAs":["https:\/\/facebook.com\/eldigitaldeasturias","https:\/\/www.youtube.com\/channel\/UCZP-2wLEB9Rv6erhFmqVnvg"],"address":{"@id":"https:\/\/www.eldigitaldeasturias.com\/noticias\/#postaladdress","@type":"PostalAddress","streetAddress":"san antonio 4,","postalCode":"33430","addressLocality":"Cand\u00e1s","addressRegion":"Asturias","addressCountry":"ES"}},{"@type":"Person","@id":"https:\/\/www.eldigitaldeasturias.com\/noticias\/author\/admin\/#author","url":"https:\/\/www.eldigitaldeasturias.com\/noticias\/author\/admin\/","name":"El Digital de Asturias","image":{"@type":"ImageObject","@id":"https:\/\/www.eldigitaldeasturias.com\/noticias\/el-56-de-los-directivos-busca-generar-impacto-positivo-en-la-sociedad\/#authorImage","url":"https:\/\/www.eldigitaldeasturias.com\/noticias\/wp-content\/litespeed\/avatar\/18677e78aa0546b92d9dbf31ec7d7668.jpg?ver=1777290358","width":96,"height":96,"caption":"El Digital de Asturias"}},{"@type":"WebPage","@id":"https:\/\/www.eldigitaldeasturias.com\/noticias\/el-56-de-los-directivos-busca-generar-impacto-positivo-en-la-sociedad\/#webpage","url":"https:\/\/www.eldigitaldeasturias.com\/noticias\/el-56-de-los-directivos-busca-generar-impacto-positivo-en-la-sociedad\/","name":"El 56% de los directivos busca generar impacto positivo en la sociedad - El Digital de Asturias","description":"La definici\u00f3n de un prop\u00f3sito que vincule los objetivos de negocio con un impacto social, \u00e9tico y medioambiental positivo es considerada la tendencia m\u00e1s relevante en gesti\u00f3n de intangibles en el entorno empresarial. As\u00ed lo afirma Approaching the Future 2019: Tendencias en Reputaci\u00f3n y Gesti\u00f3n de Intangibles, informe de referencia elaborado por cuarto a\u00f1o consecutivo por Corporate","inLanguage":"es-ES","isPartOf":{"@id":"https:\/\/www.eldigitaldeasturias.com\/noticias\/#website"},"breadcrumb":{"@id":"https:\/\/www.eldigitaldeasturias.com\/noticias\/el-56-de-los-directivos-busca-generar-impacto-positivo-en-la-sociedad\/#breadcrumblist"},"author":{"@id":"https:\/\/www.eldigitaldeasturias.com\/noticias\/author\/admin\/#author"},"creator":{"@id":"https:\/\/www.eldigitaldeasturias.com\/noticias\/author\/admin\/#author"},"image":{"@type":"ImageObject","url":"https:\/\/www.eldigitaldeasturias.com\/noticias\/wp-content\/uploads\/2019\/04\/1554821525_unnamed.jpg","@id":"https:\/\/www.eldigitaldeasturias.com\/noticias\/el-56-de-los-directivos-busca-generar-impacto-positivo-en-la-sociedad\/#mainImage","width":1687,"height":1184},"primaryImageOfPage":{"@id":"https:\/\/www.eldigitaldeasturias.com\/noticias\/el-56-de-los-directivos-busca-generar-impacto-positivo-en-la-sociedad\/#mainImage"},"datePublished":"2019-04-11T02:57:34+02:00","dateModified":"2019-04-11T02:57:34+02:00"},{"@type":"WebSite","@id":"https:\/\/www.eldigitaldeasturias.com\/noticias\/#website","url":"https:\/\/www.eldigitaldeasturias.com\/noticias\/","name":"El Digital de Asturias - Diario de actualidad y noticias","alternateName":"El Digital de Asturias - Diario de actualidad y noticias","description":"Hemeroteca","inLanguage":"es-ES","publisher":{"@id":"https:\/\/www.eldigitaldeasturias.com\/noticias\/#organization"}}]},"og:locale":"es_ES","og:site_name":"El Digital de Asturias","og:type":"article","og:title":"El 56% de los directivos busca generar impacto positivo en la sociedad - El Digital de Asturias","og:description":"La definici\u00f3n de un prop\u00f3sito que vincule los objetivos de negocio con un impacto social, \u00e9tico y medioambiental positivo es considerada la tendencia m\u00e1s relevante en gesti\u00f3n de intangibles en el entorno empresarial. As\u00ed lo afirma Approaching the Future 2019: Tendencias en Reputaci\u00f3n y Gesti\u00f3n de Intangibles, informe de referencia elaborado por cuarto a\u00f1o consecutivo por Corporate","og:url":"https:\/\/www.eldigitaldeasturias.com\/noticias\/el-56-de-los-directivos-busca-generar-impacto-positivo-en-la-sociedad\/","og:image":"https:\/\/www.eldigitaldeasturias.com\/noticias\/wp-content\/uploads\/2019\/04\/1554821525_unnamed.jpg","og:image:secure_url":"https:\/\/www.eldigitaldeasturias.com\/noticias\/wp-content\/uploads\/2019\/04\/1554821525_unnamed.jpg","og:image:width":1687,"og:image:height":1184,"article:tag":["econom\u00eda"],"article:published_time":"2019-04-11T02:57:34+00:00","article:modified_time":"2019-04-11T02:57:34+00:00","article:publisher":"https:\/\/facebook.com\/eldigitaldeasturias","twitter:card":"summary_large_image","twitter:title":"El 56% de los directivos busca generar impacto positivo en la sociedad - El Digital de Asturias","twitter:description":"La definici\u00f3n de un prop\u00f3sito que vincule los objetivos de negocio con un impacto social, \u00e9tico y medioambiental positivo es considerada la tendencia m\u00e1s relevante en gesti\u00f3n de intangibles en el entorno empresarial. As\u00ed lo afirma Approaching the Future 2019: Tendencias en Reputaci\u00f3n y Gesti\u00f3n de Intangibles, informe de referencia elaborado por cuarto a\u00f1o consecutivo por Corporate","twitter:image":"https:\/\/www.eldigitaldeasturias.com\/noticias\/wp-content\/uploads\/2019\/04\/1554821525_unnamed.jpg","twitter:label1":"Escrito por","twitter:data1":"El Digital de Asturias","twitter:label2":"Tiempo de lectura estimado","twitter:data2":"5 minutos"},"aioseo_meta_data":{"post_id":"1023555","title":null,"description":null,"keywords":null,"keyphrases":null,"primary_term":null,"canonical_url":null,"og_title":null,"og_description":null,"og_object_type":"default","og_image_type":"default","og_image_url":null,"og_image_width":null,"og_image_height":null,"og_image_custom_url":null,"og_image_custom_fields":null,"og_video":null,"og_custom_url":null,"og_article_section":null,"og_article_tags":null,"twitter_use_og":false,"twitter_card":"default","twitter_image_type":"default","twitter_image_url":null,"twitter_image_custom_url":null,"twitter_image_custom_fields":null,"twitter_title":null,"twitter_description":null,"schema":{"blockGraphs":[],"customGraphs":[],"default":{"data":{"Article":[],"Course":[],"Dataset":[],"FAQPage":[],"Movie":[],"Person":[],"Product":[],"ProductReview":[],"Car":[],"Recipe":[],"Service":[],"SoftwareApplication":[],"WebPage":[]},"graphName":"","isEnabled":true},"graphs":[],"defaultGraph":"","defaultPostTypeGraph":""},"schema_type":null,"schema_type_options":null,"pillar_content":false,"robots_default":true,"robots_noindex":false,"robots_noarchive":false,"robots_nosnippet":false,"robots_nofollow":false,"robots_noimageindex":false,"robots_noodp":false,"robots_notranslate":false,"robots_max_snippet":null,"robots_max_videopreview":null,"robots_max_imagepreview":"large","priority":null,"frequency":null,"local_seo":null,"seo_analyzer_scan_date":"2025-10-17 13:20:11","breadcrumb_settings":null,"limit_modified_date":false,"open_ai":null,"ai":null,"created":"2020-12-21 11:15:14","updated":"2025-10-17 13:20:11"},"aioseo_breadcrumb":"<div class=\"aioseo-breadcrumbs\"><span class=\"aioseo-breadcrumb\">\n\t<a href=\"https:\/\/www.eldigitaldeasturias.com\/noticias\" title=\"Home\">Home<\/a>\n<\/span><span class=\"aioseo-breadcrumb-separator\">\u2013<\/span><span class=\"aioseo-breadcrumb\">\n\t<a href=\"https:\/\/www.eldigitaldeasturias.com\/noticias\/category\/economia\/\" title=\"Econom\u00eda\">Econom\u00eda<\/a>\n<\/span><span class=\"aioseo-breadcrumb-separator\">\u2013<\/span><span class=\"aioseo-breadcrumb\">\n\t<a href=\"https:\/\/www.eldigitaldeasturias.com\/noticias\/el-56-de-los-directivos-busca-generar-impacto-positivo-en-la-sociedad\/\" title=\"El 56% de los directivos busca generar impacto positivo en la sociedad\">El 56% de los directivos busca generar impacto positivo en la sociedad<\/a>\n<\/span><\/div>","aioseo_breadcrumb_json":[{"label":"Home","link":"https:\/\/www.eldigitaldeasturias.com\/noticias"},{"label":"Econom\u00eda","link":"https:\/\/www.eldigitaldeasturias.com\/noticias\/category\/economia\/"},{"label":"El 56% de los directivos busca generar impacto positivo en la sociedad","link":"https:\/\/www.eldigitaldeasturias.com\/noticias\/el-56-de-los-directivos-busca-generar-impacto-positivo-en-la-sociedad\/"}],"_links":{"self":[{"href":"https:\/\/www.eldigitaldeasturias.com\/noticias\/wp-json\/wp\/v2\/posts\/1023555","targetHints":{"allow":["GET"]}}],"collection":[{"href":"https:\/\/www.eldigitaldeasturias.com\/noticias\/wp-json\/wp\/v2\/posts"}],"about":[{"href":"https:\/\/www.eldigitaldeasturias.com\/noticias\/wp-json\/wp\/v2\/types\/post"}],"author":[{"embeddable":true,"href":"https:\/\/www.eldigitaldeasturias.com\/noticias\/wp-json\/wp\/v2\/users\/1"}],"replies":[{"embeddable":true,"href":"https:\/\/www.eldigitaldeasturias.com\/noticias\/wp-json\/wp\/v2\/comments?post=1023555"}],"version-history":[{"count":0,"href":"https:\/\/www.eldigitaldeasturias.com\/noticias\/wp-json\/wp\/v2\/posts\/1023555\/revisions"}],"wp:featuredmedia":[{"embeddable":true,"href":"https:\/\/www.eldigitaldeasturias.com\/noticias\/wp-json\/wp\/v2\/media\/1023556"}],"wp:attachment":[{"href":"https:\/\/www.eldigitaldeasturias.com\/noticias\/wp-json\/wp\/v2\/media?parent=1023555"}],"wp:term":[{"taxonomy":"category","embeddable":true,"href":"https:\/\/www.eldigitaldeasturias.com\/noticias\/wp-json\/wp\/v2\/categories?post=1023555"},{"taxonomy":"post_tag","embeddable":true,"href":"https:\/\/www.eldigitaldeasturias.com\/noticias\/wp-json\/wp\/v2\/tags?post=1023555"}],"curies":[{"name":"wp","href":"https:\/\/api.w.org\/{rel}","templated":true}]}}