{"id":1023549,"date":"2019-04-11T02:50:08","date_gmt":"2019-04-11T02:50:08","guid":{"rendered":"https:\/\/www.eldigitaldeasturias.com\/noticias\/?p=1023549"},"modified":"2019-04-11T02:50:08","modified_gmt":"2019-04-11T02:50:08","slug":"castell-abogados-crea-la-division-de-international-desk","status":"publish","type":"post","link":"https:\/\/www.eldigitaldeasturias.com\/noticias\/castell-abogados-crea-la-division-de-international-desk\/","title":{"rendered":"Castell Abogados crea la divisi\u00f3n de International Desk"},"content":{"rendered":"<p><img loading=\"lazy\" decoding=\"async\" class=\"alignleft size-medium wp-image-1023550\" src=\"https:\/\/www.eldigitaldeasturias.com\/noticias\/wp-content\/uploads\/2019\/04\/1554910970_logo-360x108.png\" alt=\"\" width=\"360\" height=\"108\" srcset=\"https:\/\/www.eldigitaldeasturias.com\/noticias\/wp-content\/uploads\/2019\/04\/1554910970_logo-360x108.png 360w, https:\/\/www.eldigitaldeasturias.com\/noticias\/wp-content\/uploads\/2019\/04\/1554910970_logo.png 478w\" sizes=\"auto, (max-width: 360px) 100vw, 360px\" \/>El despacho de abogados Castell Abogados ha creado la divisi\u00f3n del International Desk, una v\u00eda de negocio enfocada a clientes internacionales que llegan a las Islas Baleares y que buscan el soporte o ayuda de un profesional del derecho de confianza. Con esta nueva divisi\u00f3n del despacho, que tiene sus oficinas centrales situadas en el centro de Palma de Mallorca y a partir de ahora contar\u00e1 con otra sede en el Reino Unido, Castell Abogados tiene como objetivo abastecer las necesidades que se han presentado a lo largo de estos cinco a\u00f1os de andadura.<\/p>\n<p>Al frente de la divisi\u00f3n, llamada <span style=\"color: #ff6600;\"><strong><a style=\"color: #ff6600;\" href=\"http:\/\/www.castell.law\/\" target=\"_blank\" rel=\"nofollow noopener noreferrer\">Castell.law<\/a><\/strong><\/span>, estar\u00e1 el responsable del \u00e1rea, altamente cualificado, con un curr\u00edculum que abarca experiencia en empresas internacionales tanto de la rama del derecho como de la econ\u00f3mica y de banca. Con el dominio de un ingl\u00e9s nativo, y de otros idiomas europeos, se facilitar\u00e1 la familiarizaci\u00f3n con los clientes extranjeros, con foco sobre todo a los provenientes de pa\u00edses como Reino Unido, Alemania, Italia, Francia y Rusia. Para estos pa\u00edses, y seg\u00fan la experiencia de Carlos Castell que ha estado al frente de Castell Abogados desde su creaci\u00f3n, los casos de extranjer\u00eda, mercantiles, civiles y penales son los m\u00e1s demandados por los clientes de fuera de Espa\u00f1a, con un especial repunte en causas penales en los \u00faltimos a\u00f1os.<\/p>\n<p>Por otro lado, en la divisi\u00f3n habr\u00e1 un\u00a0<a href=\"http:\/\/www.castell.law\/project-manager\/\" target=\"_blank\" rel=\"nofollow noopener noreferrer\"><span style=\"color: #ff6600;\"><strong>project manager<\/strong><\/span><\/a>\u00a0encargado de ayudar en todo lo necesario a los clientes internacionales que lleguen a las Islas. Desde el asesoramiento y gesti\u00f3n en la compra de terrenos, como en gestionar el proyecto de construcci\u00f3n, permisos y gesti\u00f3n de la inversi\u00f3n. En definitiva, todo lo necesario para ser la mano derecha de los clientes internacionales en las Islas para que se sientan como en casa.<\/p>\n<p>Castell Abogados se fund\u00f3 en el a\u00f1o 2014 y sus principales \u00e1reas de negocio se centran en la rama penal, civil, mercantil. Sus oficinas centrales se encuentran en Via Alemania 2, situadas justo al lado del Juzgado de lo penal. Para cualquier contacto con el despacho, el cliente puede contactar gratis y sin compromiso a trav\u00e9s de su web. El equipo, encabezado por Carlos Castell, trabaja 24 horas los siete d\u00edas de la semana para asesorar, acompa\u00f1ar y ayudar a sus clientes, particulares y empresas.<\/p>\n<p>Fuente:\u00a0<span style=\"color: #ff6600;\"><strong><a style=\"color: #ff6600;\" href=\"https:\/\/www.carloscastell.com\/\" target=\"_blank\" rel=\"nofollow noopener noreferrer\">Carlos Castell<\/a><\/strong><\/span><\/p>\n","protected":false},"excerpt":{"rendered":"<p>El despacho de abogados Castell Abogados ha creado la divisi\u00f3n del International Desk, una v\u00eda de negocio enfocada a clientes internacionales que llegan a las Islas Baleares y que buscan el soporte o ayuda de un profesional del derecho de confianza. Con esta nueva divisi\u00f3n del despacho, que tiene sus oficinas centrales situadas en el [&hellip;]<\/p>\n","protected":false},"author":1,"featured_media":1023550,"comment_status":"closed","ping_status":"closed","sticky":false,"template":"","format":"standard","meta":{"footnotes":""},"categories":[187],"tags":[],"class_list":["post-1023549","post","type-post","status-publish","format-standard","has-post-thumbnail","hentry","category-economia"],"aioseo_notices":[],"aioseo_head":"\n\t\t<!-- All in One SEO Pro 4.9.6.2 - aioseo.com -->\n\t<meta name=\"description\" content=\"El despacho de abogados Castell Abogados ha creado la divisi\u00f3n del International Desk, una v\u00eda de negocio enfocada a clientes internacionales que llegan a las Islas Baleares y que buscan el soporte o ayuda de un profesional del derecho de confianza. Con esta nueva divisi\u00f3n del despacho, que tiene sus oficinas centrales situadas en el\" \/>\n\t<meta name=\"robots\" content=\"max-image-preview:large\" \/>\n\t<meta name=\"author\" content=\"El Digital de Asturias\"\/>\n\t<meta name=\"google-site-verification\" content=\"UA-38556648-1\" \/>\n\t<meta name=\"msvalidate.01\" content=\"7dfe9f3f1b24437ab69f4f2559babe99\" \/>\n\t<meta name=\"keywords\" content=\"econom\u00eda\" \/>\n\t<link rel=\"canonical\" href=\"https:\/\/www.eldigitaldeasturias.com\/noticias\/castell-abogados-crea-la-division-de-international-desk\/\" \/>\n\t<meta name=\"generator\" content=\"All in One SEO Pro (AIOSEO) 4.9.6.2\" \/>\n\t\t<meta property=\"og:locale\" content=\"es_ES\" \/>\n\t\t<meta property=\"og:site_name\" content=\"El Digital de Asturias\" \/>\n\t\t<meta property=\"og:type\" content=\"article\" \/>\n\t\t<meta property=\"og:title\" content=\"Castell Abogados crea la divisi\u00f3n de International Desk - El Digital de Asturias\" \/>\n\t\t<meta property=\"og:description\" content=\"El despacho de abogados Castell Abogados ha creado la divisi\u00f3n del International Desk, una v\u00eda de negocio enfocada a clientes internacionales que llegan a las Islas Baleares y que buscan el soporte o ayuda de un profesional del derecho de confianza. Con esta nueva divisi\u00f3n del despacho, que tiene sus oficinas centrales situadas en el\" \/>\n\t\t<meta property=\"og:url\" content=\"https:\/\/www.eldigitaldeasturias.com\/noticias\/castell-abogados-crea-la-division-de-international-desk\/\" \/>\n\t\t<meta property=\"og:image\" content=\"https:\/\/www.eldigitaldeasturias.com\/noticias\/wp-content\/uploads\/2019\/04\/1554910970_logo.png\" \/>\n\t\t<meta property=\"og:image:secure_url\" content=\"https:\/\/www.eldigitaldeasturias.com\/noticias\/wp-content\/uploads\/2019\/04\/1554910970_logo.png\" \/>\n\t\t<meta property=\"og:image:width\" content=\"478\" \/>\n\t\t<meta property=\"og:image:height\" content=\"143\" \/>\n\t\t<meta property=\"article:tag\" content=\"econom\u00eda\" \/>\n\t\t<meta property=\"article:published_time\" content=\"2019-04-11T02:50:08+00:00\" \/>\n\t\t<meta property=\"article:modified_time\" content=\"2019-04-11T02:50:08+00:00\" \/>\n\t\t<meta property=\"article:publisher\" content=\"https:\/\/facebook.com\/eldigitaldeasturias\" \/>\n\t\t<meta name=\"twitter:card\" content=\"summary_large_image\" \/>\n\t\t<meta name=\"twitter:title\" content=\"Castell Abogados crea la divisi\u00f3n de International Desk - El Digital de Asturias\" \/>\n\t\t<meta name=\"twitter:description\" content=\"El despacho de abogados Castell Abogados ha creado la divisi\u00f3n del International Desk, una v\u00eda de negocio enfocada a clientes internacionales que llegan a las Islas Baleares y que buscan el soporte o ayuda de un profesional del derecho de confianza. Con esta nueva divisi\u00f3n del despacho, que tiene sus oficinas centrales situadas en el\" \/>\n\t\t<meta name=\"twitter:image\" content=\"https:\/\/www.eldigitaldeasturias.com\/noticias\/wp-content\/uploads\/2019\/04\/1554910970_logo.png\" \/>\n\t\t<meta name=\"twitter:label1\" content=\"Escrito por\" \/>\n\t\t<meta name=\"twitter:data1\" content=\"El Digital de Asturias\" \/>\n\t\t<meta name=\"twitter:label2\" content=\"Tiempo de lectura estimado\" \/>\n\t\t<meta name=\"twitter:data2\" content=\"2 minutos\" \/>\n\t\t<script type=\"application\/ld+json\" class=\"aioseo-schema\">\n\t\t\t{\"@context\":\"https:\\\/\\\/schema.org\",\"@graph\":[{\"@type\":\"BlogPosting\",\"@id\":\"https:\\\/\\\/www.eldigitaldeasturias.com\\\/noticias\\\/castell-abogados-crea-la-division-de-international-desk\\\/#blogposting\",\"name\":\"Castell Abogados crea la divisi\\u00f3n de International Desk - El Digital de Asturias\",\"headline\":\"Castell Abogados crea la divisi\\u00f3n de International Desk\",\"author\":{\"@id\":\"https:\\\/\\\/www.eldigitaldeasturias.com\\\/noticias\\\/author\\\/admin\\\/#author\"},\"publisher\":{\"@id\":\"https:\\\/\\\/www.eldigitaldeasturias.com\\\/noticias\\\/#organization\"},\"image\":{\"@type\":\"ImageObject\",\"url\":\"https:\\\/\\\/www.eldigitaldeasturias.com\\\/noticias\\\/wp-content\\\/uploads\\\/2019\\\/04\\\/1554910970_logo.png\",\"width\":478,\"height\":143},\"datePublished\":\"2019-04-11T02:50:08+02:00\",\"dateModified\":\"2019-04-11T02:50:08+02:00\",\"inLanguage\":\"es-ES\",\"mainEntityOfPage\":{\"@id\":\"https:\\\/\\\/www.eldigitaldeasturias.com\\\/noticias\\\/castell-abogados-crea-la-division-de-international-desk\\\/#webpage\"},\"isPartOf\":{\"@id\":\"https:\\\/\\\/www.eldigitaldeasturias.com\\\/noticias\\\/castell-abogados-crea-la-division-de-international-desk\\\/#webpage\"},\"articleSection\":\"Econom\\u00eda\"},{\"@type\":\"BreadcrumbList\",\"@id\":\"https:\\\/\\\/www.eldigitaldeasturias.com\\\/noticias\\\/castell-abogados-crea-la-division-de-international-desk\\\/#breadcrumblist\",\"itemListElement\":[{\"@type\":\"ListItem\",\"@id\":\"https:\\\/\\\/www.eldigitaldeasturias.com\\\/noticias#listItem\",\"position\":1,\"name\":\"Home\",\"item\":\"https:\\\/\\\/www.eldigitaldeasturias.com\\\/noticias\",\"nextItem\":{\"@type\":\"ListItem\",\"@id\":\"https:\\\/\\\/www.eldigitaldeasturias.com\\\/noticias\\\/category\\\/economia\\\/#listItem\",\"name\":\"Econom\\u00eda\"}},{\"@type\":\"ListItem\",\"@id\":\"https:\\\/\\\/www.eldigitaldeasturias.com\\\/noticias\\\/category\\\/economia\\\/#listItem\",\"position\":2,\"name\":\"Econom\\u00eda\",\"item\":\"https:\\\/\\\/www.eldigitaldeasturias.com\\\/noticias\\\/category\\\/economia\\\/\",\"nextItem\":{\"@type\":\"ListItem\",\"@id\":\"https:\\\/\\\/www.eldigitaldeasturias.com\\\/noticias\\\/castell-abogados-crea-la-division-de-international-desk\\\/#listItem\",\"name\":\"Castell Abogados crea la divisi\\u00f3n de International Desk\"},\"previousItem\":{\"@type\":\"ListItem\",\"@id\":\"https:\\\/\\\/www.eldigitaldeasturias.com\\\/noticias#listItem\",\"name\":\"Home\"}},{\"@type\":\"ListItem\",\"@id\":\"https:\\\/\\\/www.eldigitaldeasturias.com\\\/noticias\\\/castell-abogados-crea-la-division-de-international-desk\\\/#listItem\",\"position\":3,\"name\":\"Castell Abogados crea la divisi\\u00f3n de International Desk\",\"previousItem\":{\"@type\":\"ListItem\",\"@id\":\"https:\\\/\\\/www.eldigitaldeasturias.com\\\/noticias\\\/category\\\/economia\\\/#listItem\",\"name\":\"Econom\\u00eda\"}}]},{\"@type\":\"Organization\",\"@id\":\"https:\\\/\\\/www.eldigitaldeasturias.com\\\/noticias\\\/#organization\",\"name\":\"El Digital de Asturias\",\"description\":\"Hemeroteca\",\"url\":\"https:\\\/\\\/www.eldigitaldeasturias.com\\\/noticias\\\/\",\"email\":\"info@eldigitaldeasturias.com\",\"telephone\":\"+34652131393\",\"logo\":{\"@type\":\"ImageObject\",\"url\":\"https:\\\/\\\/www.eldigitaldeasturias.com\\\/noticias\\\/wp-content\\\/uploads\\\/2020\\\/12\\\/EDA.jpg\",\"@id\":\"https:\\\/\\\/www.eldigitaldeasturias.com\\\/noticias\\\/castell-abogados-crea-la-division-de-international-desk\\\/#organizationLogo\",\"width\":649,\"height\":297},\"image\":{\"@id\":\"https:\\\/\\\/www.eldigitaldeasturias.com\\\/noticias\\\/castell-abogados-crea-la-division-de-international-desk\\\/#organizationLogo\"},\"sameAs\":[\"https:\\\/\\\/facebook.com\\\/eldigitaldeasturias\",\"https:\\\/\\\/www.youtube.com\\\/channel\\\/UCZP-2wLEB9Rv6erhFmqVnvg\"],\"address\":{\"@id\":\"https:\\\/\\\/www.eldigitaldeasturias.com\\\/noticias\\\/#postaladdress\",\"@type\":\"PostalAddress\",\"streetAddress\":\"san antonio 4,\",\"postalCode\":\"33430\",\"addressLocality\":\"Cand\\u00e1s\",\"addressRegion\":\"Asturias\",\"addressCountry\":\"ES\"}},{\"@type\":\"Person\",\"@id\":\"https:\\\/\\\/www.eldigitaldeasturias.com\\\/noticias\\\/author\\\/admin\\\/#author\",\"url\":\"https:\\\/\\\/www.eldigitaldeasturias.com\\\/noticias\\\/author\\\/admin\\\/\",\"name\":\"El Digital de Asturias\",\"image\":{\"@type\":\"ImageObject\",\"@id\":\"https:\\\/\\\/www.eldigitaldeasturias.com\\\/noticias\\\/castell-abogados-crea-la-division-de-international-desk\\\/#authorImage\",\"url\":\"https:\\\/\\\/www.eldigitaldeasturias.com\\\/noticias\\\/wp-content\\\/litespeed\\\/avatar\\\/18677e78aa0546b92d9dbf31ec7d7668.jpg?ver=1777290358\",\"width\":96,\"height\":96,\"caption\":\"El Digital de Asturias\"}},{\"@type\":\"WebPage\",\"@id\":\"https:\\\/\\\/www.eldigitaldeasturias.com\\\/noticias\\\/castell-abogados-crea-la-division-de-international-desk\\\/#webpage\",\"url\":\"https:\\\/\\\/www.eldigitaldeasturias.com\\\/noticias\\\/castell-abogados-crea-la-division-de-international-desk\\\/\",\"name\":\"Castell Abogados crea la divisi\\u00f3n de International Desk - El Digital de Asturias\",\"description\":\"El despacho de abogados Castell Abogados ha creado la divisi\\u00f3n del International Desk, una v\\u00eda de negocio enfocada a clientes internacionales que llegan a las Islas Baleares y que buscan el soporte o ayuda de un profesional del derecho de confianza. Con esta nueva divisi\\u00f3n del despacho, que tiene sus oficinas centrales situadas en el\",\"inLanguage\":\"es-ES\",\"isPartOf\":{\"@id\":\"https:\\\/\\\/www.eldigitaldeasturias.com\\\/noticias\\\/#website\"},\"breadcrumb\":{\"@id\":\"https:\\\/\\\/www.eldigitaldeasturias.com\\\/noticias\\\/castell-abogados-crea-la-division-de-international-desk\\\/#breadcrumblist\"},\"author\":{\"@id\":\"https:\\\/\\\/www.eldigitaldeasturias.com\\\/noticias\\\/author\\\/admin\\\/#author\"},\"creator\":{\"@id\":\"https:\\\/\\\/www.eldigitaldeasturias.com\\\/noticias\\\/author\\\/admin\\\/#author\"},\"image\":{\"@type\":\"ImageObject\",\"url\":\"https:\\\/\\\/www.eldigitaldeasturias.com\\\/noticias\\\/wp-content\\\/uploads\\\/2019\\\/04\\\/1554910970_logo.png\",\"@id\":\"https:\\\/\\\/www.eldigitaldeasturias.com\\\/noticias\\\/castell-abogados-crea-la-division-de-international-desk\\\/#mainImage\",\"width\":478,\"height\":143},\"primaryImageOfPage\":{\"@id\":\"https:\\\/\\\/www.eldigitaldeasturias.com\\\/noticias\\\/castell-abogados-crea-la-division-de-international-desk\\\/#mainImage\"},\"datePublished\":\"2019-04-11T02:50:08+02:00\",\"dateModified\":\"2019-04-11T02:50:08+02:00\"},{\"@type\":\"WebSite\",\"@id\":\"https:\\\/\\\/www.eldigitaldeasturias.com\\\/noticias\\\/#website\",\"url\":\"https:\\\/\\\/www.eldigitaldeasturias.com\\\/noticias\\\/\",\"name\":\"El Digital de Asturias - Diario de actualidad y noticias\",\"alternateName\":\"El Digital de Asturias - Diario de actualidad y noticias\",\"description\":\"Hemeroteca\",\"inLanguage\":\"es-ES\",\"publisher\":{\"@id\":\"https:\\\/\\\/www.eldigitaldeasturias.com\\\/noticias\\\/#organization\"}}]}\n\t\t<\/script>\n\t\t<!-- All in One SEO Pro -->\r\n\t\t<title>Castell Abogados crea la divisi\u00f3n de International Desk - El Digital de Asturias<\/title>\n\n","aioseo_head_json":{"title":"Castell Abogados crea la divisi\u00f3n de International Desk - El Digital de Asturias","description":"El despacho de abogados Castell Abogados ha creado la divisi\u00f3n del International Desk, una v\u00eda de negocio enfocada a clientes internacionales que llegan a las Islas Baleares y que buscan el soporte o ayuda de un profesional del derecho de confianza. Con esta nueva divisi\u00f3n del despacho, que tiene sus oficinas centrales situadas en el","canonical_url":"https:\/\/www.eldigitaldeasturias.com\/noticias\/castell-abogados-crea-la-division-de-international-desk\/","robots":"max-image-preview:large","keywords":"econom\u00eda","webmasterTools":{"google-site-verification":"UA-38556648-1","msvalidate.01":"7dfe9f3f1b24437ab69f4f2559babe99","miscellaneous":""},"schema":{"@context":"https:\/\/schema.org","@graph":[{"@type":"BlogPosting","@id":"https:\/\/www.eldigitaldeasturias.com\/noticias\/castell-abogados-crea-la-division-de-international-desk\/#blogposting","name":"Castell Abogados crea la divisi\u00f3n de International Desk - El Digital de Asturias","headline":"Castell Abogados crea la divisi\u00f3n de International Desk","author":{"@id":"https:\/\/www.eldigitaldeasturias.com\/noticias\/author\/admin\/#author"},"publisher":{"@id":"https:\/\/www.eldigitaldeasturias.com\/noticias\/#organization"},"image":{"@type":"ImageObject","url":"https:\/\/www.eldigitaldeasturias.com\/noticias\/wp-content\/uploads\/2019\/04\/1554910970_logo.png","width":478,"height":143},"datePublished":"2019-04-11T02:50:08+02:00","dateModified":"2019-04-11T02:50:08+02:00","inLanguage":"es-ES","mainEntityOfPage":{"@id":"https:\/\/www.eldigitaldeasturias.com\/noticias\/castell-abogados-crea-la-division-de-international-desk\/#webpage"},"isPartOf":{"@id":"https:\/\/www.eldigitaldeasturias.com\/noticias\/castell-abogados-crea-la-division-de-international-desk\/#webpage"},"articleSection":"Econom\u00eda"},{"@type":"BreadcrumbList","@id":"https:\/\/www.eldigitaldeasturias.com\/noticias\/castell-abogados-crea-la-division-de-international-desk\/#breadcrumblist","itemListElement":[{"@type":"ListItem","@id":"https:\/\/www.eldigitaldeasturias.com\/noticias#listItem","position":1,"name":"Home","item":"https:\/\/www.eldigitaldeasturias.com\/noticias","nextItem":{"@type":"ListItem","@id":"https:\/\/www.eldigitaldeasturias.com\/noticias\/category\/economia\/#listItem","name":"Econom\u00eda"}},{"@type":"ListItem","@id":"https:\/\/www.eldigitaldeasturias.com\/noticias\/category\/economia\/#listItem","position":2,"name":"Econom\u00eda","item":"https:\/\/www.eldigitaldeasturias.com\/noticias\/category\/economia\/","nextItem":{"@type":"ListItem","@id":"https:\/\/www.eldigitaldeasturias.com\/noticias\/castell-abogados-crea-la-division-de-international-desk\/#listItem","name":"Castell Abogados crea la divisi\u00f3n de International Desk"},"previousItem":{"@type":"ListItem","@id":"https:\/\/www.eldigitaldeasturias.com\/noticias#listItem","name":"Home"}},{"@type":"ListItem","@id":"https:\/\/www.eldigitaldeasturias.com\/noticias\/castell-abogados-crea-la-division-de-international-desk\/#listItem","position":3,"name":"Castell Abogados crea la divisi\u00f3n de International Desk","previousItem":{"@type":"ListItem","@id":"https:\/\/www.eldigitaldeasturias.com\/noticias\/category\/economia\/#listItem","name":"Econom\u00eda"}}]},{"@type":"Organization","@id":"https:\/\/www.eldigitaldeasturias.com\/noticias\/#organization","name":"El Digital de Asturias","description":"Hemeroteca","url":"https:\/\/www.eldigitaldeasturias.com\/noticias\/","email":"info@eldigitaldeasturias.com","telephone":"+34652131393","logo":{"@type":"ImageObject","url":"https:\/\/www.eldigitaldeasturias.com\/noticias\/wp-content\/uploads\/2020\/12\/EDA.jpg","@id":"https:\/\/www.eldigitaldeasturias.com\/noticias\/castell-abogados-crea-la-division-de-international-desk\/#organizationLogo","width":649,"height":297},"image":{"@id":"https:\/\/www.eldigitaldeasturias.com\/noticias\/castell-abogados-crea-la-division-de-international-desk\/#organizationLogo"},"sameAs":["https:\/\/facebook.com\/eldigitaldeasturias","https:\/\/www.youtube.com\/channel\/UCZP-2wLEB9Rv6erhFmqVnvg"],"address":{"@id":"https:\/\/www.eldigitaldeasturias.com\/noticias\/#postaladdress","@type":"PostalAddress","streetAddress":"san antonio 4,","postalCode":"33430","addressLocality":"Cand\u00e1s","addressRegion":"Asturias","addressCountry":"ES"}},{"@type":"Person","@id":"https:\/\/www.eldigitaldeasturias.com\/noticias\/author\/admin\/#author","url":"https:\/\/www.eldigitaldeasturias.com\/noticias\/author\/admin\/","name":"El Digital de Asturias","image":{"@type":"ImageObject","@id":"https:\/\/www.eldigitaldeasturias.com\/noticias\/castell-abogados-crea-la-division-de-international-desk\/#authorImage","url":"https:\/\/www.eldigitaldeasturias.com\/noticias\/wp-content\/litespeed\/avatar\/18677e78aa0546b92d9dbf31ec7d7668.jpg?ver=1777290358","width":96,"height":96,"caption":"El Digital de Asturias"}},{"@type":"WebPage","@id":"https:\/\/www.eldigitaldeasturias.com\/noticias\/castell-abogados-crea-la-division-de-international-desk\/#webpage","url":"https:\/\/www.eldigitaldeasturias.com\/noticias\/castell-abogados-crea-la-division-de-international-desk\/","name":"Castell Abogados crea la divisi\u00f3n de International Desk - El Digital de Asturias","description":"El despacho de abogados Castell Abogados ha creado la divisi\u00f3n del International Desk, una v\u00eda de negocio enfocada a clientes internacionales que llegan a las Islas Baleares y que buscan el soporte o ayuda de un profesional del derecho de confianza. Con esta nueva divisi\u00f3n del despacho, que tiene sus oficinas centrales situadas en el","inLanguage":"es-ES","isPartOf":{"@id":"https:\/\/www.eldigitaldeasturias.com\/noticias\/#website"},"breadcrumb":{"@id":"https:\/\/www.eldigitaldeasturias.com\/noticias\/castell-abogados-crea-la-division-de-international-desk\/#breadcrumblist"},"author":{"@id":"https:\/\/www.eldigitaldeasturias.com\/noticias\/author\/admin\/#author"},"creator":{"@id":"https:\/\/www.eldigitaldeasturias.com\/noticias\/author\/admin\/#author"},"image":{"@type":"ImageObject","url":"https:\/\/www.eldigitaldeasturias.com\/noticias\/wp-content\/uploads\/2019\/04\/1554910970_logo.png","@id":"https:\/\/www.eldigitaldeasturias.com\/noticias\/castell-abogados-crea-la-division-de-international-desk\/#mainImage","width":478,"height":143},"primaryImageOfPage":{"@id":"https:\/\/www.eldigitaldeasturias.com\/noticias\/castell-abogados-crea-la-division-de-international-desk\/#mainImage"},"datePublished":"2019-04-11T02:50:08+02:00","dateModified":"2019-04-11T02:50:08+02:00"},{"@type":"WebSite","@id":"https:\/\/www.eldigitaldeasturias.com\/noticias\/#website","url":"https:\/\/www.eldigitaldeasturias.com\/noticias\/","name":"El Digital de Asturias - Diario de actualidad y noticias","alternateName":"El Digital de Asturias - Diario de actualidad y noticias","description":"Hemeroteca","inLanguage":"es-ES","publisher":{"@id":"https:\/\/www.eldigitaldeasturias.com\/noticias\/#organization"}}]},"og:locale":"es_ES","og:site_name":"El Digital de Asturias","og:type":"article","og:title":"Castell Abogados crea la divisi\u00f3n de International Desk - El Digital de Asturias","og:description":"El despacho de abogados Castell Abogados ha creado la divisi\u00f3n del International Desk, una v\u00eda de negocio enfocada a clientes internacionales que llegan a las Islas Baleares y que buscan el soporte o ayuda de un profesional del derecho de confianza. Con esta nueva divisi\u00f3n del despacho, que tiene sus oficinas centrales situadas en el","og:url":"https:\/\/www.eldigitaldeasturias.com\/noticias\/castell-abogados-crea-la-division-de-international-desk\/","og:image":"https:\/\/www.eldigitaldeasturias.com\/noticias\/wp-content\/uploads\/2019\/04\/1554910970_logo.png","og:image:secure_url":"https:\/\/www.eldigitaldeasturias.com\/noticias\/wp-content\/uploads\/2019\/04\/1554910970_logo.png","og:image:width":478,"og:image:height":143,"article:tag":["econom\u00eda"],"article:published_time":"2019-04-11T02:50:08+00:00","article:modified_time":"2019-04-11T02:50:08+00:00","article:publisher":"https:\/\/facebook.com\/eldigitaldeasturias","twitter:card":"summary_large_image","twitter:title":"Castell Abogados crea la divisi\u00f3n de International Desk - El Digital de Asturias","twitter:description":"El despacho de abogados Castell Abogados ha creado la divisi\u00f3n del International Desk, una v\u00eda de negocio enfocada a clientes internacionales que llegan a las Islas Baleares y que buscan el soporte o ayuda de un profesional del derecho de confianza. Con esta nueva divisi\u00f3n del despacho, que tiene sus oficinas centrales situadas en el","twitter:image":"https:\/\/www.eldigitaldeasturias.com\/noticias\/wp-content\/uploads\/2019\/04\/1554910970_logo.png","twitter:label1":"Escrito por","twitter:data1":"El Digital de Asturias","twitter:label2":"Tiempo de lectura estimado","twitter:data2":"2 minutos"},"aioseo_meta_data":{"post_id":"1023549","title":null,"description":null,"keywords":null,"keyphrases":null,"primary_term":null,"canonical_url":null,"og_title":null,"og_description":null,"og_object_type":"default","og_image_type":"default","og_image_url":null,"og_image_width":null,"og_image_height":null,"og_image_custom_url":null,"og_image_custom_fields":null,"og_video":null,"og_custom_url":null,"og_article_section":null,"og_article_tags":null,"twitter_use_og":false,"twitter_card":"default","twitter_image_type":"default","twitter_image_url":null,"twitter_image_custom_url":null,"twitter_image_custom_fields":null,"twitter_title":null,"twitter_description":null,"schema":{"blockGraphs":[],"customGraphs":[],"default":{"data":{"Article":[],"Course":[],"Dataset":[],"FAQPage":[],"Movie":[],"Person":[],"Product":[],"ProductReview":[],"Car":[],"Recipe":[],"Service":[],"SoftwareApplication":[],"WebPage":[]},"graphName":"","isEnabled":true},"graphs":[],"defaultGraph":"","defaultPostTypeGraph":""},"schema_type":null,"schema_type_options":null,"pillar_content":false,"robots_default":true,"robots_noindex":false,"robots_noarchive":false,"robots_nosnippet":false,"robots_nofollow":false,"robots_noimageindex":false,"robots_noodp":false,"robots_notranslate":false,"robots_max_snippet":null,"robots_max_videopreview":null,"robots_max_imagepreview":"large","priority":null,"frequency":null,"local_seo":null,"seo_analyzer_scan_date":"2025-10-17 13:17:28","breadcrumb_settings":null,"limit_modified_date":false,"open_ai":null,"ai":null,"created":"2020-12-21 11:15:14","updated":"2025-10-17 13:17:28"},"aioseo_breadcrumb":"<div class=\"aioseo-breadcrumbs\"><span class=\"aioseo-breadcrumb\">\n\t<a href=\"https:\/\/www.eldigitaldeasturias.com\/noticias\" title=\"Home\">Home<\/a>\n<\/span><span class=\"aioseo-breadcrumb-separator\">\u2013<\/span><span class=\"aioseo-breadcrumb\">\n\t<a href=\"https:\/\/www.eldigitaldeasturias.com\/noticias\/category\/economia\/\" title=\"Econom\u00eda\">Econom\u00eda<\/a>\n<\/span><span class=\"aioseo-breadcrumb-separator\">\u2013<\/span><span class=\"aioseo-breadcrumb\">\n\t<a href=\"https:\/\/www.eldigitaldeasturias.com\/noticias\/castell-abogados-crea-la-division-de-international-desk\/\" title=\"Castell Abogados crea la divisi\u00f3n de International Desk\">Castell Abogados crea la divisi\u00f3n de International Desk<\/a>\n<\/span><\/div>","aioseo_breadcrumb_json":[{"label":"Home","link":"https:\/\/www.eldigitaldeasturias.com\/noticias"},{"label":"Econom\u00eda","link":"https:\/\/www.eldigitaldeasturias.com\/noticias\/category\/economia\/"},{"label":"Castell Abogados crea la divisi\u00f3n de International Desk","link":"https:\/\/www.eldigitaldeasturias.com\/noticias\/castell-abogados-crea-la-division-de-international-desk\/"}],"_links":{"self":[{"href":"https:\/\/www.eldigitaldeasturias.com\/noticias\/wp-json\/wp\/v2\/posts\/1023549","targetHints":{"allow":["GET"]}}],"collection":[{"href":"https:\/\/www.eldigitaldeasturias.com\/noticias\/wp-json\/wp\/v2\/posts"}],"about":[{"href":"https:\/\/www.eldigitaldeasturias.com\/noticias\/wp-json\/wp\/v2\/types\/post"}],"author":[{"embeddable":true,"href":"https:\/\/www.eldigitaldeasturias.com\/noticias\/wp-json\/wp\/v2\/users\/1"}],"replies":[{"embeddable":true,"href":"https:\/\/www.eldigitaldeasturias.com\/noticias\/wp-json\/wp\/v2\/comments?post=1023549"}],"version-history":[{"count":0,"href":"https:\/\/www.eldigitaldeasturias.com\/noticias\/wp-json\/wp\/v2\/posts\/1023549\/revisions"}],"wp:featuredmedia":[{"embeddable":true,"href":"https:\/\/www.eldigitaldeasturias.com\/noticias\/wp-json\/wp\/v2\/media\/1023550"}],"wp:attachment":[{"href":"https:\/\/www.eldigitaldeasturias.com\/noticias\/wp-json\/wp\/v2\/media?parent=1023549"}],"wp:term":[{"taxonomy":"category","embeddable":true,"href":"https:\/\/www.eldigitaldeasturias.com\/noticias\/wp-json\/wp\/v2\/categories?post=1023549"},{"taxonomy":"post_tag","embeddable":true,"href":"https:\/\/www.eldigitaldeasturias.com\/noticias\/wp-json\/wp\/v2\/tags?post=1023549"}],"curies":[{"name":"wp","href":"https:\/\/api.w.org\/{rel}","templated":true}]}}