{"id":1023471,"date":"2019-04-10T08:45:27","date_gmt":"2019-04-10T08:45:27","guid":{"rendered":"https:\/\/www.eldigitaldeasturias.com\/noticias\/?p=1023471"},"modified":"2019-04-10T08:45:27","modified_gmt":"2019-04-10T08:45:27","slug":"la-industria-alemana-acusa-de-inactividad-al-ministro-de-economia","status":"publish","type":"post","link":"https:\/\/www.eldigitaldeasturias.com\/noticias\/la-industria-alemana-acusa-de-inactividad-al-ministro-de-economia\/","title":{"rendered":"La industria alemana acusa de inactividad al ministro de Econom\u00eda"},"content":{"rendered":"<p><img loading=\"lazy\" decoding=\"async\" class=\"alignleft size-medium wp-image-1023472\" src=\"https:\/\/www.eldigitaldeasturias.com\/noticias\/wp-content\/uploads\/2019\/04\/industria-alemana-dpa-360x240.jpg\" alt=\"\" width=\"360\" height=\"240\" srcset=\"https:\/\/www.eldigitaldeasturias.com\/noticias\/wp-content\/uploads\/2019\/04\/industria-alemana-dpa-360x240.jpg 360w, https:\/\/www.eldigitaldeasturias.com\/noticias\/wp-content\/uploads\/2019\/04\/industria-alemana-dpa-768x511.jpg 768w, https:\/\/www.eldigitaldeasturias.com\/noticias\/wp-content\/uploads\/2019\/04\/industria-alemana-dpa-650x433.jpg 650w, https:\/\/www.eldigitaldeasturias.com\/noticias\/wp-content\/uploads\/2019\/04\/industria-alemana-dpa.jpg 1002w\" sizes=\"auto, (max-width: 360px) 100vw, 360px\" \/>Berl\u00edn, 9 abr (dpa) &#8211; El presidente de la Federaci\u00f3n de la Industria alemana (BDI), Dieter Kempf, acus\u00f3 al ministro de Econom\u00eda, el conservador Peter Altmaier, de no cumplir sus objetivos y le pidi\u00f3 que intensificara sus esfuerzos en favor de la econom\u00eda, en declaraciones realizadas a dpa.<\/p>\n<p>\u00abEl Ministro debe hacer m\u00e1s para fortalecer la competitividad de Alemania como lugar de negocios\u00bb, dijo el presidente de BDI. \u00abEsto es particularmente importante porque las se\u00f1ales de alarma para nuestra econom\u00eda son entretanto inconfundibles\u00bb, agreg\u00f3.<\/p>\n<p>Con anterioridad, organizaciones de la mediana empresa acusaron a Altmaier de inactividad, seg\u00fan el dominical \u00abFrankfurter Allgemeine Sonntagszeitung\u00bb.<\/p>\n<p>Kempf tambi\u00e9n critic\u00f3 que los \u00abobjetivos de protecci\u00f3n medioambiental altamente ambiciosos\u00bb no podr\u00edan alcanzarse con obstinaci\u00f3n, sino solo en armon\u00eda con la eficiencia econ\u00f3mica y la seguridad de los suministros.<\/p>\n<p>\u00abEn t\u00e9rminos de costes energ\u00e9ticos, los precios se disparan\u00bb, a\u00f1adi\u00f3 Kempf. Alemania es actualmente el tercer pa\u00eds m\u00e1s caro en t\u00e9rminos de costes de electricidad para la industria, entre un centenar de emplazamientos, afirm\u00f3.<\/p>\n<p><strong><em>Foto: Sina Schuldt\/dpa<\/em><\/strong><\/p>\n","protected":false},"excerpt":{"rendered":"<p>Berl\u00edn, 9 abr (dpa) &#8211; El presidente de la Federaci\u00f3n de la Industria alemana (BDI), Dieter Kempf, acus\u00f3 al ministro de Econom\u00eda, el conservador Peter Altmaier, de no cumplir sus objetivos y le pidi\u00f3 que intensificara sus esfuerzos en favor de la econom\u00eda, en declaraciones realizadas a dpa. \u00abEl Ministro debe hacer m\u00e1s para fortalecer [&hellip;]<\/p>\n","protected":false},"author":1,"featured_media":1023472,"comment_status":"closed","ping_status":"closed","sticky":false,"template":"","format":"standard","meta":{"footnotes":""},"categories":[187],"tags":[],"class_list":["post-1023471","post","type-post","status-publish","format-standard","has-post-thumbnail","hentry","category-economia"],"aioseo_notices":[],"aioseo_head":"\n\t\t<!-- All in One SEO Pro 4.9.6.2 - aioseo.com -->\n\t<meta name=\"description\" content=\"Berl\u00edn, 9 abr (dpa) - El presidente de la Federaci\u00f3n de la Industria alemana (BDI), Dieter Kempf, acus\u00f3 al ministro de Econom\u00eda, el conservador Peter Altmaier, de no cumplir sus objetivos y le pidi\u00f3 que intensificara sus esfuerzos en favor de la econom\u00eda, en declaraciones realizadas a dpa. &quot;El Ministro debe hacer m\u00e1s para fortalecer\" \/>\n\t<meta name=\"robots\" content=\"max-image-preview:large\" \/>\n\t<meta name=\"author\" content=\"El Digital de Asturias\"\/>\n\t<meta name=\"google-site-verification\" content=\"UA-38556648-1\" \/>\n\t<meta name=\"msvalidate.01\" content=\"7dfe9f3f1b24437ab69f4f2559babe99\" \/>\n\t<meta name=\"keywords\" content=\"econom\u00eda\" \/>\n\t<link rel=\"canonical\" href=\"https:\/\/www.eldigitaldeasturias.com\/noticias\/la-industria-alemana-acusa-de-inactividad-al-ministro-de-economia\/\" \/>\n\t<meta name=\"generator\" content=\"All in One SEO Pro (AIOSEO) 4.9.6.2\" \/>\n\t\t<meta property=\"og:locale\" content=\"es_ES\" \/>\n\t\t<meta property=\"og:site_name\" content=\"El Digital de Asturias\" \/>\n\t\t<meta property=\"og:type\" content=\"article\" \/>\n\t\t<meta property=\"og:title\" content=\"La industria alemana acusa de inactividad al ministro de Econom\u00eda - El Digital de Asturias\" \/>\n\t\t<meta property=\"og:description\" content=\"Berl\u00edn, 9 abr (dpa) - El presidente de la Federaci\u00f3n de la Industria alemana (BDI), Dieter Kempf, acus\u00f3 al ministro de Econom\u00eda, el conservador Peter Altmaier, de no cumplir sus objetivos y le pidi\u00f3 que intensificara sus esfuerzos en favor de la econom\u00eda, en declaraciones realizadas a dpa. &quot;El Ministro debe hacer m\u00e1s para fortalecer\" \/>\n\t\t<meta property=\"og:url\" content=\"https:\/\/www.eldigitaldeasturias.com\/noticias\/la-industria-alemana-acusa-de-inactividad-al-ministro-de-economia\/\" \/>\n\t\t<meta property=\"og:image\" content=\"https:\/\/www.eldigitaldeasturias.com\/noticias\/wp-content\/uploads\/2019\/04\/industria-alemana-dpa.jpg\" \/>\n\t\t<meta property=\"og:image:secure_url\" content=\"https:\/\/www.eldigitaldeasturias.com\/noticias\/wp-content\/uploads\/2019\/04\/industria-alemana-dpa.jpg\" \/>\n\t\t<meta property=\"og:image:width\" content=\"1002\" \/>\n\t\t<meta property=\"og:image:height\" content=\"667\" \/>\n\t\t<meta property=\"article:tag\" content=\"econom\u00eda\" \/>\n\t\t<meta property=\"article:published_time\" content=\"2019-04-10T08:45:27+00:00\" \/>\n\t\t<meta property=\"article:modified_time\" content=\"2019-04-10T08:45:27+00:00\" \/>\n\t\t<meta property=\"article:publisher\" content=\"https:\/\/facebook.com\/eldigitaldeasturias\" \/>\n\t\t<meta name=\"twitter:card\" content=\"summary_large_image\" \/>\n\t\t<meta name=\"twitter:title\" content=\"La industria alemana acusa de inactividad al ministro de Econom\u00eda - El Digital de Asturias\" \/>\n\t\t<meta name=\"twitter:description\" content=\"Berl\u00edn, 9 abr (dpa) - El presidente de la Federaci\u00f3n de la Industria alemana (BDI), Dieter Kempf, acus\u00f3 al ministro de Econom\u00eda, el conservador Peter Altmaier, de no cumplir sus objetivos y le pidi\u00f3 que intensificara sus esfuerzos en favor de la econom\u00eda, en declaraciones realizadas a dpa. &quot;El Ministro debe hacer m\u00e1s para fortalecer\" \/>\n\t\t<meta name=\"twitter:image\" content=\"https:\/\/www.eldigitaldeasturias.com\/noticias\/wp-content\/uploads\/2019\/04\/industria-alemana-dpa.jpg\" \/>\n\t\t<meta name=\"twitter:label1\" content=\"Escrito por\" \/>\n\t\t<meta name=\"twitter:data1\" content=\"El Digital de Asturias\" \/>\n\t\t<meta name=\"twitter:label2\" content=\"Tiempo de lectura estimado\" \/>\n\t\t<meta name=\"twitter:data2\" content=\"1 minuto\" \/>\n\t\t<script type=\"application\/ld+json\" class=\"aioseo-schema\">\n\t\t\t{\"@context\":\"https:\\\/\\\/schema.org\",\"@graph\":[{\"@type\":\"BlogPosting\",\"@id\":\"https:\\\/\\\/www.eldigitaldeasturias.com\\\/noticias\\\/la-industria-alemana-acusa-de-inactividad-al-ministro-de-economia\\\/#blogposting\",\"name\":\"La industria alemana acusa de inactividad al ministro de Econom\\u00eda - El Digital de Asturias\",\"headline\":\"La industria alemana acusa de inactividad al ministro de Econom\\u00eda\",\"author\":{\"@id\":\"https:\\\/\\\/www.eldigitaldeasturias.com\\\/noticias\\\/author\\\/admin\\\/#author\"},\"publisher\":{\"@id\":\"https:\\\/\\\/www.eldigitaldeasturias.com\\\/noticias\\\/#organization\"},\"image\":{\"@type\":\"ImageObject\",\"url\":\"https:\\\/\\\/www.eldigitaldeasturias.com\\\/noticias\\\/wp-content\\\/uploads\\\/2019\\\/04\\\/industria-alemana-dpa.jpg\",\"width\":1002,\"height\":667},\"datePublished\":\"2019-04-10T08:45:27+02:00\",\"dateModified\":\"2019-04-10T08:45:27+02:00\",\"inLanguage\":\"es-ES\",\"mainEntityOfPage\":{\"@id\":\"https:\\\/\\\/www.eldigitaldeasturias.com\\\/noticias\\\/la-industria-alemana-acusa-de-inactividad-al-ministro-de-economia\\\/#webpage\"},\"isPartOf\":{\"@id\":\"https:\\\/\\\/www.eldigitaldeasturias.com\\\/noticias\\\/la-industria-alemana-acusa-de-inactividad-al-ministro-de-economia\\\/#webpage\"},\"articleSection\":\"Econom\\u00eda\"},{\"@type\":\"BreadcrumbList\",\"@id\":\"https:\\\/\\\/www.eldigitaldeasturias.com\\\/noticias\\\/la-industria-alemana-acusa-de-inactividad-al-ministro-de-economia\\\/#breadcrumblist\",\"itemListElement\":[{\"@type\":\"ListItem\",\"@id\":\"https:\\\/\\\/www.eldigitaldeasturias.com\\\/noticias#listItem\",\"position\":1,\"name\":\"Home\",\"item\":\"https:\\\/\\\/www.eldigitaldeasturias.com\\\/noticias\",\"nextItem\":{\"@type\":\"ListItem\",\"@id\":\"https:\\\/\\\/www.eldigitaldeasturias.com\\\/noticias\\\/category\\\/economia\\\/#listItem\",\"name\":\"Econom\\u00eda\"}},{\"@type\":\"ListItem\",\"@id\":\"https:\\\/\\\/www.eldigitaldeasturias.com\\\/noticias\\\/category\\\/economia\\\/#listItem\",\"position\":2,\"name\":\"Econom\\u00eda\",\"item\":\"https:\\\/\\\/www.eldigitaldeasturias.com\\\/noticias\\\/category\\\/economia\\\/\",\"nextItem\":{\"@type\":\"ListItem\",\"@id\":\"https:\\\/\\\/www.eldigitaldeasturias.com\\\/noticias\\\/la-industria-alemana-acusa-de-inactividad-al-ministro-de-economia\\\/#listItem\",\"name\":\"La industria alemana acusa de inactividad al ministro de Econom\\u00eda\"},\"previousItem\":{\"@type\":\"ListItem\",\"@id\":\"https:\\\/\\\/www.eldigitaldeasturias.com\\\/noticias#listItem\",\"name\":\"Home\"}},{\"@type\":\"ListItem\",\"@id\":\"https:\\\/\\\/www.eldigitaldeasturias.com\\\/noticias\\\/la-industria-alemana-acusa-de-inactividad-al-ministro-de-economia\\\/#listItem\",\"position\":3,\"name\":\"La industria alemana acusa de inactividad al ministro de Econom\\u00eda\",\"previousItem\":{\"@type\":\"ListItem\",\"@id\":\"https:\\\/\\\/www.eldigitaldeasturias.com\\\/noticias\\\/category\\\/economia\\\/#listItem\",\"name\":\"Econom\\u00eda\"}}]},{\"@type\":\"Organization\",\"@id\":\"https:\\\/\\\/www.eldigitaldeasturias.com\\\/noticias\\\/#organization\",\"name\":\"El Digital de Asturias\",\"description\":\"Hemeroteca\",\"url\":\"https:\\\/\\\/www.eldigitaldeasturias.com\\\/noticias\\\/\",\"email\":\"info@eldigitaldeasturias.com\",\"telephone\":\"+34652131393\",\"logo\":{\"@type\":\"ImageObject\",\"url\":\"https:\\\/\\\/www.eldigitaldeasturias.com\\\/noticias\\\/wp-content\\\/uploads\\\/2020\\\/12\\\/EDA.jpg\",\"@id\":\"https:\\\/\\\/www.eldigitaldeasturias.com\\\/noticias\\\/la-industria-alemana-acusa-de-inactividad-al-ministro-de-economia\\\/#organizationLogo\",\"width\":649,\"height\":297},\"image\":{\"@id\":\"https:\\\/\\\/www.eldigitaldeasturias.com\\\/noticias\\\/la-industria-alemana-acusa-de-inactividad-al-ministro-de-economia\\\/#organizationLogo\"},\"sameAs\":[\"https:\\\/\\\/facebook.com\\\/eldigitaldeasturias\",\"https:\\\/\\\/www.youtube.com\\\/channel\\\/UCZP-2wLEB9Rv6erhFmqVnvg\"],\"address\":{\"@id\":\"https:\\\/\\\/www.eldigitaldeasturias.com\\\/noticias\\\/#postaladdress\",\"@type\":\"PostalAddress\",\"streetAddress\":\"san antonio 4,\",\"postalCode\":\"33430\",\"addressLocality\":\"Cand\\u00e1s\",\"addressRegion\":\"Asturias\",\"addressCountry\":\"ES\"}},{\"@type\":\"Person\",\"@id\":\"https:\\\/\\\/www.eldigitaldeasturias.com\\\/noticias\\\/author\\\/admin\\\/#author\",\"url\":\"https:\\\/\\\/www.eldigitaldeasturias.com\\\/noticias\\\/author\\\/admin\\\/\",\"name\":\"El Digital de Asturias\",\"image\":{\"@type\":\"ImageObject\",\"@id\":\"https:\\\/\\\/www.eldigitaldeasturias.com\\\/noticias\\\/la-industria-alemana-acusa-de-inactividad-al-ministro-de-economia\\\/#authorImage\",\"url\":\"https:\\\/\\\/www.eldigitaldeasturias.com\\\/noticias\\\/wp-content\\\/litespeed\\\/avatar\\\/18677e78aa0546b92d9dbf31ec7d7668.jpg?ver=1777290358\",\"width\":96,\"height\":96,\"caption\":\"El Digital de Asturias\"}},{\"@type\":\"WebPage\",\"@id\":\"https:\\\/\\\/www.eldigitaldeasturias.com\\\/noticias\\\/la-industria-alemana-acusa-de-inactividad-al-ministro-de-economia\\\/#webpage\",\"url\":\"https:\\\/\\\/www.eldigitaldeasturias.com\\\/noticias\\\/la-industria-alemana-acusa-de-inactividad-al-ministro-de-economia\\\/\",\"name\":\"La industria alemana acusa de inactividad al ministro de Econom\\u00eda - El Digital de Asturias\",\"description\":\"Berl\\u00edn, 9 abr (dpa) - El presidente de la Federaci\\u00f3n de la Industria alemana (BDI), Dieter Kempf, acus\\u00f3 al ministro de Econom\\u00eda, el conservador Peter Altmaier, de no cumplir sus objetivos y le pidi\\u00f3 que intensificara sus esfuerzos en favor de la econom\\u00eda, en declaraciones realizadas a dpa. \\\"El Ministro debe hacer m\\u00e1s para fortalecer\",\"inLanguage\":\"es-ES\",\"isPartOf\":{\"@id\":\"https:\\\/\\\/www.eldigitaldeasturias.com\\\/noticias\\\/#website\"},\"breadcrumb\":{\"@id\":\"https:\\\/\\\/www.eldigitaldeasturias.com\\\/noticias\\\/la-industria-alemana-acusa-de-inactividad-al-ministro-de-economia\\\/#breadcrumblist\"},\"author\":{\"@id\":\"https:\\\/\\\/www.eldigitaldeasturias.com\\\/noticias\\\/author\\\/admin\\\/#author\"},\"creator\":{\"@id\":\"https:\\\/\\\/www.eldigitaldeasturias.com\\\/noticias\\\/author\\\/admin\\\/#author\"},\"image\":{\"@type\":\"ImageObject\",\"url\":\"https:\\\/\\\/www.eldigitaldeasturias.com\\\/noticias\\\/wp-content\\\/uploads\\\/2019\\\/04\\\/industria-alemana-dpa.jpg\",\"@id\":\"https:\\\/\\\/www.eldigitaldeasturias.com\\\/noticias\\\/la-industria-alemana-acusa-de-inactividad-al-ministro-de-economia\\\/#mainImage\",\"width\":1002,\"height\":667},\"primaryImageOfPage\":{\"@id\":\"https:\\\/\\\/www.eldigitaldeasturias.com\\\/noticias\\\/la-industria-alemana-acusa-de-inactividad-al-ministro-de-economia\\\/#mainImage\"},\"datePublished\":\"2019-04-10T08:45:27+02:00\",\"dateModified\":\"2019-04-10T08:45:27+02:00\"},{\"@type\":\"WebSite\",\"@id\":\"https:\\\/\\\/www.eldigitaldeasturias.com\\\/noticias\\\/#website\",\"url\":\"https:\\\/\\\/www.eldigitaldeasturias.com\\\/noticias\\\/\",\"name\":\"El Digital de Asturias - Diario de actualidad y noticias\",\"alternateName\":\"El Digital de Asturias - Diario de actualidad y noticias\",\"description\":\"Hemeroteca\",\"inLanguage\":\"es-ES\",\"publisher\":{\"@id\":\"https:\\\/\\\/www.eldigitaldeasturias.com\\\/noticias\\\/#organization\"}}]}\n\t\t<\/script>\n\t\t<!-- All in One SEO Pro -->\r\n\t\t<title>La industria alemana acusa de inactividad al ministro de Econom\u00eda - El Digital de Asturias<\/title>\n\n","aioseo_head_json":{"title":"La industria alemana acusa de inactividad al ministro de Econom\u00eda - El Digital de Asturias","description":"Berl\u00edn, 9 abr (dpa) - El presidente de la Federaci\u00f3n de la Industria alemana (BDI), Dieter Kempf, acus\u00f3 al ministro de Econom\u00eda, el conservador Peter Altmaier, de no cumplir sus objetivos y le pidi\u00f3 que intensificara sus esfuerzos en favor de la econom\u00eda, en declaraciones realizadas a dpa. \"El Ministro debe hacer m\u00e1s para fortalecer","canonical_url":"https:\/\/www.eldigitaldeasturias.com\/noticias\/la-industria-alemana-acusa-de-inactividad-al-ministro-de-economia\/","robots":"max-image-preview:large","keywords":"econom\u00eda","webmasterTools":{"google-site-verification":"UA-38556648-1","msvalidate.01":"7dfe9f3f1b24437ab69f4f2559babe99","miscellaneous":""},"schema":{"@context":"https:\/\/schema.org","@graph":[{"@type":"BlogPosting","@id":"https:\/\/www.eldigitaldeasturias.com\/noticias\/la-industria-alemana-acusa-de-inactividad-al-ministro-de-economia\/#blogposting","name":"La industria alemana acusa de inactividad al ministro de Econom\u00eda - El Digital de Asturias","headline":"La industria alemana acusa de inactividad al ministro de Econom\u00eda","author":{"@id":"https:\/\/www.eldigitaldeasturias.com\/noticias\/author\/admin\/#author"},"publisher":{"@id":"https:\/\/www.eldigitaldeasturias.com\/noticias\/#organization"},"image":{"@type":"ImageObject","url":"https:\/\/www.eldigitaldeasturias.com\/noticias\/wp-content\/uploads\/2019\/04\/industria-alemana-dpa.jpg","width":1002,"height":667},"datePublished":"2019-04-10T08:45:27+02:00","dateModified":"2019-04-10T08:45:27+02:00","inLanguage":"es-ES","mainEntityOfPage":{"@id":"https:\/\/www.eldigitaldeasturias.com\/noticias\/la-industria-alemana-acusa-de-inactividad-al-ministro-de-economia\/#webpage"},"isPartOf":{"@id":"https:\/\/www.eldigitaldeasturias.com\/noticias\/la-industria-alemana-acusa-de-inactividad-al-ministro-de-economia\/#webpage"},"articleSection":"Econom\u00eda"},{"@type":"BreadcrumbList","@id":"https:\/\/www.eldigitaldeasturias.com\/noticias\/la-industria-alemana-acusa-de-inactividad-al-ministro-de-economia\/#breadcrumblist","itemListElement":[{"@type":"ListItem","@id":"https:\/\/www.eldigitaldeasturias.com\/noticias#listItem","position":1,"name":"Home","item":"https:\/\/www.eldigitaldeasturias.com\/noticias","nextItem":{"@type":"ListItem","@id":"https:\/\/www.eldigitaldeasturias.com\/noticias\/category\/economia\/#listItem","name":"Econom\u00eda"}},{"@type":"ListItem","@id":"https:\/\/www.eldigitaldeasturias.com\/noticias\/category\/economia\/#listItem","position":2,"name":"Econom\u00eda","item":"https:\/\/www.eldigitaldeasturias.com\/noticias\/category\/economia\/","nextItem":{"@type":"ListItem","@id":"https:\/\/www.eldigitaldeasturias.com\/noticias\/la-industria-alemana-acusa-de-inactividad-al-ministro-de-economia\/#listItem","name":"La industria alemana acusa de inactividad al ministro de Econom\u00eda"},"previousItem":{"@type":"ListItem","@id":"https:\/\/www.eldigitaldeasturias.com\/noticias#listItem","name":"Home"}},{"@type":"ListItem","@id":"https:\/\/www.eldigitaldeasturias.com\/noticias\/la-industria-alemana-acusa-de-inactividad-al-ministro-de-economia\/#listItem","position":3,"name":"La industria alemana acusa de inactividad al ministro de Econom\u00eda","previousItem":{"@type":"ListItem","@id":"https:\/\/www.eldigitaldeasturias.com\/noticias\/category\/economia\/#listItem","name":"Econom\u00eda"}}]},{"@type":"Organization","@id":"https:\/\/www.eldigitaldeasturias.com\/noticias\/#organization","name":"El Digital de Asturias","description":"Hemeroteca","url":"https:\/\/www.eldigitaldeasturias.com\/noticias\/","email":"info@eldigitaldeasturias.com","telephone":"+34652131393","logo":{"@type":"ImageObject","url":"https:\/\/www.eldigitaldeasturias.com\/noticias\/wp-content\/uploads\/2020\/12\/EDA.jpg","@id":"https:\/\/www.eldigitaldeasturias.com\/noticias\/la-industria-alemana-acusa-de-inactividad-al-ministro-de-economia\/#organizationLogo","width":649,"height":297},"image":{"@id":"https:\/\/www.eldigitaldeasturias.com\/noticias\/la-industria-alemana-acusa-de-inactividad-al-ministro-de-economia\/#organizationLogo"},"sameAs":["https:\/\/facebook.com\/eldigitaldeasturias","https:\/\/www.youtube.com\/channel\/UCZP-2wLEB9Rv6erhFmqVnvg"],"address":{"@id":"https:\/\/www.eldigitaldeasturias.com\/noticias\/#postaladdress","@type":"PostalAddress","streetAddress":"san antonio 4,","postalCode":"33430","addressLocality":"Cand\u00e1s","addressRegion":"Asturias","addressCountry":"ES"}},{"@type":"Person","@id":"https:\/\/www.eldigitaldeasturias.com\/noticias\/author\/admin\/#author","url":"https:\/\/www.eldigitaldeasturias.com\/noticias\/author\/admin\/","name":"El Digital de Asturias","image":{"@type":"ImageObject","@id":"https:\/\/www.eldigitaldeasturias.com\/noticias\/la-industria-alemana-acusa-de-inactividad-al-ministro-de-economia\/#authorImage","url":"https:\/\/www.eldigitaldeasturias.com\/noticias\/wp-content\/litespeed\/avatar\/18677e78aa0546b92d9dbf31ec7d7668.jpg?ver=1777290358","width":96,"height":96,"caption":"El Digital de Asturias"}},{"@type":"WebPage","@id":"https:\/\/www.eldigitaldeasturias.com\/noticias\/la-industria-alemana-acusa-de-inactividad-al-ministro-de-economia\/#webpage","url":"https:\/\/www.eldigitaldeasturias.com\/noticias\/la-industria-alemana-acusa-de-inactividad-al-ministro-de-economia\/","name":"La industria alemana acusa de inactividad al ministro de Econom\u00eda - El Digital de Asturias","description":"Berl\u00edn, 9 abr (dpa) - El presidente de la Federaci\u00f3n de la Industria alemana (BDI), Dieter Kempf, acus\u00f3 al ministro de Econom\u00eda, el conservador Peter Altmaier, de no cumplir sus objetivos y le pidi\u00f3 que intensificara sus esfuerzos en favor de la econom\u00eda, en declaraciones realizadas a dpa. \"El Ministro debe hacer m\u00e1s para fortalecer","inLanguage":"es-ES","isPartOf":{"@id":"https:\/\/www.eldigitaldeasturias.com\/noticias\/#website"},"breadcrumb":{"@id":"https:\/\/www.eldigitaldeasturias.com\/noticias\/la-industria-alemana-acusa-de-inactividad-al-ministro-de-economia\/#breadcrumblist"},"author":{"@id":"https:\/\/www.eldigitaldeasturias.com\/noticias\/author\/admin\/#author"},"creator":{"@id":"https:\/\/www.eldigitaldeasturias.com\/noticias\/author\/admin\/#author"},"image":{"@type":"ImageObject","url":"https:\/\/www.eldigitaldeasturias.com\/noticias\/wp-content\/uploads\/2019\/04\/industria-alemana-dpa.jpg","@id":"https:\/\/www.eldigitaldeasturias.com\/noticias\/la-industria-alemana-acusa-de-inactividad-al-ministro-de-economia\/#mainImage","width":1002,"height":667},"primaryImageOfPage":{"@id":"https:\/\/www.eldigitaldeasturias.com\/noticias\/la-industria-alemana-acusa-de-inactividad-al-ministro-de-economia\/#mainImage"},"datePublished":"2019-04-10T08:45:27+02:00","dateModified":"2019-04-10T08:45:27+02:00"},{"@type":"WebSite","@id":"https:\/\/www.eldigitaldeasturias.com\/noticias\/#website","url":"https:\/\/www.eldigitaldeasturias.com\/noticias\/","name":"El Digital de Asturias - Diario de actualidad y noticias","alternateName":"El Digital de Asturias - Diario de actualidad y noticias","description":"Hemeroteca","inLanguage":"es-ES","publisher":{"@id":"https:\/\/www.eldigitaldeasturias.com\/noticias\/#organization"}}]},"og:locale":"es_ES","og:site_name":"El Digital de Asturias","og:type":"article","og:title":"La industria alemana acusa de inactividad al ministro de Econom\u00eda - El Digital de Asturias","og:description":"Berl\u00edn, 9 abr (dpa) - El presidente de la Federaci\u00f3n de la Industria alemana (BDI), Dieter Kempf, acus\u00f3 al ministro de Econom\u00eda, el conservador Peter Altmaier, de no cumplir sus objetivos y le pidi\u00f3 que intensificara sus esfuerzos en favor de la econom\u00eda, en declaraciones realizadas a dpa. &quot;El Ministro debe hacer m\u00e1s para fortalecer","og:url":"https:\/\/www.eldigitaldeasturias.com\/noticias\/la-industria-alemana-acusa-de-inactividad-al-ministro-de-economia\/","og:image":"https:\/\/www.eldigitaldeasturias.com\/noticias\/wp-content\/uploads\/2019\/04\/industria-alemana-dpa.jpg","og:image:secure_url":"https:\/\/www.eldigitaldeasturias.com\/noticias\/wp-content\/uploads\/2019\/04\/industria-alemana-dpa.jpg","og:image:width":1002,"og:image:height":667,"article:tag":["econom\u00eda"],"article:published_time":"2019-04-10T08:45:27+00:00","article:modified_time":"2019-04-10T08:45:27+00:00","article:publisher":"https:\/\/facebook.com\/eldigitaldeasturias","twitter:card":"summary_large_image","twitter:title":"La industria alemana acusa de inactividad al ministro de Econom\u00eda - El Digital de Asturias","twitter:description":"Berl\u00edn, 9 abr (dpa) - El presidente de la Federaci\u00f3n de la Industria alemana (BDI), Dieter Kempf, acus\u00f3 al ministro de Econom\u00eda, el conservador Peter Altmaier, de no cumplir sus objetivos y le pidi\u00f3 que intensificara sus esfuerzos en favor de la econom\u00eda, en declaraciones realizadas a dpa. &quot;El Ministro debe hacer m\u00e1s para fortalecer","twitter:image":"https:\/\/www.eldigitaldeasturias.com\/noticias\/wp-content\/uploads\/2019\/04\/industria-alemana-dpa.jpg","twitter:label1":"Escrito por","twitter:data1":"El Digital de Asturias","twitter:label2":"Tiempo de lectura estimado","twitter:data2":"1 minuto"},"aioseo_meta_data":{"post_id":"1023471","title":null,"description":null,"keywords":null,"keyphrases":null,"primary_term":null,"canonical_url":null,"og_title":null,"og_description":null,"og_object_type":"default","og_image_type":"default","og_image_url":null,"og_image_width":null,"og_image_height":null,"og_image_custom_url":null,"og_image_custom_fields":null,"og_video":null,"og_custom_url":null,"og_article_section":null,"og_article_tags":null,"twitter_use_og":false,"twitter_card":"default","twitter_image_type":"default","twitter_image_url":null,"twitter_image_custom_url":null,"twitter_image_custom_fields":null,"twitter_title":null,"twitter_description":null,"schema":{"blockGraphs":[],"customGraphs":[],"default":{"data":{"Article":[],"Course":[],"Dataset":[],"FAQPage":[],"Movie":[],"Person":[],"Product":[],"ProductReview":[],"Car":[],"Recipe":[],"Service":[],"SoftwareApplication":[],"WebPage":[]},"graphName":"","isEnabled":true},"graphs":[],"defaultGraph":"","defaultPostTypeGraph":""},"schema_type":null,"schema_type_options":null,"pillar_content":false,"robots_default":true,"robots_noindex":false,"robots_noarchive":false,"robots_nosnippet":false,"robots_nofollow":false,"robots_noimageindex":false,"robots_noodp":false,"robots_notranslate":false,"robots_max_snippet":null,"robots_max_videopreview":null,"robots_max_imagepreview":"large","priority":null,"frequency":null,"local_seo":null,"seo_analyzer_scan_date":"2025-10-17 12:51:08","breadcrumb_settings":null,"limit_modified_date":false,"open_ai":null,"ai":null,"created":"2020-12-21 11:15:14","updated":"2025-10-17 12:51:08"},"aioseo_breadcrumb":"<div class=\"aioseo-breadcrumbs\"><span class=\"aioseo-breadcrumb\">\n\t<a href=\"https:\/\/www.eldigitaldeasturias.com\/noticias\" title=\"Home\">Home<\/a>\n<\/span><span class=\"aioseo-breadcrumb-separator\">\u2013<\/span><span class=\"aioseo-breadcrumb\">\n\t<a href=\"https:\/\/www.eldigitaldeasturias.com\/noticias\/category\/economia\/\" title=\"Econom\u00eda\">Econom\u00eda<\/a>\n<\/span><span class=\"aioseo-breadcrumb-separator\">\u2013<\/span><span class=\"aioseo-breadcrumb\">\n\t<a href=\"https:\/\/www.eldigitaldeasturias.com\/noticias\/la-industria-alemana-acusa-de-inactividad-al-ministro-de-economia\/\" title=\"La industria alemana acusa de inactividad al ministro de Econom\u00eda\">La industria alemana acusa de inactividad al ministro de Econom\u00eda<\/a>\n<\/span><\/div>","aioseo_breadcrumb_json":[{"label":"Home","link":"https:\/\/www.eldigitaldeasturias.com\/noticias"},{"label":"Econom\u00eda","link":"https:\/\/www.eldigitaldeasturias.com\/noticias\/category\/economia\/"},{"label":"La industria alemana acusa de inactividad al ministro de Econom\u00eda","link":"https:\/\/www.eldigitaldeasturias.com\/noticias\/la-industria-alemana-acusa-de-inactividad-al-ministro-de-economia\/"}],"_links":{"self":[{"href":"https:\/\/www.eldigitaldeasturias.com\/noticias\/wp-json\/wp\/v2\/posts\/1023471","targetHints":{"allow":["GET"]}}],"collection":[{"href":"https:\/\/www.eldigitaldeasturias.com\/noticias\/wp-json\/wp\/v2\/posts"}],"about":[{"href":"https:\/\/www.eldigitaldeasturias.com\/noticias\/wp-json\/wp\/v2\/types\/post"}],"author":[{"embeddable":true,"href":"https:\/\/www.eldigitaldeasturias.com\/noticias\/wp-json\/wp\/v2\/users\/1"}],"replies":[{"embeddable":true,"href":"https:\/\/www.eldigitaldeasturias.com\/noticias\/wp-json\/wp\/v2\/comments?post=1023471"}],"version-history":[{"count":0,"href":"https:\/\/www.eldigitaldeasturias.com\/noticias\/wp-json\/wp\/v2\/posts\/1023471\/revisions"}],"wp:featuredmedia":[{"embeddable":true,"href":"https:\/\/www.eldigitaldeasturias.com\/noticias\/wp-json\/wp\/v2\/media\/1023472"}],"wp:attachment":[{"href":"https:\/\/www.eldigitaldeasturias.com\/noticias\/wp-json\/wp\/v2\/media?parent=1023471"}],"wp:term":[{"taxonomy":"category","embeddable":true,"href":"https:\/\/www.eldigitaldeasturias.com\/noticias\/wp-json\/wp\/v2\/categories?post=1023471"},{"taxonomy":"post_tag","embeddable":true,"href":"https:\/\/www.eldigitaldeasturias.com\/noticias\/wp-json\/wp\/v2\/tags?post=1023471"}],"curies":[{"name":"wp","href":"https:\/\/api.w.org\/{rel}","templated":true}]}}