{"id":1023437,"date":"2019-04-09T21:23:53","date_gmt":"2019-04-09T21:23:53","guid":{"rendered":"https:\/\/www.eldigitaldeasturias.com\/noticias\/?p=1023437"},"modified":"2019-04-09T21:23:53","modified_gmt":"2019-04-09T21:23:53","slug":"conferencia-de-alto-nivel-en-bruselas-sobre-el-futuro-del-trabajo","status":"publish","type":"post","link":"https:\/\/www.eldigitaldeasturias.com\/noticias\/conferencia-de-alto-nivel-en-bruselas-sobre-el-futuro-del-trabajo\/","title":{"rendered":"Conferencia de Alto Nivel en Bruselas sobre el futuro del trabajo"},"content":{"rendered":"<p><img loading=\"lazy\" decoding=\"async\" class=\"alignleft size-medium wp-image-1023438\" src=\"https:\/\/www.eldigitaldeasturias.com\/noticias\/wp-content\/uploads\/2019\/04\/090419-Conferencia01-360x240.jpg\" alt=\"\" width=\"360\" height=\"240\" srcset=\"https:\/\/www.eldigitaldeasturias.com\/noticias\/wp-content\/uploads\/2019\/04\/090419-Conferencia01-360x240.jpg 360w, https:\/\/www.eldigitaldeasturias.com\/noticias\/wp-content\/uploads\/2019\/04\/090419-Conferencia01.jpg 432w\" sizes=\"auto, (max-width: 360px) 100vw, 360px\" \/>\u200bLa ministra de Trabajo, Migraciones y Seguridad Social, Magdalena Valerio, ha participado en Bruselas en la Conferencia de Alto Nivel sobre \u00abEl futuro del trabajo: Hoy. Ma\u00f1ana. Para todos\u00bb.<\/p>\n<p>\u200bEn su intervenci\u00f3n, Valerio afirm\u00f3 que el futuro del trabajo va a depender de las pol\u00edticas que se adopten en respuesta a las transformaciones profundas que se est\u00e1n produciendo derivadas del progreso tecnol\u00f3gico, de la globalizaci\u00f3n y de las transiciones demogr\u00e1ficas y medioambientales. Y abog\u00f3 porque estas pol\u00edticas prevengan \u00abel ahondamiento de los d\u00e9ficits de empleo y de las desigualdades entre pa\u00edses, regiones y personas\u00bb.<\/p>\n<p>Durante su intervenci\u00f3n en el panel sobre \u00abConvergencia ascendente: empleo, cohesi\u00f3n social y territorial\u00bb, la ministra defendi\u00f3 la necesidad de aplicar \u00abpol\u00edticas de empleo y de protecci\u00f3n social que aseguren los esfuerzos distributivos y minimicen los impactos a corto plazo para que ning\u00fan trabajador sea excluido de la revoluci\u00f3n tecnol\u00f3gica en marcha\u00bb.<\/p>\n<p>\u00abEl \u00e9xito de Europa depende en buena medida de que la integraci\u00f3n econ\u00f3mica se produzca sin que nadie se quede atr\u00e1s, ni en derechos, ni en oportunidades concretas de participaci\u00f3n en el mercado laboral\u00bb, remarc\u00f3.<\/p>\n<p>Para Valerio no todas las estrategias de convergencia son v\u00e1lidas. \u00abDurante los a\u00f1os de crisis, las pol\u00edticas de austeridad han llevado a la precariedad y al sufrimiento a muchos trabajadores europeos\u00bb, afirm\u00f3. La devaluaci\u00f3n salarial, all\u00ed donde se ha aplicado, \u00abha llevado a la fuga de talento, la erosi\u00f3n de derechos y la desafecci\u00f3n de Europa\u00bb. Adem\u00e1s, \u00abesta estrategia ha tendido a aglutinar el poder econ\u00f3mico en las regiones m\u00e1s privilegiadas, incrementando las diferencias dentro de la Uni\u00f3n\u00bb, se\u00f1al\u00f3 la ministra de Trabajo, Migraciones y Seguridad Social.<\/p>\n<p><strong>Tres objetivos de acci\u00f3n pol\u00edtica<\/strong><\/p>\n<p>Magdalena Valerio afirm\u00f3 que es \u00abcrucial\u00bb el giro hacia una estrategia de convergencia ascendente, inclusiva, que se fundamente en tres objetivos de acci\u00f3n pol\u00edtica.<\/p>\n<p>El primero de ellos, unas pol\u00edticas de empleo que reconozcan el derecho a la formaci\u00f3n de los trabajadores a lo largo de la vida, aseguren los esfuerzos distributivos, extiendan la protecci\u00f3n social a las nuevas formas de empleo y minimicen el impacto de la transici\u00f3n tecnol\u00f3gica en marcha \u00abpara que ning\u00fan trabajador europeo se quede atr\u00e1s\u00bb.<\/p>\n<p>\u00abAs\u00ed lo hemos entendido en Espa\u00f1a\u00bb, asegur\u00f3 la ministra, se\u00f1alando que su departamento ha puesto ya en marcha planes que tienen en cuenta a los m\u00e1s vulnerables, como los planes enfocados a colectivos con especiales dificultades de acceso al mercado laboral.<\/p>\n<p>La ministra destac\u00f3 la importancia de trabajar por la calidad en el empleo que considera un \u00abpilar esencial\u00bb del Futuro del Trabajo. Considera que sin empleo de calidad \u00abno habr\u00e1 futuro del trabajo econon\u00f3mica y socialmente sostenible\u00bb. As\u00ed, Valerio se\u00f1al\u00f3 la mejora de las condiciones de trabajo, con medidas encaminadas a salarios m\u00e1s justos, m\u00e1s protecci\u00f3n social y condiciones de trabajo dignas, haciendo especial hicapi\u00e9 en la lucha contra la precariedad laboral, como objetivos prioritarios en materia laboral.<\/p>\n<p>En su intervenci\u00f3n, la ministra de Trabajo, Migraciones y Seguridad Social defendi\u00f3 adem\u00e1s la necesidad de impulsar una Estrategia de Igualdad de g\u00e9nero en la Uni\u00f3n Europea, de car\u00e1cter vinculante, para combatir la brecha de g\u00e9nero, la mayor tasa de desempleo y la precariedad que sufren con mayor intensidad las mujeres en todos los Estados Miembros. \u00abCreemos que el futuro de Europa es feminista\u00bb, remarc\u00f3 la dirigente espa\u00f1ola.<\/p>\n<p>El segundo objetivo pasa por incluir en el debate europeo la inversi\u00f3n en desarrollo regional rural, la movilizaci\u00f3n de las nuevas tecnolog\u00edas y las energ\u00edas renovables. La ministra se\u00f1al\u00f3 la importancia de reducir la fractura territorial en el empleo fomentando nuevos lazos econ\u00f3micos entre las regiones. \u00abEs por ello que la Estrategia Nacional frente al reto demogr\u00e1fico en Espa\u00f1a apuesta por la inversi\u00f3n en el desarrollo de las regiones para una convergencia ascendente, para permitir que las oportunidades de los beneficios tecnol\u00f3gicos lleguen a las regiones m\u00e1s despobladas y vulnerables\u00bb, afirm\u00f3 Valerio.<\/p>\n<p>Sobre el futuro del trabajo, Valerio se\u00f1al\u00f3 que dentro de la Estrategia de transici\u00f3n justa, los empleos verdes ocupan tambi\u00e9n un lugar prioritario. La ministra defendi\u00f3 la necesidad de alcanzar los Objetivos de Desarrollo Sostenible a nivel europeo, a trav\u00e9s de un Pacto Europeo Verde que vigorice la econom\u00eda con industrias y empleos sotenibles con alto valor a\u00f1adido.<\/p>\n<p><strong>Creaci\u00f3n de un Sistema Europeo de Seguro de Desempleo<\/strong><\/p>\n<p>Como tercer objetivo, la ministra abog\u00f3 por reforzar el Papel de Europa a trav\u00e9s de un Presupuesto Europeo ambicioso, con directrices \u00abaudaces\u00bb que supongan progreso para los trabajadores y una movilidad laboral segura y con derechos.<\/p>\n<p>Es por ello que el gobierno de Espa\u00f1a apuesta por la creaci\u00f3n de un Sistema Europeo de Seguro de Desempleo, complementario de los existentes en cada Estado Miembro.<\/p>\n<p>\u00abIniciativas como el Seguro de Desempleo o el Pilar Europeo de Derechos Sociales no pueden quedar s\u00f3lo en una declaraci\u00f3n pol\u00edtica, sino que deben materializarse en derechos tangibles y en instrumentos de impulso de una convergencia ascendente hacia la Sociedad Europea 5.0\u00bb, se\u00f1al\u00f3.<\/p>\n<p>Por \u00faltimo, Valerio se comprometi\u00f3 en el impulso de la Autoridad Laboral Europea, una agencia que asistir\u00e1 a los pa\u00edses de la Uni\u00f3n y a la Comisi\u00f3n Europea en materias de movilidad laboral transfronteriza y de coordinaci\u00f3n de los sistemas de Seguridad Social.<\/p>\n","protected":false},"excerpt":{"rendered":"<p>\u200bLa ministra de Trabajo, Migraciones y Seguridad Social, Magdalena Valerio, ha participado en Bruselas en la Conferencia de Alto Nivel sobre \u00abEl futuro del trabajo: Hoy. Ma\u00f1ana. Para todos\u00bb. \u200bEn su intervenci\u00f3n, Valerio afirm\u00f3 que el futuro del trabajo va a depender de las pol\u00edticas que se adopten en respuesta a las transformaciones profundas que [&hellip;]<\/p>\n","protected":false},"author":1,"featured_media":1023438,"comment_status":"closed","ping_status":"closed","sticky":false,"template":"","format":"standard","meta":{"footnotes":""},"categories":[187],"tags":[],"class_list":["post-1023437","post","type-post","status-publish","format-standard","has-post-thumbnail","hentry","category-economia"],"aioseo_notices":[],"aioseo_head":"\n\t\t<!-- All in One SEO Pro 4.9.6.2 - aioseo.com -->\n\t<meta name=\"description\" content=\"\u200bLa ministra de Trabajo, Migraciones y Seguridad Social, Magdalena Valerio, ha participado en Bruselas en la Conferencia de Alto Nivel sobre &quot;El futuro del trabajo: Hoy. Ma\u00f1ana. Para todos&quot;. \u200bEn su intervenci\u00f3n, Valerio afirm\u00f3 que el futuro del trabajo va a depender de las pol\u00edticas que se adopten en respuesta a las transformaciones profundas que\" \/>\n\t<meta name=\"robots\" content=\"max-image-preview:large\" \/>\n\t<meta name=\"author\" content=\"El Digital de Asturias\"\/>\n\t<meta name=\"google-site-verification\" content=\"UA-38556648-1\" \/>\n\t<meta name=\"msvalidate.01\" content=\"7dfe9f3f1b24437ab69f4f2559babe99\" \/>\n\t<meta name=\"keywords\" content=\"econom\u00eda\" \/>\n\t<link rel=\"canonical\" href=\"https:\/\/www.eldigitaldeasturias.com\/noticias\/conferencia-de-alto-nivel-en-bruselas-sobre-el-futuro-del-trabajo\/\" \/>\n\t<meta name=\"generator\" content=\"All in One SEO Pro (AIOSEO) 4.9.6.2\" \/>\n\t\t<meta property=\"og:locale\" content=\"es_ES\" \/>\n\t\t<meta property=\"og:site_name\" content=\"El Digital de Asturias\" \/>\n\t\t<meta property=\"og:type\" content=\"article\" \/>\n\t\t<meta property=\"og:title\" content=\"Conferencia de Alto Nivel en Bruselas sobre el futuro del trabajo - El Digital de Asturias\" \/>\n\t\t<meta property=\"og:description\" content=\"\u200bLa ministra de Trabajo, Migraciones y Seguridad Social, Magdalena Valerio, ha participado en Bruselas en la Conferencia de Alto Nivel sobre &quot;El futuro del trabajo: Hoy. Ma\u00f1ana. Para todos&quot;. \u200bEn su intervenci\u00f3n, Valerio afirm\u00f3 que el futuro del trabajo va a depender de las pol\u00edticas que se adopten en respuesta a las transformaciones profundas que\" \/>\n\t\t<meta property=\"og:url\" content=\"https:\/\/www.eldigitaldeasturias.com\/noticias\/conferencia-de-alto-nivel-en-bruselas-sobre-el-futuro-del-trabajo\/\" \/>\n\t\t<meta property=\"og:image\" content=\"https:\/\/www.eldigitaldeasturias.com\/noticias\/wp-content\/uploads\/2019\/04\/090419-Conferencia01.jpg\" \/>\n\t\t<meta property=\"og:image:secure_url\" content=\"https:\/\/www.eldigitaldeasturias.com\/noticias\/wp-content\/uploads\/2019\/04\/090419-Conferencia01.jpg\" \/>\n\t\t<meta property=\"og:image:width\" content=\"432\" \/>\n\t\t<meta property=\"og:image:height\" content=\"288\" \/>\n\t\t<meta property=\"article:tag\" content=\"econom\u00eda\" \/>\n\t\t<meta property=\"article:published_time\" content=\"2019-04-09T21:23:53+00:00\" \/>\n\t\t<meta property=\"article:modified_time\" content=\"2019-04-09T21:23:53+00:00\" \/>\n\t\t<meta property=\"article:publisher\" content=\"https:\/\/facebook.com\/eldigitaldeasturias\" \/>\n\t\t<meta name=\"twitter:card\" content=\"summary_large_image\" \/>\n\t\t<meta name=\"twitter:title\" content=\"Conferencia de Alto Nivel en Bruselas sobre el futuro del trabajo - El Digital de Asturias\" \/>\n\t\t<meta name=\"twitter:description\" content=\"\u200bLa ministra de Trabajo, Migraciones y Seguridad Social, Magdalena Valerio, ha participado en Bruselas en la Conferencia de Alto Nivel sobre &quot;El futuro del trabajo: Hoy. Ma\u00f1ana. Para todos&quot;. \u200bEn su intervenci\u00f3n, Valerio afirm\u00f3 que el futuro del trabajo va a depender de las pol\u00edticas que se adopten en respuesta a las transformaciones profundas que\" \/>\n\t\t<meta name=\"twitter:image\" content=\"https:\/\/www.eldigitaldeasturias.com\/noticias\/wp-content\/uploads\/2019\/04\/090419-Conferencia01.jpg\" \/>\n\t\t<meta name=\"twitter:label1\" content=\"Escrito por\" \/>\n\t\t<meta name=\"twitter:data1\" content=\"El Digital de Asturias\" \/>\n\t\t<meta name=\"twitter:label2\" content=\"Tiempo de lectura estimado\" \/>\n\t\t<meta name=\"twitter:data2\" content=\"5 minutos\" \/>\n\t\t<script type=\"application\/ld+json\" class=\"aioseo-schema\">\n\t\t\t{\"@context\":\"https:\\\/\\\/schema.org\",\"@graph\":[{\"@type\":\"BlogPosting\",\"@id\":\"https:\\\/\\\/www.eldigitaldeasturias.com\\\/noticias\\\/conferencia-de-alto-nivel-en-bruselas-sobre-el-futuro-del-trabajo\\\/#blogposting\",\"name\":\"Conferencia de Alto Nivel en Bruselas sobre el futuro del trabajo - El Digital de Asturias\",\"headline\":\"Conferencia de Alto Nivel en Bruselas sobre el futuro del trabajo\",\"author\":{\"@id\":\"https:\\\/\\\/www.eldigitaldeasturias.com\\\/noticias\\\/author\\\/admin\\\/#author\"},\"publisher\":{\"@id\":\"https:\\\/\\\/www.eldigitaldeasturias.com\\\/noticias\\\/#organization\"},\"image\":{\"@type\":\"ImageObject\",\"url\":\"https:\\\/\\\/www.eldigitaldeasturias.com\\\/noticias\\\/wp-content\\\/uploads\\\/2019\\\/04\\\/090419-Conferencia01.jpg\",\"width\":432,\"height\":288},\"datePublished\":\"2019-04-09T21:23:53+02:00\",\"dateModified\":\"2019-04-09T21:23:53+02:00\",\"inLanguage\":\"es-ES\",\"mainEntityOfPage\":{\"@id\":\"https:\\\/\\\/www.eldigitaldeasturias.com\\\/noticias\\\/conferencia-de-alto-nivel-en-bruselas-sobre-el-futuro-del-trabajo\\\/#webpage\"},\"isPartOf\":{\"@id\":\"https:\\\/\\\/www.eldigitaldeasturias.com\\\/noticias\\\/conferencia-de-alto-nivel-en-bruselas-sobre-el-futuro-del-trabajo\\\/#webpage\"},\"articleSection\":\"Econom\\u00eda\"},{\"@type\":\"BreadcrumbList\",\"@id\":\"https:\\\/\\\/www.eldigitaldeasturias.com\\\/noticias\\\/conferencia-de-alto-nivel-en-bruselas-sobre-el-futuro-del-trabajo\\\/#breadcrumblist\",\"itemListElement\":[{\"@type\":\"ListItem\",\"@id\":\"https:\\\/\\\/www.eldigitaldeasturias.com\\\/noticias#listItem\",\"position\":1,\"name\":\"Home\",\"item\":\"https:\\\/\\\/www.eldigitaldeasturias.com\\\/noticias\",\"nextItem\":{\"@type\":\"ListItem\",\"@id\":\"https:\\\/\\\/www.eldigitaldeasturias.com\\\/noticias\\\/category\\\/economia\\\/#listItem\",\"name\":\"Econom\\u00eda\"}},{\"@type\":\"ListItem\",\"@id\":\"https:\\\/\\\/www.eldigitaldeasturias.com\\\/noticias\\\/category\\\/economia\\\/#listItem\",\"position\":2,\"name\":\"Econom\\u00eda\",\"item\":\"https:\\\/\\\/www.eldigitaldeasturias.com\\\/noticias\\\/category\\\/economia\\\/\",\"nextItem\":{\"@type\":\"ListItem\",\"@id\":\"https:\\\/\\\/www.eldigitaldeasturias.com\\\/noticias\\\/conferencia-de-alto-nivel-en-bruselas-sobre-el-futuro-del-trabajo\\\/#listItem\",\"name\":\"Conferencia de Alto Nivel en Bruselas sobre el futuro del trabajo\"},\"previousItem\":{\"@type\":\"ListItem\",\"@id\":\"https:\\\/\\\/www.eldigitaldeasturias.com\\\/noticias#listItem\",\"name\":\"Home\"}},{\"@type\":\"ListItem\",\"@id\":\"https:\\\/\\\/www.eldigitaldeasturias.com\\\/noticias\\\/conferencia-de-alto-nivel-en-bruselas-sobre-el-futuro-del-trabajo\\\/#listItem\",\"position\":3,\"name\":\"Conferencia de Alto Nivel en Bruselas sobre el futuro del trabajo\",\"previousItem\":{\"@type\":\"ListItem\",\"@id\":\"https:\\\/\\\/www.eldigitaldeasturias.com\\\/noticias\\\/category\\\/economia\\\/#listItem\",\"name\":\"Econom\\u00eda\"}}]},{\"@type\":\"Organization\",\"@id\":\"https:\\\/\\\/www.eldigitaldeasturias.com\\\/noticias\\\/#organization\",\"name\":\"El Digital de Asturias\",\"description\":\"Hemeroteca\",\"url\":\"https:\\\/\\\/www.eldigitaldeasturias.com\\\/noticias\\\/\",\"email\":\"info@eldigitaldeasturias.com\",\"telephone\":\"+34652131393\",\"logo\":{\"@type\":\"ImageObject\",\"url\":\"https:\\\/\\\/www.eldigitaldeasturias.com\\\/noticias\\\/wp-content\\\/uploads\\\/2020\\\/12\\\/EDA.jpg\",\"@id\":\"https:\\\/\\\/www.eldigitaldeasturias.com\\\/noticias\\\/conferencia-de-alto-nivel-en-bruselas-sobre-el-futuro-del-trabajo\\\/#organizationLogo\",\"width\":649,\"height\":297},\"image\":{\"@id\":\"https:\\\/\\\/www.eldigitaldeasturias.com\\\/noticias\\\/conferencia-de-alto-nivel-en-bruselas-sobre-el-futuro-del-trabajo\\\/#organizationLogo\"},\"sameAs\":[\"https:\\\/\\\/facebook.com\\\/eldigitaldeasturias\",\"https:\\\/\\\/www.youtube.com\\\/channel\\\/UCZP-2wLEB9Rv6erhFmqVnvg\"],\"address\":{\"@id\":\"https:\\\/\\\/www.eldigitaldeasturias.com\\\/noticias\\\/#postaladdress\",\"@type\":\"PostalAddress\",\"streetAddress\":\"san antonio 4,\",\"postalCode\":\"33430\",\"addressLocality\":\"Cand\\u00e1s\",\"addressRegion\":\"Asturias\",\"addressCountry\":\"ES\"}},{\"@type\":\"Person\",\"@id\":\"https:\\\/\\\/www.eldigitaldeasturias.com\\\/noticias\\\/author\\\/admin\\\/#author\",\"url\":\"https:\\\/\\\/www.eldigitaldeasturias.com\\\/noticias\\\/author\\\/admin\\\/\",\"name\":\"El Digital de Asturias\",\"image\":{\"@type\":\"ImageObject\",\"@id\":\"https:\\\/\\\/www.eldigitaldeasturias.com\\\/noticias\\\/conferencia-de-alto-nivel-en-bruselas-sobre-el-futuro-del-trabajo\\\/#authorImage\",\"url\":\"https:\\\/\\\/www.eldigitaldeasturias.com\\\/noticias\\\/wp-content\\\/litespeed\\\/avatar\\\/18677e78aa0546b92d9dbf31ec7d7668.jpg?ver=1777290358\",\"width\":96,\"height\":96,\"caption\":\"El Digital de Asturias\"}},{\"@type\":\"WebPage\",\"@id\":\"https:\\\/\\\/www.eldigitaldeasturias.com\\\/noticias\\\/conferencia-de-alto-nivel-en-bruselas-sobre-el-futuro-del-trabajo\\\/#webpage\",\"url\":\"https:\\\/\\\/www.eldigitaldeasturias.com\\\/noticias\\\/conferencia-de-alto-nivel-en-bruselas-sobre-el-futuro-del-trabajo\\\/\",\"name\":\"Conferencia de Alto Nivel en Bruselas sobre el futuro del trabajo - El Digital de Asturias\",\"description\":\"\\u200bLa ministra de Trabajo, Migraciones y Seguridad Social, Magdalena Valerio, ha participado en Bruselas en la Conferencia de Alto Nivel sobre \\\"El futuro del trabajo: Hoy. Ma\\u00f1ana. Para todos\\\". \\u200bEn su intervenci\\u00f3n, Valerio afirm\\u00f3 que el futuro del trabajo va a depender de las pol\\u00edticas que se adopten en respuesta a las transformaciones profundas que\",\"inLanguage\":\"es-ES\",\"isPartOf\":{\"@id\":\"https:\\\/\\\/www.eldigitaldeasturias.com\\\/noticias\\\/#website\"},\"breadcrumb\":{\"@id\":\"https:\\\/\\\/www.eldigitaldeasturias.com\\\/noticias\\\/conferencia-de-alto-nivel-en-bruselas-sobre-el-futuro-del-trabajo\\\/#breadcrumblist\"},\"author\":{\"@id\":\"https:\\\/\\\/www.eldigitaldeasturias.com\\\/noticias\\\/author\\\/admin\\\/#author\"},\"creator\":{\"@id\":\"https:\\\/\\\/www.eldigitaldeasturias.com\\\/noticias\\\/author\\\/admin\\\/#author\"},\"image\":{\"@type\":\"ImageObject\",\"url\":\"https:\\\/\\\/www.eldigitaldeasturias.com\\\/noticias\\\/wp-content\\\/uploads\\\/2019\\\/04\\\/090419-Conferencia01.jpg\",\"@id\":\"https:\\\/\\\/www.eldigitaldeasturias.com\\\/noticias\\\/conferencia-de-alto-nivel-en-bruselas-sobre-el-futuro-del-trabajo\\\/#mainImage\",\"width\":432,\"height\":288},\"primaryImageOfPage\":{\"@id\":\"https:\\\/\\\/www.eldigitaldeasturias.com\\\/noticias\\\/conferencia-de-alto-nivel-en-bruselas-sobre-el-futuro-del-trabajo\\\/#mainImage\"},\"datePublished\":\"2019-04-09T21:23:53+02:00\",\"dateModified\":\"2019-04-09T21:23:53+02:00\"},{\"@type\":\"WebSite\",\"@id\":\"https:\\\/\\\/www.eldigitaldeasturias.com\\\/noticias\\\/#website\",\"url\":\"https:\\\/\\\/www.eldigitaldeasturias.com\\\/noticias\\\/\",\"name\":\"El Digital de Asturias - Diario de actualidad y noticias\",\"alternateName\":\"El Digital de Asturias - Diario de actualidad y noticias\",\"description\":\"Hemeroteca\",\"inLanguage\":\"es-ES\",\"publisher\":{\"@id\":\"https:\\\/\\\/www.eldigitaldeasturias.com\\\/noticias\\\/#organization\"}}]}\n\t\t<\/script>\n\t\t<!-- All in One SEO Pro -->\r\n\t\t<title>Conferencia de Alto Nivel en Bruselas sobre el futuro del trabajo - El Digital de Asturias<\/title>\n\n","aioseo_head_json":{"title":"Conferencia de Alto Nivel en Bruselas sobre el futuro del trabajo - El Digital de Asturias","description":"\u200bLa ministra de Trabajo, Migraciones y Seguridad Social, Magdalena Valerio, ha participado en Bruselas en la Conferencia de Alto Nivel sobre \"El futuro del trabajo: Hoy. Ma\u00f1ana. Para todos\". \u200bEn su intervenci\u00f3n, Valerio afirm\u00f3 que el futuro del trabajo va a depender de las pol\u00edticas que se adopten en respuesta a las transformaciones profundas que","canonical_url":"https:\/\/www.eldigitaldeasturias.com\/noticias\/conferencia-de-alto-nivel-en-bruselas-sobre-el-futuro-del-trabajo\/","robots":"max-image-preview:large","keywords":"econom\u00eda","webmasterTools":{"google-site-verification":"UA-38556648-1","msvalidate.01":"7dfe9f3f1b24437ab69f4f2559babe99","miscellaneous":""},"schema":{"@context":"https:\/\/schema.org","@graph":[{"@type":"BlogPosting","@id":"https:\/\/www.eldigitaldeasturias.com\/noticias\/conferencia-de-alto-nivel-en-bruselas-sobre-el-futuro-del-trabajo\/#blogposting","name":"Conferencia de Alto Nivel en Bruselas sobre el futuro del trabajo - El Digital de Asturias","headline":"Conferencia de Alto Nivel en Bruselas sobre el futuro del trabajo","author":{"@id":"https:\/\/www.eldigitaldeasturias.com\/noticias\/author\/admin\/#author"},"publisher":{"@id":"https:\/\/www.eldigitaldeasturias.com\/noticias\/#organization"},"image":{"@type":"ImageObject","url":"https:\/\/www.eldigitaldeasturias.com\/noticias\/wp-content\/uploads\/2019\/04\/090419-Conferencia01.jpg","width":432,"height":288},"datePublished":"2019-04-09T21:23:53+02:00","dateModified":"2019-04-09T21:23:53+02:00","inLanguage":"es-ES","mainEntityOfPage":{"@id":"https:\/\/www.eldigitaldeasturias.com\/noticias\/conferencia-de-alto-nivel-en-bruselas-sobre-el-futuro-del-trabajo\/#webpage"},"isPartOf":{"@id":"https:\/\/www.eldigitaldeasturias.com\/noticias\/conferencia-de-alto-nivel-en-bruselas-sobre-el-futuro-del-trabajo\/#webpage"},"articleSection":"Econom\u00eda"},{"@type":"BreadcrumbList","@id":"https:\/\/www.eldigitaldeasturias.com\/noticias\/conferencia-de-alto-nivel-en-bruselas-sobre-el-futuro-del-trabajo\/#breadcrumblist","itemListElement":[{"@type":"ListItem","@id":"https:\/\/www.eldigitaldeasturias.com\/noticias#listItem","position":1,"name":"Home","item":"https:\/\/www.eldigitaldeasturias.com\/noticias","nextItem":{"@type":"ListItem","@id":"https:\/\/www.eldigitaldeasturias.com\/noticias\/category\/economia\/#listItem","name":"Econom\u00eda"}},{"@type":"ListItem","@id":"https:\/\/www.eldigitaldeasturias.com\/noticias\/category\/economia\/#listItem","position":2,"name":"Econom\u00eda","item":"https:\/\/www.eldigitaldeasturias.com\/noticias\/category\/economia\/","nextItem":{"@type":"ListItem","@id":"https:\/\/www.eldigitaldeasturias.com\/noticias\/conferencia-de-alto-nivel-en-bruselas-sobre-el-futuro-del-trabajo\/#listItem","name":"Conferencia de Alto Nivel en Bruselas sobre el futuro del trabajo"},"previousItem":{"@type":"ListItem","@id":"https:\/\/www.eldigitaldeasturias.com\/noticias#listItem","name":"Home"}},{"@type":"ListItem","@id":"https:\/\/www.eldigitaldeasturias.com\/noticias\/conferencia-de-alto-nivel-en-bruselas-sobre-el-futuro-del-trabajo\/#listItem","position":3,"name":"Conferencia de Alto Nivel en Bruselas sobre el futuro del trabajo","previousItem":{"@type":"ListItem","@id":"https:\/\/www.eldigitaldeasturias.com\/noticias\/category\/economia\/#listItem","name":"Econom\u00eda"}}]},{"@type":"Organization","@id":"https:\/\/www.eldigitaldeasturias.com\/noticias\/#organization","name":"El Digital de Asturias","description":"Hemeroteca","url":"https:\/\/www.eldigitaldeasturias.com\/noticias\/","email":"info@eldigitaldeasturias.com","telephone":"+34652131393","logo":{"@type":"ImageObject","url":"https:\/\/www.eldigitaldeasturias.com\/noticias\/wp-content\/uploads\/2020\/12\/EDA.jpg","@id":"https:\/\/www.eldigitaldeasturias.com\/noticias\/conferencia-de-alto-nivel-en-bruselas-sobre-el-futuro-del-trabajo\/#organizationLogo","width":649,"height":297},"image":{"@id":"https:\/\/www.eldigitaldeasturias.com\/noticias\/conferencia-de-alto-nivel-en-bruselas-sobre-el-futuro-del-trabajo\/#organizationLogo"},"sameAs":["https:\/\/facebook.com\/eldigitaldeasturias","https:\/\/www.youtube.com\/channel\/UCZP-2wLEB9Rv6erhFmqVnvg"],"address":{"@id":"https:\/\/www.eldigitaldeasturias.com\/noticias\/#postaladdress","@type":"PostalAddress","streetAddress":"san antonio 4,","postalCode":"33430","addressLocality":"Cand\u00e1s","addressRegion":"Asturias","addressCountry":"ES"}},{"@type":"Person","@id":"https:\/\/www.eldigitaldeasturias.com\/noticias\/author\/admin\/#author","url":"https:\/\/www.eldigitaldeasturias.com\/noticias\/author\/admin\/","name":"El Digital de Asturias","image":{"@type":"ImageObject","@id":"https:\/\/www.eldigitaldeasturias.com\/noticias\/conferencia-de-alto-nivel-en-bruselas-sobre-el-futuro-del-trabajo\/#authorImage","url":"https:\/\/www.eldigitaldeasturias.com\/noticias\/wp-content\/litespeed\/avatar\/18677e78aa0546b92d9dbf31ec7d7668.jpg?ver=1777290358","width":96,"height":96,"caption":"El Digital de Asturias"}},{"@type":"WebPage","@id":"https:\/\/www.eldigitaldeasturias.com\/noticias\/conferencia-de-alto-nivel-en-bruselas-sobre-el-futuro-del-trabajo\/#webpage","url":"https:\/\/www.eldigitaldeasturias.com\/noticias\/conferencia-de-alto-nivel-en-bruselas-sobre-el-futuro-del-trabajo\/","name":"Conferencia de Alto Nivel en Bruselas sobre el futuro del trabajo - El Digital de Asturias","description":"\u200bLa ministra de Trabajo, Migraciones y Seguridad Social, Magdalena Valerio, ha participado en Bruselas en la Conferencia de Alto Nivel sobre \"El futuro del trabajo: Hoy. Ma\u00f1ana. Para todos\". \u200bEn su intervenci\u00f3n, Valerio afirm\u00f3 que el futuro del trabajo va a depender de las pol\u00edticas que se adopten en respuesta a las transformaciones profundas que","inLanguage":"es-ES","isPartOf":{"@id":"https:\/\/www.eldigitaldeasturias.com\/noticias\/#website"},"breadcrumb":{"@id":"https:\/\/www.eldigitaldeasturias.com\/noticias\/conferencia-de-alto-nivel-en-bruselas-sobre-el-futuro-del-trabajo\/#breadcrumblist"},"author":{"@id":"https:\/\/www.eldigitaldeasturias.com\/noticias\/author\/admin\/#author"},"creator":{"@id":"https:\/\/www.eldigitaldeasturias.com\/noticias\/author\/admin\/#author"},"image":{"@type":"ImageObject","url":"https:\/\/www.eldigitaldeasturias.com\/noticias\/wp-content\/uploads\/2019\/04\/090419-Conferencia01.jpg","@id":"https:\/\/www.eldigitaldeasturias.com\/noticias\/conferencia-de-alto-nivel-en-bruselas-sobre-el-futuro-del-trabajo\/#mainImage","width":432,"height":288},"primaryImageOfPage":{"@id":"https:\/\/www.eldigitaldeasturias.com\/noticias\/conferencia-de-alto-nivel-en-bruselas-sobre-el-futuro-del-trabajo\/#mainImage"},"datePublished":"2019-04-09T21:23:53+02:00","dateModified":"2019-04-09T21:23:53+02:00"},{"@type":"WebSite","@id":"https:\/\/www.eldigitaldeasturias.com\/noticias\/#website","url":"https:\/\/www.eldigitaldeasturias.com\/noticias\/","name":"El Digital de Asturias - Diario de actualidad y noticias","alternateName":"El Digital de Asturias - Diario de actualidad y noticias","description":"Hemeroteca","inLanguage":"es-ES","publisher":{"@id":"https:\/\/www.eldigitaldeasturias.com\/noticias\/#organization"}}]},"og:locale":"es_ES","og:site_name":"El Digital de Asturias","og:type":"article","og:title":"Conferencia de Alto Nivel en Bruselas sobre el futuro del trabajo - El Digital de Asturias","og:description":"\u200bLa ministra de Trabajo, Migraciones y Seguridad Social, Magdalena Valerio, ha participado en Bruselas en la Conferencia de Alto Nivel sobre &quot;El futuro del trabajo: Hoy. Ma\u00f1ana. Para todos&quot;. \u200bEn su intervenci\u00f3n, Valerio afirm\u00f3 que el futuro del trabajo va a depender de las pol\u00edticas que se adopten en respuesta a las transformaciones profundas que","og:url":"https:\/\/www.eldigitaldeasturias.com\/noticias\/conferencia-de-alto-nivel-en-bruselas-sobre-el-futuro-del-trabajo\/","og:image":"https:\/\/www.eldigitaldeasturias.com\/noticias\/wp-content\/uploads\/2019\/04\/090419-Conferencia01.jpg","og:image:secure_url":"https:\/\/www.eldigitaldeasturias.com\/noticias\/wp-content\/uploads\/2019\/04\/090419-Conferencia01.jpg","og:image:width":432,"og:image:height":288,"article:tag":["econom\u00eda"],"article:published_time":"2019-04-09T21:23:53+00:00","article:modified_time":"2019-04-09T21:23:53+00:00","article:publisher":"https:\/\/facebook.com\/eldigitaldeasturias","twitter:card":"summary_large_image","twitter:title":"Conferencia de Alto Nivel en Bruselas sobre el futuro del trabajo - El Digital de Asturias","twitter:description":"\u200bLa ministra de Trabajo, Migraciones y Seguridad Social, Magdalena Valerio, ha participado en Bruselas en la Conferencia de Alto Nivel sobre &quot;El futuro del trabajo: Hoy. Ma\u00f1ana. Para todos&quot;. \u200bEn su intervenci\u00f3n, Valerio afirm\u00f3 que el futuro del trabajo va a depender de las pol\u00edticas que se adopten en respuesta a las transformaciones profundas que","twitter:image":"https:\/\/www.eldigitaldeasturias.com\/noticias\/wp-content\/uploads\/2019\/04\/090419-Conferencia01.jpg","twitter:label1":"Escrito por","twitter:data1":"El Digital de Asturias","twitter:label2":"Tiempo de lectura estimado","twitter:data2":"5 minutos"},"aioseo_meta_data":{"post_id":"1023437","title":null,"description":null,"keywords":null,"keyphrases":null,"primary_term":null,"canonical_url":null,"og_title":null,"og_description":null,"og_object_type":"default","og_image_type":"default","og_image_url":null,"og_image_width":null,"og_image_height":null,"og_image_custom_url":null,"og_image_custom_fields":null,"og_video":null,"og_custom_url":null,"og_article_section":null,"og_article_tags":null,"twitter_use_og":false,"twitter_card":"default","twitter_image_type":"default","twitter_image_url":null,"twitter_image_custom_url":null,"twitter_image_custom_fields":null,"twitter_title":null,"twitter_description":null,"schema":{"blockGraphs":[],"customGraphs":[],"default":{"data":{"Article":[],"Course":[],"Dataset":[],"FAQPage":[],"Movie":[],"Person":[],"Product":[],"ProductReview":[],"Car":[],"Recipe":[],"Service":[],"SoftwareApplication":[],"WebPage":[]},"graphName":"","isEnabled":true},"graphs":[],"defaultGraph":"","defaultPostTypeGraph":""},"schema_type":null,"schema_type_options":null,"pillar_content":false,"robots_default":true,"robots_noindex":false,"robots_noarchive":false,"robots_nosnippet":false,"robots_nofollow":false,"robots_noimageindex":false,"robots_noodp":false,"robots_notranslate":false,"robots_max_snippet":null,"robots_max_videopreview":null,"robots_max_imagepreview":"large","priority":null,"frequency":null,"local_seo":null,"seo_analyzer_scan_date":"2025-10-17 12:38:14","breadcrumb_settings":null,"limit_modified_date":false,"open_ai":null,"ai":null,"created":"2020-12-21 11:15:14","updated":"2025-10-17 12:38:14"},"aioseo_breadcrumb":"<div class=\"aioseo-breadcrumbs\"><span class=\"aioseo-breadcrumb\">\n\t<a href=\"https:\/\/www.eldigitaldeasturias.com\/noticias\" title=\"Home\">Home<\/a>\n<\/span><span class=\"aioseo-breadcrumb-separator\">\u2013<\/span><span class=\"aioseo-breadcrumb\">\n\t<a href=\"https:\/\/www.eldigitaldeasturias.com\/noticias\/category\/economia\/\" title=\"Econom\u00eda\">Econom\u00eda<\/a>\n<\/span><span class=\"aioseo-breadcrumb-separator\">\u2013<\/span><span class=\"aioseo-breadcrumb\">\n\t<a href=\"https:\/\/www.eldigitaldeasturias.com\/noticias\/conferencia-de-alto-nivel-en-bruselas-sobre-el-futuro-del-trabajo\/\" title=\"Conferencia de Alto Nivel en Bruselas sobre el futuro del trabajo\">Conferencia de Alto Nivel en Bruselas sobre el futuro del trabajo<\/a>\n<\/span><\/div>","aioseo_breadcrumb_json":[{"label":"Home","link":"https:\/\/www.eldigitaldeasturias.com\/noticias"},{"label":"Econom\u00eda","link":"https:\/\/www.eldigitaldeasturias.com\/noticias\/category\/economia\/"},{"label":"Conferencia de Alto Nivel en Bruselas sobre el futuro del trabajo","link":"https:\/\/www.eldigitaldeasturias.com\/noticias\/conferencia-de-alto-nivel-en-bruselas-sobre-el-futuro-del-trabajo\/"}],"_links":{"self":[{"href":"https:\/\/www.eldigitaldeasturias.com\/noticias\/wp-json\/wp\/v2\/posts\/1023437","targetHints":{"allow":["GET"]}}],"collection":[{"href":"https:\/\/www.eldigitaldeasturias.com\/noticias\/wp-json\/wp\/v2\/posts"}],"about":[{"href":"https:\/\/www.eldigitaldeasturias.com\/noticias\/wp-json\/wp\/v2\/types\/post"}],"author":[{"embeddable":true,"href":"https:\/\/www.eldigitaldeasturias.com\/noticias\/wp-json\/wp\/v2\/users\/1"}],"replies":[{"embeddable":true,"href":"https:\/\/www.eldigitaldeasturias.com\/noticias\/wp-json\/wp\/v2\/comments?post=1023437"}],"version-history":[{"count":0,"href":"https:\/\/www.eldigitaldeasturias.com\/noticias\/wp-json\/wp\/v2\/posts\/1023437\/revisions"}],"wp:featuredmedia":[{"embeddable":true,"href":"https:\/\/www.eldigitaldeasturias.com\/noticias\/wp-json\/wp\/v2\/media\/1023438"}],"wp:attachment":[{"href":"https:\/\/www.eldigitaldeasturias.com\/noticias\/wp-json\/wp\/v2\/media?parent=1023437"}],"wp:term":[{"taxonomy":"category","embeddable":true,"href":"https:\/\/www.eldigitaldeasturias.com\/noticias\/wp-json\/wp\/v2\/categories?post=1023437"},{"taxonomy":"post_tag","embeddable":true,"href":"https:\/\/www.eldigitaldeasturias.com\/noticias\/wp-json\/wp\/v2\/tags?post=1023437"}],"curies":[{"name":"wp","href":"https:\/\/api.w.org\/{rel}","templated":true}]}}