{"id":1023403,"date":"2019-04-09T16:37:21","date_gmt":"2019-04-09T16:37:21","guid":{"rendered":"https:\/\/www.eldigitaldeasturias.com\/noticias\/?p=1023403"},"modified":"2019-04-09T16:37:21","modified_gmt":"2019-04-09T16:37:21","slug":"la-comision-europea-plantea-los-proximos-pasos-para-el-desarrollo-de-la-inteligencia-artificial","status":"publish","type":"post","link":"https:\/\/www.eldigitaldeasturias.com\/noticias\/la-comision-europea-plantea-los-proximos-pasos-para-el-desarrollo-de-la-inteligencia-artificial\/","title":{"rendered":"La Comisi\u00f3n Europea plantea los pr\u00f3ximos pasos para el desarrollo de la inteligencia artificial"},"content":{"rendered":"<p><img loading=\"lazy\" decoding=\"async\" class=\"alignleft size-medium wp-image-983320\" src=\"https:\/\/www.eldigitaldeasturias.com\/noticias\/wp-content\/uploads\/2018\/06\/blue-1283011_960_720-360x252.jpg\" alt=\"\" width=\"360\" height=\"252\" srcset=\"https:\/\/www.eldigitaldeasturias.com\/noticias\/wp-content\/uploads\/2018\/06\/blue-1283011_960_720-360x252.jpg 360w, https:\/\/www.eldigitaldeasturias.com\/noticias\/wp-content\/uploads\/2018\/06\/blue-1283011_960_720-429x300.jpg 429w, https:\/\/www.eldigitaldeasturias.com\/noticias\/wp-content\/uploads\/2018\/06\/blue-1283011_960_720-768x537.jpg 768w, https:\/\/www.eldigitaldeasturias.com\/noticias\/wp-content\/uploads\/2018\/06\/blue-1283011_960_720-687x480.jpg 687w, https:\/\/www.eldigitaldeasturias.com\/noticias\/wp-content\/uploads\/2018\/06\/blue-1283011_960_720-20x14.jpg 20w, https:\/\/www.eldigitaldeasturias.com\/noticias\/wp-content\/uploads\/2018\/06\/blue-1283011_960_720.jpg 960w\" sizes=\"auto, (max-width: 360px) 100vw, 360px\" \/>La Comisi\u00f3n Europea anunci\u00f3 este martes mediante un comunicado de prensa que ha presentado los pr\u00f3ximos pasos para generar confianza en la inteligencia artificial, continuando el trabajo del grupo de expertos de alto nivel.<\/p>\n<p>El comunicado completo expone la siguiente informaci\u00f3n:<\/p>\n<p>\u201cA partir del trabajo del grupo de expertos independientes nombrados en junio de 2018, la Comisi\u00f3n puso ayer en marcha una fase piloto con el fin de garantizar que las directrices \u00e9ticas para el desarrollo y el uso de la inteligencia artificial puedan aplicarse en la pr\u00e1ctica. La Comisi\u00f3n invita a la industria, institutos de investigaci\u00f3n y autoridades p\u00fablicas a probar la lista detallada de evaluaci\u00f3n elaborada por el grupo de expertos de alto nivel, que complementa las directrices.<\/p>\n<p>Los planes presentados ayer son un resultado esperado en el marco de la estrategia para la inteligencia artificial de abril de 2018, cuyo objetivo es aumentar las inversiones p\u00fablicas y privadas hasta un m\u00ednimo de 20 000 millones de euros anuales en los pr\u00f3ximos diez a\u00f1os, facilitar el acceso a una mayor cantidad de datos, fomentar el talento y garantizar la confianza.<\/p>\n<p>El vicepresidente responsable del Mercado \u00danico Digital, Andrus Ansip, ha afirmado lo siguiente: \u00abAcojo con satisfacci\u00f3n el trabajo realizado por nuestros expertos independientes. La dimensi\u00f3n \u00e9tica de la inteligencia artificial no es un lujo ni un a\u00f1adido. Nuestra sociedad solo puede beneficiarse plenamente de las tecnolog\u00edas si existe confianza. La inteligencia artificial \u00e9tica es una propuesta beneficiosa para todos, que puede convertirse en una ventaja competitiva para Europa: liderar una inteligencia artificial centrada en el ser humano en la que la gente pueda confiar\u00bb.<\/p>\n<p>La comisaria responsable de la Econom\u00eda y Sociedad Digitales, Mariya Gabriel, ha a\u00f1adido: \u00abHoy damos un paso importante hacia la inteligencia artificial \u00e9tica y segura en la UE. Tras un amplio y constructivo compromiso alcanzado por muchas partes interesadas, incluidas las empresas, el mundo acad\u00e9mico y la sociedad civil, ahora contamos con unos fundamentos s\u00f3lidos basados en los valores de la UE. Vamos a poner estos requisitos en pr\u00e1ctica y, al mismo tiempo, fomentaremos un debate internacional sobre la inteligencia artificial centrada en el ser humano.\u00bb<\/p>\n<p>La inteligencia artificial puede aportar beneficios a una amplia gama de sectores, como la asistencia sanitaria, el consumo de energ\u00eda, la seguridad de los autom\u00f3viles, la agricultura, el cambio clim\u00e1tico y la gesti\u00f3n del riesgo financiero. La inteligencia artificial tambi\u00e9n puede ayudar a detectar el fraude y las amenazas de ciberseguridad y permite a las fuerzas y cuerpos de seguridad luchar contra la delincuencia con m\u00e1s eficacia. Sin embargo, tambi\u00e9n conlleva nuevos retos para el futuro del trabajo y plantea cuestiones jur\u00eddicas y \u00e9ticas.<\/p>\n<p>La Comisi\u00f3n propugna un enfoque en tres etapas: establecimiento de los requisitos esenciales para una inteligencia artificial fiable, lanzamiento de una fase piloto a gran escala para recabar los comentarios de las partes interesadas y b\u00fasqueda de un consenso internacional para la inteligencia artificial centrada en el ser humano\u201d, concluye el comunicado de prensa de la Comisi\u00f3n Europea.<\/p>\n","protected":false},"excerpt":{"rendered":"<p>La Comisi\u00f3n Europea anunci\u00f3 este martes mediante un comunicado de prensa que ha presentado los pr\u00f3ximos pasos para generar confianza en la inteligencia artificial, continuando el trabajo del grupo de expertos de alto nivel. El comunicado completo expone la siguiente informaci\u00f3n: \u201cA partir del trabajo del grupo de expertos independientes nombrados en junio de 2018, [&hellip;]<\/p>\n","protected":false},"author":1,"featured_media":983320,"comment_status":"closed","ping_status":"closed","sticky":false,"template":"","format":"standard","meta":{"footnotes":""},"categories":[187],"tags":[],"class_list":["post-1023403","post","type-post","status-publish","format-standard","has-post-thumbnail","hentry","category-economia"],"aioseo_notices":[],"aioseo_head":"\n\t\t<!-- All in One SEO Pro 4.9.6.2 - aioseo.com -->\n\t<meta name=\"description\" content=\"La Comisi\u00f3n Europea anunci\u00f3 este martes mediante un comunicado de prensa que ha presentado los pr\u00f3ximos pasos para generar confianza en la inteligencia artificial, continuando el trabajo del grupo de expertos de alto nivel. El comunicado completo expone la siguiente informaci\u00f3n: \u201cA partir del trabajo del grupo de expertos independientes nombrados en junio de 2018,\" \/>\n\t<meta name=\"robots\" content=\"max-image-preview:large\" \/>\n\t<meta name=\"author\" content=\"El Digital de Asturias\"\/>\n\t<meta name=\"google-site-verification\" content=\"UA-38556648-1\" \/>\n\t<meta name=\"msvalidate.01\" content=\"7dfe9f3f1b24437ab69f4f2559babe99\" \/>\n\t<meta name=\"keywords\" content=\"econom\u00eda\" \/>\n\t<link rel=\"canonical\" href=\"https:\/\/www.eldigitaldeasturias.com\/noticias\/la-comision-europea-plantea-los-proximos-pasos-para-el-desarrollo-de-la-inteligencia-artificial\/\" \/>\n\t<meta name=\"generator\" content=\"All in One SEO Pro (AIOSEO) 4.9.6.2\" \/>\n\t\t<meta property=\"og:locale\" content=\"es_ES\" \/>\n\t\t<meta property=\"og:site_name\" content=\"El Digital de Asturias\" \/>\n\t\t<meta property=\"og:type\" content=\"article\" \/>\n\t\t<meta property=\"og:title\" content=\"La Comisi\u00f3n Europea plantea los pr\u00f3ximos pasos para el desarrollo de la inteligencia artificial - El Digital de Asturias\" \/>\n\t\t<meta property=\"og:description\" content=\"La Comisi\u00f3n Europea anunci\u00f3 este martes mediante un comunicado de prensa que ha presentado los pr\u00f3ximos pasos para generar confianza en la inteligencia artificial, continuando el trabajo del grupo de expertos de alto nivel. El comunicado completo expone la siguiente informaci\u00f3n: \u201cA partir del trabajo del grupo de expertos independientes nombrados en junio de 2018,\" \/>\n\t\t<meta property=\"og:url\" content=\"https:\/\/www.eldigitaldeasturias.com\/noticias\/la-comision-europea-plantea-los-proximos-pasos-para-el-desarrollo-de-la-inteligencia-artificial\/\" \/>\n\t\t<meta property=\"og:image\" content=\"https:\/\/www.eldigitaldeasturias.com\/noticias\/wp-content\/uploads\/2018\/06\/blue-1283011_960_720.jpg\" \/>\n\t\t<meta property=\"og:image:secure_url\" content=\"https:\/\/www.eldigitaldeasturias.com\/noticias\/wp-content\/uploads\/2018\/06\/blue-1283011_960_720.jpg\" \/>\n\t\t<meta property=\"og:image:width\" content=\"960\" \/>\n\t\t<meta property=\"og:image:height\" content=\"671\" \/>\n\t\t<meta property=\"article:tag\" content=\"econom\u00eda\" \/>\n\t\t<meta property=\"article:published_time\" content=\"2019-04-09T16:37:21+00:00\" \/>\n\t\t<meta property=\"article:modified_time\" content=\"2019-04-09T16:37:21+00:00\" \/>\n\t\t<meta property=\"article:publisher\" content=\"https:\/\/facebook.com\/eldigitaldeasturias\" \/>\n\t\t<meta name=\"twitter:card\" content=\"summary_large_image\" \/>\n\t\t<meta name=\"twitter:title\" content=\"La Comisi\u00f3n Europea plantea los pr\u00f3ximos pasos para el desarrollo de la inteligencia artificial - El Digital de Asturias\" \/>\n\t\t<meta name=\"twitter:description\" content=\"La Comisi\u00f3n Europea anunci\u00f3 este martes mediante un comunicado de prensa que ha presentado los pr\u00f3ximos pasos para generar confianza en la inteligencia artificial, continuando el trabajo del grupo de expertos de alto nivel. El comunicado completo expone la siguiente informaci\u00f3n: \u201cA partir del trabajo del grupo de expertos independientes nombrados en junio de 2018,\" \/>\n\t\t<meta name=\"twitter:image\" content=\"https:\/\/www.eldigitaldeasturias.com\/noticias\/wp-content\/uploads\/2018\/06\/blue-1283011_960_720.jpg\" \/>\n\t\t<meta name=\"twitter:label1\" content=\"Escrito por\" \/>\n\t\t<meta name=\"twitter:data1\" content=\"El Digital de Asturias\" \/>\n\t\t<meta name=\"twitter:label2\" content=\"Tiempo de lectura estimado\" \/>\n\t\t<meta name=\"twitter:data2\" content=\"3 minutos\" \/>\n\t\t<script type=\"application\/ld+json\" class=\"aioseo-schema\">\n\t\t\t{\"@context\":\"https:\\\/\\\/schema.org\",\"@graph\":[{\"@type\":\"BlogPosting\",\"@id\":\"https:\\\/\\\/www.eldigitaldeasturias.com\\\/noticias\\\/la-comision-europea-plantea-los-proximos-pasos-para-el-desarrollo-de-la-inteligencia-artificial\\\/#blogposting\",\"name\":\"La Comisi\\u00f3n Europea plantea los pr\\u00f3ximos pasos para el desarrollo de la inteligencia artificial - El Digital de Asturias\",\"headline\":\"La Comisi\\u00f3n Europea plantea los pr\\u00f3ximos pasos para el desarrollo de la inteligencia artificial\",\"author\":{\"@id\":\"https:\\\/\\\/www.eldigitaldeasturias.com\\\/noticias\\\/author\\\/admin\\\/#author\"},\"publisher\":{\"@id\":\"https:\\\/\\\/www.eldigitaldeasturias.com\\\/noticias\\\/#organization\"},\"image\":{\"@type\":\"ImageObject\",\"url\":\"https:\\\/\\\/www.eldigitaldeasturias.com\\\/noticias\\\/wp-content\\\/uploads\\\/2018\\\/06\\\/blue-1283011_960_720.jpg\",\"width\":960,\"height\":671},\"datePublished\":\"2019-04-09T16:37:21+02:00\",\"dateModified\":\"2019-04-09T16:37:21+02:00\",\"inLanguage\":\"es-ES\",\"mainEntityOfPage\":{\"@id\":\"https:\\\/\\\/www.eldigitaldeasturias.com\\\/noticias\\\/la-comision-europea-plantea-los-proximos-pasos-para-el-desarrollo-de-la-inteligencia-artificial\\\/#webpage\"},\"isPartOf\":{\"@id\":\"https:\\\/\\\/www.eldigitaldeasturias.com\\\/noticias\\\/la-comision-europea-plantea-los-proximos-pasos-para-el-desarrollo-de-la-inteligencia-artificial\\\/#webpage\"},\"articleSection\":\"Econom\\u00eda\"},{\"@type\":\"BreadcrumbList\",\"@id\":\"https:\\\/\\\/www.eldigitaldeasturias.com\\\/noticias\\\/la-comision-europea-plantea-los-proximos-pasos-para-el-desarrollo-de-la-inteligencia-artificial\\\/#breadcrumblist\",\"itemListElement\":[{\"@type\":\"ListItem\",\"@id\":\"https:\\\/\\\/www.eldigitaldeasturias.com\\\/noticias#listItem\",\"position\":1,\"name\":\"Home\",\"item\":\"https:\\\/\\\/www.eldigitaldeasturias.com\\\/noticias\",\"nextItem\":{\"@type\":\"ListItem\",\"@id\":\"https:\\\/\\\/www.eldigitaldeasturias.com\\\/noticias\\\/category\\\/economia\\\/#listItem\",\"name\":\"Econom\\u00eda\"}},{\"@type\":\"ListItem\",\"@id\":\"https:\\\/\\\/www.eldigitaldeasturias.com\\\/noticias\\\/category\\\/economia\\\/#listItem\",\"position\":2,\"name\":\"Econom\\u00eda\",\"item\":\"https:\\\/\\\/www.eldigitaldeasturias.com\\\/noticias\\\/category\\\/economia\\\/\",\"nextItem\":{\"@type\":\"ListItem\",\"@id\":\"https:\\\/\\\/www.eldigitaldeasturias.com\\\/noticias\\\/la-comision-europea-plantea-los-proximos-pasos-para-el-desarrollo-de-la-inteligencia-artificial\\\/#listItem\",\"name\":\"La Comisi\\u00f3n Europea plantea los pr\\u00f3ximos pasos para el desarrollo de la inteligencia artificial\"},\"previousItem\":{\"@type\":\"ListItem\",\"@id\":\"https:\\\/\\\/www.eldigitaldeasturias.com\\\/noticias#listItem\",\"name\":\"Home\"}},{\"@type\":\"ListItem\",\"@id\":\"https:\\\/\\\/www.eldigitaldeasturias.com\\\/noticias\\\/la-comision-europea-plantea-los-proximos-pasos-para-el-desarrollo-de-la-inteligencia-artificial\\\/#listItem\",\"position\":3,\"name\":\"La Comisi\\u00f3n Europea plantea los pr\\u00f3ximos pasos para el desarrollo de la inteligencia artificial\",\"previousItem\":{\"@type\":\"ListItem\",\"@id\":\"https:\\\/\\\/www.eldigitaldeasturias.com\\\/noticias\\\/category\\\/economia\\\/#listItem\",\"name\":\"Econom\\u00eda\"}}]},{\"@type\":\"Organization\",\"@id\":\"https:\\\/\\\/www.eldigitaldeasturias.com\\\/noticias\\\/#organization\",\"name\":\"El Digital de Asturias\",\"description\":\"Hemeroteca\",\"url\":\"https:\\\/\\\/www.eldigitaldeasturias.com\\\/noticias\\\/\",\"email\":\"info@eldigitaldeasturias.com\",\"telephone\":\"+34652131393\",\"logo\":{\"@type\":\"ImageObject\",\"url\":\"https:\\\/\\\/www.eldigitaldeasturias.com\\\/noticias\\\/wp-content\\\/uploads\\\/2020\\\/12\\\/EDA.jpg\",\"@id\":\"https:\\\/\\\/www.eldigitaldeasturias.com\\\/noticias\\\/la-comision-europea-plantea-los-proximos-pasos-para-el-desarrollo-de-la-inteligencia-artificial\\\/#organizationLogo\",\"width\":649,\"height\":297},\"image\":{\"@id\":\"https:\\\/\\\/www.eldigitaldeasturias.com\\\/noticias\\\/la-comision-europea-plantea-los-proximos-pasos-para-el-desarrollo-de-la-inteligencia-artificial\\\/#organizationLogo\"},\"sameAs\":[\"https:\\\/\\\/facebook.com\\\/eldigitaldeasturias\",\"https:\\\/\\\/www.youtube.com\\\/channel\\\/UCZP-2wLEB9Rv6erhFmqVnvg\"],\"address\":{\"@id\":\"https:\\\/\\\/www.eldigitaldeasturias.com\\\/noticias\\\/#postaladdress\",\"@type\":\"PostalAddress\",\"streetAddress\":\"san antonio 4,\",\"postalCode\":\"33430\",\"addressLocality\":\"Cand\\u00e1s\",\"addressRegion\":\"Asturias\",\"addressCountry\":\"ES\"}},{\"@type\":\"Person\",\"@id\":\"https:\\\/\\\/www.eldigitaldeasturias.com\\\/noticias\\\/author\\\/admin\\\/#author\",\"url\":\"https:\\\/\\\/www.eldigitaldeasturias.com\\\/noticias\\\/author\\\/admin\\\/\",\"name\":\"El Digital de Asturias\",\"image\":{\"@type\":\"ImageObject\",\"@id\":\"https:\\\/\\\/www.eldigitaldeasturias.com\\\/noticias\\\/la-comision-europea-plantea-los-proximos-pasos-para-el-desarrollo-de-la-inteligencia-artificial\\\/#authorImage\",\"url\":\"https:\\\/\\\/www.eldigitaldeasturias.com\\\/noticias\\\/wp-content\\\/litespeed\\\/avatar\\\/18677e78aa0546b92d9dbf31ec7d7668.jpg?ver=1777290358\",\"width\":96,\"height\":96,\"caption\":\"El Digital de Asturias\"}},{\"@type\":\"WebPage\",\"@id\":\"https:\\\/\\\/www.eldigitaldeasturias.com\\\/noticias\\\/la-comision-europea-plantea-los-proximos-pasos-para-el-desarrollo-de-la-inteligencia-artificial\\\/#webpage\",\"url\":\"https:\\\/\\\/www.eldigitaldeasturias.com\\\/noticias\\\/la-comision-europea-plantea-los-proximos-pasos-para-el-desarrollo-de-la-inteligencia-artificial\\\/\",\"name\":\"La Comisi\\u00f3n Europea plantea los pr\\u00f3ximos pasos para el desarrollo de la inteligencia artificial - El Digital de Asturias\",\"description\":\"La Comisi\\u00f3n Europea anunci\\u00f3 este martes mediante un comunicado de prensa que ha presentado los pr\\u00f3ximos pasos para generar confianza en la inteligencia artificial, continuando el trabajo del grupo de expertos de alto nivel. El comunicado completo expone la siguiente informaci\\u00f3n: \\u201cA partir del trabajo del grupo de expertos independientes nombrados en junio de 2018,\",\"inLanguage\":\"es-ES\",\"isPartOf\":{\"@id\":\"https:\\\/\\\/www.eldigitaldeasturias.com\\\/noticias\\\/#website\"},\"breadcrumb\":{\"@id\":\"https:\\\/\\\/www.eldigitaldeasturias.com\\\/noticias\\\/la-comision-europea-plantea-los-proximos-pasos-para-el-desarrollo-de-la-inteligencia-artificial\\\/#breadcrumblist\"},\"author\":{\"@id\":\"https:\\\/\\\/www.eldigitaldeasturias.com\\\/noticias\\\/author\\\/admin\\\/#author\"},\"creator\":{\"@id\":\"https:\\\/\\\/www.eldigitaldeasturias.com\\\/noticias\\\/author\\\/admin\\\/#author\"},\"image\":{\"@type\":\"ImageObject\",\"url\":\"https:\\\/\\\/www.eldigitaldeasturias.com\\\/noticias\\\/wp-content\\\/uploads\\\/2018\\\/06\\\/blue-1283011_960_720.jpg\",\"@id\":\"https:\\\/\\\/www.eldigitaldeasturias.com\\\/noticias\\\/la-comision-europea-plantea-los-proximos-pasos-para-el-desarrollo-de-la-inteligencia-artificial\\\/#mainImage\",\"width\":960,\"height\":671},\"primaryImageOfPage\":{\"@id\":\"https:\\\/\\\/www.eldigitaldeasturias.com\\\/noticias\\\/la-comision-europea-plantea-los-proximos-pasos-para-el-desarrollo-de-la-inteligencia-artificial\\\/#mainImage\"},\"datePublished\":\"2019-04-09T16:37:21+02:00\",\"dateModified\":\"2019-04-09T16:37:21+02:00\"},{\"@type\":\"WebSite\",\"@id\":\"https:\\\/\\\/www.eldigitaldeasturias.com\\\/noticias\\\/#website\",\"url\":\"https:\\\/\\\/www.eldigitaldeasturias.com\\\/noticias\\\/\",\"name\":\"El Digital de Asturias - Diario de actualidad y noticias\",\"alternateName\":\"El Digital de Asturias - Diario de actualidad y noticias\",\"description\":\"Hemeroteca\",\"inLanguage\":\"es-ES\",\"publisher\":{\"@id\":\"https:\\\/\\\/www.eldigitaldeasturias.com\\\/noticias\\\/#organization\"}}]}\n\t\t<\/script>\n\t\t<!-- All in One SEO Pro -->\r\n\t\t<title>La Comisi\u00f3n Europea plantea los pr\u00f3ximos pasos para el desarrollo de la inteligencia artificial - El Digital de Asturias<\/title>\n\n","aioseo_head_json":{"title":"La Comisi\u00f3n Europea plantea los pr\u00f3ximos pasos para el desarrollo de la inteligencia artificial - El Digital de Asturias","description":"La Comisi\u00f3n Europea anunci\u00f3 este martes mediante un comunicado de prensa que ha presentado los pr\u00f3ximos pasos para generar confianza en la inteligencia artificial, continuando el trabajo del grupo de expertos de alto nivel. El comunicado completo expone la siguiente informaci\u00f3n: \u201cA partir del trabajo del grupo de expertos independientes nombrados en junio de 2018,","canonical_url":"https:\/\/www.eldigitaldeasturias.com\/noticias\/la-comision-europea-plantea-los-proximos-pasos-para-el-desarrollo-de-la-inteligencia-artificial\/","robots":"max-image-preview:large","keywords":"econom\u00eda","webmasterTools":{"google-site-verification":"UA-38556648-1","msvalidate.01":"7dfe9f3f1b24437ab69f4f2559babe99","miscellaneous":""},"schema":{"@context":"https:\/\/schema.org","@graph":[{"@type":"BlogPosting","@id":"https:\/\/www.eldigitaldeasturias.com\/noticias\/la-comision-europea-plantea-los-proximos-pasos-para-el-desarrollo-de-la-inteligencia-artificial\/#blogposting","name":"La Comisi\u00f3n Europea plantea los pr\u00f3ximos pasos para el desarrollo de la inteligencia artificial - El Digital de Asturias","headline":"La Comisi\u00f3n Europea plantea los pr\u00f3ximos pasos para el desarrollo de la inteligencia artificial","author":{"@id":"https:\/\/www.eldigitaldeasturias.com\/noticias\/author\/admin\/#author"},"publisher":{"@id":"https:\/\/www.eldigitaldeasturias.com\/noticias\/#organization"},"image":{"@type":"ImageObject","url":"https:\/\/www.eldigitaldeasturias.com\/noticias\/wp-content\/uploads\/2018\/06\/blue-1283011_960_720.jpg","width":960,"height":671},"datePublished":"2019-04-09T16:37:21+02:00","dateModified":"2019-04-09T16:37:21+02:00","inLanguage":"es-ES","mainEntityOfPage":{"@id":"https:\/\/www.eldigitaldeasturias.com\/noticias\/la-comision-europea-plantea-los-proximos-pasos-para-el-desarrollo-de-la-inteligencia-artificial\/#webpage"},"isPartOf":{"@id":"https:\/\/www.eldigitaldeasturias.com\/noticias\/la-comision-europea-plantea-los-proximos-pasos-para-el-desarrollo-de-la-inteligencia-artificial\/#webpage"},"articleSection":"Econom\u00eda"},{"@type":"BreadcrumbList","@id":"https:\/\/www.eldigitaldeasturias.com\/noticias\/la-comision-europea-plantea-los-proximos-pasos-para-el-desarrollo-de-la-inteligencia-artificial\/#breadcrumblist","itemListElement":[{"@type":"ListItem","@id":"https:\/\/www.eldigitaldeasturias.com\/noticias#listItem","position":1,"name":"Home","item":"https:\/\/www.eldigitaldeasturias.com\/noticias","nextItem":{"@type":"ListItem","@id":"https:\/\/www.eldigitaldeasturias.com\/noticias\/category\/economia\/#listItem","name":"Econom\u00eda"}},{"@type":"ListItem","@id":"https:\/\/www.eldigitaldeasturias.com\/noticias\/category\/economia\/#listItem","position":2,"name":"Econom\u00eda","item":"https:\/\/www.eldigitaldeasturias.com\/noticias\/category\/economia\/","nextItem":{"@type":"ListItem","@id":"https:\/\/www.eldigitaldeasturias.com\/noticias\/la-comision-europea-plantea-los-proximos-pasos-para-el-desarrollo-de-la-inteligencia-artificial\/#listItem","name":"La Comisi\u00f3n Europea plantea los pr\u00f3ximos pasos para el desarrollo de la inteligencia artificial"},"previousItem":{"@type":"ListItem","@id":"https:\/\/www.eldigitaldeasturias.com\/noticias#listItem","name":"Home"}},{"@type":"ListItem","@id":"https:\/\/www.eldigitaldeasturias.com\/noticias\/la-comision-europea-plantea-los-proximos-pasos-para-el-desarrollo-de-la-inteligencia-artificial\/#listItem","position":3,"name":"La Comisi\u00f3n Europea plantea los pr\u00f3ximos pasos para el desarrollo de la inteligencia artificial","previousItem":{"@type":"ListItem","@id":"https:\/\/www.eldigitaldeasturias.com\/noticias\/category\/economia\/#listItem","name":"Econom\u00eda"}}]},{"@type":"Organization","@id":"https:\/\/www.eldigitaldeasturias.com\/noticias\/#organization","name":"El Digital de Asturias","description":"Hemeroteca","url":"https:\/\/www.eldigitaldeasturias.com\/noticias\/","email":"info@eldigitaldeasturias.com","telephone":"+34652131393","logo":{"@type":"ImageObject","url":"https:\/\/www.eldigitaldeasturias.com\/noticias\/wp-content\/uploads\/2020\/12\/EDA.jpg","@id":"https:\/\/www.eldigitaldeasturias.com\/noticias\/la-comision-europea-plantea-los-proximos-pasos-para-el-desarrollo-de-la-inteligencia-artificial\/#organizationLogo","width":649,"height":297},"image":{"@id":"https:\/\/www.eldigitaldeasturias.com\/noticias\/la-comision-europea-plantea-los-proximos-pasos-para-el-desarrollo-de-la-inteligencia-artificial\/#organizationLogo"},"sameAs":["https:\/\/facebook.com\/eldigitaldeasturias","https:\/\/www.youtube.com\/channel\/UCZP-2wLEB9Rv6erhFmqVnvg"],"address":{"@id":"https:\/\/www.eldigitaldeasturias.com\/noticias\/#postaladdress","@type":"PostalAddress","streetAddress":"san antonio 4,","postalCode":"33430","addressLocality":"Cand\u00e1s","addressRegion":"Asturias","addressCountry":"ES"}},{"@type":"Person","@id":"https:\/\/www.eldigitaldeasturias.com\/noticias\/author\/admin\/#author","url":"https:\/\/www.eldigitaldeasturias.com\/noticias\/author\/admin\/","name":"El Digital de Asturias","image":{"@type":"ImageObject","@id":"https:\/\/www.eldigitaldeasturias.com\/noticias\/la-comision-europea-plantea-los-proximos-pasos-para-el-desarrollo-de-la-inteligencia-artificial\/#authorImage","url":"https:\/\/www.eldigitaldeasturias.com\/noticias\/wp-content\/litespeed\/avatar\/18677e78aa0546b92d9dbf31ec7d7668.jpg?ver=1777290358","width":96,"height":96,"caption":"El Digital de Asturias"}},{"@type":"WebPage","@id":"https:\/\/www.eldigitaldeasturias.com\/noticias\/la-comision-europea-plantea-los-proximos-pasos-para-el-desarrollo-de-la-inteligencia-artificial\/#webpage","url":"https:\/\/www.eldigitaldeasturias.com\/noticias\/la-comision-europea-plantea-los-proximos-pasos-para-el-desarrollo-de-la-inteligencia-artificial\/","name":"La Comisi\u00f3n Europea plantea los pr\u00f3ximos pasos para el desarrollo de la inteligencia artificial - El Digital de Asturias","description":"La Comisi\u00f3n Europea anunci\u00f3 este martes mediante un comunicado de prensa que ha presentado los pr\u00f3ximos pasos para generar confianza en la inteligencia artificial, continuando el trabajo del grupo de expertos de alto nivel. El comunicado completo expone la siguiente informaci\u00f3n: \u201cA partir del trabajo del grupo de expertos independientes nombrados en junio de 2018,","inLanguage":"es-ES","isPartOf":{"@id":"https:\/\/www.eldigitaldeasturias.com\/noticias\/#website"},"breadcrumb":{"@id":"https:\/\/www.eldigitaldeasturias.com\/noticias\/la-comision-europea-plantea-los-proximos-pasos-para-el-desarrollo-de-la-inteligencia-artificial\/#breadcrumblist"},"author":{"@id":"https:\/\/www.eldigitaldeasturias.com\/noticias\/author\/admin\/#author"},"creator":{"@id":"https:\/\/www.eldigitaldeasturias.com\/noticias\/author\/admin\/#author"},"image":{"@type":"ImageObject","url":"https:\/\/www.eldigitaldeasturias.com\/noticias\/wp-content\/uploads\/2018\/06\/blue-1283011_960_720.jpg","@id":"https:\/\/www.eldigitaldeasturias.com\/noticias\/la-comision-europea-plantea-los-proximos-pasos-para-el-desarrollo-de-la-inteligencia-artificial\/#mainImage","width":960,"height":671},"primaryImageOfPage":{"@id":"https:\/\/www.eldigitaldeasturias.com\/noticias\/la-comision-europea-plantea-los-proximos-pasos-para-el-desarrollo-de-la-inteligencia-artificial\/#mainImage"},"datePublished":"2019-04-09T16:37:21+02:00","dateModified":"2019-04-09T16:37:21+02:00"},{"@type":"WebSite","@id":"https:\/\/www.eldigitaldeasturias.com\/noticias\/#website","url":"https:\/\/www.eldigitaldeasturias.com\/noticias\/","name":"El Digital de Asturias - Diario de actualidad y noticias","alternateName":"El Digital de Asturias - Diario de actualidad y noticias","description":"Hemeroteca","inLanguage":"es-ES","publisher":{"@id":"https:\/\/www.eldigitaldeasturias.com\/noticias\/#organization"}}]},"og:locale":"es_ES","og:site_name":"El Digital de Asturias","og:type":"article","og:title":"La Comisi\u00f3n Europea plantea los pr\u00f3ximos pasos para el desarrollo de la inteligencia artificial - El Digital de Asturias","og:description":"La Comisi\u00f3n Europea anunci\u00f3 este martes mediante un comunicado de prensa que ha presentado los pr\u00f3ximos pasos para generar confianza en la inteligencia artificial, continuando el trabajo del grupo de expertos de alto nivel. El comunicado completo expone la siguiente informaci\u00f3n: \u201cA partir del trabajo del grupo de expertos independientes nombrados en junio de 2018,","og:url":"https:\/\/www.eldigitaldeasturias.com\/noticias\/la-comision-europea-plantea-los-proximos-pasos-para-el-desarrollo-de-la-inteligencia-artificial\/","og:image":"https:\/\/www.eldigitaldeasturias.com\/noticias\/wp-content\/uploads\/2018\/06\/blue-1283011_960_720.jpg","og:image:secure_url":"https:\/\/www.eldigitaldeasturias.com\/noticias\/wp-content\/uploads\/2018\/06\/blue-1283011_960_720.jpg","og:image:width":960,"og:image:height":671,"article:tag":["econom\u00eda"],"article:published_time":"2019-04-09T16:37:21+00:00","article:modified_time":"2019-04-09T16:37:21+00:00","article:publisher":"https:\/\/facebook.com\/eldigitaldeasturias","twitter:card":"summary_large_image","twitter:title":"La Comisi\u00f3n Europea plantea los pr\u00f3ximos pasos para el desarrollo de la inteligencia artificial - El Digital de Asturias","twitter:description":"La Comisi\u00f3n Europea anunci\u00f3 este martes mediante un comunicado de prensa que ha presentado los pr\u00f3ximos pasos para generar confianza en la inteligencia artificial, continuando el trabajo del grupo de expertos de alto nivel. El comunicado completo expone la siguiente informaci\u00f3n: \u201cA partir del trabajo del grupo de expertos independientes nombrados en junio de 2018,","twitter:image":"https:\/\/www.eldigitaldeasturias.com\/noticias\/wp-content\/uploads\/2018\/06\/blue-1283011_960_720.jpg","twitter:label1":"Escrito por","twitter:data1":"El Digital de Asturias","twitter:label2":"Tiempo de lectura estimado","twitter:data2":"3 minutos"},"aioseo_meta_data":{"post_id":"1023403","title":null,"description":null,"keywords":null,"keyphrases":null,"primary_term":null,"canonical_url":null,"og_title":null,"og_description":null,"og_object_type":"default","og_image_type":"default","og_image_url":null,"og_image_width":null,"og_image_height":null,"og_image_custom_url":null,"og_image_custom_fields":null,"og_video":null,"og_custom_url":null,"og_article_section":null,"og_article_tags":null,"twitter_use_og":false,"twitter_card":"default","twitter_image_type":"default","twitter_image_url":null,"twitter_image_custom_url":null,"twitter_image_custom_fields":null,"twitter_title":null,"twitter_description":null,"schema":{"blockGraphs":[],"customGraphs":[],"default":{"data":{"Article":[],"Course":[],"Dataset":[],"FAQPage":[],"Movie":[],"Person":[],"Product":[],"ProductReview":[],"Car":[],"Recipe":[],"Service":[],"SoftwareApplication":[],"WebPage":[]},"graphName":"","isEnabled":true},"graphs":[],"defaultGraph":"","defaultPostTypeGraph":""},"schema_type":null,"schema_type_options":null,"pillar_content":false,"robots_default":true,"robots_noindex":false,"robots_noarchive":false,"robots_nosnippet":false,"robots_nofollow":false,"robots_noimageindex":false,"robots_noodp":false,"robots_notranslate":false,"robots_max_snippet":null,"robots_max_videopreview":null,"robots_max_imagepreview":"large","priority":null,"frequency":null,"local_seo":null,"seo_analyzer_scan_date":"2025-10-17 12:22:15","breadcrumb_settings":null,"limit_modified_date":false,"open_ai":null,"ai":null,"created":"2020-12-21 11:15:20","updated":"2025-10-17 12:22:15"},"aioseo_breadcrumb":"<div class=\"aioseo-breadcrumbs\"><span class=\"aioseo-breadcrumb\">\n\t<a href=\"https:\/\/www.eldigitaldeasturias.com\/noticias\" title=\"Home\">Home<\/a>\n<\/span><span class=\"aioseo-breadcrumb-separator\">\u2013<\/span><span class=\"aioseo-breadcrumb\">\n\t<a href=\"https:\/\/www.eldigitaldeasturias.com\/noticias\/category\/economia\/\" title=\"Econom\u00eda\">Econom\u00eda<\/a>\n<\/span><span class=\"aioseo-breadcrumb-separator\">\u2013<\/span><span class=\"aioseo-breadcrumb\">\n\t<a href=\"https:\/\/www.eldigitaldeasturias.com\/noticias\/la-comision-europea-plantea-los-proximos-pasos-para-el-desarrollo-de-la-inteligencia-artificial\/\" title=\"La Comisi\u00f3n Europea plantea los pr\u00f3ximos pasos para el desarrollo de la inteligencia artificial\">La Comisi\u00f3n Europea plantea los pr\u00f3ximos pasos para el desarrollo de la inteligencia artificial<\/a>\n<\/span><\/div>","aioseo_breadcrumb_json":[{"label":"Home","link":"https:\/\/www.eldigitaldeasturias.com\/noticias"},{"label":"Econom\u00eda","link":"https:\/\/www.eldigitaldeasturias.com\/noticias\/category\/economia\/"},{"label":"La Comisi\u00f3n Europea plantea los pr\u00f3ximos pasos para el desarrollo de la inteligencia artificial","link":"https:\/\/www.eldigitaldeasturias.com\/noticias\/la-comision-europea-plantea-los-proximos-pasos-para-el-desarrollo-de-la-inteligencia-artificial\/"}],"_links":{"self":[{"href":"https:\/\/www.eldigitaldeasturias.com\/noticias\/wp-json\/wp\/v2\/posts\/1023403","targetHints":{"allow":["GET"]}}],"collection":[{"href":"https:\/\/www.eldigitaldeasturias.com\/noticias\/wp-json\/wp\/v2\/posts"}],"about":[{"href":"https:\/\/www.eldigitaldeasturias.com\/noticias\/wp-json\/wp\/v2\/types\/post"}],"author":[{"embeddable":true,"href":"https:\/\/www.eldigitaldeasturias.com\/noticias\/wp-json\/wp\/v2\/users\/1"}],"replies":[{"embeddable":true,"href":"https:\/\/www.eldigitaldeasturias.com\/noticias\/wp-json\/wp\/v2\/comments?post=1023403"}],"version-history":[{"count":0,"href":"https:\/\/www.eldigitaldeasturias.com\/noticias\/wp-json\/wp\/v2\/posts\/1023403\/revisions"}],"wp:featuredmedia":[{"embeddable":true,"href":"https:\/\/www.eldigitaldeasturias.com\/noticias\/wp-json\/wp\/v2\/media\/983320"}],"wp:attachment":[{"href":"https:\/\/www.eldigitaldeasturias.com\/noticias\/wp-json\/wp\/v2\/media?parent=1023403"}],"wp:term":[{"taxonomy":"category","embeddable":true,"href":"https:\/\/www.eldigitaldeasturias.com\/noticias\/wp-json\/wp\/v2\/categories?post=1023403"},{"taxonomy":"post_tag","embeddable":true,"href":"https:\/\/www.eldigitaldeasturias.com\/noticias\/wp-json\/wp\/v2\/tags?post=1023403"}],"curies":[{"name":"wp","href":"https:\/\/api.w.org\/{rel}","templated":true}]}}