{"id":1023400,"date":"2019-04-09T16:19:04","date_gmt":"2019-04-09T16:19:04","guid":{"rendered":"https:\/\/www.eldigitaldeasturias.com\/noticias\/?p=1023400"},"modified":"2019-04-09T16:19:04","modified_gmt":"2019-04-09T16:19:04","slug":"la-comision-europea-plantea-una-energia-accesible-y-competitiva-para-los-europeos","status":"publish","type":"post","link":"https:\/\/www.eldigitaldeasturias.com\/noticias\/la-comision-europea-plantea-una-energia-accesible-y-competitiva-para-los-europeos\/","title":{"rendered":"La Comisi\u00f3n Europea plantea una energ\u00eda accesible y competitiva para los europeos"},"content":{"rendered":"<p><img loading=\"lazy\" decoding=\"async\" class=\"alignleft size-medium wp-image-1023401\" src=\"https:\/\/www.eldigitaldeasturias.com\/noticias\/wp-content\/uploads\/2019\/04\/flag-3370970_960_720-360x240.jpg\" alt=\"\" width=\"360\" height=\"240\" srcset=\"https:\/\/www.eldigitaldeasturias.com\/noticias\/wp-content\/uploads\/2019\/04\/flag-3370970_960_720-360x240.jpg 360w, https:\/\/www.eldigitaldeasturias.com\/noticias\/wp-content\/uploads\/2019\/04\/flag-3370970_960_720-768x512.jpg 768w, https:\/\/www.eldigitaldeasturias.com\/noticias\/wp-content\/uploads\/2019\/04\/flag-3370970_960_720-650x433.jpg 650w, https:\/\/www.eldigitaldeasturias.com\/noticias\/wp-content\/uploads\/2019\/04\/flag-3370970_960_720.jpg 960w\" sizes=\"auto, (max-width: 360px) 100vw, 360px\" \/>La Comisi\u00f3n Europea anunci\u00f3 este martes mediante un comunicado de prensa que el cuarto informe sobre el estado de la Uni\u00f3n de la Energ\u00eda, adoptado hoy, pone de manifiesto que la Comisi\u00f3n ha plasmado plenamente su visi\u00f3n de una estrategia de la Uni\u00f3n de la Energ\u00eda que garantiza una energ\u00eda accesible, asequible, segura, competitiva y sostenible para todos los europeos.<\/p>\n<p>El comunicado de prensa completo expone la siguiente informaci\u00f3n:<\/p>\n<p>\u201cEuropa ya es l\u00edder mundial en la lucha contra el cambio clim\u00e1tico. Las pol\u00edticas europeas aplicadas en los \u00faltimos cinco a\u00f1os en todos los \u00e1mbitos pol\u00edticos han puesto a la UE en el buen camino para adoptar plenamente la transici\u00f3n a la energ\u00eda limpia, aprovechar las oportunidades econ\u00f3micas que ofrece, generar crecimiento y empleo y crear un entorno m\u00e1s saludable para los consumidores.<\/p>\n<p>Adem\u00e1s de modernizar la pol\u00edtica europea de clima y energ\u00eda, la Uni\u00f3n de la Energ\u00eda impulsa la transici\u00f3n de nuestra econom\u00eda a una energ\u00eda limpia en sectores clave, en consonancia con los compromisos contra\u00eddos en el marco del Acuerdo de Par\u00eds y garantizando una transici\u00f3n socialmente justa. Construir una Uni\u00f3n de la Energ\u00eda resiliente, dotada de una pol\u00edtica de clima y energ\u00eda con visi\u00f3n de futuro, ha sido una de las prioridades pol\u00edticas de la Comisi\u00f3n Juncker. Hoy hacemos un balance positivo de lo que en 2014 no era sino una visi\u00f3n: la de una Uni\u00f3n de la Energ\u00eda unificada, interconectada, segura y sostenible. El informe va acompa\u00f1ado de dos documentos que muestran lo que se ha avanzado en energ\u00edas renovables y en eficiencia energ\u00e9tica. La Comisi\u00f3n presenta en paralelo un informe sobre la aplicaci\u00f3n del plan de acci\u00f3n estrat\u00e9gico para las bater\u00edas y una comunicaci\u00f3n relativa a una toma de decisiones m\u00e1s eficaz y democr\u00e1tica en la pol\u00edtica de clima y energ\u00eda de la Uni\u00f3n.<\/p>\n<p>El vicepresidente Maro\u0161 \u0160ef\u010dovi\u010d, responsable de la Uni\u00f3n de la Energ\u00eda, ha declarado: \u00abLa Uni\u00f3n de la Energ\u00eda es la s\u00edntesis de la mejor Europa: abordar juntos las grandes cuestiones de la seguridad energ\u00e9tica y la transici\u00f3n energ\u00e9tica, que no podemos resolver dentro de las fronteras nacionales. Hemos convertido la gran dificultad que representaba la transici\u00f3n energ\u00e9tica en una oportunidad econ\u00f3mica para los europeos. Para ello, ha sido preciso transformar realmente nuestras pol\u00edticas de clima y energ\u00eda, no con retoques cosm\u00e9ticos, sino mediante un cambio de sistema, que ning\u00fan Estado miembro podr\u00eda haber conseguido por s\u00ed solo. Nuestro informe muestra c\u00f3mo se combinan todas las medidas de la Uni\u00f3n de la Energ\u00eda para que nuestra pol\u00edtica sea adecuada para el futuro. Hoy, nuestro marco reencamina las inversiones hacia soluciones y tecnolog\u00edas de futuro. Tambi\u00e9n se han impulsado medidas de acompa\u00f1amiento para la industria, como la de fabricaci\u00f3n de bater\u00edas en Europa, sin dejar atr\u00e1s a ning\u00fan europeo en la transici\u00f3n. Ahora corresponde a cada Estado miembro avanzar por esa v\u00eda e integrar r\u00e1pidamente las medidas nacionales en los \u00e1mbitos de la energ\u00eda, el clima, la movilidad y dem\u00e1s \u00e1mbitos conexos, de modo que Europa alcance a mediados de siglo la neutralidad clim\u00e1tica\u201d, concluye el comunicado de la Comisi\u00f3n Europea.<\/p>\n","protected":false},"excerpt":{"rendered":"<p>La Comisi\u00f3n Europea anunci\u00f3 este martes mediante un comunicado de prensa que el cuarto informe sobre el estado de la Uni\u00f3n de la Energ\u00eda, adoptado hoy, pone de manifiesto que la Comisi\u00f3n ha plasmado plenamente su visi\u00f3n de una estrategia de la Uni\u00f3n de la Energ\u00eda que garantiza una energ\u00eda accesible, asequible, segura, competitiva y [&hellip;]<\/p>\n","protected":false},"author":1,"featured_media":1023401,"comment_status":"closed","ping_status":"closed","sticky":false,"template":"","format":"standard","meta":{"footnotes":""},"categories":[187],"tags":[],"class_list":["post-1023400","post","type-post","status-publish","format-standard","has-post-thumbnail","hentry","category-economia"],"aioseo_notices":[],"aioseo_head":"\n\t\t<!-- All in One SEO Pro 4.9.6.2 - aioseo.com -->\n\t<meta name=\"description\" content=\"La Comisi\u00f3n Europea anunci\u00f3 este martes mediante un comunicado de prensa que el cuarto informe sobre el estado de la Uni\u00f3n de la Energ\u00eda, adoptado hoy, pone de manifiesto que la Comisi\u00f3n ha plasmado plenamente su visi\u00f3n de una estrategia de la Uni\u00f3n de la Energ\u00eda que garantiza una energ\u00eda accesible, asequible, segura, competitiva y\" \/>\n\t<meta name=\"robots\" content=\"max-image-preview:large\" \/>\n\t<meta name=\"author\" content=\"El Digital de Asturias\"\/>\n\t<meta name=\"google-site-verification\" content=\"UA-38556648-1\" \/>\n\t<meta name=\"msvalidate.01\" content=\"7dfe9f3f1b24437ab69f4f2559babe99\" \/>\n\t<meta name=\"keywords\" content=\"econom\u00eda\" \/>\n\t<link rel=\"canonical\" href=\"https:\/\/www.eldigitaldeasturias.com\/noticias\/la-comision-europea-plantea-una-energia-accesible-y-competitiva-para-los-europeos\/\" \/>\n\t<meta name=\"generator\" content=\"All in One SEO Pro (AIOSEO) 4.9.6.2\" \/>\n\t\t<meta property=\"og:locale\" content=\"es_ES\" \/>\n\t\t<meta property=\"og:site_name\" content=\"El Digital de Asturias\" \/>\n\t\t<meta property=\"og:type\" content=\"article\" \/>\n\t\t<meta property=\"og:title\" content=\"La Comisi\u00f3n Europea plantea una energ\u00eda accesible y competitiva para los europeos - El Digital de Asturias\" \/>\n\t\t<meta property=\"og:description\" content=\"La Comisi\u00f3n Europea anunci\u00f3 este martes mediante un comunicado de prensa que el cuarto informe sobre el estado de la Uni\u00f3n de la Energ\u00eda, adoptado hoy, pone de manifiesto que la Comisi\u00f3n ha plasmado plenamente su visi\u00f3n de una estrategia de la Uni\u00f3n de la Energ\u00eda que garantiza una energ\u00eda accesible, asequible, segura, competitiva y\" \/>\n\t\t<meta property=\"og:url\" content=\"https:\/\/www.eldigitaldeasturias.com\/noticias\/la-comision-europea-plantea-una-energia-accesible-y-competitiva-para-los-europeos\/\" \/>\n\t\t<meta property=\"og:image\" content=\"https:\/\/www.eldigitaldeasturias.com\/noticias\/wp-content\/uploads\/2019\/04\/flag-3370970_960_720.jpg\" \/>\n\t\t<meta property=\"og:image:secure_url\" content=\"https:\/\/www.eldigitaldeasturias.com\/noticias\/wp-content\/uploads\/2019\/04\/flag-3370970_960_720.jpg\" \/>\n\t\t<meta property=\"og:image:width\" content=\"960\" \/>\n\t\t<meta property=\"og:image:height\" content=\"640\" \/>\n\t\t<meta property=\"article:tag\" content=\"econom\u00eda\" \/>\n\t\t<meta property=\"article:published_time\" content=\"2019-04-09T16:19:04+00:00\" \/>\n\t\t<meta property=\"article:modified_time\" content=\"2019-04-09T16:19:04+00:00\" \/>\n\t\t<meta property=\"article:publisher\" content=\"https:\/\/facebook.com\/eldigitaldeasturias\" \/>\n\t\t<meta name=\"twitter:card\" content=\"summary_large_image\" \/>\n\t\t<meta name=\"twitter:title\" content=\"La Comisi\u00f3n Europea plantea una energ\u00eda accesible y competitiva para los europeos - El Digital de Asturias\" \/>\n\t\t<meta name=\"twitter:description\" content=\"La Comisi\u00f3n Europea anunci\u00f3 este martes mediante un comunicado de prensa que el cuarto informe sobre el estado de la Uni\u00f3n de la Energ\u00eda, adoptado hoy, pone de manifiesto que la Comisi\u00f3n ha plasmado plenamente su visi\u00f3n de una estrategia de la Uni\u00f3n de la Energ\u00eda que garantiza una energ\u00eda accesible, asequible, segura, competitiva y\" \/>\n\t\t<meta name=\"twitter:image\" content=\"https:\/\/www.eldigitaldeasturias.com\/noticias\/wp-content\/uploads\/2019\/04\/flag-3370970_960_720.jpg\" \/>\n\t\t<meta name=\"twitter:label1\" content=\"Escrito por\" \/>\n\t\t<meta name=\"twitter:data1\" content=\"El Digital de Asturias\" \/>\n\t\t<meta name=\"twitter:label2\" content=\"Tiempo de lectura estimado\" \/>\n\t\t<meta name=\"twitter:data2\" content=\"3 minutos\" \/>\n\t\t<script type=\"application\/ld+json\" class=\"aioseo-schema\">\n\t\t\t{\"@context\":\"https:\\\/\\\/schema.org\",\"@graph\":[{\"@type\":\"BlogPosting\",\"@id\":\"https:\\\/\\\/www.eldigitaldeasturias.com\\\/noticias\\\/la-comision-europea-plantea-una-energia-accesible-y-competitiva-para-los-europeos\\\/#blogposting\",\"name\":\"La Comisi\\u00f3n Europea plantea una energ\\u00eda accesible y competitiva para los europeos - El Digital de Asturias\",\"headline\":\"La Comisi\\u00f3n Europea plantea una energ\\u00eda accesible y competitiva para los europeos\",\"author\":{\"@id\":\"https:\\\/\\\/www.eldigitaldeasturias.com\\\/noticias\\\/author\\\/admin\\\/#author\"},\"publisher\":{\"@id\":\"https:\\\/\\\/www.eldigitaldeasturias.com\\\/noticias\\\/#organization\"},\"image\":{\"@type\":\"ImageObject\",\"url\":\"https:\\\/\\\/www.eldigitaldeasturias.com\\\/noticias\\\/wp-content\\\/uploads\\\/2019\\\/04\\\/flag-3370970_960_720.jpg\",\"width\":960,\"height\":640},\"datePublished\":\"2019-04-09T16:19:04+02:00\",\"dateModified\":\"2019-04-09T16:19:04+02:00\",\"inLanguage\":\"es-ES\",\"mainEntityOfPage\":{\"@id\":\"https:\\\/\\\/www.eldigitaldeasturias.com\\\/noticias\\\/la-comision-europea-plantea-una-energia-accesible-y-competitiva-para-los-europeos\\\/#webpage\"},\"isPartOf\":{\"@id\":\"https:\\\/\\\/www.eldigitaldeasturias.com\\\/noticias\\\/la-comision-europea-plantea-una-energia-accesible-y-competitiva-para-los-europeos\\\/#webpage\"},\"articleSection\":\"Econom\\u00eda\"},{\"@type\":\"BreadcrumbList\",\"@id\":\"https:\\\/\\\/www.eldigitaldeasturias.com\\\/noticias\\\/la-comision-europea-plantea-una-energia-accesible-y-competitiva-para-los-europeos\\\/#breadcrumblist\",\"itemListElement\":[{\"@type\":\"ListItem\",\"@id\":\"https:\\\/\\\/www.eldigitaldeasturias.com\\\/noticias#listItem\",\"position\":1,\"name\":\"Home\",\"item\":\"https:\\\/\\\/www.eldigitaldeasturias.com\\\/noticias\",\"nextItem\":{\"@type\":\"ListItem\",\"@id\":\"https:\\\/\\\/www.eldigitaldeasturias.com\\\/noticias\\\/category\\\/economia\\\/#listItem\",\"name\":\"Econom\\u00eda\"}},{\"@type\":\"ListItem\",\"@id\":\"https:\\\/\\\/www.eldigitaldeasturias.com\\\/noticias\\\/category\\\/economia\\\/#listItem\",\"position\":2,\"name\":\"Econom\\u00eda\",\"item\":\"https:\\\/\\\/www.eldigitaldeasturias.com\\\/noticias\\\/category\\\/economia\\\/\",\"nextItem\":{\"@type\":\"ListItem\",\"@id\":\"https:\\\/\\\/www.eldigitaldeasturias.com\\\/noticias\\\/la-comision-europea-plantea-una-energia-accesible-y-competitiva-para-los-europeos\\\/#listItem\",\"name\":\"La Comisi\\u00f3n Europea plantea una energ\\u00eda accesible y competitiva para los europeos\"},\"previousItem\":{\"@type\":\"ListItem\",\"@id\":\"https:\\\/\\\/www.eldigitaldeasturias.com\\\/noticias#listItem\",\"name\":\"Home\"}},{\"@type\":\"ListItem\",\"@id\":\"https:\\\/\\\/www.eldigitaldeasturias.com\\\/noticias\\\/la-comision-europea-plantea-una-energia-accesible-y-competitiva-para-los-europeos\\\/#listItem\",\"position\":3,\"name\":\"La Comisi\\u00f3n Europea plantea una energ\\u00eda accesible y competitiva para los europeos\",\"previousItem\":{\"@type\":\"ListItem\",\"@id\":\"https:\\\/\\\/www.eldigitaldeasturias.com\\\/noticias\\\/category\\\/economia\\\/#listItem\",\"name\":\"Econom\\u00eda\"}}]},{\"@type\":\"Organization\",\"@id\":\"https:\\\/\\\/www.eldigitaldeasturias.com\\\/noticias\\\/#organization\",\"name\":\"El Digital de Asturias\",\"description\":\"Hemeroteca\",\"url\":\"https:\\\/\\\/www.eldigitaldeasturias.com\\\/noticias\\\/\",\"email\":\"info@eldigitaldeasturias.com\",\"telephone\":\"+34652131393\",\"logo\":{\"@type\":\"ImageObject\",\"url\":\"https:\\\/\\\/www.eldigitaldeasturias.com\\\/noticias\\\/wp-content\\\/uploads\\\/2020\\\/12\\\/EDA.jpg\",\"@id\":\"https:\\\/\\\/www.eldigitaldeasturias.com\\\/noticias\\\/la-comision-europea-plantea-una-energia-accesible-y-competitiva-para-los-europeos\\\/#organizationLogo\",\"width\":649,\"height\":297},\"image\":{\"@id\":\"https:\\\/\\\/www.eldigitaldeasturias.com\\\/noticias\\\/la-comision-europea-plantea-una-energia-accesible-y-competitiva-para-los-europeos\\\/#organizationLogo\"},\"sameAs\":[\"https:\\\/\\\/facebook.com\\\/eldigitaldeasturias\",\"https:\\\/\\\/www.youtube.com\\\/channel\\\/UCZP-2wLEB9Rv6erhFmqVnvg\"],\"address\":{\"@id\":\"https:\\\/\\\/www.eldigitaldeasturias.com\\\/noticias\\\/#postaladdress\",\"@type\":\"PostalAddress\",\"streetAddress\":\"san antonio 4,\",\"postalCode\":\"33430\",\"addressLocality\":\"Cand\\u00e1s\",\"addressRegion\":\"Asturias\",\"addressCountry\":\"ES\"}},{\"@type\":\"Person\",\"@id\":\"https:\\\/\\\/www.eldigitaldeasturias.com\\\/noticias\\\/author\\\/admin\\\/#author\",\"url\":\"https:\\\/\\\/www.eldigitaldeasturias.com\\\/noticias\\\/author\\\/admin\\\/\",\"name\":\"El Digital de Asturias\",\"image\":{\"@type\":\"ImageObject\",\"@id\":\"https:\\\/\\\/www.eldigitaldeasturias.com\\\/noticias\\\/la-comision-europea-plantea-una-energia-accesible-y-competitiva-para-los-europeos\\\/#authorImage\",\"url\":\"https:\\\/\\\/www.eldigitaldeasturias.com\\\/noticias\\\/wp-content\\\/litespeed\\\/avatar\\\/18677e78aa0546b92d9dbf31ec7d7668.jpg?ver=1777290358\",\"width\":96,\"height\":96,\"caption\":\"El Digital de Asturias\"}},{\"@type\":\"WebPage\",\"@id\":\"https:\\\/\\\/www.eldigitaldeasturias.com\\\/noticias\\\/la-comision-europea-plantea-una-energia-accesible-y-competitiva-para-los-europeos\\\/#webpage\",\"url\":\"https:\\\/\\\/www.eldigitaldeasturias.com\\\/noticias\\\/la-comision-europea-plantea-una-energia-accesible-y-competitiva-para-los-europeos\\\/\",\"name\":\"La Comisi\\u00f3n Europea plantea una energ\\u00eda accesible y competitiva para los europeos - El Digital de Asturias\",\"description\":\"La Comisi\\u00f3n Europea anunci\\u00f3 este martes mediante un comunicado de prensa que el cuarto informe sobre el estado de la Uni\\u00f3n de la Energ\\u00eda, adoptado hoy, pone de manifiesto que la Comisi\\u00f3n ha plasmado plenamente su visi\\u00f3n de una estrategia de la Uni\\u00f3n de la Energ\\u00eda que garantiza una energ\\u00eda accesible, asequible, segura, competitiva y\",\"inLanguage\":\"es-ES\",\"isPartOf\":{\"@id\":\"https:\\\/\\\/www.eldigitaldeasturias.com\\\/noticias\\\/#website\"},\"breadcrumb\":{\"@id\":\"https:\\\/\\\/www.eldigitaldeasturias.com\\\/noticias\\\/la-comision-europea-plantea-una-energia-accesible-y-competitiva-para-los-europeos\\\/#breadcrumblist\"},\"author\":{\"@id\":\"https:\\\/\\\/www.eldigitaldeasturias.com\\\/noticias\\\/author\\\/admin\\\/#author\"},\"creator\":{\"@id\":\"https:\\\/\\\/www.eldigitaldeasturias.com\\\/noticias\\\/author\\\/admin\\\/#author\"},\"image\":{\"@type\":\"ImageObject\",\"url\":\"https:\\\/\\\/www.eldigitaldeasturias.com\\\/noticias\\\/wp-content\\\/uploads\\\/2019\\\/04\\\/flag-3370970_960_720.jpg\",\"@id\":\"https:\\\/\\\/www.eldigitaldeasturias.com\\\/noticias\\\/la-comision-europea-plantea-una-energia-accesible-y-competitiva-para-los-europeos\\\/#mainImage\",\"width\":960,\"height\":640},\"primaryImageOfPage\":{\"@id\":\"https:\\\/\\\/www.eldigitaldeasturias.com\\\/noticias\\\/la-comision-europea-plantea-una-energia-accesible-y-competitiva-para-los-europeos\\\/#mainImage\"},\"datePublished\":\"2019-04-09T16:19:04+02:00\",\"dateModified\":\"2019-04-09T16:19:04+02:00\"},{\"@type\":\"WebSite\",\"@id\":\"https:\\\/\\\/www.eldigitaldeasturias.com\\\/noticias\\\/#website\",\"url\":\"https:\\\/\\\/www.eldigitaldeasturias.com\\\/noticias\\\/\",\"name\":\"El Digital de Asturias - Diario de actualidad y noticias\",\"alternateName\":\"El Digital de Asturias - Diario de actualidad y noticias\",\"description\":\"Hemeroteca\",\"inLanguage\":\"es-ES\",\"publisher\":{\"@id\":\"https:\\\/\\\/www.eldigitaldeasturias.com\\\/noticias\\\/#organization\"}}]}\n\t\t<\/script>\n\t\t<!-- All in One SEO Pro -->\r\n\t\t<title>La Comisi\u00f3n Europea plantea una energ\u00eda accesible y competitiva para los europeos - El Digital de Asturias<\/title>\n\n","aioseo_head_json":{"title":"La Comisi\u00f3n Europea plantea una energ\u00eda accesible y competitiva para los europeos - El Digital de Asturias","description":"La Comisi\u00f3n Europea anunci\u00f3 este martes mediante un comunicado de prensa que el cuarto informe sobre el estado de la Uni\u00f3n de la Energ\u00eda, adoptado hoy, pone de manifiesto que la Comisi\u00f3n ha plasmado plenamente su visi\u00f3n de una estrategia de la Uni\u00f3n de la Energ\u00eda que garantiza una energ\u00eda accesible, asequible, segura, competitiva y","canonical_url":"https:\/\/www.eldigitaldeasturias.com\/noticias\/la-comision-europea-plantea-una-energia-accesible-y-competitiva-para-los-europeos\/","robots":"max-image-preview:large","keywords":"econom\u00eda","webmasterTools":{"google-site-verification":"UA-38556648-1","msvalidate.01":"7dfe9f3f1b24437ab69f4f2559babe99","miscellaneous":""},"schema":{"@context":"https:\/\/schema.org","@graph":[{"@type":"BlogPosting","@id":"https:\/\/www.eldigitaldeasturias.com\/noticias\/la-comision-europea-plantea-una-energia-accesible-y-competitiva-para-los-europeos\/#blogposting","name":"La Comisi\u00f3n Europea plantea una energ\u00eda accesible y competitiva para los europeos - El Digital de Asturias","headline":"La Comisi\u00f3n Europea plantea una energ\u00eda accesible y competitiva para los europeos","author":{"@id":"https:\/\/www.eldigitaldeasturias.com\/noticias\/author\/admin\/#author"},"publisher":{"@id":"https:\/\/www.eldigitaldeasturias.com\/noticias\/#organization"},"image":{"@type":"ImageObject","url":"https:\/\/www.eldigitaldeasturias.com\/noticias\/wp-content\/uploads\/2019\/04\/flag-3370970_960_720.jpg","width":960,"height":640},"datePublished":"2019-04-09T16:19:04+02:00","dateModified":"2019-04-09T16:19:04+02:00","inLanguage":"es-ES","mainEntityOfPage":{"@id":"https:\/\/www.eldigitaldeasturias.com\/noticias\/la-comision-europea-plantea-una-energia-accesible-y-competitiva-para-los-europeos\/#webpage"},"isPartOf":{"@id":"https:\/\/www.eldigitaldeasturias.com\/noticias\/la-comision-europea-plantea-una-energia-accesible-y-competitiva-para-los-europeos\/#webpage"},"articleSection":"Econom\u00eda"},{"@type":"BreadcrumbList","@id":"https:\/\/www.eldigitaldeasturias.com\/noticias\/la-comision-europea-plantea-una-energia-accesible-y-competitiva-para-los-europeos\/#breadcrumblist","itemListElement":[{"@type":"ListItem","@id":"https:\/\/www.eldigitaldeasturias.com\/noticias#listItem","position":1,"name":"Home","item":"https:\/\/www.eldigitaldeasturias.com\/noticias","nextItem":{"@type":"ListItem","@id":"https:\/\/www.eldigitaldeasturias.com\/noticias\/category\/economia\/#listItem","name":"Econom\u00eda"}},{"@type":"ListItem","@id":"https:\/\/www.eldigitaldeasturias.com\/noticias\/category\/economia\/#listItem","position":2,"name":"Econom\u00eda","item":"https:\/\/www.eldigitaldeasturias.com\/noticias\/category\/economia\/","nextItem":{"@type":"ListItem","@id":"https:\/\/www.eldigitaldeasturias.com\/noticias\/la-comision-europea-plantea-una-energia-accesible-y-competitiva-para-los-europeos\/#listItem","name":"La Comisi\u00f3n Europea plantea una energ\u00eda accesible y competitiva para los europeos"},"previousItem":{"@type":"ListItem","@id":"https:\/\/www.eldigitaldeasturias.com\/noticias#listItem","name":"Home"}},{"@type":"ListItem","@id":"https:\/\/www.eldigitaldeasturias.com\/noticias\/la-comision-europea-plantea-una-energia-accesible-y-competitiva-para-los-europeos\/#listItem","position":3,"name":"La Comisi\u00f3n Europea plantea una energ\u00eda accesible y competitiva para los europeos","previousItem":{"@type":"ListItem","@id":"https:\/\/www.eldigitaldeasturias.com\/noticias\/category\/economia\/#listItem","name":"Econom\u00eda"}}]},{"@type":"Organization","@id":"https:\/\/www.eldigitaldeasturias.com\/noticias\/#organization","name":"El Digital de Asturias","description":"Hemeroteca","url":"https:\/\/www.eldigitaldeasturias.com\/noticias\/","email":"info@eldigitaldeasturias.com","telephone":"+34652131393","logo":{"@type":"ImageObject","url":"https:\/\/www.eldigitaldeasturias.com\/noticias\/wp-content\/uploads\/2020\/12\/EDA.jpg","@id":"https:\/\/www.eldigitaldeasturias.com\/noticias\/la-comision-europea-plantea-una-energia-accesible-y-competitiva-para-los-europeos\/#organizationLogo","width":649,"height":297},"image":{"@id":"https:\/\/www.eldigitaldeasturias.com\/noticias\/la-comision-europea-plantea-una-energia-accesible-y-competitiva-para-los-europeos\/#organizationLogo"},"sameAs":["https:\/\/facebook.com\/eldigitaldeasturias","https:\/\/www.youtube.com\/channel\/UCZP-2wLEB9Rv6erhFmqVnvg"],"address":{"@id":"https:\/\/www.eldigitaldeasturias.com\/noticias\/#postaladdress","@type":"PostalAddress","streetAddress":"san antonio 4,","postalCode":"33430","addressLocality":"Cand\u00e1s","addressRegion":"Asturias","addressCountry":"ES"}},{"@type":"Person","@id":"https:\/\/www.eldigitaldeasturias.com\/noticias\/author\/admin\/#author","url":"https:\/\/www.eldigitaldeasturias.com\/noticias\/author\/admin\/","name":"El Digital de Asturias","image":{"@type":"ImageObject","@id":"https:\/\/www.eldigitaldeasturias.com\/noticias\/la-comision-europea-plantea-una-energia-accesible-y-competitiva-para-los-europeos\/#authorImage","url":"https:\/\/www.eldigitaldeasturias.com\/noticias\/wp-content\/litespeed\/avatar\/18677e78aa0546b92d9dbf31ec7d7668.jpg?ver=1777290358","width":96,"height":96,"caption":"El Digital de Asturias"}},{"@type":"WebPage","@id":"https:\/\/www.eldigitaldeasturias.com\/noticias\/la-comision-europea-plantea-una-energia-accesible-y-competitiva-para-los-europeos\/#webpage","url":"https:\/\/www.eldigitaldeasturias.com\/noticias\/la-comision-europea-plantea-una-energia-accesible-y-competitiva-para-los-europeos\/","name":"La Comisi\u00f3n Europea plantea una energ\u00eda accesible y competitiva para los europeos - El Digital de Asturias","description":"La Comisi\u00f3n Europea anunci\u00f3 este martes mediante un comunicado de prensa que el cuarto informe sobre el estado de la Uni\u00f3n de la Energ\u00eda, adoptado hoy, pone de manifiesto que la Comisi\u00f3n ha plasmado plenamente su visi\u00f3n de una estrategia de la Uni\u00f3n de la Energ\u00eda que garantiza una energ\u00eda accesible, asequible, segura, competitiva y","inLanguage":"es-ES","isPartOf":{"@id":"https:\/\/www.eldigitaldeasturias.com\/noticias\/#website"},"breadcrumb":{"@id":"https:\/\/www.eldigitaldeasturias.com\/noticias\/la-comision-europea-plantea-una-energia-accesible-y-competitiva-para-los-europeos\/#breadcrumblist"},"author":{"@id":"https:\/\/www.eldigitaldeasturias.com\/noticias\/author\/admin\/#author"},"creator":{"@id":"https:\/\/www.eldigitaldeasturias.com\/noticias\/author\/admin\/#author"},"image":{"@type":"ImageObject","url":"https:\/\/www.eldigitaldeasturias.com\/noticias\/wp-content\/uploads\/2019\/04\/flag-3370970_960_720.jpg","@id":"https:\/\/www.eldigitaldeasturias.com\/noticias\/la-comision-europea-plantea-una-energia-accesible-y-competitiva-para-los-europeos\/#mainImage","width":960,"height":640},"primaryImageOfPage":{"@id":"https:\/\/www.eldigitaldeasturias.com\/noticias\/la-comision-europea-plantea-una-energia-accesible-y-competitiva-para-los-europeos\/#mainImage"},"datePublished":"2019-04-09T16:19:04+02:00","dateModified":"2019-04-09T16:19:04+02:00"},{"@type":"WebSite","@id":"https:\/\/www.eldigitaldeasturias.com\/noticias\/#website","url":"https:\/\/www.eldigitaldeasturias.com\/noticias\/","name":"El Digital de Asturias - Diario de actualidad y noticias","alternateName":"El Digital de Asturias - Diario de actualidad y noticias","description":"Hemeroteca","inLanguage":"es-ES","publisher":{"@id":"https:\/\/www.eldigitaldeasturias.com\/noticias\/#organization"}}]},"og:locale":"es_ES","og:site_name":"El Digital de Asturias","og:type":"article","og:title":"La Comisi\u00f3n Europea plantea una energ\u00eda accesible y competitiva para los europeos - El Digital de Asturias","og:description":"La Comisi\u00f3n Europea anunci\u00f3 este martes mediante un comunicado de prensa que el cuarto informe sobre el estado de la Uni\u00f3n de la Energ\u00eda, adoptado hoy, pone de manifiesto que la Comisi\u00f3n ha plasmado plenamente su visi\u00f3n de una estrategia de la Uni\u00f3n de la Energ\u00eda que garantiza una energ\u00eda accesible, asequible, segura, competitiva y","og:url":"https:\/\/www.eldigitaldeasturias.com\/noticias\/la-comision-europea-plantea-una-energia-accesible-y-competitiva-para-los-europeos\/","og:image":"https:\/\/www.eldigitaldeasturias.com\/noticias\/wp-content\/uploads\/2019\/04\/flag-3370970_960_720.jpg","og:image:secure_url":"https:\/\/www.eldigitaldeasturias.com\/noticias\/wp-content\/uploads\/2019\/04\/flag-3370970_960_720.jpg","og:image:width":960,"og:image:height":640,"article:tag":["econom\u00eda"],"article:published_time":"2019-04-09T16:19:04+00:00","article:modified_time":"2019-04-09T16:19:04+00:00","article:publisher":"https:\/\/facebook.com\/eldigitaldeasturias","twitter:card":"summary_large_image","twitter:title":"La Comisi\u00f3n Europea plantea una energ\u00eda accesible y competitiva para los europeos - El Digital de Asturias","twitter:description":"La Comisi\u00f3n Europea anunci\u00f3 este martes mediante un comunicado de prensa que el cuarto informe sobre el estado de la Uni\u00f3n de la Energ\u00eda, adoptado hoy, pone de manifiesto que la Comisi\u00f3n ha plasmado plenamente su visi\u00f3n de una estrategia de la Uni\u00f3n de la Energ\u00eda que garantiza una energ\u00eda accesible, asequible, segura, competitiva y","twitter:image":"https:\/\/www.eldigitaldeasturias.com\/noticias\/wp-content\/uploads\/2019\/04\/flag-3370970_960_720.jpg","twitter:label1":"Escrito por","twitter:data1":"El Digital de Asturias","twitter:label2":"Tiempo de lectura estimado","twitter:data2":"3 minutos"},"aioseo_meta_data":{"post_id":"1023400","title":null,"description":null,"keywords":null,"keyphrases":null,"primary_term":null,"canonical_url":null,"og_title":null,"og_description":null,"og_object_type":"default","og_image_type":"default","og_image_url":null,"og_image_width":null,"og_image_height":null,"og_image_custom_url":null,"og_image_custom_fields":null,"og_video":null,"og_custom_url":null,"og_article_section":null,"og_article_tags":null,"twitter_use_og":false,"twitter_card":"default","twitter_image_type":"default","twitter_image_url":null,"twitter_image_custom_url":null,"twitter_image_custom_fields":null,"twitter_title":null,"twitter_description":null,"schema":{"blockGraphs":[],"customGraphs":[],"default":{"data":{"Article":[],"Course":[],"Dataset":[],"FAQPage":[],"Movie":[],"Person":[],"Product":[],"ProductReview":[],"Car":[],"Recipe":[],"Service":[],"SoftwareApplication":[],"WebPage":[]},"graphName":"","isEnabled":true},"graphs":[],"defaultGraph":"","defaultPostTypeGraph":""},"schema_type":null,"schema_type_options":null,"pillar_content":false,"robots_default":true,"robots_noindex":false,"robots_noarchive":false,"robots_nosnippet":false,"robots_nofollow":false,"robots_noimageindex":false,"robots_noodp":false,"robots_notranslate":false,"robots_max_snippet":null,"robots_max_videopreview":null,"robots_max_imagepreview":"large","priority":null,"frequency":null,"local_seo":null,"seo_analyzer_scan_date":"2025-10-17 12:22:14","breadcrumb_settings":null,"limit_modified_date":false,"open_ai":null,"ai":null,"created":"2020-12-21 11:15:20","updated":"2025-10-17 12:22:14"},"aioseo_breadcrumb":"<div class=\"aioseo-breadcrumbs\"><span class=\"aioseo-breadcrumb\">\n\t<a href=\"https:\/\/www.eldigitaldeasturias.com\/noticias\" title=\"Home\">Home<\/a>\n<\/span><span class=\"aioseo-breadcrumb-separator\">\u2013<\/span><span class=\"aioseo-breadcrumb\">\n\t<a href=\"https:\/\/www.eldigitaldeasturias.com\/noticias\/category\/economia\/\" title=\"Econom\u00eda\">Econom\u00eda<\/a>\n<\/span><span class=\"aioseo-breadcrumb-separator\">\u2013<\/span><span class=\"aioseo-breadcrumb\">\n\t<a href=\"https:\/\/www.eldigitaldeasturias.com\/noticias\/la-comision-europea-plantea-una-energia-accesible-y-competitiva-para-los-europeos\/\" title=\"La Comisi\u00f3n Europea plantea una energ\u00eda accesible y competitiva para los europeos\">La Comisi\u00f3n Europea plantea una energ\u00eda accesible y competitiva para los europeos<\/a>\n<\/span><\/div>","aioseo_breadcrumb_json":[{"label":"Home","link":"https:\/\/www.eldigitaldeasturias.com\/noticias"},{"label":"Econom\u00eda","link":"https:\/\/www.eldigitaldeasturias.com\/noticias\/category\/economia\/"},{"label":"La Comisi\u00f3n Europea plantea una energ\u00eda accesible y competitiva para los europeos","link":"https:\/\/www.eldigitaldeasturias.com\/noticias\/la-comision-europea-plantea-una-energia-accesible-y-competitiva-para-los-europeos\/"}],"_links":{"self":[{"href":"https:\/\/www.eldigitaldeasturias.com\/noticias\/wp-json\/wp\/v2\/posts\/1023400","targetHints":{"allow":["GET"]}}],"collection":[{"href":"https:\/\/www.eldigitaldeasturias.com\/noticias\/wp-json\/wp\/v2\/posts"}],"about":[{"href":"https:\/\/www.eldigitaldeasturias.com\/noticias\/wp-json\/wp\/v2\/types\/post"}],"author":[{"embeddable":true,"href":"https:\/\/www.eldigitaldeasturias.com\/noticias\/wp-json\/wp\/v2\/users\/1"}],"replies":[{"embeddable":true,"href":"https:\/\/www.eldigitaldeasturias.com\/noticias\/wp-json\/wp\/v2\/comments?post=1023400"}],"version-history":[{"count":0,"href":"https:\/\/www.eldigitaldeasturias.com\/noticias\/wp-json\/wp\/v2\/posts\/1023400\/revisions"}],"wp:featuredmedia":[{"embeddable":true,"href":"https:\/\/www.eldigitaldeasturias.com\/noticias\/wp-json\/wp\/v2\/media\/1023401"}],"wp:attachment":[{"href":"https:\/\/www.eldigitaldeasturias.com\/noticias\/wp-json\/wp\/v2\/media?parent=1023400"}],"wp:term":[{"taxonomy":"category","embeddable":true,"href":"https:\/\/www.eldigitaldeasturias.com\/noticias\/wp-json\/wp\/v2\/categories?post=1023400"},{"taxonomy":"post_tag","embeddable":true,"href":"https:\/\/www.eldigitaldeasturias.com\/noticias\/wp-json\/wp\/v2\/tags?post=1023400"}],"curies":[{"name":"wp","href":"https:\/\/api.w.org\/{rel}","templated":true}]}}