{"id":1023329,"date":"2019-04-08T22:05:02","date_gmt":"2019-04-08T22:05:02","guid":{"rendered":"https:\/\/www.eldigitaldeasturias.com\/noticias\/?p=1023329"},"modified":"2019-04-08T22:05:33","modified_gmt":"2019-04-08T22:05:33","slug":"las-exportaciones-alemanas-pierden-fuelle-en-febrero-de-2019","status":"publish","type":"post","link":"https:\/\/www.eldigitaldeasturias.com\/noticias\/las-exportaciones-alemanas-pierden-fuelle-en-febrero-de-2019\/","title":{"rendered":"Las exportaciones alemanas pierden fuelle en febrero de 2019"},"content":{"rendered":"<p><img loading=\"lazy\" decoding=\"async\" class=\"alignleft size-medium wp-image-1021361\" src=\"https:\/\/www.eldigitaldeasturias.com\/noticias\/wp-content\/uploads\/2019\/03\/30122016_Exportaciones-360x240.jpg\" alt=\"\" width=\"360\" height=\"240\" srcset=\"https:\/\/www.eldigitaldeasturias.com\/noticias\/wp-content\/uploads\/2019\/03\/30122016_Exportaciones-360x240.jpg 360w, https:\/\/www.eldigitaldeasturias.com\/noticias\/wp-content\/uploads\/2019\/03\/30122016_Exportaciones.jpg 496w\" sizes=\"auto, (max-width: 360px) 100vw, 360px\" \/>Wiesbaden (Alemania), 8 abr (dpa) &#8211; El enfriamiento de la econom\u00eda mundial y los conflictos comerciales internacionales dejaron su huella en el balance de febrero de las exportaciones alemanas, indican cifras suministradas hoy por la Oficina Federal de Estad\u00edstica en Wiesbaden.<\/p>\n<p>Las ventas de productos alemanes al exterior alcanzaron en febrero los 108.800 millones de euros (122.200 millones de d\u00f3lares), un 3,9 por ciento m\u00e1s que en febrero de 2018.<\/p>\n<p>Sin embargo cayeron un 1,3 por ciento respecto a enero. Se trata de la mayor ca\u00edda intermensual desde hace un a\u00f1o.<\/p>\n<p>La econom\u00eda mundial se encuentra en una situaci\u00f3n cr\u00edtica de la que el comercio exterior alem\u00e1n no puede escapar, argument\u00f3 la Asociaci\u00f3n Alemana de Comercio Exterior (BGA, por sus siglas en alem\u00e1n).<\/p>\n<p>\u00abLa incertidumbre debida a los numerosos conflictos sin resolver se refleja en la cartera de pedidos\u00bb, explic\u00f3 Holger Bingmann, presidente de la BGA.<\/p>\n<p>La soluci\u00f3n del conflicto comercial entre Estados Unidos y China sigue abierta, explic\u00f3 la federaci\u00f3n y sostuvo que \u00abla espada de Damocles\u00bb de los aranceles punitivos de Estados Unidos a la importaci\u00f3n de autom\u00f3viles, as\u00ed como las medidas tomadas por parte de la Uni\u00f3n Europea siguen pesando sobre las empresas.<\/p>\n<p>\u00abAdem\u00e1s, la salida repetidamente aplazada del Reino Unido de la Uni\u00f3n Europea est\u00e1 causando irritaci\u00f3n\u00bb, agreg\u00f3 el comunicado.<\/p>\n<p>\u00abHay demasiadas crisis abiertas en el comercio mundial para que el sector exportador alem\u00e1n pueda resistir a todas ellas al mismo tiempo\u00bb, argument\u00f3 en el mismo sentido Carsten Brzeski, economista jefe de ING para Alemania.<\/p>\n<p>Esto tambi\u00e9n encaja con el hecho de que los pedidos a la industria alemana cayeron un 4,2 por ciento en comparaci\u00f3n con el mes precedente, tal como se anunci\u00f3 recientemente desde Wiesbaden.<\/p>\n<p>Este fue el descenso m\u00e1s fuerte en m\u00e1s de dos a\u00f1os. El factor decisivo fue la fuerte ca\u00edda de la demanda de productos alemanes en el extranjero.<\/p>\n<p>La directora del Fondo Monetario Internacional, Christine Lagarde, advirti\u00f3 recientemente que la econom\u00eda mundial est\u00e1 en un \u00abmomento delicado\u00bb, y a\u00f1adi\u00f3 que \u00ablas barreras comerciales no son la respuesta\u00bb, para agregar que \u00abnadie gana una guerra comercial\u00bb.<\/p>\n<p>Seg\u00fan un informe de la Organizaci\u00f3n Mundial del Comercio (OMC), la econom\u00eda mundial \u00abseguir\u00e1 soportando fuertes vientos en contra en 2019 y 2020, despu\u00e9s de crecer menos de lo esperado en 2018 debido al aumento de las tensiones comerciales y a las mayores incertidumbres econ\u00f3mica\u00bb.<\/p>\n<p>La organizaci\u00f3n espera que el volumen del comercio mundial crezca un 2,6 por ciento, frente al tres por ciento del a\u00f1o pasado.<\/p>\n<p>La BGA pronostic\u00f3 recientemente un r\u00e9cord de exportaciones para el a\u00f1o en curso a pesar de todos los obst\u00e1culos. Se espera que las exportaciones crezcan hasta un tres por ciento. Eso ser\u00eda casi tanto como en 2018, pero significativamente menos que en el a\u00f1o anterior (m\u00e1s del 6,2 por ciento).<\/p>\n<p>El mayor mercado alem\u00e1n es la Uni\u00f3n Europea. En febrero se importaron mercanc\u00edas por valor de 65.700 millones de euros, un 3,8 por ciento m\u00e1s que en el mismo mes del a\u00f1o pasado. Las exportaciones a pa\u00edses fuera de la UE aumentaron un 4,1 por ciento, hasta alcanzar los 43.100 millones de euros.<\/p>\n<p>Las importaciones marcan una tendencia similar, con un valor de 90.900 millones de euros, un 5,1 por ciento superiores a las de febrero de 2018 y un 1,6 por ciento inferiores a las de enero de 2019.<\/p>\n<p>En los dos primeros meses de 2019, las exportaciones totales aumentaron un 2,8 por ciento hasta alcanzar los 217.700 millones de euros. Las importaciones crecieron mucho m\u00e1s fuertemente, con un cinco por ciento hasta alcanzar los 185.200 millones de euros.<\/p>\n<p>Si esta tendencia contin\u00faa, es poco probable que el comercio exterior pueda impulsar el crecimiento econ\u00f3mico de Alemania en el primer trimestre del a\u00f1o.<\/p>\n","protected":false},"excerpt":{"rendered":"<p>Wiesbaden (Alemania), 8 abr (dpa) &#8211; El enfriamiento de la econom\u00eda mundial y los conflictos comerciales internacionales dejaron su huella en el balance de febrero de las exportaciones alemanas, indican cifras suministradas hoy por la Oficina Federal de Estad\u00edstica en Wiesbaden. Las ventas de productos alemanes al exterior alcanzaron en febrero los 108.800 millones de [&hellip;]<\/p>\n","protected":false},"author":1,"featured_media":1021361,"comment_status":"closed","ping_status":"closed","sticky":false,"template":"","format":"standard","meta":{"footnotes":""},"categories":[187],"tags":[],"class_list":["post-1023329","post","type-post","status-publish","format-standard","has-post-thumbnail","hentry","category-economia"],"aioseo_notices":[],"aioseo_head":"\n\t\t<!-- All in One SEO Pro 4.9.6.2 - aioseo.com -->\n\t<meta name=\"description\" content=\"Wiesbaden (Alemania), 8 abr (dpa) - El enfriamiento de la econom\u00eda mundial y los conflictos comerciales internacionales dejaron su huella en el balance de febrero de las exportaciones alemanas, indican cifras suministradas hoy por la Oficina Federal de Estad\u00edstica en Wiesbaden. Las ventas de productos alemanes al exterior alcanzaron en febrero los 108.800 millones de\" \/>\n\t<meta name=\"robots\" content=\"max-image-preview:large\" \/>\n\t<meta name=\"author\" content=\"El Digital de Asturias\"\/>\n\t<meta name=\"google-site-verification\" content=\"UA-38556648-1\" \/>\n\t<meta name=\"msvalidate.01\" content=\"7dfe9f3f1b24437ab69f4f2559babe99\" \/>\n\t<meta name=\"keywords\" content=\"econom\u00eda\" \/>\n\t<link rel=\"canonical\" href=\"https:\/\/www.eldigitaldeasturias.com\/noticias\/las-exportaciones-alemanas-pierden-fuelle-en-febrero-de-2019\/\" \/>\n\t<meta name=\"generator\" content=\"All in One SEO Pro (AIOSEO) 4.9.6.2\" \/>\n\t\t<meta property=\"og:locale\" content=\"es_ES\" \/>\n\t\t<meta property=\"og:site_name\" content=\"El Digital de Asturias\" \/>\n\t\t<meta property=\"og:type\" content=\"article\" \/>\n\t\t<meta property=\"og:title\" content=\"Las exportaciones alemanas pierden fuelle en febrero de 2019 - El Digital de Asturias\" \/>\n\t\t<meta property=\"og:description\" content=\"Wiesbaden (Alemania), 8 abr (dpa) - El enfriamiento de la econom\u00eda mundial y los conflictos comerciales internacionales dejaron su huella en el balance de febrero de las exportaciones alemanas, indican cifras suministradas hoy por la Oficina Federal de Estad\u00edstica en Wiesbaden. Las ventas de productos alemanes al exterior alcanzaron en febrero los 108.800 millones de\" \/>\n\t\t<meta property=\"og:url\" content=\"https:\/\/www.eldigitaldeasturias.com\/noticias\/las-exportaciones-alemanas-pierden-fuelle-en-febrero-de-2019\/\" \/>\n\t\t<meta property=\"og:image\" content=\"https:\/\/www.eldigitaldeasturias.com\/noticias\/wp-content\/uploads\/2019\/03\/30122016_Exportaciones.jpg\" \/>\n\t\t<meta property=\"og:image:secure_url\" content=\"https:\/\/www.eldigitaldeasturias.com\/noticias\/wp-content\/uploads\/2019\/03\/30122016_Exportaciones.jpg\" \/>\n\t\t<meta property=\"og:image:width\" content=\"496\" \/>\n\t\t<meta property=\"og:image:height\" content=\"330\" \/>\n\t\t<meta property=\"article:tag\" content=\"econom\u00eda\" \/>\n\t\t<meta property=\"article:published_time\" content=\"2019-04-08T22:05:02+00:00\" \/>\n\t\t<meta property=\"article:modified_time\" content=\"2019-04-08T22:05:33+00:00\" \/>\n\t\t<meta property=\"article:publisher\" content=\"https:\/\/facebook.com\/eldigitaldeasturias\" \/>\n\t\t<meta name=\"twitter:card\" content=\"summary_large_image\" \/>\n\t\t<meta name=\"twitter:title\" content=\"Las exportaciones alemanas pierden fuelle en febrero de 2019 - El Digital de Asturias\" \/>\n\t\t<meta name=\"twitter:description\" content=\"Wiesbaden (Alemania), 8 abr (dpa) - El enfriamiento de la econom\u00eda mundial y los conflictos comerciales internacionales dejaron su huella en el balance de febrero de las exportaciones alemanas, indican cifras suministradas hoy por la Oficina Federal de Estad\u00edstica en Wiesbaden. Las ventas de productos alemanes al exterior alcanzaron en febrero los 108.800 millones de\" \/>\n\t\t<meta name=\"twitter:image\" content=\"https:\/\/www.eldigitaldeasturias.com\/noticias\/wp-content\/uploads\/2019\/03\/30122016_Exportaciones.jpg\" \/>\n\t\t<meta name=\"twitter:label1\" content=\"Escrito por\" \/>\n\t\t<meta name=\"twitter:data1\" content=\"El Digital de Asturias\" \/>\n\t\t<meta name=\"twitter:label2\" content=\"Tiempo de lectura estimado\" \/>\n\t\t<meta name=\"twitter:data2\" content=\"3 minutos\" \/>\n\t\t<script type=\"application\/ld+json\" class=\"aioseo-schema\">\n\t\t\t{\"@context\":\"https:\\\/\\\/schema.org\",\"@graph\":[{\"@type\":\"BlogPosting\",\"@id\":\"https:\\\/\\\/www.eldigitaldeasturias.com\\\/noticias\\\/las-exportaciones-alemanas-pierden-fuelle-en-febrero-de-2019\\\/#blogposting\",\"name\":\"Las exportaciones alemanas pierden fuelle en febrero de 2019 - El Digital de Asturias\",\"headline\":\"Las exportaciones alemanas pierden fuelle en febrero de 2019\",\"author\":{\"@id\":\"https:\\\/\\\/www.eldigitaldeasturias.com\\\/noticias\\\/author\\\/admin\\\/#author\"},\"publisher\":{\"@id\":\"https:\\\/\\\/www.eldigitaldeasturias.com\\\/noticias\\\/#organization\"},\"image\":{\"@type\":\"ImageObject\",\"url\":\"https:\\\/\\\/www.eldigitaldeasturias.com\\\/noticias\\\/wp-content\\\/uploads\\\/2019\\\/03\\\/30122016_Exportaciones.jpg\",\"width\":496,\"height\":330},\"datePublished\":\"2019-04-08T22:05:02+02:00\",\"dateModified\":\"2019-04-08T22:05:33+02:00\",\"inLanguage\":\"es-ES\",\"mainEntityOfPage\":{\"@id\":\"https:\\\/\\\/www.eldigitaldeasturias.com\\\/noticias\\\/las-exportaciones-alemanas-pierden-fuelle-en-febrero-de-2019\\\/#webpage\"},\"isPartOf\":{\"@id\":\"https:\\\/\\\/www.eldigitaldeasturias.com\\\/noticias\\\/las-exportaciones-alemanas-pierden-fuelle-en-febrero-de-2019\\\/#webpage\"},\"articleSection\":\"Econom\\u00eda\"},{\"@type\":\"BreadcrumbList\",\"@id\":\"https:\\\/\\\/www.eldigitaldeasturias.com\\\/noticias\\\/las-exportaciones-alemanas-pierden-fuelle-en-febrero-de-2019\\\/#breadcrumblist\",\"itemListElement\":[{\"@type\":\"ListItem\",\"@id\":\"https:\\\/\\\/www.eldigitaldeasturias.com\\\/noticias#listItem\",\"position\":1,\"name\":\"Home\",\"item\":\"https:\\\/\\\/www.eldigitaldeasturias.com\\\/noticias\",\"nextItem\":{\"@type\":\"ListItem\",\"@id\":\"https:\\\/\\\/www.eldigitaldeasturias.com\\\/noticias\\\/category\\\/economia\\\/#listItem\",\"name\":\"Econom\\u00eda\"}},{\"@type\":\"ListItem\",\"@id\":\"https:\\\/\\\/www.eldigitaldeasturias.com\\\/noticias\\\/category\\\/economia\\\/#listItem\",\"position\":2,\"name\":\"Econom\\u00eda\",\"item\":\"https:\\\/\\\/www.eldigitaldeasturias.com\\\/noticias\\\/category\\\/economia\\\/\",\"nextItem\":{\"@type\":\"ListItem\",\"@id\":\"https:\\\/\\\/www.eldigitaldeasturias.com\\\/noticias\\\/las-exportaciones-alemanas-pierden-fuelle-en-febrero-de-2019\\\/#listItem\",\"name\":\"Las exportaciones alemanas pierden fuelle en febrero de 2019\"},\"previousItem\":{\"@type\":\"ListItem\",\"@id\":\"https:\\\/\\\/www.eldigitaldeasturias.com\\\/noticias#listItem\",\"name\":\"Home\"}},{\"@type\":\"ListItem\",\"@id\":\"https:\\\/\\\/www.eldigitaldeasturias.com\\\/noticias\\\/las-exportaciones-alemanas-pierden-fuelle-en-febrero-de-2019\\\/#listItem\",\"position\":3,\"name\":\"Las exportaciones alemanas pierden fuelle en febrero de 2019\",\"previousItem\":{\"@type\":\"ListItem\",\"@id\":\"https:\\\/\\\/www.eldigitaldeasturias.com\\\/noticias\\\/category\\\/economia\\\/#listItem\",\"name\":\"Econom\\u00eda\"}}]},{\"@type\":\"Organization\",\"@id\":\"https:\\\/\\\/www.eldigitaldeasturias.com\\\/noticias\\\/#organization\",\"name\":\"El Digital de Asturias\",\"description\":\"Hemeroteca\",\"url\":\"https:\\\/\\\/www.eldigitaldeasturias.com\\\/noticias\\\/\",\"email\":\"info@eldigitaldeasturias.com\",\"telephone\":\"+34652131393\",\"logo\":{\"@type\":\"ImageObject\",\"url\":\"https:\\\/\\\/www.eldigitaldeasturias.com\\\/noticias\\\/wp-content\\\/uploads\\\/2020\\\/12\\\/EDA.jpg\",\"@id\":\"https:\\\/\\\/www.eldigitaldeasturias.com\\\/noticias\\\/las-exportaciones-alemanas-pierden-fuelle-en-febrero-de-2019\\\/#organizationLogo\",\"width\":649,\"height\":297},\"image\":{\"@id\":\"https:\\\/\\\/www.eldigitaldeasturias.com\\\/noticias\\\/las-exportaciones-alemanas-pierden-fuelle-en-febrero-de-2019\\\/#organizationLogo\"},\"sameAs\":[\"https:\\\/\\\/facebook.com\\\/eldigitaldeasturias\",\"https:\\\/\\\/www.youtube.com\\\/channel\\\/UCZP-2wLEB9Rv6erhFmqVnvg\"],\"address\":{\"@id\":\"https:\\\/\\\/www.eldigitaldeasturias.com\\\/noticias\\\/#postaladdress\",\"@type\":\"PostalAddress\",\"streetAddress\":\"san antonio 4,\",\"postalCode\":\"33430\",\"addressLocality\":\"Cand\\u00e1s\",\"addressRegion\":\"Asturias\",\"addressCountry\":\"ES\"}},{\"@type\":\"Person\",\"@id\":\"https:\\\/\\\/www.eldigitaldeasturias.com\\\/noticias\\\/author\\\/admin\\\/#author\",\"url\":\"https:\\\/\\\/www.eldigitaldeasturias.com\\\/noticias\\\/author\\\/admin\\\/\",\"name\":\"El Digital de Asturias\",\"image\":{\"@type\":\"ImageObject\",\"@id\":\"https:\\\/\\\/www.eldigitaldeasturias.com\\\/noticias\\\/las-exportaciones-alemanas-pierden-fuelle-en-febrero-de-2019\\\/#authorImage\",\"url\":\"https:\\\/\\\/www.eldigitaldeasturias.com\\\/noticias\\\/wp-content\\\/litespeed\\\/avatar\\\/18677e78aa0546b92d9dbf31ec7d7668.jpg?ver=1777290358\",\"width\":96,\"height\":96,\"caption\":\"El Digital de Asturias\"}},{\"@type\":\"WebPage\",\"@id\":\"https:\\\/\\\/www.eldigitaldeasturias.com\\\/noticias\\\/las-exportaciones-alemanas-pierden-fuelle-en-febrero-de-2019\\\/#webpage\",\"url\":\"https:\\\/\\\/www.eldigitaldeasturias.com\\\/noticias\\\/las-exportaciones-alemanas-pierden-fuelle-en-febrero-de-2019\\\/\",\"name\":\"Las exportaciones alemanas pierden fuelle en febrero de 2019 - El Digital de Asturias\",\"description\":\"Wiesbaden (Alemania), 8 abr (dpa) - El enfriamiento de la econom\\u00eda mundial y los conflictos comerciales internacionales dejaron su huella en el balance de febrero de las exportaciones alemanas, indican cifras suministradas hoy por la Oficina Federal de Estad\\u00edstica en Wiesbaden. Las ventas de productos alemanes al exterior alcanzaron en febrero los 108.800 millones de\",\"inLanguage\":\"es-ES\",\"isPartOf\":{\"@id\":\"https:\\\/\\\/www.eldigitaldeasturias.com\\\/noticias\\\/#website\"},\"breadcrumb\":{\"@id\":\"https:\\\/\\\/www.eldigitaldeasturias.com\\\/noticias\\\/las-exportaciones-alemanas-pierden-fuelle-en-febrero-de-2019\\\/#breadcrumblist\"},\"author\":{\"@id\":\"https:\\\/\\\/www.eldigitaldeasturias.com\\\/noticias\\\/author\\\/admin\\\/#author\"},\"creator\":{\"@id\":\"https:\\\/\\\/www.eldigitaldeasturias.com\\\/noticias\\\/author\\\/admin\\\/#author\"},\"image\":{\"@type\":\"ImageObject\",\"url\":\"https:\\\/\\\/www.eldigitaldeasturias.com\\\/noticias\\\/wp-content\\\/uploads\\\/2019\\\/03\\\/30122016_Exportaciones.jpg\",\"@id\":\"https:\\\/\\\/www.eldigitaldeasturias.com\\\/noticias\\\/las-exportaciones-alemanas-pierden-fuelle-en-febrero-de-2019\\\/#mainImage\",\"width\":496,\"height\":330},\"primaryImageOfPage\":{\"@id\":\"https:\\\/\\\/www.eldigitaldeasturias.com\\\/noticias\\\/las-exportaciones-alemanas-pierden-fuelle-en-febrero-de-2019\\\/#mainImage\"},\"datePublished\":\"2019-04-08T22:05:02+02:00\",\"dateModified\":\"2019-04-08T22:05:33+02:00\"},{\"@type\":\"WebSite\",\"@id\":\"https:\\\/\\\/www.eldigitaldeasturias.com\\\/noticias\\\/#website\",\"url\":\"https:\\\/\\\/www.eldigitaldeasturias.com\\\/noticias\\\/\",\"name\":\"El Digital de Asturias - Diario de actualidad y noticias\",\"alternateName\":\"El Digital de Asturias - Diario de actualidad y noticias\",\"description\":\"Hemeroteca\",\"inLanguage\":\"es-ES\",\"publisher\":{\"@id\":\"https:\\\/\\\/www.eldigitaldeasturias.com\\\/noticias\\\/#organization\"}}]}\n\t\t<\/script>\n\t\t<!-- All in One SEO Pro -->\r\n\t\t<title>Las exportaciones alemanas pierden fuelle en febrero de 2019 - El Digital de Asturias<\/title>\n\n","aioseo_head_json":{"title":"Las exportaciones alemanas pierden fuelle en febrero de 2019 - El Digital de Asturias","description":"Wiesbaden (Alemania), 8 abr (dpa) - El enfriamiento de la econom\u00eda mundial y los conflictos comerciales internacionales dejaron su huella en el balance de febrero de las exportaciones alemanas, indican cifras suministradas hoy por la Oficina Federal de Estad\u00edstica en Wiesbaden. Las ventas de productos alemanes al exterior alcanzaron en febrero los 108.800 millones de","canonical_url":"https:\/\/www.eldigitaldeasturias.com\/noticias\/las-exportaciones-alemanas-pierden-fuelle-en-febrero-de-2019\/","robots":"max-image-preview:large","keywords":"econom\u00eda","webmasterTools":{"google-site-verification":"UA-38556648-1","msvalidate.01":"7dfe9f3f1b24437ab69f4f2559babe99","miscellaneous":""},"schema":{"@context":"https:\/\/schema.org","@graph":[{"@type":"BlogPosting","@id":"https:\/\/www.eldigitaldeasturias.com\/noticias\/las-exportaciones-alemanas-pierden-fuelle-en-febrero-de-2019\/#blogposting","name":"Las exportaciones alemanas pierden fuelle en febrero de 2019 - El Digital de Asturias","headline":"Las exportaciones alemanas pierden fuelle en febrero de 2019","author":{"@id":"https:\/\/www.eldigitaldeasturias.com\/noticias\/author\/admin\/#author"},"publisher":{"@id":"https:\/\/www.eldigitaldeasturias.com\/noticias\/#organization"},"image":{"@type":"ImageObject","url":"https:\/\/www.eldigitaldeasturias.com\/noticias\/wp-content\/uploads\/2019\/03\/30122016_Exportaciones.jpg","width":496,"height":330},"datePublished":"2019-04-08T22:05:02+02:00","dateModified":"2019-04-08T22:05:33+02:00","inLanguage":"es-ES","mainEntityOfPage":{"@id":"https:\/\/www.eldigitaldeasturias.com\/noticias\/las-exportaciones-alemanas-pierden-fuelle-en-febrero-de-2019\/#webpage"},"isPartOf":{"@id":"https:\/\/www.eldigitaldeasturias.com\/noticias\/las-exportaciones-alemanas-pierden-fuelle-en-febrero-de-2019\/#webpage"},"articleSection":"Econom\u00eda"},{"@type":"BreadcrumbList","@id":"https:\/\/www.eldigitaldeasturias.com\/noticias\/las-exportaciones-alemanas-pierden-fuelle-en-febrero-de-2019\/#breadcrumblist","itemListElement":[{"@type":"ListItem","@id":"https:\/\/www.eldigitaldeasturias.com\/noticias#listItem","position":1,"name":"Home","item":"https:\/\/www.eldigitaldeasturias.com\/noticias","nextItem":{"@type":"ListItem","@id":"https:\/\/www.eldigitaldeasturias.com\/noticias\/category\/economia\/#listItem","name":"Econom\u00eda"}},{"@type":"ListItem","@id":"https:\/\/www.eldigitaldeasturias.com\/noticias\/category\/economia\/#listItem","position":2,"name":"Econom\u00eda","item":"https:\/\/www.eldigitaldeasturias.com\/noticias\/category\/economia\/","nextItem":{"@type":"ListItem","@id":"https:\/\/www.eldigitaldeasturias.com\/noticias\/las-exportaciones-alemanas-pierden-fuelle-en-febrero-de-2019\/#listItem","name":"Las exportaciones alemanas pierden fuelle en febrero de 2019"},"previousItem":{"@type":"ListItem","@id":"https:\/\/www.eldigitaldeasturias.com\/noticias#listItem","name":"Home"}},{"@type":"ListItem","@id":"https:\/\/www.eldigitaldeasturias.com\/noticias\/las-exportaciones-alemanas-pierden-fuelle-en-febrero-de-2019\/#listItem","position":3,"name":"Las exportaciones alemanas pierden fuelle en febrero de 2019","previousItem":{"@type":"ListItem","@id":"https:\/\/www.eldigitaldeasturias.com\/noticias\/category\/economia\/#listItem","name":"Econom\u00eda"}}]},{"@type":"Organization","@id":"https:\/\/www.eldigitaldeasturias.com\/noticias\/#organization","name":"El Digital de Asturias","description":"Hemeroteca","url":"https:\/\/www.eldigitaldeasturias.com\/noticias\/","email":"info@eldigitaldeasturias.com","telephone":"+34652131393","logo":{"@type":"ImageObject","url":"https:\/\/www.eldigitaldeasturias.com\/noticias\/wp-content\/uploads\/2020\/12\/EDA.jpg","@id":"https:\/\/www.eldigitaldeasturias.com\/noticias\/las-exportaciones-alemanas-pierden-fuelle-en-febrero-de-2019\/#organizationLogo","width":649,"height":297},"image":{"@id":"https:\/\/www.eldigitaldeasturias.com\/noticias\/las-exportaciones-alemanas-pierden-fuelle-en-febrero-de-2019\/#organizationLogo"},"sameAs":["https:\/\/facebook.com\/eldigitaldeasturias","https:\/\/www.youtube.com\/channel\/UCZP-2wLEB9Rv6erhFmqVnvg"],"address":{"@id":"https:\/\/www.eldigitaldeasturias.com\/noticias\/#postaladdress","@type":"PostalAddress","streetAddress":"san antonio 4,","postalCode":"33430","addressLocality":"Cand\u00e1s","addressRegion":"Asturias","addressCountry":"ES"}},{"@type":"Person","@id":"https:\/\/www.eldigitaldeasturias.com\/noticias\/author\/admin\/#author","url":"https:\/\/www.eldigitaldeasturias.com\/noticias\/author\/admin\/","name":"El Digital de Asturias","image":{"@type":"ImageObject","@id":"https:\/\/www.eldigitaldeasturias.com\/noticias\/las-exportaciones-alemanas-pierden-fuelle-en-febrero-de-2019\/#authorImage","url":"https:\/\/www.eldigitaldeasturias.com\/noticias\/wp-content\/litespeed\/avatar\/18677e78aa0546b92d9dbf31ec7d7668.jpg?ver=1777290358","width":96,"height":96,"caption":"El Digital de Asturias"}},{"@type":"WebPage","@id":"https:\/\/www.eldigitaldeasturias.com\/noticias\/las-exportaciones-alemanas-pierden-fuelle-en-febrero-de-2019\/#webpage","url":"https:\/\/www.eldigitaldeasturias.com\/noticias\/las-exportaciones-alemanas-pierden-fuelle-en-febrero-de-2019\/","name":"Las exportaciones alemanas pierden fuelle en febrero de 2019 - El Digital de Asturias","description":"Wiesbaden (Alemania), 8 abr (dpa) - El enfriamiento de la econom\u00eda mundial y los conflictos comerciales internacionales dejaron su huella en el balance de febrero de las exportaciones alemanas, indican cifras suministradas hoy por la Oficina Federal de Estad\u00edstica en Wiesbaden. Las ventas de productos alemanes al exterior alcanzaron en febrero los 108.800 millones de","inLanguage":"es-ES","isPartOf":{"@id":"https:\/\/www.eldigitaldeasturias.com\/noticias\/#website"},"breadcrumb":{"@id":"https:\/\/www.eldigitaldeasturias.com\/noticias\/las-exportaciones-alemanas-pierden-fuelle-en-febrero-de-2019\/#breadcrumblist"},"author":{"@id":"https:\/\/www.eldigitaldeasturias.com\/noticias\/author\/admin\/#author"},"creator":{"@id":"https:\/\/www.eldigitaldeasturias.com\/noticias\/author\/admin\/#author"},"image":{"@type":"ImageObject","url":"https:\/\/www.eldigitaldeasturias.com\/noticias\/wp-content\/uploads\/2019\/03\/30122016_Exportaciones.jpg","@id":"https:\/\/www.eldigitaldeasturias.com\/noticias\/las-exportaciones-alemanas-pierden-fuelle-en-febrero-de-2019\/#mainImage","width":496,"height":330},"primaryImageOfPage":{"@id":"https:\/\/www.eldigitaldeasturias.com\/noticias\/las-exportaciones-alemanas-pierden-fuelle-en-febrero-de-2019\/#mainImage"},"datePublished":"2019-04-08T22:05:02+02:00","dateModified":"2019-04-08T22:05:33+02:00"},{"@type":"WebSite","@id":"https:\/\/www.eldigitaldeasturias.com\/noticias\/#website","url":"https:\/\/www.eldigitaldeasturias.com\/noticias\/","name":"El Digital de Asturias - Diario de actualidad y noticias","alternateName":"El Digital de Asturias - Diario de actualidad y noticias","description":"Hemeroteca","inLanguage":"es-ES","publisher":{"@id":"https:\/\/www.eldigitaldeasturias.com\/noticias\/#organization"}}]},"og:locale":"es_ES","og:site_name":"El Digital de Asturias","og:type":"article","og:title":"Las exportaciones alemanas pierden fuelle en febrero de 2019 - El Digital de Asturias","og:description":"Wiesbaden (Alemania), 8 abr (dpa) - El enfriamiento de la econom\u00eda mundial y los conflictos comerciales internacionales dejaron su huella en el balance de febrero de las exportaciones alemanas, indican cifras suministradas hoy por la Oficina Federal de Estad\u00edstica en Wiesbaden. Las ventas de productos alemanes al exterior alcanzaron en febrero los 108.800 millones de","og:url":"https:\/\/www.eldigitaldeasturias.com\/noticias\/las-exportaciones-alemanas-pierden-fuelle-en-febrero-de-2019\/","og:image":"https:\/\/www.eldigitaldeasturias.com\/noticias\/wp-content\/uploads\/2019\/03\/30122016_Exportaciones.jpg","og:image:secure_url":"https:\/\/www.eldigitaldeasturias.com\/noticias\/wp-content\/uploads\/2019\/03\/30122016_Exportaciones.jpg","og:image:width":496,"og:image:height":330,"article:tag":["econom\u00eda"],"article:published_time":"2019-04-08T22:05:02+00:00","article:modified_time":"2019-04-08T22:05:33+00:00","article:publisher":"https:\/\/facebook.com\/eldigitaldeasturias","twitter:card":"summary_large_image","twitter:title":"Las exportaciones alemanas pierden fuelle en febrero de 2019 - El Digital de Asturias","twitter:description":"Wiesbaden (Alemania), 8 abr (dpa) - El enfriamiento de la econom\u00eda mundial y los conflictos comerciales internacionales dejaron su huella en el balance de febrero de las exportaciones alemanas, indican cifras suministradas hoy por la Oficina Federal de Estad\u00edstica en Wiesbaden. Las ventas de productos alemanes al exterior alcanzaron en febrero los 108.800 millones de","twitter:image":"https:\/\/www.eldigitaldeasturias.com\/noticias\/wp-content\/uploads\/2019\/03\/30122016_Exportaciones.jpg","twitter:label1":"Escrito por","twitter:data1":"El Digital de Asturias","twitter:label2":"Tiempo de lectura estimado","twitter:data2":"3 minutos"},"aioseo_meta_data":{"post_id":"1023329","title":null,"description":null,"keywords":null,"keyphrases":null,"primary_term":null,"canonical_url":null,"og_title":null,"og_description":null,"og_object_type":"default","og_image_type":"default","og_image_url":null,"og_image_width":null,"og_image_height":null,"og_image_custom_url":null,"og_image_custom_fields":null,"og_video":null,"og_custom_url":null,"og_article_section":null,"og_article_tags":null,"twitter_use_og":false,"twitter_card":"default","twitter_image_type":"default","twitter_image_url":null,"twitter_image_custom_url":null,"twitter_image_custom_fields":null,"twitter_title":null,"twitter_description":null,"schema":{"blockGraphs":[],"customGraphs":[],"default":{"data":{"Article":[],"Course":[],"Dataset":[],"FAQPage":[],"Movie":[],"Person":[],"Product":[],"ProductReview":[],"Car":[],"Recipe":[],"Service":[],"SoftwareApplication":[],"WebPage":[]},"graphName":"","isEnabled":true},"graphs":[],"defaultGraph":"","defaultPostTypeGraph":""},"schema_type":null,"schema_type_options":null,"pillar_content":false,"robots_default":true,"robots_noindex":false,"robots_noarchive":false,"robots_nosnippet":false,"robots_nofollow":false,"robots_noimageindex":false,"robots_noodp":false,"robots_notranslate":false,"robots_max_snippet":null,"robots_max_videopreview":null,"robots_max_imagepreview":"large","priority":null,"frequency":null,"local_seo":null,"seo_analyzer_scan_date":"2025-10-17 12:03:11","breadcrumb_settings":null,"limit_modified_date":false,"open_ai":null,"ai":null,"created":"2020-12-21 11:15:21","updated":"2025-10-17 12:03:11"},"aioseo_breadcrumb":"<div class=\"aioseo-breadcrumbs\"><span class=\"aioseo-breadcrumb\">\n\t<a href=\"https:\/\/www.eldigitaldeasturias.com\/noticias\" title=\"Home\">Home<\/a>\n<\/span><span class=\"aioseo-breadcrumb-separator\">\u2013<\/span><span class=\"aioseo-breadcrumb\">\n\t<a href=\"https:\/\/www.eldigitaldeasturias.com\/noticias\/category\/economia\/\" title=\"Econom\u00eda\">Econom\u00eda<\/a>\n<\/span><span class=\"aioseo-breadcrumb-separator\">\u2013<\/span><span class=\"aioseo-breadcrumb\">\n\t<a href=\"https:\/\/www.eldigitaldeasturias.com\/noticias\/las-exportaciones-alemanas-pierden-fuelle-en-febrero-de-2019\/\" title=\"Las exportaciones alemanas pierden fuelle en febrero de 2019\">Las exportaciones alemanas pierden fuelle en febrero de 2019<\/a>\n<\/span><\/div>","aioseo_breadcrumb_json":[{"label":"Home","link":"https:\/\/www.eldigitaldeasturias.com\/noticias"},{"label":"Econom\u00eda","link":"https:\/\/www.eldigitaldeasturias.com\/noticias\/category\/economia\/"},{"label":"Las exportaciones alemanas pierden fuelle en febrero de 2019","link":"https:\/\/www.eldigitaldeasturias.com\/noticias\/las-exportaciones-alemanas-pierden-fuelle-en-febrero-de-2019\/"}],"_links":{"self":[{"href":"https:\/\/www.eldigitaldeasturias.com\/noticias\/wp-json\/wp\/v2\/posts\/1023329","targetHints":{"allow":["GET"]}}],"collection":[{"href":"https:\/\/www.eldigitaldeasturias.com\/noticias\/wp-json\/wp\/v2\/posts"}],"about":[{"href":"https:\/\/www.eldigitaldeasturias.com\/noticias\/wp-json\/wp\/v2\/types\/post"}],"author":[{"embeddable":true,"href":"https:\/\/www.eldigitaldeasturias.com\/noticias\/wp-json\/wp\/v2\/users\/1"}],"replies":[{"embeddable":true,"href":"https:\/\/www.eldigitaldeasturias.com\/noticias\/wp-json\/wp\/v2\/comments?post=1023329"}],"version-history":[{"count":0,"href":"https:\/\/www.eldigitaldeasturias.com\/noticias\/wp-json\/wp\/v2\/posts\/1023329\/revisions"}],"wp:featuredmedia":[{"embeddable":true,"href":"https:\/\/www.eldigitaldeasturias.com\/noticias\/wp-json\/wp\/v2\/media\/1021361"}],"wp:attachment":[{"href":"https:\/\/www.eldigitaldeasturias.com\/noticias\/wp-json\/wp\/v2\/media?parent=1023329"}],"wp:term":[{"taxonomy":"category","embeddable":true,"href":"https:\/\/www.eldigitaldeasturias.com\/noticias\/wp-json\/wp\/v2\/categories?post=1023329"},{"taxonomy":"post_tag","embeddable":true,"href":"https:\/\/www.eldigitaldeasturias.com\/noticias\/wp-json\/wp\/v2\/tags?post=1023329"}],"curies":[{"name":"wp","href":"https:\/\/api.w.org\/{rel}","templated":true}]}}