{"id":1023327,"date":"2019-04-08T21:59:52","date_gmt":"2019-04-08T21:59:52","guid":{"rendered":"https:\/\/www.eldigitaldeasturias.com\/noticias\/?p=1023327"},"modified":"2019-04-08T21:59:52","modified_gmt":"2019-04-08T21:59:52","slug":"disminuyen-las-empresas-sujetas-a-convenios-colectivos-en-alemania","status":"publish","type":"post","link":"https:\/\/www.eldigitaldeasturias.com\/noticias\/disminuyen-las-empresas-sujetas-a-convenios-colectivos-en-alemania\/","title":{"rendered":"Disminuyen las empresas sujetas a convenios colectivos en Alemania"},"content":{"rendered":"<p><img loading=\"lazy\" decoding=\"async\" class=\"alignleft size-medium wp-image-1022084\" src=\"https:\/\/www.eldigitaldeasturias.com\/noticias\/wp-content\/uploads\/2019\/03\/money-3481699_960_720-360x240.jpg\" alt=\"\" width=\"360\" height=\"240\" srcset=\"https:\/\/www.eldigitaldeasturias.com\/noticias\/wp-content\/uploads\/2019\/03\/money-3481699_960_720-360x240.jpg 360w, https:\/\/www.eldigitaldeasturias.com\/noticias\/wp-content\/uploads\/2019\/03\/money-3481699_960_720-768x512.jpg 768w, https:\/\/www.eldigitaldeasturias.com\/noticias\/wp-content\/uploads\/2019\/03\/money-3481699_960_720-650x433.jpg 650w, https:\/\/www.eldigitaldeasturias.com\/noticias\/wp-content\/uploads\/2019\/03\/money-3481699_960_720.jpg 960w\" sizes=\"auto, (max-width: 360px) 100vw, 360px\" \/>D\u00fcsseldorf\/Fr\u00e1ncfort, 8 abr (dpa) &#8211; En la econom\u00eda alemana hay cada vez menos empresas y empleados sujetos a los convenios colectivos de trabajo, pese a que la cifra de estos acuerdos contin\u00faa en ascenso, alert\u00f3 hoy la Fundaci\u00f3n Hans B\u00f6ckler, cercana a los sindicatos.<\/p>\n<p>Con motivo de cumplirse los 70 a\u00f1os de la ley de convenios colectivos en el pa\u00eds, la fundaci\u00f3n se\u00f1al\u00f3 que actualmente se registran unos 77.000 contratos v\u00e1lidos, una cifra r\u00e9cord, mientras que anualmente se suman unos 5.000 nuevos, seg\u00fan registra el archivo de la fundaci\u00f3n.<\/p>\n<p>Al mismo tiempo, solamente un 55 por ciento de los trabajadores y un 27 por ciento de las empresas siguen vinculados a los convenios colectivos, apunt\u00f3.<\/p>\n<p>\u00abLa disminuci\u00f3n de la vinculaci\u00f3n a los convenios socava los acuerdos salariales existentes y promueve el empleo mal remunerado y precario\u00bb, lament\u00f3 el jefe de convenios colectivos de la entidad, Thorsten Schulten.<\/p>\n<p>Los convenios colectivos de trabajo son sellados entre los sindicatos y los empleadores, o tambi\u00e9n con determinadas empresas, y pueden abarcar las \u00e1reas m\u00e1s diversas de las relaciones laborales. Los m\u00e1s conocidos son los acuerdos salariales.<\/p>\n<p>Seg\u00fan los c\u00e1lculos de la fundaci\u00f3n, las remuneraciones vinculadas a convenios colectivos de trabajo han aumentado alrededor de un 14 por ciento en los \u00faltimos diez a\u00f1os en t\u00e9rminos reales.<\/p>\n<p>Recientemente, en los convenios colectivos se han acordado sobre todo horarios de trabajo m\u00e1s cortos y flexibles con diferentes opciones para los empleados.<\/p>\n","protected":false},"excerpt":{"rendered":"<p>D\u00fcsseldorf\/Fr\u00e1ncfort, 8 abr (dpa) &#8211; En la econom\u00eda alemana hay cada vez menos empresas y empleados sujetos a los convenios colectivos de trabajo, pese a que la cifra de estos acuerdos contin\u00faa en ascenso, alert\u00f3 hoy la Fundaci\u00f3n Hans B\u00f6ckler, cercana a los sindicatos. Con motivo de cumplirse los 70 a\u00f1os de la ley de [&hellip;]<\/p>\n","protected":false},"author":1,"featured_media":1022084,"comment_status":"closed","ping_status":"closed","sticky":false,"template":"","format":"standard","meta":{"footnotes":""},"categories":[187],"tags":[],"class_list":["post-1023327","post","type-post","status-publish","format-standard","has-post-thumbnail","hentry","category-economia"],"aioseo_notices":[],"aioseo_head":"\n\t\t<!-- All in One SEO Pro 4.9.6.2 - aioseo.com -->\n\t<meta name=\"description\" content=\"D\u00fcsseldorf\/Fr\u00e1ncfort, 8 abr (dpa) - En la econom\u00eda alemana hay cada vez menos empresas y empleados sujetos a los convenios colectivos de trabajo, pese a que la cifra de estos acuerdos contin\u00faa en ascenso, alert\u00f3 hoy la Fundaci\u00f3n Hans B\u00f6ckler, cercana a los sindicatos. Con motivo de cumplirse los 70 a\u00f1os de la ley de\" \/>\n\t<meta name=\"robots\" content=\"max-image-preview:large\" \/>\n\t<meta name=\"author\" content=\"El Digital de Asturias\"\/>\n\t<meta name=\"google-site-verification\" content=\"UA-38556648-1\" \/>\n\t<meta name=\"msvalidate.01\" content=\"7dfe9f3f1b24437ab69f4f2559babe99\" \/>\n\t<meta name=\"keywords\" content=\"econom\u00eda\" \/>\n\t<link rel=\"canonical\" href=\"https:\/\/www.eldigitaldeasturias.com\/noticias\/disminuyen-las-empresas-sujetas-a-convenios-colectivos-en-alemania\/\" \/>\n\t<meta name=\"generator\" content=\"All in One SEO Pro (AIOSEO) 4.9.6.2\" \/>\n\t\t<meta property=\"og:locale\" content=\"es_ES\" \/>\n\t\t<meta property=\"og:site_name\" content=\"El Digital de Asturias\" \/>\n\t\t<meta property=\"og:type\" content=\"article\" \/>\n\t\t<meta property=\"og:title\" content=\"Disminuyen las empresas sujetas a convenios colectivos en Alemania - El Digital de Asturias\" \/>\n\t\t<meta property=\"og:description\" content=\"D\u00fcsseldorf\/Fr\u00e1ncfort, 8 abr (dpa) - En la econom\u00eda alemana hay cada vez menos empresas y empleados sujetos a los convenios colectivos de trabajo, pese a que la cifra de estos acuerdos contin\u00faa en ascenso, alert\u00f3 hoy la Fundaci\u00f3n Hans B\u00f6ckler, cercana a los sindicatos. Con motivo de cumplirse los 70 a\u00f1os de la ley de\" \/>\n\t\t<meta property=\"og:url\" content=\"https:\/\/www.eldigitaldeasturias.com\/noticias\/disminuyen-las-empresas-sujetas-a-convenios-colectivos-en-alemania\/\" \/>\n\t\t<meta property=\"og:image\" content=\"https:\/\/www.eldigitaldeasturias.com\/noticias\/wp-content\/uploads\/2019\/03\/money-3481699_960_720.jpg\" \/>\n\t\t<meta property=\"og:image:secure_url\" content=\"https:\/\/www.eldigitaldeasturias.com\/noticias\/wp-content\/uploads\/2019\/03\/money-3481699_960_720.jpg\" \/>\n\t\t<meta property=\"og:image:width\" content=\"960\" \/>\n\t\t<meta property=\"og:image:height\" content=\"640\" \/>\n\t\t<meta property=\"article:tag\" content=\"econom\u00eda\" \/>\n\t\t<meta property=\"article:published_time\" content=\"2019-04-08T21:59:52+00:00\" \/>\n\t\t<meta property=\"article:modified_time\" content=\"2019-04-08T21:59:52+00:00\" \/>\n\t\t<meta property=\"article:publisher\" content=\"https:\/\/facebook.com\/eldigitaldeasturias\" \/>\n\t\t<meta name=\"twitter:card\" content=\"summary_large_image\" \/>\n\t\t<meta name=\"twitter:title\" content=\"Disminuyen las empresas sujetas a convenios colectivos en Alemania - El Digital de Asturias\" \/>\n\t\t<meta name=\"twitter:description\" content=\"D\u00fcsseldorf\/Fr\u00e1ncfort, 8 abr (dpa) - En la econom\u00eda alemana hay cada vez menos empresas y empleados sujetos a los convenios colectivos de trabajo, pese a que la cifra de estos acuerdos contin\u00faa en ascenso, alert\u00f3 hoy la Fundaci\u00f3n Hans B\u00f6ckler, cercana a los sindicatos. Con motivo de cumplirse los 70 a\u00f1os de la ley de\" \/>\n\t\t<meta name=\"twitter:image\" content=\"https:\/\/www.eldigitaldeasturias.com\/noticias\/wp-content\/uploads\/2019\/03\/money-3481699_960_720.jpg\" \/>\n\t\t<meta name=\"twitter:label1\" content=\"Escrito por\" \/>\n\t\t<meta name=\"twitter:data1\" content=\"El Digital de Asturias\" \/>\n\t\t<meta name=\"twitter:label2\" content=\"Tiempo de lectura estimado\" \/>\n\t\t<meta name=\"twitter:data2\" content=\"1 minuto\" \/>\n\t\t<script type=\"application\/ld+json\" class=\"aioseo-schema\">\n\t\t\t{\"@context\":\"https:\\\/\\\/schema.org\",\"@graph\":[{\"@type\":\"BlogPosting\",\"@id\":\"https:\\\/\\\/www.eldigitaldeasturias.com\\\/noticias\\\/disminuyen-las-empresas-sujetas-a-convenios-colectivos-en-alemania\\\/#blogposting\",\"name\":\"Disminuyen las empresas sujetas a convenios colectivos en Alemania - El Digital de Asturias\",\"headline\":\"Disminuyen las empresas sujetas a convenios colectivos en Alemania\",\"author\":{\"@id\":\"https:\\\/\\\/www.eldigitaldeasturias.com\\\/noticias\\\/author\\\/admin\\\/#author\"},\"publisher\":{\"@id\":\"https:\\\/\\\/www.eldigitaldeasturias.com\\\/noticias\\\/#organization\"},\"image\":{\"@type\":\"ImageObject\",\"url\":\"https:\\\/\\\/www.eldigitaldeasturias.com\\\/noticias\\\/wp-content\\\/uploads\\\/2019\\\/03\\\/money-3481699_960_720.jpg\",\"width\":960,\"height\":640},\"datePublished\":\"2019-04-08T21:59:52+02:00\",\"dateModified\":\"2019-04-08T21:59:52+02:00\",\"inLanguage\":\"es-ES\",\"mainEntityOfPage\":{\"@id\":\"https:\\\/\\\/www.eldigitaldeasturias.com\\\/noticias\\\/disminuyen-las-empresas-sujetas-a-convenios-colectivos-en-alemania\\\/#webpage\"},\"isPartOf\":{\"@id\":\"https:\\\/\\\/www.eldigitaldeasturias.com\\\/noticias\\\/disminuyen-las-empresas-sujetas-a-convenios-colectivos-en-alemania\\\/#webpage\"},\"articleSection\":\"Econom\\u00eda\"},{\"@type\":\"BreadcrumbList\",\"@id\":\"https:\\\/\\\/www.eldigitaldeasturias.com\\\/noticias\\\/disminuyen-las-empresas-sujetas-a-convenios-colectivos-en-alemania\\\/#breadcrumblist\",\"itemListElement\":[{\"@type\":\"ListItem\",\"@id\":\"https:\\\/\\\/www.eldigitaldeasturias.com\\\/noticias#listItem\",\"position\":1,\"name\":\"Home\",\"item\":\"https:\\\/\\\/www.eldigitaldeasturias.com\\\/noticias\",\"nextItem\":{\"@type\":\"ListItem\",\"@id\":\"https:\\\/\\\/www.eldigitaldeasturias.com\\\/noticias\\\/category\\\/economia\\\/#listItem\",\"name\":\"Econom\\u00eda\"}},{\"@type\":\"ListItem\",\"@id\":\"https:\\\/\\\/www.eldigitaldeasturias.com\\\/noticias\\\/category\\\/economia\\\/#listItem\",\"position\":2,\"name\":\"Econom\\u00eda\",\"item\":\"https:\\\/\\\/www.eldigitaldeasturias.com\\\/noticias\\\/category\\\/economia\\\/\",\"nextItem\":{\"@type\":\"ListItem\",\"@id\":\"https:\\\/\\\/www.eldigitaldeasturias.com\\\/noticias\\\/disminuyen-las-empresas-sujetas-a-convenios-colectivos-en-alemania\\\/#listItem\",\"name\":\"Disminuyen las empresas sujetas a convenios colectivos en Alemania\"},\"previousItem\":{\"@type\":\"ListItem\",\"@id\":\"https:\\\/\\\/www.eldigitaldeasturias.com\\\/noticias#listItem\",\"name\":\"Home\"}},{\"@type\":\"ListItem\",\"@id\":\"https:\\\/\\\/www.eldigitaldeasturias.com\\\/noticias\\\/disminuyen-las-empresas-sujetas-a-convenios-colectivos-en-alemania\\\/#listItem\",\"position\":3,\"name\":\"Disminuyen las empresas sujetas a convenios colectivos en Alemania\",\"previousItem\":{\"@type\":\"ListItem\",\"@id\":\"https:\\\/\\\/www.eldigitaldeasturias.com\\\/noticias\\\/category\\\/economia\\\/#listItem\",\"name\":\"Econom\\u00eda\"}}]},{\"@type\":\"Organization\",\"@id\":\"https:\\\/\\\/www.eldigitaldeasturias.com\\\/noticias\\\/#organization\",\"name\":\"El Digital de Asturias\",\"description\":\"Hemeroteca\",\"url\":\"https:\\\/\\\/www.eldigitaldeasturias.com\\\/noticias\\\/\",\"email\":\"info@eldigitaldeasturias.com\",\"telephone\":\"+34652131393\",\"logo\":{\"@type\":\"ImageObject\",\"url\":\"https:\\\/\\\/www.eldigitaldeasturias.com\\\/noticias\\\/wp-content\\\/uploads\\\/2020\\\/12\\\/EDA.jpg\",\"@id\":\"https:\\\/\\\/www.eldigitaldeasturias.com\\\/noticias\\\/disminuyen-las-empresas-sujetas-a-convenios-colectivos-en-alemania\\\/#organizationLogo\",\"width\":649,\"height\":297},\"image\":{\"@id\":\"https:\\\/\\\/www.eldigitaldeasturias.com\\\/noticias\\\/disminuyen-las-empresas-sujetas-a-convenios-colectivos-en-alemania\\\/#organizationLogo\"},\"sameAs\":[\"https:\\\/\\\/facebook.com\\\/eldigitaldeasturias\",\"https:\\\/\\\/www.youtube.com\\\/channel\\\/UCZP-2wLEB9Rv6erhFmqVnvg\"],\"address\":{\"@id\":\"https:\\\/\\\/www.eldigitaldeasturias.com\\\/noticias\\\/#postaladdress\",\"@type\":\"PostalAddress\",\"streetAddress\":\"san antonio 4,\",\"postalCode\":\"33430\",\"addressLocality\":\"Cand\\u00e1s\",\"addressRegion\":\"Asturias\",\"addressCountry\":\"ES\"}},{\"@type\":\"Person\",\"@id\":\"https:\\\/\\\/www.eldigitaldeasturias.com\\\/noticias\\\/author\\\/admin\\\/#author\",\"url\":\"https:\\\/\\\/www.eldigitaldeasturias.com\\\/noticias\\\/author\\\/admin\\\/\",\"name\":\"El Digital de Asturias\",\"image\":{\"@type\":\"ImageObject\",\"@id\":\"https:\\\/\\\/www.eldigitaldeasturias.com\\\/noticias\\\/disminuyen-las-empresas-sujetas-a-convenios-colectivos-en-alemania\\\/#authorImage\",\"url\":\"https:\\\/\\\/www.eldigitaldeasturias.com\\\/noticias\\\/wp-content\\\/litespeed\\\/avatar\\\/18677e78aa0546b92d9dbf31ec7d7668.jpg?ver=1777290358\",\"width\":96,\"height\":96,\"caption\":\"El Digital de Asturias\"}},{\"@type\":\"WebPage\",\"@id\":\"https:\\\/\\\/www.eldigitaldeasturias.com\\\/noticias\\\/disminuyen-las-empresas-sujetas-a-convenios-colectivos-en-alemania\\\/#webpage\",\"url\":\"https:\\\/\\\/www.eldigitaldeasturias.com\\\/noticias\\\/disminuyen-las-empresas-sujetas-a-convenios-colectivos-en-alemania\\\/\",\"name\":\"Disminuyen las empresas sujetas a convenios colectivos en Alemania - El Digital de Asturias\",\"description\":\"D\\u00fcsseldorf\\\/Fr\\u00e1ncfort, 8 abr (dpa) - En la econom\\u00eda alemana hay cada vez menos empresas y empleados sujetos a los convenios colectivos de trabajo, pese a que la cifra de estos acuerdos contin\\u00faa en ascenso, alert\\u00f3 hoy la Fundaci\\u00f3n Hans B\\u00f6ckler, cercana a los sindicatos. Con motivo de cumplirse los 70 a\\u00f1os de la ley de\",\"inLanguage\":\"es-ES\",\"isPartOf\":{\"@id\":\"https:\\\/\\\/www.eldigitaldeasturias.com\\\/noticias\\\/#website\"},\"breadcrumb\":{\"@id\":\"https:\\\/\\\/www.eldigitaldeasturias.com\\\/noticias\\\/disminuyen-las-empresas-sujetas-a-convenios-colectivos-en-alemania\\\/#breadcrumblist\"},\"author\":{\"@id\":\"https:\\\/\\\/www.eldigitaldeasturias.com\\\/noticias\\\/author\\\/admin\\\/#author\"},\"creator\":{\"@id\":\"https:\\\/\\\/www.eldigitaldeasturias.com\\\/noticias\\\/author\\\/admin\\\/#author\"},\"image\":{\"@type\":\"ImageObject\",\"url\":\"https:\\\/\\\/www.eldigitaldeasturias.com\\\/noticias\\\/wp-content\\\/uploads\\\/2019\\\/03\\\/money-3481699_960_720.jpg\",\"@id\":\"https:\\\/\\\/www.eldigitaldeasturias.com\\\/noticias\\\/disminuyen-las-empresas-sujetas-a-convenios-colectivos-en-alemania\\\/#mainImage\",\"width\":960,\"height\":640},\"primaryImageOfPage\":{\"@id\":\"https:\\\/\\\/www.eldigitaldeasturias.com\\\/noticias\\\/disminuyen-las-empresas-sujetas-a-convenios-colectivos-en-alemania\\\/#mainImage\"},\"datePublished\":\"2019-04-08T21:59:52+02:00\",\"dateModified\":\"2019-04-08T21:59:52+02:00\"},{\"@type\":\"WebSite\",\"@id\":\"https:\\\/\\\/www.eldigitaldeasturias.com\\\/noticias\\\/#website\",\"url\":\"https:\\\/\\\/www.eldigitaldeasturias.com\\\/noticias\\\/\",\"name\":\"El Digital de Asturias - Diario de actualidad y noticias\",\"alternateName\":\"El Digital de Asturias - Diario de actualidad y noticias\",\"description\":\"Hemeroteca\",\"inLanguage\":\"es-ES\",\"publisher\":{\"@id\":\"https:\\\/\\\/www.eldigitaldeasturias.com\\\/noticias\\\/#organization\"}}]}\n\t\t<\/script>\n\t\t<!-- All in One SEO Pro -->\r\n\t\t<title>Disminuyen las empresas sujetas a convenios colectivos en Alemania - El Digital de Asturias<\/title>\n\n","aioseo_head_json":{"title":"Disminuyen las empresas sujetas a convenios colectivos en Alemania - El Digital de Asturias","description":"D\u00fcsseldorf\/Fr\u00e1ncfort, 8 abr (dpa) - En la econom\u00eda alemana hay cada vez menos empresas y empleados sujetos a los convenios colectivos de trabajo, pese a que la cifra de estos acuerdos contin\u00faa en ascenso, alert\u00f3 hoy la Fundaci\u00f3n Hans B\u00f6ckler, cercana a los sindicatos. Con motivo de cumplirse los 70 a\u00f1os de la ley de","canonical_url":"https:\/\/www.eldigitaldeasturias.com\/noticias\/disminuyen-las-empresas-sujetas-a-convenios-colectivos-en-alemania\/","robots":"max-image-preview:large","keywords":"econom\u00eda","webmasterTools":{"google-site-verification":"UA-38556648-1","msvalidate.01":"7dfe9f3f1b24437ab69f4f2559babe99","miscellaneous":""},"schema":{"@context":"https:\/\/schema.org","@graph":[{"@type":"BlogPosting","@id":"https:\/\/www.eldigitaldeasturias.com\/noticias\/disminuyen-las-empresas-sujetas-a-convenios-colectivos-en-alemania\/#blogposting","name":"Disminuyen las empresas sujetas a convenios colectivos en Alemania - El Digital de Asturias","headline":"Disminuyen las empresas sujetas a convenios colectivos en Alemania","author":{"@id":"https:\/\/www.eldigitaldeasturias.com\/noticias\/author\/admin\/#author"},"publisher":{"@id":"https:\/\/www.eldigitaldeasturias.com\/noticias\/#organization"},"image":{"@type":"ImageObject","url":"https:\/\/www.eldigitaldeasturias.com\/noticias\/wp-content\/uploads\/2019\/03\/money-3481699_960_720.jpg","width":960,"height":640},"datePublished":"2019-04-08T21:59:52+02:00","dateModified":"2019-04-08T21:59:52+02:00","inLanguage":"es-ES","mainEntityOfPage":{"@id":"https:\/\/www.eldigitaldeasturias.com\/noticias\/disminuyen-las-empresas-sujetas-a-convenios-colectivos-en-alemania\/#webpage"},"isPartOf":{"@id":"https:\/\/www.eldigitaldeasturias.com\/noticias\/disminuyen-las-empresas-sujetas-a-convenios-colectivos-en-alemania\/#webpage"},"articleSection":"Econom\u00eda"},{"@type":"BreadcrumbList","@id":"https:\/\/www.eldigitaldeasturias.com\/noticias\/disminuyen-las-empresas-sujetas-a-convenios-colectivos-en-alemania\/#breadcrumblist","itemListElement":[{"@type":"ListItem","@id":"https:\/\/www.eldigitaldeasturias.com\/noticias#listItem","position":1,"name":"Home","item":"https:\/\/www.eldigitaldeasturias.com\/noticias","nextItem":{"@type":"ListItem","@id":"https:\/\/www.eldigitaldeasturias.com\/noticias\/category\/economia\/#listItem","name":"Econom\u00eda"}},{"@type":"ListItem","@id":"https:\/\/www.eldigitaldeasturias.com\/noticias\/category\/economia\/#listItem","position":2,"name":"Econom\u00eda","item":"https:\/\/www.eldigitaldeasturias.com\/noticias\/category\/economia\/","nextItem":{"@type":"ListItem","@id":"https:\/\/www.eldigitaldeasturias.com\/noticias\/disminuyen-las-empresas-sujetas-a-convenios-colectivos-en-alemania\/#listItem","name":"Disminuyen las empresas sujetas a convenios colectivos en Alemania"},"previousItem":{"@type":"ListItem","@id":"https:\/\/www.eldigitaldeasturias.com\/noticias#listItem","name":"Home"}},{"@type":"ListItem","@id":"https:\/\/www.eldigitaldeasturias.com\/noticias\/disminuyen-las-empresas-sujetas-a-convenios-colectivos-en-alemania\/#listItem","position":3,"name":"Disminuyen las empresas sujetas a convenios colectivos en Alemania","previousItem":{"@type":"ListItem","@id":"https:\/\/www.eldigitaldeasturias.com\/noticias\/category\/economia\/#listItem","name":"Econom\u00eda"}}]},{"@type":"Organization","@id":"https:\/\/www.eldigitaldeasturias.com\/noticias\/#organization","name":"El Digital de Asturias","description":"Hemeroteca","url":"https:\/\/www.eldigitaldeasturias.com\/noticias\/","email":"info@eldigitaldeasturias.com","telephone":"+34652131393","logo":{"@type":"ImageObject","url":"https:\/\/www.eldigitaldeasturias.com\/noticias\/wp-content\/uploads\/2020\/12\/EDA.jpg","@id":"https:\/\/www.eldigitaldeasturias.com\/noticias\/disminuyen-las-empresas-sujetas-a-convenios-colectivos-en-alemania\/#organizationLogo","width":649,"height":297},"image":{"@id":"https:\/\/www.eldigitaldeasturias.com\/noticias\/disminuyen-las-empresas-sujetas-a-convenios-colectivos-en-alemania\/#organizationLogo"},"sameAs":["https:\/\/facebook.com\/eldigitaldeasturias","https:\/\/www.youtube.com\/channel\/UCZP-2wLEB9Rv6erhFmqVnvg"],"address":{"@id":"https:\/\/www.eldigitaldeasturias.com\/noticias\/#postaladdress","@type":"PostalAddress","streetAddress":"san antonio 4,","postalCode":"33430","addressLocality":"Cand\u00e1s","addressRegion":"Asturias","addressCountry":"ES"}},{"@type":"Person","@id":"https:\/\/www.eldigitaldeasturias.com\/noticias\/author\/admin\/#author","url":"https:\/\/www.eldigitaldeasturias.com\/noticias\/author\/admin\/","name":"El Digital de Asturias","image":{"@type":"ImageObject","@id":"https:\/\/www.eldigitaldeasturias.com\/noticias\/disminuyen-las-empresas-sujetas-a-convenios-colectivos-en-alemania\/#authorImage","url":"https:\/\/www.eldigitaldeasturias.com\/noticias\/wp-content\/litespeed\/avatar\/18677e78aa0546b92d9dbf31ec7d7668.jpg?ver=1777290358","width":96,"height":96,"caption":"El Digital de Asturias"}},{"@type":"WebPage","@id":"https:\/\/www.eldigitaldeasturias.com\/noticias\/disminuyen-las-empresas-sujetas-a-convenios-colectivos-en-alemania\/#webpage","url":"https:\/\/www.eldigitaldeasturias.com\/noticias\/disminuyen-las-empresas-sujetas-a-convenios-colectivos-en-alemania\/","name":"Disminuyen las empresas sujetas a convenios colectivos en Alemania - El Digital de Asturias","description":"D\u00fcsseldorf\/Fr\u00e1ncfort, 8 abr (dpa) - En la econom\u00eda alemana hay cada vez menos empresas y empleados sujetos a los convenios colectivos de trabajo, pese a que la cifra de estos acuerdos contin\u00faa en ascenso, alert\u00f3 hoy la Fundaci\u00f3n Hans B\u00f6ckler, cercana a los sindicatos. Con motivo de cumplirse los 70 a\u00f1os de la ley de","inLanguage":"es-ES","isPartOf":{"@id":"https:\/\/www.eldigitaldeasturias.com\/noticias\/#website"},"breadcrumb":{"@id":"https:\/\/www.eldigitaldeasturias.com\/noticias\/disminuyen-las-empresas-sujetas-a-convenios-colectivos-en-alemania\/#breadcrumblist"},"author":{"@id":"https:\/\/www.eldigitaldeasturias.com\/noticias\/author\/admin\/#author"},"creator":{"@id":"https:\/\/www.eldigitaldeasturias.com\/noticias\/author\/admin\/#author"},"image":{"@type":"ImageObject","url":"https:\/\/www.eldigitaldeasturias.com\/noticias\/wp-content\/uploads\/2019\/03\/money-3481699_960_720.jpg","@id":"https:\/\/www.eldigitaldeasturias.com\/noticias\/disminuyen-las-empresas-sujetas-a-convenios-colectivos-en-alemania\/#mainImage","width":960,"height":640},"primaryImageOfPage":{"@id":"https:\/\/www.eldigitaldeasturias.com\/noticias\/disminuyen-las-empresas-sujetas-a-convenios-colectivos-en-alemania\/#mainImage"},"datePublished":"2019-04-08T21:59:52+02:00","dateModified":"2019-04-08T21:59:52+02:00"},{"@type":"WebSite","@id":"https:\/\/www.eldigitaldeasturias.com\/noticias\/#website","url":"https:\/\/www.eldigitaldeasturias.com\/noticias\/","name":"El Digital de Asturias - Diario de actualidad y noticias","alternateName":"El Digital de Asturias - Diario de actualidad y noticias","description":"Hemeroteca","inLanguage":"es-ES","publisher":{"@id":"https:\/\/www.eldigitaldeasturias.com\/noticias\/#organization"}}]},"og:locale":"es_ES","og:site_name":"El Digital de Asturias","og:type":"article","og:title":"Disminuyen las empresas sujetas a convenios colectivos en Alemania - El Digital de Asturias","og:description":"D\u00fcsseldorf\/Fr\u00e1ncfort, 8 abr (dpa) - En la econom\u00eda alemana hay cada vez menos empresas y empleados sujetos a los convenios colectivos de trabajo, pese a que la cifra de estos acuerdos contin\u00faa en ascenso, alert\u00f3 hoy la Fundaci\u00f3n Hans B\u00f6ckler, cercana a los sindicatos. Con motivo de cumplirse los 70 a\u00f1os de la ley de","og:url":"https:\/\/www.eldigitaldeasturias.com\/noticias\/disminuyen-las-empresas-sujetas-a-convenios-colectivos-en-alemania\/","og:image":"https:\/\/www.eldigitaldeasturias.com\/noticias\/wp-content\/uploads\/2019\/03\/money-3481699_960_720.jpg","og:image:secure_url":"https:\/\/www.eldigitaldeasturias.com\/noticias\/wp-content\/uploads\/2019\/03\/money-3481699_960_720.jpg","og:image:width":960,"og:image:height":640,"article:tag":["econom\u00eda"],"article:published_time":"2019-04-08T21:59:52+00:00","article:modified_time":"2019-04-08T21:59:52+00:00","article:publisher":"https:\/\/facebook.com\/eldigitaldeasturias","twitter:card":"summary_large_image","twitter:title":"Disminuyen las empresas sujetas a convenios colectivos en Alemania - El Digital de Asturias","twitter:description":"D\u00fcsseldorf\/Fr\u00e1ncfort, 8 abr (dpa) - En la econom\u00eda alemana hay cada vez menos empresas y empleados sujetos a los convenios colectivos de trabajo, pese a que la cifra de estos acuerdos contin\u00faa en ascenso, alert\u00f3 hoy la Fundaci\u00f3n Hans B\u00f6ckler, cercana a los sindicatos. Con motivo de cumplirse los 70 a\u00f1os de la ley de","twitter:image":"https:\/\/www.eldigitaldeasturias.com\/noticias\/wp-content\/uploads\/2019\/03\/money-3481699_960_720.jpg","twitter:label1":"Escrito por","twitter:data1":"El Digital de Asturias","twitter:label2":"Tiempo de lectura estimado","twitter:data2":"1 minuto"},"aioseo_meta_data":{"post_id":"1023327","title":null,"description":null,"keywords":null,"keyphrases":null,"primary_term":null,"canonical_url":null,"og_title":null,"og_description":null,"og_object_type":"default","og_image_type":"default","og_image_url":null,"og_image_width":null,"og_image_height":null,"og_image_custom_url":null,"og_image_custom_fields":null,"og_video":null,"og_custom_url":null,"og_article_section":null,"og_article_tags":null,"twitter_use_og":false,"twitter_card":"default","twitter_image_type":"default","twitter_image_url":null,"twitter_image_custom_url":null,"twitter_image_custom_fields":null,"twitter_title":null,"twitter_description":null,"schema":{"blockGraphs":[],"customGraphs":[],"default":{"data":{"Article":[],"Course":[],"Dataset":[],"FAQPage":[],"Movie":[],"Person":[],"Product":[],"ProductReview":[],"Car":[],"Recipe":[],"Service":[],"SoftwareApplication":[],"WebPage":[]},"graphName":"","isEnabled":true},"graphs":[],"defaultGraph":"","defaultPostTypeGraph":""},"schema_type":null,"schema_type_options":null,"pillar_content":false,"robots_default":true,"robots_noindex":false,"robots_noarchive":false,"robots_nosnippet":false,"robots_nofollow":false,"robots_noimageindex":false,"robots_noodp":false,"robots_notranslate":false,"robots_max_snippet":null,"robots_max_videopreview":null,"robots_max_imagepreview":"large","priority":null,"frequency":null,"local_seo":null,"seo_analyzer_scan_date":"2025-10-17 12:03:08","breadcrumb_settings":null,"limit_modified_date":false,"open_ai":null,"ai":null,"created":"2020-12-21 11:15:21","updated":"2025-10-17 12:03:08"},"aioseo_breadcrumb":"<div class=\"aioseo-breadcrumbs\"><span class=\"aioseo-breadcrumb\">\n\t<a href=\"https:\/\/www.eldigitaldeasturias.com\/noticias\" title=\"Home\">Home<\/a>\n<\/span><span class=\"aioseo-breadcrumb-separator\">\u2013<\/span><span class=\"aioseo-breadcrumb\">\n\t<a href=\"https:\/\/www.eldigitaldeasturias.com\/noticias\/category\/economia\/\" title=\"Econom\u00eda\">Econom\u00eda<\/a>\n<\/span><span class=\"aioseo-breadcrumb-separator\">\u2013<\/span><span class=\"aioseo-breadcrumb\">\n\t<a href=\"https:\/\/www.eldigitaldeasturias.com\/noticias\/disminuyen-las-empresas-sujetas-a-convenios-colectivos-en-alemania\/\" title=\"Disminuyen las empresas sujetas a convenios colectivos en Alemania\">Disminuyen las empresas sujetas a convenios colectivos en Alemania<\/a>\n<\/span><\/div>","aioseo_breadcrumb_json":[{"label":"Home","link":"https:\/\/www.eldigitaldeasturias.com\/noticias"},{"label":"Econom\u00eda","link":"https:\/\/www.eldigitaldeasturias.com\/noticias\/category\/economia\/"},{"label":"Disminuyen las empresas sujetas a convenios colectivos en Alemania","link":"https:\/\/www.eldigitaldeasturias.com\/noticias\/disminuyen-las-empresas-sujetas-a-convenios-colectivos-en-alemania\/"}],"_links":{"self":[{"href":"https:\/\/www.eldigitaldeasturias.com\/noticias\/wp-json\/wp\/v2\/posts\/1023327","targetHints":{"allow":["GET"]}}],"collection":[{"href":"https:\/\/www.eldigitaldeasturias.com\/noticias\/wp-json\/wp\/v2\/posts"}],"about":[{"href":"https:\/\/www.eldigitaldeasturias.com\/noticias\/wp-json\/wp\/v2\/types\/post"}],"author":[{"embeddable":true,"href":"https:\/\/www.eldigitaldeasturias.com\/noticias\/wp-json\/wp\/v2\/users\/1"}],"replies":[{"embeddable":true,"href":"https:\/\/www.eldigitaldeasturias.com\/noticias\/wp-json\/wp\/v2\/comments?post=1023327"}],"version-history":[{"count":0,"href":"https:\/\/www.eldigitaldeasturias.com\/noticias\/wp-json\/wp\/v2\/posts\/1023327\/revisions"}],"wp:featuredmedia":[{"embeddable":true,"href":"https:\/\/www.eldigitaldeasturias.com\/noticias\/wp-json\/wp\/v2\/media\/1022084"}],"wp:attachment":[{"href":"https:\/\/www.eldigitaldeasturias.com\/noticias\/wp-json\/wp\/v2\/media?parent=1023327"}],"wp:term":[{"taxonomy":"category","embeddable":true,"href":"https:\/\/www.eldigitaldeasturias.com\/noticias\/wp-json\/wp\/v2\/categories?post=1023327"},{"taxonomy":"post_tag","embeddable":true,"href":"https:\/\/www.eldigitaldeasturias.com\/noticias\/wp-json\/wp\/v2\/tags?post=1023327"}],"curies":[{"name":"wp","href":"https:\/\/api.w.org\/{rel}","templated":true}]}}