{"id":1023322,"date":"2019-04-08T21:53:43","date_gmt":"2019-04-08T21:53:43","guid":{"rendered":"https:\/\/www.eldigitaldeasturias.com\/noticias\/?p=1023322"},"modified":"2019-04-08T21:53:43","modified_gmt":"2019-04-08T21:53:43","slug":"asociacion-de-taxistas-alemana-reclama-que-uber-sea-identificada-con-un-color","status":"publish","type":"post","link":"https:\/\/www.eldigitaldeasturias.com\/noticias\/asociacion-de-taxistas-alemana-reclama-que-uber-sea-identificada-con-un-color\/","title":{"rendered":"Asociaci\u00f3n de taxistas alemana reclama que Uber sea identificada con un color"},"content":{"rendered":"<p><img loading=\"lazy\" decoding=\"async\" class=\"alignleft size-medium wp-image-1012125\" src=\"https:\/\/www.eldigitaldeasturias.com\/noticias\/wp-content\/uploads\/2018\/12\/berlin-1467502_960_720-360x230.jpg\" alt=\"\" width=\"360\" height=\"230\" srcset=\"https:\/\/www.eldigitaldeasturias.com\/noticias\/wp-content\/uploads\/2018\/12\/berlin-1467502_960_720-360x230.jpg 360w, https:\/\/www.eldigitaldeasturias.com\/noticias\/wp-content\/uploads\/2018\/12\/berlin-1467502_960_720-768x490.jpg 768w, https:\/\/www.eldigitaldeasturias.com\/noticias\/wp-content\/uploads\/2018\/12\/berlin-1467502_960_720-650x415.jpg 650w, https:\/\/www.eldigitaldeasturias.com\/noticias\/wp-content\/uploads\/2018\/12\/berlin-1467502_960_720.jpg 960w\" sizes=\"auto, (max-width: 360px) 100vw, 360px\" \/>Berl\u00edn, 8 abr (dpa) &#8211; La asociaci\u00f3n de taxistas y coches de alquiler de Alemania reclam\u00f3 hoy que servicios como Uber sean m\u00e1s f\u00e1cilmente reconocibles mediante una identificaci\u00f3n por color.<\/p>\n<p>Actualmente la mayor\u00eda de esos veh\u00edculos asemejan coches particulares, se\u00f1al\u00f3 hoy en Berl\u00edn el secretario general de la asociaci\u00f3n, Thomas Gr\u00e4tz.<\/p>\n<p>Mediante los colores podr\u00eda haber control sobre el cumplimiento de la obligaci\u00f3n de regreso, apunt\u00f3. A diferencia de los taxis, estos veh\u00edculos deben volver a un punto com\u00fan si no tienen otro viaje encargado. Actualmente es muy dif\u00edcil verificar si infringen esta normativa, dijo Gr\u00e4tz.<\/p>\n<p>En este sentido, propuso un modelo como el que se implementa en Holanda, donde cada coche utilizado comercialmente posee una identificaci\u00f3n en color celeste. \u00abEste ser\u00eda un muy buen instrumento de control\u00bb, se\u00f1al\u00f3 Gr\u00e4tz. Asimismo una grabaci\u00f3n digital del desarrollo del recorrido ser\u00eda una opci\u00f3n, indic\u00f3.<\/p>\n<p>El Ministerio de Transporte alem\u00e1n public\u00f3 en febrero un documento por el cual facilitar\u00eda el acceso al mercado a servicios de transporte como Uber y que podr\u00eda implicar la eliminaci\u00f3n de la obligaci\u00f3n de regreso.<\/p>\n<p>Desde entonces el sector de los taxistas se encuentra en abierta lucha contra estos planes. Tras las primeras manifestaciones registradas en febrero, el 10 de abril habr\u00e1 acciones de protesta en unas 30 ciudades alemanas.<\/p>\n<p>La mayor protesta tendr\u00e1 lugar en Berl\u00edn, donde los taxis partir\u00e1n al mediod\u00eda desde tres puntos de la ciudad a paso de hombre y hacia la Puerta de Brandeburgo.<\/p>\n<p>Gr\u00e4tz precis\u00f3 que ese d\u00eda la circulaci\u00f3n de taxis quedar\u00e1 pr\u00e1cticamente paralizada durante algunas horas. Las centrales telef\u00f3nicas de llamada tampoco funcionar\u00e1n, inform\u00f3.<\/p>\n<p>Sin embargo, algunos taxistas no se plegar\u00e1n a acci\u00f3n de la asociaci\u00f3n y trabajar\u00e1n de todas formas, sobre todo en sitios de alta demanda de viajes como es el del aeropuerto de Berl\u00edn-Tegel, a\u00f1adi\u00f3 el secretario general.<\/p>\n","protected":false},"excerpt":{"rendered":"<p>Berl\u00edn, 8 abr (dpa) &#8211; La asociaci\u00f3n de taxistas y coches de alquiler de Alemania reclam\u00f3 hoy que servicios como Uber sean m\u00e1s f\u00e1cilmente reconocibles mediante una identificaci\u00f3n por color. Actualmente la mayor\u00eda de esos veh\u00edculos asemejan coches particulares, se\u00f1al\u00f3 hoy en Berl\u00edn el secretario general de la asociaci\u00f3n, Thomas Gr\u00e4tz. Mediante los colores podr\u00eda [&hellip;]<\/p>\n","protected":false},"author":1,"featured_media":1012125,"comment_status":"closed","ping_status":"closed","sticky":false,"template":"","format":"standard","meta":{"footnotes":""},"categories":[187],"tags":[],"class_list":["post-1023322","post","type-post","status-publish","format-standard","has-post-thumbnail","hentry","category-economia"],"aioseo_notices":[],"aioseo_head":"\n\t\t<!-- All in One SEO Pro 4.9.6.2 - aioseo.com -->\n\t<meta name=\"description\" content=\"Berl\u00edn, 8 abr (dpa) - La asociaci\u00f3n de taxistas y coches de alquiler de Alemania reclam\u00f3 hoy que servicios como Uber sean m\u00e1s f\u00e1cilmente reconocibles mediante una identificaci\u00f3n por color. Actualmente la mayor\u00eda de esos veh\u00edculos asemejan coches particulares, se\u00f1al\u00f3 hoy en Berl\u00edn el secretario general de la asociaci\u00f3n, Thomas Gr\u00e4tz. Mediante los colores podr\u00eda\" \/>\n\t<meta name=\"robots\" content=\"max-image-preview:large\" \/>\n\t<meta name=\"author\" content=\"El Digital de Asturias\"\/>\n\t<meta name=\"google-site-verification\" content=\"UA-38556648-1\" \/>\n\t<meta name=\"msvalidate.01\" content=\"7dfe9f3f1b24437ab69f4f2559babe99\" \/>\n\t<meta name=\"keywords\" content=\"econom\u00eda\" \/>\n\t<link rel=\"canonical\" href=\"https:\/\/www.eldigitaldeasturias.com\/noticias\/asociacion-de-taxistas-alemana-reclama-que-uber-sea-identificada-con-un-color\/\" \/>\n\t<meta name=\"generator\" content=\"All in One SEO Pro (AIOSEO) 4.9.6.2\" \/>\n\t\t<meta property=\"og:locale\" content=\"es_ES\" \/>\n\t\t<meta property=\"og:site_name\" content=\"El Digital de Asturias\" \/>\n\t\t<meta property=\"og:type\" content=\"article\" \/>\n\t\t<meta property=\"og:title\" content=\"Asociaci\u00f3n de taxistas alemana reclama que Uber sea identificada con un color - El Digital de Asturias\" \/>\n\t\t<meta property=\"og:description\" content=\"Berl\u00edn, 8 abr (dpa) - La asociaci\u00f3n de taxistas y coches de alquiler de Alemania reclam\u00f3 hoy que servicios como Uber sean m\u00e1s f\u00e1cilmente reconocibles mediante una identificaci\u00f3n por color. Actualmente la mayor\u00eda de esos veh\u00edculos asemejan coches particulares, se\u00f1al\u00f3 hoy en Berl\u00edn el secretario general de la asociaci\u00f3n, Thomas Gr\u00e4tz. Mediante los colores podr\u00eda\" \/>\n\t\t<meta property=\"og:url\" content=\"https:\/\/www.eldigitaldeasturias.com\/noticias\/asociacion-de-taxistas-alemana-reclama-que-uber-sea-identificada-con-un-color\/\" \/>\n\t\t<meta property=\"og:image\" content=\"https:\/\/www.eldigitaldeasturias.com\/noticias\/wp-content\/uploads\/2018\/12\/berlin-1467502_960_720.jpg\" \/>\n\t\t<meta property=\"og:image:secure_url\" content=\"https:\/\/www.eldigitaldeasturias.com\/noticias\/wp-content\/uploads\/2018\/12\/berlin-1467502_960_720.jpg\" \/>\n\t\t<meta property=\"og:image:width\" content=\"960\" \/>\n\t\t<meta property=\"og:image:height\" content=\"613\" \/>\n\t\t<meta property=\"article:tag\" content=\"econom\u00eda\" \/>\n\t\t<meta property=\"article:published_time\" content=\"2019-04-08T21:53:43+00:00\" \/>\n\t\t<meta property=\"article:modified_time\" content=\"2019-04-08T21:53:43+00:00\" \/>\n\t\t<meta property=\"article:publisher\" content=\"https:\/\/facebook.com\/eldigitaldeasturias\" \/>\n\t\t<meta name=\"twitter:card\" content=\"summary_large_image\" \/>\n\t\t<meta name=\"twitter:title\" content=\"Asociaci\u00f3n de taxistas alemana reclama que Uber sea identificada con un color - El Digital de Asturias\" \/>\n\t\t<meta name=\"twitter:description\" content=\"Berl\u00edn, 8 abr (dpa) - La asociaci\u00f3n de taxistas y coches de alquiler de Alemania reclam\u00f3 hoy que servicios como Uber sean m\u00e1s f\u00e1cilmente reconocibles mediante una identificaci\u00f3n por color. Actualmente la mayor\u00eda de esos veh\u00edculos asemejan coches particulares, se\u00f1al\u00f3 hoy en Berl\u00edn el secretario general de la asociaci\u00f3n, Thomas Gr\u00e4tz. Mediante los colores podr\u00eda\" \/>\n\t\t<meta name=\"twitter:image\" content=\"https:\/\/www.eldigitaldeasturias.com\/noticias\/wp-content\/uploads\/2018\/12\/berlin-1467502_960_720.jpg\" \/>\n\t\t<meta name=\"twitter:label1\" content=\"Escrito por\" \/>\n\t\t<meta name=\"twitter:data1\" content=\"El Digital de Asturias\" \/>\n\t\t<meta name=\"twitter:label2\" content=\"Tiempo de lectura estimado\" \/>\n\t\t<meta name=\"twitter:data2\" content=\"2 minutos\" \/>\n\t\t<script type=\"application\/ld+json\" class=\"aioseo-schema\">\n\t\t\t{\"@context\":\"https:\\\/\\\/schema.org\",\"@graph\":[{\"@type\":\"BlogPosting\",\"@id\":\"https:\\\/\\\/www.eldigitaldeasturias.com\\\/noticias\\\/asociacion-de-taxistas-alemana-reclama-que-uber-sea-identificada-con-un-color\\\/#blogposting\",\"name\":\"Asociaci\\u00f3n de taxistas alemana reclama que Uber sea identificada con un color - El Digital de Asturias\",\"headline\":\"Asociaci\\u00f3n de taxistas alemana reclama que Uber sea identificada con un color\",\"author\":{\"@id\":\"https:\\\/\\\/www.eldigitaldeasturias.com\\\/noticias\\\/author\\\/admin\\\/#author\"},\"publisher\":{\"@id\":\"https:\\\/\\\/www.eldigitaldeasturias.com\\\/noticias\\\/#organization\"},\"image\":{\"@type\":\"ImageObject\",\"url\":\"https:\\\/\\\/www.eldigitaldeasturias.com\\\/noticias\\\/wp-content\\\/uploads\\\/2018\\\/12\\\/berlin-1467502_960_720.jpg\",\"width\":960,\"height\":613},\"datePublished\":\"2019-04-08T21:53:43+02:00\",\"dateModified\":\"2019-04-08T21:53:43+02:00\",\"inLanguage\":\"es-ES\",\"mainEntityOfPage\":{\"@id\":\"https:\\\/\\\/www.eldigitaldeasturias.com\\\/noticias\\\/asociacion-de-taxistas-alemana-reclama-que-uber-sea-identificada-con-un-color\\\/#webpage\"},\"isPartOf\":{\"@id\":\"https:\\\/\\\/www.eldigitaldeasturias.com\\\/noticias\\\/asociacion-de-taxistas-alemana-reclama-que-uber-sea-identificada-con-un-color\\\/#webpage\"},\"articleSection\":\"Econom\\u00eda\"},{\"@type\":\"BreadcrumbList\",\"@id\":\"https:\\\/\\\/www.eldigitaldeasturias.com\\\/noticias\\\/asociacion-de-taxistas-alemana-reclama-que-uber-sea-identificada-con-un-color\\\/#breadcrumblist\",\"itemListElement\":[{\"@type\":\"ListItem\",\"@id\":\"https:\\\/\\\/www.eldigitaldeasturias.com\\\/noticias#listItem\",\"position\":1,\"name\":\"Home\",\"item\":\"https:\\\/\\\/www.eldigitaldeasturias.com\\\/noticias\",\"nextItem\":{\"@type\":\"ListItem\",\"@id\":\"https:\\\/\\\/www.eldigitaldeasturias.com\\\/noticias\\\/category\\\/economia\\\/#listItem\",\"name\":\"Econom\\u00eda\"}},{\"@type\":\"ListItem\",\"@id\":\"https:\\\/\\\/www.eldigitaldeasturias.com\\\/noticias\\\/category\\\/economia\\\/#listItem\",\"position\":2,\"name\":\"Econom\\u00eda\",\"item\":\"https:\\\/\\\/www.eldigitaldeasturias.com\\\/noticias\\\/category\\\/economia\\\/\",\"nextItem\":{\"@type\":\"ListItem\",\"@id\":\"https:\\\/\\\/www.eldigitaldeasturias.com\\\/noticias\\\/asociacion-de-taxistas-alemana-reclama-que-uber-sea-identificada-con-un-color\\\/#listItem\",\"name\":\"Asociaci\\u00f3n de taxistas alemana reclama que Uber sea identificada con un color\"},\"previousItem\":{\"@type\":\"ListItem\",\"@id\":\"https:\\\/\\\/www.eldigitaldeasturias.com\\\/noticias#listItem\",\"name\":\"Home\"}},{\"@type\":\"ListItem\",\"@id\":\"https:\\\/\\\/www.eldigitaldeasturias.com\\\/noticias\\\/asociacion-de-taxistas-alemana-reclama-que-uber-sea-identificada-con-un-color\\\/#listItem\",\"position\":3,\"name\":\"Asociaci\\u00f3n de taxistas alemana reclama que Uber sea identificada con un color\",\"previousItem\":{\"@type\":\"ListItem\",\"@id\":\"https:\\\/\\\/www.eldigitaldeasturias.com\\\/noticias\\\/category\\\/economia\\\/#listItem\",\"name\":\"Econom\\u00eda\"}}]},{\"@type\":\"Organization\",\"@id\":\"https:\\\/\\\/www.eldigitaldeasturias.com\\\/noticias\\\/#organization\",\"name\":\"El Digital de Asturias\",\"description\":\"Hemeroteca\",\"url\":\"https:\\\/\\\/www.eldigitaldeasturias.com\\\/noticias\\\/\",\"email\":\"info@eldigitaldeasturias.com\",\"telephone\":\"+34652131393\",\"logo\":{\"@type\":\"ImageObject\",\"url\":\"https:\\\/\\\/www.eldigitaldeasturias.com\\\/noticias\\\/wp-content\\\/uploads\\\/2020\\\/12\\\/EDA.jpg\",\"@id\":\"https:\\\/\\\/www.eldigitaldeasturias.com\\\/noticias\\\/asociacion-de-taxistas-alemana-reclama-que-uber-sea-identificada-con-un-color\\\/#organizationLogo\",\"width\":649,\"height\":297},\"image\":{\"@id\":\"https:\\\/\\\/www.eldigitaldeasturias.com\\\/noticias\\\/asociacion-de-taxistas-alemana-reclama-que-uber-sea-identificada-con-un-color\\\/#organizationLogo\"},\"sameAs\":[\"https:\\\/\\\/facebook.com\\\/eldigitaldeasturias\",\"https:\\\/\\\/www.youtube.com\\\/channel\\\/UCZP-2wLEB9Rv6erhFmqVnvg\"],\"address\":{\"@id\":\"https:\\\/\\\/www.eldigitaldeasturias.com\\\/noticias\\\/#postaladdress\",\"@type\":\"PostalAddress\",\"streetAddress\":\"san antonio 4,\",\"postalCode\":\"33430\",\"addressLocality\":\"Cand\\u00e1s\",\"addressRegion\":\"Asturias\",\"addressCountry\":\"ES\"}},{\"@type\":\"Person\",\"@id\":\"https:\\\/\\\/www.eldigitaldeasturias.com\\\/noticias\\\/author\\\/admin\\\/#author\",\"url\":\"https:\\\/\\\/www.eldigitaldeasturias.com\\\/noticias\\\/author\\\/admin\\\/\",\"name\":\"El Digital de Asturias\",\"image\":{\"@type\":\"ImageObject\",\"@id\":\"https:\\\/\\\/www.eldigitaldeasturias.com\\\/noticias\\\/asociacion-de-taxistas-alemana-reclama-que-uber-sea-identificada-con-un-color\\\/#authorImage\",\"url\":\"https:\\\/\\\/www.eldigitaldeasturias.com\\\/noticias\\\/wp-content\\\/litespeed\\\/avatar\\\/18677e78aa0546b92d9dbf31ec7d7668.jpg?ver=1777290358\",\"width\":96,\"height\":96,\"caption\":\"El Digital de Asturias\"}},{\"@type\":\"WebPage\",\"@id\":\"https:\\\/\\\/www.eldigitaldeasturias.com\\\/noticias\\\/asociacion-de-taxistas-alemana-reclama-que-uber-sea-identificada-con-un-color\\\/#webpage\",\"url\":\"https:\\\/\\\/www.eldigitaldeasturias.com\\\/noticias\\\/asociacion-de-taxistas-alemana-reclama-que-uber-sea-identificada-con-un-color\\\/\",\"name\":\"Asociaci\\u00f3n de taxistas alemana reclama que Uber sea identificada con un color - El Digital de Asturias\",\"description\":\"Berl\\u00edn, 8 abr (dpa) - La asociaci\\u00f3n de taxistas y coches de alquiler de Alemania reclam\\u00f3 hoy que servicios como Uber sean m\\u00e1s f\\u00e1cilmente reconocibles mediante una identificaci\\u00f3n por color. Actualmente la mayor\\u00eda de esos veh\\u00edculos asemejan coches particulares, se\\u00f1al\\u00f3 hoy en Berl\\u00edn el secretario general de la asociaci\\u00f3n, Thomas Gr\\u00e4tz. Mediante los colores podr\\u00eda\",\"inLanguage\":\"es-ES\",\"isPartOf\":{\"@id\":\"https:\\\/\\\/www.eldigitaldeasturias.com\\\/noticias\\\/#website\"},\"breadcrumb\":{\"@id\":\"https:\\\/\\\/www.eldigitaldeasturias.com\\\/noticias\\\/asociacion-de-taxistas-alemana-reclama-que-uber-sea-identificada-con-un-color\\\/#breadcrumblist\"},\"author\":{\"@id\":\"https:\\\/\\\/www.eldigitaldeasturias.com\\\/noticias\\\/author\\\/admin\\\/#author\"},\"creator\":{\"@id\":\"https:\\\/\\\/www.eldigitaldeasturias.com\\\/noticias\\\/author\\\/admin\\\/#author\"},\"image\":{\"@type\":\"ImageObject\",\"url\":\"https:\\\/\\\/www.eldigitaldeasturias.com\\\/noticias\\\/wp-content\\\/uploads\\\/2018\\\/12\\\/berlin-1467502_960_720.jpg\",\"@id\":\"https:\\\/\\\/www.eldigitaldeasturias.com\\\/noticias\\\/asociacion-de-taxistas-alemana-reclama-que-uber-sea-identificada-con-un-color\\\/#mainImage\",\"width\":960,\"height\":613},\"primaryImageOfPage\":{\"@id\":\"https:\\\/\\\/www.eldigitaldeasturias.com\\\/noticias\\\/asociacion-de-taxistas-alemana-reclama-que-uber-sea-identificada-con-un-color\\\/#mainImage\"},\"datePublished\":\"2019-04-08T21:53:43+02:00\",\"dateModified\":\"2019-04-08T21:53:43+02:00\"},{\"@type\":\"WebSite\",\"@id\":\"https:\\\/\\\/www.eldigitaldeasturias.com\\\/noticias\\\/#website\",\"url\":\"https:\\\/\\\/www.eldigitaldeasturias.com\\\/noticias\\\/\",\"name\":\"El Digital de Asturias - Diario de actualidad y noticias\",\"alternateName\":\"El Digital de Asturias - Diario de actualidad y noticias\",\"description\":\"Hemeroteca\",\"inLanguage\":\"es-ES\",\"publisher\":{\"@id\":\"https:\\\/\\\/www.eldigitaldeasturias.com\\\/noticias\\\/#organization\"}}]}\n\t\t<\/script>\n\t\t<!-- All in One SEO Pro -->\r\n\t\t<title>Asociaci\u00f3n de taxistas alemana reclama que Uber sea identificada con un color - El Digital de Asturias<\/title>\n\n","aioseo_head_json":{"title":"Asociaci\u00f3n de taxistas alemana reclama que Uber sea identificada con un color - El Digital de Asturias","description":"Berl\u00edn, 8 abr (dpa) - La asociaci\u00f3n de taxistas y coches de alquiler de Alemania reclam\u00f3 hoy que servicios como Uber sean m\u00e1s f\u00e1cilmente reconocibles mediante una identificaci\u00f3n por color. Actualmente la mayor\u00eda de esos veh\u00edculos asemejan coches particulares, se\u00f1al\u00f3 hoy en Berl\u00edn el secretario general de la asociaci\u00f3n, Thomas Gr\u00e4tz. Mediante los colores podr\u00eda","canonical_url":"https:\/\/www.eldigitaldeasturias.com\/noticias\/asociacion-de-taxistas-alemana-reclama-que-uber-sea-identificada-con-un-color\/","robots":"max-image-preview:large","keywords":"econom\u00eda","webmasterTools":{"google-site-verification":"UA-38556648-1","msvalidate.01":"7dfe9f3f1b24437ab69f4f2559babe99","miscellaneous":""},"schema":{"@context":"https:\/\/schema.org","@graph":[{"@type":"BlogPosting","@id":"https:\/\/www.eldigitaldeasturias.com\/noticias\/asociacion-de-taxistas-alemana-reclama-que-uber-sea-identificada-con-un-color\/#blogposting","name":"Asociaci\u00f3n de taxistas alemana reclama que Uber sea identificada con un color - El Digital de Asturias","headline":"Asociaci\u00f3n de taxistas alemana reclama que Uber sea identificada con un color","author":{"@id":"https:\/\/www.eldigitaldeasturias.com\/noticias\/author\/admin\/#author"},"publisher":{"@id":"https:\/\/www.eldigitaldeasturias.com\/noticias\/#organization"},"image":{"@type":"ImageObject","url":"https:\/\/www.eldigitaldeasturias.com\/noticias\/wp-content\/uploads\/2018\/12\/berlin-1467502_960_720.jpg","width":960,"height":613},"datePublished":"2019-04-08T21:53:43+02:00","dateModified":"2019-04-08T21:53:43+02:00","inLanguage":"es-ES","mainEntityOfPage":{"@id":"https:\/\/www.eldigitaldeasturias.com\/noticias\/asociacion-de-taxistas-alemana-reclama-que-uber-sea-identificada-con-un-color\/#webpage"},"isPartOf":{"@id":"https:\/\/www.eldigitaldeasturias.com\/noticias\/asociacion-de-taxistas-alemana-reclama-que-uber-sea-identificada-con-un-color\/#webpage"},"articleSection":"Econom\u00eda"},{"@type":"BreadcrumbList","@id":"https:\/\/www.eldigitaldeasturias.com\/noticias\/asociacion-de-taxistas-alemana-reclama-que-uber-sea-identificada-con-un-color\/#breadcrumblist","itemListElement":[{"@type":"ListItem","@id":"https:\/\/www.eldigitaldeasturias.com\/noticias#listItem","position":1,"name":"Home","item":"https:\/\/www.eldigitaldeasturias.com\/noticias","nextItem":{"@type":"ListItem","@id":"https:\/\/www.eldigitaldeasturias.com\/noticias\/category\/economia\/#listItem","name":"Econom\u00eda"}},{"@type":"ListItem","@id":"https:\/\/www.eldigitaldeasturias.com\/noticias\/category\/economia\/#listItem","position":2,"name":"Econom\u00eda","item":"https:\/\/www.eldigitaldeasturias.com\/noticias\/category\/economia\/","nextItem":{"@type":"ListItem","@id":"https:\/\/www.eldigitaldeasturias.com\/noticias\/asociacion-de-taxistas-alemana-reclama-que-uber-sea-identificada-con-un-color\/#listItem","name":"Asociaci\u00f3n de taxistas alemana reclama que Uber sea identificada con un color"},"previousItem":{"@type":"ListItem","@id":"https:\/\/www.eldigitaldeasturias.com\/noticias#listItem","name":"Home"}},{"@type":"ListItem","@id":"https:\/\/www.eldigitaldeasturias.com\/noticias\/asociacion-de-taxistas-alemana-reclama-que-uber-sea-identificada-con-un-color\/#listItem","position":3,"name":"Asociaci\u00f3n de taxistas alemana reclama que Uber sea identificada con un color","previousItem":{"@type":"ListItem","@id":"https:\/\/www.eldigitaldeasturias.com\/noticias\/category\/economia\/#listItem","name":"Econom\u00eda"}}]},{"@type":"Organization","@id":"https:\/\/www.eldigitaldeasturias.com\/noticias\/#organization","name":"El Digital de Asturias","description":"Hemeroteca","url":"https:\/\/www.eldigitaldeasturias.com\/noticias\/","email":"info@eldigitaldeasturias.com","telephone":"+34652131393","logo":{"@type":"ImageObject","url":"https:\/\/www.eldigitaldeasturias.com\/noticias\/wp-content\/uploads\/2020\/12\/EDA.jpg","@id":"https:\/\/www.eldigitaldeasturias.com\/noticias\/asociacion-de-taxistas-alemana-reclama-que-uber-sea-identificada-con-un-color\/#organizationLogo","width":649,"height":297},"image":{"@id":"https:\/\/www.eldigitaldeasturias.com\/noticias\/asociacion-de-taxistas-alemana-reclama-que-uber-sea-identificada-con-un-color\/#organizationLogo"},"sameAs":["https:\/\/facebook.com\/eldigitaldeasturias","https:\/\/www.youtube.com\/channel\/UCZP-2wLEB9Rv6erhFmqVnvg"],"address":{"@id":"https:\/\/www.eldigitaldeasturias.com\/noticias\/#postaladdress","@type":"PostalAddress","streetAddress":"san antonio 4,","postalCode":"33430","addressLocality":"Cand\u00e1s","addressRegion":"Asturias","addressCountry":"ES"}},{"@type":"Person","@id":"https:\/\/www.eldigitaldeasturias.com\/noticias\/author\/admin\/#author","url":"https:\/\/www.eldigitaldeasturias.com\/noticias\/author\/admin\/","name":"El Digital de Asturias","image":{"@type":"ImageObject","@id":"https:\/\/www.eldigitaldeasturias.com\/noticias\/asociacion-de-taxistas-alemana-reclama-que-uber-sea-identificada-con-un-color\/#authorImage","url":"https:\/\/www.eldigitaldeasturias.com\/noticias\/wp-content\/litespeed\/avatar\/18677e78aa0546b92d9dbf31ec7d7668.jpg?ver=1777290358","width":96,"height":96,"caption":"El Digital de Asturias"}},{"@type":"WebPage","@id":"https:\/\/www.eldigitaldeasturias.com\/noticias\/asociacion-de-taxistas-alemana-reclama-que-uber-sea-identificada-con-un-color\/#webpage","url":"https:\/\/www.eldigitaldeasturias.com\/noticias\/asociacion-de-taxistas-alemana-reclama-que-uber-sea-identificada-con-un-color\/","name":"Asociaci\u00f3n de taxistas alemana reclama que Uber sea identificada con un color - El Digital de Asturias","description":"Berl\u00edn, 8 abr (dpa) - La asociaci\u00f3n de taxistas y coches de alquiler de Alemania reclam\u00f3 hoy que servicios como Uber sean m\u00e1s f\u00e1cilmente reconocibles mediante una identificaci\u00f3n por color. Actualmente la mayor\u00eda de esos veh\u00edculos asemejan coches particulares, se\u00f1al\u00f3 hoy en Berl\u00edn el secretario general de la asociaci\u00f3n, Thomas Gr\u00e4tz. Mediante los colores podr\u00eda","inLanguage":"es-ES","isPartOf":{"@id":"https:\/\/www.eldigitaldeasturias.com\/noticias\/#website"},"breadcrumb":{"@id":"https:\/\/www.eldigitaldeasturias.com\/noticias\/asociacion-de-taxistas-alemana-reclama-que-uber-sea-identificada-con-un-color\/#breadcrumblist"},"author":{"@id":"https:\/\/www.eldigitaldeasturias.com\/noticias\/author\/admin\/#author"},"creator":{"@id":"https:\/\/www.eldigitaldeasturias.com\/noticias\/author\/admin\/#author"},"image":{"@type":"ImageObject","url":"https:\/\/www.eldigitaldeasturias.com\/noticias\/wp-content\/uploads\/2018\/12\/berlin-1467502_960_720.jpg","@id":"https:\/\/www.eldigitaldeasturias.com\/noticias\/asociacion-de-taxistas-alemana-reclama-que-uber-sea-identificada-con-un-color\/#mainImage","width":960,"height":613},"primaryImageOfPage":{"@id":"https:\/\/www.eldigitaldeasturias.com\/noticias\/asociacion-de-taxistas-alemana-reclama-que-uber-sea-identificada-con-un-color\/#mainImage"},"datePublished":"2019-04-08T21:53:43+02:00","dateModified":"2019-04-08T21:53:43+02:00"},{"@type":"WebSite","@id":"https:\/\/www.eldigitaldeasturias.com\/noticias\/#website","url":"https:\/\/www.eldigitaldeasturias.com\/noticias\/","name":"El Digital de Asturias - Diario de actualidad y noticias","alternateName":"El Digital de Asturias - Diario de actualidad y noticias","description":"Hemeroteca","inLanguage":"es-ES","publisher":{"@id":"https:\/\/www.eldigitaldeasturias.com\/noticias\/#organization"}}]},"og:locale":"es_ES","og:site_name":"El Digital de Asturias","og:type":"article","og:title":"Asociaci\u00f3n de taxistas alemana reclama que Uber sea identificada con un color - El Digital de Asturias","og:description":"Berl\u00edn, 8 abr (dpa) - La asociaci\u00f3n de taxistas y coches de alquiler de Alemania reclam\u00f3 hoy que servicios como Uber sean m\u00e1s f\u00e1cilmente reconocibles mediante una identificaci\u00f3n por color. Actualmente la mayor\u00eda de esos veh\u00edculos asemejan coches particulares, se\u00f1al\u00f3 hoy en Berl\u00edn el secretario general de la asociaci\u00f3n, Thomas Gr\u00e4tz. Mediante los colores podr\u00eda","og:url":"https:\/\/www.eldigitaldeasturias.com\/noticias\/asociacion-de-taxistas-alemana-reclama-que-uber-sea-identificada-con-un-color\/","og:image":"https:\/\/www.eldigitaldeasturias.com\/noticias\/wp-content\/uploads\/2018\/12\/berlin-1467502_960_720.jpg","og:image:secure_url":"https:\/\/www.eldigitaldeasturias.com\/noticias\/wp-content\/uploads\/2018\/12\/berlin-1467502_960_720.jpg","og:image:width":960,"og:image:height":613,"article:tag":["econom\u00eda"],"article:published_time":"2019-04-08T21:53:43+00:00","article:modified_time":"2019-04-08T21:53:43+00:00","article:publisher":"https:\/\/facebook.com\/eldigitaldeasturias","twitter:card":"summary_large_image","twitter:title":"Asociaci\u00f3n de taxistas alemana reclama que Uber sea identificada con un color - El Digital de Asturias","twitter:description":"Berl\u00edn, 8 abr (dpa) - La asociaci\u00f3n de taxistas y coches de alquiler de Alemania reclam\u00f3 hoy que servicios como Uber sean m\u00e1s f\u00e1cilmente reconocibles mediante una identificaci\u00f3n por color. Actualmente la mayor\u00eda de esos veh\u00edculos asemejan coches particulares, se\u00f1al\u00f3 hoy en Berl\u00edn el secretario general de la asociaci\u00f3n, Thomas Gr\u00e4tz. Mediante los colores podr\u00eda","twitter:image":"https:\/\/www.eldigitaldeasturias.com\/noticias\/wp-content\/uploads\/2018\/12\/berlin-1467502_960_720.jpg","twitter:label1":"Escrito por","twitter:data1":"El Digital de Asturias","twitter:label2":"Tiempo de lectura estimado","twitter:data2":"2 minutos"},"aioseo_meta_data":{"post_id":"1023322","title":null,"description":null,"keywords":null,"keyphrases":null,"primary_term":null,"canonical_url":null,"og_title":null,"og_description":null,"og_object_type":"default","og_image_type":"default","og_image_url":null,"og_image_width":null,"og_image_height":null,"og_image_custom_url":null,"og_image_custom_fields":null,"og_video":null,"og_custom_url":null,"og_article_section":null,"og_article_tags":null,"twitter_use_og":false,"twitter_card":"default","twitter_image_type":"default","twitter_image_url":null,"twitter_image_custom_url":null,"twitter_image_custom_fields":null,"twitter_title":null,"twitter_description":null,"schema":{"blockGraphs":[],"customGraphs":[],"default":{"data":{"Article":[],"Course":[],"Dataset":[],"FAQPage":[],"Movie":[],"Person":[],"Product":[],"ProductReview":[],"Car":[],"Recipe":[],"Service":[],"SoftwareApplication":[],"WebPage":[]},"graphName":"","isEnabled":true},"graphs":[],"defaultGraph":"","defaultPostTypeGraph":""},"schema_type":null,"schema_type_options":null,"pillar_content":false,"robots_default":true,"robots_noindex":false,"robots_noarchive":false,"robots_nosnippet":false,"robots_nofollow":false,"robots_noimageindex":false,"robots_noodp":false,"robots_notranslate":false,"robots_max_snippet":null,"robots_max_videopreview":null,"robots_max_imagepreview":"large","priority":null,"frequency":null,"local_seo":null,"seo_analyzer_scan_date":"2025-10-17 11:58:59","breadcrumb_settings":null,"limit_modified_date":false,"open_ai":null,"ai":null,"created":"2020-12-21 11:15:21","updated":"2025-10-17 11:58:59"},"aioseo_breadcrumb":"<div class=\"aioseo-breadcrumbs\"><span class=\"aioseo-breadcrumb\">\n\t<a href=\"https:\/\/www.eldigitaldeasturias.com\/noticias\" title=\"Home\">Home<\/a>\n<\/span><span class=\"aioseo-breadcrumb-separator\">\u2013<\/span><span class=\"aioseo-breadcrumb\">\n\t<a href=\"https:\/\/www.eldigitaldeasturias.com\/noticias\/category\/economia\/\" title=\"Econom\u00eda\">Econom\u00eda<\/a>\n<\/span><span class=\"aioseo-breadcrumb-separator\">\u2013<\/span><span class=\"aioseo-breadcrumb\">\n\t<a href=\"https:\/\/www.eldigitaldeasturias.com\/noticias\/asociacion-de-taxistas-alemana-reclama-que-uber-sea-identificada-con-un-color\/\" title=\"Asociaci\u00f3n de taxistas alemana reclama que Uber sea identificada con un color\">Asociaci\u00f3n de taxistas alemana reclama que Uber sea identificada con un color<\/a>\n<\/span><\/div>","aioseo_breadcrumb_json":[{"label":"Home","link":"https:\/\/www.eldigitaldeasturias.com\/noticias"},{"label":"Econom\u00eda","link":"https:\/\/www.eldigitaldeasturias.com\/noticias\/category\/economia\/"},{"label":"Asociaci\u00f3n de taxistas alemana reclama que Uber sea identificada con un color","link":"https:\/\/www.eldigitaldeasturias.com\/noticias\/asociacion-de-taxistas-alemana-reclama-que-uber-sea-identificada-con-un-color\/"}],"_links":{"self":[{"href":"https:\/\/www.eldigitaldeasturias.com\/noticias\/wp-json\/wp\/v2\/posts\/1023322","targetHints":{"allow":["GET"]}}],"collection":[{"href":"https:\/\/www.eldigitaldeasturias.com\/noticias\/wp-json\/wp\/v2\/posts"}],"about":[{"href":"https:\/\/www.eldigitaldeasturias.com\/noticias\/wp-json\/wp\/v2\/types\/post"}],"author":[{"embeddable":true,"href":"https:\/\/www.eldigitaldeasturias.com\/noticias\/wp-json\/wp\/v2\/users\/1"}],"replies":[{"embeddable":true,"href":"https:\/\/www.eldigitaldeasturias.com\/noticias\/wp-json\/wp\/v2\/comments?post=1023322"}],"version-history":[{"count":0,"href":"https:\/\/www.eldigitaldeasturias.com\/noticias\/wp-json\/wp\/v2\/posts\/1023322\/revisions"}],"wp:featuredmedia":[{"embeddable":true,"href":"https:\/\/www.eldigitaldeasturias.com\/noticias\/wp-json\/wp\/v2\/media\/1012125"}],"wp:attachment":[{"href":"https:\/\/www.eldigitaldeasturias.com\/noticias\/wp-json\/wp\/v2\/media?parent=1023322"}],"wp:term":[{"taxonomy":"category","embeddable":true,"href":"https:\/\/www.eldigitaldeasturias.com\/noticias\/wp-json\/wp\/v2\/categories?post=1023322"},{"taxonomy":"post_tag","embeddable":true,"href":"https:\/\/www.eldigitaldeasturias.com\/noticias\/wp-json\/wp\/v2\/tags?post=1023322"}],"curies":[{"name":"wp","href":"https:\/\/api.w.org\/{rel}","templated":true}]}}